{"id":8872,"date":"2020-07-04T07:52:14","date_gmt":"2020-07-04T04:52:14","guid":{"rendered":"https:\/\/buletin.de\/bucuresti\/?p=8872"},"modified":"2020-07-04T07:52:15","modified_gmt":"2020-07-04T04:52:15","slug":"primarul-daniel-florea-contract-de-185-milioane-de-euro-pentru-amenajarea-spatiilor-verzi-desi-avea-deja-un-protocol-semnat-cu-administratia-lacuri-parcuri-si-agremenet-pentru-aceleasi-servicii","status":"publish","type":"post","link":"https:\/\/buletin.de\/bucuresti\/primarul-daniel-florea-contract-de-185-milioane-de-euro-pentru-amenajarea-spatiilor-verzi-desi-avea-deja-un-protocol-semnat-cu-administratia-lacuri-parcuri-si-agremenet-pentru-aceleasi-servicii\/","title":{"rendered":"Primarul Daniel Florea, contract de 185 milioane de EURO pentru amenajarea spa\u021biilor verzi, de\u0219i avea deja un protocol semnat cu Administra\u021bia Lacuri, Parcuri \u0219i Agremenet pentru acelea\u0219i servicii"},"content":{"rendered":"\n<p><strong>La mai pu\u021bin de un an dup\u0103 semnarea unui protocol cu Administra\u021bia Lacuri, Parcuri \u0219i Agrement, primarul Daniel Florea a \u00eencheiat un acord cadru de un miliard de lei pentru acelea\u0219i servicii: \u00eentre\u021binerea, amenajarea \u0219i modernizarea spa\u021biilor verzi din sectorul 5. Firma c\u00e2\u0219tig\u0103toare este turceasc\u0103, are sediul \u00een Moscova \u0219i este specializat\u0103 \u00een construc\u021bii. <\/strong><\/p>\n\n\n\n<p>\u00cen prima zi a\nlunii mai, c\u00e2nd Rom\u00e2nia se afla \u00eenc\u0103 \u00een stare de urgen\u021b\u0103, Prim\u0103ria Sectorului 5\na atribuit o licita\u021bie de aproape un miliard de lei, adic\u0103 aproximativ 185\nmilioane de EURO, unei firme turce\u0219ti cu sediul \u00een Moscova pentru \u00eentre\u021binerea,\namenajarea \u0219i modernizarea spa\u021biilor verzi din sector. Cu mai pu\u021bin de un an \u00een\nurm\u0103, \u00een iulie 2019, primarul Daniel Florea a \u00eencheiat un protocol pentru\nacelea\u0219i servicii cu Administra\u021bia Lacuri, Parcuri \u0219i Agrement Bucure\u0219ti\n(ALPAB). Toate activit\u0103\u021bile care s-au desf\u0103\u0219urat \u0219i se vor desf\u0103\u0219ura pe baza\nacestui protocol vor fi finan\u021bate din bugetul Consiliului Local Sector 5. Prin\nurmare, spa\u021biile verzi din sectorul 5 sunt \u00eengrijite \u0219i de ALPAB \u0219i de firma de\nconstruc\u021bii turceasc\u0103 care prime\u0219te milioane de EURO pentru acest lucru. <\/p>\n\n\n\n<figure class=\"wp-block-image size-large is-resized\"><img fetchpriority=\"high\" decoding=\"async\" src=\"data:image\/gif;base64,R0lGODlhAQABAAAAACH5BAEKAAEALAAAAAABAAEAAAICTAEAOw==\" data-src=\"https:\/\/buletin.de\/bucuresti\/wp-content\/uploads\/BeFunky-collage-1-4-900x424.png\" alt=\"\" class=\"wp-image-8873 lazyload\" width=\"900\" height=\"424\" data-sizes=\"auto\" data-srcset=\"https:\/\/buletin.de\/bucuresti\/wp-content\/uploads\/BeFunky-collage-1-4-900x424.png 900w, https:\/\/buletin.de\/bucuresti\/wp-content\/uploads\/BeFunky-collage-1-4-600x283.png 600w, https:\/\/buletin.de\/bucuresti\/wp-content\/uploads\/BeFunky-collage-1-4-300x141.png 300w, https:\/\/buletin.de\/bucuresti\/wp-content\/uploads\/BeFunky-collage-1-4-768x362.png 768w, https:\/\/buletin.de\/bucuresti\/wp-content\/uploads\/BeFunky-collage-1-4-1536x724.png 1536w, https:\/\/buletin.de\/bucuresti\/wp-content\/uploads\/BeFunky-collage-1-4-2048x966.png 2048w, https:\/\/buletin.de\/bucuresti\/wp-content\/uploads\/BeFunky-collage-1-4-1060x500.png 1060w, https:\/\/buletin.de\/bucuresti\/wp-content\/uploads\/BeFunky-collage-1-4-550x259.png 550w, https:\/\/buletin.de\/bucuresti\/wp-content\/uploads\/BeFunky-collage-1-4-1920x905.png 1920w\" sizes=\"(max-width: 900px) 100vw, 900px\" \/><\/figure>\n\n\n\n<p><a href=\"https:\/\/buletin.de\/bucuresti\/daniel-florea-contract-de-185-de-milioane-de-euro-pentru-amenajarea-spatiilor-verzi-dat-unei-firme-turcesti-cu-sediul-la-moscova\/\">Buletin\nde Bucure\u0219ti a ar\u0103tat luna trecut\u0103<\/a> c\u0103 beneficiara miliardului de lei este o\nasociere de firme turco-rom\u00e2n\u0103 care ascunde \u00een spate personalit\u0103\u021bi politice\ninfluente \u0219i oameni de afaceri . Ofertantul lider este o societatea turceasc\u0103\nfondat\u0103 \u00een Moscova, specializat\u0103 \u00een construc\u021bii, numit\u0103 Esta \u0130n\u015faat Sanayi\nLojistik Ve Di\u015f Ticaret Anonim \u015eirketi. Conform Turkish Contractors\nAssociation, Esta Construction are sucursale \u00een mai multe locuri din lume,\ndintre care dou\u0103 \u00een Rusia, \u00een Moscova, respectiv Krasnodar. Colaborarea firmei\ncu pre\u0219edintele Rusiei Vladimir Putin este vizibil\u0103 \u00eenc\u0103 de pe prima pagin\u0103 a\nsite-ului, acolo unde poza lui Putin apare de trei ori, cu ocazia inaugur\u0103rii\ncelui de-al doilea cel mai mare aeroport din Rusia, Yuri Gagarin Airport. <\/p>\n\n\n\n<p>Contractul a avut loc cu doar c\u00e2teva luni \u00eenainte de terminarea mandatului s\u0103u de primar, astfel c\u0103 urm\u0103torul primar al Sectorului 5 va fi obligat s\u0103 continue colaborarea \u00eencheiat\u0103 de Daniel Florea. Conform acordului-cadru, doar promitentul contractant, adic\u0103 firma, are posibilit\u0103\u021bi de a rezilia contractul.<\/p>\n\n\n\n<p>Pe de alt\u0103 parte, protocolul \u00eencheiat cu ALPAB \u00ee\u0219i va produce efecte pentru o durat\u0103 de 2 ani. Conform documentului, ALPAB \u201e<em>va propune, la solicitatea Prim\u0103riei Sectorului 5 ac\u021biunile, serviciile \u0219i proiectele de interes public local necesare \u00een vederea \u00eentre\u021binerii, amenaj\u0103rii \u0219i\/sau reamenaj\u0103rii spa\u021biilor verzi aflate de pe raza Sectorului 5, \u00een administrarea ALPAB, inclusiv indicatorii tehnico-economici, devizul general sau costul ferm aferent opera\u021biunilor propuse<\/em>.\u201d<\/p>\n\n\n\n<p style=\"   margin: 12px auto 6px auto;   font-family: Helvetica,Arial,Sans-serif;   font-style: normal;   font-variant: normal;   font-weight: normal;   font-size: 14px;   line-height: normal;   font-size-adjust: none;   font-stretch: normal;   -x-system-font: none;   display: block;\"><a title=\"View Protocol Sector 5 on Scribd\" href=\"https:\/\/www.scribd.com\/document\/467848330\/Protocol-Sector-5#from_embed\" style=\"text-decoration: underline;\">Protocol Sector 5<\/a> by <a title=\"View Bianca's profile on Scribd\" href=\"https:\/\/www.scribd.com\/user\/310806142\/Bianca#from_embed\" style=\"text-decoration: underline;\">Bianca<\/a> on Scribd<\/p><iframe class=\"scribd_iframe_embed\" title=\"Protocol Sector 5\" src=\"https:\/\/www.scribd.com\/embeds\/467848330\/content?start_page=1&amp;view_mode=scroll&amp;access_key=key-e9VLpN71WMzJQIQGYIHx\" data-auto-height=\"true\" data-aspect-ratio=\"0.7068965517241379\" scrolling=\"no\" width=\"100%\" height=\"600\" frameborder=\"0\"><\/iframe>\n\n\n\n<p>Am \u00eenaintat c\u0103tre\nPrim\u0103ria Sectorului 5 o cerere pentru a afla de ce a \u00eencheiat dou\u0103 colabor\u0103ri\npentru acelea\u0219i servicii. P\u00e2n\u0103 la momentul public\u0103rii articolului nu am primit\nniciun r\u0103spuns. <\/p>\n","protected":false},"excerpt":{"rendered":"<p>La mai pu\u021bin de un an dup\u0103 semnarea unui protocol cu Administra\u021bia Lacuri, Parcuri \u0219i Agrement, primarul Daniel Florea a \u00eencheiat un acord cadru de un miliard de lei pentru acelea\u0219i servicii: \u00eentre\u021binerea, amenajarea \u0219i modernizarea spa\u021biilor verzi din sectorul 5. Firma c\u00e2\u0219tig\u0103toare este turceasc\u0103, are sediul \u00een Moscova \u0219i este specializat\u0103 \u00een construc\u021bii. \u00cen [&hellip;]<\/p>\n","protected":false},"author":6,"featured_media":8875,"comment_status":"closed","ping_status":"open","sticky":false,"template":"","format":"standard","meta":{"_acf_changed":false,"inline_featured_image":false,"ngg_post_thumbnail":0,"footnotes":""},"categories":[24,62],"tags":[221,188,76,1280],"ppma_author":[22588],"class_list":["post-8872","post","type-post","status-publish","format-standard","has-post-thumbnail","hentry","category-primarie","category-stiri","tag-daniel-florea","tag-sector-5","tag-spatii-verzi","tag-spatii-verzi-sector-5"],"acf":[],"yoast_head":"<!-- This site is optimized with the Yoast SEO Premium plugin v25.3 (Yoast SEO v27.4) - https:\/\/yoast.com\/product\/yoast-seo-premium-wordpress\/ -->\n<title>Primarul Daniel Florea, contract de 185 milioane de EURO pentru amenajarea spa\u021biilor verzi, de\u0219i avea deja un protocol semnat cu Administra\u021bia Lacuri, Parcuri \u0219i Agremenet pentru acelea\u0219i servicii - Buletin de Bucure\u0219ti<\/title>\n<meta name=\"robots\" content=\"index, follow, max-snippet:-1, max-image-preview:large, max-video-preview:-1\" \/>\n<link rel=\"canonical\" href=\"https:\/\/buletin.de\/bucuresti\/primarul-daniel-florea-contract-de-185-milioane-de-euro-pentru-amenajarea-spatiilor-verzi-desi-avea-deja-un-protocol-semnat-cu-administratia-lacuri-parcuri-si-agremenet-pentru-aceleasi-servicii\/\" \/>\n<meta property=\"og:locale\" content=\"en_GB\" \/>\n<meta property=\"og:type\" content=\"article\" \/>\n<meta property=\"og:title\" content=\"Primarul Daniel Florea, contract de 185 milioane de EURO pentru amenajarea spa\u021biilor verzi, de\u0219i avea deja un protocol semnat cu Administra\u021bia Lacuri, Parcuri \u0219i Agremenet pentru acelea\u0219i servicii\" \/>\n<meta property=\"og:description\" content=\"La mai pu\u021bin de un an dup\u0103 semnarea unui protocol cu Administra\u021bia Lacuri, Parcuri \u0219i Agrement, primarul Daniel Florea a \u00eencheiat un acord cadru de un miliard de lei pentru acelea\u0219i servicii: \u00eentre\u021binerea, amenajarea \u0219i modernizarea spa\u021biilor verzi din sectorul 5. Firma c\u00e2\u0219tig\u0103toare este turceasc\u0103, are sediul \u00een Moscova \u0219i este specializat\u0103 \u00een construc\u021bii. \u00cen [&hellip;]\" \/>\n<meta property=\"og:url\" content=\"https:\/\/buletin.de\/bucuresti\/primarul-daniel-florea-contract-de-185-milioane-de-euro-pentru-amenajarea-spatiilor-verzi-desi-avea-deja-un-protocol-semnat-cu-administratia-lacuri-parcuri-si-agremenet-pentru-aceleasi-servicii\/\" \/>\n<meta property=\"og:site_name\" content=\"Buletin de Bucure\u0219ti\" \/>\n<meta property=\"article:publisher\" content=\"https:\/\/www.facebook.com\/buletin.de.buc\" \/>\n<meta property=\"article:published_time\" content=\"2020-07-04T04:52:14+00:00\" \/>\n<meta property=\"article:modified_time\" content=\"2020-07-04T04:52:15+00:00\" \/>\n<meta property=\"og:image\" content=\"https:\/\/buletin.de\/bucuresti\/wp-content\/uploads\/Screenshot_2-11.png\" \/>\n\t<meta property=\"og:image:width\" content=\"1348\" \/>\n\t<meta property=\"og:image:height\" content=\"790\" \/>\n\t<meta property=\"og:image:type\" content=\"image\/png\" \/>\n<meta name=\"author\" content=\"Bianca Albu\" \/>\n<meta name=\"twitter:card\" content=\"summary_large_image\" \/>\n<meta name=\"twitter:label1\" content=\"Written by\" \/>\n\t<meta name=\"twitter:data1\" content=\"Bianca Albu\" \/>\n\t<meta name=\"twitter:label2\" content=\"Estimated reading time\" \/>\n\t<meta name=\"twitter:data2\" content=\"2 minutes\" \/>\n<script type=\"application\/ld+json\" class=\"yoast-schema-graph\">{\"@context\":\"https:\\\/\\\/schema.org\",\"@graph\":[{\"@type\":\"Article\",\"@id\":\"https:\\\/\\\/buletin.de\\\/bucuresti\\\/primarul-daniel-florea-contract-de-185-milioane-de-euro-pentru-amenajarea-spatiilor-verzi-desi-avea-deja-un-protocol-semnat-cu-administratia-lacuri-parcuri-si-agremenet-pentru-aceleasi-servicii\\\/#article\",\"isPartOf\":{\"@id\":\"https:\\\/\\\/buletin.de\\\/bucuresti\\\/primarul-daniel-florea-contract-de-185-milioane-de-euro-pentru-amenajarea-spatiilor-verzi-desi-avea-deja-un-protocol-semnat-cu-administratia-lacuri-parcuri-si-agremenet-pentru-aceleasi-servicii\\\/\"},\"author\":{\"name\":\"Bianca Albu\",\"@id\":\"https:\\\/\\\/buletin.de\\\/bucuresti\\\/#\\\/schema\\\/person\\\/295dc2228d2dc79294d636619468dc7f\"},\"headline\":\"Primarul Daniel Florea, contract de 185 milioane de EURO pentru amenajarea spa\u021biilor verzi, de\u0219i avea deja un protocol semnat cu Administra\u021bia Lacuri, Parcuri \u0219i Agremenet pentru acelea\u0219i servicii\",\"datePublished\":\"2020-07-04T04:52:14+00:00\",\"dateModified\":\"2020-07-04T04:52:15+00:00\",\"mainEntityOfPage\":{\"@id\":\"https:\\\/\\\/buletin.de\\\/bucuresti\\\/primarul-daniel-florea-contract-de-185-milioane-de-euro-pentru-amenajarea-spatiilor-verzi-desi-avea-deja-un-protocol-semnat-cu-administratia-lacuri-parcuri-si-agremenet-pentru-aceleasi-servicii\\\/\"},\"wordCount\":514,\"publisher\":{\"@id\":\"https:\\\/\\\/buletin.de\\\/bucuresti\\\/#organization\"},\"image\":{\"@id\":\"https:\\\/\\\/buletin.de\\\/bucuresti\\\/primarul-daniel-florea-contract-de-185-milioane-de-euro-pentru-amenajarea-spatiilor-verzi-desi-avea-deja-un-protocol-semnat-cu-administratia-lacuri-parcuri-si-agremenet-pentru-aceleasi-servicii\\\/#primaryimage\"},\"thumbnailUrl\":\"https:\\\/\\\/buletin.de\\\/bucuresti\\\/wp-content\\\/uploads\\\/Screenshot_2-11.png\",\"keywords\":[\"daniel florea\",\"Sector 5\",\"spatii verzi\",\"spatii verzi sector 5\"],\"articleSection\":[\"Prim\u0103rie\",\"\u0218tiri\"],\"inLanguage\":\"en-GB\",\"copyrightYear\":\"2020\",\"copyrightHolder\":{\"@id\":\"https:\\\/\\\/buletin.de\\\/bucuresti\\\/#organization\"}},{\"@type\":\"WebPage\",\"@id\":\"https:\\\/\\\/buletin.de\\\/bucuresti\\\/primarul-daniel-florea-contract-de-185-milioane-de-euro-pentru-amenajarea-spatiilor-verzi-desi-avea-deja-un-protocol-semnat-cu-administratia-lacuri-parcuri-si-agremenet-pentru-aceleasi-servicii\\\/\",\"url\":\"https:\\\/\\\/buletin.de\\\/bucuresti\\\/primarul-daniel-florea-contract-de-185-milioane-de-euro-pentru-amenajarea-spatiilor-verzi-desi-avea-deja-un-protocol-semnat-cu-administratia-lacuri-parcuri-si-agremenet-pentru-aceleasi-servicii\\\/\",\"name\":\"Primarul Daniel Florea, contract de 185 milioane de EURO pentru amenajarea spa\u021biilor verzi, de\u0219i avea deja un protocol semnat cu Administra\u021bia Lacuri, Parcuri \u0219i Agremenet pentru acelea\u0219i servicii - Buletin de Bucure\u0219ti\",\"isPartOf\":{\"@id\":\"https:\\\/\\\/buletin.de\\\/bucuresti\\\/#website\"},\"primaryImageOfPage\":{\"@id\":\"https:\\\/\\\/buletin.de\\\/bucuresti\\\/primarul-daniel-florea-contract-de-185-milioane-de-euro-pentru-amenajarea-spatiilor-verzi-desi-avea-deja-un-protocol-semnat-cu-administratia-lacuri-parcuri-si-agremenet-pentru-aceleasi-servicii\\\/#primaryimage\"},\"image\":{\"@id\":\"https:\\\/\\\/buletin.de\\\/bucuresti\\\/primarul-daniel-florea-contract-de-185-milioane-de-euro-pentru-amenajarea-spatiilor-verzi-desi-avea-deja-un-protocol-semnat-cu-administratia-lacuri-parcuri-si-agremenet-pentru-aceleasi-servicii\\\/#primaryimage\"},\"thumbnailUrl\":\"https:\\\/\\\/buletin.de\\\/bucuresti\\\/wp-content\\\/uploads\\\/Screenshot_2-11.png\",\"datePublished\":\"2020-07-04T04:52:14+00:00\",\"dateModified\":\"2020-07-04T04:52:15+00:00\",\"breadcrumb\":{\"@id\":\"https:\\\/\\\/buletin.de\\\/bucuresti\\\/primarul-daniel-florea-contract-de-185-milioane-de-euro-pentru-amenajarea-spatiilor-verzi-desi-avea-deja-un-protocol-semnat-cu-administratia-lacuri-parcuri-si-agremenet-pentru-aceleasi-servicii\\\/#breadcrumb\"},\"inLanguage\":\"en-GB\",\"potentialAction\":[{\"@type\":\"ReadAction\",\"target\":[\"https:\\\/\\\/buletin.de\\\/bucuresti\\\/primarul-daniel-florea-contract-de-185-milioane-de-euro-pentru-amenajarea-spatiilor-verzi-desi-avea-deja-un-protocol-semnat-cu-administratia-lacuri-parcuri-si-agremenet-pentru-aceleasi-servicii\\\/\"]}]},{\"@type\":\"ImageObject\",\"inLanguage\":\"en-GB\",\"@id\":\"https:\\\/\\\/buletin.de\\\/bucuresti\\\/primarul-daniel-florea-contract-de-185-milioane-de-euro-pentru-amenajarea-spatiilor-verzi-desi-avea-deja-un-protocol-semnat-cu-administratia-lacuri-parcuri-si-agremenet-pentru-aceleasi-servicii\\\/#primaryimage\",\"url\":\"https:\\\/\\\/buletin.de\\\/bucuresti\\\/wp-content\\\/uploads\\\/Screenshot_2-11.png\",\"contentUrl\":\"https:\\\/\\\/buletin.de\\\/bucuresti\\\/wp-content\\\/uploads\\\/Screenshot_2-11.png\",\"width\":1348,\"height\":790},{\"@type\":\"BreadcrumbList\",\"@id\":\"https:\\\/\\\/buletin.de\\\/bucuresti\\\/primarul-daniel-florea-contract-de-185-milioane-de-euro-pentru-amenajarea-spatiilor-verzi-desi-avea-deja-un-protocol-semnat-cu-administratia-lacuri-parcuri-si-agremenet-pentru-aceleasi-servicii\\\/#breadcrumb\",\"itemListElement\":[{\"@type\":\"ListItem\",\"position\":1,\"name\":\"Acas\u0103\",\"item\":\"https:\\\/\\\/buletin.de\\\/bucuresti\\\/\"},{\"@type\":\"ListItem\",\"position\":2,\"name\":\"Primarul Daniel Florea, contract de 185 milioane de EURO pentru amenajarea spa\u021biilor verzi, de\u0219i avea deja un protocol semnat cu Administra\u021bia Lacuri, Parcuri \u0219i Agremenet pentru acelea\u0219i servicii\"}]},{\"@type\":\"WebSite\",\"@id\":\"https:\\\/\\\/buletin.de\\\/bucuresti\\\/#website\",\"url\":\"https:\\\/\\\/buletin.de\\\/bucuresti\\\/\",\"name\":\"Buletin de Bucure\u0219ti\",\"description\":\"\u0218tiri \u0219i investiga\u021bii esen\u021biale din capital\u0103\",\"publisher\":{\"@id\":\"https:\\\/\\\/buletin.de\\\/bucuresti\\\/#organization\"},\"potentialAction\":[{\"@type\":\"SearchAction\",\"target\":{\"@type\":\"EntryPoint\",\"urlTemplate\":\"https:\\\/\\\/buletin.de\\\/bucuresti\\\/?s={search_term_string}\"},\"query-input\":{\"@type\":\"PropertyValueSpecification\",\"valueRequired\":true,\"valueName\":\"search_term_string\"}}],\"inLanguage\":\"en-GB\"},{\"@type\":\"Organization\",\"@id\":\"https:\\\/\\\/buletin.de\\\/bucuresti\\\/#organization\",\"name\":\"Buletin de Bucure\u0219ti\",\"url\":\"https:\\\/\\\/buletin.de\\\/bucuresti\\\/\",\"logo\":{\"@type\":\"ImageObject\",\"inLanguage\":\"en-GB\",\"@id\":\"https:\\\/\\\/buletin.de\\\/bucuresti\\\/#\\\/schema\\\/logo\\\/image\\\/\",\"url\":\"https:\\\/\\\/buletin.de\\\/bucuresti\\\/wp-content\\\/uploads\\\/logo-bdb-full-wide-vernil-transparent.png\",\"contentUrl\":\"https:\\\/\\\/buletin.de\\\/bucuresti\\\/wp-content\\\/uploads\\\/logo-bdb-full-wide-vernil-transparent.png\",\"width\":1782,\"height\":626,\"caption\":\"Buletin de Bucure\u0219ti\"},\"image\":{\"@id\":\"https:\\\/\\\/buletin.de\\\/bucuresti\\\/#\\\/schema\\\/logo\\\/image\\\/\"},\"sameAs\":[\"https:\\\/\\\/www.facebook.com\\\/buletin.de.buc\",\"https:\\\/\\\/www.instagram.com\\\/buletinde.bucuresti\\\/\"]},{\"@type\":\"Person\",\"@id\":\"https:\\\/\\\/buletin.de\\\/bucuresti\\\/#\\\/schema\\\/person\\\/295dc2228d2dc79294d636619468dc7f\",\"name\":\"Bianca Albu\",\"image\":{\"@type\":\"ImageObject\",\"inLanguage\":\"en-GB\",\"@id\":\"https:\\\/\\\/secure.gravatar.com\\\/avatar\\\/3df2e34e20f529e6fd7be4311ee1f7c4ec4aa886971590baf6fa214b15743516?s=96&d=monsterid&r=gf541c715eeec409ce8101252a3c0d8a7\",\"url\":\"https:\\\/\\\/secure.gravatar.com\\\/avatar\\\/3df2e34e20f529e6fd7be4311ee1f7c4ec4aa886971590baf6fa214b15743516?s=96&d=monsterid&r=g\",\"contentUrl\":\"https:\\\/\\\/secure.gravatar.com\\\/avatar\\\/3df2e34e20f529e6fd7be4311ee1f7c4ec4aa886971590baf6fa214b15743516?s=96&d=monsterid&r=g\",\"caption\":\"Bianca Albu\"},\"description\":\"Reporter\",\"url\":\"https:\\\/\\\/buletin.de\\\/bucuresti\\\/author\\\/biancaalbu\\\/\"}]}<\/script>\n<!-- \/ Yoast SEO Premium plugin. -->","yoast_head_json":{"title":"Primarul Daniel Florea, contract de 185 milioane de EURO pentru amenajarea spa\u021biilor verzi, de\u0219i avea deja un protocol semnat cu Administra\u021bia Lacuri, Parcuri \u0219i Agremenet pentru acelea\u0219i servicii - Buletin de Bucure\u0219ti","robots":{"index":"index","follow":"follow","max-snippet":"max-snippet:-1","max-image-preview":"max-image-preview:large","max-video-preview":"max-video-preview:-1"},"canonical":"https:\/\/buletin.de\/bucuresti\/primarul-daniel-florea-contract-de-185-milioane-de-euro-pentru-amenajarea-spatiilor-verzi-desi-avea-deja-un-protocol-semnat-cu-administratia-lacuri-parcuri-si-agremenet-pentru-aceleasi-servicii\/","og_locale":"en_GB","og_type":"article","og_title":"Primarul Daniel Florea, contract de 185 milioane de EURO pentru amenajarea spa\u021biilor verzi, de\u0219i avea deja un protocol semnat cu Administra\u021bia Lacuri, Parcuri \u0219i Agremenet pentru acelea\u0219i servicii","og_description":"La mai pu\u021bin de un an dup\u0103 semnarea unui protocol cu Administra\u021bia Lacuri, Parcuri \u0219i Agrement, primarul Daniel Florea a \u00eencheiat un acord cadru de un miliard de lei pentru acelea\u0219i servicii: \u00eentre\u021binerea, amenajarea \u0219i modernizarea spa\u021biilor verzi din sectorul 5. Firma c\u00e2\u0219tig\u0103toare este turceasc\u0103, are sediul \u00een Moscova \u0219i este specializat\u0103 \u00een construc\u021bii. \u00cen [&hellip;]","og_url":"https:\/\/buletin.de\/bucuresti\/primarul-daniel-florea-contract-de-185-milioane-de-euro-pentru-amenajarea-spatiilor-verzi-desi-avea-deja-un-protocol-semnat-cu-administratia-lacuri-parcuri-si-agremenet-pentru-aceleasi-servicii\/","og_site_name":"Buletin de Bucure\u0219ti","article_publisher":"https:\/\/www.facebook.com\/buletin.de.buc","article_published_time":"2020-07-04T04:52:14+00:00","article_modified_time":"2020-07-04T04:52:15+00:00","og_image":[{"width":1348,"height":790,"url":"https:\/\/buletin.de\/bucuresti\/wp-content\/uploads\/Screenshot_2-11.png","type":"image\/png"}],"author":"Bianca Albu","twitter_card":"summary_large_image","twitter_misc":{"Written by":"Bianca Albu","Estimated reading time":"2 minutes"},"schema":{"@context":"https:\/\/schema.org","@graph":[{"@type":"Article","@id":"https:\/\/buletin.de\/bucuresti\/primarul-daniel-florea-contract-de-185-milioane-de-euro-pentru-amenajarea-spatiilor-verzi-desi-avea-deja-un-protocol-semnat-cu-administratia-lacuri-parcuri-si-agremenet-pentru-aceleasi-servicii\/#article","isPartOf":{"@id":"https:\/\/buletin.de\/bucuresti\/primarul-daniel-florea-contract-de-185-milioane-de-euro-pentru-amenajarea-spatiilor-verzi-desi-avea-deja-un-protocol-semnat-cu-administratia-lacuri-parcuri-si-agremenet-pentru-aceleasi-servicii\/"},"author":{"name":"Bianca Albu","@id":"https:\/\/buletin.de\/bucuresti\/#\/schema\/person\/295dc2228d2dc79294d636619468dc7f"},"headline":"Primarul Daniel Florea, contract de 185 milioane de EURO pentru amenajarea spa\u021biilor verzi, de\u0219i avea deja un protocol semnat cu Administra\u021bia Lacuri, Parcuri \u0219i Agremenet pentru acelea\u0219i servicii","datePublished":"2020-07-04T04:52:14+00:00","dateModified":"2020-07-04T04:52:15+00:00","mainEntityOfPage":{"@id":"https:\/\/buletin.de\/bucuresti\/primarul-daniel-florea-contract-de-185-milioane-de-euro-pentru-amenajarea-spatiilor-verzi-desi-avea-deja-un-protocol-semnat-cu-administratia-lacuri-parcuri-si-agremenet-pentru-aceleasi-servicii\/"},"wordCount":514,"publisher":{"@id":"https:\/\/buletin.de\/bucuresti\/#organization"},"image":{"@id":"https:\/\/buletin.de\/bucuresti\/primarul-daniel-florea-contract-de-185-milioane-de-euro-pentru-amenajarea-spatiilor-verzi-desi-avea-deja-un-protocol-semnat-cu-administratia-lacuri-parcuri-si-agremenet-pentru-aceleasi-servicii\/#primaryimage"},"thumbnailUrl":"https:\/\/buletin.de\/bucuresti\/wp-content\/uploads\/Screenshot_2-11.png","keywords":["daniel florea","Sector 5","spatii verzi","spatii verzi sector 5"],"articleSection":["Prim\u0103rie","\u0218tiri"],"inLanguage":"en-GB","copyrightYear":"2020","copyrightHolder":{"@id":"https:\/\/buletin.de\/bucuresti\/#organization"}},{"@type":"WebPage","@id":"https:\/\/buletin.de\/bucuresti\/primarul-daniel-florea-contract-de-185-milioane-de-euro-pentru-amenajarea-spatiilor-verzi-desi-avea-deja-un-protocol-semnat-cu-administratia-lacuri-parcuri-si-agremenet-pentru-aceleasi-servicii\/","url":"https:\/\/buletin.de\/bucuresti\/primarul-daniel-florea-contract-de-185-milioane-de-euro-pentru-amenajarea-spatiilor-verzi-desi-avea-deja-un-protocol-semnat-cu-administratia-lacuri-parcuri-si-agremenet-pentru-aceleasi-servicii\/","name":"Primarul Daniel Florea, contract de 185 milioane de EURO pentru amenajarea spa\u021biilor verzi, de\u0219i avea deja un protocol semnat cu Administra\u021bia Lacuri, Parcuri \u0219i Agremenet pentru acelea\u0219i servicii - Buletin de Bucure\u0219ti","isPartOf":{"@id":"https:\/\/buletin.de\/bucuresti\/#website"},"primaryImageOfPage":{"@id":"https:\/\/buletin.de\/bucuresti\/primarul-daniel-florea-contract-de-185-milioane-de-euro-pentru-amenajarea-spatiilor-verzi-desi-avea-deja-un-protocol-semnat-cu-administratia-lacuri-parcuri-si-agremenet-pentru-aceleasi-servicii\/#primaryimage"},"image":{"@id":"https:\/\/buletin.de\/bucuresti\/primarul-daniel-florea-contract-de-185-milioane-de-euro-pentru-amenajarea-spatiilor-verzi-desi-avea-deja-un-protocol-semnat-cu-administratia-lacuri-parcuri-si-agremenet-pentru-aceleasi-servicii\/#primaryimage"},"thumbnailUrl":"https:\/\/buletin.de\/bucuresti\/wp-content\/uploads\/Screenshot_2-11.png","datePublished":"2020-07-04T04:52:14+00:00","dateModified":"2020-07-04T04:52:15+00:00","breadcrumb":{"@id":"https:\/\/buletin.de\/bucuresti\/primarul-daniel-florea-contract-de-185-milioane-de-euro-pentru-amenajarea-spatiilor-verzi-desi-avea-deja-un-protocol-semnat-cu-administratia-lacuri-parcuri-si-agremenet-pentru-aceleasi-servicii\/#breadcrumb"},"inLanguage":"en-GB","potentialAction":[{"@type":"ReadAction","target":["https:\/\/buletin.de\/bucuresti\/primarul-daniel-florea-contract-de-185-milioane-de-euro-pentru-amenajarea-spatiilor-verzi-desi-avea-deja-un-protocol-semnat-cu-administratia-lacuri-parcuri-si-agremenet-pentru-aceleasi-servicii\/"]}]},{"@type":"ImageObject","inLanguage":"en-GB","@id":"https:\/\/buletin.de\/bucuresti\/primarul-daniel-florea-contract-de-185-milioane-de-euro-pentru-amenajarea-spatiilor-verzi-desi-avea-deja-un-protocol-semnat-cu-administratia-lacuri-parcuri-si-agremenet-pentru-aceleasi-servicii\/#primaryimage","url":"https:\/\/buletin.de\/bucuresti\/wp-content\/uploads\/Screenshot_2-11.png","contentUrl":"https:\/\/buletin.de\/bucuresti\/wp-content\/uploads\/Screenshot_2-11.png","width":1348,"height":790},{"@type":"BreadcrumbList","@id":"https:\/\/buletin.de\/bucuresti\/primarul-daniel-florea-contract-de-185-milioane-de-euro-pentru-amenajarea-spatiilor-verzi-desi-avea-deja-un-protocol-semnat-cu-administratia-lacuri-parcuri-si-agremenet-pentru-aceleasi-servicii\/#breadcrumb","itemListElement":[{"@type":"ListItem","position":1,"name":"Acas\u0103","item":"https:\/\/buletin.de\/bucuresti\/"},{"@type":"ListItem","position":2,"name":"Primarul Daniel Florea, contract de 185 milioane de EURO pentru amenajarea spa\u021biilor verzi, de\u0219i avea deja un protocol semnat cu Administra\u021bia Lacuri, Parcuri \u0219i Agremenet pentru acelea\u0219i servicii"}]},{"@type":"WebSite","@id":"https:\/\/buletin.de\/bucuresti\/#website","url":"https:\/\/buletin.de\/bucuresti\/","name":"Buletin de Bucure\u0219ti","description":"\u0218tiri \u0219i investiga\u021bii esen\u021biale din capital\u0103","publisher":{"@id":"https:\/\/buletin.de\/bucuresti\/#organization"},"potentialAction":[{"@type":"SearchAction","target":{"@type":"EntryPoint","urlTemplate":"https:\/\/buletin.de\/bucuresti\/?s={search_term_string}"},"query-input":{"@type":"PropertyValueSpecification","valueRequired":true,"valueName":"search_term_string"}}],"inLanguage":"en-GB"},{"@type":"Organization","@id":"https:\/\/buletin.de\/bucuresti\/#organization","name":"Buletin de Bucure\u0219ti","url":"https:\/\/buletin.de\/bucuresti\/","logo":{"@type":"ImageObject","inLanguage":"en-GB","@id":"https:\/\/buletin.de\/bucuresti\/#\/schema\/logo\/image\/","url":"https:\/\/buletin.de\/bucuresti\/wp-content\/uploads\/logo-bdb-full-wide-vernil-transparent.png","contentUrl":"https:\/\/buletin.de\/bucuresti\/wp-content\/uploads\/logo-bdb-full-wide-vernil-transparent.png","width":1782,"height":626,"caption":"Buletin de Bucure\u0219ti"},"image":{"@id":"https:\/\/buletin.de\/bucuresti\/#\/schema\/logo\/image\/"},"sameAs":["https:\/\/www.facebook.com\/buletin.de.buc","https:\/\/www.instagram.com\/buletinde.bucuresti\/"]},{"@type":"Person","@id":"https:\/\/buletin.de\/bucuresti\/#\/schema\/person\/295dc2228d2dc79294d636619468dc7f","name":"Bianca Albu","image":{"@type":"ImageObject","inLanguage":"en-GB","@id":"https:\/\/secure.gravatar.com\/avatar\/3df2e34e20f529e6fd7be4311ee1f7c4ec4aa886971590baf6fa214b15743516?s=96&d=monsterid&r=gf541c715eeec409ce8101252a3c0d8a7","url":"https:\/\/secure.gravatar.com\/avatar\/3df2e34e20f529e6fd7be4311ee1f7c4ec4aa886971590baf6fa214b15743516?s=96&d=monsterid&r=g","contentUrl":"https:\/\/secure.gravatar.com\/avatar\/3df2e34e20f529e6fd7be4311ee1f7c4ec4aa886971590baf6fa214b15743516?s=96&d=monsterid&r=g","caption":"Bianca Albu"},"description":"Reporter","url":"https:\/\/buletin.de\/bucuresti\/author\/biancaalbu\/"}]}},"authors":[{"term_id":22588,"user_id":6,"is_guest":0,"slug":"biancaalbu","display_name":"Bianca Albu","avatar_url":"https:\/\/secure.gravatar.com\/avatar\/3df2e34e20f529e6fd7be4311ee1f7c4ec4aa886971590baf6fa214b15743516?s=96&d=monsterid&r=g","0":null,"1":"","2":"","3":"","4":"","5":"","6":"","7":"","8":""}],"_links":{"self":[{"href":"https:\/\/buletin.de\/bucuresti\/wp-json\/wp\/v2\/posts\/8872","targetHints":{"allow":["GET"]}}],"collection":[{"href":"https:\/\/buletin.de\/bucuresti\/wp-json\/wp\/v2\/posts"}],"about":[{"href":"https:\/\/buletin.de\/bucuresti\/wp-json\/wp\/v2\/types\/post"}],"author":[{"embeddable":true,"href":"https:\/\/buletin.de\/bucuresti\/wp-json\/wp\/v2\/users\/6"}],"replies":[{"embeddable":true,"href":"https:\/\/buletin.de\/bucuresti\/wp-json\/wp\/v2\/comments?post=8872"}],"version-history":[{"count":3,"href":"https:\/\/buletin.de\/bucuresti\/wp-json\/wp\/v2\/posts\/8872\/revisions"}],"predecessor-version":[{"id":8895,"href":"https:\/\/buletin.de\/bucuresti\/wp-json\/wp\/v2\/posts\/8872\/revisions\/8895"}],"wp:featuredmedia":[{"embeddable":true,"href":"https:\/\/buletin.de\/bucuresti\/wp-json\/wp\/v2\/media\/8875"}],"wp:attachment":[{"href":"https:\/\/buletin.de\/bucuresti\/wp-json\/wp\/v2\/media?parent=8872"}],"wp:term":[{"taxonomy":"category","embeddable":true,"href":"https:\/\/buletin.de\/bucuresti\/wp-json\/wp\/v2\/categories?post=8872"},{"taxonomy":"post_tag","embeddable":true,"href":"https:\/\/buletin.de\/bucuresti\/wp-json\/wp\/v2\/tags?post=8872"},{"taxonomy":"author","embeddable":true,"href":"https:\/\/buletin.de\/bucuresti\/wp-json\/wp\/v2\/ppma_author?post=8872"}],"curies":[{"name":"wp","href":"https:\/\/api.w.org\/{rel}","templated":true}]}}