{"id":88641,"date":"2024-06-18T11:46:35","date_gmt":"2024-06-18T08:46:35","guid":{"rendered":"https:\/\/buletin.de\/bucuresti\/?p=88641"},"modified":"2024-06-18T14:06:20","modified_gmt":"2024-06-18T11:06:20","slug":"meteo-caldura-mare-in-capitala-in-urmatoarele-zile-cod-portocaliu-de-canicula","status":"publish","type":"post","link":"https:\/\/buletin.de\/bucuresti\/meteo-caldura-mare-in-capitala-in-urmatoarele-zile-cod-portocaliu-de-canicula\/","title":{"rendered":"METEO | C\u0103ldur\u0103 mare, \u00een Capital\u0103, \u00een urm\u0103toarele zile. Cod portocaliu de canicul\u0103"},"content":{"rendered":"\n<p><strong>Canicula va persista \u00een Bucure\u0219ti, \u00een urm\u0103toarele zile, anun\u021b\u0103 meteorologii. Maximele termice vor ajunge la 37 de grade.<\/strong><\/p>\n\n\n\n<p>ANM a emis \u0219i un cod portocaliu de canicul\u0103, pentru Capital\u0103, valabil\u00a0<strong>\u00een intervalul <strong>19 iunie, ora 10:00 &#8211; 20 iunie, <\/strong>ora 10:00. Vremea se va men\u0163ine c\u0103lduroas\u0103,<\/strong>\u00a0canicular\u0103 dup\u0103-amiaza, cu disconfort termic ridicat \u00een orele amiezii c\u00e2nd indicele temperatur\u0103 umezeal\u0103 (ITU) va atinge pragul critic de 80 de unit\u0103\u0163i. Temperatura maxim\u0103 va fi de 33 \u2013 37 de grade, iar cea minim\u0103 de 17 \u2013 20 de grade.<\/p>\n\n\n\n<figure class=\"wp-block-image size-full\"><img fetchpriority=\"high\" decoding=\"async\" width=\"651\" height=\"340\" src=\"data:image\/gif;base64,R0lGODlhAQABAAAAACH5BAEKAAEALAAAAAABAAEAAAICTAEAOw==\" data-src=\"https:\/\/buletin.de\/bucuresti\/wp-content\/uploads\/harta-cod-portocaliu-canicula-anm.jpg\" alt=\"\" class=\"wp-image-88643 lazyload\" data-sizes=\"auto\" data-srcset=\"https:\/\/buletin.de\/bucuresti\/wp-content\/uploads\/harta-cod-portocaliu-canicula-anm.jpg 651w, https:\/\/buletin.de\/bucuresti\/wp-content\/uploads\/harta-cod-portocaliu-canicula-anm-300x157.jpg 300w, https:\/\/buletin.de\/bucuresti\/wp-content\/uploads\/harta-cod-portocaliu-canicula-anm-600x313.jpg 600w, https:\/\/buletin.de\/bucuresti\/wp-content\/uploads\/harta-cod-portocaliu-canicula-anm-20x10.jpg 20w\" sizes=\"(max-width: 651px) 100vw, 651px\" \/><\/figure>\n\n\n\n<p>Cerul va fi mai mult senin, cu unele \u00eennor\u0103ri spre sear\u0103, c\u00e2nd vor fi condi\u0163ii pentru averse \u015fi desc\u0103rc\u0103ri electrice. V\u00e2ntul va sufla slab \u015fi moderat.<\/p>\n\n\n\n<p><strong>Joi, 20 iunie,&nbsp;<\/strong>maxima termic\u0103 r\u0103m\u00e2ne ridicat\u0103 \u0219i ajunge la 35 de grade. Noaptea este tropical\u0103, cu 20 de grade \u00een termometre. V\u00e2ntul va sufla cu 13 km\/h.<\/p>\n\n\n\n<p>Weekendul aduce vreme cald\u0103, \u00een continuare, \u00een Capital\u0103. Este, din nou, canicul\u0103, cu 36 de grade, maxima termic\u0103.<\/p>\n\n\n\n<p><\/p>\n\n\n\n<p><\/p>\n","protected":false},"excerpt":{"rendered":"<p>Canicula va persista \u00een Bucure\u0219ti, \u00een urm\u0103toarele zile, anun\u021b\u0103 meteorologii. Maximele termice vor ajunge la 37 de grade. ANM a emis \u0219i un cod portocaliu de canicul\u0103, pentru Capital\u0103, valabil\u00a0\u00een intervalul 19 iunie, ora 10:00 &#8211; 20 iunie, ora 10:00. Vremea se va men\u0163ine c\u0103lduroas\u0103,\u00a0canicular\u0103 dup\u0103-amiaza, cu disconfort termic ridicat \u00een orele amiezii c\u00e2nd indicele [&hellip;]<\/p>\n","protected":false},"author":49,"featured_media":61627,"comment_status":"closed","ping_status":"open","sticky":false,"template":"","format":"standard","meta":{"_acf_changed":false,"inline_featured_image":false,"ngg_post_thumbnail":0,"footnotes":""},"categories":[6994,5762],"tags":[4314,5928,12843,5228,10452],"ppma_author":[22574],"class_list":["post-88641","post","type-post","status-publish","format-standard","has-post-thumbnail","hentry","category-stiri-2","category-main","tag-anm","tag-anm-prognoza-meteo","tag-cod-portocaliu-de-canicula","tag-meteo","tag-temperaturi-bucuresti"],"acf":[],"yoast_head":"<!-- This site is optimized with the Yoast SEO Premium plugin v25.3 (Yoast SEO v27.5) - https:\/\/yoast.com\/product\/yoast-seo-premium-wordpress\/ -->\n<title>METEO | C\u0103ldur\u0103 mare, \u00een Capital\u0103, \u00een urm\u0103toarele zile. Cod portocaliu de canicul\u0103 - Buletin de Bucure\u0219ti<\/title>\n<meta name=\"robots\" content=\"index, follow, max-snippet:-1, max-image-preview:large, max-video-preview:-1\" \/>\n<link rel=\"canonical\" href=\"https:\/\/buletin.de\/bucuresti\/meteo-caldura-mare-in-capitala-in-urmatoarele-zile-cod-portocaliu-de-canicula\/\" \/>\n<meta property=\"og:locale\" content=\"en_GB\" \/>\n<meta property=\"og:type\" content=\"article\" \/>\n<meta property=\"og:title\" content=\"METEO | C\u0103ldur\u0103 mare, \u00een Capital\u0103, \u00een urm\u0103toarele zile. Cod portocaliu de canicul\u0103\" \/>\n<meta property=\"og:description\" content=\"Canicula va persista \u00een Bucure\u0219ti, \u00een urm\u0103toarele zile, anun\u021b\u0103 meteorologii. Maximele termice vor ajunge la 37 de grade. ANM a emis \u0219i un cod portocaliu de canicul\u0103, pentru Capital\u0103, valabil\u00a0\u00een intervalul 19 iunie, ora 10:00 &#8211; 20 iunie, ora 10:00. Vremea se va men\u0163ine c\u0103lduroas\u0103,\u00a0canicular\u0103 dup\u0103-amiaza, cu disconfort termic ridicat \u00een orele amiezii c\u00e2nd indicele [&hellip;]\" \/>\n<meta property=\"og:url\" content=\"https:\/\/buletin.de\/bucuresti\/meteo-caldura-mare-in-capitala-in-urmatoarele-zile-cod-portocaliu-de-canicula\/\" \/>\n<meta property=\"og:site_name\" content=\"Buletin de Bucure\u0219ti\" \/>\n<meta property=\"article:publisher\" content=\"https:\/\/www.facebook.com\/buletin.de.buc\" \/>\n<meta property=\"article:published_time\" content=\"2024-06-18T08:46:35+00:00\" \/>\n<meta property=\"article:modified_time\" content=\"2024-06-18T11:06:20+00:00\" \/>\n<meta property=\"og:image\" content=\"https:\/\/buletin.de\/bucuresti\/wp-content\/uploads\/ID227643_INQUAM_Photos_Octav_Ganea.jpg\" \/>\n\t<meta property=\"og:image:width\" content=\"2000\" \/>\n\t<meta property=\"og:image:height\" content=\"1334\" \/>\n\t<meta property=\"og:image:type\" content=\"image\/jpeg\" \/>\n<meta name=\"author\" content=\"Diana Matei\" \/>\n<meta name=\"twitter:card\" content=\"summary_large_image\" \/>\n<meta name=\"twitter:label1\" content=\"Written by\" \/>\n\t<meta name=\"twitter:data1\" content=\"Diana Matei\" \/>\n\t<meta name=\"twitter:label2\" content=\"Estimated reading time\" \/>\n\t<meta name=\"twitter:data2\" content=\"2 minutes\" \/>\n<script type=\"application\/ld+json\" class=\"yoast-schema-graph\">{\"@context\":\"https:\\\/\\\/schema.org\",\"@graph\":[{\"@type\":\"Article\",\"@id\":\"https:\\\/\\\/buletin.de\\\/bucuresti\\\/meteo-caldura-mare-in-capitala-in-urmatoarele-zile-cod-portocaliu-de-canicula\\\/#article\",\"isPartOf\":{\"@id\":\"https:\\\/\\\/buletin.de\\\/bucuresti\\\/meteo-caldura-mare-in-capitala-in-urmatoarele-zile-cod-portocaliu-de-canicula\\\/\"},\"author\":{\"name\":\"Diana Matei\",\"@id\":\"https:\\\/\\\/buletin.de\\\/bucuresti\\\/#\\\/schema\\\/person\\\/7e46040573290777280a0835d81ea4ea\"},\"headline\":\"METEO | C\u0103ldur\u0103 mare, \u00een Capital\u0103, \u00een urm\u0103toarele zile. Cod portocaliu de canicul\u0103\",\"datePublished\":\"2024-06-18T08:46:35+00:00\",\"dateModified\":\"2024-06-18T11:06:20+00:00\",\"mainEntityOfPage\":{\"@id\":\"https:\\\/\\\/buletin.de\\\/bucuresti\\\/meteo-caldura-mare-in-capitala-in-urmatoarele-zile-cod-portocaliu-de-canicula\\\/\"},\"wordCount\":174,\"publisher\":{\"@id\":\"https:\\\/\\\/buletin.de\\\/bucuresti\\\/#organization\"},\"image\":{\"@id\":\"https:\\\/\\\/buletin.de\\\/bucuresti\\\/meteo-caldura-mare-in-capitala-in-urmatoarele-zile-cod-portocaliu-de-canicula\\\/#primaryimage\"},\"thumbnailUrl\":\"https:\\\/\\\/buletin.de\\\/bucuresti\\\/wp-content\\\/uploads\\\/ID227643_INQUAM_Photos_Octav_Ganea.jpg\",\"keywords\":[\"anm\",\"anm prognoza meteo\",\"cod portocaliu de canicula\",\"Meteo\",\"temperaturi Bucuresti\"],\"articleSection\":[\"Articole\",\"Main\"],\"inLanguage\":\"en-GB\",\"copyrightYear\":\"2024\",\"copyrightHolder\":{\"@id\":\"https:\\\/\\\/buletin.de\\\/bucuresti\\\/#organization\"}},{\"@type\":\"WebPage\",\"@id\":\"https:\\\/\\\/buletin.de\\\/bucuresti\\\/meteo-caldura-mare-in-capitala-in-urmatoarele-zile-cod-portocaliu-de-canicula\\\/\",\"url\":\"https:\\\/\\\/buletin.de\\\/bucuresti\\\/meteo-caldura-mare-in-capitala-in-urmatoarele-zile-cod-portocaliu-de-canicula\\\/\",\"name\":\"METEO | C\u0103ldur\u0103 mare, \u00een Capital\u0103, \u00een urm\u0103toarele zile. Cod portocaliu de canicul\u0103 - Buletin de Bucure\u0219ti\",\"isPartOf\":{\"@id\":\"https:\\\/\\\/buletin.de\\\/bucuresti\\\/#website\"},\"primaryImageOfPage\":{\"@id\":\"https:\\\/\\\/buletin.de\\\/bucuresti\\\/meteo-caldura-mare-in-capitala-in-urmatoarele-zile-cod-portocaliu-de-canicula\\\/#primaryimage\"},\"image\":{\"@id\":\"https:\\\/\\\/buletin.de\\\/bucuresti\\\/meteo-caldura-mare-in-capitala-in-urmatoarele-zile-cod-portocaliu-de-canicula\\\/#primaryimage\"},\"thumbnailUrl\":\"https:\\\/\\\/buletin.de\\\/bucuresti\\\/wp-content\\\/uploads\\\/ID227643_INQUAM_Photos_Octav_Ganea.jpg\",\"datePublished\":\"2024-06-18T08:46:35+00:00\",\"dateModified\":\"2024-06-18T11:06:20+00:00\",\"breadcrumb\":{\"@id\":\"https:\\\/\\\/buletin.de\\\/bucuresti\\\/meteo-caldura-mare-in-capitala-in-urmatoarele-zile-cod-portocaliu-de-canicula\\\/#breadcrumb\"},\"inLanguage\":\"en-GB\",\"potentialAction\":[{\"@type\":\"ReadAction\",\"target\":[\"https:\\\/\\\/buletin.de\\\/bucuresti\\\/meteo-caldura-mare-in-capitala-in-urmatoarele-zile-cod-portocaliu-de-canicula\\\/\"]}]},{\"@type\":\"ImageObject\",\"inLanguage\":\"en-GB\",\"@id\":\"https:\\\/\\\/buletin.de\\\/bucuresti\\\/meteo-caldura-mare-in-capitala-in-urmatoarele-zile-cod-portocaliu-de-canicula\\\/#primaryimage\",\"url\":\"https:\\\/\\\/buletin.de\\\/bucuresti\\\/wp-content\\\/uploads\\\/ID227643_INQUAM_Photos_Octav_Ganea.jpg\",\"contentUrl\":\"https:\\\/\\\/buletin.de\\\/bucuresti\\\/wp-content\\\/uploads\\\/ID227643_INQUAM_Photos_Octav_Ganea.jpg\",\"width\":2000,\"height\":1334,\"caption\":\"METEO | \u00cenc\u0103 un cod galben de canicul\u0103, pentru Capital\u0103. Temperaturile maxime urc\u0103, din nou, p\u00e2n\u0103 la 36 de grade. FOTO: Arhiva\"},{\"@type\":\"BreadcrumbList\",\"@id\":\"https:\\\/\\\/buletin.de\\\/bucuresti\\\/meteo-caldura-mare-in-capitala-in-urmatoarele-zile-cod-portocaliu-de-canicula\\\/#breadcrumb\",\"itemListElement\":[{\"@type\":\"ListItem\",\"position\":1,\"name\":\"Acas\u0103\",\"item\":\"https:\\\/\\\/buletin.de\\\/bucuresti\\\/\"},{\"@type\":\"ListItem\",\"position\":2,\"name\":\"METEO | C\u0103ldur\u0103 mare, \u00een Capital\u0103, \u00een urm\u0103toarele zile. Cod portocaliu de canicul\u0103\"}]},{\"@type\":\"WebSite\",\"@id\":\"https:\\\/\\\/buletin.de\\\/bucuresti\\\/#website\",\"url\":\"https:\\\/\\\/buletin.de\\\/bucuresti\\\/\",\"name\":\"Buletin de Bucure\u0219ti\",\"description\":\"\u0218tiri \u0219i investiga\u021bii esen\u021biale din capital\u0103\",\"publisher\":{\"@id\":\"https:\\\/\\\/buletin.de\\\/bucuresti\\\/#organization\"},\"potentialAction\":[{\"@type\":\"SearchAction\",\"target\":{\"@type\":\"EntryPoint\",\"urlTemplate\":\"https:\\\/\\\/buletin.de\\\/bucuresti\\\/?s={search_term_string}\"},\"query-input\":{\"@type\":\"PropertyValueSpecification\",\"valueRequired\":true,\"valueName\":\"search_term_string\"}}],\"inLanguage\":\"en-GB\"},{\"@type\":\"Organization\",\"@id\":\"https:\\\/\\\/buletin.de\\\/bucuresti\\\/#organization\",\"name\":\"Buletin de Bucure\u0219ti\",\"url\":\"https:\\\/\\\/buletin.de\\\/bucuresti\\\/\",\"logo\":{\"@type\":\"ImageObject\",\"inLanguage\":\"en-GB\",\"@id\":\"https:\\\/\\\/buletin.de\\\/bucuresti\\\/#\\\/schema\\\/logo\\\/image\\\/\",\"url\":\"https:\\\/\\\/buletin.de\\\/bucuresti\\\/wp-content\\\/uploads\\\/logo-bdb-full-wide-vernil-transparent.png\",\"contentUrl\":\"https:\\\/\\\/buletin.de\\\/bucuresti\\\/wp-content\\\/uploads\\\/logo-bdb-full-wide-vernil-transparent.png\",\"width\":1782,\"height\":626,\"caption\":\"Buletin de Bucure\u0219ti\"},\"image\":{\"@id\":\"https:\\\/\\\/buletin.de\\\/bucuresti\\\/#\\\/schema\\\/logo\\\/image\\\/\"},\"sameAs\":[\"https:\\\/\\\/www.facebook.com\\\/buletin.de.buc\",\"https:\\\/\\\/www.instagram.com\\\/buletinde.bucuresti\\\/\"]},{\"@type\":\"Person\",\"@id\":\"https:\\\/\\\/buletin.de\\\/bucuresti\\\/#\\\/schema\\\/person\\\/7e46040573290777280a0835d81ea4ea\",\"name\":\"Diana Matei\",\"image\":{\"@type\":\"ImageObject\",\"inLanguage\":\"en-GB\",\"@id\":\"https:\\\/\\\/buletin.de\\\/bucuresti\\\/wp-content\\\/uploads\\\/9-2-96x96.jpg1e8590b30871d70e62ebcdaf2eff570c\",\"url\":\"https:\\\/\\\/buletin.de\\\/bucuresti\\\/wp-content\\\/uploads\\\/9-2-96x96.jpg\",\"contentUrl\":\"https:\\\/\\\/buletin.de\\\/bucuresti\\\/wp-content\\\/uploads\\\/9-2-96x96.jpg\",\"caption\":\"Diana Matei\"},\"url\":\"https:\\\/\\\/buletin.de\\\/bucuresti\\\/author\\\/dianamatei\\\/\"}]}<\/script>\n<!-- \/ Yoast SEO Premium plugin. -->","yoast_head_json":{"title":"METEO | C\u0103ldur\u0103 mare, \u00een Capital\u0103, \u00een urm\u0103toarele zile. Cod portocaliu de canicul\u0103 - Buletin de Bucure\u0219ti","robots":{"index":"index","follow":"follow","max-snippet":"max-snippet:-1","max-image-preview":"max-image-preview:large","max-video-preview":"max-video-preview:-1"},"canonical":"https:\/\/buletin.de\/bucuresti\/meteo-caldura-mare-in-capitala-in-urmatoarele-zile-cod-portocaliu-de-canicula\/","og_locale":"en_GB","og_type":"article","og_title":"METEO | C\u0103ldur\u0103 mare, \u00een Capital\u0103, \u00een urm\u0103toarele zile. Cod portocaliu de canicul\u0103","og_description":"Canicula va persista \u00een Bucure\u0219ti, \u00een urm\u0103toarele zile, anun\u021b\u0103 meteorologii. Maximele termice vor ajunge la 37 de grade. ANM a emis \u0219i un cod portocaliu de canicul\u0103, pentru Capital\u0103, valabil\u00a0\u00een intervalul 19 iunie, ora 10:00 &#8211; 20 iunie, ora 10:00. Vremea se va men\u0163ine c\u0103lduroas\u0103,\u00a0canicular\u0103 dup\u0103-amiaza, cu disconfort termic ridicat \u00een orele amiezii c\u00e2nd indicele [&hellip;]","og_url":"https:\/\/buletin.de\/bucuresti\/meteo-caldura-mare-in-capitala-in-urmatoarele-zile-cod-portocaliu-de-canicula\/","og_site_name":"Buletin de Bucure\u0219ti","article_publisher":"https:\/\/www.facebook.com\/buletin.de.buc","article_published_time":"2024-06-18T08:46:35+00:00","article_modified_time":"2024-06-18T11:06:20+00:00","og_image":[{"width":2000,"height":1334,"url":"https:\/\/buletin.de\/bucuresti\/wp-content\/uploads\/ID227643_INQUAM_Photos_Octav_Ganea.jpg","type":"image\/jpeg"}],"author":"Diana Matei","twitter_card":"summary_large_image","twitter_misc":{"Written by":"Diana Matei","Estimated reading time":"2 minutes"},"schema":{"@context":"https:\/\/schema.org","@graph":[{"@type":"Article","@id":"https:\/\/buletin.de\/bucuresti\/meteo-caldura-mare-in-capitala-in-urmatoarele-zile-cod-portocaliu-de-canicula\/#article","isPartOf":{"@id":"https:\/\/buletin.de\/bucuresti\/meteo-caldura-mare-in-capitala-in-urmatoarele-zile-cod-portocaliu-de-canicula\/"},"author":{"name":"Diana Matei","@id":"https:\/\/buletin.de\/bucuresti\/#\/schema\/person\/7e46040573290777280a0835d81ea4ea"},"headline":"METEO | C\u0103ldur\u0103 mare, \u00een Capital\u0103, \u00een urm\u0103toarele zile. Cod portocaliu de canicul\u0103","datePublished":"2024-06-18T08:46:35+00:00","dateModified":"2024-06-18T11:06:20+00:00","mainEntityOfPage":{"@id":"https:\/\/buletin.de\/bucuresti\/meteo-caldura-mare-in-capitala-in-urmatoarele-zile-cod-portocaliu-de-canicula\/"},"wordCount":174,"publisher":{"@id":"https:\/\/buletin.de\/bucuresti\/#organization"},"image":{"@id":"https:\/\/buletin.de\/bucuresti\/meteo-caldura-mare-in-capitala-in-urmatoarele-zile-cod-portocaliu-de-canicula\/#primaryimage"},"thumbnailUrl":"https:\/\/buletin.de\/bucuresti\/wp-content\/uploads\/ID227643_INQUAM_Photos_Octav_Ganea.jpg","keywords":["anm","anm prognoza meteo","cod portocaliu de canicula","Meteo","temperaturi Bucuresti"],"articleSection":["Articole","Main"],"inLanguage":"en-GB","copyrightYear":"2024","copyrightHolder":{"@id":"https:\/\/buletin.de\/bucuresti\/#organization"}},{"@type":"WebPage","@id":"https:\/\/buletin.de\/bucuresti\/meteo-caldura-mare-in-capitala-in-urmatoarele-zile-cod-portocaliu-de-canicula\/","url":"https:\/\/buletin.de\/bucuresti\/meteo-caldura-mare-in-capitala-in-urmatoarele-zile-cod-portocaliu-de-canicula\/","name":"METEO | C\u0103ldur\u0103 mare, \u00een Capital\u0103, \u00een urm\u0103toarele zile. Cod portocaliu de canicul\u0103 - Buletin de Bucure\u0219ti","isPartOf":{"@id":"https:\/\/buletin.de\/bucuresti\/#website"},"primaryImageOfPage":{"@id":"https:\/\/buletin.de\/bucuresti\/meteo-caldura-mare-in-capitala-in-urmatoarele-zile-cod-portocaliu-de-canicula\/#primaryimage"},"image":{"@id":"https:\/\/buletin.de\/bucuresti\/meteo-caldura-mare-in-capitala-in-urmatoarele-zile-cod-portocaliu-de-canicula\/#primaryimage"},"thumbnailUrl":"https:\/\/buletin.de\/bucuresti\/wp-content\/uploads\/ID227643_INQUAM_Photos_Octav_Ganea.jpg","datePublished":"2024-06-18T08:46:35+00:00","dateModified":"2024-06-18T11:06:20+00:00","breadcrumb":{"@id":"https:\/\/buletin.de\/bucuresti\/meteo-caldura-mare-in-capitala-in-urmatoarele-zile-cod-portocaliu-de-canicula\/#breadcrumb"},"inLanguage":"en-GB","potentialAction":[{"@type":"ReadAction","target":["https:\/\/buletin.de\/bucuresti\/meteo-caldura-mare-in-capitala-in-urmatoarele-zile-cod-portocaliu-de-canicula\/"]}]},{"@type":"ImageObject","inLanguage":"en-GB","@id":"https:\/\/buletin.de\/bucuresti\/meteo-caldura-mare-in-capitala-in-urmatoarele-zile-cod-portocaliu-de-canicula\/#primaryimage","url":"https:\/\/buletin.de\/bucuresti\/wp-content\/uploads\/ID227643_INQUAM_Photos_Octav_Ganea.jpg","contentUrl":"https:\/\/buletin.de\/bucuresti\/wp-content\/uploads\/ID227643_INQUAM_Photos_Octav_Ganea.jpg","width":2000,"height":1334,"caption":"METEO | \u00cenc\u0103 un cod galben de canicul\u0103, pentru Capital\u0103. Temperaturile maxime urc\u0103, din nou, p\u00e2n\u0103 la 36 de grade. FOTO: Arhiva"},{"@type":"BreadcrumbList","@id":"https:\/\/buletin.de\/bucuresti\/meteo-caldura-mare-in-capitala-in-urmatoarele-zile-cod-portocaliu-de-canicula\/#breadcrumb","itemListElement":[{"@type":"ListItem","position":1,"name":"Acas\u0103","item":"https:\/\/buletin.de\/bucuresti\/"},{"@type":"ListItem","position":2,"name":"METEO | C\u0103ldur\u0103 mare, \u00een Capital\u0103, \u00een urm\u0103toarele zile. Cod portocaliu de canicul\u0103"}]},{"@type":"WebSite","@id":"https:\/\/buletin.de\/bucuresti\/#website","url":"https:\/\/buletin.de\/bucuresti\/","name":"Buletin de Bucure\u0219ti","description":"\u0218tiri \u0219i investiga\u021bii esen\u021biale din capital\u0103","publisher":{"@id":"https:\/\/buletin.de\/bucuresti\/#organization"},"potentialAction":[{"@type":"SearchAction","target":{"@type":"EntryPoint","urlTemplate":"https:\/\/buletin.de\/bucuresti\/?s={search_term_string}"},"query-input":{"@type":"PropertyValueSpecification","valueRequired":true,"valueName":"search_term_string"}}],"inLanguage":"en-GB"},{"@type":"Organization","@id":"https:\/\/buletin.de\/bucuresti\/#organization","name":"Buletin de Bucure\u0219ti","url":"https:\/\/buletin.de\/bucuresti\/","logo":{"@type":"ImageObject","inLanguage":"en-GB","@id":"https:\/\/buletin.de\/bucuresti\/#\/schema\/logo\/image\/","url":"https:\/\/buletin.de\/bucuresti\/wp-content\/uploads\/logo-bdb-full-wide-vernil-transparent.png","contentUrl":"https:\/\/buletin.de\/bucuresti\/wp-content\/uploads\/logo-bdb-full-wide-vernil-transparent.png","width":1782,"height":626,"caption":"Buletin de Bucure\u0219ti"},"image":{"@id":"https:\/\/buletin.de\/bucuresti\/#\/schema\/logo\/image\/"},"sameAs":["https:\/\/www.facebook.com\/buletin.de.buc","https:\/\/www.instagram.com\/buletinde.bucuresti\/"]},{"@type":"Person","@id":"https:\/\/buletin.de\/bucuresti\/#\/schema\/person\/7e46040573290777280a0835d81ea4ea","name":"Diana Matei","image":{"@type":"ImageObject","inLanguage":"en-GB","@id":"https:\/\/buletin.de\/bucuresti\/wp-content\/uploads\/9-2-96x96.jpg1e8590b30871d70e62ebcdaf2eff570c","url":"https:\/\/buletin.de\/bucuresti\/wp-content\/uploads\/9-2-96x96.jpg","contentUrl":"https:\/\/buletin.de\/bucuresti\/wp-content\/uploads\/9-2-96x96.jpg","caption":"Diana Matei"},"url":"https:\/\/buletin.de\/bucuresti\/author\/dianamatei\/"}]}},"authors":[{"term_id":22574,"user_id":49,"is_guest":0,"slug":"dianamatei","display_name":"Diana Matei","avatar_url":"https:\/\/buletin.de\/bucuresti\/wp-content\/uploads\/9-2-96x96.jpg","0":null,"1":"","2":"","3":"","4":"","5":"","6":"","7":"","8":""}],"_links":{"self":[{"href":"https:\/\/buletin.de\/bucuresti\/wp-json\/wp\/v2\/posts\/88641","targetHints":{"allow":["GET"]}}],"collection":[{"href":"https:\/\/buletin.de\/bucuresti\/wp-json\/wp\/v2\/posts"}],"about":[{"href":"https:\/\/buletin.de\/bucuresti\/wp-json\/wp\/v2\/types\/post"}],"author":[{"embeddable":true,"href":"https:\/\/buletin.de\/bucuresti\/wp-json\/wp\/v2\/users\/49"}],"replies":[{"embeddable":true,"href":"https:\/\/buletin.de\/bucuresti\/wp-json\/wp\/v2\/comments?post=88641"}],"version-history":[{"count":2,"href":"https:\/\/buletin.de\/bucuresti\/wp-json\/wp\/v2\/posts\/88641\/revisions"}],"predecessor-version":[{"id":88646,"href":"https:\/\/buletin.de\/bucuresti\/wp-json\/wp\/v2\/posts\/88641\/revisions\/88646"}],"wp:featuredmedia":[{"embeddable":true,"href":"https:\/\/buletin.de\/bucuresti\/wp-json\/wp\/v2\/media\/61627"}],"wp:attachment":[{"href":"https:\/\/buletin.de\/bucuresti\/wp-json\/wp\/v2\/media?parent=88641"}],"wp:term":[{"taxonomy":"category","embeddable":true,"href":"https:\/\/buletin.de\/bucuresti\/wp-json\/wp\/v2\/categories?post=88641"},{"taxonomy":"post_tag","embeddable":true,"href":"https:\/\/buletin.de\/bucuresti\/wp-json\/wp\/v2\/tags?post=88641"},{"taxonomy":"author","embeddable":true,"href":"https:\/\/buletin.de\/bucuresti\/wp-json\/wp\/v2\/ppma_author?post=88641"}],"curies":[{"name":"wp","href":"https:\/\/api.w.org\/{rel}","templated":true}]}}