{"id":88607,"date":"2024-06-17T21:41:11","date_gmt":"2024-06-17T18:41:11","guid":{"rendered":"https:\/\/buletin.de\/bucuresti\/?p=88607"},"modified":"2024-06-25T15:13:03","modified_gmt":"2024-06-25T12:13:03","slug":"cum-s-a-vazut-de-pe-calea-victoriei-meciul-romaniei-cu-ucraina-cozi-canicula-si-strigate-de-bucurie","status":"publish","type":"post","link":"https:\/\/buletin.de\/bucuresti\/cum-s-a-vazut-de-pe-calea-victoriei-meciul-romaniei-cu-ucraina-cozi-canicula-si-strigate-de-bucurie\/","title":{"rendered":"Cum s-a v\u0103zut de pe Calea Victoriei meciul Rom\u00e2niei cu Ucraina. Cozi, canicul\u0103 \u0219i strig\u0103te de bucurie"},"content":{"rendered":"\n<p><strong>Setea de fotbal a rom\u00e2nilor (\u015fi cea de bere, am spune noi) s-a stins \u00een aceast\u0103 dup\u0103-amiaz\u0103 \u00een fan zone-ul din pia\u0163a George Enescu, unde peste 2.000 de suporteri s-au str\u00e2ns s\u0103 vad\u0103 primul meci al Na\u0163ionalei, la Euro 2024. O sete de nest\u0103vilit, dup\u0103 opt ani \u00een care tricolorii n-au mai participat la un turneu final. O sete stins\u0103, \u00een sf\u00e2r\u0219it, cu o du\u015fc\u0103 dulce a victoriei, pentru c\u0103 Rom\u00e2nia a c\u00e2\u0219tigat cu un scor de 3 &#8211; 0 \u00een fa\u0163a Ucrainei. Vulcanul ro\u015fu, galben \u015fi albastru a bolborosit sub soarele canicular care s-a r\u0103sfr\u00e2nt \u00een asfaltul Capitalei. Fanii \u00eencin\u015fi la propriu de cele 35 de grade din atmosfer\u0103 \u015fi la figurat de victoria istoric\u0103 a tricolorilor au venit la 16:00 cu speran\u0163\u0103 \u015fi au plecat la 18:00 pe ritmurile scand\u0103rilor de bucurie.<\/strong><\/p>\n\n\n\n<p>Microbi\u0219tii s-au a\u015fezat la coad\u0103 cu o or\u0103 \u00eenainte de meci, pentru a intra \u00een fan zone-ul amenajat \u00een pia\u021ba George Enescu de pe Calea Victoriei, \u00een parcarea de l\u00e2ng\u0103 Ateneul Rom\u00e2n, unde au putut urm\u0103ri meciul pe un ecran uria\u0219. Dup\u0103 c\u00e2teva zeci de minute toropitoare, odat\u0103 cu fluierul de start, canicula a r\u0103mas \u00een plan secund. Doar c\u00e2\u021biva oameni veni\u0163i mai t\u00e2rziu mai a\u015fteptau s\u0103 treac\u0103 de filtrul jandarmilor, pentru a intra \u00een parcarea transformat\u0103 \u00eentr-un fel de aren\u0103 a suporterilor.<\/p>\n\n\n\n<figure class=\"wp-block-image size-large\"><img fetchpriority=\"high\" decoding=\"async\" width=\"900\" height=\"675\" src=\"data:image\/gif;base64,R0lGODlhAQABAAAAACH5BAEKAAEALAAAAAABAAEAAAICTAEAOw==\" data-src=\"https:\/\/buletin.de\/bucuresti\/wp-content\/uploads\/Poza-2-900x675.jpeg\" alt=\"\" class=\"wp-image-88610 lazyload\" data-sizes=\"auto\" data-srcset=\"https:\/\/buletin.de\/bucuresti\/wp-content\/uploads\/Poza-2-900x675.jpeg 900w, https:\/\/buletin.de\/bucuresti\/wp-content\/uploads\/Poza-2-300x225.jpeg 300w, https:\/\/buletin.de\/bucuresti\/wp-content\/uploads\/Poza-2-768x576.jpeg 768w, https:\/\/buletin.de\/bucuresti\/wp-content\/uploads\/Poza-2-1536x1152.jpeg 1536w, https:\/\/buletin.de\/bucuresti\/wp-content\/uploads\/Poza-2-1600x1200.jpeg 1600w, https:\/\/buletin.de\/bucuresti\/wp-content\/uploads\/Poza-2-1100x825.jpeg 1100w, https:\/\/buletin.de\/bucuresti\/wp-content\/uploads\/Poza-2-600x450.jpeg 600w, https:\/\/buletin.de\/bucuresti\/wp-content\/uploads\/Poza-2-20x15.jpeg 20w, https:\/\/buletin.de\/bucuresti\/wp-content\/uploads\/Poza-2.jpeg 2000w\" sizes=\"(max-width: 900px) 100vw, 900px\" \/><figcaption class=\"wp-element-caption\">FOTO: C\u0103t\u0103lin Anghel-Dimache<\/figcaption><\/figure>\n\n\n\n<h2 class=\"wp-block-heading\"><strong>\u201eAm venit s\u0103 fiu solidar cu ceilal\u021bi suporteri\u201d<\/strong><\/h2>\n\n\n\n<p>Fan zone-ul era aproape la capacitate maxim\u0103 la ora 16:00, c\u00e2nd gr\u0103mada de oameni \u00eenghesuit\u0103 pe asfaltul \u00eencins de pe Calea Victoriei a \u00eenceput s\u0103 c\u00e2nte la unison imnul Rom\u00e2niei.<\/p>\n\n\n\n<p>\u201e<em>Eu am speran\u021b\u0103 \u00een echipa asta, anul \u0103sta cred c\u0103 o s\u0103 fie bun pentru Rom\u00e2nia<\/em>\u201d, a spus una dintre sus\u021bin\u0103toare, Julia, \u00een timp ce se ferea cu m\u00e2na de razele chinuitoare ale soarelui. \u201e<em>Pentru Rom\u00e2nia, rezist\u0103m \u0219i la canicul\u0103<\/em>\u201d, a exclamat t\u00e2n\u0103ra r\u00e2z\u00e2nd.<\/p>\n\n\n\n<figure class=\"wp-block-image size-large\"><img decoding=\"async\" width=\"900\" height=\"675\" src=\"data:image\/gif;base64,R0lGODlhAQABAAAAACH5BAEKAAEALAAAAAABAAEAAAICTAEAOw==\" data-src=\"https:\/\/buletin.de\/bucuresti\/wp-content\/uploads\/Poza-3-900x675.jpeg\" alt=\"\" class=\"wp-image-88611 lazyload\" data-sizes=\"auto\" data-srcset=\"https:\/\/buletin.de\/bucuresti\/wp-content\/uploads\/Poza-3-900x675.jpeg 900w, https:\/\/buletin.de\/bucuresti\/wp-content\/uploads\/Poza-3-300x225.jpeg 300w, https:\/\/buletin.de\/bucuresti\/wp-content\/uploads\/Poza-3-768x576.jpeg 768w, https:\/\/buletin.de\/bucuresti\/wp-content\/uploads\/Poza-3-1536x1152.jpeg 1536w, https:\/\/buletin.de\/bucuresti\/wp-content\/uploads\/Poza-3-1600x1200.jpeg 1600w, https:\/\/buletin.de\/bucuresti\/wp-content\/uploads\/Poza-3-1100x825.jpeg 1100w, https:\/\/buletin.de\/bucuresti\/wp-content\/uploads\/Poza-3-600x450.jpeg 600w, https:\/\/buletin.de\/bucuresti\/wp-content\/uploads\/Poza-3-20x15.jpeg 20w, https:\/\/buletin.de\/bucuresti\/wp-content\/uploads\/Poza-3.jpeg 2000w\" sizes=\"(max-width: 900px) 100vw, 900px\" \/><figcaption class=\"wp-element-caption\">FOTO: C\u0103t\u0103lin Anghel-Dimache<\/figcaption><\/figure>\n\n\n\n<p>Un alt fan, C\u0103t\u0103lin, a spus c\u0103 a venit pe Calea Victoriei s\u0103 vad\u0103 meciul pentru c\u0103 \u00eei ofer\u0103 un sentiment de apartenen\u021b\u0103.<\/p>\n\n\n\n<p>\u201e<em>Nu avem multe bucurii, iar asta e una dintre cele pu\u021bine care sunt \u0219i cumva vrei s\u0103 tr\u0103ie\u0219ti ce s-a tr\u0103it \u00eenainte, c\u00e2nd nu ai prins bucuriile mari ale genera\u021biei la momentul respectiv \u0219i atunci \u00eencerci s\u0103 le tr\u0103ie\u0219ti a\u0219a, indirect, c\u00e2nd po\u021bi \u0219i c\u00e2nd prinzi, prin faptul c\u0103 ne adun\u0103m to\u021bi cu bucurie \u0219i c\u00e2nt\u0103m. Pentru asta am venit \u0219i voi veni \u0219i la urm\u0103toarele, mai ales c\u0103 se vor \u021bine mai pe sear\u0103 un pic<\/em>\u201d, a spus microbistul \u00een v\u00e2rst\u0103 de 33 de ani.<\/p>\n\n\n\n<p>Cei care n-au prins niciun col\u021b ferit sub cele c\u00e2teva umbrele amplasate \u00een spa\u021biul unde suporterii puteau m\u00e2nca la mese rezistau victorio\u0219i \u00een fa\u021ba c\u0103ldurii, \u00eens\u0103 au existat \u0219i oameni care, de frica unei insola\u021bii, \u0219i-au scos tricourile galbene \u0219i le-au pus strategic pe cap.<\/p>\n\n\n\n<p>\u201e<em>N-am vrut s\u0103 stau acas\u0103 la aer condi\u021bionat, am venit s\u0103 fiu solidar cu ceilal\u021bi suporteri<\/em>\u201d, a spus unul dintre oamenii veni\u021bi s\u0103 vad\u0103 meciul.<\/p>\n\n\n\n<p>Cine n-a vrut s\u0103 \u00ee\u015fi scoat\u0103 tricoul a trebuit s\u0103 fie inventiv. \u0218tefan are 20 de ani, este student \u0219i a venit la meci direct de la un examen. Pentru a compensa lipsa unei \u0219epci, \u0218tefan \u0219i unul dintre colegii lui \u0219i-au pus caiete de matematic\u0103 pe cap, pentru a se feri de soare.<\/p>\n\n\n\n<figure class=\"wp-block-image size-large\"><img decoding=\"async\" width=\"900\" height=\"675\" src=\"data:image\/gif;base64,R0lGODlhAQABAAAAACH5BAEKAAEALAAAAAABAAEAAAICTAEAOw==\" data-src=\"https:\/\/buletin.de\/bucuresti\/wp-content\/uploads\/Poza-4-900x675.jpeg\" alt=\"\" class=\"wp-image-88612 lazyload\" data-sizes=\"auto\" data-srcset=\"https:\/\/buletin.de\/bucuresti\/wp-content\/uploads\/Poza-4-900x675.jpeg 900w, https:\/\/buletin.de\/bucuresti\/wp-content\/uploads\/Poza-4-300x225.jpeg 300w, https:\/\/buletin.de\/bucuresti\/wp-content\/uploads\/Poza-4-768x576.jpeg 768w, https:\/\/buletin.de\/bucuresti\/wp-content\/uploads\/Poza-4-1536x1152.jpeg 1536w, https:\/\/buletin.de\/bucuresti\/wp-content\/uploads\/Poza-4-1600x1200.jpeg 1600w, https:\/\/buletin.de\/bucuresti\/wp-content\/uploads\/Poza-4-1100x825.jpeg 1100w, https:\/\/buletin.de\/bucuresti\/wp-content\/uploads\/Poza-4-600x450.jpeg 600w, https:\/\/buletin.de\/bucuresti\/wp-content\/uploads\/Poza-4-20x15.jpeg 20w, https:\/\/buletin.de\/bucuresti\/wp-content\/uploads\/Poza-4.jpeg 2000w\" sizes=\"(max-width: 900px) 100vw, 900px\" \/><figcaption class=\"wp-element-caption\">FOTO: C\u0103t\u0103lin Anghel-Dimache<\/figcaption><\/figure>\n\n\n\n<p>\u201e<em>E frumos, doar c\u0103 e foarte cald, asta e singura problem\u0103. O s\u0103 vin \u0219i la urm\u0103toarele, dar probabil mai preg\u0103tit, \u00eemi iau o \u0219apc\u0103 sau ceva<\/em>\u201d, a concluzionat t\u00e2n\u0103rul.<\/p>\n\n\n\n<h2 class=\"wp-block-heading\"><strong>Suporterii care au v\u0103zut meciul de la coada pentru ap\u0103 ori bere<\/strong><\/h2>\n\n\n\n<p>Dac\u0103 soarele era suportabil, \u00eembulzelile create de cei care voiau s\u0103 \u00ee\u0219i cumpere ceva de b\u0103ut au fost o alt\u0103 provocare pentru cei str\u00e2n\u0219i \u00een pia\u021ba George Enescu.<\/p>\n\n\n\n<p>\u201e<em>Coada a durut mai mult dec\u00e2t c\u0103ldura. Cu c\u0103ldura ne obi\u0219nuim \u00eencet, \u00eencet, c\u0103 a\u0219a sunt vremurile \u00een care tr\u0103im. S\u0103 zicem mersi c\u0103 sunt 30 \u0219i ceva de grade de c\u00e2teva s\u0103pt\u0103m\u00e2ni \u00eencoace, deci am avut timp s\u0103 ne coacem un pic, s\u0103 ne obi\u0219nuim<\/em>\u201d, a spus C\u0103t\u0103lin.<\/p>\n\n\n\n<p>De\u0219i unii au stat la coad\u0103 <strong>chiar \u0219i o or\u0103<\/strong> pentru a reu\u0219i s\u0103 \u00ee\u0219i cumpere ceva de b\u0103ut, ceea ce i-a f\u0103cut s\u0103 regrete c\u0103 au decis s\u0103 ias\u0103 din cas\u0103 pentru acest meci, bucuria a cuprins toat\u0103 pia\u021ba George Enescu \u00een minutul 29 al meciului, c\u00e2nd Nicolae Stanciu a reu\u0219it s\u0103 marcheze primul gol al tricolorilor \u00een poarta adversarilor.&nbsp;<\/p>\n\n\n\n<p>Nu a durat mult p\u00e2n\u0103 c\u00e2nd R\u0103zvan Marin \u0219i Denis Dr\u0103gu\u0219 au reu\u0219it acela\u0219i lucru, f\u0103c\u00e2nd ca partida dintre Rom\u00e2nia \u0219i Ucraina s\u0103 se \u00eencheie cu rezultatul final 3-0.&nbsp;<\/p>\n\n\n\n<p>\u201e<em>Nu credeam c\u0103 o s\u0103 fie scorul \u0103sta. La atmosfer\u0103 m\u0103 a\u0219teptam, dar nu credeam c\u0103 o s\u0103 batem noi. M\u0103 a\u0219teptam la 3 &#8211; 0 pentru ei<\/em> (n. red.: echipa Ucrainei). <em>Coada a durut mai mult dec\u00e2t c\u0103ldura<\/em>\u201d, a spus unul dintre cei care au v\u0103zut meciul din pia\u021ba George Enescu.<\/p>\n\n\n\n<figure class=\"wp-block-embed is-type-video is-provider-youtube wp-block-embed-youtube wp-embed-aspect-16-9 wp-has-aspect-ratio\"><div class=\"wp-block-embed__wrapper\">\n<iframe title=\"Uralele fanilor \u00een pia\u0163a George Enescu, Rom\u00e2nia - Ucraina\" width=\"1200\" height=\"675\" src=\"https:\/\/www.youtube.com\/embed\/C3szCojS_a8?feature=oembed\" frameborder=\"0\" allow=\"accelerometer; autoplay; clipboard-write; encrypted-media; gyroscope; picture-in-picture; web-share\" referrerpolicy=\"strict-origin-when-cross-origin\" allowfullscreen><\/iframe>\n<\/div><figcaption class=\"wp-element-caption\">VIDEO: C\u0103t\u0103lin Anghel-Dimache<\/figcaption><\/figure>\n\n\n\n<h2 class=\"wp-block-heading\"><strong>Bucuria c\u00e2\u0219tig\u0103rii meciului s-a auzit pe toat\u0103 Calea Victoriei&nbsp;<\/strong><\/h2>\n\n\n\n<p>Dup\u0103 \u00eencheierea meciului, cei peste 2.000 de suporteri ai Na\u021bionalei s-au asigurat c\u0103 victoria istoric\u0103 a Rom\u00e2niei nu trece neobservat\u0103. Ei au plecat, \u00een mar\u0219, pe Calea Victoriei, strig\u00e2nd: \u201eRom\u00e2nia, Rom\u00e2nia, ole, ole, ole!\u201d.<\/p>\n\n\n\n<p>\u201e<em>Nu m\u0103 a\u0219teptam s\u0103 c\u00e2\u0219tige Rom\u00e2nia, mai ales cu scorul \u0103sta<\/em>\u201d, a spus un t\u00e2n\u0103r care a privit meciul cu emo\u021bii.&nbsp;<\/p>\n\n\n\n<p>P\u00e2n\u0103 pe 14 iulie, suporterii pot vedea toate meciurile, pe Calea Victoriei, \u00een parcarea de l\u00e2ng\u0103 Ateneu, pe un ecran gigant. Astfel de fan zone-uri au fost organizate \u0219i \u00een Parcul Obor, dar \u0219i pe insula pensionarilor din parcul IOR.<\/p>\n\n\n\n<p>Rom\u00e2nia urmeaz\u0103 s\u0103 joace s\u00e2mb\u0103t\u0103, 22 iunie, \u00eempotriva Belgiei \u0219i miercuri, 26 iunie, \u00eempotriva Slovaciei.&nbsp;<\/p>\n\n\n\n<p><\/p>\n\n\n\n<p><strong>CITE\u015eTE \u015eI:<\/strong><\/p>\n\n\n\n<figure class=\"wp-block-embed is-type-wp-embed is-provider-buletin-de-bucure-ti wp-block-embed-buletin-de-bucure-ti\"><div class=\"wp-block-embed__wrapper\">\n<blockquote class=\"wp-embedded-content\" data-secret=\"NtzvFbJMBL\"><a href=\"https:\/\/buletin.de\/bucuresti\/ecrane-gigant-in-bucuresti-pentru-microbistii-care-vor-sa-vada-meciurile-de-la-euro-2024\/\">Ecrane gigant \u00een Bucure\u015fti pentru microbi\u015ftii care vor s\u0103 vad\u0103 meciurile de la EURO 2024<\/a><\/blockquote><iframe class=\"wp-embedded-content\" sandbox=\"allow-scripts\" security=\"restricted\" style=\"position: absolute; clip: rect(1px, 1px, 1px, 1px);\" title=\"&#8220;Ecrane gigant \u00een Bucure\u015fti pentru microbi\u015ftii care vor s\u0103 vad\u0103 meciurile de la EURO 2024&#8221; &#8212; Buletin de Bucure\u0219ti\" src=\"https:\/\/buletin.de\/bucuresti\/ecrane-gigant-in-bucuresti-pentru-microbistii-care-vor-sa-vada-meciurile-de-la-euro-2024\/embed\/#?secret=o9DXBmr5wV#?secret=NtzvFbJMBL\" data-secret=\"NtzvFbJMBL\" width=\"600\" height=\"338\" frameborder=\"0\" marginwidth=\"0\" marginheight=\"0\" scrolling=\"no\"><\/iframe>\n<\/div><\/figure>\n","protected":false},"excerpt":{"rendered":"<p>Setea de fotbal a rom\u00e2nilor (\u015fi cea de bere, am spune noi) s-a stins \u00een aceast\u0103 dup\u0103-amiaz\u0103 \u00een fan zone-ul din pia\u0163a George Enescu, unde peste 2.000 de suporteri s-au str\u00e2ns s\u0103 vad\u0103 primul meci al Na\u0163ionalei, la Euro 2024. O sete de nest\u0103vilit, dup\u0103 opt ani \u00een care tricolorii n-au mai participat la un [&hellip;]<\/p>\n","protected":false},"author":59,"featured_media":88609,"comment_status":"closed","ping_status":"open","sticky":false,"template":"","format":"standard","meta":{"_acf_changed":false,"inline_featured_image":false,"ngg_post_thumbnail":0,"footnotes":""},"categories":[6994,5762,169],"tags":[12836,12838,12839,12835,12837,12834],"ppma_author":[22572],"class_list":["post-88607","post","type-post","status-publish","format-standard","has-post-thumbnail","hentry","category-stiri-2","category-main","category-reportaj","tag-atmosfera-suporteri-calea-victoriei","tag-fan-zone-calea-victoriei","tag-fan-zone-uri-meciuri-bucuresti","tag-meci-vazut-in-piata-george-enescu","tag-reportaj-despre-cum-a-fost-vazut-meciul-romaniei-cu-ucraina-in-fan-zone","tag-romania-ucraina"],"acf":[],"yoast_head":"<!-- This site is optimized with the Yoast SEO Premium plugin v25.3 (Yoast SEO v27.4) - https:\/\/yoast.com\/product\/yoast-seo-premium-wordpress\/ -->\n<title>Cum s-a v\u0103zut de pe Calea Victoriei meciul Rom\u00e2niei cu Ucraina. Cozi, canicul\u0103 \u0219i strig\u0103te de bucurie - Buletin de Bucure\u0219ti<\/title>\n<meta name=\"robots\" content=\"index, follow, max-snippet:-1, max-image-preview:large, max-video-preview:-1\" \/>\n<link rel=\"canonical\" href=\"https:\/\/buletin.de\/bucuresti\/cum-s-a-vazut-de-pe-calea-victoriei-meciul-romaniei-cu-ucraina-cozi-canicula-si-strigate-de-bucurie\/\" \/>\n<meta property=\"og:locale\" content=\"en_GB\" \/>\n<meta property=\"og:type\" content=\"article\" \/>\n<meta property=\"og:title\" content=\"Cum s-a v\u0103zut de pe Calea Victoriei meciul Rom\u00e2niei cu Ucraina. Cozi, canicul\u0103 \u0219i strig\u0103te de bucurie\" \/>\n<meta property=\"og:description\" content=\"Setea de fotbal a rom\u00e2nilor (\u015fi cea de bere, am spune noi) s-a stins \u00een aceast\u0103 dup\u0103-amiaz\u0103 \u00een fan zone-ul din pia\u0163a George Enescu, unde peste 2.000 de suporteri s-au str\u00e2ns s\u0103 vad\u0103 primul meci al Na\u0163ionalei, la Euro 2024. O sete de nest\u0103vilit, dup\u0103 opt ani \u00een care tricolorii n-au mai participat la un [&hellip;]\" \/>\n<meta property=\"og:url\" content=\"https:\/\/buletin.de\/bucuresti\/cum-s-a-vazut-de-pe-calea-victoriei-meciul-romaniei-cu-ucraina-cozi-canicula-si-strigate-de-bucurie\/\" \/>\n<meta property=\"og:site_name\" content=\"Buletin de Bucure\u0219ti\" \/>\n<meta property=\"article:publisher\" content=\"https:\/\/www.facebook.com\/buletin.de.buc\" \/>\n<meta property=\"article:published_time\" content=\"2024-06-17T18:41:11+00:00\" \/>\n<meta property=\"article:modified_time\" content=\"2024-06-25T12:13:03+00:00\" \/>\n<meta property=\"og:image\" content=\"https:\/\/buletin.de\/bucuresti\/wp-content\/uploads\/Poza-1.jpeg\" \/>\n\t<meta property=\"og:image:width\" content=\"2000\" \/>\n\t<meta property=\"og:image:height\" content=\"1500\" \/>\n\t<meta property=\"og:image:type\" content=\"image\/jpeg\" \/>\n<meta name=\"author\" content=\"C\u0103t\u0103lin Anghel-Dimache\" \/>\n<meta name=\"twitter:card\" content=\"summary_large_image\" \/>\n<meta name=\"twitter:label1\" content=\"Written by\" \/>\n\t<meta name=\"twitter:data1\" content=\"C\u0103t\u0103lin Anghel-Dimache\" \/>\n\t<meta name=\"twitter:label2\" content=\"Estimated reading time\" \/>\n\t<meta name=\"twitter:data2\" content=\"5 minutes\" \/>\n<script type=\"application\/ld+json\" class=\"yoast-schema-graph\">{\"@context\":\"https:\\\/\\\/schema.org\",\"@graph\":[{\"@type\":\"Article\",\"@id\":\"https:\\\/\\\/buletin.de\\\/bucuresti\\\/cum-s-a-vazut-de-pe-calea-victoriei-meciul-romaniei-cu-ucraina-cozi-canicula-si-strigate-de-bucurie\\\/#article\",\"isPartOf\":{\"@id\":\"https:\\\/\\\/buletin.de\\\/bucuresti\\\/cum-s-a-vazut-de-pe-calea-victoriei-meciul-romaniei-cu-ucraina-cozi-canicula-si-strigate-de-bucurie\\\/\"},\"author\":{\"name\":\"C\u0103t\u0103lin Anghel-Dimache\",\"@id\":\"https:\\\/\\\/buletin.de\\\/bucuresti\\\/#\\\/schema\\\/person\\\/0ac9db30080482be87c7386a30f98796\"},\"headline\":\"Cum s-a v\u0103zut de pe Calea Victoriei meciul Rom\u00e2niei cu Ucraina. Cozi, canicul\u0103 \u0219i strig\u0103te de bucurie\",\"datePublished\":\"2024-06-17T18:41:11+00:00\",\"dateModified\":\"2024-06-25T12:13:03+00:00\",\"mainEntityOfPage\":{\"@id\":\"https:\\\/\\\/buletin.de\\\/bucuresti\\\/cum-s-a-vazut-de-pe-calea-victoriei-meciul-romaniei-cu-ucraina-cozi-canicula-si-strigate-de-bucurie\\\/\"},\"wordCount\":1089,\"publisher\":{\"@id\":\"https:\\\/\\\/buletin.de\\\/bucuresti\\\/#organization\"},\"image\":{\"@id\":\"https:\\\/\\\/buletin.de\\\/bucuresti\\\/cum-s-a-vazut-de-pe-calea-victoriei-meciul-romaniei-cu-ucraina-cozi-canicula-si-strigate-de-bucurie\\\/#primaryimage\"},\"thumbnailUrl\":\"https:\\\/\\\/buletin.de\\\/bucuresti\\\/wp-content\\\/uploads\\\/Poza-1.jpeg\",\"keywords\":[\"atmosfera suporteri calea victoriei\",\"fan zone calea victoriei\",\"fan zone-uri meciuri bucuresti\",\"meci vazut in piata george enescu\",\"reportaj despre cum a fost vazut meciul romaniei cu ucraina in fan zone\",\"romania - ucraina\"],\"articleSection\":[\"Articole\",\"Main\",\"Reportaj\"],\"inLanguage\":\"en-GB\",\"copyrightYear\":\"2024\",\"copyrightHolder\":{\"@id\":\"https:\\\/\\\/buletin.de\\\/bucuresti\\\/#organization\"}},{\"@type\":\"WebPage\",\"@id\":\"https:\\\/\\\/buletin.de\\\/bucuresti\\\/cum-s-a-vazut-de-pe-calea-victoriei-meciul-romaniei-cu-ucraina-cozi-canicula-si-strigate-de-bucurie\\\/\",\"url\":\"https:\\\/\\\/buletin.de\\\/bucuresti\\\/cum-s-a-vazut-de-pe-calea-victoriei-meciul-romaniei-cu-ucraina-cozi-canicula-si-strigate-de-bucurie\\\/\",\"name\":\"Cum s-a v\u0103zut de pe Calea Victoriei meciul Rom\u00e2niei cu Ucraina. Cozi, canicul\u0103 \u0219i strig\u0103te de bucurie - Buletin de Bucure\u0219ti\",\"isPartOf\":{\"@id\":\"https:\\\/\\\/buletin.de\\\/bucuresti\\\/#website\"},\"primaryImageOfPage\":{\"@id\":\"https:\\\/\\\/buletin.de\\\/bucuresti\\\/cum-s-a-vazut-de-pe-calea-victoriei-meciul-romaniei-cu-ucraina-cozi-canicula-si-strigate-de-bucurie\\\/#primaryimage\"},\"image\":{\"@id\":\"https:\\\/\\\/buletin.de\\\/bucuresti\\\/cum-s-a-vazut-de-pe-calea-victoriei-meciul-romaniei-cu-ucraina-cozi-canicula-si-strigate-de-bucurie\\\/#primaryimage\"},\"thumbnailUrl\":\"https:\\\/\\\/buletin.de\\\/bucuresti\\\/wp-content\\\/uploads\\\/Poza-1.jpeg\",\"datePublished\":\"2024-06-17T18:41:11+00:00\",\"dateModified\":\"2024-06-25T12:13:03+00:00\",\"breadcrumb\":{\"@id\":\"https:\\\/\\\/buletin.de\\\/bucuresti\\\/cum-s-a-vazut-de-pe-calea-victoriei-meciul-romaniei-cu-ucraina-cozi-canicula-si-strigate-de-bucurie\\\/#breadcrumb\"},\"inLanguage\":\"en-GB\",\"potentialAction\":[{\"@type\":\"ReadAction\",\"target\":[\"https:\\\/\\\/buletin.de\\\/bucuresti\\\/cum-s-a-vazut-de-pe-calea-victoriei-meciul-romaniei-cu-ucraina-cozi-canicula-si-strigate-de-bucurie\\\/\"]}]},{\"@type\":\"ImageObject\",\"inLanguage\":\"en-GB\",\"@id\":\"https:\\\/\\\/buletin.de\\\/bucuresti\\\/cum-s-a-vazut-de-pe-calea-victoriei-meciul-romaniei-cu-ucraina-cozi-canicula-si-strigate-de-bucurie\\\/#primaryimage\",\"url\":\"https:\\\/\\\/buletin.de\\\/bucuresti\\\/wp-content\\\/uploads\\\/Poza-1.jpeg\",\"contentUrl\":\"https:\\\/\\\/buletin.de\\\/bucuresti\\\/wp-content\\\/uploads\\\/Poza-1.jpeg\",\"width\":2000,\"height\":1500,\"caption\":\"FOTO: C\u0103t\u0103lin Anghel-Dimache\"},{\"@type\":\"BreadcrumbList\",\"@id\":\"https:\\\/\\\/buletin.de\\\/bucuresti\\\/cum-s-a-vazut-de-pe-calea-victoriei-meciul-romaniei-cu-ucraina-cozi-canicula-si-strigate-de-bucurie\\\/#breadcrumb\",\"itemListElement\":[{\"@type\":\"ListItem\",\"position\":1,\"name\":\"Acas\u0103\",\"item\":\"https:\\\/\\\/buletin.de\\\/bucuresti\\\/\"},{\"@type\":\"ListItem\",\"position\":2,\"name\":\"Cum s-a v\u0103zut de pe Calea Victoriei meciul Rom\u00e2niei cu Ucraina. Cozi, canicul\u0103 \u0219i strig\u0103te de bucurie\"}]},{\"@type\":\"WebSite\",\"@id\":\"https:\\\/\\\/buletin.de\\\/bucuresti\\\/#website\",\"url\":\"https:\\\/\\\/buletin.de\\\/bucuresti\\\/\",\"name\":\"Buletin de Bucure\u0219ti\",\"description\":\"\u0218tiri \u0219i investiga\u021bii esen\u021biale din capital\u0103\",\"publisher\":{\"@id\":\"https:\\\/\\\/buletin.de\\\/bucuresti\\\/#organization\"},\"potentialAction\":[{\"@type\":\"SearchAction\",\"target\":{\"@type\":\"EntryPoint\",\"urlTemplate\":\"https:\\\/\\\/buletin.de\\\/bucuresti\\\/?s={search_term_string}\"},\"query-input\":{\"@type\":\"PropertyValueSpecification\",\"valueRequired\":true,\"valueName\":\"search_term_string\"}}],\"inLanguage\":\"en-GB\"},{\"@type\":\"Organization\",\"@id\":\"https:\\\/\\\/buletin.de\\\/bucuresti\\\/#organization\",\"name\":\"Buletin de Bucure\u0219ti\",\"url\":\"https:\\\/\\\/buletin.de\\\/bucuresti\\\/\",\"logo\":{\"@type\":\"ImageObject\",\"inLanguage\":\"en-GB\",\"@id\":\"https:\\\/\\\/buletin.de\\\/bucuresti\\\/#\\\/schema\\\/logo\\\/image\\\/\",\"url\":\"https:\\\/\\\/buletin.de\\\/bucuresti\\\/wp-content\\\/uploads\\\/logo-bdb-full-wide-vernil-transparent.png\",\"contentUrl\":\"https:\\\/\\\/buletin.de\\\/bucuresti\\\/wp-content\\\/uploads\\\/logo-bdb-full-wide-vernil-transparent.png\",\"width\":1782,\"height\":626,\"caption\":\"Buletin de Bucure\u0219ti\"},\"image\":{\"@id\":\"https:\\\/\\\/buletin.de\\\/bucuresti\\\/#\\\/schema\\\/logo\\\/image\\\/\"},\"sameAs\":[\"https:\\\/\\\/www.facebook.com\\\/buletin.de.buc\",\"https:\\\/\\\/www.instagram.com\\\/buletinde.bucuresti\\\/\"]},{\"@type\":\"Person\",\"@id\":\"https:\\\/\\\/buletin.de\\\/bucuresti\\\/#\\\/schema\\\/person\\\/0ac9db30080482be87c7386a30f98796\",\"name\":\"C\u0103t\u0103lin Anghel-Dimache\",\"image\":{\"@type\":\"ImageObject\",\"inLanguage\":\"en-GB\",\"@id\":\"https:\\\/\\\/buletin.de\\\/bucuresti\\\/wp-content\\\/uploads\\\/Catalin-Anghel-Dimache-96x96.jpgbd9e43c5b25186d5b8e917ac61ad86c4\",\"url\":\"https:\\\/\\\/buletin.de\\\/bucuresti\\\/wp-content\\\/uploads\\\/Catalin-Anghel-Dimache-96x96.jpg\",\"contentUrl\":\"https:\\\/\\\/buletin.de\\\/bucuresti\\\/wp-content\\\/uploads\\\/Catalin-Anghel-Dimache-96x96.jpg\",\"caption\":\"C\u0103t\u0103lin Anghel-Dimache\"},\"description\":\"A absolvit Facultatea de Jurnalism \u0219i \u0218tiin\u021bele Comunic\u0103rii a Universit\u0103\u021bii din Bucure\u0219ti \u00een 2024. Scrie despre mediu \u0219i teme sociale, dar \u0219i despre cum se reflect\u0103 ele \u00een via\u021ba cotidian\u0103 a bucure\u0219tenilor, cu un ochi atent la pove\u0219tile personale din spatele titlurilor. N\u0103scut \u0219i crescut \u00een Bucure\u0219ti, a f\u0103cut un pas c\u0103tre presa local\u0103, din pasiune pentru ora\u0219ul s\u0103u \u0219i oamenii din el.\",\"url\":\"https:\\\/\\\/buletin.de\\\/bucuresti\\\/author\\\/catalin-anghel-dimache\\\/\"}]}<\/script>\n<!-- \/ Yoast SEO Premium plugin. -->","yoast_head_json":{"title":"Cum s-a v\u0103zut de pe Calea Victoriei meciul Rom\u00e2niei cu Ucraina. Cozi, canicul\u0103 \u0219i strig\u0103te de bucurie - Buletin de Bucure\u0219ti","robots":{"index":"index","follow":"follow","max-snippet":"max-snippet:-1","max-image-preview":"max-image-preview:large","max-video-preview":"max-video-preview:-1"},"canonical":"https:\/\/buletin.de\/bucuresti\/cum-s-a-vazut-de-pe-calea-victoriei-meciul-romaniei-cu-ucraina-cozi-canicula-si-strigate-de-bucurie\/","og_locale":"en_GB","og_type":"article","og_title":"Cum s-a v\u0103zut de pe Calea Victoriei meciul Rom\u00e2niei cu Ucraina. Cozi, canicul\u0103 \u0219i strig\u0103te de bucurie","og_description":"Setea de fotbal a rom\u00e2nilor (\u015fi cea de bere, am spune noi) s-a stins \u00een aceast\u0103 dup\u0103-amiaz\u0103 \u00een fan zone-ul din pia\u0163a George Enescu, unde peste 2.000 de suporteri s-au str\u00e2ns s\u0103 vad\u0103 primul meci al Na\u0163ionalei, la Euro 2024. O sete de nest\u0103vilit, dup\u0103 opt ani \u00een care tricolorii n-au mai participat la un [&hellip;]","og_url":"https:\/\/buletin.de\/bucuresti\/cum-s-a-vazut-de-pe-calea-victoriei-meciul-romaniei-cu-ucraina-cozi-canicula-si-strigate-de-bucurie\/","og_site_name":"Buletin de Bucure\u0219ti","article_publisher":"https:\/\/www.facebook.com\/buletin.de.buc","article_published_time":"2024-06-17T18:41:11+00:00","article_modified_time":"2024-06-25T12:13:03+00:00","og_image":[{"width":2000,"height":1500,"url":"https:\/\/buletin.de\/bucuresti\/wp-content\/uploads\/Poza-1.jpeg","type":"image\/jpeg"}],"author":"C\u0103t\u0103lin Anghel-Dimache","twitter_card":"summary_large_image","twitter_misc":{"Written by":"C\u0103t\u0103lin Anghel-Dimache","Estimated reading time":"5 minutes"},"schema":{"@context":"https:\/\/schema.org","@graph":[{"@type":"Article","@id":"https:\/\/buletin.de\/bucuresti\/cum-s-a-vazut-de-pe-calea-victoriei-meciul-romaniei-cu-ucraina-cozi-canicula-si-strigate-de-bucurie\/#article","isPartOf":{"@id":"https:\/\/buletin.de\/bucuresti\/cum-s-a-vazut-de-pe-calea-victoriei-meciul-romaniei-cu-ucraina-cozi-canicula-si-strigate-de-bucurie\/"},"author":{"name":"C\u0103t\u0103lin Anghel-Dimache","@id":"https:\/\/buletin.de\/bucuresti\/#\/schema\/person\/0ac9db30080482be87c7386a30f98796"},"headline":"Cum s-a v\u0103zut de pe Calea Victoriei meciul Rom\u00e2niei cu Ucraina. Cozi, canicul\u0103 \u0219i strig\u0103te de bucurie","datePublished":"2024-06-17T18:41:11+00:00","dateModified":"2024-06-25T12:13:03+00:00","mainEntityOfPage":{"@id":"https:\/\/buletin.de\/bucuresti\/cum-s-a-vazut-de-pe-calea-victoriei-meciul-romaniei-cu-ucraina-cozi-canicula-si-strigate-de-bucurie\/"},"wordCount":1089,"publisher":{"@id":"https:\/\/buletin.de\/bucuresti\/#organization"},"image":{"@id":"https:\/\/buletin.de\/bucuresti\/cum-s-a-vazut-de-pe-calea-victoriei-meciul-romaniei-cu-ucraina-cozi-canicula-si-strigate-de-bucurie\/#primaryimage"},"thumbnailUrl":"https:\/\/buletin.de\/bucuresti\/wp-content\/uploads\/Poza-1.jpeg","keywords":["atmosfera suporteri calea victoriei","fan zone calea victoriei","fan zone-uri meciuri bucuresti","meci vazut in piata george enescu","reportaj despre cum a fost vazut meciul romaniei cu ucraina in fan zone","romania - ucraina"],"articleSection":["Articole","Main","Reportaj"],"inLanguage":"en-GB","copyrightYear":"2024","copyrightHolder":{"@id":"https:\/\/buletin.de\/bucuresti\/#organization"}},{"@type":"WebPage","@id":"https:\/\/buletin.de\/bucuresti\/cum-s-a-vazut-de-pe-calea-victoriei-meciul-romaniei-cu-ucraina-cozi-canicula-si-strigate-de-bucurie\/","url":"https:\/\/buletin.de\/bucuresti\/cum-s-a-vazut-de-pe-calea-victoriei-meciul-romaniei-cu-ucraina-cozi-canicula-si-strigate-de-bucurie\/","name":"Cum s-a v\u0103zut de pe Calea Victoriei meciul Rom\u00e2niei cu Ucraina. Cozi, canicul\u0103 \u0219i strig\u0103te de bucurie - Buletin de Bucure\u0219ti","isPartOf":{"@id":"https:\/\/buletin.de\/bucuresti\/#website"},"primaryImageOfPage":{"@id":"https:\/\/buletin.de\/bucuresti\/cum-s-a-vazut-de-pe-calea-victoriei-meciul-romaniei-cu-ucraina-cozi-canicula-si-strigate-de-bucurie\/#primaryimage"},"image":{"@id":"https:\/\/buletin.de\/bucuresti\/cum-s-a-vazut-de-pe-calea-victoriei-meciul-romaniei-cu-ucraina-cozi-canicula-si-strigate-de-bucurie\/#primaryimage"},"thumbnailUrl":"https:\/\/buletin.de\/bucuresti\/wp-content\/uploads\/Poza-1.jpeg","datePublished":"2024-06-17T18:41:11+00:00","dateModified":"2024-06-25T12:13:03+00:00","breadcrumb":{"@id":"https:\/\/buletin.de\/bucuresti\/cum-s-a-vazut-de-pe-calea-victoriei-meciul-romaniei-cu-ucraina-cozi-canicula-si-strigate-de-bucurie\/#breadcrumb"},"inLanguage":"en-GB","potentialAction":[{"@type":"ReadAction","target":["https:\/\/buletin.de\/bucuresti\/cum-s-a-vazut-de-pe-calea-victoriei-meciul-romaniei-cu-ucraina-cozi-canicula-si-strigate-de-bucurie\/"]}]},{"@type":"ImageObject","inLanguage":"en-GB","@id":"https:\/\/buletin.de\/bucuresti\/cum-s-a-vazut-de-pe-calea-victoriei-meciul-romaniei-cu-ucraina-cozi-canicula-si-strigate-de-bucurie\/#primaryimage","url":"https:\/\/buletin.de\/bucuresti\/wp-content\/uploads\/Poza-1.jpeg","contentUrl":"https:\/\/buletin.de\/bucuresti\/wp-content\/uploads\/Poza-1.jpeg","width":2000,"height":1500,"caption":"FOTO: C\u0103t\u0103lin Anghel-Dimache"},{"@type":"BreadcrumbList","@id":"https:\/\/buletin.de\/bucuresti\/cum-s-a-vazut-de-pe-calea-victoriei-meciul-romaniei-cu-ucraina-cozi-canicula-si-strigate-de-bucurie\/#breadcrumb","itemListElement":[{"@type":"ListItem","position":1,"name":"Acas\u0103","item":"https:\/\/buletin.de\/bucuresti\/"},{"@type":"ListItem","position":2,"name":"Cum s-a v\u0103zut de pe Calea Victoriei meciul Rom\u00e2niei cu Ucraina. Cozi, canicul\u0103 \u0219i strig\u0103te de bucurie"}]},{"@type":"WebSite","@id":"https:\/\/buletin.de\/bucuresti\/#website","url":"https:\/\/buletin.de\/bucuresti\/","name":"Buletin de Bucure\u0219ti","description":"\u0218tiri \u0219i investiga\u021bii esen\u021biale din capital\u0103","publisher":{"@id":"https:\/\/buletin.de\/bucuresti\/#organization"},"potentialAction":[{"@type":"SearchAction","target":{"@type":"EntryPoint","urlTemplate":"https:\/\/buletin.de\/bucuresti\/?s={search_term_string}"},"query-input":{"@type":"PropertyValueSpecification","valueRequired":true,"valueName":"search_term_string"}}],"inLanguage":"en-GB"},{"@type":"Organization","@id":"https:\/\/buletin.de\/bucuresti\/#organization","name":"Buletin de Bucure\u0219ti","url":"https:\/\/buletin.de\/bucuresti\/","logo":{"@type":"ImageObject","inLanguage":"en-GB","@id":"https:\/\/buletin.de\/bucuresti\/#\/schema\/logo\/image\/","url":"https:\/\/buletin.de\/bucuresti\/wp-content\/uploads\/logo-bdb-full-wide-vernil-transparent.png","contentUrl":"https:\/\/buletin.de\/bucuresti\/wp-content\/uploads\/logo-bdb-full-wide-vernil-transparent.png","width":1782,"height":626,"caption":"Buletin de Bucure\u0219ti"},"image":{"@id":"https:\/\/buletin.de\/bucuresti\/#\/schema\/logo\/image\/"},"sameAs":["https:\/\/www.facebook.com\/buletin.de.buc","https:\/\/www.instagram.com\/buletinde.bucuresti\/"]},{"@type":"Person","@id":"https:\/\/buletin.de\/bucuresti\/#\/schema\/person\/0ac9db30080482be87c7386a30f98796","name":"C\u0103t\u0103lin Anghel-Dimache","image":{"@type":"ImageObject","inLanguage":"en-GB","@id":"https:\/\/buletin.de\/bucuresti\/wp-content\/uploads\/Catalin-Anghel-Dimache-96x96.jpgbd9e43c5b25186d5b8e917ac61ad86c4","url":"https:\/\/buletin.de\/bucuresti\/wp-content\/uploads\/Catalin-Anghel-Dimache-96x96.jpg","contentUrl":"https:\/\/buletin.de\/bucuresti\/wp-content\/uploads\/Catalin-Anghel-Dimache-96x96.jpg","caption":"C\u0103t\u0103lin Anghel-Dimache"},"description":"A absolvit Facultatea de Jurnalism \u0219i \u0218tiin\u021bele Comunic\u0103rii a Universit\u0103\u021bii din Bucure\u0219ti \u00een 2024. Scrie despre mediu \u0219i teme sociale, dar \u0219i despre cum se reflect\u0103 ele \u00een via\u021ba cotidian\u0103 a bucure\u0219tenilor, cu un ochi atent la pove\u0219tile personale din spatele titlurilor. N\u0103scut \u0219i crescut \u00een Bucure\u0219ti, a f\u0103cut un pas c\u0103tre presa local\u0103, din pasiune pentru ora\u0219ul s\u0103u \u0219i oamenii din el.","url":"https:\/\/buletin.de\/bucuresti\/author\/catalin-anghel-dimache\/"}]}},"authors":[{"term_id":22572,"user_id":59,"is_guest":0,"slug":"catalin-anghel-dimache","display_name":"C\u0103t\u0103lin Anghel-Dimache","avatar_url":"https:\/\/buletin.de\/bucuresti\/wp-content\/uploads\/Catalin-Anghel-Dimache-96x96.jpg","0":null,"1":"","2":"","3":"","4":"","5":"","6":"","7":"","8":""}],"_links":{"self":[{"href":"https:\/\/buletin.de\/bucuresti\/wp-json\/wp\/v2\/posts\/88607","targetHints":{"allow":["GET"]}}],"collection":[{"href":"https:\/\/buletin.de\/bucuresti\/wp-json\/wp\/v2\/posts"}],"about":[{"href":"https:\/\/buletin.de\/bucuresti\/wp-json\/wp\/v2\/types\/post"}],"author":[{"embeddable":true,"href":"https:\/\/buletin.de\/bucuresti\/wp-json\/wp\/v2\/users\/59"}],"replies":[{"embeddable":true,"href":"https:\/\/buletin.de\/bucuresti\/wp-json\/wp\/v2\/comments?post=88607"}],"version-history":[{"count":2,"href":"https:\/\/buletin.de\/bucuresti\/wp-json\/wp\/v2\/posts\/88607\/revisions"}],"predecessor-version":[{"id":89146,"href":"https:\/\/buletin.de\/bucuresti\/wp-json\/wp\/v2\/posts\/88607\/revisions\/89146"}],"wp:featuredmedia":[{"embeddable":true,"href":"https:\/\/buletin.de\/bucuresti\/wp-json\/wp\/v2\/media\/88609"}],"wp:attachment":[{"href":"https:\/\/buletin.de\/bucuresti\/wp-json\/wp\/v2\/media?parent=88607"}],"wp:term":[{"taxonomy":"category","embeddable":true,"href":"https:\/\/buletin.de\/bucuresti\/wp-json\/wp\/v2\/categories?post=88607"},{"taxonomy":"post_tag","embeddable":true,"href":"https:\/\/buletin.de\/bucuresti\/wp-json\/wp\/v2\/tags?post=88607"},{"taxonomy":"author","embeddable":true,"href":"https:\/\/buletin.de\/bucuresti\/wp-json\/wp\/v2\/ppma_author?post=88607"}],"curies":[{"name":"wp","href":"https:\/\/api.w.org\/{rel}","templated":true}]}}