{"id":88590,"date":"2024-06-18T06:50:00","date_gmt":"2024-06-18T03:50:00","guid":{"rendered":"https:\/\/buletin.de\/bucuresti\/?p=88590"},"modified":"2024-06-17T21:57:35","modified_gmt":"2024-06-17T18:57:35","slug":"targ-de-adoptii-la-art-safari-15-catei-in-cautarea-unui-camin","status":"publish","type":"post","link":"https:\/\/buletin.de\/bucuresti\/targ-de-adoptii-la-art-safari-15-catei-in-cautarea-unui-camin\/","title":{"rendered":"T\u00e2rg de adop\u021bii la Art Safari. 15 c\u0103\u021bei, \u00een c\u0103utarea unui c\u0103min"},"content":{"rendered":"\n<p><strong>ASPA organizeaz\u0103, \u00een acest weekend, un nou t\u00e2rg de adop\u021bii de c\u0103\u021bei. Evenimentul are loc, s\u00e2mb\u0103t\u0103, 22 iunie,<\/strong>&nbsp;<strong>\u00eentre orele 10:00-16:00, la Muzeul Art Safari din Centrul Vechi.<\/strong><\/p>\n\n\n\n<p>La Palatul Dacia de pe Lipscani vor fi prezen\u021bi 15 c\u0103\u021bei sociabili, \u00een c\u0103utarea unei familii. Bl\u0103no\u0219ii sunt preg\u0103ti\u021bi pentru adop\u021bie, fiind deparazita\u021bi intern \u0219i extern, microcipa\u021bi \u0219i steriliza\u021bi. <\/p>\n\n\n\n<p>T\u00e2rgul este organizat \u00een colaborare cu Art Safari. Voluntari ASPA \u0219i PROEDUS vor fi prezen\u021bi pentru a ajuta vizitatorii. <\/p>\n\n\n<div class=\"wp-block-image\">\n<figure class=\"aligncenter size-large is-resized\"><img fetchpriority=\"high\" decoding=\"async\" width=\"720\" height=\"900\" src=\"data:image\/gif;base64,R0lGODlhAQABAAAAACH5BAEKAAEALAAAAAABAAEAAAICTAEAOw==\" data-src=\"https:\/\/buletin.de\/bucuresti\/wp-content\/uploads\/Targ-adoptii-Art-Safari-720x900.jpg\" alt=\"\" class=\"wp-image-88599 lazyload\" style=\"width:440px;height:auto\" data-sizes=\"auto\" data-srcset=\"https:\/\/buletin.de\/bucuresti\/wp-content\/uploads\/Targ-adoptii-Art-Safari-720x900.jpg 720w, https:\/\/buletin.de\/bucuresti\/wp-content\/uploads\/Targ-adoptii-Art-Safari-240x300.jpg 240w, https:\/\/buletin.de\/bucuresti\/wp-content\/uploads\/Targ-adoptii-Art-Safari-768x960.jpg 768w, https:\/\/buletin.de\/bucuresti\/wp-content\/uploads\/Targ-adoptii-Art-Safari-600x750.jpg 600w, https:\/\/buletin.de\/bucuresti\/wp-content\/uploads\/Targ-adoptii-Art-Safari-20x25.jpg 20w, https:\/\/buletin.de\/bucuresti\/wp-content\/uploads\/Targ-adoptii-Art-Safari.jpg 1080w\" sizes=\"(max-width: 720px) 100vw, 720px\" \/><figcaption class=\"wp-element-caption\">FOTO: FB\/ ASPA<\/figcaption><\/figure>\n<\/div>\n\n\n<p>De asemenea, \u0219i sponsorii campaniei de adop\u021bii au preg\u0103tit diverse premii \u0219i cadouri, anun\u021b\u0103 ASPA Bucure\u0219ti:<\/p>\n\n\n\n<ul class=\"wp-block-list\">\n<li><em>Pachete care con\u021bin hran\u0103 uscat\u0103 \u0219i umed\u0103, juc\u0103rie \u0219i castron oferite de MAXI PET Rom\u00e2nia;<\/em><\/li>\n\n\n\n<li><em>Recompense de la Pedigree Romania;<\/em><\/li>\n\n\n\n<li><em>O \u0219edin\u021b\u0103 gratuit\u0103 de cosmetic\u0103 canin\u0103 oferit\u0103 de Zen Pet Club;<\/em><\/li>\n\n\n\n<li><em>Medalioane inteligente cu cod QR de la Petradar;<\/em><\/li>\n\n\n\n<li><em>Pachete oferite de Starbucks Romania care con\u021bin: un set aniversar de 3 pahare reutilizabile, un accesoriu pentru paharul reutilizabil \u0219i o pung\u0103 de cafea;<\/em><\/li>\n\n\n\n<li><em>O \u0219edin\u021b\u0103 de dresaj gratuit\u0103 oferit\u0103 de Scoala de Educatie, Psihologie \u0219i Dresaj Canin &#8211; Daniel Manea<\/em><\/li>\n<\/ul>\n\n\n\n<p>ASPA a organizat un t\u00e2rg de adop\u021bii \u0219i s\u00e2mb\u0103ta trecut\u0103, 15 iunie, \u00een Parcul Tineretului. Din cei 15 c\u0103\u021bei prezen\u021bi, au fost adopta\u021bi 7. <\/p>\n\n\n\n<figure class=\"wp-block-gallery has-nested-images columns-default is-cropped wp-block-gallery-1 is-layout-flex wp-block-gallery-is-layout-flex\">\n<figure class=\"wp-block-image size-large\"><img decoding=\"async\" width=\"675\" height=\"900\" data-id=\"88595\" src=\"data:image\/gif;base64,R0lGODlhAQABAAAAACH5BAEKAAEALAAAAAABAAEAAAICTAEAOw==\" data-src=\"https:\/\/buletin.de\/bucuresti\/wp-content\/uploads\/Adoptii-675x900.jpg\" alt=\"\" class=\"wp-image-88595 lazyload\" data-sizes=\"auto\" data-srcset=\"https:\/\/buletin.de\/bucuresti\/wp-content\/uploads\/Adoptii-675x900.jpg 675w, https:\/\/buletin.de\/bucuresti\/wp-content\/uploads\/Adoptii-225x300.jpg 225w, https:\/\/buletin.de\/bucuresti\/wp-content\/uploads\/Adoptii-768x1024.jpg 768w, https:\/\/buletin.de\/bucuresti\/wp-content\/uploads\/Adoptii-1152x1536.jpg 1152w, https:\/\/buletin.de\/bucuresti\/wp-content\/uploads\/Adoptii-1100x1467.jpg 1100w, https:\/\/buletin.de\/bucuresti\/wp-content\/uploads\/Adoptii-600x800.jpg 600w, https:\/\/buletin.de\/bucuresti\/wp-content\/uploads\/Adoptii-20x27.jpg 20w, https:\/\/buletin.de\/bucuresti\/wp-content\/uploads\/Adoptii.jpg 1536w\" sizes=\"(max-width: 675px) 100vw, 675px\" \/><\/figure>\n\n\n\n<figure class=\"wp-block-image size-large\"><img decoding=\"async\" width=\"675\" height=\"900\" data-id=\"88597\" src=\"data:image\/gif;base64,R0lGODlhAQABAAAAACH5BAEKAAEALAAAAAABAAEAAAICTAEAOw==\" data-src=\"https:\/\/buletin.de\/bucuresti\/wp-content\/uploads\/Adoptii-catei-675x900.jpg\" alt=\"\" class=\"wp-image-88597 lazyload\" data-sizes=\"auto\" data-srcset=\"https:\/\/buletin.de\/bucuresti\/wp-content\/uploads\/Adoptii-catei-675x900.jpg 675w, https:\/\/buletin.de\/bucuresti\/wp-content\/uploads\/Adoptii-catei-225x300.jpg 225w, https:\/\/buletin.de\/bucuresti\/wp-content\/uploads\/Adoptii-catei-768x1024.jpg 768w, https:\/\/buletin.de\/bucuresti\/wp-content\/uploads\/Adoptii-catei-1152x1536.jpg 1152w, https:\/\/buletin.de\/bucuresti\/wp-content\/uploads\/Adoptii-catei-1100x1467.jpg 1100w, https:\/\/buletin.de\/bucuresti\/wp-content\/uploads\/Adoptii-catei-600x800.jpg 600w, https:\/\/buletin.de\/bucuresti\/wp-content\/uploads\/Adoptii-catei-20x27.jpg 20w, https:\/\/buletin.de\/bucuresti\/wp-content\/uploads\/Adoptii-catei.jpg 1536w\" sizes=\"(max-width: 675px) 100vw, 675px\" \/><\/figure>\n\n\n\n<figure class=\"wp-block-image size-large\"><img loading=\"lazy\" decoding=\"async\" width=\"675\" height=\"900\" data-id=\"88598\" src=\"data:image\/gif;base64,R0lGODlhAQABAAAAACH5BAEKAAEALAAAAAABAAEAAAICTAEAOw==\" data-src=\"https:\/\/buletin.de\/bucuresti\/wp-content\/uploads\/Catel-3-675x900.jpg\" alt=\"\" class=\"wp-image-88598 lazyload\" data-sizes=\"auto\" data-srcset=\"https:\/\/buletin.de\/bucuresti\/wp-content\/uploads\/Catel-3-675x900.jpg 675w, https:\/\/buletin.de\/bucuresti\/wp-content\/uploads\/Catel-3-225x300.jpg 225w, https:\/\/buletin.de\/bucuresti\/wp-content\/uploads\/Catel-3-768x1024.jpg 768w, https:\/\/buletin.de\/bucuresti\/wp-content\/uploads\/Catel-3-1152x1536.jpg 1152w, https:\/\/buletin.de\/bucuresti\/wp-content\/uploads\/Catel-3-1100x1467.jpg 1100w, https:\/\/buletin.de\/bucuresti\/wp-content\/uploads\/Catel-3-600x800.jpg 600w, https:\/\/buletin.de\/bucuresti\/wp-content\/uploads\/Catel-3-20x27.jpg 20w, https:\/\/buletin.de\/bucuresti\/wp-content\/uploads\/Catel-3.jpg 1536w\" sizes=\"(max-width: 675px) 100vw, 675px\" \/><\/figure>\n\n\n\n<figure class=\"wp-block-image size-large\"><img loading=\"lazy\" decoding=\"async\" width=\"900\" height=\"600\" data-id=\"88596\" src=\"data:image\/gif;base64,R0lGODlhAQABAAAAACH5BAEKAAEALAAAAAABAAEAAAICTAEAOw==\" data-src=\"https:\/\/buletin.de\/bucuresti\/wp-content\/uploads\/Catel-1-900x600.jpg\" alt=\"\" class=\"wp-image-88596 lazyload\" data-sizes=\"auto\" data-srcset=\"https:\/\/buletin.de\/bucuresti\/wp-content\/uploads\/Catel-1-900x600.jpg 900w, https:\/\/buletin.de\/bucuresti\/wp-content\/uploads\/Catel-1-300x200.jpg 300w, https:\/\/buletin.de\/bucuresti\/wp-content\/uploads\/Catel-1-768x512.jpg 768w, https:\/\/buletin.de\/bucuresti\/wp-content\/uploads\/Catel-1-1536x1024.jpg 1536w, https:\/\/buletin.de\/bucuresti\/wp-content\/uploads\/Catel-1-1600x1066.jpg 1600w, https:\/\/buletin.de\/bucuresti\/wp-content\/uploads\/Catel-1-1100x733.jpg 1100w, https:\/\/buletin.de\/bucuresti\/wp-content\/uploads\/Catel-1-600x400.jpg 600w, https:\/\/buletin.de\/bucuresti\/wp-content\/uploads\/Catel-1-20x13.jpg 20w, https:\/\/buletin.de\/bucuresti\/wp-content\/uploads\/Catel-1.jpg 2000w\" sizes=\"(max-width: 900px) 100vw, 900px\" \/><\/figure>\n<figcaption class=\"blocks-gallery-caption wp-element-caption\">FOTO: FB\/ ASPA<\/figcaption><\/figure>\n\n\n\n<p>Alte sute de c\u0103\u021bei a\u0219teapt\u0103 \u00een ad\u0103posturile ASPA Mih\u0103ile\u0219ti \u0219i ASPA Bragadiru, \u00een speran\u021ba c\u0103 \u00ee\u0219i vor g\u0103si un c\u0103min doar al lor. Cei interesa\u021bi s\u0103 adopte pot vizita ad\u0103posturile de mar\u021bi p\u00e2n\u0103 s\u00e2mb\u0103t\u0103, \u00eentre orele 10:00-16:00.<\/p>\n\n\n\n<p><strong>CITE\u0218TE \u0218I:<\/strong><\/p>\n\n\n\n<figure class=\"wp-block-embed is-type-wp-embed is-provider-buletin-de-bucure-ti wp-block-embed-buletin-de-bucure-ti\"><div class=\"wp-block-embed__wrapper\">\n<blockquote class=\"wp-embedded-content\" data-secret=\"5Dbcjwh7Xd\"><a href=\"https:\/\/buletin.de\/bucuresti\/reportaj-suporterii-adoptiei-peste-45-de-caini-si-au-gasit-o-familie-la-arena-nationala-alti-2000-inca-asteapta-in-adaposturi\/\">REPORTAJ | \u00a0\u201eSuporterii Adop\u021biei\u201d. Peste 45 de c\u00e2ini \u0219i-au g\u0103sit o familie la Arena Na\u021bional\u0103. Al\u021bi 2.000 \u00eenc\u0103 a\u0219teapt\u0103 \u00een ad\u0103posturi<\/a><\/blockquote><iframe class=\"wp-embedded-content\" sandbox=\"allow-scripts\" security=\"restricted\" style=\"position: absolute; clip: rect(1px, 1px, 1px, 1px);\" title=\"&#8220;REPORTAJ | \u00a0\u201eSuporterii Adop\u021biei\u201d. Peste 45 de c\u00e2ini \u0219i-au g\u0103sit o familie la Arena Na\u021bional\u0103. Al\u021bi 2.000 \u00eenc\u0103 a\u0219teapt\u0103 \u00een ad\u0103posturi&#8221; &#8212; Buletin de Bucure\u0219ti\" src=\"https:\/\/buletin.de\/bucuresti\/reportaj-suporterii-adoptiei-peste-45-de-caini-si-au-gasit-o-familie-la-arena-nationala-alti-2000-inca-asteapta-in-adaposturi\/embed\/#?secret=HzyltGSdBx#?secret=5Dbcjwh7Xd\" data-secret=\"5Dbcjwh7Xd\" width=\"600\" height=\"338\" frameborder=\"0\" marginwidth=\"0\" marginheight=\"0\" scrolling=\"no\"><\/iframe>\n<\/div><\/figure>\n","protected":false},"excerpt":{"rendered":"<p>ASPA organizeaz\u0103, \u00een acest weekend, un nou t\u00e2rg de adop\u021bii de c\u0103\u021bei. Evenimentul are loc, s\u00e2mb\u0103t\u0103, 22 iunie,&nbsp;\u00eentre orele 10:00-16:00, la Muzeul Art Safari din Centrul Vechi. La Palatul Dacia de pe Lipscani vor fi prezen\u021bi 15 c\u0103\u021bei sociabili, \u00een c\u0103utarea unei familii. Bl\u0103no\u0219ii sunt preg\u0103ti\u021bi pentru adop\u021bie, fiind deparazita\u021bi intern \u0219i extern, microcipa\u021bi \u0219i [&hellip;]<\/p>\n","protected":false},"author":55,"featured_media":88592,"comment_status":"closed","ping_status":"open","sticky":false,"template":"","format":"standard","meta":{"_acf_changed":false,"inline_featured_image":false,"ngg_post_thumbnail":0,"footnotes":""},"categories":[6994,62],"tags":[12832,12833,12831,2864,3229,8790,10868],"ppma_author":[22573],"class_list":["post-88590","post","type-post","status-publish","format-standard","has-post-thumbnail","hentry","category-stiri-2","category-stiri","tag-adaposturi-publice-caini","tag-adopii-caini","tag-adoptii-aspa","tag-art-safari","tag-aspa","tag-caini-fara-stapan-2","tag-centru-vechi"],"acf":[],"yoast_head":"<!-- This site is optimized with the Yoast SEO Premium plugin v25.3 (Yoast SEO v27.4) - https:\/\/yoast.com\/product\/yoast-seo-premium-wordpress\/ -->\n<title>T\u00e2rg de adop\u021bii la Art Safari. 15 c\u0103\u021bei, \u00een c\u0103utarea unui c\u0103min - Buletin de Bucure\u0219ti<\/title>\n<meta name=\"robots\" content=\"index, follow, max-snippet:-1, max-image-preview:large, max-video-preview:-1\" \/>\n<link rel=\"canonical\" href=\"https:\/\/buletin.de\/bucuresti\/targ-de-adoptii-la-art-safari-15-catei-in-cautarea-unui-camin\/\" \/>\n<meta property=\"og:locale\" content=\"en_GB\" \/>\n<meta property=\"og:type\" content=\"article\" \/>\n<meta property=\"og:title\" content=\"T\u00e2rg de adop\u021bii la Art Safari. 15 c\u0103\u021bei, \u00een c\u0103utarea unui c\u0103min\" \/>\n<meta property=\"og:description\" content=\"ASPA organizeaz\u0103, \u00een acest weekend, un nou t\u00e2rg de adop\u021bii de c\u0103\u021bei. Evenimentul are loc, s\u00e2mb\u0103t\u0103, 22 iunie,&nbsp;\u00eentre orele 10:00-16:00, la Muzeul Art Safari din Centrul Vechi. La Palatul Dacia de pe Lipscani vor fi prezen\u021bi 15 c\u0103\u021bei sociabili, \u00een c\u0103utarea unei familii. Bl\u0103no\u0219ii sunt preg\u0103ti\u021bi pentru adop\u021bie, fiind deparazita\u021bi intern \u0219i extern, microcipa\u021bi \u0219i [&hellip;]\" \/>\n<meta property=\"og:url\" content=\"https:\/\/buletin.de\/bucuresti\/targ-de-adoptii-la-art-safari-15-catei-in-cautarea-unui-camin\/\" \/>\n<meta property=\"og:site_name\" content=\"Buletin de Bucure\u0219ti\" \/>\n<meta property=\"article:publisher\" content=\"https:\/\/www.facebook.com\/buletin.de.buc\" \/>\n<meta property=\"article:published_time\" content=\"2024-06-18T03:50:00+00:00\" \/>\n<meta property=\"og:image\" content=\"https:\/\/buletin.de\/bucuresti\/wp-content\/uploads\/Catel-ASPA.jpg\" \/>\n\t<meta property=\"og:image:width\" content=\"2000\" \/>\n\t<meta property=\"og:image:height\" content=\"1333\" \/>\n\t<meta property=\"og:image:type\" content=\"image\/jpeg\" \/>\n<meta name=\"author\" content=\"Andreea Tudor\" \/>\n<meta name=\"twitter:card\" content=\"summary_large_image\" \/>\n<meta name=\"twitter:label1\" content=\"Written by\" \/>\n\t<meta name=\"twitter:data1\" content=\"Andreea Tudor\" \/>\n\t<meta name=\"twitter:label2\" content=\"Estimated reading time\" \/>\n\t<meta name=\"twitter:data2\" content=\"3 minutes\" \/>\n<script type=\"application\/ld+json\" class=\"yoast-schema-graph\">{\"@context\":\"https:\\\/\\\/schema.org\",\"@graph\":[{\"@type\":\"Article\",\"@id\":\"https:\\\/\\\/buletin.de\\\/bucuresti\\\/targ-de-adoptii-la-art-safari-15-catei-in-cautarea-unui-camin\\\/#article\",\"isPartOf\":{\"@id\":\"https:\\\/\\\/buletin.de\\\/bucuresti\\\/targ-de-adoptii-la-art-safari-15-catei-in-cautarea-unui-camin\\\/\"},\"author\":{\"name\":\"Andreea Tudor\",\"@id\":\"https:\\\/\\\/buletin.de\\\/bucuresti\\\/#\\\/schema\\\/person\\\/150590659efde715459d159da012f501\"},\"headline\":\"T\u00e2rg de adop\u021bii la Art Safari. 15 c\u0103\u021bei, \u00een c\u0103utarea unui c\u0103min\",\"datePublished\":\"2024-06-18T03:50:00+00:00\",\"mainEntityOfPage\":{\"@id\":\"https:\\\/\\\/buletin.de\\\/bucuresti\\\/targ-de-adoptii-la-art-safari-15-catei-in-cautarea-unui-camin\\\/\"},\"wordCount\":306,\"publisher\":{\"@id\":\"https:\\\/\\\/buletin.de\\\/bucuresti\\\/#organization\"},\"image\":{\"@id\":\"https:\\\/\\\/buletin.de\\\/bucuresti\\\/targ-de-adoptii-la-art-safari-15-catei-in-cautarea-unui-camin\\\/#primaryimage\"},\"thumbnailUrl\":\"https:\\\/\\\/buletin.de\\\/bucuresti\\\/wp-content\\\/uploads\\\/Catel-ASPA.jpg\",\"keywords\":[\"adaposturi publice caini\",\"adopii caini\",\"adoptii ASPA\",\"art safari\",\"aspa\",\"caini fara stapan\",\"centru vechi\"],\"articleSection\":[\"Articole\",\"\u0218tiri\"],\"inLanguage\":\"en-GB\",\"copyrightYear\":\"2024\",\"copyrightHolder\":{\"@id\":\"https:\\\/\\\/buletin.de\\\/bucuresti\\\/#organization\"}},{\"@type\":\"WebPage\",\"@id\":\"https:\\\/\\\/buletin.de\\\/bucuresti\\\/targ-de-adoptii-la-art-safari-15-catei-in-cautarea-unui-camin\\\/\",\"url\":\"https:\\\/\\\/buletin.de\\\/bucuresti\\\/targ-de-adoptii-la-art-safari-15-catei-in-cautarea-unui-camin\\\/\",\"name\":\"T\u00e2rg de adop\u021bii la Art Safari. 15 c\u0103\u021bei, \u00een c\u0103utarea unui c\u0103min - Buletin de Bucure\u0219ti\",\"isPartOf\":{\"@id\":\"https:\\\/\\\/buletin.de\\\/bucuresti\\\/#website\"},\"primaryImageOfPage\":{\"@id\":\"https:\\\/\\\/buletin.de\\\/bucuresti\\\/targ-de-adoptii-la-art-safari-15-catei-in-cautarea-unui-camin\\\/#primaryimage\"},\"image\":{\"@id\":\"https:\\\/\\\/buletin.de\\\/bucuresti\\\/targ-de-adoptii-la-art-safari-15-catei-in-cautarea-unui-camin\\\/#primaryimage\"},\"thumbnailUrl\":\"https:\\\/\\\/buletin.de\\\/bucuresti\\\/wp-content\\\/uploads\\\/Catel-ASPA.jpg\",\"datePublished\":\"2024-06-18T03:50:00+00:00\",\"breadcrumb\":{\"@id\":\"https:\\\/\\\/buletin.de\\\/bucuresti\\\/targ-de-adoptii-la-art-safari-15-catei-in-cautarea-unui-camin\\\/#breadcrumb\"},\"inLanguage\":\"en-GB\",\"potentialAction\":[{\"@type\":\"ReadAction\",\"target\":[\"https:\\\/\\\/buletin.de\\\/bucuresti\\\/targ-de-adoptii-la-art-safari-15-catei-in-cautarea-unui-camin\\\/\"]}]},{\"@type\":\"ImageObject\",\"inLanguage\":\"en-GB\",\"@id\":\"https:\\\/\\\/buletin.de\\\/bucuresti\\\/targ-de-adoptii-la-art-safari-15-catei-in-cautarea-unui-camin\\\/#primaryimage\",\"url\":\"https:\\\/\\\/buletin.de\\\/bucuresti\\\/wp-content\\\/uploads\\\/Catel-ASPA.jpg\",\"contentUrl\":\"https:\\\/\\\/buletin.de\\\/bucuresti\\\/wp-content\\\/uploads\\\/Catel-ASPA.jpg\",\"width\":2000,\"height\":1333,\"caption\":\"FOTO: FB\\\/ ASPA\"},{\"@type\":\"BreadcrumbList\",\"@id\":\"https:\\\/\\\/buletin.de\\\/bucuresti\\\/targ-de-adoptii-la-art-safari-15-catei-in-cautarea-unui-camin\\\/#breadcrumb\",\"itemListElement\":[{\"@type\":\"ListItem\",\"position\":1,\"name\":\"Acas\u0103\",\"item\":\"https:\\\/\\\/buletin.de\\\/bucuresti\\\/\"},{\"@type\":\"ListItem\",\"position\":2,\"name\":\"T\u00e2rg de adop\u021bii la Art Safari. 15 c\u0103\u021bei, \u00een c\u0103utarea unui c\u0103min\"}]},{\"@type\":\"WebSite\",\"@id\":\"https:\\\/\\\/buletin.de\\\/bucuresti\\\/#website\",\"url\":\"https:\\\/\\\/buletin.de\\\/bucuresti\\\/\",\"name\":\"Buletin de Bucure\u0219ti\",\"description\":\"\u0218tiri \u0219i investiga\u021bii esen\u021biale din capital\u0103\",\"publisher\":{\"@id\":\"https:\\\/\\\/buletin.de\\\/bucuresti\\\/#organization\"},\"potentialAction\":[{\"@type\":\"SearchAction\",\"target\":{\"@type\":\"EntryPoint\",\"urlTemplate\":\"https:\\\/\\\/buletin.de\\\/bucuresti\\\/?s={search_term_string}\"},\"query-input\":{\"@type\":\"PropertyValueSpecification\",\"valueRequired\":true,\"valueName\":\"search_term_string\"}}],\"inLanguage\":\"en-GB\"},{\"@type\":\"Organization\",\"@id\":\"https:\\\/\\\/buletin.de\\\/bucuresti\\\/#organization\",\"name\":\"Buletin de Bucure\u0219ti\",\"url\":\"https:\\\/\\\/buletin.de\\\/bucuresti\\\/\",\"logo\":{\"@type\":\"ImageObject\",\"inLanguage\":\"en-GB\",\"@id\":\"https:\\\/\\\/buletin.de\\\/bucuresti\\\/#\\\/schema\\\/logo\\\/image\\\/\",\"url\":\"https:\\\/\\\/buletin.de\\\/bucuresti\\\/wp-content\\\/uploads\\\/logo-bdb-full-wide-vernil-transparent.png\",\"contentUrl\":\"https:\\\/\\\/buletin.de\\\/bucuresti\\\/wp-content\\\/uploads\\\/logo-bdb-full-wide-vernil-transparent.png\",\"width\":1782,\"height\":626,\"caption\":\"Buletin de Bucure\u0219ti\"},\"image\":{\"@id\":\"https:\\\/\\\/buletin.de\\\/bucuresti\\\/#\\\/schema\\\/logo\\\/image\\\/\"},\"sameAs\":[\"https:\\\/\\\/www.facebook.com\\\/buletin.de.buc\",\"https:\\\/\\\/www.instagram.com\\\/buletinde.bucuresti\\\/\"]},{\"@type\":\"Person\",\"@id\":\"https:\\\/\\\/buletin.de\\\/bucuresti\\\/#\\\/schema\\\/person\\\/150590659efde715459d159da012f501\",\"name\":\"Andreea Tudor\",\"image\":{\"@type\":\"ImageObject\",\"inLanguage\":\"en-GB\",\"@id\":\"https:\\\/\\\/secure.gravatar.com\\\/avatar\\\/a88705a186ab0b67f3349bcbced506c09e37256fbaad0e7f3bd1a79b4599f589?s=96&d=monsterid&r=g79290610aa1a65c2b86eebc2ca5aee8f\",\"url\":\"https:\\\/\\\/secure.gravatar.com\\\/avatar\\\/a88705a186ab0b67f3349bcbced506c09e37256fbaad0e7f3bd1a79b4599f589?s=96&d=monsterid&r=g\",\"contentUrl\":\"https:\\\/\\\/secure.gravatar.com\\\/avatar\\\/a88705a186ab0b67f3349bcbced506c09e37256fbaad0e7f3bd1a79b4599f589?s=96&d=monsterid&r=g\",\"caption\":\"Andreea Tudor\"},\"description\":\"N\u0103scut\u0103 \u0219i crescut\u0103 \u00een Bucure\u0219ti, sus\u021bin\u0103toare a presei independente. A\u0219a am ajuns redactor la Buletin de Bucure\u0219ti. Fiind eu, \u00eens\u0103mi, parte a sistemului de \u00eenv\u0103\u021b\u0103m\u00e2nt rom\u00e2nesc \u0219i pasionat\u0103 de domeniul social, pun sub lup\u0103 tot ceea ce se \u00eent\u00e2mpl\u0103 \u00een sfera educa\u021biei. Cred cu t\u0103rie c\u0103 presa \u201epentru cet\u0103\u021beni\u201d este presa independent\u0103. Oamenii au nevoie de o informare corect\u0103 pentru a \u00een\u021belege pe deplin ce se \u00eent\u00e2mpl\u0103 \u00een jurul lor \u0219i pentru a lua ac\u021biune \u00eempotriva nedrept\u0103\u021bilor.\",\"url\":\"https:\\\/\\\/buletin.de\\\/bucuresti\\\/author\\\/andreeatudor\\\/\"}]}<\/script>\n<!-- \/ Yoast SEO Premium plugin. -->","yoast_head_json":{"title":"T\u00e2rg de adop\u021bii la Art Safari. 15 c\u0103\u021bei, \u00een c\u0103utarea unui c\u0103min - Buletin de Bucure\u0219ti","robots":{"index":"index","follow":"follow","max-snippet":"max-snippet:-1","max-image-preview":"max-image-preview:large","max-video-preview":"max-video-preview:-1"},"canonical":"https:\/\/buletin.de\/bucuresti\/targ-de-adoptii-la-art-safari-15-catei-in-cautarea-unui-camin\/","og_locale":"en_GB","og_type":"article","og_title":"T\u00e2rg de adop\u021bii la Art Safari. 15 c\u0103\u021bei, \u00een c\u0103utarea unui c\u0103min","og_description":"ASPA organizeaz\u0103, \u00een acest weekend, un nou t\u00e2rg de adop\u021bii de c\u0103\u021bei. Evenimentul are loc, s\u00e2mb\u0103t\u0103, 22 iunie,&nbsp;\u00eentre orele 10:00-16:00, la Muzeul Art Safari din Centrul Vechi. La Palatul Dacia de pe Lipscani vor fi prezen\u021bi 15 c\u0103\u021bei sociabili, \u00een c\u0103utarea unei familii. Bl\u0103no\u0219ii sunt preg\u0103ti\u021bi pentru adop\u021bie, fiind deparazita\u021bi intern \u0219i extern, microcipa\u021bi \u0219i [&hellip;]","og_url":"https:\/\/buletin.de\/bucuresti\/targ-de-adoptii-la-art-safari-15-catei-in-cautarea-unui-camin\/","og_site_name":"Buletin de Bucure\u0219ti","article_publisher":"https:\/\/www.facebook.com\/buletin.de.buc","article_published_time":"2024-06-18T03:50:00+00:00","og_image":[{"width":2000,"height":1333,"url":"https:\/\/buletin.de\/bucuresti\/wp-content\/uploads\/Catel-ASPA.jpg","type":"image\/jpeg"}],"author":"Andreea Tudor","twitter_card":"summary_large_image","twitter_misc":{"Written by":"Andreea Tudor","Estimated reading time":"3 minutes"},"schema":{"@context":"https:\/\/schema.org","@graph":[{"@type":"Article","@id":"https:\/\/buletin.de\/bucuresti\/targ-de-adoptii-la-art-safari-15-catei-in-cautarea-unui-camin\/#article","isPartOf":{"@id":"https:\/\/buletin.de\/bucuresti\/targ-de-adoptii-la-art-safari-15-catei-in-cautarea-unui-camin\/"},"author":{"name":"Andreea Tudor","@id":"https:\/\/buletin.de\/bucuresti\/#\/schema\/person\/150590659efde715459d159da012f501"},"headline":"T\u00e2rg de adop\u021bii la Art Safari. 15 c\u0103\u021bei, \u00een c\u0103utarea unui c\u0103min","datePublished":"2024-06-18T03:50:00+00:00","mainEntityOfPage":{"@id":"https:\/\/buletin.de\/bucuresti\/targ-de-adoptii-la-art-safari-15-catei-in-cautarea-unui-camin\/"},"wordCount":306,"publisher":{"@id":"https:\/\/buletin.de\/bucuresti\/#organization"},"image":{"@id":"https:\/\/buletin.de\/bucuresti\/targ-de-adoptii-la-art-safari-15-catei-in-cautarea-unui-camin\/#primaryimage"},"thumbnailUrl":"https:\/\/buletin.de\/bucuresti\/wp-content\/uploads\/Catel-ASPA.jpg","keywords":["adaposturi publice caini","adopii caini","adoptii ASPA","art safari","aspa","caini fara stapan","centru vechi"],"articleSection":["Articole","\u0218tiri"],"inLanguage":"en-GB","copyrightYear":"2024","copyrightHolder":{"@id":"https:\/\/buletin.de\/bucuresti\/#organization"}},{"@type":"WebPage","@id":"https:\/\/buletin.de\/bucuresti\/targ-de-adoptii-la-art-safari-15-catei-in-cautarea-unui-camin\/","url":"https:\/\/buletin.de\/bucuresti\/targ-de-adoptii-la-art-safari-15-catei-in-cautarea-unui-camin\/","name":"T\u00e2rg de adop\u021bii la Art Safari. 15 c\u0103\u021bei, \u00een c\u0103utarea unui c\u0103min - Buletin de Bucure\u0219ti","isPartOf":{"@id":"https:\/\/buletin.de\/bucuresti\/#website"},"primaryImageOfPage":{"@id":"https:\/\/buletin.de\/bucuresti\/targ-de-adoptii-la-art-safari-15-catei-in-cautarea-unui-camin\/#primaryimage"},"image":{"@id":"https:\/\/buletin.de\/bucuresti\/targ-de-adoptii-la-art-safari-15-catei-in-cautarea-unui-camin\/#primaryimage"},"thumbnailUrl":"https:\/\/buletin.de\/bucuresti\/wp-content\/uploads\/Catel-ASPA.jpg","datePublished":"2024-06-18T03:50:00+00:00","breadcrumb":{"@id":"https:\/\/buletin.de\/bucuresti\/targ-de-adoptii-la-art-safari-15-catei-in-cautarea-unui-camin\/#breadcrumb"},"inLanguage":"en-GB","potentialAction":[{"@type":"ReadAction","target":["https:\/\/buletin.de\/bucuresti\/targ-de-adoptii-la-art-safari-15-catei-in-cautarea-unui-camin\/"]}]},{"@type":"ImageObject","inLanguage":"en-GB","@id":"https:\/\/buletin.de\/bucuresti\/targ-de-adoptii-la-art-safari-15-catei-in-cautarea-unui-camin\/#primaryimage","url":"https:\/\/buletin.de\/bucuresti\/wp-content\/uploads\/Catel-ASPA.jpg","contentUrl":"https:\/\/buletin.de\/bucuresti\/wp-content\/uploads\/Catel-ASPA.jpg","width":2000,"height":1333,"caption":"FOTO: FB\/ ASPA"},{"@type":"BreadcrumbList","@id":"https:\/\/buletin.de\/bucuresti\/targ-de-adoptii-la-art-safari-15-catei-in-cautarea-unui-camin\/#breadcrumb","itemListElement":[{"@type":"ListItem","position":1,"name":"Acas\u0103","item":"https:\/\/buletin.de\/bucuresti\/"},{"@type":"ListItem","position":2,"name":"T\u00e2rg de adop\u021bii la Art Safari. 15 c\u0103\u021bei, \u00een c\u0103utarea unui c\u0103min"}]},{"@type":"WebSite","@id":"https:\/\/buletin.de\/bucuresti\/#website","url":"https:\/\/buletin.de\/bucuresti\/","name":"Buletin de Bucure\u0219ti","description":"\u0218tiri \u0219i investiga\u021bii esen\u021biale din capital\u0103","publisher":{"@id":"https:\/\/buletin.de\/bucuresti\/#organization"},"potentialAction":[{"@type":"SearchAction","target":{"@type":"EntryPoint","urlTemplate":"https:\/\/buletin.de\/bucuresti\/?s={search_term_string}"},"query-input":{"@type":"PropertyValueSpecification","valueRequired":true,"valueName":"search_term_string"}}],"inLanguage":"en-GB"},{"@type":"Organization","@id":"https:\/\/buletin.de\/bucuresti\/#organization","name":"Buletin de Bucure\u0219ti","url":"https:\/\/buletin.de\/bucuresti\/","logo":{"@type":"ImageObject","inLanguage":"en-GB","@id":"https:\/\/buletin.de\/bucuresti\/#\/schema\/logo\/image\/","url":"https:\/\/buletin.de\/bucuresti\/wp-content\/uploads\/logo-bdb-full-wide-vernil-transparent.png","contentUrl":"https:\/\/buletin.de\/bucuresti\/wp-content\/uploads\/logo-bdb-full-wide-vernil-transparent.png","width":1782,"height":626,"caption":"Buletin de Bucure\u0219ti"},"image":{"@id":"https:\/\/buletin.de\/bucuresti\/#\/schema\/logo\/image\/"},"sameAs":["https:\/\/www.facebook.com\/buletin.de.buc","https:\/\/www.instagram.com\/buletinde.bucuresti\/"]},{"@type":"Person","@id":"https:\/\/buletin.de\/bucuresti\/#\/schema\/person\/150590659efde715459d159da012f501","name":"Andreea Tudor","image":{"@type":"ImageObject","inLanguage":"en-GB","@id":"https:\/\/secure.gravatar.com\/avatar\/a88705a186ab0b67f3349bcbced506c09e37256fbaad0e7f3bd1a79b4599f589?s=96&d=monsterid&r=g79290610aa1a65c2b86eebc2ca5aee8f","url":"https:\/\/secure.gravatar.com\/avatar\/a88705a186ab0b67f3349bcbced506c09e37256fbaad0e7f3bd1a79b4599f589?s=96&d=monsterid&r=g","contentUrl":"https:\/\/secure.gravatar.com\/avatar\/a88705a186ab0b67f3349bcbced506c09e37256fbaad0e7f3bd1a79b4599f589?s=96&d=monsterid&r=g","caption":"Andreea Tudor"},"description":"N\u0103scut\u0103 \u0219i crescut\u0103 \u00een Bucure\u0219ti, sus\u021bin\u0103toare a presei independente. A\u0219a am ajuns redactor la Buletin de Bucure\u0219ti. Fiind eu, \u00eens\u0103mi, parte a sistemului de \u00eenv\u0103\u021b\u0103m\u00e2nt rom\u00e2nesc \u0219i pasionat\u0103 de domeniul social, pun sub lup\u0103 tot ceea ce se \u00eent\u00e2mpl\u0103 \u00een sfera educa\u021biei. Cred cu t\u0103rie c\u0103 presa \u201epentru cet\u0103\u021beni\u201d este presa independent\u0103. Oamenii au nevoie de o informare corect\u0103 pentru a \u00een\u021belege pe deplin ce se \u00eent\u00e2mpl\u0103 \u00een jurul lor \u0219i pentru a lua ac\u021biune \u00eempotriva nedrept\u0103\u021bilor.","url":"https:\/\/buletin.de\/bucuresti\/author\/andreeatudor\/"}]}},"authors":[{"term_id":22573,"user_id":55,"is_guest":0,"slug":"andreeatudor","display_name":"Andreea Tudor","avatar_url":"https:\/\/secure.gravatar.com\/avatar\/a88705a186ab0b67f3349bcbced506c09e37256fbaad0e7f3bd1a79b4599f589?s=96&d=monsterid&r=g","0":null,"1":"","2":"","3":"","4":"","5":"","6":"","7":"","8":""}],"_links":{"self":[{"href":"https:\/\/buletin.de\/bucuresti\/wp-json\/wp\/v2\/posts\/88590","targetHints":{"allow":["GET"]}}],"collection":[{"href":"https:\/\/buletin.de\/bucuresti\/wp-json\/wp\/v2\/posts"}],"about":[{"href":"https:\/\/buletin.de\/bucuresti\/wp-json\/wp\/v2\/types\/post"}],"author":[{"embeddable":true,"href":"https:\/\/buletin.de\/bucuresti\/wp-json\/wp\/v2\/users\/55"}],"replies":[{"embeddable":true,"href":"https:\/\/buletin.de\/bucuresti\/wp-json\/wp\/v2\/comments?post=88590"}],"version-history":[{"count":5,"href":"https:\/\/buletin.de\/bucuresti\/wp-json\/wp\/v2\/posts\/88590\/revisions"}],"predecessor-version":[{"id":88602,"href":"https:\/\/buletin.de\/bucuresti\/wp-json\/wp\/v2\/posts\/88590\/revisions\/88602"}],"wp:featuredmedia":[{"embeddable":true,"href":"https:\/\/buletin.de\/bucuresti\/wp-json\/wp\/v2\/media\/88592"}],"wp:attachment":[{"href":"https:\/\/buletin.de\/bucuresti\/wp-json\/wp\/v2\/media?parent=88590"}],"wp:term":[{"taxonomy":"category","embeddable":true,"href":"https:\/\/buletin.de\/bucuresti\/wp-json\/wp\/v2\/categories?post=88590"},{"taxonomy":"post_tag","embeddable":true,"href":"https:\/\/buletin.de\/bucuresti\/wp-json\/wp\/v2\/tags?post=88590"},{"taxonomy":"author","embeddable":true,"href":"https:\/\/buletin.de\/bucuresti\/wp-json\/wp\/v2\/ppma_author?post=88590"}],"curies":[{"name":"wp","href":"https:\/\/api.w.org\/{rel}","templated":true}]}}