{"id":88392,"date":"2024-06-15T05:00:00","date_gmt":"2024-06-15T02:00:00","guid":{"rendered":"https:\/\/buletin.de\/bucuresti\/?p=88392"},"modified":"2024-06-16T10:15:14","modified_gmt":"2024-06-16T07:15:14","slug":"ecrane-gigant-in-bucuresti-pentru-microbistii-care-vor-sa-vada-meciurile-de-la-euro-2024","status":"publish","type":"post","link":"https:\/\/buletin.de\/bucuresti\/ecrane-gigant-in-bucuresti-pentru-microbistii-care-vor-sa-vada-meciurile-de-la-euro-2024\/","title":{"rendered":"Ecrane gigant \u00een Bucure\u015fti pentru microbi\u015ftii care vor s\u0103 vad\u0103 meciurile de la EURO 2024"},"content":{"rendered":"\n<p><strong>Meciurile turneului european de fotbal vor putea fi urm\u0103rite \u00een Pia\u021ba \u201eGeorge Enescu\u201d din Bucure\u0219ti, acolo unde a fost amenajat un fan zone \u015fi a fost montat un ecran uria\u015f.<\/strong> <strong>Nu este singurul loc unde fanii echipei na\u0163ionale \u015fi ai fotbalului \u00een general vor putea s\u0103 urm\u0103reasc\u0103 meciurile de la Euro \u00een aer liber.<\/strong><\/p>\n\n\n\n<p>P\u00e2n\u0103 pe 14 iulie, suporterii pot vedea toate meciurile, pe Calea Victoriei, \u00een parcarea de l\u00e2ng\u0103 Ateneu, pe un ecran gigant. Fan Zone-ul va fi deschis \u00een fiecare zi, pe perioada turneului final, iar intrarea este liber\u0103, \u00een limita a 2000 de locuri.<\/p>\n\n\n\n<p>Meciurile de la Campionatul European de Fotbal UEFA 2024 pot fi urm\u0103rite \u0219i pe ecranul amplasat \u00een Parcul Obor. De asemenea, meciurile se pot vedea \u0219i \u00een Parcul IOR (Insula Pensionarilor).<\/p>\n\n\n\n<p>24 de echipe, printre care \u0219i Rom\u00e2nia, vor lupta pentru titlul european. Italia este campioana actual\u0103, dup\u0103 ce a c\u00e2\u0219tigat turneul din 2020, desf\u0103\u0219urat \u00een 2021 din cauza pandemiei. Atunci, Italia a b\u0103tut Anglia \u00een final\u0103, dup\u0103 loviturile de departajare.<br><br>Rom\u00e2nia, care face parte din Grupa E, al\u0103turi de Belgia, Slovacia \u0219i Ucraina va juca primul meci cu Ucraina pe 17 iunie, la Munchen. Pe 22 iunie, tricolorii vor evolua \u00eempotriva Belgiei, la K\u00f6ln iar pe 26 iunie, vor \u00eent\u00e2lni Slovacia la, Frankfurt.<\/p>\n\n\n\n<p>Finala competi\u021biei va avea loc pe 14 iulie, la Berlin.<\/p>\n\n\n\n<p><\/p>\n\n\n\n<p><strong>CITE\u0218TE \u0218I:<\/strong><\/p>\n\n\n\n<figure class=\"wp-block-embed is-type-wp-embed is-provider-buletin-de-bucure-ti wp-block-embed-buletin-de-bucure-ti\"><div class=\"wp-block-embed__wrapper\">\n<blockquote class=\"wp-embedded-content\" data-secret=\"Do7agWcP7s\"><a href=\"https:\/\/buletin.de\/bucuresti\/cea-mai-mare-plaja-artificiala-din-capitala-inaugurata-joi\/\">Cea mai mare plaj\u0103 artificial\u0103 din Capital\u0103, inaugurat\u0103 joi<\/a><\/blockquote><iframe class=\"wp-embedded-content\" sandbox=\"allow-scripts\" security=\"restricted\" style=\"position: absolute; clip: rect(1px, 1px, 1px, 1px);\" title=\"&#8220;Cea mai mare plaj\u0103 artificial\u0103 din Capital\u0103, inaugurat\u0103 joi&#8221; &#8212; Buletin de Bucure\u0219ti\" src=\"https:\/\/buletin.de\/bucuresti\/cea-mai-mare-plaja-artificiala-din-capitala-inaugurata-joi\/embed\/#?secret=QHWxeyfjU5#?secret=Do7agWcP7s\" data-secret=\"Do7agWcP7s\" width=\"600\" height=\"338\" frameborder=\"0\" marginwidth=\"0\" marginheight=\"0\" scrolling=\"no\"><\/iframe>\n<\/div><\/figure>\n","protected":false},"excerpt":{"rendered":"<p>Meciurile turneului european de fotbal vor putea fi urm\u0103rite \u00een Pia\u021ba \u201eGeorge Enescu\u201d din Bucure\u0219ti, acolo unde a fost amenajat un fan zone \u015fi a fost montat un ecran uria\u015f. Nu este singurul loc unde fanii echipei na\u0163ionale \u015fi ai fotbalului \u00een general vor putea s\u0103 urm\u0103reasc\u0103 meciurile de la Euro \u00een aer liber. P\u00e2n\u0103 [&hellip;]<\/p>\n","protected":false},"author":49,"featured_media":88410,"comment_status":"closed","ping_status":"open","sticky":false,"template":"","format":"standard","meta":{"_acf_changed":false,"inline_featured_image":false,"ngg_post_thumbnail":0,"footnotes":""},"categories":[6994,5762],"tags":[5260,12779,7905,12778,6967],"ppma_author":[22574],"class_list":["post-88392","post","type-post","status-publish","format-standard","has-post-thumbnail","hentry","category-stiri-2","category-main","tag-ateneul-roman","tag-ecran-calea-victoriei-meciuri-euro","tag-euro-2024","tag-fan-zone-euro-2024-piata-george-enescu","tag-piata-george-enescu"],"acf":[],"yoast_head":"<!-- This site is optimized with the Yoast SEO Premium plugin v25.3 (Yoast SEO v27.4) - https:\/\/yoast.com\/product\/yoast-seo-premium-wordpress\/ -->\n<title>Ecrane gigant \u00een Bucure\u015fti pentru microbi\u015ftii care vor s\u0103 vad\u0103 meciurile de la EURO 2024 - Buletin de Bucure\u0219ti<\/title>\n<meta name=\"robots\" content=\"index, follow, max-snippet:-1, max-image-preview:large, max-video-preview:-1\" \/>\n<link rel=\"canonical\" href=\"https:\/\/buletin.de\/bucuresti\/ecrane-gigant-in-bucuresti-pentru-microbistii-care-vor-sa-vada-meciurile-de-la-euro-2024\/\" \/>\n<meta property=\"og:locale\" content=\"en_GB\" \/>\n<meta property=\"og:type\" content=\"article\" \/>\n<meta property=\"og:title\" content=\"Ecrane gigant \u00een Bucure\u015fti pentru microbi\u015ftii care vor s\u0103 vad\u0103 meciurile de la EURO 2024\" \/>\n<meta property=\"og:description\" content=\"Meciurile turneului european de fotbal vor putea fi urm\u0103rite \u00een Pia\u021ba \u201eGeorge Enescu\u201d din Bucure\u0219ti, acolo unde a fost amenajat un fan zone \u015fi a fost montat un ecran uria\u015f. Nu este singurul loc unde fanii echipei na\u0163ionale \u015fi ai fotbalului \u00een general vor putea s\u0103 urm\u0103reasc\u0103 meciurile de la Euro \u00een aer liber. P\u00e2n\u0103 [&hellip;]\" \/>\n<meta property=\"og:url\" content=\"https:\/\/buletin.de\/bucuresti\/ecrane-gigant-in-bucuresti-pentru-microbistii-care-vor-sa-vada-meciurile-de-la-euro-2024\/\" \/>\n<meta property=\"og:site_name\" content=\"Buletin de Bucure\u0219ti\" \/>\n<meta property=\"article:publisher\" content=\"https:\/\/www.facebook.com\/buletin.de.buc\" \/>\n<meta property=\"article:published_time\" content=\"2024-06-15T02:00:00+00:00\" \/>\n<meta property=\"article:modified_time\" content=\"2024-06-16T07:15:14+00:00\" \/>\n<meta property=\"og:image\" content=\"https:\/\/buletin.de\/bucuresti\/wp-content\/uploads\/fan-zone-piata-enescu-euro-2024-900x472.png\" \/>\n\t<meta property=\"og:image:width\" content=\"900\" \/>\n\t<meta property=\"og:image:height\" content=\"472\" \/>\n\t<meta property=\"og:image:type\" content=\"image\/png\" \/>\n<meta name=\"author\" content=\"Diana Matei\" \/>\n<meta name=\"twitter:card\" content=\"summary_large_image\" \/>\n<meta name=\"twitter:label1\" content=\"Written by\" \/>\n\t<meta name=\"twitter:data1\" content=\"Diana Matei\" \/>\n\t<meta name=\"twitter:label2\" content=\"Estimated reading time\" \/>\n\t<meta name=\"twitter:data2\" content=\"2 minutes\" \/>\n<script type=\"application\/ld+json\" class=\"yoast-schema-graph\">{\"@context\":\"https:\\\/\\\/schema.org\",\"@graph\":[{\"@type\":\"Article\",\"@id\":\"https:\\\/\\\/buletin.de\\\/bucuresti\\\/ecrane-gigant-in-bucuresti-pentru-microbistii-care-vor-sa-vada-meciurile-de-la-euro-2024\\\/#article\",\"isPartOf\":{\"@id\":\"https:\\\/\\\/buletin.de\\\/bucuresti\\\/ecrane-gigant-in-bucuresti-pentru-microbistii-care-vor-sa-vada-meciurile-de-la-euro-2024\\\/\"},\"author\":{\"name\":\"Diana Matei\",\"@id\":\"https:\\\/\\\/buletin.de\\\/bucuresti\\\/#\\\/schema\\\/person\\\/7e46040573290777280a0835d81ea4ea\"},\"headline\":\"Ecrane gigant \u00een Bucure\u015fti pentru microbi\u015ftii care vor s\u0103 vad\u0103 meciurile de la EURO 2024\",\"datePublished\":\"2024-06-15T02:00:00+00:00\",\"dateModified\":\"2024-06-16T07:15:14+00:00\",\"mainEntityOfPage\":{\"@id\":\"https:\\\/\\\/buletin.de\\\/bucuresti\\\/ecrane-gigant-in-bucuresti-pentru-microbistii-care-vor-sa-vada-meciurile-de-la-euro-2024\\\/\"},\"wordCount\":252,\"publisher\":{\"@id\":\"https:\\\/\\\/buletin.de\\\/bucuresti\\\/#organization\"},\"image\":{\"@id\":\"https:\\\/\\\/buletin.de\\\/bucuresti\\\/ecrane-gigant-in-bucuresti-pentru-microbistii-care-vor-sa-vada-meciurile-de-la-euro-2024\\\/#primaryimage\"},\"thumbnailUrl\":\"https:\\\/\\\/buletin.de\\\/bucuresti\\\/wp-content\\\/uploads\\\/fan-zone-piata-enescu-euro-2024.png\",\"keywords\":[\"ateneul roman\",\"ecran calea victoriei meciuri euro\",\"Euro 2024\",\"fan zone euro 2024 piata george enescu\",\"piata george enescu\"],\"articleSection\":[\"Articole\",\"Main\"],\"inLanguage\":\"en-GB\",\"copyrightYear\":\"2024\",\"copyrightHolder\":{\"@id\":\"https:\\\/\\\/buletin.de\\\/bucuresti\\\/#organization\"}},{\"@type\":\"WebPage\",\"@id\":\"https:\\\/\\\/buletin.de\\\/bucuresti\\\/ecrane-gigant-in-bucuresti-pentru-microbistii-care-vor-sa-vada-meciurile-de-la-euro-2024\\\/\",\"url\":\"https:\\\/\\\/buletin.de\\\/bucuresti\\\/ecrane-gigant-in-bucuresti-pentru-microbistii-care-vor-sa-vada-meciurile-de-la-euro-2024\\\/\",\"name\":\"Ecrane gigant \u00een Bucure\u015fti pentru microbi\u015ftii care vor s\u0103 vad\u0103 meciurile de la EURO 2024 - Buletin de Bucure\u0219ti\",\"isPartOf\":{\"@id\":\"https:\\\/\\\/buletin.de\\\/bucuresti\\\/#website\"},\"primaryImageOfPage\":{\"@id\":\"https:\\\/\\\/buletin.de\\\/bucuresti\\\/ecrane-gigant-in-bucuresti-pentru-microbistii-care-vor-sa-vada-meciurile-de-la-euro-2024\\\/#primaryimage\"},\"image\":{\"@id\":\"https:\\\/\\\/buletin.de\\\/bucuresti\\\/ecrane-gigant-in-bucuresti-pentru-microbistii-care-vor-sa-vada-meciurile-de-la-euro-2024\\\/#primaryimage\"},\"thumbnailUrl\":\"https:\\\/\\\/buletin.de\\\/bucuresti\\\/wp-content\\\/uploads\\\/fan-zone-piata-enescu-euro-2024.png\",\"datePublished\":\"2024-06-15T02:00:00+00:00\",\"dateModified\":\"2024-06-16T07:15:14+00:00\",\"breadcrumb\":{\"@id\":\"https:\\\/\\\/buletin.de\\\/bucuresti\\\/ecrane-gigant-in-bucuresti-pentru-microbistii-care-vor-sa-vada-meciurile-de-la-euro-2024\\\/#breadcrumb\"},\"inLanguage\":\"en-GB\",\"potentialAction\":[{\"@type\":\"ReadAction\",\"target\":[\"https:\\\/\\\/buletin.de\\\/bucuresti\\\/ecrane-gigant-in-bucuresti-pentru-microbistii-care-vor-sa-vada-meciurile-de-la-euro-2024\\\/\"]}]},{\"@type\":\"ImageObject\",\"inLanguage\":\"en-GB\",\"@id\":\"https:\\\/\\\/buletin.de\\\/bucuresti\\\/ecrane-gigant-in-bucuresti-pentru-microbistii-care-vor-sa-vada-meciurile-de-la-euro-2024\\\/#primaryimage\",\"url\":\"https:\\\/\\\/buletin.de\\\/bucuresti\\\/wp-content\\\/uploads\\\/fan-zone-piata-enescu-euro-2024.png\",\"contentUrl\":\"https:\\\/\\\/buletin.de\\\/bucuresti\\\/wp-content\\\/uploads\\\/fan-zone-piata-enescu-euro-2024.png\",\"width\":1880,\"height\":985,\"caption\":\"FOTO: FB \\\/ Hai Rom\u00e2nia, pe Calea Victoriei\"},{\"@type\":\"BreadcrumbList\",\"@id\":\"https:\\\/\\\/buletin.de\\\/bucuresti\\\/ecrane-gigant-in-bucuresti-pentru-microbistii-care-vor-sa-vada-meciurile-de-la-euro-2024\\\/#breadcrumb\",\"itemListElement\":[{\"@type\":\"ListItem\",\"position\":1,\"name\":\"Acas\u0103\",\"item\":\"https:\\\/\\\/buletin.de\\\/bucuresti\\\/\"},{\"@type\":\"ListItem\",\"position\":2,\"name\":\"Ecrane gigant \u00een Bucure\u015fti pentru microbi\u015ftii care vor s\u0103 vad\u0103 meciurile de la EURO 2024\"}]},{\"@type\":\"WebSite\",\"@id\":\"https:\\\/\\\/buletin.de\\\/bucuresti\\\/#website\",\"url\":\"https:\\\/\\\/buletin.de\\\/bucuresti\\\/\",\"name\":\"Buletin de Bucure\u0219ti\",\"description\":\"\u0218tiri \u0219i investiga\u021bii esen\u021biale din capital\u0103\",\"publisher\":{\"@id\":\"https:\\\/\\\/buletin.de\\\/bucuresti\\\/#organization\"},\"potentialAction\":[{\"@type\":\"SearchAction\",\"target\":{\"@type\":\"EntryPoint\",\"urlTemplate\":\"https:\\\/\\\/buletin.de\\\/bucuresti\\\/?s={search_term_string}\"},\"query-input\":{\"@type\":\"PropertyValueSpecification\",\"valueRequired\":true,\"valueName\":\"search_term_string\"}}],\"inLanguage\":\"en-GB\"},{\"@type\":\"Organization\",\"@id\":\"https:\\\/\\\/buletin.de\\\/bucuresti\\\/#organization\",\"name\":\"Buletin de Bucure\u0219ti\",\"url\":\"https:\\\/\\\/buletin.de\\\/bucuresti\\\/\",\"logo\":{\"@type\":\"ImageObject\",\"inLanguage\":\"en-GB\",\"@id\":\"https:\\\/\\\/buletin.de\\\/bucuresti\\\/#\\\/schema\\\/logo\\\/image\\\/\",\"url\":\"https:\\\/\\\/buletin.de\\\/bucuresti\\\/wp-content\\\/uploads\\\/logo-bdb-full-wide-vernil-transparent.png\",\"contentUrl\":\"https:\\\/\\\/buletin.de\\\/bucuresti\\\/wp-content\\\/uploads\\\/logo-bdb-full-wide-vernil-transparent.png\",\"width\":1782,\"height\":626,\"caption\":\"Buletin de Bucure\u0219ti\"},\"image\":{\"@id\":\"https:\\\/\\\/buletin.de\\\/bucuresti\\\/#\\\/schema\\\/logo\\\/image\\\/\"},\"sameAs\":[\"https:\\\/\\\/www.facebook.com\\\/buletin.de.buc\",\"https:\\\/\\\/www.instagram.com\\\/buletinde.bucuresti\\\/\"]},{\"@type\":\"Person\",\"@id\":\"https:\\\/\\\/buletin.de\\\/bucuresti\\\/#\\\/schema\\\/person\\\/7e46040573290777280a0835d81ea4ea\",\"name\":\"Diana Matei\",\"image\":{\"@type\":\"ImageObject\",\"inLanguage\":\"en-GB\",\"@id\":\"https:\\\/\\\/buletin.de\\\/bucuresti\\\/wp-content\\\/uploads\\\/9-2-96x96.jpg1e8590b30871d70e62ebcdaf2eff570c\",\"url\":\"https:\\\/\\\/buletin.de\\\/bucuresti\\\/wp-content\\\/uploads\\\/9-2-96x96.jpg\",\"contentUrl\":\"https:\\\/\\\/buletin.de\\\/bucuresti\\\/wp-content\\\/uploads\\\/9-2-96x96.jpg\",\"caption\":\"Diana Matei\"},\"url\":\"https:\\\/\\\/buletin.de\\\/bucuresti\\\/author\\\/dianamatei\\\/\"}]}<\/script>\n<!-- \/ Yoast SEO Premium plugin. -->","yoast_head_json":{"title":"Ecrane gigant \u00een Bucure\u015fti pentru microbi\u015ftii care vor s\u0103 vad\u0103 meciurile de la EURO 2024 - Buletin de Bucure\u0219ti","robots":{"index":"index","follow":"follow","max-snippet":"max-snippet:-1","max-image-preview":"max-image-preview:large","max-video-preview":"max-video-preview:-1"},"canonical":"https:\/\/buletin.de\/bucuresti\/ecrane-gigant-in-bucuresti-pentru-microbistii-care-vor-sa-vada-meciurile-de-la-euro-2024\/","og_locale":"en_GB","og_type":"article","og_title":"Ecrane gigant \u00een Bucure\u015fti pentru microbi\u015ftii care vor s\u0103 vad\u0103 meciurile de la EURO 2024","og_description":"Meciurile turneului european de fotbal vor putea fi urm\u0103rite \u00een Pia\u021ba \u201eGeorge Enescu\u201d din Bucure\u0219ti, acolo unde a fost amenajat un fan zone \u015fi a fost montat un ecran uria\u015f. Nu este singurul loc unde fanii echipei na\u0163ionale \u015fi ai fotbalului \u00een general vor putea s\u0103 urm\u0103reasc\u0103 meciurile de la Euro \u00een aer liber. P\u00e2n\u0103 [&hellip;]","og_url":"https:\/\/buletin.de\/bucuresti\/ecrane-gigant-in-bucuresti-pentru-microbistii-care-vor-sa-vada-meciurile-de-la-euro-2024\/","og_site_name":"Buletin de Bucure\u0219ti","article_publisher":"https:\/\/www.facebook.com\/buletin.de.buc","article_published_time":"2024-06-15T02:00:00+00:00","article_modified_time":"2024-06-16T07:15:14+00:00","og_image":[{"width":900,"height":472,"url":"https:\/\/buletin.de\/bucuresti\/wp-content\/uploads\/fan-zone-piata-enescu-euro-2024-900x472.png","type":"image\/png"}],"author":"Diana Matei","twitter_card":"summary_large_image","twitter_misc":{"Written by":"Diana Matei","Estimated reading time":"2 minutes"},"schema":{"@context":"https:\/\/schema.org","@graph":[{"@type":"Article","@id":"https:\/\/buletin.de\/bucuresti\/ecrane-gigant-in-bucuresti-pentru-microbistii-care-vor-sa-vada-meciurile-de-la-euro-2024\/#article","isPartOf":{"@id":"https:\/\/buletin.de\/bucuresti\/ecrane-gigant-in-bucuresti-pentru-microbistii-care-vor-sa-vada-meciurile-de-la-euro-2024\/"},"author":{"name":"Diana Matei","@id":"https:\/\/buletin.de\/bucuresti\/#\/schema\/person\/7e46040573290777280a0835d81ea4ea"},"headline":"Ecrane gigant \u00een Bucure\u015fti pentru microbi\u015ftii care vor s\u0103 vad\u0103 meciurile de la EURO 2024","datePublished":"2024-06-15T02:00:00+00:00","dateModified":"2024-06-16T07:15:14+00:00","mainEntityOfPage":{"@id":"https:\/\/buletin.de\/bucuresti\/ecrane-gigant-in-bucuresti-pentru-microbistii-care-vor-sa-vada-meciurile-de-la-euro-2024\/"},"wordCount":252,"publisher":{"@id":"https:\/\/buletin.de\/bucuresti\/#organization"},"image":{"@id":"https:\/\/buletin.de\/bucuresti\/ecrane-gigant-in-bucuresti-pentru-microbistii-care-vor-sa-vada-meciurile-de-la-euro-2024\/#primaryimage"},"thumbnailUrl":"https:\/\/buletin.de\/bucuresti\/wp-content\/uploads\/fan-zone-piata-enescu-euro-2024.png","keywords":["ateneul roman","ecran calea victoriei meciuri euro","Euro 2024","fan zone euro 2024 piata george enescu","piata george enescu"],"articleSection":["Articole","Main"],"inLanguage":"en-GB","copyrightYear":"2024","copyrightHolder":{"@id":"https:\/\/buletin.de\/bucuresti\/#organization"}},{"@type":"WebPage","@id":"https:\/\/buletin.de\/bucuresti\/ecrane-gigant-in-bucuresti-pentru-microbistii-care-vor-sa-vada-meciurile-de-la-euro-2024\/","url":"https:\/\/buletin.de\/bucuresti\/ecrane-gigant-in-bucuresti-pentru-microbistii-care-vor-sa-vada-meciurile-de-la-euro-2024\/","name":"Ecrane gigant \u00een Bucure\u015fti pentru microbi\u015ftii care vor s\u0103 vad\u0103 meciurile de la EURO 2024 - Buletin de Bucure\u0219ti","isPartOf":{"@id":"https:\/\/buletin.de\/bucuresti\/#website"},"primaryImageOfPage":{"@id":"https:\/\/buletin.de\/bucuresti\/ecrane-gigant-in-bucuresti-pentru-microbistii-care-vor-sa-vada-meciurile-de-la-euro-2024\/#primaryimage"},"image":{"@id":"https:\/\/buletin.de\/bucuresti\/ecrane-gigant-in-bucuresti-pentru-microbistii-care-vor-sa-vada-meciurile-de-la-euro-2024\/#primaryimage"},"thumbnailUrl":"https:\/\/buletin.de\/bucuresti\/wp-content\/uploads\/fan-zone-piata-enescu-euro-2024.png","datePublished":"2024-06-15T02:00:00+00:00","dateModified":"2024-06-16T07:15:14+00:00","breadcrumb":{"@id":"https:\/\/buletin.de\/bucuresti\/ecrane-gigant-in-bucuresti-pentru-microbistii-care-vor-sa-vada-meciurile-de-la-euro-2024\/#breadcrumb"},"inLanguage":"en-GB","potentialAction":[{"@type":"ReadAction","target":["https:\/\/buletin.de\/bucuresti\/ecrane-gigant-in-bucuresti-pentru-microbistii-care-vor-sa-vada-meciurile-de-la-euro-2024\/"]}]},{"@type":"ImageObject","inLanguage":"en-GB","@id":"https:\/\/buletin.de\/bucuresti\/ecrane-gigant-in-bucuresti-pentru-microbistii-care-vor-sa-vada-meciurile-de-la-euro-2024\/#primaryimage","url":"https:\/\/buletin.de\/bucuresti\/wp-content\/uploads\/fan-zone-piata-enescu-euro-2024.png","contentUrl":"https:\/\/buletin.de\/bucuresti\/wp-content\/uploads\/fan-zone-piata-enescu-euro-2024.png","width":1880,"height":985,"caption":"FOTO: FB \/ Hai Rom\u00e2nia, pe Calea Victoriei"},{"@type":"BreadcrumbList","@id":"https:\/\/buletin.de\/bucuresti\/ecrane-gigant-in-bucuresti-pentru-microbistii-care-vor-sa-vada-meciurile-de-la-euro-2024\/#breadcrumb","itemListElement":[{"@type":"ListItem","position":1,"name":"Acas\u0103","item":"https:\/\/buletin.de\/bucuresti\/"},{"@type":"ListItem","position":2,"name":"Ecrane gigant \u00een Bucure\u015fti pentru microbi\u015ftii care vor s\u0103 vad\u0103 meciurile de la EURO 2024"}]},{"@type":"WebSite","@id":"https:\/\/buletin.de\/bucuresti\/#website","url":"https:\/\/buletin.de\/bucuresti\/","name":"Buletin de Bucure\u0219ti","description":"\u0218tiri \u0219i investiga\u021bii esen\u021biale din capital\u0103","publisher":{"@id":"https:\/\/buletin.de\/bucuresti\/#organization"},"potentialAction":[{"@type":"SearchAction","target":{"@type":"EntryPoint","urlTemplate":"https:\/\/buletin.de\/bucuresti\/?s={search_term_string}"},"query-input":{"@type":"PropertyValueSpecification","valueRequired":true,"valueName":"search_term_string"}}],"inLanguage":"en-GB"},{"@type":"Organization","@id":"https:\/\/buletin.de\/bucuresti\/#organization","name":"Buletin de Bucure\u0219ti","url":"https:\/\/buletin.de\/bucuresti\/","logo":{"@type":"ImageObject","inLanguage":"en-GB","@id":"https:\/\/buletin.de\/bucuresti\/#\/schema\/logo\/image\/","url":"https:\/\/buletin.de\/bucuresti\/wp-content\/uploads\/logo-bdb-full-wide-vernil-transparent.png","contentUrl":"https:\/\/buletin.de\/bucuresti\/wp-content\/uploads\/logo-bdb-full-wide-vernil-transparent.png","width":1782,"height":626,"caption":"Buletin de Bucure\u0219ti"},"image":{"@id":"https:\/\/buletin.de\/bucuresti\/#\/schema\/logo\/image\/"},"sameAs":["https:\/\/www.facebook.com\/buletin.de.buc","https:\/\/www.instagram.com\/buletinde.bucuresti\/"]},{"@type":"Person","@id":"https:\/\/buletin.de\/bucuresti\/#\/schema\/person\/7e46040573290777280a0835d81ea4ea","name":"Diana Matei","image":{"@type":"ImageObject","inLanguage":"en-GB","@id":"https:\/\/buletin.de\/bucuresti\/wp-content\/uploads\/9-2-96x96.jpg1e8590b30871d70e62ebcdaf2eff570c","url":"https:\/\/buletin.de\/bucuresti\/wp-content\/uploads\/9-2-96x96.jpg","contentUrl":"https:\/\/buletin.de\/bucuresti\/wp-content\/uploads\/9-2-96x96.jpg","caption":"Diana Matei"},"url":"https:\/\/buletin.de\/bucuresti\/author\/dianamatei\/"}]}},"authors":[{"term_id":22574,"user_id":49,"is_guest":0,"slug":"dianamatei","display_name":"Diana Matei","avatar_url":"https:\/\/buletin.de\/bucuresti\/wp-content\/uploads\/9-2-96x96.jpg","0":null,"1":"","2":"","3":"","4":"","5":"","6":"","7":"","8":""}],"_links":{"self":[{"href":"https:\/\/buletin.de\/bucuresti\/wp-json\/wp\/v2\/posts\/88392","targetHints":{"allow":["GET"]}}],"collection":[{"href":"https:\/\/buletin.de\/bucuresti\/wp-json\/wp\/v2\/posts"}],"about":[{"href":"https:\/\/buletin.de\/bucuresti\/wp-json\/wp\/v2\/types\/post"}],"author":[{"embeddable":true,"href":"https:\/\/buletin.de\/bucuresti\/wp-json\/wp\/v2\/users\/49"}],"replies":[{"embeddable":true,"href":"https:\/\/buletin.de\/bucuresti\/wp-json\/wp\/v2\/comments?post=88392"}],"version-history":[{"count":7,"href":"https:\/\/buletin.de\/bucuresti\/wp-json\/wp\/v2\/posts\/88392\/revisions"}],"predecessor-version":[{"id":88411,"href":"https:\/\/buletin.de\/bucuresti\/wp-json\/wp\/v2\/posts\/88392\/revisions\/88411"}],"wp:featuredmedia":[{"embeddable":true,"href":"https:\/\/buletin.de\/bucuresti\/wp-json\/wp\/v2\/media\/88410"}],"wp:attachment":[{"href":"https:\/\/buletin.de\/bucuresti\/wp-json\/wp\/v2\/media?parent=88392"}],"wp:term":[{"taxonomy":"category","embeddable":true,"href":"https:\/\/buletin.de\/bucuresti\/wp-json\/wp\/v2\/categories?post=88392"},{"taxonomy":"post_tag","embeddable":true,"href":"https:\/\/buletin.de\/bucuresti\/wp-json\/wp\/v2\/tags?post=88392"},{"taxonomy":"author","embeddable":true,"href":"https:\/\/buletin.de\/bucuresti\/wp-json\/wp\/v2\/ppma_author?post=88392"}],"curies":[{"name":"wp","href":"https:\/\/api.w.org\/{rel}","templated":true}]}}