{"id":88388,"date":"2024-06-15T06:25:00","date_gmt":"2024-06-15T03:25:00","guid":{"rendered":"https:\/\/buletin.de\/bucuresti\/?p=88388"},"modified":"2024-06-15T00:18:40","modified_gmt":"2024-06-14T21:18:40","slug":"statii-noi-pe-traseele-liniilor-178-si-n122-din-acest-weekend","status":"publish","type":"post","link":"https:\/\/buletin.de\/bucuresti\/statii-noi-pe-traseele-liniilor-178-si-n122-din-acest-weekend\/","title":{"rendered":"Sta\u021bii noi pe traseele liniilor 178 \u0219i N122, din acest weekend"},"content":{"rendered":"\n<p><strong>\u00cencep\u00e2nd cu data de\u00a015.06.2024, autobuzele\u00a0liniei 178\u00a0vor opri \u0219i \u00een noua sta\u021bie\u00a0\u201eD\u00e2mbovi\u021ba\u201d. Aceasta este amplasat\u0103 pe \u0218oseaua Virtu\u021bii, pe sensul spre cap\u0103tul \u201eMaster\u201d.<\/strong><\/p>\n\n\n\n<p>De asemenea, autobuzele\u00a0<strong>liniei de noapte N122<\/strong>\u00a0vor opri \u00een sta\u021bia\u00a0<strong>\u201eVoluntarilor\u201d<\/strong>, situat\u0103 pe Bulevardul Camil Ressu, pe sensul c\u0103tre terminalul \u201ePantelimon\u201d. Asocia\u021bia de Dezvoltare Intercomunitar\u0103 pentru Transport Public Bucure\u0219ti \u2013 Ilfov a luat aceast\u0103 m\u0103sur\u0103, \u00een urma finaliz\u0103rii lucr\u0103rilor de amenajare a acestora.<\/p>\n\n\n\n<p>Tot din 15 iunie, traseul\u00a0<strong>liniei 343<\/strong>\u00a0va fi prelungit \u00een Cartierul Henri Coand\u0103. Vechiul cap\u0103t de linie devine sta\u021bia\u00a0<strong>\u201eBiharia\u201d<\/strong>.<\/p>\n\n\n\n<figure class=\"wp-block-image size-large\"><img fetchpriority=\"high\" decoding=\"async\" width=\"900\" height=\"568\" src=\"data:image\/gif;base64,R0lGODlhAQABAAAAACH5BAEKAAEALAAAAAABAAEAAAICTAEAOw==\" data-src=\"https:\/\/buletin.de\/bucuresti\/wp-content\/uploads\/343-site-002-900x568.png\" alt=\"\" class=\"wp-image-88390 lazyload\" data-sizes=\"auto\" data-srcset=\"https:\/\/buletin.de\/bucuresti\/wp-content\/uploads\/343-site-002-900x568.png 900w, https:\/\/buletin.de\/bucuresti\/wp-content\/uploads\/343-site-002-300x189.png 300w, https:\/\/buletin.de\/bucuresti\/wp-content\/uploads\/343-site-002-768x485.png 768w, https:\/\/buletin.de\/bucuresti\/wp-content\/uploads\/343-site-002-1100x695.png 1100w, https:\/\/buletin.de\/bucuresti\/wp-content\/uploads\/343-site-002-600x379.png 600w, https:\/\/buletin.de\/bucuresti\/wp-content\/uploads\/343-site-002-20x13.png 20w, https:\/\/buletin.de\/bucuresti\/wp-content\/uploads\/343-site-002.png 1528w\" sizes=\"(max-width: 900px) 100vw, 900px\" \/><\/figure>\n\n\n\n<p>Autobuzele vor \u00eentoarce \u00een zona noului terminal, situat\u00a0<strong>pe Bulevardul Iulian Mihu<\/strong>. La acest terminal vor func\u021biona noile sta\u021bii\u00a0<strong>\u201eCartier Henri Coand\u0103\u201d<\/strong>, destinate debarc\u0103rii \u0219i \u00eembarc\u0103rii c\u0103l\u0103torilor.<\/p>\n\n\n\n<p><strong>CITE\u0218TE \u0218I:<\/strong><\/p>\n\n\n\n<figure class=\"wp-block-embed is-type-wp-embed is-provider-buletin-de-bucure-ti wp-block-embed-buletin-de-bucure-ti\"><div class=\"wp-block-embed__wrapper\">\n<blockquote class=\"wp-embedded-content\" data-secret=\"SlzThxk7D0\"><a href=\"https:\/\/buletin.de\/bucuresti\/trenurile-soarelui-reintra-pe-traseu-treizeci-si-sase-de-garnituri-fac-legatura-intre-capitala-si-litoral\/\">Trenurile Soarelui reintr\u0103 pe traseu. Treizeci \u015fi \u015fase de garnituri fac leg\u0103tura \u00eentre Capital\u0103 \u015fi litoral<\/a><\/blockquote><iframe class=\"wp-embedded-content\" sandbox=\"allow-scripts\" security=\"restricted\" style=\"position: absolute; clip: rect(1px, 1px, 1px, 1px);\" title=\"&#8220;Trenurile Soarelui reintr\u0103 pe traseu. Treizeci \u015fi \u015fase de garnituri fac leg\u0103tura \u00eentre Capital\u0103 \u015fi litoral&#8221; &#8212; Buletin de Bucure\u0219ti\" src=\"https:\/\/buletin.de\/bucuresti\/trenurile-soarelui-reintra-pe-traseu-treizeci-si-sase-de-garnituri-fac-legatura-intre-capitala-si-litoral\/embed\/#?secret=R1go0ay73O#?secret=SlzThxk7D0\" data-secret=\"SlzThxk7D0\" width=\"600\" height=\"338\" frameborder=\"0\" marginwidth=\"0\" marginheight=\"0\" scrolling=\"no\"><\/iframe>\n<\/div><\/figure>\n","protected":false},"excerpt":{"rendered":"<p>\u00cencep\u00e2nd cu data de\u00a015.06.2024, autobuzele\u00a0liniei 178\u00a0vor opri \u0219i \u00een noua sta\u021bie\u00a0\u201eD\u00e2mbovi\u021ba\u201d. Aceasta este amplasat\u0103 pe \u0218oseaua Virtu\u021bii, pe sensul spre cap\u0103tul \u201eMaster\u201d. De asemenea, autobuzele\u00a0liniei de noapte N122\u00a0vor opri \u00een sta\u021bia\u00a0\u201eVoluntarilor\u201d, situat\u0103 pe Bulevardul Camil Ressu, pe sensul c\u0103tre terminalul \u201ePantelimon\u201d. Asocia\u021bia de Dezvoltare Intercomunitar\u0103 pentru Transport Public Bucure\u0219ti \u2013 Ilfov a luat aceast\u0103 m\u0103sur\u0103, [&hellip;]<\/p>\n","protected":false},"author":49,"featured_media":88389,"comment_status":"closed","ping_status":"open","sticky":false,"template":"","format":"standard","meta":{"_acf_changed":false,"inline_featured_image":false,"ngg_post_thumbnail":0,"footnotes":""},"categories":[6994,62,650],"tags":[10157,3819,12775,402],"ppma_author":[22574],"class_list":["post-88388","post","type-post","status-publish","format-standard","has-post-thumbnail","hentry","category-stiri-2","category-stiri","category-transport","tag-linia-178","tag-linia-343","tag-linia-n122","tag-stb"],"acf":[],"yoast_head":"<!-- This site is optimized with the Yoast SEO Premium plugin v25.3 (Yoast SEO v27.4) - https:\/\/yoast.com\/product\/yoast-seo-premium-wordpress\/ -->\n<title>Sta\u021bii noi pe traseele liniilor 178 \u0219i N122, din acest weekend - Buletin de Bucure\u0219ti<\/title>\n<meta name=\"robots\" content=\"index, follow, max-snippet:-1, max-image-preview:large, max-video-preview:-1\" \/>\n<link rel=\"canonical\" href=\"https:\/\/buletin.de\/bucuresti\/statii-noi-pe-traseele-liniilor-178-si-n122-din-acest-weekend\/\" \/>\n<meta property=\"og:locale\" content=\"en_GB\" \/>\n<meta property=\"og:type\" content=\"article\" \/>\n<meta property=\"og:title\" content=\"Sta\u021bii noi pe traseele liniilor 178 \u0219i N122, din acest weekend\" \/>\n<meta property=\"og:description\" content=\"\u00cencep\u00e2nd cu data de\u00a015.06.2024, autobuzele\u00a0liniei 178\u00a0vor opri \u0219i \u00een noua sta\u021bie\u00a0\u201eD\u00e2mbovi\u021ba\u201d. Aceasta este amplasat\u0103 pe \u0218oseaua Virtu\u021bii, pe sensul spre cap\u0103tul \u201eMaster\u201d. De asemenea, autobuzele\u00a0liniei de noapte N122\u00a0vor opri \u00een sta\u021bia\u00a0\u201eVoluntarilor\u201d, situat\u0103 pe Bulevardul Camil Ressu, pe sensul c\u0103tre terminalul \u201ePantelimon\u201d. Asocia\u021bia de Dezvoltare Intercomunitar\u0103 pentru Transport Public Bucure\u0219ti \u2013 Ilfov a luat aceast\u0103 m\u0103sur\u0103, [&hellip;]\" \/>\n<meta property=\"og:url\" content=\"https:\/\/buletin.de\/bucuresti\/statii-noi-pe-traseele-liniilor-178-si-n122-din-acest-weekend\/\" \/>\n<meta property=\"og:site_name\" content=\"Buletin de Bucure\u0219ti\" \/>\n<meta property=\"article:publisher\" content=\"https:\/\/www.facebook.com\/buletin.de.buc\" \/>\n<meta property=\"article:published_time\" content=\"2024-06-15T03:25:00+00:00\" \/>\n<meta property=\"og:image\" content=\"https:\/\/buletin.de\/bucuresti\/wp-content\/uploads\/178.png\" \/>\n\t<meta property=\"og:image:width\" content=\"1080\" \/>\n\t<meta property=\"og:image:height\" content=\"1080\" \/>\n\t<meta property=\"og:image:type\" content=\"image\/png\" \/>\n<meta name=\"author\" content=\"Diana Matei\" \/>\n<meta name=\"twitter:card\" content=\"summary_large_image\" \/>\n<meta name=\"twitter:label1\" content=\"Written by\" \/>\n\t<meta name=\"twitter:data1\" content=\"Diana Matei\" \/>\n\t<meta name=\"twitter:label2\" content=\"Estimated reading time\" \/>\n\t<meta name=\"twitter:data2\" content=\"1 minute\" \/>\n<script type=\"application\/ld+json\" class=\"yoast-schema-graph\">{\"@context\":\"https:\\\/\\\/schema.org\",\"@graph\":[{\"@type\":\"Article\",\"@id\":\"https:\\\/\\\/buletin.de\\\/bucuresti\\\/statii-noi-pe-traseele-liniilor-178-si-n122-din-acest-weekend\\\/#article\",\"isPartOf\":{\"@id\":\"https:\\\/\\\/buletin.de\\\/bucuresti\\\/statii-noi-pe-traseele-liniilor-178-si-n122-din-acest-weekend\\\/\"},\"author\":{\"name\":\"Diana Matei\",\"@id\":\"https:\\\/\\\/buletin.de\\\/bucuresti\\\/#\\\/schema\\\/person\\\/7e46040573290777280a0835d81ea4ea\"},\"headline\":\"Sta\u021bii noi pe traseele liniilor 178 \u0219i N122, din acest weekend\",\"datePublished\":\"2024-06-15T03:25:00+00:00\",\"mainEntityOfPage\":{\"@id\":\"https:\\\/\\\/buletin.de\\\/bucuresti\\\/statii-noi-pe-traseele-liniilor-178-si-n122-din-acest-weekend\\\/\"},\"wordCount\":153,\"publisher\":{\"@id\":\"https:\\\/\\\/buletin.de\\\/bucuresti\\\/#organization\"},\"image\":{\"@id\":\"https:\\\/\\\/buletin.de\\\/bucuresti\\\/statii-noi-pe-traseele-liniilor-178-si-n122-din-acest-weekend\\\/#primaryimage\"},\"thumbnailUrl\":\"https:\\\/\\\/buletin.de\\\/bucuresti\\\/wp-content\\\/uploads\\\/178.png\",\"keywords\":[\"linia 178\",\"Linia 343\",\"linia N122\",\"stb\"],\"articleSection\":[\"Articole\",\"\u0218tiri\",\"Transport\"],\"inLanguage\":\"en-GB\",\"copyrightYear\":\"2024\",\"copyrightHolder\":{\"@id\":\"https:\\\/\\\/buletin.de\\\/bucuresti\\\/#organization\"}},{\"@type\":\"WebPage\",\"@id\":\"https:\\\/\\\/buletin.de\\\/bucuresti\\\/statii-noi-pe-traseele-liniilor-178-si-n122-din-acest-weekend\\\/\",\"url\":\"https:\\\/\\\/buletin.de\\\/bucuresti\\\/statii-noi-pe-traseele-liniilor-178-si-n122-din-acest-weekend\\\/\",\"name\":\"Sta\u021bii noi pe traseele liniilor 178 \u0219i N122, din acest weekend - Buletin de Bucure\u0219ti\",\"isPartOf\":{\"@id\":\"https:\\\/\\\/buletin.de\\\/bucuresti\\\/#website\"},\"primaryImageOfPage\":{\"@id\":\"https:\\\/\\\/buletin.de\\\/bucuresti\\\/statii-noi-pe-traseele-liniilor-178-si-n122-din-acest-weekend\\\/#primaryimage\"},\"image\":{\"@id\":\"https:\\\/\\\/buletin.de\\\/bucuresti\\\/statii-noi-pe-traseele-liniilor-178-si-n122-din-acest-weekend\\\/#primaryimage\"},\"thumbnailUrl\":\"https:\\\/\\\/buletin.de\\\/bucuresti\\\/wp-content\\\/uploads\\\/178.png\",\"datePublished\":\"2024-06-15T03:25:00+00:00\",\"breadcrumb\":{\"@id\":\"https:\\\/\\\/buletin.de\\\/bucuresti\\\/statii-noi-pe-traseele-liniilor-178-si-n122-din-acest-weekend\\\/#breadcrumb\"},\"inLanguage\":\"en-GB\",\"potentialAction\":[{\"@type\":\"ReadAction\",\"target\":[\"https:\\\/\\\/buletin.de\\\/bucuresti\\\/statii-noi-pe-traseele-liniilor-178-si-n122-din-acest-weekend\\\/\"]}]},{\"@type\":\"ImageObject\",\"inLanguage\":\"en-GB\",\"@id\":\"https:\\\/\\\/buletin.de\\\/bucuresti\\\/statii-noi-pe-traseele-liniilor-178-si-n122-din-acest-weekend\\\/#primaryimage\",\"url\":\"https:\\\/\\\/buletin.de\\\/bucuresti\\\/wp-content\\\/uploads\\\/178.png\",\"contentUrl\":\"https:\\\/\\\/buletin.de\\\/bucuresti\\\/wp-content\\\/uploads\\\/178.png\",\"width\":1080,\"height\":1080,\"caption\":\"FOTO:TPIB\"},{\"@type\":\"BreadcrumbList\",\"@id\":\"https:\\\/\\\/buletin.de\\\/bucuresti\\\/statii-noi-pe-traseele-liniilor-178-si-n122-din-acest-weekend\\\/#breadcrumb\",\"itemListElement\":[{\"@type\":\"ListItem\",\"position\":1,\"name\":\"Acas\u0103\",\"item\":\"https:\\\/\\\/buletin.de\\\/bucuresti\\\/\"},{\"@type\":\"ListItem\",\"position\":2,\"name\":\"Sta\u021bii noi pe traseele liniilor 178 \u0219i N122, din acest weekend\"}]},{\"@type\":\"WebSite\",\"@id\":\"https:\\\/\\\/buletin.de\\\/bucuresti\\\/#website\",\"url\":\"https:\\\/\\\/buletin.de\\\/bucuresti\\\/\",\"name\":\"Buletin de Bucure\u0219ti\",\"description\":\"\u0218tiri \u0219i investiga\u021bii esen\u021biale din capital\u0103\",\"publisher\":{\"@id\":\"https:\\\/\\\/buletin.de\\\/bucuresti\\\/#organization\"},\"potentialAction\":[{\"@type\":\"SearchAction\",\"target\":{\"@type\":\"EntryPoint\",\"urlTemplate\":\"https:\\\/\\\/buletin.de\\\/bucuresti\\\/?s={search_term_string}\"},\"query-input\":{\"@type\":\"PropertyValueSpecification\",\"valueRequired\":true,\"valueName\":\"search_term_string\"}}],\"inLanguage\":\"en-GB\"},{\"@type\":\"Organization\",\"@id\":\"https:\\\/\\\/buletin.de\\\/bucuresti\\\/#organization\",\"name\":\"Buletin de Bucure\u0219ti\",\"url\":\"https:\\\/\\\/buletin.de\\\/bucuresti\\\/\",\"logo\":{\"@type\":\"ImageObject\",\"inLanguage\":\"en-GB\",\"@id\":\"https:\\\/\\\/buletin.de\\\/bucuresti\\\/#\\\/schema\\\/logo\\\/image\\\/\",\"url\":\"https:\\\/\\\/buletin.de\\\/bucuresti\\\/wp-content\\\/uploads\\\/logo-bdb-full-wide-vernil-transparent.png\",\"contentUrl\":\"https:\\\/\\\/buletin.de\\\/bucuresti\\\/wp-content\\\/uploads\\\/logo-bdb-full-wide-vernil-transparent.png\",\"width\":1782,\"height\":626,\"caption\":\"Buletin de Bucure\u0219ti\"},\"image\":{\"@id\":\"https:\\\/\\\/buletin.de\\\/bucuresti\\\/#\\\/schema\\\/logo\\\/image\\\/\"},\"sameAs\":[\"https:\\\/\\\/www.facebook.com\\\/buletin.de.buc\",\"https:\\\/\\\/www.instagram.com\\\/buletinde.bucuresti\\\/\"]},{\"@type\":\"Person\",\"@id\":\"https:\\\/\\\/buletin.de\\\/bucuresti\\\/#\\\/schema\\\/person\\\/7e46040573290777280a0835d81ea4ea\",\"name\":\"Diana Matei\",\"image\":{\"@type\":\"ImageObject\",\"inLanguage\":\"en-GB\",\"@id\":\"https:\\\/\\\/buletin.de\\\/bucuresti\\\/wp-content\\\/uploads\\\/9-2-96x96.jpg1e8590b30871d70e62ebcdaf2eff570c\",\"url\":\"https:\\\/\\\/buletin.de\\\/bucuresti\\\/wp-content\\\/uploads\\\/9-2-96x96.jpg\",\"contentUrl\":\"https:\\\/\\\/buletin.de\\\/bucuresti\\\/wp-content\\\/uploads\\\/9-2-96x96.jpg\",\"caption\":\"Diana Matei\"},\"url\":\"https:\\\/\\\/buletin.de\\\/bucuresti\\\/author\\\/dianamatei\\\/\"}]}<\/script>\n<!-- \/ Yoast SEO Premium plugin. -->","yoast_head_json":{"title":"Sta\u021bii noi pe traseele liniilor 178 \u0219i N122, din acest weekend - Buletin de Bucure\u0219ti","robots":{"index":"index","follow":"follow","max-snippet":"max-snippet:-1","max-image-preview":"max-image-preview:large","max-video-preview":"max-video-preview:-1"},"canonical":"https:\/\/buletin.de\/bucuresti\/statii-noi-pe-traseele-liniilor-178-si-n122-din-acest-weekend\/","og_locale":"en_GB","og_type":"article","og_title":"Sta\u021bii noi pe traseele liniilor 178 \u0219i N122, din acest weekend","og_description":"\u00cencep\u00e2nd cu data de\u00a015.06.2024, autobuzele\u00a0liniei 178\u00a0vor opri \u0219i \u00een noua sta\u021bie\u00a0\u201eD\u00e2mbovi\u021ba\u201d. Aceasta este amplasat\u0103 pe \u0218oseaua Virtu\u021bii, pe sensul spre cap\u0103tul \u201eMaster\u201d. De asemenea, autobuzele\u00a0liniei de noapte N122\u00a0vor opri \u00een sta\u021bia\u00a0\u201eVoluntarilor\u201d, situat\u0103 pe Bulevardul Camil Ressu, pe sensul c\u0103tre terminalul \u201ePantelimon\u201d. Asocia\u021bia de Dezvoltare Intercomunitar\u0103 pentru Transport Public Bucure\u0219ti \u2013 Ilfov a luat aceast\u0103 m\u0103sur\u0103, [&hellip;]","og_url":"https:\/\/buletin.de\/bucuresti\/statii-noi-pe-traseele-liniilor-178-si-n122-din-acest-weekend\/","og_site_name":"Buletin de Bucure\u0219ti","article_publisher":"https:\/\/www.facebook.com\/buletin.de.buc","article_published_time":"2024-06-15T03:25:00+00:00","og_image":[{"width":1080,"height":1080,"url":"https:\/\/buletin.de\/bucuresti\/wp-content\/uploads\/178.png","type":"image\/png"}],"author":"Diana Matei","twitter_card":"summary_large_image","twitter_misc":{"Written by":"Diana Matei","Estimated reading time":"1 minute"},"schema":{"@context":"https:\/\/schema.org","@graph":[{"@type":"Article","@id":"https:\/\/buletin.de\/bucuresti\/statii-noi-pe-traseele-liniilor-178-si-n122-din-acest-weekend\/#article","isPartOf":{"@id":"https:\/\/buletin.de\/bucuresti\/statii-noi-pe-traseele-liniilor-178-si-n122-din-acest-weekend\/"},"author":{"name":"Diana Matei","@id":"https:\/\/buletin.de\/bucuresti\/#\/schema\/person\/7e46040573290777280a0835d81ea4ea"},"headline":"Sta\u021bii noi pe traseele liniilor 178 \u0219i N122, din acest weekend","datePublished":"2024-06-15T03:25:00+00:00","mainEntityOfPage":{"@id":"https:\/\/buletin.de\/bucuresti\/statii-noi-pe-traseele-liniilor-178-si-n122-din-acest-weekend\/"},"wordCount":153,"publisher":{"@id":"https:\/\/buletin.de\/bucuresti\/#organization"},"image":{"@id":"https:\/\/buletin.de\/bucuresti\/statii-noi-pe-traseele-liniilor-178-si-n122-din-acest-weekend\/#primaryimage"},"thumbnailUrl":"https:\/\/buletin.de\/bucuresti\/wp-content\/uploads\/178.png","keywords":["linia 178","Linia 343","linia N122","stb"],"articleSection":["Articole","\u0218tiri","Transport"],"inLanguage":"en-GB","copyrightYear":"2024","copyrightHolder":{"@id":"https:\/\/buletin.de\/bucuresti\/#organization"}},{"@type":"WebPage","@id":"https:\/\/buletin.de\/bucuresti\/statii-noi-pe-traseele-liniilor-178-si-n122-din-acest-weekend\/","url":"https:\/\/buletin.de\/bucuresti\/statii-noi-pe-traseele-liniilor-178-si-n122-din-acest-weekend\/","name":"Sta\u021bii noi pe traseele liniilor 178 \u0219i N122, din acest weekend - Buletin de Bucure\u0219ti","isPartOf":{"@id":"https:\/\/buletin.de\/bucuresti\/#website"},"primaryImageOfPage":{"@id":"https:\/\/buletin.de\/bucuresti\/statii-noi-pe-traseele-liniilor-178-si-n122-din-acest-weekend\/#primaryimage"},"image":{"@id":"https:\/\/buletin.de\/bucuresti\/statii-noi-pe-traseele-liniilor-178-si-n122-din-acest-weekend\/#primaryimage"},"thumbnailUrl":"https:\/\/buletin.de\/bucuresti\/wp-content\/uploads\/178.png","datePublished":"2024-06-15T03:25:00+00:00","breadcrumb":{"@id":"https:\/\/buletin.de\/bucuresti\/statii-noi-pe-traseele-liniilor-178-si-n122-din-acest-weekend\/#breadcrumb"},"inLanguage":"en-GB","potentialAction":[{"@type":"ReadAction","target":["https:\/\/buletin.de\/bucuresti\/statii-noi-pe-traseele-liniilor-178-si-n122-din-acest-weekend\/"]}]},{"@type":"ImageObject","inLanguage":"en-GB","@id":"https:\/\/buletin.de\/bucuresti\/statii-noi-pe-traseele-liniilor-178-si-n122-din-acest-weekend\/#primaryimage","url":"https:\/\/buletin.de\/bucuresti\/wp-content\/uploads\/178.png","contentUrl":"https:\/\/buletin.de\/bucuresti\/wp-content\/uploads\/178.png","width":1080,"height":1080,"caption":"FOTO:TPIB"},{"@type":"BreadcrumbList","@id":"https:\/\/buletin.de\/bucuresti\/statii-noi-pe-traseele-liniilor-178-si-n122-din-acest-weekend\/#breadcrumb","itemListElement":[{"@type":"ListItem","position":1,"name":"Acas\u0103","item":"https:\/\/buletin.de\/bucuresti\/"},{"@type":"ListItem","position":2,"name":"Sta\u021bii noi pe traseele liniilor 178 \u0219i N122, din acest weekend"}]},{"@type":"WebSite","@id":"https:\/\/buletin.de\/bucuresti\/#website","url":"https:\/\/buletin.de\/bucuresti\/","name":"Buletin de Bucure\u0219ti","description":"\u0218tiri \u0219i investiga\u021bii esen\u021biale din capital\u0103","publisher":{"@id":"https:\/\/buletin.de\/bucuresti\/#organization"},"potentialAction":[{"@type":"SearchAction","target":{"@type":"EntryPoint","urlTemplate":"https:\/\/buletin.de\/bucuresti\/?s={search_term_string}"},"query-input":{"@type":"PropertyValueSpecification","valueRequired":true,"valueName":"search_term_string"}}],"inLanguage":"en-GB"},{"@type":"Organization","@id":"https:\/\/buletin.de\/bucuresti\/#organization","name":"Buletin de Bucure\u0219ti","url":"https:\/\/buletin.de\/bucuresti\/","logo":{"@type":"ImageObject","inLanguage":"en-GB","@id":"https:\/\/buletin.de\/bucuresti\/#\/schema\/logo\/image\/","url":"https:\/\/buletin.de\/bucuresti\/wp-content\/uploads\/logo-bdb-full-wide-vernil-transparent.png","contentUrl":"https:\/\/buletin.de\/bucuresti\/wp-content\/uploads\/logo-bdb-full-wide-vernil-transparent.png","width":1782,"height":626,"caption":"Buletin de Bucure\u0219ti"},"image":{"@id":"https:\/\/buletin.de\/bucuresti\/#\/schema\/logo\/image\/"},"sameAs":["https:\/\/www.facebook.com\/buletin.de.buc","https:\/\/www.instagram.com\/buletinde.bucuresti\/"]},{"@type":"Person","@id":"https:\/\/buletin.de\/bucuresti\/#\/schema\/person\/7e46040573290777280a0835d81ea4ea","name":"Diana Matei","image":{"@type":"ImageObject","inLanguage":"en-GB","@id":"https:\/\/buletin.de\/bucuresti\/wp-content\/uploads\/9-2-96x96.jpg1e8590b30871d70e62ebcdaf2eff570c","url":"https:\/\/buletin.de\/bucuresti\/wp-content\/uploads\/9-2-96x96.jpg","contentUrl":"https:\/\/buletin.de\/bucuresti\/wp-content\/uploads\/9-2-96x96.jpg","caption":"Diana Matei"},"url":"https:\/\/buletin.de\/bucuresti\/author\/dianamatei\/"}]}},"authors":[{"term_id":22574,"user_id":49,"is_guest":0,"slug":"dianamatei","display_name":"Diana Matei","avatar_url":"https:\/\/buletin.de\/bucuresti\/wp-content\/uploads\/9-2-96x96.jpg","0":null,"1":"","2":"","3":"","4":"","5":"","6":"","7":"","8":""}],"_links":{"self":[{"href":"https:\/\/buletin.de\/bucuresti\/wp-json\/wp\/v2\/posts\/88388","targetHints":{"allow":["GET"]}}],"collection":[{"href":"https:\/\/buletin.de\/bucuresti\/wp-json\/wp\/v2\/posts"}],"about":[{"href":"https:\/\/buletin.de\/bucuresti\/wp-json\/wp\/v2\/types\/post"}],"author":[{"embeddable":true,"href":"https:\/\/buletin.de\/bucuresti\/wp-json\/wp\/v2\/users\/49"}],"replies":[{"embeddable":true,"href":"https:\/\/buletin.de\/bucuresti\/wp-json\/wp\/v2\/comments?post=88388"}],"version-history":[{"count":2,"href":"https:\/\/buletin.de\/bucuresti\/wp-json\/wp\/v2\/posts\/88388\/revisions"}],"predecessor-version":[{"id":88412,"href":"https:\/\/buletin.de\/bucuresti\/wp-json\/wp\/v2\/posts\/88388\/revisions\/88412"}],"wp:featuredmedia":[{"embeddable":true,"href":"https:\/\/buletin.de\/bucuresti\/wp-json\/wp\/v2\/media\/88389"}],"wp:attachment":[{"href":"https:\/\/buletin.de\/bucuresti\/wp-json\/wp\/v2\/media?parent=88388"}],"wp:term":[{"taxonomy":"category","embeddable":true,"href":"https:\/\/buletin.de\/bucuresti\/wp-json\/wp\/v2\/categories?post=88388"},{"taxonomy":"post_tag","embeddable":true,"href":"https:\/\/buletin.de\/bucuresti\/wp-json\/wp\/v2\/tags?post=88388"},{"taxonomy":"author","embeddable":true,"href":"https:\/\/buletin.de\/bucuresti\/wp-json\/wp\/v2\/ppma_author?post=88388"}],"curies":[{"name":"wp","href":"https:\/\/api.w.org\/{rel}","templated":true}]}}