{"id":88381,"date":"2024-06-14T13:51:58","date_gmt":"2024-06-14T10:51:58","guid":{"rendered":"https:\/\/buletin.de\/bucuresti\/?p=88381"},"modified":"2024-06-14T13:51:58","modified_gmt":"2024-06-14T10:51:58","slug":"aspa-targ-de-adoptii-de-catei-in-parcul-tineretului","status":"publish","type":"post","link":"https:\/\/buletin.de\/bucuresti\/aspa-targ-de-adoptii-de-catei-in-parcul-tineretului\/","title":{"rendered":"ASPA | T\u00e2rg de adop\u021bii de c\u0103\u021bei, \u00een Parcul Tineretului"},"content":{"rendered":"\n<p><strong>ASPA organizeaz\u0103 un nou t\u00e2rg de adop\u021bii de c\u0103\u021bei. Evenimentul are loc \u00een Parcul Tineretului &#8211; intrarea din Bd. Gheorghe \u0218incai,<\/strong> <strong>\u00eentre orele 09:00-15:00.<\/strong><\/p>\n\n\n\n<p>15 c\u0103\u021bei, din ad\u0103posturile ASPA. sunt preg\u0103ti\u021bi s\u0103 fie adopta\u021bi. Toate animalele sunt microcipate, deparazitate intern \u0219i extern \u0219i sterilizate, dac\u0103 v\u00e2rsta o permite, \u0219i au formele legale necesare. Adop\u021biile sunt gratuite.<\/p>\n\n\n\n<p>Pentru fiecare adop\u021bie, sunt premii din partea sponsorilor, iar din partea celor de la Transilvania Film o invita\u021bie dubl\u0103 la filmul \u201eDogman\u201d, ce ruleaz\u0103  \u00een cinematografele din Bucure\u0219ti \u0219i din \u021bar\u0103.<\/p>\n\n\n\n<p>ASPA continu\u0103 campania de steriliz\u0103ri gratuite pentru c\u00e2inii de ras\u0103 comun\u0103 cu de\u021bin\u0103tor \u0219i pisici f\u0103r\u0103 de\u021bin\u0103tor \u0219i \u00een luna iunie. Clinicile mobile sunt prezente \u00een toat\u0103 Capitala:<\/p>\n\n\n\n<ul class=\"wp-block-list\">\n<li><strong>15-16 iunie&nbsp;<\/strong>\u2013 steriliz\u0103ri c\u00e2ini, Sectorul 3 \u2013 \u0218coala Gimnazial\u0103 Nr. 55, din \u0219oseaua Industriilor nr. 46;<\/li>\n\n\n\n<li><strong>22-23 iunie<\/strong>&nbsp;\u2013 steriliz\u0103ri c\u00e2ini, Sectorul 5 \u2013 Centrul de Protec\u021bie a Plantelor Bucure\u0219ti, Drumul Cooperativei nr. 20.<\/li>\n<\/ul>\n\n\n\n<p>Program\u0103ri se fac de luni p\u00e2n\u0103 vineri, \u00een intervalul orar 09:00-16:00 la num\u0103rul de telefon<strong>&nbsp;0743.204.942.<\/strong><\/p>\n\n\n\n<p><strong>CITE\u0218TE \u0218I:<\/strong><\/p>\n\n\n\n<figure class=\"wp-block-embed is-type-wp-embed is-provider-buletin-de-bucure-ti wp-block-embed-buletin-de-bucure-ti\"><div class=\"wp-block-embed__wrapper\">\n<blockquote class=\"wp-embedded-content\" data-secret=\"TtV5URMSKd\"><a href=\"https:\/\/buletin.de\/bucuresti\/modificari-pe-traseul-liniei-117-in-acest-weekend\/\">Modific\u0103ri pe traseul liniei 117, \u00een acest weekend<\/a><\/blockquote><iframe class=\"wp-embedded-content\" sandbox=\"allow-scripts\" security=\"restricted\" style=\"position: absolute; clip: rect(1px, 1px, 1px, 1px);\" title=\"&#8220;Modific\u0103ri pe traseul liniei 117, \u00een acest weekend&#8221; &#8212; Buletin de Bucure\u0219ti\" src=\"https:\/\/buletin.de\/bucuresti\/modificari-pe-traseul-liniei-117-in-acest-weekend\/embed\/#?secret=W4h3ukjTlZ#?secret=TtV5URMSKd\" data-secret=\"TtV5URMSKd\" width=\"600\" height=\"338\" frameborder=\"0\" marginwidth=\"0\" marginheight=\"0\" scrolling=\"no\"><\/iframe>\n<\/div><\/figure>\n\n\n\n<p><\/p>\n","protected":false},"excerpt":{"rendered":"<p>ASPA organizeaz\u0103 un nou t\u00e2rg de adop\u021bii de c\u0103\u021bei. Evenimentul are loc \u00een Parcul Tineretului &#8211; intrarea din Bd. Gheorghe \u0218incai, \u00eentre orele 09:00-15:00. 15 c\u0103\u021bei, din ad\u0103posturile ASPA. sunt preg\u0103ti\u021bi s\u0103 fie adopta\u021bi. Toate animalele sunt microcipate, deparazitate intern \u0219i extern \u0219i sterilizate, dac\u0103 v\u00e2rsta o permite, \u0219i au formele legale necesare. Adop\u021biile sunt [&hellip;]<\/p>\n","protected":false},"author":49,"featured_media":84720,"comment_status":"closed","ping_status":"open","sticky":false,"template":"","format":"standard","meta":{"_acf_changed":false,"inline_featured_image":false,"ngg_post_thumbnail":0,"footnotes":""},"categories":[6994,62],"tags":[7753,3229,2383],"ppma_author":[22574],"class_list":["post-88381","post","type-post","status-publish","format-standard","has-post-thumbnail","hentry","category-stiri-2","category-stiri","tag-adoptii-catei","tag-aspa","tag-parcul-tineretului"],"acf":[],"yoast_head":"<!-- This site is optimized with the Yoast SEO Premium plugin v25.3 (Yoast SEO v27.5) - https:\/\/yoast.com\/product\/yoast-seo-premium-wordpress\/ -->\n<title>ASPA | T\u00e2rg de adop\u021bii de c\u0103\u021bei, \u00een Parcul Tineretului - Buletin de Bucure\u0219ti<\/title>\n<meta name=\"robots\" content=\"index, follow, max-snippet:-1, max-image-preview:large, max-video-preview:-1\" \/>\n<link rel=\"canonical\" href=\"https:\/\/buletin.de\/bucuresti\/aspa-targ-de-adoptii-de-catei-in-parcul-tineretului\/\" \/>\n<meta property=\"og:locale\" content=\"en_GB\" \/>\n<meta property=\"og:type\" content=\"article\" \/>\n<meta property=\"og:title\" content=\"ASPA | T\u00e2rg de adop\u021bii de c\u0103\u021bei, \u00een Parcul Tineretului\" \/>\n<meta property=\"og:description\" content=\"ASPA organizeaz\u0103 un nou t\u00e2rg de adop\u021bii de c\u0103\u021bei. Evenimentul are loc \u00een Parcul Tineretului &#8211; intrarea din Bd. Gheorghe \u0218incai, \u00eentre orele 09:00-15:00. 15 c\u0103\u021bei, din ad\u0103posturile ASPA. sunt preg\u0103ti\u021bi s\u0103 fie adopta\u021bi. Toate animalele sunt microcipate, deparazitate intern \u0219i extern \u0219i sterilizate, dac\u0103 v\u00e2rsta o permite, \u0219i au formele legale necesare. Adop\u021biile sunt [&hellip;]\" \/>\n<meta property=\"og:url\" content=\"https:\/\/buletin.de\/bucuresti\/aspa-targ-de-adoptii-de-catei-in-parcul-tineretului\/\" \/>\n<meta property=\"og:site_name\" content=\"Buletin de Bucure\u0219ti\" \/>\n<meta property=\"article:publisher\" content=\"https:\/\/www.facebook.com\/buletin.de.buc\" \/>\n<meta property=\"article:published_time\" content=\"2024-06-14T10:51:58+00:00\" \/>\n<meta property=\"og:image\" content=\"https:\/\/buletin.de\/bucuresti\/wp-content\/uploads\/Catei-abandonati-ASPA-5-1.jpg\" \/>\n\t<meta property=\"og:image:width\" content=\"1278\" \/>\n\t<meta property=\"og:image:height\" content=\"1597\" \/>\n\t<meta property=\"og:image:type\" content=\"image\/jpeg\" \/>\n<meta name=\"author\" content=\"Diana Matei\" \/>\n<meta name=\"twitter:card\" content=\"summary_large_image\" \/>\n<meta name=\"twitter:label1\" content=\"Written by\" \/>\n\t<meta name=\"twitter:data1\" content=\"Diana Matei\" \/>\n\t<meta name=\"twitter:label2\" content=\"Estimated reading time\" \/>\n\t<meta name=\"twitter:data2\" content=\"1 minute\" \/>\n<script type=\"application\/ld+json\" class=\"yoast-schema-graph\">{\"@context\":\"https:\\\/\\\/schema.org\",\"@graph\":[{\"@type\":\"Article\",\"@id\":\"https:\\\/\\\/buletin.de\\\/bucuresti\\\/aspa-targ-de-adoptii-de-catei-in-parcul-tineretului\\\/#article\",\"isPartOf\":{\"@id\":\"https:\\\/\\\/buletin.de\\\/bucuresti\\\/aspa-targ-de-adoptii-de-catei-in-parcul-tineretului\\\/\"},\"author\":{\"name\":\"Diana Matei\",\"@id\":\"https:\\\/\\\/buletin.de\\\/bucuresti\\\/#\\\/schema\\\/person\\\/7e46040573290777280a0835d81ea4ea\"},\"headline\":\"ASPA | T\u00e2rg de adop\u021bii de c\u0103\u021bei, \u00een Parcul Tineretului\",\"datePublished\":\"2024-06-14T10:51:58+00:00\",\"mainEntityOfPage\":{\"@id\":\"https:\\\/\\\/buletin.de\\\/bucuresti\\\/aspa-targ-de-adoptii-de-catei-in-parcul-tineretului\\\/\"},\"wordCount\":208,\"publisher\":{\"@id\":\"https:\\\/\\\/buletin.de\\\/bucuresti\\\/#organization\"},\"image\":{\"@id\":\"https:\\\/\\\/buletin.de\\\/bucuresti\\\/aspa-targ-de-adoptii-de-catei-in-parcul-tineretului\\\/#primaryimage\"},\"thumbnailUrl\":\"https:\\\/\\\/buletin.de\\\/bucuresti\\\/wp-content\\\/uploads\\\/Catei-abandonati-ASPA-5-1.jpg\",\"keywords\":[\"adoptii catei\",\"aspa\",\"Parcul Tineretului\"],\"articleSection\":[\"Articole\",\"\u0218tiri\"],\"inLanguage\":\"en-GB\",\"copyrightYear\":\"2024\",\"copyrightHolder\":{\"@id\":\"https:\\\/\\\/buletin.de\\\/bucuresti\\\/#organization\"}},{\"@type\":\"WebPage\",\"@id\":\"https:\\\/\\\/buletin.de\\\/bucuresti\\\/aspa-targ-de-adoptii-de-catei-in-parcul-tineretului\\\/\",\"url\":\"https:\\\/\\\/buletin.de\\\/bucuresti\\\/aspa-targ-de-adoptii-de-catei-in-parcul-tineretului\\\/\",\"name\":\"ASPA | T\u00e2rg de adop\u021bii de c\u0103\u021bei, \u00een Parcul Tineretului - Buletin de Bucure\u0219ti\",\"isPartOf\":{\"@id\":\"https:\\\/\\\/buletin.de\\\/bucuresti\\\/#website\"},\"primaryImageOfPage\":{\"@id\":\"https:\\\/\\\/buletin.de\\\/bucuresti\\\/aspa-targ-de-adoptii-de-catei-in-parcul-tineretului\\\/#primaryimage\"},\"image\":{\"@id\":\"https:\\\/\\\/buletin.de\\\/bucuresti\\\/aspa-targ-de-adoptii-de-catei-in-parcul-tineretului\\\/#primaryimage\"},\"thumbnailUrl\":\"https:\\\/\\\/buletin.de\\\/bucuresti\\\/wp-content\\\/uploads\\\/Catei-abandonati-ASPA-5-1.jpg\",\"datePublished\":\"2024-06-14T10:51:58+00:00\",\"breadcrumb\":{\"@id\":\"https:\\\/\\\/buletin.de\\\/bucuresti\\\/aspa-targ-de-adoptii-de-catei-in-parcul-tineretului\\\/#breadcrumb\"},\"inLanguage\":\"en-GB\",\"potentialAction\":[{\"@type\":\"ReadAction\",\"target\":[\"https:\\\/\\\/buletin.de\\\/bucuresti\\\/aspa-targ-de-adoptii-de-catei-in-parcul-tineretului\\\/\"]}]},{\"@type\":\"ImageObject\",\"inLanguage\":\"en-GB\",\"@id\":\"https:\\\/\\\/buletin.de\\\/bucuresti\\\/aspa-targ-de-adoptii-de-catei-in-parcul-tineretului\\\/#primaryimage\",\"url\":\"https:\\\/\\\/buletin.de\\\/bucuresti\\\/wp-content\\\/uploads\\\/Catei-abandonati-ASPA-5-1.jpg\",\"contentUrl\":\"https:\\\/\\\/buletin.de\\\/bucuresti\\\/wp-content\\\/uploads\\\/Catei-abandonati-ASPA-5-1.jpg\",\"width\":1278,\"height\":1597,\"caption\":\"FOTO: Arhiva\"},{\"@type\":\"BreadcrumbList\",\"@id\":\"https:\\\/\\\/buletin.de\\\/bucuresti\\\/aspa-targ-de-adoptii-de-catei-in-parcul-tineretului\\\/#breadcrumb\",\"itemListElement\":[{\"@type\":\"ListItem\",\"position\":1,\"name\":\"Acas\u0103\",\"item\":\"https:\\\/\\\/buletin.de\\\/bucuresti\\\/\"},{\"@type\":\"ListItem\",\"position\":2,\"name\":\"ASPA | T\u00e2rg de adop\u021bii de c\u0103\u021bei, \u00een Parcul Tineretului\"}]},{\"@type\":\"WebSite\",\"@id\":\"https:\\\/\\\/buletin.de\\\/bucuresti\\\/#website\",\"url\":\"https:\\\/\\\/buletin.de\\\/bucuresti\\\/\",\"name\":\"Buletin de Bucure\u0219ti\",\"description\":\"\u0218tiri \u0219i investiga\u021bii esen\u021biale din capital\u0103\",\"publisher\":{\"@id\":\"https:\\\/\\\/buletin.de\\\/bucuresti\\\/#organization\"},\"potentialAction\":[{\"@type\":\"SearchAction\",\"target\":{\"@type\":\"EntryPoint\",\"urlTemplate\":\"https:\\\/\\\/buletin.de\\\/bucuresti\\\/?s={search_term_string}\"},\"query-input\":{\"@type\":\"PropertyValueSpecification\",\"valueRequired\":true,\"valueName\":\"search_term_string\"}}],\"inLanguage\":\"en-GB\"},{\"@type\":\"Organization\",\"@id\":\"https:\\\/\\\/buletin.de\\\/bucuresti\\\/#organization\",\"name\":\"Buletin de Bucure\u0219ti\",\"url\":\"https:\\\/\\\/buletin.de\\\/bucuresti\\\/\",\"logo\":{\"@type\":\"ImageObject\",\"inLanguage\":\"en-GB\",\"@id\":\"https:\\\/\\\/buletin.de\\\/bucuresti\\\/#\\\/schema\\\/logo\\\/image\\\/\",\"url\":\"https:\\\/\\\/buletin.de\\\/bucuresti\\\/wp-content\\\/uploads\\\/logo-bdb-full-wide-vernil-transparent.png\",\"contentUrl\":\"https:\\\/\\\/buletin.de\\\/bucuresti\\\/wp-content\\\/uploads\\\/logo-bdb-full-wide-vernil-transparent.png\",\"width\":1782,\"height\":626,\"caption\":\"Buletin de Bucure\u0219ti\"},\"image\":{\"@id\":\"https:\\\/\\\/buletin.de\\\/bucuresti\\\/#\\\/schema\\\/logo\\\/image\\\/\"},\"sameAs\":[\"https:\\\/\\\/www.facebook.com\\\/buletin.de.buc\",\"https:\\\/\\\/www.instagram.com\\\/buletinde.bucuresti\\\/\"]},{\"@type\":\"Person\",\"@id\":\"https:\\\/\\\/buletin.de\\\/bucuresti\\\/#\\\/schema\\\/person\\\/7e46040573290777280a0835d81ea4ea\",\"name\":\"Diana Matei\",\"image\":{\"@type\":\"ImageObject\",\"inLanguage\":\"en-GB\",\"@id\":\"https:\\\/\\\/buletin.de\\\/bucuresti\\\/wp-content\\\/uploads\\\/9-2-96x96.jpg1e8590b30871d70e62ebcdaf2eff570c\",\"url\":\"https:\\\/\\\/buletin.de\\\/bucuresti\\\/wp-content\\\/uploads\\\/9-2-96x96.jpg\",\"contentUrl\":\"https:\\\/\\\/buletin.de\\\/bucuresti\\\/wp-content\\\/uploads\\\/9-2-96x96.jpg\",\"caption\":\"Diana Matei\"},\"url\":\"https:\\\/\\\/buletin.de\\\/bucuresti\\\/author\\\/dianamatei\\\/\"}]}<\/script>\n<!-- \/ Yoast SEO Premium plugin. -->","yoast_head_json":{"title":"ASPA | T\u00e2rg de adop\u021bii de c\u0103\u021bei, \u00een Parcul Tineretului - Buletin de Bucure\u0219ti","robots":{"index":"index","follow":"follow","max-snippet":"max-snippet:-1","max-image-preview":"max-image-preview:large","max-video-preview":"max-video-preview:-1"},"canonical":"https:\/\/buletin.de\/bucuresti\/aspa-targ-de-adoptii-de-catei-in-parcul-tineretului\/","og_locale":"en_GB","og_type":"article","og_title":"ASPA | T\u00e2rg de adop\u021bii de c\u0103\u021bei, \u00een Parcul Tineretului","og_description":"ASPA organizeaz\u0103 un nou t\u00e2rg de adop\u021bii de c\u0103\u021bei. Evenimentul are loc \u00een Parcul Tineretului &#8211; intrarea din Bd. Gheorghe \u0218incai, \u00eentre orele 09:00-15:00. 15 c\u0103\u021bei, din ad\u0103posturile ASPA. sunt preg\u0103ti\u021bi s\u0103 fie adopta\u021bi. Toate animalele sunt microcipate, deparazitate intern \u0219i extern \u0219i sterilizate, dac\u0103 v\u00e2rsta o permite, \u0219i au formele legale necesare. Adop\u021biile sunt [&hellip;]","og_url":"https:\/\/buletin.de\/bucuresti\/aspa-targ-de-adoptii-de-catei-in-parcul-tineretului\/","og_site_name":"Buletin de Bucure\u0219ti","article_publisher":"https:\/\/www.facebook.com\/buletin.de.buc","article_published_time":"2024-06-14T10:51:58+00:00","og_image":[{"width":1278,"height":1597,"url":"https:\/\/buletin.de\/bucuresti\/wp-content\/uploads\/Catei-abandonati-ASPA-5-1.jpg","type":"image\/jpeg"}],"author":"Diana Matei","twitter_card":"summary_large_image","twitter_misc":{"Written by":"Diana Matei","Estimated reading time":"1 minute"},"schema":{"@context":"https:\/\/schema.org","@graph":[{"@type":"Article","@id":"https:\/\/buletin.de\/bucuresti\/aspa-targ-de-adoptii-de-catei-in-parcul-tineretului\/#article","isPartOf":{"@id":"https:\/\/buletin.de\/bucuresti\/aspa-targ-de-adoptii-de-catei-in-parcul-tineretului\/"},"author":{"name":"Diana Matei","@id":"https:\/\/buletin.de\/bucuresti\/#\/schema\/person\/7e46040573290777280a0835d81ea4ea"},"headline":"ASPA | T\u00e2rg de adop\u021bii de c\u0103\u021bei, \u00een Parcul Tineretului","datePublished":"2024-06-14T10:51:58+00:00","mainEntityOfPage":{"@id":"https:\/\/buletin.de\/bucuresti\/aspa-targ-de-adoptii-de-catei-in-parcul-tineretului\/"},"wordCount":208,"publisher":{"@id":"https:\/\/buletin.de\/bucuresti\/#organization"},"image":{"@id":"https:\/\/buletin.de\/bucuresti\/aspa-targ-de-adoptii-de-catei-in-parcul-tineretului\/#primaryimage"},"thumbnailUrl":"https:\/\/buletin.de\/bucuresti\/wp-content\/uploads\/Catei-abandonati-ASPA-5-1.jpg","keywords":["adoptii catei","aspa","Parcul Tineretului"],"articleSection":["Articole","\u0218tiri"],"inLanguage":"en-GB","copyrightYear":"2024","copyrightHolder":{"@id":"https:\/\/buletin.de\/bucuresti\/#organization"}},{"@type":"WebPage","@id":"https:\/\/buletin.de\/bucuresti\/aspa-targ-de-adoptii-de-catei-in-parcul-tineretului\/","url":"https:\/\/buletin.de\/bucuresti\/aspa-targ-de-adoptii-de-catei-in-parcul-tineretului\/","name":"ASPA | T\u00e2rg de adop\u021bii de c\u0103\u021bei, \u00een Parcul Tineretului - Buletin de Bucure\u0219ti","isPartOf":{"@id":"https:\/\/buletin.de\/bucuresti\/#website"},"primaryImageOfPage":{"@id":"https:\/\/buletin.de\/bucuresti\/aspa-targ-de-adoptii-de-catei-in-parcul-tineretului\/#primaryimage"},"image":{"@id":"https:\/\/buletin.de\/bucuresti\/aspa-targ-de-adoptii-de-catei-in-parcul-tineretului\/#primaryimage"},"thumbnailUrl":"https:\/\/buletin.de\/bucuresti\/wp-content\/uploads\/Catei-abandonati-ASPA-5-1.jpg","datePublished":"2024-06-14T10:51:58+00:00","breadcrumb":{"@id":"https:\/\/buletin.de\/bucuresti\/aspa-targ-de-adoptii-de-catei-in-parcul-tineretului\/#breadcrumb"},"inLanguage":"en-GB","potentialAction":[{"@type":"ReadAction","target":["https:\/\/buletin.de\/bucuresti\/aspa-targ-de-adoptii-de-catei-in-parcul-tineretului\/"]}]},{"@type":"ImageObject","inLanguage":"en-GB","@id":"https:\/\/buletin.de\/bucuresti\/aspa-targ-de-adoptii-de-catei-in-parcul-tineretului\/#primaryimage","url":"https:\/\/buletin.de\/bucuresti\/wp-content\/uploads\/Catei-abandonati-ASPA-5-1.jpg","contentUrl":"https:\/\/buletin.de\/bucuresti\/wp-content\/uploads\/Catei-abandonati-ASPA-5-1.jpg","width":1278,"height":1597,"caption":"FOTO: Arhiva"},{"@type":"BreadcrumbList","@id":"https:\/\/buletin.de\/bucuresti\/aspa-targ-de-adoptii-de-catei-in-parcul-tineretului\/#breadcrumb","itemListElement":[{"@type":"ListItem","position":1,"name":"Acas\u0103","item":"https:\/\/buletin.de\/bucuresti\/"},{"@type":"ListItem","position":2,"name":"ASPA | T\u00e2rg de adop\u021bii de c\u0103\u021bei, \u00een Parcul Tineretului"}]},{"@type":"WebSite","@id":"https:\/\/buletin.de\/bucuresti\/#website","url":"https:\/\/buletin.de\/bucuresti\/","name":"Buletin de Bucure\u0219ti","description":"\u0218tiri \u0219i investiga\u021bii esen\u021biale din capital\u0103","publisher":{"@id":"https:\/\/buletin.de\/bucuresti\/#organization"},"potentialAction":[{"@type":"SearchAction","target":{"@type":"EntryPoint","urlTemplate":"https:\/\/buletin.de\/bucuresti\/?s={search_term_string}"},"query-input":{"@type":"PropertyValueSpecification","valueRequired":true,"valueName":"search_term_string"}}],"inLanguage":"en-GB"},{"@type":"Organization","@id":"https:\/\/buletin.de\/bucuresti\/#organization","name":"Buletin de Bucure\u0219ti","url":"https:\/\/buletin.de\/bucuresti\/","logo":{"@type":"ImageObject","inLanguage":"en-GB","@id":"https:\/\/buletin.de\/bucuresti\/#\/schema\/logo\/image\/","url":"https:\/\/buletin.de\/bucuresti\/wp-content\/uploads\/logo-bdb-full-wide-vernil-transparent.png","contentUrl":"https:\/\/buletin.de\/bucuresti\/wp-content\/uploads\/logo-bdb-full-wide-vernil-transparent.png","width":1782,"height":626,"caption":"Buletin de Bucure\u0219ti"},"image":{"@id":"https:\/\/buletin.de\/bucuresti\/#\/schema\/logo\/image\/"},"sameAs":["https:\/\/www.facebook.com\/buletin.de.buc","https:\/\/www.instagram.com\/buletinde.bucuresti\/"]},{"@type":"Person","@id":"https:\/\/buletin.de\/bucuresti\/#\/schema\/person\/7e46040573290777280a0835d81ea4ea","name":"Diana Matei","image":{"@type":"ImageObject","inLanguage":"en-GB","@id":"https:\/\/buletin.de\/bucuresti\/wp-content\/uploads\/9-2-96x96.jpg1e8590b30871d70e62ebcdaf2eff570c","url":"https:\/\/buletin.de\/bucuresti\/wp-content\/uploads\/9-2-96x96.jpg","contentUrl":"https:\/\/buletin.de\/bucuresti\/wp-content\/uploads\/9-2-96x96.jpg","caption":"Diana Matei"},"url":"https:\/\/buletin.de\/bucuresti\/author\/dianamatei\/"}]}},"authors":[{"term_id":22574,"user_id":49,"is_guest":0,"slug":"dianamatei","display_name":"Diana Matei","avatar_url":"https:\/\/buletin.de\/bucuresti\/wp-content\/uploads\/9-2-96x96.jpg","0":null,"1":"","2":"","3":"","4":"","5":"","6":"","7":"","8":""}],"_links":{"self":[{"href":"https:\/\/buletin.de\/bucuresti\/wp-json\/wp\/v2\/posts\/88381","targetHints":{"allow":["GET"]}}],"collection":[{"href":"https:\/\/buletin.de\/bucuresti\/wp-json\/wp\/v2\/posts"}],"about":[{"href":"https:\/\/buletin.de\/bucuresti\/wp-json\/wp\/v2\/types\/post"}],"author":[{"embeddable":true,"href":"https:\/\/buletin.de\/bucuresti\/wp-json\/wp\/v2\/users\/49"}],"replies":[{"embeddable":true,"href":"https:\/\/buletin.de\/bucuresti\/wp-json\/wp\/v2\/comments?post=88381"}],"version-history":[{"count":2,"href":"https:\/\/buletin.de\/bucuresti\/wp-json\/wp\/v2\/posts\/88381\/revisions"}],"predecessor-version":[{"id":88383,"href":"https:\/\/buletin.de\/bucuresti\/wp-json\/wp\/v2\/posts\/88381\/revisions\/88383"}],"wp:featuredmedia":[{"embeddable":true,"href":"https:\/\/buletin.de\/bucuresti\/wp-json\/wp\/v2\/media\/84720"}],"wp:attachment":[{"href":"https:\/\/buletin.de\/bucuresti\/wp-json\/wp\/v2\/media?parent=88381"}],"wp:term":[{"taxonomy":"category","embeddable":true,"href":"https:\/\/buletin.de\/bucuresti\/wp-json\/wp\/v2\/categories?post=88381"},{"taxonomy":"post_tag","embeddable":true,"href":"https:\/\/buletin.de\/bucuresti\/wp-json\/wp\/v2\/tags?post=88381"},{"taxonomy":"author","embeddable":true,"href":"https:\/\/buletin.de\/bucuresti\/wp-json\/wp\/v2\/ppma_author?post=88381"}],"curies":[{"name":"wp","href":"https:\/\/api.w.org\/{rel}","templated":true}]}}