{"id":88310,"date":"2024-06-14T06:09:00","date_gmt":"2024-06-14T03:09:00","guid":{"rendered":"https:\/\/buletin.de\/bucuresti\/?p=88310"},"modified":"2024-06-14T00:20:07","modified_gmt":"2024-06-13T21:20:07","slug":"noi-restrictii-de-circulatie-in-weekend","status":"publish","type":"post","link":"https:\/\/buletin.de\/bucuresti\/noi-restrictii-de-circulatie-in-weekend\/","title":{"rendered":"Noi restric\u021bii de circula\u021bie \u00een weekend"},"content":{"rendered":"\n<p><strong>O nou\u0103 zon\u0103 din Capital\u0103 devine pietonal\u0103 cu ocazia evenimentului \u201eStr\u0103zi Deschise \u2013 Bucure\u0219ti, Promenad\u0103 urban\u0103\u201d. \u00cen acest context, Brigada Rutier\u0103 anun\u021b\u0103 restric\u021bii de circula\u021bie \u00een Sectorul 5, dar \u0219i pe Calea Victoriei. Tot din acest weekend, intr\u0103 \u00een vigoare \u0219i restric\u021bii pe DN1 A, cu scopul efectu\u0103rii unor lucr\u0103ri de supral\u0103rgire, anun\u021b\u0103 CNAIR.<\/strong><\/p>\n\n\n\n<h2 class=\"wp-block-heading\">Str\u0103zi Deschise<\/h2>\n\n\n\n<p>\u00cen acest sf\u00e2r\u0219it de s\u0103pt\u0103m\u00e2n\u0103, \u201eStr\u0103zi deschise\u201d se extinde pe&nbsp;Strada Humule\u0219ti, \u00een zona cuprins\u0103 \u00eentre \u0218oseaua S\u0103laj \u0219i Strada Trompetului, din&nbsp;sectorul 5. Asta, pe l\u00e2ng\u0103 loca\u021bia consacrat\u0103 a evenimentului, \u0219i anume Calea Victoriei.<\/p>\n\n\n\n<p>\u00cen acest context, traficul pe Strada Humule\u0219ti va fi restric\u021bionat, \u00eencep\u00e2nd de vineri seara, ora 22:00, p\u00e2n\u0103 luni diminea\u021b\u0103, ora 06:00.<\/p>\n\n\n\n<p>Se vor impune restric\u021bii \u0219i pe Calea Victoriei, segmentul de drum Bulevardul Dacia \u2013 Splaiul Independen\u021bei. Acestea vor fi valabile \u00een perioada 15-16 iunie, \u00eens\u0103 doar \u00een timpul zilei (09:00 &#8211; 23:00).<\/p>\n\n\n\n<p>Traficul din intersec\u021bii nu va fi afectat. Mai exact, se va permite traversul pe Calea Victoriei, la intersec\u021biile cu Bd. Dacia, Str. \u0218tirbei Vod\u0103, Str. George Enescu, Str. Ion C\u00e2mpineanu \u0219i Bd. Regina Elisabeta, anun\u021b\u0103 Brigada Rutier\u0103.<\/p>\n\n\n\n<h2 class=\"wp-block-heading\">Restric\u021bii pe DN1 A<\/h2>\n\n\n\n<p>Compania Na\u021bional\u0103 de Administrare a Infrastructurii Rutiere (CNAIR) anun\u021b\u0103 restric\u021bii de circula\u021bie pe DN1 A. Autovehiculele de peste 7,5 tone (MTMA) nu vor mai putea circula pe sectorul cuprins \u00eentre Centura Bucure\u0219ti (km 12+252) \u0219i Centura Ploie\u0219ti Vest (km 64+400).<\/p>\n\n\n\n<p>Restric\u021biile sunt necesare pentru executarea lucr\u0103rilor de l\u0103rgire la patru benzi a unei p\u0103r\u021bi din drumul na\u021bional \u0219i intr\u0103 \u00een vigoare de s\u00e2mb\u0103t\u0103, 15 iunie.<\/p>\n\n\n\n<p>Rutele alternative, pentru rela\u021bia de deplasare Bucure\u0219ti \u2013 Ploie\u0219ti \u0219i retur vor fi semnalizate prin amplasarea de indicatoare de orientare pe DN Centura Bucure\u0219ti \u0219i pe DN 1, Centura Ploie\u0219ti Vest, \u00een proximitatea intersec\u021biilor cu DN 1A pentru devierea traficului pe autostrada A3, Bucure\u0219ti- Ploie\u0219ti.<\/p>\n\n\n\n<p>Conduc\u0103torii auto sunt sf\u0103tui\u021bi s\u0103 circule cu aten\u021bie \u0219i s\u0103 respecte semnalizarea rutier\u0103 temporar\u0103 montat\u0103 \u00een teren.<\/p>\n","protected":false},"excerpt":{"rendered":"<p>O nou\u0103 zon\u0103 din Capital\u0103 devine pietonal\u0103 cu ocazia evenimentului \u201eStr\u0103zi Deschise \u2013 Bucure\u0219ti, Promenad\u0103 urban\u0103\u201d. \u00cen acest context, Brigada Rutier\u0103 anun\u021b\u0103 restric\u021bii de circula\u021bie \u00een Sectorul 5, dar \u0219i pe Calea Victoriei. Tot din acest weekend, intr\u0103 \u00een vigoare \u0219i restric\u021bii pe DN1 A, cu scopul efectu\u0103rii unor lucr\u0103ri de supral\u0103rgire, anun\u021b\u0103 CNAIR. Str\u0103zi [&hellip;]<\/p>\n","protected":false},"author":55,"featured_media":58311,"comment_status":"closed","ping_status":"open","sticky":false,"template":"","format":"standard","meta":{"_acf_changed":false,"inline_featured_image":false,"ngg_post_thumbnail":0,"footnotes":""},"categories":[6994,62,650],"tags":[5722,4419,1238,8016,787,188,12745,58],"ppma_author":[22573],"class_list":["post-88310","post","type-post","status-publish","format-standard","has-post-thumbnail","hentry","category-stiri-2","category-stiri","category-transport","tag-brigada-rutiera-2","tag-calea-victoriei","tag-cnair","tag-dn1a","tag-restrictii-circulatie","tag-sector-5","tag-strada-humulesti-2","tag-trafic"],"acf":[],"yoast_head":"<!-- This site is optimized with the Yoast SEO Premium plugin v25.3 (Yoast SEO v27.5) - https:\/\/yoast.com\/product\/yoast-seo-premium-wordpress\/ -->\n<title>Noi restric\u021bii de circula\u021bie \u00een weekend - Buletin de Bucure\u0219ti<\/title>\n<meta name=\"robots\" content=\"index, follow, max-snippet:-1, max-image-preview:large, max-video-preview:-1\" \/>\n<link rel=\"canonical\" href=\"https:\/\/buletin.de\/bucuresti\/noi-restrictii-de-circulatie-in-weekend\/\" \/>\n<meta property=\"og:locale\" content=\"en_GB\" \/>\n<meta property=\"og:type\" content=\"article\" \/>\n<meta property=\"og:title\" content=\"Noi restric\u021bii de circula\u021bie \u00een weekend\" \/>\n<meta property=\"og:description\" content=\"O nou\u0103 zon\u0103 din Capital\u0103 devine pietonal\u0103 cu ocazia evenimentului \u201eStr\u0103zi Deschise \u2013 Bucure\u0219ti, Promenad\u0103 urban\u0103\u201d. \u00cen acest context, Brigada Rutier\u0103 anun\u021b\u0103 restric\u021bii de circula\u021bie \u00een Sectorul 5, dar \u0219i pe Calea Victoriei. Tot din acest weekend, intr\u0103 \u00een vigoare \u0219i restric\u021bii pe DN1 A, cu scopul efectu\u0103rii unor lucr\u0103ri de supral\u0103rgire, anun\u021b\u0103 CNAIR. Str\u0103zi [&hellip;]\" \/>\n<meta property=\"og:url\" content=\"https:\/\/buletin.de\/bucuresti\/noi-restrictii-de-circulatie-in-weekend\/\" \/>\n<meta property=\"og:site_name\" content=\"Buletin de Bucure\u0219ti\" \/>\n<meta property=\"article:publisher\" content=\"https:\/\/www.facebook.com\/buletin.de.buc\" \/>\n<meta property=\"article:published_time\" content=\"2024-06-14T03:09:00+00:00\" \/>\n<meta property=\"og:image\" content=\"https:\/\/buletin.de\/bucuresti\/wp-content\/uploads\/Restrictii-1.jpg\" \/>\n\t<meta property=\"og:image:width\" content=\"1200\" \/>\n\t<meta property=\"og:image:height\" content=\"700\" \/>\n\t<meta property=\"og:image:type\" content=\"image\/jpeg\" \/>\n<meta name=\"author\" content=\"Andreea Tudor\" \/>\n<meta name=\"twitter:card\" content=\"summary_large_image\" \/>\n<meta name=\"twitter:label1\" content=\"Written by\" \/>\n\t<meta name=\"twitter:data1\" content=\"Andreea Tudor\" \/>\n\t<meta name=\"twitter:label2\" content=\"Estimated reading time\" \/>\n\t<meta name=\"twitter:data2\" content=\"2 minutes\" \/>\n<script type=\"application\/ld+json\" class=\"yoast-schema-graph\">{\"@context\":\"https:\\\/\\\/schema.org\",\"@graph\":[{\"@type\":\"Article\",\"@id\":\"https:\\\/\\\/buletin.de\\\/bucuresti\\\/noi-restrictii-de-circulatie-in-weekend\\\/#article\",\"isPartOf\":{\"@id\":\"https:\\\/\\\/buletin.de\\\/bucuresti\\\/noi-restrictii-de-circulatie-in-weekend\\\/\"},\"author\":{\"name\":\"Andreea Tudor\",\"@id\":\"https:\\\/\\\/buletin.de\\\/bucuresti\\\/#\\\/schema\\\/person\\\/150590659efde715459d159da012f501\"},\"headline\":\"Noi restric\u021bii de circula\u021bie \u00een weekend\",\"datePublished\":\"2024-06-14T03:09:00+00:00\",\"mainEntityOfPage\":{\"@id\":\"https:\\\/\\\/buletin.de\\\/bucuresti\\\/noi-restrictii-de-circulatie-in-weekend\\\/\"},\"wordCount\":362,\"publisher\":{\"@id\":\"https:\\\/\\\/buletin.de\\\/bucuresti\\\/#organization\"},\"image\":{\"@id\":\"https:\\\/\\\/buletin.de\\\/bucuresti\\\/noi-restrictii-de-circulatie-in-weekend\\\/#primaryimage\"},\"thumbnailUrl\":\"https:\\\/\\\/buletin.de\\\/bucuresti\\\/wp-content\\\/uploads\\\/Restrictii-1.jpg\",\"keywords\":[\"brigada rutiera\",\"calea victoriei\",\"cnair\",\"DN1A\",\"restrictii circulatie\",\"Sector 5\",\"Strada Humule\u0219ti\",\"trafic\"],\"articleSection\":[\"Articole\",\"\u0218tiri\",\"Transport\"],\"inLanguage\":\"en-GB\",\"copyrightYear\":\"2024\",\"copyrightHolder\":{\"@id\":\"https:\\\/\\\/buletin.de\\\/bucuresti\\\/#organization\"}},{\"@type\":\"WebPage\",\"@id\":\"https:\\\/\\\/buletin.de\\\/bucuresti\\\/noi-restrictii-de-circulatie-in-weekend\\\/\",\"url\":\"https:\\\/\\\/buletin.de\\\/bucuresti\\\/noi-restrictii-de-circulatie-in-weekend\\\/\",\"name\":\"Noi restric\u021bii de circula\u021bie \u00een weekend - Buletin de Bucure\u0219ti\",\"isPartOf\":{\"@id\":\"https:\\\/\\\/buletin.de\\\/bucuresti\\\/#website\"},\"primaryImageOfPage\":{\"@id\":\"https:\\\/\\\/buletin.de\\\/bucuresti\\\/noi-restrictii-de-circulatie-in-weekend\\\/#primaryimage\"},\"image\":{\"@id\":\"https:\\\/\\\/buletin.de\\\/bucuresti\\\/noi-restrictii-de-circulatie-in-weekend\\\/#primaryimage\"},\"thumbnailUrl\":\"https:\\\/\\\/buletin.de\\\/bucuresti\\\/wp-content\\\/uploads\\\/Restrictii-1.jpg\",\"datePublished\":\"2024-06-14T03:09:00+00:00\",\"breadcrumb\":{\"@id\":\"https:\\\/\\\/buletin.de\\\/bucuresti\\\/noi-restrictii-de-circulatie-in-weekend\\\/#breadcrumb\"},\"inLanguage\":\"en-GB\",\"potentialAction\":[{\"@type\":\"ReadAction\",\"target\":[\"https:\\\/\\\/buletin.de\\\/bucuresti\\\/noi-restrictii-de-circulatie-in-weekend\\\/\"]}]},{\"@type\":\"ImageObject\",\"inLanguage\":\"en-GB\",\"@id\":\"https:\\\/\\\/buletin.de\\\/bucuresti\\\/noi-restrictii-de-circulatie-in-weekend\\\/#primaryimage\",\"url\":\"https:\\\/\\\/buletin.de\\\/bucuresti\\\/wp-content\\\/uploads\\\/Restrictii-1.jpg\",\"contentUrl\":\"https:\\\/\\\/buletin.de\\\/bucuresti\\\/wp-content\\\/uploads\\\/Restrictii-1.jpg\",\"width\":1200,\"height\":700},{\"@type\":\"BreadcrumbList\",\"@id\":\"https:\\\/\\\/buletin.de\\\/bucuresti\\\/noi-restrictii-de-circulatie-in-weekend\\\/#breadcrumb\",\"itemListElement\":[{\"@type\":\"ListItem\",\"position\":1,\"name\":\"Acas\u0103\",\"item\":\"https:\\\/\\\/buletin.de\\\/bucuresti\\\/\"},{\"@type\":\"ListItem\",\"position\":2,\"name\":\"Noi restric\u021bii de circula\u021bie \u00een weekend\"}]},{\"@type\":\"WebSite\",\"@id\":\"https:\\\/\\\/buletin.de\\\/bucuresti\\\/#website\",\"url\":\"https:\\\/\\\/buletin.de\\\/bucuresti\\\/\",\"name\":\"Buletin de Bucure\u0219ti\",\"description\":\"\u0218tiri \u0219i investiga\u021bii esen\u021biale din capital\u0103\",\"publisher\":{\"@id\":\"https:\\\/\\\/buletin.de\\\/bucuresti\\\/#organization\"},\"potentialAction\":[{\"@type\":\"SearchAction\",\"target\":{\"@type\":\"EntryPoint\",\"urlTemplate\":\"https:\\\/\\\/buletin.de\\\/bucuresti\\\/?s={search_term_string}\"},\"query-input\":{\"@type\":\"PropertyValueSpecification\",\"valueRequired\":true,\"valueName\":\"search_term_string\"}}],\"inLanguage\":\"en-GB\"},{\"@type\":\"Organization\",\"@id\":\"https:\\\/\\\/buletin.de\\\/bucuresti\\\/#organization\",\"name\":\"Buletin de Bucure\u0219ti\",\"url\":\"https:\\\/\\\/buletin.de\\\/bucuresti\\\/\",\"logo\":{\"@type\":\"ImageObject\",\"inLanguage\":\"en-GB\",\"@id\":\"https:\\\/\\\/buletin.de\\\/bucuresti\\\/#\\\/schema\\\/logo\\\/image\\\/\",\"url\":\"https:\\\/\\\/buletin.de\\\/bucuresti\\\/wp-content\\\/uploads\\\/logo-bdb-full-wide-vernil-transparent.png\",\"contentUrl\":\"https:\\\/\\\/buletin.de\\\/bucuresti\\\/wp-content\\\/uploads\\\/logo-bdb-full-wide-vernil-transparent.png\",\"width\":1782,\"height\":626,\"caption\":\"Buletin de Bucure\u0219ti\"},\"image\":{\"@id\":\"https:\\\/\\\/buletin.de\\\/bucuresti\\\/#\\\/schema\\\/logo\\\/image\\\/\"},\"sameAs\":[\"https:\\\/\\\/www.facebook.com\\\/buletin.de.buc\",\"https:\\\/\\\/www.instagram.com\\\/buletinde.bucuresti\\\/\"]},{\"@type\":\"Person\",\"@id\":\"https:\\\/\\\/buletin.de\\\/bucuresti\\\/#\\\/schema\\\/person\\\/150590659efde715459d159da012f501\",\"name\":\"Andreea Tudor\",\"image\":{\"@type\":\"ImageObject\",\"inLanguage\":\"en-GB\",\"@id\":\"https:\\\/\\\/secure.gravatar.com\\\/avatar\\\/a88705a186ab0b67f3349bcbced506c09e37256fbaad0e7f3bd1a79b4599f589?s=96&d=monsterid&r=g79290610aa1a65c2b86eebc2ca5aee8f\",\"url\":\"https:\\\/\\\/secure.gravatar.com\\\/avatar\\\/a88705a186ab0b67f3349bcbced506c09e37256fbaad0e7f3bd1a79b4599f589?s=96&d=monsterid&r=g\",\"contentUrl\":\"https:\\\/\\\/secure.gravatar.com\\\/avatar\\\/a88705a186ab0b67f3349bcbced506c09e37256fbaad0e7f3bd1a79b4599f589?s=96&d=monsterid&r=g\",\"caption\":\"Andreea Tudor\"},\"description\":\"N\u0103scut\u0103 \u0219i crescut\u0103 \u00een Bucure\u0219ti, sus\u021bin\u0103toare a presei independente. A\u0219a am ajuns redactor la Buletin de Bucure\u0219ti. Fiind eu, \u00eens\u0103mi, parte a sistemului de \u00eenv\u0103\u021b\u0103m\u00e2nt rom\u00e2nesc \u0219i pasionat\u0103 de domeniul social, pun sub lup\u0103 tot ceea ce se \u00eent\u00e2mpl\u0103 \u00een sfera educa\u021biei. Cred cu t\u0103rie c\u0103 presa \u201epentru cet\u0103\u021beni\u201d este presa independent\u0103. Oamenii au nevoie de o informare corect\u0103 pentru a \u00een\u021belege pe deplin ce se \u00eent\u00e2mpl\u0103 \u00een jurul lor \u0219i pentru a lua ac\u021biune \u00eempotriva nedrept\u0103\u021bilor.\",\"url\":\"https:\\\/\\\/buletin.de\\\/bucuresti\\\/author\\\/andreeatudor\\\/\"}]}<\/script>\n<!-- \/ Yoast SEO Premium plugin. -->","yoast_head_json":{"title":"Noi restric\u021bii de circula\u021bie \u00een weekend - Buletin de Bucure\u0219ti","robots":{"index":"index","follow":"follow","max-snippet":"max-snippet:-1","max-image-preview":"max-image-preview:large","max-video-preview":"max-video-preview:-1"},"canonical":"https:\/\/buletin.de\/bucuresti\/noi-restrictii-de-circulatie-in-weekend\/","og_locale":"en_GB","og_type":"article","og_title":"Noi restric\u021bii de circula\u021bie \u00een weekend","og_description":"O nou\u0103 zon\u0103 din Capital\u0103 devine pietonal\u0103 cu ocazia evenimentului \u201eStr\u0103zi Deschise \u2013 Bucure\u0219ti, Promenad\u0103 urban\u0103\u201d. \u00cen acest context, Brigada Rutier\u0103 anun\u021b\u0103 restric\u021bii de circula\u021bie \u00een Sectorul 5, dar \u0219i pe Calea Victoriei. Tot din acest weekend, intr\u0103 \u00een vigoare \u0219i restric\u021bii pe DN1 A, cu scopul efectu\u0103rii unor lucr\u0103ri de supral\u0103rgire, anun\u021b\u0103 CNAIR. Str\u0103zi [&hellip;]","og_url":"https:\/\/buletin.de\/bucuresti\/noi-restrictii-de-circulatie-in-weekend\/","og_site_name":"Buletin de Bucure\u0219ti","article_publisher":"https:\/\/www.facebook.com\/buletin.de.buc","article_published_time":"2024-06-14T03:09:00+00:00","og_image":[{"width":1200,"height":700,"url":"https:\/\/buletin.de\/bucuresti\/wp-content\/uploads\/Restrictii-1.jpg","type":"image\/jpeg"}],"author":"Andreea Tudor","twitter_card":"summary_large_image","twitter_misc":{"Written by":"Andreea Tudor","Estimated reading time":"2 minutes"},"schema":{"@context":"https:\/\/schema.org","@graph":[{"@type":"Article","@id":"https:\/\/buletin.de\/bucuresti\/noi-restrictii-de-circulatie-in-weekend\/#article","isPartOf":{"@id":"https:\/\/buletin.de\/bucuresti\/noi-restrictii-de-circulatie-in-weekend\/"},"author":{"name":"Andreea Tudor","@id":"https:\/\/buletin.de\/bucuresti\/#\/schema\/person\/150590659efde715459d159da012f501"},"headline":"Noi restric\u021bii de circula\u021bie \u00een weekend","datePublished":"2024-06-14T03:09:00+00:00","mainEntityOfPage":{"@id":"https:\/\/buletin.de\/bucuresti\/noi-restrictii-de-circulatie-in-weekend\/"},"wordCount":362,"publisher":{"@id":"https:\/\/buletin.de\/bucuresti\/#organization"},"image":{"@id":"https:\/\/buletin.de\/bucuresti\/noi-restrictii-de-circulatie-in-weekend\/#primaryimage"},"thumbnailUrl":"https:\/\/buletin.de\/bucuresti\/wp-content\/uploads\/Restrictii-1.jpg","keywords":["brigada rutiera","calea victoriei","cnair","DN1A","restrictii circulatie","Sector 5","Strada Humule\u0219ti","trafic"],"articleSection":["Articole","\u0218tiri","Transport"],"inLanguage":"en-GB","copyrightYear":"2024","copyrightHolder":{"@id":"https:\/\/buletin.de\/bucuresti\/#organization"}},{"@type":"WebPage","@id":"https:\/\/buletin.de\/bucuresti\/noi-restrictii-de-circulatie-in-weekend\/","url":"https:\/\/buletin.de\/bucuresti\/noi-restrictii-de-circulatie-in-weekend\/","name":"Noi restric\u021bii de circula\u021bie \u00een weekend - Buletin de Bucure\u0219ti","isPartOf":{"@id":"https:\/\/buletin.de\/bucuresti\/#website"},"primaryImageOfPage":{"@id":"https:\/\/buletin.de\/bucuresti\/noi-restrictii-de-circulatie-in-weekend\/#primaryimage"},"image":{"@id":"https:\/\/buletin.de\/bucuresti\/noi-restrictii-de-circulatie-in-weekend\/#primaryimage"},"thumbnailUrl":"https:\/\/buletin.de\/bucuresti\/wp-content\/uploads\/Restrictii-1.jpg","datePublished":"2024-06-14T03:09:00+00:00","breadcrumb":{"@id":"https:\/\/buletin.de\/bucuresti\/noi-restrictii-de-circulatie-in-weekend\/#breadcrumb"},"inLanguage":"en-GB","potentialAction":[{"@type":"ReadAction","target":["https:\/\/buletin.de\/bucuresti\/noi-restrictii-de-circulatie-in-weekend\/"]}]},{"@type":"ImageObject","inLanguage":"en-GB","@id":"https:\/\/buletin.de\/bucuresti\/noi-restrictii-de-circulatie-in-weekend\/#primaryimage","url":"https:\/\/buletin.de\/bucuresti\/wp-content\/uploads\/Restrictii-1.jpg","contentUrl":"https:\/\/buletin.de\/bucuresti\/wp-content\/uploads\/Restrictii-1.jpg","width":1200,"height":700},{"@type":"BreadcrumbList","@id":"https:\/\/buletin.de\/bucuresti\/noi-restrictii-de-circulatie-in-weekend\/#breadcrumb","itemListElement":[{"@type":"ListItem","position":1,"name":"Acas\u0103","item":"https:\/\/buletin.de\/bucuresti\/"},{"@type":"ListItem","position":2,"name":"Noi restric\u021bii de circula\u021bie \u00een weekend"}]},{"@type":"WebSite","@id":"https:\/\/buletin.de\/bucuresti\/#website","url":"https:\/\/buletin.de\/bucuresti\/","name":"Buletin de Bucure\u0219ti","description":"\u0218tiri \u0219i investiga\u021bii esen\u021biale din capital\u0103","publisher":{"@id":"https:\/\/buletin.de\/bucuresti\/#organization"},"potentialAction":[{"@type":"SearchAction","target":{"@type":"EntryPoint","urlTemplate":"https:\/\/buletin.de\/bucuresti\/?s={search_term_string}"},"query-input":{"@type":"PropertyValueSpecification","valueRequired":true,"valueName":"search_term_string"}}],"inLanguage":"en-GB"},{"@type":"Organization","@id":"https:\/\/buletin.de\/bucuresti\/#organization","name":"Buletin de Bucure\u0219ti","url":"https:\/\/buletin.de\/bucuresti\/","logo":{"@type":"ImageObject","inLanguage":"en-GB","@id":"https:\/\/buletin.de\/bucuresti\/#\/schema\/logo\/image\/","url":"https:\/\/buletin.de\/bucuresti\/wp-content\/uploads\/logo-bdb-full-wide-vernil-transparent.png","contentUrl":"https:\/\/buletin.de\/bucuresti\/wp-content\/uploads\/logo-bdb-full-wide-vernil-transparent.png","width":1782,"height":626,"caption":"Buletin de Bucure\u0219ti"},"image":{"@id":"https:\/\/buletin.de\/bucuresti\/#\/schema\/logo\/image\/"},"sameAs":["https:\/\/www.facebook.com\/buletin.de.buc","https:\/\/www.instagram.com\/buletinde.bucuresti\/"]},{"@type":"Person","@id":"https:\/\/buletin.de\/bucuresti\/#\/schema\/person\/150590659efde715459d159da012f501","name":"Andreea Tudor","image":{"@type":"ImageObject","inLanguage":"en-GB","@id":"https:\/\/secure.gravatar.com\/avatar\/a88705a186ab0b67f3349bcbced506c09e37256fbaad0e7f3bd1a79b4599f589?s=96&d=monsterid&r=g79290610aa1a65c2b86eebc2ca5aee8f","url":"https:\/\/secure.gravatar.com\/avatar\/a88705a186ab0b67f3349bcbced506c09e37256fbaad0e7f3bd1a79b4599f589?s=96&d=monsterid&r=g","contentUrl":"https:\/\/secure.gravatar.com\/avatar\/a88705a186ab0b67f3349bcbced506c09e37256fbaad0e7f3bd1a79b4599f589?s=96&d=monsterid&r=g","caption":"Andreea Tudor"},"description":"N\u0103scut\u0103 \u0219i crescut\u0103 \u00een Bucure\u0219ti, sus\u021bin\u0103toare a presei independente. A\u0219a am ajuns redactor la Buletin de Bucure\u0219ti. Fiind eu, \u00eens\u0103mi, parte a sistemului de \u00eenv\u0103\u021b\u0103m\u00e2nt rom\u00e2nesc \u0219i pasionat\u0103 de domeniul social, pun sub lup\u0103 tot ceea ce se \u00eent\u00e2mpl\u0103 \u00een sfera educa\u021biei. Cred cu t\u0103rie c\u0103 presa \u201epentru cet\u0103\u021beni\u201d este presa independent\u0103. Oamenii au nevoie de o informare corect\u0103 pentru a \u00een\u021belege pe deplin ce se \u00eent\u00e2mpl\u0103 \u00een jurul lor \u0219i pentru a lua ac\u021biune \u00eempotriva nedrept\u0103\u021bilor.","url":"https:\/\/buletin.de\/bucuresti\/author\/andreeatudor\/"}]}},"authors":[{"term_id":22573,"user_id":55,"is_guest":0,"slug":"andreeatudor","display_name":"Andreea Tudor","avatar_url":"https:\/\/secure.gravatar.com\/avatar\/a88705a186ab0b67f3349bcbced506c09e37256fbaad0e7f3bd1a79b4599f589?s=96&d=monsterid&r=g","0":null,"1":"","2":"","3":"","4":"","5":"","6":"","7":"","8":""}],"_links":{"self":[{"href":"https:\/\/buletin.de\/bucuresti\/wp-json\/wp\/v2\/posts\/88310","targetHints":{"allow":["GET"]}}],"collection":[{"href":"https:\/\/buletin.de\/bucuresti\/wp-json\/wp\/v2\/posts"}],"about":[{"href":"https:\/\/buletin.de\/bucuresti\/wp-json\/wp\/v2\/types\/post"}],"author":[{"embeddable":true,"href":"https:\/\/buletin.de\/bucuresti\/wp-json\/wp\/v2\/users\/55"}],"replies":[{"embeddable":true,"href":"https:\/\/buletin.de\/bucuresti\/wp-json\/wp\/v2\/comments?post=88310"}],"version-history":[{"count":6,"href":"https:\/\/buletin.de\/bucuresti\/wp-json\/wp\/v2\/posts\/88310\/revisions"}],"predecessor-version":[{"id":88334,"href":"https:\/\/buletin.de\/bucuresti\/wp-json\/wp\/v2\/posts\/88310\/revisions\/88334"}],"wp:featuredmedia":[{"embeddable":true,"href":"https:\/\/buletin.de\/bucuresti\/wp-json\/wp\/v2\/media\/58311"}],"wp:attachment":[{"href":"https:\/\/buletin.de\/bucuresti\/wp-json\/wp\/v2\/media?parent=88310"}],"wp:term":[{"taxonomy":"category","embeddable":true,"href":"https:\/\/buletin.de\/bucuresti\/wp-json\/wp\/v2\/categories?post=88310"},{"taxonomy":"post_tag","embeddable":true,"href":"https:\/\/buletin.de\/bucuresti\/wp-json\/wp\/v2\/tags?post=88310"},{"taxonomy":"author","embeddable":true,"href":"https:\/\/buletin.de\/bucuresti\/wp-json\/wp\/v2\/ppma_author?post=88310"}],"curies":[{"name":"wp","href":"https:\/\/api.w.org\/{rel}","templated":true}]}}