{"id":88219,"date":"2024-06-13T06:39:11","date_gmt":"2024-06-13T03:39:11","guid":{"rendered":"https:\/\/buletin.de\/bucuresti\/?p=88219"},"modified":"2024-06-14T00:48:50","modified_gmt":"2024-06-13T21:48:50","slug":"statiile-de-metrou-ar-putea-avea-din-nou-spatii-comerciale-metrorex-parteneriat-cu-universitatea-de-arhitectura","status":"publish","type":"post","link":"https:\/\/buletin.de\/bucuresti\/statiile-de-metrou-ar-putea-avea-din-nou-spatii-comerciale-metrorex-parteneriat-cu-universitatea-de-arhitectura\/","title":{"rendered":"Sta\u021biile de metrou ar putea avea, din nou, spa\u021bii comerciale. Metrorex, parteneriat cu Universitatea de Arhitectur\u0103"},"content":{"rendered":"\n<p><strong>\u00cen sta\u021biile de metrou vor putea ap\u0103rea, din nou, chio\u0219curile cu m\u00e2ncare, potrivit <a href=\"https:\/\/www.hotnews.ro\/stiri-administratie_locala-27210353-chioscurile-alimente-vor-reveni-metrou-metrorex-putea-inchiria-spatii-catre-firme-persoane-fizice-proiect.htm?fbclid=IwZXh0bgNhZW0CMTEAAR0CvvWe39Z9GoCVnbnkIZ2e0IBVgi9MXZyW_yg1S3_gwa8VcMlQ5IZ4E6w_aem_AdkZOR17v2BILarTPzQuEcx2jU4wGo4yHcHYdEewcdJDF3XK5pv0nIIgGzMXrUbA9RDw3A5CnMQfcUAsxx4d3p78\">HotNews.ro<\/a>. Persoanele fizice sau jurdice vor putea \u00eenchiria, de la Metrorex, aceste spa\u021bii, cu, aprobarea Ministerului Transporturilor. Proiectul vine pe fondul unui parteneriat semnat \u00een 2021 cu Universitatea de Arhitectur\u0103 si Urbanism \u201cIon Mincu\u201d pentru proiectarea renov\u0103rii sta\u021biilor de metrou<\/strong>.\u00a0<\/p>\n\n\n\n<p>Un proiect de lege \u00een acest sens,\u00a0<a href=\"https:\/\/www.mt.ro\/web14\/transparenta-decizionala\/consultare-publica\/acte-normative-in-avizare\/5321-l03062024dtf\" target=\"_blank\" rel=\"noreferrer noopener\">pus \u00een dezbatere public\u0103, \u00een aceast\u0103 lun\u0103<\/a>, mai prevede c\u0103 banii ob\u021binu\u021bi vor putea fi folosi\u021bi la \u00eembun\u0103t\u0103\u021birea infrastructurii dar \u0219i a condi\u021biilor de munc\u0103. Totul va fi posibil \u00een urma unei derog\u0103ri de la legisla\u021bie, pe care o va primi Metrorex. \u00cen acest moment, legea nu permite companiei s\u0103 \u00eenchirieze spa\u021bii.<\/p>\n\n\n\n<h2 class=\"wp-block-heading\">\u0218eful Metrorex a f\u0103cut dreptate cu ranga<\/h2>\n\n\n\n<p>Scandalul spa\u021biilor comerciale de la metrou a \u00eenceput \u00een anul 2021. La acea vreme, Ministru al Transporturilor era C\u0103t\u0103lin Drul\u0103. R\u00e2nd pe r\u00e2nd, acestea au \u00eenceput s\u0103 fie evacuate \u0219i demolate pentru c\u0103 era ilegale. De asemenea, acestea erau \u00een administrarea sindicatului condus, la acea vreme, de Ion R\u0103doi iar actele de \u00eenchiriere erau expirate din 2018.<\/p>\n\n\n\n<p>\u00cen acel moment, director general al Metrorex era \u0218tefan Paraschiv care trimisese deja soma\u021bie c\u0103tre sindicat, s\u0103 dezafecteze, urgent, aceste spa\u021bii. Cum unele au r\u0103mas \u00een picioare, Paraschiv a pus m\u00e2na pe rang\u0103 \u0219i a \u00eencercat s\u0103 deschid\u0103 u\u0219a unui magazin \u00eencuiat.<\/p>\n\n\n\n<figure class=\"wp-block-gallery has-nested-images columns-default is-cropped wp-block-gallery-1 is-layout-flex wp-block-gallery-is-layout-flex\">\n<figure class=\"wp-block-image size-large\"><img fetchpriority=\"high\" decoding=\"async\" width=\"780\" height=\"440\" data-id=\"88220\" src=\"data:image\/gif;base64,R0lGODlhAQABAAAAACH5BAEKAAEALAAAAAABAAEAAAICTAEAOw==\" data-src=\"https:\/\/buletin.de\/bucuresti\/wp-content\/uploads\/stefan-paraschiv-ranga.jpg\" alt=\"\" class=\"wp-image-88220 lazyload\" data-sizes=\"auto\" data-srcset=\"https:\/\/buletin.de\/bucuresti\/wp-content\/uploads\/stefan-paraschiv-ranga.jpg 780w, https:\/\/buletin.de\/bucuresti\/wp-content\/uploads\/stefan-paraschiv-ranga-300x169.jpg 300w, https:\/\/buletin.de\/bucuresti\/wp-content\/uploads\/stefan-paraschiv-ranga-768x433.jpg 768w, https:\/\/buletin.de\/bucuresti\/wp-content\/uploads\/stefan-paraschiv-ranga-600x338.jpg 600w, https:\/\/buletin.de\/bucuresti\/wp-content\/uploads\/stefan-paraschiv-ranga-20x11.jpg 20w\" sizes=\"(max-width: 780px) 100vw, 780px\" \/><\/figure>\n\n\n\n<figure class=\"wp-block-image size-large\"><img decoding=\"async\" width=\"900\" height=\"473\" data-id=\"88221\" src=\"data:image\/gif;base64,R0lGODlhAQABAAAAACH5BAEKAAEALAAAAAABAAEAAAICTAEAOw==\" data-src=\"https:\/\/buletin.de\/bucuresti\/wp-content\/uploads\/index-900x473.jpeg\" alt=\"\" class=\"wp-image-88221 lazyload\" data-sizes=\"auto\" data-srcset=\"https:\/\/buletin.de\/bucuresti\/wp-content\/uploads\/index-900x473.jpeg 900w, https:\/\/buletin.de\/bucuresti\/wp-content\/uploads\/index-300x158.jpeg 300w, https:\/\/buletin.de\/bucuresti\/wp-content\/uploads\/index-768x403.jpeg 768w, https:\/\/buletin.de\/bucuresti\/wp-content\/uploads\/index-1100x578.jpeg 1100w, https:\/\/buletin.de\/bucuresti\/wp-content\/uploads\/index-600x315.jpeg 600w, https:\/\/buletin.de\/bucuresti\/wp-content\/uploads\/index-20x11.jpeg 20w, https:\/\/buletin.de\/bucuresti\/wp-content\/uploads\/index.jpeg 1200w\" sizes=\"(max-width: 900px) 100vw, 900px\" \/><\/figure>\n<\/figure>\n\n\n\n<p>\u00cen replic\u0103, R\u0103doi a acuzat conducerea Metrorex de intimidare \u0219i a precizat c\u0103 exist\u0103 un proces pe rol, \u00een ceea ce prive\u0219te aceste spa\u021bii. Mai mul dec\u00e2t at\u00e2t, toate aceste spatii nu aveau aviz ISU, \u00eengreunau accesul la hidran\u021bi \u0219i aglomerau c\u0103ile de evacuare, \u00een caz de urgen\u021b\u0103.<\/p>\n\n\n\n<p>\u00cen 2021, Metrorex a anun\u021bat c\u0103 a semnat un contract de parteneriat cu Universitatea de Arhitectur\u0103 si Urbanism \u201cIon Mincu\u201d pentru proiectarea renov\u0103rii sta\u021biilor de metrou<a href=\"https:\/\/buletin.de\/bucuresti\/exclusiv-cum-urmeaza-sa-arate-statia-de-metrou-universitate\/\">. Studen\u021bii universit\u0103\u021bii ar trebui s\u0103 participe direct la schimbarea la fa\u021b\u0103 a sta\u021biilor de metrou iar primele care vor fi reamenajate fiind cele \u00een care spa\u021biile comerciale au fost desfiin\u021bate.<\/a><\/p>\n\n\n\n<p>Activitatea comercial\u0103 de la metrou \u00ee\u0219i are r\u0103d\u0103cinile \u00een anul 1998. Buletin de Bucure\u0219ti <a href=\"https:\/\/buletin.de\/bucuresti\/exclusiv-spatiile-comerciale-de-la-metrou-cadoul-lui-traian-basescu-pentru-ion-radoi-de-acum-23-de-ani\/\">a dezv\u0103luit \u00een iulie 2021 <\/a>c\u0103 \u00een al doilea mandat de ministru al Transporturilor, Traian B\u0103sescu a cerut modificarea unei legi abia adoptate privind interzicerea construc\u021biilor din subteran care nu au leg\u0103tur\u0103 cu activitatea de transport.<\/p>\n\n\n\n<p><a href=\"https:\/\/buletin.de\/bucuresti\/exclusiv-spatiile-comerciale-de-la-metrou-cadoul-lui-traian-basescu-pentru-ion-radoi-de-acum-23-de-ani\/?fbclid=IwAR0TbixZ-5u0h06nuAgkuySKo7MkUy4NJ_LQfA1IprSZK870YKh7EVQWxk0\">Comer\u021bul de la metrou a devenit astfel legal, \u00een contextul \u00een care firma sindicatului deja avea contracte de asociere \u00een participa\u021biune cu compania de stat pentru spa\u021biile comerciale. \u00cen cercet\u0103rile DNA privind afacerile din subteran, Ion R\u0103doi a fost interceptat purt\u00e2nd discu\u021bii telefonice inclusiv cu Traian B\u0103sescu.<\/a><\/p>\n\n\n\n<p><strong>CITE\u0218TE \u0218I:<\/strong><\/p>\n\n\n\n<figure class=\"wp-block-embed is-type-wp-embed is-provider-buletin-de-bucure-ti wp-block-embed-buletin-de-bucure-ti\"><div class=\"wp-block-embed__wrapper\">\n<blockquote class=\"wp-embedded-content\" data-secret=\"UfzPvdREnV\"><a href=\"https:\/\/buletin.de\/bucuresti\/exclusiv-cum-urmeaza-sa-arate-statia-de-metrou-universitate\/\">EXCLUSIV | Cum urmeaz\u0103 s\u0103 arate sta\u021bia de metrou Universitate<\/a><\/blockquote><iframe class=\"wp-embedded-content\" sandbox=\"allow-scripts\" security=\"restricted\" style=\"position: absolute; clip: rect(1px, 1px, 1px, 1px);\" title=\"&#8220;EXCLUSIV | Cum urmeaz\u0103 s\u0103 arate sta\u021bia de metrou Universitate&#8221; &#8212; Buletin de Bucure\u0219ti\" src=\"https:\/\/buletin.de\/bucuresti\/exclusiv-cum-urmeaza-sa-arate-statia-de-metrou-universitate\/embed\/#?secret=jUBdKITcV1#?secret=UfzPvdREnV\" data-secret=\"UfzPvdREnV\" width=\"600\" height=\"338\" frameborder=\"0\" marginwidth=\"0\" marginheight=\"0\" scrolling=\"no\"><\/iframe>\n<\/div><\/figure>\n\n\n\n<figure class=\"wp-block-embed is-type-wp-embed is-provider-buletin-de-bucure-ti wp-block-embed-buletin-de-bucure-ti\"><div class=\"wp-block-embed__wrapper\">\n<blockquote class=\"wp-embedded-content\" data-secret=\"sinigl2KyG\"><a href=\"https:\/\/buletin.de\/bucuresti\/editorial-secretul-puterii-lui-ion-radoi\/\">EDITORIAL | Secretul puterii lui Ion R\u0103doi<\/a><\/blockquote><iframe class=\"wp-embedded-content\" sandbox=\"allow-scripts\" security=\"restricted\" style=\"position: absolute; clip: rect(1px, 1px, 1px, 1px);\" title=\"&#8220;EDITORIAL | Secretul puterii lui Ion R\u0103doi&#8221; &#8212; Buletin de Bucure\u0219ti\" src=\"https:\/\/buletin.de\/bucuresti\/editorial-secretul-puterii-lui-ion-radoi\/embed\/#?secret=q3Hw4zHwIr#?secret=sinigl2KyG\" data-secret=\"sinigl2KyG\" width=\"600\" height=\"338\" frameborder=\"0\" marginwidth=\"0\" marginheight=\"0\" scrolling=\"no\"><\/iframe>\n<\/div><\/figure>\n\n\n\n<figure class=\"wp-block-embed is-type-wp-embed is-provider-buletin-de-bucure-ti wp-block-embed-buletin-de-bucure-ti\"><div class=\"wp-block-embed__wrapper\">\n<blockquote class=\"wp-embedded-content\" data-secret=\"MZ6FPAZume\"><a href=\"https:\/\/buletin.de\/bucuresti\/2033-anul-in-care-pe-m5-s-ar-putea-circula-intre-eroilor-si-iancului-totul-tine-de-momentul-lansarii-licitatiei\/\">Metrorex: 2033, anul \u00een care pe M5 s-ar putea circula \u00eentre Drumul Taberei \u015fi Iancului<\/a><\/blockquote><iframe class=\"wp-embedded-content\" sandbox=\"allow-scripts\" security=\"restricted\" style=\"position: absolute; clip: rect(1px, 1px, 1px, 1px);\" title=\"&#8220;Metrorex: 2033, anul \u00een care pe M5 s-ar putea circula \u00eentre Drumul Taberei \u015fi Iancului&#8221; &#8212; Buletin de Bucure\u0219ti\" src=\"https:\/\/buletin.de\/bucuresti\/2033-anul-in-care-pe-m5-s-ar-putea-circula-intre-eroilor-si-iancului-totul-tine-de-momentul-lansarii-licitatiei\/embed\/#?secret=X0anOz7HTc#?secret=MZ6FPAZume\" data-secret=\"MZ6FPAZume\" width=\"600\" height=\"338\" frameborder=\"0\" marginwidth=\"0\" marginheight=\"0\" scrolling=\"no\"><\/iframe>\n<\/div><\/figure>\n\n\n\n<p id=\"9\"><\/p>\n","protected":false},"excerpt":{"rendered":"<p>\u00cen sta\u021biile de metrou vor putea ap\u0103rea, din nou, chio\u0219curile cu m\u00e2ncare, potrivit HotNews.ro. Persoanele fizice sau jurdice vor putea \u00eenchiria, de la Metrorex, aceste spa\u021bii, cu, aprobarea Ministerului Transporturilor. Proiectul vine pe fondul unui parteneriat semnat \u00een 2021 cu Universitatea de Arhitectur\u0103 si Urbanism \u201cIon Mincu\u201d pentru proiectarea renov\u0103rii sta\u021biilor de metrou.\u00a0 Un proiect [&hellip;]<\/p>\n","protected":false},"author":49,"featured_media":88222,"comment_status":"closed","ping_status":"open","sticky":false,"template":"","format":"standard","meta":{"_acf_changed":false,"inline_featured_image":false,"ngg_post_thumbnail":0,"footnotes":""},"categories":[6994,62,650],"tags":[2453,377,2446,12723],"ppma_author":[22574],"class_list":["post-88219","post","type-post","status-publish","format-standard","has-post-thumbnail","hentry","category-stiri-2","category-stiri","category-transport","tag-catalin-drula-2","tag-metrorex","tag-ministrul-transporturilor","tag-spatii-comerciale-metrorex"],"acf":[],"yoast_head":"<!-- This site is optimized with the Yoast SEO Premium plugin v25.3 (Yoast SEO v27.5) - https:\/\/yoast.com\/product\/yoast-seo-premium-wordpress\/ -->\n<title>Sta\u021biile de metrou ar putea avea, din nou, spa\u021bii comerciale. Metrorex, parteneriat cu Universitatea de Arhitectur\u0103 - Buletin de Bucure\u0219ti<\/title>\n<meta name=\"robots\" content=\"index, follow, max-snippet:-1, max-image-preview:large, max-video-preview:-1\" \/>\n<link rel=\"canonical\" href=\"https:\/\/buletin.de\/bucuresti\/statiile-de-metrou-ar-putea-avea-din-nou-spatii-comerciale-metrorex-parteneriat-cu-universitatea-de-arhitectura\/\" \/>\n<meta property=\"og:locale\" content=\"en_GB\" \/>\n<meta property=\"og:type\" content=\"article\" \/>\n<meta property=\"og:title\" content=\"Sta\u021biile de metrou ar putea avea, din nou, spa\u021bii comerciale. Metrorex, parteneriat cu Universitatea de Arhitectur\u0103\" \/>\n<meta property=\"og:description\" content=\"\u00cen sta\u021biile de metrou vor putea ap\u0103rea, din nou, chio\u0219curile cu m\u00e2ncare, potrivit HotNews.ro. Persoanele fizice sau jurdice vor putea \u00eenchiria, de la Metrorex, aceste spa\u021bii, cu, aprobarea Ministerului Transporturilor. Proiectul vine pe fondul unui parteneriat semnat \u00een 2021 cu Universitatea de Arhitectur\u0103 si Urbanism \u201cIon Mincu\u201d pentru proiectarea renov\u0103rii sta\u021biilor de metrou.\u00a0 Un proiect [&hellip;]\" \/>\n<meta property=\"og:url\" content=\"https:\/\/buletin.de\/bucuresti\/statiile-de-metrou-ar-putea-avea-din-nou-spatii-comerciale-metrorex-parteneriat-cu-universitatea-de-arhitectura\/\" \/>\n<meta property=\"og:site_name\" content=\"Buletin de Bucure\u0219ti\" \/>\n<meta property=\"article:publisher\" content=\"https:\/\/www.facebook.com\/buletin.de.buc\" \/>\n<meta property=\"article:published_time\" content=\"2024-06-13T03:39:11+00:00\" \/>\n<meta property=\"article:modified_time\" content=\"2024-06-13T21:48:50+00:00\" \/>\n<meta property=\"og:image\" content=\"https:\/\/buletin.de\/bucuresti\/wp-content\/uploads\/spatii-metrorex.jpg\" \/>\n\t<meta property=\"og:image:width\" content=\"900\" \/>\n\t<meta property=\"og:image:height\" content=\"600\" \/>\n\t<meta property=\"og:image:type\" content=\"image\/jpeg\" \/>\n<meta name=\"author\" content=\"Diana Matei\" \/>\n<meta name=\"twitter:card\" content=\"summary_large_image\" \/>\n<meta name=\"twitter:label1\" content=\"Written by\" \/>\n\t<meta name=\"twitter:data1\" content=\"Diana Matei\" \/>\n\t<meta name=\"twitter:label2\" content=\"Estimated reading time\" \/>\n\t<meta name=\"twitter:data2\" content=\"3 minutes\" \/>\n<script type=\"application\/ld+json\" class=\"yoast-schema-graph\">{\"@context\":\"https:\\\/\\\/schema.org\",\"@graph\":[{\"@type\":\"Article\",\"@id\":\"https:\\\/\\\/buletin.de\\\/bucuresti\\\/statiile-de-metrou-ar-putea-avea-din-nou-spatii-comerciale-metrorex-parteneriat-cu-universitatea-de-arhitectura\\\/#article\",\"isPartOf\":{\"@id\":\"https:\\\/\\\/buletin.de\\\/bucuresti\\\/statiile-de-metrou-ar-putea-avea-din-nou-spatii-comerciale-metrorex-parteneriat-cu-universitatea-de-arhitectura\\\/\"},\"author\":{\"name\":\"Diana Matei\",\"@id\":\"https:\\\/\\\/buletin.de\\\/bucuresti\\\/#\\\/schema\\\/person\\\/7e46040573290777280a0835d81ea4ea\"},\"headline\":\"Sta\u021biile de metrou ar putea avea, din nou, spa\u021bii comerciale. Metrorex, parteneriat cu Universitatea de Arhitectur\u0103\",\"datePublished\":\"2024-06-13T03:39:11+00:00\",\"dateModified\":\"2024-06-13T21:48:50+00:00\",\"mainEntityOfPage\":{\"@id\":\"https:\\\/\\\/buletin.de\\\/bucuresti\\\/statiile-de-metrou-ar-putea-avea-din-nou-spatii-comerciale-metrorex-parteneriat-cu-universitatea-de-arhitectura\\\/\"},\"wordCount\":510,\"publisher\":{\"@id\":\"https:\\\/\\\/buletin.de\\\/bucuresti\\\/#organization\"},\"image\":{\"@id\":\"https:\\\/\\\/buletin.de\\\/bucuresti\\\/statiile-de-metrou-ar-putea-avea-din-nou-spatii-comerciale-metrorex-parteneriat-cu-universitatea-de-arhitectura\\\/#primaryimage\"},\"thumbnailUrl\":\"https:\\\/\\\/buletin.de\\\/bucuresti\\\/wp-content\\\/uploads\\\/spatii-metrorex.jpg\",\"keywords\":[\"catalin drula\",\"metrorex\",\"Ministrul Transporturilor\",\"spatii comerciale Metrorex\"],\"articleSection\":[\"Articole\",\"\u0218tiri\",\"Transport\"],\"inLanguage\":\"en-GB\",\"copyrightYear\":\"2024\",\"copyrightHolder\":{\"@id\":\"https:\\\/\\\/buletin.de\\\/bucuresti\\\/#organization\"}},{\"@type\":\"WebPage\",\"@id\":\"https:\\\/\\\/buletin.de\\\/bucuresti\\\/statiile-de-metrou-ar-putea-avea-din-nou-spatii-comerciale-metrorex-parteneriat-cu-universitatea-de-arhitectura\\\/\",\"url\":\"https:\\\/\\\/buletin.de\\\/bucuresti\\\/statiile-de-metrou-ar-putea-avea-din-nou-spatii-comerciale-metrorex-parteneriat-cu-universitatea-de-arhitectura\\\/\",\"name\":\"Sta\u021biile de metrou ar putea avea, din nou, spa\u021bii comerciale. Metrorex, parteneriat cu Universitatea de Arhitectur\u0103 - Buletin de Bucure\u0219ti\",\"isPartOf\":{\"@id\":\"https:\\\/\\\/buletin.de\\\/bucuresti\\\/#website\"},\"primaryImageOfPage\":{\"@id\":\"https:\\\/\\\/buletin.de\\\/bucuresti\\\/statiile-de-metrou-ar-putea-avea-din-nou-spatii-comerciale-metrorex-parteneriat-cu-universitatea-de-arhitectura\\\/#primaryimage\"},\"image\":{\"@id\":\"https:\\\/\\\/buletin.de\\\/bucuresti\\\/statiile-de-metrou-ar-putea-avea-din-nou-spatii-comerciale-metrorex-parteneriat-cu-universitatea-de-arhitectura\\\/#primaryimage\"},\"thumbnailUrl\":\"https:\\\/\\\/buletin.de\\\/bucuresti\\\/wp-content\\\/uploads\\\/spatii-metrorex.jpg\",\"datePublished\":\"2024-06-13T03:39:11+00:00\",\"dateModified\":\"2024-06-13T21:48:50+00:00\",\"breadcrumb\":{\"@id\":\"https:\\\/\\\/buletin.de\\\/bucuresti\\\/statiile-de-metrou-ar-putea-avea-din-nou-spatii-comerciale-metrorex-parteneriat-cu-universitatea-de-arhitectura\\\/#breadcrumb\"},\"inLanguage\":\"en-GB\",\"potentialAction\":[{\"@type\":\"ReadAction\",\"target\":[\"https:\\\/\\\/buletin.de\\\/bucuresti\\\/statiile-de-metrou-ar-putea-avea-din-nou-spatii-comerciale-metrorex-parteneriat-cu-universitatea-de-arhitectura\\\/\"]}]},{\"@type\":\"ImageObject\",\"inLanguage\":\"en-GB\",\"@id\":\"https:\\\/\\\/buletin.de\\\/bucuresti\\\/statiile-de-metrou-ar-putea-avea-din-nou-spatii-comerciale-metrorex-parteneriat-cu-universitatea-de-arhitectura\\\/#primaryimage\",\"url\":\"https:\\\/\\\/buletin.de\\\/bucuresti\\\/wp-content\\\/uploads\\\/spatii-metrorex.jpg\",\"contentUrl\":\"https:\\\/\\\/buletin.de\\\/bucuresti\\\/wp-content\\\/uploads\\\/spatii-metrorex.jpg\",\"width\":900,\"height\":600,\"caption\":\"FOTO: inquamphotos.com\"},{\"@type\":\"BreadcrumbList\",\"@id\":\"https:\\\/\\\/buletin.de\\\/bucuresti\\\/statiile-de-metrou-ar-putea-avea-din-nou-spatii-comerciale-metrorex-parteneriat-cu-universitatea-de-arhitectura\\\/#breadcrumb\",\"itemListElement\":[{\"@type\":\"ListItem\",\"position\":1,\"name\":\"Acas\u0103\",\"item\":\"https:\\\/\\\/buletin.de\\\/bucuresti\\\/\"},{\"@type\":\"ListItem\",\"position\":2,\"name\":\"Sta\u021biile de metrou ar putea avea, din nou, spa\u021bii comerciale. Metrorex, parteneriat cu Universitatea de Arhitectur\u0103\"}]},{\"@type\":\"WebSite\",\"@id\":\"https:\\\/\\\/buletin.de\\\/bucuresti\\\/#website\",\"url\":\"https:\\\/\\\/buletin.de\\\/bucuresti\\\/\",\"name\":\"Buletin de Bucure\u0219ti\",\"description\":\"\u0218tiri \u0219i investiga\u021bii esen\u021biale din capital\u0103\",\"publisher\":{\"@id\":\"https:\\\/\\\/buletin.de\\\/bucuresti\\\/#organization\"},\"potentialAction\":[{\"@type\":\"SearchAction\",\"target\":{\"@type\":\"EntryPoint\",\"urlTemplate\":\"https:\\\/\\\/buletin.de\\\/bucuresti\\\/?s={search_term_string}\"},\"query-input\":{\"@type\":\"PropertyValueSpecification\",\"valueRequired\":true,\"valueName\":\"search_term_string\"}}],\"inLanguage\":\"en-GB\"},{\"@type\":\"Organization\",\"@id\":\"https:\\\/\\\/buletin.de\\\/bucuresti\\\/#organization\",\"name\":\"Buletin de Bucure\u0219ti\",\"url\":\"https:\\\/\\\/buletin.de\\\/bucuresti\\\/\",\"logo\":{\"@type\":\"ImageObject\",\"inLanguage\":\"en-GB\",\"@id\":\"https:\\\/\\\/buletin.de\\\/bucuresti\\\/#\\\/schema\\\/logo\\\/image\\\/\",\"url\":\"https:\\\/\\\/buletin.de\\\/bucuresti\\\/wp-content\\\/uploads\\\/logo-bdb-full-wide-vernil-transparent.png\",\"contentUrl\":\"https:\\\/\\\/buletin.de\\\/bucuresti\\\/wp-content\\\/uploads\\\/logo-bdb-full-wide-vernil-transparent.png\",\"width\":1782,\"height\":626,\"caption\":\"Buletin de Bucure\u0219ti\"},\"image\":{\"@id\":\"https:\\\/\\\/buletin.de\\\/bucuresti\\\/#\\\/schema\\\/logo\\\/image\\\/\"},\"sameAs\":[\"https:\\\/\\\/www.facebook.com\\\/buletin.de.buc\",\"https:\\\/\\\/www.instagram.com\\\/buletinde.bucuresti\\\/\"]},{\"@type\":\"Person\",\"@id\":\"https:\\\/\\\/buletin.de\\\/bucuresti\\\/#\\\/schema\\\/person\\\/7e46040573290777280a0835d81ea4ea\",\"name\":\"Diana Matei\",\"image\":{\"@type\":\"ImageObject\",\"inLanguage\":\"en-GB\",\"@id\":\"https:\\\/\\\/buletin.de\\\/bucuresti\\\/wp-content\\\/uploads\\\/9-2-96x96.jpg1e8590b30871d70e62ebcdaf2eff570c\",\"url\":\"https:\\\/\\\/buletin.de\\\/bucuresti\\\/wp-content\\\/uploads\\\/9-2-96x96.jpg\",\"contentUrl\":\"https:\\\/\\\/buletin.de\\\/bucuresti\\\/wp-content\\\/uploads\\\/9-2-96x96.jpg\",\"caption\":\"Diana Matei\"},\"url\":\"https:\\\/\\\/buletin.de\\\/bucuresti\\\/author\\\/dianamatei\\\/\"}]}<\/script>\n<!-- \/ Yoast SEO Premium plugin. -->","yoast_head_json":{"title":"Sta\u021biile de metrou ar putea avea, din nou, spa\u021bii comerciale. Metrorex, parteneriat cu Universitatea de Arhitectur\u0103 - Buletin de Bucure\u0219ti","robots":{"index":"index","follow":"follow","max-snippet":"max-snippet:-1","max-image-preview":"max-image-preview:large","max-video-preview":"max-video-preview:-1"},"canonical":"https:\/\/buletin.de\/bucuresti\/statiile-de-metrou-ar-putea-avea-din-nou-spatii-comerciale-metrorex-parteneriat-cu-universitatea-de-arhitectura\/","og_locale":"en_GB","og_type":"article","og_title":"Sta\u021biile de metrou ar putea avea, din nou, spa\u021bii comerciale. Metrorex, parteneriat cu Universitatea de Arhitectur\u0103","og_description":"\u00cen sta\u021biile de metrou vor putea ap\u0103rea, din nou, chio\u0219curile cu m\u00e2ncare, potrivit HotNews.ro. Persoanele fizice sau jurdice vor putea \u00eenchiria, de la Metrorex, aceste spa\u021bii, cu, aprobarea Ministerului Transporturilor. Proiectul vine pe fondul unui parteneriat semnat \u00een 2021 cu Universitatea de Arhitectur\u0103 si Urbanism \u201cIon Mincu\u201d pentru proiectarea renov\u0103rii sta\u021biilor de metrou.\u00a0 Un proiect [&hellip;]","og_url":"https:\/\/buletin.de\/bucuresti\/statiile-de-metrou-ar-putea-avea-din-nou-spatii-comerciale-metrorex-parteneriat-cu-universitatea-de-arhitectura\/","og_site_name":"Buletin de Bucure\u0219ti","article_publisher":"https:\/\/www.facebook.com\/buletin.de.buc","article_published_time":"2024-06-13T03:39:11+00:00","article_modified_time":"2024-06-13T21:48:50+00:00","og_image":[{"width":900,"height":600,"url":"https:\/\/buletin.de\/bucuresti\/wp-content\/uploads\/spatii-metrorex.jpg","type":"image\/jpeg"}],"author":"Diana Matei","twitter_card":"summary_large_image","twitter_misc":{"Written by":"Diana Matei","Estimated reading time":"3 minutes"},"schema":{"@context":"https:\/\/schema.org","@graph":[{"@type":"Article","@id":"https:\/\/buletin.de\/bucuresti\/statiile-de-metrou-ar-putea-avea-din-nou-spatii-comerciale-metrorex-parteneriat-cu-universitatea-de-arhitectura\/#article","isPartOf":{"@id":"https:\/\/buletin.de\/bucuresti\/statiile-de-metrou-ar-putea-avea-din-nou-spatii-comerciale-metrorex-parteneriat-cu-universitatea-de-arhitectura\/"},"author":{"name":"Diana Matei","@id":"https:\/\/buletin.de\/bucuresti\/#\/schema\/person\/7e46040573290777280a0835d81ea4ea"},"headline":"Sta\u021biile de metrou ar putea avea, din nou, spa\u021bii comerciale. Metrorex, parteneriat cu Universitatea de Arhitectur\u0103","datePublished":"2024-06-13T03:39:11+00:00","dateModified":"2024-06-13T21:48:50+00:00","mainEntityOfPage":{"@id":"https:\/\/buletin.de\/bucuresti\/statiile-de-metrou-ar-putea-avea-din-nou-spatii-comerciale-metrorex-parteneriat-cu-universitatea-de-arhitectura\/"},"wordCount":510,"publisher":{"@id":"https:\/\/buletin.de\/bucuresti\/#organization"},"image":{"@id":"https:\/\/buletin.de\/bucuresti\/statiile-de-metrou-ar-putea-avea-din-nou-spatii-comerciale-metrorex-parteneriat-cu-universitatea-de-arhitectura\/#primaryimage"},"thumbnailUrl":"https:\/\/buletin.de\/bucuresti\/wp-content\/uploads\/spatii-metrorex.jpg","keywords":["catalin drula","metrorex","Ministrul Transporturilor","spatii comerciale Metrorex"],"articleSection":["Articole","\u0218tiri","Transport"],"inLanguage":"en-GB","copyrightYear":"2024","copyrightHolder":{"@id":"https:\/\/buletin.de\/bucuresti\/#organization"}},{"@type":"WebPage","@id":"https:\/\/buletin.de\/bucuresti\/statiile-de-metrou-ar-putea-avea-din-nou-spatii-comerciale-metrorex-parteneriat-cu-universitatea-de-arhitectura\/","url":"https:\/\/buletin.de\/bucuresti\/statiile-de-metrou-ar-putea-avea-din-nou-spatii-comerciale-metrorex-parteneriat-cu-universitatea-de-arhitectura\/","name":"Sta\u021biile de metrou ar putea avea, din nou, spa\u021bii comerciale. Metrorex, parteneriat cu Universitatea de Arhitectur\u0103 - Buletin de Bucure\u0219ti","isPartOf":{"@id":"https:\/\/buletin.de\/bucuresti\/#website"},"primaryImageOfPage":{"@id":"https:\/\/buletin.de\/bucuresti\/statiile-de-metrou-ar-putea-avea-din-nou-spatii-comerciale-metrorex-parteneriat-cu-universitatea-de-arhitectura\/#primaryimage"},"image":{"@id":"https:\/\/buletin.de\/bucuresti\/statiile-de-metrou-ar-putea-avea-din-nou-spatii-comerciale-metrorex-parteneriat-cu-universitatea-de-arhitectura\/#primaryimage"},"thumbnailUrl":"https:\/\/buletin.de\/bucuresti\/wp-content\/uploads\/spatii-metrorex.jpg","datePublished":"2024-06-13T03:39:11+00:00","dateModified":"2024-06-13T21:48:50+00:00","breadcrumb":{"@id":"https:\/\/buletin.de\/bucuresti\/statiile-de-metrou-ar-putea-avea-din-nou-spatii-comerciale-metrorex-parteneriat-cu-universitatea-de-arhitectura\/#breadcrumb"},"inLanguage":"en-GB","potentialAction":[{"@type":"ReadAction","target":["https:\/\/buletin.de\/bucuresti\/statiile-de-metrou-ar-putea-avea-din-nou-spatii-comerciale-metrorex-parteneriat-cu-universitatea-de-arhitectura\/"]}]},{"@type":"ImageObject","inLanguage":"en-GB","@id":"https:\/\/buletin.de\/bucuresti\/statiile-de-metrou-ar-putea-avea-din-nou-spatii-comerciale-metrorex-parteneriat-cu-universitatea-de-arhitectura\/#primaryimage","url":"https:\/\/buletin.de\/bucuresti\/wp-content\/uploads\/spatii-metrorex.jpg","contentUrl":"https:\/\/buletin.de\/bucuresti\/wp-content\/uploads\/spatii-metrorex.jpg","width":900,"height":600,"caption":"FOTO: inquamphotos.com"},{"@type":"BreadcrumbList","@id":"https:\/\/buletin.de\/bucuresti\/statiile-de-metrou-ar-putea-avea-din-nou-spatii-comerciale-metrorex-parteneriat-cu-universitatea-de-arhitectura\/#breadcrumb","itemListElement":[{"@type":"ListItem","position":1,"name":"Acas\u0103","item":"https:\/\/buletin.de\/bucuresti\/"},{"@type":"ListItem","position":2,"name":"Sta\u021biile de metrou ar putea avea, din nou, spa\u021bii comerciale. Metrorex, parteneriat cu Universitatea de Arhitectur\u0103"}]},{"@type":"WebSite","@id":"https:\/\/buletin.de\/bucuresti\/#website","url":"https:\/\/buletin.de\/bucuresti\/","name":"Buletin de Bucure\u0219ti","description":"\u0218tiri \u0219i investiga\u021bii esen\u021biale din capital\u0103","publisher":{"@id":"https:\/\/buletin.de\/bucuresti\/#organization"},"potentialAction":[{"@type":"SearchAction","target":{"@type":"EntryPoint","urlTemplate":"https:\/\/buletin.de\/bucuresti\/?s={search_term_string}"},"query-input":{"@type":"PropertyValueSpecification","valueRequired":true,"valueName":"search_term_string"}}],"inLanguage":"en-GB"},{"@type":"Organization","@id":"https:\/\/buletin.de\/bucuresti\/#organization","name":"Buletin de Bucure\u0219ti","url":"https:\/\/buletin.de\/bucuresti\/","logo":{"@type":"ImageObject","inLanguage":"en-GB","@id":"https:\/\/buletin.de\/bucuresti\/#\/schema\/logo\/image\/","url":"https:\/\/buletin.de\/bucuresti\/wp-content\/uploads\/logo-bdb-full-wide-vernil-transparent.png","contentUrl":"https:\/\/buletin.de\/bucuresti\/wp-content\/uploads\/logo-bdb-full-wide-vernil-transparent.png","width":1782,"height":626,"caption":"Buletin de Bucure\u0219ti"},"image":{"@id":"https:\/\/buletin.de\/bucuresti\/#\/schema\/logo\/image\/"},"sameAs":["https:\/\/www.facebook.com\/buletin.de.buc","https:\/\/www.instagram.com\/buletinde.bucuresti\/"]},{"@type":"Person","@id":"https:\/\/buletin.de\/bucuresti\/#\/schema\/person\/7e46040573290777280a0835d81ea4ea","name":"Diana Matei","image":{"@type":"ImageObject","inLanguage":"en-GB","@id":"https:\/\/buletin.de\/bucuresti\/wp-content\/uploads\/9-2-96x96.jpg1e8590b30871d70e62ebcdaf2eff570c","url":"https:\/\/buletin.de\/bucuresti\/wp-content\/uploads\/9-2-96x96.jpg","contentUrl":"https:\/\/buletin.de\/bucuresti\/wp-content\/uploads\/9-2-96x96.jpg","caption":"Diana Matei"},"url":"https:\/\/buletin.de\/bucuresti\/author\/dianamatei\/"}]}},"authors":[{"term_id":22574,"user_id":49,"is_guest":0,"slug":"dianamatei","display_name":"Diana Matei","avatar_url":"https:\/\/buletin.de\/bucuresti\/wp-content\/uploads\/9-2-96x96.jpg","0":null,"1":"","2":"","3":"","4":"","5":"","6":"","7":"","8":""}],"_links":{"self":[{"href":"https:\/\/buletin.de\/bucuresti\/wp-json\/wp\/v2\/posts\/88219","targetHints":{"allow":["GET"]}}],"collection":[{"href":"https:\/\/buletin.de\/bucuresti\/wp-json\/wp\/v2\/posts"}],"about":[{"href":"https:\/\/buletin.de\/bucuresti\/wp-json\/wp\/v2\/types\/post"}],"author":[{"embeddable":true,"href":"https:\/\/buletin.de\/bucuresti\/wp-json\/wp\/v2\/users\/49"}],"replies":[{"embeddable":true,"href":"https:\/\/buletin.de\/bucuresti\/wp-json\/wp\/v2\/comments?post=88219"}],"version-history":[{"count":4,"href":"https:\/\/buletin.de\/bucuresti\/wp-json\/wp\/v2\/posts\/88219\/revisions"}],"predecessor-version":[{"id":88228,"href":"https:\/\/buletin.de\/bucuresti\/wp-json\/wp\/v2\/posts\/88219\/revisions\/88228"}],"wp:featuredmedia":[{"embeddable":true,"href":"https:\/\/buletin.de\/bucuresti\/wp-json\/wp\/v2\/media\/88222"}],"wp:attachment":[{"href":"https:\/\/buletin.de\/bucuresti\/wp-json\/wp\/v2\/media?parent=88219"}],"wp:term":[{"taxonomy":"category","embeddable":true,"href":"https:\/\/buletin.de\/bucuresti\/wp-json\/wp\/v2\/categories?post=88219"},{"taxonomy":"post_tag","embeddable":true,"href":"https:\/\/buletin.de\/bucuresti\/wp-json\/wp\/v2\/tags?post=88219"},{"taxonomy":"author","embeddable":true,"href":"https:\/\/buletin.de\/bucuresti\/wp-json\/wp\/v2\/ppma_author?post=88219"}],"curies":[{"name":"wp","href":"https:\/\/api.w.org\/{rel}","templated":true}]}}