{"id":88197,"date":"2024-06-12T15:08:36","date_gmt":"2024-06-12T12:08:36","guid":{"rendered":"https:\/\/buletin.de\/bucuresti\/?p=88197"},"modified":"2024-06-12T15:08:37","modified_gmt":"2024-06-12T12:08:37","slug":"ziua-eroilor-sarbatorita-la-bucuresti-vor-fi-si-restrictii-de-trafic","status":"publish","type":"post","link":"https:\/\/buletin.de\/bucuresti\/ziua-eroilor-sarbatorita-la-bucuresti-vor-fi-si-restrictii-de-trafic\/","title":{"rendered":"Ziua Eroilor s\u0103rb\u0103torit\u0103 la Bucure\u0219ti. Vor fi \u0219i restric\u021bii de trafic"},"content":{"rendered":"\n<p><strong>Ceremonii militare \u0219i religioase vor fi organizate m\u00e2ine, 13 iunie, cu ocazia s\u0103rb\u0103toririi Zilei Eroilor. \u00cen acest context, Brigada Rutier\u0103 anun\u021b\u0103 \u0219i restric\u021bii de trafic.<\/strong><\/p>\n\n\n\n<p>Programul ceremoniilor este urm\u0103torul:<\/p>\n\n\n\n<ul class=\"wp-block-list\">\n<li>ora 10:00 &#8211; ceremonie militar\u0103 \u0219i religioas\u0103 cu depuneri de coroane \u0219i jerbe de flori \u2013 Monumentul Poli\u021bi\u0219tilor Eroi, din Calea Victoriei nr. 19;<\/li>\n\n\n\n<li>ora 10:00 \u2013 ceremonie militar\u0103 \u0219i religioas\u0103 cu depuneri de coroane \u0219i jerbe de flori \u2013 Cimitirul Israelit \u201eFilantropia\u201d;<\/li>\n\n\n\n<li>orele 12:00 \u2013 15:00 \u2013 ceremonie militar\u0103 \u0219i religioas\u0103 cu depuneri de coroane \u0219i jerbe de flori, rostirea solemn\u0103 a numelor eroilor, Drill-Team \u2013 Morm\u00e2ntul Osta\u0219ului Necunoscut (MON) din Parcul Carol;<\/li>\n\n\n\n<li>ora 12:00 &#8211; ceremonie militar\u0103 \u0219i religioas\u0103 cu depuneri de coroane \u0219i jerbe de flori \u2013 Monumentul eroilor militari c\u0103zu\u021bi \u00een misiune \u00een teatrele de opera\u021bii \u0219i pe teritoriul Rom\u00e2niei din fa\u021ba Palatului Na\u021bional al Copiilor;<\/li>\n\n\n\n<li>ora 12:00 &#8211; ceremonie militar\u0103 \u0219i religioas\u0103 cu depuneri de coroane \u0219i jerbe de flori \u2013 Monumentul Eroilor Patriei din Al Doilea R\u0103zboi Mondial din fa\u021ba Universit\u0103\u021bii Na\u021bionale de Ap\u0103rare \u201eCarol I\u201d;<\/li>\n\n\n\n<li>ora 12:00 &#8211; ceremonie militar\u0103 \u0219i religioas\u0103 cu depuneri de coroane \u0219i jerbe de flori \u2013 Cimitirul Militar Ghencea;<\/li>\n\n\n\n<li>ora 12:00 &#8211; ceremonie militar\u0103 \u0219i religioas\u0103 cu depuneri de coroane \u0219i jerbede flori \u2013 Cimitirul Eroii Revolu\u021biei;<\/li>\n\n\n\n<li>ora 12:00 &#8211; ceremonie militar\u0103 \u0219i religioas\u0103 cu depuneri de coroane \u0219i jerbe de flori \u2013 Parcela Eroilor de pe DN-1, la intersec\u021bia cu Aleea Privighetorilor;<\/li>\n\n\n\n<li>ora 12:00 &#8211; ceremonie militar\u0103 \u0219i religioas\u0103 cu depuneri de coroane \u0219i jerbe de flori \u2013 Monumentul \u201eUltimul Str\u0103jer al Capitalei\u201d, din fa\u021ba Aeroportului \u201eAurelVlaicu\u201d B\u0103neasa;<\/li>\n\n\n\n<li>ora 12:00 &#8211; ceremonie militar\u0103 \u0219i religioas\u0103 cu depuneri de coroane \u0219i jerbe de flori \u2013 Monumentul Eroilor Jandarmi, din Parcul Ci\u0219migiu;<\/li>\n\n\n\n<li>ora 13:00 &#8211; ceremonie militar\u0103 \u0219i religioas\u0103 cu depuneri de coroane \u0219i jerbe de flori \u2013 Monumentul Pompierilor din curtea Bisericii Sf. Gheorghe &#8211; Plevna,<br>din Calea Plevnei;<\/li>\n\n\n\n<li>orele 20:00 \u2013 21:30 \u2013 concert de fanfar\u0103 \u00een Pia\u021ba Tricolorului din fa\u021ba Palatului Cercului Militar Na\u021bional;<\/li>\n\n\n\n<li>orele 20:00 \u2013 23:00 \u2013 video mapping pe fa\u021bada Palatului Cercului Militar Na\u021bional \u2013 Pia\u021ba Tricolorului;<\/li>\n\n\n\n<li>ora 22:30 \u2013 depunerea de candele aprinse la mormintele eroilor \u2013 Cimitirul Eroilor Rom\u00e2ni din Primul R\u0103zboi Mondial;<\/li>\n\n\n\n<li>orele 21:00-23:30 \u2013 retragerea cu tor\u021be pe urm\u0103torul traseul: Palatul Cercului Militar Na\u0163ional \u2013 Calea Victoriei \u2013 Bd. Regina Elisabeta \u2013 Bd. Mihail Kog\u0103lniceanu \u2013 Pia\u021ba Operei \u2013 Bd. Eroii Sanitari \u2013 Str. Prof. Dr. Gheorghe Marinescu \u2013 \u0218os. Cotroceni \u2013 Bd. Iuliu Maniu \u2013 Bd. Paul Teodorescu \u2013 Bd. Timi\u015foara \u2013 sediul Brig\u0103zii 30 Gard\u0103 \u201eMihai Viteazul\u201d. Deplasarea se va face exclusiv pe banda I de circula\u0163ie, pe sensul normal de mers.<br><\/li>\n<\/ul>\n\n\n\n<p>Brigada Rutier\u0103 va dispune urm\u0103toarele m\u0103suri:<\/p>\n\n\n\n<ul class=\"wp-block-list\">\n<li>restric\u021bionarea traficul rutier pe Str. Constantin Mille, \u00eentre orele 19:30-23:00;<\/li>\n\n\n\n<li>restric\u021bionarea traficului rutier pe Calea Victoriei, \u00een fa\u021ba Palatului Cercului Militar Na\u021bional (\u00eentre Str. Matei Millo \u0219i Bd. Regina Elisabeta), f\u0103r\u0103 afectarea intersec\u021biilor, \u00een data de 13 iunie a.c., \u00een intervalul 20:00 \u2013 23:00;<\/li>\n\n\n\n<li>eliberarea parc\u0103rii de la intrarea \u00een Parcul Carol, \u00eencep\u00e2nd cu data de 12 iunie, ora 22:00 p\u00e2n\u0103 pe data de 13 iunie a.c., la terminarea activit\u0103\u021bii;<\/li>\n\n\n\n<li>eliberarea parc\u0103rii de la Monumentul eroilor militari c\u0103zu\u021bi \u00een misiune \u00een teatrele de opera\u021bii \u0219i pe teritoriul Rom\u00e2niei, \u00eencep\u00e2nd din data de 12 iunie, ora 20:00 p\u00e2n\u0103 pe data de 13 iunie, la terminarea activit\u0103\u021bii;<\/li>\n\n\n\n<li>eliberarea aleii\/parc\u0103rii de la Monumentul Eroilor Patriei, \u00eencep\u00e2nd din data11 iunie, ora 22:00, p\u00e2n\u0103 pe data de 13 iunie, la terminarea activit\u0103\u021bii;<\/li>\n\n\n\n<li>eliberarea parc\u0103rii \u0219i a trotuarului din fa\u021ba Cimitirului Eroilor Rom\u00e2ni din Primul R\u0103zboi Mondial (Bd. Ghencea) \u00een data de 13 iunie, \u00eentre orele 10:00 \u201323:30.<\/li>\n<\/ul>\n\n\n\n<p>Brigada Rutier\u0103 solicit\u0103 conduc\u0103torilor de autovehicule s\u0103 circule cu pruden\u021b\u0103, s\u0103 p\u0103streze o distan\u021b\u0103 suficient\u0103 pentru a putea fr\u00e2na \u00een condi\u021bii de siguran\u021b\u0103, s\u0103 nu opreasc\u0103 sau s\u0103 sta\u021bioneze dec\u00e2t \u00een locurile special amenajate \u0219i s\u0103 respecte semnalele \u0219i indica\u021biile poli\u021bi\u0219tilor rutieri.<\/p>\n\n\n\n<p>Pietonii trebuie s\u0103 circule doar pe trotuare \u0219i s\u0103 traverseze doar prin locurile special amenajate \u0219i la culoarea verde a semaforului.<\/p>\n\n\n\n<p><strong>CITE\u0218TE \u0218I:<\/strong><\/p>\n\n\n\n<figure class=\"wp-block-embed is-type-wp-embed is-provider-buletin-de-bucure-ti wp-block-embed-buletin-de-bucure-ti\"><div class=\"wp-block-embed__wrapper\">\n<blockquote class=\"wp-embedded-content\" data-secret=\"3H3yZLMgC1\"><a href=\"https:\/\/buletin.de\/bucuresti\/foto-cea-mai-mare-banca-de-alimente-din-bucuresti-ridicata-pana-la-finalul-anului\/\">FOTO | Cea mai mare banc\u0103 de alimente din Bucure\u015fti, ridicat\u0103 p\u00e2n\u0103 la finalul anului<\/a><\/blockquote><iframe class=\"wp-embedded-content\" sandbox=\"allow-scripts\" security=\"restricted\" style=\"position: absolute; clip: rect(1px, 1px, 1px, 1px);\" title=\"&#8220;FOTO | Cea mai mare banc\u0103 de alimente din Bucure\u015fti, ridicat\u0103 p\u00e2n\u0103 la finalul anului&#8221; &#8212; Buletin de Bucure\u0219ti\" src=\"https:\/\/buletin.de\/bucuresti\/foto-cea-mai-mare-banca-de-alimente-din-bucuresti-ridicata-pana-la-finalul-anului\/embed\/#?secret=ibnoWVG5aK#?secret=3H3yZLMgC1\" data-secret=\"3H3yZLMgC1\" width=\"600\" height=\"338\" frameborder=\"0\" marginwidth=\"0\" marginheight=\"0\" scrolling=\"no\"><\/iframe>\n<\/div><\/figure>\n\n\n\n<p><br> <\/p>\n\n\n\n<p><\/p>\n","protected":false},"excerpt":{"rendered":"<p>Ceremonii militare \u0219i religioase vor fi organizate m\u00e2ine, 13 iunie, cu ocazia s\u0103rb\u0103toririi Zilei Eroilor. \u00cen acest context, Brigada Rutier\u0103 anun\u021b\u0103 \u0219i restric\u021bii de trafic. Programul ceremoniilor este urm\u0103torul: Brigada Rutier\u0103 va dispune urm\u0103toarele m\u0103suri: Brigada Rutier\u0103 solicit\u0103 conduc\u0103torilor de autovehicule s\u0103 circule cu pruden\u021b\u0103, s\u0103 p\u0103streze o distan\u021b\u0103 suficient\u0103 pentru a putea fr\u00e2na \u00een [&hellip;]<\/p>\n","protected":false},"author":49,"featured_media":88200,"comment_status":"closed","ping_status":"open","sticky":false,"template":"","format":"standard","meta":{"_acf_changed":false,"inline_featured_image":false,"ngg_post_thumbnail":0,"footnotes":""},"categories":[6994,9026,62,650],"tags":[5722,12721,11424,12720],"ppma_author":[22574],"class_list":["post-88197","post","type-post","status-publish","format-standard","has-post-thumbnail","hentry","category-stiri-2","category-eveniment","category-stiri","category-transport","tag-brigada-rutiera-2","tag-mormantul-ostasului-necunoscut","tag-restrictii-de-trafic","tag-ziua-eroilor"],"acf":[],"yoast_head":"<!-- This site is optimized with the Yoast SEO Premium plugin v25.3 (Yoast SEO v27.5) - https:\/\/yoast.com\/product\/yoast-seo-premium-wordpress\/ -->\n<title>Ziua Eroilor s\u0103rb\u0103torit\u0103 la Bucure\u0219ti. Vor fi \u0219i restric\u021bii de trafic - Buletin de Bucure\u0219ti<\/title>\n<meta name=\"robots\" content=\"index, follow, max-snippet:-1, max-image-preview:large, max-video-preview:-1\" \/>\n<link rel=\"canonical\" href=\"https:\/\/buletin.de\/bucuresti\/ziua-eroilor-sarbatorita-la-bucuresti-vor-fi-si-restrictii-de-trafic\/\" \/>\n<meta property=\"og:locale\" content=\"en_GB\" \/>\n<meta property=\"og:type\" content=\"article\" \/>\n<meta property=\"og:title\" content=\"Ziua Eroilor s\u0103rb\u0103torit\u0103 la Bucure\u0219ti. Vor fi \u0219i restric\u021bii de trafic\" \/>\n<meta property=\"og:description\" content=\"Ceremonii militare \u0219i religioase vor fi organizate m\u00e2ine, 13 iunie, cu ocazia s\u0103rb\u0103toririi Zilei Eroilor. \u00cen acest context, Brigada Rutier\u0103 anun\u021b\u0103 \u0219i restric\u021bii de trafic. Programul ceremoniilor este urm\u0103torul: Brigada Rutier\u0103 va dispune urm\u0103toarele m\u0103suri: Brigada Rutier\u0103 solicit\u0103 conduc\u0103torilor de autovehicule s\u0103 circule cu pruden\u021b\u0103, s\u0103 p\u0103streze o distan\u021b\u0103 suficient\u0103 pentru a putea fr\u00e2na \u00een [&hellip;]\" \/>\n<meta property=\"og:url\" content=\"https:\/\/buletin.de\/bucuresti\/ziua-eroilor-sarbatorita-la-bucuresti-vor-fi-si-restrictii-de-trafic\/\" \/>\n<meta property=\"og:site_name\" content=\"Buletin de Bucure\u0219ti\" \/>\n<meta property=\"article:publisher\" content=\"https:\/\/www.facebook.com\/buletin.de.buc\" \/>\n<meta property=\"article:published_time\" content=\"2024-06-12T12:08:36+00:00\" \/>\n<meta property=\"article:modified_time\" content=\"2024-06-12T12:08:37+00:00\" \/>\n<meta property=\"og:image\" content=\"https:\/\/buletin.de\/bucuresti\/wp-content\/uploads\/mormantul-ostasului-necunoscut.jpg\" \/>\n\t<meta property=\"og:image:width\" content=\"900\" \/>\n\t<meta property=\"og:image:height\" content=\"600\" \/>\n\t<meta property=\"og:image:type\" content=\"image\/jpeg\" \/>\n<meta name=\"author\" content=\"Diana Matei\" \/>\n<meta name=\"twitter:card\" content=\"summary_large_image\" \/>\n<meta name=\"twitter:label1\" content=\"Written by\" \/>\n\t<meta name=\"twitter:data1\" content=\"Diana Matei\" \/>\n\t<meta name=\"twitter:label2\" content=\"Estimated reading time\" \/>\n\t<meta name=\"twitter:data2\" content=\"3 minutes\" \/>\n<script type=\"application\/ld+json\" class=\"yoast-schema-graph\">{\"@context\":\"https:\\\/\\\/schema.org\",\"@graph\":[{\"@type\":\"Article\",\"@id\":\"https:\\\/\\\/buletin.de\\\/bucuresti\\\/ziua-eroilor-sarbatorita-la-bucuresti-vor-fi-si-restrictii-de-trafic\\\/#article\",\"isPartOf\":{\"@id\":\"https:\\\/\\\/buletin.de\\\/bucuresti\\\/ziua-eroilor-sarbatorita-la-bucuresti-vor-fi-si-restrictii-de-trafic\\\/\"},\"author\":{\"name\":\"Diana Matei\",\"@id\":\"https:\\\/\\\/buletin.de\\\/bucuresti\\\/#\\\/schema\\\/person\\\/7e46040573290777280a0835d81ea4ea\"},\"headline\":\"Ziua Eroilor s\u0103rb\u0103torit\u0103 la Bucure\u0219ti. Vor fi \u0219i restric\u021bii de trafic\",\"datePublished\":\"2024-06-12T12:08:36+00:00\",\"dateModified\":\"2024-06-12T12:08:37+00:00\",\"mainEntityOfPage\":{\"@id\":\"https:\\\/\\\/buletin.de\\\/bucuresti\\\/ziua-eroilor-sarbatorita-la-bucuresti-vor-fi-si-restrictii-de-trafic\\\/\"},\"wordCount\":692,\"publisher\":{\"@id\":\"https:\\\/\\\/buletin.de\\\/bucuresti\\\/#organization\"},\"image\":{\"@id\":\"https:\\\/\\\/buletin.de\\\/bucuresti\\\/ziua-eroilor-sarbatorita-la-bucuresti-vor-fi-si-restrictii-de-trafic\\\/#primaryimage\"},\"thumbnailUrl\":\"https:\\\/\\\/buletin.de\\\/bucuresti\\\/wp-content\\\/uploads\\\/mormantul-ostasului-necunoscut.jpg\",\"keywords\":[\"brigada rutiera\",\"Morm\u00e2ntul Osta\u0219ului Necunoscut\",\"restrictii de trafic\",\"Ziua Eroilor\"],\"articleSection\":[\"Articole\",\"Eveniment\",\"\u0218tiri\",\"Transport\"],\"inLanguage\":\"en-GB\",\"copyrightYear\":\"2024\",\"copyrightHolder\":{\"@id\":\"https:\\\/\\\/buletin.de\\\/bucuresti\\\/#organization\"}},{\"@type\":\"WebPage\",\"@id\":\"https:\\\/\\\/buletin.de\\\/bucuresti\\\/ziua-eroilor-sarbatorita-la-bucuresti-vor-fi-si-restrictii-de-trafic\\\/\",\"url\":\"https:\\\/\\\/buletin.de\\\/bucuresti\\\/ziua-eroilor-sarbatorita-la-bucuresti-vor-fi-si-restrictii-de-trafic\\\/\",\"name\":\"Ziua Eroilor s\u0103rb\u0103torit\u0103 la Bucure\u0219ti. Vor fi \u0219i restric\u021bii de trafic - Buletin de Bucure\u0219ti\",\"isPartOf\":{\"@id\":\"https:\\\/\\\/buletin.de\\\/bucuresti\\\/#website\"},\"primaryImageOfPage\":{\"@id\":\"https:\\\/\\\/buletin.de\\\/bucuresti\\\/ziua-eroilor-sarbatorita-la-bucuresti-vor-fi-si-restrictii-de-trafic\\\/#primaryimage\"},\"image\":{\"@id\":\"https:\\\/\\\/buletin.de\\\/bucuresti\\\/ziua-eroilor-sarbatorita-la-bucuresti-vor-fi-si-restrictii-de-trafic\\\/#primaryimage\"},\"thumbnailUrl\":\"https:\\\/\\\/buletin.de\\\/bucuresti\\\/wp-content\\\/uploads\\\/mormantul-ostasului-necunoscut.jpg\",\"datePublished\":\"2024-06-12T12:08:36+00:00\",\"dateModified\":\"2024-06-12T12:08:37+00:00\",\"breadcrumb\":{\"@id\":\"https:\\\/\\\/buletin.de\\\/bucuresti\\\/ziua-eroilor-sarbatorita-la-bucuresti-vor-fi-si-restrictii-de-trafic\\\/#breadcrumb\"},\"inLanguage\":\"en-GB\",\"potentialAction\":[{\"@type\":\"ReadAction\",\"target\":[\"https:\\\/\\\/buletin.de\\\/bucuresti\\\/ziua-eroilor-sarbatorita-la-bucuresti-vor-fi-si-restrictii-de-trafic\\\/\"]}]},{\"@type\":\"ImageObject\",\"inLanguage\":\"en-GB\",\"@id\":\"https:\\\/\\\/buletin.de\\\/bucuresti\\\/ziua-eroilor-sarbatorita-la-bucuresti-vor-fi-si-restrictii-de-trafic\\\/#primaryimage\",\"url\":\"https:\\\/\\\/buletin.de\\\/bucuresti\\\/wp-content\\\/uploads\\\/mormantul-ostasului-necunoscut.jpg\",\"contentUrl\":\"https:\\\/\\\/buletin.de\\\/bucuresti\\\/wp-content\\\/uploads\\\/mormantul-ostasului-necunoscut.jpg\",\"width\":900,\"height\":600,\"caption\":\"FOTO: inquamphotos.com\"},{\"@type\":\"BreadcrumbList\",\"@id\":\"https:\\\/\\\/buletin.de\\\/bucuresti\\\/ziua-eroilor-sarbatorita-la-bucuresti-vor-fi-si-restrictii-de-trafic\\\/#breadcrumb\",\"itemListElement\":[{\"@type\":\"ListItem\",\"position\":1,\"name\":\"Acas\u0103\",\"item\":\"https:\\\/\\\/buletin.de\\\/bucuresti\\\/\"},{\"@type\":\"ListItem\",\"position\":2,\"name\":\"Ziua Eroilor s\u0103rb\u0103torit\u0103 la Bucure\u0219ti. Vor fi \u0219i restric\u021bii de trafic\"}]},{\"@type\":\"WebSite\",\"@id\":\"https:\\\/\\\/buletin.de\\\/bucuresti\\\/#website\",\"url\":\"https:\\\/\\\/buletin.de\\\/bucuresti\\\/\",\"name\":\"Buletin de Bucure\u0219ti\",\"description\":\"\u0218tiri \u0219i investiga\u021bii esen\u021biale din capital\u0103\",\"publisher\":{\"@id\":\"https:\\\/\\\/buletin.de\\\/bucuresti\\\/#organization\"},\"potentialAction\":[{\"@type\":\"SearchAction\",\"target\":{\"@type\":\"EntryPoint\",\"urlTemplate\":\"https:\\\/\\\/buletin.de\\\/bucuresti\\\/?s={search_term_string}\"},\"query-input\":{\"@type\":\"PropertyValueSpecification\",\"valueRequired\":true,\"valueName\":\"search_term_string\"}}],\"inLanguage\":\"en-GB\"},{\"@type\":\"Organization\",\"@id\":\"https:\\\/\\\/buletin.de\\\/bucuresti\\\/#organization\",\"name\":\"Buletin de Bucure\u0219ti\",\"url\":\"https:\\\/\\\/buletin.de\\\/bucuresti\\\/\",\"logo\":{\"@type\":\"ImageObject\",\"inLanguage\":\"en-GB\",\"@id\":\"https:\\\/\\\/buletin.de\\\/bucuresti\\\/#\\\/schema\\\/logo\\\/image\\\/\",\"url\":\"https:\\\/\\\/buletin.de\\\/bucuresti\\\/wp-content\\\/uploads\\\/logo-bdb-full-wide-vernil-transparent.png\",\"contentUrl\":\"https:\\\/\\\/buletin.de\\\/bucuresti\\\/wp-content\\\/uploads\\\/logo-bdb-full-wide-vernil-transparent.png\",\"width\":1782,\"height\":626,\"caption\":\"Buletin de Bucure\u0219ti\"},\"image\":{\"@id\":\"https:\\\/\\\/buletin.de\\\/bucuresti\\\/#\\\/schema\\\/logo\\\/image\\\/\"},\"sameAs\":[\"https:\\\/\\\/www.facebook.com\\\/buletin.de.buc\",\"https:\\\/\\\/www.instagram.com\\\/buletinde.bucuresti\\\/\"]},{\"@type\":\"Person\",\"@id\":\"https:\\\/\\\/buletin.de\\\/bucuresti\\\/#\\\/schema\\\/person\\\/7e46040573290777280a0835d81ea4ea\",\"name\":\"Diana Matei\",\"image\":{\"@type\":\"ImageObject\",\"inLanguage\":\"en-GB\",\"@id\":\"https:\\\/\\\/buletin.de\\\/bucuresti\\\/wp-content\\\/uploads\\\/9-2-96x96.jpg1e8590b30871d70e62ebcdaf2eff570c\",\"url\":\"https:\\\/\\\/buletin.de\\\/bucuresti\\\/wp-content\\\/uploads\\\/9-2-96x96.jpg\",\"contentUrl\":\"https:\\\/\\\/buletin.de\\\/bucuresti\\\/wp-content\\\/uploads\\\/9-2-96x96.jpg\",\"caption\":\"Diana Matei\"},\"url\":\"https:\\\/\\\/buletin.de\\\/bucuresti\\\/author\\\/dianamatei\\\/\"}]}<\/script>\n<!-- \/ Yoast SEO Premium plugin. -->","yoast_head_json":{"title":"Ziua Eroilor s\u0103rb\u0103torit\u0103 la Bucure\u0219ti. Vor fi \u0219i restric\u021bii de trafic - Buletin de Bucure\u0219ti","robots":{"index":"index","follow":"follow","max-snippet":"max-snippet:-1","max-image-preview":"max-image-preview:large","max-video-preview":"max-video-preview:-1"},"canonical":"https:\/\/buletin.de\/bucuresti\/ziua-eroilor-sarbatorita-la-bucuresti-vor-fi-si-restrictii-de-trafic\/","og_locale":"en_GB","og_type":"article","og_title":"Ziua Eroilor s\u0103rb\u0103torit\u0103 la Bucure\u0219ti. Vor fi \u0219i restric\u021bii de trafic","og_description":"Ceremonii militare \u0219i religioase vor fi organizate m\u00e2ine, 13 iunie, cu ocazia s\u0103rb\u0103toririi Zilei Eroilor. \u00cen acest context, Brigada Rutier\u0103 anun\u021b\u0103 \u0219i restric\u021bii de trafic. Programul ceremoniilor este urm\u0103torul: Brigada Rutier\u0103 va dispune urm\u0103toarele m\u0103suri: Brigada Rutier\u0103 solicit\u0103 conduc\u0103torilor de autovehicule s\u0103 circule cu pruden\u021b\u0103, s\u0103 p\u0103streze o distan\u021b\u0103 suficient\u0103 pentru a putea fr\u00e2na \u00een [&hellip;]","og_url":"https:\/\/buletin.de\/bucuresti\/ziua-eroilor-sarbatorita-la-bucuresti-vor-fi-si-restrictii-de-trafic\/","og_site_name":"Buletin de Bucure\u0219ti","article_publisher":"https:\/\/www.facebook.com\/buletin.de.buc","article_published_time":"2024-06-12T12:08:36+00:00","article_modified_time":"2024-06-12T12:08:37+00:00","og_image":[{"width":900,"height":600,"url":"https:\/\/buletin.de\/bucuresti\/wp-content\/uploads\/mormantul-ostasului-necunoscut.jpg","type":"image\/jpeg"}],"author":"Diana Matei","twitter_card":"summary_large_image","twitter_misc":{"Written by":"Diana Matei","Estimated reading time":"3 minutes"},"schema":{"@context":"https:\/\/schema.org","@graph":[{"@type":"Article","@id":"https:\/\/buletin.de\/bucuresti\/ziua-eroilor-sarbatorita-la-bucuresti-vor-fi-si-restrictii-de-trafic\/#article","isPartOf":{"@id":"https:\/\/buletin.de\/bucuresti\/ziua-eroilor-sarbatorita-la-bucuresti-vor-fi-si-restrictii-de-trafic\/"},"author":{"name":"Diana Matei","@id":"https:\/\/buletin.de\/bucuresti\/#\/schema\/person\/7e46040573290777280a0835d81ea4ea"},"headline":"Ziua Eroilor s\u0103rb\u0103torit\u0103 la Bucure\u0219ti. Vor fi \u0219i restric\u021bii de trafic","datePublished":"2024-06-12T12:08:36+00:00","dateModified":"2024-06-12T12:08:37+00:00","mainEntityOfPage":{"@id":"https:\/\/buletin.de\/bucuresti\/ziua-eroilor-sarbatorita-la-bucuresti-vor-fi-si-restrictii-de-trafic\/"},"wordCount":692,"publisher":{"@id":"https:\/\/buletin.de\/bucuresti\/#organization"},"image":{"@id":"https:\/\/buletin.de\/bucuresti\/ziua-eroilor-sarbatorita-la-bucuresti-vor-fi-si-restrictii-de-trafic\/#primaryimage"},"thumbnailUrl":"https:\/\/buletin.de\/bucuresti\/wp-content\/uploads\/mormantul-ostasului-necunoscut.jpg","keywords":["brigada rutiera","Morm\u00e2ntul Osta\u0219ului Necunoscut","restrictii de trafic","Ziua Eroilor"],"articleSection":["Articole","Eveniment","\u0218tiri","Transport"],"inLanguage":"en-GB","copyrightYear":"2024","copyrightHolder":{"@id":"https:\/\/buletin.de\/bucuresti\/#organization"}},{"@type":"WebPage","@id":"https:\/\/buletin.de\/bucuresti\/ziua-eroilor-sarbatorita-la-bucuresti-vor-fi-si-restrictii-de-trafic\/","url":"https:\/\/buletin.de\/bucuresti\/ziua-eroilor-sarbatorita-la-bucuresti-vor-fi-si-restrictii-de-trafic\/","name":"Ziua Eroilor s\u0103rb\u0103torit\u0103 la Bucure\u0219ti. Vor fi \u0219i restric\u021bii de trafic - Buletin de Bucure\u0219ti","isPartOf":{"@id":"https:\/\/buletin.de\/bucuresti\/#website"},"primaryImageOfPage":{"@id":"https:\/\/buletin.de\/bucuresti\/ziua-eroilor-sarbatorita-la-bucuresti-vor-fi-si-restrictii-de-trafic\/#primaryimage"},"image":{"@id":"https:\/\/buletin.de\/bucuresti\/ziua-eroilor-sarbatorita-la-bucuresti-vor-fi-si-restrictii-de-trafic\/#primaryimage"},"thumbnailUrl":"https:\/\/buletin.de\/bucuresti\/wp-content\/uploads\/mormantul-ostasului-necunoscut.jpg","datePublished":"2024-06-12T12:08:36+00:00","dateModified":"2024-06-12T12:08:37+00:00","breadcrumb":{"@id":"https:\/\/buletin.de\/bucuresti\/ziua-eroilor-sarbatorita-la-bucuresti-vor-fi-si-restrictii-de-trafic\/#breadcrumb"},"inLanguage":"en-GB","potentialAction":[{"@type":"ReadAction","target":["https:\/\/buletin.de\/bucuresti\/ziua-eroilor-sarbatorita-la-bucuresti-vor-fi-si-restrictii-de-trafic\/"]}]},{"@type":"ImageObject","inLanguage":"en-GB","@id":"https:\/\/buletin.de\/bucuresti\/ziua-eroilor-sarbatorita-la-bucuresti-vor-fi-si-restrictii-de-trafic\/#primaryimage","url":"https:\/\/buletin.de\/bucuresti\/wp-content\/uploads\/mormantul-ostasului-necunoscut.jpg","contentUrl":"https:\/\/buletin.de\/bucuresti\/wp-content\/uploads\/mormantul-ostasului-necunoscut.jpg","width":900,"height":600,"caption":"FOTO: inquamphotos.com"},{"@type":"BreadcrumbList","@id":"https:\/\/buletin.de\/bucuresti\/ziua-eroilor-sarbatorita-la-bucuresti-vor-fi-si-restrictii-de-trafic\/#breadcrumb","itemListElement":[{"@type":"ListItem","position":1,"name":"Acas\u0103","item":"https:\/\/buletin.de\/bucuresti\/"},{"@type":"ListItem","position":2,"name":"Ziua Eroilor s\u0103rb\u0103torit\u0103 la Bucure\u0219ti. Vor fi \u0219i restric\u021bii de trafic"}]},{"@type":"WebSite","@id":"https:\/\/buletin.de\/bucuresti\/#website","url":"https:\/\/buletin.de\/bucuresti\/","name":"Buletin de Bucure\u0219ti","description":"\u0218tiri \u0219i investiga\u021bii esen\u021biale din capital\u0103","publisher":{"@id":"https:\/\/buletin.de\/bucuresti\/#organization"},"potentialAction":[{"@type":"SearchAction","target":{"@type":"EntryPoint","urlTemplate":"https:\/\/buletin.de\/bucuresti\/?s={search_term_string}"},"query-input":{"@type":"PropertyValueSpecification","valueRequired":true,"valueName":"search_term_string"}}],"inLanguage":"en-GB"},{"@type":"Organization","@id":"https:\/\/buletin.de\/bucuresti\/#organization","name":"Buletin de Bucure\u0219ti","url":"https:\/\/buletin.de\/bucuresti\/","logo":{"@type":"ImageObject","inLanguage":"en-GB","@id":"https:\/\/buletin.de\/bucuresti\/#\/schema\/logo\/image\/","url":"https:\/\/buletin.de\/bucuresti\/wp-content\/uploads\/logo-bdb-full-wide-vernil-transparent.png","contentUrl":"https:\/\/buletin.de\/bucuresti\/wp-content\/uploads\/logo-bdb-full-wide-vernil-transparent.png","width":1782,"height":626,"caption":"Buletin de Bucure\u0219ti"},"image":{"@id":"https:\/\/buletin.de\/bucuresti\/#\/schema\/logo\/image\/"},"sameAs":["https:\/\/www.facebook.com\/buletin.de.buc","https:\/\/www.instagram.com\/buletinde.bucuresti\/"]},{"@type":"Person","@id":"https:\/\/buletin.de\/bucuresti\/#\/schema\/person\/7e46040573290777280a0835d81ea4ea","name":"Diana Matei","image":{"@type":"ImageObject","inLanguage":"en-GB","@id":"https:\/\/buletin.de\/bucuresti\/wp-content\/uploads\/9-2-96x96.jpg1e8590b30871d70e62ebcdaf2eff570c","url":"https:\/\/buletin.de\/bucuresti\/wp-content\/uploads\/9-2-96x96.jpg","contentUrl":"https:\/\/buletin.de\/bucuresti\/wp-content\/uploads\/9-2-96x96.jpg","caption":"Diana Matei"},"url":"https:\/\/buletin.de\/bucuresti\/author\/dianamatei\/"}]}},"authors":[{"term_id":22574,"user_id":49,"is_guest":0,"slug":"dianamatei","display_name":"Diana Matei","avatar_url":"https:\/\/buletin.de\/bucuresti\/wp-content\/uploads\/9-2-96x96.jpg","0":null,"1":"","2":"","3":"","4":"","5":"","6":"","7":"","8":""}],"_links":{"self":[{"href":"https:\/\/buletin.de\/bucuresti\/wp-json\/wp\/v2\/posts\/88197","targetHints":{"allow":["GET"]}}],"collection":[{"href":"https:\/\/buletin.de\/bucuresti\/wp-json\/wp\/v2\/posts"}],"about":[{"href":"https:\/\/buletin.de\/bucuresti\/wp-json\/wp\/v2\/types\/post"}],"author":[{"embeddable":true,"href":"https:\/\/buletin.de\/bucuresti\/wp-json\/wp\/v2\/users\/49"}],"replies":[{"embeddable":true,"href":"https:\/\/buletin.de\/bucuresti\/wp-json\/wp\/v2\/comments?post=88197"}],"version-history":[{"count":3,"href":"https:\/\/buletin.de\/bucuresti\/wp-json\/wp\/v2\/posts\/88197\/revisions"}],"predecessor-version":[{"id":88207,"href":"https:\/\/buletin.de\/bucuresti\/wp-json\/wp\/v2\/posts\/88197\/revisions\/88207"}],"wp:featuredmedia":[{"embeddable":true,"href":"https:\/\/buletin.de\/bucuresti\/wp-json\/wp\/v2\/media\/88200"}],"wp:attachment":[{"href":"https:\/\/buletin.de\/bucuresti\/wp-json\/wp\/v2\/media?parent=88197"}],"wp:term":[{"taxonomy":"category","embeddable":true,"href":"https:\/\/buletin.de\/bucuresti\/wp-json\/wp\/v2\/categories?post=88197"},{"taxonomy":"post_tag","embeddable":true,"href":"https:\/\/buletin.de\/bucuresti\/wp-json\/wp\/v2\/tags?post=88197"},{"taxonomy":"author","embeddable":true,"href":"https:\/\/buletin.de\/bucuresti\/wp-json\/wp\/v2\/ppma_author?post=88197"}],"curies":[{"name":"wp","href":"https:\/\/api.w.org\/{rel}","templated":true}]}}