{"id":88129,"date":"2024-06-11T12:35:12","date_gmt":"2024-06-11T09:35:12","guid":{"rendered":"https:\/\/buletin.de\/bucuresti\/?p=88129"},"modified":"2024-06-11T17:04:36","modified_gmt":"2024-06-11T14:04:36","slug":"mihaiu-spune-ca-a-gasit-voturile-ratacite-la-o-sectie-din-sectorul-2-erau-puse-in-dreptul-candidatei-sos","status":"publish","type":"post","link":"https:\/\/buletin.de\/bucuresti\/mihaiu-spune-ca-a-gasit-voturile-ratacite-la-o-sectie-din-sectorul-2-erau-puse-in-dreptul-candidatei-sos\/","title":{"rendered":"Mihaiu spune c\u0103 a g\u0103sit voturile r\u0103t\u0103cite la o sec\u0163ie din sectorul 2. Erau puse \u00een dreptul candidatei SOS"},"content":{"rendered":"\n<p><strong> <\/strong>UPDATE:<\/p>\n\n\n\n<p>Radu Mihaiu continu\u0103 lupta pentru c\u0103 nu consider\u0103 c\u0103 a pierdut b\u0103t\u0103lia electoral\u0103. Acesta a spus c\u0103 depune pl\u00e2ngere penal\u0103 \u00eempotriva Biroului Electoral sector, pentru abuz \u00een serviciu \u015fi instrigare la fals \u00een acte publice.<\/p>\n\n\n\n<blockquote class=\"wp-block-quote is-layout-flow wp-block-quote-is-layout-flow\">\n<p class=\"has-medium-font-size\"><strong>Am crezut c\u0103 situa\u021bia de la Sectorul 2 se poate \u00eenchide civilizat, dar deja abuzurile sunt de nepermis. Depunem pl\u00e2ngere penal\u0103 \u00eempotriva Biroului Electoral Sector 2 pentru abuz \u00een serviciu \u0219i instigare la fals \u00een acte publice.<\/strong><\/p>\n\n\n\n<p class=\"has-medium-font-size\"><strong>Legea nu poate fi c\u0103lcat\u0103 \u00een picioare din interese politice! Nu se poate trece cu for\u021ba peste comisia din sec\u021bie care declar\u0103 \u00een scris c\u0103 rezultatul este viciat flagrant.<\/strong><\/p>\n\n\n\n<p class=\"has-medium-font-size\"><strong>Se vede cu ochiul liber modul \u00een care se \u00eencearc\u0103 fraudarea alegerilor de la Sectorul 2, vom extinde pl\u00e2ngerile la mai multe sec\u021bii unde tot procesul de vot a fost pus sub semnul \u00eentreb\u0103rii, cu buletine pre\u0219tampilate \u00een ziua votului, cu chei de control care nu se \u00eenchideau, cu presiune pus\u0103 pe pre\u0219edin\u021bii nedormi\u021bi.<\/strong><\/p>\n\n\n\n<p class=\"has-medium-font-size\"><strong>Iar cel mai grav, pe sec\u021biile \u00eenchise (multe for\u021bat), exist\u0103 504 voturi exprimate care nu se reg\u0103sesc nic\u0103ieri. Repet, ca s\u0103 fie clar, 504 oameni au votat, dar op\u021biunea lor nu apare de niciun fel.<\/strong><\/p>\n<cite>radu mihaiu<\/cite><\/blockquote>\n\n\n\n<p>\u015eTIREA INI\u0162IAL\u0102:<\/p>\n\n\n\n<p><strong>Pe procesul verbal de la o sec\u0163ie de vot din sectorul 2 candidata SOS Rom\u00e2nia, Iolanda-Lumini\u0163a Bughiu, avea 333 de voturi, \u00een vreme ce Radu Mihaiu avea doar 47. Candidatul USR spune c\u0103 voturile au fost trecute invers. Cu ajutorul celor 286 de voturi ar mai sc\u0103dea diferen\u0163a dintre el \u015fi candidatul PSD, Rare\u015f Hopinc\u0103. Potrivit rezultatelor par\u0163iale, acesta a c\u00e2\u015ftigat Prim\u0103ria. <\/strong><\/p>\n\n\n\n<p>Radu Mihaiu a reclamat \u00eenc\u0103 de ieri lipsa a peste 280 de voturi \u015fi acum sus\u0163ine c\u0103 are \u015fi dovada c\u0103 procesul electoral a fost viciat, iar voturile au fost \u201eg\u0103site\u201d la una dintre sec\u0163iile de votare din sector. <\/p>\n\n\n\n<figure class=\"wp-block-image size-full\"><img fetchpriority=\"high\" decoding=\"async\" width=\"804\" height=\"663\" src=\"data:image\/gif;base64,R0lGODlhAQABAAAAACH5BAEKAAEALAAAAAABAAEAAAICTAEAOw==\" data-src=\"https:\/\/buletin.de\/bucuresti\/wp-content\/uploads\/sectie-sector-2-voturi-incurcate-1.jpg\" alt=\"\" class=\"wp-image-88131 lazyload\" data-sizes=\"auto\" data-srcset=\"https:\/\/buletin.de\/bucuresti\/wp-content\/uploads\/sectie-sector-2-voturi-incurcate-1.jpg 804w, https:\/\/buletin.de\/bucuresti\/wp-content\/uploads\/sectie-sector-2-voturi-incurcate-1-300x247.jpg 300w, https:\/\/buletin.de\/bucuresti\/wp-content\/uploads\/sectie-sector-2-voturi-incurcate-1-768x633.jpg 768w, https:\/\/buletin.de\/bucuresti\/wp-content\/uploads\/sectie-sector-2-voturi-incurcate-1-600x495.jpg 600w, https:\/\/buletin.de\/bucuresti\/wp-content\/uploads\/sectie-sector-2-voturi-incurcate-1-20x16.jpg 20w\" sizes=\"(max-width: 804px) 100vw, 804px\" \/><\/figure>\n\n\n\n<blockquote class=\"wp-block-quote is-layout-flow wp-block-quote-is-layout-flow\">\n<p class=\"has-medium-font-size\"><strong>Aceasta era sec\u021bia pe care majoritatea PSD din BES Sector 2 NU a vrut s\u0103 o mai analizeze. \u0218i ne-au respins politic cererea de renum\u0103rare. De\u0219i comisia de num\u0103rare a recunoscut eroarea. \u00cen scris.<\/strong><\/p>\n\n\n\n<p class=\"has-medium-font-size\"><strong>Ce s-a \u00eent\u00e2mplat: luni, la ora 7 diminea\u021ba, dup\u0103 peste 24 de ore de stat \u00een sec\u021bie, membrii comisiei de num\u0103rare au transcris din gre\u0219eal\u0103 333 de voturi \u00een dreptul doamnei Bughiu, \u00een loc s\u0103 fie \u00een dreptul meu. \u0218i 47 \u00een dreptul meu, \u00een loc s\u0103 le treac\u0103 la doamna Bughiu. De altfel, e singura sec\u021bie unde doamna Bughiu are un num\u0103r a\u0219a de mare de voturi. O eroare care poate fi u\u0219or verificat\u0103, prin renum\u0103rarea voturilor din acea sec\u021bie.<\/strong><\/p>\n\n\n\n<p class=\"has-medium-font-size\"><strong>Eroarea comisiei nu e greu de \u00een\u021beles. Comasarea alegerilor a transformat acest scrutin \u00eentr-un co\u0219mar pentru delega\u021bi. Unii au stat \u0219i 40 de ore! Au avut de num\u0103rat buletine din 5 tipuri de alegeri \u0219i s-au strecurat nepermis de multe erori.<\/strong><\/p>\n\n\n\n<p class=\"has-medium-font-size\"><strong>Ce NU e de \u00een\u021beles e de ce nu vrea PSD s\u0103 avem o num\u0103r\u0103toare corect\u0103.<\/strong><\/p>\n\n\n\n<p class=\"has-medium-font-size\"><strong>Cer Biroului Electoral Central s\u0103 intervin\u0103 la Sectorul 2. \u00cen anul 2024 ar fi o ru\u0219ine s\u0103 avem alegeri puse sub semnul \u00eentreb\u0103ri \u00een asemenea hal. \u0218i s\u0103 nu se lase influen\u021bat de AEP sau alte for\u021be politice.<\/strong><\/p>\n<cite>radu mihaiu<\/cite><\/blockquote>\n\n\n\n<p><\/p>\n\n\n\n<p><strong>CITE\u015eTE \u015eI:<\/strong><\/p>\n\n\n\n<figure class=\"wp-block-embed is-type-wp-embed is-provider-buletin-de-bucure-ti wp-block-embed-buletin-de-bucure-ti\"><div class=\"wp-block-embed__wrapper\">\n<blockquote class=\"wp-embedded-content\" data-secret=\"HelTqGsjQw\"><a href=\"https:\/\/buletin.de\/bucuresti\/rares-hopinca-clameaza-victoria-daca-rezultatele-oficiale-vor-confirma-usr-ramane-fara-nicio-primarie-de-sector\/\">Rare\u015f Hopinc\u0103 clameaz\u0103 victoria. Dac\u0103 rezultatele oficiale vor confirma, USR r\u0103m\u00e2ne f\u0103r\u0103 nicio prim\u0103rie de sector<\/a><\/blockquote><iframe class=\"wp-embedded-content\" sandbox=\"allow-scripts\" security=\"restricted\" style=\"position: absolute; clip: rect(1px, 1px, 1px, 1px);\" title=\"&#8220;Rare\u015f Hopinc\u0103 clameaz\u0103 victoria. Dac\u0103 rezultatele oficiale vor confirma, USR r\u0103m\u00e2ne f\u0103r\u0103 nicio prim\u0103rie de sector&#8221; &#8212; Buletin de Bucure\u0219ti\" src=\"https:\/\/buletin.de\/bucuresti\/rares-hopinca-clameaza-victoria-daca-rezultatele-oficiale-vor-confirma-usr-ramane-fara-nicio-primarie-de-sector\/embed\/#?secret=w39rbHQwbl#?secret=HelTqGsjQw\" data-secret=\"HelTqGsjQw\" width=\"600\" height=\"338\" frameborder=\"0\" marginwidth=\"0\" marginheight=\"0\" scrolling=\"no\"><\/iframe>\n<\/div><\/figure>\n","protected":false},"excerpt":{"rendered":"<p>UPDATE: Radu Mihaiu continu\u0103 lupta pentru c\u0103 nu consider\u0103 c\u0103 a pierdut b\u0103t\u0103lia electoral\u0103. Acesta a spus c\u0103 depune pl\u00e2ngere penal\u0103 \u00eempotriva Biroului Electoral sector, pentru abuz \u00een serviciu \u015fi instrigare la fals \u00een acte publice. Am crezut c\u0103 situa\u021bia de la Sectorul 2 se poate \u00eenchide civilizat, dar deja abuzurile sunt de nepermis. Depunem [&hellip;]<\/p>\n","protected":false},"author":8,"featured_media":75443,"comment_status":"closed","ping_status":"open","sticky":false,"template":"","format":"standard","meta":{"_acf_changed":false,"inline_featured_image":false,"ngg_post_thumbnail":0,"footnotes":""},"categories":[6994,5762,9025],"tags":[12692,12693,12691,7088,12694],"ppma_author":[22586],"class_list":["post-88129","post","type-post","status-publish","format-standard","has-post-thumbnail","hentry","category-stiri-2","category-main","category-politic","tag-batalie-electorala-sector-2","tag-numarare-voturi-sector-2","tag-radu-mihaiu-voturi","tag-rares-hopinca-2","tag-rezultate-alegeri-locale-bucuresti-sector-2-2024"],"acf":[],"yoast_head":"<!-- This site is optimized with the Yoast SEO Premium plugin v25.3 (Yoast SEO v27.4) - https:\/\/yoast.com\/product\/yoast-seo-premium-wordpress\/ -->\n<title>Mihaiu spune c\u0103 a g\u0103sit voturile r\u0103t\u0103cite la o sec\u0163ie din sectorul 2. Erau puse \u00een dreptul candidatei SOS - Buletin de Bucure\u0219ti<\/title>\n<meta name=\"robots\" content=\"index, follow, max-snippet:-1, max-image-preview:large, max-video-preview:-1\" \/>\n<link rel=\"canonical\" href=\"https:\/\/buletin.de\/bucuresti\/mihaiu-spune-ca-a-gasit-voturile-ratacite-la-o-sectie-din-sectorul-2-erau-puse-in-dreptul-candidatei-sos\/\" \/>\n<meta property=\"og:locale\" content=\"en_GB\" \/>\n<meta property=\"og:type\" content=\"article\" \/>\n<meta property=\"og:title\" content=\"Mihaiu spune c\u0103 a g\u0103sit voturile r\u0103t\u0103cite la o sec\u0163ie din sectorul 2. Erau puse \u00een dreptul candidatei SOS\" \/>\n<meta property=\"og:description\" content=\"UPDATE: Radu Mihaiu continu\u0103 lupta pentru c\u0103 nu consider\u0103 c\u0103 a pierdut b\u0103t\u0103lia electoral\u0103. Acesta a spus c\u0103 depune pl\u00e2ngere penal\u0103 \u00eempotriva Biroului Electoral sector, pentru abuz \u00een serviciu \u015fi instrigare la fals \u00een acte publice. Am crezut c\u0103 situa\u021bia de la Sectorul 2 se poate \u00eenchide civilizat, dar deja abuzurile sunt de nepermis. Depunem [&hellip;]\" \/>\n<meta property=\"og:url\" content=\"https:\/\/buletin.de\/bucuresti\/mihaiu-spune-ca-a-gasit-voturile-ratacite-la-o-sectie-din-sectorul-2-erau-puse-in-dreptul-candidatei-sos\/\" \/>\n<meta property=\"og:site_name\" content=\"Buletin de Bucure\u0219ti\" \/>\n<meta property=\"article:publisher\" content=\"https:\/\/www.facebook.com\/buletin.de.buc\" \/>\n<meta property=\"article:published_time\" content=\"2024-06-11T09:35:12+00:00\" \/>\n<meta property=\"article:modified_time\" content=\"2024-06-11T14:04:36+00:00\" \/>\n<meta property=\"og:image\" content=\"https:\/\/buletin.de\/bucuresti\/wp-content\/uploads\/Radu-Mihaiu.jpg\" \/>\n\t<meta property=\"og:image:width\" content=\"1600\" \/>\n\t<meta property=\"og:image:height\" content=\"1600\" \/>\n\t<meta property=\"og:image:type\" content=\"image\/jpeg\" \/>\n<meta name=\"author\" content=\"Ionu\u021b Lepa\" \/>\n<meta name=\"twitter:card\" content=\"summary_large_image\" \/>\n<meta name=\"twitter:label1\" content=\"Written by\" \/>\n\t<meta name=\"twitter:data1\" content=\"Ionu\u021b Lepa\" \/>\n\t<meta name=\"twitter:label2\" content=\"Estimated reading time\" \/>\n\t<meta name=\"twitter:data2\" content=\"2 minutes\" \/>\n<script type=\"application\/ld+json\" class=\"yoast-schema-graph\">{\"@context\":\"https:\\\/\\\/schema.org\",\"@graph\":[{\"@type\":\"Article\",\"@id\":\"https:\\\/\\\/buletin.de\\\/bucuresti\\\/mihaiu-spune-ca-a-gasit-voturile-ratacite-la-o-sectie-din-sectorul-2-erau-puse-in-dreptul-candidatei-sos\\\/#article\",\"isPartOf\":{\"@id\":\"https:\\\/\\\/buletin.de\\\/bucuresti\\\/mihaiu-spune-ca-a-gasit-voturile-ratacite-la-o-sectie-din-sectorul-2-erau-puse-in-dreptul-candidatei-sos\\\/\"},\"author\":{\"name\":\"Ionu\u021b Lepa\",\"@id\":\"https:\\\/\\\/buletin.de\\\/bucuresti\\\/#\\\/schema\\\/person\\\/5272b8a057b33890940b57b837fc4ce6\"},\"headline\":\"Mihaiu spune c\u0103 a g\u0103sit voturile r\u0103t\u0103cite la o sec\u0163ie din sectorul 2. Erau puse \u00een dreptul candidatei SOS\",\"datePublished\":\"2024-06-11T09:35:12+00:00\",\"dateModified\":\"2024-06-11T14:04:36+00:00\",\"mainEntityOfPage\":{\"@id\":\"https:\\\/\\\/buletin.de\\\/bucuresti\\\/mihaiu-spune-ca-a-gasit-voturile-ratacite-la-o-sectie-din-sectorul-2-erau-puse-in-dreptul-candidatei-sos\\\/\"},\"wordCount\":577,\"publisher\":{\"@id\":\"https:\\\/\\\/buletin.de\\\/bucuresti\\\/#organization\"},\"image\":{\"@id\":\"https:\\\/\\\/buletin.de\\\/bucuresti\\\/mihaiu-spune-ca-a-gasit-voturile-ratacite-la-o-sectie-din-sectorul-2-erau-puse-in-dreptul-candidatei-sos\\\/#primaryimage\"},\"thumbnailUrl\":\"https:\\\/\\\/buletin.de\\\/bucuresti\\\/wp-content\\\/uploads\\\/Radu-Mihaiu.jpg\",\"keywords\":[\"batalie electorala sector 2\",\"numarare voturi sector 2\",\"radu mihaiu voturi\",\"rares hopinca\",\"rezultate alegeri locale bucuresti sector 2 2024\"],\"articleSection\":[\"Articole\",\"Main\",\"Politic\"],\"inLanguage\":\"en-GB\",\"copyrightYear\":\"2024\",\"copyrightHolder\":{\"@id\":\"https:\\\/\\\/buletin.de\\\/bucuresti\\\/#organization\"}},{\"@type\":\"WebPage\",\"@id\":\"https:\\\/\\\/buletin.de\\\/bucuresti\\\/mihaiu-spune-ca-a-gasit-voturile-ratacite-la-o-sectie-din-sectorul-2-erau-puse-in-dreptul-candidatei-sos\\\/\",\"url\":\"https:\\\/\\\/buletin.de\\\/bucuresti\\\/mihaiu-spune-ca-a-gasit-voturile-ratacite-la-o-sectie-din-sectorul-2-erau-puse-in-dreptul-candidatei-sos\\\/\",\"name\":\"Mihaiu spune c\u0103 a g\u0103sit voturile r\u0103t\u0103cite la o sec\u0163ie din sectorul 2. Erau puse \u00een dreptul candidatei SOS - Buletin de Bucure\u0219ti\",\"isPartOf\":{\"@id\":\"https:\\\/\\\/buletin.de\\\/bucuresti\\\/#website\"},\"primaryImageOfPage\":{\"@id\":\"https:\\\/\\\/buletin.de\\\/bucuresti\\\/mihaiu-spune-ca-a-gasit-voturile-ratacite-la-o-sectie-din-sectorul-2-erau-puse-in-dreptul-candidatei-sos\\\/#primaryimage\"},\"image\":{\"@id\":\"https:\\\/\\\/buletin.de\\\/bucuresti\\\/mihaiu-spune-ca-a-gasit-voturile-ratacite-la-o-sectie-din-sectorul-2-erau-puse-in-dreptul-candidatei-sos\\\/#primaryimage\"},\"thumbnailUrl\":\"https:\\\/\\\/buletin.de\\\/bucuresti\\\/wp-content\\\/uploads\\\/Radu-Mihaiu.jpg\",\"datePublished\":\"2024-06-11T09:35:12+00:00\",\"dateModified\":\"2024-06-11T14:04:36+00:00\",\"breadcrumb\":{\"@id\":\"https:\\\/\\\/buletin.de\\\/bucuresti\\\/mihaiu-spune-ca-a-gasit-voturile-ratacite-la-o-sectie-din-sectorul-2-erau-puse-in-dreptul-candidatei-sos\\\/#breadcrumb\"},\"inLanguage\":\"en-GB\",\"potentialAction\":[{\"@type\":\"ReadAction\",\"target\":[\"https:\\\/\\\/buletin.de\\\/bucuresti\\\/mihaiu-spune-ca-a-gasit-voturile-ratacite-la-o-sectie-din-sectorul-2-erau-puse-in-dreptul-candidatei-sos\\\/\"]}]},{\"@type\":\"ImageObject\",\"inLanguage\":\"en-GB\",\"@id\":\"https:\\\/\\\/buletin.de\\\/bucuresti\\\/mihaiu-spune-ca-a-gasit-voturile-ratacite-la-o-sectie-din-sectorul-2-erau-puse-in-dreptul-candidatei-sos\\\/#primaryimage\",\"url\":\"https:\\\/\\\/buletin.de\\\/bucuresti\\\/wp-content\\\/uploads\\\/Radu-Mihaiu.jpg\",\"contentUrl\":\"https:\\\/\\\/buletin.de\\\/bucuresti\\\/wp-content\\\/uploads\\\/Radu-Mihaiu.jpg\",\"width\":1600,\"height\":1600,\"caption\":\"FOTO: FB \\\/ Radu Mihaiu\"},{\"@type\":\"BreadcrumbList\",\"@id\":\"https:\\\/\\\/buletin.de\\\/bucuresti\\\/mihaiu-spune-ca-a-gasit-voturile-ratacite-la-o-sectie-din-sectorul-2-erau-puse-in-dreptul-candidatei-sos\\\/#breadcrumb\",\"itemListElement\":[{\"@type\":\"ListItem\",\"position\":1,\"name\":\"Acas\u0103\",\"item\":\"https:\\\/\\\/buletin.de\\\/bucuresti\\\/\"},{\"@type\":\"ListItem\",\"position\":2,\"name\":\"Mihaiu spune c\u0103 a g\u0103sit voturile r\u0103t\u0103cite la o sec\u0163ie din sectorul 2. Erau puse \u00een dreptul candidatei SOS\"}]},{\"@type\":\"WebSite\",\"@id\":\"https:\\\/\\\/buletin.de\\\/bucuresti\\\/#website\",\"url\":\"https:\\\/\\\/buletin.de\\\/bucuresti\\\/\",\"name\":\"Buletin de Bucure\u0219ti\",\"description\":\"\u0218tiri \u0219i investiga\u021bii esen\u021biale din capital\u0103\",\"publisher\":{\"@id\":\"https:\\\/\\\/buletin.de\\\/bucuresti\\\/#organization\"},\"potentialAction\":[{\"@type\":\"SearchAction\",\"target\":{\"@type\":\"EntryPoint\",\"urlTemplate\":\"https:\\\/\\\/buletin.de\\\/bucuresti\\\/?s={search_term_string}\"},\"query-input\":{\"@type\":\"PropertyValueSpecification\",\"valueRequired\":true,\"valueName\":\"search_term_string\"}}],\"inLanguage\":\"en-GB\"},{\"@type\":\"Organization\",\"@id\":\"https:\\\/\\\/buletin.de\\\/bucuresti\\\/#organization\",\"name\":\"Buletin de Bucure\u0219ti\",\"url\":\"https:\\\/\\\/buletin.de\\\/bucuresti\\\/\",\"logo\":{\"@type\":\"ImageObject\",\"inLanguage\":\"en-GB\",\"@id\":\"https:\\\/\\\/buletin.de\\\/bucuresti\\\/#\\\/schema\\\/logo\\\/image\\\/\",\"url\":\"https:\\\/\\\/buletin.de\\\/bucuresti\\\/wp-content\\\/uploads\\\/logo-bdb-full-wide-vernil-transparent.png\",\"contentUrl\":\"https:\\\/\\\/buletin.de\\\/bucuresti\\\/wp-content\\\/uploads\\\/logo-bdb-full-wide-vernil-transparent.png\",\"width\":1782,\"height\":626,\"caption\":\"Buletin de Bucure\u0219ti\"},\"image\":{\"@id\":\"https:\\\/\\\/buletin.de\\\/bucuresti\\\/#\\\/schema\\\/logo\\\/image\\\/\"},\"sameAs\":[\"https:\\\/\\\/www.facebook.com\\\/buletin.de.buc\",\"https:\\\/\\\/www.instagram.com\\\/buletinde.bucuresti\\\/\"]},{\"@type\":\"Person\",\"@id\":\"https:\\\/\\\/buletin.de\\\/bucuresti\\\/#\\\/schema\\\/person\\\/5272b8a057b33890940b57b837fc4ce6\",\"name\":\"Ionu\u021b Lepa\",\"image\":{\"@type\":\"ImageObject\",\"inLanguage\":\"en-GB\",\"@id\":\"https:\\\/\\\/buletin.de\\\/bucuresti\\\/wp-content\\\/uploads\\\/Ionut-Lepa-96x96.jpg5c4e4d9e049808799a8821652d2410a4\",\"url\":\"https:\\\/\\\/buletin.de\\\/bucuresti\\\/wp-content\\\/uploads\\\/Ionut-Lepa-96x96.jpg\",\"contentUrl\":\"https:\\\/\\\/buletin.de\\\/bucuresti\\\/wp-content\\\/uploads\\\/Ionut-Lepa-96x96.jpg\",\"caption\":\"Ionu\u021b Lepa\"},\"url\":\"https:\\\/\\\/buletin.de\\\/bucuresti\\\/author\\\/ionutlepa\\\/\"}]}<\/script>\n<!-- \/ Yoast SEO Premium plugin. -->","yoast_head_json":{"title":"Mihaiu spune c\u0103 a g\u0103sit voturile r\u0103t\u0103cite la o sec\u0163ie din sectorul 2. Erau puse \u00een dreptul candidatei SOS - Buletin de Bucure\u0219ti","robots":{"index":"index","follow":"follow","max-snippet":"max-snippet:-1","max-image-preview":"max-image-preview:large","max-video-preview":"max-video-preview:-1"},"canonical":"https:\/\/buletin.de\/bucuresti\/mihaiu-spune-ca-a-gasit-voturile-ratacite-la-o-sectie-din-sectorul-2-erau-puse-in-dreptul-candidatei-sos\/","og_locale":"en_GB","og_type":"article","og_title":"Mihaiu spune c\u0103 a g\u0103sit voturile r\u0103t\u0103cite la o sec\u0163ie din sectorul 2. Erau puse \u00een dreptul candidatei SOS","og_description":"UPDATE: Radu Mihaiu continu\u0103 lupta pentru c\u0103 nu consider\u0103 c\u0103 a pierdut b\u0103t\u0103lia electoral\u0103. Acesta a spus c\u0103 depune pl\u00e2ngere penal\u0103 \u00eempotriva Biroului Electoral sector, pentru abuz \u00een serviciu \u015fi instrigare la fals \u00een acte publice. Am crezut c\u0103 situa\u021bia de la Sectorul 2 se poate \u00eenchide civilizat, dar deja abuzurile sunt de nepermis. Depunem [&hellip;]","og_url":"https:\/\/buletin.de\/bucuresti\/mihaiu-spune-ca-a-gasit-voturile-ratacite-la-o-sectie-din-sectorul-2-erau-puse-in-dreptul-candidatei-sos\/","og_site_name":"Buletin de Bucure\u0219ti","article_publisher":"https:\/\/www.facebook.com\/buletin.de.buc","article_published_time":"2024-06-11T09:35:12+00:00","article_modified_time":"2024-06-11T14:04:36+00:00","og_image":[{"width":1600,"height":1600,"url":"https:\/\/buletin.de\/bucuresti\/wp-content\/uploads\/Radu-Mihaiu.jpg","type":"image\/jpeg"}],"author":"Ionu\u021b Lepa","twitter_card":"summary_large_image","twitter_misc":{"Written by":"Ionu\u021b Lepa","Estimated reading time":"2 minutes"},"schema":{"@context":"https:\/\/schema.org","@graph":[{"@type":"Article","@id":"https:\/\/buletin.de\/bucuresti\/mihaiu-spune-ca-a-gasit-voturile-ratacite-la-o-sectie-din-sectorul-2-erau-puse-in-dreptul-candidatei-sos\/#article","isPartOf":{"@id":"https:\/\/buletin.de\/bucuresti\/mihaiu-spune-ca-a-gasit-voturile-ratacite-la-o-sectie-din-sectorul-2-erau-puse-in-dreptul-candidatei-sos\/"},"author":{"name":"Ionu\u021b Lepa","@id":"https:\/\/buletin.de\/bucuresti\/#\/schema\/person\/5272b8a057b33890940b57b837fc4ce6"},"headline":"Mihaiu spune c\u0103 a g\u0103sit voturile r\u0103t\u0103cite la o sec\u0163ie din sectorul 2. Erau puse \u00een dreptul candidatei SOS","datePublished":"2024-06-11T09:35:12+00:00","dateModified":"2024-06-11T14:04:36+00:00","mainEntityOfPage":{"@id":"https:\/\/buletin.de\/bucuresti\/mihaiu-spune-ca-a-gasit-voturile-ratacite-la-o-sectie-din-sectorul-2-erau-puse-in-dreptul-candidatei-sos\/"},"wordCount":577,"publisher":{"@id":"https:\/\/buletin.de\/bucuresti\/#organization"},"image":{"@id":"https:\/\/buletin.de\/bucuresti\/mihaiu-spune-ca-a-gasit-voturile-ratacite-la-o-sectie-din-sectorul-2-erau-puse-in-dreptul-candidatei-sos\/#primaryimage"},"thumbnailUrl":"https:\/\/buletin.de\/bucuresti\/wp-content\/uploads\/Radu-Mihaiu.jpg","keywords":["batalie electorala sector 2","numarare voturi sector 2","radu mihaiu voturi","rares hopinca","rezultate alegeri locale bucuresti sector 2 2024"],"articleSection":["Articole","Main","Politic"],"inLanguage":"en-GB","copyrightYear":"2024","copyrightHolder":{"@id":"https:\/\/buletin.de\/bucuresti\/#organization"}},{"@type":"WebPage","@id":"https:\/\/buletin.de\/bucuresti\/mihaiu-spune-ca-a-gasit-voturile-ratacite-la-o-sectie-din-sectorul-2-erau-puse-in-dreptul-candidatei-sos\/","url":"https:\/\/buletin.de\/bucuresti\/mihaiu-spune-ca-a-gasit-voturile-ratacite-la-o-sectie-din-sectorul-2-erau-puse-in-dreptul-candidatei-sos\/","name":"Mihaiu spune c\u0103 a g\u0103sit voturile r\u0103t\u0103cite la o sec\u0163ie din sectorul 2. Erau puse \u00een dreptul candidatei SOS - Buletin de Bucure\u0219ti","isPartOf":{"@id":"https:\/\/buletin.de\/bucuresti\/#website"},"primaryImageOfPage":{"@id":"https:\/\/buletin.de\/bucuresti\/mihaiu-spune-ca-a-gasit-voturile-ratacite-la-o-sectie-din-sectorul-2-erau-puse-in-dreptul-candidatei-sos\/#primaryimage"},"image":{"@id":"https:\/\/buletin.de\/bucuresti\/mihaiu-spune-ca-a-gasit-voturile-ratacite-la-o-sectie-din-sectorul-2-erau-puse-in-dreptul-candidatei-sos\/#primaryimage"},"thumbnailUrl":"https:\/\/buletin.de\/bucuresti\/wp-content\/uploads\/Radu-Mihaiu.jpg","datePublished":"2024-06-11T09:35:12+00:00","dateModified":"2024-06-11T14:04:36+00:00","breadcrumb":{"@id":"https:\/\/buletin.de\/bucuresti\/mihaiu-spune-ca-a-gasit-voturile-ratacite-la-o-sectie-din-sectorul-2-erau-puse-in-dreptul-candidatei-sos\/#breadcrumb"},"inLanguage":"en-GB","potentialAction":[{"@type":"ReadAction","target":["https:\/\/buletin.de\/bucuresti\/mihaiu-spune-ca-a-gasit-voturile-ratacite-la-o-sectie-din-sectorul-2-erau-puse-in-dreptul-candidatei-sos\/"]}]},{"@type":"ImageObject","inLanguage":"en-GB","@id":"https:\/\/buletin.de\/bucuresti\/mihaiu-spune-ca-a-gasit-voturile-ratacite-la-o-sectie-din-sectorul-2-erau-puse-in-dreptul-candidatei-sos\/#primaryimage","url":"https:\/\/buletin.de\/bucuresti\/wp-content\/uploads\/Radu-Mihaiu.jpg","contentUrl":"https:\/\/buletin.de\/bucuresti\/wp-content\/uploads\/Radu-Mihaiu.jpg","width":1600,"height":1600,"caption":"FOTO: FB \/ Radu Mihaiu"},{"@type":"BreadcrumbList","@id":"https:\/\/buletin.de\/bucuresti\/mihaiu-spune-ca-a-gasit-voturile-ratacite-la-o-sectie-din-sectorul-2-erau-puse-in-dreptul-candidatei-sos\/#breadcrumb","itemListElement":[{"@type":"ListItem","position":1,"name":"Acas\u0103","item":"https:\/\/buletin.de\/bucuresti\/"},{"@type":"ListItem","position":2,"name":"Mihaiu spune c\u0103 a g\u0103sit voturile r\u0103t\u0103cite la o sec\u0163ie din sectorul 2. Erau puse \u00een dreptul candidatei SOS"}]},{"@type":"WebSite","@id":"https:\/\/buletin.de\/bucuresti\/#website","url":"https:\/\/buletin.de\/bucuresti\/","name":"Buletin de Bucure\u0219ti","description":"\u0218tiri \u0219i investiga\u021bii esen\u021biale din capital\u0103","publisher":{"@id":"https:\/\/buletin.de\/bucuresti\/#organization"},"potentialAction":[{"@type":"SearchAction","target":{"@type":"EntryPoint","urlTemplate":"https:\/\/buletin.de\/bucuresti\/?s={search_term_string}"},"query-input":{"@type":"PropertyValueSpecification","valueRequired":true,"valueName":"search_term_string"}}],"inLanguage":"en-GB"},{"@type":"Organization","@id":"https:\/\/buletin.de\/bucuresti\/#organization","name":"Buletin de Bucure\u0219ti","url":"https:\/\/buletin.de\/bucuresti\/","logo":{"@type":"ImageObject","inLanguage":"en-GB","@id":"https:\/\/buletin.de\/bucuresti\/#\/schema\/logo\/image\/","url":"https:\/\/buletin.de\/bucuresti\/wp-content\/uploads\/logo-bdb-full-wide-vernil-transparent.png","contentUrl":"https:\/\/buletin.de\/bucuresti\/wp-content\/uploads\/logo-bdb-full-wide-vernil-transparent.png","width":1782,"height":626,"caption":"Buletin de Bucure\u0219ti"},"image":{"@id":"https:\/\/buletin.de\/bucuresti\/#\/schema\/logo\/image\/"},"sameAs":["https:\/\/www.facebook.com\/buletin.de.buc","https:\/\/www.instagram.com\/buletinde.bucuresti\/"]},{"@type":"Person","@id":"https:\/\/buletin.de\/bucuresti\/#\/schema\/person\/5272b8a057b33890940b57b837fc4ce6","name":"Ionu\u021b Lepa","image":{"@type":"ImageObject","inLanguage":"en-GB","@id":"https:\/\/buletin.de\/bucuresti\/wp-content\/uploads\/Ionut-Lepa-96x96.jpg5c4e4d9e049808799a8821652d2410a4","url":"https:\/\/buletin.de\/bucuresti\/wp-content\/uploads\/Ionut-Lepa-96x96.jpg","contentUrl":"https:\/\/buletin.de\/bucuresti\/wp-content\/uploads\/Ionut-Lepa-96x96.jpg","caption":"Ionu\u021b Lepa"},"url":"https:\/\/buletin.de\/bucuresti\/author\/ionutlepa\/"}]}},"authors":[{"term_id":22586,"user_id":8,"is_guest":0,"slug":"ionutlepa","display_name":"Ionu\u021b Lepa","avatar_url":"https:\/\/buletin.de\/bucuresti\/wp-content\/uploads\/Ionut-Lepa-96x96.jpg","0":null,"1":"","2":"","3":"","4":"","5":"","6":"","7":"","8":""}],"_links":{"self":[{"href":"https:\/\/buletin.de\/bucuresti\/wp-json\/wp\/v2\/posts\/88129","targetHints":{"allow":["GET"]}}],"collection":[{"href":"https:\/\/buletin.de\/bucuresti\/wp-json\/wp\/v2\/posts"}],"about":[{"href":"https:\/\/buletin.de\/bucuresti\/wp-json\/wp\/v2\/types\/post"}],"author":[{"embeddable":true,"href":"https:\/\/buletin.de\/bucuresti\/wp-json\/wp\/v2\/users\/8"}],"replies":[{"embeddable":true,"href":"https:\/\/buletin.de\/bucuresti\/wp-json\/wp\/v2\/comments?post=88129"}],"version-history":[{"count":2,"href":"https:\/\/buletin.de\/bucuresti\/wp-json\/wp\/v2\/posts\/88129\/revisions"}],"predecessor-version":[{"id":88156,"href":"https:\/\/buletin.de\/bucuresti\/wp-json\/wp\/v2\/posts\/88129\/revisions\/88156"}],"wp:featuredmedia":[{"embeddable":true,"href":"https:\/\/buletin.de\/bucuresti\/wp-json\/wp\/v2\/media\/75443"}],"wp:attachment":[{"href":"https:\/\/buletin.de\/bucuresti\/wp-json\/wp\/v2\/media?parent=88129"}],"wp:term":[{"taxonomy":"category","embeddable":true,"href":"https:\/\/buletin.de\/bucuresti\/wp-json\/wp\/v2\/categories?post=88129"},{"taxonomy":"post_tag","embeddable":true,"href":"https:\/\/buletin.de\/bucuresti\/wp-json\/wp\/v2\/tags?post=88129"},{"taxonomy":"author","embeddable":true,"href":"https:\/\/buletin.de\/bucuresti\/wp-json\/wp\/v2\/ppma_author?post=88129"}],"curies":[{"name":"wp","href":"https:\/\/api.w.org\/{rel}","templated":true}]}}