{"id":88055,"date":"2024-06-10T10:16:08","date_gmt":"2024-06-10T07:16:08","guid":{"rendered":"https:\/\/buletin.de\/bucuresti\/?p=88055"},"modified":"2024-06-10T10:39:57","modified_gmt":"2024-06-10T07:39:57","slug":"ilfov-corbeanca-are-un-nou-primar-stefan-apateanuusr-a-castigat-cu-503-din-voturi","status":"publish","type":"post","link":"https:\/\/buletin.de\/bucuresti\/ilfov-corbeanca-are-un-nou-primar-stefan-apateanuusr-a-castigat-cu-503-din-voturi\/","title":{"rendered":"ILFOV | Corbeanca are un nou primar: \u0218tefan Ap\u0103teanu(USR) a c\u00e2\u0219tigat cu 50,3% din voturi"},"content":{"rendered":"\n<p><strong>\u0218tefan Ap\u0103teanu, candidatul Alian\u021bei Dreapta Unit\u0103 la func\u021bia de primar al comunei Corbeanca, a anun\u021bat c\u0103 a c\u00e2\u0219tigat alegerile cu 50,3% din voturi. Totodat\u0103 acesta va avea \u0219i o majoritate \u201econfortabil\u0103\u201d <\/strong><strong>\u00een Consiliului Local.<\/strong><\/p>\n\n\n\n<p>\u201eComunitatea Corbeanca a c\u00e2\u0219tigat!\u201d, a transmis candidatul Alian\u021bei Dreapta Unit\u0103. \u0218tefan Ap\u0103teanu a mai anun\u021bat c\u0103 din cele 5193 de voturi valabil exprimate, el ar fi ob\u021binut \u00een urma num\u0103r\u0103torii preliminare 2613, ceea ce \u00eenseamn\u0103 50,3% din voturi. &nbsp;Urm\u0103torul clasat, Alexe Nicu(PSD) ar fi obtinut 18.01%.<\/p>\n\n\n\n<p>La Consiliul Local, Alian\u021ba Dreapta Unit\u0103(USR-PMP-FD) a ob\u021binut 45,9%, PSD 13,9%, PNL 13,7% \u0219i AUR 9,6%.<\/p>\n\n\n\n<iframe src=\"https:\/\/www.facebook.com\/plugins\/post.php?href=https%3A%2F%2Fwww.facebook.com%2Fstefanapateanu%2Fposts%2Fpfbid036LDUJE3qmBmCRaqmXvbcbzupCqfn9c9QtxWnXUPKU76Z5Ttx565tgM2TqTbyruHFl&#038;show_text=true&#038;width=500\" width=\"500\" height=\"589\" style=\"border:none;overflow:hidden\" scrolling=\"no\" frameborder=\"0\" allowfullscreen=\"true\" allow=\"autoplay; clipboard-write; encrypted-media; picture-in-picture; web-share\"><\/iframe>\n\n\n\n<p>Potrivit Autorit\u0103\u021bii Electorale Permanente, p\u00e2n\u0103 la ora 22:00, \u00een comuna Corbeanca au votat 61.42% dintre persoanele \u00eenscrise pe liste.<\/p>\n\n\n\n<p>CITE\u0218TE \u0218I<\/p>\n\n\n\n<figure class=\"wp-block-embed is-type-wp-embed is-provider-buletin-de-bucure-ti wp-block-embed-buletin-de-bucure-ti\"><div class=\"wp-block-embed__wrapper\">\n<blockquote class=\"wp-embedded-content\" data-secret=\"hcE6OHBU2c\"><a href=\"https:\/\/buletin.de\/bucuresti\/conacul-secret-al-primarului-din-corbeanca-400-mp-pe-doua-niveluri-curte-cu-ponton-pe-malul-lacului-si-doua-intrari-pe-numele-sotiei\/\">Conacul \u201esecret\u201d al primarului din Corbeanca:  400 mp pe dou\u0103 niveluri, curte cu ponton pe malul lacului \u0219i dou\u0103 intr\u0103ri, pe numele so\u0163iei<\/a><\/blockquote><iframe class=\"wp-embedded-content\" sandbox=\"allow-scripts\" security=\"restricted\" style=\"position: absolute; clip: rect(1px, 1px, 1px, 1px);\" title=\"&#8220;Conacul \u201esecret\u201d al primarului din Corbeanca:  400 mp pe dou\u0103 niveluri, curte cu ponton pe malul lacului \u0219i dou\u0103 intr\u0103ri, pe numele so\u0163iei&#8221; &#8212; Buletin de Bucure\u0219ti\" src=\"https:\/\/buletin.de\/bucuresti\/conacul-secret-al-primarului-din-corbeanca-400-mp-pe-doua-niveluri-curte-cu-ponton-pe-malul-lacului-si-doua-intrari-pe-numele-sotiei\/embed\/#?secret=s1MTlw6z6G#?secret=hcE6OHBU2c\" data-secret=\"hcE6OHBU2c\" width=\"600\" height=\"338\" frameborder=\"0\" marginwidth=\"0\" marginheight=\"0\" scrolling=\"no\"><\/iframe>\n<\/div><\/figure>\n","protected":false},"excerpt":{"rendered":"<p>\u0218tefan Ap\u0103teanu, candidatul Alian\u021bei Dreapta Unit\u0103 la func\u021bia de primar al comunei Corbeanca, a anun\u021bat c\u0103 a c\u00e2\u0219tigat alegerile cu 50,3% din voturi. Totodat\u0103 acesta va avea \u0219i o majoritate \u201econfortabil\u0103\u201d \u00een Consiliului Local. \u201eComunitatea Corbeanca a c\u00e2\u0219tigat!\u201d, a transmis candidatul Alian\u021bei Dreapta Unit\u0103. \u0218tefan Ap\u0103teanu a mai anun\u021bat c\u0103 din cele 5193 de voturi [&hellip;]<\/p>\n","protected":false},"author":10,"featured_media":88056,"comment_status":"closed","ping_status":"open","sticky":false,"template":"","format":"standard","meta":{"_acf_changed":false,"inline_featured_image":false,"ngg_post_thumbnail":0,"footnotes":""},"categories":[6994,5762,9025],"tags":[781,12653,1426,820,35,6909,6504],"ppma_author":[22575],"class_list":["post-88055","post","type-post","status-publish","format-standard","has-post-thumbnail","hentry","category-stiri-2","category-main","category-politic","tag-alegeri-locale","tag-apateanu","tag-corbeanca","tag-ilfov","tag-primarie","tag-rezultat","tag-stefan"],"acf":[],"yoast_head":"<!-- This site is optimized with the Yoast SEO Premium plugin v25.3 (Yoast SEO v27.5) - https:\/\/yoast.com\/product\/yoast-seo-premium-wordpress\/ -->\n<title>ILFOV | Corbeanca are un nou primar: \u0218tefan Ap\u0103teanu(USR) a c\u00e2\u0219tigat cu 50,3% din voturi - Buletin de Bucure\u0219ti<\/title>\n<meta name=\"robots\" content=\"index, follow, max-snippet:-1, max-image-preview:large, max-video-preview:-1\" \/>\n<link rel=\"canonical\" href=\"https:\/\/buletin.de\/bucuresti\/ilfov-corbeanca-are-un-nou-primar-stefan-apateanuusr-a-castigat-cu-503-din-voturi\/\" \/>\n<meta property=\"og:locale\" content=\"en_GB\" \/>\n<meta property=\"og:type\" content=\"article\" \/>\n<meta property=\"og:title\" content=\"ILFOV | Corbeanca are un nou primar: \u0218tefan Ap\u0103teanu(USR) a c\u00e2\u0219tigat cu 50,3% din voturi\" \/>\n<meta property=\"og:description\" content=\"\u0218tefan Ap\u0103teanu, candidatul Alian\u021bei Dreapta Unit\u0103 la func\u021bia de primar al comunei Corbeanca, a anun\u021bat c\u0103 a c\u00e2\u0219tigat alegerile cu 50,3% din voturi. Totodat\u0103 acesta va avea \u0219i o majoritate \u201econfortabil\u0103\u201d \u00een Consiliului Local. \u201eComunitatea Corbeanca a c\u00e2\u0219tigat!\u201d, a transmis candidatul Alian\u021bei Dreapta Unit\u0103. \u0218tefan Ap\u0103teanu a mai anun\u021bat c\u0103 din cele 5193 de voturi [&hellip;]\" \/>\n<meta property=\"og:url\" content=\"https:\/\/buletin.de\/bucuresti\/ilfov-corbeanca-are-un-nou-primar-stefan-apateanuusr-a-castigat-cu-503-din-voturi\/\" \/>\n<meta property=\"og:site_name\" content=\"Buletin de Bucure\u0219ti\" \/>\n<meta property=\"article:publisher\" content=\"https:\/\/www.facebook.com\/buletin.de.buc\" \/>\n<meta property=\"article:published_time\" content=\"2024-06-10T07:16:08+00:00\" \/>\n<meta property=\"article:modified_time\" content=\"2024-06-10T07:39:57+00:00\" \/>\n<meta property=\"og:image\" content=\"https:\/\/buletin.de\/bucuresti\/wp-content\/uploads\/437547123_981710040629303_4306000893471415634_n.jpg\" \/>\n\t<meta property=\"og:image:width\" content=\"1600\" \/>\n\t<meta property=\"og:image:height\" content=\"1066\" \/>\n\t<meta property=\"og:image:type\" content=\"image\/jpeg\" \/>\n<meta name=\"author\" content=\"C\u0103t\u0103lin Dosca\u0219\" \/>\n<meta name=\"twitter:card\" content=\"summary_large_image\" \/>\n<meta name=\"twitter:label1\" content=\"Written by\" \/>\n\t<meta name=\"twitter:data1\" content=\"C\u0103t\u0103lin Dosca\u0219\" \/>\n\t<meta name=\"twitter:label2\" content=\"Estimated reading time\" \/>\n\t<meta name=\"twitter:data2\" content=\"1 minute\" \/>\n<script type=\"application\/ld+json\" class=\"yoast-schema-graph\">{\"@context\":\"https:\\\/\\\/schema.org\",\"@graph\":[{\"@type\":\"Article\",\"@id\":\"https:\\\/\\\/buletin.de\\\/bucuresti\\\/ilfov-corbeanca-are-un-nou-primar-stefan-apateanuusr-a-castigat-cu-503-din-voturi\\\/#article\",\"isPartOf\":{\"@id\":\"https:\\\/\\\/buletin.de\\\/bucuresti\\\/ilfov-corbeanca-are-un-nou-primar-stefan-apateanuusr-a-castigat-cu-503-din-voturi\\\/\"},\"author\":{\"name\":\"C\u0103t\u0103lin Dosca\u0219\",\"@id\":\"https:\\\/\\\/buletin.de\\\/bucuresti\\\/#\\\/schema\\\/person\\\/31117187ed4d0bdb0a4c7d6acc79d0f8\"},\"headline\":\"ILFOV | Corbeanca are un nou primar: \u0218tefan Ap\u0103teanu(USR) a c\u00e2\u0219tigat cu 50,3% din voturi\",\"datePublished\":\"2024-06-10T07:16:08+00:00\",\"dateModified\":\"2024-06-10T07:39:57+00:00\",\"mainEntityOfPage\":{\"@id\":\"https:\\\/\\\/buletin.de\\\/bucuresti\\\/ilfov-corbeanca-are-un-nou-primar-stefan-apateanuusr-a-castigat-cu-503-din-voturi\\\/\"},\"wordCount\":149,\"publisher\":{\"@id\":\"https:\\\/\\\/buletin.de\\\/bucuresti\\\/#organization\"},\"image\":{\"@id\":\"https:\\\/\\\/buletin.de\\\/bucuresti\\\/ilfov-corbeanca-are-un-nou-primar-stefan-apateanuusr-a-castigat-cu-503-din-voturi\\\/#primaryimage\"},\"thumbnailUrl\":\"https:\\\/\\\/buletin.de\\\/bucuresti\\\/wp-content\\\/uploads\\\/437547123_981710040629303_4306000893471415634_n.jpg\",\"keywords\":[\"alegeri locale\",\"apateanu\",\"corbeanca\",\"Ilfov\",\"primarie\",\"rezultat\",\"stefan\"],\"articleSection\":[\"Articole\",\"Main\",\"Politic\"],\"inLanguage\":\"en-GB\",\"copyrightYear\":\"2024\",\"copyrightHolder\":{\"@id\":\"https:\\\/\\\/buletin.de\\\/bucuresti\\\/#organization\"}},{\"@type\":\"WebPage\",\"@id\":\"https:\\\/\\\/buletin.de\\\/bucuresti\\\/ilfov-corbeanca-are-un-nou-primar-stefan-apateanuusr-a-castigat-cu-503-din-voturi\\\/\",\"url\":\"https:\\\/\\\/buletin.de\\\/bucuresti\\\/ilfov-corbeanca-are-un-nou-primar-stefan-apateanuusr-a-castigat-cu-503-din-voturi\\\/\",\"name\":\"ILFOV | Corbeanca are un nou primar: \u0218tefan Ap\u0103teanu(USR) a c\u00e2\u0219tigat cu 50,3% din voturi - Buletin de Bucure\u0219ti\",\"isPartOf\":{\"@id\":\"https:\\\/\\\/buletin.de\\\/bucuresti\\\/#website\"},\"primaryImageOfPage\":{\"@id\":\"https:\\\/\\\/buletin.de\\\/bucuresti\\\/ilfov-corbeanca-are-un-nou-primar-stefan-apateanuusr-a-castigat-cu-503-din-voturi\\\/#primaryimage\"},\"image\":{\"@id\":\"https:\\\/\\\/buletin.de\\\/bucuresti\\\/ilfov-corbeanca-are-un-nou-primar-stefan-apateanuusr-a-castigat-cu-503-din-voturi\\\/#primaryimage\"},\"thumbnailUrl\":\"https:\\\/\\\/buletin.de\\\/bucuresti\\\/wp-content\\\/uploads\\\/437547123_981710040629303_4306000893471415634_n.jpg\",\"datePublished\":\"2024-06-10T07:16:08+00:00\",\"dateModified\":\"2024-06-10T07:39:57+00:00\",\"breadcrumb\":{\"@id\":\"https:\\\/\\\/buletin.de\\\/bucuresti\\\/ilfov-corbeanca-are-un-nou-primar-stefan-apateanuusr-a-castigat-cu-503-din-voturi\\\/#breadcrumb\"},\"inLanguage\":\"en-GB\",\"potentialAction\":[{\"@type\":\"ReadAction\",\"target\":[\"https:\\\/\\\/buletin.de\\\/bucuresti\\\/ilfov-corbeanca-are-un-nou-primar-stefan-apateanuusr-a-castigat-cu-503-din-voturi\\\/\"]}]},{\"@type\":\"ImageObject\",\"inLanguage\":\"en-GB\",\"@id\":\"https:\\\/\\\/buletin.de\\\/bucuresti\\\/ilfov-corbeanca-are-un-nou-primar-stefan-apateanuusr-a-castigat-cu-503-din-voturi\\\/#primaryimage\",\"url\":\"https:\\\/\\\/buletin.de\\\/bucuresti\\\/wp-content\\\/uploads\\\/437547123_981710040629303_4306000893471415634_n.jpg\",\"contentUrl\":\"https:\\\/\\\/buletin.de\\\/bucuresti\\\/wp-content\\\/uploads\\\/437547123_981710040629303_4306000893471415634_n.jpg\",\"width\":1600,\"height\":1066},{\"@type\":\"BreadcrumbList\",\"@id\":\"https:\\\/\\\/buletin.de\\\/bucuresti\\\/ilfov-corbeanca-are-un-nou-primar-stefan-apateanuusr-a-castigat-cu-503-din-voturi\\\/#breadcrumb\",\"itemListElement\":[{\"@type\":\"ListItem\",\"position\":1,\"name\":\"Acas\u0103\",\"item\":\"https:\\\/\\\/buletin.de\\\/bucuresti\\\/\"},{\"@type\":\"ListItem\",\"position\":2,\"name\":\"ILFOV | Corbeanca are un nou primar: \u0218tefan Ap\u0103teanu(USR) a c\u00e2\u0219tigat cu 50,3% din voturi\"}]},{\"@type\":\"WebSite\",\"@id\":\"https:\\\/\\\/buletin.de\\\/bucuresti\\\/#website\",\"url\":\"https:\\\/\\\/buletin.de\\\/bucuresti\\\/\",\"name\":\"Buletin de Bucure\u0219ti\",\"description\":\"\u0218tiri \u0219i investiga\u021bii esen\u021biale din capital\u0103\",\"publisher\":{\"@id\":\"https:\\\/\\\/buletin.de\\\/bucuresti\\\/#organization\"},\"potentialAction\":[{\"@type\":\"SearchAction\",\"target\":{\"@type\":\"EntryPoint\",\"urlTemplate\":\"https:\\\/\\\/buletin.de\\\/bucuresti\\\/?s={search_term_string}\"},\"query-input\":{\"@type\":\"PropertyValueSpecification\",\"valueRequired\":true,\"valueName\":\"search_term_string\"}}],\"inLanguage\":\"en-GB\"},{\"@type\":\"Organization\",\"@id\":\"https:\\\/\\\/buletin.de\\\/bucuresti\\\/#organization\",\"name\":\"Buletin de Bucure\u0219ti\",\"url\":\"https:\\\/\\\/buletin.de\\\/bucuresti\\\/\",\"logo\":{\"@type\":\"ImageObject\",\"inLanguage\":\"en-GB\",\"@id\":\"https:\\\/\\\/buletin.de\\\/bucuresti\\\/#\\\/schema\\\/logo\\\/image\\\/\",\"url\":\"https:\\\/\\\/buletin.de\\\/bucuresti\\\/wp-content\\\/uploads\\\/logo-bdb-full-wide-vernil-transparent.png\",\"contentUrl\":\"https:\\\/\\\/buletin.de\\\/bucuresti\\\/wp-content\\\/uploads\\\/logo-bdb-full-wide-vernil-transparent.png\",\"width\":1782,\"height\":626,\"caption\":\"Buletin de Bucure\u0219ti\"},\"image\":{\"@id\":\"https:\\\/\\\/buletin.de\\\/bucuresti\\\/#\\\/schema\\\/logo\\\/image\\\/\"},\"sameAs\":[\"https:\\\/\\\/www.facebook.com\\\/buletin.de.buc\",\"https:\\\/\\\/www.instagram.com\\\/buletinde.bucuresti\\\/\"]},{\"@type\":\"Person\",\"@id\":\"https:\\\/\\\/buletin.de\\\/bucuresti\\\/#\\\/schema\\\/person\\\/31117187ed4d0bdb0a4c7d6acc79d0f8\",\"name\":\"C\u0103t\u0103lin Dosca\u0219\",\"image\":{\"@type\":\"ImageObject\",\"inLanguage\":\"en-GB\",\"@id\":\"https:\\\/\\\/buletin.de\\\/bucuresti\\\/wp-content\\\/uploads\\\/Catalin-Doscas-e1732731064764-96x96.jpga93e2943bb3b1c1f9ead823df6e6317a\",\"url\":\"https:\\\/\\\/buletin.de\\\/bucuresti\\\/wp-content\\\/uploads\\\/Catalin-Doscas-e1732731064764-96x96.jpg\",\"contentUrl\":\"https:\\\/\\\/buletin.de\\\/bucuresti\\\/wp-content\\\/uploads\\\/Catalin-Doscas-e1732731064764-96x96.jpg\",\"caption\":\"C\u0103t\u0103lin Dosca\u0219\"},\"description\":\"Reporter \u0219i redactor-\u0219ef Buletin de Bucure\u0219ti. Lucreaz\u0103 \u00een mass-media de la v\u00e2rsta de 15 ani, c\u00e2nd a publicat primele articole \u00een presa local\u0103 din Tecuci. \u00cen Bucure\u0219ti a lucrat \u00een redac\u021bii radio ca reporter, redactor \u0219i prezentator (StudentFM, Na\u021bionalFM, Radio Total, Smart FM), unde a acoperit domeniile politic, economic, social \u0219i externe. Ulterior, a fost editor-coordonator al postului Realitatea FM. Experien\u021ba \u00een jurnalismul online a dob\u00e2ndit-o la portalul B365.ro, unde a fost editor. \u00cen 2012 s-a angajat \u00een televiziune. La Realitatea TV a fost, pe r\u00e2nd, reporter la sec\u021bia Social, reporter special la emisiunea de reportaje \u0219i anchete \u201eReporterii Realit\u0103\u021bii\u201d, dar \u0219i editor al jurnalelor de \u0219tiri. Ulterior, a f\u0103cut parte din sec\u021bia de Investiga\u021bii de la Digi24 \u0219i a lucrat la campania \u201eRom\u00e2nia furat\u0103\u201d. A revenit \u00een presa scris\u0103 \u00een 2017, ca reporter special, \u00een cadrul unui proiect de repozi\u021bionare a tabloidului Libertatea \u00een cotidian generalist. Este jurnalist Buletin de Bucure\u0219ti din 2019.\",\"url\":\"https:\\\/\\\/buletin.de\\\/bucuresti\\\/author\\\/catalin\\\/\"}]}<\/script>\n<!-- \/ Yoast SEO Premium plugin. -->","yoast_head_json":{"title":"ILFOV | Corbeanca are un nou primar: \u0218tefan Ap\u0103teanu(USR) a c\u00e2\u0219tigat cu 50,3% din voturi - Buletin de Bucure\u0219ti","robots":{"index":"index","follow":"follow","max-snippet":"max-snippet:-1","max-image-preview":"max-image-preview:large","max-video-preview":"max-video-preview:-1"},"canonical":"https:\/\/buletin.de\/bucuresti\/ilfov-corbeanca-are-un-nou-primar-stefan-apateanuusr-a-castigat-cu-503-din-voturi\/","og_locale":"en_GB","og_type":"article","og_title":"ILFOV | Corbeanca are un nou primar: \u0218tefan Ap\u0103teanu(USR) a c\u00e2\u0219tigat cu 50,3% din voturi","og_description":"\u0218tefan Ap\u0103teanu, candidatul Alian\u021bei Dreapta Unit\u0103 la func\u021bia de primar al comunei Corbeanca, a anun\u021bat c\u0103 a c\u00e2\u0219tigat alegerile cu 50,3% din voturi. Totodat\u0103 acesta va avea \u0219i o majoritate \u201econfortabil\u0103\u201d \u00een Consiliului Local. \u201eComunitatea Corbeanca a c\u00e2\u0219tigat!\u201d, a transmis candidatul Alian\u021bei Dreapta Unit\u0103. \u0218tefan Ap\u0103teanu a mai anun\u021bat c\u0103 din cele 5193 de voturi [&hellip;]","og_url":"https:\/\/buletin.de\/bucuresti\/ilfov-corbeanca-are-un-nou-primar-stefan-apateanuusr-a-castigat-cu-503-din-voturi\/","og_site_name":"Buletin de Bucure\u0219ti","article_publisher":"https:\/\/www.facebook.com\/buletin.de.buc","article_published_time":"2024-06-10T07:16:08+00:00","article_modified_time":"2024-06-10T07:39:57+00:00","og_image":[{"width":1600,"height":1066,"url":"https:\/\/buletin.de\/bucuresti\/wp-content\/uploads\/437547123_981710040629303_4306000893471415634_n.jpg","type":"image\/jpeg"}],"author":"C\u0103t\u0103lin Dosca\u0219","twitter_card":"summary_large_image","twitter_misc":{"Written by":"C\u0103t\u0103lin Dosca\u0219","Estimated reading time":"1 minute"},"schema":{"@context":"https:\/\/schema.org","@graph":[{"@type":"Article","@id":"https:\/\/buletin.de\/bucuresti\/ilfov-corbeanca-are-un-nou-primar-stefan-apateanuusr-a-castigat-cu-503-din-voturi\/#article","isPartOf":{"@id":"https:\/\/buletin.de\/bucuresti\/ilfov-corbeanca-are-un-nou-primar-stefan-apateanuusr-a-castigat-cu-503-din-voturi\/"},"author":{"name":"C\u0103t\u0103lin Dosca\u0219","@id":"https:\/\/buletin.de\/bucuresti\/#\/schema\/person\/31117187ed4d0bdb0a4c7d6acc79d0f8"},"headline":"ILFOV | Corbeanca are un nou primar: \u0218tefan Ap\u0103teanu(USR) a c\u00e2\u0219tigat cu 50,3% din voturi","datePublished":"2024-06-10T07:16:08+00:00","dateModified":"2024-06-10T07:39:57+00:00","mainEntityOfPage":{"@id":"https:\/\/buletin.de\/bucuresti\/ilfov-corbeanca-are-un-nou-primar-stefan-apateanuusr-a-castigat-cu-503-din-voturi\/"},"wordCount":149,"publisher":{"@id":"https:\/\/buletin.de\/bucuresti\/#organization"},"image":{"@id":"https:\/\/buletin.de\/bucuresti\/ilfov-corbeanca-are-un-nou-primar-stefan-apateanuusr-a-castigat-cu-503-din-voturi\/#primaryimage"},"thumbnailUrl":"https:\/\/buletin.de\/bucuresti\/wp-content\/uploads\/437547123_981710040629303_4306000893471415634_n.jpg","keywords":["alegeri locale","apateanu","corbeanca","Ilfov","primarie","rezultat","stefan"],"articleSection":["Articole","Main","Politic"],"inLanguage":"en-GB","copyrightYear":"2024","copyrightHolder":{"@id":"https:\/\/buletin.de\/bucuresti\/#organization"}},{"@type":"WebPage","@id":"https:\/\/buletin.de\/bucuresti\/ilfov-corbeanca-are-un-nou-primar-stefan-apateanuusr-a-castigat-cu-503-din-voturi\/","url":"https:\/\/buletin.de\/bucuresti\/ilfov-corbeanca-are-un-nou-primar-stefan-apateanuusr-a-castigat-cu-503-din-voturi\/","name":"ILFOV | Corbeanca are un nou primar: \u0218tefan Ap\u0103teanu(USR) a c\u00e2\u0219tigat cu 50,3% din voturi - Buletin de Bucure\u0219ti","isPartOf":{"@id":"https:\/\/buletin.de\/bucuresti\/#website"},"primaryImageOfPage":{"@id":"https:\/\/buletin.de\/bucuresti\/ilfov-corbeanca-are-un-nou-primar-stefan-apateanuusr-a-castigat-cu-503-din-voturi\/#primaryimage"},"image":{"@id":"https:\/\/buletin.de\/bucuresti\/ilfov-corbeanca-are-un-nou-primar-stefan-apateanuusr-a-castigat-cu-503-din-voturi\/#primaryimage"},"thumbnailUrl":"https:\/\/buletin.de\/bucuresti\/wp-content\/uploads\/437547123_981710040629303_4306000893471415634_n.jpg","datePublished":"2024-06-10T07:16:08+00:00","dateModified":"2024-06-10T07:39:57+00:00","breadcrumb":{"@id":"https:\/\/buletin.de\/bucuresti\/ilfov-corbeanca-are-un-nou-primar-stefan-apateanuusr-a-castigat-cu-503-din-voturi\/#breadcrumb"},"inLanguage":"en-GB","potentialAction":[{"@type":"ReadAction","target":["https:\/\/buletin.de\/bucuresti\/ilfov-corbeanca-are-un-nou-primar-stefan-apateanuusr-a-castigat-cu-503-din-voturi\/"]}]},{"@type":"ImageObject","inLanguage":"en-GB","@id":"https:\/\/buletin.de\/bucuresti\/ilfov-corbeanca-are-un-nou-primar-stefan-apateanuusr-a-castigat-cu-503-din-voturi\/#primaryimage","url":"https:\/\/buletin.de\/bucuresti\/wp-content\/uploads\/437547123_981710040629303_4306000893471415634_n.jpg","contentUrl":"https:\/\/buletin.de\/bucuresti\/wp-content\/uploads\/437547123_981710040629303_4306000893471415634_n.jpg","width":1600,"height":1066},{"@type":"BreadcrumbList","@id":"https:\/\/buletin.de\/bucuresti\/ilfov-corbeanca-are-un-nou-primar-stefan-apateanuusr-a-castigat-cu-503-din-voturi\/#breadcrumb","itemListElement":[{"@type":"ListItem","position":1,"name":"Acas\u0103","item":"https:\/\/buletin.de\/bucuresti\/"},{"@type":"ListItem","position":2,"name":"ILFOV | Corbeanca are un nou primar: \u0218tefan Ap\u0103teanu(USR) a c\u00e2\u0219tigat cu 50,3% din voturi"}]},{"@type":"WebSite","@id":"https:\/\/buletin.de\/bucuresti\/#website","url":"https:\/\/buletin.de\/bucuresti\/","name":"Buletin de Bucure\u0219ti","description":"\u0218tiri \u0219i investiga\u021bii esen\u021biale din capital\u0103","publisher":{"@id":"https:\/\/buletin.de\/bucuresti\/#organization"},"potentialAction":[{"@type":"SearchAction","target":{"@type":"EntryPoint","urlTemplate":"https:\/\/buletin.de\/bucuresti\/?s={search_term_string}"},"query-input":{"@type":"PropertyValueSpecification","valueRequired":true,"valueName":"search_term_string"}}],"inLanguage":"en-GB"},{"@type":"Organization","@id":"https:\/\/buletin.de\/bucuresti\/#organization","name":"Buletin de Bucure\u0219ti","url":"https:\/\/buletin.de\/bucuresti\/","logo":{"@type":"ImageObject","inLanguage":"en-GB","@id":"https:\/\/buletin.de\/bucuresti\/#\/schema\/logo\/image\/","url":"https:\/\/buletin.de\/bucuresti\/wp-content\/uploads\/logo-bdb-full-wide-vernil-transparent.png","contentUrl":"https:\/\/buletin.de\/bucuresti\/wp-content\/uploads\/logo-bdb-full-wide-vernil-transparent.png","width":1782,"height":626,"caption":"Buletin de Bucure\u0219ti"},"image":{"@id":"https:\/\/buletin.de\/bucuresti\/#\/schema\/logo\/image\/"},"sameAs":["https:\/\/www.facebook.com\/buletin.de.buc","https:\/\/www.instagram.com\/buletinde.bucuresti\/"]},{"@type":"Person","@id":"https:\/\/buletin.de\/bucuresti\/#\/schema\/person\/31117187ed4d0bdb0a4c7d6acc79d0f8","name":"C\u0103t\u0103lin Dosca\u0219","image":{"@type":"ImageObject","inLanguage":"en-GB","@id":"https:\/\/buletin.de\/bucuresti\/wp-content\/uploads\/Catalin-Doscas-e1732731064764-96x96.jpga93e2943bb3b1c1f9ead823df6e6317a","url":"https:\/\/buletin.de\/bucuresti\/wp-content\/uploads\/Catalin-Doscas-e1732731064764-96x96.jpg","contentUrl":"https:\/\/buletin.de\/bucuresti\/wp-content\/uploads\/Catalin-Doscas-e1732731064764-96x96.jpg","caption":"C\u0103t\u0103lin Dosca\u0219"},"description":"Reporter \u0219i redactor-\u0219ef Buletin de Bucure\u0219ti. Lucreaz\u0103 \u00een mass-media de la v\u00e2rsta de 15 ani, c\u00e2nd a publicat primele articole \u00een presa local\u0103 din Tecuci. \u00cen Bucure\u0219ti a lucrat \u00een redac\u021bii radio ca reporter, redactor \u0219i prezentator (StudentFM, Na\u021bionalFM, Radio Total, Smart FM), unde a acoperit domeniile politic, economic, social \u0219i externe. Ulterior, a fost editor-coordonator al postului Realitatea FM. Experien\u021ba \u00een jurnalismul online a dob\u00e2ndit-o la portalul B365.ro, unde a fost editor. \u00cen 2012 s-a angajat \u00een televiziune. La Realitatea TV a fost, pe r\u00e2nd, reporter la sec\u021bia Social, reporter special la emisiunea de reportaje \u0219i anchete \u201eReporterii Realit\u0103\u021bii\u201d, dar \u0219i editor al jurnalelor de \u0219tiri. Ulterior, a f\u0103cut parte din sec\u021bia de Investiga\u021bii de la Digi24 \u0219i a lucrat la campania \u201eRom\u00e2nia furat\u0103\u201d. A revenit \u00een presa scris\u0103 \u00een 2017, ca reporter special, \u00een cadrul unui proiect de repozi\u021bionare a tabloidului Libertatea \u00een cotidian generalist. Este jurnalist Buletin de Bucure\u0219ti din 2019.","url":"https:\/\/buletin.de\/bucuresti\/author\/catalin\/"}]}},"authors":[{"term_id":22575,"user_id":10,"is_guest":0,"slug":"catalin","display_name":"C\u0103t\u0103lin Dosca\u0219","avatar_url":"https:\/\/buletin.de\/bucuresti\/wp-content\/uploads\/Catalin-Doscas-e1732731064764-96x96.jpg","0":null,"1":"","2":"","3":"","4":"","5":"","6":"","7":"","8":""}],"_links":{"self":[{"href":"https:\/\/buletin.de\/bucuresti\/wp-json\/wp\/v2\/posts\/88055","targetHints":{"allow":["GET"]}}],"collection":[{"href":"https:\/\/buletin.de\/bucuresti\/wp-json\/wp\/v2\/posts"}],"about":[{"href":"https:\/\/buletin.de\/bucuresti\/wp-json\/wp\/v2\/types\/post"}],"author":[{"embeddable":true,"href":"https:\/\/buletin.de\/bucuresti\/wp-json\/wp\/v2\/users\/10"}],"replies":[{"embeddable":true,"href":"https:\/\/buletin.de\/bucuresti\/wp-json\/wp\/v2\/comments?post=88055"}],"version-history":[{"count":3,"href":"https:\/\/buletin.de\/bucuresti\/wp-json\/wp\/v2\/posts\/88055\/revisions"}],"predecessor-version":[{"id":88061,"href":"https:\/\/buletin.de\/bucuresti\/wp-json\/wp\/v2\/posts\/88055\/revisions\/88061"}],"wp:featuredmedia":[{"embeddable":true,"href":"https:\/\/buletin.de\/bucuresti\/wp-json\/wp\/v2\/media\/88056"}],"wp:attachment":[{"href":"https:\/\/buletin.de\/bucuresti\/wp-json\/wp\/v2\/media?parent=88055"}],"wp:term":[{"taxonomy":"category","embeddable":true,"href":"https:\/\/buletin.de\/bucuresti\/wp-json\/wp\/v2\/categories?post=88055"},{"taxonomy":"post_tag","embeddable":true,"href":"https:\/\/buletin.de\/bucuresti\/wp-json\/wp\/v2\/tags?post=88055"},{"taxonomy":"author","embeddable":true,"href":"https:\/\/buletin.de\/bucuresti\/wp-json\/wp\/v2\/ppma_author?post=88055"}],"curies":[{"name":"wp","href":"https:\/\/api.w.org\/{rel}","templated":true}]}}