{"id":87908,"date":"2024-06-09T13:17:59","date_gmt":"2024-06-09T10:17:59","guid":{"rendered":"https:\/\/buletin.de\/bucuresti\/?p=87908"},"modified":"2024-06-09T13:18:01","modified_gmt":"2024-06-09T10:18:01","slug":"sesizari-de-turism-electoral-in-bucuresti-ancheta-a-politiei","status":"publish","type":"post","link":"https:\/\/buletin.de\/bucuresti\/sesizari-de-turism-electoral-in-bucuresti-ancheta-a-politiei\/","title":{"rendered":"Sesiz\u0103ri de \u201eturism electoral\u201d \u00een Bucure\u0219ti. Anchet\u0103 a Poli\u021biei"},"content":{"rendered":"\n<p>O sesizare f\u0103cut\u0103 prin sistemul unic de urgen\u021b\u0103 a alertat poli\u021bia c\u0103 la mai multe sec\u021bii de votare din sectorul 1 ar fi plimba\u021bi aleg\u0103tori de c\u0103tre reprezentan\u021bi ai unor partide politice. Cazul este cercetat la aceast\u0103 or\u0103 de c\u0103tre poli\u021bi\u0219tii din cadrul sec\u021biei 5. <\/p>\n\n\n\n<blockquote class=\"wp-block-quote is-layout-flow wp-block-quote-is-layout-flow\">\n<p class=\"has-medium-font-size\"><strong>Ast\u0103zi, 09 iunie 2024, poli\u021bi\u0219ti din cadrul Sec\u021biei 5, au fost sesiza\u021bi, prin sistem 112, cu privire la faptul c\u0103 \u00een zona unor sec\u021bii de votare din Sectorul 1, mai mul\u021bi aleg\u0103tori ar fi transporta\u021bi cu autoturisme la sec\u021biile de votare, de c\u0103tre reprezentan\u021bi ai unor partide politice.<\/strong><\/p>\n\n\n\n<p class=\"has-medium-font-size\"><strong>\u00cen cauz\u0103 sunt efectuate verific\u0103ri \u00een vederea stabilirii situa\u021biei de fapt \u0219i lu\u0103rii m\u0103surilor legale ce se impun.<\/strong><\/p>\n<cite>comunicat poli\u021bia capitalei<\/cite><\/blockquote>\n\n\n\n<p>Vom actualiza articolul pe m\u0103sur\u0103 ce vor ap\u0103rea noi informa\u021bii. <\/p>\n","protected":false},"excerpt":{"rendered":"<p>O sesizare f\u0103cut\u0103 prin sistemul unic de urgen\u021b\u0103 a alertat poli\u021bia c\u0103 la mai multe sec\u021bii de votare din sectorul 1 ar fi plimba\u021bi aleg\u0103tori de c\u0103tre reprezentan\u021bi ai unor partide politice. Cazul este cercetat la aceast\u0103 or\u0103 de c\u0103tre poli\u021bi\u0219tii din cadrul sec\u021biei 5. Ast\u0103zi, 09 iunie 2024, poli\u021bi\u0219ti din cadrul Sec\u021biei 5, au [&hellip;]<\/p>\n","protected":false},"author":8,"featured_media":61160,"comment_status":"closed","ping_status":"open","sticky":false,"template":"","format":"standard","meta":{"_acf_changed":false,"inline_featured_image":false,"ngg_post_thumbnail":0,"footnotes":""},"categories":[6994,9026,9025,62],"tags":[12628,12627],"ppma_author":[22586],"class_list":["post-87908","post","type-post","status-publish","format-standard","has-post-thumbnail","hentry","category-stiri-2","category-eveniment","category-politic","category-stiri","tag-sector-1-vot","tag-turism-electoral"],"acf":[],"yoast_head":"<!-- This site is optimized with the Yoast SEO Premium plugin v25.3 (Yoast SEO v27.5) - https:\/\/yoast.com\/product\/yoast-seo-premium-wordpress\/ -->\n<title>Sesiz\u0103ri de \u201eturism electoral\u201d \u00een Bucure\u0219ti. Anchet\u0103 a Poli\u021biei - Buletin de Bucure\u0219ti<\/title>\n<meta name=\"robots\" content=\"index, follow, max-snippet:-1, max-image-preview:large, max-video-preview:-1\" \/>\n<link rel=\"canonical\" href=\"https:\/\/buletin.de\/bucuresti\/sesizari-de-turism-electoral-in-bucuresti-ancheta-a-politiei\/\" \/>\n<meta property=\"og:locale\" content=\"en_GB\" \/>\n<meta property=\"og:type\" content=\"article\" \/>\n<meta property=\"og:title\" content=\"Sesiz\u0103ri de \u201eturism electoral\u201d \u00een Bucure\u0219ti. Anchet\u0103 a Poli\u021biei\" \/>\n<meta property=\"og:description\" content=\"O sesizare f\u0103cut\u0103 prin sistemul unic de urgen\u021b\u0103 a alertat poli\u021bia c\u0103 la mai multe sec\u021bii de votare din sectorul 1 ar fi plimba\u021bi aleg\u0103tori de c\u0103tre reprezentan\u021bi ai unor partide politice. Cazul este cercetat la aceast\u0103 or\u0103 de c\u0103tre poli\u021bi\u0219tii din cadrul sec\u021biei 5. Ast\u0103zi, 09 iunie 2024, poli\u021bi\u0219ti din cadrul Sec\u021biei 5, au [&hellip;]\" \/>\n<meta property=\"og:url\" content=\"https:\/\/buletin.de\/bucuresti\/sesizari-de-turism-electoral-in-bucuresti-ancheta-a-politiei\/\" \/>\n<meta property=\"og:site_name\" content=\"Buletin de Bucure\u0219ti\" \/>\n<meta property=\"article:publisher\" content=\"https:\/\/www.facebook.com\/buletin.de.buc\" \/>\n<meta property=\"article:published_time\" content=\"2024-06-09T10:17:59+00:00\" \/>\n<meta property=\"article:modified_time\" content=\"2024-06-09T10:18:01+00:00\" \/>\n<meta property=\"og:image\" content=\"https:\/\/buletin.de\/bucuresti\/wp-content\/uploads\/politia-bucuresti-masina-politie.jpg\" \/>\n\t<meta property=\"og:image:width\" content=\"1440\" \/>\n\t<meta property=\"og:image:height\" content=\"1230\" \/>\n\t<meta property=\"og:image:type\" content=\"image\/jpeg\" \/>\n<meta name=\"author\" content=\"Ionu\u021b Lepa\" \/>\n<meta name=\"twitter:card\" content=\"summary_large_image\" \/>\n<meta name=\"twitter:label1\" content=\"Written by\" \/>\n\t<meta name=\"twitter:data1\" content=\"Ionu\u021b Lepa\" \/>\n\t<meta name=\"twitter:label2\" content=\"Estimated reading time\" \/>\n\t<meta name=\"twitter:data2\" content=\"1 minute\" \/>\n<script type=\"application\/ld+json\" class=\"yoast-schema-graph\">{\"@context\":\"https:\\\/\\\/schema.org\",\"@graph\":[{\"@type\":\"Article\",\"@id\":\"https:\\\/\\\/buletin.de\\\/bucuresti\\\/sesizari-de-turism-electoral-in-bucuresti-ancheta-a-politiei\\\/#article\",\"isPartOf\":{\"@id\":\"https:\\\/\\\/buletin.de\\\/bucuresti\\\/sesizari-de-turism-electoral-in-bucuresti-ancheta-a-politiei\\\/\"},\"author\":{\"name\":\"Ionu\u021b Lepa\",\"@id\":\"https:\\\/\\\/buletin.de\\\/bucuresti\\\/#\\\/schema\\\/person\\\/5272b8a057b33890940b57b837fc4ce6\"},\"headline\":\"Sesiz\u0103ri de \u201eturism electoral\u201d \u00een Bucure\u0219ti. Anchet\u0103 a Poli\u021biei\",\"datePublished\":\"2024-06-09T10:17:59+00:00\",\"dateModified\":\"2024-06-09T10:18:01+00:00\",\"mainEntityOfPage\":{\"@id\":\"https:\\\/\\\/buletin.de\\\/bucuresti\\\/sesizari-de-turism-electoral-in-bucuresti-ancheta-a-politiei\\\/\"},\"wordCount\":160,\"publisher\":{\"@id\":\"https:\\\/\\\/buletin.de\\\/bucuresti\\\/#organization\"},\"image\":{\"@id\":\"https:\\\/\\\/buletin.de\\\/bucuresti\\\/sesizari-de-turism-electoral-in-bucuresti-ancheta-a-politiei\\\/#primaryimage\"},\"thumbnailUrl\":\"https:\\\/\\\/buletin.de\\\/bucuresti\\\/wp-content\\\/uploads\\\/politia-bucuresti-masina-politie.jpg\",\"keywords\":[\"sector 1 vot\",\"turism electoral\"],\"articleSection\":[\"Articole\",\"Eveniment\",\"Politic\",\"\u0218tiri\"],\"inLanguage\":\"en-GB\",\"copyrightYear\":\"2024\",\"copyrightHolder\":{\"@id\":\"https:\\\/\\\/buletin.de\\\/bucuresti\\\/#organization\"}},{\"@type\":\"WebPage\",\"@id\":\"https:\\\/\\\/buletin.de\\\/bucuresti\\\/sesizari-de-turism-electoral-in-bucuresti-ancheta-a-politiei\\\/\",\"url\":\"https:\\\/\\\/buletin.de\\\/bucuresti\\\/sesizari-de-turism-electoral-in-bucuresti-ancheta-a-politiei\\\/\",\"name\":\"Sesiz\u0103ri de \u201eturism electoral\u201d \u00een Bucure\u0219ti. Anchet\u0103 a Poli\u021biei - Buletin de Bucure\u0219ti\",\"isPartOf\":{\"@id\":\"https:\\\/\\\/buletin.de\\\/bucuresti\\\/#website\"},\"primaryImageOfPage\":{\"@id\":\"https:\\\/\\\/buletin.de\\\/bucuresti\\\/sesizari-de-turism-electoral-in-bucuresti-ancheta-a-politiei\\\/#primaryimage\"},\"image\":{\"@id\":\"https:\\\/\\\/buletin.de\\\/bucuresti\\\/sesizari-de-turism-electoral-in-bucuresti-ancheta-a-politiei\\\/#primaryimage\"},\"thumbnailUrl\":\"https:\\\/\\\/buletin.de\\\/bucuresti\\\/wp-content\\\/uploads\\\/politia-bucuresti-masina-politie.jpg\",\"datePublished\":\"2024-06-09T10:17:59+00:00\",\"dateModified\":\"2024-06-09T10:18:01+00:00\",\"breadcrumb\":{\"@id\":\"https:\\\/\\\/buletin.de\\\/bucuresti\\\/sesizari-de-turism-electoral-in-bucuresti-ancheta-a-politiei\\\/#breadcrumb\"},\"inLanguage\":\"en-GB\",\"potentialAction\":[{\"@type\":\"ReadAction\",\"target\":[\"https:\\\/\\\/buletin.de\\\/bucuresti\\\/sesizari-de-turism-electoral-in-bucuresti-ancheta-a-politiei\\\/\"]}]},{\"@type\":\"ImageObject\",\"inLanguage\":\"en-GB\",\"@id\":\"https:\\\/\\\/buletin.de\\\/bucuresti\\\/sesizari-de-turism-electoral-in-bucuresti-ancheta-a-politiei\\\/#primaryimage\",\"url\":\"https:\\\/\\\/buletin.de\\\/bucuresti\\\/wp-content\\\/uploads\\\/politia-bucuresti-masina-politie.jpg\",\"contentUrl\":\"https:\\\/\\\/buletin.de\\\/bucuresti\\\/wp-content\\\/uploads\\\/politia-bucuresti-masina-politie.jpg\",\"width\":1440,\"height\":1230,\"caption\":\"Sursa foto: Facebook \\\/ Direc\u021bia General\u0103 de Poli\u021bie a Municipiului Bucure\u0219ti\"},{\"@type\":\"BreadcrumbList\",\"@id\":\"https:\\\/\\\/buletin.de\\\/bucuresti\\\/sesizari-de-turism-electoral-in-bucuresti-ancheta-a-politiei\\\/#breadcrumb\",\"itemListElement\":[{\"@type\":\"ListItem\",\"position\":1,\"name\":\"Acas\u0103\",\"item\":\"https:\\\/\\\/buletin.de\\\/bucuresti\\\/\"},{\"@type\":\"ListItem\",\"position\":2,\"name\":\"Sesiz\u0103ri de \u201eturism electoral\u201d \u00een Bucure\u0219ti. Anchet\u0103 a Poli\u021biei\"}]},{\"@type\":\"WebSite\",\"@id\":\"https:\\\/\\\/buletin.de\\\/bucuresti\\\/#website\",\"url\":\"https:\\\/\\\/buletin.de\\\/bucuresti\\\/\",\"name\":\"Buletin de Bucure\u0219ti\",\"description\":\"\u0218tiri \u0219i investiga\u021bii esen\u021biale din capital\u0103\",\"publisher\":{\"@id\":\"https:\\\/\\\/buletin.de\\\/bucuresti\\\/#organization\"},\"potentialAction\":[{\"@type\":\"SearchAction\",\"target\":{\"@type\":\"EntryPoint\",\"urlTemplate\":\"https:\\\/\\\/buletin.de\\\/bucuresti\\\/?s={search_term_string}\"},\"query-input\":{\"@type\":\"PropertyValueSpecification\",\"valueRequired\":true,\"valueName\":\"search_term_string\"}}],\"inLanguage\":\"en-GB\"},{\"@type\":\"Organization\",\"@id\":\"https:\\\/\\\/buletin.de\\\/bucuresti\\\/#organization\",\"name\":\"Buletin de Bucure\u0219ti\",\"url\":\"https:\\\/\\\/buletin.de\\\/bucuresti\\\/\",\"logo\":{\"@type\":\"ImageObject\",\"inLanguage\":\"en-GB\",\"@id\":\"https:\\\/\\\/buletin.de\\\/bucuresti\\\/#\\\/schema\\\/logo\\\/image\\\/\",\"url\":\"https:\\\/\\\/buletin.de\\\/bucuresti\\\/wp-content\\\/uploads\\\/logo-bdb-full-wide-vernil-transparent.png\",\"contentUrl\":\"https:\\\/\\\/buletin.de\\\/bucuresti\\\/wp-content\\\/uploads\\\/logo-bdb-full-wide-vernil-transparent.png\",\"width\":1782,\"height\":626,\"caption\":\"Buletin de Bucure\u0219ti\"},\"image\":{\"@id\":\"https:\\\/\\\/buletin.de\\\/bucuresti\\\/#\\\/schema\\\/logo\\\/image\\\/\"},\"sameAs\":[\"https:\\\/\\\/www.facebook.com\\\/buletin.de.buc\",\"https:\\\/\\\/www.instagram.com\\\/buletinde.bucuresti\\\/\"]},{\"@type\":\"Person\",\"@id\":\"https:\\\/\\\/buletin.de\\\/bucuresti\\\/#\\\/schema\\\/person\\\/5272b8a057b33890940b57b837fc4ce6\",\"name\":\"Ionu\u021b Lepa\",\"image\":{\"@type\":\"ImageObject\",\"inLanguage\":\"en-GB\",\"@id\":\"https:\\\/\\\/buletin.de\\\/bucuresti\\\/wp-content\\\/uploads\\\/Ionut-Lepa-96x96.jpg5c4e4d9e049808799a8821652d2410a4\",\"url\":\"https:\\\/\\\/buletin.de\\\/bucuresti\\\/wp-content\\\/uploads\\\/Ionut-Lepa-96x96.jpg\",\"contentUrl\":\"https:\\\/\\\/buletin.de\\\/bucuresti\\\/wp-content\\\/uploads\\\/Ionut-Lepa-96x96.jpg\",\"caption\":\"Ionu\u021b Lepa\"},\"url\":\"https:\\\/\\\/buletin.de\\\/bucuresti\\\/author\\\/ionutlepa\\\/\"}]}<\/script>\n<!-- \/ Yoast SEO Premium plugin. -->","yoast_head_json":{"title":"Sesiz\u0103ri de \u201eturism electoral\u201d \u00een Bucure\u0219ti. Anchet\u0103 a Poli\u021biei - Buletin de Bucure\u0219ti","robots":{"index":"index","follow":"follow","max-snippet":"max-snippet:-1","max-image-preview":"max-image-preview:large","max-video-preview":"max-video-preview:-1"},"canonical":"https:\/\/buletin.de\/bucuresti\/sesizari-de-turism-electoral-in-bucuresti-ancheta-a-politiei\/","og_locale":"en_GB","og_type":"article","og_title":"Sesiz\u0103ri de \u201eturism electoral\u201d \u00een Bucure\u0219ti. Anchet\u0103 a Poli\u021biei","og_description":"O sesizare f\u0103cut\u0103 prin sistemul unic de urgen\u021b\u0103 a alertat poli\u021bia c\u0103 la mai multe sec\u021bii de votare din sectorul 1 ar fi plimba\u021bi aleg\u0103tori de c\u0103tre reprezentan\u021bi ai unor partide politice. Cazul este cercetat la aceast\u0103 or\u0103 de c\u0103tre poli\u021bi\u0219tii din cadrul sec\u021biei 5. Ast\u0103zi, 09 iunie 2024, poli\u021bi\u0219ti din cadrul Sec\u021biei 5, au [&hellip;]","og_url":"https:\/\/buletin.de\/bucuresti\/sesizari-de-turism-electoral-in-bucuresti-ancheta-a-politiei\/","og_site_name":"Buletin de Bucure\u0219ti","article_publisher":"https:\/\/www.facebook.com\/buletin.de.buc","article_published_time":"2024-06-09T10:17:59+00:00","article_modified_time":"2024-06-09T10:18:01+00:00","og_image":[{"width":1440,"height":1230,"url":"https:\/\/buletin.de\/bucuresti\/wp-content\/uploads\/politia-bucuresti-masina-politie.jpg","type":"image\/jpeg"}],"author":"Ionu\u021b Lepa","twitter_card":"summary_large_image","twitter_misc":{"Written by":"Ionu\u021b Lepa","Estimated reading time":"1 minute"},"schema":{"@context":"https:\/\/schema.org","@graph":[{"@type":"Article","@id":"https:\/\/buletin.de\/bucuresti\/sesizari-de-turism-electoral-in-bucuresti-ancheta-a-politiei\/#article","isPartOf":{"@id":"https:\/\/buletin.de\/bucuresti\/sesizari-de-turism-electoral-in-bucuresti-ancheta-a-politiei\/"},"author":{"name":"Ionu\u021b Lepa","@id":"https:\/\/buletin.de\/bucuresti\/#\/schema\/person\/5272b8a057b33890940b57b837fc4ce6"},"headline":"Sesiz\u0103ri de \u201eturism electoral\u201d \u00een Bucure\u0219ti. Anchet\u0103 a Poli\u021biei","datePublished":"2024-06-09T10:17:59+00:00","dateModified":"2024-06-09T10:18:01+00:00","mainEntityOfPage":{"@id":"https:\/\/buletin.de\/bucuresti\/sesizari-de-turism-electoral-in-bucuresti-ancheta-a-politiei\/"},"wordCount":160,"publisher":{"@id":"https:\/\/buletin.de\/bucuresti\/#organization"},"image":{"@id":"https:\/\/buletin.de\/bucuresti\/sesizari-de-turism-electoral-in-bucuresti-ancheta-a-politiei\/#primaryimage"},"thumbnailUrl":"https:\/\/buletin.de\/bucuresti\/wp-content\/uploads\/politia-bucuresti-masina-politie.jpg","keywords":["sector 1 vot","turism electoral"],"articleSection":["Articole","Eveniment","Politic","\u0218tiri"],"inLanguage":"en-GB","copyrightYear":"2024","copyrightHolder":{"@id":"https:\/\/buletin.de\/bucuresti\/#organization"}},{"@type":"WebPage","@id":"https:\/\/buletin.de\/bucuresti\/sesizari-de-turism-electoral-in-bucuresti-ancheta-a-politiei\/","url":"https:\/\/buletin.de\/bucuresti\/sesizari-de-turism-electoral-in-bucuresti-ancheta-a-politiei\/","name":"Sesiz\u0103ri de \u201eturism electoral\u201d \u00een Bucure\u0219ti. Anchet\u0103 a Poli\u021biei - Buletin de Bucure\u0219ti","isPartOf":{"@id":"https:\/\/buletin.de\/bucuresti\/#website"},"primaryImageOfPage":{"@id":"https:\/\/buletin.de\/bucuresti\/sesizari-de-turism-electoral-in-bucuresti-ancheta-a-politiei\/#primaryimage"},"image":{"@id":"https:\/\/buletin.de\/bucuresti\/sesizari-de-turism-electoral-in-bucuresti-ancheta-a-politiei\/#primaryimage"},"thumbnailUrl":"https:\/\/buletin.de\/bucuresti\/wp-content\/uploads\/politia-bucuresti-masina-politie.jpg","datePublished":"2024-06-09T10:17:59+00:00","dateModified":"2024-06-09T10:18:01+00:00","breadcrumb":{"@id":"https:\/\/buletin.de\/bucuresti\/sesizari-de-turism-electoral-in-bucuresti-ancheta-a-politiei\/#breadcrumb"},"inLanguage":"en-GB","potentialAction":[{"@type":"ReadAction","target":["https:\/\/buletin.de\/bucuresti\/sesizari-de-turism-electoral-in-bucuresti-ancheta-a-politiei\/"]}]},{"@type":"ImageObject","inLanguage":"en-GB","@id":"https:\/\/buletin.de\/bucuresti\/sesizari-de-turism-electoral-in-bucuresti-ancheta-a-politiei\/#primaryimage","url":"https:\/\/buletin.de\/bucuresti\/wp-content\/uploads\/politia-bucuresti-masina-politie.jpg","contentUrl":"https:\/\/buletin.de\/bucuresti\/wp-content\/uploads\/politia-bucuresti-masina-politie.jpg","width":1440,"height":1230,"caption":"Sursa foto: Facebook \/ Direc\u021bia General\u0103 de Poli\u021bie a Municipiului Bucure\u0219ti"},{"@type":"BreadcrumbList","@id":"https:\/\/buletin.de\/bucuresti\/sesizari-de-turism-electoral-in-bucuresti-ancheta-a-politiei\/#breadcrumb","itemListElement":[{"@type":"ListItem","position":1,"name":"Acas\u0103","item":"https:\/\/buletin.de\/bucuresti\/"},{"@type":"ListItem","position":2,"name":"Sesiz\u0103ri de \u201eturism electoral\u201d \u00een Bucure\u0219ti. Anchet\u0103 a Poli\u021biei"}]},{"@type":"WebSite","@id":"https:\/\/buletin.de\/bucuresti\/#website","url":"https:\/\/buletin.de\/bucuresti\/","name":"Buletin de Bucure\u0219ti","description":"\u0218tiri \u0219i investiga\u021bii esen\u021biale din capital\u0103","publisher":{"@id":"https:\/\/buletin.de\/bucuresti\/#organization"},"potentialAction":[{"@type":"SearchAction","target":{"@type":"EntryPoint","urlTemplate":"https:\/\/buletin.de\/bucuresti\/?s={search_term_string}"},"query-input":{"@type":"PropertyValueSpecification","valueRequired":true,"valueName":"search_term_string"}}],"inLanguage":"en-GB"},{"@type":"Organization","@id":"https:\/\/buletin.de\/bucuresti\/#organization","name":"Buletin de Bucure\u0219ti","url":"https:\/\/buletin.de\/bucuresti\/","logo":{"@type":"ImageObject","inLanguage":"en-GB","@id":"https:\/\/buletin.de\/bucuresti\/#\/schema\/logo\/image\/","url":"https:\/\/buletin.de\/bucuresti\/wp-content\/uploads\/logo-bdb-full-wide-vernil-transparent.png","contentUrl":"https:\/\/buletin.de\/bucuresti\/wp-content\/uploads\/logo-bdb-full-wide-vernil-transparent.png","width":1782,"height":626,"caption":"Buletin de Bucure\u0219ti"},"image":{"@id":"https:\/\/buletin.de\/bucuresti\/#\/schema\/logo\/image\/"},"sameAs":["https:\/\/www.facebook.com\/buletin.de.buc","https:\/\/www.instagram.com\/buletinde.bucuresti\/"]},{"@type":"Person","@id":"https:\/\/buletin.de\/bucuresti\/#\/schema\/person\/5272b8a057b33890940b57b837fc4ce6","name":"Ionu\u021b Lepa","image":{"@type":"ImageObject","inLanguage":"en-GB","@id":"https:\/\/buletin.de\/bucuresti\/wp-content\/uploads\/Ionut-Lepa-96x96.jpg5c4e4d9e049808799a8821652d2410a4","url":"https:\/\/buletin.de\/bucuresti\/wp-content\/uploads\/Ionut-Lepa-96x96.jpg","contentUrl":"https:\/\/buletin.de\/bucuresti\/wp-content\/uploads\/Ionut-Lepa-96x96.jpg","caption":"Ionu\u021b Lepa"},"url":"https:\/\/buletin.de\/bucuresti\/author\/ionutlepa\/"}]}},"authors":[{"term_id":22586,"user_id":8,"is_guest":0,"slug":"ionutlepa","display_name":"Ionu\u021b Lepa","avatar_url":"https:\/\/buletin.de\/bucuresti\/wp-content\/uploads\/Ionut-Lepa-96x96.jpg","0":null,"1":"","2":"","3":"","4":"","5":"","6":"","7":"","8":""}],"_links":{"self":[{"href":"https:\/\/buletin.de\/bucuresti\/wp-json\/wp\/v2\/posts\/87908","targetHints":{"allow":["GET"]}}],"collection":[{"href":"https:\/\/buletin.de\/bucuresti\/wp-json\/wp\/v2\/posts"}],"about":[{"href":"https:\/\/buletin.de\/bucuresti\/wp-json\/wp\/v2\/types\/post"}],"author":[{"embeddable":true,"href":"https:\/\/buletin.de\/bucuresti\/wp-json\/wp\/v2\/users\/8"}],"replies":[{"embeddable":true,"href":"https:\/\/buletin.de\/bucuresti\/wp-json\/wp\/v2\/comments?post=87908"}],"version-history":[{"count":1,"href":"https:\/\/buletin.de\/bucuresti\/wp-json\/wp\/v2\/posts\/87908\/revisions"}],"predecessor-version":[{"id":87912,"href":"https:\/\/buletin.de\/bucuresti\/wp-json\/wp\/v2\/posts\/87908\/revisions\/87912"}],"wp:featuredmedia":[{"embeddable":true,"href":"https:\/\/buletin.de\/bucuresti\/wp-json\/wp\/v2\/media\/61160"}],"wp:attachment":[{"href":"https:\/\/buletin.de\/bucuresti\/wp-json\/wp\/v2\/media?parent=87908"}],"wp:term":[{"taxonomy":"category","embeddable":true,"href":"https:\/\/buletin.de\/bucuresti\/wp-json\/wp\/v2\/categories?post=87908"},{"taxonomy":"post_tag","embeddable":true,"href":"https:\/\/buletin.de\/bucuresti\/wp-json\/wp\/v2\/tags?post=87908"},{"taxonomy":"author","embeddable":true,"href":"https:\/\/buletin.de\/bucuresti\/wp-json\/wp\/v2\/ppma_author?post=87908"}],"curies":[{"name":"wp","href":"https:\/\/api.w.org\/{rel}","templated":true}]}}