{"id":87875,"date":"2024-06-09T10:35:31","date_gmt":"2024-06-09T07:35:31","guid":{"rendered":"https:\/\/buletin.de\/bucuresti\/?p=87875"},"modified":"2024-06-09T17:17:31","modified_gmt":"2024-06-09T14:17:31","slug":"buletine-de-vot-deja-stampilate-pe-ascuns-intr-o-sectie-de-votare-din-sectorul-2","status":"publish","type":"post","link":"https:\/\/buletin.de\/bucuresti\/buletine-de-vot-deja-stampilate-pe-ascuns-intr-o-sectie-de-votare-din-sectorul-2\/","title":{"rendered":"Buletine de vot, \u0219tampilate pe ascuns, \u00eentr-o sec\u021bie de votare din Sectorul 2"},"content":{"rendered":"\n<p><strong>ACTUALIZARE, <\/strong>ora 17:10:<\/p>\n\n\n\n<blockquote class=\"wp-block-quote is-layout-flow wp-block-quote-is-layout-flow\">\n<p class=\"has-medium-font-size\"><strong>\u00cen cauz\u0103 a fost \u00eentocmit un dosar penal sub aspectul s\u0103v\u00e2r\u0219irii infrac\u021biunii de tentativ\u0103 de frauda la vot. Cercet\u0103rile sunt continuate de c\u0103tre Sec\u021bia 6 Poli\u021bie, sub supravegherea Parchetului de pe l\u00e2ng\u0103 Judec\u0103toria Sectorului 2.<\/strong><\/p>\n\n\n\n<p class=\"has-medium-font-size\">*<br><strong>Ast\u0103zi, 09 iunie 2024, poli\u021bi\u0219ti din cadrul Sec\u021biei 6 Poli\u021bie au fost sesiza\u021bi, prin sistem 112, de c\u0103tre un candidat la alegerile locale, cu privire la faptul c\u0103, \u00eentr-o sec\u021bie de votare s-ar fi g\u0103sit un buletin de vot \u0219tampilat.<\/strong><\/p>\n\n\n\n<p class=\"has-medium-font-size\"><strong>Poli\u021bi\u0219tii din cadrul subunit\u0103\u021bii s-au deplasat cu operativitate la fa\u021ba locului, unde au luat leg\u0103tura cu membrii comisiei de votare. Astfel, \u00een urma verific\u0103rilor efectuate s-a constatat prezen\u021ba unui buletin de vot \u0219tampilat \u00een cabina de votare. S-a procedat la anularea respectivului buletin de vot.<\/strong><\/p>\n\n\n\n<p class=\"has-medium-font-size\"><strong>Cercet\u0103rie sunt efectuate de c\u0103tre poli\u021bi\u0219ti din Sec\u021biei 6 Poli\u021bie \u00een vederea stabilirii situa\u021biei de fapt \u0219i luarea m\u0103surilor legale ce se impun.<\/strong><\/p>\n<cite>Poli\u021bia Capitalei<\/cite><\/blockquote>\n\n\n\n<p><strong>ACTUALIZARE<\/strong>, ora 13:20:<\/p>\n\n\n\n<blockquote class=\"wp-block-quote is-layout-flow wp-block-quote-is-layout-flow\">\n<p class=\"has-medium-font-size\"><strong>Ast\u0103zi, 09 iunie 2024, poli\u021bi\u0219ti din cadrul Sec\u021biei 7 Poli\u021bie au fost sesiza\u021bi, prin sistem 112, de c\u0103tre vicepre\u0219edinta unei comisii din cadrul unei sec\u021bii de vot din Sectorul 2, cu privire la faptul c\u0103 un aleg\u0103tor ar fi g\u0103sit un buletin de vot deja validat.<\/strong><\/p>\n\n\n\n<p class=\"has-medium-font-size\"><strong>Poli\u021bi\u0219tii din cadrul subunit\u0103\u021bii s-au deplasat cu operativitate la fa\u021ba locului, constat\u00e2nd faptul c\u0103 aspectele sesizate se confirm\u0103.<\/strong><\/p>\n\n\n\n<p class=\"has-medium-font-size\"><strong>Astfel, s-a procedat la anularea respectivului buletin de vot.<\/strong><\/p>\n\n\n\n<p class=\"has-medium-font-size\"><strong>Cercet\u0103rie sunt efectuate de c\u0103tre poli\u021bi\u0219ti din Sec\u021biei 7 Poli\u021bie, sub aspectul s\u0103v\u00e2r\u0219irii infrac\u021biunii de tentativ\u0103 la infrac\u021biunea de fraud\u0103 la vot.<\/strong><\/p>\n<cite>poli\u021bia capitalei<\/cite><\/blockquote>\n\n\n\n<p><strong>ACTUALIZARE, ora 12:10<\/strong>: Un membru al unei sec\u021bii de votare ar fi pierdut o \u0219tampil\u0103, iar Poli\u021bia face o anchet\u0103 \u00een acest caz.<\/p>\n\n\n\n<blockquote class=\"wp-block-quote is-layout-flow wp-block-quote-is-layout-flow\">\n<p class=\"has-medium-font-size\"><strong>Cu privire la informa\u021biile solicitate, prin care men\u021biona\u021bi c\u0103 o persoan\u0103 ar fi pierdut \u0219tampila, \u00een timp ce se afla \u00een incinta unei sec\u021bii de votare, din Sectorul 6, Serviciul Informare \u0219i Rela\u021bii Publice este abilitat s\u0103 comunice urm\u0103toarele:<\/strong><\/p>\n\n\n\n<p class=\"has-medium-font-size\"><strong>La acest moment, sunt efectuate verific\u0103ri de c\u0103tre poli\u021bi\u0219tii Sec\u021biei 20 Poli\u021bie, \u00een vederea stabilirii situa\u021biei de fapt \u0219i lu\u0103rii m\u0103surilor legale ce se impun.<\/strong><\/p>\n<cite>comunicat poli\u021bia capitalei<\/cite><\/blockquote>\n\n\n\n<blockquote class=\"wp-block-quote is-layout-flow wp-block-quote-is-layout-flow\">\n<p class=\"has-medium-font-size\"><strong>Poli\u021bi\u0219tii care s-au deplasat la fa\u021ba locului au identificat persoana \u00een cauz\u0103, o femeie, \u00een v\u00e2rst\u0103 de 72 de ani, membru al comisiei, iar \u00een urma efectu\u0103rii controlului corporal \u0219i al bagajului, asupra acesteia a fost g\u0103sit\u0103 \u0219tampila.<\/strong><\/p>\n\n\n\n<p class=\"has-medium-font-size\"><strong>Cercet\u0103rile sunt continuate de c\u0103tre poli\u021bi\u0219ti din cadrul Sec\u021biei 20 Poli\u021bie Poli\u021bie, sub supravegherea Parchetului de pe l\u00e2ng\u0103 Judec\u0103toria Sectorului 6, sub aspectul s\u0103v\u00e2r\u0219irii infrac\u021biunilor de furt.<\/strong><\/p>\n<cite>poli\u021bia capitalei<\/cite><\/blockquote>\n\n\n\n<p><strong>ACTUALIZARE, ora 11:05:<\/strong> <em>Un incident similar a fost semnalat la o sec\u021bie de votare din Sectorul 5, \u00eens\u0103 Poli\u021bia Capitalei sus\u021bine c\u0103 nu se confirm\u0103. <\/em><\/p>\n\n\n\n<p><strong>ACTUALIZARE, ora 10:55: <\/strong><em>Conform unui comunicat de pres\u0103 al USR a f\u0103cut cerere de suspendare a votului \u00een sec\u021bia nr.190, unde au fost g\u0103site buletine de vot deja \u0219tampilate pentru Consiliu General \u0219i Primarul General. \u0218tampilele erau puse pe candida\u021bii PSD. <\/em><\/p>\n\n\n\n<p><strong>Mai multe buletine de vot din sec\u021bia de votare nr.190 au fost \u0219tampilate pe ascuns de reprezentan\u021bi din comisia electoral\u0103. Incidentul a fost semnalat de un cititor Buletin de Bucure\u0219ti, conform c\u0103ruia buletine de vot pentru Primarul General \u0219i Consiliul General au fost deja \u0219tampilate cu Partidul Social Democrat (PSD). Informa\u021bia a fost confirmat\u0103 \u0219i de Poli\u021bia Capitalei. <\/strong><\/p>\n\n\n\n<p>Sesiz\u0103rile au fost f\u0103cute de un candidat la Consiliul General al Municipiului Bucure\u0219ti, care a chemat Poli\u021bia \u0219i Jandarmeria. De asemenea, a fost f\u0103cut\u0103 sesizare \u0219i la Biroul Electoral Sector 2. <\/p>\n\n\n\n<p>Cercet\u0103rile sunt \u00eenc\u0103 \u00een desf\u0103\u0219urare de c\u0103tre Sec\u021bia 7 Poli\u021bie, pentru stabilirea situa\u021biei de fapt \u0219i luarea m\u0103surilor legale.<\/p>\n\n\n\n<p><strong>CITE\u015eTE \u015eI<\/strong>:<\/p>\n\n\n\n<figure class=\"wp-block-embed is-type-wp-embed is-provider-buletin-de-bucure-ti wp-block-embed-buletin-de-bucure-ti\"><div class=\"wp-block-embed__wrapper\">\n<blockquote class=\"wp-embedded-content\" data-secret=\"ROSGixrN7T\"><a href=\"https:\/\/buletin.de\/bucuresti\/vot-in-timp-real-prezenta-la-urne-din-bucuresti-si-ilfov-pentru-alegerile-locale-transmisa-live-prin-harti-digitale-si-grafice-explicative\/\">VOT \u00ceN TIMP REAL | Prezen\u021ba la urne din Bucure\u0219ti \u0219i Ilfov, pentru alegerile locale, transmis\u0103 LIVE prin h\u0103r\u021bi digitale \u0219i grafice explicative<\/a><\/blockquote><iframe class=\"wp-embedded-content\" sandbox=\"allow-scripts\" security=\"restricted\" style=\"position: absolute; clip: rect(1px, 1px, 1px, 1px);\" title=\"&#8220;VOT \u00ceN TIMP REAL | Prezen\u021ba la urne din Bucure\u0219ti \u0219i Ilfov, pentru alegerile locale, transmis\u0103 LIVE prin h\u0103r\u021bi digitale \u0219i grafice explicative&#8221; &#8212; Buletin de Bucure\u0219ti\" src=\"https:\/\/buletin.de\/bucuresti\/vot-in-timp-real-prezenta-la-urne-din-bucuresti-si-ilfov-pentru-alegerile-locale-transmisa-live-prin-harti-digitale-si-grafice-explicative\/embed\/#?secret=wnX7HlsPzd#?secret=ROSGixrN7T\" data-secret=\"ROSGixrN7T\" width=\"600\" height=\"338\" frameborder=\"0\" marginwidth=\"0\" marginheight=\"0\" scrolling=\"no\"><\/iframe>\n<\/div><\/figure>\n","protected":false},"excerpt":{"rendered":"<p>ACTUALIZARE, ora 17:10: \u00cen cauz\u0103 a fost \u00eentocmit un dosar penal sub aspectul s\u0103v\u00e2r\u0219irii infrac\u021biunii de tentativ\u0103 de frauda la vot. Cercet\u0103rile sunt continuate de c\u0103tre Sec\u021bia 6 Poli\u021bie, sub supravegherea Parchetului de pe l\u00e2ng\u0103 Judec\u0103toria Sectorului 2. *Ast\u0103zi, 09 iunie 2024, poli\u021bi\u0219ti din cadrul Sec\u021biei 6 Poli\u021bie au fost sesiza\u021bi, prin sistem 112, de [&hellip;]<\/p>\n","protected":false},"author":17,"featured_media":87876,"comment_status":"closed","ping_status":"open","sticky":false,"template":"","format":"standard","meta":{"_acf_changed":false,"inline_featured_image":false,"ngg_post_thumbnail":0,"footnotes":""},"categories":[6994,9026,9025,62],"tags":[8110,3884,229,368],"ppma_author":[22576],"class_list":["post-87875","post","type-post","status-publish","format-standard","has-post-thumbnail","hentry","category-stiri-2","category-eveniment","category-politic","category-stiri","tag-frauda-2","tag-incident","tag-sector-2","tag-vot"],"acf":[],"yoast_head":"<!-- This site is optimized with the Yoast SEO Premium plugin v25.3 (Yoast SEO v27.5) - https:\/\/yoast.com\/product\/yoast-seo-premium-wordpress\/ -->\n<title>Buletine de vot, \u0219tampilate pe ascuns, \u00eentr-o sec\u021bie de votare din Sectorul 2 - Buletin de Bucure\u0219ti<\/title>\n<meta name=\"robots\" content=\"index, follow, max-snippet:-1, max-image-preview:large, max-video-preview:-1\" \/>\n<link rel=\"canonical\" href=\"https:\/\/buletin.de\/bucuresti\/buletine-de-vot-deja-stampilate-pe-ascuns-intr-o-sectie-de-votare-din-sectorul-2\/\" \/>\n<meta property=\"og:locale\" content=\"en_GB\" \/>\n<meta property=\"og:type\" content=\"article\" \/>\n<meta property=\"og:title\" content=\"Buletine de vot, \u0219tampilate pe ascuns, \u00eentr-o sec\u021bie de votare din Sectorul 2\" \/>\n<meta property=\"og:description\" content=\"ACTUALIZARE, ora 17:10: \u00cen cauz\u0103 a fost \u00eentocmit un dosar penal sub aspectul s\u0103v\u00e2r\u0219irii infrac\u021biunii de tentativ\u0103 de frauda la vot. Cercet\u0103rile sunt continuate de c\u0103tre Sec\u021bia 6 Poli\u021bie, sub supravegherea Parchetului de pe l\u00e2ng\u0103 Judec\u0103toria Sectorului 2. *Ast\u0103zi, 09 iunie 2024, poli\u021bi\u0219ti din cadrul Sec\u021biei 6 Poli\u021bie au fost sesiza\u021bi, prin sistem 112, de [&hellip;]\" \/>\n<meta property=\"og:url\" content=\"https:\/\/buletin.de\/bucuresti\/buletine-de-vot-deja-stampilate-pe-ascuns-intr-o-sectie-de-votare-din-sectorul-2\/\" \/>\n<meta property=\"og:site_name\" content=\"Buletin de Bucure\u0219ti\" \/>\n<meta property=\"article:publisher\" content=\"https:\/\/www.facebook.com\/buletin.de.buc\" \/>\n<meta property=\"article:published_time\" content=\"2024-06-09T07:35:31+00:00\" \/>\n<meta property=\"article:modified_time\" content=\"2024-06-09T14:17:31+00:00\" \/>\n<meta property=\"og:image\" content=\"https:\/\/buletin.de\/bucuresti\/wp-content\/uploads\/ID265099_INQUAM_Photos_Octav_Ganea.jpg\" \/>\n\t<meta property=\"og:image:width\" content=\"2000\" \/>\n\t<meta property=\"og:image:height\" content=\"1333\" \/>\n\t<meta property=\"og:image:type\" content=\"image\/jpeg\" \/>\n<meta name=\"author\" content=\"Florin R\u00e2\u0219teiu\" \/>\n<meta name=\"twitter:card\" content=\"summary_large_image\" \/>\n<meta name=\"twitter:label1\" content=\"Written by\" \/>\n\t<meta name=\"twitter:data1\" content=\"Florin R\u00e2\u0219teiu\" \/>\n\t<meta name=\"twitter:label2\" content=\"Estimated reading time\" \/>\n\t<meta name=\"twitter:data2\" content=\"2 minutes\" \/>\n<script type=\"application\/ld+json\" class=\"yoast-schema-graph\">{\"@context\":\"https:\\\/\\\/schema.org\",\"@graph\":[{\"@type\":\"Article\",\"@id\":\"https:\\\/\\\/buletin.de\\\/bucuresti\\\/buletine-de-vot-deja-stampilate-pe-ascuns-intr-o-sectie-de-votare-din-sectorul-2\\\/#article\",\"isPartOf\":{\"@id\":\"https:\\\/\\\/buletin.de\\\/bucuresti\\\/buletine-de-vot-deja-stampilate-pe-ascuns-intr-o-sectie-de-votare-din-sectorul-2\\\/\"},\"author\":{\"name\":\"Florin R\u00e2\u0219teiu\",\"@id\":\"https:\\\/\\\/buletin.de\\\/bucuresti\\\/#\\\/schema\\\/person\\\/b0686d7a8b666c6afc78239777fd8a89\"},\"headline\":\"Buletine de vot, \u0219tampilate pe ascuns, \u00eentr-o sec\u021bie de votare din Sectorul 2\",\"datePublished\":\"2024-06-09T07:35:31+00:00\",\"dateModified\":\"2024-06-09T14:17:31+00:00\",\"mainEntityOfPage\":{\"@id\":\"https:\\\/\\\/buletin.de\\\/bucuresti\\\/buletine-de-vot-deja-stampilate-pe-ascuns-intr-o-sectie-de-votare-din-sectorul-2\\\/\"},\"wordCount\":700,\"publisher\":{\"@id\":\"https:\\\/\\\/buletin.de\\\/bucuresti\\\/#organization\"},\"image\":{\"@id\":\"https:\\\/\\\/buletin.de\\\/bucuresti\\\/buletine-de-vot-deja-stampilate-pe-ascuns-intr-o-sectie-de-votare-din-sectorul-2\\\/#primaryimage\"},\"thumbnailUrl\":\"https:\\\/\\\/buletin.de\\\/bucuresti\\\/wp-content\\\/uploads\\\/ID265099_INQUAM_Photos_Octav_Ganea.jpg\",\"keywords\":[\"fraud\u0103\",\"incident\",\"Sector 2\",\"vot\"],\"articleSection\":[\"Articole\",\"Eveniment\",\"Politic\",\"\u0218tiri\"],\"inLanguage\":\"en-GB\",\"copyrightYear\":\"2024\",\"copyrightHolder\":{\"@id\":\"https:\\\/\\\/buletin.de\\\/bucuresti\\\/#organization\"}},{\"@type\":\"WebPage\",\"@id\":\"https:\\\/\\\/buletin.de\\\/bucuresti\\\/buletine-de-vot-deja-stampilate-pe-ascuns-intr-o-sectie-de-votare-din-sectorul-2\\\/\",\"url\":\"https:\\\/\\\/buletin.de\\\/bucuresti\\\/buletine-de-vot-deja-stampilate-pe-ascuns-intr-o-sectie-de-votare-din-sectorul-2\\\/\",\"name\":\"Buletine de vot, \u0219tampilate pe ascuns, \u00eentr-o sec\u021bie de votare din Sectorul 2 - Buletin de Bucure\u0219ti\",\"isPartOf\":{\"@id\":\"https:\\\/\\\/buletin.de\\\/bucuresti\\\/#website\"},\"primaryImageOfPage\":{\"@id\":\"https:\\\/\\\/buletin.de\\\/bucuresti\\\/buletine-de-vot-deja-stampilate-pe-ascuns-intr-o-sectie-de-votare-din-sectorul-2\\\/#primaryimage\"},\"image\":{\"@id\":\"https:\\\/\\\/buletin.de\\\/bucuresti\\\/buletine-de-vot-deja-stampilate-pe-ascuns-intr-o-sectie-de-votare-din-sectorul-2\\\/#primaryimage\"},\"thumbnailUrl\":\"https:\\\/\\\/buletin.de\\\/bucuresti\\\/wp-content\\\/uploads\\\/ID265099_INQUAM_Photos_Octav_Ganea.jpg\",\"datePublished\":\"2024-06-09T07:35:31+00:00\",\"dateModified\":\"2024-06-09T14:17:31+00:00\",\"breadcrumb\":{\"@id\":\"https:\\\/\\\/buletin.de\\\/bucuresti\\\/buletine-de-vot-deja-stampilate-pe-ascuns-intr-o-sectie-de-votare-din-sectorul-2\\\/#breadcrumb\"},\"inLanguage\":\"en-GB\",\"potentialAction\":[{\"@type\":\"ReadAction\",\"target\":[\"https:\\\/\\\/buletin.de\\\/bucuresti\\\/buletine-de-vot-deja-stampilate-pe-ascuns-intr-o-sectie-de-votare-din-sectorul-2\\\/\"]}]},{\"@type\":\"ImageObject\",\"inLanguage\":\"en-GB\",\"@id\":\"https:\\\/\\\/buletin.de\\\/bucuresti\\\/buletine-de-vot-deja-stampilate-pe-ascuns-intr-o-sectie-de-votare-din-sectorul-2\\\/#primaryimage\",\"url\":\"https:\\\/\\\/buletin.de\\\/bucuresti\\\/wp-content\\\/uploads\\\/ID265099_INQUAM_Photos_Octav_Ganea.jpg\",\"contentUrl\":\"https:\\\/\\\/buletin.de\\\/bucuresti\\\/wp-content\\\/uploads\\\/ID265099_INQUAM_Photos_Octav_Ganea.jpg\",\"width\":2000,\"height\":1333,\"caption\":\"Foto: INQUAM Photos \\\/ Octav Ganea\"},{\"@type\":\"BreadcrumbList\",\"@id\":\"https:\\\/\\\/buletin.de\\\/bucuresti\\\/buletine-de-vot-deja-stampilate-pe-ascuns-intr-o-sectie-de-votare-din-sectorul-2\\\/#breadcrumb\",\"itemListElement\":[{\"@type\":\"ListItem\",\"position\":1,\"name\":\"Acas\u0103\",\"item\":\"https:\\\/\\\/buletin.de\\\/bucuresti\\\/\"},{\"@type\":\"ListItem\",\"position\":2,\"name\":\"Buletine de vot, \u0219tampilate pe ascuns, \u00eentr-o sec\u021bie de votare din Sectorul 2\"}]},{\"@type\":\"WebSite\",\"@id\":\"https:\\\/\\\/buletin.de\\\/bucuresti\\\/#website\",\"url\":\"https:\\\/\\\/buletin.de\\\/bucuresti\\\/\",\"name\":\"Buletin de Bucure\u0219ti\",\"description\":\"\u0218tiri \u0219i investiga\u021bii esen\u021biale din capital\u0103\",\"publisher\":{\"@id\":\"https:\\\/\\\/buletin.de\\\/bucuresti\\\/#organization\"},\"potentialAction\":[{\"@type\":\"SearchAction\",\"target\":{\"@type\":\"EntryPoint\",\"urlTemplate\":\"https:\\\/\\\/buletin.de\\\/bucuresti\\\/?s={search_term_string}\"},\"query-input\":{\"@type\":\"PropertyValueSpecification\",\"valueRequired\":true,\"valueName\":\"search_term_string\"}}],\"inLanguage\":\"en-GB\"},{\"@type\":\"Organization\",\"@id\":\"https:\\\/\\\/buletin.de\\\/bucuresti\\\/#organization\",\"name\":\"Buletin de Bucure\u0219ti\",\"url\":\"https:\\\/\\\/buletin.de\\\/bucuresti\\\/\",\"logo\":{\"@type\":\"ImageObject\",\"inLanguage\":\"en-GB\",\"@id\":\"https:\\\/\\\/buletin.de\\\/bucuresti\\\/#\\\/schema\\\/logo\\\/image\\\/\",\"url\":\"https:\\\/\\\/buletin.de\\\/bucuresti\\\/wp-content\\\/uploads\\\/logo-bdb-full-wide-vernil-transparent.png\",\"contentUrl\":\"https:\\\/\\\/buletin.de\\\/bucuresti\\\/wp-content\\\/uploads\\\/logo-bdb-full-wide-vernil-transparent.png\",\"width\":1782,\"height\":626,\"caption\":\"Buletin de Bucure\u0219ti\"},\"image\":{\"@id\":\"https:\\\/\\\/buletin.de\\\/bucuresti\\\/#\\\/schema\\\/logo\\\/image\\\/\"},\"sameAs\":[\"https:\\\/\\\/www.facebook.com\\\/buletin.de.buc\",\"https:\\\/\\\/www.instagram.com\\\/buletinde.bucuresti\\\/\"]},{\"@type\":\"Person\",\"@id\":\"https:\\\/\\\/buletin.de\\\/bucuresti\\\/#\\\/schema\\\/person\\\/b0686d7a8b666c6afc78239777fd8a89\",\"name\":\"Florin R\u00e2\u0219teiu\",\"image\":{\"@type\":\"ImageObject\",\"inLanguage\":\"en-GB\",\"@id\":\"https:\\\/\\\/buletin.de\\\/bucuresti\\\/wp-content\\\/uploads\\\/Florin-Rasteiu-96x96.jpgf0a6fe28453aa12f0a60e4d0a2e3a78c\",\"url\":\"https:\\\/\\\/buletin.de\\\/bucuresti\\\/wp-content\\\/uploads\\\/Florin-Rasteiu-96x96.jpg\",\"contentUrl\":\"https:\\\/\\\/buletin.de\\\/bucuresti\\\/wp-content\\\/uploads\\\/Florin-Rasteiu-96x96.jpg\",\"caption\":\"Florin R\u00e2\u0219teiu\"},\"description\":\"Jurnalist de investiga\u021bie. Lucreaz\u0103 de aproape 6 ani la Buletin de Bucure\u0219ti, unde a publicat articole care scot la suprafa\u021b\u0103 corup\u021bia din Capital\u0103. Analizeaz\u0103 baze de date zilnic \u0219i scoate pove\u0219ti din exceluri pline de cifre. Pune reflectorul pe adev\u0103r cu fiecare ocazie. A c\u00e2\u0219tigat premiul I la categoria Pres\u0103 Local\u0103 \u00een 2025 \u0219i locul al II-lea la aceea\u0219i categorie \u00een 2024 \u00een cadrul Premiilor Superscrieri pentru jurnalism independent.\",\"url\":\"https:\\\/\\\/buletin.de\\\/bucuresti\\\/author\\\/florinrasteiu\\\/\"}]}<\/script>\n<!-- \/ Yoast SEO Premium plugin. -->","yoast_head_json":{"title":"Buletine de vot, \u0219tampilate pe ascuns, \u00eentr-o sec\u021bie de votare din Sectorul 2 - Buletin de Bucure\u0219ti","robots":{"index":"index","follow":"follow","max-snippet":"max-snippet:-1","max-image-preview":"max-image-preview:large","max-video-preview":"max-video-preview:-1"},"canonical":"https:\/\/buletin.de\/bucuresti\/buletine-de-vot-deja-stampilate-pe-ascuns-intr-o-sectie-de-votare-din-sectorul-2\/","og_locale":"en_GB","og_type":"article","og_title":"Buletine de vot, \u0219tampilate pe ascuns, \u00eentr-o sec\u021bie de votare din Sectorul 2","og_description":"ACTUALIZARE, ora 17:10: \u00cen cauz\u0103 a fost \u00eentocmit un dosar penal sub aspectul s\u0103v\u00e2r\u0219irii infrac\u021biunii de tentativ\u0103 de frauda la vot. Cercet\u0103rile sunt continuate de c\u0103tre Sec\u021bia 6 Poli\u021bie, sub supravegherea Parchetului de pe l\u00e2ng\u0103 Judec\u0103toria Sectorului 2. *Ast\u0103zi, 09 iunie 2024, poli\u021bi\u0219ti din cadrul Sec\u021biei 6 Poli\u021bie au fost sesiza\u021bi, prin sistem 112, de [&hellip;]","og_url":"https:\/\/buletin.de\/bucuresti\/buletine-de-vot-deja-stampilate-pe-ascuns-intr-o-sectie-de-votare-din-sectorul-2\/","og_site_name":"Buletin de Bucure\u0219ti","article_publisher":"https:\/\/www.facebook.com\/buletin.de.buc","article_published_time":"2024-06-09T07:35:31+00:00","article_modified_time":"2024-06-09T14:17:31+00:00","og_image":[{"width":2000,"height":1333,"url":"https:\/\/buletin.de\/bucuresti\/wp-content\/uploads\/ID265099_INQUAM_Photos_Octav_Ganea.jpg","type":"image\/jpeg"}],"author":"Florin R\u00e2\u0219teiu","twitter_card":"summary_large_image","twitter_misc":{"Written by":"Florin R\u00e2\u0219teiu","Estimated reading time":"2 minutes"},"schema":{"@context":"https:\/\/schema.org","@graph":[{"@type":"Article","@id":"https:\/\/buletin.de\/bucuresti\/buletine-de-vot-deja-stampilate-pe-ascuns-intr-o-sectie-de-votare-din-sectorul-2\/#article","isPartOf":{"@id":"https:\/\/buletin.de\/bucuresti\/buletine-de-vot-deja-stampilate-pe-ascuns-intr-o-sectie-de-votare-din-sectorul-2\/"},"author":{"name":"Florin R\u00e2\u0219teiu","@id":"https:\/\/buletin.de\/bucuresti\/#\/schema\/person\/b0686d7a8b666c6afc78239777fd8a89"},"headline":"Buletine de vot, \u0219tampilate pe ascuns, \u00eentr-o sec\u021bie de votare din Sectorul 2","datePublished":"2024-06-09T07:35:31+00:00","dateModified":"2024-06-09T14:17:31+00:00","mainEntityOfPage":{"@id":"https:\/\/buletin.de\/bucuresti\/buletine-de-vot-deja-stampilate-pe-ascuns-intr-o-sectie-de-votare-din-sectorul-2\/"},"wordCount":700,"publisher":{"@id":"https:\/\/buletin.de\/bucuresti\/#organization"},"image":{"@id":"https:\/\/buletin.de\/bucuresti\/buletine-de-vot-deja-stampilate-pe-ascuns-intr-o-sectie-de-votare-din-sectorul-2\/#primaryimage"},"thumbnailUrl":"https:\/\/buletin.de\/bucuresti\/wp-content\/uploads\/ID265099_INQUAM_Photos_Octav_Ganea.jpg","keywords":["fraud\u0103","incident","Sector 2","vot"],"articleSection":["Articole","Eveniment","Politic","\u0218tiri"],"inLanguage":"en-GB","copyrightYear":"2024","copyrightHolder":{"@id":"https:\/\/buletin.de\/bucuresti\/#organization"}},{"@type":"WebPage","@id":"https:\/\/buletin.de\/bucuresti\/buletine-de-vot-deja-stampilate-pe-ascuns-intr-o-sectie-de-votare-din-sectorul-2\/","url":"https:\/\/buletin.de\/bucuresti\/buletine-de-vot-deja-stampilate-pe-ascuns-intr-o-sectie-de-votare-din-sectorul-2\/","name":"Buletine de vot, \u0219tampilate pe ascuns, \u00eentr-o sec\u021bie de votare din Sectorul 2 - Buletin de Bucure\u0219ti","isPartOf":{"@id":"https:\/\/buletin.de\/bucuresti\/#website"},"primaryImageOfPage":{"@id":"https:\/\/buletin.de\/bucuresti\/buletine-de-vot-deja-stampilate-pe-ascuns-intr-o-sectie-de-votare-din-sectorul-2\/#primaryimage"},"image":{"@id":"https:\/\/buletin.de\/bucuresti\/buletine-de-vot-deja-stampilate-pe-ascuns-intr-o-sectie-de-votare-din-sectorul-2\/#primaryimage"},"thumbnailUrl":"https:\/\/buletin.de\/bucuresti\/wp-content\/uploads\/ID265099_INQUAM_Photos_Octav_Ganea.jpg","datePublished":"2024-06-09T07:35:31+00:00","dateModified":"2024-06-09T14:17:31+00:00","breadcrumb":{"@id":"https:\/\/buletin.de\/bucuresti\/buletine-de-vot-deja-stampilate-pe-ascuns-intr-o-sectie-de-votare-din-sectorul-2\/#breadcrumb"},"inLanguage":"en-GB","potentialAction":[{"@type":"ReadAction","target":["https:\/\/buletin.de\/bucuresti\/buletine-de-vot-deja-stampilate-pe-ascuns-intr-o-sectie-de-votare-din-sectorul-2\/"]}]},{"@type":"ImageObject","inLanguage":"en-GB","@id":"https:\/\/buletin.de\/bucuresti\/buletine-de-vot-deja-stampilate-pe-ascuns-intr-o-sectie-de-votare-din-sectorul-2\/#primaryimage","url":"https:\/\/buletin.de\/bucuresti\/wp-content\/uploads\/ID265099_INQUAM_Photos_Octav_Ganea.jpg","contentUrl":"https:\/\/buletin.de\/bucuresti\/wp-content\/uploads\/ID265099_INQUAM_Photos_Octav_Ganea.jpg","width":2000,"height":1333,"caption":"Foto: INQUAM Photos \/ Octav Ganea"},{"@type":"BreadcrumbList","@id":"https:\/\/buletin.de\/bucuresti\/buletine-de-vot-deja-stampilate-pe-ascuns-intr-o-sectie-de-votare-din-sectorul-2\/#breadcrumb","itemListElement":[{"@type":"ListItem","position":1,"name":"Acas\u0103","item":"https:\/\/buletin.de\/bucuresti\/"},{"@type":"ListItem","position":2,"name":"Buletine de vot, \u0219tampilate pe ascuns, \u00eentr-o sec\u021bie de votare din Sectorul 2"}]},{"@type":"WebSite","@id":"https:\/\/buletin.de\/bucuresti\/#website","url":"https:\/\/buletin.de\/bucuresti\/","name":"Buletin de Bucure\u0219ti","description":"\u0218tiri \u0219i investiga\u021bii esen\u021biale din capital\u0103","publisher":{"@id":"https:\/\/buletin.de\/bucuresti\/#organization"},"potentialAction":[{"@type":"SearchAction","target":{"@type":"EntryPoint","urlTemplate":"https:\/\/buletin.de\/bucuresti\/?s={search_term_string}"},"query-input":{"@type":"PropertyValueSpecification","valueRequired":true,"valueName":"search_term_string"}}],"inLanguage":"en-GB"},{"@type":"Organization","@id":"https:\/\/buletin.de\/bucuresti\/#organization","name":"Buletin de Bucure\u0219ti","url":"https:\/\/buletin.de\/bucuresti\/","logo":{"@type":"ImageObject","inLanguage":"en-GB","@id":"https:\/\/buletin.de\/bucuresti\/#\/schema\/logo\/image\/","url":"https:\/\/buletin.de\/bucuresti\/wp-content\/uploads\/logo-bdb-full-wide-vernil-transparent.png","contentUrl":"https:\/\/buletin.de\/bucuresti\/wp-content\/uploads\/logo-bdb-full-wide-vernil-transparent.png","width":1782,"height":626,"caption":"Buletin de Bucure\u0219ti"},"image":{"@id":"https:\/\/buletin.de\/bucuresti\/#\/schema\/logo\/image\/"},"sameAs":["https:\/\/www.facebook.com\/buletin.de.buc","https:\/\/www.instagram.com\/buletinde.bucuresti\/"]},{"@type":"Person","@id":"https:\/\/buletin.de\/bucuresti\/#\/schema\/person\/b0686d7a8b666c6afc78239777fd8a89","name":"Florin R\u00e2\u0219teiu","image":{"@type":"ImageObject","inLanguage":"en-GB","@id":"https:\/\/buletin.de\/bucuresti\/wp-content\/uploads\/Florin-Rasteiu-96x96.jpgf0a6fe28453aa12f0a60e4d0a2e3a78c","url":"https:\/\/buletin.de\/bucuresti\/wp-content\/uploads\/Florin-Rasteiu-96x96.jpg","contentUrl":"https:\/\/buletin.de\/bucuresti\/wp-content\/uploads\/Florin-Rasteiu-96x96.jpg","caption":"Florin R\u00e2\u0219teiu"},"description":"Jurnalist de investiga\u021bie. Lucreaz\u0103 de aproape 6 ani la Buletin de Bucure\u0219ti, unde a publicat articole care scot la suprafa\u021b\u0103 corup\u021bia din Capital\u0103. Analizeaz\u0103 baze de date zilnic \u0219i scoate pove\u0219ti din exceluri pline de cifre. Pune reflectorul pe adev\u0103r cu fiecare ocazie. A c\u00e2\u0219tigat premiul I la categoria Pres\u0103 Local\u0103 \u00een 2025 \u0219i locul al II-lea la aceea\u0219i categorie \u00een 2024 \u00een cadrul Premiilor Superscrieri pentru jurnalism independent.","url":"https:\/\/buletin.de\/bucuresti\/author\/florinrasteiu\/"}]}},"authors":[{"term_id":22576,"user_id":17,"is_guest":0,"slug":"florinrasteiu","display_name":"Florin R\u00e2\u0219teiu","avatar_url":"https:\/\/buletin.de\/bucuresti\/wp-content\/uploads\/Florin-Rasteiu-96x96.jpg","0":null,"1":"","2":"","3":"","4":"","5":"","6":"","7":"","8":""}],"_links":{"self":[{"href":"https:\/\/buletin.de\/bucuresti\/wp-json\/wp\/v2\/posts\/87875","targetHints":{"allow":["GET"]}}],"collection":[{"href":"https:\/\/buletin.de\/bucuresti\/wp-json\/wp\/v2\/posts"}],"about":[{"href":"https:\/\/buletin.de\/bucuresti\/wp-json\/wp\/v2\/types\/post"}],"author":[{"embeddable":true,"href":"https:\/\/buletin.de\/bucuresti\/wp-json\/wp\/v2\/users\/17"}],"replies":[{"embeddable":true,"href":"https:\/\/buletin.de\/bucuresti\/wp-json\/wp\/v2\/comments?post=87875"}],"version-history":[{"count":10,"href":"https:\/\/buletin.de\/bucuresti\/wp-json\/wp\/v2\/posts\/87875\/revisions"}],"predecessor-version":[{"id":87973,"href":"https:\/\/buletin.de\/bucuresti\/wp-json\/wp\/v2\/posts\/87875\/revisions\/87973"}],"wp:featuredmedia":[{"embeddable":true,"href":"https:\/\/buletin.de\/bucuresti\/wp-json\/wp\/v2\/media\/87876"}],"wp:attachment":[{"href":"https:\/\/buletin.de\/bucuresti\/wp-json\/wp\/v2\/media?parent=87875"}],"wp:term":[{"taxonomy":"category","embeddable":true,"href":"https:\/\/buletin.de\/bucuresti\/wp-json\/wp\/v2\/categories?post=87875"},{"taxonomy":"post_tag","embeddable":true,"href":"https:\/\/buletin.de\/bucuresti\/wp-json\/wp\/v2\/tags?post=87875"},{"taxonomy":"author","embeddable":true,"href":"https:\/\/buletin.de\/bucuresti\/wp-json\/wp\/v2\/ppma_author?post=87875"}],"curies":[{"name":"wp","href":"https:\/\/api.w.org\/{rel}","templated":true}]}}