{"id":87690,"date":"2024-06-07T15:01:02","date_gmt":"2024-06-07T12:01:02","guid":{"rendered":"https:\/\/buletin.de\/bucuresti\/?p=87690"},"modified":"2024-06-07T16:02:24","modified_gmt":"2024-06-07T13:02:24","slug":"buletin-de-bucuresti-editie-print-de-colectie-finalul-campaniei-electorale-marcat-cu-un-ziar-manifest","status":"publish","type":"post","link":"https:\/\/buletin.de\/bucuresti\/buletin-de-bucuresti-editie-print-de-colectie-finalul-campaniei-electorale-marcat-cu-un-ziar-manifest\/","title":{"rendered":"Buletin de Bucure\u015fti, edi\u0163ie print de colec\u0163ie. Finalul campaniei electorale, marcat cu un tiraj-manifest"},"content":{"rendered":"\n<p><strong>Redac\u0163ia Buletin de Bucure\u015fti a scos, vineri, 7 iunie, un ziar tradi\u0163ional, pe h\u00e2rtie, care a fost \u00eemp\u0103r\u0163it gratuit la gurile de la metrou de la Unirii. C\u00e2teva mii de bucure\u015fteni au avut ocazia s\u0103 citeasc\u0103 \u00een <em>offline <\/em>\u015ftiri, reportaje, investiga\u0163ii \u015fi editoriale care sunt prezente \u00een edi\u0163ia online.<\/strong><\/p>\n\n\n\n<p>Ziarul de opt pagini con\u0163ine materiale despre problemele administrative ale Bucure\u015ftiului \u015fi \u00eemprejurimilor, \u00een prag de alegeri, dar \u015fi \u015ftiri utilitare. Totodat\u0103, sunt investiga\u0163ii care aduc dovezi despre corup\u0163ia care blocheaz\u0103 dezvoltarea zonei metropolitane \u00een timp ce banii sunt sifona\u0163i c\u0103tre rude ori apropia\u0163i ai edililor cu probleme de integritate.<\/p>\n\n\n\n<figure class=\"wp-block-image size-large\"><img fetchpriority=\"high\" decoding=\"async\" width=\"900\" height=\"506\" src=\"data:image\/gif;base64,R0lGODlhAQABAAAAACH5BAEKAAEALAAAAAABAAEAAAICTAEAOw==\" data-src=\"https:\/\/buletin.de\/bucuresti\/wp-content\/uploads\/ziar-bdb-900x506.jpg\" alt=\"\" class=\"wp-image-87692 lazyload\" data-sizes=\"auto\" data-srcset=\"https:\/\/buletin.de\/bucuresti\/wp-content\/uploads\/ziar-bdb-900x506.jpg 900w, https:\/\/buletin.de\/bucuresti\/wp-content\/uploads\/ziar-bdb-300x169.jpg 300w, https:\/\/buletin.de\/bucuresti\/wp-content\/uploads\/ziar-bdb-768x432.jpg 768w, https:\/\/buletin.de\/bucuresti\/wp-content\/uploads\/ziar-bdb-1536x864.jpg 1536w, https:\/\/buletin.de\/bucuresti\/wp-content\/uploads\/ziar-bdb-1600x900.jpg 1600w, https:\/\/buletin.de\/bucuresti\/wp-content\/uploads\/ziar-bdb-1100x619.jpg 1100w, https:\/\/buletin.de\/bucuresti\/wp-content\/uploads\/ziar-bdb-600x338.jpg 600w, https:\/\/buletin.de\/bucuresti\/wp-content\/uploads\/ziar-bdb-20x11.jpg 20w, https:\/\/buletin.de\/bucuresti\/wp-content\/uploads\/ziar-bdb.jpg 2048w\" sizes=\"(max-width: 900px) 100vw, 900px\" \/><figcaption class=\"wp-element-caption\">FOTO: C\u0103t\u0103lin Dosca\u015f<\/figcaption><\/figure>\n\n\n\n<p>Echipa Buletin de Bucure\u015fti a cobor\u00e2t la firul ierbii, a \u00eemp\u0103r\u0163it exemplarele \u015fi a avut ocazia s\u0103 vorbeasc\u0103 cu bucure\u015ftenii despre problemele de care se lovesc \u015fi pe care \u015fi le-ar dori rezolvate.<\/p>\n\n\n\n<blockquote class=\"wp-block-quote is-layout-flow wp-block-quote-is-layout-flow\">\n<p class=\"has-medium-font-size\"><strong>Este un manifest \u00eempotriva ultimilor zeci de ani, in urma c\u0103rora a fost confiscat\u0103 ideea de pres\u0103 \u201ebio<strong>\u201d<\/strong><\/strong>,<strong> pentru cet\u0103\u021beni. Dincolo de evolu\u021biile tehnologice, suntem tributari cumva, pentru ceea ce avem azi &#8211; cu bune \u015fi cu rele, \u015fi galaxiei lui Gutenberg. \u015ei da, oarecum c\u00e2nt\u0103m \u015fi prohodul ze\u021barilor, DTP-i\u015ftilor, responsabililor de edi\u021bii \u015fi capetelor limpezi adev\u0103rate, care ajungeau l\u00e2ng\u0103 familii dup\u0103 crucea nop\u021bii, \u00eentru interes public, \u00een vremuri de legend\u0103 pentru breasla asta. Fi\u021buicile printate de partide \u00een buza alegerilor au inundat de fiecare dat\u0103 cu milioane de pagini <strong>\u201e<\/strong>travaliul<strong>\u201d<\/strong> scrutinelor. Ca s\u0103 nu mai punem la socoteal\u0103 ziarele printate din bani publici, \u00een cicluri constante de c\u00e2te patru ani, de primari \u0219i \u0219efi de consilii jude\u021bene, \u0219i care ajung \u00een cutiile po\u0219tale mai des dec\u00e2t facturile la utilit\u0103\u021bi. Tocmai din aceast\u0103 cauz\u0103 am ajuns s\u0103 ne autocenzur\u0103m, \u00een acest minuscul tiraj. Nu am tip\u0103rit niciun nume propriu care are leg\u0103tur\u0103 cu aceast\u0103 campanie pentru locale, pentru c\u0103 nu vrem s\u0103 contribuim, \u00een bine sau \u00een r\u0103u, la imaginea nim\u0103nui. Avem suficiente exemple de <strong>\u201e<\/strong>a\u0219a-nu<strong><strong><strong>\u201d<\/strong><\/strong><\/strong> \u00een lumea noastr\u0103, a online-ului. Am for\u021bat o super obiectivitate \u0219i ne-am adresat \u00een primul r\u00e2nd publicului BdB care are capacitatea de a citi \u0219i printre r\u00e2nduri.<br>\u00cen plus, Buletin de Bucure\u0219ti a ales ideea acestui tiraj-manifest \u00een detrimentul unui consum de resurs\u0103 uman\u0103 pentru realizarea unor dezbateri\/interviuri \u00eenc\u0103 din precampanie. Zona aceasta din online fusese deja confiscat\u0103 de actori de comedie, activi\u0219ti, pseudo-jurnali\u0219ti \u0219i politicieni masca\u021bi. A fost o infla\u021bie de tribune oferite gratuit candida\u021bilor, f\u0103r\u0103 o minim\u0103 rigoare jurnalistic\u0103, cu \u00eentreb\u0103ri de follow-up aferente, cu un background temeinic al realizatorului \u00een anumite domenii etc.<\/strong><\/p>\n<cite>c\u0103t\u0103lin Dosca\u015f, redactor-\u015fef Buletin de bucure\u015fti<\/cite><\/blockquote>\n\n\n\n<p>Buletin de Bucure\u015fti este un proiect editorial unic pe pia\u0163a media online, lansat \u00een 2019, menit s\u0103 explice bucure\u015fteanului realitatea din spatele zumzetului cotidian &#8211; s\u0103 descopere ce se ascunde \u00een licita\u0163iile publice \u015fi care sunt mecanismele care conduc via\u0163a urbei \u00een care tr\u0103im. L\u0103s\u0103m deoparte jurnalismul frivol \u015fi aducem \u00een prim-plan informa\u0163iile care \u00eei ajut\u0103 pe locuitorii Capitalei s\u0103 ia deciziile corecte \u00een via\u0163a de zi cu zi \u015fi \u00een ceea ce \u00eei prive\u015fte pe cei care le administreaz\u0103 bugetele.<\/p>\n\n\n\n<p>Edi\u0163ia aniversar\u0103 care a fost printat\u0103 o pute\u0163i g\u0103si <a href=\"https:\/\/we.tl\/t-KwbgE4byw0\">AICI<\/a>. <\/p>\n\n\n\n<p><\/p>\n\n\n\n<p><\/p>\n","protected":false},"excerpt":{"rendered":"<p>Redac\u0163ia Buletin de Bucure\u015fti a scos, vineri, 7 iunie, un ziar tradi\u0163ional, pe h\u00e2rtie, care a fost \u00eemp\u0103r\u0163it gratuit la gurile de la metrou de la Unirii. C\u00e2teva mii de bucure\u015fteni au avut ocazia s\u0103 citeasc\u0103 \u00een offline \u015ftiri, reportaje, investiga\u0163ii \u015fi editoriale care sunt prezente \u00een edi\u0163ia online. Ziarul de opt pagini con\u0163ine materiale [&hellip;]<\/p>\n","protected":false},"author":8,"featured_media":87691,"comment_status":"closed","ping_status":"open","sticky":false,"template":"","format":"standard","meta":{"_acf_changed":false,"inline_featured_image":false,"ngg_post_thumbnail":0,"footnotes":""},"categories":[6994,1,5762],"tags":[12587,12586,12585,12583,12584,12582],"ppma_author":[22586],"class_list":["post-87690","post","type-post","status-publish","format-standard","has-post-thumbnail","hentry","category-stiri-2","category-diverse","category-main","tag-alegeri-locale-bucuresti-2024-ziar","tag-campania-electorala","tag-echipa-buletin-de-bucuresti-ziar-aniversar","tag-editie-de-colectie-bdb","tag-editie-de-colectie-buletin-de-bucuresti","tag-ziar-buletin-de-bucuresti"],"acf":[],"yoast_head":"<!-- This site is optimized with the Yoast SEO Premium plugin v25.3 (Yoast SEO v27.4) - https:\/\/yoast.com\/product\/yoast-seo-premium-wordpress\/ -->\n<title>Buletin de Bucure\u015fti, edi\u0163ie print de colec\u0163ie. Finalul campaniei electorale, marcat cu un tiraj-manifest - Buletin de Bucure\u0219ti<\/title>\n<meta name=\"robots\" content=\"index, follow, max-snippet:-1, max-image-preview:large, max-video-preview:-1\" \/>\n<link rel=\"canonical\" href=\"https:\/\/buletin.de\/bucuresti\/buletin-de-bucuresti-editie-print-de-colectie-finalul-campaniei-electorale-marcat-cu-un-ziar-manifest\/\" \/>\n<meta property=\"og:locale\" content=\"en_GB\" \/>\n<meta property=\"og:type\" content=\"article\" \/>\n<meta property=\"og:title\" content=\"Buletin de Bucure\u015fti, edi\u0163ie print de colec\u0163ie. Finalul campaniei electorale, marcat cu un tiraj-manifest\" \/>\n<meta property=\"og:description\" content=\"Redac\u0163ia Buletin de Bucure\u015fti a scos, vineri, 7 iunie, un ziar tradi\u0163ional, pe h\u00e2rtie, care a fost \u00eemp\u0103r\u0163it gratuit la gurile de la metrou de la Unirii. C\u00e2teva mii de bucure\u015fteni au avut ocazia s\u0103 citeasc\u0103 \u00een offline \u015ftiri, reportaje, investiga\u0163ii \u015fi editoriale care sunt prezente \u00een edi\u0163ia online. Ziarul de opt pagini con\u0163ine materiale [&hellip;]\" \/>\n<meta property=\"og:url\" content=\"https:\/\/buletin.de\/bucuresti\/buletin-de-bucuresti-editie-print-de-colectie-finalul-campaniei-electorale-marcat-cu-un-ziar-manifest\/\" \/>\n<meta property=\"og:site_name\" content=\"Buletin de Bucure\u0219ti\" \/>\n<meta property=\"article:publisher\" content=\"https:\/\/www.facebook.com\/buletin.de.buc\" \/>\n<meta property=\"article:published_time\" content=\"2024-06-07T12:01:02+00:00\" \/>\n<meta property=\"article:modified_time\" content=\"2024-06-07T13:02:24+00:00\" \/>\n<meta property=\"og:image\" content=\"https:\/\/buletin.de\/bucuresti\/wp-content\/uploads\/WhatsApp-Image-2024-06-06-at-18.14.05.jpeg\" \/>\n\t<meta property=\"og:image:width\" content=\"2000\" \/>\n\t<meta property=\"og:image:height\" content=\"934\" \/>\n\t<meta property=\"og:image:type\" content=\"image\/jpeg\" \/>\n<meta name=\"author\" content=\"Ionu\u021b Lepa\" \/>\n<meta name=\"twitter:card\" content=\"summary_large_image\" \/>\n<meta name=\"twitter:label1\" content=\"Written by\" \/>\n\t<meta name=\"twitter:data1\" content=\"Ionu\u021b Lepa\" \/>\n\t<meta name=\"twitter:label2\" content=\"Estimated reading time\" \/>\n\t<meta name=\"twitter:data2\" content=\"2 minutes\" \/>\n<script type=\"application\/ld+json\" class=\"yoast-schema-graph\">{\"@context\":\"https:\\\/\\\/schema.org\",\"@graph\":[{\"@type\":\"Article\",\"@id\":\"https:\\\/\\\/buletin.de\\\/bucuresti\\\/buletin-de-bucuresti-editie-print-de-colectie-finalul-campaniei-electorale-marcat-cu-un-ziar-manifest\\\/#article\",\"isPartOf\":{\"@id\":\"https:\\\/\\\/buletin.de\\\/bucuresti\\\/buletin-de-bucuresti-editie-print-de-colectie-finalul-campaniei-electorale-marcat-cu-un-ziar-manifest\\\/\"},\"author\":{\"name\":\"Ionu\u021b Lepa\",\"@id\":\"https:\\\/\\\/buletin.de\\\/bucuresti\\\/#\\\/schema\\\/person\\\/5272b8a057b33890940b57b837fc4ce6\"},\"headline\":\"Buletin de Bucure\u015fti, edi\u0163ie print de colec\u0163ie. Finalul campaniei electorale, marcat cu un tiraj-manifest\",\"datePublished\":\"2024-06-07T12:01:02+00:00\",\"dateModified\":\"2024-06-07T13:02:24+00:00\",\"mainEntityOfPage\":{\"@id\":\"https:\\\/\\\/buletin.de\\\/bucuresti\\\/buletin-de-bucuresti-editie-print-de-colectie-finalul-campaniei-electorale-marcat-cu-un-ziar-manifest\\\/\"},\"wordCount\":596,\"publisher\":{\"@id\":\"https:\\\/\\\/buletin.de\\\/bucuresti\\\/#organization\"},\"image\":{\"@id\":\"https:\\\/\\\/buletin.de\\\/bucuresti\\\/buletin-de-bucuresti-editie-print-de-colectie-finalul-campaniei-electorale-marcat-cu-un-ziar-manifest\\\/#primaryimage\"},\"thumbnailUrl\":\"https:\\\/\\\/buletin.de\\\/bucuresti\\\/wp-content\\\/uploads\\\/WhatsApp-Image-2024-06-06-at-18.14.05.jpeg\",\"keywords\":[\"alegeri locale bucuresti 2024 ziar\",\"campania electorala\",\"echipa buletin de bucuresti ziar aniversar\",\"editie de colectie bdb\",\"editie de colectie buletin de bucuresti\",\"ziar buletin de bucuresti\"],\"articleSection\":[\"Articole\",\"Diverse\",\"Main\"],\"inLanguage\":\"en-GB\",\"copyrightYear\":\"2024\",\"copyrightHolder\":{\"@id\":\"https:\\\/\\\/buletin.de\\\/bucuresti\\\/#organization\"}},{\"@type\":\"WebPage\",\"@id\":\"https:\\\/\\\/buletin.de\\\/bucuresti\\\/buletin-de-bucuresti-editie-print-de-colectie-finalul-campaniei-electorale-marcat-cu-un-ziar-manifest\\\/\",\"url\":\"https:\\\/\\\/buletin.de\\\/bucuresti\\\/buletin-de-bucuresti-editie-print-de-colectie-finalul-campaniei-electorale-marcat-cu-un-ziar-manifest\\\/\",\"name\":\"Buletin de Bucure\u015fti, edi\u0163ie print de colec\u0163ie. Finalul campaniei electorale, marcat cu un tiraj-manifest - Buletin de Bucure\u0219ti\",\"isPartOf\":{\"@id\":\"https:\\\/\\\/buletin.de\\\/bucuresti\\\/#website\"},\"primaryImageOfPage\":{\"@id\":\"https:\\\/\\\/buletin.de\\\/bucuresti\\\/buletin-de-bucuresti-editie-print-de-colectie-finalul-campaniei-electorale-marcat-cu-un-ziar-manifest\\\/#primaryimage\"},\"image\":{\"@id\":\"https:\\\/\\\/buletin.de\\\/bucuresti\\\/buletin-de-bucuresti-editie-print-de-colectie-finalul-campaniei-electorale-marcat-cu-un-ziar-manifest\\\/#primaryimage\"},\"thumbnailUrl\":\"https:\\\/\\\/buletin.de\\\/bucuresti\\\/wp-content\\\/uploads\\\/WhatsApp-Image-2024-06-06-at-18.14.05.jpeg\",\"datePublished\":\"2024-06-07T12:01:02+00:00\",\"dateModified\":\"2024-06-07T13:02:24+00:00\",\"breadcrumb\":{\"@id\":\"https:\\\/\\\/buletin.de\\\/bucuresti\\\/buletin-de-bucuresti-editie-print-de-colectie-finalul-campaniei-electorale-marcat-cu-un-ziar-manifest\\\/#breadcrumb\"},\"inLanguage\":\"en-GB\",\"potentialAction\":[{\"@type\":\"ReadAction\",\"target\":[\"https:\\\/\\\/buletin.de\\\/bucuresti\\\/buletin-de-bucuresti-editie-print-de-colectie-finalul-campaniei-electorale-marcat-cu-un-ziar-manifest\\\/\"]}]},{\"@type\":\"ImageObject\",\"inLanguage\":\"en-GB\",\"@id\":\"https:\\\/\\\/buletin.de\\\/bucuresti\\\/buletin-de-bucuresti-editie-print-de-colectie-finalul-campaniei-electorale-marcat-cu-un-ziar-manifest\\\/#primaryimage\",\"url\":\"https:\\\/\\\/buletin.de\\\/bucuresti\\\/wp-content\\\/uploads\\\/WhatsApp-Image-2024-06-06-at-18.14.05.jpeg\",\"contentUrl\":\"https:\\\/\\\/buletin.de\\\/bucuresti\\\/wp-content\\\/uploads\\\/WhatsApp-Image-2024-06-06-at-18.14.05.jpeg\",\"width\":2000,\"height\":934,\"caption\":\"FOTO: C\u0103t\u0103lin Dosca\u015f\"},{\"@type\":\"BreadcrumbList\",\"@id\":\"https:\\\/\\\/buletin.de\\\/bucuresti\\\/buletin-de-bucuresti-editie-print-de-colectie-finalul-campaniei-electorale-marcat-cu-un-ziar-manifest\\\/#breadcrumb\",\"itemListElement\":[{\"@type\":\"ListItem\",\"position\":1,\"name\":\"Acas\u0103\",\"item\":\"https:\\\/\\\/buletin.de\\\/bucuresti\\\/\"},{\"@type\":\"ListItem\",\"position\":2,\"name\":\"Buletin de Bucure\u015fti, edi\u0163ie print de colec\u0163ie. Finalul campaniei electorale, marcat cu un tiraj-manifest\"}]},{\"@type\":\"WebSite\",\"@id\":\"https:\\\/\\\/buletin.de\\\/bucuresti\\\/#website\",\"url\":\"https:\\\/\\\/buletin.de\\\/bucuresti\\\/\",\"name\":\"Buletin de Bucure\u0219ti\",\"description\":\"\u0218tiri \u0219i investiga\u021bii esen\u021biale din capital\u0103\",\"publisher\":{\"@id\":\"https:\\\/\\\/buletin.de\\\/bucuresti\\\/#organization\"},\"potentialAction\":[{\"@type\":\"SearchAction\",\"target\":{\"@type\":\"EntryPoint\",\"urlTemplate\":\"https:\\\/\\\/buletin.de\\\/bucuresti\\\/?s={search_term_string}\"},\"query-input\":{\"@type\":\"PropertyValueSpecification\",\"valueRequired\":true,\"valueName\":\"search_term_string\"}}],\"inLanguage\":\"en-GB\"},{\"@type\":\"Organization\",\"@id\":\"https:\\\/\\\/buletin.de\\\/bucuresti\\\/#organization\",\"name\":\"Buletin de Bucure\u0219ti\",\"url\":\"https:\\\/\\\/buletin.de\\\/bucuresti\\\/\",\"logo\":{\"@type\":\"ImageObject\",\"inLanguage\":\"en-GB\",\"@id\":\"https:\\\/\\\/buletin.de\\\/bucuresti\\\/#\\\/schema\\\/logo\\\/image\\\/\",\"url\":\"https:\\\/\\\/buletin.de\\\/bucuresti\\\/wp-content\\\/uploads\\\/logo-bdb-full-wide-vernil-transparent.png\",\"contentUrl\":\"https:\\\/\\\/buletin.de\\\/bucuresti\\\/wp-content\\\/uploads\\\/logo-bdb-full-wide-vernil-transparent.png\",\"width\":1782,\"height\":626,\"caption\":\"Buletin de Bucure\u0219ti\"},\"image\":{\"@id\":\"https:\\\/\\\/buletin.de\\\/bucuresti\\\/#\\\/schema\\\/logo\\\/image\\\/\"},\"sameAs\":[\"https:\\\/\\\/www.facebook.com\\\/buletin.de.buc\",\"https:\\\/\\\/www.instagram.com\\\/buletinde.bucuresti\\\/\"]},{\"@type\":\"Person\",\"@id\":\"https:\\\/\\\/buletin.de\\\/bucuresti\\\/#\\\/schema\\\/person\\\/5272b8a057b33890940b57b837fc4ce6\",\"name\":\"Ionu\u021b Lepa\",\"image\":{\"@type\":\"ImageObject\",\"inLanguage\":\"en-GB\",\"@id\":\"https:\\\/\\\/buletin.de\\\/bucuresti\\\/wp-content\\\/uploads\\\/Ionut-Lepa-96x96.jpg5c4e4d9e049808799a8821652d2410a4\",\"url\":\"https:\\\/\\\/buletin.de\\\/bucuresti\\\/wp-content\\\/uploads\\\/Ionut-Lepa-96x96.jpg\",\"contentUrl\":\"https:\\\/\\\/buletin.de\\\/bucuresti\\\/wp-content\\\/uploads\\\/Ionut-Lepa-96x96.jpg\",\"caption\":\"Ionu\u021b Lepa\"},\"url\":\"https:\\\/\\\/buletin.de\\\/bucuresti\\\/author\\\/ionutlepa\\\/\"}]}<\/script>\n<!-- \/ Yoast SEO Premium plugin. -->","yoast_head_json":{"title":"Buletin de Bucure\u015fti, edi\u0163ie print de colec\u0163ie. Finalul campaniei electorale, marcat cu un tiraj-manifest - Buletin de Bucure\u0219ti","robots":{"index":"index","follow":"follow","max-snippet":"max-snippet:-1","max-image-preview":"max-image-preview:large","max-video-preview":"max-video-preview:-1"},"canonical":"https:\/\/buletin.de\/bucuresti\/buletin-de-bucuresti-editie-print-de-colectie-finalul-campaniei-electorale-marcat-cu-un-ziar-manifest\/","og_locale":"en_GB","og_type":"article","og_title":"Buletin de Bucure\u015fti, edi\u0163ie print de colec\u0163ie. Finalul campaniei electorale, marcat cu un tiraj-manifest","og_description":"Redac\u0163ia Buletin de Bucure\u015fti a scos, vineri, 7 iunie, un ziar tradi\u0163ional, pe h\u00e2rtie, care a fost \u00eemp\u0103r\u0163it gratuit la gurile de la metrou de la Unirii. C\u00e2teva mii de bucure\u015fteni au avut ocazia s\u0103 citeasc\u0103 \u00een offline \u015ftiri, reportaje, investiga\u0163ii \u015fi editoriale care sunt prezente \u00een edi\u0163ia online. Ziarul de opt pagini con\u0163ine materiale [&hellip;]","og_url":"https:\/\/buletin.de\/bucuresti\/buletin-de-bucuresti-editie-print-de-colectie-finalul-campaniei-electorale-marcat-cu-un-ziar-manifest\/","og_site_name":"Buletin de Bucure\u0219ti","article_publisher":"https:\/\/www.facebook.com\/buletin.de.buc","article_published_time":"2024-06-07T12:01:02+00:00","article_modified_time":"2024-06-07T13:02:24+00:00","og_image":[{"width":2000,"height":934,"url":"https:\/\/buletin.de\/bucuresti\/wp-content\/uploads\/WhatsApp-Image-2024-06-06-at-18.14.05.jpeg","type":"image\/jpeg"}],"author":"Ionu\u021b Lepa","twitter_card":"summary_large_image","twitter_misc":{"Written by":"Ionu\u021b Lepa","Estimated reading time":"2 minutes"},"schema":{"@context":"https:\/\/schema.org","@graph":[{"@type":"Article","@id":"https:\/\/buletin.de\/bucuresti\/buletin-de-bucuresti-editie-print-de-colectie-finalul-campaniei-electorale-marcat-cu-un-ziar-manifest\/#article","isPartOf":{"@id":"https:\/\/buletin.de\/bucuresti\/buletin-de-bucuresti-editie-print-de-colectie-finalul-campaniei-electorale-marcat-cu-un-ziar-manifest\/"},"author":{"name":"Ionu\u021b Lepa","@id":"https:\/\/buletin.de\/bucuresti\/#\/schema\/person\/5272b8a057b33890940b57b837fc4ce6"},"headline":"Buletin de Bucure\u015fti, edi\u0163ie print de colec\u0163ie. Finalul campaniei electorale, marcat cu un tiraj-manifest","datePublished":"2024-06-07T12:01:02+00:00","dateModified":"2024-06-07T13:02:24+00:00","mainEntityOfPage":{"@id":"https:\/\/buletin.de\/bucuresti\/buletin-de-bucuresti-editie-print-de-colectie-finalul-campaniei-electorale-marcat-cu-un-ziar-manifest\/"},"wordCount":596,"publisher":{"@id":"https:\/\/buletin.de\/bucuresti\/#organization"},"image":{"@id":"https:\/\/buletin.de\/bucuresti\/buletin-de-bucuresti-editie-print-de-colectie-finalul-campaniei-electorale-marcat-cu-un-ziar-manifest\/#primaryimage"},"thumbnailUrl":"https:\/\/buletin.de\/bucuresti\/wp-content\/uploads\/WhatsApp-Image-2024-06-06-at-18.14.05.jpeg","keywords":["alegeri locale bucuresti 2024 ziar","campania electorala","echipa buletin de bucuresti ziar aniversar","editie de colectie bdb","editie de colectie buletin de bucuresti","ziar buletin de bucuresti"],"articleSection":["Articole","Diverse","Main"],"inLanguage":"en-GB","copyrightYear":"2024","copyrightHolder":{"@id":"https:\/\/buletin.de\/bucuresti\/#organization"}},{"@type":"WebPage","@id":"https:\/\/buletin.de\/bucuresti\/buletin-de-bucuresti-editie-print-de-colectie-finalul-campaniei-electorale-marcat-cu-un-ziar-manifest\/","url":"https:\/\/buletin.de\/bucuresti\/buletin-de-bucuresti-editie-print-de-colectie-finalul-campaniei-electorale-marcat-cu-un-ziar-manifest\/","name":"Buletin de Bucure\u015fti, edi\u0163ie print de colec\u0163ie. Finalul campaniei electorale, marcat cu un tiraj-manifest - Buletin de Bucure\u0219ti","isPartOf":{"@id":"https:\/\/buletin.de\/bucuresti\/#website"},"primaryImageOfPage":{"@id":"https:\/\/buletin.de\/bucuresti\/buletin-de-bucuresti-editie-print-de-colectie-finalul-campaniei-electorale-marcat-cu-un-ziar-manifest\/#primaryimage"},"image":{"@id":"https:\/\/buletin.de\/bucuresti\/buletin-de-bucuresti-editie-print-de-colectie-finalul-campaniei-electorale-marcat-cu-un-ziar-manifest\/#primaryimage"},"thumbnailUrl":"https:\/\/buletin.de\/bucuresti\/wp-content\/uploads\/WhatsApp-Image-2024-06-06-at-18.14.05.jpeg","datePublished":"2024-06-07T12:01:02+00:00","dateModified":"2024-06-07T13:02:24+00:00","breadcrumb":{"@id":"https:\/\/buletin.de\/bucuresti\/buletin-de-bucuresti-editie-print-de-colectie-finalul-campaniei-electorale-marcat-cu-un-ziar-manifest\/#breadcrumb"},"inLanguage":"en-GB","potentialAction":[{"@type":"ReadAction","target":["https:\/\/buletin.de\/bucuresti\/buletin-de-bucuresti-editie-print-de-colectie-finalul-campaniei-electorale-marcat-cu-un-ziar-manifest\/"]}]},{"@type":"ImageObject","inLanguage":"en-GB","@id":"https:\/\/buletin.de\/bucuresti\/buletin-de-bucuresti-editie-print-de-colectie-finalul-campaniei-electorale-marcat-cu-un-ziar-manifest\/#primaryimage","url":"https:\/\/buletin.de\/bucuresti\/wp-content\/uploads\/WhatsApp-Image-2024-06-06-at-18.14.05.jpeg","contentUrl":"https:\/\/buletin.de\/bucuresti\/wp-content\/uploads\/WhatsApp-Image-2024-06-06-at-18.14.05.jpeg","width":2000,"height":934,"caption":"FOTO: C\u0103t\u0103lin Dosca\u015f"},{"@type":"BreadcrumbList","@id":"https:\/\/buletin.de\/bucuresti\/buletin-de-bucuresti-editie-print-de-colectie-finalul-campaniei-electorale-marcat-cu-un-ziar-manifest\/#breadcrumb","itemListElement":[{"@type":"ListItem","position":1,"name":"Acas\u0103","item":"https:\/\/buletin.de\/bucuresti\/"},{"@type":"ListItem","position":2,"name":"Buletin de Bucure\u015fti, edi\u0163ie print de colec\u0163ie. Finalul campaniei electorale, marcat cu un tiraj-manifest"}]},{"@type":"WebSite","@id":"https:\/\/buletin.de\/bucuresti\/#website","url":"https:\/\/buletin.de\/bucuresti\/","name":"Buletin de Bucure\u0219ti","description":"\u0218tiri \u0219i investiga\u021bii esen\u021biale din capital\u0103","publisher":{"@id":"https:\/\/buletin.de\/bucuresti\/#organization"},"potentialAction":[{"@type":"SearchAction","target":{"@type":"EntryPoint","urlTemplate":"https:\/\/buletin.de\/bucuresti\/?s={search_term_string}"},"query-input":{"@type":"PropertyValueSpecification","valueRequired":true,"valueName":"search_term_string"}}],"inLanguage":"en-GB"},{"@type":"Organization","@id":"https:\/\/buletin.de\/bucuresti\/#organization","name":"Buletin de Bucure\u0219ti","url":"https:\/\/buletin.de\/bucuresti\/","logo":{"@type":"ImageObject","inLanguage":"en-GB","@id":"https:\/\/buletin.de\/bucuresti\/#\/schema\/logo\/image\/","url":"https:\/\/buletin.de\/bucuresti\/wp-content\/uploads\/logo-bdb-full-wide-vernil-transparent.png","contentUrl":"https:\/\/buletin.de\/bucuresti\/wp-content\/uploads\/logo-bdb-full-wide-vernil-transparent.png","width":1782,"height":626,"caption":"Buletin de Bucure\u0219ti"},"image":{"@id":"https:\/\/buletin.de\/bucuresti\/#\/schema\/logo\/image\/"},"sameAs":["https:\/\/www.facebook.com\/buletin.de.buc","https:\/\/www.instagram.com\/buletinde.bucuresti\/"]},{"@type":"Person","@id":"https:\/\/buletin.de\/bucuresti\/#\/schema\/person\/5272b8a057b33890940b57b837fc4ce6","name":"Ionu\u021b Lepa","image":{"@type":"ImageObject","inLanguage":"en-GB","@id":"https:\/\/buletin.de\/bucuresti\/wp-content\/uploads\/Ionut-Lepa-96x96.jpg5c4e4d9e049808799a8821652d2410a4","url":"https:\/\/buletin.de\/bucuresti\/wp-content\/uploads\/Ionut-Lepa-96x96.jpg","contentUrl":"https:\/\/buletin.de\/bucuresti\/wp-content\/uploads\/Ionut-Lepa-96x96.jpg","caption":"Ionu\u021b Lepa"},"url":"https:\/\/buletin.de\/bucuresti\/author\/ionutlepa\/"}]}},"authors":[{"term_id":22586,"user_id":8,"is_guest":0,"slug":"ionutlepa","display_name":"Ionu\u021b Lepa","avatar_url":"https:\/\/buletin.de\/bucuresti\/wp-content\/uploads\/Ionut-Lepa-96x96.jpg","0":null,"1":"","2":"","3":"","4":"","5":"","6":"","7":"","8":""}],"_links":{"self":[{"href":"https:\/\/buletin.de\/bucuresti\/wp-json\/wp\/v2\/posts\/87690","targetHints":{"allow":["GET"]}}],"collection":[{"href":"https:\/\/buletin.de\/bucuresti\/wp-json\/wp\/v2\/posts"}],"about":[{"href":"https:\/\/buletin.de\/bucuresti\/wp-json\/wp\/v2\/types\/post"}],"author":[{"embeddable":true,"href":"https:\/\/buletin.de\/bucuresti\/wp-json\/wp\/v2\/users\/8"}],"replies":[{"embeddable":true,"href":"https:\/\/buletin.de\/bucuresti\/wp-json\/wp\/v2\/comments?post=87690"}],"version-history":[{"count":4,"href":"https:\/\/buletin.de\/bucuresti\/wp-json\/wp\/v2\/posts\/87690\/revisions"}],"predecessor-version":[{"id":87718,"href":"https:\/\/buletin.de\/bucuresti\/wp-json\/wp\/v2\/posts\/87690\/revisions\/87718"}],"wp:featuredmedia":[{"embeddable":true,"href":"https:\/\/buletin.de\/bucuresti\/wp-json\/wp\/v2\/media\/87691"}],"wp:attachment":[{"href":"https:\/\/buletin.de\/bucuresti\/wp-json\/wp\/v2\/media?parent=87690"}],"wp:term":[{"taxonomy":"category","embeddable":true,"href":"https:\/\/buletin.de\/bucuresti\/wp-json\/wp\/v2\/categories?post=87690"},{"taxonomy":"post_tag","embeddable":true,"href":"https:\/\/buletin.de\/bucuresti\/wp-json\/wp\/v2\/tags?post=87690"},{"taxonomy":"author","embeddable":true,"href":"https:\/\/buletin.de\/bucuresti\/wp-json\/wp\/v2\/ppma_author?post=87690"}],"curies":[{"name":"wp","href":"https:\/\/api.w.org\/{rel}","templated":true}]}}