{"id":8768,"date":"2020-07-01T16:44:00","date_gmt":"2020-07-01T13:44:00","guid":{"rendered":"https:\/\/buletin.de\/bucuresti\/?p=8768"},"modified":"2020-07-01T16:44:00","modified_gmt":"2020-07-01T13:44:00","slug":"30-dintre-mortii-de-covid-19-din-romania-aveau-diabet","status":"publish","type":"post","link":"https:\/\/buletin.de\/bucuresti\/30-dintre-mortii-de-covid-19-din-romania-aveau-diabet\/","title":{"rendered":"30% dintre mor\u021bii de COVID-19 din Rom\u00e2nia aveau diabet"},"content":{"rendered":"\n<p><\/p>\n\n\n\n<p><strong>Este concluzia unei analize realizate de Forumul Rom\u00e2n de Diabet.\u00a0 Exper\u021bii mai spun c\u0103 unul din zece rom\u00e2ni sufer\u0103 de diabet zaharat \u0219i unul din trei rom\u00e2ni se afl\u0103 la risc de diabet (prediabet).<\/strong><\/p>\n\n\n\n<p>Forumul Rom\u00e2n de Diabet a f\u0103cut o analiz\u0103 a problemelor cu care s-a confruntat sistemul sanitar din Rom\u00e2nia \u00een ultimele luni \u0219i a g\u0103sit c\u00e2teva m\u0103suri de remediere:<\/p>\n\n\n\n<p>Un prim pas ar fi utilizarea online-ului pentru realizarea unui dosar electronic al pacien\u021bilor ce con\u021bine istoricul&nbsp; medical al acestuia, precum \u0219i medica\u021bia prescris\u0103, medicul diabetolog \u0219i medicul de familie. Acest dosar poate fi disponibil pentru to\u021bi utilizatorii, cadre medicale \u0219i pacien\u021bi.<\/p>\n\n\n\n<p>Un alt pas pentru ajutorarea pacien\u021bilor diabetici este reprezentat de c\u0103tre consultarea la distan\u021b\u0103 (telemedicin\u0103). Mai exact, pacien\u021bii vor scuti ni\u0219te bani&nbsp; \u0219i timp, \u00een plus vor r\u0103m\u00e2ne \u00een siguran\u021b\u0103 acas\u0103, \u00een timp ce ace\u0219tia vor fi monitoriza\u021bi de acas\u0103 de c\u0103tre medici speciali\u0219ti, iar toate analizele sau actele sunt \u00eenc\u0103rcate online \u0219i \u00een a\u0219a fel nu vor fi pierdute.<\/p>\n\n\n\n<p>De asemenea, educa\u021bia terapeutic\u0103 pentru pacien\u021bi este important\u0103. Cu alte cuvinte, ace\u0219tia sunt \u00eenv\u0103\u021ba\u021bi cum s\u0103 aib\u0103 mai bine grij\u0103 de ei sau de rude, prieteni care sufer\u0103 de diabet. Pentru \u00eencurajarea acestui lucru, va fi introdus\u0103 decontarea serviciului de educa\u021bie terapeutic\u0103 pentru bolnavii de diabet.<br><\/p>\n","protected":false},"excerpt":{"rendered":"<p>Este concluzia unei analize realizate de Forumul Rom\u00e2n de Diabet.\u00a0 Exper\u021bii mai spun c\u0103 unul din zece rom\u00e2ni sufer\u0103 de diabet zaharat \u0219i unul din trei rom\u00e2ni se afl\u0103 la risc de diabet (prediabet). Forumul Rom\u00e2n de Diabet a f\u0103cut o analiz\u0103 a problemelor cu care s-a confruntat sistemul sanitar din Rom\u00e2nia \u00een ultimele luni [&hellip;]<\/p>\n","protected":false},"author":2,"featured_media":3946,"comment_status":"closed","ping_status":"open","sticky":false,"template":"","format":"standard","meta":{"_acf_changed":false,"inline_featured_image":false,"ngg_post_thumbnail":0,"footnotes":""},"categories":[1],"tags":[],"ppma_author":[22584],"class_list":["post-8768","post","type-post","status-publish","format-standard","has-post-thumbnail","hentry","category-diverse"],"acf":[],"yoast_head":"<!-- This site is optimized with the Yoast SEO Premium plugin v25.3 (Yoast SEO v27.5) - https:\/\/yoast.com\/product\/yoast-seo-premium-wordpress\/ -->\n<title>30% dintre mor\u021bii de COVID-19 din Rom\u00e2nia aveau diabet - Buletin de Bucure\u0219ti<\/title>\n<meta name=\"robots\" content=\"index, follow, max-snippet:-1, max-image-preview:large, max-video-preview:-1\" \/>\n<link rel=\"canonical\" href=\"https:\/\/buletin.de\/bucuresti\/30-dintre-mortii-de-covid-19-din-romania-aveau-diabet\/\" \/>\n<meta property=\"og:locale\" content=\"en_GB\" \/>\n<meta property=\"og:type\" content=\"article\" \/>\n<meta property=\"og:title\" content=\"30% dintre mor\u021bii de COVID-19 din Rom\u00e2nia aveau diabet\" \/>\n<meta property=\"og:description\" content=\"Este concluzia unei analize realizate de Forumul Rom\u00e2n de Diabet.\u00a0 Exper\u021bii mai spun c\u0103 unul din zece rom\u00e2ni sufer\u0103 de diabet zaharat \u0219i unul din trei rom\u00e2ni se afl\u0103 la risc de diabet (prediabet). Forumul Rom\u00e2n de Diabet a f\u0103cut o analiz\u0103 a problemelor cu care s-a confruntat sistemul sanitar din Rom\u00e2nia \u00een ultimele luni [&hellip;]\" \/>\n<meta property=\"og:url\" content=\"https:\/\/buletin.de\/bucuresti\/30-dintre-mortii-de-covid-19-din-romania-aveau-diabet\/\" \/>\n<meta property=\"og:site_name\" content=\"Buletin de Bucure\u0219ti\" \/>\n<meta property=\"article:publisher\" content=\"https:\/\/www.facebook.com\/buletin.de.buc\" \/>\n<meta property=\"article:published_time\" content=\"2020-07-01T13:44:00+00:00\" \/>\n<meta property=\"og:image\" content=\"https:\/\/buletin.de\/bucuresti\/wp-content\/uploads\/coronavirus-respiratory-infections-viruses-35YSU5C.jpg\" \/>\n\t<meta property=\"og:image:width\" content=\"2000\" \/>\n\t<meta property=\"og:image:height\" content=\"1235\" \/>\n\t<meta property=\"og:image:type\" content=\"image\/jpeg\" \/>\n<meta name=\"author\" content=\"Oana Despa\" \/>\n<meta name=\"twitter:card\" content=\"summary_large_image\" \/>\n<meta name=\"twitter:label1\" content=\"Written by\" \/>\n\t<meta name=\"twitter:data1\" content=\"Oana Despa\" \/>\n\t<meta name=\"twitter:label2\" content=\"Estimated reading time\" \/>\n\t<meta name=\"twitter:data2\" content=\"1 minute\" \/>\n<script type=\"application\/ld+json\" class=\"yoast-schema-graph\">{\"@context\":\"https:\\\/\\\/schema.org\",\"@graph\":[{\"@type\":\"Article\",\"@id\":\"https:\\\/\\\/buletin.de\\\/bucuresti\\\/30-dintre-mortii-de-covid-19-din-romania-aveau-diabet\\\/#article\",\"isPartOf\":{\"@id\":\"https:\\\/\\\/buletin.de\\\/bucuresti\\\/30-dintre-mortii-de-covid-19-din-romania-aveau-diabet\\\/\"},\"author\":{\"name\":\"Oana Despa\",\"@id\":\"https:\\\/\\\/buletin.de\\\/bucuresti\\\/#\\\/schema\\\/person\\\/f02780e5e00039cf0bc1d929798d0239\"},\"headline\":\"30% dintre mor\u021bii de COVID-19 din Rom\u00e2nia aveau diabet\",\"datePublished\":\"2020-07-01T13:44:00+00:00\",\"mainEntityOfPage\":{\"@id\":\"https:\\\/\\\/buletin.de\\\/bucuresti\\\/30-dintre-mortii-de-covid-19-din-romania-aveau-diabet\\\/\"},\"wordCount\":255,\"publisher\":{\"@id\":\"https:\\\/\\\/buletin.de\\\/bucuresti\\\/#organization\"},\"image\":{\"@id\":\"https:\\\/\\\/buletin.de\\\/bucuresti\\\/30-dintre-mortii-de-covid-19-din-romania-aveau-diabet\\\/#primaryimage\"},\"thumbnailUrl\":\"https:\\\/\\\/buletin.de\\\/bucuresti\\\/wp-content\\\/uploads\\\/coronavirus-respiratory-infections-viruses-35YSU5C.jpg\",\"articleSection\":[\"Diverse\"],\"inLanguage\":\"en-GB\",\"copyrightYear\":\"2020\",\"copyrightHolder\":{\"@id\":\"https:\\\/\\\/buletin.de\\\/bucuresti\\\/#organization\"}},{\"@type\":\"WebPage\",\"@id\":\"https:\\\/\\\/buletin.de\\\/bucuresti\\\/30-dintre-mortii-de-covid-19-din-romania-aveau-diabet\\\/\",\"url\":\"https:\\\/\\\/buletin.de\\\/bucuresti\\\/30-dintre-mortii-de-covid-19-din-romania-aveau-diabet\\\/\",\"name\":\"30% dintre mor\u021bii de COVID-19 din Rom\u00e2nia aveau diabet - Buletin de Bucure\u0219ti\",\"isPartOf\":{\"@id\":\"https:\\\/\\\/buletin.de\\\/bucuresti\\\/#website\"},\"primaryImageOfPage\":{\"@id\":\"https:\\\/\\\/buletin.de\\\/bucuresti\\\/30-dintre-mortii-de-covid-19-din-romania-aveau-diabet\\\/#primaryimage\"},\"image\":{\"@id\":\"https:\\\/\\\/buletin.de\\\/bucuresti\\\/30-dintre-mortii-de-covid-19-din-romania-aveau-diabet\\\/#primaryimage\"},\"thumbnailUrl\":\"https:\\\/\\\/buletin.de\\\/bucuresti\\\/wp-content\\\/uploads\\\/coronavirus-respiratory-infections-viruses-35YSU5C.jpg\",\"datePublished\":\"2020-07-01T13:44:00+00:00\",\"breadcrumb\":{\"@id\":\"https:\\\/\\\/buletin.de\\\/bucuresti\\\/30-dintre-mortii-de-covid-19-din-romania-aveau-diabet\\\/#breadcrumb\"},\"inLanguage\":\"en-GB\",\"potentialAction\":[{\"@type\":\"ReadAction\",\"target\":[\"https:\\\/\\\/buletin.de\\\/bucuresti\\\/30-dintre-mortii-de-covid-19-din-romania-aveau-diabet\\\/\"]}]},{\"@type\":\"ImageObject\",\"inLanguage\":\"en-GB\",\"@id\":\"https:\\\/\\\/buletin.de\\\/bucuresti\\\/30-dintre-mortii-de-covid-19-din-romania-aveau-diabet\\\/#primaryimage\",\"url\":\"https:\\\/\\\/buletin.de\\\/bucuresti\\\/wp-content\\\/uploads\\\/coronavirus-respiratory-infections-viruses-35YSU5C.jpg\",\"contentUrl\":\"https:\\\/\\\/buletin.de\\\/bucuresti\\\/wp-content\\\/uploads\\\/coronavirus-respiratory-infections-viruses-35YSU5C.jpg\",\"width\":2000,\"height\":1235,\"caption\":\"Coronavirus, group of viruses that cause diseases in mammals and birds. In humans, the virus causes respiratory infections. 3D illustration.\"},{\"@type\":\"BreadcrumbList\",\"@id\":\"https:\\\/\\\/buletin.de\\\/bucuresti\\\/30-dintre-mortii-de-covid-19-din-romania-aveau-diabet\\\/#breadcrumb\",\"itemListElement\":[{\"@type\":\"ListItem\",\"position\":1,\"name\":\"Acas\u0103\",\"item\":\"https:\\\/\\\/buletin.de\\\/bucuresti\\\/\"},{\"@type\":\"ListItem\",\"position\":2,\"name\":\"30% dintre mor\u021bii de COVID-19 din Rom\u00e2nia aveau diabet\"}]},{\"@type\":\"WebSite\",\"@id\":\"https:\\\/\\\/buletin.de\\\/bucuresti\\\/#website\",\"url\":\"https:\\\/\\\/buletin.de\\\/bucuresti\\\/\",\"name\":\"Buletin de Bucure\u0219ti\",\"description\":\"\u0218tiri \u0219i investiga\u021bii esen\u021biale din capital\u0103\",\"publisher\":{\"@id\":\"https:\\\/\\\/buletin.de\\\/bucuresti\\\/#organization\"},\"potentialAction\":[{\"@type\":\"SearchAction\",\"target\":{\"@type\":\"EntryPoint\",\"urlTemplate\":\"https:\\\/\\\/buletin.de\\\/bucuresti\\\/?s={search_term_string}\"},\"query-input\":{\"@type\":\"PropertyValueSpecification\",\"valueRequired\":true,\"valueName\":\"search_term_string\"}}],\"inLanguage\":\"en-GB\"},{\"@type\":\"Organization\",\"@id\":\"https:\\\/\\\/buletin.de\\\/bucuresti\\\/#organization\",\"name\":\"Buletin de Bucure\u0219ti\",\"url\":\"https:\\\/\\\/buletin.de\\\/bucuresti\\\/\",\"logo\":{\"@type\":\"ImageObject\",\"inLanguage\":\"en-GB\",\"@id\":\"https:\\\/\\\/buletin.de\\\/bucuresti\\\/#\\\/schema\\\/logo\\\/image\\\/\",\"url\":\"https:\\\/\\\/buletin.de\\\/bucuresti\\\/wp-content\\\/uploads\\\/logo-bdb-full-wide-vernil-transparent.png\",\"contentUrl\":\"https:\\\/\\\/buletin.de\\\/bucuresti\\\/wp-content\\\/uploads\\\/logo-bdb-full-wide-vernil-transparent.png\",\"width\":1782,\"height\":626,\"caption\":\"Buletin de Bucure\u0219ti\"},\"image\":{\"@id\":\"https:\\\/\\\/buletin.de\\\/bucuresti\\\/#\\\/schema\\\/logo\\\/image\\\/\"},\"sameAs\":[\"https:\\\/\\\/www.facebook.com\\\/buletin.de.buc\",\"https:\\\/\\\/www.instagram.com\\\/buletinde.bucuresti\\\/\"]},{\"@type\":\"Person\",\"@id\":\"https:\\\/\\\/buletin.de\\\/bucuresti\\\/#\\\/schema\\\/person\\\/f02780e5e00039cf0bc1d929798d0239\",\"name\":\"Oana Despa\",\"image\":{\"@type\":\"ImageObject\",\"inLanguage\":\"en-GB\",\"@id\":\"https:\\\/\\\/secure.gravatar.com\\\/avatar\\\/315d42f2ee19dcce5c47d87713af9f3ec85494d7026ca420f44668b51324357e?s=96&d=monsterid&r=g9679e8786333bebe875735ec1e7b81f0\",\"url\":\"https:\\\/\\\/secure.gravatar.com\\\/avatar\\\/315d42f2ee19dcce5c47d87713af9f3ec85494d7026ca420f44668b51324357e?s=96&d=monsterid&r=g\",\"contentUrl\":\"https:\\\/\\\/secure.gravatar.com\\\/avatar\\\/315d42f2ee19dcce5c47d87713af9f3ec85494d7026ca420f44668b51324357e?s=96&d=monsterid&r=g\",\"caption\":\"Oana Despa\"},\"description\":\"Editor\",\"url\":\"https:\\\/\\\/buletin.de\\\/bucuresti\\\/author\\\/oanadespa\\\/\"}]}<\/script>\n<!-- \/ Yoast SEO Premium plugin. -->","yoast_head_json":{"title":"30% dintre mor\u021bii de COVID-19 din Rom\u00e2nia aveau diabet - Buletin de Bucure\u0219ti","robots":{"index":"index","follow":"follow","max-snippet":"max-snippet:-1","max-image-preview":"max-image-preview:large","max-video-preview":"max-video-preview:-1"},"canonical":"https:\/\/buletin.de\/bucuresti\/30-dintre-mortii-de-covid-19-din-romania-aveau-diabet\/","og_locale":"en_GB","og_type":"article","og_title":"30% dintre mor\u021bii de COVID-19 din Rom\u00e2nia aveau diabet","og_description":"Este concluzia unei analize realizate de Forumul Rom\u00e2n de Diabet.\u00a0 Exper\u021bii mai spun c\u0103 unul din zece rom\u00e2ni sufer\u0103 de diabet zaharat \u0219i unul din trei rom\u00e2ni se afl\u0103 la risc de diabet (prediabet). Forumul Rom\u00e2n de Diabet a f\u0103cut o analiz\u0103 a problemelor cu care s-a confruntat sistemul sanitar din Rom\u00e2nia \u00een ultimele luni [&hellip;]","og_url":"https:\/\/buletin.de\/bucuresti\/30-dintre-mortii-de-covid-19-din-romania-aveau-diabet\/","og_site_name":"Buletin de Bucure\u0219ti","article_publisher":"https:\/\/www.facebook.com\/buletin.de.buc","article_published_time":"2020-07-01T13:44:00+00:00","og_image":[{"width":2000,"height":1235,"url":"https:\/\/buletin.de\/bucuresti\/wp-content\/uploads\/coronavirus-respiratory-infections-viruses-35YSU5C.jpg","type":"image\/jpeg"}],"author":"Oana Despa","twitter_card":"summary_large_image","twitter_misc":{"Written by":"Oana Despa","Estimated reading time":"1 minute"},"schema":{"@context":"https:\/\/schema.org","@graph":[{"@type":"Article","@id":"https:\/\/buletin.de\/bucuresti\/30-dintre-mortii-de-covid-19-din-romania-aveau-diabet\/#article","isPartOf":{"@id":"https:\/\/buletin.de\/bucuresti\/30-dintre-mortii-de-covid-19-din-romania-aveau-diabet\/"},"author":{"name":"Oana Despa","@id":"https:\/\/buletin.de\/bucuresti\/#\/schema\/person\/f02780e5e00039cf0bc1d929798d0239"},"headline":"30% dintre mor\u021bii de COVID-19 din Rom\u00e2nia aveau diabet","datePublished":"2020-07-01T13:44:00+00:00","mainEntityOfPage":{"@id":"https:\/\/buletin.de\/bucuresti\/30-dintre-mortii-de-covid-19-din-romania-aveau-diabet\/"},"wordCount":255,"publisher":{"@id":"https:\/\/buletin.de\/bucuresti\/#organization"},"image":{"@id":"https:\/\/buletin.de\/bucuresti\/30-dintre-mortii-de-covid-19-din-romania-aveau-diabet\/#primaryimage"},"thumbnailUrl":"https:\/\/buletin.de\/bucuresti\/wp-content\/uploads\/coronavirus-respiratory-infections-viruses-35YSU5C.jpg","articleSection":["Diverse"],"inLanguage":"en-GB","copyrightYear":"2020","copyrightHolder":{"@id":"https:\/\/buletin.de\/bucuresti\/#organization"}},{"@type":"WebPage","@id":"https:\/\/buletin.de\/bucuresti\/30-dintre-mortii-de-covid-19-din-romania-aveau-diabet\/","url":"https:\/\/buletin.de\/bucuresti\/30-dintre-mortii-de-covid-19-din-romania-aveau-diabet\/","name":"30% dintre mor\u021bii de COVID-19 din Rom\u00e2nia aveau diabet - Buletin de Bucure\u0219ti","isPartOf":{"@id":"https:\/\/buletin.de\/bucuresti\/#website"},"primaryImageOfPage":{"@id":"https:\/\/buletin.de\/bucuresti\/30-dintre-mortii-de-covid-19-din-romania-aveau-diabet\/#primaryimage"},"image":{"@id":"https:\/\/buletin.de\/bucuresti\/30-dintre-mortii-de-covid-19-din-romania-aveau-diabet\/#primaryimage"},"thumbnailUrl":"https:\/\/buletin.de\/bucuresti\/wp-content\/uploads\/coronavirus-respiratory-infections-viruses-35YSU5C.jpg","datePublished":"2020-07-01T13:44:00+00:00","breadcrumb":{"@id":"https:\/\/buletin.de\/bucuresti\/30-dintre-mortii-de-covid-19-din-romania-aveau-diabet\/#breadcrumb"},"inLanguage":"en-GB","potentialAction":[{"@type":"ReadAction","target":["https:\/\/buletin.de\/bucuresti\/30-dintre-mortii-de-covid-19-din-romania-aveau-diabet\/"]}]},{"@type":"ImageObject","inLanguage":"en-GB","@id":"https:\/\/buletin.de\/bucuresti\/30-dintre-mortii-de-covid-19-din-romania-aveau-diabet\/#primaryimage","url":"https:\/\/buletin.de\/bucuresti\/wp-content\/uploads\/coronavirus-respiratory-infections-viruses-35YSU5C.jpg","contentUrl":"https:\/\/buletin.de\/bucuresti\/wp-content\/uploads\/coronavirus-respiratory-infections-viruses-35YSU5C.jpg","width":2000,"height":1235,"caption":"Coronavirus, group of viruses that cause diseases in mammals and birds. In humans, the virus causes respiratory infections. 3D illustration."},{"@type":"BreadcrumbList","@id":"https:\/\/buletin.de\/bucuresti\/30-dintre-mortii-de-covid-19-din-romania-aveau-diabet\/#breadcrumb","itemListElement":[{"@type":"ListItem","position":1,"name":"Acas\u0103","item":"https:\/\/buletin.de\/bucuresti\/"},{"@type":"ListItem","position":2,"name":"30% dintre mor\u021bii de COVID-19 din Rom\u00e2nia aveau diabet"}]},{"@type":"WebSite","@id":"https:\/\/buletin.de\/bucuresti\/#website","url":"https:\/\/buletin.de\/bucuresti\/","name":"Buletin de Bucure\u0219ti","description":"\u0218tiri \u0219i investiga\u021bii esen\u021biale din capital\u0103","publisher":{"@id":"https:\/\/buletin.de\/bucuresti\/#organization"},"potentialAction":[{"@type":"SearchAction","target":{"@type":"EntryPoint","urlTemplate":"https:\/\/buletin.de\/bucuresti\/?s={search_term_string}"},"query-input":{"@type":"PropertyValueSpecification","valueRequired":true,"valueName":"search_term_string"}}],"inLanguage":"en-GB"},{"@type":"Organization","@id":"https:\/\/buletin.de\/bucuresti\/#organization","name":"Buletin de Bucure\u0219ti","url":"https:\/\/buletin.de\/bucuresti\/","logo":{"@type":"ImageObject","inLanguage":"en-GB","@id":"https:\/\/buletin.de\/bucuresti\/#\/schema\/logo\/image\/","url":"https:\/\/buletin.de\/bucuresti\/wp-content\/uploads\/logo-bdb-full-wide-vernil-transparent.png","contentUrl":"https:\/\/buletin.de\/bucuresti\/wp-content\/uploads\/logo-bdb-full-wide-vernil-transparent.png","width":1782,"height":626,"caption":"Buletin de Bucure\u0219ti"},"image":{"@id":"https:\/\/buletin.de\/bucuresti\/#\/schema\/logo\/image\/"},"sameAs":["https:\/\/www.facebook.com\/buletin.de.buc","https:\/\/www.instagram.com\/buletinde.bucuresti\/"]},{"@type":"Person","@id":"https:\/\/buletin.de\/bucuresti\/#\/schema\/person\/f02780e5e00039cf0bc1d929798d0239","name":"Oana Despa","image":{"@type":"ImageObject","inLanguage":"en-GB","@id":"https:\/\/secure.gravatar.com\/avatar\/315d42f2ee19dcce5c47d87713af9f3ec85494d7026ca420f44668b51324357e?s=96&d=monsterid&r=g9679e8786333bebe875735ec1e7b81f0","url":"https:\/\/secure.gravatar.com\/avatar\/315d42f2ee19dcce5c47d87713af9f3ec85494d7026ca420f44668b51324357e?s=96&d=monsterid&r=g","contentUrl":"https:\/\/secure.gravatar.com\/avatar\/315d42f2ee19dcce5c47d87713af9f3ec85494d7026ca420f44668b51324357e?s=96&d=monsterid&r=g","caption":"Oana Despa"},"description":"Editor","url":"https:\/\/buletin.de\/bucuresti\/author\/oanadespa\/"}]}},"authors":[{"term_id":22584,"user_id":2,"is_guest":0,"slug":"oanadespa","display_name":"Oana Despa","avatar_url":"https:\/\/secure.gravatar.com\/avatar\/315d42f2ee19dcce5c47d87713af9f3ec85494d7026ca420f44668b51324357e?s=96&d=monsterid&r=g","0":null,"1":"","2":"","3":"","4":"","5":"","6":"","7":"","8":""}],"_links":{"self":[{"href":"https:\/\/buletin.de\/bucuresti\/wp-json\/wp\/v2\/posts\/8768","targetHints":{"allow":["GET"]}}],"collection":[{"href":"https:\/\/buletin.de\/bucuresti\/wp-json\/wp\/v2\/posts"}],"about":[{"href":"https:\/\/buletin.de\/bucuresti\/wp-json\/wp\/v2\/types\/post"}],"author":[{"embeddable":true,"href":"https:\/\/buletin.de\/bucuresti\/wp-json\/wp\/v2\/users\/2"}],"replies":[{"embeddable":true,"href":"https:\/\/buletin.de\/bucuresti\/wp-json\/wp\/v2\/comments?post=8768"}],"version-history":[{"count":1,"href":"https:\/\/buletin.de\/bucuresti\/wp-json\/wp\/v2\/posts\/8768\/revisions"}],"predecessor-version":[{"id":8770,"href":"https:\/\/buletin.de\/bucuresti\/wp-json\/wp\/v2\/posts\/8768\/revisions\/8770"}],"wp:featuredmedia":[{"embeddable":true,"href":"https:\/\/buletin.de\/bucuresti\/wp-json\/wp\/v2\/media\/3946"}],"wp:attachment":[{"href":"https:\/\/buletin.de\/bucuresti\/wp-json\/wp\/v2\/media?parent=8768"}],"wp:term":[{"taxonomy":"category","embeddable":true,"href":"https:\/\/buletin.de\/bucuresti\/wp-json\/wp\/v2\/categories?post=8768"},{"taxonomy":"post_tag","embeddable":true,"href":"https:\/\/buletin.de\/bucuresti\/wp-json\/wp\/v2\/tags?post=8768"},{"taxonomy":"author","embeddable":true,"href":"https:\/\/buletin.de\/bucuresti\/wp-json\/wp\/v2\/ppma_author?post=8768"}],"curies":[{"name":"wp","href":"https:\/\/api.w.org\/{rel}","templated":true}]}}