{"id":87616,"date":"2024-06-07T06:32:00","date_gmt":"2024-06-07T03:32:00","guid":{"rendered":"https:\/\/buletin.de\/bucuresti\/?p=87616"},"modified":"2024-06-07T00:33:46","modified_gmt":"2024-06-06T21:33:46","slug":"un-bebelus-operat-la-spitalul-marie-curie-va-putea-auzi-datorita-unei-proceduri-efectuate-in-premiera-pe-tara","status":"publish","type":"post","link":"https:\/\/buletin.de\/bucuresti\/un-bebelus-operat-la-spitalul-marie-curie-va-putea-auzi-datorita-unei-proceduri-efectuate-in-premiera-pe-tara\/","title":{"rendered":"Un bebelu\u0219 operat la Spitalul \u201eMarie Curie\u201d va putea auzi datorit\u0103 unei proceduri efectuate \u00een premier\u0103 pe \u0163ar\u0103"},"content":{"rendered":"\n<p><strong>O interven\u021bie chirurgical\u0103 a avut loc, \u00een premier\u0103 na\u021bional\u0103, la Spitalul \u201eMarie Curie\u201d, din Capital\u0103, potrivit Agerpres. Un bebelu\u0219 de opt luni a primit un implant cohlear, dup\u0103 o opera\u0163ie la ambele urechi.<\/strong><\/p>\n\n\n\n<p>Copilul s-a n\u0103scut cu hipoacuzie bilateral\u0103 profund\u0103 si a fost operat la Clinica ORL a Spitalului Clinic de Urgen\u0163\u0103 pentru Copii \u201eMarie Curie\u201d. Potrivit unui comunicat de pres\u0103, bebelu\u0219ul este cel mai mic pacient din Rom\u00e2nia care a beneficiat de un implant cohlear.<\/p>\n\n\n\n<p>Echipa medical\u0103 care a f\u0103cut interven\u021bia a fost coordonat\u0103 de medicul Dan Cristian Gheorghe, \u0219eful Clinicii ORL a spitalului.<\/p>\n\n\n\n<blockquote class=\"wp-block-quote is-layout-flow wp-block-quote-is-layout-flow\">\n<p class=\"has-medium-font-size\"><strong>Complexitatea interven\u0163iei a fost dat\u0103 de v\u00e2rsta fraged\u0103 a pacientului. Vorbim de un tratament modern pentru o afec\u0163iune sever invalidant\u0103. Copiii cu pierdere profund\u0103 de auz, implanta\u0163i la v\u00e2rste c\u00e2t mai mici, au \u015fanse mult mai mari de a se integra \u00een societate \u015fi de a duce o via\u0163\u0103 normal\u0103, f\u0103r\u0103 sprijin suplimentar. Acest lucru reprezint\u0103 un avantaj at\u00e2t pentru copil, c\u00e2t \u015fi pentru societate<\/strong><\/p>\n<cite>Dan Gheorghe <\/cite><\/blockquote>\n\n\n\n<p>Implantul cohlear este un dispozitiv medical care \u00eenlocuie\u0219te func\u021bia urechii afectate de boal\u0103. Aparatele auditive obi\u0219nuite amplific\u0103 sunetul \u0219i \u00eel transmit c\u0103tre timpan. Implantul cohlear preia semnalele sonore din exterior, le transform\u0103 \u00een impuls electric \u0219i le transmite direct c\u0103tre nervul auditiv. Speciali\u0219tii spun c\u0103 dac\u0103 implantul este realizat mai devreme, efectele bolii sunt recuperate mult mai rapid.<\/p>\n\n\n\n<p>Statisticile arat\u0103 c\u0103 peste 3.500 de persoane din Rom\u00e2nia sufer\u0103 de afec\u021biuni ale urechii.<\/p>\n\n\n\n<p><strong>CITE\u0218TE \u0218I:<\/strong><\/p>\n\n\n\n<figure class=\"wp-block-embed is-type-wp-embed is-provider-buletin-de-bucure-ti wp-block-embed-buletin-de-bucure-ti\"><div class=\"wp-block-embed__wrapper\">\n<blockquote class=\"wp-embedded-content\" data-secret=\"S4uDY3lSXu\"><a href=\"https:\/\/buletin.de\/bucuresti\/stangere-de-fonduri-pentru-cea-mai-mare-sectie-de-psihiatrie-pediatrica-din-tara-extensia-de-la-spitalul-obregia-dupa-model-britanic\/\">Str\u00e2ngere de fonduri pentru cea mai mare sec\u021bie de psihiatrie pediatric\u0103 din \u021bar\u0103. Extensia de la Spitalul \u201eObregia\u201d, dup\u0103 model britanic<\/a><\/blockquote><iframe class=\"wp-embedded-content\" sandbox=\"allow-scripts\" security=\"restricted\" style=\"position: absolute; clip: rect(1px, 1px, 1px, 1px);\" title=\"&#8220;Str\u00e2ngere de fonduri pentru cea mai mare sec\u021bie de psihiatrie pediatric\u0103 din \u021bar\u0103. Extensia de la Spitalul \u201eObregia\u201d, dup\u0103 model britanic&#8221; &#8212; Buletin de Bucure\u0219ti\" src=\"https:\/\/buletin.de\/bucuresti\/stangere-de-fonduri-pentru-cea-mai-mare-sectie-de-psihiatrie-pediatrica-din-tara-extensia-de-la-spitalul-obregia-dupa-model-britanic\/embed\/#?secret=xGCT667IEB#?secret=S4uDY3lSXu\" data-secret=\"S4uDY3lSXu\" width=\"600\" height=\"338\" frameborder=\"0\" marginwidth=\"0\" marginheight=\"0\" scrolling=\"no\"><\/iframe>\n<\/div><\/figure>\n\n\n\n<p><\/p>\n\n\n\n<p><font color=\"#333333\" face=\"Source Sans Pro, Helvetica Neue, Helvetica, Arial, sans-serif\"><span style=\"font-size: 20px; white-space-collapse: collapse;\"> <\/span><\/font><\/p>\n","protected":false},"excerpt":{"rendered":"<p>O interven\u021bie chirurgical\u0103 a avut loc, \u00een premier\u0103 na\u021bional\u0103, la Spitalul \u201eMarie Curie\u201d, din Capital\u0103, potrivit Agerpres. Un bebelu\u0219 de opt luni a primit un implant cohlear, dup\u0103 o opera\u0163ie la ambele urechi. Copilul s-a n\u0103scut cu hipoacuzie bilateral\u0103 profund\u0103 si a fost operat la Clinica ORL a Spitalului Clinic de Urgen\u0163\u0103 pentru Copii \u201eMarie [&hellip;]<\/p>\n","protected":false},"author":49,"featured_media":87617,"comment_status":"closed","ping_status":"open","sticky":false,"template":"","format":"standard","meta":{"_acf_changed":false,"inline_featured_image":false,"ngg_post_thumbnail":0,"footnotes":""},"categories":[6994,4,62],"tags":[12569,8013,12570],"ppma_author":[22574],"class_list":["post-87616","post","type-post","status-publish","format-standard","has-post-thumbnail","hentry","category-stiri-2","category-sanatate","category-stiri","tag-implant-cohlear","tag-marie-curie","tag-operatie-in-premiera-nationala"],"acf":[],"yoast_head":"<!-- This site is optimized with the Yoast SEO Premium plugin v25.3 (Yoast SEO v27.4) - https:\/\/yoast.com\/product\/yoast-seo-premium-wordpress\/ -->\n<title>Un bebelu\u0219 operat la Spitalul \u201eMarie Curie\u201d va putea auzi datorit\u0103 unei proceduri efectuate \u00een premier\u0103 pe \u0163ar\u0103 - Buletin de Bucure\u0219ti<\/title>\n<meta name=\"robots\" content=\"index, follow, max-snippet:-1, max-image-preview:large, max-video-preview:-1\" \/>\n<link rel=\"canonical\" href=\"https:\/\/buletin.de\/bucuresti\/un-bebelus-operat-la-spitalul-marie-curie-va-putea-auzi-datorita-unei-proceduri-efectuate-in-premiera-pe-tara\/\" \/>\n<meta property=\"og:locale\" content=\"en_GB\" \/>\n<meta property=\"og:type\" content=\"article\" \/>\n<meta property=\"og:title\" content=\"Un bebelu\u0219 operat la Spitalul \u201eMarie Curie\u201d va putea auzi datorit\u0103 unei proceduri efectuate \u00een premier\u0103 pe \u0163ar\u0103\" \/>\n<meta property=\"og:description\" content=\"O interven\u021bie chirurgical\u0103 a avut loc, \u00een premier\u0103 na\u021bional\u0103, la Spitalul \u201eMarie Curie\u201d, din Capital\u0103, potrivit Agerpres. Un bebelu\u0219 de opt luni a primit un implant cohlear, dup\u0103 o opera\u0163ie la ambele urechi. Copilul s-a n\u0103scut cu hipoacuzie bilateral\u0103 profund\u0103 si a fost operat la Clinica ORL a Spitalului Clinic de Urgen\u0163\u0103 pentru Copii \u201eMarie [&hellip;]\" \/>\n<meta property=\"og:url\" content=\"https:\/\/buletin.de\/bucuresti\/un-bebelus-operat-la-spitalul-marie-curie-va-putea-auzi-datorita-unei-proceduri-efectuate-in-premiera-pe-tara\/\" \/>\n<meta property=\"og:site_name\" content=\"Buletin de Bucure\u0219ti\" \/>\n<meta property=\"article:publisher\" content=\"https:\/\/www.facebook.com\/buletin.de.buc\" \/>\n<meta property=\"article:published_time\" content=\"2024-06-07T03:32:00+00:00\" \/>\n<meta property=\"og:image\" content=\"https:\/\/buletin.de\/bucuresti\/wp-content\/uploads\/428395.jpg\" \/>\n\t<meta property=\"og:image:width\" content=\"1280\" \/>\n\t<meta property=\"og:image:height\" content=\"851\" \/>\n\t<meta property=\"og:image:type\" content=\"image\/jpeg\" \/>\n<meta name=\"author\" content=\"Diana Matei\" \/>\n<meta name=\"twitter:card\" content=\"summary_large_image\" \/>\n<meta name=\"twitter:label1\" content=\"Written by\" \/>\n\t<meta name=\"twitter:data1\" content=\"Diana Matei\" \/>\n\t<meta name=\"twitter:label2\" content=\"Estimated reading time\" \/>\n\t<meta name=\"twitter:data2\" content=\"1 minute\" \/>\n<script type=\"application\/ld+json\" class=\"yoast-schema-graph\">{\"@context\":\"https:\\\/\\\/schema.org\",\"@graph\":[{\"@type\":\"Article\",\"@id\":\"https:\\\/\\\/buletin.de\\\/bucuresti\\\/un-bebelus-operat-la-spitalul-marie-curie-va-putea-auzi-datorita-unei-proceduri-efectuate-in-premiera-pe-tara\\\/#article\",\"isPartOf\":{\"@id\":\"https:\\\/\\\/buletin.de\\\/bucuresti\\\/un-bebelus-operat-la-spitalul-marie-curie-va-putea-auzi-datorita-unei-proceduri-efectuate-in-premiera-pe-tara\\\/\"},\"author\":{\"name\":\"Diana Matei\",\"@id\":\"https:\\\/\\\/buletin.de\\\/bucuresti\\\/#\\\/schema\\\/person\\\/7e46040573290777280a0835d81ea4ea\"},\"headline\":\"Un bebelu\u0219 operat la Spitalul \u201eMarie Curie\u201d va putea auzi datorit\u0103 unei proceduri efectuate \u00een premier\u0103 pe \u0163ar\u0103\",\"datePublished\":\"2024-06-07T03:32:00+00:00\",\"mainEntityOfPage\":{\"@id\":\"https:\\\/\\\/buletin.de\\\/bucuresti\\\/un-bebelus-operat-la-spitalul-marie-curie-va-putea-auzi-datorita-unei-proceduri-efectuate-in-premiera-pe-tara\\\/\"},\"wordCount\":284,\"publisher\":{\"@id\":\"https:\\\/\\\/buletin.de\\\/bucuresti\\\/#organization\"},\"image\":{\"@id\":\"https:\\\/\\\/buletin.de\\\/bucuresti\\\/un-bebelus-operat-la-spitalul-marie-curie-va-putea-auzi-datorita-unei-proceduri-efectuate-in-premiera-pe-tara\\\/#primaryimage\"},\"thumbnailUrl\":\"https:\\\/\\\/buletin.de\\\/bucuresti\\\/wp-content\\\/uploads\\\/428395.jpg\",\"keywords\":[\"implant cohlear\",\"marie curie\",\"operatie in premiera nationala\"],\"articleSection\":[\"Articole\",\"S\u0103n\u0103tate\",\"\u0218tiri\"],\"inLanguage\":\"en-GB\",\"copyrightYear\":\"2024\",\"copyrightHolder\":{\"@id\":\"https:\\\/\\\/buletin.de\\\/bucuresti\\\/#organization\"}},{\"@type\":\"WebPage\",\"@id\":\"https:\\\/\\\/buletin.de\\\/bucuresti\\\/un-bebelus-operat-la-spitalul-marie-curie-va-putea-auzi-datorita-unei-proceduri-efectuate-in-premiera-pe-tara\\\/\",\"url\":\"https:\\\/\\\/buletin.de\\\/bucuresti\\\/un-bebelus-operat-la-spitalul-marie-curie-va-putea-auzi-datorita-unei-proceduri-efectuate-in-premiera-pe-tara\\\/\",\"name\":\"Un bebelu\u0219 operat la Spitalul \u201eMarie Curie\u201d va putea auzi datorit\u0103 unei proceduri efectuate \u00een premier\u0103 pe \u0163ar\u0103 - Buletin de Bucure\u0219ti\",\"isPartOf\":{\"@id\":\"https:\\\/\\\/buletin.de\\\/bucuresti\\\/#website\"},\"primaryImageOfPage\":{\"@id\":\"https:\\\/\\\/buletin.de\\\/bucuresti\\\/un-bebelus-operat-la-spitalul-marie-curie-va-putea-auzi-datorita-unei-proceduri-efectuate-in-premiera-pe-tara\\\/#primaryimage\"},\"image\":{\"@id\":\"https:\\\/\\\/buletin.de\\\/bucuresti\\\/un-bebelus-operat-la-spitalul-marie-curie-va-putea-auzi-datorita-unei-proceduri-efectuate-in-premiera-pe-tara\\\/#primaryimage\"},\"thumbnailUrl\":\"https:\\\/\\\/buletin.de\\\/bucuresti\\\/wp-content\\\/uploads\\\/428395.jpg\",\"datePublished\":\"2024-06-07T03:32:00+00:00\",\"breadcrumb\":{\"@id\":\"https:\\\/\\\/buletin.de\\\/bucuresti\\\/un-bebelus-operat-la-spitalul-marie-curie-va-putea-auzi-datorita-unei-proceduri-efectuate-in-premiera-pe-tara\\\/#breadcrumb\"},\"inLanguage\":\"en-GB\",\"potentialAction\":[{\"@type\":\"ReadAction\",\"target\":[\"https:\\\/\\\/buletin.de\\\/bucuresti\\\/un-bebelus-operat-la-spitalul-marie-curie-va-putea-auzi-datorita-unei-proceduri-efectuate-in-premiera-pe-tara\\\/\"]}]},{\"@type\":\"ImageObject\",\"inLanguage\":\"en-GB\",\"@id\":\"https:\\\/\\\/buletin.de\\\/bucuresti\\\/un-bebelus-operat-la-spitalul-marie-curie-va-putea-auzi-datorita-unei-proceduri-efectuate-in-premiera-pe-tara\\\/#primaryimage\",\"url\":\"https:\\\/\\\/buletin.de\\\/bucuresti\\\/wp-content\\\/uploads\\\/428395.jpg\",\"contentUrl\":\"https:\\\/\\\/buletin.de\\\/bucuresti\\\/wp-content\\\/uploads\\\/428395.jpg\",\"width\":1280,\"height\":851,\"caption\":\"Popula\u021bia Capitalei \u201ea \u00eentinerit\u201d \u00een primele ore ale lui 2026 FOTO: Pixabay\"},{\"@type\":\"BreadcrumbList\",\"@id\":\"https:\\\/\\\/buletin.de\\\/bucuresti\\\/un-bebelus-operat-la-spitalul-marie-curie-va-putea-auzi-datorita-unei-proceduri-efectuate-in-premiera-pe-tara\\\/#breadcrumb\",\"itemListElement\":[{\"@type\":\"ListItem\",\"position\":1,\"name\":\"Acas\u0103\",\"item\":\"https:\\\/\\\/buletin.de\\\/bucuresti\\\/\"},{\"@type\":\"ListItem\",\"position\":2,\"name\":\"Un bebelu\u0219 operat la Spitalul \u201eMarie Curie\u201d va putea auzi datorit\u0103 unei proceduri efectuate \u00een premier\u0103 pe \u0163ar\u0103\"}]},{\"@type\":\"WebSite\",\"@id\":\"https:\\\/\\\/buletin.de\\\/bucuresti\\\/#website\",\"url\":\"https:\\\/\\\/buletin.de\\\/bucuresti\\\/\",\"name\":\"Buletin de Bucure\u0219ti\",\"description\":\"\u0218tiri \u0219i investiga\u021bii esen\u021biale din capital\u0103\",\"publisher\":{\"@id\":\"https:\\\/\\\/buletin.de\\\/bucuresti\\\/#organization\"},\"potentialAction\":[{\"@type\":\"SearchAction\",\"target\":{\"@type\":\"EntryPoint\",\"urlTemplate\":\"https:\\\/\\\/buletin.de\\\/bucuresti\\\/?s={search_term_string}\"},\"query-input\":{\"@type\":\"PropertyValueSpecification\",\"valueRequired\":true,\"valueName\":\"search_term_string\"}}],\"inLanguage\":\"en-GB\"},{\"@type\":\"Organization\",\"@id\":\"https:\\\/\\\/buletin.de\\\/bucuresti\\\/#organization\",\"name\":\"Buletin de Bucure\u0219ti\",\"url\":\"https:\\\/\\\/buletin.de\\\/bucuresti\\\/\",\"logo\":{\"@type\":\"ImageObject\",\"inLanguage\":\"en-GB\",\"@id\":\"https:\\\/\\\/buletin.de\\\/bucuresti\\\/#\\\/schema\\\/logo\\\/image\\\/\",\"url\":\"https:\\\/\\\/buletin.de\\\/bucuresti\\\/wp-content\\\/uploads\\\/logo-bdb-full-wide-vernil-transparent.png\",\"contentUrl\":\"https:\\\/\\\/buletin.de\\\/bucuresti\\\/wp-content\\\/uploads\\\/logo-bdb-full-wide-vernil-transparent.png\",\"width\":1782,\"height\":626,\"caption\":\"Buletin de Bucure\u0219ti\"},\"image\":{\"@id\":\"https:\\\/\\\/buletin.de\\\/bucuresti\\\/#\\\/schema\\\/logo\\\/image\\\/\"},\"sameAs\":[\"https:\\\/\\\/www.facebook.com\\\/buletin.de.buc\",\"https:\\\/\\\/www.instagram.com\\\/buletinde.bucuresti\\\/\"]},{\"@type\":\"Person\",\"@id\":\"https:\\\/\\\/buletin.de\\\/bucuresti\\\/#\\\/schema\\\/person\\\/7e46040573290777280a0835d81ea4ea\",\"name\":\"Diana Matei\",\"image\":{\"@type\":\"ImageObject\",\"inLanguage\":\"en-GB\",\"@id\":\"https:\\\/\\\/buletin.de\\\/bucuresti\\\/wp-content\\\/uploads\\\/9-2-96x96.jpg1e8590b30871d70e62ebcdaf2eff570c\",\"url\":\"https:\\\/\\\/buletin.de\\\/bucuresti\\\/wp-content\\\/uploads\\\/9-2-96x96.jpg\",\"contentUrl\":\"https:\\\/\\\/buletin.de\\\/bucuresti\\\/wp-content\\\/uploads\\\/9-2-96x96.jpg\",\"caption\":\"Diana Matei\"},\"url\":\"https:\\\/\\\/buletin.de\\\/bucuresti\\\/author\\\/dianamatei\\\/\"}]}<\/script>\n<!-- \/ Yoast SEO Premium plugin. -->","yoast_head_json":{"title":"Un bebelu\u0219 operat la Spitalul \u201eMarie Curie\u201d va putea auzi datorit\u0103 unei proceduri efectuate \u00een premier\u0103 pe \u0163ar\u0103 - Buletin de Bucure\u0219ti","robots":{"index":"index","follow":"follow","max-snippet":"max-snippet:-1","max-image-preview":"max-image-preview:large","max-video-preview":"max-video-preview:-1"},"canonical":"https:\/\/buletin.de\/bucuresti\/un-bebelus-operat-la-spitalul-marie-curie-va-putea-auzi-datorita-unei-proceduri-efectuate-in-premiera-pe-tara\/","og_locale":"en_GB","og_type":"article","og_title":"Un bebelu\u0219 operat la Spitalul \u201eMarie Curie\u201d va putea auzi datorit\u0103 unei proceduri efectuate \u00een premier\u0103 pe \u0163ar\u0103","og_description":"O interven\u021bie chirurgical\u0103 a avut loc, \u00een premier\u0103 na\u021bional\u0103, la Spitalul \u201eMarie Curie\u201d, din Capital\u0103, potrivit Agerpres. Un bebelu\u0219 de opt luni a primit un implant cohlear, dup\u0103 o opera\u0163ie la ambele urechi. Copilul s-a n\u0103scut cu hipoacuzie bilateral\u0103 profund\u0103 si a fost operat la Clinica ORL a Spitalului Clinic de Urgen\u0163\u0103 pentru Copii \u201eMarie [&hellip;]","og_url":"https:\/\/buletin.de\/bucuresti\/un-bebelus-operat-la-spitalul-marie-curie-va-putea-auzi-datorita-unei-proceduri-efectuate-in-premiera-pe-tara\/","og_site_name":"Buletin de Bucure\u0219ti","article_publisher":"https:\/\/www.facebook.com\/buletin.de.buc","article_published_time":"2024-06-07T03:32:00+00:00","og_image":[{"width":1280,"height":851,"url":"https:\/\/buletin.de\/bucuresti\/wp-content\/uploads\/428395.jpg","type":"image\/jpeg"}],"author":"Diana Matei","twitter_card":"summary_large_image","twitter_misc":{"Written by":"Diana Matei","Estimated reading time":"1 minute"},"schema":{"@context":"https:\/\/schema.org","@graph":[{"@type":"Article","@id":"https:\/\/buletin.de\/bucuresti\/un-bebelus-operat-la-spitalul-marie-curie-va-putea-auzi-datorita-unei-proceduri-efectuate-in-premiera-pe-tara\/#article","isPartOf":{"@id":"https:\/\/buletin.de\/bucuresti\/un-bebelus-operat-la-spitalul-marie-curie-va-putea-auzi-datorita-unei-proceduri-efectuate-in-premiera-pe-tara\/"},"author":{"name":"Diana Matei","@id":"https:\/\/buletin.de\/bucuresti\/#\/schema\/person\/7e46040573290777280a0835d81ea4ea"},"headline":"Un bebelu\u0219 operat la Spitalul \u201eMarie Curie\u201d va putea auzi datorit\u0103 unei proceduri efectuate \u00een premier\u0103 pe \u0163ar\u0103","datePublished":"2024-06-07T03:32:00+00:00","mainEntityOfPage":{"@id":"https:\/\/buletin.de\/bucuresti\/un-bebelus-operat-la-spitalul-marie-curie-va-putea-auzi-datorita-unei-proceduri-efectuate-in-premiera-pe-tara\/"},"wordCount":284,"publisher":{"@id":"https:\/\/buletin.de\/bucuresti\/#organization"},"image":{"@id":"https:\/\/buletin.de\/bucuresti\/un-bebelus-operat-la-spitalul-marie-curie-va-putea-auzi-datorita-unei-proceduri-efectuate-in-premiera-pe-tara\/#primaryimage"},"thumbnailUrl":"https:\/\/buletin.de\/bucuresti\/wp-content\/uploads\/428395.jpg","keywords":["implant cohlear","marie curie","operatie in premiera nationala"],"articleSection":["Articole","S\u0103n\u0103tate","\u0218tiri"],"inLanguage":"en-GB","copyrightYear":"2024","copyrightHolder":{"@id":"https:\/\/buletin.de\/bucuresti\/#organization"}},{"@type":"WebPage","@id":"https:\/\/buletin.de\/bucuresti\/un-bebelus-operat-la-spitalul-marie-curie-va-putea-auzi-datorita-unei-proceduri-efectuate-in-premiera-pe-tara\/","url":"https:\/\/buletin.de\/bucuresti\/un-bebelus-operat-la-spitalul-marie-curie-va-putea-auzi-datorita-unei-proceduri-efectuate-in-premiera-pe-tara\/","name":"Un bebelu\u0219 operat la Spitalul \u201eMarie Curie\u201d va putea auzi datorit\u0103 unei proceduri efectuate \u00een premier\u0103 pe \u0163ar\u0103 - Buletin de Bucure\u0219ti","isPartOf":{"@id":"https:\/\/buletin.de\/bucuresti\/#website"},"primaryImageOfPage":{"@id":"https:\/\/buletin.de\/bucuresti\/un-bebelus-operat-la-spitalul-marie-curie-va-putea-auzi-datorita-unei-proceduri-efectuate-in-premiera-pe-tara\/#primaryimage"},"image":{"@id":"https:\/\/buletin.de\/bucuresti\/un-bebelus-operat-la-spitalul-marie-curie-va-putea-auzi-datorita-unei-proceduri-efectuate-in-premiera-pe-tara\/#primaryimage"},"thumbnailUrl":"https:\/\/buletin.de\/bucuresti\/wp-content\/uploads\/428395.jpg","datePublished":"2024-06-07T03:32:00+00:00","breadcrumb":{"@id":"https:\/\/buletin.de\/bucuresti\/un-bebelus-operat-la-spitalul-marie-curie-va-putea-auzi-datorita-unei-proceduri-efectuate-in-premiera-pe-tara\/#breadcrumb"},"inLanguage":"en-GB","potentialAction":[{"@type":"ReadAction","target":["https:\/\/buletin.de\/bucuresti\/un-bebelus-operat-la-spitalul-marie-curie-va-putea-auzi-datorita-unei-proceduri-efectuate-in-premiera-pe-tara\/"]}]},{"@type":"ImageObject","inLanguage":"en-GB","@id":"https:\/\/buletin.de\/bucuresti\/un-bebelus-operat-la-spitalul-marie-curie-va-putea-auzi-datorita-unei-proceduri-efectuate-in-premiera-pe-tara\/#primaryimage","url":"https:\/\/buletin.de\/bucuresti\/wp-content\/uploads\/428395.jpg","contentUrl":"https:\/\/buletin.de\/bucuresti\/wp-content\/uploads\/428395.jpg","width":1280,"height":851,"caption":"Popula\u021bia Capitalei \u201ea \u00eentinerit\u201d \u00een primele ore ale lui 2026 FOTO: Pixabay"},{"@type":"BreadcrumbList","@id":"https:\/\/buletin.de\/bucuresti\/un-bebelus-operat-la-spitalul-marie-curie-va-putea-auzi-datorita-unei-proceduri-efectuate-in-premiera-pe-tara\/#breadcrumb","itemListElement":[{"@type":"ListItem","position":1,"name":"Acas\u0103","item":"https:\/\/buletin.de\/bucuresti\/"},{"@type":"ListItem","position":2,"name":"Un bebelu\u0219 operat la Spitalul \u201eMarie Curie\u201d va putea auzi datorit\u0103 unei proceduri efectuate \u00een premier\u0103 pe \u0163ar\u0103"}]},{"@type":"WebSite","@id":"https:\/\/buletin.de\/bucuresti\/#website","url":"https:\/\/buletin.de\/bucuresti\/","name":"Buletin de Bucure\u0219ti","description":"\u0218tiri \u0219i investiga\u021bii esen\u021biale din capital\u0103","publisher":{"@id":"https:\/\/buletin.de\/bucuresti\/#organization"},"potentialAction":[{"@type":"SearchAction","target":{"@type":"EntryPoint","urlTemplate":"https:\/\/buletin.de\/bucuresti\/?s={search_term_string}"},"query-input":{"@type":"PropertyValueSpecification","valueRequired":true,"valueName":"search_term_string"}}],"inLanguage":"en-GB"},{"@type":"Organization","@id":"https:\/\/buletin.de\/bucuresti\/#organization","name":"Buletin de Bucure\u0219ti","url":"https:\/\/buletin.de\/bucuresti\/","logo":{"@type":"ImageObject","inLanguage":"en-GB","@id":"https:\/\/buletin.de\/bucuresti\/#\/schema\/logo\/image\/","url":"https:\/\/buletin.de\/bucuresti\/wp-content\/uploads\/logo-bdb-full-wide-vernil-transparent.png","contentUrl":"https:\/\/buletin.de\/bucuresti\/wp-content\/uploads\/logo-bdb-full-wide-vernil-transparent.png","width":1782,"height":626,"caption":"Buletin de Bucure\u0219ti"},"image":{"@id":"https:\/\/buletin.de\/bucuresti\/#\/schema\/logo\/image\/"},"sameAs":["https:\/\/www.facebook.com\/buletin.de.buc","https:\/\/www.instagram.com\/buletinde.bucuresti\/"]},{"@type":"Person","@id":"https:\/\/buletin.de\/bucuresti\/#\/schema\/person\/7e46040573290777280a0835d81ea4ea","name":"Diana Matei","image":{"@type":"ImageObject","inLanguage":"en-GB","@id":"https:\/\/buletin.de\/bucuresti\/wp-content\/uploads\/9-2-96x96.jpg1e8590b30871d70e62ebcdaf2eff570c","url":"https:\/\/buletin.de\/bucuresti\/wp-content\/uploads\/9-2-96x96.jpg","contentUrl":"https:\/\/buletin.de\/bucuresti\/wp-content\/uploads\/9-2-96x96.jpg","caption":"Diana Matei"},"url":"https:\/\/buletin.de\/bucuresti\/author\/dianamatei\/"}]}},"authors":[{"term_id":22574,"user_id":49,"is_guest":0,"slug":"dianamatei","display_name":"Diana Matei","avatar_url":"https:\/\/buletin.de\/bucuresti\/wp-content\/uploads\/9-2-96x96.jpg","0":null,"1":"","2":"","3":"","4":"","5":"","6":"","7":"","8":""}],"_links":{"self":[{"href":"https:\/\/buletin.de\/bucuresti\/wp-json\/wp\/v2\/posts\/87616","targetHints":{"allow":["GET"]}}],"collection":[{"href":"https:\/\/buletin.de\/bucuresti\/wp-json\/wp\/v2\/posts"}],"about":[{"href":"https:\/\/buletin.de\/bucuresti\/wp-json\/wp\/v2\/types\/post"}],"author":[{"embeddable":true,"href":"https:\/\/buletin.de\/bucuresti\/wp-json\/wp\/v2\/users\/49"}],"replies":[{"embeddable":true,"href":"https:\/\/buletin.de\/bucuresti\/wp-json\/wp\/v2\/comments?post=87616"}],"version-history":[{"count":3,"href":"https:\/\/buletin.de\/bucuresti\/wp-json\/wp\/v2\/posts\/87616\/revisions"}],"predecessor-version":[{"id":87677,"href":"https:\/\/buletin.de\/bucuresti\/wp-json\/wp\/v2\/posts\/87616\/revisions\/87677"}],"wp:featuredmedia":[{"embeddable":true,"href":"https:\/\/buletin.de\/bucuresti\/wp-json\/wp\/v2\/media\/87617"}],"wp:attachment":[{"href":"https:\/\/buletin.de\/bucuresti\/wp-json\/wp\/v2\/media?parent=87616"}],"wp:term":[{"taxonomy":"category","embeddable":true,"href":"https:\/\/buletin.de\/bucuresti\/wp-json\/wp\/v2\/categories?post=87616"},{"taxonomy":"post_tag","embeddable":true,"href":"https:\/\/buletin.de\/bucuresti\/wp-json\/wp\/v2\/tags?post=87616"},{"taxonomy":"author","embeddable":true,"href":"https:\/\/buletin.de\/bucuresti\/wp-json\/wp\/v2\/ppma_author?post=87616"}],"curies":[{"name":"wp","href":"https:\/\/api.w.org\/{rel}","templated":true}]}}