{"id":87601,"date":"2024-06-06T16:13:37","date_gmt":"2024-06-06T13:13:37","guid":{"rendered":"https:\/\/buletin.de\/bucuresti\/?p=87601"},"modified":"2024-06-06T17:48:22","modified_gmt":"2024-06-06T14:48:22","slug":"meciul-romania-liechtenstein-prelungeste-orarul-pentru-sapte-linii-stb","status":"publish","type":"post","link":"https:\/\/buletin.de\/bucuresti\/meciul-romania-liechtenstein-prelungeste-orarul-pentru-sapte-linii-stb\/","title":{"rendered":"Meciul Rom\u00e2nia &#8211; Liechtenstein prelunge\u0219te orarul pentru \u0219apte linii STB"},"content":{"rendered":"\n<p><strong>TPBI prelunge\u0219te orarul pentru \u0219apte linii, vineri, 7 iunie. M\u0103sura se impune \u00een contextul meciului Rom\u00e2nia &#8211; Liechtenstein.<\/strong><\/p>\n\n\n\n<p>Asocia\u021bia de Dezvoltare Intercomunitar\u0103 pentru Transport Public Bucure\u0219ti \u2013 Ilfov (TPBI) a dispus prelungirea programului de circula\u021bie,  pentru preluarea spectatorilor de la<strong>&nbsp;<\/strong>meci.<\/p>\n\n\n\n<p>Astfel, liniile de tramvai 41 \u0219i 47 \u0219i liniile de autobuz 122, 138, 232, 385 \u0219i 484\u00a0vor avea ultimele plec\u0103ri, din zona stadionului, \u00een jurul orei 00:30.<\/p>\n\n\n\n<p>De asemenea, tot de m\u00e2ine, pe traseul liniei metropolitane 483, pe sens \u201eLujerului\u201d, se \u00eenfiin\u021beaz\u0103 3 sta\u021bii:<\/p>\n\n\n\n<ul class=\"wp-block-list\">\n<li>Rezervelor;<\/li>\n\n\n\n<li>Acvila;<\/li>\n\n\n\n<li>R\u0103zorului. <\/li>\n<\/ul>\n\n\n\n<p>Meciul amical <strong>de fotbal Rom\u00e2nia &#8211; Liechtenstein<\/strong> este programat la ora <strong>21:00<\/strong>, pe stadionul \u201eSteaua\u201d. Este cel de-al doilea meci de preg\u0103tire \u00eenainte de EURO 2024. \u00cen prima partid\u0103, Rom\u00e2nia a terminat la egalitate, 0\u20110, cu Bulgaria.<\/p>\n\n\n\n<h2 class=\"wp-block-heading\">Programul Rom\u00e2niei la Euro 2024<\/h2>\n\n\n\n<p>Pe 17 iunie, de la ora 16:00, Rom\u00e2nia va \u00eenfrunta Ucraina pe stadionul lui Bayern Munchen, Allianz Arena. Pe 22 iunie, de la ora 22:00, va avea loc Belgia \u2013 Rom\u00e2nia pe stadionul Rhein Energie, din Koln. \u00cen ultimul meci din grupe, Rom\u00e2nia va juca \u00eempotriva Slovaciei, pe 26 iunie, de la ora 19:00, pe Waldstadion, din Frankfurt.<\/p>\n\n\n\n<p><strong>CITE\u0218TE \u0218I:<\/strong><\/p>\n\n\n\n<figure class=\"wp-block-embed is-type-wp-embed is-provider-buletin-de-bucure-ti wp-block-embed-buletin-de-bucure-ti\"><div class=\"wp-block-embed__wrapper\">\n<blockquote class=\"wp-embedded-content\" data-secret=\"7shM0vfIgN\"><a href=\"https:\/\/buletin.de\/bucuresti\/tpbi-linia-de-autobuz-116-prelungita-pana-la-gara-progresul\/\">TPBI | Linia de autobuz 116, prelungit\u0103 p\u00e2n\u0103 la Gara Progresul<\/a><\/blockquote><iframe class=\"wp-embedded-content\" sandbox=\"allow-scripts\" security=\"restricted\" style=\"position: absolute; clip: rect(1px, 1px, 1px, 1px);\" title=\"&#8220;TPBI | Linia de autobuz 116, prelungit\u0103 p\u00e2n\u0103 la Gara Progresul&#8221; &#8212; Buletin de Bucure\u0219ti\" src=\"https:\/\/buletin.de\/bucuresti\/tpbi-linia-de-autobuz-116-prelungita-pana-la-gara-progresul\/embed\/#?secret=wGTT5XTX9g#?secret=7shM0vfIgN\" data-secret=\"7shM0vfIgN\" width=\"600\" height=\"338\" frameborder=\"0\" marginwidth=\"0\" marginheight=\"0\" scrolling=\"no\"><\/iframe>\n<\/div><\/figure>\n\n\n\n<p><br><\/p>\n","protected":false},"excerpt":{"rendered":"<p>TPBI prelunge\u0219te orarul pentru \u0219apte linii, vineri, 7 iunie. M\u0103sura se impune \u00een contextul meciului Rom\u00e2nia &#8211; Liechtenstein. Asocia\u021bia de Dezvoltare Intercomunitar\u0103 pentru Transport Public Bucure\u0219ti \u2013 Ilfov (TPBI) a dispus prelungirea programului de circula\u021bie, pentru preluarea spectatorilor de la&nbsp;meci. Astfel, liniile de tramvai 41 \u0219i 47 \u0219i liniile de autobuz 122, 138, 232, 385 [&hellip;]<\/p>\n","protected":false},"author":49,"featured_media":75467,"comment_status":"closed","ping_status":"open","sticky":false,"template":"","format":"standard","meta":{"_acf_changed":false,"inline_featured_image":false,"ngg_post_thumbnail":0,"footnotes":""},"categories":[6994,62,650],"tags":[12463,9573,1494,4836,12567],"ppma_author":[22574],"class_list":["post-87601","post","type-post","status-publish","format-standard","has-post-thumbnail","hentry","category-stiri-2","category-stiri","category-transport","tag-linia-122","tag-linia-138","tag-linia-41","tag-linia-484","tag-romania-liechtenstein"],"acf":[],"yoast_head":"<!-- This site is optimized with the Yoast SEO Premium plugin v25.3 (Yoast SEO v27.4) - https:\/\/yoast.com\/product\/yoast-seo-premium-wordpress\/ -->\n<title>Meciul Rom\u00e2nia - Liechtenstein prelunge\u0219te orarul pentru \u0219apte linii STB - Buletin de Bucure\u0219ti<\/title>\n<meta name=\"robots\" content=\"index, follow, max-snippet:-1, max-image-preview:large, max-video-preview:-1\" \/>\n<link rel=\"canonical\" href=\"https:\/\/buletin.de\/bucuresti\/meciul-romania-liechtenstein-prelungeste-orarul-pentru-sapte-linii-stb\/\" \/>\n<meta property=\"og:locale\" content=\"en_GB\" \/>\n<meta property=\"og:type\" content=\"article\" \/>\n<meta property=\"og:title\" content=\"Meciul Rom\u00e2nia - Liechtenstein prelunge\u0219te orarul pentru \u0219apte linii STB\" \/>\n<meta property=\"og:description\" content=\"TPBI prelunge\u0219te orarul pentru \u0219apte linii, vineri, 7 iunie. M\u0103sura se impune \u00een contextul meciului Rom\u00e2nia &#8211; Liechtenstein. Asocia\u021bia de Dezvoltare Intercomunitar\u0103 pentru Transport Public Bucure\u0219ti \u2013 Ilfov (TPBI) a dispus prelungirea programului de circula\u021bie, pentru preluarea spectatorilor de la&nbsp;meci. Astfel, liniile de tramvai 41 \u0219i 47 \u0219i liniile de autobuz 122, 138, 232, 385 [&hellip;]\" \/>\n<meta property=\"og:url\" content=\"https:\/\/buletin.de\/bucuresti\/meciul-romania-liechtenstein-prelungeste-orarul-pentru-sapte-linii-stb\/\" \/>\n<meta property=\"og:site_name\" content=\"Buletin de Bucure\u0219ti\" \/>\n<meta property=\"article:publisher\" content=\"https:\/\/www.facebook.com\/buletin.de.buc\" \/>\n<meta property=\"article:published_time\" content=\"2024-06-06T13:13:37+00:00\" \/>\n<meta property=\"article:modified_time\" content=\"2024-06-06T14:48:22+00:00\" \/>\n<meta property=\"og:image\" content=\"https:\/\/buletin.de\/bucuresti\/wp-content\/uploads\/statia-stadion-steaua.jpeg\" \/>\n\t<meta property=\"og:image:width\" content=\"1600\" \/>\n\t<meta property=\"og:image:height\" content=\"1066\" \/>\n\t<meta property=\"og:image:type\" content=\"image\/jpeg\" \/>\n<meta name=\"author\" content=\"Diana Matei\" \/>\n<meta name=\"twitter:card\" content=\"summary_large_image\" \/>\n<meta name=\"twitter:label1\" content=\"Written by\" \/>\n\t<meta name=\"twitter:data1\" content=\"Diana Matei\" \/>\n\t<meta name=\"twitter:label2\" content=\"Estimated reading time\" \/>\n\t<meta name=\"twitter:data2\" content=\"2 minutes\" \/>\n<script type=\"application\/ld+json\" class=\"yoast-schema-graph\">{\"@context\":\"https:\\\/\\\/schema.org\",\"@graph\":[{\"@type\":\"Article\",\"@id\":\"https:\\\/\\\/buletin.de\\\/bucuresti\\\/meciul-romania-liechtenstein-prelungeste-orarul-pentru-sapte-linii-stb\\\/#article\",\"isPartOf\":{\"@id\":\"https:\\\/\\\/buletin.de\\\/bucuresti\\\/meciul-romania-liechtenstein-prelungeste-orarul-pentru-sapte-linii-stb\\\/\"},\"author\":{\"name\":\"Diana Matei\",\"@id\":\"https:\\\/\\\/buletin.de\\\/bucuresti\\\/#\\\/schema\\\/person\\\/7e46040573290777280a0835d81ea4ea\"},\"headline\":\"Meciul Rom\u00e2nia &#8211; Liechtenstein prelunge\u0219te orarul pentru \u0219apte linii STB\",\"datePublished\":\"2024-06-06T13:13:37+00:00\",\"dateModified\":\"2024-06-06T14:48:22+00:00\",\"mainEntityOfPage\":{\"@id\":\"https:\\\/\\\/buletin.de\\\/bucuresti\\\/meciul-romania-liechtenstein-prelungeste-orarul-pentru-sapte-linii-stb\\\/\"},\"wordCount\":206,\"publisher\":{\"@id\":\"https:\\\/\\\/buletin.de\\\/bucuresti\\\/#organization\"},\"image\":{\"@id\":\"https:\\\/\\\/buletin.de\\\/bucuresti\\\/meciul-romania-liechtenstein-prelungeste-orarul-pentru-sapte-linii-stb\\\/#primaryimage\"},\"thumbnailUrl\":\"https:\\\/\\\/buletin.de\\\/bucuresti\\\/wp-content\\\/uploads\\\/statia-stadion-steaua.jpeg\",\"keywords\":[\"linia 122\",\"Linia 138\",\"linia 41\",\"linia 484\",\"Rom\u00e2nia - Liechtenstein\"],\"articleSection\":[\"Articole\",\"\u0218tiri\",\"Transport\"],\"inLanguage\":\"en-GB\",\"copyrightYear\":\"2024\",\"copyrightHolder\":{\"@id\":\"https:\\\/\\\/buletin.de\\\/bucuresti\\\/#organization\"}},{\"@type\":\"WebPage\",\"@id\":\"https:\\\/\\\/buletin.de\\\/bucuresti\\\/meciul-romania-liechtenstein-prelungeste-orarul-pentru-sapte-linii-stb\\\/\",\"url\":\"https:\\\/\\\/buletin.de\\\/bucuresti\\\/meciul-romania-liechtenstein-prelungeste-orarul-pentru-sapte-linii-stb\\\/\",\"name\":\"Meciul Rom\u00e2nia - Liechtenstein prelunge\u0219te orarul pentru \u0219apte linii STB - Buletin de Bucure\u0219ti\",\"isPartOf\":{\"@id\":\"https:\\\/\\\/buletin.de\\\/bucuresti\\\/#website\"},\"primaryImageOfPage\":{\"@id\":\"https:\\\/\\\/buletin.de\\\/bucuresti\\\/meciul-romania-liechtenstein-prelungeste-orarul-pentru-sapte-linii-stb\\\/#primaryimage\"},\"image\":{\"@id\":\"https:\\\/\\\/buletin.de\\\/bucuresti\\\/meciul-romania-liechtenstein-prelungeste-orarul-pentru-sapte-linii-stb\\\/#primaryimage\"},\"thumbnailUrl\":\"https:\\\/\\\/buletin.de\\\/bucuresti\\\/wp-content\\\/uploads\\\/statia-stadion-steaua.jpeg\",\"datePublished\":\"2024-06-06T13:13:37+00:00\",\"dateModified\":\"2024-06-06T14:48:22+00:00\",\"breadcrumb\":{\"@id\":\"https:\\\/\\\/buletin.de\\\/bucuresti\\\/meciul-romania-liechtenstein-prelungeste-orarul-pentru-sapte-linii-stb\\\/#breadcrumb\"},\"inLanguage\":\"en-GB\",\"potentialAction\":[{\"@type\":\"ReadAction\",\"target\":[\"https:\\\/\\\/buletin.de\\\/bucuresti\\\/meciul-romania-liechtenstein-prelungeste-orarul-pentru-sapte-linii-stb\\\/\"]}]},{\"@type\":\"ImageObject\",\"inLanguage\":\"en-GB\",\"@id\":\"https:\\\/\\\/buletin.de\\\/bucuresti\\\/meciul-romania-liechtenstein-prelungeste-orarul-pentru-sapte-linii-stb\\\/#primaryimage\",\"url\":\"https:\\\/\\\/buletin.de\\\/bucuresti\\\/wp-content\\\/uploads\\\/statia-stadion-steaua.jpeg\",\"contentUrl\":\"https:\\\/\\\/buletin.de\\\/bucuresti\\\/wp-content\\\/uploads\\\/statia-stadion-steaua.jpeg\",\"width\":1600,\"height\":1066,\"caption\":\"Foto: Facebook\\\/George Ogararu\"},{\"@type\":\"BreadcrumbList\",\"@id\":\"https:\\\/\\\/buletin.de\\\/bucuresti\\\/meciul-romania-liechtenstein-prelungeste-orarul-pentru-sapte-linii-stb\\\/#breadcrumb\",\"itemListElement\":[{\"@type\":\"ListItem\",\"position\":1,\"name\":\"Acas\u0103\",\"item\":\"https:\\\/\\\/buletin.de\\\/bucuresti\\\/\"},{\"@type\":\"ListItem\",\"position\":2,\"name\":\"Meciul Rom\u00e2nia &#8211; Liechtenstein prelunge\u0219te orarul pentru \u0219apte linii STB\"}]},{\"@type\":\"WebSite\",\"@id\":\"https:\\\/\\\/buletin.de\\\/bucuresti\\\/#website\",\"url\":\"https:\\\/\\\/buletin.de\\\/bucuresti\\\/\",\"name\":\"Buletin de Bucure\u0219ti\",\"description\":\"\u0218tiri \u0219i investiga\u021bii esen\u021biale din capital\u0103\",\"publisher\":{\"@id\":\"https:\\\/\\\/buletin.de\\\/bucuresti\\\/#organization\"},\"potentialAction\":[{\"@type\":\"SearchAction\",\"target\":{\"@type\":\"EntryPoint\",\"urlTemplate\":\"https:\\\/\\\/buletin.de\\\/bucuresti\\\/?s={search_term_string}\"},\"query-input\":{\"@type\":\"PropertyValueSpecification\",\"valueRequired\":true,\"valueName\":\"search_term_string\"}}],\"inLanguage\":\"en-GB\"},{\"@type\":\"Organization\",\"@id\":\"https:\\\/\\\/buletin.de\\\/bucuresti\\\/#organization\",\"name\":\"Buletin de Bucure\u0219ti\",\"url\":\"https:\\\/\\\/buletin.de\\\/bucuresti\\\/\",\"logo\":{\"@type\":\"ImageObject\",\"inLanguage\":\"en-GB\",\"@id\":\"https:\\\/\\\/buletin.de\\\/bucuresti\\\/#\\\/schema\\\/logo\\\/image\\\/\",\"url\":\"https:\\\/\\\/buletin.de\\\/bucuresti\\\/wp-content\\\/uploads\\\/logo-bdb-full-wide-vernil-transparent.png\",\"contentUrl\":\"https:\\\/\\\/buletin.de\\\/bucuresti\\\/wp-content\\\/uploads\\\/logo-bdb-full-wide-vernil-transparent.png\",\"width\":1782,\"height\":626,\"caption\":\"Buletin de Bucure\u0219ti\"},\"image\":{\"@id\":\"https:\\\/\\\/buletin.de\\\/bucuresti\\\/#\\\/schema\\\/logo\\\/image\\\/\"},\"sameAs\":[\"https:\\\/\\\/www.facebook.com\\\/buletin.de.buc\",\"https:\\\/\\\/www.instagram.com\\\/buletinde.bucuresti\\\/\"]},{\"@type\":\"Person\",\"@id\":\"https:\\\/\\\/buletin.de\\\/bucuresti\\\/#\\\/schema\\\/person\\\/7e46040573290777280a0835d81ea4ea\",\"name\":\"Diana Matei\",\"image\":{\"@type\":\"ImageObject\",\"inLanguage\":\"en-GB\",\"@id\":\"https:\\\/\\\/buletin.de\\\/bucuresti\\\/wp-content\\\/uploads\\\/9-2-96x96.jpg1e8590b30871d70e62ebcdaf2eff570c\",\"url\":\"https:\\\/\\\/buletin.de\\\/bucuresti\\\/wp-content\\\/uploads\\\/9-2-96x96.jpg\",\"contentUrl\":\"https:\\\/\\\/buletin.de\\\/bucuresti\\\/wp-content\\\/uploads\\\/9-2-96x96.jpg\",\"caption\":\"Diana Matei\"},\"url\":\"https:\\\/\\\/buletin.de\\\/bucuresti\\\/author\\\/dianamatei\\\/\"}]}<\/script>\n<!-- \/ Yoast SEO Premium plugin. -->","yoast_head_json":{"title":"Meciul Rom\u00e2nia - Liechtenstein prelunge\u0219te orarul pentru \u0219apte linii STB - Buletin de Bucure\u0219ti","robots":{"index":"index","follow":"follow","max-snippet":"max-snippet:-1","max-image-preview":"max-image-preview:large","max-video-preview":"max-video-preview:-1"},"canonical":"https:\/\/buletin.de\/bucuresti\/meciul-romania-liechtenstein-prelungeste-orarul-pentru-sapte-linii-stb\/","og_locale":"en_GB","og_type":"article","og_title":"Meciul Rom\u00e2nia - Liechtenstein prelunge\u0219te orarul pentru \u0219apte linii STB","og_description":"TPBI prelunge\u0219te orarul pentru \u0219apte linii, vineri, 7 iunie. M\u0103sura se impune \u00een contextul meciului Rom\u00e2nia &#8211; Liechtenstein. Asocia\u021bia de Dezvoltare Intercomunitar\u0103 pentru Transport Public Bucure\u0219ti \u2013 Ilfov (TPBI) a dispus prelungirea programului de circula\u021bie, pentru preluarea spectatorilor de la&nbsp;meci. Astfel, liniile de tramvai 41 \u0219i 47 \u0219i liniile de autobuz 122, 138, 232, 385 [&hellip;]","og_url":"https:\/\/buletin.de\/bucuresti\/meciul-romania-liechtenstein-prelungeste-orarul-pentru-sapte-linii-stb\/","og_site_name":"Buletin de Bucure\u0219ti","article_publisher":"https:\/\/www.facebook.com\/buletin.de.buc","article_published_time":"2024-06-06T13:13:37+00:00","article_modified_time":"2024-06-06T14:48:22+00:00","og_image":[{"width":1600,"height":1066,"url":"https:\/\/buletin.de\/bucuresti\/wp-content\/uploads\/statia-stadion-steaua.jpeg","type":"image\/jpeg"}],"author":"Diana Matei","twitter_card":"summary_large_image","twitter_misc":{"Written by":"Diana Matei","Estimated reading time":"2 minutes"},"schema":{"@context":"https:\/\/schema.org","@graph":[{"@type":"Article","@id":"https:\/\/buletin.de\/bucuresti\/meciul-romania-liechtenstein-prelungeste-orarul-pentru-sapte-linii-stb\/#article","isPartOf":{"@id":"https:\/\/buletin.de\/bucuresti\/meciul-romania-liechtenstein-prelungeste-orarul-pentru-sapte-linii-stb\/"},"author":{"name":"Diana Matei","@id":"https:\/\/buletin.de\/bucuresti\/#\/schema\/person\/7e46040573290777280a0835d81ea4ea"},"headline":"Meciul Rom\u00e2nia &#8211; Liechtenstein prelunge\u0219te orarul pentru \u0219apte linii STB","datePublished":"2024-06-06T13:13:37+00:00","dateModified":"2024-06-06T14:48:22+00:00","mainEntityOfPage":{"@id":"https:\/\/buletin.de\/bucuresti\/meciul-romania-liechtenstein-prelungeste-orarul-pentru-sapte-linii-stb\/"},"wordCount":206,"publisher":{"@id":"https:\/\/buletin.de\/bucuresti\/#organization"},"image":{"@id":"https:\/\/buletin.de\/bucuresti\/meciul-romania-liechtenstein-prelungeste-orarul-pentru-sapte-linii-stb\/#primaryimage"},"thumbnailUrl":"https:\/\/buletin.de\/bucuresti\/wp-content\/uploads\/statia-stadion-steaua.jpeg","keywords":["linia 122","Linia 138","linia 41","linia 484","Rom\u00e2nia - Liechtenstein"],"articleSection":["Articole","\u0218tiri","Transport"],"inLanguage":"en-GB","copyrightYear":"2024","copyrightHolder":{"@id":"https:\/\/buletin.de\/bucuresti\/#organization"}},{"@type":"WebPage","@id":"https:\/\/buletin.de\/bucuresti\/meciul-romania-liechtenstein-prelungeste-orarul-pentru-sapte-linii-stb\/","url":"https:\/\/buletin.de\/bucuresti\/meciul-romania-liechtenstein-prelungeste-orarul-pentru-sapte-linii-stb\/","name":"Meciul Rom\u00e2nia - Liechtenstein prelunge\u0219te orarul pentru \u0219apte linii STB - Buletin de Bucure\u0219ti","isPartOf":{"@id":"https:\/\/buletin.de\/bucuresti\/#website"},"primaryImageOfPage":{"@id":"https:\/\/buletin.de\/bucuresti\/meciul-romania-liechtenstein-prelungeste-orarul-pentru-sapte-linii-stb\/#primaryimage"},"image":{"@id":"https:\/\/buletin.de\/bucuresti\/meciul-romania-liechtenstein-prelungeste-orarul-pentru-sapte-linii-stb\/#primaryimage"},"thumbnailUrl":"https:\/\/buletin.de\/bucuresti\/wp-content\/uploads\/statia-stadion-steaua.jpeg","datePublished":"2024-06-06T13:13:37+00:00","dateModified":"2024-06-06T14:48:22+00:00","breadcrumb":{"@id":"https:\/\/buletin.de\/bucuresti\/meciul-romania-liechtenstein-prelungeste-orarul-pentru-sapte-linii-stb\/#breadcrumb"},"inLanguage":"en-GB","potentialAction":[{"@type":"ReadAction","target":["https:\/\/buletin.de\/bucuresti\/meciul-romania-liechtenstein-prelungeste-orarul-pentru-sapte-linii-stb\/"]}]},{"@type":"ImageObject","inLanguage":"en-GB","@id":"https:\/\/buletin.de\/bucuresti\/meciul-romania-liechtenstein-prelungeste-orarul-pentru-sapte-linii-stb\/#primaryimage","url":"https:\/\/buletin.de\/bucuresti\/wp-content\/uploads\/statia-stadion-steaua.jpeg","contentUrl":"https:\/\/buletin.de\/bucuresti\/wp-content\/uploads\/statia-stadion-steaua.jpeg","width":1600,"height":1066,"caption":"Foto: Facebook\/George Ogararu"},{"@type":"BreadcrumbList","@id":"https:\/\/buletin.de\/bucuresti\/meciul-romania-liechtenstein-prelungeste-orarul-pentru-sapte-linii-stb\/#breadcrumb","itemListElement":[{"@type":"ListItem","position":1,"name":"Acas\u0103","item":"https:\/\/buletin.de\/bucuresti\/"},{"@type":"ListItem","position":2,"name":"Meciul Rom\u00e2nia &#8211; Liechtenstein prelunge\u0219te orarul pentru \u0219apte linii STB"}]},{"@type":"WebSite","@id":"https:\/\/buletin.de\/bucuresti\/#website","url":"https:\/\/buletin.de\/bucuresti\/","name":"Buletin de Bucure\u0219ti","description":"\u0218tiri \u0219i investiga\u021bii esen\u021biale din capital\u0103","publisher":{"@id":"https:\/\/buletin.de\/bucuresti\/#organization"},"potentialAction":[{"@type":"SearchAction","target":{"@type":"EntryPoint","urlTemplate":"https:\/\/buletin.de\/bucuresti\/?s={search_term_string}"},"query-input":{"@type":"PropertyValueSpecification","valueRequired":true,"valueName":"search_term_string"}}],"inLanguage":"en-GB"},{"@type":"Organization","@id":"https:\/\/buletin.de\/bucuresti\/#organization","name":"Buletin de Bucure\u0219ti","url":"https:\/\/buletin.de\/bucuresti\/","logo":{"@type":"ImageObject","inLanguage":"en-GB","@id":"https:\/\/buletin.de\/bucuresti\/#\/schema\/logo\/image\/","url":"https:\/\/buletin.de\/bucuresti\/wp-content\/uploads\/logo-bdb-full-wide-vernil-transparent.png","contentUrl":"https:\/\/buletin.de\/bucuresti\/wp-content\/uploads\/logo-bdb-full-wide-vernil-transparent.png","width":1782,"height":626,"caption":"Buletin de Bucure\u0219ti"},"image":{"@id":"https:\/\/buletin.de\/bucuresti\/#\/schema\/logo\/image\/"},"sameAs":["https:\/\/www.facebook.com\/buletin.de.buc","https:\/\/www.instagram.com\/buletinde.bucuresti\/"]},{"@type":"Person","@id":"https:\/\/buletin.de\/bucuresti\/#\/schema\/person\/7e46040573290777280a0835d81ea4ea","name":"Diana Matei","image":{"@type":"ImageObject","inLanguage":"en-GB","@id":"https:\/\/buletin.de\/bucuresti\/wp-content\/uploads\/9-2-96x96.jpg1e8590b30871d70e62ebcdaf2eff570c","url":"https:\/\/buletin.de\/bucuresti\/wp-content\/uploads\/9-2-96x96.jpg","contentUrl":"https:\/\/buletin.de\/bucuresti\/wp-content\/uploads\/9-2-96x96.jpg","caption":"Diana Matei"},"url":"https:\/\/buletin.de\/bucuresti\/author\/dianamatei\/"}]}},"authors":[{"term_id":22574,"user_id":49,"is_guest":0,"slug":"dianamatei","display_name":"Diana Matei","avatar_url":"https:\/\/buletin.de\/bucuresti\/wp-content\/uploads\/9-2-96x96.jpg","0":null,"1":"","2":"","3":"","4":"","5":"","6":"","7":"","8":""}],"_links":{"self":[{"href":"https:\/\/buletin.de\/bucuresti\/wp-json\/wp\/v2\/posts\/87601","targetHints":{"allow":["GET"]}}],"collection":[{"href":"https:\/\/buletin.de\/bucuresti\/wp-json\/wp\/v2\/posts"}],"about":[{"href":"https:\/\/buletin.de\/bucuresti\/wp-json\/wp\/v2\/types\/post"}],"author":[{"embeddable":true,"href":"https:\/\/buletin.de\/bucuresti\/wp-json\/wp\/v2\/users\/49"}],"replies":[{"embeddable":true,"href":"https:\/\/buletin.de\/bucuresti\/wp-json\/wp\/v2\/comments?post=87601"}],"version-history":[{"count":3,"href":"https:\/\/buletin.de\/bucuresti\/wp-json\/wp\/v2\/posts\/87601\/revisions"}],"predecessor-version":[{"id":87615,"href":"https:\/\/buletin.de\/bucuresti\/wp-json\/wp\/v2\/posts\/87601\/revisions\/87615"}],"wp:featuredmedia":[{"embeddable":true,"href":"https:\/\/buletin.de\/bucuresti\/wp-json\/wp\/v2\/media\/75467"}],"wp:attachment":[{"href":"https:\/\/buletin.de\/bucuresti\/wp-json\/wp\/v2\/media?parent=87601"}],"wp:term":[{"taxonomy":"category","embeddable":true,"href":"https:\/\/buletin.de\/bucuresti\/wp-json\/wp\/v2\/categories?post=87601"},{"taxonomy":"post_tag","embeddable":true,"href":"https:\/\/buletin.de\/bucuresti\/wp-json\/wp\/v2\/tags?post=87601"},{"taxonomy":"author","embeddable":true,"href":"https:\/\/buletin.de\/bucuresti\/wp-json\/wp\/v2\/ppma_author?post=87601"}],"curies":[{"name":"wp","href":"https:\/\/api.w.org\/{rel}","templated":true}]}}