{"id":87526,"date":"2024-06-07T07:00:00","date_gmt":"2024-06-07T04:00:00","guid":{"rendered":"https:\/\/buletin.de\/bucuresti\/?p=87526"},"modified":"2024-06-07T15:02:00","modified_gmt":"2024-06-07T12:02:00","slug":"sector-6-unda-verde-de-la-guvern-pentru-infiintarea-spitalului-care-va-fi-construit-pe-bulevardul-timisoara","status":"publish","type":"post","link":"https:\/\/buletin.de\/bucuresti\/sector-6-unda-verde-de-la-guvern-pentru-infiintarea-spitalului-care-va-fi-construit-pe-bulevardul-timisoara\/","title":{"rendered":"Sector 6 |\u00a0Und\u0103 verde de la Guvern pentru \u00eenfiin\u021barea spitalului care va fi construit pe bulevardul Timi\u0219oara"},"content":{"rendered":"\n<p><strong>Guvernul a aprobat ieri, 6 iunie, \u00eenfiin\u021barea primului spital generalist din sector ca entitate juridic\u0103. Noua unitate medical\u0103 ar urma s\u0103 aib\u0103 307 paturi, dintre care 275 de spitalizare continu\u0103 \u0219i 50 cu spitalizare de zi. Valoarea total\u0103 a investi\u021biei se ridic\u0103 la peste 145 milioane de euro, anun\u021b\u0103 Prim\u0103ria Sectorului 6.<\/strong><\/p>\n\n\n\n<p>Potrivit comunicatului de pres\u0103, spitalul va cuprinde:<\/p>\n\n\n\n<ul class=\"wp-block-list\">\n<li>307 paturi (257 cu spitalizare continu\u0103 \u0219i 50 cu spitalizare de zi);<\/li>\n\n\n\n<li>8 s\u0103li de opera\u021bii;<\/li>\n\n\n\n<li>7 s\u0103li de na\u0219teri;<\/li>\n\n\n\n<li>75 de cabinete medicale;<\/li>\n\n\n\n<li>8 sec\u021bii: Cardiologie, Chirurgie, Medicin\u0103 intern\u0103, Neonatologie, Neurologie, Obstetric\u0103 Ginecologie, Unitate de Terapie Intensiv\u0103 adul\u021bi si Unitate Terapie Intensiv\u0103 neonatologie;<\/li>\n\n\n\n<li>1 compartiment de primiri urgen\u021be de 1.689 mp<\/li>\n\n\n\n<li>33 de specialit\u0103\u021bi<\/li>\n\n\n\n<li>1 clinic\u0103 de recuperare<\/li>\n\n\n\n<li>365 locuri de parcare<\/li>\n\n\n\n<li>laboratoare \u0219i farmacie cu circuit \u00eenchis\u201d<\/li>\n<\/ul>\n\n\n\n<p>Ini\u021bial, <a href=\"https:\/\/buletin.de\/bucuresti\/sector-6-a-ajuns-prima-transa-de-bani-europeni-pentru-spitalul-promis-pe-bulevardul-timisoara\/\">Prim\u0103ria Sectorului 6 anun\u021base c\u0103 spitalul va avea \u0219i sec\u021bii de Ortopedie \u0219i Oncologie.<\/a><\/p>\n\n\n\n<figure class=\"wp-block-image\"><img fetchpriority=\"high\" decoding=\"async\" width=\"900\" height=\"537\" src=\"data:image\/gif;base64,R0lGODlhAQABAAAAACH5BAEKAAEALAAAAAABAAEAAAICTAEAOw==\" data-src=\"https:\/\/buletin.de\/bucuresti\/wp-content\/uploads\/Spital-Timisoara-900x537.jpg\" alt=\"\" class=\"wp-image-79352 lazyload\" data-sizes=\"auto\" data-srcset=\"https:\/\/buletin.de\/bucuresti\/wp-content\/uploads\/Spital-Timisoara-900x537.jpg 900w, https:\/\/buletin.de\/bucuresti\/wp-content\/uploads\/Spital-Timisoara-300x179.jpg 300w, https:\/\/buletin.de\/bucuresti\/wp-content\/uploads\/Spital-Timisoara-768x458.jpg 768w, https:\/\/buletin.de\/bucuresti\/wp-content\/uploads\/Spital-Timisoara-600x358.jpg 600w, https:\/\/buletin.de\/bucuresti\/wp-content\/uploads\/Spital-Timisoara-20x12.jpg 20w, https:\/\/buletin.de\/bucuresti\/wp-content\/uploads\/Spital-Timisoara.jpg 960w\" sizes=\"(max-width: 900px) 100vw, 900px\" \/><figcaption class=\"wp-element-caption\">FOTO: primarie6.ro<\/figcaption><\/figure>\n\n\n\n<p>Potrivit legii, construirea spitalului nu ar fi fost posibil\u0103 f\u0103r\u0103 hot\u0103r\u00e2rea emis\u0103 de Guvern. \u00cen plus, proiectul este acum eligibil pentru a primi finan\u021bare inclusiv din fonduri europene (Programul Opera\u021bional de S\u0103n\u0103tate) \u0219i din fonduri guvernamentale.<\/p>\n\n\n\n<p>Jum\u0103tate din cheltuieli sunt asigurate printr-un credit extern la Banca de Dezvoltare a Consiliului Europei (BCDE), contractul de finan\u021bare \u00een valoare de 72,9 milioane de euro fiind semnat chiar s\u0103pt\u0103m\u00e2na trecut\u0103. Totodat\u0103, prima rund\u0103 de finan\u021bare a fost ob\u021binut\u0103 la finalul lunii mai. Cele 1,8 milioane de euro vor fi folosite pentru \u201easisten\u021b\u0103 tehnic\u0103\u201d, a\u0219a cum a scris Buletin de Bucure\u0219ti <strong><a href=\"https:\/\/buletin.de\/bucuresti\/sector-6-a-ajuns-prima-transa-de-bani-europeni-pentru-spitalul-promis-pe-bulevardul-timisoara\/\">aici<\/a><\/strong>. <\/p>\n\n\n\n<p>Restul sumei va fi asigurat\u0103 din alte surse de finan\u021bate: fonduri europene, bugetul local\/ de stat.<\/p>\n\n\n\n<figure class=\"wp-block-gallery has-nested-images columns-default is-cropped wp-block-gallery-1 is-layout-flex wp-block-gallery-is-layout-flex\">\n<figure class=\"wp-block-image size-large\"><img decoding=\"async\" width=\"851\" height=\"502\" data-id=\"79349\" src=\"data:image\/gif;base64,R0lGODlhAQABAAAAACH5BAEKAAEALAAAAAABAAEAAAICTAEAOw==\" data-src=\"https:\/\/buletin.de\/bucuresti\/wp-content\/uploads\/Spital-Main.jpg\" alt=\"\" class=\"wp-image-79349 lazyload\" data-sizes=\"auto\" data-srcset=\"https:\/\/buletin.de\/bucuresti\/wp-content\/uploads\/Spital-Main.jpg 851w, https:\/\/buletin.de\/bucuresti\/wp-content\/uploads\/Spital-Main-300x177.jpg 300w, https:\/\/buletin.de\/bucuresti\/wp-content\/uploads\/Spital-Main-768x453.jpg 768w, https:\/\/buletin.de\/bucuresti\/wp-content\/uploads\/Spital-Main-600x354.jpg 600w, https:\/\/buletin.de\/bucuresti\/wp-content\/uploads\/Spital-Main-20x12.jpg 20w\" sizes=\"(max-width: 851px) 100vw, 851px\" \/><\/figure>\n\n\n\n<figure class=\"wp-block-image size-large\"><img decoding=\"async\" width=\"900\" height=\"506\" data-id=\"83957\" src=\"data:image\/gif;base64,R0lGODlhAQABAAAAACH5BAEKAAEALAAAAAABAAEAAAICTAEAOw==\" data-src=\"https:\/\/buletin.de\/bucuresti\/wp-content\/uploads\/spital-900x506.jpg\" alt=\"\" class=\"wp-image-83957 lazyload\" data-sizes=\"auto\" data-srcset=\"https:\/\/buletin.de\/bucuresti\/wp-content\/uploads\/spital-900x506.jpg 900w, https:\/\/buletin.de\/bucuresti\/wp-content\/uploads\/spital-300x169.jpg 300w, https:\/\/buletin.de\/bucuresti\/wp-content\/uploads\/spital-768x432.jpg 768w, https:\/\/buletin.de\/bucuresti\/wp-content\/uploads\/spital-1100x619.jpg 1100w, https:\/\/buletin.de\/bucuresti\/wp-content\/uploads\/spital-600x338.jpg 600w, https:\/\/buletin.de\/bucuresti\/wp-content\/uploads\/spital-20x11.jpg 20w, https:\/\/buletin.de\/bucuresti\/wp-content\/uploads\/spital.jpg 1260w\" sizes=\"(max-width: 900px) 100vw, 900px\" \/><\/figure>\n<figcaption class=\"blocks-gallery-caption wp-element-caption\">FOTO: Prim\u0103ria Sectorului 6<\/figcaption><\/figure>\n\n\n\n<p>Amplasamentul viitorului spital se afl\u0103 la intersec\u021bia cartierelor Militari \u2013 Drumul Taberei, pe un teren de 33.328 mp, transmis din administrarea CGMB \u00een posesia Consiliului Local al Sectorului 6.<\/p>\n\n\n\n<p>De\u0219i exist\u0103 c\u00e2teva institu\u021bii medicale publice \u0219i numeroase farmacii, \u00een zon\u0103 nu exist\u0103 nicio unitate medical\u0103 de stat de anvergur\u0103. De asemenea, \u00een zona Giule\u0219ti-S\u00e2rbi, nu exist\u0103 nici m\u0103car un punct farmaceutic, pentru o comunitate de circa 5.000 de oameni.<\/p>\n\n\n\n<p>Lucr\u0103rile vor dura 3-4 ani, estimeaz\u0103 institu\u021bia condus\u0103 de Ciprian Ciucu. \u00cen acest moment, lucr\u0103rile pentru devierea re\u021belelor ce afecteaz\u0103 terenul sunt \u00een curs de finalizare. Totodat\u0103, prim\u0103ria este\u00a0<em>\u201e\u00een procedur\u0103 de achizi\u021bie a unui expert tehnic extern, specializat pe acest tip de proiect de investi\u021bii,\u00a0care s\u0103 realizeze caietul de sarcini pentru Proiectare, Execu\u021bie, Echipare \u0219i Mentenan\u021b\u0103. Acesta va sta la baza licita\u021biei pentru realizarea fizic\u0103 a spitalului<\/em>\u201d.<\/p>\n\n\n\n<figure class=\"wp-block-image size-large\"><img loading=\"lazy\" decoding=\"async\" width=\"900\" height=\"675\" src=\"data:image\/gif;base64,R0lGODlhAQABAAAAACH5BAEKAAEALAAAAAABAAEAAAICTAEAOw==\" data-src=\"https:\/\/buletin.de\/bucuresti\/wp-content\/uploads\/Teren-Spital-2-900x675.jpg\" alt=\"\" class=\"wp-image-79350 lazyload\" data-sizes=\"auto\" data-srcset=\"https:\/\/buletin.de\/bucuresti\/wp-content\/uploads\/Teren-Spital-2-900x675.jpg 900w, https:\/\/buletin.de\/bucuresti\/wp-content\/uploads\/Teren-Spital-2-300x225.jpg 300w, https:\/\/buletin.de\/bucuresti\/wp-content\/uploads\/Teren-Spital-2-768x576.jpg 768w, https:\/\/buletin.de\/bucuresti\/wp-content\/uploads\/Teren-Spital-2-600x450.jpg 600w, https:\/\/buletin.de\/bucuresti\/wp-content\/uploads\/Teren-Spital-2-20x15.jpg 20w, https:\/\/buletin.de\/bucuresti\/wp-content\/uploads\/Teren-Spital-2.jpg 1024w\" sizes=\"(max-width: 900px) 100vw, 900px\" \/><figcaption class=\"wp-element-caption\">FOTO: primarie6.ro<\/figcaption><\/figure>\n\n\n\n<p><a href=\"https:\/\/buletin.de\/bucuresti\/primul-spital-din-sectorul-6-planificat-la-intersectia-bulevardului-timisoara-cu-valea-cascadelor-terenul-de-33-ha-urmeaza-sa-fie-transferat-de-la-consiliul-general\/\">Planuri pentru construirea acestui spital exist\u0103 \u00eenc\u0103 din 2020, c\u00e2nd a fost adoptat\u0103 hot\u0103r\u00e2rea pentru transmiterea \u00een administrarea Consiliului Local al Sectorului 6 a terenului de 33.330 mp.<\/a><\/p>\n\n\n\n<p><strong>CITE\u0218TE \u0218I:<\/strong><\/p>\n\n\n\n<figure class=\"wp-block-embed is-type-wp-embed is-provider-buletin-de-bucure-ti wp-block-embed-buletin-de-bucure-ti\"><div class=\"wp-block-embed__wrapper\">\n<blockquote class=\"wp-embedded-content\" data-secret=\"udNaHqXn0D\"><a href=\"https:\/\/buletin.de\/bucuresti\/primul-spital-din-sectorul-6-votat-in-cgmb-investitia-a-fost-promisa-inca-din-2020\/\">Primul spital din Sectorul 6,\u00a0votat \u00een CGMB. Investi\u021bia a fost promis\u0103 \u00eenc\u0103 din 2020<\/a><\/blockquote><iframe class=\"wp-embedded-content\" sandbox=\"allow-scripts\" security=\"restricted\" style=\"position: absolute; clip: rect(1px, 1px, 1px, 1px);\" title=\"&#8220;Primul spital din Sectorul 6,\u00a0votat \u00een CGMB. Investi\u021bia a fost promis\u0103 \u00eenc\u0103 din 2020&#8221; &#8212; Buletin de Bucure\u0219ti\" src=\"https:\/\/buletin.de\/bucuresti\/primul-spital-din-sectorul-6-votat-in-cgmb-investitia-a-fost-promisa-inca-din-2020\/embed\/#?secret=sHSPEF31GG#?secret=udNaHqXn0D\" data-secret=\"udNaHqXn0D\" width=\"600\" height=\"338\" frameborder=\"0\" marginwidth=\"0\" marginheight=\"0\" scrolling=\"no\"><\/iframe>\n<\/div><\/figure>\n","protected":false},"excerpt":{"rendered":"<p>Guvernul a aprobat ieri, 6 iunie, \u00eenfiin\u021barea primului spital generalist din sector ca entitate juridic\u0103. Noua unitate medical\u0103 ar urma s\u0103 aib\u0103 307 paturi, dintre care 275 de spitalizare continu\u0103 \u0219i 50 cu spitalizare de zi. Valoarea total\u0103 a investi\u021biei se ridic\u0103 la peste 145 milioane de euro, anun\u021b\u0103 Prim\u0103ria Sectorului 6. Potrivit comunicatului de [&hellip;]<\/p>\n","protected":false},"author":55,"featured_media":79352,"comment_status":"closed","ping_status":"open","sticky":false,"template":"","format":"standard","meta":{"_acf_changed":false,"inline_featured_image":false,"ngg_post_thumbnail":0,"footnotes":""},"categories":[6994,24,4,62],"tags":[11474,7150,12579,1107,3513,12581,12580,11475],"ppma_author":[22573],"class_list":["post-87526","post","type-post","status-publish","format-standard","has-post-thumbnail","hentry","category-stiri-2","category-primarie","category-sanatate","category-stiri","tag-banca-de-dezvoltare-a-consiliului-europei","tag-bulevardul-timisoara-2","tag-construire-spital","tag-primaria-sector-6","tag-primaria-sectorului-6","tag-spital-generalist","tag-spitale-publice-bucuresti","tag-spitale-sector-6"],"acf":[],"yoast_head":"<!-- This site is optimized with the Yoast SEO Premium plugin v25.3 (Yoast SEO v27.5) - https:\/\/yoast.com\/product\/yoast-seo-premium-wordpress\/ -->\n<title>Sector 6 |\u00a0Und\u0103 verde de la Guvern pentru \u00eenfiin\u021barea spitalului care va fi construit pe bulevardul Timi\u0219oara - Buletin de Bucure\u0219ti<\/title>\n<meta name=\"robots\" content=\"index, follow, max-snippet:-1, max-image-preview:large, max-video-preview:-1\" \/>\n<link rel=\"canonical\" href=\"https:\/\/buletin.de\/bucuresti\/sector-6-unda-verde-de-la-guvern-pentru-infiintarea-spitalului-care-va-fi-construit-pe-bulevardul-timisoara\/\" \/>\n<meta property=\"og:locale\" content=\"en_GB\" \/>\n<meta property=\"og:type\" content=\"article\" \/>\n<meta property=\"og:title\" content=\"Sector 6 |\u00a0Und\u0103 verde de la Guvern pentru \u00eenfiin\u021barea spitalului care va fi construit pe bulevardul Timi\u0219oara\" \/>\n<meta property=\"og:description\" content=\"Guvernul a aprobat ieri, 6 iunie, \u00eenfiin\u021barea primului spital generalist din sector ca entitate juridic\u0103. Noua unitate medical\u0103 ar urma s\u0103 aib\u0103 307 paturi, dintre care 275 de spitalizare continu\u0103 \u0219i 50 cu spitalizare de zi. Valoarea total\u0103 a investi\u021biei se ridic\u0103 la peste 145 milioane de euro, anun\u021b\u0103 Prim\u0103ria Sectorului 6. Potrivit comunicatului de [&hellip;]\" \/>\n<meta property=\"og:url\" content=\"https:\/\/buletin.de\/bucuresti\/sector-6-unda-verde-de-la-guvern-pentru-infiintarea-spitalului-care-va-fi-construit-pe-bulevardul-timisoara\/\" \/>\n<meta property=\"og:site_name\" content=\"Buletin de Bucure\u0219ti\" \/>\n<meta property=\"article:publisher\" content=\"https:\/\/www.facebook.com\/buletin.de.buc\" \/>\n<meta property=\"article:published_time\" content=\"2024-06-07T04:00:00+00:00\" \/>\n<meta property=\"article:modified_time\" content=\"2024-06-07T12:02:00+00:00\" \/>\n<meta property=\"og:image\" content=\"https:\/\/buletin.de\/bucuresti\/wp-content\/uploads\/Spital-Timisoara.jpg\" \/>\n\t<meta property=\"og:image:width\" content=\"960\" \/>\n\t<meta property=\"og:image:height\" content=\"573\" \/>\n\t<meta property=\"og:image:type\" content=\"image\/jpeg\" \/>\n<meta name=\"author\" content=\"Andreea Tudor\" \/>\n<meta name=\"twitter:card\" content=\"summary_large_image\" \/>\n<meta name=\"twitter:label1\" content=\"Written by\" \/>\n\t<meta name=\"twitter:data1\" content=\"Andreea Tudor\" \/>\n\t<meta name=\"twitter:label2\" content=\"Estimated reading time\" \/>\n\t<meta name=\"twitter:data2\" content=\"3 minutes\" \/>\n<script type=\"application\/ld+json\" class=\"yoast-schema-graph\">{\"@context\":\"https:\\\/\\\/schema.org\",\"@graph\":[{\"@type\":\"Article\",\"@id\":\"https:\\\/\\\/buletin.de\\\/bucuresti\\\/sector-6-unda-verde-de-la-guvern-pentru-infiintarea-spitalului-care-va-fi-construit-pe-bulevardul-timisoara\\\/#article\",\"isPartOf\":{\"@id\":\"https:\\\/\\\/buletin.de\\\/bucuresti\\\/sector-6-unda-verde-de-la-guvern-pentru-infiintarea-spitalului-care-va-fi-construit-pe-bulevardul-timisoara\\\/\"},\"author\":{\"name\":\"Andreea Tudor\",\"@id\":\"https:\\\/\\\/buletin.de\\\/bucuresti\\\/#\\\/schema\\\/person\\\/150590659efde715459d159da012f501\"},\"headline\":\"Sector 6 |\u00a0Und\u0103 verde de la Guvern pentru \u00eenfiin\u021barea spitalului care va fi construit pe bulevardul Timi\u0219oara\",\"datePublished\":\"2024-06-07T04:00:00+00:00\",\"dateModified\":\"2024-06-07T12:02:00+00:00\",\"mainEntityOfPage\":{\"@id\":\"https:\\\/\\\/buletin.de\\\/bucuresti\\\/sector-6-unda-verde-de-la-guvern-pentru-infiintarea-spitalului-care-va-fi-construit-pe-bulevardul-timisoara\\\/\"},\"wordCount\":483,\"publisher\":{\"@id\":\"https:\\\/\\\/buletin.de\\\/bucuresti\\\/#organization\"},\"image\":{\"@id\":\"https:\\\/\\\/buletin.de\\\/bucuresti\\\/sector-6-unda-verde-de-la-guvern-pentru-infiintarea-spitalului-care-va-fi-construit-pe-bulevardul-timisoara\\\/#primaryimage\"},\"thumbnailUrl\":\"https:\\\/\\\/buletin.de\\\/bucuresti\\\/wp-content\\\/uploads\\\/Spital-Timisoara.jpg\",\"keywords\":[\"Banca de Dezvoltare a Consiliului Europei\",\"Bulevardul Timisoara\",\"construire spital\",\"primaria sector 6\",\"primaria sectorului 6\",\"spital generalist\",\"spitale publice Bucuresti\",\"spitale sector 6\"],\"articleSection\":[\"Articole\",\"Prim\u0103rie\",\"S\u0103n\u0103tate\",\"\u0218tiri\"],\"inLanguage\":\"en-GB\",\"copyrightYear\":\"2024\",\"copyrightHolder\":{\"@id\":\"https:\\\/\\\/buletin.de\\\/bucuresti\\\/#organization\"}},{\"@type\":\"WebPage\",\"@id\":\"https:\\\/\\\/buletin.de\\\/bucuresti\\\/sector-6-unda-verde-de-la-guvern-pentru-infiintarea-spitalului-care-va-fi-construit-pe-bulevardul-timisoara\\\/\",\"url\":\"https:\\\/\\\/buletin.de\\\/bucuresti\\\/sector-6-unda-verde-de-la-guvern-pentru-infiintarea-spitalului-care-va-fi-construit-pe-bulevardul-timisoara\\\/\",\"name\":\"Sector 6 |\u00a0Und\u0103 verde de la Guvern pentru \u00eenfiin\u021barea spitalului care va fi construit pe bulevardul Timi\u0219oara - Buletin de Bucure\u0219ti\",\"isPartOf\":{\"@id\":\"https:\\\/\\\/buletin.de\\\/bucuresti\\\/#website\"},\"primaryImageOfPage\":{\"@id\":\"https:\\\/\\\/buletin.de\\\/bucuresti\\\/sector-6-unda-verde-de-la-guvern-pentru-infiintarea-spitalului-care-va-fi-construit-pe-bulevardul-timisoara\\\/#primaryimage\"},\"image\":{\"@id\":\"https:\\\/\\\/buletin.de\\\/bucuresti\\\/sector-6-unda-verde-de-la-guvern-pentru-infiintarea-spitalului-care-va-fi-construit-pe-bulevardul-timisoara\\\/#primaryimage\"},\"thumbnailUrl\":\"https:\\\/\\\/buletin.de\\\/bucuresti\\\/wp-content\\\/uploads\\\/Spital-Timisoara.jpg\",\"datePublished\":\"2024-06-07T04:00:00+00:00\",\"dateModified\":\"2024-06-07T12:02:00+00:00\",\"breadcrumb\":{\"@id\":\"https:\\\/\\\/buletin.de\\\/bucuresti\\\/sector-6-unda-verde-de-la-guvern-pentru-infiintarea-spitalului-care-va-fi-construit-pe-bulevardul-timisoara\\\/#breadcrumb\"},\"inLanguage\":\"en-GB\",\"potentialAction\":[{\"@type\":\"ReadAction\",\"target\":[\"https:\\\/\\\/buletin.de\\\/bucuresti\\\/sector-6-unda-verde-de-la-guvern-pentru-infiintarea-spitalului-care-va-fi-construit-pe-bulevardul-timisoara\\\/\"]}]},{\"@type\":\"ImageObject\",\"inLanguage\":\"en-GB\",\"@id\":\"https:\\\/\\\/buletin.de\\\/bucuresti\\\/sector-6-unda-verde-de-la-guvern-pentru-infiintarea-spitalului-care-va-fi-construit-pe-bulevardul-timisoara\\\/#primaryimage\",\"url\":\"https:\\\/\\\/buletin.de\\\/bucuresti\\\/wp-content\\\/uploads\\\/Spital-Timisoara.jpg\",\"contentUrl\":\"https:\\\/\\\/buletin.de\\\/bucuresti\\\/wp-content\\\/uploads\\\/Spital-Timisoara.jpg\",\"width\":960,\"height\":573,\"caption\":\"FOTO: Prim\u0103ria Sectorului 6\"},{\"@type\":\"BreadcrumbList\",\"@id\":\"https:\\\/\\\/buletin.de\\\/bucuresti\\\/sector-6-unda-verde-de-la-guvern-pentru-infiintarea-spitalului-care-va-fi-construit-pe-bulevardul-timisoara\\\/#breadcrumb\",\"itemListElement\":[{\"@type\":\"ListItem\",\"position\":1,\"name\":\"Acas\u0103\",\"item\":\"https:\\\/\\\/buletin.de\\\/bucuresti\\\/\"},{\"@type\":\"ListItem\",\"position\":2,\"name\":\"Sector 6 |\u00a0Und\u0103 verde de la Guvern pentru \u00eenfiin\u021barea spitalului care va fi construit pe bulevardul Timi\u0219oara\"}]},{\"@type\":\"WebSite\",\"@id\":\"https:\\\/\\\/buletin.de\\\/bucuresti\\\/#website\",\"url\":\"https:\\\/\\\/buletin.de\\\/bucuresti\\\/\",\"name\":\"Buletin de Bucure\u0219ti\",\"description\":\"\u0218tiri \u0219i investiga\u021bii esen\u021biale din capital\u0103\",\"publisher\":{\"@id\":\"https:\\\/\\\/buletin.de\\\/bucuresti\\\/#organization\"},\"potentialAction\":[{\"@type\":\"SearchAction\",\"target\":{\"@type\":\"EntryPoint\",\"urlTemplate\":\"https:\\\/\\\/buletin.de\\\/bucuresti\\\/?s={search_term_string}\"},\"query-input\":{\"@type\":\"PropertyValueSpecification\",\"valueRequired\":true,\"valueName\":\"search_term_string\"}}],\"inLanguage\":\"en-GB\"},{\"@type\":\"Organization\",\"@id\":\"https:\\\/\\\/buletin.de\\\/bucuresti\\\/#organization\",\"name\":\"Buletin de Bucure\u0219ti\",\"url\":\"https:\\\/\\\/buletin.de\\\/bucuresti\\\/\",\"logo\":{\"@type\":\"ImageObject\",\"inLanguage\":\"en-GB\",\"@id\":\"https:\\\/\\\/buletin.de\\\/bucuresti\\\/#\\\/schema\\\/logo\\\/image\\\/\",\"url\":\"https:\\\/\\\/buletin.de\\\/bucuresti\\\/wp-content\\\/uploads\\\/logo-bdb-full-wide-vernil-transparent.png\",\"contentUrl\":\"https:\\\/\\\/buletin.de\\\/bucuresti\\\/wp-content\\\/uploads\\\/logo-bdb-full-wide-vernil-transparent.png\",\"width\":1782,\"height\":626,\"caption\":\"Buletin de Bucure\u0219ti\"},\"image\":{\"@id\":\"https:\\\/\\\/buletin.de\\\/bucuresti\\\/#\\\/schema\\\/logo\\\/image\\\/\"},\"sameAs\":[\"https:\\\/\\\/www.facebook.com\\\/buletin.de.buc\",\"https:\\\/\\\/www.instagram.com\\\/buletinde.bucuresti\\\/\"]},{\"@type\":\"Person\",\"@id\":\"https:\\\/\\\/buletin.de\\\/bucuresti\\\/#\\\/schema\\\/person\\\/150590659efde715459d159da012f501\",\"name\":\"Andreea Tudor\",\"image\":{\"@type\":\"ImageObject\",\"inLanguage\":\"en-GB\",\"@id\":\"https:\\\/\\\/secure.gravatar.com\\\/avatar\\\/a88705a186ab0b67f3349bcbced506c09e37256fbaad0e7f3bd1a79b4599f589?s=96&d=monsterid&r=g79290610aa1a65c2b86eebc2ca5aee8f\",\"url\":\"https:\\\/\\\/secure.gravatar.com\\\/avatar\\\/a88705a186ab0b67f3349bcbced506c09e37256fbaad0e7f3bd1a79b4599f589?s=96&d=monsterid&r=g\",\"contentUrl\":\"https:\\\/\\\/secure.gravatar.com\\\/avatar\\\/a88705a186ab0b67f3349bcbced506c09e37256fbaad0e7f3bd1a79b4599f589?s=96&d=monsterid&r=g\",\"caption\":\"Andreea Tudor\"},\"description\":\"N\u0103scut\u0103 \u0219i crescut\u0103 \u00een Bucure\u0219ti, sus\u021bin\u0103toare a presei independente. A\u0219a am ajuns redactor la Buletin de Bucure\u0219ti. Fiind eu, \u00eens\u0103mi, parte a sistemului de \u00eenv\u0103\u021b\u0103m\u00e2nt rom\u00e2nesc \u0219i pasionat\u0103 de domeniul social, pun sub lup\u0103 tot ceea ce se \u00eent\u00e2mpl\u0103 \u00een sfera educa\u021biei. Cred cu t\u0103rie c\u0103 presa \u201epentru cet\u0103\u021beni\u201d este presa independent\u0103. Oamenii au nevoie de o informare corect\u0103 pentru a \u00een\u021belege pe deplin ce se \u00eent\u00e2mpl\u0103 \u00een jurul lor \u0219i pentru a lua ac\u021biune \u00eempotriva nedrept\u0103\u021bilor.\",\"url\":\"https:\\\/\\\/buletin.de\\\/bucuresti\\\/author\\\/andreeatudor\\\/\"}]}<\/script>\n<!-- \/ Yoast SEO Premium plugin. -->","yoast_head_json":{"title":"Sector 6 |\u00a0Und\u0103 verde de la Guvern pentru \u00eenfiin\u021barea spitalului care va fi construit pe bulevardul Timi\u0219oara - Buletin de Bucure\u0219ti","robots":{"index":"index","follow":"follow","max-snippet":"max-snippet:-1","max-image-preview":"max-image-preview:large","max-video-preview":"max-video-preview:-1"},"canonical":"https:\/\/buletin.de\/bucuresti\/sector-6-unda-verde-de-la-guvern-pentru-infiintarea-spitalului-care-va-fi-construit-pe-bulevardul-timisoara\/","og_locale":"en_GB","og_type":"article","og_title":"Sector 6 |\u00a0Und\u0103 verde de la Guvern pentru \u00eenfiin\u021barea spitalului care va fi construit pe bulevardul Timi\u0219oara","og_description":"Guvernul a aprobat ieri, 6 iunie, \u00eenfiin\u021barea primului spital generalist din sector ca entitate juridic\u0103. Noua unitate medical\u0103 ar urma s\u0103 aib\u0103 307 paturi, dintre care 275 de spitalizare continu\u0103 \u0219i 50 cu spitalizare de zi. Valoarea total\u0103 a investi\u021biei se ridic\u0103 la peste 145 milioane de euro, anun\u021b\u0103 Prim\u0103ria Sectorului 6. Potrivit comunicatului de [&hellip;]","og_url":"https:\/\/buletin.de\/bucuresti\/sector-6-unda-verde-de-la-guvern-pentru-infiintarea-spitalului-care-va-fi-construit-pe-bulevardul-timisoara\/","og_site_name":"Buletin de Bucure\u0219ti","article_publisher":"https:\/\/www.facebook.com\/buletin.de.buc","article_published_time":"2024-06-07T04:00:00+00:00","article_modified_time":"2024-06-07T12:02:00+00:00","og_image":[{"width":960,"height":573,"url":"https:\/\/buletin.de\/bucuresti\/wp-content\/uploads\/Spital-Timisoara.jpg","type":"image\/jpeg"}],"author":"Andreea Tudor","twitter_card":"summary_large_image","twitter_misc":{"Written by":"Andreea Tudor","Estimated reading time":"3 minutes"},"schema":{"@context":"https:\/\/schema.org","@graph":[{"@type":"Article","@id":"https:\/\/buletin.de\/bucuresti\/sector-6-unda-verde-de-la-guvern-pentru-infiintarea-spitalului-care-va-fi-construit-pe-bulevardul-timisoara\/#article","isPartOf":{"@id":"https:\/\/buletin.de\/bucuresti\/sector-6-unda-verde-de-la-guvern-pentru-infiintarea-spitalului-care-va-fi-construit-pe-bulevardul-timisoara\/"},"author":{"name":"Andreea Tudor","@id":"https:\/\/buletin.de\/bucuresti\/#\/schema\/person\/150590659efde715459d159da012f501"},"headline":"Sector 6 |\u00a0Und\u0103 verde de la Guvern pentru \u00eenfiin\u021barea spitalului care va fi construit pe bulevardul Timi\u0219oara","datePublished":"2024-06-07T04:00:00+00:00","dateModified":"2024-06-07T12:02:00+00:00","mainEntityOfPage":{"@id":"https:\/\/buletin.de\/bucuresti\/sector-6-unda-verde-de-la-guvern-pentru-infiintarea-spitalului-care-va-fi-construit-pe-bulevardul-timisoara\/"},"wordCount":483,"publisher":{"@id":"https:\/\/buletin.de\/bucuresti\/#organization"},"image":{"@id":"https:\/\/buletin.de\/bucuresti\/sector-6-unda-verde-de-la-guvern-pentru-infiintarea-spitalului-care-va-fi-construit-pe-bulevardul-timisoara\/#primaryimage"},"thumbnailUrl":"https:\/\/buletin.de\/bucuresti\/wp-content\/uploads\/Spital-Timisoara.jpg","keywords":["Banca de Dezvoltare a Consiliului Europei","Bulevardul Timisoara","construire spital","primaria sector 6","primaria sectorului 6","spital generalist","spitale publice Bucuresti","spitale sector 6"],"articleSection":["Articole","Prim\u0103rie","S\u0103n\u0103tate","\u0218tiri"],"inLanguage":"en-GB","copyrightYear":"2024","copyrightHolder":{"@id":"https:\/\/buletin.de\/bucuresti\/#organization"}},{"@type":"WebPage","@id":"https:\/\/buletin.de\/bucuresti\/sector-6-unda-verde-de-la-guvern-pentru-infiintarea-spitalului-care-va-fi-construit-pe-bulevardul-timisoara\/","url":"https:\/\/buletin.de\/bucuresti\/sector-6-unda-verde-de-la-guvern-pentru-infiintarea-spitalului-care-va-fi-construit-pe-bulevardul-timisoara\/","name":"Sector 6 |\u00a0Und\u0103 verde de la Guvern pentru \u00eenfiin\u021barea spitalului care va fi construit pe bulevardul Timi\u0219oara - Buletin de Bucure\u0219ti","isPartOf":{"@id":"https:\/\/buletin.de\/bucuresti\/#website"},"primaryImageOfPage":{"@id":"https:\/\/buletin.de\/bucuresti\/sector-6-unda-verde-de-la-guvern-pentru-infiintarea-spitalului-care-va-fi-construit-pe-bulevardul-timisoara\/#primaryimage"},"image":{"@id":"https:\/\/buletin.de\/bucuresti\/sector-6-unda-verde-de-la-guvern-pentru-infiintarea-spitalului-care-va-fi-construit-pe-bulevardul-timisoara\/#primaryimage"},"thumbnailUrl":"https:\/\/buletin.de\/bucuresti\/wp-content\/uploads\/Spital-Timisoara.jpg","datePublished":"2024-06-07T04:00:00+00:00","dateModified":"2024-06-07T12:02:00+00:00","breadcrumb":{"@id":"https:\/\/buletin.de\/bucuresti\/sector-6-unda-verde-de-la-guvern-pentru-infiintarea-spitalului-care-va-fi-construit-pe-bulevardul-timisoara\/#breadcrumb"},"inLanguage":"en-GB","potentialAction":[{"@type":"ReadAction","target":["https:\/\/buletin.de\/bucuresti\/sector-6-unda-verde-de-la-guvern-pentru-infiintarea-spitalului-care-va-fi-construit-pe-bulevardul-timisoara\/"]}]},{"@type":"ImageObject","inLanguage":"en-GB","@id":"https:\/\/buletin.de\/bucuresti\/sector-6-unda-verde-de-la-guvern-pentru-infiintarea-spitalului-care-va-fi-construit-pe-bulevardul-timisoara\/#primaryimage","url":"https:\/\/buletin.de\/bucuresti\/wp-content\/uploads\/Spital-Timisoara.jpg","contentUrl":"https:\/\/buletin.de\/bucuresti\/wp-content\/uploads\/Spital-Timisoara.jpg","width":960,"height":573,"caption":"FOTO: Prim\u0103ria Sectorului 6"},{"@type":"BreadcrumbList","@id":"https:\/\/buletin.de\/bucuresti\/sector-6-unda-verde-de-la-guvern-pentru-infiintarea-spitalului-care-va-fi-construit-pe-bulevardul-timisoara\/#breadcrumb","itemListElement":[{"@type":"ListItem","position":1,"name":"Acas\u0103","item":"https:\/\/buletin.de\/bucuresti\/"},{"@type":"ListItem","position":2,"name":"Sector 6 |\u00a0Und\u0103 verde de la Guvern pentru \u00eenfiin\u021barea spitalului care va fi construit pe bulevardul Timi\u0219oara"}]},{"@type":"WebSite","@id":"https:\/\/buletin.de\/bucuresti\/#website","url":"https:\/\/buletin.de\/bucuresti\/","name":"Buletin de Bucure\u0219ti","description":"\u0218tiri \u0219i investiga\u021bii esen\u021biale din capital\u0103","publisher":{"@id":"https:\/\/buletin.de\/bucuresti\/#organization"},"potentialAction":[{"@type":"SearchAction","target":{"@type":"EntryPoint","urlTemplate":"https:\/\/buletin.de\/bucuresti\/?s={search_term_string}"},"query-input":{"@type":"PropertyValueSpecification","valueRequired":true,"valueName":"search_term_string"}}],"inLanguage":"en-GB"},{"@type":"Organization","@id":"https:\/\/buletin.de\/bucuresti\/#organization","name":"Buletin de Bucure\u0219ti","url":"https:\/\/buletin.de\/bucuresti\/","logo":{"@type":"ImageObject","inLanguage":"en-GB","@id":"https:\/\/buletin.de\/bucuresti\/#\/schema\/logo\/image\/","url":"https:\/\/buletin.de\/bucuresti\/wp-content\/uploads\/logo-bdb-full-wide-vernil-transparent.png","contentUrl":"https:\/\/buletin.de\/bucuresti\/wp-content\/uploads\/logo-bdb-full-wide-vernil-transparent.png","width":1782,"height":626,"caption":"Buletin de Bucure\u0219ti"},"image":{"@id":"https:\/\/buletin.de\/bucuresti\/#\/schema\/logo\/image\/"},"sameAs":["https:\/\/www.facebook.com\/buletin.de.buc","https:\/\/www.instagram.com\/buletinde.bucuresti\/"]},{"@type":"Person","@id":"https:\/\/buletin.de\/bucuresti\/#\/schema\/person\/150590659efde715459d159da012f501","name":"Andreea Tudor","image":{"@type":"ImageObject","inLanguage":"en-GB","@id":"https:\/\/secure.gravatar.com\/avatar\/a88705a186ab0b67f3349bcbced506c09e37256fbaad0e7f3bd1a79b4599f589?s=96&d=monsterid&r=g79290610aa1a65c2b86eebc2ca5aee8f","url":"https:\/\/secure.gravatar.com\/avatar\/a88705a186ab0b67f3349bcbced506c09e37256fbaad0e7f3bd1a79b4599f589?s=96&d=monsterid&r=g","contentUrl":"https:\/\/secure.gravatar.com\/avatar\/a88705a186ab0b67f3349bcbced506c09e37256fbaad0e7f3bd1a79b4599f589?s=96&d=monsterid&r=g","caption":"Andreea Tudor"},"description":"N\u0103scut\u0103 \u0219i crescut\u0103 \u00een Bucure\u0219ti, sus\u021bin\u0103toare a presei independente. A\u0219a am ajuns redactor la Buletin de Bucure\u0219ti. Fiind eu, \u00eens\u0103mi, parte a sistemului de \u00eenv\u0103\u021b\u0103m\u00e2nt rom\u00e2nesc \u0219i pasionat\u0103 de domeniul social, pun sub lup\u0103 tot ceea ce se \u00eent\u00e2mpl\u0103 \u00een sfera educa\u021biei. Cred cu t\u0103rie c\u0103 presa \u201epentru cet\u0103\u021beni\u201d este presa independent\u0103. Oamenii au nevoie de o informare corect\u0103 pentru a \u00een\u021belege pe deplin ce se \u00eent\u00e2mpl\u0103 \u00een jurul lor \u0219i pentru a lua ac\u021biune \u00eempotriva nedrept\u0103\u021bilor.","url":"https:\/\/buletin.de\/bucuresti\/author\/andreeatudor\/"}]}},"authors":[{"term_id":22573,"user_id":55,"is_guest":0,"slug":"andreeatudor","display_name":"Andreea Tudor","avatar_url":"https:\/\/secure.gravatar.com\/avatar\/a88705a186ab0b67f3349bcbced506c09e37256fbaad0e7f3bd1a79b4599f589?s=96&d=monsterid&r=g","0":null,"1":"","2":"","3":"","4":"","5":"","6":"","7":"","8":""}],"_links":{"self":[{"href":"https:\/\/buletin.de\/bucuresti\/wp-json\/wp\/v2\/posts\/87526","targetHints":{"allow":["GET"]}}],"collection":[{"href":"https:\/\/buletin.de\/bucuresti\/wp-json\/wp\/v2\/posts"}],"about":[{"href":"https:\/\/buletin.de\/bucuresti\/wp-json\/wp\/v2\/types\/post"}],"author":[{"embeddable":true,"href":"https:\/\/buletin.de\/bucuresti\/wp-json\/wp\/v2\/users\/55"}],"replies":[{"embeddable":true,"href":"https:\/\/buletin.de\/bucuresti\/wp-json\/wp\/v2\/comments?post=87526"}],"version-history":[{"count":4,"href":"https:\/\/buletin.de\/bucuresti\/wp-json\/wp\/v2\/posts\/87526\/revisions"}],"predecessor-version":[{"id":87673,"href":"https:\/\/buletin.de\/bucuresti\/wp-json\/wp\/v2\/posts\/87526\/revisions\/87673"}],"wp:featuredmedia":[{"embeddable":true,"href":"https:\/\/buletin.de\/bucuresti\/wp-json\/wp\/v2\/media\/79352"}],"wp:attachment":[{"href":"https:\/\/buletin.de\/bucuresti\/wp-json\/wp\/v2\/media?parent=87526"}],"wp:term":[{"taxonomy":"category","embeddable":true,"href":"https:\/\/buletin.de\/bucuresti\/wp-json\/wp\/v2\/categories?post=87526"},{"taxonomy":"post_tag","embeddable":true,"href":"https:\/\/buletin.de\/bucuresti\/wp-json\/wp\/v2\/tags?post=87526"},{"taxonomy":"author","embeddable":true,"href":"https:\/\/buletin.de\/bucuresti\/wp-json\/wp\/v2\/ppma_author?post=87526"}],"curies":[{"name":"wp","href":"https:\/\/api.w.org\/{rel}","templated":true}]}}