{"id":87457,"date":"2024-06-06T06:00:00","date_gmt":"2024-06-06T03:00:00","guid":{"rendered":"https:\/\/buletin.de\/bucuresti\/?p=87457"},"modified":"2024-06-05T23:00:58","modified_gmt":"2024-06-05T20:00:58","slug":"foto-parcul-sebastian-redeschis-cu-doar-patru-zile-inainte-de-alegeri-cum-arata-dupa-reabilitare","status":"publish","type":"post","link":"https:\/\/buletin.de\/bucuresti\/foto-parcul-sebastian-redeschis-cu-doar-patru-zile-inainte-de-alegeri-cum-arata-dupa-reabilitare\/","title":{"rendered":"FOTO | Parcul Sebastian, redeschis cu doar patru zile \u00eenainte de alegeri. Cum arat\u0103 dup\u0103 reabilitare"},"content":{"rendered":"\n<p><strong>Parcul Sebastian a fost redeschis miercuri, 5 iunie, dup\u0103 dou\u0103 luni \u00een care a fost \u00eenchis pentru reabilitare. Fiind unul dintre pu\u021binele spa\u021bii verzi din sector, zeci de p\u0103rin\u021bi, copii \u0219i v\u00e2rstnici s-au \u00eenghesuit la deschidere.<\/strong><\/p>\n\n\n\n<figure class=\"wp-block-gallery has-nested-images columns-default is-cropped wp-block-gallery-1 is-layout-flex wp-block-gallery-is-layout-flex\">\n<figure class=\"wp-block-image size-large\"><img fetchpriority=\"high\" decoding=\"async\" width=\"900\" height=\"675\" data-id=\"87458\" src=\"data:image\/gif;base64,R0lGODlhAQABAAAAACH5BAEKAAEALAAAAAABAAEAAAICTAEAOw==\" data-src=\"https:\/\/buletin.de\/bucuresti\/wp-content\/uploads\/IMG-20240605-WA0036-900x675.jpg\" alt=\"\" class=\"wp-image-87458 lazyload\" data-sizes=\"auto\" data-srcset=\"https:\/\/buletin.de\/bucuresti\/wp-content\/uploads\/IMG-20240605-WA0036-900x675.jpg 900w, https:\/\/buletin.de\/bucuresti\/wp-content\/uploads\/IMG-20240605-WA0036-300x225.jpg 300w, https:\/\/buletin.de\/bucuresti\/wp-content\/uploads\/IMG-20240605-WA0036-768x576.jpg 768w, https:\/\/buletin.de\/bucuresti\/wp-content\/uploads\/IMG-20240605-WA0036-1536x1152.jpg 1536w, https:\/\/buletin.de\/bucuresti\/wp-content\/uploads\/IMG-20240605-WA0036-1600x1200.jpg 1600w, https:\/\/buletin.de\/bucuresti\/wp-content\/uploads\/IMG-20240605-WA0036-1100x825.jpg 1100w, https:\/\/buletin.de\/bucuresti\/wp-content\/uploads\/IMG-20240605-WA0036-600x450.jpg 600w, https:\/\/buletin.de\/bucuresti\/wp-content\/uploads\/IMG-20240605-WA0036-20x15.jpg 20w, https:\/\/buletin.de\/bucuresti\/wp-content\/uploads\/IMG-20240605-WA0036.jpg 2048w\" sizes=\"(max-width: 900px) 100vw, 900px\" \/><\/figure>\n\n\n\n<figure class=\"wp-block-image size-large\"><img decoding=\"async\" width=\"900\" height=\"675\" data-id=\"87460\" src=\"data:image\/gif;base64,R0lGODlhAQABAAAAACH5BAEKAAEALAAAAAABAAEAAAICTAEAOw==\" data-src=\"https:\/\/buletin.de\/bucuresti\/wp-content\/uploads\/IMG-20240605-WA0038-900x675.jpg\" alt=\"\" class=\"wp-image-87460 lazyload\" data-sizes=\"auto\" data-srcset=\"https:\/\/buletin.de\/bucuresti\/wp-content\/uploads\/IMG-20240605-WA0038-900x675.jpg 900w, https:\/\/buletin.de\/bucuresti\/wp-content\/uploads\/IMG-20240605-WA0038-300x225.jpg 300w, https:\/\/buletin.de\/bucuresti\/wp-content\/uploads\/IMG-20240605-WA0038-768x576.jpg 768w, https:\/\/buletin.de\/bucuresti\/wp-content\/uploads\/IMG-20240605-WA0038-1536x1152.jpg 1536w, https:\/\/buletin.de\/bucuresti\/wp-content\/uploads\/IMG-20240605-WA0038-1600x1200.jpg 1600w, https:\/\/buletin.de\/bucuresti\/wp-content\/uploads\/IMG-20240605-WA0038-1100x825.jpg 1100w, https:\/\/buletin.de\/bucuresti\/wp-content\/uploads\/IMG-20240605-WA0038-600x450.jpg 600w, https:\/\/buletin.de\/bucuresti\/wp-content\/uploads\/IMG-20240605-WA0038-20x15.jpg 20w, https:\/\/buletin.de\/bucuresti\/wp-content\/uploads\/IMG-20240605-WA0038.jpg 2048w\" sizes=\"(max-width: 900px) 100vw, 900px\" \/><\/figure>\n\n\n\n<figure class=\"wp-block-image size-large\"><img decoding=\"async\" width=\"900\" height=\"675\" data-id=\"87470\" src=\"data:image\/gif;base64,R0lGODlhAQABAAAAACH5BAEKAAEALAAAAAABAAEAAAICTAEAOw==\" data-src=\"https:\/\/buletin.de\/bucuresti\/wp-content\/uploads\/IMG-20240605-WA0035-900x675.jpg\" alt=\"\" class=\"wp-image-87470 lazyload\" data-sizes=\"auto\" data-srcset=\"https:\/\/buletin.de\/bucuresti\/wp-content\/uploads\/IMG-20240605-WA0035-900x675.jpg 900w, https:\/\/buletin.de\/bucuresti\/wp-content\/uploads\/IMG-20240605-WA0035-300x225.jpg 300w, https:\/\/buletin.de\/bucuresti\/wp-content\/uploads\/IMG-20240605-WA0035-768x576.jpg 768w, https:\/\/buletin.de\/bucuresti\/wp-content\/uploads\/IMG-20240605-WA0035-1536x1152.jpg 1536w, https:\/\/buletin.de\/bucuresti\/wp-content\/uploads\/IMG-20240605-WA0035-1600x1200.jpg 1600w, https:\/\/buletin.de\/bucuresti\/wp-content\/uploads\/IMG-20240605-WA0035-1100x825.jpg 1100w, https:\/\/buletin.de\/bucuresti\/wp-content\/uploads\/IMG-20240605-WA0035-600x450.jpg 600w, https:\/\/buletin.de\/bucuresti\/wp-content\/uploads\/IMG-20240605-WA0035-20x15.jpg 20w, https:\/\/buletin.de\/bucuresti\/wp-content\/uploads\/IMG-20240605-WA0035.jpg 2048w\" sizes=\"(max-width: 900px) 100vw, 900px\" \/><\/figure>\n\n\n\n<figure class=\"wp-block-image size-large\"><img loading=\"lazy\" decoding=\"async\" width=\"900\" height=\"675\" data-id=\"87471\" src=\"data:image\/gif;base64,R0lGODlhAQABAAAAACH5BAEKAAEALAAAAAABAAEAAAICTAEAOw==\" data-src=\"https:\/\/buletin.de\/bucuresti\/wp-content\/uploads\/IMG-20240605-WA0034-900x675.jpg\" alt=\"\" class=\"wp-image-87471 lazyload\" data-sizes=\"auto\" data-srcset=\"https:\/\/buletin.de\/bucuresti\/wp-content\/uploads\/IMG-20240605-WA0034-900x675.jpg 900w, https:\/\/buletin.de\/bucuresti\/wp-content\/uploads\/IMG-20240605-WA0034-300x225.jpg 300w, https:\/\/buletin.de\/bucuresti\/wp-content\/uploads\/IMG-20240605-WA0034-768x576.jpg 768w, https:\/\/buletin.de\/bucuresti\/wp-content\/uploads\/IMG-20240605-WA0034-1536x1152.jpg 1536w, https:\/\/buletin.de\/bucuresti\/wp-content\/uploads\/IMG-20240605-WA0034-1600x1200.jpg 1600w, https:\/\/buletin.de\/bucuresti\/wp-content\/uploads\/IMG-20240605-WA0034-1100x825.jpg 1100w, https:\/\/buletin.de\/bucuresti\/wp-content\/uploads\/IMG-20240605-WA0034-600x450.jpg 600w, https:\/\/buletin.de\/bucuresti\/wp-content\/uploads\/IMG-20240605-WA0034-20x15.jpg 20w, https:\/\/buletin.de\/bucuresti\/wp-content\/uploads\/IMG-20240605-WA0034.jpg 2048w\" sizes=\"(max-width: 900px) 100vw, 900px\" \/><\/figure>\n\n\n\n<figure class=\"wp-block-image size-large\"><img loading=\"lazy\" decoding=\"async\" width=\"675\" height=\"900\" data-id=\"87469\" src=\"data:image\/gif;base64,R0lGODlhAQABAAAAACH5BAEKAAEALAAAAAABAAEAAAICTAEAOw==\" data-src=\"https:\/\/buletin.de\/bucuresti\/wp-content\/uploads\/IMG-20240605-WA0037-1-675x900.jpg\" alt=\"\" class=\"wp-image-87469 lazyload\" data-sizes=\"auto\" data-srcset=\"https:\/\/buletin.de\/bucuresti\/wp-content\/uploads\/IMG-20240605-WA0037-1-675x900.jpg 675w, https:\/\/buletin.de\/bucuresti\/wp-content\/uploads\/IMG-20240605-WA0037-1-225x300.jpg 225w, https:\/\/buletin.de\/bucuresti\/wp-content\/uploads\/IMG-20240605-WA0037-1-768x1024.jpg 768w, https:\/\/buletin.de\/bucuresti\/wp-content\/uploads\/IMG-20240605-WA0037-1-1152x1536.jpg 1152w, https:\/\/buletin.de\/bucuresti\/wp-content\/uploads\/IMG-20240605-WA0037-1-1100x1467.jpg 1100w, https:\/\/buletin.de\/bucuresti\/wp-content\/uploads\/IMG-20240605-WA0037-1-600x800.jpg 600w, https:\/\/buletin.de\/bucuresti\/wp-content\/uploads\/IMG-20240605-WA0037-1-20x27.jpg 20w, https:\/\/buletin.de\/bucuresti\/wp-content\/uploads\/IMG-20240605-WA0037-1.jpg 1536w\" sizes=\"(max-width: 675px) 100vw, 675px\" \/><\/figure>\n<\/figure>\n\n\n\n<p>La \u00eenceputul lunii aprilie, Cristian Popescu Piedone, edilul Sectorului 5, anun\u021ba c\u0103 Parcul Sebastian va fi \u00eenchis pentru modernizare. Printre cele mai mari schimb\u0103ri se num\u0103r\u0103 demolarea scenei pentru concerte:<\/p>\n\n\n\n<blockquote class=\"wp-block-quote is-layout-flow wp-block-quote-is-layout-flow\">\n<p class=\"has-medium-font-size\"><strong>Aici, era o scen\u0103 pe care locuitorii din zon\u0103 mi-au spus s\u0103 o demolez. Luni, dup\u0103 ce se \u00eent\u00e2mpl\u0103 aici, acest parc se \u00eenchide complet \u0219i \u00eencepe reabilitarea complet\u0103. \u00cel vom reda publicului, \u00eel vom reda copiilor, tinerilor \u0219i b\u0103tr\u00e2nilor care au nevoie de lini\u0219te. Aici a fost construit\u0103 o scen\u0103 \u00een afara mandatului meu \u0219i se organizau concerte.<\/strong><\/p>\n<cite>Cristian Popescu Piedone, Primarul Sectorului 5\/ Youtube<\/cite><\/blockquote>\n\n\n\n<p>Anun\u021bul a fost f\u0103cut \u00een data de 7 aprilie, la \u201eultima petrecere\u201d din Parcul Sebastian. <a href=\"https:\/\/buletin.de\/bucuresti\/captura-ro-piedone-pazit-de-caracatita-clanului-sportivilor-la-baile-de-multime\/\u00e2\">Evenimentul celebra Ziua Interna\u021bional\u0103 a Romilor \u0219i a fost organizat de Nicolae P\u0103un, poreclit Niki Scorpion, dup\u0103 complexul comercial pe care \u00eel de\u021bine \u00een pia\u021ba Rahova).<\/a> \u00cen locul scenei au ap\u0103rut terenuri de sport.<\/p>\n\n\n\n<figure class=\"wp-block-gallery has-nested-images columns-default is-cropped wp-block-gallery-2 is-layout-flex wp-block-gallery-is-layout-flex\">\n<figure class=\"wp-block-image size-large\"><img loading=\"lazy\" decoding=\"async\" width=\"675\" height=\"900\" data-id=\"87484\" src=\"data:image\/gif;base64,R0lGODlhAQABAAAAACH5BAEKAAEALAAAAAABAAEAAAICTAEAOw==\" data-src=\"https:\/\/buletin.de\/bucuresti\/wp-content\/uploads\/IMG-20240605-WA0026-675x900.jpg\" alt=\"\" class=\"wp-image-87484 lazyload\" data-sizes=\"auto\" data-srcset=\"https:\/\/buletin.de\/bucuresti\/wp-content\/uploads\/IMG-20240605-WA0026-675x900.jpg 675w, https:\/\/buletin.de\/bucuresti\/wp-content\/uploads\/IMG-20240605-WA0026-225x300.jpg 225w, https:\/\/buletin.de\/bucuresti\/wp-content\/uploads\/IMG-20240605-WA0026-768x1024.jpg 768w, https:\/\/buletin.de\/bucuresti\/wp-content\/uploads\/IMG-20240605-WA0026-1152x1536.jpg 1152w, https:\/\/buletin.de\/bucuresti\/wp-content\/uploads\/IMG-20240605-WA0026-1100x1467.jpg 1100w, https:\/\/buletin.de\/bucuresti\/wp-content\/uploads\/IMG-20240605-WA0026-600x800.jpg 600w, https:\/\/buletin.de\/bucuresti\/wp-content\/uploads\/IMG-20240605-WA0026-20x27.jpg 20w, https:\/\/buletin.de\/bucuresti\/wp-content\/uploads\/IMG-20240605-WA0026.jpg 1536w\" sizes=\"(max-width: 675px) 100vw, 675px\" \/><\/figure>\n\n\n\n<figure class=\"wp-block-image size-large\"><img loading=\"lazy\" decoding=\"async\" width=\"900\" height=\"675\" data-id=\"87485\" src=\"data:image\/gif;base64,R0lGODlhAQABAAAAACH5BAEKAAEALAAAAAABAAEAAAICTAEAOw==\" data-src=\"https:\/\/buletin.de\/bucuresti\/wp-content\/uploads\/IMG-20240605-WA0027-900x675.jpg\" alt=\"\" class=\"wp-image-87485 lazyload\" data-sizes=\"auto\" data-srcset=\"https:\/\/buletin.de\/bucuresti\/wp-content\/uploads\/IMG-20240605-WA0027-900x675.jpg 900w, https:\/\/buletin.de\/bucuresti\/wp-content\/uploads\/IMG-20240605-WA0027-300x225.jpg 300w, https:\/\/buletin.de\/bucuresti\/wp-content\/uploads\/IMG-20240605-WA0027-768x576.jpg 768w, https:\/\/buletin.de\/bucuresti\/wp-content\/uploads\/IMG-20240605-WA0027-1536x1152.jpg 1536w, https:\/\/buletin.de\/bucuresti\/wp-content\/uploads\/IMG-20240605-WA0027-1600x1200.jpg 1600w, https:\/\/buletin.de\/bucuresti\/wp-content\/uploads\/IMG-20240605-WA0027-1100x825.jpg 1100w, https:\/\/buletin.de\/bucuresti\/wp-content\/uploads\/IMG-20240605-WA0027-600x450.jpg 600w, https:\/\/buletin.de\/bucuresti\/wp-content\/uploads\/IMG-20240605-WA0027-20x15.jpg 20w, https:\/\/buletin.de\/bucuresti\/wp-content\/uploads\/IMG-20240605-WA0027.jpg 2048w\" sizes=\"(max-width: 900px) 100vw, 900px\" \/><\/figure>\n\n\n\n<figure class=\"wp-block-image size-large\"><img loading=\"lazy\" decoding=\"async\" width=\"900\" height=\"675\" data-id=\"87483\" src=\"data:image\/gif;base64,R0lGODlhAQABAAAAACH5BAEKAAEALAAAAAABAAEAAAICTAEAOw==\" data-src=\"https:\/\/buletin.de\/bucuresti\/wp-content\/uploads\/IMG-20240605-WA0028-900x675.jpg\" alt=\"\" class=\"wp-image-87483 lazyload\" data-sizes=\"auto\" data-srcset=\"https:\/\/buletin.de\/bucuresti\/wp-content\/uploads\/IMG-20240605-WA0028-900x675.jpg 900w, https:\/\/buletin.de\/bucuresti\/wp-content\/uploads\/IMG-20240605-WA0028-300x225.jpg 300w, https:\/\/buletin.de\/bucuresti\/wp-content\/uploads\/IMG-20240605-WA0028-768x576.jpg 768w, https:\/\/buletin.de\/bucuresti\/wp-content\/uploads\/IMG-20240605-WA0028-1536x1152.jpg 1536w, https:\/\/buletin.de\/bucuresti\/wp-content\/uploads\/IMG-20240605-WA0028-1600x1200.jpg 1600w, https:\/\/buletin.de\/bucuresti\/wp-content\/uploads\/IMG-20240605-WA0028-1100x825.jpg 1100w, https:\/\/buletin.de\/bucuresti\/wp-content\/uploads\/IMG-20240605-WA0028-600x450.jpg 600w, https:\/\/buletin.de\/bucuresti\/wp-content\/uploads\/IMG-20240605-WA0028-20x15.jpg 20w, https:\/\/buletin.de\/bucuresti\/wp-content\/uploads\/IMG-20240605-WA0028.jpg 2048w\" sizes=\"(max-width: 900px) 100vw, 900px\" \/><\/figure>\n<\/figure>\n\n\n\n<p>O lun\u0103 mai t\u00e2rziu, Cristian Popescu Piedone, anun\u021ba c\u0103 se efectueaz\u0103 urm\u0103toarele lucr\u0103ri:<\/p>\n\n\n\n<ul class=\"wp-block-list\">\n<li>\u00eemprejmuirea cu gard metalic<\/li>\n\n\n\n<li> refacerea spa\u021biilor verzi \u0219i extinderea acestora<\/li>\n\n\n\n<li> refacerea aleilor existente<\/li>\n\n\n\n<li> extinderea sistemului de iluminat<\/li>\n\n\n\n<li> \u00eenlocuirea aparatelor de joac\u0103\/ aparatelor de fitness degradate\/uzate <\/li>\n\n\n\n<li>amplasarea de mese de ping-pong<\/li>\n\n\n\n<li>refacerea foi\u0219oarelor <\/li>\n\n\n\n<li>\u00eenlocuirea mobilierului urban (b\u0103nci\/co\u0219uri) din parc<\/li>\n<\/ul>\n\n\n\n<figure class=\"wp-block-gallery has-nested-images columns-3 is-cropped wp-block-gallery-3 is-layout-flex wp-block-gallery-is-layout-flex\">\n<figure class=\"wp-block-image size-large\"><img loading=\"lazy\" decoding=\"async\" width=\"900\" height=\"675\" data-id=\"87475\" src=\"data:image\/gif;base64,R0lGODlhAQABAAAAACH5BAEKAAEALAAAAAABAAEAAAICTAEAOw==\" data-src=\"https:\/\/buletin.de\/bucuresti\/wp-content\/uploads\/IMG-20240605-WA0031-Copy-900x675.jpg\" alt=\"\" class=\"wp-image-87475 lazyload\" data-sizes=\"auto\" data-srcset=\"https:\/\/buletin.de\/bucuresti\/wp-content\/uploads\/IMG-20240605-WA0031-Copy-900x675.jpg 900w, https:\/\/buletin.de\/bucuresti\/wp-content\/uploads\/IMG-20240605-WA0031-Copy-300x225.jpg 300w, https:\/\/buletin.de\/bucuresti\/wp-content\/uploads\/IMG-20240605-WA0031-Copy-768x576.jpg 768w, https:\/\/buletin.de\/bucuresti\/wp-content\/uploads\/IMG-20240605-WA0031-Copy-1536x1152.jpg 1536w, https:\/\/buletin.de\/bucuresti\/wp-content\/uploads\/IMG-20240605-WA0031-Copy-1600x1200.jpg 1600w, https:\/\/buletin.de\/bucuresti\/wp-content\/uploads\/IMG-20240605-WA0031-Copy-1100x825.jpg 1100w, https:\/\/buletin.de\/bucuresti\/wp-content\/uploads\/IMG-20240605-WA0031-Copy-600x450.jpg 600w, https:\/\/buletin.de\/bucuresti\/wp-content\/uploads\/IMG-20240605-WA0031-Copy-20x15.jpg 20w, https:\/\/buletin.de\/bucuresti\/wp-content\/uploads\/IMG-20240605-WA0031-Copy.jpg 2048w\" sizes=\"(max-width: 900px) 100vw, 900px\" \/><\/figure>\n\n\n\n<figure class=\"wp-block-image size-large\"><img loading=\"lazy\" decoding=\"async\" width=\"900\" height=\"675\" data-id=\"87476\" src=\"data:image\/gif;base64,R0lGODlhAQABAAAAACH5BAEKAAEALAAAAAABAAEAAAICTAEAOw==\" data-src=\"https:\/\/buletin.de\/bucuresti\/wp-content\/uploads\/IMG-20240605-WA0033-Copy-900x675.jpg\" alt=\"\" class=\"wp-image-87476 lazyload\" data-sizes=\"auto\" data-srcset=\"https:\/\/buletin.de\/bucuresti\/wp-content\/uploads\/IMG-20240605-WA0033-Copy-900x675.jpg 900w, https:\/\/buletin.de\/bucuresti\/wp-content\/uploads\/IMG-20240605-WA0033-Copy-300x225.jpg 300w, https:\/\/buletin.de\/bucuresti\/wp-content\/uploads\/IMG-20240605-WA0033-Copy-768x576.jpg 768w, https:\/\/buletin.de\/bucuresti\/wp-content\/uploads\/IMG-20240605-WA0033-Copy-1536x1152.jpg 1536w, https:\/\/buletin.de\/bucuresti\/wp-content\/uploads\/IMG-20240605-WA0033-Copy-1600x1200.jpg 1600w, https:\/\/buletin.de\/bucuresti\/wp-content\/uploads\/IMG-20240605-WA0033-Copy-1100x825.jpg 1100w, https:\/\/buletin.de\/bucuresti\/wp-content\/uploads\/IMG-20240605-WA0033-Copy-600x450.jpg 600w, https:\/\/buletin.de\/bucuresti\/wp-content\/uploads\/IMG-20240605-WA0033-Copy-20x15.jpg 20w, https:\/\/buletin.de\/bucuresti\/wp-content\/uploads\/IMG-20240605-WA0033-Copy.jpg 2048w\" sizes=\"(max-width: 900px) 100vw, 900px\" \/><\/figure>\n\n\n\n<figure class=\"wp-block-image size-large\"><img loading=\"lazy\" decoding=\"async\" width=\"900\" height=\"675\" data-id=\"87477\" src=\"data:image\/gif;base64,R0lGODlhAQABAAAAACH5BAEKAAEALAAAAAABAAEAAAICTAEAOw==\" data-src=\"https:\/\/buletin.de\/bucuresti\/wp-content\/uploads\/IMG-20240605-WA0032-Copy-900x675.jpg\" alt=\"\" class=\"wp-image-87477 lazyload\" data-sizes=\"auto\" data-srcset=\"https:\/\/buletin.de\/bucuresti\/wp-content\/uploads\/IMG-20240605-WA0032-Copy-900x675.jpg 900w, https:\/\/buletin.de\/bucuresti\/wp-content\/uploads\/IMG-20240605-WA0032-Copy-300x225.jpg 300w, https:\/\/buletin.de\/bucuresti\/wp-content\/uploads\/IMG-20240605-WA0032-Copy-768x576.jpg 768w, https:\/\/buletin.de\/bucuresti\/wp-content\/uploads\/IMG-20240605-WA0032-Copy-1536x1152.jpg 1536w, https:\/\/buletin.de\/bucuresti\/wp-content\/uploads\/IMG-20240605-WA0032-Copy-1600x1200.jpg 1600w, https:\/\/buletin.de\/bucuresti\/wp-content\/uploads\/IMG-20240605-WA0032-Copy-1100x825.jpg 1100w, https:\/\/buletin.de\/bucuresti\/wp-content\/uploads\/IMG-20240605-WA0032-Copy-600x450.jpg 600w, https:\/\/buletin.de\/bucuresti\/wp-content\/uploads\/IMG-20240605-WA0032-Copy-20x15.jpg 20w, https:\/\/buletin.de\/bucuresti\/wp-content\/uploads\/IMG-20240605-WA0032-Copy.jpg 2048w\" sizes=\"(max-width: 900px) 100vw, 900px\" \/><\/figure>\n\n\n\n<figure class=\"wp-block-image size-large\"><img loading=\"lazy\" decoding=\"async\" width=\"900\" height=\"675\" data-id=\"87490\" src=\"data:image\/gif;base64,R0lGODlhAQABAAAAACH5BAEKAAEALAAAAAABAAEAAAICTAEAOw==\" data-src=\"https:\/\/buletin.de\/bucuresti\/wp-content\/uploads\/IMG-20240605-WA0020-900x675.jpg\" alt=\"\" class=\"wp-image-87490 lazyload\" data-sizes=\"auto\" data-srcset=\"https:\/\/buletin.de\/bucuresti\/wp-content\/uploads\/IMG-20240605-WA0020-900x675.jpg 900w, https:\/\/buletin.de\/bucuresti\/wp-content\/uploads\/IMG-20240605-WA0020-300x225.jpg 300w, https:\/\/buletin.de\/bucuresti\/wp-content\/uploads\/IMG-20240605-WA0020-768x576.jpg 768w, https:\/\/buletin.de\/bucuresti\/wp-content\/uploads\/IMG-20240605-WA0020-1536x1152.jpg 1536w, https:\/\/buletin.de\/bucuresti\/wp-content\/uploads\/IMG-20240605-WA0020-1600x1200.jpg 1600w, https:\/\/buletin.de\/bucuresti\/wp-content\/uploads\/IMG-20240605-WA0020-1100x825.jpg 1100w, https:\/\/buletin.de\/bucuresti\/wp-content\/uploads\/IMG-20240605-WA0020-600x450.jpg 600w, https:\/\/buletin.de\/bucuresti\/wp-content\/uploads\/IMG-20240605-WA0020-20x15.jpg 20w, https:\/\/buletin.de\/bucuresti\/wp-content\/uploads\/IMG-20240605-WA0020.jpg 2048w\" sizes=\"(max-width: 900px) 100vw, 900px\" \/><\/figure>\n\n\n\n<figure class=\"wp-block-image size-large\"><img loading=\"lazy\" decoding=\"async\" width=\"900\" height=\"675\" data-id=\"87493\" src=\"data:image\/gif;base64,R0lGODlhAQABAAAAACH5BAEKAAEALAAAAAABAAEAAAICTAEAOw==\" data-src=\"https:\/\/buletin.de\/bucuresti\/wp-content\/uploads\/IMG-20240605-WA0021-900x675.jpg\" alt=\"\" class=\"wp-image-87493 lazyload\" data-sizes=\"auto\" data-srcset=\"https:\/\/buletin.de\/bucuresti\/wp-content\/uploads\/IMG-20240605-WA0021-900x675.jpg 900w, https:\/\/buletin.de\/bucuresti\/wp-content\/uploads\/IMG-20240605-WA0021-300x225.jpg 300w, https:\/\/buletin.de\/bucuresti\/wp-content\/uploads\/IMG-20240605-WA0021-768x576.jpg 768w, https:\/\/buletin.de\/bucuresti\/wp-content\/uploads\/IMG-20240605-WA0021-1536x1152.jpg 1536w, https:\/\/buletin.de\/bucuresti\/wp-content\/uploads\/IMG-20240605-WA0021-1600x1200.jpg 1600w, https:\/\/buletin.de\/bucuresti\/wp-content\/uploads\/IMG-20240605-WA0021-1100x825.jpg 1100w, https:\/\/buletin.de\/bucuresti\/wp-content\/uploads\/IMG-20240605-WA0021-600x450.jpg 600w, https:\/\/buletin.de\/bucuresti\/wp-content\/uploads\/IMG-20240605-WA0021-20x15.jpg 20w, https:\/\/buletin.de\/bucuresti\/wp-content\/uploads\/IMG-20240605-WA0021.jpg 2048w\" sizes=\"(max-width: 900px) 100vw, 900px\" \/><\/figure>\n<\/figure>\n\n\n\n<p>Cartierul Rahova este unul dintre cele mai s\u0103race cartiere \u00een spa\u021bii verzi. De altfel, \u00eentreg Sectorul 5 se confrunt\u0103 cu aceast\u0103 problem\u0103. Singurele parcuri mai generoase sunt: Parcul Izvor (administrat de Prim\u0103ria Capitalei), Parcul Sebastian, Parcul Humule\u0219ti, Parcul Romniceanu \u0219i Parcul Pecineaga.<\/p>\n\n\n\n<figure class=\"wp-block-image size-large\"><img loading=\"lazy\" decoding=\"async\" width=\"900\" height=\"615\" src=\"data:image\/gif;base64,R0lGODlhAQABAAAAACH5BAEKAAEALAAAAAABAAEAAAICTAEAOw==\" data-src=\"https:\/\/buletin.de\/bucuresti\/wp-content\/uploads\/Untitled-design-15-900x615.png\" alt=\"\" class=\"wp-image-87488 lazyload\" data-sizes=\"auto\" data-srcset=\"https:\/\/buletin.de\/bucuresti\/wp-content\/uploads\/Untitled-design-15-900x615.png 900w, https:\/\/buletin.de\/bucuresti\/wp-content\/uploads\/Untitled-design-15-300x205.png 300w, https:\/\/buletin.de\/bucuresti\/wp-content\/uploads\/Untitled-design-15-768x524.png 768w, https:\/\/buletin.de\/bucuresti\/wp-content\/uploads\/Untitled-design-15-1100x751.png 1100w, https:\/\/buletin.de\/bucuresti\/wp-content\/uploads\/Untitled-design-15-600x410.png 600w, https:\/\/buletin.de\/bucuresti\/wp-content\/uploads\/Untitled-design-15-20x14.png 20w, https:\/\/buletin.de\/bucuresti\/wp-content\/uploads\/Untitled-design-15.png 1151w\" sizes=\"(max-width: 900px) 100vw, 900px\" \/><\/figure>\n\n\n\n<p>Parcul Sebastian ar fi trebuit s\u0103 se redeschid\u0103 de Ziua Copilului, \u00eens\u0103 lucr\u0103rile au \u00eent\u00e2rziat din cauza zilelor libere de Pa\u0219te, dar \u0219i a ploilor din acea perioad\u0103, declar\u0103 Cristian Popescu Piedone.<\/p>\n\n\n\n<p>De redeschiderea parcului au profitat \u0219i restul candida\u021bilor la Prim\u0103ria Sectorului 5. Cet\u0103\u021benii ie\u0219i\u021bi la plimbare \u00een zon\u0103 au primit flyere electorale cu Adrian Vigheciu (PSD-PNL), Alexandru Dimitriu (ADU) \u0219i Rafael Ilie (MRS).<\/p>\n\n\n\n<p><strong>CITE\u0218TE \u0218I:<\/strong><\/p>\n\n\n\n<figure class=\"wp-block-embed is-type-wp-embed is-provider-buletin-de-bucure-ti wp-block-embed-buletin-de-bucure-ti\"><div class=\"wp-block-embed__wrapper\">\n<blockquote class=\"wp-embedded-content\" data-secret=\"gjsDg70jLn\"><a href=\"https:\/\/buletin.de\/bucuresti\/sector-5-promisiune-ca-serele-ponosite-din-drumul-cooperativei-s-ar-putea-transforma-in-parc-de-16-5-milioane-de-euro\/\">Sector 5 |\u00a0Promisiune c\u0103 serele ponosite din Drumul Cooperativei s-ar putea transforma \u00een parc de 16.5 milioane de euro<\/a><\/blockquote><iframe class=\"wp-embedded-content\" sandbox=\"allow-scripts\" security=\"restricted\" style=\"position: absolute; clip: rect(1px, 1px, 1px, 1px);\" title=\"&#8220;Sector 5 |\u00a0Promisiune c\u0103 serele ponosite din Drumul Cooperativei s-ar putea transforma \u00een parc de 16.5 milioane de euro&#8221; &#8212; Buletin de Bucure\u0219ti\" src=\"https:\/\/buletin.de\/bucuresti\/sector-5-promisiune-ca-serele-ponosite-din-drumul-cooperativei-s-ar-putea-transforma-in-parc-de-16-5-milioane-de-euro\/embed\/#?secret=6UgzS49wHr#?secret=gjsDg70jLn\" data-secret=\"gjsDg70jLn\" width=\"600\" height=\"338\" frameborder=\"0\" marginwidth=\"0\" marginheight=\"0\" scrolling=\"no\"><\/iframe>\n<\/div><\/figure>\n","protected":false},"excerpt":{"rendered":"<p>Parcul Sebastian a fost redeschis miercuri, 5 iunie, dup\u0103 dou\u0103 luni \u00een care a fost \u00eenchis pentru reabilitare. Fiind unul dintre pu\u021binele spa\u021bii verzi din sector, zeci de p\u0103rin\u021bi, copii \u0219i v\u00e2rstnici s-au \u00eenghesuit la deschidere. La \u00eenceputul lunii aprilie, Cristian Popescu Piedone, edilul Sectorului 5, anun\u021ba c\u0103 Parcul Sebastian va fi \u00eenchis pentru modernizare. [&hellip;]<\/p>\n","protected":false},"author":55,"featured_media":87496,"comment_status":"closed","ping_status":"open","sticky":false,"template":"","format":"standard","meta":{"_acf_changed":false,"inline_featured_image":false,"ngg_post_thumbnail":0,"footnotes":""},"categories":[6994,5762,109,9025,24],"tags":[4094,12519,12517,12518,76],"ppma_author":[22573],"class_list":["post-87457","post","type-post","status-publish","format-standard","has-post-thumbnail","hentry","category-stiri-2","category-main","category-mediu","category-politic","category-primarie","tag-locuri-de-joaca","tag-lucrari-de-reabilitare-parc-sebastian","tag-parcul-sebastian-redeschidere","tag-parcuri-sector-5","tag-spatii-verzi"],"acf":[],"yoast_head":"<!-- This site is optimized with the Yoast SEO Premium plugin v25.3 (Yoast SEO v27.4) - https:\/\/yoast.com\/product\/yoast-seo-premium-wordpress\/ -->\n<title>FOTO | Parcul Sebastian, redeschis cu doar patru zile \u00eenainte de alegeri. Cum arat\u0103 dup\u0103 reabilitare - Buletin de Bucure\u0219ti<\/title>\n<meta name=\"robots\" content=\"index, follow, max-snippet:-1, max-image-preview:large, max-video-preview:-1\" \/>\n<link rel=\"canonical\" href=\"https:\/\/buletin.de\/bucuresti\/foto-parcul-sebastian-redeschis-cu-doar-patru-zile-inainte-de-alegeri-cum-arata-dupa-reabilitare\/\" \/>\n<meta property=\"og:locale\" content=\"en_GB\" \/>\n<meta property=\"og:type\" content=\"article\" \/>\n<meta property=\"og:title\" content=\"FOTO | Parcul Sebastian, redeschis cu doar patru zile \u00eenainte de alegeri. Cum arat\u0103 dup\u0103 reabilitare\" \/>\n<meta property=\"og:description\" content=\"Parcul Sebastian a fost redeschis miercuri, 5 iunie, dup\u0103 dou\u0103 luni \u00een care a fost \u00eenchis pentru reabilitare. Fiind unul dintre pu\u021binele spa\u021bii verzi din sector, zeci de p\u0103rin\u021bi, copii \u0219i v\u00e2rstnici s-au \u00eenghesuit la deschidere. La \u00eenceputul lunii aprilie, Cristian Popescu Piedone, edilul Sectorului 5, anun\u021ba c\u0103 Parcul Sebastian va fi \u00eenchis pentru modernizare. [&hellip;]\" \/>\n<meta property=\"og:url\" content=\"https:\/\/buletin.de\/bucuresti\/foto-parcul-sebastian-redeschis-cu-doar-patru-zile-inainte-de-alegeri-cum-arata-dupa-reabilitare\/\" \/>\n<meta property=\"og:site_name\" content=\"Buletin de Bucure\u0219ti\" \/>\n<meta property=\"article:publisher\" content=\"https:\/\/www.facebook.com\/buletin.de.buc\" \/>\n<meta property=\"article:published_time\" content=\"2024-06-06T03:00:00+00:00\" \/>\n<meta property=\"og:image\" content=\"https:\/\/buletin.de\/bucuresti\/wp-content\/uploads\/IMG-20240605-WA0017.jpg\" \/>\n\t<meta property=\"og:image:width\" content=\"2048\" \/>\n\t<meta property=\"og:image:height\" content=\"1536\" \/>\n\t<meta property=\"og:image:type\" content=\"image\/jpeg\" \/>\n<meta name=\"author\" content=\"Andreea Tudor\" \/>\n<meta name=\"twitter:card\" content=\"summary_large_image\" \/>\n<meta name=\"twitter:label1\" content=\"Written by\" \/>\n\t<meta name=\"twitter:data1\" content=\"Andreea Tudor\" \/>\n\t<meta name=\"twitter:label2\" content=\"Estimated reading time\" \/>\n\t<meta name=\"twitter:data2\" content=\"5 minutes\" \/>\n<script type=\"application\/ld+json\" class=\"yoast-schema-graph\">{\"@context\":\"https:\\\/\\\/schema.org\",\"@graph\":[{\"@type\":\"Article\",\"@id\":\"https:\\\/\\\/buletin.de\\\/bucuresti\\\/foto-parcul-sebastian-redeschis-cu-doar-patru-zile-inainte-de-alegeri-cum-arata-dupa-reabilitare\\\/#article\",\"isPartOf\":{\"@id\":\"https:\\\/\\\/buletin.de\\\/bucuresti\\\/foto-parcul-sebastian-redeschis-cu-doar-patru-zile-inainte-de-alegeri-cum-arata-dupa-reabilitare\\\/\"},\"author\":{\"name\":\"Andreea Tudor\",\"@id\":\"https:\\\/\\\/buletin.de\\\/bucuresti\\\/#\\\/schema\\\/person\\\/150590659efde715459d159da012f501\"},\"headline\":\"FOTO | Parcul Sebastian, redeschis cu doar patru zile \u00eenainte de alegeri. Cum arat\u0103 dup\u0103 reabilitare\",\"datePublished\":\"2024-06-06T03:00:00+00:00\",\"mainEntityOfPage\":{\"@id\":\"https:\\\/\\\/buletin.de\\\/bucuresti\\\/foto-parcul-sebastian-redeschis-cu-doar-patru-zile-inainte-de-alegeri-cum-arata-dupa-reabilitare\\\/\"},\"wordCount\":400,\"publisher\":{\"@id\":\"https:\\\/\\\/buletin.de\\\/bucuresti\\\/#organization\"},\"image\":{\"@id\":\"https:\\\/\\\/buletin.de\\\/bucuresti\\\/foto-parcul-sebastian-redeschis-cu-doar-patru-zile-inainte-de-alegeri-cum-arata-dupa-reabilitare\\\/#primaryimage\"},\"thumbnailUrl\":\"https:\\\/\\\/buletin.de\\\/bucuresti\\\/wp-content\\\/uploads\\\/IMG-20240605-WA0017.jpg\",\"keywords\":[\"locuri de joaca\",\"lucrari de reabilitare parc sebastian\",\"parcul sebastian redeschidere\",\"parcuri Sector 5\",\"spatii verzi\"],\"articleSection\":[\"Articole\",\"Main\",\"Mediu\",\"Politic\",\"Prim\u0103rie\"],\"inLanguage\":\"en-GB\",\"copyrightYear\":\"2024\",\"copyrightHolder\":{\"@id\":\"https:\\\/\\\/buletin.de\\\/bucuresti\\\/#organization\"}},{\"@type\":\"WebPage\",\"@id\":\"https:\\\/\\\/buletin.de\\\/bucuresti\\\/foto-parcul-sebastian-redeschis-cu-doar-patru-zile-inainte-de-alegeri-cum-arata-dupa-reabilitare\\\/\",\"url\":\"https:\\\/\\\/buletin.de\\\/bucuresti\\\/foto-parcul-sebastian-redeschis-cu-doar-patru-zile-inainte-de-alegeri-cum-arata-dupa-reabilitare\\\/\",\"name\":\"FOTO | Parcul Sebastian, redeschis cu doar patru zile \u00eenainte de alegeri. Cum arat\u0103 dup\u0103 reabilitare - Buletin de Bucure\u0219ti\",\"isPartOf\":{\"@id\":\"https:\\\/\\\/buletin.de\\\/bucuresti\\\/#website\"},\"primaryImageOfPage\":{\"@id\":\"https:\\\/\\\/buletin.de\\\/bucuresti\\\/foto-parcul-sebastian-redeschis-cu-doar-patru-zile-inainte-de-alegeri-cum-arata-dupa-reabilitare\\\/#primaryimage\"},\"image\":{\"@id\":\"https:\\\/\\\/buletin.de\\\/bucuresti\\\/foto-parcul-sebastian-redeschis-cu-doar-patru-zile-inainte-de-alegeri-cum-arata-dupa-reabilitare\\\/#primaryimage\"},\"thumbnailUrl\":\"https:\\\/\\\/buletin.de\\\/bucuresti\\\/wp-content\\\/uploads\\\/IMG-20240605-WA0017.jpg\",\"datePublished\":\"2024-06-06T03:00:00+00:00\",\"breadcrumb\":{\"@id\":\"https:\\\/\\\/buletin.de\\\/bucuresti\\\/foto-parcul-sebastian-redeschis-cu-doar-patru-zile-inainte-de-alegeri-cum-arata-dupa-reabilitare\\\/#breadcrumb\"},\"inLanguage\":\"en-GB\",\"potentialAction\":[{\"@type\":\"ReadAction\",\"target\":[\"https:\\\/\\\/buletin.de\\\/bucuresti\\\/foto-parcul-sebastian-redeschis-cu-doar-patru-zile-inainte-de-alegeri-cum-arata-dupa-reabilitare\\\/\"]}]},{\"@type\":\"ImageObject\",\"inLanguage\":\"en-GB\",\"@id\":\"https:\\\/\\\/buletin.de\\\/bucuresti\\\/foto-parcul-sebastian-redeschis-cu-doar-patru-zile-inainte-de-alegeri-cum-arata-dupa-reabilitare\\\/#primaryimage\",\"url\":\"https:\\\/\\\/buletin.de\\\/bucuresti\\\/wp-content\\\/uploads\\\/IMG-20240605-WA0017.jpg\",\"contentUrl\":\"https:\\\/\\\/buletin.de\\\/bucuresti\\\/wp-content\\\/uploads\\\/IMG-20240605-WA0017.jpg\",\"width\":2048,\"height\":1536,\"caption\":\"FOTO: Andreea Tudor\"},{\"@type\":\"BreadcrumbList\",\"@id\":\"https:\\\/\\\/buletin.de\\\/bucuresti\\\/foto-parcul-sebastian-redeschis-cu-doar-patru-zile-inainte-de-alegeri-cum-arata-dupa-reabilitare\\\/#breadcrumb\",\"itemListElement\":[{\"@type\":\"ListItem\",\"position\":1,\"name\":\"Acas\u0103\",\"item\":\"https:\\\/\\\/buletin.de\\\/bucuresti\\\/\"},{\"@type\":\"ListItem\",\"position\":2,\"name\":\"FOTO | Parcul Sebastian, redeschis cu doar patru zile \u00eenainte de alegeri. Cum arat\u0103 dup\u0103 reabilitare\"}]},{\"@type\":\"WebSite\",\"@id\":\"https:\\\/\\\/buletin.de\\\/bucuresti\\\/#website\",\"url\":\"https:\\\/\\\/buletin.de\\\/bucuresti\\\/\",\"name\":\"Buletin de Bucure\u0219ti\",\"description\":\"\u0218tiri \u0219i investiga\u021bii esen\u021biale din capital\u0103\",\"publisher\":{\"@id\":\"https:\\\/\\\/buletin.de\\\/bucuresti\\\/#organization\"},\"potentialAction\":[{\"@type\":\"SearchAction\",\"target\":{\"@type\":\"EntryPoint\",\"urlTemplate\":\"https:\\\/\\\/buletin.de\\\/bucuresti\\\/?s={search_term_string}\"},\"query-input\":{\"@type\":\"PropertyValueSpecification\",\"valueRequired\":true,\"valueName\":\"search_term_string\"}}],\"inLanguage\":\"en-GB\"},{\"@type\":\"Organization\",\"@id\":\"https:\\\/\\\/buletin.de\\\/bucuresti\\\/#organization\",\"name\":\"Buletin de Bucure\u0219ti\",\"url\":\"https:\\\/\\\/buletin.de\\\/bucuresti\\\/\",\"logo\":{\"@type\":\"ImageObject\",\"inLanguage\":\"en-GB\",\"@id\":\"https:\\\/\\\/buletin.de\\\/bucuresti\\\/#\\\/schema\\\/logo\\\/image\\\/\",\"url\":\"https:\\\/\\\/buletin.de\\\/bucuresti\\\/wp-content\\\/uploads\\\/logo-bdb-full-wide-vernil-transparent.png\",\"contentUrl\":\"https:\\\/\\\/buletin.de\\\/bucuresti\\\/wp-content\\\/uploads\\\/logo-bdb-full-wide-vernil-transparent.png\",\"width\":1782,\"height\":626,\"caption\":\"Buletin de Bucure\u0219ti\"},\"image\":{\"@id\":\"https:\\\/\\\/buletin.de\\\/bucuresti\\\/#\\\/schema\\\/logo\\\/image\\\/\"},\"sameAs\":[\"https:\\\/\\\/www.facebook.com\\\/buletin.de.buc\",\"https:\\\/\\\/www.instagram.com\\\/buletinde.bucuresti\\\/\"]},{\"@type\":\"Person\",\"@id\":\"https:\\\/\\\/buletin.de\\\/bucuresti\\\/#\\\/schema\\\/person\\\/150590659efde715459d159da012f501\",\"name\":\"Andreea Tudor\",\"image\":{\"@type\":\"ImageObject\",\"inLanguage\":\"en-GB\",\"@id\":\"https:\\\/\\\/secure.gravatar.com\\\/avatar\\\/a88705a186ab0b67f3349bcbced506c09e37256fbaad0e7f3bd1a79b4599f589?s=96&d=monsterid&r=g79290610aa1a65c2b86eebc2ca5aee8f\",\"url\":\"https:\\\/\\\/secure.gravatar.com\\\/avatar\\\/a88705a186ab0b67f3349bcbced506c09e37256fbaad0e7f3bd1a79b4599f589?s=96&d=monsterid&r=g\",\"contentUrl\":\"https:\\\/\\\/secure.gravatar.com\\\/avatar\\\/a88705a186ab0b67f3349bcbced506c09e37256fbaad0e7f3bd1a79b4599f589?s=96&d=monsterid&r=g\",\"caption\":\"Andreea Tudor\"},\"description\":\"N\u0103scut\u0103 \u0219i crescut\u0103 \u00een Bucure\u0219ti, sus\u021bin\u0103toare a presei independente. A\u0219a am ajuns redactor la Buletin de Bucure\u0219ti. Fiind eu, \u00eens\u0103mi, parte a sistemului de \u00eenv\u0103\u021b\u0103m\u00e2nt rom\u00e2nesc \u0219i pasionat\u0103 de domeniul social, pun sub lup\u0103 tot ceea ce se \u00eent\u00e2mpl\u0103 \u00een sfera educa\u021biei. Cred cu t\u0103rie c\u0103 presa \u201epentru cet\u0103\u021beni\u201d este presa independent\u0103. Oamenii au nevoie de o informare corect\u0103 pentru a \u00een\u021belege pe deplin ce se \u00eent\u00e2mpl\u0103 \u00een jurul lor \u0219i pentru a lua ac\u021biune \u00eempotriva nedrept\u0103\u021bilor.\",\"url\":\"https:\\\/\\\/buletin.de\\\/bucuresti\\\/author\\\/andreeatudor\\\/\"}]}<\/script>\n<!-- \/ Yoast SEO Premium plugin. -->","yoast_head_json":{"title":"FOTO | Parcul Sebastian, redeschis cu doar patru zile \u00eenainte de alegeri. Cum arat\u0103 dup\u0103 reabilitare - Buletin de Bucure\u0219ti","robots":{"index":"index","follow":"follow","max-snippet":"max-snippet:-1","max-image-preview":"max-image-preview:large","max-video-preview":"max-video-preview:-1"},"canonical":"https:\/\/buletin.de\/bucuresti\/foto-parcul-sebastian-redeschis-cu-doar-patru-zile-inainte-de-alegeri-cum-arata-dupa-reabilitare\/","og_locale":"en_GB","og_type":"article","og_title":"FOTO | Parcul Sebastian, redeschis cu doar patru zile \u00eenainte de alegeri. Cum arat\u0103 dup\u0103 reabilitare","og_description":"Parcul Sebastian a fost redeschis miercuri, 5 iunie, dup\u0103 dou\u0103 luni \u00een care a fost \u00eenchis pentru reabilitare. Fiind unul dintre pu\u021binele spa\u021bii verzi din sector, zeci de p\u0103rin\u021bi, copii \u0219i v\u00e2rstnici s-au \u00eenghesuit la deschidere. La \u00eenceputul lunii aprilie, Cristian Popescu Piedone, edilul Sectorului 5, anun\u021ba c\u0103 Parcul Sebastian va fi \u00eenchis pentru modernizare. [&hellip;]","og_url":"https:\/\/buletin.de\/bucuresti\/foto-parcul-sebastian-redeschis-cu-doar-patru-zile-inainte-de-alegeri-cum-arata-dupa-reabilitare\/","og_site_name":"Buletin de Bucure\u0219ti","article_publisher":"https:\/\/www.facebook.com\/buletin.de.buc","article_published_time":"2024-06-06T03:00:00+00:00","og_image":[{"width":2048,"height":1536,"url":"https:\/\/buletin.de\/bucuresti\/wp-content\/uploads\/IMG-20240605-WA0017.jpg","type":"image\/jpeg"}],"author":"Andreea Tudor","twitter_card":"summary_large_image","twitter_misc":{"Written by":"Andreea Tudor","Estimated reading time":"5 minutes"},"schema":{"@context":"https:\/\/schema.org","@graph":[{"@type":"Article","@id":"https:\/\/buletin.de\/bucuresti\/foto-parcul-sebastian-redeschis-cu-doar-patru-zile-inainte-de-alegeri-cum-arata-dupa-reabilitare\/#article","isPartOf":{"@id":"https:\/\/buletin.de\/bucuresti\/foto-parcul-sebastian-redeschis-cu-doar-patru-zile-inainte-de-alegeri-cum-arata-dupa-reabilitare\/"},"author":{"name":"Andreea Tudor","@id":"https:\/\/buletin.de\/bucuresti\/#\/schema\/person\/150590659efde715459d159da012f501"},"headline":"FOTO | Parcul Sebastian, redeschis cu doar patru zile \u00eenainte de alegeri. Cum arat\u0103 dup\u0103 reabilitare","datePublished":"2024-06-06T03:00:00+00:00","mainEntityOfPage":{"@id":"https:\/\/buletin.de\/bucuresti\/foto-parcul-sebastian-redeschis-cu-doar-patru-zile-inainte-de-alegeri-cum-arata-dupa-reabilitare\/"},"wordCount":400,"publisher":{"@id":"https:\/\/buletin.de\/bucuresti\/#organization"},"image":{"@id":"https:\/\/buletin.de\/bucuresti\/foto-parcul-sebastian-redeschis-cu-doar-patru-zile-inainte-de-alegeri-cum-arata-dupa-reabilitare\/#primaryimage"},"thumbnailUrl":"https:\/\/buletin.de\/bucuresti\/wp-content\/uploads\/IMG-20240605-WA0017.jpg","keywords":["locuri de joaca","lucrari de reabilitare parc sebastian","parcul sebastian redeschidere","parcuri Sector 5","spatii verzi"],"articleSection":["Articole","Main","Mediu","Politic","Prim\u0103rie"],"inLanguage":"en-GB","copyrightYear":"2024","copyrightHolder":{"@id":"https:\/\/buletin.de\/bucuresti\/#organization"}},{"@type":"WebPage","@id":"https:\/\/buletin.de\/bucuresti\/foto-parcul-sebastian-redeschis-cu-doar-patru-zile-inainte-de-alegeri-cum-arata-dupa-reabilitare\/","url":"https:\/\/buletin.de\/bucuresti\/foto-parcul-sebastian-redeschis-cu-doar-patru-zile-inainte-de-alegeri-cum-arata-dupa-reabilitare\/","name":"FOTO | Parcul Sebastian, redeschis cu doar patru zile \u00eenainte de alegeri. Cum arat\u0103 dup\u0103 reabilitare - Buletin de Bucure\u0219ti","isPartOf":{"@id":"https:\/\/buletin.de\/bucuresti\/#website"},"primaryImageOfPage":{"@id":"https:\/\/buletin.de\/bucuresti\/foto-parcul-sebastian-redeschis-cu-doar-patru-zile-inainte-de-alegeri-cum-arata-dupa-reabilitare\/#primaryimage"},"image":{"@id":"https:\/\/buletin.de\/bucuresti\/foto-parcul-sebastian-redeschis-cu-doar-patru-zile-inainte-de-alegeri-cum-arata-dupa-reabilitare\/#primaryimage"},"thumbnailUrl":"https:\/\/buletin.de\/bucuresti\/wp-content\/uploads\/IMG-20240605-WA0017.jpg","datePublished":"2024-06-06T03:00:00+00:00","breadcrumb":{"@id":"https:\/\/buletin.de\/bucuresti\/foto-parcul-sebastian-redeschis-cu-doar-patru-zile-inainte-de-alegeri-cum-arata-dupa-reabilitare\/#breadcrumb"},"inLanguage":"en-GB","potentialAction":[{"@type":"ReadAction","target":["https:\/\/buletin.de\/bucuresti\/foto-parcul-sebastian-redeschis-cu-doar-patru-zile-inainte-de-alegeri-cum-arata-dupa-reabilitare\/"]}]},{"@type":"ImageObject","inLanguage":"en-GB","@id":"https:\/\/buletin.de\/bucuresti\/foto-parcul-sebastian-redeschis-cu-doar-patru-zile-inainte-de-alegeri-cum-arata-dupa-reabilitare\/#primaryimage","url":"https:\/\/buletin.de\/bucuresti\/wp-content\/uploads\/IMG-20240605-WA0017.jpg","contentUrl":"https:\/\/buletin.de\/bucuresti\/wp-content\/uploads\/IMG-20240605-WA0017.jpg","width":2048,"height":1536,"caption":"FOTO: Andreea Tudor"},{"@type":"BreadcrumbList","@id":"https:\/\/buletin.de\/bucuresti\/foto-parcul-sebastian-redeschis-cu-doar-patru-zile-inainte-de-alegeri-cum-arata-dupa-reabilitare\/#breadcrumb","itemListElement":[{"@type":"ListItem","position":1,"name":"Acas\u0103","item":"https:\/\/buletin.de\/bucuresti\/"},{"@type":"ListItem","position":2,"name":"FOTO | Parcul Sebastian, redeschis cu doar patru zile \u00eenainte de alegeri. Cum arat\u0103 dup\u0103 reabilitare"}]},{"@type":"WebSite","@id":"https:\/\/buletin.de\/bucuresti\/#website","url":"https:\/\/buletin.de\/bucuresti\/","name":"Buletin de Bucure\u0219ti","description":"\u0218tiri \u0219i investiga\u021bii esen\u021biale din capital\u0103","publisher":{"@id":"https:\/\/buletin.de\/bucuresti\/#organization"},"potentialAction":[{"@type":"SearchAction","target":{"@type":"EntryPoint","urlTemplate":"https:\/\/buletin.de\/bucuresti\/?s={search_term_string}"},"query-input":{"@type":"PropertyValueSpecification","valueRequired":true,"valueName":"search_term_string"}}],"inLanguage":"en-GB"},{"@type":"Organization","@id":"https:\/\/buletin.de\/bucuresti\/#organization","name":"Buletin de Bucure\u0219ti","url":"https:\/\/buletin.de\/bucuresti\/","logo":{"@type":"ImageObject","inLanguage":"en-GB","@id":"https:\/\/buletin.de\/bucuresti\/#\/schema\/logo\/image\/","url":"https:\/\/buletin.de\/bucuresti\/wp-content\/uploads\/logo-bdb-full-wide-vernil-transparent.png","contentUrl":"https:\/\/buletin.de\/bucuresti\/wp-content\/uploads\/logo-bdb-full-wide-vernil-transparent.png","width":1782,"height":626,"caption":"Buletin de Bucure\u0219ti"},"image":{"@id":"https:\/\/buletin.de\/bucuresti\/#\/schema\/logo\/image\/"},"sameAs":["https:\/\/www.facebook.com\/buletin.de.buc","https:\/\/www.instagram.com\/buletinde.bucuresti\/"]},{"@type":"Person","@id":"https:\/\/buletin.de\/bucuresti\/#\/schema\/person\/150590659efde715459d159da012f501","name":"Andreea Tudor","image":{"@type":"ImageObject","inLanguage":"en-GB","@id":"https:\/\/secure.gravatar.com\/avatar\/a88705a186ab0b67f3349bcbced506c09e37256fbaad0e7f3bd1a79b4599f589?s=96&d=monsterid&r=g79290610aa1a65c2b86eebc2ca5aee8f","url":"https:\/\/secure.gravatar.com\/avatar\/a88705a186ab0b67f3349bcbced506c09e37256fbaad0e7f3bd1a79b4599f589?s=96&d=monsterid&r=g","contentUrl":"https:\/\/secure.gravatar.com\/avatar\/a88705a186ab0b67f3349bcbced506c09e37256fbaad0e7f3bd1a79b4599f589?s=96&d=monsterid&r=g","caption":"Andreea Tudor"},"description":"N\u0103scut\u0103 \u0219i crescut\u0103 \u00een Bucure\u0219ti, sus\u021bin\u0103toare a presei independente. A\u0219a am ajuns redactor la Buletin de Bucure\u0219ti. Fiind eu, \u00eens\u0103mi, parte a sistemului de \u00eenv\u0103\u021b\u0103m\u00e2nt rom\u00e2nesc \u0219i pasionat\u0103 de domeniul social, pun sub lup\u0103 tot ceea ce se \u00eent\u00e2mpl\u0103 \u00een sfera educa\u021biei. Cred cu t\u0103rie c\u0103 presa \u201epentru cet\u0103\u021beni\u201d este presa independent\u0103. Oamenii au nevoie de o informare corect\u0103 pentru a \u00een\u021belege pe deplin ce se \u00eent\u00e2mpl\u0103 \u00een jurul lor \u0219i pentru a lua ac\u021biune \u00eempotriva nedrept\u0103\u021bilor.","url":"https:\/\/buletin.de\/bucuresti\/author\/andreeatudor\/"}]}},"authors":[{"term_id":22573,"user_id":55,"is_guest":0,"slug":"andreeatudor","display_name":"Andreea Tudor","avatar_url":"https:\/\/secure.gravatar.com\/avatar\/a88705a186ab0b67f3349bcbced506c09e37256fbaad0e7f3bd1a79b4599f589?s=96&d=monsterid&r=g","0":null,"1":"","2":"","3":"","4":"","5":"","6":"","7":"","8":""}],"_links":{"self":[{"href":"https:\/\/buletin.de\/bucuresti\/wp-json\/wp\/v2\/posts\/87457","targetHints":{"allow":["GET"]}}],"collection":[{"href":"https:\/\/buletin.de\/bucuresti\/wp-json\/wp\/v2\/posts"}],"about":[{"href":"https:\/\/buletin.de\/bucuresti\/wp-json\/wp\/v2\/types\/post"}],"author":[{"embeddable":true,"href":"https:\/\/buletin.de\/bucuresti\/wp-json\/wp\/v2\/users\/55"}],"replies":[{"embeddable":true,"href":"https:\/\/buletin.de\/bucuresti\/wp-json\/wp\/v2\/comments?post=87457"}],"version-history":[{"count":9,"href":"https:\/\/buletin.de\/bucuresti\/wp-json\/wp\/v2\/posts\/87457\/revisions"}],"predecessor-version":[{"id":87501,"href":"https:\/\/buletin.de\/bucuresti\/wp-json\/wp\/v2\/posts\/87457\/revisions\/87501"}],"wp:featuredmedia":[{"embeddable":true,"href":"https:\/\/buletin.de\/bucuresti\/wp-json\/wp\/v2\/media\/87496"}],"wp:attachment":[{"href":"https:\/\/buletin.de\/bucuresti\/wp-json\/wp\/v2\/media?parent=87457"}],"wp:term":[{"taxonomy":"category","embeddable":true,"href":"https:\/\/buletin.de\/bucuresti\/wp-json\/wp\/v2\/categories?post=87457"},{"taxonomy":"post_tag","embeddable":true,"href":"https:\/\/buletin.de\/bucuresti\/wp-json\/wp\/v2\/tags?post=87457"},{"taxonomy":"author","embeddable":true,"href":"https:\/\/buletin.de\/bucuresti\/wp-json\/wp\/v2\/ppma_author?post=87457"}],"curies":[{"name":"wp","href":"https:\/\/api.w.org\/{rel}","templated":true}]}}