{"id":87438,"date":"2024-06-05T16:33:15","date_gmt":"2024-06-05T13:33:15","guid":{"rendered":"https:\/\/buletin.de\/bucuresti\/?p=87438"},"modified":"2024-06-05T16:33:16","modified_gmt":"2024-06-05T13:33:16","slug":"tpbi-se-extinde-transportul-public-la-peris-sat-din-6-iunie","status":"publish","type":"post","link":"https:\/\/buletin.de\/bucuresti\/tpbi-se-extinde-transportul-public-la-peris-sat-din-6-iunie\/","title":{"rendered":"TPBI | Se extinde transportul public la \u201ePeri\u0219 Sat\u201d, din 6 iunie"},"content":{"rendered":"\n<p><strong>Asocia\u021bia de Dezvoltare Intercomunitar\u0103 pentru Transport Public Bucure\u0219ti \u2013 Ilfov (TPBI) \u00eenfiin\u021beaz\u01ce\u00a0linia 443B, Aceasta va face leg\u0103tura \u00eentre terminalele\u00a0\u201ePeri\u0219 Sat\u201d\u00a0\u0219i\u00a0\u201ePia\u021ba Presei\u201d.<\/strong><\/p>\n\n\n\n<p>M\u0103sura intr\u0103 \u00een vigoare, m\u00e2ine, 6 iunie iar autobuzele\u00a0<strong>liniei 443B<\/strong>\u00a0vor circula pe traseul:<\/p>\n\n\n\n<ul class=\"wp-block-list\">\n<li>\u201ePeri\u0219 Sat\u201d;<\/li>\n\n\n\n<li>Str. Principal\u0103;<\/li>\n\n\n\n<li>Str. \u00cenv\u0103\u021b\u0103tor Moga Mihai;<\/li>\n\n\n\n<li>\u0218os. Bucure\u0219ti \u2013 Ploie\u0219ti;<\/li>\n\n\n\n<li>Calea Bucure\u0219tilor;<\/li>\n\n\n\n<li>\u0218os. Bucure\u0219ti \u2013 Ploie\u0219ti;<\/li>\n\n\n\n<li>Bd. M\u0103r\u0103\u0219ti;<\/li>\n\n\n\n<li>Pia\u021ba Montreal;<\/li>\n\n\n\n<li>\u201ePia\u021ba Presei\u201d, cu \u00eentoarcere pe Bd. M\u0103r\u0103\u0219ti;<\/li>\n\n\n\n<li>\u0218os. Bucure\u0219ti \u2013 Ploie\u0219ti;<\/li>\n\n\n\n<li>Calea Bucure\u0219tilor;<\/li>\n\n\n\n<li>\u0218os. Bucure\u0219ti \u2013 Ploie\u0219ti;<\/li>\n\n\n\n<li>Str. \u00cenv\u0103\u021b\u0103tor Moga;<\/li>\n\n\n\n<li>Str. Principal\u0103;<\/li>\n\n\n\n<li>\u201ePeri\u0219 Sat\u201d.<\/li>\n<\/ul>\n\n\n\n<figure class=\"wp-block-image size-large is-resized\"><img fetchpriority=\"high\" decoding=\"async\" width=\"900\" height=\"569\" src=\"data:image\/gif;base64,R0lGODlhAQABAAAAACH5BAEKAAEALAAAAAABAAEAAAICTAEAOw==\" data-src=\"https:\/\/buletin.de\/bucuresti\/wp-content\/uploads\/443B-site-002-1-900x569.png\" alt=\"\" class=\"wp-image-87442 lazyload\" style=\"width:840px;height:auto\" data-sizes=\"auto\" data-srcset=\"https:\/\/buletin.de\/bucuresti\/wp-content\/uploads\/443B-site-002-1-900x569.png 900w, https:\/\/buletin.de\/bucuresti\/wp-content\/uploads\/443B-site-002-1-300x190.png 300w, https:\/\/buletin.de\/bucuresti\/wp-content\/uploads\/443B-site-002-1-768x486.png 768w, https:\/\/buletin.de\/bucuresti\/wp-content\/uploads\/443B-site-002-1-1100x696.png 1100w, https:\/\/buletin.de\/bucuresti\/wp-content\/uploads\/443B-site-002-1-600x380.png 600w, https:\/\/buletin.de\/bucuresti\/wp-content\/uploads\/443B-site-002-1-20x13.png 20w, https:\/\/buletin.de\/bucuresti\/wp-content\/uploads\/443B-site-002-1.png 1527w\" sizes=\"(max-width: 900px) 100vw, 900px\" \/><\/figure>\n\n\n\n<p>Vehiculele vor opri \u0219i \u00een noile sta\u021bii de pe Strada Principal\u0103:<\/p>\n\n\n\n<ul class=\"wp-block-list\">\n<li>&nbsp;\u201eGara Peri\u0219\u201d;<\/li>\n\n\n\n<li>&nbsp;\u201ePatrana\u201d;<\/li>\n\n\n\n<li>&nbsp;\u201ePelicanului\u201d;<\/li>\n\n\n\n<li>&nbsp;\u201eParcului\u201d;<\/li>\n\n\n\n<li> sta\u021bia de la cap\u0103tul de linie&nbsp;\u201ePeri\u0219 Sat\u201d.<\/li>\n<\/ul>\n\n\n\n<p>TPBI a luat aceast\u0103 decizie pentru cre\u0219terea calit\u0103\u021bii serviciilor de transport, \u00een regiunea Bucure\u0219ti-Ilfov.<\/p>\n\n\n\n<p><strong>CITE\u0218TE \u0218I:<\/strong><\/p>\n\n\n\n<figure class=\"wp-block-embed is-type-wp-embed is-provider-buletin-de-bucure-ti wp-block-embed-buletin-de-bucure-ti\"><div class=\"wp-block-embed__wrapper\">\n<blockquote class=\"wp-embedded-content\" data-secret=\"JaaDBnGBKr\"><a href=\"https:\/\/buletin.de\/bucuresti\/contracte-de-miliarde-de-euro-semnate-pentru-lucrari-la-magistralele-de-metrou-m4-si-m6\/\">Contracte de miliarde de euro semnate pentru lucr\u0103ri la magistralele de metrou M4 \u015fi M6<\/a><\/blockquote><iframe class=\"wp-embedded-content\" sandbox=\"allow-scripts\" security=\"restricted\" style=\"position: absolute; clip: rect(1px, 1px, 1px, 1px);\" title=\"&#8220;Contracte de miliarde de euro semnate pentru lucr\u0103ri la magistralele de metrou M4 \u015fi M6&#8221; &#8212; Buletin de Bucure\u0219ti\" src=\"https:\/\/buletin.de\/bucuresti\/contracte-de-miliarde-de-euro-semnate-pentru-lucrari-la-magistralele-de-metrou-m4-si-m6\/embed\/#?secret=xwzcujVvAG#?secret=JaaDBnGBKr\" data-secret=\"JaaDBnGBKr\" width=\"600\" height=\"338\" frameborder=\"0\" marginwidth=\"0\" marginheight=\"0\" scrolling=\"no\"><\/iframe>\n<\/div><\/figure>\n","protected":false},"excerpt":{"rendered":"<p>Asocia\u021bia de Dezvoltare Intercomunitar\u0103 pentru Transport Public Bucure\u0219ti \u2013 Ilfov (TPBI) \u00eenfiin\u021beaz\u01ce\u00a0linia 443B, Aceasta va face leg\u0103tura \u00eentre terminalele\u00a0\u201ePeri\u0219 Sat\u201d\u00a0\u0219i\u00a0\u201ePia\u021ba Presei\u201d. M\u0103sura intr\u0103 \u00een vigoare, m\u00e2ine, 6 iunie iar autobuzele\u00a0liniei 443B\u00a0vor circula pe traseul: Vehiculele vor opri \u0219i \u00een noile sta\u021bii de pe Strada Principal\u0103: TPBI a luat aceast\u0103 decizie pentru cre\u0219terea calit\u0103\u021bii serviciilor de [&hellip;]<\/p>\n","protected":false},"author":49,"featured_media":87441,"comment_status":"closed","ping_status":"open","sticky":false,"template":"","format":"standard","meta":{"_acf_changed":false,"inline_featured_image":false,"ngg_post_thumbnail":0,"footnotes":""},"categories":[6994,62,650],"tags":[12509,819,2842],"ppma_author":[22574],"class_list":["post-87438","post","type-post","status-publish","format-standard","has-post-thumbnail","hentry","category-stiri-2","category-stiri","category-transport","tag-linia-443b","tag-peris","tag-tpbi"],"acf":[],"yoast_head":"<!-- This site is optimized with the Yoast SEO Premium plugin v25.3 (Yoast SEO v27.4) - https:\/\/yoast.com\/product\/yoast-seo-premium-wordpress\/ -->\n<title>TPBI | Se extinde transportul public la \u201ePeri\u0219 Sat\u201d, din 6 iunie - Buletin de Bucure\u0219ti<\/title>\n<meta name=\"robots\" content=\"index, follow, max-snippet:-1, max-image-preview:large, max-video-preview:-1\" \/>\n<link rel=\"canonical\" href=\"https:\/\/buletin.de\/bucuresti\/tpbi-se-extinde-transportul-public-la-peris-sat-din-6-iunie\/\" \/>\n<meta property=\"og:locale\" content=\"en_GB\" \/>\n<meta property=\"og:type\" content=\"article\" \/>\n<meta property=\"og:title\" content=\"TPBI | Se extinde transportul public la \u201ePeri\u0219 Sat\u201d, din 6 iunie\" \/>\n<meta property=\"og:description\" content=\"Asocia\u021bia de Dezvoltare Intercomunitar\u0103 pentru Transport Public Bucure\u0219ti \u2013 Ilfov (TPBI) \u00eenfiin\u021beaz\u01ce\u00a0linia 443B, Aceasta va face leg\u0103tura \u00eentre terminalele\u00a0\u201ePeri\u0219 Sat\u201d\u00a0\u0219i\u00a0\u201ePia\u021ba Presei\u201d. M\u0103sura intr\u0103 \u00een vigoare, m\u00e2ine, 6 iunie iar autobuzele\u00a0liniei 443B\u00a0vor circula pe traseul: Vehiculele vor opri \u0219i \u00een noile sta\u021bii de pe Strada Principal\u0103: TPBI a luat aceast\u0103 decizie pentru cre\u0219terea calit\u0103\u021bii serviciilor de [&hellip;]\" \/>\n<meta property=\"og:url\" content=\"https:\/\/buletin.de\/bucuresti\/tpbi-se-extinde-transportul-public-la-peris-sat-din-6-iunie\/\" \/>\n<meta property=\"og:site_name\" content=\"Buletin de Bucure\u0219ti\" \/>\n<meta property=\"article:publisher\" content=\"https:\/\/www.facebook.com\/buletin.de.buc\" \/>\n<meta property=\"article:published_time\" content=\"2024-06-05T13:33:15+00:00\" \/>\n<meta property=\"article:modified_time\" content=\"2024-06-05T13:33:16+00:00\" \/>\n<meta property=\"og:image\" content=\"https:\/\/buletin.de\/bucuresti\/wp-content\/uploads\/linia-443B.jpg\" \/>\n\t<meta property=\"og:image:width\" content=\"2000\" \/>\n\t<meta property=\"og:image:height\" content=\"1677\" \/>\n\t<meta property=\"og:image:type\" content=\"image\/jpeg\" \/>\n<meta name=\"author\" content=\"Diana Matei\" \/>\n<meta name=\"twitter:card\" content=\"summary_large_image\" \/>\n<meta name=\"twitter:label1\" content=\"Written by\" \/>\n\t<meta name=\"twitter:data1\" content=\"Diana Matei\" \/>\n\t<meta name=\"twitter:label2\" content=\"Estimated reading time\" \/>\n\t<meta name=\"twitter:data2\" content=\"1 minute\" \/>\n<script type=\"application\/ld+json\" class=\"yoast-schema-graph\">{\"@context\":\"https:\\\/\\\/schema.org\",\"@graph\":[{\"@type\":\"Article\",\"@id\":\"https:\\\/\\\/buletin.de\\\/bucuresti\\\/tpbi-se-extinde-transportul-public-la-peris-sat-din-6-iunie\\\/#article\",\"isPartOf\":{\"@id\":\"https:\\\/\\\/buletin.de\\\/bucuresti\\\/tpbi-se-extinde-transportul-public-la-peris-sat-din-6-iunie\\\/\"},\"author\":{\"name\":\"Diana Matei\",\"@id\":\"https:\\\/\\\/buletin.de\\\/bucuresti\\\/#\\\/schema\\\/person\\\/7e46040573290777280a0835d81ea4ea\"},\"headline\":\"TPBI | Se extinde transportul public la \u201ePeri\u0219 Sat\u201d, din 6 iunie\",\"datePublished\":\"2024-06-05T13:33:15+00:00\",\"dateModified\":\"2024-06-05T13:33:16+00:00\",\"mainEntityOfPage\":{\"@id\":\"https:\\\/\\\/buletin.de\\\/bucuresti\\\/tpbi-se-extinde-transportul-public-la-peris-sat-din-6-iunie\\\/\"},\"wordCount\":173,\"publisher\":{\"@id\":\"https:\\\/\\\/buletin.de\\\/bucuresti\\\/#organization\"},\"image\":{\"@id\":\"https:\\\/\\\/buletin.de\\\/bucuresti\\\/tpbi-se-extinde-transportul-public-la-peris-sat-din-6-iunie\\\/#primaryimage\"},\"thumbnailUrl\":\"https:\\\/\\\/buletin.de\\\/bucuresti\\\/wp-content\\\/uploads\\\/linia-443B.jpg\",\"keywords\":[\"linia 443B\",\"peris\",\"tpbi\"],\"articleSection\":[\"Articole\",\"\u0218tiri\",\"Transport\"],\"inLanguage\":\"en-GB\",\"copyrightYear\":\"2024\",\"copyrightHolder\":{\"@id\":\"https:\\\/\\\/buletin.de\\\/bucuresti\\\/#organization\"}},{\"@type\":\"WebPage\",\"@id\":\"https:\\\/\\\/buletin.de\\\/bucuresti\\\/tpbi-se-extinde-transportul-public-la-peris-sat-din-6-iunie\\\/\",\"url\":\"https:\\\/\\\/buletin.de\\\/bucuresti\\\/tpbi-se-extinde-transportul-public-la-peris-sat-din-6-iunie\\\/\",\"name\":\"TPBI | Se extinde transportul public la \u201ePeri\u0219 Sat\u201d, din 6 iunie - Buletin de Bucure\u0219ti\",\"isPartOf\":{\"@id\":\"https:\\\/\\\/buletin.de\\\/bucuresti\\\/#website\"},\"primaryImageOfPage\":{\"@id\":\"https:\\\/\\\/buletin.de\\\/bucuresti\\\/tpbi-se-extinde-transportul-public-la-peris-sat-din-6-iunie\\\/#primaryimage\"},\"image\":{\"@id\":\"https:\\\/\\\/buletin.de\\\/bucuresti\\\/tpbi-se-extinde-transportul-public-la-peris-sat-din-6-iunie\\\/#primaryimage\"},\"thumbnailUrl\":\"https:\\\/\\\/buletin.de\\\/bucuresti\\\/wp-content\\\/uploads\\\/linia-443B.jpg\",\"datePublished\":\"2024-06-05T13:33:15+00:00\",\"dateModified\":\"2024-06-05T13:33:16+00:00\",\"breadcrumb\":{\"@id\":\"https:\\\/\\\/buletin.de\\\/bucuresti\\\/tpbi-se-extinde-transportul-public-la-peris-sat-din-6-iunie\\\/#breadcrumb\"},\"inLanguage\":\"en-GB\",\"potentialAction\":[{\"@type\":\"ReadAction\",\"target\":[\"https:\\\/\\\/buletin.de\\\/bucuresti\\\/tpbi-se-extinde-transportul-public-la-peris-sat-din-6-iunie\\\/\"]}]},{\"@type\":\"ImageObject\",\"inLanguage\":\"en-GB\",\"@id\":\"https:\\\/\\\/buletin.de\\\/bucuresti\\\/tpbi-se-extinde-transportul-public-la-peris-sat-din-6-iunie\\\/#primaryimage\",\"url\":\"https:\\\/\\\/buletin.de\\\/bucuresti\\\/wp-content\\\/uploads\\\/linia-443B.jpg\",\"contentUrl\":\"https:\\\/\\\/buletin.de\\\/bucuresti\\\/wp-content\\\/uploads\\\/linia-443B.jpg\",\"width\":2000,\"height\":1677,\"caption\":\"FOTO: TPBI\"},{\"@type\":\"BreadcrumbList\",\"@id\":\"https:\\\/\\\/buletin.de\\\/bucuresti\\\/tpbi-se-extinde-transportul-public-la-peris-sat-din-6-iunie\\\/#breadcrumb\",\"itemListElement\":[{\"@type\":\"ListItem\",\"position\":1,\"name\":\"Acas\u0103\",\"item\":\"https:\\\/\\\/buletin.de\\\/bucuresti\\\/\"},{\"@type\":\"ListItem\",\"position\":2,\"name\":\"TPBI | Se extinde transportul public la \u201ePeri\u0219 Sat\u201d, din 6 iunie\"}]},{\"@type\":\"WebSite\",\"@id\":\"https:\\\/\\\/buletin.de\\\/bucuresti\\\/#website\",\"url\":\"https:\\\/\\\/buletin.de\\\/bucuresti\\\/\",\"name\":\"Buletin de Bucure\u0219ti\",\"description\":\"\u0218tiri \u0219i investiga\u021bii esen\u021biale din capital\u0103\",\"publisher\":{\"@id\":\"https:\\\/\\\/buletin.de\\\/bucuresti\\\/#organization\"},\"potentialAction\":[{\"@type\":\"SearchAction\",\"target\":{\"@type\":\"EntryPoint\",\"urlTemplate\":\"https:\\\/\\\/buletin.de\\\/bucuresti\\\/?s={search_term_string}\"},\"query-input\":{\"@type\":\"PropertyValueSpecification\",\"valueRequired\":true,\"valueName\":\"search_term_string\"}}],\"inLanguage\":\"en-GB\"},{\"@type\":\"Organization\",\"@id\":\"https:\\\/\\\/buletin.de\\\/bucuresti\\\/#organization\",\"name\":\"Buletin de Bucure\u0219ti\",\"url\":\"https:\\\/\\\/buletin.de\\\/bucuresti\\\/\",\"logo\":{\"@type\":\"ImageObject\",\"inLanguage\":\"en-GB\",\"@id\":\"https:\\\/\\\/buletin.de\\\/bucuresti\\\/#\\\/schema\\\/logo\\\/image\\\/\",\"url\":\"https:\\\/\\\/buletin.de\\\/bucuresti\\\/wp-content\\\/uploads\\\/logo-bdb-full-wide-vernil-transparent.png\",\"contentUrl\":\"https:\\\/\\\/buletin.de\\\/bucuresti\\\/wp-content\\\/uploads\\\/logo-bdb-full-wide-vernil-transparent.png\",\"width\":1782,\"height\":626,\"caption\":\"Buletin de Bucure\u0219ti\"},\"image\":{\"@id\":\"https:\\\/\\\/buletin.de\\\/bucuresti\\\/#\\\/schema\\\/logo\\\/image\\\/\"},\"sameAs\":[\"https:\\\/\\\/www.facebook.com\\\/buletin.de.buc\",\"https:\\\/\\\/www.instagram.com\\\/buletinde.bucuresti\\\/\"]},{\"@type\":\"Person\",\"@id\":\"https:\\\/\\\/buletin.de\\\/bucuresti\\\/#\\\/schema\\\/person\\\/7e46040573290777280a0835d81ea4ea\",\"name\":\"Diana Matei\",\"image\":{\"@type\":\"ImageObject\",\"inLanguage\":\"en-GB\",\"@id\":\"https:\\\/\\\/buletin.de\\\/bucuresti\\\/wp-content\\\/uploads\\\/9-2-96x96.jpg1e8590b30871d70e62ebcdaf2eff570c\",\"url\":\"https:\\\/\\\/buletin.de\\\/bucuresti\\\/wp-content\\\/uploads\\\/9-2-96x96.jpg\",\"contentUrl\":\"https:\\\/\\\/buletin.de\\\/bucuresti\\\/wp-content\\\/uploads\\\/9-2-96x96.jpg\",\"caption\":\"Diana Matei\"},\"url\":\"https:\\\/\\\/buletin.de\\\/bucuresti\\\/author\\\/dianamatei\\\/\"}]}<\/script>\n<!-- \/ Yoast SEO Premium plugin. -->","yoast_head_json":{"title":"TPBI | Se extinde transportul public la \u201ePeri\u0219 Sat\u201d, din 6 iunie - Buletin de Bucure\u0219ti","robots":{"index":"index","follow":"follow","max-snippet":"max-snippet:-1","max-image-preview":"max-image-preview:large","max-video-preview":"max-video-preview:-1"},"canonical":"https:\/\/buletin.de\/bucuresti\/tpbi-se-extinde-transportul-public-la-peris-sat-din-6-iunie\/","og_locale":"en_GB","og_type":"article","og_title":"TPBI | Se extinde transportul public la \u201ePeri\u0219 Sat\u201d, din 6 iunie","og_description":"Asocia\u021bia de Dezvoltare Intercomunitar\u0103 pentru Transport Public Bucure\u0219ti \u2013 Ilfov (TPBI) \u00eenfiin\u021beaz\u01ce\u00a0linia 443B, Aceasta va face leg\u0103tura \u00eentre terminalele\u00a0\u201ePeri\u0219 Sat\u201d\u00a0\u0219i\u00a0\u201ePia\u021ba Presei\u201d. M\u0103sura intr\u0103 \u00een vigoare, m\u00e2ine, 6 iunie iar autobuzele\u00a0liniei 443B\u00a0vor circula pe traseul: Vehiculele vor opri \u0219i \u00een noile sta\u021bii de pe Strada Principal\u0103: TPBI a luat aceast\u0103 decizie pentru cre\u0219terea calit\u0103\u021bii serviciilor de [&hellip;]","og_url":"https:\/\/buletin.de\/bucuresti\/tpbi-se-extinde-transportul-public-la-peris-sat-din-6-iunie\/","og_site_name":"Buletin de Bucure\u0219ti","article_publisher":"https:\/\/www.facebook.com\/buletin.de.buc","article_published_time":"2024-06-05T13:33:15+00:00","article_modified_time":"2024-06-05T13:33:16+00:00","og_image":[{"width":2000,"height":1677,"url":"https:\/\/buletin.de\/bucuresti\/wp-content\/uploads\/linia-443B.jpg","type":"image\/jpeg"}],"author":"Diana Matei","twitter_card":"summary_large_image","twitter_misc":{"Written by":"Diana Matei","Estimated reading time":"1 minute"},"schema":{"@context":"https:\/\/schema.org","@graph":[{"@type":"Article","@id":"https:\/\/buletin.de\/bucuresti\/tpbi-se-extinde-transportul-public-la-peris-sat-din-6-iunie\/#article","isPartOf":{"@id":"https:\/\/buletin.de\/bucuresti\/tpbi-se-extinde-transportul-public-la-peris-sat-din-6-iunie\/"},"author":{"name":"Diana Matei","@id":"https:\/\/buletin.de\/bucuresti\/#\/schema\/person\/7e46040573290777280a0835d81ea4ea"},"headline":"TPBI | Se extinde transportul public la \u201ePeri\u0219 Sat\u201d, din 6 iunie","datePublished":"2024-06-05T13:33:15+00:00","dateModified":"2024-06-05T13:33:16+00:00","mainEntityOfPage":{"@id":"https:\/\/buletin.de\/bucuresti\/tpbi-se-extinde-transportul-public-la-peris-sat-din-6-iunie\/"},"wordCount":173,"publisher":{"@id":"https:\/\/buletin.de\/bucuresti\/#organization"},"image":{"@id":"https:\/\/buletin.de\/bucuresti\/tpbi-se-extinde-transportul-public-la-peris-sat-din-6-iunie\/#primaryimage"},"thumbnailUrl":"https:\/\/buletin.de\/bucuresti\/wp-content\/uploads\/linia-443B.jpg","keywords":["linia 443B","peris","tpbi"],"articleSection":["Articole","\u0218tiri","Transport"],"inLanguage":"en-GB","copyrightYear":"2024","copyrightHolder":{"@id":"https:\/\/buletin.de\/bucuresti\/#organization"}},{"@type":"WebPage","@id":"https:\/\/buletin.de\/bucuresti\/tpbi-se-extinde-transportul-public-la-peris-sat-din-6-iunie\/","url":"https:\/\/buletin.de\/bucuresti\/tpbi-se-extinde-transportul-public-la-peris-sat-din-6-iunie\/","name":"TPBI | Se extinde transportul public la \u201ePeri\u0219 Sat\u201d, din 6 iunie - Buletin de Bucure\u0219ti","isPartOf":{"@id":"https:\/\/buletin.de\/bucuresti\/#website"},"primaryImageOfPage":{"@id":"https:\/\/buletin.de\/bucuresti\/tpbi-se-extinde-transportul-public-la-peris-sat-din-6-iunie\/#primaryimage"},"image":{"@id":"https:\/\/buletin.de\/bucuresti\/tpbi-se-extinde-transportul-public-la-peris-sat-din-6-iunie\/#primaryimage"},"thumbnailUrl":"https:\/\/buletin.de\/bucuresti\/wp-content\/uploads\/linia-443B.jpg","datePublished":"2024-06-05T13:33:15+00:00","dateModified":"2024-06-05T13:33:16+00:00","breadcrumb":{"@id":"https:\/\/buletin.de\/bucuresti\/tpbi-se-extinde-transportul-public-la-peris-sat-din-6-iunie\/#breadcrumb"},"inLanguage":"en-GB","potentialAction":[{"@type":"ReadAction","target":["https:\/\/buletin.de\/bucuresti\/tpbi-se-extinde-transportul-public-la-peris-sat-din-6-iunie\/"]}]},{"@type":"ImageObject","inLanguage":"en-GB","@id":"https:\/\/buletin.de\/bucuresti\/tpbi-se-extinde-transportul-public-la-peris-sat-din-6-iunie\/#primaryimage","url":"https:\/\/buletin.de\/bucuresti\/wp-content\/uploads\/linia-443B.jpg","contentUrl":"https:\/\/buletin.de\/bucuresti\/wp-content\/uploads\/linia-443B.jpg","width":2000,"height":1677,"caption":"FOTO: TPBI"},{"@type":"BreadcrumbList","@id":"https:\/\/buletin.de\/bucuresti\/tpbi-se-extinde-transportul-public-la-peris-sat-din-6-iunie\/#breadcrumb","itemListElement":[{"@type":"ListItem","position":1,"name":"Acas\u0103","item":"https:\/\/buletin.de\/bucuresti\/"},{"@type":"ListItem","position":2,"name":"TPBI | Se extinde transportul public la \u201ePeri\u0219 Sat\u201d, din 6 iunie"}]},{"@type":"WebSite","@id":"https:\/\/buletin.de\/bucuresti\/#website","url":"https:\/\/buletin.de\/bucuresti\/","name":"Buletin de Bucure\u0219ti","description":"\u0218tiri \u0219i investiga\u021bii esen\u021biale din capital\u0103","publisher":{"@id":"https:\/\/buletin.de\/bucuresti\/#organization"},"potentialAction":[{"@type":"SearchAction","target":{"@type":"EntryPoint","urlTemplate":"https:\/\/buletin.de\/bucuresti\/?s={search_term_string}"},"query-input":{"@type":"PropertyValueSpecification","valueRequired":true,"valueName":"search_term_string"}}],"inLanguage":"en-GB"},{"@type":"Organization","@id":"https:\/\/buletin.de\/bucuresti\/#organization","name":"Buletin de Bucure\u0219ti","url":"https:\/\/buletin.de\/bucuresti\/","logo":{"@type":"ImageObject","inLanguage":"en-GB","@id":"https:\/\/buletin.de\/bucuresti\/#\/schema\/logo\/image\/","url":"https:\/\/buletin.de\/bucuresti\/wp-content\/uploads\/logo-bdb-full-wide-vernil-transparent.png","contentUrl":"https:\/\/buletin.de\/bucuresti\/wp-content\/uploads\/logo-bdb-full-wide-vernil-transparent.png","width":1782,"height":626,"caption":"Buletin de Bucure\u0219ti"},"image":{"@id":"https:\/\/buletin.de\/bucuresti\/#\/schema\/logo\/image\/"},"sameAs":["https:\/\/www.facebook.com\/buletin.de.buc","https:\/\/www.instagram.com\/buletinde.bucuresti\/"]},{"@type":"Person","@id":"https:\/\/buletin.de\/bucuresti\/#\/schema\/person\/7e46040573290777280a0835d81ea4ea","name":"Diana Matei","image":{"@type":"ImageObject","inLanguage":"en-GB","@id":"https:\/\/buletin.de\/bucuresti\/wp-content\/uploads\/9-2-96x96.jpg1e8590b30871d70e62ebcdaf2eff570c","url":"https:\/\/buletin.de\/bucuresti\/wp-content\/uploads\/9-2-96x96.jpg","contentUrl":"https:\/\/buletin.de\/bucuresti\/wp-content\/uploads\/9-2-96x96.jpg","caption":"Diana Matei"},"url":"https:\/\/buletin.de\/bucuresti\/author\/dianamatei\/"}]}},"authors":[{"term_id":22574,"user_id":49,"is_guest":0,"slug":"dianamatei","display_name":"Diana Matei","avatar_url":"https:\/\/buletin.de\/bucuresti\/wp-content\/uploads\/9-2-96x96.jpg","0":null,"1":"","2":"","3":"","4":"","5":"","6":"","7":"","8":""}],"_links":{"self":[{"href":"https:\/\/buletin.de\/bucuresti\/wp-json\/wp\/v2\/posts\/87438","targetHints":{"allow":["GET"]}}],"collection":[{"href":"https:\/\/buletin.de\/bucuresti\/wp-json\/wp\/v2\/posts"}],"about":[{"href":"https:\/\/buletin.de\/bucuresti\/wp-json\/wp\/v2\/types\/post"}],"author":[{"embeddable":true,"href":"https:\/\/buletin.de\/bucuresti\/wp-json\/wp\/v2\/users\/49"}],"replies":[{"embeddable":true,"href":"https:\/\/buletin.de\/bucuresti\/wp-json\/wp\/v2\/comments?post=87438"}],"version-history":[{"count":3,"href":"https:\/\/buletin.de\/bucuresti\/wp-json\/wp\/v2\/posts\/87438\/revisions"}],"predecessor-version":[{"id":87447,"href":"https:\/\/buletin.de\/bucuresti\/wp-json\/wp\/v2\/posts\/87438\/revisions\/87447"}],"wp:featuredmedia":[{"embeddable":true,"href":"https:\/\/buletin.de\/bucuresti\/wp-json\/wp\/v2\/media\/87441"}],"wp:attachment":[{"href":"https:\/\/buletin.de\/bucuresti\/wp-json\/wp\/v2\/media?parent=87438"}],"wp:term":[{"taxonomy":"category","embeddable":true,"href":"https:\/\/buletin.de\/bucuresti\/wp-json\/wp\/v2\/categories?post=87438"},{"taxonomy":"post_tag","embeddable":true,"href":"https:\/\/buletin.de\/bucuresti\/wp-json\/wp\/v2\/tags?post=87438"},{"taxonomy":"author","embeddable":true,"href":"https:\/\/buletin.de\/bucuresti\/wp-json\/wp\/v2\/ppma_author?post=87438"}],"curies":[{"name":"wp","href":"https:\/\/api.w.org\/{rel}","templated":true}]}}