{"id":87370,"date":"2024-06-04T14:33:53","date_gmt":"2024-06-04T11:33:53","guid":{"rendered":"https:\/\/buletin.de\/bucuresti\/?p=87370"},"modified":"2024-06-04T14:33:53","modified_gmt":"2024-06-04T11:33:53","slug":"tpbi-linia-de-autobuz-116-prelungita-pana-la-gara-progresul","status":"publish","type":"post","link":"https:\/\/buletin.de\/bucuresti\/tpbi-linia-de-autobuz-116-prelungita-pana-la-gara-progresul\/","title":{"rendered":"TPBI | Linia de autobuz 116, prelungit\u0103 p\u00e2n\u0103 la Gara Progresul"},"content":{"rendered":"\n<p><strong>Asocia\u021bia de Dezvoltare Intercomunitar\u0103 Bucure\u0219ti-Ilfov a prelungit traseul liniei de autobuz 116, de mar\u0163i, 4 iunie. M\u0103sura a intrat \u00een vigoare ca urmare a redeschiderii transportului feroviar pe ruta Bucure\u0219ti-Giurgiu.<\/strong><\/p>\n\n\n\n<p>Astfel,\u00a0<strong>linia de autobuz 116<\/strong>\u00a0func\u021bioneaz\u0103\u00a0pe un traseu prelungit, cuprins \u00eentre terminalele \u201ePia\u021ba Sf\u00e2nta Vineri\u201d \u0219i \u201eGara Progresul\u201d::<\/p>\n\n\n\n<ul class=\"wp-block-list\">\n<li><strong><em>Pe sensul spre \u201ePia\u021ba Sf. Vineri\u201d<\/em>:<\/strong> terminal \u201eGara Progresul\u201d, Str. G\u0103rii Progresul, \u0218os. Giurgiului, Str.&nbsp;Luic\u0103, Bd. Constantin Br\u00e2ncoveanu, \u0218os. Olteni\u021bei, Calea \u0218erban Vod\u0103, Bd. Dimitrie Cantemir, Bd.&nbsp;Unirii, Bd. Mircea Vod\u0103, Bd. Corneliu Coposu, sta\u021bia \u201ePia\u021ba Sf. Vineri\u201d;<\/li>\n\n\n\n<li><strong><em>Pe sensul spre \u201eGara Progresul\u201d<\/em>:<\/strong> sta\u021bia \u201ePia\u021ba Sf\u00e2nta Vineri\u201d, Bd. Corneliu Coposu, rond Pia\u021ba Unirii, Bd.&nbsp;Dimitrie Cantemir, Calea \u0218erban Vod\u0103, \u0218os. Olteni\u021bei, Bd. Constantin Br\u00e2ncoveanu, Str.&nbsp;Luic\u0103, \u0218os. Giurgiului, Str. G\u0103rii Progresul, terminal \u201eGara Progresul\u201d.<\/li>\n<\/ul>\n\n\n\n<p>\u00cencep\u00e2nd cu 1 iunie, trenurile de c\u0103l\u0103tori circul\u0103, din nou, pe ruta Bucure\u0219ti-Giurgiu, prima linie de cale ferat\u0103 construit\u0103 \u00een Rom\u00e2nia. Circula\u021bia este asigurat\u0103 de CFR C\u0103l\u0103tori, cu \u0219apte perechi de trenuri pe zi.<\/p>\n\n\n\n<p>P\u00e2n\u0103 acum, trenul Bucure\u0219ti-Giurgiu trecea prin Videle, dup\u0103 ce podul de la Gr\u0103di\u0219tea, de la grani\u021ba cu jude\u021bul Ilfov, a fost luat de ape, \u00een 2005. \u00a0<\/p>\n\n\n\n<p><\/p>\n\n\n\n<p><strong>CITE\u0218TE \u0218I:<\/strong><\/p>\n\n\n\n<figure class=\"wp-block-embed is-type-wp-embed is-provider-buletin-de-bucure-ti wp-block-embed-buletin-de-bucure-ti\"><div class=\"wp-block-embed__wrapper\">\n<blockquote class=\"wp-embedded-content\" data-secret=\"6oP8aXpNqR\"><a href=\"https:\/\/buletin.de\/bucuresti\/tpbi-meciul-romania-bulgaria-prelungeste-programul-pentru-sapte-linii-stb\/\">TPBI | Meciul Rom\u00e2nia-Bulgaria prelunge\u0219te programul pentru \u0219apte linii STB<\/a><\/blockquote><iframe class=\"wp-embedded-content\" sandbox=\"allow-scripts\" security=\"restricted\" style=\"position: absolute; clip: rect(1px, 1px, 1px, 1px);\" title=\"&#8220;TPBI | Meciul Rom\u00e2nia-Bulgaria prelunge\u0219te programul pentru \u0219apte linii STB&#8221; &#8212; Buletin de Bucure\u0219ti\" src=\"https:\/\/buletin.de\/bucuresti\/tpbi-meciul-romania-bulgaria-prelungeste-programul-pentru-sapte-linii-stb\/embed\/#?secret=1XPPQNURyH#?secret=6oP8aXpNqR\" data-secret=\"6oP8aXpNqR\" width=\"600\" height=\"338\" frameborder=\"0\" marginwidth=\"0\" marginheight=\"0\" scrolling=\"no\"><\/iframe>\n<\/div><\/figure>\n","protected":false},"excerpt":{"rendered":"<p>Asocia\u021bia de Dezvoltare Intercomunitar\u0103 Bucure\u0219ti-Ilfov a prelungit traseul liniei de autobuz 116, de mar\u0163i, 4 iunie. M\u0103sura a intrat \u00een vigoare ca urmare a redeschiderii transportului feroviar pe ruta Bucure\u0219ti-Giurgiu. Astfel,\u00a0linia de autobuz 116\u00a0func\u021bioneaz\u0103\u00a0pe un traseu prelungit, cuprins \u00eentre terminalele \u201ePia\u021ba Sf\u00e2nta Vineri\u201d \u0219i \u201eGara Progresul\u201d:: \u00cencep\u00e2nd cu 1 iunie, trenurile de c\u0103l\u0103tori circul\u0103, din [&hellip;]<\/p>\n","protected":false},"author":49,"featured_media":87374,"comment_status":"closed","ping_status":"open","sticky":false,"template":"","format":"standard","meta":{"_acf_changed":false,"inline_featured_image":false,"ngg_post_thumbnail":0,"footnotes":""},"categories":[6994,62,650],"tags":[8644,12485,12486],"ppma_author":[22574],"class_list":["post-87370","post","type-post","status-publish","format-standard","has-post-thumbnail","hentry","category-stiri-2","category-stiri","category-transport","tag-gara-progresul","tag-linia-116","tag-piata-sfnta-vineri"],"acf":[],"yoast_head":"<!-- This site is optimized with the Yoast SEO Premium plugin v25.3 (Yoast SEO v27.5) - https:\/\/yoast.com\/product\/yoast-seo-premium-wordpress\/ -->\n<title>TPBI | Linia de autobuz 116, prelungit\u0103 p\u00e2n\u0103 la Gara Progresul - Buletin de Bucure\u0219ti<\/title>\n<meta name=\"robots\" content=\"index, follow, max-snippet:-1, max-image-preview:large, max-video-preview:-1\" \/>\n<link rel=\"canonical\" href=\"https:\/\/buletin.de\/bucuresti\/tpbi-linia-de-autobuz-116-prelungita-pana-la-gara-progresul\/\" \/>\n<meta property=\"og:locale\" content=\"en_GB\" \/>\n<meta property=\"og:type\" content=\"article\" \/>\n<meta property=\"og:title\" content=\"TPBI | Linia de autobuz 116, prelungit\u0103 p\u00e2n\u0103 la Gara Progresul\" \/>\n<meta property=\"og:description\" content=\"Asocia\u021bia de Dezvoltare Intercomunitar\u0103 Bucure\u0219ti-Ilfov a prelungit traseul liniei de autobuz 116, de mar\u0163i, 4 iunie. M\u0103sura a intrat \u00een vigoare ca urmare a redeschiderii transportului feroviar pe ruta Bucure\u0219ti-Giurgiu. Astfel,\u00a0linia de autobuz 116\u00a0func\u021bioneaz\u0103\u00a0pe un traseu prelungit, cuprins \u00eentre terminalele \u201ePia\u021ba Sf\u00e2nta Vineri\u201d \u0219i \u201eGara Progresul\u201d:: \u00cencep\u00e2nd cu 1 iunie, trenurile de c\u0103l\u0103tori circul\u0103, din [&hellip;]\" \/>\n<meta property=\"og:url\" content=\"https:\/\/buletin.de\/bucuresti\/tpbi-linia-de-autobuz-116-prelungita-pana-la-gara-progresul\/\" \/>\n<meta property=\"og:site_name\" content=\"Buletin de Bucure\u0219ti\" \/>\n<meta property=\"article:publisher\" content=\"https:\/\/www.facebook.com\/buletin.de.buc\" \/>\n<meta property=\"article:published_time\" content=\"2024-06-04T11:33:53+00:00\" \/>\n<meta property=\"og:image\" content=\"https:\/\/buletin.de\/bucuresti\/wp-content\/uploads\/linia-116.webp\" \/>\n\t<meta property=\"og:image:width\" content=\"2048\" \/>\n\t<meta property=\"og:image:height\" content=\"1717\" \/>\n\t<meta property=\"og:image:type\" content=\"image\/webp\" \/>\n<meta name=\"author\" content=\"Diana Matei\" \/>\n<meta name=\"twitter:card\" content=\"summary_large_image\" \/>\n<meta name=\"twitter:label1\" content=\"Written by\" \/>\n\t<meta name=\"twitter:data1\" content=\"Diana Matei\" \/>\n\t<meta name=\"twitter:label2\" content=\"Estimated reading time\" \/>\n\t<meta name=\"twitter:data2\" content=\"2 minutes\" \/>\n<script type=\"application\/ld+json\" class=\"yoast-schema-graph\">{\"@context\":\"https:\\\/\\\/schema.org\",\"@graph\":[{\"@type\":\"Article\",\"@id\":\"https:\\\/\\\/buletin.de\\\/bucuresti\\\/tpbi-linia-de-autobuz-116-prelungita-pana-la-gara-progresul\\\/#article\",\"isPartOf\":{\"@id\":\"https:\\\/\\\/buletin.de\\\/bucuresti\\\/tpbi-linia-de-autobuz-116-prelungita-pana-la-gara-progresul\\\/\"},\"author\":{\"name\":\"Diana Matei\",\"@id\":\"https:\\\/\\\/buletin.de\\\/bucuresti\\\/#\\\/schema\\\/person\\\/7e46040573290777280a0835d81ea4ea\"},\"headline\":\"TPBI | Linia de autobuz 116, prelungit\u0103 p\u00e2n\u0103 la Gara Progresul\",\"datePublished\":\"2024-06-04T11:33:53+00:00\",\"mainEntityOfPage\":{\"@id\":\"https:\\\/\\\/buletin.de\\\/bucuresti\\\/tpbi-linia-de-autobuz-116-prelungita-pana-la-gara-progresul\\\/\"},\"wordCount\":236,\"publisher\":{\"@id\":\"https:\\\/\\\/buletin.de\\\/bucuresti\\\/#organization\"},\"image\":{\"@id\":\"https:\\\/\\\/buletin.de\\\/bucuresti\\\/tpbi-linia-de-autobuz-116-prelungita-pana-la-gara-progresul\\\/#primaryimage\"},\"thumbnailUrl\":\"https:\\\/\\\/buletin.de\\\/bucuresti\\\/wp-content\\\/uploads\\\/linia-116.webp\",\"keywords\":[\"Gara Progresul\",\"linia 116\",\"Pia\u021ba Sf\u0203nta Vineri\"],\"articleSection\":[\"Articole\",\"\u0218tiri\",\"Transport\"],\"inLanguage\":\"en-GB\",\"copyrightYear\":\"2024\",\"copyrightHolder\":{\"@id\":\"https:\\\/\\\/buletin.de\\\/bucuresti\\\/#organization\"}},{\"@type\":\"WebPage\",\"@id\":\"https:\\\/\\\/buletin.de\\\/bucuresti\\\/tpbi-linia-de-autobuz-116-prelungita-pana-la-gara-progresul\\\/\",\"url\":\"https:\\\/\\\/buletin.de\\\/bucuresti\\\/tpbi-linia-de-autobuz-116-prelungita-pana-la-gara-progresul\\\/\",\"name\":\"TPBI | Linia de autobuz 116, prelungit\u0103 p\u00e2n\u0103 la Gara Progresul - Buletin de Bucure\u0219ti\",\"isPartOf\":{\"@id\":\"https:\\\/\\\/buletin.de\\\/bucuresti\\\/#website\"},\"primaryImageOfPage\":{\"@id\":\"https:\\\/\\\/buletin.de\\\/bucuresti\\\/tpbi-linia-de-autobuz-116-prelungita-pana-la-gara-progresul\\\/#primaryimage\"},\"image\":{\"@id\":\"https:\\\/\\\/buletin.de\\\/bucuresti\\\/tpbi-linia-de-autobuz-116-prelungita-pana-la-gara-progresul\\\/#primaryimage\"},\"thumbnailUrl\":\"https:\\\/\\\/buletin.de\\\/bucuresti\\\/wp-content\\\/uploads\\\/linia-116.webp\",\"datePublished\":\"2024-06-04T11:33:53+00:00\",\"breadcrumb\":{\"@id\":\"https:\\\/\\\/buletin.de\\\/bucuresti\\\/tpbi-linia-de-autobuz-116-prelungita-pana-la-gara-progresul\\\/#breadcrumb\"},\"inLanguage\":\"en-GB\",\"potentialAction\":[{\"@type\":\"ReadAction\",\"target\":[\"https:\\\/\\\/buletin.de\\\/bucuresti\\\/tpbi-linia-de-autobuz-116-prelungita-pana-la-gara-progresul\\\/\"]}]},{\"@type\":\"ImageObject\",\"inLanguage\":\"en-GB\",\"@id\":\"https:\\\/\\\/buletin.de\\\/bucuresti\\\/tpbi-linia-de-autobuz-116-prelungita-pana-la-gara-progresul\\\/#primaryimage\",\"url\":\"https:\\\/\\\/buletin.de\\\/bucuresti\\\/wp-content\\\/uploads\\\/linia-116.webp\",\"contentUrl\":\"https:\\\/\\\/buletin.de\\\/bucuresti\\\/wp-content\\\/uploads\\\/linia-116.webp\",\"width\":2048,\"height\":1717,\"caption\":\"Nou\u0103 linii de transport \u00een comun, deviate \u00een weekend. FOTO: STB\"},{\"@type\":\"BreadcrumbList\",\"@id\":\"https:\\\/\\\/buletin.de\\\/bucuresti\\\/tpbi-linia-de-autobuz-116-prelungita-pana-la-gara-progresul\\\/#breadcrumb\",\"itemListElement\":[{\"@type\":\"ListItem\",\"position\":1,\"name\":\"Acas\u0103\",\"item\":\"https:\\\/\\\/buletin.de\\\/bucuresti\\\/\"},{\"@type\":\"ListItem\",\"position\":2,\"name\":\"TPBI | Linia de autobuz 116, prelungit\u0103 p\u00e2n\u0103 la Gara Progresul\"}]},{\"@type\":\"WebSite\",\"@id\":\"https:\\\/\\\/buletin.de\\\/bucuresti\\\/#website\",\"url\":\"https:\\\/\\\/buletin.de\\\/bucuresti\\\/\",\"name\":\"Buletin de Bucure\u0219ti\",\"description\":\"\u0218tiri \u0219i investiga\u021bii esen\u021biale din capital\u0103\",\"publisher\":{\"@id\":\"https:\\\/\\\/buletin.de\\\/bucuresti\\\/#organization\"},\"potentialAction\":[{\"@type\":\"SearchAction\",\"target\":{\"@type\":\"EntryPoint\",\"urlTemplate\":\"https:\\\/\\\/buletin.de\\\/bucuresti\\\/?s={search_term_string}\"},\"query-input\":{\"@type\":\"PropertyValueSpecification\",\"valueRequired\":true,\"valueName\":\"search_term_string\"}}],\"inLanguage\":\"en-GB\"},{\"@type\":\"Organization\",\"@id\":\"https:\\\/\\\/buletin.de\\\/bucuresti\\\/#organization\",\"name\":\"Buletin de Bucure\u0219ti\",\"url\":\"https:\\\/\\\/buletin.de\\\/bucuresti\\\/\",\"logo\":{\"@type\":\"ImageObject\",\"inLanguage\":\"en-GB\",\"@id\":\"https:\\\/\\\/buletin.de\\\/bucuresti\\\/#\\\/schema\\\/logo\\\/image\\\/\",\"url\":\"https:\\\/\\\/buletin.de\\\/bucuresti\\\/wp-content\\\/uploads\\\/logo-bdb-full-wide-vernil-transparent.png\",\"contentUrl\":\"https:\\\/\\\/buletin.de\\\/bucuresti\\\/wp-content\\\/uploads\\\/logo-bdb-full-wide-vernil-transparent.png\",\"width\":1782,\"height\":626,\"caption\":\"Buletin de Bucure\u0219ti\"},\"image\":{\"@id\":\"https:\\\/\\\/buletin.de\\\/bucuresti\\\/#\\\/schema\\\/logo\\\/image\\\/\"},\"sameAs\":[\"https:\\\/\\\/www.facebook.com\\\/buletin.de.buc\",\"https:\\\/\\\/www.instagram.com\\\/buletinde.bucuresti\\\/\"]},{\"@type\":\"Person\",\"@id\":\"https:\\\/\\\/buletin.de\\\/bucuresti\\\/#\\\/schema\\\/person\\\/7e46040573290777280a0835d81ea4ea\",\"name\":\"Diana Matei\",\"image\":{\"@type\":\"ImageObject\",\"inLanguage\":\"en-GB\",\"@id\":\"https:\\\/\\\/buletin.de\\\/bucuresti\\\/wp-content\\\/uploads\\\/9-2-96x96.jpg1e8590b30871d70e62ebcdaf2eff570c\",\"url\":\"https:\\\/\\\/buletin.de\\\/bucuresti\\\/wp-content\\\/uploads\\\/9-2-96x96.jpg\",\"contentUrl\":\"https:\\\/\\\/buletin.de\\\/bucuresti\\\/wp-content\\\/uploads\\\/9-2-96x96.jpg\",\"caption\":\"Diana Matei\"},\"url\":\"https:\\\/\\\/buletin.de\\\/bucuresti\\\/author\\\/dianamatei\\\/\"}]}<\/script>\n<!-- \/ Yoast SEO Premium plugin. -->","yoast_head_json":{"title":"TPBI | Linia de autobuz 116, prelungit\u0103 p\u00e2n\u0103 la Gara Progresul - Buletin de Bucure\u0219ti","robots":{"index":"index","follow":"follow","max-snippet":"max-snippet:-1","max-image-preview":"max-image-preview:large","max-video-preview":"max-video-preview:-1"},"canonical":"https:\/\/buletin.de\/bucuresti\/tpbi-linia-de-autobuz-116-prelungita-pana-la-gara-progresul\/","og_locale":"en_GB","og_type":"article","og_title":"TPBI | Linia de autobuz 116, prelungit\u0103 p\u00e2n\u0103 la Gara Progresul","og_description":"Asocia\u021bia de Dezvoltare Intercomunitar\u0103 Bucure\u0219ti-Ilfov a prelungit traseul liniei de autobuz 116, de mar\u0163i, 4 iunie. M\u0103sura a intrat \u00een vigoare ca urmare a redeschiderii transportului feroviar pe ruta Bucure\u0219ti-Giurgiu. Astfel,\u00a0linia de autobuz 116\u00a0func\u021bioneaz\u0103\u00a0pe un traseu prelungit, cuprins \u00eentre terminalele \u201ePia\u021ba Sf\u00e2nta Vineri\u201d \u0219i \u201eGara Progresul\u201d:: \u00cencep\u00e2nd cu 1 iunie, trenurile de c\u0103l\u0103tori circul\u0103, din [&hellip;]","og_url":"https:\/\/buletin.de\/bucuresti\/tpbi-linia-de-autobuz-116-prelungita-pana-la-gara-progresul\/","og_site_name":"Buletin de Bucure\u0219ti","article_publisher":"https:\/\/www.facebook.com\/buletin.de.buc","article_published_time":"2024-06-04T11:33:53+00:00","og_image":[{"width":2048,"height":1717,"url":"https:\/\/buletin.de\/bucuresti\/wp-content\/uploads\/linia-116.webp","type":"image\/webp"}],"author":"Diana Matei","twitter_card":"summary_large_image","twitter_misc":{"Written by":"Diana Matei","Estimated reading time":"2 minutes"},"schema":{"@context":"https:\/\/schema.org","@graph":[{"@type":"Article","@id":"https:\/\/buletin.de\/bucuresti\/tpbi-linia-de-autobuz-116-prelungita-pana-la-gara-progresul\/#article","isPartOf":{"@id":"https:\/\/buletin.de\/bucuresti\/tpbi-linia-de-autobuz-116-prelungita-pana-la-gara-progresul\/"},"author":{"name":"Diana Matei","@id":"https:\/\/buletin.de\/bucuresti\/#\/schema\/person\/7e46040573290777280a0835d81ea4ea"},"headline":"TPBI | Linia de autobuz 116, prelungit\u0103 p\u00e2n\u0103 la Gara Progresul","datePublished":"2024-06-04T11:33:53+00:00","mainEntityOfPage":{"@id":"https:\/\/buletin.de\/bucuresti\/tpbi-linia-de-autobuz-116-prelungita-pana-la-gara-progresul\/"},"wordCount":236,"publisher":{"@id":"https:\/\/buletin.de\/bucuresti\/#organization"},"image":{"@id":"https:\/\/buletin.de\/bucuresti\/tpbi-linia-de-autobuz-116-prelungita-pana-la-gara-progresul\/#primaryimage"},"thumbnailUrl":"https:\/\/buletin.de\/bucuresti\/wp-content\/uploads\/linia-116.webp","keywords":["Gara Progresul","linia 116","Pia\u021ba Sf\u0203nta Vineri"],"articleSection":["Articole","\u0218tiri","Transport"],"inLanguage":"en-GB","copyrightYear":"2024","copyrightHolder":{"@id":"https:\/\/buletin.de\/bucuresti\/#organization"}},{"@type":"WebPage","@id":"https:\/\/buletin.de\/bucuresti\/tpbi-linia-de-autobuz-116-prelungita-pana-la-gara-progresul\/","url":"https:\/\/buletin.de\/bucuresti\/tpbi-linia-de-autobuz-116-prelungita-pana-la-gara-progresul\/","name":"TPBI | Linia de autobuz 116, prelungit\u0103 p\u00e2n\u0103 la Gara Progresul - Buletin de Bucure\u0219ti","isPartOf":{"@id":"https:\/\/buletin.de\/bucuresti\/#website"},"primaryImageOfPage":{"@id":"https:\/\/buletin.de\/bucuresti\/tpbi-linia-de-autobuz-116-prelungita-pana-la-gara-progresul\/#primaryimage"},"image":{"@id":"https:\/\/buletin.de\/bucuresti\/tpbi-linia-de-autobuz-116-prelungita-pana-la-gara-progresul\/#primaryimage"},"thumbnailUrl":"https:\/\/buletin.de\/bucuresti\/wp-content\/uploads\/linia-116.webp","datePublished":"2024-06-04T11:33:53+00:00","breadcrumb":{"@id":"https:\/\/buletin.de\/bucuresti\/tpbi-linia-de-autobuz-116-prelungita-pana-la-gara-progresul\/#breadcrumb"},"inLanguage":"en-GB","potentialAction":[{"@type":"ReadAction","target":["https:\/\/buletin.de\/bucuresti\/tpbi-linia-de-autobuz-116-prelungita-pana-la-gara-progresul\/"]}]},{"@type":"ImageObject","inLanguage":"en-GB","@id":"https:\/\/buletin.de\/bucuresti\/tpbi-linia-de-autobuz-116-prelungita-pana-la-gara-progresul\/#primaryimage","url":"https:\/\/buletin.de\/bucuresti\/wp-content\/uploads\/linia-116.webp","contentUrl":"https:\/\/buletin.de\/bucuresti\/wp-content\/uploads\/linia-116.webp","width":2048,"height":1717,"caption":"Nou\u0103 linii de transport \u00een comun, deviate \u00een weekend. FOTO: STB"},{"@type":"BreadcrumbList","@id":"https:\/\/buletin.de\/bucuresti\/tpbi-linia-de-autobuz-116-prelungita-pana-la-gara-progresul\/#breadcrumb","itemListElement":[{"@type":"ListItem","position":1,"name":"Acas\u0103","item":"https:\/\/buletin.de\/bucuresti\/"},{"@type":"ListItem","position":2,"name":"TPBI | Linia de autobuz 116, prelungit\u0103 p\u00e2n\u0103 la Gara Progresul"}]},{"@type":"WebSite","@id":"https:\/\/buletin.de\/bucuresti\/#website","url":"https:\/\/buletin.de\/bucuresti\/","name":"Buletin de Bucure\u0219ti","description":"\u0218tiri \u0219i investiga\u021bii esen\u021biale din capital\u0103","publisher":{"@id":"https:\/\/buletin.de\/bucuresti\/#organization"},"potentialAction":[{"@type":"SearchAction","target":{"@type":"EntryPoint","urlTemplate":"https:\/\/buletin.de\/bucuresti\/?s={search_term_string}"},"query-input":{"@type":"PropertyValueSpecification","valueRequired":true,"valueName":"search_term_string"}}],"inLanguage":"en-GB"},{"@type":"Organization","@id":"https:\/\/buletin.de\/bucuresti\/#organization","name":"Buletin de Bucure\u0219ti","url":"https:\/\/buletin.de\/bucuresti\/","logo":{"@type":"ImageObject","inLanguage":"en-GB","@id":"https:\/\/buletin.de\/bucuresti\/#\/schema\/logo\/image\/","url":"https:\/\/buletin.de\/bucuresti\/wp-content\/uploads\/logo-bdb-full-wide-vernil-transparent.png","contentUrl":"https:\/\/buletin.de\/bucuresti\/wp-content\/uploads\/logo-bdb-full-wide-vernil-transparent.png","width":1782,"height":626,"caption":"Buletin de Bucure\u0219ti"},"image":{"@id":"https:\/\/buletin.de\/bucuresti\/#\/schema\/logo\/image\/"},"sameAs":["https:\/\/www.facebook.com\/buletin.de.buc","https:\/\/www.instagram.com\/buletinde.bucuresti\/"]},{"@type":"Person","@id":"https:\/\/buletin.de\/bucuresti\/#\/schema\/person\/7e46040573290777280a0835d81ea4ea","name":"Diana Matei","image":{"@type":"ImageObject","inLanguage":"en-GB","@id":"https:\/\/buletin.de\/bucuresti\/wp-content\/uploads\/9-2-96x96.jpg1e8590b30871d70e62ebcdaf2eff570c","url":"https:\/\/buletin.de\/bucuresti\/wp-content\/uploads\/9-2-96x96.jpg","contentUrl":"https:\/\/buletin.de\/bucuresti\/wp-content\/uploads\/9-2-96x96.jpg","caption":"Diana Matei"},"url":"https:\/\/buletin.de\/bucuresti\/author\/dianamatei\/"}]}},"authors":[{"term_id":22574,"user_id":49,"is_guest":0,"slug":"dianamatei","display_name":"Diana Matei","avatar_url":"https:\/\/buletin.de\/bucuresti\/wp-content\/uploads\/9-2-96x96.jpg","0":null,"1":"","2":"","3":"","4":"","5":"","6":"","7":"","8":""}],"_links":{"self":[{"href":"https:\/\/buletin.de\/bucuresti\/wp-json\/wp\/v2\/posts\/87370","targetHints":{"allow":["GET"]}}],"collection":[{"href":"https:\/\/buletin.de\/bucuresti\/wp-json\/wp\/v2\/posts"}],"about":[{"href":"https:\/\/buletin.de\/bucuresti\/wp-json\/wp\/v2\/types\/post"}],"author":[{"embeddable":true,"href":"https:\/\/buletin.de\/bucuresti\/wp-json\/wp\/v2\/users\/49"}],"replies":[{"embeddable":true,"href":"https:\/\/buletin.de\/bucuresti\/wp-json\/wp\/v2\/comments?post=87370"}],"version-history":[{"count":3,"href":"https:\/\/buletin.de\/bucuresti\/wp-json\/wp\/v2\/posts\/87370\/revisions"}],"predecessor-version":[{"id":87378,"href":"https:\/\/buletin.de\/bucuresti\/wp-json\/wp\/v2\/posts\/87370\/revisions\/87378"}],"wp:featuredmedia":[{"embeddable":true,"href":"https:\/\/buletin.de\/bucuresti\/wp-json\/wp\/v2\/media\/87374"}],"wp:attachment":[{"href":"https:\/\/buletin.de\/bucuresti\/wp-json\/wp\/v2\/media?parent=87370"}],"wp:term":[{"taxonomy":"category","embeddable":true,"href":"https:\/\/buletin.de\/bucuresti\/wp-json\/wp\/v2\/categories?post=87370"},{"taxonomy":"post_tag","embeddable":true,"href":"https:\/\/buletin.de\/bucuresti\/wp-json\/wp\/v2\/tags?post=87370"},{"taxonomy":"author","embeddable":true,"href":"https:\/\/buletin.de\/bucuresti\/wp-json\/wp\/v2\/ppma_author?post=87370"}],"curies":[{"name":"wp","href":"https:\/\/api.w.org\/{rel}","templated":true}]}}