{"id":87323,"date":"2024-06-04T11:03:33","date_gmt":"2024-06-04T08:03:33","guid":{"rendered":"https:\/\/buletin.de\/bucuresti\/?p=87323"},"modified":"2024-06-04T11:49:33","modified_gmt":"2024-06-04T08:49:33","slug":"solutiile-administratiei-locale-pentru-combaterea-discriminarii-promisiunile-candidatilor-la-alegerile-din-9-iunie","status":"publish","type":"post","link":"https:\/\/buletin.de\/bucuresti\/solutiile-administratiei-locale-pentru-combaterea-discriminarii-promisiunile-candidatilor-la-alegerile-din-9-iunie\/","title":{"rendered":"Solu\u021biile administra\u021biei locale pentru combaterea discrimin\u0103rii. Promisiunile candida\u021bilor la prim\u0103riile Capitalei"},"content":{"rendered":"\n<p><strong>Dezbaterea&nbsp;<em>\u201eDialoguri electorale. Siguran\u021ba \u00een ora\u0219ul meu\u201d <\/em>a reunit \u0219ase candida\u021bi la alegerile locale din 9 iunie: cinci femei \u0219i un singur b\u0103rbat. Evenimentul a avut loc luni, 3 iunie, \u0219i a acoperit trei teme: drepturile femeilor, drepturile persoanelor rome \u0219i drepturile comunit\u0103\u021bii LGBTQ+. Cei \u0219ase invita\u021bi au avut ocazia s\u0103 \u00ee\u0219i prezinte solu\u021biile pentru transformarea Bucure\u0219tiului \u00eentr-un ora\u0219 mai incluziv \u0219i, implicit, mai sigur pentru persoanele discriminate. Niciunul dintre candida\u021bii la Prim\u0103ria General\u0103 sau dintre primarii \u00een func\u021bie nu a fost prezent.<\/strong><\/p>\n\n\n\n<p>Promisiunile candida\u021bilor s-au axat, \u00een principal, pe solu\u021bii pentru combaterea discrimin\u0103rii femeilor. De\u0219i evenimentul viza \u0219i discriminarea comunit\u0103\u021bii rome\/a persoanelor queer, o singur\u0103 candidat\u0103 a rostit cuv\u00e2ntul<em> \u201erasism\u201d<\/em>. \u00cen acela\u0219i timp, niciunul dintre candida\u021bi nu a folosit termeni precum<em> \u201ehomofobie\u201d<\/em> sau<em> \u201etransfobie\u201d<\/em>.<\/p>\n\n\n\n<p>Evenimentul a fost organizat de Centrul Filia, E-Romnja \u0219i MozaiQ. Fiecare dintre cele trei ONG-uri a prezentat priorit\u0103\u021bile comunit\u0103\u021bilor pe care le reprezint\u0103, fiind urmate de reac\u021bii din partea candida\u021bilor:<\/p>\n\n\n\n<ul class=\"wp-block-list\">\n<li>Centrul Filia &#8211; <strong>siguran\u021ba \u0219i s\u0103n\u0103tatea femeilor <\/strong>(cu accentul pe centrele destinate victimelor violen\u021bei domestice, respectiv accesul la servicii de \u00eentrerupere de sarcin\u0103)<\/li>\n\n\n\n<li>E-Romnja &#8211; <strong>con\u0219tientizarea discrimin\u0103rii sistemice<\/strong> cu care se confrunt\u0103 comunitatea rom\u0103, lipsa locuin\u021belor sociale &#8211; evacu\u0103ri for\u021bate; lipsa actelor de proprietate\/ identitate; lipsa reprezent\u0103rii politice; lipsa infrastructurii  \u00een cartierele locuite preponderent de romi<\/li>\n\n\n\n<li>MozaiQ &#8211; <strong>siguran\u021ba \u00een spa\u021biul public<\/strong>, \u00eenfiin\u021bare de centre comunitare LGBTQ+, traininguri la nivel de institu\u021bii publice, protejarea dreptului de protest &#8211; Pride<\/li>\n<\/ul>\n\n\n\n<p>Ulterior, au urmat dou\u0103 runde de \u00eentreb\u0103ri din partea publicului:<\/p>\n\n\n\n<blockquote class=\"wp-block-quote is-layout-flow wp-block-quote-is-layout-flow\">\n<p class=\"has-medium-font-size\"><strong>A\u021bi \u00eentrebat la un moment dat dac\u0103 exist\u0103 cineva care nu a fost la Pride \u0219i trebuie s\u0103 recunosc. Din p\u0103cate, eu nu am reu\u0219it s\u0103 merg. Nu am reu\u0219it s\u0103 merg, fiindc\u0103 am fost amenin\u021bat\u0103 c\u0103 o s\u0103 fiu dat\u0103 afar\u0103 din cas\u0103 \u0219i c\u0103 o s\u0103 fiu b\u0103tut\u0103. \u00cen adolescen\u021b\u0103, am fost b\u0103tut\u0103 \u00eentr-un parc public, erau \u0219i alte persoane. Am fost b\u0103tut\u0103 de trei persoane mai mari, pe care nu le cunosc, din cauza faptului c\u0103 sunt a\u0219a cum sunt. Am avut un prieten foarte bun care, din cauza faptului c\u0103 avea ni\u0219te tr\u0103s\u0103turi mai feminine, a primit foarte mult bullying \u0219i s-a sinucis. Anul acesta, ar fi \u00eemplinit 22 ani. Nimeni \u0219i nimic nu-l mai poate aduce \u00eenapoi acum. (&#8230;) C\u00e2nd o s\u0103 fie un spa\u021biu sigur pentru persoanele LGBT, a\u0219a cum trebuie s\u0103 fie? Nu doar \u00een teorie, nu doar \u00een acte, ci c\u00e2nd o s\u0103 se pun\u0103 \u00een practic\u0103? (&#8230;)<\/strong><\/p>\n<cite>Alina, membr\u0103 a Comunit\u0103\u021bii LGBT<\/cite><\/blockquote>\n\n\n\n<p>Buletin de Bucure\u0219ti v\u0103 prezint\u0103 un scurt rezumat a principalelor solu\u021bii propuse de invita\u021bi.<\/p>\n\n\n\n<h2 class=\"wp-block-heading\">Mihaela \u0218tefan &#8211; USR<\/h2>\n\n\n\n<p>Mihaela \u015etefan, actuala viceprim\u0103ri\u0163\u0103 a sectorului 6, este candidatul USR pentru fotoliul de primar al sectorului condus acum de Ciprian Ciucu.<\/p>\n\n\n\n<p>Interven\u021bii privind drepturile femeilor:<\/p>\n\n\n\n<ul class=\"wp-block-list\">\n<li>importan\u021ba educa\u021biei sexuale \u00een \u0219coli (cu accentul pe consim\u021b\u0103m\u00e2nt)<\/li>\n\n\n\n<li>parteneriate cu organiza\u021bii din domeniu<\/li>\n<\/ul>\n\n\n\n<p>Interven\u021bii privind drepturile romilor:<\/p>\n\n\n\n<ul class=\"wp-block-list\">\n<li>facilitarea accesului la educa\u021bie <\/li>\n\n\n\n<li>distribuirea \u0163intit\u0103 a resurselor, cu prioritizarea celor mai vulnerabile comunit\u0103\u021bi<\/li>\n\n\n\n<li>reform\u0103 legislativ\u0103 (schimbarea legii locuin\u021bei \u0219i a criteriilor de atribuire a unei locuin\u021be sociale)<\/li>\n<\/ul>\n\n\n\n<p>Interven\u021bii privind drepturile comunit\u0103\u021bii LGBT:<\/p>\n\n\n\n<ul class=\"wp-block-list\">\n<li>traininguri pentru poli\u021bia local\u0103, obliga\u021bia statului de a proteja to\u021bi cet\u0103\u021benii<\/li>\n<\/ul>\n\n\n\n<h2 class=\"wp-block-heading\">Daniela Popa &#8211; PSD<\/h2>\n\n\n\n<p>Daniela Popa candideaz\u0103 la Consiliul Local al Sectorului 1 din partea PSD, \u00een prezent ocup\u00e2nd aceea\u0219i func\u021bie.<\/p>\n\n\n\n<p>Interven\u021bii privind drepturile femeilor:<\/p>\n\n\n\n<ul class=\"wp-block-list\">\n<li>expertiz\u0103 din afara comunit\u0103\u021bii pentru crearea de strategii<\/li>\n\n\n\n<li>presiune pe implementarea proiectului, nu doar pe existen\u021ba cadrului legislativ<\/li>\n<\/ul>\n\n\n\n<p>Interven\u021bii privind drepturile romilor:<\/p>\n\n\n\n<ul class=\"wp-block-list\">\n<li>colaborare cu ONG-uri<\/li>\n\n\n\n<li>criterii sociale care prioritizeaz\u0103 persoanele vulnerabile<\/li>\n<\/ul>\n\n\n\n<p>Interven\u021bii privind drepturile comunit\u0103\u021bii LGBT:<\/p>\n\n\n\n<ul class=\"wp-block-list\">\n<li>\u00eenfiin\u021barea unui centru comunitar \u00een fiecare cartier al Sectorului 1 <strong>(f\u0103r\u0103 a men\u021biona dac\u0103 centrele vor fi destinate persoanelor queer)<\/strong><\/li>\n\n\n\n<li>traininguri cu poli\u021bia local\u0103<\/li>\n<\/ul>\n\n\n\n<h2 class=\"wp-block-heading\">Diana Mardarovici &#8211; PNL<\/h2>\n\n\n\n<p>Diana Mardarovici candideaz\u0103 la Consiliul General al Municipiului Bucure\u0219ti din partea PNL, ocup\u0103 aceea\u0219i func\u021bie \u00een prezent.<\/p>\n\n\n\n<p>Interven\u021bii privind drepturile femeilor:<\/p>\n\n\n\n<ul class=\"wp-block-list\">\n<li>gratuitate pentru procedurile de \u00eentrerupere de sarcin\u0103, dar \u0219i pentru FIV (fertilizare in vitro)<\/li>\n\n\n\n<li>\u00eenfiin\u021barea unor sec\u021bii de poli\u021bie \u201eroz\u201d (doar cu personal de gen feminin)<\/li>\n\n\n\n<li>\u201einfrastructura de suport\u201d (cre\u0219e, gr\u0103dini\u021be, azile)<\/li>\n<\/ul>\n\n\n\n<p>Interven\u021bii privind drepturile romilor:<\/p>\n\n\n\n<ul class=\"wp-block-list\">\n<li>lipsa de reprezentare a comunit\u0103\u021bilor vulnerabile<\/li>\n\n\n\n<li>reform\u0103 administrativ\u0103 a Capitalei: administrarea serviciilor sociale de c\u0103tre sectoare<\/li>\n\n\n\n<li>repartizarea apartamentelor din patrimoniul Municipiului Bucure\u0219ti c\u0103tre persoanele vulnerabile<\/li>\n<\/ul>\n\n\n\n<p>Interven\u021bii privind drepturile comunit\u0103\u021bii LGBT:<\/p>\n\n\n\n<ul class=\"wp-block-list\">\n<li>sprijin pentru ob\u021binerea finan\u021b\u0103rii nerambursabile a proiectelor organiza\u021biilor reprezentative pentru comunitatea LGBT<\/li>\n\n\n\n<li>transformarea sediilor Bibliotecii Comunitare Bucure\u0219ti \u00een centre comunitare <strong>(f\u0103r\u0103 a men\u021biona dac\u0103 centrele vor fi destinate persoanelor queer)<\/strong><\/li>\n<\/ul>\n\n\n\n<h2 class=\"wp-block-heading\">Ana Ciceal\u0103 &#8211; candidat independent<\/h2>\n\n\n\n<p>Ana Ciceal\u0103 candideaz\u0103 independent pentru Prim\u0103ria Sectorului 3, institu\u021bie condus\u0103 \u00een prezent de Robert Negoi\u021b\u0103. \u00cen acest moment, face parte din Consiliul General al Municipiului Bucure\u0219ti.<\/p>\n\n\n\n<p>Interven\u021bii privind drepturile femeilor:<\/p>\n\n\n\n<ul class=\"wp-block-list\">\n<li>personal de specialitate \u00een centrele DGASPC\/ DGASMB<\/li>\n\n\n\n<li>ac\u021biuni de con\u0219tientizare din partea politicienilor <\/li>\n\n\n\n<li>programe\/ parteneriate cu ONG-urile<\/li>\n\n\n\n<li>construirea de cre\u0219e \u0219i gr\u0103dini\u021be, respectiv centre de s\u0103n\u0103tate cu gard\u0103 24\/24<\/li>\n<\/ul>\n\n\n\n<p>Interven\u021bii privind drepturile romilor:<\/p>\n\n\n\n<ul class=\"wp-block-list\">\n<li>colaborarea cu organiza\u021bii reprezentative pentru comunitatea rom\u0103<\/li>\n\n\n\n<li>puterea exemplului \u00een combaterea \u201erasismului structural\u201d &#8211; alocarea de fonduri din partea unei prim\u0103rii mari pentru adresarea acestor probleme<\/li>\n\n\n\n<li>construirea de locuin\u021be sociale<\/li>\n\n\n\n<li>sprijin pentru ob\u021binerea actelor\/ depunerea dosarelor de locuin\u021be sociale<\/li>\n<\/ul>\n\n\n\n<p>Interven\u021bii privind drepturile comunit\u0103\u021bii LGBT:<\/p>\n\n\n\n<ul class=\"wp-block-list\">\n<li>alocarea de fonduri \u00een baza Legii 350\/2005<\/li>\n\n\n\n<li>siguran\u021ba \u00een spa\u021biul public, reforma poli\u021biei locale <\/li>\n<\/ul>\n\n\n\n<h2 class=\"wp-block-heading\">Nona \u0218erb\u0103nescu &#8211; DEMOS<\/h2>\n\n\n\n<p>Nona \u0218erb\u0103nescu candideaz\u0103 la Consiliul Local al Sectorului 1 din partea DEMOS, f\u0103r\u0103 a ocupa o func\u021bie politic\u0103 \u00een prezent.<\/p>\n\n\n\n<p>Interven\u021bii privind drepturile femeilor:<\/p>\n\n\n\n<ul class=\"wp-block-list\">\n<li>perspectiv\u0103 de intersec\u021bionalitate, suprapunerea categoriilor vulnerabile<\/li>\n\n\n\n<li>sus\u021binerea dreptului elementar al femeilor de a-\u0219i \u00eentrerupe sarcina la cerere<\/li>\n\n\n\n<li><em>\u201eo abordare holistic\u0103, integrat\u0103\u201d<\/em> a centrelor pentru victimele violen\u021bei domestice<\/li>\n<\/ul>\n\n\n\n<p>Interven\u021bii privind drepturile romilor:<\/p>\n\n\n\n<ul class=\"wp-block-list\">\n<li>militeaz\u0103 pentru asigurarea dreptului la locuire de c\u0103tre stat<\/li>\n\n\n\n<li><em>\u201ecultur\u0103 dus\u0103 \u00een comunitate\u201d <\/em>&#8211; \u00eemputernicirea persoanelor rome prin cultur\u0103, asigurarea unui spa\u021biu sigur pentru a-\u0219i face vocile auzite<\/li>\n<\/ul>\n\n\n\n<p>Interven\u021bii privind drepturile comunit\u0103\u021bii LGBT:<\/p>\n\n\n\n<ul class=\"wp-block-list\">\n<li>facilitarea procesului de schimbare a actelor pentru persoanele trans<\/li>\n\n\n\n<li>asumarea particip\u0103rii la Pride ca partid<\/li>\n\n\n\n<li>nevoia de finan\u021bare pentru centrele culturale incluzive<\/li>\n<\/ul>\n\n\n\n<h2 class=\"wp-block-heading\">C\u0103t\u0103lin Teni\u021b\u0103 &#8211; REPER<\/h2>\n\n\n\n<p>C\u0103t\u0103lin Teni\u021b\u0103, actual deputat \u00een Parlamentul Rom\u00e2niei, este candidatul REPER pentru fotoliul de primar al Sectorului 4, ocupat \u00een prezent de Daniel B\u0103lu\u021b\u0103.<\/p>\n\n\n\n<p>Interven\u021bii privind drepturile femeilor:<\/p>\n\n\n\n<ul class=\"wp-block-list\">\n<li>programe \u201eMas\u0103 cald\u0103 \/\u0218coal\u0103 dup\u0103 \u0219coal\u0103\u201d<\/li>\n\n\n\n<li>clinici de tineret (\u00eentreb\u0103ri \u0219i consulta\u021bii despre s\u0103n\u0103tatea reproductiv\u0103, mijloace de contracep\u021bie)<\/li>\n\n\n\n<li>educa\u021bie sexual\u0103 comprehensiv\u0103<\/li>\n\n\n\n<li>nevoia de reprezentare \u00een politic\u0103<\/li>\n<\/ul>\n\n\n\n<p>Interven\u021bii privind drepturile romilor:<\/p>\n\n\n\n<ul class=\"wp-block-list\">\n<li>lipsa reprezent\u0103rii politice a comunit\u0103\u021bii rome<\/li>\n<\/ul>\n\n\n\n<p>Interven\u021bii privind drepturile comunit\u0103\u021bii LGBT:<\/p>\n\n\n\n<ul class=\"wp-block-list\">\n<li>asumarea particip\u0103rii la Pride ca partid<\/li>\n\n\n\n<li>reprezentare politic\u0103 (deja existent\u0103 \u00een REPER, potrivit candidatului)<\/li>\n\n\n\n<li>\u00eenfiin\u021barea centrelor comunitare<strong> (f\u0103r\u0103 a men\u021biona dac\u0103 centrele vor fi destinate persoanelor queer)<\/strong><\/li>\n\n\n\n<li>transparentizarea datelor cu privire la bullying<\/li>\n<\/ul>\n\n\n\n<p>Not\u0103: Buletin de Bucure\u0219ti a \u00eencercat s\u0103 fac\u0103 o selec\u021bie obiectiv\u0103 a<strong> solu\u021biilor concrete<\/strong>, motiv pentru care au fost excluse anumite p\u0103r\u021bi din discursurile candida\u021bilor (\u00eendemnuri pentru \u00eenscrierea \u00eentr-un anumit partid, alegeri personale \u00een neconcordan\u021b\u0103 cu viziunea partidului, atacuri la adresa actualei administra\u021bii sau solu\u021bii abstracte precum cultivarea empatiei).<\/p>\n\n\n\n<p>\u00centreaga dezbatere poate fi vizionat\u0103 pe re\u021belele sociale ale organizatorilor:<\/p>\n\n\n\n<iframe src=\"https:\/\/www.facebook.com\/plugins\/video.php?height=314&#038;href=https%3A%2F%2Fwww.facebook.com%2Fmozaiqromania%2Fvideos%2F1269473414438049%2F&#038;show_text=false&#038;width=560&#038;t=0\" width=\"560\" height=\"314\" style=\"border:none;overflow:hidden\" scrolling=\"no\" frameborder=\"0\" allowfullscreen=\"true\" allow=\"autoplay; clipboard-write; encrypted-media; picture-in-picture; web-share\" allowFullScreen=\"true\"><\/iframe>\n","protected":false},"excerpt":{"rendered":"<p>Dezbaterea&nbsp;\u201eDialoguri electorale. Siguran\u021ba \u00een ora\u0219ul meu\u201d a reunit \u0219ase candida\u021bi la alegerile locale din 9 iunie: cinci femei \u0219i un singur b\u0103rbat. Evenimentul a avut loc luni, 3 iunie, \u0219i a acoperit trei teme: drepturile femeilor, drepturile persoanelor rome \u0219i drepturile comunit\u0103\u021bii LGBTQ+. Cei \u0219ase invita\u021bi au avut ocazia s\u0103 \u00ee\u0219i prezinte solu\u021biile pentru transformarea [&hellip;]<\/p>\n","protected":false},"author":55,"featured_media":87342,"comment_status":"closed","ping_status":"open","sticky":false,"template":"","format":"standard","meta":{"_acf_changed":false,"inline_featured_image":false,"ngg_post_thumbnail":0,"footnotes":""},"categories":[6994,9025,62],"tags":[12417,781,6386,12424,7457,12469,12471,12470,7473,12420,12412,12423,12416,12418,12468,12419],"ppma_author":[22573],"class_list":["post-87323","post","type-post","status-publish","format-standard","has-post-thumbnail","hentry","category-stiri-2","category-politic","category-stiri","tag-9-iunie","tag-alegeri-locale","tag-centrul-filia","tag-dezbateri-electorale","tag-discriminare","tag-drepturile-comunitatii-rome","tag-drepturile-femeilor","tag-drepturile-lgbt","tag-e-romnja","tag-homofobie","tag-lgbtq","tag-mozaiq","tag-queer","tag-rasism","tag-transfobie","tag-xenofobie"],"acf":[],"yoast_head":"<!-- This site is optimized with the Yoast SEO Premium plugin v25.3 (Yoast SEO v27.4) - https:\/\/yoast.com\/product\/yoast-seo-premium-wordpress\/ -->\n<title>Solu\u021biile administra\u021biei locale pentru combaterea discrimin\u0103rii. Promisiunile candida\u021bilor la prim\u0103riile Capitalei - Buletin de Bucure\u0219ti<\/title>\n<meta name=\"robots\" content=\"index, follow, max-snippet:-1, max-image-preview:large, max-video-preview:-1\" \/>\n<link rel=\"canonical\" href=\"https:\/\/buletin.de\/bucuresti\/solutiile-administratiei-locale-pentru-combaterea-discriminarii-promisiunile-candidatilor-la-alegerile-din-9-iunie\/\" \/>\n<meta property=\"og:locale\" content=\"en_GB\" \/>\n<meta property=\"og:type\" content=\"article\" \/>\n<meta property=\"og:title\" content=\"Solu\u021biile administra\u021biei locale pentru combaterea discrimin\u0103rii. Promisiunile candida\u021bilor la prim\u0103riile Capitalei\" \/>\n<meta property=\"og:description\" content=\"Dezbaterea&nbsp;\u201eDialoguri electorale. Siguran\u021ba \u00een ora\u0219ul meu\u201d a reunit \u0219ase candida\u021bi la alegerile locale din 9 iunie: cinci femei \u0219i un singur b\u0103rbat. Evenimentul a avut loc luni, 3 iunie, \u0219i a acoperit trei teme: drepturile femeilor, drepturile persoanelor rome \u0219i drepturile comunit\u0103\u021bii LGBTQ+. Cei \u0219ase invita\u021bi au avut ocazia s\u0103 \u00ee\u0219i prezinte solu\u021biile pentru transformarea [&hellip;]\" \/>\n<meta property=\"og:url\" content=\"https:\/\/buletin.de\/bucuresti\/solutiile-administratiei-locale-pentru-combaterea-discriminarii-promisiunile-candidatilor-la-alegerile-din-9-iunie\/\" \/>\n<meta property=\"og:site_name\" content=\"Buletin de Bucure\u0219ti\" \/>\n<meta property=\"article:publisher\" content=\"https:\/\/www.facebook.com\/buletin.de.buc\" \/>\n<meta property=\"article:published_time\" content=\"2024-06-04T08:03:33+00:00\" \/>\n<meta property=\"article:modified_time\" content=\"2024-06-04T08:49:33+00:00\" \/>\n<meta property=\"og:image\" content=\"https:\/\/buletin.de\/bucuresti\/wp-content\/uploads\/9ethblkvxq.jpg\" \/>\n\t<meta property=\"og:image:width\" content=\"1600\" \/>\n\t<meta property=\"og:image:height\" content=\"1067\" \/>\n\t<meta property=\"og:image:type\" content=\"image\/jpeg\" \/>\n<meta name=\"author\" content=\"Andreea Tudor\" \/>\n<meta name=\"twitter:card\" content=\"summary_large_image\" \/>\n<meta name=\"twitter:label1\" content=\"Written by\" \/>\n\t<meta name=\"twitter:data1\" content=\"Andreea Tudor\" \/>\n\t<meta name=\"twitter:label2\" content=\"Estimated reading time\" \/>\n\t<meta name=\"twitter:data2\" content=\"5 minutes\" \/>\n<script type=\"application\/ld+json\" class=\"yoast-schema-graph\">{\"@context\":\"https:\\\/\\\/schema.org\",\"@graph\":[{\"@type\":\"Article\",\"@id\":\"https:\\\/\\\/buletin.de\\\/bucuresti\\\/solutiile-administratiei-locale-pentru-combaterea-discriminarii-promisiunile-candidatilor-la-alegerile-din-9-iunie\\\/#article\",\"isPartOf\":{\"@id\":\"https:\\\/\\\/buletin.de\\\/bucuresti\\\/solutiile-administratiei-locale-pentru-combaterea-discriminarii-promisiunile-candidatilor-la-alegerile-din-9-iunie\\\/\"},\"author\":{\"name\":\"Andreea Tudor\",\"@id\":\"https:\\\/\\\/buletin.de\\\/bucuresti\\\/#\\\/schema\\\/person\\\/150590659efde715459d159da012f501\"},\"headline\":\"Solu\u021biile administra\u021biei locale pentru combaterea discrimin\u0103rii. Promisiunile candida\u021bilor la prim\u0103riile Capitalei\",\"datePublished\":\"2024-06-04T08:03:33+00:00\",\"dateModified\":\"2024-06-04T08:49:33+00:00\",\"mainEntityOfPage\":{\"@id\":\"https:\\\/\\\/buletin.de\\\/bucuresti\\\/solutiile-administratiei-locale-pentru-combaterea-discriminarii-promisiunile-candidatilor-la-alegerile-din-9-iunie\\\/\"},\"wordCount\":1307,\"publisher\":{\"@id\":\"https:\\\/\\\/buletin.de\\\/bucuresti\\\/#organization\"},\"image\":{\"@id\":\"https:\\\/\\\/buletin.de\\\/bucuresti\\\/solutiile-administratiei-locale-pentru-combaterea-discriminarii-promisiunile-candidatilor-la-alegerile-din-9-iunie\\\/#primaryimage\"},\"thumbnailUrl\":\"https:\\\/\\\/buletin.de\\\/bucuresti\\\/wp-content\\\/uploads\\\/9ethblkvxq.jpg\",\"keywords\":[\"9 iunie\",\"alegeri locale\",\"centrul filia\",\"dezbateri electorale\",\"discriminare\",\"drepturile comunit\u0103\u021bii rome\",\"drepturile femeilor\",\"drepturile LGBT\",\"e-romnja\",\"homofobie\",\"LGBTQ+\",\"MozaiQ\",\"queer\",\"rasism\",\"transfobie\",\"xenofobie\"],\"articleSection\":[\"Articole\",\"Politic\",\"\u0218tiri\"],\"inLanguage\":\"en-GB\",\"copyrightYear\":\"2024\",\"copyrightHolder\":{\"@id\":\"https:\\\/\\\/buletin.de\\\/bucuresti\\\/#organization\"}},{\"@type\":\"WebPage\",\"@id\":\"https:\\\/\\\/buletin.de\\\/bucuresti\\\/solutiile-administratiei-locale-pentru-combaterea-discriminarii-promisiunile-candidatilor-la-alegerile-din-9-iunie\\\/\",\"url\":\"https:\\\/\\\/buletin.de\\\/bucuresti\\\/solutiile-administratiei-locale-pentru-combaterea-discriminarii-promisiunile-candidatilor-la-alegerile-din-9-iunie\\\/\",\"name\":\"Solu\u021biile administra\u021biei locale pentru combaterea discrimin\u0103rii. Promisiunile candida\u021bilor la prim\u0103riile Capitalei - Buletin de Bucure\u0219ti\",\"isPartOf\":{\"@id\":\"https:\\\/\\\/buletin.de\\\/bucuresti\\\/#website\"},\"primaryImageOfPage\":{\"@id\":\"https:\\\/\\\/buletin.de\\\/bucuresti\\\/solutiile-administratiei-locale-pentru-combaterea-discriminarii-promisiunile-candidatilor-la-alegerile-din-9-iunie\\\/#primaryimage\"},\"image\":{\"@id\":\"https:\\\/\\\/buletin.de\\\/bucuresti\\\/solutiile-administratiei-locale-pentru-combaterea-discriminarii-promisiunile-candidatilor-la-alegerile-din-9-iunie\\\/#primaryimage\"},\"thumbnailUrl\":\"https:\\\/\\\/buletin.de\\\/bucuresti\\\/wp-content\\\/uploads\\\/9ethblkvxq.jpg\",\"datePublished\":\"2024-06-04T08:03:33+00:00\",\"dateModified\":\"2024-06-04T08:49:33+00:00\",\"breadcrumb\":{\"@id\":\"https:\\\/\\\/buletin.de\\\/bucuresti\\\/solutiile-administratiei-locale-pentru-combaterea-discriminarii-promisiunile-candidatilor-la-alegerile-din-9-iunie\\\/#breadcrumb\"},\"inLanguage\":\"en-GB\",\"potentialAction\":[{\"@type\":\"ReadAction\",\"target\":[\"https:\\\/\\\/buletin.de\\\/bucuresti\\\/solutiile-administratiei-locale-pentru-combaterea-discriminarii-promisiunile-candidatilor-la-alegerile-din-9-iunie\\\/\"]}]},{\"@type\":\"ImageObject\",\"inLanguage\":\"en-GB\",\"@id\":\"https:\\\/\\\/buletin.de\\\/bucuresti\\\/solutiile-administratiei-locale-pentru-combaterea-discriminarii-promisiunile-candidatilor-la-alegerile-din-9-iunie\\\/#primaryimage\",\"url\":\"https:\\\/\\\/buletin.de\\\/bucuresti\\\/wp-content\\\/uploads\\\/9ethblkvxq.jpg\",\"contentUrl\":\"https:\\\/\\\/buletin.de\\\/bucuresti\\\/wp-content\\\/uploads\\\/9ethblkvxq.jpg\",\"width\":1600,\"height\":1067,\"caption\":\"text\"},{\"@type\":\"BreadcrumbList\",\"@id\":\"https:\\\/\\\/buletin.de\\\/bucuresti\\\/solutiile-administratiei-locale-pentru-combaterea-discriminarii-promisiunile-candidatilor-la-alegerile-din-9-iunie\\\/#breadcrumb\",\"itemListElement\":[{\"@type\":\"ListItem\",\"position\":1,\"name\":\"Acas\u0103\",\"item\":\"https:\\\/\\\/buletin.de\\\/bucuresti\\\/\"},{\"@type\":\"ListItem\",\"position\":2,\"name\":\"Solu\u021biile administra\u021biei locale pentru combaterea discrimin\u0103rii. Promisiunile candida\u021bilor la prim\u0103riile Capitalei\"}]},{\"@type\":\"WebSite\",\"@id\":\"https:\\\/\\\/buletin.de\\\/bucuresti\\\/#website\",\"url\":\"https:\\\/\\\/buletin.de\\\/bucuresti\\\/\",\"name\":\"Buletin de Bucure\u0219ti\",\"description\":\"\u0218tiri \u0219i investiga\u021bii esen\u021biale din capital\u0103\",\"publisher\":{\"@id\":\"https:\\\/\\\/buletin.de\\\/bucuresti\\\/#organization\"},\"potentialAction\":[{\"@type\":\"SearchAction\",\"target\":{\"@type\":\"EntryPoint\",\"urlTemplate\":\"https:\\\/\\\/buletin.de\\\/bucuresti\\\/?s={search_term_string}\"},\"query-input\":{\"@type\":\"PropertyValueSpecification\",\"valueRequired\":true,\"valueName\":\"search_term_string\"}}],\"inLanguage\":\"en-GB\"},{\"@type\":\"Organization\",\"@id\":\"https:\\\/\\\/buletin.de\\\/bucuresti\\\/#organization\",\"name\":\"Buletin de Bucure\u0219ti\",\"url\":\"https:\\\/\\\/buletin.de\\\/bucuresti\\\/\",\"logo\":{\"@type\":\"ImageObject\",\"inLanguage\":\"en-GB\",\"@id\":\"https:\\\/\\\/buletin.de\\\/bucuresti\\\/#\\\/schema\\\/logo\\\/image\\\/\",\"url\":\"https:\\\/\\\/buletin.de\\\/bucuresti\\\/wp-content\\\/uploads\\\/logo-bdb-full-wide-vernil-transparent.png\",\"contentUrl\":\"https:\\\/\\\/buletin.de\\\/bucuresti\\\/wp-content\\\/uploads\\\/logo-bdb-full-wide-vernil-transparent.png\",\"width\":1782,\"height\":626,\"caption\":\"Buletin de Bucure\u0219ti\"},\"image\":{\"@id\":\"https:\\\/\\\/buletin.de\\\/bucuresti\\\/#\\\/schema\\\/logo\\\/image\\\/\"},\"sameAs\":[\"https:\\\/\\\/www.facebook.com\\\/buletin.de.buc\",\"https:\\\/\\\/www.instagram.com\\\/buletinde.bucuresti\\\/\"]},{\"@type\":\"Person\",\"@id\":\"https:\\\/\\\/buletin.de\\\/bucuresti\\\/#\\\/schema\\\/person\\\/150590659efde715459d159da012f501\",\"name\":\"Andreea Tudor\",\"image\":{\"@type\":\"ImageObject\",\"inLanguage\":\"en-GB\",\"@id\":\"https:\\\/\\\/secure.gravatar.com\\\/avatar\\\/a88705a186ab0b67f3349bcbced506c09e37256fbaad0e7f3bd1a79b4599f589?s=96&d=monsterid&r=g79290610aa1a65c2b86eebc2ca5aee8f\",\"url\":\"https:\\\/\\\/secure.gravatar.com\\\/avatar\\\/a88705a186ab0b67f3349bcbced506c09e37256fbaad0e7f3bd1a79b4599f589?s=96&d=monsterid&r=g\",\"contentUrl\":\"https:\\\/\\\/secure.gravatar.com\\\/avatar\\\/a88705a186ab0b67f3349bcbced506c09e37256fbaad0e7f3bd1a79b4599f589?s=96&d=monsterid&r=g\",\"caption\":\"Andreea Tudor\"},\"description\":\"N\u0103scut\u0103 \u0219i crescut\u0103 \u00een Bucure\u0219ti, sus\u021bin\u0103toare a presei independente. A\u0219a am ajuns redactor la Buletin de Bucure\u0219ti. Fiind eu, \u00eens\u0103mi, parte a sistemului de \u00eenv\u0103\u021b\u0103m\u00e2nt rom\u00e2nesc \u0219i pasionat\u0103 de domeniul social, pun sub lup\u0103 tot ceea ce se \u00eent\u00e2mpl\u0103 \u00een sfera educa\u021biei. Cred cu t\u0103rie c\u0103 presa \u201epentru cet\u0103\u021beni\u201d este presa independent\u0103. Oamenii au nevoie de o informare corect\u0103 pentru a \u00een\u021belege pe deplin ce se \u00eent\u00e2mpl\u0103 \u00een jurul lor \u0219i pentru a lua ac\u021biune \u00eempotriva nedrept\u0103\u021bilor.\",\"url\":\"https:\\\/\\\/buletin.de\\\/bucuresti\\\/author\\\/andreeatudor\\\/\"}]}<\/script>\n<!-- \/ Yoast SEO Premium plugin. -->","yoast_head_json":{"title":"Solu\u021biile administra\u021biei locale pentru combaterea discrimin\u0103rii. Promisiunile candida\u021bilor la prim\u0103riile Capitalei - Buletin de Bucure\u0219ti","robots":{"index":"index","follow":"follow","max-snippet":"max-snippet:-1","max-image-preview":"max-image-preview:large","max-video-preview":"max-video-preview:-1"},"canonical":"https:\/\/buletin.de\/bucuresti\/solutiile-administratiei-locale-pentru-combaterea-discriminarii-promisiunile-candidatilor-la-alegerile-din-9-iunie\/","og_locale":"en_GB","og_type":"article","og_title":"Solu\u021biile administra\u021biei locale pentru combaterea discrimin\u0103rii. Promisiunile candida\u021bilor la prim\u0103riile Capitalei","og_description":"Dezbaterea&nbsp;\u201eDialoguri electorale. Siguran\u021ba \u00een ora\u0219ul meu\u201d a reunit \u0219ase candida\u021bi la alegerile locale din 9 iunie: cinci femei \u0219i un singur b\u0103rbat. Evenimentul a avut loc luni, 3 iunie, \u0219i a acoperit trei teme: drepturile femeilor, drepturile persoanelor rome \u0219i drepturile comunit\u0103\u021bii LGBTQ+. Cei \u0219ase invita\u021bi au avut ocazia s\u0103 \u00ee\u0219i prezinte solu\u021biile pentru transformarea [&hellip;]","og_url":"https:\/\/buletin.de\/bucuresti\/solutiile-administratiei-locale-pentru-combaterea-discriminarii-promisiunile-candidatilor-la-alegerile-din-9-iunie\/","og_site_name":"Buletin de Bucure\u0219ti","article_publisher":"https:\/\/www.facebook.com\/buletin.de.buc","article_published_time":"2024-06-04T08:03:33+00:00","article_modified_time":"2024-06-04T08:49:33+00:00","og_image":[{"width":1600,"height":1067,"url":"https:\/\/buletin.de\/bucuresti\/wp-content\/uploads\/9ethblkvxq.jpg","type":"image\/jpeg"}],"author":"Andreea Tudor","twitter_card":"summary_large_image","twitter_misc":{"Written by":"Andreea Tudor","Estimated reading time":"5 minutes"},"schema":{"@context":"https:\/\/schema.org","@graph":[{"@type":"Article","@id":"https:\/\/buletin.de\/bucuresti\/solutiile-administratiei-locale-pentru-combaterea-discriminarii-promisiunile-candidatilor-la-alegerile-din-9-iunie\/#article","isPartOf":{"@id":"https:\/\/buletin.de\/bucuresti\/solutiile-administratiei-locale-pentru-combaterea-discriminarii-promisiunile-candidatilor-la-alegerile-din-9-iunie\/"},"author":{"name":"Andreea Tudor","@id":"https:\/\/buletin.de\/bucuresti\/#\/schema\/person\/150590659efde715459d159da012f501"},"headline":"Solu\u021biile administra\u021biei locale pentru combaterea discrimin\u0103rii. Promisiunile candida\u021bilor la prim\u0103riile Capitalei","datePublished":"2024-06-04T08:03:33+00:00","dateModified":"2024-06-04T08:49:33+00:00","mainEntityOfPage":{"@id":"https:\/\/buletin.de\/bucuresti\/solutiile-administratiei-locale-pentru-combaterea-discriminarii-promisiunile-candidatilor-la-alegerile-din-9-iunie\/"},"wordCount":1307,"publisher":{"@id":"https:\/\/buletin.de\/bucuresti\/#organization"},"image":{"@id":"https:\/\/buletin.de\/bucuresti\/solutiile-administratiei-locale-pentru-combaterea-discriminarii-promisiunile-candidatilor-la-alegerile-din-9-iunie\/#primaryimage"},"thumbnailUrl":"https:\/\/buletin.de\/bucuresti\/wp-content\/uploads\/9ethblkvxq.jpg","keywords":["9 iunie","alegeri locale","centrul filia","dezbateri electorale","discriminare","drepturile comunit\u0103\u021bii rome","drepturile femeilor","drepturile LGBT","e-romnja","homofobie","LGBTQ+","MozaiQ","queer","rasism","transfobie","xenofobie"],"articleSection":["Articole","Politic","\u0218tiri"],"inLanguage":"en-GB","copyrightYear":"2024","copyrightHolder":{"@id":"https:\/\/buletin.de\/bucuresti\/#organization"}},{"@type":"WebPage","@id":"https:\/\/buletin.de\/bucuresti\/solutiile-administratiei-locale-pentru-combaterea-discriminarii-promisiunile-candidatilor-la-alegerile-din-9-iunie\/","url":"https:\/\/buletin.de\/bucuresti\/solutiile-administratiei-locale-pentru-combaterea-discriminarii-promisiunile-candidatilor-la-alegerile-din-9-iunie\/","name":"Solu\u021biile administra\u021biei locale pentru combaterea discrimin\u0103rii. Promisiunile candida\u021bilor la prim\u0103riile Capitalei - Buletin de Bucure\u0219ti","isPartOf":{"@id":"https:\/\/buletin.de\/bucuresti\/#website"},"primaryImageOfPage":{"@id":"https:\/\/buletin.de\/bucuresti\/solutiile-administratiei-locale-pentru-combaterea-discriminarii-promisiunile-candidatilor-la-alegerile-din-9-iunie\/#primaryimage"},"image":{"@id":"https:\/\/buletin.de\/bucuresti\/solutiile-administratiei-locale-pentru-combaterea-discriminarii-promisiunile-candidatilor-la-alegerile-din-9-iunie\/#primaryimage"},"thumbnailUrl":"https:\/\/buletin.de\/bucuresti\/wp-content\/uploads\/9ethblkvxq.jpg","datePublished":"2024-06-04T08:03:33+00:00","dateModified":"2024-06-04T08:49:33+00:00","breadcrumb":{"@id":"https:\/\/buletin.de\/bucuresti\/solutiile-administratiei-locale-pentru-combaterea-discriminarii-promisiunile-candidatilor-la-alegerile-din-9-iunie\/#breadcrumb"},"inLanguage":"en-GB","potentialAction":[{"@type":"ReadAction","target":["https:\/\/buletin.de\/bucuresti\/solutiile-administratiei-locale-pentru-combaterea-discriminarii-promisiunile-candidatilor-la-alegerile-din-9-iunie\/"]}]},{"@type":"ImageObject","inLanguage":"en-GB","@id":"https:\/\/buletin.de\/bucuresti\/solutiile-administratiei-locale-pentru-combaterea-discriminarii-promisiunile-candidatilor-la-alegerile-din-9-iunie\/#primaryimage","url":"https:\/\/buletin.de\/bucuresti\/wp-content\/uploads\/9ethblkvxq.jpg","contentUrl":"https:\/\/buletin.de\/bucuresti\/wp-content\/uploads\/9ethblkvxq.jpg","width":1600,"height":1067,"caption":"text"},{"@type":"BreadcrumbList","@id":"https:\/\/buletin.de\/bucuresti\/solutiile-administratiei-locale-pentru-combaterea-discriminarii-promisiunile-candidatilor-la-alegerile-din-9-iunie\/#breadcrumb","itemListElement":[{"@type":"ListItem","position":1,"name":"Acas\u0103","item":"https:\/\/buletin.de\/bucuresti\/"},{"@type":"ListItem","position":2,"name":"Solu\u021biile administra\u021biei locale pentru combaterea discrimin\u0103rii. Promisiunile candida\u021bilor la prim\u0103riile Capitalei"}]},{"@type":"WebSite","@id":"https:\/\/buletin.de\/bucuresti\/#website","url":"https:\/\/buletin.de\/bucuresti\/","name":"Buletin de Bucure\u0219ti","description":"\u0218tiri \u0219i investiga\u021bii esen\u021biale din capital\u0103","publisher":{"@id":"https:\/\/buletin.de\/bucuresti\/#organization"},"potentialAction":[{"@type":"SearchAction","target":{"@type":"EntryPoint","urlTemplate":"https:\/\/buletin.de\/bucuresti\/?s={search_term_string}"},"query-input":{"@type":"PropertyValueSpecification","valueRequired":true,"valueName":"search_term_string"}}],"inLanguage":"en-GB"},{"@type":"Organization","@id":"https:\/\/buletin.de\/bucuresti\/#organization","name":"Buletin de Bucure\u0219ti","url":"https:\/\/buletin.de\/bucuresti\/","logo":{"@type":"ImageObject","inLanguage":"en-GB","@id":"https:\/\/buletin.de\/bucuresti\/#\/schema\/logo\/image\/","url":"https:\/\/buletin.de\/bucuresti\/wp-content\/uploads\/logo-bdb-full-wide-vernil-transparent.png","contentUrl":"https:\/\/buletin.de\/bucuresti\/wp-content\/uploads\/logo-bdb-full-wide-vernil-transparent.png","width":1782,"height":626,"caption":"Buletin de Bucure\u0219ti"},"image":{"@id":"https:\/\/buletin.de\/bucuresti\/#\/schema\/logo\/image\/"},"sameAs":["https:\/\/www.facebook.com\/buletin.de.buc","https:\/\/www.instagram.com\/buletinde.bucuresti\/"]},{"@type":"Person","@id":"https:\/\/buletin.de\/bucuresti\/#\/schema\/person\/150590659efde715459d159da012f501","name":"Andreea Tudor","image":{"@type":"ImageObject","inLanguage":"en-GB","@id":"https:\/\/secure.gravatar.com\/avatar\/a88705a186ab0b67f3349bcbced506c09e37256fbaad0e7f3bd1a79b4599f589?s=96&d=monsterid&r=g79290610aa1a65c2b86eebc2ca5aee8f","url":"https:\/\/secure.gravatar.com\/avatar\/a88705a186ab0b67f3349bcbced506c09e37256fbaad0e7f3bd1a79b4599f589?s=96&d=monsterid&r=g","contentUrl":"https:\/\/secure.gravatar.com\/avatar\/a88705a186ab0b67f3349bcbced506c09e37256fbaad0e7f3bd1a79b4599f589?s=96&d=monsterid&r=g","caption":"Andreea Tudor"},"description":"N\u0103scut\u0103 \u0219i crescut\u0103 \u00een Bucure\u0219ti, sus\u021bin\u0103toare a presei independente. A\u0219a am ajuns redactor la Buletin de Bucure\u0219ti. Fiind eu, \u00eens\u0103mi, parte a sistemului de \u00eenv\u0103\u021b\u0103m\u00e2nt rom\u00e2nesc \u0219i pasionat\u0103 de domeniul social, pun sub lup\u0103 tot ceea ce se \u00eent\u00e2mpl\u0103 \u00een sfera educa\u021biei. Cred cu t\u0103rie c\u0103 presa \u201epentru cet\u0103\u021beni\u201d este presa independent\u0103. Oamenii au nevoie de o informare corect\u0103 pentru a \u00een\u021belege pe deplin ce se \u00eent\u00e2mpl\u0103 \u00een jurul lor \u0219i pentru a lua ac\u021biune \u00eempotriva nedrept\u0103\u021bilor.","url":"https:\/\/buletin.de\/bucuresti\/author\/andreeatudor\/"}]}},"authors":[{"term_id":22573,"user_id":55,"is_guest":0,"slug":"andreeatudor","display_name":"Andreea Tudor","avatar_url":"https:\/\/secure.gravatar.com\/avatar\/a88705a186ab0b67f3349bcbced506c09e37256fbaad0e7f3bd1a79b4599f589?s=96&d=monsterid&r=g","0":null,"1":"","2":"","3":"","4":"","5":"","6":"","7":"","8":""}],"_links":{"self":[{"href":"https:\/\/buletin.de\/bucuresti\/wp-json\/wp\/v2\/posts\/87323","targetHints":{"allow":["GET"]}}],"collection":[{"href":"https:\/\/buletin.de\/bucuresti\/wp-json\/wp\/v2\/posts"}],"about":[{"href":"https:\/\/buletin.de\/bucuresti\/wp-json\/wp\/v2\/types\/post"}],"author":[{"embeddable":true,"href":"https:\/\/buletin.de\/bucuresti\/wp-json\/wp\/v2\/users\/55"}],"replies":[{"embeddable":true,"href":"https:\/\/buletin.de\/bucuresti\/wp-json\/wp\/v2\/comments?post=87323"}],"version-history":[{"count":16,"href":"https:\/\/buletin.de\/bucuresti\/wp-json\/wp\/v2\/posts\/87323\/revisions"}],"predecessor-version":[{"id":87352,"href":"https:\/\/buletin.de\/bucuresti\/wp-json\/wp\/v2\/posts\/87323\/revisions\/87352"}],"wp:featuredmedia":[{"embeddable":true,"href":"https:\/\/buletin.de\/bucuresti\/wp-json\/wp\/v2\/media\/87342"}],"wp:attachment":[{"href":"https:\/\/buletin.de\/bucuresti\/wp-json\/wp\/v2\/media?parent=87323"}],"wp:term":[{"taxonomy":"category","embeddable":true,"href":"https:\/\/buletin.de\/bucuresti\/wp-json\/wp\/v2\/categories?post=87323"},{"taxonomy":"post_tag","embeddable":true,"href":"https:\/\/buletin.de\/bucuresti\/wp-json\/wp\/v2\/tags?post=87323"},{"taxonomy":"author","embeddable":true,"href":"https:\/\/buletin.de\/bucuresti\/wp-json\/wp\/v2\/ppma_author?post=87323"}],"curies":[{"name":"wp","href":"https:\/\/api.w.org\/{rel}","templated":true}]}}