{"id":87244,"date":"2024-06-03T13:09:27","date_gmt":"2024-06-03T10:09:27","guid":{"rendered":"https:\/\/buletin.de\/bucuresti\/?p=87244"},"modified":"2024-06-03T13:09:27","modified_gmt":"2024-06-03T10:09:27","slug":"meteo-avertizare-de-vant-fulgere-si-grindina-in-capitala","status":"publish","type":"post","link":"https:\/\/buletin.de\/bucuresti\/meteo-avertizare-de-vant-fulgere-si-grindina-in-capitala\/","title":{"rendered":"METEO | Avertizare de v\u00e2nt, fulgere \u015fi grindin\u0103 \u00een Capital\u0103"},"content":{"rendered":"\n<p><strong>Administra\u021bia Na\u021bional\u0103 de Meteorologie anun\u021b\u0103 cod galben de vreme instabil\u0103, \u00een Bucure\u0219ti. Spre sear\u0103, v\u00e2ntul se \u00eente\u021be\u0219te \u0219i sunt prognozate desc\u0103rc\u0103ri electrice \u015fi grindin<strong>\u0103<\/strong>.<\/strong><\/p>\n\n\n\n<p>Codul galben este valabil p\u00e2n\u0103 m\u00e2ine diminea\u021b\u0103, la ora 03:00.<\/p>\n\n\n\n<p>Vremea va fi c\u0103lduroas\u0103, ast\u0103zi, \u00een Capital\u0103, dar disconfortul termic este \u00een cre\u0219tere. Instabilitatea atmosferic\u0103 va fi accentuat\u0103, potrivit ANM.<\/p>\n\n\n\n<p>\u00cen cea de-a doua parte a zilei, sunt perioade cu \u00eennor\u0103ri, averse, desc\u0103rc\u0103ri electrice, v\u00e2nt puternic \u0219i posibil vijelie \u0219i grindin\u0103. Temperatura maxim\u0103 va fi de 33&#8230; 34 de grade.<\/p>\n\n\n\n<p>Meteorologii au emis \u0219i o avertizare\u00a0cod portocaliu de furtuni \u0219i v\u00e2nt, pentru 16 jude\u021be din \u021bar\u0103, valabil\u0103 p\u00e2n\u0103 mar\u021bi diminea\u021ba.<\/p>\n\n\n\n<p><strong>CITE\u0218TE \u0218I:<\/strong><\/p>\n\n\n\n<figure class=\"wp-block-embed is-type-wp-embed is-provider-buletin-de-bucure-ti wp-block-embed-buletin-de-bucure-ti\"><div class=\"wp-block-embed__wrapper\">\n<blockquote class=\"wp-embedded-content\" data-secret=\"H5LHzl3MVB\"><a href=\"https:\/\/buletin.de\/bucuresti\/meteo-vara-autentica-in-capitala-temperaturile-trec-de-30-de-grade-zilnic\/\">METEO | Var\u0103 autentic\u0103, \u00een Capital\u0103. Temperaturile trec de 30 de grade, zilnic<\/a><\/blockquote><iframe class=\"wp-embedded-content\" sandbox=\"allow-scripts\" security=\"restricted\" style=\"position: absolute; clip: rect(1px, 1px, 1px, 1px);\" title=\"&#8220;METEO | Var\u0103 autentic\u0103, \u00een Capital\u0103. Temperaturile trec de 30 de grade, zilnic&#8221; &#8212; Buletin de Bucure\u0219ti\" src=\"https:\/\/buletin.de\/bucuresti\/meteo-vara-autentica-in-capitala-temperaturile-trec-de-30-de-grade-zilnic\/embed\/#?secret=rmjzFf3m0H#?secret=H5LHzl3MVB\" data-secret=\"H5LHzl3MVB\" width=\"600\" height=\"338\" frameborder=\"0\" marginwidth=\"0\" marginheight=\"0\" scrolling=\"no\"><\/iframe>\n<\/div><\/figure>\n","protected":false},"excerpt":{"rendered":"<p>Administra\u021bia Na\u021bional\u0103 de Meteorologie anun\u021b\u0103 cod galben de vreme instabil\u0103, \u00een Bucure\u0219ti. Spre sear\u0103, v\u00e2ntul se \u00eente\u021be\u0219te \u0219i sunt prognozate desc\u0103rc\u0103ri electrice \u015fi grindin\u0103. Codul galben este valabil p\u00e2n\u0103 m\u00e2ine diminea\u021b\u0103, la ora 03:00. Vremea va fi c\u0103lduroas\u0103, ast\u0103zi, \u00een Capital\u0103, dar disconfortul termic este \u00een cre\u0219tere. Instabilitatea atmosferic\u0103 va fi accentuat\u0103, potrivit ANM. \u00cen [&hellip;]<\/p>\n","protected":false},"author":49,"featured_media":83437,"comment_status":"closed","ping_status":"open","sticky":false,"template":"","format":"standard","meta":{"_acf_changed":false,"inline_featured_image":false,"ngg_post_thumbnail":0,"footnotes":""},"categories":[6994,62],"tags":[4314,5928,6554,10452],"ppma_author":[22574],"class_list":["post-87244","post","type-post","status-publish","format-standard","has-post-thumbnail","hentry","category-stiri-2","category-stiri","tag-anm","tag-anm-prognoza-meteo","tag-cod-galben","tag-temperaturi-bucuresti"],"acf":[],"yoast_head":"<!-- This site is optimized with the Yoast SEO Premium plugin v25.3 (Yoast SEO v27.5) - https:\/\/yoast.com\/product\/yoast-seo-premium-wordpress\/ -->\n<title>METEO | Avertizare de v\u00e2nt, fulgere \u015fi grindin\u0103 \u00een Capital\u0103 - Buletin de Bucure\u0219ti<\/title>\n<meta name=\"robots\" content=\"index, follow, max-snippet:-1, max-image-preview:large, max-video-preview:-1\" \/>\n<link rel=\"canonical\" href=\"https:\/\/buletin.de\/bucuresti\/meteo-avertizare-de-vant-fulgere-si-grindina-in-capitala\/\" \/>\n<meta property=\"og:locale\" content=\"en_GB\" \/>\n<meta property=\"og:type\" content=\"article\" \/>\n<meta property=\"og:title\" content=\"METEO | Avertizare de v\u00e2nt, fulgere \u015fi grindin\u0103 \u00een Capital\u0103\" \/>\n<meta property=\"og:description\" content=\"Administra\u021bia Na\u021bional\u0103 de Meteorologie anun\u021b\u0103 cod galben de vreme instabil\u0103, \u00een Bucure\u0219ti. Spre sear\u0103, v\u00e2ntul se \u00eente\u021be\u0219te \u0219i sunt prognozate desc\u0103rc\u0103ri electrice \u015fi grindin\u0103. Codul galben este valabil p\u00e2n\u0103 m\u00e2ine diminea\u021b\u0103, la ora 03:00. Vremea va fi c\u0103lduroas\u0103, ast\u0103zi, \u00een Capital\u0103, dar disconfortul termic este \u00een cre\u0219tere. Instabilitatea atmosferic\u0103 va fi accentuat\u0103, potrivit ANM. \u00cen [&hellip;]\" \/>\n<meta property=\"og:url\" content=\"https:\/\/buletin.de\/bucuresti\/meteo-avertizare-de-vant-fulgere-si-grindina-in-capitala\/\" \/>\n<meta property=\"og:site_name\" content=\"Buletin de Bucure\u0219ti\" \/>\n<meta property=\"article:publisher\" content=\"https:\/\/www.facebook.com\/buletin.de.buc\" \/>\n<meta property=\"article:published_time\" content=\"2024-06-03T10:09:27+00:00\" \/>\n<meta property=\"og:image\" content=\"https:\/\/buletin.de\/bucuresti\/wp-content\/uploads\/Jmg9NDQwJmhhc2g9ZDM1OGIxMjYyNDdlNGRkOGFmYWQ4OGQyMGRhNGQ0OTU.thumb_.jpg\" \/>\n\t<meta property=\"og:image:width\" content=\"780\" \/>\n\t<meta property=\"og:image:height\" content=\"440\" \/>\n\t<meta property=\"og:image:type\" content=\"image\/jpeg\" \/>\n<meta name=\"author\" content=\"Diana Matei\" \/>\n<meta name=\"twitter:card\" content=\"summary_large_image\" \/>\n<meta name=\"twitter:label1\" content=\"Written by\" \/>\n\t<meta name=\"twitter:data1\" content=\"Diana Matei\" \/>\n\t<meta name=\"twitter:label2\" content=\"Estimated reading time\" \/>\n\t<meta name=\"twitter:data2\" content=\"1 minute\" \/>\n<script type=\"application\/ld+json\" class=\"yoast-schema-graph\">{\"@context\":\"https:\\\/\\\/schema.org\",\"@graph\":[{\"@type\":\"Article\",\"@id\":\"https:\\\/\\\/buletin.de\\\/bucuresti\\\/meteo-avertizare-de-vant-fulgere-si-grindina-in-capitala\\\/#article\",\"isPartOf\":{\"@id\":\"https:\\\/\\\/buletin.de\\\/bucuresti\\\/meteo-avertizare-de-vant-fulgere-si-grindina-in-capitala\\\/\"},\"author\":{\"name\":\"Diana Matei\",\"@id\":\"https:\\\/\\\/buletin.de\\\/bucuresti\\\/#\\\/schema\\\/person\\\/7e46040573290777280a0835d81ea4ea\"},\"headline\":\"METEO | Avertizare de v\u00e2nt, fulgere \u015fi grindin\u0103 \u00een Capital\u0103\",\"datePublished\":\"2024-06-03T10:09:27+00:00\",\"mainEntityOfPage\":{\"@id\":\"https:\\\/\\\/buletin.de\\\/bucuresti\\\/meteo-avertizare-de-vant-fulgere-si-grindina-in-capitala\\\/\"},\"wordCount\":142,\"publisher\":{\"@id\":\"https:\\\/\\\/buletin.de\\\/bucuresti\\\/#organization\"},\"image\":{\"@id\":\"https:\\\/\\\/buletin.de\\\/bucuresti\\\/meteo-avertizare-de-vant-fulgere-si-grindina-in-capitala\\\/#primaryimage\"},\"thumbnailUrl\":\"https:\\\/\\\/buletin.de\\\/bucuresti\\\/wp-content\\\/uploads\\\/Jmg9NDQwJmhhc2g9ZDM1OGIxMjYyNDdlNGRkOGFmYWQ4OGQyMGRhNGQ0OTU.thumb_.jpg\",\"keywords\":[\"anm\",\"anm prognoza meteo\",\"cod galben\",\"temperaturi Bucuresti\"],\"articleSection\":[\"Articole\",\"\u0218tiri\"],\"inLanguage\":\"en-GB\",\"copyrightYear\":\"2024\",\"copyrightHolder\":{\"@id\":\"https:\\\/\\\/buletin.de\\\/bucuresti\\\/#organization\"}},{\"@type\":\"WebPage\",\"@id\":\"https:\\\/\\\/buletin.de\\\/bucuresti\\\/meteo-avertizare-de-vant-fulgere-si-grindina-in-capitala\\\/\",\"url\":\"https:\\\/\\\/buletin.de\\\/bucuresti\\\/meteo-avertizare-de-vant-fulgere-si-grindina-in-capitala\\\/\",\"name\":\"METEO | Avertizare de v\u00e2nt, fulgere \u015fi grindin\u0103 \u00een Capital\u0103 - Buletin de Bucure\u0219ti\",\"isPartOf\":{\"@id\":\"https:\\\/\\\/buletin.de\\\/bucuresti\\\/#website\"},\"primaryImageOfPage\":{\"@id\":\"https:\\\/\\\/buletin.de\\\/bucuresti\\\/meteo-avertizare-de-vant-fulgere-si-grindina-in-capitala\\\/#primaryimage\"},\"image\":{\"@id\":\"https:\\\/\\\/buletin.de\\\/bucuresti\\\/meteo-avertizare-de-vant-fulgere-si-grindina-in-capitala\\\/#primaryimage\"},\"thumbnailUrl\":\"https:\\\/\\\/buletin.de\\\/bucuresti\\\/wp-content\\\/uploads\\\/Jmg9NDQwJmhhc2g9ZDM1OGIxMjYyNDdlNGRkOGFmYWQ4OGQyMGRhNGQ0OTU.thumb_.jpg\",\"datePublished\":\"2024-06-03T10:09:27+00:00\",\"breadcrumb\":{\"@id\":\"https:\\\/\\\/buletin.de\\\/bucuresti\\\/meteo-avertizare-de-vant-fulgere-si-grindina-in-capitala\\\/#breadcrumb\"},\"inLanguage\":\"en-GB\",\"potentialAction\":[{\"@type\":\"ReadAction\",\"target\":[\"https:\\\/\\\/buletin.de\\\/bucuresti\\\/meteo-avertizare-de-vant-fulgere-si-grindina-in-capitala\\\/\"]}]},{\"@type\":\"ImageObject\",\"inLanguage\":\"en-GB\",\"@id\":\"https:\\\/\\\/buletin.de\\\/bucuresti\\\/meteo-avertizare-de-vant-fulgere-si-grindina-in-capitala\\\/#primaryimage\",\"url\":\"https:\\\/\\\/buletin.de\\\/bucuresti\\\/wp-content\\\/uploads\\\/Jmg9NDQwJmhhc2g9ZDM1OGIxMjYyNDdlNGRkOGFmYWQ4OGQyMGRhNGQ0OTU.thumb_.jpg\",\"contentUrl\":\"https:\\\/\\\/buletin.de\\\/bucuresti\\\/wp-content\\\/uploads\\\/Jmg9NDQwJmhhc2g9ZDM1OGIxMjYyNDdlNGRkOGFmYWQ4OGQyMGRhNGQ0OTU.thumb_.jpg\",\"width\":780,\"height\":440,\"caption\":\"METEO | Cod galben de ploaie, \u00een Capital\u0103. FOTO: Arhiva\"},{\"@type\":\"BreadcrumbList\",\"@id\":\"https:\\\/\\\/buletin.de\\\/bucuresti\\\/meteo-avertizare-de-vant-fulgere-si-grindina-in-capitala\\\/#breadcrumb\",\"itemListElement\":[{\"@type\":\"ListItem\",\"position\":1,\"name\":\"Acas\u0103\",\"item\":\"https:\\\/\\\/buletin.de\\\/bucuresti\\\/\"},{\"@type\":\"ListItem\",\"position\":2,\"name\":\"METEO | Avertizare de v\u00e2nt, fulgere \u015fi grindin\u0103 \u00een Capital\u0103\"}]},{\"@type\":\"WebSite\",\"@id\":\"https:\\\/\\\/buletin.de\\\/bucuresti\\\/#website\",\"url\":\"https:\\\/\\\/buletin.de\\\/bucuresti\\\/\",\"name\":\"Buletin de Bucure\u0219ti\",\"description\":\"\u0218tiri \u0219i investiga\u021bii esen\u021biale din capital\u0103\",\"publisher\":{\"@id\":\"https:\\\/\\\/buletin.de\\\/bucuresti\\\/#organization\"},\"potentialAction\":[{\"@type\":\"SearchAction\",\"target\":{\"@type\":\"EntryPoint\",\"urlTemplate\":\"https:\\\/\\\/buletin.de\\\/bucuresti\\\/?s={search_term_string}\"},\"query-input\":{\"@type\":\"PropertyValueSpecification\",\"valueRequired\":true,\"valueName\":\"search_term_string\"}}],\"inLanguage\":\"en-GB\"},{\"@type\":\"Organization\",\"@id\":\"https:\\\/\\\/buletin.de\\\/bucuresti\\\/#organization\",\"name\":\"Buletin de Bucure\u0219ti\",\"url\":\"https:\\\/\\\/buletin.de\\\/bucuresti\\\/\",\"logo\":{\"@type\":\"ImageObject\",\"inLanguage\":\"en-GB\",\"@id\":\"https:\\\/\\\/buletin.de\\\/bucuresti\\\/#\\\/schema\\\/logo\\\/image\\\/\",\"url\":\"https:\\\/\\\/buletin.de\\\/bucuresti\\\/wp-content\\\/uploads\\\/logo-bdb-full-wide-vernil-transparent.png\",\"contentUrl\":\"https:\\\/\\\/buletin.de\\\/bucuresti\\\/wp-content\\\/uploads\\\/logo-bdb-full-wide-vernil-transparent.png\",\"width\":1782,\"height\":626,\"caption\":\"Buletin de Bucure\u0219ti\"},\"image\":{\"@id\":\"https:\\\/\\\/buletin.de\\\/bucuresti\\\/#\\\/schema\\\/logo\\\/image\\\/\"},\"sameAs\":[\"https:\\\/\\\/www.facebook.com\\\/buletin.de.buc\",\"https:\\\/\\\/www.instagram.com\\\/buletinde.bucuresti\\\/\"]},{\"@type\":\"Person\",\"@id\":\"https:\\\/\\\/buletin.de\\\/bucuresti\\\/#\\\/schema\\\/person\\\/7e46040573290777280a0835d81ea4ea\",\"name\":\"Diana Matei\",\"image\":{\"@type\":\"ImageObject\",\"inLanguage\":\"en-GB\",\"@id\":\"https:\\\/\\\/buletin.de\\\/bucuresti\\\/wp-content\\\/uploads\\\/9-2-96x96.jpg1e8590b30871d70e62ebcdaf2eff570c\",\"url\":\"https:\\\/\\\/buletin.de\\\/bucuresti\\\/wp-content\\\/uploads\\\/9-2-96x96.jpg\",\"contentUrl\":\"https:\\\/\\\/buletin.de\\\/bucuresti\\\/wp-content\\\/uploads\\\/9-2-96x96.jpg\",\"caption\":\"Diana Matei\"},\"url\":\"https:\\\/\\\/buletin.de\\\/bucuresti\\\/author\\\/dianamatei\\\/\"}]}<\/script>\n<!-- \/ Yoast SEO Premium plugin. -->","yoast_head_json":{"title":"METEO | Avertizare de v\u00e2nt, fulgere \u015fi grindin\u0103 \u00een Capital\u0103 - Buletin de Bucure\u0219ti","robots":{"index":"index","follow":"follow","max-snippet":"max-snippet:-1","max-image-preview":"max-image-preview:large","max-video-preview":"max-video-preview:-1"},"canonical":"https:\/\/buletin.de\/bucuresti\/meteo-avertizare-de-vant-fulgere-si-grindina-in-capitala\/","og_locale":"en_GB","og_type":"article","og_title":"METEO | Avertizare de v\u00e2nt, fulgere \u015fi grindin\u0103 \u00een Capital\u0103","og_description":"Administra\u021bia Na\u021bional\u0103 de Meteorologie anun\u021b\u0103 cod galben de vreme instabil\u0103, \u00een Bucure\u0219ti. Spre sear\u0103, v\u00e2ntul se \u00eente\u021be\u0219te \u0219i sunt prognozate desc\u0103rc\u0103ri electrice \u015fi grindin\u0103. Codul galben este valabil p\u00e2n\u0103 m\u00e2ine diminea\u021b\u0103, la ora 03:00. Vremea va fi c\u0103lduroas\u0103, ast\u0103zi, \u00een Capital\u0103, dar disconfortul termic este \u00een cre\u0219tere. Instabilitatea atmosferic\u0103 va fi accentuat\u0103, potrivit ANM. \u00cen [&hellip;]","og_url":"https:\/\/buletin.de\/bucuresti\/meteo-avertizare-de-vant-fulgere-si-grindina-in-capitala\/","og_site_name":"Buletin de Bucure\u0219ti","article_publisher":"https:\/\/www.facebook.com\/buletin.de.buc","article_published_time":"2024-06-03T10:09:27+00:00","og_image":[{"width":780,"height":440,"url":"https:\/\/buletin.de\/bucuresti\/wp-content\/uploads\/Jmg9NDQwJmhhc2g9ZDM1OGIxMjYyNDdlNGRkOGFmYWQ4OGQyMGRhNGQ0OTU.thumb_.jpg","type":"image\/jpeg"}],"author":"Diana Matei","twitter_card":"summary_large_image","twitter_misc":{"Written by":"Diana Matei","Estimated reading time":"1 minute"},"schema":{"@context":"https:\/\/schema.org","@graph":[{"@type":"Article","@id":"https:\/\/buletin.de\/bucuresti\/meteo-avertizare-de-vant-fulgere-si-grindina-in-capitala\/#article","isPartOf":{"@id":"https:\/\/buletin.de\/bucuresti\/meteo-avertizare-de-vant-fulgere-si-grindina-in-capitala\/"},"author":{"name":"Diana Matei","@id":"https:\/\/buletin.de\/bucuresti\/#\/schema\/person\/7e46040573290777280a0835d81ea4ea"},"headline":"METEO | Avertizare de v\u00e2nt, fulgere \u015fi grindin\u0103 \u00een Capital\u0103","datePublished":"2024-06-03T10:09:27+00:00","mainEntityOfPage":{"@id":"https:\/\/buletin.de\/bucuresti\/meteo-avertizare-de-vant-fulgere-si-grindina-in-capitala\/"},"wordCount":142,"publisher":{"@id":"https:\/\/buletin.de\/bucuresti\/#organization"},"image":{"@id":"https:\/\/buletin.de\/bucuresti\/meteo-avertizare-de-vant-fulgere-si-grindina-in-capitala\/#primaryimage"},"thumbnailUrl":"https:\/\/buletin.de\/bucuresti\/wp-content\/uploads\/Jmg9NDQwJmhhc2g9ZDM1OGIxMjYyNDdlNGRkOGFmYWQ4OGQyMGRhNGQ0OTU.thumb_.jpg","keywords":["anm","anm prognoza meteo","cod galben","temperaturi Bucuresti"],"articleSection":["Articole","\u0218tiri"],"inLanguage":"en-GB","copyrightYear":"2024","copyrightHolder":{"@id":"https:\/\/buletin.de\/bucuresti\/#organization"}},{"@type":"WebPage","@id":"https:\/\/buletin.de\/bucuresti\/meteo-avertizare-de-vant-fulgere-si-grindina-in-capitala\/","url":"https:\/\/buletin.de\/bucuresti\/meteo-avertizare-de-vant-fulgere-si-grindina-in-capitala\/","name":"METEO | Avertizare de v\u00e2nt, fulgere \u015fi grindin\u0103 \u00een Capital\u0103 - Buletin de Bucure\u0219ti","isPartOf":{"@id":"https:\/\/buletin.de\/bucuresti\/#website"},"primaryImageOfPage":{"@id":"https:\/\/buletin.de\/bucuresti\/meteo-avertizare-de-vant-fulgere-si-grindina-in-capitala\/#primaryimage"},"image":{"@id":"https:\/\/buletin.de\/bucuresti\/meteo-avertizare-de-vant-fulgere-si-grindina-in-capitala\/#primaryimage"},"thumbnailUrl":"https:\/\/buletin.de\/bucuresti\/wp-content\/uploads\/Jmg9NDQwJmhhc2g9ZDM1OGIxMjYyNDdlNGRkOGFmYWQ4OGQyMGRhNGQ0OTU.thumb_.jpg","datePublished":"2024-06-03T10:09:27+00:00","breadcrumb":{"@id":"https:\/\/buletin.de\/bucuresti\/meteo-avertizare-de-vant-fulgere-si-grindina-in-capitala\/#breadcrumb"},"inLanguage":"en-GB","potentialAction":[{"@type":"ReadAction","target":["https:\/\/buletin.de\/bucuresti\/meteo-avertizare-de-vant-fulgere-si-grindina-in-capitala\/"]}]},{"@type":"ImageObject","inLanguage":"en-GB","@id":"https:\/\/buletin.de\/bucuresti\/meteo-avertizare-de-vant-fulgere-si-grindina-in-capitala\/#primaryimage","url":"https:\/\/buletin.de\/bucuresti\/wp-content\/uploads\/Jmg9NDQwJmhhc2g9ZDM1OGIxMjYyNDdlNGRkOGFmYWQ4OGQyMGRhNGQ0OTU.thumb_.jpg","contentUrl":"https:\/\/buletin.de\/bucuresti\/wp-content\/uploads\/Jmg9NDQwJmhhc2g9ZDM1OGIxMjYyNDdlNGRkOGFmYWQ4OGQyMGRhNGQ0OTU.thumb_.jpg","width":780,"height":440,"caption":"METEO | Cod galben de ploaie, \u00een Capital\u0103. FOTO: Arhiva"},{"@type":"BreadcrumbList","@id":"https:\/\/buletin.de\/bucuresti\/meteo-avertizare-de-vant-fulgere-si-grindina-in-capitala\/#breadcrumb","itemListElement":[{"@type":"ListItem","position":1,"name":"Acas\u0103","item":"https:\/\/buletin.de\/bucuresti\/"},{"@type":"ListItem","position":2,"name":"METEO | Avertizare de v\u00e2nt, fulgere \u015fi grindin\u0103 \u00een Capital\u0103"}]},{"@type":"WebSite","@id":"https:\/\/buletin.de\/bucuresti\/#website","url":"https:\/\/buletin.de\/bucuresti\/","name":"Buletin de Bucure\u0219ti","description":"\u0218tiri \u0219i investiga\u021bii esen\u021biale din capital\u0103","publisher":{"@id":"https:\/\/buletin.de\/bucuresti\/#organization"},"potentialAction":[{"@type":"SearchAction","target":{"@type":"EntryPoint","urlTemplate":"https:\/\/buletin.de\/bucuresti\/?s={search_term_string}"},"query-input":{"@type":"PropertyValueSpecification","valueRequired":true,"valueName":"search_term_string"}}],"inLanguage":"en-GB"},{"@type":"Organization","@id":"https:\/\/buletin.de\/bucuresti\/#organization","name":"Buletin de Bucure\u0219ti","url":"https:\/\/buletin.de\/bucuresti\/","logo":{"@type":"ImageObject","inLanguage":"en-GB","@id":"https:\/\/buletin.de\/bucuresti\/#\/schema\/logo\/image\/","url":"https:\/\/buletin.de\/bucuresti\/wp-content\/uploads\/logo-bdb-full-wide-vernil-transparent.png","contentUrl":"https:\/\/buletin.de\/bucuresti\/wp-content\/uploads\/logo-bdb-full-wide-vernil-transparent.png","width":1782,"height":626,"caption":"Buletin de Bucure\u0219ti"},"image":{"@id":"https:\/\/buletin.de\/bucuresti\/#\/schema\/logo\/image\/"},"sameAs":["https:\/\/www.facebook.com\/buletin.de.buc","https:\/\/www.instagram.com\/buletinde.bucuresti\/"]},{"@type":"Person","@id":"https:\/\/buletin.de\/bucuresti\/#\/schema\/person\/7e46040573290777280a0835d81ea4ea","name":"Diana Matei","image":{"@type":"ImageObject","inLanguage":"en-GB","@id":"https:\/\/buletin.de\/bucuresti\/wp-content\/uploads\/9-2-96x96.jpg1e8590b30871d70e62ebcdaf2eff570c","url":"https:\/\/buletin.de\/bucuresti\/wp-content\/uploads\/9-2-96x96.jpg","contentUrl":"https:\/\/buletin.de\/bucuresti\/wp-content\/uploads\/9-2-96x96.jpg","caption":"Diana Matei"},"url":"https:\/\/buletin.de\/bucuresti\/author\/dianamatei\/"}]}},"authors":[{"term_id":22574,"user_id":49,"is_guest":0,"slug":"dianamatei","display_name":"Diana Matei","avatar_url":"https:\/\/buletin.de\/bucuresti\/wp-content\/uploads\/9-2-96x96.jpg","0":null,"1":"","2":"","3":"","4":"","5":"","6":"","7":"","8":""}],"_links":{"self":[{"href":"https:\/\/buletin.de\/bucuresti\/wp-json\/wp\/v2\/posts\/87244","targetHints":{"allow":["GET"]}}],"collection":[{"href":"https:\/\/buletin.de\/bucuresti\/wp-json\/wp\/v2\/posts"}],"about":[{"href":"https:\/\/buletin.de\/bucuresti\/wp-json\/wp\/v2\/types\/post"}],"author":[{"embeddable":true,"href":"https:\/\/buletin.de\/bucuresti\/wp-json\/wp\/v2\/users\/49"}],"replies":[{"embeddable":true,"href":"https:\/\/buletin.de\/bucuresti\/wp-json\/wp\/v2\/comments?post=87244"}],"version-history":[{"count":3,"href":"https:\/\/buletin.de\/bucuresti\/wp-json\/wp\/v2\/posts\/87244\/revisions"}],"predecessor-version":[{"id":87252,"href":"https:\/\/buletin.de\/bucuresti\/wp-json\/wp\/v2\/posts\/87244\/revisions\/87252"}],"wp:featuredmedia":[{"embeddable":true,"href":"https:\/\/buletin.de\/bucuresti\/wp-json\/wp\/v2\/media\/83437"}],"wp:attachment":[{"href":"https:\/\/buletin.de\/bucuresti\/wp-json\/wp\/v2\/media?parent=87244"}],"wp:term":[{"taxonomy":"category","embeddable":true,"href":"https:\/\/buletin.de\/bucuresti\/wp-json\/wp\/v2\/categories?post=87244"},{"taxonomy":"post_tag","embeddable":true,"href":"https:\/\/buletin.de\/bucuresti\/wp-json\/wp\/v2\/tags?post=87244"},{"taxonomy":"author","embeddable":true,"href":"https:\/\/buletin.de\/bucuresti\/wp-json\/wp\/v2\/ppma_author?post=87244"}],"curies":[{"name":"wp","href":"https:\/\/api.w.org\/{rel}","templated":true}]}}