{"id":87062,"date":"2024-06-01T06:00:00","date_gmt":"2024-06-01T03:00:00","guid":{"rendered":"https:\/\/buletin.de\/bucuresti\/?p=87062"},"modified":"2024-06-01T01:32:54","modified_gmt":"2024-05-31T22:32:54","slug":"ateliere-teatre-si-proiectii-de-film-pentru-cei-mici-de-1-iunie-ce-program-au-pregatit-institutiile-din-subordinea-primariei","status":"publish","type":"post","link":"https:\/\/buletin.de\/bucuresti\/ateliere-teatre-si-proiectii-de-film-pentru-cei-mici-de-1-iunie-ce-program-au-pregatit-institutiile-din-subordinea-primariei\/","title":{"rendered":"Ateliere, teatre \u0219i proiec\u021bii de film, pentru cei mici, de 1 iunie. Ce program au preg\u0103tit institu\u0163iile din subordinea Prim\u0103riei"},"content":{"rendered":"\n<p><strong>Prim\u0103ria Municipiului Bucure\u0219ti organizeaz\u0103, mai multe evenimente de 1 iunie, cu ocazia Zilei Interna\u021bionale a Copilului.<\/strong><\/p>\n\n\n\n<p><strong>Muzeul Copiilor<\/strong> organizeaz\u0103  mai multe expozi\u021bii: \u201eMisiuni \u00een Safari\u201d, \u201ePe urmele marilor exploratori &#8211; Aventuri cu Pira\u021bi\u201d, \u201eCreierul &#8211; Lumea din capul meu\u201d, \u201eA fost odat\u0103\u2026\u201d, \u201eEgiptul Antic &#8211; Escape Room\u201d. Cei mici \u00ee\u0219i vor putea testa \u0219i abilit\u0103\u021bile \u00een arta gastronomiei \u00eentr-un atelier de f\u0103cut biscui\u021bi.<\/p>\n\n\n\n<p><strong>La Opera Comic\u0103 pentru Copii<\/strong> vor avea loc spectacolele \u201ePoveste magic\u0103\u201d, \u201eBubu \u0219i anotimpurile\u201d \u0219i musicalul \u201eMatilda\u201d. Tot la OCC se lanseaz\u0103 Cantus Mundi Fest, eveniment organizat de Programul Na\u021bional Cantus Mundi. De asemenea, se vor organiza maratonul de activit\u0103\u021bi \u00een parcul de aventur\u0103, proiec\u021biile de film, escape room-ul, precum \u0219i o edi\u021bie special\u0103 a Atelierului de debate. Accesul la Observator astronomic din gr\u0103dina OCC va fi gratuit.<\/p>\n\n\n\n<p>Evenimentul \u201e1 Iunie \u00een \u021ainutul Distrac\u021biei\u201c va fi organizat la <strong>Teatrul \u201eIon Creang\u0103\u201d<\/strong>. Sala Mare din strada Pia\u021ba Amzei nr. 13 v\u0103 g\u0103zdui reprezenta\u021bii teatrale \u0219i activit\u0103\u021bi pentru cei mici &#8211; \u201eAlb\u0103 ca z\u0103pada\u201c, \u201eAmintiri din copil\u0103rie\u201c, \u00eent\u00e2lniri interactive \u0219i ateliere atractive.<\/p>\n\n\n\n<p><strong>Teatrul Mic <\/strong>va organiza, pentru copii ateliere, pe categorii de v\u00e2rst\u0103, \u00een parteneriat cu \u0218coala de Teatru Dream Boutique. Participarea este gratuit\u0103, pe baz\u0103 de \u00eenscriere. Acestea vor avea loc \u00een Sala Studio, din strada Gabroveni 57.<\/p>\n\n\n\n<p><strong>La Teatrul \u201eExcelsior\u201d<\/strong>, la Sala \u201eIon Lucian\u201d  se joac\u0103 \u201eFamilia Addams\u201d iar la Sala \u201eMajestic\u201d \u2013 spectacolul \u201eClasic e fantastic \u2013 Copil\u0103ria lui Enescu\u201d.  Teatrul \u201eStela Popescu\u201d aduce spectacolul \u201eLampio \u0219i gr\u0103untele de lumin\u0103\u201d, la Sala Mic\u0103 a Palatului Na\u021bional al Copiilor.<\/p>\n\n\n\n<p>Spectacole vor fi \u0219i la <strong>Centrul Metropolitan de Educa\u021bie \u0219i Cultur\u0103 \u201eIoan I. Dalles\u201d<\/strong> (\u201eS-au furat pove\u0219tile\u201d), precum \u0219i la Centrul de Cultur\u0103 \u201ePalatele Br\u00e2ncovene\u0219ti de la Por\u021bile Bucure\u0219tiului\u201d \u2013 Mogo\u0219oaia (teatru de p\u0103pu\u0219i \u201eIo, Vod\u0103 Br\u00e2ncoveanu\u201d).<\/p>\n\n\n\n<p>Pe re\u021belele sociale ale <strong>Teatrului \u201eBulandra\u201d<\/strong> vor fi postate videouri \u00een care actorii povestesc despre cartea lor preferat\u0103 din copil\u0103rie.<\/p>\n\n\n\n<p><strong>Biblioteca Metropolitan\u0103 Bucure\u0219ti<\/strong> va promova lectura \u0219i jocul \u00een aer liber. Vor fi ateliere de lectur\u0103 \u0219i creativitate, momente artistice de balet \u0219i oper\u0103 pentru copii, pictur\u0103 pe fa\u021b\u0103 \u0219i teatru de p\u0103pu\u0219i.<\/p>\n\n\n\n<p><strong>Amfiteatrul Teatrului \u201eMasca\u201d<\/strong> va g\u0103zdui spectacolul outdoor \u201enOu\u201d, de Selma Drago\u0219, care \u00eembin\u0103 teatrul popular cu tehnologia modern\u0103. Spectatorii vor fi echipa\u021bi cu c\u0103\u0219ti de silent disco pentru a se bucura pe deplin de universul sonor din lumea \u201enOu\u201d. <\/p>\n\n\n\n<p>De 1 Iunie, la <strong>Muzeul Na\u021bional al Literaturii Rom\u00e2ne <\/strong>(MNLR) va organiza o serie de ateliere \u0219i expozi\u021bii iar la Romexpo, \u00een cadrul Bookfest 2024, copiii vor realiza cea mai lung\u0103 band\u0103 desenat\u0103 din Rom\u00e2nia, inspirat\u0103 din literatura rom\u00e2n\u0103. <\/p>\n\n\n\n<p><strong>La Muzeul Municipiului Bucure\u0219ti <\/strong>va avea loc Mini Mezanin Market, ce con\u021bine tur ghidat pentru copii &#8211; \u201ePove\u0219ti \u0219i muzic\u0103 la muzeu\u201d, atelier de educa\u021bie digital\u0103 \u0219i robotic\u0103 de la MIndHub Bucure\u0219ti Unirii, atelier muzical DJ Set Funk Fast, sesiune yoga BodyMind Balance \u0219i lansare album de jazz pentru copii.<br>\u00cen Gr\u0103dina Muzeului va avea loc \u201eWeekend Sessions &#8211; Picnic la umbra copacilor\u201d.<\/p>\n\n\n\n<p><strong>CREART <\/strong>vine \u00een \u00eent\u00e2mpinarea copiilor cu mai multe ateliere atractive organizate la Palatul Parlamentului, dar \u0219i cu Por\u021bi Deschise la Senat \u0219i la Camera Deputa\u021bilor.<br>\u201eMusical Playground, o s\u0103rb\u0103toare de Ziua Interna\u021bional\u0103 a Copilului\u201d &#8211; eveniment caritabil, va avea loc la Sala Mare a <strong>ARCUB.<\/strong> La Casa Eliad se vor derula atelierele \u201eCreatorii de basme muzicale\u201d \u0219i \u201ePove\u0219ti muzicale\u201d, iar intrarea la ARCUB, la expozi\u021bia \u201eUniversul lui Salvador Dal\u00ed\u201d va fi liber\u0103 pentru copiii cu v\u00e2rsta de p\u00e2n\u0103 la 14 ani.<br>Totodat\u0103, la Gr\u0103dina Zoologic\u0103, accesul copiilor cu v\u00e2rsta p\u00e2n\u0103 la 14 ani va fi gratuit.<\/p>\n\n\n\n<p>Tot de e 1 Iunie, <strong>Societatea de Transport Bucure\u0219ti <\/strong>va deschide por\u021bile Depoului Dude\u0219ti (Calea Dude\u0219ti nr. 184, Sector 3, Bucure\u0219ti) \u00een intervalul orar 10:00 &#8211; 16:00. Vor putea fi vizitate tramvaiele vechi, modele din anii 1912 \u0219i 1956, dar \u0219i noile vehiculele noi. Principalul punct de atrac\u021bie al evenimentului va fi plimbarea cu un tramvai de epoc\u0103 Rathgeber P3.16 (Tramvaiul Cofet\u0103rie), care va circula pe traseul Depoul Dude\u0219ti &#8211; \u0218ura Mare &#8211; Depoul Dude\u0219ti. <\/p>\n\n\n\n<p>Programul detaliat al evenimentelor \u00eel g\u0103si\u021bi  <a href=\"https:\/\/doc.pmb.ro\/institutii\/primaria\/directii\/directia_cultura_invatamant_turism\/evenimente_20240601.pdf\">AICI<\/a>.<\/p>\n\n\n\n<p><strong>CITE\u0218TE \u0218I:<\/strong><\/p>\n\n\n\n<figure class=\"wp-block-embed is-type-wp-embed is-provider-buletin-de-bucure-ti wp-block-embed-buletin-de-bucure-ti\"><div class=\"wp-block-embed__wrapper\">\n<blockquote class=\"wp-embedded-content\" data-secret=\"jet1RJMLlD\"><a href=\"https:\/\/buletin.de\/bucuresti\/aventura-in-spatiu-la-politehnica-bucuresti-incepe-spacefest-2024\/\">\u201eAventur\u0103 \u00een spa\u021biu\u201d la Politehnica Bucure\u0219ti. \u00cencepe SpaceFEST 2024<\/a><\/blockquote><iframe class=\"wp-embedded-content\" sandbox=\"allow-scripts\" security=\"restricted\" style=\"position: absolute; clip: rect(1px, 1px, 1px, 1px);\" title=\"&#8220;\u201eAventur\u0103 \u00een spa\u021biu\u201d la Politehnica Bucure\u0219ti. \u00cencepe SpaceFEST 2024&#8221; &#8212; Buletin de Bucure\u0219ti\" src=\"https:\/\/buletin.de\/bucuresti\/aventura-in-spatiu-la-politehnica-bucuresti-incepe-spacefest-2024\/embed\/#?secret=p6bcuO6qEn#?secret=jet1RJMLlD\" data-secret=\"jet1RJMLlD\" width=\"600\" height=\"338\" frameborder=\"0\" marginwidth=\"0\" marginheight=\"0\" scrolling=\"no\"><\/iframe>\n<\/div><\/figure>\n\n\n\n<p><\/p>\n","protected":false},"excerpt":{"rendered":"<p>Prim\u0103ria Municipiului Bucure\u0219ti organizeaz\u0103, mai multe evenimente de 1 iunie, cu ocazia Zilei Interna\u021bionale a Copilului. Muzeul Copiilor organizeaz\u0103 mai multe expozi\u021bii: \u201eMisiuni \u00een Safari\u201d, \u201ePe urmele marilor exploratori &#8211; Aventuri cu Pira\u021bi\u201d, \u201eCreierul &#8211; Lumea din capul meu\u201d, \u201eA fost odat\u0103\u2026\u201d, \u201eEgiptul Antic &#8211; Escape Room\u201d. Cei mici \u00ee\u0219i vor putea testa \u0219i abilit\u0103\u021bile [&hellip;]<\/p>\n","protected":false},"author":49,"featured_media":87068,"comment_status":"closed","ping_status":"open","sticky":false,"template":"","format":"standard","meta":{"_acf_changed":false,"inline_featured_image":false,"ngg_post_thumbnail":0,"footnotes":""},"categories":[6994,5762,24],"tags":[88,1835,10608,12387,402,10609],"ppma_author":[22574],"class_list":["post-87062","post","type-post","status-publish","format-standard","has-post-thumbnail","hentry","category-stiri-2","category-main","category-primarie","tag-creart","tag-muzeul-copiilor","tag-muzeul-national-al-literaturii-romane","tag-primaria-municipiului-bucuresti-2","tag-stb","tag-teatrul-mic"],"acf":[],"yoast_head":"<!-- This site is optimized with the Yoast SEO Premium plugin v25.3 (Yoast SEO v27.5) - https:\/\/yoast.com\/product\/yoast-seo-premium-wordpress\/ -->\n<title>Ateliere, teatre \u0219i proiec\u021bii de film, pentru cei mici, de 1 iunie. Ce program au preg\u0103tit institu\u0163iile din subordinea Prim\u0103riei - Buletin de Bucure\u0219ti<\/title>\n<meta name=\"robots\" content=\"index, follow, max-snippet:-1, max-image-preview:large, max-video-preview:-1\" \/>\n<link rel=\"canonical\" href=\"https:\/\/buletin.de\/bucuresti\/ateliere-teatre-si-proiectii-de-film-pentru-cei-mici-de-1-iunie-ce-program-au-pregatit-institutiile-din-subordinea-primariei\/\" \/>\n<meta property=\"og:locale\" content=\"en_GB\" \/>\n<meta property=\"og:type\" content=\"article\" \/>\n<meta property=\"og:title\" content=\"Ateliere, teatre \u0219i proiec\u021bii de film, pentru cei mici, de 1 iunie. Ce program au preg\u0103tit institu\u0163iile din subordinea Prim\u0103riei\" \/>\n<meta property=\"og:description\" content=\"Prim\u0103ria Municipiului Bucure\u0219ti organizeaz\u0103, mai multe evenimente de 1 iunie, cu ocazia Zilei Interna\u021bionale a Copilului. Muzeul Copiilor organizeaz\u0103 mai multe expozi\u021bii: \u201eMisiuni \u00een Safari\u201d, \u201ePe urmele marilor exploratori &#8211; Aventuri cu Pira\u021bi\u201d, \u201eCreierul &#8211; Lumea din capul meu\u201d, \u201eA fost odat\u0103\u2026\u201d, \u201eEgiptul Antic &#8211; Escape Room\u201d. Cei mici \u00ee\u0219i vor putea testa \u0219i abilit\u0103\u021bile [&hellip;]\" \/>\n<meta property=\"og:url\" content=\"https:\/\/buletin.de\/bucuresti\/ateliere-teatre-si-proiectii-de-film-pentru-cei-mici-de-1-iunie-ce-program-au-pregatit-institutiile-din-subordinea-primariei\/\" \/>\n<meta property=\"og:site_name\" content=\"Buletin de Bucure\u0219ti\" \/>\n<meta property=\"article:publisher\" content=\"https:\/\/www.facebook.com\/buletin.de.buc\" \/>\n<meta property=\"article:published_time\" content=\"2024-06-01T03:00:00+00:00\" \/>\n<meta property=\"og:image\" content=\"https:\/\/buletin.de\/bucuresti\/wp-content\/uploads\/ziua-copilului.jpeg\" \/>\n\t<meta property=\"og:image:width\" content=\"2000\" \/>\n\t<meta property=\"og:image:height\" content=\"1334\" \/>\n\t<meta property=\"og:image:type\" content=\"image\/jpeg\" \/>\n<meta name=\"author\" content=\"Diana Matei\" \/>\n<meta name=\"twitter:card\" content=\"summary_large_image\" \/>\n<meta name=\"twitter:label1\" content=\"Written by\" \/>\n\t<meta name=\"twitter:data1\" content=\"Diana Matei\" \/>\n\t<meta name=\"twitter:label2\" content=\"Estimated reading time\" \/>\n\t<meta name=\"twitter:data2\" content=\"4 minutes\" \/>\n<script type=\"application\/ld+json\" class=\"yoast-schema-graph\">{\"@context\":\"https:\\\/\\\/schema.org\",\"@graph\":[{\"@type\":\"Article\",\"@id\":\"https:\\\/\\\/buletin.de\\\/bucuresti\\\/ateliere-teatre-si-proiectii-de-film-pentru-cei-mici-de-1-iunie-ce-program-au-pregatit-institutiile-din-subordinea-primariei\\\/#article\",\"isPartOf\":{\"@id\":\"https:\\\/\\\/buletin.de\\\/bucuresti\\\/ateliere-teatre-si-proiectii-de-film-pentru-cei-mici-de-1-iunie-ce-program-au-pregatit-institutiile-din-subordinea-primariei\\\/\"},\"author\":{\"name\":\"Diana Matei\",\"@id\":\"https:\\\/\\\/buletin.de\\\/bucuresti\\\/#\\\/schema\\\/person\\\/7e46040573290777280a0835d81ea4ea\"},\"headline\":\"Ateliere, teatre \u0219i proiec\u021bii de film, pentru cei mici, de 1 iunie. Ce program au preg\u0103tit institu\u0163iile din subordinea Prim\u0103riei\",\"datePublished\":\"2024-06-01T03:00:00+00:00\",\"mainEntityOfPage\":{\"@id\":\"https:\\\/\\\/buletin.de\\\/bucuresti\\\/ateliere-teatre-si-proiectii-de-film-pentru-cei-mici-de-1-iunie-ce-program-au-pregatit-institutiile-din-subordinea-primariei\\\/\"},\"wordCount\":752,\"publisher\":{\"@id\":\"https:\\\/\\\/buletin.de\\\/bucuresti\\\/#organization\"},\"image\":{\"@id\":\"https:\\\/\\\/buletin.de\\\/bucuresti\\\/ateliere-teatre-si-proiectii-de-film-pentru-cei-mici-de-1-iunie-ce-program-au-pregatit-institutiile-din-subordinea-primariei\\\/#primaryimage\"},\"thumbnailUrl\":\"https:\\\/\\\/buletin.de\\\/bucuresti\\\/wp-content\\\/uploads\\\/ziua-copilului.jpeg\",\"keywords\":[\"creart\",\"muzeul copiilor\",\"Muzeul Na\u021bional al Literaturii Rom\u00e2ne\",\"Prim\u0103ria Municipiului Bucure\u0219ti\",\"stb\",\"Teatrul Mic\"],\"articleSection\":[\"Articole\",\"Main\",\"Prim\u0103rie\"],\"inLanguage\":\"en-GB\",\"copyrightYear\":\"2024\",\"copyrightHolder\":{\"@id\":\"https:\\\/\\\/buletin.de\\\/bucuresti\\\/#organization\"}},{\"@type\":\"WebPage\",\"@id\":\"https:\\\/\\\/buletin.de\\\/bucuresti\\\/ateliere-teatre-si-proiectii-de-film-pentru-cei-mici-de-1-iunie-ce-program-au-pregatit-institutiile-din-subordinea-primariei\\\/\",\"url\":\"https:\\\/\\\/buletin.de\\\/bucuresti\\\/ateliere-teatre-si-proiectii-de-film-pentru-cei-mici-de-1-iunie-ce-program-au-pregatit-institutiile-din-subordinea-primariei\\\/\",\"name\":\"Ateliere, teatre \u0219i proiec\u021bii de film, pentru cei mici, de 1 iunie. Ce program au preg\u0103tit institu\u0163iile din subordinea Prim\u0103riei - Buletin de Bucure\u0219ti\",\"isPartOf\":{\"@id\":\"https:\\\/\\\/buletin.de\\\/bucuresti\\\/#website\"},\"primaryImageOfPage\":{\"@id\":\"https:\\\/\\\/buletin.de\\\/bucuresti\\\/ateliere-teatre-si-proiectii-de-film-pentru-cei-mici-de-1-iunie-ce-program-au-pregatit-institutiile-din-subordinea-primariei\\\/#primaryimage\"},\"image\":{\"@id\":\"https:\\\/\\\/buletin.de\\\/bucuresti\\\/ateliere-teatre-si-proiectii-de-film-pentru-cei-mici-de-1-iunie-ce-program-au-pregatit-institutiile-din-subordinea-primariei\\\/#primaryimage\"},\"thumbnailUrl\":\"https:\\\/\\\/buletin.de\\\/bucuresti\\\/wp-content\\\/uploads\\\/ziua-copilului.jpeg\",\"datePublished\":\"2024-06-01T03:00:00+00:00\",\"breadcrumb\":{\"@id\":\"https:\\\/\\\/buletin.de\\\/bucuresti\\\/ateliere-teatre-si-proiectii-de-film-pentru-cei-mici-de-1-iunie-ce-program-au-pregatit-institutiile-din-subordinea-primariei\\\/#breadcrumb\"},\"inLanguage\":\"en-GB\",\"potentialAction\":[{\"@type\":\"ReadAction\",\"target\":[\"https:\\\/\\\/buletin.de\\\/bucuresti\\\/ateliere-teatre-si-proiectii-de-film-pentru-cei-mici-de-1-iunie-ce-program-au-pregatit-institutiile-din-subordinea-primariei\\\/\"]}]},{\"@type\":\"ImageObject\",\"inLanguage\":\"en-GB\",\"@id\":\"https:\\\/\\\/buletin.de\\\/bucuresti\\\/ateliere-teatre-si-proiectii-de-film-pentru-cei-mici-de-1-iunie-ce-program-au-pregatit-institutiile-din-subordinea-primariei\\\/#primaryimage\",\"url\":\"https:\\\/\\\/buletin.de\\\/bucuresti\\\/wp-content\\\/uploads\\\/ziua-copilului.jpeg\",\"contentUrl\":\"https:\\\/\\\/buletin.de\\\/bucuresti\\\/wp-content\\\/uploads\\\/ziua-copilului.jpeg\",\"width\":2000,\"height\":1334,\"caption\":\"FOTO: Arhiva\"},{\"@type\":\"BreadcrumbList\",\"@id\":\"https:\\\/\\\/buletin.de\\\/bucuresti\\\/ateliere-teatre-si-proiectii-de-film-pentru-cei-mici-de-1-iunie-ce-program-au-pregatit-institutiile-din-subordinea-primariei\\\/#breadcrumb\",\"itemListElement\":[{\"@type\":\"ListItem\",\"position\":1,\"name\":\"Acas\u0103\",\"item\":\"https:\\\/\\\/buletin.de\\\/bucuresti\\\/\"},{\"@type\":\"ListItem\",\"position\":2,\"name\":\"Ateliere, teatre \u0219i proiec\u021bii de film, pentru cei mici, de 1 iunie. Ce program au preg\u0103tit institu\u0163iile din subordinea Prim\u0103riei\"}]},{\"@type\":\"WebSite\",\"@id\":\"https:\\\/\\\/buletin.de\\\/bucuresti\\\/#website\",\"url\":\"https:\\\/\\\/buletin.de\\\/bucuresti\\\/\",\"name\":\"Buletin de Bucure\u0219ti\",\"description\":\"\u0218tiri \u0219i investiga\u021bii esen\u021biale din capital\u0103\",\"publisher\":{\"@id\":\"https:\\\/\\\/buletin.de\\\/bucuresti\\\/#organization\"},\"potentialAction\":[{\"@type\":\"SearchAction\",\"target\":{\"@type\":\"EntryPoint\",\"urlTemplate\":\"https:\\\/\\\/buletin.de\\\/bucuresti\\\/?s={search_term_string}\"},\"query-input\":{\"@type\":\"PropertyValueSpecification\",\"valueRequired\":true,\"valueName\":\"search_term_string\"}}],\"inLanguage\":\"en-GB\"},{\"@type\":\"Organization\",\"@id\":\"https:\\\/\\\/buletin.de\\\/bucuresti\\\/#organization\",\"name\":\"Buletin de Bucure\u0219ti\",\"url\":\"https:\\\/\\\/buletin.de\\\/bucuresti\\\/\",\"logo\":{\"@type\":\"ImageObject\",\"inLanguage\":\"en-GB\",\"@id\":\"https:\\\/\\\/buletin.de\\\/bucuresti\\\/#\\\/schema\\\/logo\\\/image\\\/\",\"url\":\"https:\\\/\\\/buletin.de\\\/bucuresti\\\/wp-content\\\/uploads\\\/logo-bdb-full-wide-vernil-transparent.png\",\"contentUrl\":\"https:\\\/\\\/buletin.de\\\/bucuresti\\\/wp-content\\\/uploads\\\/logo-bdb-full-wide-vernil-transparent.png\",\"width\":1782,\"height\":626,\"caption\":\"Buletin de Bucure\u0219ti\"},\"image\":{\"@id\":\"https:\\\/\\\/buletin.de\\\/bucuresti\\\/#\\\/schema\\\/logo\\\/image\\\/\"},\"sameAs\":[\"https:\\\/\\\/www.facebook.com\\\/buletin.de.buc\",\"https:\\\/\\\/www.instagram.com\\\/buletinde.bucuresti\\\/\"]},{\"@type\":\"Person\",\"@id\":\"https:\\\/\\\/buletin.de\\\/bucuresti\\\/#\\\/schema\\\/person\\\/7e46040573290777280a0835d81ea4ea\",\"name\":\"Diana Matei\",\"image\":{\"@type\":\"ImageObject\",\"inLanguage\":\"en-GB\",\"@id\":\"https:\\\/\\\/buletin.de\\\/bucuresti\\\/wp-content\\\/uploads\\\/9-2-96x96.jpg1e8590b30871d70e62ebcdaf2eff570c\",\"url\":\"https:\\\/\\\/buletin.de\\\/bucuresti\\\/wp-content\\\/uploads\\\/9-2-96x96.jpg\",\"contentUrl\":\"https:\\\/\\\/buletin.de\\\/bucuresti\\\/wp-content\\\/uploads\\\/9-2-96x96.jpg\",\"caption\":\"Diana Matei\"},\"url\":\"https:\\\/\\\/buletin.de\\\/bucuresti\\\/author\\\/dianamatei\\\/\"}]}<\/script>\n<!-- \/ Yoast SEO Premium plugin. -->","yoast_head_json":{"title":"Ateliere, teatre \u0219i proiec\u021bii de film, pentru cei mici, de 1 iunie. Ce program au preg\u0103tit institu\u0163iile din subordinea Prim\u0103riei - Buletin de Bucure\u0219ti","robots":{"index":"index","follow":"follow","max-snippet":"max-snippet:-1","max-image-preview":"max-image-preview:large","max-video-preview":"max-video-preview:-1"},"canonical":"https:\/\/buletin.de\/bucuresti\/ateliere-teatre-si-proiectii-de-film-pentru-cei-mici-de-1-iunie-ce-program-au-pregatit-institutiile-din-subordinea-primariei\/","og_locale":"en_GB","og_type":"article","og_title":"Ateliere, teatre \u0219i proiec\u021bii de film, pentru cei mici, de 1 iunie. Ce program au preg\u0103tit institu\u0163iile din subordinea Prim\u0103riei","og_description":"Prim\u0103ria Municipiului Bucure\u0219ti organizeaz\u0103, mai multe evenimente de 1 iunie, cu ocazia Zilei Interna\u021bionale a Copilului. Muzeul Copiilor organizeaz\u0103 mai multe expozi\u021bii: \u201eMisiuni \u00een Safari\u201d, \u201ePe urmele marilor exploratori &#8211; Aventuri cu Pira\u021bi\u201d, \u201eCreierul &#8211; Lumea din capul meu\u201d, \u201eA fost odat\u0103\u2026\u201d, \u201eEgiptul Antic &#8211; Escape Room\u201d. Cei mici \u00ee\u0219i vor putea testa \u0219i abilit\u0103\u021bile [&hellip;]","og_url":"https:\/\/buletin.de\/bucuresti\/ateliere-teatre-si-proiectii-de-film-pentru-cei-mici-de-1-iunie-ce-program-au-pregatit-institutiile-din-subordinea-primariei\/","og_site_name":"Buletin de Bucure\u0219ti","article_publisher":"https:\/\/www.facebook.com\/buletin.de.buc","article_published_time":"2024-06-01T03:00:00+00:00","og_image":[{"width":2000,"height":1334,"url":"https:\/\/buletin.de\/bucuresti\/wp-content\/uploads\/ziua-copilului.jpeg","type":"image\/jpeg"}],"author":"Diana Matei","twitter_card":"summary_large_image","twitter_misc":{"Written by":"Diana Matei","Estimated reading time":"4 minutes"},"schema":{"@context":"https:\/\/schema.org","@graph":[{"@type":"Article","@id":"https:\/\/buletin.de\/bucuresti\/ateliere-teatre-si-proiectii-de-film-pentru-cei-mici-de-1-iunie-ce-program-au-pregatit-institutiile-din-subordinea-primariei\/#article","isPartOf":{"@id":"https:\/\/buletin.de\/bucuresti\/ateliere-teatre-si-proiectii-de-film-pentru-cei-mici-de-1-iunie-ce-program-au-pregatit-institutiile-din-subordinea-primariei\/"},"author":{"name":"Diana Matei","@id":"https:\/\/buletin.de\/bucuresti\/#\/schema\/person\/7e46040573290777280a0835d81ea4ea"},"headline":"Ateliere, teatre \u0219i proiec\u021bii de film, pentru cei mici, de 1 iunie. Ce program au preg\u0103tit institu\u0163iile din subordinea Prim\u0103riei","datePublished":"2024-06-01T03:00:00+00:00","mainEntityOfPage":{"@id":"https:\/\/buletin.de\/bucuresti\/ateliere-teatre-si-proiectii-de-film-pentru-cei-mici-de-1-iunie-ce-program-au-pregatit-institutiile-din-subordinea-primariei\/"},"wordCount":752,"publisher":{"@id":"https:\/\/buletin.de\/bucuresti\/#organization"},"image":{"@id":"https:\/\/buletin.de\/bucuresti\/ateliere-teatre-si-proiectii-de-film-pentru-cei-mici-de-1-iunie-ce-program-au-pregatit-institutiile-din-subordinea-primariei\/#primaryimage"},"thumbnailUrl":"https:\/\/buletin.de\/bucuresti\/wp-content\/uploads\/ziua-copilului.jpeg","keywords":["creart","muzeul copiilor","Muzeul Na\u021bional al Literaturii Rom\u00e2ne","Prim\u0103ria Municipiului Bucure\u0219ti","stb","Teatrul Mic"],"articleSection":["Articole","Main","Prim\u0103rie"],"inLanguage":"en-GB","copyrightYear":"2024","copyrightHolder":{"@id":"https:\/\/buletin.de\/bucuresti\/#organization"}},{"@type":"WebPage","@id":"https:\/\/buletin.de\/bucuresti\/ateliere-teatre-si-proiectii-de-film-pentru-cei-mici-de-1-iunie-ce-program-au-pregatit-institutiile-din-subordinea-primariei\/","url":"https:\/\/buletin.de\/bucuresti\/ateliere-teatre-si-proiectii-de-film-pentru-cei-mici-de-1-iunie-ce-program-au-pregatit-institutiile-din-subordinea-primariei\/","name":"Ateliere, teatre \u0219i proiec\u021bii de film, pentru cei mici, de 1 iunie. Ce program au preg\u0103tit institu\u0163iile din subordinea Prim\u0103riei - Buletin de Bucure\u0219ti","isPartOf":{"@id":"https:\/\/buletin.de\/bucuresti\/#website"},"primaryImageOfPage":{"@id":"https:\/\/buletin.de\/bucuresti\/ateliere-teatre-si-proiectii-de-film-pentru-cei-mici-de-1-iunie-ce-program-au-pregatit-institutiile-din-subordinea-primariei\/#primaryimage"},"image":{"@id":"https:\/\/buletin.de\/bucuresti\/ateliere-teatre-si-proiectii-de-film-pentru-cei-mici-de-1-iunie-ce-program-au-pregatit-institutiile-din-subordinea-primariei\/#primaryimage"},"thumbnailUrl":"https:\/\/buletin.de\/bucuresti\/wp-content\/uploads\/ziua-copilului.jpeg","datePublished":"2024-06-01T03:00:00+00:00","breadcrumb":{"@id":"https:\/\/buletin.de\/bucuresti\/ateliere-teatre-si-proiectii-de-film-pentru-cei-mici-de-1-iunie-ce-program-au-pregatit-institutiile-din-subordinea-primariei\/#breadcrumb"},"inLanguage":"en-GB","potentialAction":[{"@type":"ReadAction","target":["https:\/\/buletin.de\/bucuresti\/ateliere-teatre-si-proiectii-de-film-pentru-cei-mici-de-1-iunie-ce-program-au-pregatit-institutiile-din-subordinea-primariei\/"]}]},{"@type":"ImageObject","inLanguage":"en-GB","@id":"https:\/\/buletin.de\/bucuresti\/ateliere-teatre-si-proiectii-de-film-pentru-cei-mici-de-1-iunie-ce-program-au-pregatit-institutiile-din-subordinea-primariei\/#primaryimage","url":"https:\/\/buletin.de\/bucuresti\/wp-content\/uploads\/ziua-copilului.jpeg","contentUrl":"https:\/\/buletin.de\/bucuresti\/wp-content\/uploads\/ziua-copilului.jpeg","width":2000,"height":1334,"caption":"FOTO: Arhiva"},{"@type":"BreadcrumbList","@id":"https:\/\/buletin.de\/bucuresti\/ateliere-teatre-si-proiectii-de-film-pentru-cei-mici-de-1-iunie-ce-program-au-pregatit-institutiile-din-subordinea-primariei\/#breadcrumb","itemListElement":[{"@type":"ListItem","position":1,"name":"Acas\u0103","item":"https:\/\/buletin.de\/bucuresti\/"},{"@type":"ListItem","position":2,"name":"Ateliere, teatre \u0219i proiec\u021bii de film, pentru cei mici, de 1 iunie. Ce program au preg\u0103tit institu\u0163iile din subordinea Prim\u0103riei"}]},{"@type":"WebSite","@id":"https:\/\/buletin.de\/bucuresti\/#website","url":"https:\/\/buletin.de\/bucuresti\/","name":"Buletin de Bucure\u0219ti","description":"\u0218tiri \u0219i investiga\u021bii esen\u021biale din capital\u0103","publisher":{"@id":"https:\/\/buletin.de\/bucuresti\/#organization"},"potentialAction":[{"@type":"SearchAction","target":{"@type":"EntryPoint","urlTemplate":"https:\/\/buletin.de\/bucuresti\/?s={search_term_string}"},"query-input":{"@type":"PropertyValueSpecification","valueRequired":true,"valueName":"search_term_string"}}],"inLanguage":"en-GB"},{"@type":"Organization","@id":"https:\/\/buletin.de\/bucuresti\/#organization","name":"Buletin de Bucure\u0219ti","url":"https:\/\/buletin.de\/bucuresti\/","logo":{"@type":"ImageObject","inLanguage":"en-GB","@id":"https:\/\/buletin.de\/bucuresti\/#\/schema\/logo\/image\/","url":"https:\/\/buletin.de\/bucuresti\/wp-content\/uploads\/logo-bdb-full-wide-vernil-transparent.png","contentUrl":"https:\/\/buletin.de\/bucuresti\/wp-content\/uploads\/logo-bdb-full-wide-vernil-transparent.png","width":1782,"height":626,"caption":"Buletin de Bucure\u0219ti"},"image":{"@id":"https:\/\/buletin.de\/bucuresti\/#\/schema\/logo\/image\/"},"sameAs":["https:\/\/www.facebook.com\/buletin.de.buc","https:\/\/www.instagram.com\/buletinde.bucuresti\/"]},{"@type":"Person","@id":"https:\/\/buletin.de\/bucuresti\/#\/schema\/person\/7e46040573290777280a0835d81ea4ea","name":"Diana Matei","image":{"@type":"ImageObject","inLanguage":"en-GB","@id":"https:\/\/buletin.de\/bucuresti\/wp-content\/uploads\/9-2-96x96.jpg1e8590b30871d70e62ebcdaf2eff570c","url":"https:\/\/buletin.de\/bucuresti\/wp-content\/uploads\/9-2-96x96.jpg","contentUrl":"https:\/\/buletin.de\/bucuresti\/wp-content\/uploads\/9-2-96x96.jpg","caption":"Diana Matei"},"url":"https:\/\/buletin.de\/bucuresti\/author\/dianamatei\/"}]}},"authors":[{"term_id":22574,"user_id":49,"is_guest":0,"slug":"dianamatei","display_name":"Diana Matei","avatar_url":"https:\/\/buletin.de\/bucuresti\/wp-content\/uploads\/9-2-96x96.jpg","0":null,"1":"","2":"","3":"","4":"","5":"","6":"","7":"","8":""}],"_links":{"self":[{"href":"https:\/\/buletin.de\/bucuresti\/wp-json\/wp\/v2\/posts\/87062","targetHints":{"allow":["GET"]}}],"collection":[{"href":"https:\/\/buletin.de\/bucuresti\/wp-json\/wp\/v2\/posts"}],"about":[{"href":"https:\/\/buletin.de\/bucuresti\/wp-json\/wp\/v2\/types\/post"}],"author":[{"embeddable":true,"href":"https:\/\/buletin.de\/bucuresti\/wp-json\/wp\/v2\/users\/49"}],"replies":[{"embeddable":true,"href":"https:\/\/buletin.de\/bucuresti\/wp-json\/wp\/v2\/comments?post=87062"}],"version-history":[{"count":2,"href":"https:\/\/buletin.de\/bucuresti\/wp-json\/wp\/v2\/posts\/87062\/revisions"}],"predecessor-version":[{"id":87083,"href":"https:\/\/buletin.de\/bucuresti\/wp-json\/wp\/v2\/posts\/87062\/revisions\/87083"}],"wp:featuredmedia":[{"embeddable":true,"href":"https:\/\/buletin.de\/bucuresti\/wp-json\/wp\/v2\/media\/87068"}],"wp:attachment":[{"href":"https:\/\/buletin.de\/bucuresti\/wp-json\/wp\/v2\/media?parent=87062"}],"wp:term":[{"taxonomy":"category","embeddable":true,"href":"https:\/\/buletin.de\/bucuresti\/wp-json\/wp\/v2\/categories?post=87062"},{"taxonomy":"post_tag","embeddable":true,"href":"https:\/\/buletin.de\/bucuresti\/wp-json\/wp\/v2\/tags?post=87062"},{"taxonomy":"author","embeddable":true,"href":"https:\/\/buletin.de\/bucuresti\/wp-json\/wp\/v2\/ppma_author?post=87062"}],"curies":[{"name":"wp","href":"https:\/\/api.w.org\/{rel}","templated":true}]}}