{"id":86973,"date":"2024-05-31T06:00:00","date_gmt":"2024-05-31T03:00:00","guid":{"rendered":"https:\/\/buletin.de\/bucuresti\/?p=86973"},"modified":"2024-05-31T02:25:52","modified_gmt":"2024-05-30T23:25:52","slug":"aventura-in-spatiu-la-politehnica-bucuresti-incepe-spacefest-2024","status":"publish","type":"post","link":"https:\/\/buletin.de\/bucuresti\/aventura-in-spatiu-la-politehnica-bucuresti-incepe-spacefest-2024\/","title":{"rendered":"\u201eAventur\u0103 \u00een spa\u021biu\u201d la Politehnica Bucure\u0219ti. \u00cencepe SpaceFEST 2024"},"content":{"rendered":"\n<p><strong>Ast\u0103zi are loc ceremonia de deschidere a SpaceFEST 2024. Evenimentul are loc \u00eentre orele 10:00 \u0219i 12:00, \u00een Aula Magna a Politehnicii Bucure\u0219ti. <\/strong><\/p>\n\n\n\n<p>SpaceFEST 2024 se va desf\u0103\u0219ura \u00een perioada 31 mai\u20112 iunie \u0219i este cel mai mare eveniment dedicat spa\u021biului cosmic, care se organizeaz\u0103 \u00een Rom\u00e2nia.<\/p>\n\n\n\n<figure class=\"wp-block-gallery has-nested-images columns-default is-cropped wp-block-gallery-1 is-layout-flex wp-block-gallery-is-layout-flex\">\n<figure class=\"wp-block-image size-large\"><img fetchpriority=\"high\" decoding=\"async\" width=\"900\" height=\"600\" data-id=\"86978\" src=\"data:image\/gif;base64,R0lGODlhAQABAAAAACH5BAEKAAEALAAAAAABAAEAAAICTAEAOw==\" data-src=\"https:\/\/buletin.de\/bucuresti\/wp-content\/uploads\/Cea-mai-mare-oportunitate-a-omenirii-1536x1024-1-900x600.jpg\" alt=\"\" class=\"wp-image-86978 lazyload\" data-sizes=\"auto\" data-srcset=\"https:\/\/buletin.de\/bucuresti\/wp-content\/uploads\/Cea-mai-mare-oportunitate-a-omenirii-1536x1024-1-900x600.jpg 900w, https:\/\/buletin.de\/bucuresti\/wp-content\/uploads\/Cea-mai-mare-oportunitate-a-omenirii-1536x1024-1-300x200.jpg 300w, https:\/\/buletin.de\/bucuresti\/wp-content\/uploads\/Cea-mai-mare-oportunitate-a-omenirii-1536x1024-1-768x512.jpg 768w, https:\/\/buletin.de\/bucuresti\/wp-content\/uploads\/Cea-mai-mare-oportunitate-a-omenirii-1536x1024-1-1100x733.jpg 1100w, https:\/\/buletin.de\/bucuresti\/wp-content\/uploads\/Cea-mai-mare-oportunitate-a-omenirii-1536x1024-1-600x400.jpg 600w, https:\/\/buletin.de\/bucuresti\/wp-content\/uploads\/Cea-mai-mare-oportunitate-a-omenirii-1536x1024-1-20x13.jpg 20w, https:\/\/buletin.de\/bucuresti\/wp-content\/uploads\/Cea-mai-mare-oportunitate-a-omenirii-1536x1024-1.jpg 1536w\" sizes=\"(max-width: 900px) 100vw, 900px\" \/><\/figure>\n\n\n\n<figure class=\"wp-block-image size-large\"><img decoding=\"async\" width=\"900\" height=\"600\" data-id=\"86977\" src=\"data:image\/gif;base64,R0lGODlhAQABAAAAACH5BAEKAAEALAAAAAABAAEAAAICTAEAOw==\" data-src=\"https:\/\/buletin.de\/bucuresti\/wp-content\/uploads\/Artemis-1536x1024-1-900x600.jpg\" alt=\"\" class=\"wp-image-86977 lazyload\" data-sizes=\"auto\" data-srcset=\"https:\/\/buletin.de\/bucuresti\/wp-content\/uploads\/Artemis-1536x1024-1-900x600.jpg 900w, https:\/\/buletin.de\/bucuresti\/wp-content\/uploads\/Artemis-1536x1024-1-300x200.jpg 300w, https:\/\/buletin.de\/bucuresti\/wp-content\/uploads\/Artemis-1536x1024-1-768x512.jpg 768w, https:\/\/buletin.de\/bucuresti\/wp-content\/uploads\/Artemis-1536x1024-1-1100x733.jpg 1100w, https:\/\/buletin.de\/bucuresti\/wp-content\/uploads\/Artemis-1536x1024-1-600x400.jpg 600w, https:\/\/buletin.de\/bucuresti\/wp-content\/uploads\/Artemis-1536x1024-1-20x13.jpg 20w, https:\/\/buletin.de\/bucuresti\/wp-content\/uploads\/Artemis-1536x1024-1.jpg 1536w\" sizes=\"(max-width: 900px) 100vw, 900px\" \/><\/figure>\n<\/figure>\n\n\n\n<figure class=\"wp-block-image size-large\"><img decoding=\"async\" width=\"900\" height=\"600\" src=\"data:image\/gif;base64,R0lGODlhAQABAAAAACH5BAEKAAEALAAAAAABAAEAAAICTAEAOw==\" data-src=\"https:\/\/buletin.de\/bucuresti\/wp-content\/uploads\/Misiunea-noastra-1536x1024-1-900x600.jpg\" alt=\"\" class=\"wp-image-86979 lazyload\" data-sizes=\"auto\" data-srcset=\"https:\/\/buletin.de\/bucuresti\/wp-content\/uploads\/Misiunea-noastra-1536x1024-1-900x600.jpg 900w, https:\/\/buletin.de\/bucuresti\/wp-content\/uploads\/Misiunea-noastra-1536x1024-1-300x200.jpg 300w, https:\/\/buletin.de\/bucuresti\/wp-content\/uploads\/Misiunea-noastra-1536x1024-1-768x512.jpg 768w, https:\/\/buletin.de\/bucuresti\/wp-content\/uploads\/Misiunea-noastra-1536x1024-1-1100x733.jpg 1100w, https:\/\/buletin.de\/bucuresti\/wp-content\/uploads\/Misiunea-noastra-1536x1024-1-600x400.jpg 600w, https:\/\/buletin.de\/bucuresti\/wp-content\/uploads\/Misiunea-noastra-1536x1024-1-20x13.jpg 20w, https:\/\/buletin.de\/bucuresti\/wp-content\/uploads\/Misiunea-noastra-1536x1024-1.jpg 1536w\" sizes=\"(max-width: 900px) 100vw, 900px\" \/><\/figure>\n\n\n\n<p>Invita\u021bi speciali, la deschidere, vor fi:<\/p>\n\n\n\n<ul class=\"wp-block-list\">\n<li>Susan Kilrain &#8211; Astronaut NASA, inginer aerospa\u021bial \u0219i fost ofi\u021ber al Marinei Militare a SUA;<\/li>\n\n\n\n<li>Michael L\u00f3pez-Alegr\u00eda &#8211; Astronaut \u0219ef la Axiom Space, cu experien\u021b\u0103 \u00een trei misiuni spa\u021biale;<\/li>\n\n\n\n<li>Dominic A. Antonelli &#8211; Astronaut NASA, pilot \u00een dou\u0103 misiuni Space Shuttle;<\/li>\n\n\n\n<li>S\u0142awosz Uzna\u0144ski &#8211; Astronaut ESA, inginer \u0219i expert tehnic.<\/li>\n<\/ul>\n\n\n\n<blockquote class=\"wp-block-quote is-layout-flow wp-block-quote-is-layout-flow\">\n<p class=\"has-medium-font-size\"><strong>De asemenea, v\u0103 aducem la cuno\u0219tin\u021b\u0103 c\u0103 astronau\u021bii invita\u021bi, vor fi prezen\u021bi pentru sesiunile de Meet&amp;Greet \u0219i sesiunile de autografe \u0219i pe 1 iunie 2024, s\u00e2mb\u0103t\u0103.<\/strong><\/p>\n<cite>Comunicat de pres\u0103 SpaceFEST<\/cite><\/blockquote>\n\n\n\n<p>Program \u0219i activit\u0103\u021bi principale:<\/p>\n\n\n\n<ul class=\"wp-block-list\">\n<li>12:00 \u2013 13:30: Meet&amp;Greet \u0219i sesiune de autografe<\/li>\n\n\n\n<li>13:00 \u2013 14:00: Prelegere sus\u021binut\u0103 de comandantul Emil Dobrovolschi<\/li>\n\n\n\n<li>10:00 \u2013 17:00: Experimente \u0219i ateliere variate, lans\u0103ri de rachete, tururi spa\u021biale, simulatoare de zbor, experien\u021be VR \u0219i AR, imprimante 3D, expozi\u021bii art\u0103 spa\u021bial\u0103, vederi spa\u021biale 3D, costume de astronau\u021bi pentru copii, aeromodelism, avioane, elicoptere observa\u021bii solare, demonstra\u021bii de drone.<\/li>\n<\/ul>\n\n\n\n<p>Pe 1 iunie, \u00een Aula Magna a universit\u0103\u021bii vor fi prezen\u021bi copii, al\u0103turi de p\u0103rin\u021bi, bunici \u0219i profesori. Ace\u0219tia vor putea pune \u00eentreb\u0103ri astronau\u021bilor invita\u021bi.<\/p>\n\n\n\n<p>Pe 3 iunie,  Summitul European SpaceFEST 2024 va avea loc la Palatul Parlamentului, sala Nicolae B\u0103lcescu, \u00eentre orele 10:00 \u0219i 17:00. Evenimentul este organizat \u00een parteneriat cu Agen\u021bia Spa\u021bial\u0103 European\u0103 \u0219i cu sprijinul Guvernului Rom\u00e2niei \u0219i al Ambasadei SUA \u00een Rom\u00e2nia. Principalele subiecte vor fi:  <\/p>\n\n\n\n<ul class=\"wp-block-list\">\n<li>educa\u021bie aerospa\u021bial\u0103 \u0219i cercetare interdisciplinar\u0103;<\/li>\n\n\n\n<li>s\u0103n\u0103tate \u0219i siguran\u021b\u0103 \u00een spa\u021biu;<\/li>\n\n\n\n<li>ecosistem spa\u021bial \u0219i sustenabilitate;<\/li>\n\n\n\n<li>inova\u021bie \u0219i avans tehnologic \u00een industria spa\u021bial\u0103;<\/li>\n\n\n\n<li>viitorul zborului spa\u021bial: perspective \u0219i provoc\u0103ri;<\/li>\n\n\n\n<li>activitatea spa\u021bial\u0103 din Rom\u00e2nia.<\/li>\n<\/ul>\n\n\n\n<p>Mai multe detalii despre eveniment g\u0103si\u021bi <a href=\"https:\/\/spacefest.upb.ro\/?fbclid=IwZXh0bgNhZW0CMTAAAR0J8512O2B82BHBxzsrmKdBLiStPj6kIGRwY8Yex6VbOkjJDmhFItcWlIU_aem_ASXe2YZVAAmUW4MRJNRVn6lGM5scO8YZB_fI8R43xLlEVAvr-NESxhyfAP3OuEEhiFvHc5R-inWHCVyg2yFeP5WI\">AICI<\/a>.<\/p>\n\n\n\n<p><\/p>\n\n\n\n<p><strong>CITE\u015eTE \u015eI:<\/strong><\/p>\n\n\n\n<figure class=\"wp-block-embed is-type-wp-embed is-provider-buletin-de-bucure-ti wp-block-embed-buletin-de-bucure-ti\"><div class=\"wp-block-embed__wrapper\">\n<blockquote class=\"wp-embedded-content\" data-secret=\"VasrHGf32q\"><a href=\"https:\/\/buletin.de\/bucuresti\/sector-6-programul-complet-al-festivalului-florilor-organizat-in-parcul-drumul-taberei\/\">Sector 6 | Programul complet al \u201eFestivalului Florilor\u201d, organizat \u00een parcul Drumul Taberei<\/a><\/blockquote><iframe class=\"wp-embedded-content\" sandbox=\"allow-scripts\" security=\"restricted\" style=\"position: absolute; clip: rect(1px, 1px, 1px, 1px);\" title=\"&#8220;Sector 6 | Programul complet al \u201eFestivalului Florilor\u201d, organizat \u00een parcul Drumul Taberei&#8221; &#8212; Buletin de Bucure\u0219ti\" src=\"https:\/\/buletin.de\/bucuresti\/sector-6-programul-complet-al-festivalului-florilor-organizat-in-parcul-drumul-taberei\/embed\/#?secret=y5AQgXtkUJ#?secret=VasrHGf32q\" data-secret=\"VasrHGf32q\" width=\"600\" height=\"338\" frameborder=\"0\" marginwidth=\"0\" marginheight=\"0\" scrolling=\"no\"><\/iframe>\n<\/div><\/figure>\n","protected":false},"excerpt":{"rendered":"<p>Ast\u0103zi are loc ceremonia de deschidere a SpaceFEST 2024. Evenimentul are loc \u00eentre orele 10:00 \u0219i 12:00, \u00een Aula Magna a Politehnicii Bucure\u0219ti. SpaceFEST 2024 se va desf\u0103\u0219ura \u00een perioada 31 mai\u20112 iunie \u0219i este cel mai mare eveniment dedicat spa\u021biului cosmic, care se organizeaz\u0103 \u00een Rom\u00e2nia. Invita\u021bi speciali, la deschidere, vor fi: De asemenea, [&hellip;]<\/p>\n","protected":false},"author":49,"featured_media":86974,"comment_status":"closed","ping_status":"open","sticky":false,"template":"","format":"standard","meta":{"_acf_changed":false,"inline_featured_image":false,"ngg_post_thumbnail":0,"footnotes":""},"categories":[6994,62],"tags":[6412,1489,12363],"ppma_author":[22574],"class_list":["post-86973","post","type-post","status-publish","format-standard","has-post-thumbnail","hentry","category-stiri-2","category-stiri","tag-palatul-parlamentului","tag-politehnica-bucuresti","tag-spacefest-2024"],"acf":[],"yoast_head":"<!-- This site is optimized with the Yoast SEO Premium plugin v25.3 (Yoast SEO v27.5) - https:\/\/yoast.com\/product\/yoast-seo-premium-wordpress\/ -->\n<title>\u201eAventur\u0103 \u00een spa\u021biu\u201d la Politehnica Bucure\u0219ti. \u00cencepe SpaceFEST 2024 - Buletin de Bucure\u0219ti<\/title>\n<meta name=\"robots\" content=\"index, follow, max-snippet:-1, max-image-preview:large, max-video-preview:-1\" \/>\n<link rel=\"canonical\" href=\"https:\/\/buletin.de\/bucuresti\/aventura-in-spatiu-la-politehnica-bucuresti-incepe-spacefest-2024\/\" \/>\n<meta property=\"og:locale\" content=\"en_GB\" \/>\n<meta property=\"og:type\" content=\"article\" \/>\n<meta property=\"og:title\" content=\"\u201eAventur\u0103 \u00een spa\u021biu\u201d la Politehnica Bucure\u0219ti. \u00cencepe SpaceFEST 2024\" \/>\n<meta property=\"og:description\" content=\"Ast\u0103zi are loc ceremonia de deschidere a SpaceFEST 2024. Evenimentul are loc \u00eentre orele 10:00 \u0219i 12:00, \u00een Aula Magna a Politehnicii Bucure\u0219ti. SpaceFEST 2024 se va desf\u0103\u0219ura \u00een perioada 31 mai\u20112 iunie \u0219i este cel mai mare eveniment dedicat spa\u021biului cosmic, care se organizeaz\u0103 \u00een Rom\u00e2nia. Invita\u021bi speciali, la deschidere, vor fi: De asemenea, [&hellip;]\" \/>\n<meta property=\"og:url\" content=\"https:\/\/buletin.de\/bucuresti\/aventura-in-spatiu-la-politehnica-bucuresti-incepe-spacefest-2024\/\" \/>\n<meta property=\"og:site_name\" content=\"Buletin de Bucure\u0219ti\" \/>\n<meta property=\"article:publisher\" content=\"https:\/\/www.facebook.com\/buletin.de.buc\" \/>\n<meta property=\"article:published_time\" content=\"2024-05-31T03:00:00+00:00\" \/>\n<meta property=\"og:image\" content=\"https:\/\/buletin.de\/bucuresti\/wp-content\/uploads\/space.jpg\" \/>\n\t<meta property=\"og:image:width\" content=\"1536\" \/>\n\t<meta property=\"og:image:height\" content=\"1024\" \/>\n\t<meta property=\"og:image:type\" content=\"image\/jpeg\" \/>\n<meta name=\"author\" content=\"Diana Matei\" \/>\n<meta name=\"twitter:card\" content=\"summary_large_image\" \/>\n<meta name=\"twitter:label1\" content=\"Written by\" \/>\n\t<meta name=\"twitter:data1\" content=\"Diana Matei\" \/>\n\t<meta name=\"twitter:label2\" content=\"Estimated reading time\" \/>\n\t<meta name=\"twitter:data2\" content=\"2 minutes\" \/>\n<script type=\"application\/ld+json\" class=\"yoast-schema-graph\">{\"@context\":\"https:\\\/\\\/schema.org\",\"@graph\":[{\"@type\":\"Article\",\"@id\":\"https:\\\/\\\/buletin.de\\\/bucuresti\\\/aventura-in-spatiu-la-politehnica-bucuresti-incepe-spacefest-2024\\\/#article\",\"isPartOf\":{\"@id\":\"https:\\\/\\\/buletin.de\\\/bucuresti\\\/aventura-in-spatiu-la-politehnica-bucuresti-incepe-spacefest-2024\\\/\"},\"author\":{\"name\":\"Diana Matei\",\"@id\":\"https:\\\/\\\/buletin.de\\\/bucuresti\\\/#\\\/schema\\\/person\\\/7e46040573290777280a0835d81ea4ea\"},\"headline\":\"\u201eAventur\u0103 \u00een spa\u021biu\u201d la Politehnica Bucure\u0219ti. \u00cencepe SpaceFEST 2024\",\"datePublished\":\"2024-05-31T03:00:00+00:00\",\"mainEntityOfPage\":{\"@id\":\"https:\\\/\\\/buletin.de\\\/bucuresti\\\/aventura-in-spatiu-la-politehnica-bucuresti-incepe-spacefest-2024\\\/\"},\"wordCount\":362,\"publisher\":{\"@id\":\"https:\\\/\\\/buletin.de\\\/bucuresti\\\/#organization\"},\"image\":{\"@id\":\"https:\\\/\\\/buletin.de\\\/bucuresti\\\/aventura-in-spatiu-la-politehnica-bucuresti-incepe-spacefest-2024\\\/#primaryimage\"},\"thumbnailUrl\":\"https:\\\/\\\/buletin.de\\\/bucuresti\\\/wp-content\\\/uploads\\\/space.jpg\",\"keywords\":[\"palatul parlamentului\",\"politehnica bucuresti\",\"SpaceFEST 2024\"],\"articleSection\":[\"Articole\",\"\u0218tiri\"],\"inLanguage\":\"en-GB\",\"copyrightYear\":\"2024\",\"copyrightHolder\":{\"@id\":\"https:\\\/\\\/buletin.de\\\/bucuresti\\\/#organization\"}},{\"@type\":\"WebPage\",\"@id\":\"https:\\\/\\\/buletin.de\\\/bucuresti\\\/aventura-in-spatiu-la-politehnica-bucuresti-incepe-spacefest-2024\\\/\",\"url\":\"https:\\\/\\\/buletin.de\\\/bucuresti\\\/aventura-in-spatiu-la-politehnica-bucuresti-incepe-spacefest-2024\\\/\",\"name\":\"\u201eAventur\u0103 \u00een spa\u021biu\u201d la Politehnica Bucure\u0219ti. \u00cencepe SpaceFEST 2024 - Buletin de Bucure\u0219ti\",\"isPartOf\":{\"@id\":\"https:\\\/\\\/buletin.de\\\/bucuresti\\\/#website\"},\"primaryImageOfPage\":{\"@id\":\"https:\\\/\\\/buletin.de\\\/bucuresti\\\/aventura-in-spatiu-la-politehnica-bucuresti-incepe-spacefest-2024\\\/#primaryimage\"},\"image\":{\"@id\":\"https:\\\/\\\/buletin.de\\\/bucuresti\\\/aventura-in-spatiu-la-politehnica-bucuresti-incepe-spacefest-2024\\\/#primaryimage\"},\"thumbnailUrl\":\"https:\\\/\\\/buletin.de\\\/bucuresti\\\/wp-content\\\/uploads\\\/space.jpg\",\"datePublished\":\"2024-05-31T03:00:00+00:00\",\"breadcrumb\":{\"@id\":\"https:\\\/\\\/buletin.de\\\/bucuresti\\\/aventura-in-spatiu-la-politehnica-bucuresti-incepe-spacefest-2024\\\/#breadcrumb\"},\"inLanguage\":\"en-GB\",\"potentialAction\":[{\"@type\":\"ReadAction\",\"target\":[\"https:\\\/\\\/buletin.de\\\/bucuresti\\\/aventura-in-spatiu-la-politehnica-bucuresti-incepe-spacefest-2024\\\/\"]}]},{\"@type\":\"ImageObject\",\"inLanguage\":\"en-GB\",\"@id\":\"https:\\\/\\\/buletin.de\\\/bucuresti\\\/aventura-in-spatiu-la-politehnica-bucuresti-incepe-spacefest-2024\\\/#primaryimage\",\"url\":\"https:\\\/\\\/buletin.de\\\/bucuresti\\\/wp-content\\\/uploads\\\/space.jpg\",\"contentUrl\":\"https:\\\/\\\/buletin.de\\\/bucuresti\\\/wp-content\\\/uploads\\\/space.jpg\",\"width\":1536,\"height\":1024,\"caption\":\"FOTO: spacefest.upb.ro\"},{\"@type\":\"BreadcrumbList\",\"@id\":\"https:\\\/\\\/buletin.de\\\/bucuresti\\\/aventura-in-spatiu-la-politehnica-bucuresti-incepe-spacefest-2024\\\/#breadcrumb\",\"itemListElement\":[{\"@type\":\"ListItem\",\"position\":1,\"name\":\"Acas\u0103\",\"item\":\"https:\\\/\\\/buletin.de\\\/bucuresti\\\/\"},{\"@type\":\"ListItem\",\"position\":2,\"name\":\"\u201eAventur\u0103 \u00een spa\u021biu\u201d la Politehnica Bucure\u0219ti. \u00cencepe SpaceFEST 2024\"}]},{\"@type\":\"WebSite\",\"@id\":\"https:\\\/\\\/buletin.de\\\/bucuresti\\\/#website\",\"url\":\"https:\\\/\\\/buletin.de\\\/bucuresti\\\/\",\"name\":\"Buletin de Bucure\u0219ti\",\"description\":\"\u0218tiri \u0219i investiga\u021bii esen\u021biale din capital\u0103\",\"publisher\":{\"@id\":\"https:\\\/\\\/buletin.de\\\/bucuresti\\\/#organization\"},\"potentialAction\":[{\"@type\":\"SearchAction\",\"target\":{\"@type\":\"EntryPoint\",\"urlTemplate\":\"https:\\\/\\\/buletin.de\\\/bucuresti\\\/?s={search_term_string}\"},\"query-input\":{\"@type\":\"PropertyValueSpecification\",\"valueRequired\":true,\"valueName\":\"search_term_string\"}}],\"inLanguage\":\"en-GB\"},{\"@type\":\"Organization\",\"@id\":\"https:\\\/\\\/buletin.de\\\/bucuresti\\\/#organization\",\"name\":\"Buletin de Bucure\u0219ti\",\"url\":\"https:\\\/\\\/buletin.de\\\/bucuresti\\\/\",\"logo\":{\"@type\":\"ImageObject\",\"inLanguage\":\"en-GB\",\"@id\":\"https:\\\/\\\/buletin.de\\\/bucuresti\\\/#\\\/schema\\\/logo\\\/image\\\/\",\"url\":\"https:\\\/\\\/buletin.de\\\/bucuresti\\\/wp-content\\\/uploads\\\/logo-bdb-full-wide-vernil-transparent.png\",\"contentUrl\":\"https:\\\/\\\/buletin.de\\\/bucuresti\\\/wp-content\\\/uploads\\\/logo-bdb-full-wide-vernil-transparent.png\",\"width\":1782,\"height\":626,\"caption\":\"Buletin de Bucure\u0219ti\"},\"image\":{\"@id\":\"https:\\\/\\\/buletin.de\\\/bucuresti\\\/#\\\/schema\\\/logo\\\/image\\\/\"},\"sameAs\":[\"https:\\\/\\\/www.facebook.com\\\/buletin.de.buc\",\"https:\\\/\\\/www.instagram.com\\\/buletinde.bucuresti\\\/\"]},{\"@type\":\"Person\",\"@id\":\"https:\\\/\\\/buletin.de\\\/bucuresti\\\/#\\\/schema\\\/person\\\/7e46040573290777280a0835d81ea4ea\",\"name\":\"Diana Matei\",\"image\":{\"@type\":\"ImageObject\",\"inLanguage\":\"en-GB\",\"@id\":\"https:\\\/\\\/buletin.de\\\/bucuresti\\\/wp-content\\\/uploads\\\/9-2-96x96.jpg1e8590b30871d70e62ebcdaf2eff570c\",\"url\":\"https:\\\/\\\/buletin.de\\\/bucuresti\\\/wp-content\\\/uploads\\\/9-2-96x96.jpg\",\"contentUrl\":\"https:\\\/\\\/buletin.de\\\/bucuresti\\\/wp-content\\\/uploads\\\/9-2-96x96.jpg\",\"caption\":\"Diana Matei\"},\"url\":\"https:\\\/\\\/buletin.de\\\/bucuresti\\\/author\\\/dianamatei\\\/\"}]}<\/script>\n<!-- \/ Yoast SEO Premium plugin. -->","yoast_head_json":{"title":"\u201eAventur\u0103 \u00een spa\u021biu\u201d la Politehnica Bucure\u0219ti. \u00cencepe SpaceFEST 2024 - Buletin de Bucure\u0219ti","robots":{"index":"index","follow":"follow","max-snippet":"max-snippet:-1","max-image-preview":"max-image-preview:large","max-video-preview":"max-video-preview:-1"},"canonical":"https:\/\/buletin.de\/bucuresti\/aventura-in-spatiu-la-politehnica-bucuresti-incepe-spacefest-2024\/","og_locale":"en_GB","og_type":"article","og_title":"\u201eAventur\u0103 \u00een spa\u021biu\u201d la Politehnica Bucure\u0219ti. \u00cencepe SpaceFEST 2024","og_description":"Ast\u0103zi are loc ceremonia de deschidere a SpaceFEST 2024. Evenimentul are loc \u00eentre orele 10:00 \u0219i 12:00, \u00een Aula Magna a Politehnicii Bucure\u0219ti. SpaceFEST 2024 se va desf\u0103\u0219ura \u00een perioada 31 mai\u20112 iunie \u0219i este cel mai mare eveniment dedicat spa\u021biului cosmic, care se organizeaz\u0103 \u00een Rom\u00e2nia. Invita\u021bi speciali, la deschidere, vor fi: De asemenea, [&hellip;]","og_url":"https:\/\/buletin.de\/bucuresti\/aventura-in-spatiu-la-politehnica-bucuresti-incepe-spacefest-2024\/","og_site_name":"Buletin de Bucure\u0219ti","article_publisher":"https:\/\/www.facebook.com\/buletin.de.buc","article_published_time":"2024-05-31T03:00:00+00:00","og_image":[{"width":1536,"height":1024,"url":"https:\/\/buletin.de\/bucuresti\/wp-content\/uploads\/space.jpg","type":"image\/jpeg"}],"author":"Diana Matei","twitter_card":"summary_large_image","twitter_misc":{"Written by":"Diana Matei","Estimated reading time":"2 minutes"},"schema":{"@context":"https:\/\/schema.org","@graph":[{"@type":"Article","@id":"https:\/\/buletin.de\/bucuresti\/aventura-in-spatiu-la-politehnica-bucuresti-incepe-spacefest-2024\/#article","isPartOf":{"@id":"https:\/\/buletin.de\/bucuresti\/aventura-in-spatiu-la-politehnica-bucuresti-incepe-spacefest-2024\/"},"author":{"name":"Diana Matei","@id":"https:\/\/buletin.de\/bucuresti\/#\/schema\/person\/7e46040573290777280a0835d81ea4ea"},"headline":"\u201eAventur\u0103 \u00een spa\u021biu\u201d la Politehnica Bucure\u0219ti. \u00cencepe SpaceFEST 2024","datePublished":"2024-05-31T03:00:00+00:00","mainEntityOfPage":{"@id":"https:\/\/buletin.de\/bucuresti\/aventura-in-spatiu-la-politehnica-bucuresti-incepe-spacefest-2024\/"},"wordCount":362,"publisher":{"@id":"https:\/\/buletin.de\/bucuresti\/#organization"},"image":{"@id":"https:\/\/buletin.de\/bucuresti\/aventura-in-spatiu-la-politehnica-bucuresti-incepe-spacefest-2024\/#primaryimage"},"thumbnailUrl":"https:\/\/buletin.de\/bucuresti\/wp-content\/uploads\/space.jpg","keywords":["palatul parlamentului","politehnica bucuresti","SpaceFEST 2024"],"articleSection":["Articole","\u0218tiri"],"inLanguage":"en-GB","copyrightYear":"2024","copyrightHolder":{"@id":"https:\/\/buletin.de\/bucuresti\/#organization"}},{"@type":"WebPage","@id":"https:\/\/buletin.de\/bucuresti\/aventura-in-spatiu-la-politehnica-bucuresti-incepe-spacefest-2024\/","url":"https:\/\/buletin.de\/bucuresti\/aventura-in-spatiu-la-politehnica-bucuresti-incepe-spacefest-2024\/","name":"\u201eAventur\u0103 \u00een spa\u021biu\u201d la Politehnica Bucure\u0219ti. \u00cencepe SpaceFEST 2024 - Buletin de Bucure\u0219ti","isPartOf":{"@id":"https:\/\/buletin.de\/bucuresti\/#website"},"primaryImageOfPage":{"@id":"https:\/\/buletin.de\/bucuresti\/aventura-in-spatiu-la-politehnica-bucuresti-incepe-spacefest-2024\/#primaryimage"},"image":{"@id":"https:\/\/buletin.de\/bucuresti\/aventura-in-spatiu-la-politehnica-bucuresti-incepe-spacefest-2024\/#primaryimage"},"thumbnailUrl":"https:\/\/buletin.de\/bucuresti\/wp-content\/uploads\/space.jpg","datePublished":"2024-05-31T03:00:00+00:00","breadcrumb":{"@id":"https:\/\/buletin.de\/bucuresti\/aventura-in-spatiu-la-politehnica-bucuresti-incepe-spacefest-2024\/#breadcrumb"},"inLanguage":"en-GB","potentialAction":[{"@type":"ReadAction","target":["https:\/\/buletin.de\/bucuresti\/aventura-in-spatiu-la-politehnica-bucuresti-incepe-spacefest-2024\/"]}]},{"@type":"ImageObject","inLanguage":"en-GB","@id":"https:\/\/buletin.de\/bucuresti\/aventura-in-spatiu-la-politehnica-bucuresti-incepe-spacefest-2024\/#primaryimage","url":"https:\/\/buletin.de\/bucuresti\/wp-content\/uploads\/space.jpg","contentUrl":"https:\/\/buletin.de\/bucuresti\/wp-content\/uploads\/space.jpg","width":1536,"height":1024,"caption":"FOTO: spacefest.upb.ro"},{"@type":"BreadcrumbList","@id":"https:\/\/buletin.de\/bucuresti\/aventura-in-spatiu-la-politehnica-bucuresti-incepe-spacefest-2024\/#breadcrumb","itemListElement":[{"@type":"ListItem","position":1,"name":"Acas\u0103","item":"https:\/\/buletin.de\/bucuresti\/"},{"@type":"ListItem","position":2,"name":"\u201eAventur\u0103 \u00een spa\u021biu\u201d la Politehnica Bucure\u0219ti. \u00cencepe SpaceFEST 2024"}]},{"@type":"WebSite","@id":"https:\/\/buletin.de\/bucuresti\/#website","url":"https:\/\/buletin.de\/bucuresti\/","name":"Buletin de Bucure\u0219ti","description":"\u0218tiri \u0219i investiga\u021bii esen\u021biale din capital\u0103","publisher":{"@id":"https:\/\/buletin.de\/bucuresti\/#organization"},"potentialAction":[{"@type":"SearchAction","target":{"@type":"EntryPoint","urlTemplate":"https:\/\/buletin.de\/bucuresti\/?s={search_term_string}"},"query-input":{"@type":"PropertyValueSpecification","valueRequired":true,"valueName":"search_term_string"}}],"inLanguage":"en-GB"},{"@type":"Organization","@id":"https:\/\/buletin.de\/bucuresti\/#organization","name":"Buletin de Bucure\u0219ti","url":"https:\/\/buletin.de\/bucuresti\/","logo":{"@type":"ImageObject","inLanguage":"en-GB","@id":"https:\/\/buletin.de\/bucuresti\/#\/schema\/logo\/image\/","url":"https:\/\/buletin.de\/bucuresti\/wp-content\/uploads\/logo-bdb-full-wide-vernil-transparent.png","contentUrl":"https:\/\/buletin.de\/bucuresti\/wp-content\/uploads\/logo-bdb-full-wide-vernil-transparent.png","width":1782,"height":626,"caption":"Buletin de Bucure\u0219ti"},"image":{"@id":"https:\/\/buletin.de\/bucuresti\/#\/schema\/logo\/image\/"},"sameAs":["https:\/\/www.facebook.com\/buletin.de.buc","https:\/\/www.instagram.com\/buletinde.bucuresti\/"]},{"@type":"Person","@id":"https:\/\/buletin.de\/bucuresti\/#\/schema\/person\/7e46040573290777280a0835d81ea4ea","name":"Diana Matei","image":{"@type":"ImageObject","inLanguage":"en-GB","@id":"https:\/\/buletin.de\/bucuresti\/wp-content\/uploads\/9-2-96x96.jpg1e8590b30871d70e62ebcdaf2eff570c","url":"https:\/\/buletin.de\/bucuresti\/wp-content\/uploads\/9-2-96x96.jpg","contentUrl":"https:\/\/buletin.de\/bucuresti\/wp-content\/uploads\/9-2-96x96.jpg","caption":"Diana Matei"},"url":"https:\/\/buletin.de\/bucuresti\/author\/dianamatei\/"}]}},"authors":[{"term_id":22574,"user_id":49,"is_guest":0,"slug":"dianamatei","display_name":"Diana Matei","avatar_url":"https:\/\/buletin.de\/bucuresti\/wp-content\/uploads\/9-2-96x96.jpg","0":null,"1":"","2":"","3":"","4":"","5":"","6":"","7":"","8":""}],"_links":{"self":[{"href":"https:\/\/buletin.de\/bucuresti\/wp-json\/wp\/v2\/posts\/86973","targetHints":{"allow":["GET"]}}],"collection":[{"href":"https:\/\/buletin.de\/bucuresti\/wp-json\/wp\/v2\/posts"}],"about":[{"href":"https:\/\/buletin.de\/bucuresti\/wp-json\/wp\/v2\/types\/post"}],"author":[{"embeddable":true,"href":"https:\/\/buletin.de\/bucuresti\/wp-json\/wp\/v2\/users\/49"}],"replies":[{"embeddable":true,"href":"https:\/\/buletin.de\/bucuresti\/wp-json\/wp\/v2\/comments?post=86973"}],"version-history":[{"count":3,"href":"https:\/\/buletin.de\/bucuresti\/wp-json\/wp\/v2\/posts\/86973\/revisions"}],"predecessor-version":[{"id":87000,"href":"https:\/\/buletin.de\/bucuresti\/wp-json\/wp\/v2\/posts\/86973\/revisions\/87000"}],"wp:featuredmedia":[{"embeddable":true,"href":"https:\/\/buletin.de\/bucuresti\/wp-json\/wp\/v2\/media\/86974"}],"wp:attachment":[{"href":"https:\/\/buletin.de\/bucuresti\/wp-json\/wp\/v2\/media?parent=86973"}],"wp:term":[{"taxonomy":"category","embeddable":true,"href":"https:\/\/buletin.de\/bucuresti\/wp-json\/wp\/v2\/categories?post=86973"},{"taxonomy":"post_tag","embeddable":true,"href":"https:\/\/buletin.de\/bucuresti\/wp-json\/wp\/v2\/tags?post=86973"},{"taxonomy":"author","embeddable":true,"href":"https:\/\/buletin.de\/bucuresti\/wp-json\/wp\/v2\/ppma_author?post=86973"}],"curies":[{"name":"wp","href":"https:\/\/api.w.org\/{rel}","templated":true}]}}