{"id":86936,"date":"2024-05-30T17:23:50","date_gmt":"2024-05-30T14:23:50","guid":{"rendered":"https:\/\/buletin.de\/bucuresti\/?p=86936"},"modified":"2024-05-30T17:23:50","modified_gmt":"2024-05-30T14:23:50","slug":"sincopele-din-trecutul-candidatului-aur-la-sectorul-4-doua-firme-de-avocatura-au-semnalat-greseli-in-cv-ul-sau","status":"publish","type":"post","link":"https:\/\/buletin.de\/bucuresti\/sincopele-din-trecutul-candidatului-aur-la-sectorul-4-doua-firme-de-avocatura-au-semnalat-greseli-in-cv-ul-sau\/","title":{"rendered":"Sincopele din trecutul candidatului AUR la Sectorul 4. Dou\u0103 firme de avocatur\u0103 au semnalat gre\u015feli \u00een CV-ul s\u0103u"},"content":{"rendered":"\n<p><strong>Candidatul AUR la Prim\u0103ria Sectorului 4, Matei \u0218tef\u0103nescu, \u0219i-a revizuit CV-ul \u00een urma radiografiei candida\u021bilor realizat\u0103 din surse publice \u015fi publicat\u0103 miercuri de Buletin de Bucure\u0219ti. Acesta a avut mai multe gre\u0219eli \u00een privin\u021ba locurilor de munc\u0103, semnalate de dou\u0103 firme la care a lucrat \u00een urma mediatiz\u0103rii profilului s\u0103u<\/strong>.<\/p>\n\n\n\n<p>Matei \u0218tef\u0103nescu \u0219i-a depus candidatura \u00een cursa pentru scaunul de primar al Sectorului 4 \u00een aprilie.&nbsp;<\/p>\n\n\n\n<p>Buletin de Bucure\u0219ti a documentat fiecare candidat \u00een parte \u0219i le-a f\u0103cut o carte de vizit\u0103 \u00eentr-un articol serial: <a href=\"https:\/\/buletin.de\/bucuresti\/cine-sunt-si-ce-avere-au-candidatii-la-primariile-capitalei-lista-pentru-sectorul-4\/\">Cine sunt \u0219i ce avere au candida\u021bii la prim\u0103riile Capitalei | Lista pentru Sectorul 4.&nbsp;<\/a><\/p>\n\n\n\n<p>Ulterior public\u0103rii articolului, firma de avocatur\u0103 \u0162uca Zb\u00e2rcea &amp; Asocia\u021bii a transmis c\u0103 Matei \u0218tef\u0103nescu a \u00eencetat colaborarea cu ei \u00een iulie 2018. Reprezentan\u021bii au mai punctat c\u0103 politicianul nu a fost asociat al firmei, ci doar colaborator.&nbsp;<\/p>\n\n\n\n<p>\u201eRaporturile de colaborare \u00eentre SCA \u021auca Zb\u00e2rcea &amp; Asocia\u021bii \u0219i dl. Matei \u0218tef\u0103nescu au \u00eencetat la data de 31 iulie 2018. A\u0219adar, \u00een prezent dl. Matei \u0218tef\u0103nescu nu face parte din echipa firmei noastre de avocatur\u0103 \u0219i, \u00een orice caz, nu a fost niciodat\u0103 \u201eAsociat\u201d \u00een cadrul SCA \u021auca Zb\u00e2rcea &amp; Asocia\u021bii, ci \u201eAvocat colaborator\u201d.<\/p>\n\n\n\n<p>La c\u00e2teva ore dup\u0103 sesizare, un al doilea fost angajator a \u021binut s\u0103 semnaleze o gre\u0219eal\u0103 asem\u0103n\u0103toare. Firma de avoca\u021bi Reff \u0219i Asocia\u021bii, membr\u0103 a re\u021belei Deloitte Legal, a transmis c\u0103 politicianul AUR nu mai este angajat acolo din ianuarie 2020.&nbsp;<\/p>\n\n\n\n<p>\u201eInforma\u021bia este eronat\u0103. Matei \u0218tef\u0103nescu nu mai este angajat al Reff \u0219i Asocia\u021bii din 01.01.2020\u201d, au comunicat ace\u0219tia printr-un mail c\u0103tre redac\u021bie.<\/p>\n\n\n\n<p>Contactat de Buletin de Bucure\u0219ti, candidatul \u0218tef\u0103nescu sus\u021bine c\u0103 a uitat s\u0103 actualizeze perioadele \u00een care a lucrat la \u021auca Zb\u00e2rcea \u0219i Asocia\u021bii, \u0219i a confirmat c\u0103, de fapt, colaborarea cu ei a \u00eencetat \u00een 2018. La fel \u0219i \u00een cazul perioadei \u00een care a lucrat la Reff \u0219i Asocia\u021bii, candidatul recunoa\u0219te c\u0103 nu mai este angajat nici acolo din 2020. Ini\u021bial, pe pagina acestuia de Facebook figura c\u0103 el activeaz\u0103, \u0219i \u00een prezent, la ambele firme.<\/p>\n\n\n\n<p>Prima cas\u0103 de avocatur\u0103 care a semnalat gre\u0219eala mai precizeaz\u0103 c\u0103 Matei \u0218tef\u0103nescu nu a fost niciodat\u0103 asociat firmei \u0219i doar c\u0103 a colaborat cu ace\u0219tia. Confruntat cu aceste declara\u021bii, candidatul a sus\u021binu c\u0103 termenul \u201eAssociate\u201d din limba englez\u0103 nu se traduce drept \u201ePartener\u201d sau \u201eAvocat asociat\u201d, cum este \u00een rom\u00e2n\u0103, ci termenul reprezint\u0103 doar primul nivel dup\u0103 cel al stagiaturii.&nbsp;<\/p>\n\n\n\n<p>La scurt timp dup\u0103 convorbirea telefonic\u0103 cu Matei \u0218tef\u0103nescu, acesta a trimis un CV actualizat \u0219i a modificat perioadele de lucru cu firmele \u00een caseta \u201eServiciu \u0219i studii\u201d a profilului de Facebook, dup\u0103 cum se arat\u0103 \u00een captura de ecran trimis\u0103 direct de la candidat. <\/p>\n\n\n\n<figure class=\"wp-block-image size-large\"><a href=\"https:\/\/buletin.de\/bucuresti\/wp-content\/uploads\/WhatsApp-Image-2024-05-30-at-13.15.47.jpeg\"><img fetchpriority=\"high\" decoding=\"async\" width=\"415\" height=\"900\" src=\"data:image\/gif;base64,R0lGODlhAQABAAAAACH5BAEKAAEALAAAAAABAAEAAAICTAEAOw==\" data-src=\"https:\/\/buletin.de\/bucuresti\/wp-content\/uploads\/WhatsApp-Image-2024-05-30-at-13.15.47-415x900.jpeg\" alt=\"\" class=\"wp-image-86937 lazyload\" data-sizes=\"auto\" data-srcset=\"https:\/\/buletin.de\/bucuresti\/wp-content\/uploads\/WhatsApp-Image-2024-05-30-at-13.15.47-415x900.jpeg 415w, https:\/\/buletin.de\/bucuresti\/wp-content\/uploads\/WhatsApp-Image-2024-05-30-at-13.15.47-138x300.jpeg 138w, https:\/\/buletin.de\/bucuresti\/wp-content\/uploads\/WhatsApp-Image-2024-05-30-at-13.15.47-768x1664.jpeg 768w, https:\/\/buletin.de\/bucuresti\/wp-content\/uploads\/WhatsApp-Image-2024-05-30-at-13.15.47-709x1536.jpeg 709w, https:\/\/buletin.de\/bucuresti\/wp-content\/uploads\/WhatsApp-Image-2024-05-30-at-13.15.47-600x1300.jpeg 600w, https:\/\/buletin.de\/bucuresti\/wp-content\/uploads\/WhatsApp-Image-2024-05-30-at-13.15.47-20x43.jpeg 20w, https:\/\/buletin.de\/bucuresti\/wp-content\/uploads\/WhatsApp-Image-2024-05-30-at-13.15.47.jpeg 945w\" sizes=\"(max-width: 415px) 100vw, 415px\" \/><\/a><\/figure>\n\n\n\n<p><strong>CITE\u015eTE \u015eI:<\/strong><\/p>\n\n\n\n<p><blockquote class=\"wp-embedded-content\" data-secret=\"stSMmnQUhG\"><a href=\"https:\/\/buletin.de\/bucuresti\/cine-sunt-si-ce-avere-au-candidatii-la-primariile-capitalei-lista-pentru-sectorul-1\/\">Cine sunt \u0219i ce avere au candida\u021bii la prim\u0103riile Capitalei | Lista pentru Sectorul 1<\/a><\/blockquote><iframe class=\"wp-embedded-content\" sandbox=\"allow-scripts\" security=\"restricted\" style=\"position: absolute; clip: rect(1px, 1px, 1px, 1px);\" title=\"&#8220;Cine sunt \u0219i ce avere au candida\u021bii la prim\u0103riile Capitalei | Lista pentru Sectorul 1&#8221; &#8212; Buletin de Bucure\u0219ti\" src=\"https:\/\/buletin.de\/bucuresti\/cine-sunt-si-ce-avere-au-candidatii-la-primariile-capitalei-lista-pentru-sectorul-1\/embed\/#?secret=ztBme0ERuY#?secret=stSMmnQUhG\" data-secret=\"stSMmnQUhG\" width=\"600\" height=\"338\" frameborder=\"0\" marginwidth=\"0\" marginheight=\"0\" scrolling=\"no\"><\/iframe> <\/p>\n\n\n\n<p><blockquote class=\"wp-embedded-content\" data-secret=\"BHPWVdKkvo\"><a href=\"https:\/\/buletin.de\/bucuresti\/cine-sunt-si-ce-avere-au-candidatii-la-primariile-capitalei-lista-pentru-sectorul-2\/\">Cine sunt \u0219i ce avere au candida\u021bii la prim\u0103riile Capitalei | Lista pentru Sectorul 2<\/a><\/blockquote><iframe class=\"wp-embedded-content\" sandbox=\"allow-scripts\" security=\"restricted\" style=\"position: absolute; clip: rect(1px, 1px, 1px, 1px);\" title=\"&#8220;Cine sunt \u0219i ce avere au candida\u021bii la prim\u0103riile Capitalei | Lista pentru Sectorul 2&#8221; &#8212; Buletin de Bucure\u0219ti\" src=\"https:\/\/buletin.de\/bucuresti\/cine-sunt-si-ce-avere-au-candidatii-la-primariile-capitalei-lista-pentru-sectorul-2\/embed\/#?secret=V2vDNDy5i5#?secret=BHPWVdKkvo\" data-secret=\"BHPWVdKkvo\" width=\"600\" height=\"338\" frameborder=\"0\" marginwidth=\"0\" marginheight=\"0\" scrolling=\"no\"><\/iframe> <\/p>\n\n\n\n<p><blockquote class=\"wp-embedded-content\" data-secret=\"j9JTjU1UhZ\"><a href=\"https:\/\/buletin.de\/bucuresti\/cine-sunt-si-ce-avere-au-candidatii-la-primariile-capitalei-lista-pentru-sectorul-3\/\">Cine sunt \u0219i ce avere au candida\u021bii la prim\u0103riile Capitalei | Lista pentru Sectorul 3<\/a><\/blockquote><iframe class=\"wp-embedded-content\" sandbox=\"allow-scripts\" security=\"restricted\" style=\"position: absolute; clip: rect(1px, 1px, 1px, 1px);\" title=\"&#8220;Cine sunt \u0219i ce avere au candida\u021bii la prim\u0103riile Capitalei | Lista pentru Sectorul 3&#8221; &#8212; Buletin de Bucure\u0219ti\" src=\"https:\/\/buletin.de\/bucuresti\/cine-sunt-si-ce-avere-au-candidatii-la-primariile-capitalei-lista-pentru-sectorul-3\/embed\/#?secret=mmnBwhn6sa#?secret=j9JTjU1UhZ\" data-secret=\"j9JTjU1UhZ\" width=\"600\" height=\"338\" frameborder=\"0\" marginwidth=\"0\" marginheight=\"0\" scrolling=\"no\"><\/iframe> <\/p>\n\n\n\n<p><blockquote class=\"wp-embedded-content\" data-secret=\"OnQunNv9P2\"><a href=\"https:\/\/buletin.de\/bucuresti\/cine-sunt-si-ce-avere-au-candidatii-la-primariile-capitalei-lista-pentru-sectorul-4\/\">Cine sunt \u0219i ce avere au candida\u021bii la prim\u0103riile Capitalei | Lista pentru Sectorul 4<\/a><\/blockquote><iframe class=\"wp-embedded-content\" sandbox=\"allow-scripts\" security=\"restricted\" style=\"position: absolute; clip: rect(1px, 1px, 1px, 1px);\" title=\"&#8220;Cine sunt \u0219i ce avere au candida\u021bii la prim\u0103riile Capitalei | Lista pentru Sectorul 4&#8221; &#8212; Buletin de Bucure\u0219ti\" src=\"https:\/\/buletin.de\/bucuresti\/cine-sunt-si-ce-avere-au-candidatii-la-primariile-capitalei-lista-pentru-sectorul-4\/embed\/#?secret=eH0IYlT3V6#?secret=OnQunNv9P2\" data-secret=\"OnQunNv9P2\" width=\"600\" height=\"338\" frameborder=\"0\" marginwidth=\"0\" marginheight=\"0\" scrolling=\"no\"><\/iframe> <\/p>\n\n\n\n<p><\/p>\n","protected":false},"excerpt":{"rendered":"<p>Candidatul AUR la Prim\u0103ria Sectorului 4, Matei \u0218tef\u0103nescu, \u0219i-a revizuit CV-ul \u00een urma radiografiei candida\u021bilor realizat\u0103 din surse publice \u015fi publicat\u0103 miercuri de Buletin de Bucure\u0219ti. Acesta a avut mai multe gre\u0219eli \u00een privin\u021ba locurilor de munc\u0103, semnalate de dou\u0103 firme la care a lucrat \u00een urma mediatiz\u0103rii profilului s\u0103u. Matei \u0218tef\u0103nescu \u0219i-a depus candidatura [&hellip;]<\/p>\n","protected":false},"author":58,"featured_media":86940,"comment_status":"closed","ping_status":"open","sticky":false,"template":"","format":"standard","meta":{"_acf_changed":false,"inline_featured_image":false,"ngg_post_thumbnail":0,"footnotes":""},"categories":[6994,5762,9025],"tags":[12360,12359,765],"ppma_author":[22581],"class_list":["post-86936","post","type-post","status-publish","format-standard","has-post-thumbnail","hentry","category-stiri-2","category-main","category-politic","tag-candidati-primaria-sector-4","tag-matei-stefanescu-2","tag-sector-4"],"acf":[],"yoast_head":"<!-- This site is optimized with the Yoast SEO Premium plugin v25.3 (Yoast SEO v27.5) - https:\/\/yoast.com\/product\/yoast-seo-premium-wordpress\/ -->\n<title>Sincopele din trecutul candidatului AUR la Sectorul 4. Dou\u0103 firme de avocatur\u0103 au semnalat gre\u015feli \u00een CV-ul s\u0103u - Buletin de Bucure\u0219ti<\/title>\n<meta name=\"robots\" content=\"index, follow, max-snippet:-1, max-image-preview:large, max-video-preview:-1\" \/>\n<link rel=\"canonical\" href=\"https:\/\/buletin.de\/bucuresti\/sincopele-din-trecutul-candidatului-aur-la-sectorul-4-doua-firme-de-avocatura-au-semnalat-greseli-in-cv-ul-sau\/\" \/>\n<meta property=\"og:locale\" content=\"en_GB\" \/>\n<meta property=\"og:type\" content=\"article\" \/>\n<meta property=\"og:title\" content=\"Sincopele din trecutul candidatului AUR la Sectorul 4. Dou\u0103 firme de avocatur\u0103 au semnalat gre\u015feli \u00een CV-ul s\u0103u\" \/>\n<meta property=\"og:description\" content=\"Candidatul AUR la Prim\u0103ria Sectorului 4, Matei \u0218tef\u0103nescu, \u0219i-a revizuit CV-ul \u00een urma radiografiei candida\u021bilor realizat\u0103 din surse publice \u015fi publicat\u0103 miercuri de Buletin de Bucure\u0219ti. Acesta a avut mai multe gre\u0219eli \u00een privin\u021ba locurilor de munc\u0103, semnalate de dou\u0103 firme la care a lucrat \u00een urma mediatiz\u0103rii profilului s\u0103u. Matei \u0218tef\u0103nescu \u0219i-a depus candidatura [&hellip;]\" \/>\n<meta property=\"og:url\" content=\"https:\/\/buletin.de\/bucuresti\/sincopele-din-trecutul-candidatului-aur-la-sectorul-4-doua-firme-de-avocatura-au-semnalat-greseli-in-cv-ul-sau\/\" \/>\n<meta property=\"og:site_name\" content=\"Buletin de Bucure\u0219ti\" \/>\n<meta property=\"article:publisher\" content=\"https:\/\/www.facebook.com\/buletin.de.buc\" \/>\n<meta property=\"article:published_time\" content=\"2024-05-30T14:23:50+00:00\" \/>\n<meta property=\"og:image\" content=\"https:\/\/buletin.de\/bucuresti\/wp-content\/uploads\/matei-stefanescu-3.jpg\" \/>\n\t<meta property=\"og:image:width\" content=\"1290\" \/>\n\t<meta property=\"og:image:height\" content=\"834\" \/>\n\t<meta property=\"og:image:type\" content=\"image\/jpeg\" \/>\n<meta name=\"author\" content=\"Ana Anghel-Dimache\" \/>\n<meta name=\"twitter:card\" content=\"summary_large_image\" \/>\n<meta name=\"twitter:label1\" content=\"Written by\" \/>\n\t<meta name=\"twitter:data1\" content=\"Ana Anghel-Dimache\" \/>\n\t<meta name=\"twitter:label2\" content=\"Estimated reading time\" \/>\n\t<meta name=\"twitter:data2\" content=\"3 minutes\" \/>\n<script type=\"application\/ld+json\" class=\"yoast-schema-graph\">{\"@context\":\"https:\\\/\\\/schema.org\",\"@graph\":[{\"@type\":\"Article\",\"@id\":\"https:\\\/\\\/buletin.de\\\/bucuresti\\\/sincopele-din-trecutul-candidatului-aur-la-sectorul-4-doua-firme-de-avocatura-au-semnalat-greseli-in-cv-ul-sau\\\/#article\",\"isPartOf\":{\"@id\":\"https:\\\/\\\/buletin.de\\\/bucuresti\\\/sincopele-din-trecutul-candidatului-aur-la-sectorul-4-doua-firme-de-avocatura-au-semnalat-greseli-in-cv-ul-sau\\\/\"},\"author\":{\"name\":\"Ana Anghel-Dimache\",\"@id\":\"https:\\\/\\\/buletin.de\\\/bucuresti\\\/#\\\/schema\\\/person\\\/359459245996e200ed7c807f71f0551a\"},\"headline\":\"Sincopele din trecutul candidatului AUR la Sectorul 4. Dou\u0103 firme de avocatur\u0103 au semnalat gre\u015feli \u00een CV-ul s\u0103u\",\"datePublished\":\"2024-05-30T14:23:50+00:00\",\"mainEntityOfPage\":{\"@id\":\"https:\\\/\\\/buletin.de\\\/bucuresti\\\/sincopele-din-trecutul-candidatului-aur-la-sectorul-4-doua-firme-de-avocatura-au-semnalat-greseli-in-cv-ul-sau\\\/\"},\"wordCount\":528,\"publisher\":{\"@id\":\"https:\\\/\\\/buletin.de\\\/bucuresti\\\/#organization\"},\"image\":{\"@id\":\"https:\\\/\\\/buletin.de\\\/bucuresti\\\/sincopele-din-trecutul-candidatului-aur-la-sectorul-4-doua-firme-de-avocatura-au-semnalat-greseli-in-cv-ul-sau\\\/#primaryimage\"},\"thumbnailUrl\":\"https:\\\/\\\/buletin.de\\\/bucuresti\\\/wp-content\\\/uploads\\\/matei-stefanescu-3.jpg\",\"keywords\":[\"Candida\u021bi Prim\u0103ria Sector 4\",\"Matei \u0218tef\u0103nescu\",\"Sector 4\"],\"articleSection\":[\"Articole\",\"Main\",\"Politic\"],\"inLanguage\":\"en-GB\",\"copyrightYear\":\"2024\",\"copyrightHolder\":{\"@id\":\"https:\\\/\\\/buletin.de\\\/bucuresti\\\/#organization\"}},{\"@type\":\"WebPage\",\"@id\":\"https:\\\/\\\/buletin.de\\\/bucuresti\\\/sincopele-din-trecutul-candidatului-aur-la-sectorul-4-doua-firme-de-avocatura-au-semnalat-greseli-in-cv-ul-sau\\\/\",\"url\":\"https:\\\/\\\/buletin.de\\\/bucuresti\\\/sincopele-din-trecutul-candidatului-aur-la-sectorul-4-doua-firme-de-avocatura-au-semnalat-greseli-in-cv-ul-sau\\\/\",\"name\":\"Sincopele din trecutul candidatului AUR la Sectorul 4. Dou\u0103 firme de avocatur\u0103 au semnalat gre\u015feli \u00een CV-ul s\u0103u - Buletin de Bucure\u0219ti\",\"isPartOf\":{\"@id\":\"https:\\\/\\\/buletin.de\\\/bucuresti\\\/#website\"},\"primaryImageOfPage\":{\"@id\":\"https:\\\/\\\/buletin.de\\\/bucuresti\\\/sincopele-din-trecutul-candidatului-aur-la-sectorul-4-doua-firme-de-avocatura-au-semnalat-greseli-in-cv-ul-sau\\\/#primaryimage\"},\"image\":{\"@id\":\"https:\\\/\\\/buletin.de\\\/bucuresti\\\/sincopele-din-trecutul-candidatului-aur-la-sectorul-4-doua-firme-de-avocatura-au-semnalat-greseli-in-cv-ul-sau\\\/#primaryimage\"},\"thumbnailUrl\":\"https:\\\/\\\/buletin.de\\\/bucuresti\\\/wp-content\\\/uploads\\\/matei-stefanescu-3.jpg\",\"datePublished\":\"2024-05-30T14:23:50+00:00\",\"breadcrumb\":{\"@id\":\"https:\\\/\\\/buletin.de\\\/bucuresti\\\/sincopele-din-trecutul-candidatului-aur-la-sectorul-4-doua-firme-de-avocatura-au-semnalat-greseli-in-cv-ul-sau\\\/#breadcrumb\"},\"inLanguage\":\"en-GB\",\"potentialAction\":[{\"@type\":\"ReadAction\",\"target\":[\"https:\\\/\\\/buletin.de\\\/bucuresti\\\/sincopele-din-trecutul-candidatului-aur-la-sectorul-4-doua-firme-de-avocatura-au-semnalat-greseli-in-cv-ul-sau\\\/\"]}]},{\"@type\":\"ImageObject\",\"inLanguage\":\"en-GB\",\"@id\":\"https:\\\/\\\/buletin.de\\\/bucuresti\\\/sincopele-din-trecutul-candidatului-aur-la-sectorul-4-doua-firme-de-avocatura-au-semnalat-greseli-in-cv-ul-sau\\\/#primaryimage\",\"url\":\"https:\\\/\\\/buletin.de\\\/bucuresti\\\/wp-content\\\/uploads\\\/matei-stefanescu-3.jpg\",\"contentUrl\":\"https:\\\/\\\/buletin.de\\\/bucuresti\\\/wp-content\\\/uploads\\\/matei-stefanescu-3.jpg\",\"width\":1290,\"height\":834,\"caption\":\"Surs\u0103 foto: Facebook \\\/ Matei \u0218tef\u0103nescu\"},{\"@type\":\"BreadcrumbList\",\"@id\":\"https:\\\/\\\/buletin.de\\\/bucuresti\\\/sincopele-din-trecutul-candidatului-aur-la-sectorul-4-doua-firme-de-avocatura-au-semnalat-greseli-in-cv-ul-sau\\\/#breadcrumb\",\"itemListElement\":[{\"@type\":\"ListItem\",\"position\":1,\"name\":\"Acas\u0103\",\"item\":\"https:\\\/\\\/buletin.de\\\/bucuresti\\\/\"},{\"@type\":\"ListItem\",\"position\":2,\"name\":\"Sincopele din trecutul candidatului AUR la Sectorul 4. Dou\u0103 firme de avocatur\u0103 au semnalat gre\u015feli \u00een CV-ul s\u0103u\"}]},{\"@type\":\"WebSite\",\"@id\":\"https:\\\/\\\/buletin.de\\\/bucuresti\\\/#website\",\"url\":\"https:\\\/\\\/buletin.de\\\/bucuresti\\\/\",\"name\":\"Buletin de Bucure\u0219ti\",\"description\":\"\u0218tiri \u0219i investiga\u021bii esen\u021biale din capital\u0103\",\"publisher\":{\"@id\":\"https:\\\/\\\/buletin.de\\\/bucuresti\\\/#organization\"},\"potentialAction\":[{\"@type\":\"SearchAction\",\"target\":{\"@type\":\"EntryPoint\",\"urlTemplate\":\"https:\\\/\\\/buletin.de\\\/bucuresti\\\/?s={search_term_string}\"},\"query-input\":{\"@type\":\"PropertyValueSpecification\",\"valueRequired\":true,\"valueName\":\"search_term_string\"}}],\"inLanguage\":\"en-GB\"},{\"@type\":\"Organization\",\"@id\":\"https:\\\/\\\/buletin.de\\\/bucuresti\\\/#organization\",\"name\":\"Buletin de Bucure\u0219ti\",\"url\":\"https:\\\/\\\/buletin.de\\\/bucuresti\\\/\",\"logo\":{\"@type\":\"ImageObject\",\"inLanguage\":\"en-GB\",\"@id\":\"https:\\\/\\\/buletin.de\\\/bucuresti\\\/#\\\/schema\\\/logo\\\/image\\\/\",\"url\":\"https:\\\/\\\/buletin.de\\\/bucuresti\\\/wp-content\\\/uploads\\\/logo-bdb-full-wide-vernil-transparent.png\",\"contentUrl\":\"https:\\\/\\\/buletin.de\\\/bucuresti\\\/wp-content\\\/uploads\\\/logo-bdb-full-wide-vernil-transparent.png\",\"width\":1782,\"height\":626,\"caption\":\"Buletin de Bucure\u0219ti\"},\"image\":{\"@id\":\"https:\\\/\\\/buletin.de\\\/bucuresti\\\/#\\\/schema\\\/logo\\\/image\\\/\"},\"sameAs\":[\"https:\\\/\\\/www.facebook.com\\\/buletin.de.buc\",\"https:\\\/\\\/www.instagram.com\\\/buletinde.bucuresti\\\/\"]},{\"@type\":\"Person\",\"@id\":\"https:\\\/\\\/buletin.de\\\/bucuresti\\\/#\\\/schema\\\/person\\\/359459245996e200ed7c807f71f0551a\",\"name\":\"Ana Anghel-Dimache\",\"image\":{\"@type\":\"ImageObject\",\"inLanguage\":\"en-GB\",\"@id\":\"https:\\\/\\\/buletin.de\\\/bucuresti\\\/wp-content\\\/uploads\\\/Ana-Anghel-Dimache-96x96.jpg861145fc2c4f1fe57dc81b59a6cfb674\",\"url\":\"https:\\\/\\\/buletin.de\\\/bucuresti\\\/wp-content\\\/uploads\\\/Ana-Anghel-Dimache-96x96.jpg\",\"contentUrl\":\"https:\\\/\\\/buletin.de\\\/bucuresti\\\/wp-content\\\/uploads\\\/Ana-Anghel-Dimache-96x96.jpg\",\"caption\":\"Ana Anghel-Dimache\"},\"description\":\"Sunt student\u0103 la jurnalism \u0219i m-am n\u0103scut \u00een Bucure\u0219ti, ora\u0219 plin de pove\u0219ti care merit\u0103 explorate. \u00cemi place s\u0103 scriu despre subiecte politice, de mediu \u0219i legate de transportul din Capital\u0103. \u00cencerc s\u0103 pictez o imagine c\u00e2t mai sincer\u0103 a realit\u0103\u021bii \u0219i sus\u021bin presa independent\u0103 pentru c\u0103 este esen\u021bial s\u0103 pot reda faptele \u00een formele lor adev\u0103rate.\",\"url\":\"https:\\\/\\\/buletin.de\\\/bucuresti\\\/author\\\/ana-dimache\\\/\"}]}<\/script>\n<!-- \/ Yoast SEO Premium plugin. -->","yoast_head_json":{"title":"Sincopele din trecutul candidatului AUR la Sectorul 4. Dou\u0103 firme de avocatur\u0103 au semnalat gre\u015feli \u00een CV-ul s\u0103u - Buletin de Bucure\u0219ti","robots":{"index":"index","follow":"follow","max-snippet":"max-snippet:-1","max-image-preview":"max-image-preview:large","max-video-preview":"max-video-preview:-1"},"canonical":"https:\/\/buletin.de\/bucuresti\/sincopele-din-trecutul-candidatului-aur-la-sectorul-4-doua-firme-de-avocatura-au-semnalat-greseli-in-cv-ul-sau\/","og_locale":"en_GB","og_type":"article","og_title":"Sincopele din trecutul candidatului AUR la Sectorul 4. Dou\u0103 firme de avocatur\u0103 au semnalat gre\u015feli \u00een CV-ul s\u0103u","og_description":"Candidatul AUR la Prim\u0103ria Sectorului 4, Matei \u0218tef\u0103nescu, \u0219i-a revizuit CV-ul \u00een urma radiografiei candida\u021bilor realizat\u0103 din surse publice \u015fi publicat\u0103 miercuri de Buletin de Bucure\u0219ti. Acesta a avut mai multe gre\u0219eli \u00een privin\u021ba locurilor de munc\u0103, semnalate de dou\u0103 firme la care a lucrat \u00een urma mediatiz\u0103rii profilului s\u0103u. Matei \u0218tef\u0103nescu \u0219i-a depus candidatura [&hellip;]","og_url":"https:\/\/buletin.de\/bucuresti\/sincopele-din-trecutul-candidatului-aur-la-sectorul-4-doua-firme-de-avocatura-au-semnalat-greseli-in-cv-ul-sau\/","og_site_name":"Buletin de Bucure\u0219ti","article_publisher":"https:\/\/www.facebook.com\/buletin.de.buc","article_published_time":"2024-05-30T14:23:50+00:00","og_image":[{"width":1290,"height":834,"url":"https:\/\/buletin.de\/bucuresti\/wp-content\/uploads\/matei-stefanescu-3.jpg","type":"image\/jpeg"}],"author":"Ana Anghel-Dimache","twitter_card":"summary_large_image","twitter_misc":{"Written by":"Ana Anghel-Dimache","Estimated reading time":"3 minutes"},"schema":{"@context":"https:\/\/schema.org","@graph":[{"@type":"Article","@id":"https:\/\/buletin.de\/bucuresti\/sincopele-din-trecutul-candidatului-aur-la-sectorul-4-doua-firme-de-avocatura-au-semnalat-greseli-in-cv-ul-sau\/#article","isPartOf":{"@id":"https:\/\/buletin.de\/bucuresti\/sincopele-din-trecutul-candidatului-aur-la-sectorul-4-doua-firme-de-avocatura-au-semnalat-greseli-in-cv-ul-sau\/"},"author":{"name":"Ana Anghel-Dimache","@id":"https:\/\/buletin.de\/bucuresti\/#\/schema\/person\/359459245996e200ed7c807f71f0551a"},"headline":"Sincopele din trecutul candidatului AUR la Sectorul 4. Dou\u0103 firme de avocatur\u0103 au semnalat gre\u015feli \u00een CV-ul s\u0103u","datePublished":"2024-05-30T14:23:50+00:00","mainEntityOfPage":{"@id":"https:\/\/buletin.de\/bucuresti\/sincopele-din-trecutul-candidatului-aur-la-sectorul-4-doua-firme-de-avocatura-au-semnalat-greseli-in-cv-ul-sau\/"},"wordCount":528,"publisher":{"@id":"https:\/\/buletin.de\/bucuresti\/#organization"},"image":{"@id":"https:\/\/buletin.de\/bucuresti\/sincopele-din-trecutul-candidatului-aur-la-sectorul-4-doua-firme-de-avocatura-au-semnalat-greseli-in-cv-ul-sau\/#primaryimage"},"thumbnailUrl":"https:\/\/buletin.de\/bucuresti\/wp-content\/uploads\/matei-stefanescu-3.jpg","keywords":["Candida\u021bi Prim\u0103ria Sector 4","Matei \u0218tef\u0103nescu","Sector 4"],"articleSection":["Articole","Main","Politic"],"inLanguage":"en-GB","copyrightYear":"2024","copyrightHolder":{"@id":"https:\/\/buletin.de\/bucuresti\/#organization"}},{"@type":"WebPage","@id":"https:\/\/buletin.de\/bucuresti\/sincopele-din-trecutul-candidatului-aur-la-sectorul-4-doua-firme-de-avocatura-au-semnalat-greseli-in-cv-ul-sau\/","url":"https:\/\/buletin.de\/bucuresti\/sincopele-din-trecutul-candidatului-aur-la-sectorul-4-doua-firme-de-avocatura-au-semnalat-greseli-in-cv-ul-sau\/","name":"Sincopele din trecutul candidatului AUR la Sectorul 4. Dou\u0103 firme de avocatur\u0103 au semnalat gre\u015feli \u00een CV-ul s\u0103u - Buletin de Bucure\u0219ti","isPartOf":{"@id":"https:\/\/buletin.de\/bucuresti\/#website"},"primaryImageOfPage":{"@id":"https:\/\/buletin.de\/bucuresti\/sincopele-din-trecutul-candidatului-aur-la-sectorul-4-doua-firme-de-avocatura-au-semnalat-greseli-in-cv-ul-sau\/#primaryimage"},"image":{"@id":"https:\/\/buletin.de\/bucuresti\/sincopele-din-trecutul-candidatului-aur-la-sectorul-4-doua-firme-de-avocatura-au-semnalat-greseli-in-cv-ul-sau\/#primaryimage"},"thumbnailUrl":"https:\/\/buletin.de\/bucuresti\/wp-content\/uploads\/matei-stefanescu-3.jpg","datePublished":"2024-05-30T14:23:50+00:00","breadcrumb":{"@id":"https:\/\/buletin.de\/bucuresti\/sincopele-din-trecutul-candidatului-aur-la-sectorul-4-doua-firme-de-avocatura-au-semnalat-greseli-in-cv-ul-sau\/#breadcrumb"},"inLanguage":"en-GB","potentialAction":[{"@type":"ReadAction","target":["https:\/\/buletin.de\/bucuresti\/sincopele-din-trecutul-candidatului-aur-la-sectorul-4-doua-firme-de-avocatura-au-semnalat-greseli-in-cv-ul-sau\/"]}]},{"@type":"ImageObject","inLanguage":"en-GB","@id":"https:\/\/buletin.de\/bucuresti\/sincopele-din-trecutul-candidatului-aur-la-sectorul-4-doua-firme-de-avocatura-au-semnalat-greseli-in-cv-ul-sau\/#primaryimage","url":"https:\/\/buletin.de\/bucuresti\/wp-content\/uploads\/matei-stefanescu-3.jpg","contentUrl":"https:\/\/buletin.de\/bucuresti\/wp-content\/uploads\/matei-stefanescu-3.jpg","width":1290,"height":834,"caption":"Surs\u0103 foto: Facebook \/ Matei \u0218tef\u0103nescu"},{"@type":"BreadcrumbList","@id":"https:\/\/buletin.de\/bucuresti\/sincopele-din-trecutul-candidatului-aur-la-sectorul-4-doua-firme-de-avocatura-au-semnalat-greseli-in-cv-ul-sau\/#breadcrumb","itemListElement":[{"@type":"ListItem","position":1,"name":"Acas\u0103","item":"https:\/\/buletin.de\/bucuresti\/"},{"@type":"ListItem","position":2,"name":"Sincopele din trecutul candidatului AUR la Sectorul 4. Dou\u0103 firme de avocatur\u0103 au semnalat gre\u015feli \u00een CV-ul s\u0103u"}]},{"@type":"WebSite","@id":"https:\/\/buletin.de\/bucuresti\/#website","url":"https:\/\/buletin.de\/bucuresti\/","name":"Buletin de Bucure\u0219ti","description":"\u0218tiri \u0219i investiga\u021bii esen\u021biale din capital\u0103","publisher":{"@id":"https:\/\/buletin.de\/bucuresti\/#organization"},"potentialAction":[{"@type":"SearchAction","target":{"@type":"EntryPoint","urlTemplate":"https:\/\/buletin.de\/bucuresti\/?s={search_term_string}"},"query-input":{"@type":"PropertyValueSpecification","valueRequired":true,"valueName":"search_term_string"}}],"inLanguage":"en-GB"},{"@type":"Organization","@id":"https:\/\/buletin.de\/bucuresti\/#organization","name":"Buletin de Bucure\u0219ti","url":"https:\/\/buletin.de\/bucuresti\/","logo":{"@type":"ImageObject","inLanguage":"en-GB","@id":"https:\/\/buletin.de\/bucuresti\/#\/schema\/logo\/image\/","url":"https:\/\/buletin.de\/bucuresti\/wp-content\/uploads\/logo-bdb-full-wide-vernil-transparent.png","contentUrl":"https:\/\/buletin.de\/bucuresti\/wp-content\/uploads\/logo-bdb-full-wide-vernil-transparent.png","width":1782,"height":626,"caption":"Buletin de Bucure\u0219ti"},"image":{"@id":"https:\/\/buletin.de\/bucuresti\/#\/schema\/logo\/image\/"},"sameAs":["https:\/\/www.facebook.com\/buletin.de.buc","https:\/\/www.instagram.com\/buletinde.bucuresti\/"]},{"@type":"Person","@id":"https:\/\/buletin.de\/bucuresti\/#\/schema\/person\/359459245996e200ed7c807f71f0551a","name":"Ana Anghel-Dimache","image":{"@type":"ImageObject","inLanguage":"en-GB","@id":"https:\/\/buletin.de\/bucuresti\/wp-content\/uploads\/Ana-Anghel-Dimache-96x96.jpg861145fc2c4f1fe57dc81b59a6cfb674","url":"https:\/\/buletin.de\/bucuresti\/wp-content\/uploads\/Ana-Anghel-Dimache-96x96.jpg","contentUrl":"https:\/\/buletin.de\/bucuresti\/wp-content\/uploads\/Ana-Anghel-Dimache-96x96.jpg","caption":"Ana Anghel-Dimache"},"description":"Sunt student\u0103 la jurnalism \u0219i m-am n\u0103scut \u00een Bucure\u0219ti, ora\u0219 plin de pove\u0219ti care merit\u0103 explorate. \u00cemi place s\u0103 scriu despre subiecte politice, de mediu \u0219i legate de transportul din Capital\u0103. \u00cencerc s\u0103 pictez o imagine c\u00e2t mai sincer\u0103 a realit\u0103\u021bii \u0219i sus\u021bin presa independent\u0103 pentru c\u0103 este esen\u021bial s\u0103 pot reda faptele \u00een formele lor adev\u0103rate.","url":"https:\/\/buletin.de\/bucuresti\/author\/ana-dimache\/"}]}},"authors":[{"term_id":22581,"user_id":58,"is_guest":0,"slug":"ana-dimache","display_name":"Ana Anghel-Dimache","avatar_url":"https:\/\/buletin.de\/bucuresti\/wp-content\/uploads\/Ana-Anghel-Dimache-96x96.jpg","0":null,"1":"","2":"","3":"","4":"","5":"","6":"","7":"","8":""}],"_links":{"self":[{"href":"https:\/\/buletin.de\/bucuresti\/wp-json\/wp\/v2\/posts\/86936","targetHints":{"allow":["GET"]}}],"collection":[{"href":"https:\/\/buletin.de\/bucuresti\/wp-json\/wp\/v2\/posts"}],"about":[{"href":"https:\/\/buletin.de\/bucuresti\/wp-json\/wp\/v2\/types\/post"}],"author":[{"embeddable":true,"href":"https:\/\/buletin.de\/bucuresti\/wp-json\/wp\/v2\/users\/58"}],"replies":[{"embeddable":true,"href":"https:\/\/buletin.de\/bucuresti\/wp-json\/wp\/v2\/comments?post=86936"}],"version-history":[{"count":6,"href":"https:\/\/buletin.de\/bucuresti\/wp-json\/wp\/v2\/posts\/86936\/revisions"}],"predecessor-version":[{"id":86963,"href":"https:\/\/buletin.de\/bucuresti\/wp-json\/wp\/v2\/posts\/86936\/revisions\/86963"}],"wp:featuredmedia":[{"embeddable":true,"href":"https:\/\/buletin.de\/bucuresti\/wp-json\/wp\/v2\/media\/86940"}],"wp:attachment":[{"href":"https:\/\/buletin.de\/bucuresti\/wp-json\/wp\/v2\/media?parent=86936"}],"wp:term":[{"taxonomy":"category","embeddable":true,"href":"https:\/\/buletin.de\/bucuresti\/wp-json\/wp\/v2\/categories?post=86936"},{"taxonomy":"post_tag","embeddable":true,"href":"https:\/\/buletin.de\/bucuresti\/wp-json\/wp\/v2\/tags?post=86936"},{"taxonomy":"author","embeddable":true,"href":"https:\/\/buletin.de\/bucuresti\/wp-json\/wp\/v2\/ppma_author?post=86936"}],"curies":[{"name":"wp","href":"https:\/\/api.w.org\/{rel}","templated":true}]}}