{"id":8680,"date":"2020-06-30T12:47:39","date_gmt":"2020-06-30T09:47:39","guid":{"rendered":"https:\/\/buletin.de\/bucuresti\/?p=8680"},"modified":"2020-06-30T13:29:40","modified_gmt":"2020-06-30T10:29:40","slug":"live-text-coronavirus-bucuresti-30-iunie-2020-ziua-126","status":"publish","type":"post","link":"https:\/\/buletin.de\/bucuresti\/live-text-coronavirus-bucuresti-30-iunie-2020-ziua-126\/","title":{"rendered":"LIVE TEXT. Coronavirus &#8211; Bucure\u0219ti, 30 iunie 2020, ziua 126"},"content":{"rendered":"\n<p>   <em>Num\u0103rul de pacien\u021bi confirma\u021bi cu Covid-19 pe teritoriul Rom\u00e2niei a trecut de 26.000. Rom\u00e2nia a ie\u0219it din starea de urgen\u021b\u0103 \u0219i se afl\u0103 acum \u00een<a href=\"https:\/\/buletin.de\/bucuresti\/infografic-ce-putem-si-ce-nu-putem-face-de-pe-15-mai-masurile-finale-care-intra-in-aplicare-azi\/\"> stare de alert\u0103<\/a> pentru o perioad\u0103 de 30 de zile. Restric\u021biile s-au relaxat iar cet\u0103\u021benii pot c\u0103l\u0103tori \u00een localitate \u0219i \u00een afara ei f\u0103r\u0103 declara\u021bie, pot merge la terase \u0219i pot participa la spectacole. Toate cu respectarea m\u0103surilor de siguran\u021b\u0103 obligatorii.<br><br>Vezi mai jos cele mai recente informa\u021bii oficiale de ast\u0103zi. Toate nout\u0103\u021bile din zilele trecute le g\u0103se\u0219ti <a href=\"https:\/\/buletin.de\/bucuresti\/cv\/\">aici.<\/a><\/em>     <\/p>\n\n\n\n<h3 class=\"has-vivid-cyan-blue-color has-text-color has-text-align-center wp-block-heading\"><strong>Iat\u0103 cifrele din spatele epidemiei de Coronavirus \u0219i actualiz\u0103ri zilnice \u2b07\ufe0f<\/strong>               <\/h3>\n\n\n\n<style>\n\n.full-width {\n  width: 100vw;\n  position: relative;\n  left: 50%;\n  right: 50%;\n  margin-left: -50vw;\n  margin-right: -50vw;\n}\n\n<\/style>\n\n\n\n<p><\/p>\n\n\n\n<div class=\"full-width\">\n<div class=\"infogram-embed\" data-id=\"27f09ce8-c508-413b-ac49-b60b01815be0\" data-type=\"interactive\" data-title=\"Livetext coronavirus\"><\/div><script>!function(e,i,n,s){var t=\"InfogramEmbeds\",d=e.getElementsByTagName(\"script\")[0];if(window[t]&&window[t].initialized)window[t].process&&window[t].process();else if(!e.getElementById(n)){var o=e.createElement(\"script\");o.async=1,o.id=n,o.src=\"https:\/\/e.infogram.com\/js\/dist\/embed-loader-min.js\",d.parentNode.insertBefore(o,d)}}(document,0,\"infogram-async\");<\/script>\n<\/div>\n<style>\nh2 {\nmargin-top: 150px;\nfont-size: 3em;\ntext-align: center;\n}\n<\/style>\n\n\n\n<h3 class=\"wp-block-heading\">Ora 13:30<\/h3>\n\n\n\n<p>\n\nAlte 388 noi cazuri de \u00eemboln\u0103vire din 10424 test\u0103ri.<br>Au fost confirmate 26.970 de cazuri de persoane infectate cu noul coronavirus (COVID \u2013 19). Dintre persoanele confirmate pozitiv, 20.141 au fost externate, dintre care 19.050 pacien\u021bi vindeca\u021bi \u0219i 1.091 pacien\u021bi asimptomatici, externa\u021bi la 10 zile dup\u0103 depistare. \u00cen Bucure\u0219ti sunt 3141 cazuri.<br>P\u00e2n\u0103 ast\u0103zi, 1.651 persoane diagnosticate cu infec\u021bie cu COVID-19 au decedat.<br>\u00cen intervalul 29.06.2020 (10:00) \u2013 30.06.2020 (10:00) au fost \u00eenregistrate 17 decese (12 b\u0103rba\u021bi \u0219i 5 femei), ale unor pacien\u021bi infecta\u021bi cu noul coronavirus, interna\u021bi \u00een spitalele din Arge\u0219, Bistri\u021ba-N\u0103s\u0103ud, Cluj, Harghita, Bucure\u0219ti, Neam\u021b, Prahova, Suceava, Teleorman \u0219i Vrancea.Dintre acestea, 1 deces a fost \u00eentregistrat la categoria de v\u00e2rst\u0103 50-59 ani, 4 decese la categoria de v\u00e2rst\u0103 60-69 ani, 9 decese la categoria de v\u00e2rst\u0103 70-79 ani \u0219i 3 decese la persoane de peste 80 de ani.16 dintre decese sunt ale unor pacien\u021bi care au prezentat comorbidit\u0103\u021bi. Pentru 1 deces nu au fost raportate comorbidit\u0103\u021bi.\n\n<\/p>\n","protected":false},"excerpt":{"rendered":"<p>Num\u0103rul de pacien\u021bi confirma\u021bi cu Covid-19 pe teritoriul Rom\u00e2niei a trecut de 26.000. Rom\u00e2nia a ie\u0219it din starea de urgen\u021b\u0103 \u0219i se afl\u0103 acum \u00een stare de alert\u0103 pentru o perioad\u0103 de 30 de zile. Restric\u021biile s-au relaxat iar cet\u0103\u021benii pot c\u0103l\u0103tori \u00een localitate \u0219i \u00een afara ei f\u0103r\u0103 declara\u021bie, pot merge la terase \u0219i [&hellip;]<\/p>\n","protected":false},"author":6,"featured_media":6444,"comment_status":"closed","ping_status":"open","sticky":false,"template":"","format":"standard","meta":{"_acf_changed":false,"inline_featured_image":false,"ngg_post_thumbnail":0,"footnotes":""},"categories":[996,4,62],"tags":[529,657,677],"ppma_author":[22588],"class_list":["post-8680","post","type-post","status-publish","format-standard","has-post-thumbnail","hentry","category-covid-19","category-sanatate","category-stiri","tag-coronavirus","tag-coronavirus-bucuresti","tag-livetext"],"acf":[],"yoast_head":"<!-- This site is optimized with the Yoast SEO Premium plugin v25.3 (Yoast SEO v27.5) - https:\/\/yoast.com\/product\/yoast-seo-premium-wordpress\/ -->\n<title>LIVE TEXT. Coronavirus - Bucure\u0219ti, 30 iunie 2020, ziua 126 - Buletin de Bucure\u0219ti<\/title>\n<meta name=\"robots\" content=\"index, follow, max-snippet:-1, max-image-preview:large, max-video-preview:-1\" \/>\n<link rel=\"canonical\" href=\"https:\/\/buletin.de\/bucuresti\/live-text-coronavirus-bucuresti-30-iunie-2020-ziua-126\/\" \/>\n<meta property=\"og:locale\" content=\"en_GB\" \/>\n<meta property=\"og:type\" content=\"article\" \/>\n<meta property=\"og:title\" content=\"LIVE TEXT. Coronavirus - Bucure\u0219ti, 30 iunie 2020, ziua 126\" \/>\n<meta property=\"og:description\" content=\"Num\u0103rul de pacien\u021bi confirma\u021bi cu Covid-19 pe teritoriul Rom\u00e2niei a trecut de 26.000. Rom\u00e2nia a ie\u0219it din starea de urgen\u021b\u0103 \u0219i se afl\u0103 acum \u00een stare de alert\u0103 pentru o perioad\u0103 de 30 de zile. Restric\u021biile s-au relaxat iar cet\u0103\u021benii pot c\u0103l\u0103tori \u00een localitate \u0219i \u00een afara ei f\u0103r\u0103 declara\u021bie, pot merge la terase \u0219i [&hellip;]\" \/>\n<meta property=\"og:url\" content=\"https:\/\/buletin.de\/bucuresti\/live-text-coronavirus-bucuresti-30-iunie-2020-ziua-126\/\" \/>\n<meta property=\"og:site_name\" content=\"Buletin de Bucure\u0219ti\" \/>\n<meta property=\"article:publisher\" content=\"https:\/\/www.facebook.com\/buletin.de.buc\" \/>\n<meta property=\"article:published_time\" content=\"2020-06-30T09:47:39+00:00\" \/>\n<meta property=\"article:modified_time\" content=\"2020-06-30T10:29:40+00:00\" \/>\n<meta property=\"og:image\" content=\"https:\/\/buletin.de\/bucuresti\/wp-content\/uploads\/Screenshot_111.png\" \/>\n\t<meta property=\"og:image:width\" content=\"1891\" \/>\n\t<meta property=\"og:image:height\" content=\"990\" \/>\n\t<meta property=\"og:image:type\" content=\"image\/png\" \/>\n<meta name=\"author\" content=\"Bianca Albu\" \/>\n<meta name=\"twitter:card\" content=\"summary_large_image\" \/>\n<meta name=\"twitter:label1\" content=\"Written by\" \/>\n\t<meta name=\"twitter:data1\" content=\"Bianca Albu\" \/>\n\t<meta name=\"twitter:label2\" content=\"Estimated reading time\" \/>\n\t<meta name=\"twitter:data2\" content=\"1 minute\" \/>\n<script type=\"application\/ld+json\" class=\"yoast-schema-graph\">{\"@context\":\"https:\\\/\\\/schema.org\",\"@graph\":[{\"@type\":\"Article\",\"@id\":\"https:\\\/\\\/buletin.de\\\/bucuresti\\\/live-text-coronavirus-bucuresti-30-iunie-2020-ziua-126\\\/#article\",\"isPartOf\":{\"@id\":\"https:\\\/\\\/buletin.de\\\/bucuresti\\\/live-text-coronavirus-bucuresti-30-iunie-2020-ziua-126\\\/\"},\"author\":{\"name\":\"Bianca Albu\",\"@id\":\"https:\\\/\\\/buletin.de\\\/bucuresti\\\/#\\\/schema\\\/person\\\/295dc2228d2dc79294d636619468dc7f\"},\"headline\":\"LIVE TEXT. Coronavirus &#8211; Bucure\u0219ti, 30 iunie 2020, ziua 126\",\"datePublished\":\"2020-06-30T09:47:39+00:00\",\"dateModified\":\"2020-06-30T10:29:40+00:00\",\"mainEntityOfPage\":{\"@id\":\"https:\\\/\\\/buletin.de\\\/bucuresti\\\/live-text-coronavirus-bucuresti-30-iunie-2020-ziua-126\\\/\"},\"wordCount\":279,\"publisher\":{\"@id\":\"https:\\\/\\\/buletin.de\\\/bucuresti\\\/#organization\"},\"image\":{\"@id\":\"https:\\\/\\\/buletin.de\\\/bucuresti\\\/live-text-coronavirus-bucuresti-30-iunie-2020-ziua-126\\\/#primaryimage\"},\"thumbnailUrl\":\"https:\\\/\\\/buletin.de\\\/bucuresti\\\/wp-content\\\/uploads\\\/Screenshot_111.png\",\"keywords\":[\"coronavirus\",\"coronavirus bucuresti\",\"livetext\"],\"articleSection\":[\"Covid-19\",\"S\u0103n\u0103tate\",\"\u0218tiri\"],\"inLanguage\":\"en-GB\",\"copyrightYear\":\"2020\",\"copyrightHolder\":{\"@id\":\"https:\\\/\\\/buletin.de\\\/bucuresti\\\/#organization\"}},{\"@type\":\"WebPage\",\"@id\":\"https:\\\/\\\/buletin.de\\\/bucuresti\\\/live-text-coronavirus-bucuresti-30-iunie-2020-ziua-126\\\/\",\"url\":\"https:\\\/\\\/buletin.de\\\/bucuresti\\\/live-text-coronavirus-bucuresti-30-iunie-2020-ziua-126\\\/\",\"name\":\"LIVE TEXT. Coronavirus - Bucure\u0219ti, 30 iunie 2020, ziua 126 - Buletin de Bucure\u0219ti\",\"isPartOf\":{\"@id\":\"https:\\\/\\\/buletin.de\\\/bucuresti\\\/#website\"},\"primaryImageOfPage\":{\"@id\":\"https:\\\/\\\/buletin.de\\\/bucuresti\\\/live-text-coronavirus-bucuresti-30-iunie-2020-ziua-126\\\/#primaryimage\"},\"image\":{\"@id\":\"https:\\\/\\\/buletin.de\\\/bucuresti\\\/live-text-coronavirus-bucuresti-30-iunie-2020-ziua-126\\\/#primaryimage\"},\"thumbnailUrl\":\"https:\\\/\\\/buletin.de\\\/bucuresti\\\/wp-content\\\/uploads\\\/Screenshot_111.png\",\"datePublished\":\"2020-06-30T09:47:39+00:00\",\"dateModified\":\"2020-06-30T10:29:40+00:00\",\"breadcrumb\":{\"@id\":\"https:\\\/\\\/buletin.de\\\/bucuresti\\\/live-text-coronavirus-bucuresti-30-iunie-2020-ziua-126\\\/#breadcrumb\"},\"inLanguage\":\"en-GB\",\"potentialAction\":[{\"@type\":\"ReadAction\",\"target\":[\"https:\\\/\\\/buletin.de\\\/bucuresti\\\/live-text-coronavirus-bucuresti-30-iunie-2020-ziua-126\\\/\"]}]},{\"@type\":\"ImageObject\",\"inLanguage\":\"en-GB\",\"@id\":\"https:\\\/\\\/buletin.de\\\/bucuresti\\\/live-text-coronavirus-bucuresti-30-iunie-2020-ziua-126\\\/#primaryimage\",\"url\":\"https:\\\/\\\/buletin.de\\\/bucuresti\\\/wp-content\\\/uploads\\\/Screenshot_111.png\",\"contentUrl\":\"https:\\\/\\\/buletin.de\\\/bucuresti\\\/wp-content\\\/uploads\\\/Screenshot_111.png\",\"width\":1891,\"height\":990},{\"@type\":\"BreadcrumbList\",\"@id\":\"https:\\\/\\\/buletin.de\\\/bucuresti\\\/live-text-coronavirus-bucuresti-30-iunie-2020-ziua-126\\\/#breadcrumb\",\"itemListElement\":[{\"@type\":\"ListItem\",\"position\":1,\"name\":\"Acas\u0103\",\"item\":\"https:\\\/\\\/buletin.de\\\/bucuresti\\\/\"},{\"@type\":\"ListItem\",\"position\":2,\"name\":\"LIVE TEXT. Coronavirus &#8211; Bucure\u0219ti, 30 iunie 2020, ziua 126\"}]},{\"@type\":\"WebSite\",\"@id\":\"https:\\\/\\\/buletin.de\\\/bucuresti\\\/#website\",\"url\":\"https:\\\/\\\/buletin.de\\\/bucuresti\\\/\",\"name\":\"Buletin de Bucure\u0219ti\",\"description\":\"\u0218tiri \u0219i investiga\u021bii esen\u021biale din capital\u0103\",\"publisher\":{\"@id\":\"https:\\\/\\\/buletin.de\\\/bucuresti\\\/#organization\"},\"potentialAction\":[{\"@type\":\"SearchAction\",\"target\":{\"@type\":\"EntryPoint\",\"urlTemplate\":\"https:\\\/\\\/buletin.de\\\/bucuresti\\\/?s={search_term_string}\"},\"query-input\":{\"@type\":\"PropertyValueSpecification\",\"valueRequired\":true,\"valueName\":\"search_term_string\"}}],\"inLanguage\":\"en-GB\"},{\"@type\":\"Organization\",\"@id\":\"https:\\\/\\\/buletin.de\\\/bucuresti\\\/#organization\",\"name\":\"Buletin de Bucure\u0219ti\",\"url\":\"https:\\\/\\\/buletin.de\\\/bucuresti\\\/\",\"logo\":{\"@type\":\"ImageObject\",\"inLanguage\":\"en-GB\",\"@id\":\"https:\\\/\\\/buletin.de\\\/bucuresti\\\/#\\\/schema\\\/logo\\\/image\\\/\",\"url\":\"https:\\\/\\\/buletin.de\\\/bucuresti\\\/wp-content\\\/uploads\\\/logo-bdb-full-wide-vernil-transparent.png\",\"contentUrl\":\"https:\\\/\\\/buletin.de\\\/bucuresti\\\/wp-content\\\/uploads\\\/logo-bdb-full-wide-vernil-transparent.png\",\"width\":1782,\"height\":626,\"caption\":\"Buletin de Bucure\u0219ti\"},\"image\":{\"@id\":\"https:\\\/\\\/buletin.de\\\/bucuresti\\\/#\\\/schema\\\/logo\\\/image\\\/\"},\"sameAs\":[\"https:\\\/\\\/www.facebook.com\\\/buletin.de.buc\",\"https:\\\/\\\/www.instagram.com\\\/buletinde.bucuresti\\\/\"]},{\"@type\":\"Person\",\"@id\":\"https:\\\/\\\/buletin.de\\\/bucuresti\\\/#\\\/schema\\\/person\\\/295dc2228d2dc79294d636619468dc7f\",\"name\":\"Bianca Albu\",\"image\":{\"@type\":\"ImageObject\",\"inLanguage\":\"en-GB\",\"@id\":\"https:\\\/\\\/secure.gravatar.com\\\/avatar\\\/3df2e34e20f529e6fd7be4311ee1f7c4ec4aa886971590baf6fa214b15743516?s=96&d=monsterid&r=gf541c715eeec409ce8101252a3c0d8a7\",\"url\":\"https:\\\/\\\/secure.gravatar.com\\\/avatar\\\/3df2e34e20f529e6fd7be4311ee1f7c4ec4aa886971590baf6fa214b15743516?s=96&d=monsterid&r=g\",\"contentUrl\":\"https:\\\/\\\/secure.gravatar.com\\\/avatar\\\/3df2e34e20f529e6fd7be4311ee1f7c4ec4aa886971590baf6fa214b15743516?s=96&d=monsterid&r=g\",\"caption\":\"Bianca Albu\"},\"description\":\"Reporter\",\"url\":\"https:\\\/\\\/buletin.de\\\/bucuresti\\\/author\\\/biancaalbu\\\/\"}]}<\/script>\n<!-- \/ Yoast SEO Premium plugin. -->","yoast_head_json":{"title":"LIVE TEXT. Coronavirus - Bucure\u0219ti, 30 iunie 2020, ziua 126 - Buletin de Bucure\u0219ti","robots":{"index":"index","follow":"follow","max-snippet":"max-snippet:-1","max-image-preview":"max-image-preview:large","max-video-preview":"max-video-preview:-1"},"canonical":"https:\/\/buletin.de\/bucuresti\/live-text-coronavirus-bucuresti-30-iunie-2020-ziua-126\/","og_locale":"en_GB","og_type":"article","og_title":"LIVE TEXT. Coronavirus - Bucure\u0219ti, 30 iunie 2020, ziua 126","og_description":"Num\u0103rul de pacien\u021bi confirma\u021bi cu Covid-19 pe teritoriul Rom\u00e2niei a trecut de 26.000. Rom\u00e2nia a ie\u0219it din starea de urgen\u021b\u0103 \u0219i se afl\u0103 acum \u00een stare de alert\u0103 pentru o perioad\u0103 de 30 de zile. Restric\u021biile s-au relaxat iar cet\u0103\u021benii pot c\u0103l\u0103tori \u00een localitate \u0219i \u00een afara ei f\u0103r\u0103 declara\u021bie, pot merge la terase \u0219i [&hellip;]","og_url":"https:\/\/buletin.de\/bucuresti\/live-text-coronavirus-bucuresti-30-iunie-2020-ziua-126\/","og_site_name":"Buletin de Bucure\u0219ti","article_publisher":"https:\/\/www.facebook.com\/buletin.de.buc","article_published_time":"2020-06-30T09:47:39+00:00","article_modified_time":"2020-06-30T10:29:40+00:00","og_image":[{"width":1891,"height":990,"url":"https:\/\/buletin.de\/bucuresti\/wp-content\/uploads\/Screenshot_111.png","type":"image\/png"}],"author":"Bianca Albu","twitter_card":"summary_large_image","twitter_misc":{"Written by":"Bianca Albu","Estimated reading time":"1 minute"},"schema":{"@context":"https:\/\/schema.org","@graph":[{"@type":"Article","@id":"https:\/\/buletin.de\/bucuresti\/live-text-coronavirus-bucuresti-30-iunie-2020-ziua-126\/#article","isPartOf":{"@id":"https:\/\/buletin.de\/bucuresti\/live-text-coronavirus-bucuresti-30-iunie-2020-ziua-126\/"},"author":{"name":"Bianca Albu","@id":"https:\/\/buletin.de\/bucuresti\/#\/schema\/person\/295dc2228d2dc79294d636619468dc7f"},"headline":"LIVE TEXT. Coronavirus &#8211; Bucure\u0219ti, 30 iunie 2020, ziua 126","datePublished":"2020-06-30T09:47:39+00:00","dateModified":"2020-06-30T10:29:40+00:00","mainEntityOfPage":{"@id":"https:\/\/buletin.de\/bucuresti\/live-text-coronavirus-bucuresti-30-iunie-2020-ziua-126\/"},"wordCount":279,"publisher":{"@id":"https:\/\/buletin.de\/bucuresti\/#organization"},"image":{"@id":"https:\/\/buletin.de\/bucuresti\/live-text-coronavirus-bucuresti-30-iunie-2020-ziua-126\/#primaryimage"},"thumbnailUrl":"https:\/\/buletin.de\/bucuresti\/wp-content\/uploads\/Screenshot_111.png","keywords":["coronavirus","coronavirus bucuresti","livetext"],"articleSection":["Covid-19","S\u0103n\u0103tate","\u0218tiri"],"inLanguage":"en-GB","copyrightYear":"2020","copyrightHolder":{"@id":"https:\/\/buletin.de\/bucuresti\/#organization"}},{"@type":"WebPage","@id":"https:\/\/buletin.de\/bucuresti\/live-text-coronavirus-bucuresti-30-iunie-2020-ziua-126\/","url":"https:\/\/buletin.de\/bucuresti\/live-text-coronavirus-bucuresti-30-iunie-2020-ziua-126\/","name":"LIVE TEXT. Coronavirus - Bucure\u0219ti, 30 iunie 2020, ziua 126 - Buletin de Bucure\u0219ti","isPartOf":{"@id":"https:\/\/buletin.de\/bucuresti\/#website"},"primaryImageOfPage":{"@id":"https:\/\/buletin.de\/bucuresti\/live-text-coronavirus-bucuresti-30-iunie-2020-ziua-126\/#primaryimage"},"image":{"@id":"https:\/\/buletin.de\/bucuresti\/live-text-coronavirus-bucuresti-30-iunie-2020-ziua-126\/#primaryimage"},"thumbnailUrl":"https:\/\/buletin.de\/bucuresti\/wp-content\/uploads\/Screenshot_111.png","datePublished":"2020-06-30T09:47:39+00:00","dateModified":"2020-06-30T10:29:40+00:00","breadcrumb":{"@id":"https:\/\/buletin.de\/bucuresti\/live-text-coronavirus-bucuresti-30-iunie-2020-ziua-126\/#breadcrumb"},"inLanguage":"en-GB","potentialAction":[{"@type":"ReadAction","target":["https:\/\/buletin.de\/bucuresti\/live-text-coronavirus-bucuresti-30-iunie-2020-ziua-126\/"]}]},{"@type":"ImageObject","inLanguage":"en-GB","@id":"https:\/\/buletin.de\/bucuresti\/live-text-coronavirus-bucuresti-30-iunie-2020-ziua-126\/#primaryimage","url":"https:\/\/buletin.de\/bucuresti\/wp-content\/uploads\/Screenshot_111.png","contentUrl":"https:\/\/buletin.de\/bucuresti\/wp-content\/uploads\/Screenshot_111.png","width":1891,"height":990},{"@type":"BreadcrumbList","@id":"https:\/\/buletin.de\/bucuresti\/live-text-coronavirus-bucuresti-30-iunie-2020-ziua-126\/#breadcrumb","itemListElement":[{"@type":"ListItem","position":1,"name":"Acas\u0103","item":"https:\/\/buletin.de\/bucuresti\/"},{"@type":"ListItem","position":2,"name":"LIVE TEXT. Coronavirus &#8211; Bucure\u0219ti, 30 iunie 2020, ziua 126"}]},{"@type":"WebSite","@id":"https:\/\/buletin.de\/bucuresti\/#website","url":"https:\/\/buletin.de\/bucuresti\/","name":"Buletin de Bucure\u0219ti","description":"\u0218tiri \u0219i investiga\u021bii esen\u021biale din capital\u0103","publisher":{"@id":"https:\/\/buletin.de\/bucuresti\/#organization"},"potentialAction":[{"@type":"SearchAction","target":{"@type":"EntryPoint","urlTemplate":"https:\/\/buletin.de\/bucuresti\/?s={search_term_string}"},"query-input":{"@type":"PropertyValueSpecification","valueRequired":true,"valueName":"search_term_string"}}],"inLanguage":"en-GB"},{"@type":"Organization","@id":"https:\/\/buletin.de\/bucuresti\/#organization","name":"Buletin de Bucure\u0219ti","url":"https:\/\/buletin.de\/bucuresti\/","logo":{"@type":"ImageObject","inLanguage":"en-GB","@id":"https:\/\/buletin.de\/bucuresti\/#\/schema\/logo\/image\/","url":"https:\/\/buletin.de\/bucuresti\/wp-content\/uploads\/logo-bdb-full-wide-vernil-transparent.png","contentUrl":"https:\/\/buletin.de\/bucuresti\/wp-content\/uploads\/logo-bdb-full-wide-vernil-transparent.png","width":1782,"height":626,"caption":"Buletin de Bucure\u0219ti"},"image":{"@id":"https:\/\/buletin.de\/bucuresti\/#\/schema\/logo\/image\/"},"sameAs":["https:\/\/www.facebook.com\/buletin.de.buc","https:\/\/www.instagram.com\/buletinde.bucuresti\/"]},{"@type":"Person","@id":"https:\/\/buletin.de\/bucuresti\/#\/schema\/person\/295dc2228d2dc79294d636619468dc7f","name":"Bianca Albu","image":{"@type":"ImageObject","inLanguage":"en-GB","@id":"https:\/\/secure.gravatar.com\/avatar\/3df2e34e20f529e6fd7be4311ee1f7c4ec4aa886971590baf6fa214b15743516?s=96&d=monsterid&r=gf541c715eeec409ce8101252a3c0d8a7","url":"https:\/\/secure.gravatar.com\/avatar\/3df2e34e20f529e6fd7be4311ee1f7c4ec4aa886971590baf6fa214b15743516?s=96&d=monsterid&r=g","contentUrl":"https:\/\/secure.gravatar.com\/avatar\/3df2e34e20f529e6fd7be4311ee1f7c4ec4aa886971590baf6fa214b15743516?s=96&d=monsterid&r=g","caption":"Bianca Albu"},"description":"Reporter","url":"https:\/\/buletin.de\/bucuresti\/author\/biancaalbu\/"}]}},"authors":[{"term_id":22588,"user_id":6,"is_guest":0,"slug":"biancaalbu","display_name":"Bianca Albu","avatar_url":"https:\/\/secure.gravatar.com\/avatar\/3df2e34e20f529e6fd7be4311ee1f7c4ec4aa886971590baf6fa214b15743516?s=96&d=monsterid&r=g","0":null,"1":"","2":"","3":"","4":"","5":"","6":"","7":"","8":""}],"_links":{"self":[{"href":"https:\/\/buletin.de\/bucuresti\/wp-json\/wp\/v2\/posts\/8680","targetHints":{"allow":["GET"]}}],"collection":[{"href":"https:\/\/buletin.de\/bucuresti\/wp-json\/wp\/v2\/posts"}],"about":[{"href":"https:\/\/buletin.de\/bucuresti\/wp-json\/wp\/v2\/types\/post"}],"author":[{"embeddable":true,"href":"https:\/\/buletin.de\/bucuresti\/wp-json\/wp\/v2\/users\/6"}],"replies":[{"embeddable":true,"href":"https:\/\/buletin.de\/bucuresti\/wp-json\/wp\/v2\/comments?post=8680"}],"version-history":[{"count":4,"href":"https:\/\/buletin.de\/bucuresti\/wp-json\/wp\/v2\/posts\/8680\/revisions"}],"predecessor-version":[{"id":8684,"href":"https:\/\/buletin.de\/bucuresti\/wp-json\/wp\/v2\/posts\/8680\/revisions\/8684"}],"wp:featuredmedia":[{"embeddable":true,"href":"https:\/\/buletin.de\/bucuresti\/wp-json\/wp\/v2\/media\/6444"}],"wp:attachment":[{"href":"https:\/\/buletin.de\/bucuresti\/wp-json\/wp\/v2\/media?parent=8680"}],"wp:term":[{"taxonomy":"category","embeddable":true,"href":"https:\/\/buletin.de\/bucuresti\/wp-json\/wp\/v2\/categories?post=8680"},{"taxonomy":"post_tag","embeddable":true,"href":"https:\/\/buletin.de\/bucuresti\/wp-json\/wp\/v2\/tags?post=8680"},{"taxonomy":"author","embeddable":true,"href":"https:\/\/buletin.de\/bucuresti\/wp-json\/wp\/v2\/ppma_author?post=8680"}],"curies":[{"name":"wp","href":"https:\/\/api.w.org\/{rel}","templated":true}]}}