{"id":86657,"date":"2024-05-29T00:51:11","date_gmt":"2024-05-28T21:51:11","guid":{"rendered":"https:\/\/buletin.de\/bucuresti\/?p=86657"},"modified":"2024-05-30T17:21:08","modified_gmt":"2024-05-30T14:21:08","slug":"sector-3-programele-scoala-de-vara-si-gradinita-de-vara-asteapta-votul-in-consiliul-local-pe-30-mai","status":"publish","type":"post","link":"https:\/\/buletin.de\/bucuresti\/sector-3-programele-scoala-de-vara-si-gradinita-de-vara-asteapta-votul-in-consiliul-local-pe-30-mai\/","title":{"rendered":"Sector 3 | Programele \u201e\u0218coala de var\u0103\u201d \u0219i \u201eGr\u0103dini\u0163a de var\u0103\u201d a\u0219teapt\u0103 votul \u00een Consiliul Local, pe 30 mai"},"content":{"rendered":"\n<p><strong>UPDATE: Cele doua\u0103 proiecte au fost votate in Consiliul Local.<\/strong><\/p>\n\n\n\n<p><strong>Prim\u0103ria Sectorului 3 inten\u021bioneaz\u0103 s\u0103 implementeze programul \u201e\u0218coala de var\u0103&#8221; \u0219i s\u0103 acorde un sprijin financiar unit\u0103\u021bilor de \u00eenv\u0103\u021b\u0103m\u00e2nt de stat care deruleaz\u0103 programul. Proiectul de hot\u0103r\u00e2re a\u0219teapt\u0103 votul consilierilor locali, \u00een \u0219edin\u021ba din 30 mai.<\/strong><\/p>\n\n\n\n<p>Suma care ar trebui aprobat\u0103 este de 5.000.000,00 de lei \u0219i va fi folosit\u0103 astfel:<\/p>\n\n\n\n<ul class=\"wp-block-list\">\n<li> cheltuieli cu resursa uman\u0103 &#8211; 250 lei net \/ zi;<\/li>\n\n\n\n<li>mas\u0103\/elev &#8211; 20 lei \/zi;<\/li>\n\n\n\n<li>cheltuieli cu materiale igienico-sanitare \u0219i furnituri \u2014 5000 lei \/ lun\u0103.<\/li>\n<\/ul>\n\n\n\n<p>Programul \u201e\u0218coala de var\u0103\u201d, propus pentru perioada iulie-august 2024, s-ar putea derula pentru 1500 elevi\/lun\u0103.<\/p>\n\n\n\n<p>Si programul \u201eGr\u0103dini\u0163a de var\u0103\u201d ar putea fi aprobat de Consiliul Local, pe 30 mai. Bugetul este de 20.000.000,00 de lei si este \u00eemp\u0103r\u021bit astfel:<\/p>\n\n\n\n<ul class=\"wp-block-list\">\n<li>personal didactic (profesori \u00eenv\u0103\u021b\u0103m\u00e2nt pre\u015fcolar, educatoare) &#8211; 250 lei net \/ zi;<\/li>\n\n\n\n<li>personal didactic auxiliar (Administrator) &#8211; 250 lei net \/ zi;<\/li>\n\n\n\n<li>director \u2014 250 lei net \/ zi;<\/li>\n\n\n\n<li>personal nedidactic (\u00eengrijitoare, buc\u0103tari, mecanici, sp\u0103l\u0103torese) &#8211; 250 lei net \/ zi.<\/li>\n<\/ul>\n\n\n\n<p>Dac\u0103 va fi aprobat\u0103, suma va fi folosit\u0103 pentru 2.000 antepre\u0219colari\/lun\u0103 \u0219i 4.000 pre\u0219colari\/lun\u0103.<\/p>\n\n\n\n<p><strong>CITE\u0218TE \u0218I:<\/strong><\/p>\n\n\n\n<figure class=\"wp-block-embed is-type-wp-embed is-provider-buletin-de-bucure-ti wp-block-embed-buletin-de-bucure-ti\"><div class=\"wp-block-embed__wrapper\">\n<blockquote class=\"wp-embedded-content\" data-secret=\"ufZjfg3EZ7\"><a href=\"https:\/\/buletin.de\/bucuresti\/sector-1-trei-proiecte-pentru-sprijinirea-sportului-si-educatie-trebuie-mai-intai-sa-treaca-de-votul-consilierilor\/\">Sector 1 | Trei proiecte pentru sprijinirea sportului \u015fi educa\u0163ie, \u00een Consiliul Local<\/a><\/blockquote><iframe class=\"wp-embedded-content\" sandbox=\"allow-scripts\" security=\"restricted\" style=\"position: absolute; clip: rect(1px, 1px, 1px, 1px);\" title=\"&#8220;Sector 1 | Trei proiecte pentru sprijinirea sportului \u015fi educa\u0163ie, \u00een Consiliul Local&#8221; &#8212; Buletin de Bucure\u0219ti\" src=\"https:\/\/buletin.de\/bucuresti\/sector-1-trei-proiecte-pentru-sprijinirea-sportului-si-educatie-trebuie-mai-intai-sa-treaca-de-votul-consilierilor\/embed\/#?secret=xmYUngT3Ra#?secret=ufZjfg3EZ7\" data-secret=\"ufZjfg3EZ7\" width=\"600\" height=\"338\" frameborder=\"0\" marginwidth=\"0\" marginheight=\"0\" scrolling=\"no\"><\/iframe>\n<\/div><\/figure>\n","protected":false},"excerpt":{"rendered":"<p>UPDATE: Cele doua\u0103 proiecte au fost votate in Consiliul Local. Prim\u0103ria Sectorului 3 inten\u021bioneaz\u0103 s\u0103 implementeze programul \u201e\u0218coala de var\u0103&#8221; \u0219i s\u0103 acorde un sprijin financiar unit\u0103\u021bilor de \u00eenv\u0103\u021b\u0103m\u00e2nt de stat care deruleaz\u0103 programul. Proiectul de hot\u0103r\u00e2re a\u0219teapt\u0103 votul consilierilor locali, \u00een \u0219edin\u021ba din 30 mai. Suma care ar trebui aprobat\u0103 este de 5.000.000,00 de [&hellip;]<\/p>\n","protected":false},"author":49,"featured_media":86667,"comment_status":"closed","ping_status":"open","sticky":false,"template":"","format":"standard","meta":{"_acf_changed":false,"inline_featured_image":false,"ngg_post_thumbnail":0,"footnotes":""},"categories":[6994,24,62],"tags":[2527,12291,12290,440],"ppma_author":[22574],"class_list":["post-86657","post","type-post","status-publish","format-standard","has-post-thumbnail","hentry","category-stiri-2","category-primarie","category-stiri","tag-consiliul-local-sector-3","tag-gradinita-de-vara-2","tag-scoala-de-vara-2","tag-sector-3"],"acf":[],"yoast_head":"<!-- This site is optimized with the Yoast SEO Premium plugin v25.3 (Yoast SEO v27.5) - https:\/\/yoast.com\/product\/yoast-seo-premium-wordpress\/ -->\n<title>Sector 3 | Programele \u201e\u0218coala de var\u0103\u201d \u0219i \u201eGr\u0103dini\u0163a de var\u0103\u201d a\u0219teapt\u0103 votul \u00een Consiliul Local, pe 30 mai - Buletin de Bucure\u0219ti<\/title>\n<meta name=\"robots\" content=\"index, follow, max-snippet:-1, max-image-preview:large, max-video-preview:-1\" \/>\n<link rel=\"canonical\" href=\"https:\/\/buletin.de\/bucuresti\/sector-3-programele-scoala-de-vara-si-gradinita-de-vara-asteapta-votul-in-consiliul-local-pe-30-mai\/\" \/>\n<meta property=\"og:locale\" content=\"en_GB\" \/>\n<meta property=\"og:type\" content=\"article\" \/>\n<meta property=\"og:title\" content=\"Sector 3 | Programele \u201e\u0218coala de var\u0103\u201d \u0219i \u201eGr\u0103dini\u0163a de var\u0103\u201d a\u0219teapt\u0103 votul \u00een Consiliul Local, pe 30 mai\" \/>\n<meta property=\"og:description\" content=\"UPDATE: Cele doua\u0103 proiecte au fost votate in Consiliul Local. Prim\u0103ria Sectorului 3 inten\u021bioneaz\u0103 s\u0103 implementeze programul \u201e\u0218coala de var\u0103&#8221; \u0219i s\u0103 acorde un sprijin financiar unit\u0103\u021bilor de \u00eenv\u0103\u021b\u0103m\u00e2nt de stat care deruleaz\u0103 programul. Proiectul de hot\u0103r\u00e2re a\u0219teapt\u0103 votul consilierilor locali, \u00een \u0219edin\u021ba din 30 mai. Suma care ar trebui aprobat\u0103 este de 5.000.000,00 de [&hellip;]\" \/>\n<meta property=\"og:url\" content=\"https:\/\/buletin.de\/bucuresti\/sector-3-programele-scoala-de-vara-si-gradinita-de-vara-asteapta-votul-in-consiliul-local-pe-30-mai\/\" \/>\n<meta property=\"og:site_name\" content=\"Buletin de Bucure\u0219ti\" \/>\n<meta property=\"article:publisher\" content=\"https:\/\/www.facebook.com\/buletin.de.buc\" \/>\n<meta property=\"article:published_time\" content=\"2024-05-28T21:51:11+00:00\" \/>\n<meta property=\"article:modified_time\" content=\"2024-05-30T14:21:08+00:00\" \/>\n<meta property=\"og:image\" content=\"https:\/\/buletin.de\/bucuresti\/wp-content\/uploads\/gradi.webp\" \/>\n\t<meta property=\"og:image:width\" content=\"800\" \/>\n\t<meta property=\"og:image:height\" content=\"533\" \/>\n\t<meta property=\"og:image:type\" content=\"image\/webp\" \/>\n<meta name=\"author\" content=\"Diana Matei\" \/>\n<meta name=\"twitter:card\" content=\"summary_large_image\" \/>\n<meta name=\"twitter:label1\" content=\"Written by\" \/>\n\t<meta name=\"twitter:data1\" content=\"Diana Matei\" \/>\n\t<meta name=\"twitter:label2\" content=\"Estimated reading time\" \/>\n\t<meta name=\"twitter:data2\" content=\"1 minute\" \/>\n<script type=\"application\/ld+json\" class=\"yoast-schema-graph\">{\"@context\":\"https:\\\/\\\/schema.org\",\"@graph\":[{\"@type\":\"Article\",\"@id\":\"https:\\\/\\\/buletin.de\\\/bucuresti\\\/sector-3-programele-scoala-de-vara-si-gradinita-de-vara-asteapta-votul-in-consiliul-local-pe-30-mai\\\/#article\",\"isPartOf\":{\"@id\":\"https:\\\/\\\/buletin.de\\\/bucuresti\\\/sector-3-programele-scoala-de-vara-si-gradinita-de-vara-asteapta-votul-in-consiliul-local-pe-30-mai\\\/\"},\"author\":{\"name\":\"Diana Matei\",\"@id\":\"https:\\\/\\\/buletin.de\\\/bucuresti\\\/#\\\/schema\\\/person\\\/7e46040573290777280a0835d81ea4ea\"},\"headline\":\"Sector 3 | Programele \u201e\u0218coala de var\u0103\u201d \u0219i \u201eGr\u0103dini\u0163a de var\u0103\u201d a\u0219teapt\u0103 votul \u00een Consiliul Local, pe 30 mai\",\"datePublished\":\"2024-05-28T21:51:11+00:00\",\"dateModified\":\"2024-05-30T14:21:08+00:00\",\"mainEntityOfPage\":{\"@id\":\"https:\\\/\\\/buletin.de\\\/bucuresti\\\/sector-3-programele-scoala-de-vara-si-gradinita-de-vara-asteapta-votul-in-consiliul-local-pe-30-mai\\\/\"},\"wordCount\":211,\"publisher\":{\"@id\":\"https:\\\/\\\/buletin.de\\\/bucuresti\\\/#organization\"},\"image\":{\"@id\":\"https:\\\/\\\/buletin.de\\\/bucuresti\\\/sector-3-programele-scoala-de-vara-si-gradinita-de-vara-asteapta-votul-in-consiliul-local-pe-30-mai\\\/#primaryimage\"},\"thumbnailUrl\":\"https:\\\/\\\/buletin.de\\\/bucuresti\\\/wp-content\\\/uploads\\\/gradi.webp\",\"keywords\":[\"consiliul local sector 3\",\"Gr\u0103dini\u0163a de var\u0103\",\"\u0218coala de var\u0103\",\"Sector 3\"],\"articleSection\":[\"Articole\",\"Prim\u0103rie\",\"\u0218tiri\"],\"inLanguage\":\"en-GB\",\"copyrightYear\":\"2024\",\"copyrightHolder\":{\"@id\":\"https:\\\/\\\/buletin.de\\\/bucuresti\\\/#organization\"}},{\"@type\":\"WebPage\",\"@id\":\"https:\\\/\\\/buletin.de\\\/bucuresti\\\/sector-3-programele-scoala-de-vara-si-gradinita-de-vara-asteapta-votul-in-consiliul-local-pe-30-mai\\\/\",\"url\":\"https:\\\/\\\/buletin.de\\\/bucuresti\\\/sector-3-programele-scoala-de-vara-si-gradinita-de-vara-asteapta-votul-in-consiliul-local-pe-30-mai\\\/\",\"name\":\"Sector 3 | Programele \u201e\u0218coala de var\u0103\u201d \u0219i \u201eGr\u0103dini\u0163a de var\u0103\u201d a\u0219teapt\u0103 votul \u00een Consiliul Local, pe 30 mai - Buletin de Bucure\u0219ti\",\"isPartOf\":{\"@id\":\"https:\\\/\\\/buletin.de\\\/bucuresti\\\/#website\"},\"primaryImageOfPage\":{\"@id\":\"https:\\\/\\\/buletin.de\\\/bucuresti\\\/sector-3-programele-scoala-de-vara-si-gradinita-de-vara-asteapta-votul-in-consiliul-local-pe-30-mai\\\/#primaryimage\"},\"image\":{\"@id\":\"https:\\\/\\\/buletin.de\\\/bucuresti\\\/sector-3-programele-scoala-de-vara-si-gradinita-de-vara-asteapta-votul-in-consiliul-local-pe-30-mai\\\/#primaryimage\"},\"thumbnailUrl\":\"https:\\\/\\\/buletin.de\\\/bucuresti\\\/wp-content\\\/uploads\\\/gradi.webp\",\"datePublished\":\"2024-05-28T21:51:11+00:00\",\"dateModified\":\"2024-05-30T14:21:08+00:00\",\"breadcrumb\":{\"@id\":\"https:\\\/\\\/buletin.de\\\/bucuresti\\\/sector-3-programele-scoala-de-vara-si-gradinita-de-vara-asteapta-votul-in-consiliul-local-pe-30-mai\\\/#breadcrumb\"},\"inLanguage\":\"en-GB\",\"potentialAction\":[{\"@type\":\"ReadAction\",\"target\":[\"https:\\\/\\\/buletin.de\\\/bucuresti\\\/sector-3-programele-scoala-de-vara-si-gradinita-de-vara-asteapta-votul-in-consiliul-local-pe-30-mai\\\/\"]}]},{\"@type\":\"ImageObject\",\"inLanguage\":\"en-GB\",\"@id\":\"https:\\\/\\\/buletin.de\\\/bucuresti\\\/sector-3-programele-scoala-de-vara-si-gradinita-de-vara-asteapta-votul-in-consiliul-local-pe-30-mai\\\/#primaryimage\",\"url\":\"https:\\\/\\\/buletin.de\\\/bucuresti\\\/wp-content\\\/uploads\\\/gradi.webp\",\"contentUrl\":\"https:\\\/\\\/buletin.de\\\/bucuresti\\\/wp-content\\\/uploads\\\/gradi.webp\",\"width\":800,\"height\":533,\"caption\":\"FOTO: Edupedu.ro\"},{\"@type\":\"BreadcrumbList\",\"@id\":\"https:\\\/\\\/buletin.de\\\/bucuresti\\\/sector-3-programele-scoala-de-vara-si-gradinita-de-vara-asteapta-votul-in-consiliul-local-pe-30-mai\\\/#breadcrumb\",\"itemListElement\":[{\"@type\":\"ListItem\",\"position\":1,\"name\":\"Acas\u0103\",\"item\":\"https:\\\/\\\/buletin.de\\\/bucuresti\\\/\"},{\"@type\":\"ListItem\",\"position\":2,\"name\":\"Sector 3 | Programele \u201e\u0218coala de var\u0103\u201d \u0219i \u201eGr\u0103dini\u0163a de var\u0103\u201d a\u0219teapt\u0103 votul \u00een Consiliul Local, pe 30 mai\"}]},{\"@type\":\"WebSite\",\"@id\":\"https:\\\/\\\/buletin.de\\\/bucuresti\\\/#website\",\"url\":\"https:\\\/\\\/buletin.de\\\/bucuresti\\\/\",\"name\":\"Buletin de Bucure\u0219ti\",\"description\":\"\u0218tiri \u0219i investiga\u021bii esen\u021biale din capital\u0103\",\"publisher\":{\"@id\":\"https:\\\/\\\/buletin.de\\\/bucuresti\\\/#organization\"},\"potentialAction\":[{\"@type\":\"SearchAction\",\"target\":{\"@type\":\"EntryPoint\",\"urlTemplate\":\"https:\\\/\\\/buletin.de\\\/bucuresti\\\/?s={search_term_string}\"},\"query-input\":{\"@type\":\"PropertyValueSpecification\",\"valueRequired\":true,\"valueName\":\"search_term_string\"}}],\"inLanguage\":\"en-GB\"},{\"@type\":\"Organization\",\"@id\":\"https:\\\/\\\/buletin.de\\\/bucuresti\\\/#organization\",\"name\":\"Buletin de Bucure\u0219ti\",\"url\":\"https:\\\/\\\/buletin.de\\\/bucuresti\\\/\",\"logo\":{\"@type\":\"ImageObject\",\"inLanguage\":\"en-GB\",\"@id\":\"https:\\\/\\\/buletin.de\\\/bucuresti\\\/#\\\/schema\\\/logo\\\/image\\\/\",\"url\":\"https:\\\/\\\/buletin.de\\\/bucuresti\\\/wp-content\\\/uploads\\\/logo-bdb-full-wide-vernil-transparent.png\",\"contentUrl\":\"https:\\\/\\\/buletin.de\\\/bucuresti\\\/wp-content\\\/uploads\\\/logo-bdb-full-wide-vernil-transparent.png\",\"width\":1782,\"height\":626,\"caption\":\"Buletin de Bucure\u0219ti\"},\"image\":{\"@id\":\"https:\\\/\\\/buletin.de\\\/bucuresti\\\/#\\\/schema\\\/logo\\\/image\\\/\"},\"sameAs\":[\"https:\\\/\\\/www.facebook.com\\\/buletin.de.buc\",\"https:\\\/\\\/www.instagram.com\\\/buletinde.bucuresti\\\/\"]},{\"@type\":\"Person\",\"@id\":\"https:\\\/\\\/buletin.de\\\/bucuresti\\\/#\\\/schema\\\/person\\\/7e46040573290777280a0835d81ea4ea\",\"name\":\"Diana Matei\",\"image\":{\"@type\":\"ImageObject\",\"inLanguage\":\"en-GB\",\"@id\":\"https:\\\/\\\/buletin.de\\\/bucuresti\\\/wp-content\\\/uploads\\\/9-2-96x96.jpg1e8590b30871d70e62ebcdaf2eff570c\",\"url\":\"https:\\\/\\\/buletin.de\\\/bucuresti\\\/wp-content\\\/uploads\\\/9-2-96x96.jpg\",\"contentUrl\":\"https:\\\/\\\/buletin.de\\\/bucuresti\\\/wp-content\\\/uploads\\\/9-2-96x96.jpg\",\"caption\":\"Diana Matei\"},\"url\":\"https:\\\/\\\/buletin.de\\\/bucuresti\\\/author\\\/dianamatei\\\/\"}]}<\/script>\n<!-- \/ Yoast SEO Premium plugin. -->","yoast_head_json":{"title":"Sector 3 | Programele \u201e\u0218coala de var\u0103\u201d \u0219i \u201eGr\u0103dini\u0163a de var\u0103\u201d a\u0219teapt\u0103 votul \u00een Consiliul Local, pe 30 mai - Buletin de Bucure\u0219ti","robots":{"index":"index","follow":"follow","max-snippet":"max-snippet:-1","max-image-preview":"max-image-preview:large","max-video-preview":"max-video-preview:-1"},"canonical":"https:\/\/buletin.de\/bucuresti\/sector-3-programele-scoala-de-vara-si-gradinita-de-vara-asteapta-votul-in-consiliul-local-pe-30-mai\/","og_locale":"en_GB","og_type":"article","og_title":"Sector 3 | Programele \u201e\u0218coala de var\u0103\u201d \u0219i \u201eGr\u0103dini\u0163a de var\u0103\u201d a\u0219teapt\u0103 votul \u00een Consiliul Local, pe 30 mai","og_description":"UPDATE: Cele doua\u0103 proiecte au fost votate in Consiliul Local. Prim\u0103ria Sectorului 3 inten\u021bioneaz\u0103 s\u0103 implementeze programul \u201e\u0218coala de var\u0103&#8221; \u0219i s\u0103 acorde un sprijin financiar unit\u0103\u021bilor de \u00eenv\u0103\u021b\u0103m\u00e2nt de stat care deruleaz\u0103 programul. Proiectul de hot\u0103r\u00e2re a\u0219teapt\u0103 votul consilierilor locali, \u00een \u0219edin\u021ba din 30 mai. Suma care ar trebui aprobat\u0103 este de 5.000.000,00 de [&hellip;]","og_url":"https:\/\/buletin.de\/bucuresti\/sector-3-programele-scoala-de-vara-si-gradinita-de-vara-asteapta-votul-in-consiliul-local-pe-30-mai\/","og_site_name":"Buletin de Bucure\u0219ti","article_publisher":"https:\/\/www.facebook.com\/buletin.de.buc","article_published_time":"2024-05-28T21:51:11+00:00","article_modified_time":"2024-05-30T14:21:08+00:00","og_image":[{"width":800,"height":533,"url":"https:\/\/buletin.de\/bucuresti\/wp-content\/uploads\/gradi.webp","type":"image\/webp"}],"author":"Diana Matei","twitter_card":"summary_large_image","twitter_misc":{"Written by":"Diana Matei","Estimated reading time":"1 minute"},"schema":{"@context":"https:\/\/schema.org","@graph":[{"@type":"Article","@id":"https:\/\/buletin.de\/bucuresti\/sector-3-programele-scoala-de-vara-si-gradinita-de-vara-asteapta-votul-in-consiliul-local-pe-30-mai\/#article","isPartOf":{"@id":"https:\/\/buletin.de\/bucuresti\/sector-3-programele-scoala-de-vara-si-gradinita-de-vara-asteapta-votul-in-consiliul-local-pe-30-mai\/"},"author":{"name":"Diana Matei","@id":"https:\/\/buletin.de\/bucuresti\/#\/schema\/person\/7e46040573290777280a0835d81ea4ea"},"headline":"Sector 3 | Programele \u201e\u0218coala de var\u0103\u201d \u0219i \u201eGr\u0103dini\u0163a de var\u0103\u201d a\u0219teapt\u0103 votul \u00een Consiliul Local, pe 30 mai","datePublished":"2024-05-28T21:51:11+00:00","dateModified":"2024-05-30T14:21:08+00:00","mainEntityOfPage":{"@id":"https:\/\/buletin.de\/bucuresti\/sector-3-programele-scoala-de-vara-si-gradinita-de-vara-asteapta-votul-in-consiliul-local-pe-30-mai\/"},"wordCount":211,"publisher":{"@id":"https:\/\/buletin.de\/bucuresti\/#organization"},"image":{"@id":"https:\/\/buletin.de\/bucuresti\/sector-3-programele-scoala-de-vara-si-gradinita-de-vara-asteapta-votul-in-consiliul-local-pe-30-mai\/#primaryimage"},"thumbnailUrl":"https:\/\/buletin.de\/bucuresti\/wp-content\/uploads\/gradi.webp","keywords":["consiliul local sector 3","Gr\u0103dini\u0163a de var\u0103","\u0218coala de var\u0103","Sector 3"],"articleSection":["Articole","Prim\u0103rie","\u0218tiri"],"inLanguage":"en-GB","copyrightYear":"2024","copyrightHolder":{"@id":"https:\/\/buletin.de\/bucuresti\/#organization"}},{"@type":"WebPage","@id":"https:\/\/buletin.de\/bucuresti\/sector-3-programele-scoala-de-vara-si-gradinita-de-vara-asteapta-votul-in-consiliul-local-pe-30-mai\/","url":"https:\/\/buletin.de\/bucuresti\/sector-3-programele-scoala-de-vara-si-gradinita-de-vara-asteapta-votul-in-consiliul-local-pe-30-mai\/","name":"Sector 3 | Programele \u201e\u0218coala de var\u0103\u201d \u0219i \u201eGr\u0103dini\u0163a de var\u0103\u201d a\u0219teapt\u0103 votul \u00een Consiliul Local, pe 30 mai - Buletin de Bucure\u0219ti","isPartOf":{"@id":"https:\/\/buletin.de\/bucuresti\/#website"},"primaryImageOfPage":{"@id":"https:\/\/buletin.de\/bucuresti\/sector-3-programele-scoala-de-vara-si-gradinita-de-vara-asteapta-votul-in-consiliul-local-pe-30-mai\/#primaryimage"},"image":{"@id":"https:\/\/buletin.de\/bucuresti\/sector-3-programele-scoala-de-vara-si-gradinita-de-vara-asteapta-votul-in-consiliul-local-pe-30-mai\/#primaryimage"},"thumbnailUrl":"https:\/\/buletin.de\/bucuresti\/wp-content\/uploads\/gradi.webp","datePublished":"2024-05-28T21:51:11+00:00","dateModified":"2024-05-30T14:21:08+00:00","breadcrumb":{"@id":"https:\/\/buletin.de\/bucuresti\/sector-3-programele-scoala-de-vara-si-gradinita-de-vara-asteapta-votul-in-consiliul-local-pe-30-mai\/#breadcrumb"},"inLanguage":"en-GB","potentialAction":[{"@type":"ReadAction","target":["https:\/\/buletin.de\/bucuresti\/sector-3-programele-scoala-de-vara-si-gradinita-de-vara-asteapta-votul-in-consiliul-local-pe-30-mai\/"]}]},{"@type":"ImageObject","inLanguage":"en-GB","@id":"https:\/\/buletin.de\/bucuresti\/sector-3-programele-scoala-de-vara-si-gradinita-de-vara-asteapta-votul-in-consiliul-local-pe-30-mai\/#primaryimage","url":"https:\/\/buletin.de\/bucuresti\/wp-content\/uploads\/gradi.webp","contentUrl":"https:\/\/buletin.de\/bucuresti\/wp-content\/uploads\/gradi.webp","width":800,"height":533,"caption":"FOTO: Edupedu.ro"},{"@type":"BreadcrumbList","@id":"https:\/\/buletin.de\/bucuresti\/sector-3-programele-scoala-de-vara-si-gradinita-de-vara-asteapta-votul-in-consiliul-local-pe-30-mai\/#breadcrumb","itemListElement":[{"@type":"ListItem","position":1,"name":"Acas\u0103","item":"https:\/\/buletin.de\/bucuresti\/"},{"@type":"ListItem","position":2,"name":"Sector 3 | Programele \u201e\u0218coala de var\u0103\u201d \u0219i \u201eGr\u0103dini\u0163a de var\u0103\u201d a\u0219teapt\u0103 votul \u00een Consiliul Local, pe 30 mai"}]},{"@type":"WebSite","@id":"https:\/\/buletin.de\/bucuresti\/#website","url":"https:\/\/buletin.de\/bucuresti\/","name":"Buletin de Bucure\u0219ti","description":"\u0218tiri \u0219i investiga\u021bii esen\u021biale din capital\u0103","publisher":{"@id":"https:\/\/buletin.de\/bucuresti\/#organization"},"potentialAction":[{"@type":"SearchAction","target":{"@type":"EntryPoint","urlTemplate":"https:\/\/buletin.de\/bucuresti\/?s={search_term_string}"},"query-input":{"@type":"PropertyValueSpecification","valueRequired":true,"valueName":"search_term_string"}}],"inLanguage":"en-GB"},{"@type":"Organization","@id":"https:\/\/buletin.de\/bucuresti\/#organization","name":"Buletin de Bucure\u0219ti","url":"https:\/\/buletin.de\/bucuresti\/","logo":{"@type":"ImageObject","inLanguage":"en-GB","@id":"https:\/\/buletin.de\/bucuresti\/#\/schema\/logo\/image\/","url":"https:\/\/buletin.de\/bucuresti\/wp-content\/uploads\/logo-bdb-full-wide-vernil-transparent.png","contentUrl":"https:\/\/buletin.de\/bucuresti\/wp-content\/uploads\/logo-bdb-full-wide-vernil-transparent.png","width":1782,"height":626,"caption":"Buletin de Bucure\u0219ti"},"image":{"@id":"https:\/\/buletin.de\/bucuresti\/#\/schema\/logo\/image\/"},"sameAs":["https:\/\/www.facebook.com\/buletin.de.buc","https:\/\/www.instagram.com\/buletinde.bucuresti\/"]},{"@type":"Person","@id":"https:\/\/buletin.de\/bucuresti\/#\/schema\/person\/7e46040573290777280a0835d81ea4ea","name":"Diana Matei","image":{"@type":"ImageObject","inLanguage":"en-GB","@id":"https:\/\/buletin.de\/bucuresti\/wp-content\/uploads\/9-2-96x96.jpg1e8590b30871d70e62ebcdaf2eff570c","url":"https:\/\/buletin.de\/bucuresti\/wp-content\/uploads\/9-2-96x96.jpg","contentUrl":"https:\/\/buletin.de\/bucuresti\/wp-content\/uploads\/9-2-96x96.jpg","caption":"Diana Matei"},"url":"https:\/\/buletin.de\/bucuresti\/author\/dianamatei\/"}]}},"authors":[{"term_id":22574,"user_id":49,"is_guest":0,"slug":"dianamatei","display_name":"Diana Matei","avatar_url":"https:\/\/buletin.de\/bucuresti\/wp-content\/uploads\/9-2-96x96.jpg","0":null,"1":"","2":"","3":"","4":"","5":"","6":"","7":"","8":""}],"_links":{"self":[{"href":"https:\/\/buletin.de\/bucuresti\/wp-json\/wp\/v2\/posts\/86657","targetHints":{"allow":["GET"]}}],"collection":[{"href":"https:\/\/buletin.de\/bucuresti\/wp-json\/wp\/v2\/posts"}],"about":[{"href":"https:\/\/buletin.de\/bucuresti\/wp-json\/wp\/v2\/types\/post"}],"author":[{"embeddable":true,"href":"https:\/\/buletin.de\/bucuresti\/wp-json\/wp\/v2\/users\/49"}],"replies":[{"embeddable":true,"href":"https:\/\/buletin.de\/bucuresti\/wp-json\/wp\/v2\/comments?post=86657"}],"version-history":[{"count":4,"href":"https:\/\/buletin.de\/bucuresti\/wp-json\/wp\/v2\/posts\/86657\/revisions"}],"predecessor-version":[{"id":86960,"href":"https:\/\/buletin.de\/bucuresti\/wp-json\/wp\/v2\/posts\/86657\/revisions\/86960"}],"wp:featuredmedia":[{"embeddable":true,"href":"https:\/\/buletin.de\/bucuresti\/wp-json\/wp\/v2\/media\/86667"}],"wp:attachment":[{"href":"https:\/\/buletin.de\/bucuresti\/wp-json\/wp\/v2\/media?parent=86657"}],"wp:term":[{"taxonomy":"category","embeddable":true,"href":"https:\/\/buletin.de\/bucuresti\/wp-json\/wp\/v2\/categories?post=86657"},{"taxonomy":"post_tag","embeddable":true,"href":"https:\/\/buletin.de\/bucuresti\/wp-json\/wp\/v2\/tags?post=86657"},{"taxonomy":"author","embeddable":true,"href":"https:\/\/buletin.de\/bucuresti\/wp-json\/wp\/v2\/ppma_author?post=86657"}],"curies":[{"name":"wp","href":"https:\/\/api.w.org\/{rel}","templated":true}]}}