{"id":86641,"date":"2024-05-28T13:11:21","date_gmt":"2024-05-28T10:11:21","guid":{"rendered":"https:\/\/buletin.de\/bucuresti\/?p=86641"},"modified":"2024-05-28T13:11:30","modified_gmt":"2024-05-28T10:11:30","slug":"fantanile-arteziene-de-milioane-de-euro-vor-vantura-apa-din-lacul-ior-robert-negoita-anunta-spectacol-cu-lumini-si-muzica","status":"publish","type":"post","link":"https:\/\/buletin.de\/bucuresti\/fantanile-arteziene-de-milioane-de-euro-vor-vantura-apa-din-lacul-ior-robert-negoita-anunta-spectacol-cu-lumini-si-muzica\/","title":{"rendered":"F\u00e2nt\u00e2nile arteziene de milioane de euro vor \u201ev\u00e2ntura\u201d apa din lacul IOR. Robert Negoi\u021b\u0103 anun\u021b\u0103 spectacol cu lumini \u015fi muzic\u0103"},"content":{"rendered":"\n<p><strong>Mai multe f\u00e2nt\u00e2ni arteziene au fost montate pe luciul apei din parcul Alexandru Ioan Cuza \u015fi urmeaz\u0103 s\u0103 fie inaugurate c\u00e2t de cur\u00e2nd, anun\u021b\u0103 primarul Sectorului 3 Robert Negoi\u0163\u0103. Acesta spune c\u0103 f\u00e2nt\u00e2nile au dublu rol &#8211; s\u0103 aereze apa st\u0103tut\u0103 \u015fi s\u0103 fie prilej de distrac\u0163ie pentru bucure\u015ftenii care viziteaz\u0103 parcul, asta pentru c\u0103 vor avea inclus un spectacol cu ap\u0103, lumini \u015fi muzic\u0103. F\u00e2nt\u00e2nile fac parte dintr-un pachet votat \u00een prim\u0103vara lui 2023: cele din IOR au costat 4 milioane de euro, si cele din parcul Teilor, 2 milioane de euro.<\/strong><\/p>\n\n\n\n<p>Primarul Negoi\u0163\u0103 a vrut s\u0103 puncteze \u00een campania electoral\u0103 printr-un <a href=\"https:\/\/www.facebook.com\/Robert.Negoita\/videos\/1134171207909211\">live <\/a>f\u0103cut seara trecut\u0103, \u00een fa\u0163a acestor f\u00e2nt\u00e2ni, care erau pornite pentru probe. <\/p>\n\n\n\n<blockquote class=\"wp-block-quote is-layout-flow wp-block-quote-is-layout-flow\">\n<p class=\"has-medium-font-size\"><strong>Un lac frumos care, c\u00e2teodat\u0103, mai ales vara, are ceva probleme, \u00een sensul \u00een care apa nu e la calitatea care trebuie. \u015ei ce trebuie f\u0103cut? Trebuie aerat\u0103 apa, pentru c\u0103 lacul IOR e un lac de strat freatic, e un lac st\u0103t\u0103ror, nu e un r\u00e2u care s\u0103 curg\u0103 prin el \u015fi s\u0103 \u00eemprosp\u0103teze apa. \u015ei ce avem de f\u0103cut? Trebuie s\u0103 o aer\u0103m!<\/strong><\/p>\n<cite>robert negoi\u0163\u0103, primarul sectorului 3<\/cite><\/blockquote>\n\n\n\n<blockquote class=\"wp-block-quote is-layout-flow wp-block-quote-is-layout-flow\">\n<p class=\"has-medium-font-size\"><strong>\u00cencepe s\u0103 arate a\u015fa cum trebuie, acum se fac probele, \u00een cel mai scurt timp va fi func\u0163ional\u0103. \u015ei nu doar c\u0103 aereaz\u0103 apa \u015fi e foarte util\u0103 pentru lac, pentru ap\u0103\u2026 \u015fi pentru noi cei care o vedem c\u0103 va s\u0103 fie aici cu program, cu muzic\u0103, cu lumini, cu un aspect frumos, s\u0103 ne ajute, s\u0103 ne invite s\u0103 ie\u015fim seara \u00een parc.<\/strong><\/p>\n<cite>robert negoi\u0163\u0103, primarul sectorului 3<\/cite><\/blockquote>\n\n\n\n<p>Primarul se laud\u0103 c\u0103 va achita aceste investi\u0163ii cu bani europeni. Indiferent de sursa finan\u0163\u0103rii, proiectul astfel realizat a l\u0103sat cet\u0103\u0163enii sectorului \u00eemp\u0103r\u0163i\u0163i \u00een dou\u0103 tabere. Pe l\u00e2ng\u0103 ploaia de felicit\u0103ri, \u015fi-au f\u0103cut loc \u015fi contestatarii.<\/p>\n\n\n\n<blockquote class=\"wp-block-quote is-layout-flow wp-block-quote-is-layout-flow\">\n<p class=\"has-medium-font-size\"><strong>Lebedele, ratele, lisitele, broastele etc. toata fauna cred ca e mega incantata de aceste beculete. Imi e greu sa descriu in cuvinte ce kitsch imi pare.<\/strong><\/p>\n<cite>comentariu facebook<\/cite><\/blockquote>\n\n\n\n<blockquote class=\"wp-block-quote is-layout-flow wp-block-quote-is-layout-flow\">\n<p class=\"has-medium-font-size\"><strong>Ati distrus tot! Ingrozitor ! La revedere liniste si natura!<\/strong><\/p>\n<cite>comentariu facebook<\/cite><\/blockquote>\n\n\n\n<p>F\u00e2nt\u00e2nile acestea \u015fi cele din parcul Teilor fac parte dintr-un proiect ini\u0163iat de primar \u015fi votat de consilieri \u00een mai 2023, dup\u0103 cum Buletin de Bucure\u015fti a scris <a href=\"https:\/\/buletin.de\/bucuresti\/jocuri-de-apa-si-jeturi-coordonate-de-muzica-de-62-milioane-de-euro-in-parcurile-ior-si-teilor\/\">AICI<\/a>. <\/p>\n\n\n\n<p>Valoarea era de 6.2 milioane de euro. Pentru compara\u021bie, modernizarea celor 44 de f\u00e2nt\u00e2ni arteziene multimedia de la Unirii, \u00eentinse pe 1,4 kilometri, a costat \u015fapte milioane de euro. F\u00e2nt\u00e2nile amenajate de Prim\u0103ria Sectorului 3 vor avea 9 jocuri de ap\u0103, iar jeturile se vor sincroniza cu muzica de pe fundal.<\/p>\n\n\n\n<p>F\u00e2nt\u00e2na artezian\u0103 care va fi amplasat\u0103 \u00een Parcul Alexandru Ioan Cuza&nbsp;(IOR) \u00eentre Podul Liviu Rebreanu \u0219i Insula Pensionarilor este cea mai scump\u0103 dintre cele dou\u0103, mai precis 4 milioane de euro. Aceast\u0103 f\u00e2nt\u00e2n\u0103 are \u201e4 platforme plutitoare din o\u021bel inoxidabil pe care se vor amplasa echipamentele destinate jocurilor de ap\u0103\u201d. Conform proiectului, vor exista tipuri de 9 jocuri de ap\u0103: umbrel\u0103 de ap\u0103, parabolice perimetrale, jet de ap\u0103 cu aer comprimat, jet pivotant pe o ax\u0103, jet pivotant pe 2 axe, jet \u00eenalt, gol pe interior, jet multiform \u0219i jet pulverizare ap\u0103. Prim\u0103ria condus\u0103 de Robert Negoi\u021b\u0103 nu o s\u0103 cheltuie bani doar pentru amenajarea f\u00e2nt\u00e2nilor, ci o parte din bugetul poiectului va merge c\u0103tre un soft care va sincroniza lumina, muzica \u0219i jeturile.<\/p>\n\n\n\n<p>Cea de-a doua f\u00e2nt\u00e2n\u0103 este mai mic\u0103, dar \u0219i mai ieftin\u0103 (2 milioane de euro) \u0219i urmeaz\u0103 s\u0103 fie amenajat\u0103 \u00een Parcul Teilor de pe strada Br\u0103\u021b\u0103rii.<\/p>\n\n\n\n<p><\/p>\n\n\n\n<p><strong>CITE\u015eTE \u015eI:<\/strong><\/p>\n\n\n\n<figure class=\"wp-block-embed is-type-wp-embed is-provider-buletin-de-bucure-ti wp-block-embed-buletin-de-bucure-ti\"><div class=\"wp-block-embed__wrapper\">\n<blockquote class=\"wp-embedded-content\" data-secret=\"ha1jXD4oXl\"><a href=\"https:\/\/buletin.de\/bucuresti\/sector-4-podea-plutitoare-de-860-000-de-euro-pentru-fantana-din-parcul-tudor-arghezi\/\">Sector 4 | Podea plutitoare de 860.000 de euro pentru f\u00e2nt\u00e2na din parcul Tudor Arghezi<\/a><\/blockquote><iframe class=\"wp-embedded-content\" sandbox=\"allow-scripts\" security=\"restricted\" style=\"position: absolute; clip: rect(1px, 1px, 1px, 1px);\" title=\"&#8220;Sector 4 | Podea plutitoare de 860.000 de euro pentru f\u00e2nt\u00e2na din parcul Tudor Arghezi&#8221; &#8212; Buletin de Bucure\u0219ti\" src=\"https:\/\/buletin.de\/bucuresti\/sector-4-podea-plutitoare-de-860-000-de-euro-pentru-fantana-din-parcul-tudor-arghezi\/embed\/#?secret=9IlwkoFT0C#?secret=ha1jXD4oXl\" data-secret=\"ha1jXD4oXl\" width=\"600\" height=\"338\" frameborder=\"0\" marginwidth=\"0\" marginheight=\"0\" scrolling=\"no\"><\/iframe>\n<\/div><\/figure>\n","protected":false},"excerpt":{"rendered":"<p>Mai multe f\u00e2nt\u00e2ni arteziene au fost montate pe luciul apei din parcul Alexandru Ioan Cuza \u015fi urmeaz\u0103 s\u0103 fie inaugurate c\u00e2t de cur\u00e2nd, anun\u021b\u0103 primarul Sectorului 3 Robert Negoi\u0163\u0103. Acesta spune c\u0103 f\u00e2nt\u00e2nile au dublu rol &#8211; s\u0103 aereze apa st\u0103tut\u0103 \u015fi s\u0103 fie prilej de distrac\u0163ie pentru bucure\u015ftenii care viziteaz\u0103 parcul, asta pentru c\u0103 [&hellip;]<\/p>\n","protected":false},"author":8,"featured_media":86643,"comment_status":"closed","ping_status":"open","sticky":false,"template":"","format":"standard","meta":{"_acf_changed":false,"inline_featured_image":false,"ngg_post_thumbnail":0,"footnotes":""},"categories":[6994,5762,109,9025,24],"tags":[12275,12274,12276,220],"ppma_author":[22586],"class_list":["post-86641","post","type-post","status-publish","format-standard","has-post-thumbnail","hentry","category-stiri-2","category-main","category-mediu","category-politic","category-primarie","tag-fantani-aerare-apa-lac-ior","tag-fantani-arteziene-ior","tag-fantani-spectacol-muzica-lumini-ior","tag-robert-negoita"],"acf":[],"yoast_head":"<!-- This site is optimized with the Yoast SEO Premium plugin v25.3 (Yoast SEO v27.5) - https:\/\/yoast.com\/product\/yoast-seo-premium-wordpress\/ -->\n<title>F\u00e2nt\u00e2nile arteziene de milioane de euro vor \u201ev\u00e2ntura\u201d apa din lacul IOR. Robert Negoi\u021b\u0103 anun\u021b\u0103 spectacol cu lumini \u015fi muzic\u0103 - Buletin de Bucure\u0219ti<\/title>\n<meta name=\"robots\" content=\"index, follow, max-snippet:-1, max-image-preview:large, max-video-preview:-1\" \/>\n<link rel=\"canonical\" href=\"https:\/\/buletin.de\/bucuresti\/fantanile-arteziene-de-milioane-de-euro-vor-vantura-apa-din-lacul-ior-robert-negoita-anunta-spectacol-cu-lumini-si-muzica\/\" \/>\n<meta property=\"og:locale\" content=\"en_GB\" \/>\n<meta property=\"og:type\" content=\"article\" \/>\n<meta property=\"og:title\" content=\"F\u00e2nt\u00e2nile arteziene de milioane de euro vor \u201ev\u00e2ntura\u201d apa din lacul IOR. Robert Negoi\u021b\u0103 anun\u021b\u0103 spectacol cu lumini \u015fi muzic\u0103\" \/>\n<meta property=\"og:description\" content=\"Mai multe f\u00e2nt\u00e2ni arteziene au fost montate pe luciul apei din parcul Alexandru Ioan Cuza \u015fi urmeaz\u0103 s\u0103 fie inaugurate c\u00e2t de cur\u00e2nd, anun\u021b\u0103 primarul Sectorului 3 Robert Negoi\u0163\u0103. Acesta spune c\u0103 f\u00e2nt\u00e2nile au dublu rol &#8211; s\u0103 aereze apa st\u0103tut\u0103 \u015fi s\u0103 fie prilej de distrac\u0163ie pentru bucure\u015ftenii care viziteaz\u0103 parcul, asta pentru c\u0103 [&hellip;]\" \/>\n<meta property=\"og:url\" content=\"https:\/\/buletin.de\/bucuresti\/fantanile-arteziene-de-milioane-de-euro-vor-vantura-apa-din-lacul-ior-robert-negoita-anunta-spectacol-cu-lumini-si-muzica\/\" \/>\n<meta property=\"og:site_name\" content=\"Buletin de Bucure\u0219ti\" \/>\n<meta property=\"article:publisher\" content=\"https:\/\/www.facebook.com\/buletin.de.buc\" \/>\n<meta property=\"article:published_time\" content=\"2024-05-28T10:11:21+00:00\" \/>\n<meta property=\"article:modified_time\" content=\"2024-05-28T10:11:30+00:00\" \/>\n<meta property=\"og:image\" content=\"https:\/\/buletin.de\/bucuresti\/wp-content\/uploads\/MixCollage-28-May-2024-01-03-PM-4632.jpg\" \/>\n\t<meta property=\"og:image:width\" content=\"2000\" \/>\n\t<meta property=\"og:image:height\" content=\"2000\" \/>\n\t<meta property=\"og:image:type\" content=\"image\/jpeg\" \/>\n<meta name=\"author\" content=\"Ionu\u021b Lepa\" \/>\n<meta name=\"twitter:card\" content=\"summary_large_image\" \/>\n<meta name=\"twitter:label1\" content=\"Written by\" \/>\n\t<meta name=\"twitter:data1\" content=\"Ionu\u021b Lepa\" \/>\n\t<meta name=\"twitter:label2\" content=\"Estimated reading time\" \/>\n\t<meta name=\"twitter:data2\" content=\"2 minutes\" \/>\n<script type=\"application\/ld+json\" class=\"yoast-schema-graph\">{\"@context\":\"https:\\\/\\\/schema.org\",\"@graph\":[{\"@type\":\"Article\",\"@id\":\"https:\\\/\\\/buletin.de\\\/bucuresti\\\/fantanile-arteziene-de-milioane-de-euro-vor-vantura-apa-din-lacul-ior-robert-negoita-anunta-spectacol-cu-lumini-si-muzica\\\/#article\",\"isPartOf\":{\"@id\":\"https:\\\/\\\/buletin.de\\\/bucuresti\\\/fantanile-arteziene-de-milioane-de-euro-vor-vantura-apa-din-lacul-ior-robert-negoita-anunta-spectacol-cu-lumini-si-muzica\\\/\"},\"author\":{\"name\":\"Ionu\u021b Lepa\",\"@id\":\"https:\\\/\\\/buletin.de\\\/bucuresti\\\/#\\\/schema\\\/person\\\/5272b8a057b33890940b57b837fc4ce6\"},\"headline\":\"F\u00e2nt\u00e2nile arteziene de milioane de euro vor \u201ev\u00e2ntura\u201d apa din lacul IOR. Robert Negoi\u021b\u0103 anun\u021b\u0103 spectacol cu lumini \u015fi muzic\u0103\",\"datePublished\":\"2024-05-28T10:11:21+00:00\",\"dateModified\":\"2024-05-28T10:11:30+00:00\",\"mainEntityOfPage\":{\"@id\":\"https:\\\/\\\/buletin.de\\\/bucuresti\\\/fantanile-arteziene-de-milioane-de-euro-vor-vantura-apa-din-lacul-ior-robert-negoita-anunta-spectacol-cu-lumini-si-muzica\\\/\"},\"wordCount\":640,\"publisher\":{\"@id\":\"https:\\\/\\\/buletin.de\\\/bucuresti\\\/#organization\"},\"image\":{\"@id\":\"https:\\\/\\\/buletin.de\\\/bucuresti\\\/fantanile-arteziene-de-milioane-de-euro-vor-vantura-apa-din-lacul-ior-robert-negoita-anunta-spectacol-cu-lumini-si-muzica\\\/#primaryimage\"},\"thumbnailUrl\":\"https:\\\/\\\/buletin.de\\\/bucuresti\\\/wp-content\\\/uploads\\\/MixCollage-28-May-2024-01-03-PM-4632.jpg\",\"keywords\":[\"fantani aerare apa lac ior\",\"fantani arteziene ior\",\"fantani spectacol muzica lumini ior\",\"robert negoita\"],\"articleSection\":[\"Articole\",\"Main\",\"Mediu\",\"Politic\",\"Prim\u0103rie\"],\"inLanguage\":\"en-GB\",\"copyrightYear\":\"2024\",\"copyrightHolder\":{\"@id\":\"https:\\\/\\\/buletin.de\\\/bucuresti\\\/#organization\"}},{\"@type\":\"WebPage\",\"@id\":\"https:\\\/\\\/buletin.de\\\/bucuresti\\\/fantanile-arteziene-de-milioane-de-euro-vor-vantura-apa-din-lacul-ior-robert-negoita-anunta-spectacol-cu-lumini-si-muzica\\\/\",\"url\":\"https:\\\/\\\/buletin.de\\\/bucuresti\\\/fantanile-arteziene-de-milioane-de-euro-vor-vantura-apa-din-lacul-ior-robert-negoita-anunta-spectacol-cu-lumini-si-muzica\\\/\",\"name\":\"F\u00e2nt\u00e2nile arteziene de milioane de euro vor \u201ev\u00e2ntura\u201d apa din lacul IOR. Robert Negoi\u021b\u0103 anun\u021b\u0103 spectacol cu lumini \u015fi muzic\u0103 - Buletin de Bucure\u0219ti\",\"isPartOf\":{\"@id\":\"https:\\\/\\\/buletin.de\\\/bucuresti\\\/#website\"},\"primaryImageOfPage\":{\"@id\":\"https:\\\/\\\/buletin.de\\\/bucuresti\\\/fantanile-arteziene-de-milioane-de-euro-vor-vantura-apa-din-lacul-ior-robert-negoita-anunta-spectacol-cu-lumini-si-muzica\\\/#primaryimage\"},\"image\":{\"@id\":\"https:\\\/\\\/buletin.de\\\/bucuresti\\\/fantanile-arteziene-de-milioane-de-euro-vor-vantura-apa-din-lacul-ior-robert-negoita-anunta-spectacol-cu-lumini-si-muzica\\\/#primaryimage\"},\"thumbnailUrl\":\"https:\\\/\\\/buletin.de\\\/bucuresti\\\/wp-content\\\/uploads\\\/MixCollage-28-May-2024-01-03-PM-4632.jpg\",\"datePublished\":\"2024-05-28T10:11:21+00:00\",\"dateModified\":\"2024-05-28T10:11:30+00:00\",\"breadcrumb\":{\"@id\":\"https:\\\/\\\/buletin.de\\\/bucuresti\\\/fantanile-arteziene-de-milioane-de-euro-vor-vantura-apa-din-lacul-ior-robert-negoita-anunta-spectacol-cu-lumini-si-muzica\\\/#breadcrumb\"},\"inLanguage\":\"en-GB\",\"potentialAction\":[{\"@type\":\"ReadAction\",\"target\":[\"https:\\\/\\\/buletin.de\\\/bucuresti\\\/fantanile-arteziene-de-milioane-de-euro-vor-vantura-apa-din-lacul-ior-robert-negoita-anunta-spectacol-cu-lumini-si-muzica\\\/\"]}]},{\"@type\":\"ImageObject\",\"inLanguage\":\"en-GB\",\"@id\":\"https:\\\/\\\/buletin.de\\\/bucuresti\\\/fantanile-arteziene-de-milioane-de-euro-vor-vantura-apa-din-lacul-ior-robert-negoita-anunta-spectacol-cu-lumini-si-muzica\\\/#primaryimage\",\"url\":\"https:\\\/\\\/buletin.de\\\/bucuresti\\\/wp-content\\\/uploads\\\/MixCollage-28-May-2024-01-03-PM-4632.jpg\",\"contentUrl\":\"https:\\\/\\\/buletin.de\\\/bucuresti\\\/wp-content\\\/uploads\\\/MixCollage-28-May-2024-01-03-PM-4632.jpg\",\"width\":2000,\"height\":2000,\"caption\":\"colaj foto capturi live Robert Negoi\u0163\u0103\"},{\"@type\":\"BreadcrumbList\",\"@id\":\"https:\\\/\\\/buletin.de\\\/bucuresti\\\/fantanile-arteziene-de-milioane-de-euro-vor-vantura-apa-din-lacul-ior-robert-negoita-anunta-spectacol-cu-lumini-si-muzica\\\/#breadcrumb\",\"itemListElement\":[{\"@type\":\"ListItem\",\"position\":1,\"name\":\"Acas\u0103\",\"item\":\"https:\\\/\\\/buletin.de\\\/bucuresti\\\/\"},{\"@type\":\"ListItem\",\"position\":2,\"name\":\"F\u00e2nt\u00e2nile arteziene de milioane de euro vor \u201ev\u00e2ntura\u201d apa din lacul IOR. Robert Negoi\u021b\u0103 anun\u021b\u0103 spectacol cu lumini \u015fi muzic\u0103\"}]},{\"@type\":\"WebSite\",\"@id\":\"https:\\\/\\\/buletin.de\\\/bucuresti\\\/#website\",\"url\":\"https:\\\/\\\/buletin.de\\\/bucuresti\\\/\",\"name\":\"Buletin de Bucure\u0219ti\",\"description\":\"\u0218tiri \u0219i investiga\u021bii esen\u021biale din capital\u0103\",\"publisher\":{\"@id\":\"https:\\\/\\\/buletin.de\\\/bucuresti\\\/#organization\"},\"potentialAction\":[{\"@type\":\"SearchAction\",\"target\":{\"@type\":\"EntryPoint\",\"urlTemplate\":\"https:\\\/\\\/buletin.de\\\/bucuresti\\\/?s={search_term_string}\"},\"query-input\":{\"@type\":\"PropertyValueSpecification\",\"valueRequired\":true,\"valueName\":\"search_term_string\"}}],\"inLanguage\":\"en-GB\"},{\"@type\":\"Organization\",\"@id\":\"https:\\\/\\\/buletin.de\\\/bucuresti\\\/#organization\",\"name\":\"Buletin de Bucure\u0219ti\",\"url\":\"https:\\\/\\\/buletin.de\\\/bucuresti\\\/\",\"logo\":{\"@type\":\"ImageObject\",\"inLanguage\":\"en-GB\",\"@id\":\"https:\\\/\\\/buletin.de\\\/bucuresti\\\/#\\\/schema\\\/logo\\\/image\\\/\",\"url\":\"https:\\\/\\\/buletin.de\\\/bucuresti\\\/wp-content\\\/uploads\\\/logo-bdb-full-wide-vernil-transparent.png\",\"contentUrl\":\"https:\\\/\\\/buletin.de\\\/bucuresti\\\/wp-content\\\/uploads\\\/logo-bdb-full-wide-vernil-transparent.png\",\"width\":1782,\"height\":626,\"caption\":\"Buletin de Bucure\u0219ti\"},\"image\":{\"@id\":\"https:\\\/\\\/buletin.de\\\/bucuresti\\\/#\\\/schema\\\/logo\\\/image\\\/\"},\"sameAs\":[\"https:\\\/\\\/www.facebook.com\\\/buletin.de.buc\",\"https:\\\/\\\/www.instagram.com\\\/buletinde.bucuresti\\\/\"]},{\"@type\":\"Person\",\"@id\":\"https:\\\/\\\/buletin.de\\\/bucuresti\\\/#\\\/schema\\\/person\\\/5272b8a057b33890940b57b837fc4ce6\",\"name\":\"Ionu\u021b Lepa\",\"image\":{\"@type\":\"ImageObject\",\"inLanguage\":\"en-GB\",\"@id\":\"https:\\\/\\\/buletin.de\\\/bucuresti\\\/wp-content\\\/uploads\\\/Ionut-Lepa-96x96.jpg5c4e4d9e049808799a8821652d2410a4\",\"url\":\"https:\\\/\\\/buletin.de\\\/bucuresti\\\/wp-content\\\/uploads\\\/Ionut-Lepa-96x96.jpg\",\"contentUrl\":\"https:\\\/\\\/buletin.de\\\/bucuresti\\\/wp-content\\\/uploads\\\/Ionut-Lepa-96x96.jpg\",\"caption\":\"Ionu\u021b Lepa\"},\"url\":\"https:\\\/\\\/buletin.de\\\/bucuresti\\\/author\\\/ionutlepa\\\/\"}]}<\/script>\n<!-- \/ Yoast SEO Premium plugin. -->","yoast_head_json":{"title":"F\u00e2nt\u00e2nile arteziene de milioane de euro vor \u201ev\u00e2ntura\u201d apa din lacul IOR. Robert Negoi\u021b\u0103 anun\u021b\u0103 spectacol cu lumini \u015fi muzic\u0103 - Buletin de Bucure\u0219ti","robots":{"index":"index","follow":"follow","max-snippet":"max-snippet:-1","max-image-preview":"max-image-preview:large","max-video-preview":"max-video-preview:-1"},"canonical":"https:\/\/buletin.de\/bucuresti\/fantanile-arteziene-de-milioane-de-euro-vor-vantura-apa-din-lacul-ior-robert-negoita-anunta-spectacol-cu-lumini-si-muzica\/","og_locale":"en_GB","og_type":"article","og_title":"F\u00e2nt\u00e2nile arteziene de milioane de euro vor \u201ev\u00e2ntura\u201d apa din lacul IOR. Robert Negoi\u021b\u0103 anun\u021b\u0103 spectacol cu lumini \u015fi muzic\u0103","og_description":"Mai multe f\u00e2nt\u00e2ni arteziene au fost montate pe luciul apei din parcul Alexandru Ioan Cuza \u015fi urmeaz\u0103 s\u0103 fie inaugurate c\u00e2t de cur\u00e2nd, anun\u021b\u0103 primarul Sectorului 3 Robert Negoi\u0163\u0103. Acesta spune c\u0103 f\u00e2nt\u00e2nile au dublu rol &#8211; s\u0103 aereze apa st\u0103tut\u0103 \u015fi s\u0103 fie prilej de distrac\u0163ie pentru bucure\u015ftenii care viziteaz\u0103 parcul, asta pentru c\u0103 [&hellip;]","og_url":"https:\/\/buletin.de\/bucuresti\/fantanile-arteziene-de-milioane-de-euro-vor-vantura-apa-din-lacul-ior-robert-negoita-anunta-spectacol-cu-lumini-si-muzica\/","og_site_name":"Buletin de Bucure\u0219ti","article_publisher":"https:\/\/www.facebook.com\/buletin.de.buc","article_published_time":"2024-05-28T10:11:21+00:00","article_modified_time":"2024-05-28T10:11:30+00:00","og_image":[{"width":2000,"height":2000,"url":"https:\/\/buletin.de\/bucuresti\/wp-content\/uploads\/MixCollage-28-May-2024-01-03-PM-4632.jpg","type":"image\/jpeg"}],"author":"Ionu\u021b Lepa","twitter_card":"summary_large_image","twitter_misc":{"Written by":"Ionu\u021b Lepa","Estimated reading time":"2 minutes"},"schema":{"@context":"https:\/\/schema.org","@graph":[{"@type":"Article","@id":"https:\/\/buletin.de\/bucuresti\/fantanile-arteziene-de-milioane-de-euro-vor-vantura-apa-din-lacul-ior-robert-negoita-anunta-spectacol-cu-lumini-si-muzica\/#article","isPartOf":{"@id":"https:\/\/buletin.de\/bucuresti\/fantanile-arteziene-de-milioane-de-euro-vor-vantura-apa-din-lacul-ior-robert-negoita-anunta-spectacol-cu-lumini-si-muzica\/"},"author":{"name":"Ionu\u021b Lepa","@id":"https:\/\/buletin.de\/bucuresti\/#\/schema\/person\/5272b8a057b33890940b57b837fc4ce6"},"headline":"F\u00e2nt\u00e2nile arteziene de milioane de euro vor \u201ev\u00e2ntura\u201d apa din lacul IOR. Robert Negoi\u021b\u0103 anun\u021b\u0103 spectacol cu lumini \u015fi muzic\u0103","datePublished":"2024-05-28T10:11:21+00:00","dateModified":"2024-05-28T10:11:30+00:00","mainEntityOfPage":{"@id":"https:\/\/buletin.de\/bucuresti\/fantanile-arteziene-de-milioane-de-euro-vor-vantura-apa-din-lacul-ior-robert-negoita-anunta-spectacol-cu-lumini-si-muzica\/"},"wordCount":640,"publisher":{"@id":"https:\/\/buletin.de\/bucuresti\/#organization"},"image":{"@id":"https:\/\/buletin.de\/bucuresti\/fantanile-arteziene-de-milioane-de-euro-vor-vantura-apa-din-lacul-ior-robert-negoita-anunta-spectacol-cu-lumini-si-muzica\/#primaryimage"},"thumbnailUrl":"https:\/\/buletin.de\/bucuresti\/wp-content\/uploads\/MixCollage-28-May-2024-01-03-PM-4632.jpg","keywords":["fantani aerare apa lac ior","fantani arteziene ior","fantani spectacol muzica lumini ior","robert negoita"],"articleSection":["Articole","Main","Mediu","Politic","Prim\u0103rie"],"inLanguage":"en-GB","copyrightYear":"2024","copyrightHolder":{"@id":"https:\/\/buletin.de\/bucuresti\/#organization"}},{"@type":"WebPage","@id":"https:\/\/buletin.de\/bucuresti\/fantanile-arteziene-de-milioane-de-euro-vor-vantura-apa-din-lacul-ior-robert-negoita-anunta-spectacol-cu-lumini-si-muzica\/","url":"https:\/\/buletin.de\/bucuresti\/fantanile-arteziene-de-milioane-de-euro-vor-vantura-apa-din-lacul-ior-robert-negoita-anunta-spectacol-cu-lumini-si-muzica\/","name":"F\u00e2nt\u00e2nile arteziene de milioane de euro vor \u201ev\u00e2ntura\u201d apa din lacul IOR. Robert Negoi\u021b\u0103 anun\u021b\u0103 spectacol cu lumini \u015fi muzic\u0103 - Buletin de Bucure\u0219ti","isPartOf":{"@id":"https:\/\/buletin.de\/bucuresti\/#website"},"primaryImageOfPage":{"@id":"https:\/\/buletin.de\/bucuresti\/fantanile-arteziene-de-milioane-de-euro-vor-vantura-apa-din-lacul-ior-robert-negoita-anunta-spectacol-cu-lumini-si-muzica\/#primaryimage"},"image":{"@id":"https:\/\/buletin.de\/bucuresti\/fantanile-arteziene-de-milioane-de-euro-vor-vantura-apa-din-lacul-ior-robert-negoita-anunta-spectacol-cu-lumini-si-muzica\/#primaryimage"},"thumbnailUrl":"https:\/\/buletin.de\/bucuresti\/wp-content\/uploads\/MixCollage-28-May-2024-01-03-PM-4632.jpg","datePublished":"2024-05-28T10:11:21+00:00","dateModified":"2024-05-28T10:11:30+00:00","breadcrumb":{"@id":"https:\/\/buletin.de\/bucuresti\/fantanile-arteziene-de-milioane-de-euro-vor-vantura-apa-din-lacul-ior-robert-negoita-anunta-spectacol-cu-lumini-si-muzica\/#breadcrumb"},"inLanguage":"en-GB","potentialAction":[{"@type":"ReadAction","target":["https:\/\/buletin.de\/bucuresti\/fantanile-arteziene-de-milioane-de-euro-vor-vantura-apa-din-lacul-ior-robert-negoita-anunta-spectacol-cu-lumini-si-muzica\/"]}]},{"@type":"ImageObject","inLanguage":"en-GB","@id":"https:\/\/buletin.de\/bucuresti\/fantanile-arteziene-de-milioane-de-euro-vor-vantura-apa-din-lacul-ior-robert-negoita-anunta-spectacol-cu-lumini-si-muzica\/#primaryimage","url":"https:\/\/buletin.de\/bucuresti\/wp-content\/uploads\/MixCollage-28-May-2024-01-03-PM-4632.jpg","contentUrl":"https:\/\/buletin.de\/bucuresti\/wp-content\/uploads\/MixCollage-28-May-2024-01-03-PM-4632.jpg","width":2000,"height":2000,"caption":"colaj foto capturi live Robert Negoi\u0163\u0103"},{"@type":"BreadcrumbList","@id":"https:\/\/buletin.de\/bucuresti\/fantanile-arteziene-de-milioane-de-euro-vor-vantura-apa-din-lacul-ior-robert-negoita-anunta-spectacol-cu-lumini-si-muzica\/#breadcrumb","itemListElement":[{"@type":"ListItem","position":1,"name":"Acas\u0103","item":"https:\/\/buletin.de\/bucuresti\/"},{"@type":"ListItem","position":2,"name":"F\u00e2nt\u00e2nile arteziene de milioane de euro vor \u201ev\u00e2ntura\u201d apa din lacul IOR. Robert Negoi\u021b\u0103 anun\u021b\u0103 spectacol cu lumini \u015fi muzic\u0103"}]},{"@type":"WebSite","@id":"https:\/\/buletin.de\/bucuresti\/#website","url":"https:\/\/buletin.de\/bucuresti\/","name":"Buletin de Bucure\u0219ti","description":"\u0218tiri \u0219i investiga\u021bii esen\u021biale din capital\u0103","publisher":{"@id":"https:\/\/buletin.de\/bucuresti\/#organization"},"potentialAction":[{"@type":"SearchAction","target":{"@type":"EntryPoint","urlTemplate":"https:\/\/buletin.de\/bucuresti\/?s={search_term_string}"},"query-input":{"@type":"PropertyValueSpecification","valueRequired":true,"valueName":"search_term_string"}}],"inLanguage":"en-GB"},{"@type":"Organization","@id":"https:\/\/buletin.de\/bucuresti\/#organization","name":"Buletin de Bucure\u0219ti","url":"https:\/\/buletin.de\/bucuresti\/","logo":{"@type":"ImageObject","inLanguage":"en-GB","@id":"https:\/\/buletin.de\/bucuresti\/#\/schema\/logo\/image\/","url":"https:\/\/buletin.de\/bucuresti\/wp-content\/uploads\/logo-bdb-full-wide-vernil-transparent.png","contentUrl":"https:\/\/buletin.de\/bucuresti\/wp-content\/uploads\/logo-bdb-full-wide-vernil-transparent.png","width":1782,"height":626,"caption":"Buletin de Bucure\u0219ti"},"image":{"@id":"https:\/\/buletin.de\/bucuresti\/#\/schema\/logo\/image\/"},"sameAs":["https:\/\/www.facebook.com\/buletin.de.buc","https:\/\/www.instagram.com\/buletinde.bucuresti\/"]},{"@type":"Person","@id":"https:\/\/buletin.de\/bucuresti\/#\/schema\/person\/5272b8a057b33890940b57b837fc4ce6","name":"Ionu\u021b Lepa","image":{"@type":"ImageObject","inLanguage":"en-GB","@id":"https:\/\/buletin.de\/bucuresti\/wp-content\/uploads\/Ionut-Lepa-96x96.jpg5c4e4d9e049808799a8821652d2410a4","url":"https:\/\/buletin.de\/bucuresti\/wp-content\/uploads\/Ionut-Lepa-96x96.jpg","contentUrl":"https:\/\/buletin.de\/bucuresti\/wp-content\/uploads\/Ionut-Lepa-96x96.jpg","caption":"Ionu\u021b Lepa"},"url":"https:\/\/buletin.de\/bucuresti\/author\/ionutlepa\/"}]}},"authors":[{"term_id":22586,"user_id":8,"is_guest":0,"slug":"ionutlepa","display_name":"Ionu\u021b Lepa","avatar_url":"https:\/\/buletin.de\/bucuresti\/wp-content\/uploads\/Ionut-Lepa-96x96.jpg","0":null,"1":"","2":"","3":"","4":"","5":"","6":"","7":"","8":""}],"_links":{"self":[{"href":"https:\/\/buletin.de\/bucuresti\/wp-json\/wp\/v2\/posts\/86641","targetHints":{"allow":["GET"]}}],"collection":[{"href":"https:\/\/buletin.de\/bucuresti\/wp-json\/wp\/v2\/posts"}],"about":[{"href":"https:\/\/buletin.de\/bucuresti\/wp-json\/wp\/v2\/types\/post"}],"author":[{"embeddable":true,"href":"https:\/\/buletin.de\/bucuresti\/wp-json\/wp\/v2\/users\/8"}],"replies":[{"embeddable":true,"href":"https:\/\/buletin.de\/bucuresti\/wp-json\/wp\/v2\/comments?post=86641"}],"version-history":[{"count":3,"href":"https:\/\/buletin.de\/bucuresti\/wp-json\/wp\/v2\/posts\/86641\/revisions"}],"predecessor-version":[{"id":86648,"href":"https:\/\/buletin.de\/bucuresti\/wp-json\/wp\/v2\/posts\/86641\/revisions\/86648"}],"wp:featuredmedia":[{"embeddable":true,"href":"https:\/\/buletin.de\/bucuresti\/wp-json\/wp\/v2\/media\/86643"}],"wp:attachment":[{"href":"https:\/\/buletin.de\/bucuresti\/wp-json\/wp\/v2\/media?parent=86641"}],"wp:term":[{"taxonomy":"category","embeddable":true,"href":"https:\/\/buletin.de\/bucuresti\/wp-json\/wp\/v2\/categories?post=86641"},{"taxonomy":"post_tag","embeddable":true,"href":"https:\/\/buletin.de\/bucuresti\/wp-json\/wp\/v2\/tags?post=86641"},{"taxonomy":"author","embeddable":true,"href":"https:\/\/buletin.de\/bucuresti\/wp-json\/wp\/v2\/ppma_author?post=86641"}],"curies":[{"name":"wp","href":"https:\/\/api.w.org\/{rel}","templated":true}]}}