{"id":86402,"date":"2024-05-27T12:16:46","date_gmt":"2024-05-27T09:16:46","guid":{"rendered":"https:\/\/buletin.de\/bucuresti\/?p=86402"},"modified":"2024-05-27T12:16:46","modified_gmt":"2024-05-27T09:16:46","slug":"inca-un-tronson-din-prelungirea-ghencea-pe-care-se-poate-circula-pe-doua-benzi-pe-fiecare-sens","status":"publish","type":"post","link":"https:\/\/buletin.de\/bucuresti\/inca-un-tronson-din-prelungirea-ghencea-pe-care-se-poate-circula-pe-doua-benzi-pe-fiecare-sens\/","title":{"rendered":"\u00cenc\u0103 un tronson din Prelungirea Ghencea pe care se poate circula pe dou\u0103 benzi, pe fiecare sens"},"content":{"rendered":"\n<p><strong>Bucata din Prelungirea Ghencea cuprins\u0103 \u00eentre stadionul Stelei \u015fi strada Bra\u015fov a fost l\u0103rgit\u0103 la patru benzi \u015fi dat\u0103 astfel \u00een circula\u0163ie ast\u0103zi, 27 mai. Celelalte tronsoane vor fi gata \u00een doi ani, promit edilii, odat\u0103 cu atribuirea contractului de lucr\u0103ri firmei care a consolidat \u015fi podul Grant. <\/strong><\/p>\n\n\n\n<p>Primarul general n-a pierdut ocazia s\u0103 puncteze electoral pe aceast\u0103 tem\u0103 \u015fi a ie\u015fit la plimbare pe noul tronson, \u00eempreun\u0103 cu Cristian Hiver, directorul Trustului de Cl\u0103diri Metropolitane Bucure\u015fti, companie din subordinea Prim\u0103riei. <\/p>\n\n\n<p><iframe src=\"https:\/\/www.facebook.com\/plugins\/video.php?height=314&#038;href=https%3A%2F%2Fwww.facebook.com%2FNicusorDan.ro%2Fvideos%2F3540025322925912%2F&#038;show_text=false&#038;width=560&#038;t=0\" width=\"560\" height=\"314\" style=\"border:none;overflow:hidden\" scrolling=\"no\" frameborder=\"0\" allowfullscreen=\"true\" allow=\"autoplay; clipboard-write; encrypted-media; picture-in-picture; web-share\" allowFullScreen=\"true\"><\/iframe><\/p>\n\n\n\n<p>Nicu\u015for Dan promite c\u0103 odat\u0103 cu atribuirea noului contract de lucr\u0103ri c\u0103tre firma BogArt, cea care a lucrat \u015fi la podul Grant, celelalte tronsoane care mai trebuie l\u0103rgite, de la R\u00e2ul Doamnei \u015fi p\u00e2n\u0103 la cap\u0103t, vor fi gata \u00een aproximativ doi ani. <\/p>\n\n\n\n<blockquote class=\"wp-block-quote is-layout-flow wp-block-quote-is-layout-flow\">\n<p class=\"has-medium-font-size\"><strong>Pentru segmentele care r\u0103m\u00e2n, de la R\u00e2ul Doamnei \u00eencolo, am semnat contractul cu o firm\u0103 foarte serioas\u0103, cei care au lucrat mai repede de c\u00e2t prev\u0103zut la podul Grant \u015fi cam \u00een doi ani de zile o s\u0103 avem linie de tramvai, patru benzi \u015fi parcare<\/strong><\/p>\n<cite>primarul genera al capitalei, nicu\u015for Dan<\/cite><\/blockquote>\n\n\n\n<p>Lucr\u0103rile au fost \u00eemp\u0103r\u021bite \u00een<a href=\"https:\/\/buletin.de\/bucuresti\/pmb-repara-proiectul-de-modernizare-a-prelungirii-ghencea-68-de-milioane-de-euro-pentru-actualizarea-si-finalizarea-lucrarilor-executate-partial-plus-linie-de-tra\/\">&nbsp;\u0219ase tronsoane<\/a>, astfel:<\/p>\n\n\n\n<ul class=\"wp-block-list\">\n<li><strong>Tronson I \u2013 terminal tramvai 41 \u2013 Str. Bra\u0219ov (km 0+000 \u2013 km 1+035)<\/strong><\/li>\n\n\n\n<li><strong>Tronson II \u2013 Str. Bra\u0219ov \u2013 Str. Raul Doamnei (km 1+035 \u2013 km 1+700);<\/strong><\/li>\n\n\n\n<li><strong>Tronson III \u2013 Str. Raul Doamnei \u2013 Str. Valea Oltului (km 1+700 \u2013 km 2+650); Tronson IV \u2013 Str. Valea Oltului \u2013 Str. M\u0103r\u0103cineni (km 2+650 \u2013 km 4+200);<\/strong><\/li>\n\n\n\n<li><strong>Tronson V \u2013 obiect lucr\u0103ri Park&amp;Ride si bazine de reten\u021bie;<\/strong><\/li>\n\n\n\n<li><strong>Tronson VI \u2013 lucr\u0103ri de tramvai km 0+000-km 6+120<\/strong>\u201d <\/li>\n<\/ul>\n\n\n\n<p>Primul tronson care fusese gata era cel dintre strada Bra\u015fov \u015fi strada R\u00e2ul Doamnei, \u00eens\u0103 cu spa\u0163iul l\u0103sat liber pe mijlocul drumului, pentru linia de tramvai.<\/p>\n\n\n\n<p><\/p>\n\n\n\n<p><strong>CITE\u015eTE \u015eI:<\/strong><\/p>\n\n\n\n<figure class=\"wp-block-embed is-type-wp-embed is-provider-buletin-de-bucure-ti wp-block-embed-buletin-de-bucure-ti\"><div class=\"wp-block-embed__wrapper\">\n<blockquote class=\"wp-embedded-content\" data-secret=\"tXcO0CjqnP\"><a href=\"https:\/\/buletin.de\/bucuresti\/nicusor-dan-revine-cu-promisiunea-ca-se-va-circula-mai-bine-in-prelungirea-ghencea-din-vara\/\">Nicu\u015for Dan revine cu promisiunea c\u0103 nu vor mai exista \u00eent\u00e2rzieri pe \u0219antierul din Prelungirea Ghencea<\/a><\/blockquote><iframe class=\"wp-embedded-content\" sandbox=\"allow-scripts\" security=\"restricted\" style=\"position: absolute; clip: rect(1px, 1px, 1px, 1px);\" title=\"&#8220;Nicu\u015for Dan revine cu promisiunea c\u0103 nu vor mai exista \u00eent\u00e2rzieri pe \u0219antierul din Prelungirea Ghencea&#8221; &#8212; Buletin de Bucure\u0219ti\" src=\"https:\/\/buletin.de\/bucuresti\/nicusor-dan-revine-cu-promisiunea-ca-se-va-circula-mai-bine-in-prelungirea-ghencea-din-vara\/embed\/#?secret=R9CiInmmSV#?secret=tXcO0CjqnP\" data-secret=\"tXcO0CjqnP\" width=\"600\" height=\"338\" frameborder=\"0\" marginwidth=\"0\" marginheight=\"0\" scrolling=\"no\"><\/iframe>\n<\/div><\/figure>\n\n\n\n<figure class=\"wp-block-embed is-type-wp-embed is-provider-buletin-de-bucure-ti wp-block-embed-buletin-de-bucure-ti\"><div class=\"wp-block-embed__wrapper\">\n<blockquote class=\"wp-embedded-content\" data-secret=\"jQfJzPXjMc\"><a href=\"https:\/\/buletin.de\/bucuresti\/drama-stradala-a-prelungirii-ghencea-cartiere-construite-pentru-profit-nu-pentru-oameni\/\">REPORTAJ | \u201eDrama\u201d stradal\u0103 a Prelungirii Ghencea. Cartiere construite pentru profit, nu pentru oameni<\/a><\/blockquote><iframe class=\"wp-embedded-content\" sandbox=\"allow-scripts\" security=\"restricted\" style=\"position: absolute; clip: rect(1px, 1px, 1px, 1px);\" title=\"&#8220;REPORTAJ | \u201eDrama\u201d stradal\u0103 a Prelungirii Ghencea. Cartiere construite pentru profit, nu pentru oameni&#8221; &#8212; Buletin de Bucure\u0219ti\" src=\"https:\/\/buletin.de\/bucuresti\/drama-stradala-a-prelungirii-ghencea-cartiere-construite-pentru-profit-nu-pentru-oameni\/embed\/#?secret=gYFeiF9i0Z#?secret=jQfJzPXjMc\" data-secret=\"jQfJzPXjMc\" width=\"600\" height=\"338\" frameborder=\"0\" marginwidth=\"0\" marginheight=\"0\" scrolling=\"no\"><\/iframe>\n<\/div><\/figure>\n","protected":false},"excerpt":{"rendered":"<p>Bucata din Prelungirea Ghencea cuprins\u0103 \u00eentre stadionul Stelei \u015fi strada Bra\u015fov a fost l\u0103rgit\u0103 la patru benzi \u015fi dat\u0103 astfel \u00een circula\u0163ie ast\u0103zi, 27 mai. Celelalte tronsoane vor fi gata \u00een doi ani, promit edilii, odat\u0103 cu atribuirea contractului de lucr\u0103ri firmei care a consolidat \u015fi podul Grant. Primarul general n-a pierdut ocazia s\u0103 puncteze [&hellip;]<\/p>\n","protected":false},"author":8,"featured_media":86404,"comment_status":"closed","ping_status":"open","sticky":false,"template":"","format":"standard","meta":{"_acf_changed":false,"inline_featured_image":false,"ngg_post_thumbnail":0,"footnotes":""},"categories":[6994,5762,24,650],"tags":[12228,12226,12229,12227],"ppma_author":[22586],"class_list":["post-86402","post","type-post","status-publish","format-standard","has-post-thumbnail","hentry","category-stiri-2","category-main","category-primarie","category-transport","tag-lucrari-prelungirea-ghencea","tag-prelungirea-ghencea-largire-patru-benzi","tag-termen-lucrari-prelungirea-ghencea","tag-tronson-capat-41-strada-brasov-largire"],"acf":[],"yoast_head":"<!-- This site is optimized with the Yoast SEO Premium plugin v25.3 (Yoast SEO v27.4) - https:\/\/yoast.com\/product\/yoast-seo-premium-wordpress\/ -->\n<title>\u00cenc\u0103 un tronson din Prelungirea Ghencea pe care se poate circula pe dou\u0103 benzi, pe fiecare sens - Buletin de Bucure\u0219ti<\/title>\n<meta name=\"robots\" content=\"index, follow, max-snippet:-1, max-image-preview:large, max-video-preview:-1\" \/>\n<link rel=\"canonical\" href=\"https:\/\/buletin.de\/bucuresti\/inca-un-tronson-din-prelungirea-ghencea-pe-care-se-poate-circula-pe-doua-benzi-pe-fiecare-sens\/\" \/>\n<meta property=\"og:locale\" content=\"en_GB\" \/>\n<meta property=\"og:type\" content=\"article\" \/>\n<meta property=\"og:title\" content=\"\u00cenc\u0103 un tronson din Prelungirea Ghencea pe care se poate circula pe dou\u0103 benzi, pe fiecare sens\" \/>\n<meta property=\"og:description\" content=\"Bucata din Prelungirea Ghencea cuprins\u0103 \u00eentre stadionul Stelei \u015fi strada Bra\u015fov a fost l\u0103rgit\u0103 la patru benzi \u015fi dat\u0103 astfel \u00een circula\u0163ie ast\u0103zi, 27 mai. Celelalte tronsoane vor fi gata \u00een doi ani, promit edilii, odat\u0103 cu atribuirea contractului de lucr\u0103ri firmei care a consolidat \u015fi podul Grant. Primarul general n-a pierdut ocazia s\u0103 puncteze [&hellip;]\" \/>\n<meta property=\"og:url\" content=\"https:\/\/buletin.de\/bucuresti\/inca-un-tronson-din-prelungirea-ghencea-pe-care-se-poate-circula-pe-doua-benzi-pe-fiecare-sens\/\" \/>\n<meta property=\"og:site_name\" content=\"Buletin de Bucure\u0219ti\" \/>\n<meta property=\"article:publisher\" content=\"https:\/\/www.facebook.com\/buletin.de.buc\" \/>\n<meta property=\"article:published_time\" content=\"2024-05-27T09:16:46+00:00\" \/>\n<meta property=\"og:image\" content=\"https:\/\/buletin.de\/bucuresti\/wp-content\/uploads\/intersectie-ghencea-brasov.png\" \/>\n\t<meta property=\"og:image:width\" content=\"1775\" \/>\n\t<meta property=\"og:image:height\" content=\"769\" \/>\n\t<meta property=\"og:image:type\" content=\"image\/png\" \/>\n<meta name=\"author\" content=\"Ionu\u021b Lepa\" \/>\n<meta name=\"twitter:card\" content=\"summary_large_image\" \/>\n<meta name=\"twitter:label1\" content=\"Written by\" \/>\n\t<meta name=\"twitter:data1\" content=\"Ionu\u021b Lepa\" \/>\n\t<meta name=\"twitter:label2\" content=\"Estimated reading time\" \/>\n\t<meta name=\"twitter:data2\" content=\"2 minutes\" \/>\n<script type=\"application\/ld+json\" class=\"yoast-schema-graph\">{\"@context\":\"https:\\\/\\\/schema.org\",\"@graph\":[{\"@type\":\"Article\",\"@id\":\"https:\\\/\\\/buletin.de\\\/bucuresti\\\/inca-un-tronson-din-prelungirea-ghencea-pe-care-se-poate-circula-pe-doua-benzi-pe-fiecare-sens\\\/#article\",\"isPartOf\":{\"@id\":\"https:\\\/\\\/buletin.de\\\/bucuresti\\\/inca-un-tronson-din-prelungirea-ghencea-pe-care-se-poate-circula-pe-doua-benzi-pe-fiecare-sens\\\/\"},\"author\":{\"name\":\"Ionu\u021b Lepa\",\"@id\":\"https:\\\/\\\/buletin.de\\\/bucuresti\\\/#\\\/schema\\\/person\\\/5272b8a057b33890940b57b837fc4ce6\"},\"headline\":\"\u00cenc\u0103 un tronson din Prelungirea Ghencea pe care se poate circula pe dou\u0103 benzi, pe fiecare sens\",\"datePublished\":\"2024-05-27T09:16:46+00:00\",\"mainEntityOfPage\":{\"@id\":\"https:\\\/\\\/buletin.de\\\/bucuresti\\\/inca-un-tronson-din-prelungirea-ghencea-pe-care-se-poate-circula-pe-doua-benzi-pe-fiecare-sens\\\/\"},\"wordCount\":330,\"publisher\":{\"@id\":\"https:\\\/\\\/buletin.de\\\/bucuresti\\\/#organization\"},\"image\":{\"@id\":\"https:\\\/\\\/buletin.de\\\/bucuresti\\\/inca-un-tronson-din-prelungirea-ghencea-pe-care-se-poate-circula-pe-doua-benzi-pe-fiecare-sens\\\/#primaryimage\"},\"thumbnailUrl\":\"https:\\\/\\\/buletin.de\\\/bucuresti\\\/wp-content\\\/uploads\\\/intersectie-ghencea-brasov.png\",\"keywords\":[\"lucrari prelungirea ghencea\",\"prelungirea ghencea largire patru benzi\",\"termen lucrari prelungirea ghencea\",\"tronson capat 41 - strada brasov largire\"],\"articleSection\":[\"Articole\",\"Main\",\"Prim\u0103rie\",\"Transport\"],\"inLanguage\":\"en-GB\",\"copyrightYear\":\"2024\",\"copyrightHolder\":{\"@id\":\"https:\\\/\\\/buletin.de\\\/bucuresti\\\/#organization\"}},{\"@type\":\"WebPage\",\"@id\":\"https:\\\/\\\/buletin.de\\\/bucuresti\\\/inca-un-tronson-din-prelungirea-ghencea-pe-care-se-poate-circula-pe-doua-benzi-pe-fiecare-sens\\\/\",\"url\":\"https:\\\/\\\/buletin.de\\\/bucuresti\\\/inca-un-tronson-din-prelungirea-ghencea-pe-care-se-poate-circula-pe-doua-benzi-pe-fiecare-sens\\\/\",\"name\":\"\u00cenc\u0103 un tronson din Prelungirea Ghencea pe care se poate circula pe dou\u0103 benzi, pe fiecare sens - Buletin de Bucure\u0219ti\",\"isPartOf\":{\"@id\":\"https:\\\/\\\/buletin.de\\\/bucuresti\\\/#website\"},\"primaryImageOfPage\":{\"@id\":\"https:\\\/\\\/buletin.de\\\/bucuresti\\\/inca-un-tronson-din-prelungirea-ghencea-pe-care-se-poate-circula-pe-doua-benzi-pe-fiecare-sens\\\/#primaryimage\"},\"image\":{\"@id\":\"https:\\\/\\\/buletin.de\\\/bucuresti\\\/inca-un-tronson-din-prelungirea-ghencea-pe-care-se-poate-circula-pe-doua-benzi-pe-fiecare-sens\\\/#primaryimage\"},\"thumbnailUrl\":\"https:\\\/\\\/buletin.de\\\/bucuresti\\\/wp-content\\\/uploads\\\/intersectie-ghencea-brasov.png\",\"datePublished\":\"2024-05-27T09:16:46+00:00\",\"breadcrumb\":{\"@id\":\"https:\\\/\\\/buletin.de\\\/bucuresti\\\/inca-un-tronson-din-prelungirea-ghencea-pe-care-se-poate-circula-pe-doua-benzi-pe-fiecare-sens\\\/#breadcrumb\"},\"inLanguage\":\"en-GB\",\"potentialAction\":[{\"@type\":\"ReadAction\",\"target\":[\"https:\\\/\\\/buletin.de\\\/bucuresti\\\/inca-un-tronson-din-prelungirea-ghencea-pe-care-se-poate-circula-pe-doua-benzi-pe-fiecare-sens\\\/\"]}]},{\"@type\":\"ImageObject\",\"inLanguage\":\"en-GB\",\"@id\":\"https:\\\/\\\/buletin.de\\\/bucuresti\\\/inca-un-tronson-din-prelungirea-ghencea-pe-care-se-poate-circula-pe-doua-benzi-pe-fiecare-sens\\\/#primaryimage\",\"url\":\"https:\\\/\\\/buletin.de\\\/bucuresti\\\/wp-content\\\/uploads\\\/intersectie-ghencea-brasov.png\",\"contentUrl\":\"https:\\\/\\\/buletin.de\\\/bucuresti\\\/wp-content\\\/uploads\\\/intersectie-ghencea-brasov.png\",\"width\":1775,\"height\":769,\"caption\":\"FOTO: Facebook \\\/ Nicusor Dan\"},{\"@type\":\"BreadcrumbList\",\"@id\":\"https:\\\/\\\/buletin.de\\\/bucuresti\\\/inca-un-tronson-din-prelungirea-ghencea-pe-care-se-poate-circula-pe-doua-benzi-pe-fiecare-sens\\\/#breadcrumb\",\"itemListElement\":[{\"@type\":\"ListItem\",\"position\":1,\"name\":\"Acas\u0103\",\"item\":\"https:\\\/\\\/buletin.de\\\/bucuresti\\\/\"},{\"@type\":\"ListItem\",\"position\":2,\"name\":\"\u00cenc\u0103 un tronson din Prelungirea Ghencea pe care se poate circula pe dou\u0103 benzi, pe fiecare sens\"}]},{\"@type\":\"WebSite\",\"@id\":\"https:\\\/\\\/buletin.de\\\/bucuresti\\\/#website\",\"url\":\"https:\\\/\\\/buletin.de\\\/bucuresti\\\/\",\"name\":\"Buletin de Bucure\u0219ti\",\"description\":\"\u0218tiri \u0219i investiga\u021bii esen\u021biale din capital\u0103\",\"publisher\":{\"@id\":\"https:\\\/\\\/buletin.de\\\/bucuresti\\\/#organization\"},\"potentialAction\":[{\"@type\":\"SearchAction\",\"target\":{\"@type\":\"EntryPoint\",\"urlTemplate\":\"https:\\\/\\\/buletin.de\\\/bucuresti\\\/?s={search_term_string}\"},\"query-input\":{\"@type\":\"PropertyValueSpecification\",\"valueRequired\":true,\"valueName\":\"search_term_string\"}}],\"inLanguage\":\"en-GB\"},{\"@type\":\"Organization\",\"@id\":\"https:\\\/\\\/buletin.de\\\/bucuresti\\\/#organization\",\"name\":\"Buletin de Bucure\u0219ti\",\"url\":\"https:\\\/\\\/buletin.de\\\/bucuresti\\\/\",\"logo\":{\"@type\":\"ImageObject\",\"inLanguage\":\"en-GB\",\"@id\":\"https:\\\/\\\/buletin.de\\\/bucuresti\\\/#\\\/schema\\\/logo\\\/image\\\/\",\"url\":\"https:\\\/\\\/buletin.de\\\/bucuresti\\\/wp-content\\\/uploads\\\/logo-bdb-full-wide-vernil-transparent.png\",\"contentUrl\":\"https:\\\/\\\/buletin.de\\\/bucuresti\\\/wp-content\\\/uploads\\\/logo-bdb-full-wide-vernil-transparent.png\",\"width\":1782,\"height\":626,\"caption\":\"Buletin de Bucure\u0219ti\"},\"image\":{\"@id\":\"https:\\\/\\\/buletin.de\\\/bucuresti\\\/#\\\/schema\\\/logo\\\/image\\\/\"},\"sameAs\":[\"https:\\\/\\\/www.facebook.com\\\/buletin.de.buc\",\"https:\\\/\\\/www.instagram.com\\\/buletinde.bucuresti\\\/\"]},{\"@type\":\"Person\",\"@id\":\"https:\\\/\\\/buletin.de\\\/bucuresti\\\/#\\\/schema\\\/person\\\/5272b8a057b33890940b57b837fc4ce6\",\"name\":\"Ionu\u021b Lepa\",\"image\":{\"@type\":\"ImageObject\",\"inLanguage\":\"en-GB\",\"@id\":\"https:\\\/\\\/buletin.de\\\/bucuresti\\\/wp-content\\\/uploads\\\/Ionut-Lepa-96x96.jpg5c4e4d9e049808799a8821652d2410a4\",\"url\":\"https:\\\/\\\/buletin.de\\\/bucuresti\\\/wp-content\\\/uploads\\\/Ionut-Lepa-96x96.jpg\",\"contentUrl\":\"https:\\\/\\\/buletin.de\\\/bucuresti\\\/wp-content\\\/uploads\\\/Ionut-Lepa-96x96.jpg\",\"caption\":\"Ionu\u021b Lepa\"},\"url\":\"https:\\\/\\\/buletin.de\\\/bucuresti\\\/author\\\/ionutlepa\\\/\"}]}<\/script>\n<!-- \/ Yoast SEO Premium plugin. -->","yoast_head_json":{"title":"\u00cenc\u0103 un tronson din Prelungirea Ghencea pe care se poate circula pe dou\u0103 benzi, pe fiecare sens - Buletin de Bucure\u0219ti","robots":{"index":"index","follow":"follow","max-snippet":"max-snippet:-1","max-image-preview":"max-image-preview:large","max-video-preview":"max-video-preview:-1"},"canonical":"https:\/\/buletin.de\/bucuresti\/inca-un-tronson-din-prelungirea-ghencea-pe-care-se-poate-circula-pe-doua-benzi-pe-fiecare-sens\/","og_locale":"en_GB","og_type":"article","og_title":"\u00cenc\u0103 un tronson din Prelungirea Ghencea pe care se poate circula pe dou\u0103 benzi, pe fiecare sens","og_description":"Bucata din Prelungirea Ghencea cuprins\u0103 \u00eentre stadionul Stelei \u015fi strada Bra\u015fov a fost l\u0103rgit\u0103 la patru benzi \u015fi dat\u0103 astfel \u00een circula\u0163ie ast\u0103zi, 27 mai. Celelalte tronsoane vor fi gata \u00een doi ani, promit edilii, odat\u0103 cu atribuirea contractului de lucr\u0103ri firmei care a consolidat \u015fi podul Grant. Primarul general n-a pierdut ocazia s\u0103 puncteze [&hellip;]","og_url":"https:\/\/buletin.de\/bucuresti\/inca-un-tronson-din-prelungirea-ghencea-pe-care-se-poate-circula-pe-doua-benzi-pe-fiecare-sens\/","og_site_name":"Buletin de Bucure\u0219ti","article_publisher":"https:\/\/www.facebook.com\/buletin.de.buc","article_published_time":"2024-05-27T09:16:46+00:00","og_image":[{"width":1775,"height":769,"url":"https:\/\/buletin.de\/bucuresti\/wp-content\/uploads\/intersectie-ghencea-brasov.png","type":"image\/png"}],"author":"Ionu\u021b Lepa","twitter_card":"summary_large_image","twitter_misc":{"Written by":"Ionu\u021b Lepa","Estimated reading time":"2 minutes"},"schema":{"@context":"https:\/\/schema.org","@graph":[{"@type":"Article","@id":"https:\/\/buletin.de\/bucuresti\/inca-un-tronson-din-prelungirea-ghencea-pe-care-se-poate-circula-pe-doua-benzi-pe-fiecare-sens\/#article","isPartOf":{"@id":"https:\/\/buletin.de\/bucuresti\/inca-un-tronson-din-prelungirea-ghencea-pe-care-se-poate-circula-pe-doua-benzi-pe-fiecare-sens\/"},"author":{"name":"Ionu\u021b Lepa","@id":"https:\/\/buletin.de\/bucuresti\/#\/schema\/person\/5272b8a057b33890940b57b837fc4ce6"},"headline":"\u00cenc\u0103 un tronson din Prelungirea Ghencea pe care se poate circula pe dou\u0103 benzi, pe fiecare sens","datePublished":"2024-05-27T09:16:46+00:00","mainEntityOfPage":{"@id":"https:\/\/buletin.de\/bucuresti\/inca-un-tronson-din-prelungirea-ghencea-pe-care-se-poate-circula-pe-doua-benzi-pe-fiecare-sens\/"},"wordCount":330,"publisher":{"@id":"https:\/\/buletin.de\/bucuresti\/#organization"},"image":{"@id":"https:\/\/buletin.de\/bucuresti\/inca-un-tronson-din-prelungirea-ghencea-pe-care-se-poate-circula-pe-doua-benzi-pe-fiecare-sens\/#primaryimage"},"thumbnailUrl":"https:\/\/buletin.de\/bucuresti\/wp-content\/uploads\/intersectie-ghencea-brasov.png","keywords":["lucrari prelungirea ghencea","prelungirea ghencea largire patru benzi","termen lucrari prelungirea ghencea","tronson capat 41 - strada brasov largire"],"articleSection":["Articole","Main","Prim\u0103rie","Transport"],"inLanguage":"en-GB","copyrightYear":"2024","copyrightHolder":{"@id":"https:\/\/buletin.de\/bucuresti\/#organization"}},{"@type":"WebPage","@id":"https:\/\/buletin.de\/bucuresti\/inca-un-tronson-din-prelungirea-ghencea-pe-care-se-poate-circula-pe-doua-benzi-pe-fiecare-sens\/","url":"https:\/\/buletin.de\/bucuresti\/inca-un-tronson-din-prelungirea-ghencea-pe-care-se-poate-circula-pe-doua-benzi-pe-fiecare-sens\/","name":"\u00cenc\u0103 un tronson din Prelungirea Ghencea pe care se poate circula pe dou\u0103 benzi, pe fiecare sens - Buletin de Bucure\u0219ti","isPartOf":{"@id":"https:\/\/buletin.de\/bucuresti\/#website"},"primaryImageOfPage":{"@id":"https:\/\/buletin.de\/bucuresti\/inca-un-tronson-din-prelungirea-ghencea-pe-care-se-poate-circula-pe-doua-benzi-pe-fiecare-sens\/#primaryimage"},"image":{"@id":"https:\/\/buletin.de\/bucuresti\/inca-un-tronson-din-prelungirea-ghencea-pe-care-se-poate-circula-pe-doua-benzi-pe-fiecare-sens\/#primaryimage"},"thumbnailUrl":"https:\/\/buletin.de\/bucuresti\/wp-content\/uploads\/intersectie-ghencea-brasov.png","datePublished":"2024-05-27T09:16:46+00:00","breadcrumb":{"@id":"https:\/\/buletin.de\/bucuresti\/inca-un-tronson-din-prelungirea-ghencea-pe-care-se-poate-circula-pe-doua-benzi-pe-fiecare-sens\/#breadcrumb"},"inLanguage":"en-GB","potentialAction":[{"@type":"ReadAction","target":["https:\/\/buletin.de\/bucuresti\/inca-un-tronson-din-prelungirea-ghencea-pe-care-se-poate-circula-pe-doua-benzi-pe-fiecare-sens\/"]}]},{"@type":"ImageObject","inLanguage":"en-GB","@id":"https:\/\/buletin.de\/bucuresti\/inca-un-tronson-din-prelungirea-ghencea-pe-care-se-poate-circula-pe-doua-benzi-pe-fiecare-sens\/#primaryimage","url":"https:\/\/buletin.de\/bucuresti\/wp-content\/uploads\/intersectie-ghencea-brasov.png","contentUrl":"https:\/\/buletin.de\/bucuresti\/wp-content\/uploads\/intersectie-ghencea-brasov.png","width":1775,"height":769,"caption":"FOTO: Facebook \/ Nicusor Dan"},{"@type":"BreadcrumbList","@id":"https:\/\/buletin.de\/bucuresti\/inca-un-tronson-din-prelungirea-ghencea-pe-care-se-poate-circula-pe-doua-benzi-pe-fiecare-sens\/#breadcrumb","itemListElement":[{"@type":"ListItem","position":1,"name":"Acas\u0103","item":"https:\/\/buletin.de\/bucuresti\/"},{"@type":"ListItem","position":2,"name":"\u00cenc\u0103 un tronson din Prelungirea Ghencea pe care se poate circula pe dou\u0103 benzi, pe fiecare sens"}]},{"@type":"WebSite","@id":"https:\/\/buletin.de\/bucuresti\/#website","url":"https:\/\/buletin.de\/bucuresti\/","name":"Buletin de Bucure\u0219ti","description":"\u0218tiri \u0219i investiga\u021bii esen\u021biale din capital\u0103","publisher":{"@id":"https:\/\/buletin.de\/bucuresti\/#organization"},"potentialAction":[{"@type":"SearchAction","target":{"@type":"EntryPoint","urlTemplate":"https:\/\/buletin.de\/bucuresti\/?s={search_term_string}"},"query-input":{"@type":"PropertyValueSpecification","valueRequired":true,"valueName":"search_term_string"}}],"inLanguage":"en-GB"},{"@type":"Organization","@id":"https:\/\/buletin.de\/bucuresti\/#organization","name":"Buletin de Bucure\u0219ti","url":"https:\/\/buletin.de\/bucuresti\/","logo":{"@type":"ImageObject","inLanguage":"en-GB","@id":"https:\/\/buletin.de\/bucuresti\/#\/schema\/logo\/image\/","url":"https:\/\/buletin.de\/bucuresti\/wp-content\/uploads\/logo-bdb-full-wide-vernil-transparent.png","contentUrl":"https:\/\/buletin.de\/bucuresti\/wp-content\/uploads\/logo-bdb-full-wide-vernil-transparent.png","width":1782,"height":626,"caption":"Buletin de Bucure\u0219ti"},"image":{"@id":"https:\/\/buletin.de\/bucuresti\/#\/schema\/logo\/image\/"},"sameAs":["https:\/\/www.facebook.com\/buletin.de.buc","https:\/\/www.instagram.com\/buletinde.bucuresti\/"]},{"@type":"Person","@id":"https:\/\/buletin.de\/bucuresti\/#\/schema\/person\/5272b8a057b33890940b57b837fc4ce6","name":"Ionu\u021b Lepa","image":{"@type":"ImageObject","inLanguage":"en-GB","@id":"https:\/\/buletin.de\/bucuresti\/wp-content\/uploads\/Ionut-Lepa-96x96.jpg5c4e4d9e049808799a8821652d2410a4","url":"https:\/\/buletin.de\/bucuresti\/wp-content\/uploads\/Ionut-Lepa-96x96.jpg","contentUrl":"https:\/\/buletin.de\/bucuresti\/wp-content\/uploads\/Ionut-Lepa-96x96.jpg","caption":"Ionu\u021b Lepa"},"url":"https:\/\/buletin.de\/bucuresti\/author\/ionutlepa\/"}]}},"authors":[{"term_id":22586,"user_id":8,"is_guest":0,"slug":"ionutlepa","display_name":"Ionu\u021b Lepa","avatar_url":"https:\/\/buletin.de\/bucuresti\/wp-content\/uploads\/Ionut-Lepa-96x96.jpg","0":null,"1":"","2":"","3":"","4":"","5":"","6":"","7":"","8":""}],"_links":{"self":[{"href":"https:\/\/buletin.de\/bucuresti\/wp-json\/wp\/v2\/posts\/86402","targetHints":{"allow":["GET"]}}],"collection":[{"href":"https:\/\/buletin.de\/bucuresti\/wp-json\/wp\/v2\/posts"}],"about":[{"href":"https:\/\/buletin.de\/bucuresti\/wp-json\/wp\/v2\/types\/post"}],"author":[{"embeddable":true,"href":"https:\/\/buletin.de\/bucuresti\/wp-json\/wp\/v2\/users\/8"}],"replies":[{"embeddable":true,"href":"https:\/\/buletin.de\/bucuresti\/wp-json\/wp\/v2\/comments?post=86402"}],"version-history":[{"count":1,"href":"https:\/\/buletin.de\/bucuresti\/wp-json\/wp\/v2\/posts\/86402\/revisions"}],"predecessor-version":[{"id":86412,"href":"https:\/\/buletin.de\/bucuresti\/wp-json\/wp\/v2\/posts\/86402\/revisions\/86412"}],"wp:featuredmedia":[{"embeddable":true,"href":"https:\/\/buletin.de\/bucuresti\/wp-json\/wp\/v2\/media\/86404"}],"wp:attachment":[{"href":"https:\/\/buletin.de\/bucuresti\/wp-json\/wp\/v2\/media?parent=86402"}],"wp:term":[{"taxonomy":"category","embeddable":true,"href":"https:\/\/buletin.de\/bucuresti\/wp-json\/wp\/v2\/categories?post=86402"},{"taxonomy":"post_tag","embeddable":true,"href":"https:\/\/buletin.de\/bucuresti\/wp-json\/wp\/v2\/tags?post=86402"},{"taxonomy":"author","embeddable":true,"href":"https:\/\/buletin.de\/bucuresti\/wp-json\/wp\/v2\/ppma_author?post=86402"}],"curies":[{"name":"wp","href":"https:\/\/api.w.org\/{rel}","templated":true}]}}