{"id":86264,"date":"2024-05-26T13:00:00","date_gmt":"2024-05-26T10:00:00","guid":{"rendered":"https:\/\/buletin.de\/bucuresti\/?p=86264"},"modified":"2024-05-24T22:55:07","modified_gmt":"2024-05-24T19:55:07","slug":"stb-prelungeste-linia-de-noapte-n109-de-luni","status":"publish","type":"post","link":"https:\/\/buletin.de\/bucuresti\/stb-prelungeste-linia-de-noapte-n109-de-luni\/","title":{"rendered":"STB prelunge\u0219te linia de noapte N109, de luni"},"content":{"rendered":"\n<p><strong>STB modific\u0103 traseul liniei de noapte N109, \u00eencep\u00e2nd de luni, 27.05.2024. Autobuzele vor circula pe un traseu cuprins \u00eentre terminalele \u201ePia\u021ba Unirii 2\u201d \u0219i \u201eIsovolta\u201d.<\/strong><\/p>\n\n\n\n<p>Ma\u0219inile vor circula dup\u0103 cum urmeaz\u0103:<\/p>\n\n\n\n<ul class=\"wp-block-list\">\n<li><strong><em>Pe sensul spre \u201eIsovolta\u201d<\/em>:<\/strong> \u201ePia\u021ba Unirii 2\u201d, Bd. Ion Constantin Br\u0103tianu, Bd. Corneliu Coposu, Calea&nbsp;C\u0103l\u0103ra\u0219i, Bd. Basarabia, \u0218os. Industriilor, Drumul \u00eentre Tarlale, \u201eIsovolta\u201d.<\/li>\n\n\n\n<li><strong><em>Pe sensul spre \u201ePia\u021ba Unirii\u201d<\/em>:<\/strong> \u201eIsovolta\u201d, Drumul \u00eentre Tarlale, \u0218os. Industriilor, Bd. Basarabia, Calea&nbsp;C\u0103l\u0103ra\u0219i, Bd. Corneliu Coposu, Str. Halelor, Aleea III, Aleea II, \u201ePia\u021ba Unirii 2\u201d.<\/li>\n<\/ul>\n\n\n\n<p>Pe traseul prelungit, autobuzele vor opri pe ambele sensuri de mers \u00een urm\u0103toarele 11 sta\u021bii: <\/p>\n\n\n\n<ul class=\"wp-block-list\">\n<li>\u201eGrup \u0218colar Industrial Republica\u201d;<\/li>\n\n\n\n<li> \u201eMeiului\u201d, \u201eComplex Comercial\u201d;<\/li>\n\n\n\n<li> \u201e\u0218coala General\u0103 55\u201d;<\/li>\n\n\n\n<li>\u201eBucur\u201d;<\/li>\n\n\n\n<li>\u201eSoldat Radu Tina\u201d;<\/li>\n\n\n\n<li>\u201eC\u0103t\u0103noaia\u201d;<\/li>\n\n\n\n<li>\u201e\u0218oseaua G\u0103rii C\u0103\u021belu\u201d;<\/li>\n\n\n\n<li>\u201eI.C.M.E. Poarta 1\u201d;<\/li>\n\n\n\n<li>\u201eFabrica de Oxigen\u201d;<\/li>\n\n\n\n<li>\u201eIsovolta\u201d.<\/li>\n<\/ul>\n\n\n\n<p><strong>CITE\u0218TE \u0218I:<\/strong><\/p>\n\n\n\n<figure class=\"wp-block-embed is-type-wp-embed is-provider-buletin-de-bucure-ti wp-block-embed-buletin-de-bucure-ti\"><div class=\"wp-block-embed__wrapper\">\n<blockquote class=\"wp-embedded-content\" data-secret=\"ZT4Cn1pgly\"><a href=\"https:\/\/buletin.de\/bucuresti\/statia-orizont-a-revenit-pe-amplasamentul-de-baza\/\">Sta\u021bia \u201eOrizont\u201d a revenit pe amplasamentul de baz\u0103<\/a><\/blockquote><iframe class=\"wp-embedded-content\" sandbox=\"allow-scripts\" security=\"restricted\" style=\"position: absolute; clip: rect(1px, 1px, 1px, 1px);\" title=\"&#8220;Sta\u021bia \u201eOrizont\u201d a revenit pe amplasamentul de baz\u0103&#8221; &#8212; Buletin de Bucure\u0219ti\" src=\"https:\/\/buletin.de\/bucuresti\/statia-orizont-a-revenit-pe-amplasamentul-de-baza\/embed\/#?secret=xmnEPtPEtC#?secret=ZT4Cn1pgly\" data-secret=\"ZT4Cn1pgly\" width=\"600\" height=\"338\" frameborder=\"0\" marginwidth=\"0\" marginheight=\"0\" scrolling=\"no\"><\/iframe>\n<\/div><\/figure>\n\n\n\n<p><\/p>\n","protected":false},"excerpt":{"rendered":"<p>STB modific\u0103 traseul liniei de noapte N109, \u00eencep\u00e2nd de luni, 27.05.2024. Autobuzele vor circula pe un traseu cuprins \u00eentre terminalele \u201ePia\u021ba Unirii 2\u201d \u0219i \u201eIsovolta\u201d. Ma\u0219inile vor circula dup\u0103 cum urmeaz\u0103: Pe traseul prelungit, autobuzele vor opri pe ambele sensuri de mers \u00een urm\u0103toarele 11 sta\u021bii: CITE\u0218TE \u0218I:<\/p>\n","protected":false},"author":49,"featured_media":86268,"comment_status":"closed","ping_status":"open","sticky":false,"template":"","format":"standard","meta":{"_acf_changed":false,"inline_featured_image":false,"ngg_post_thumbnail":0,"footnotes":""},"categories":[6994,62,650],"tags":[12203,12202,12201],"ppma_author":[22574],"class_list":["post-86264","post","type-post","status-publish","format-standard","has-post-thumbnail","hentry","category-stiri-2","category-stiri","category-transport","tag-isovolta-piata-unirii","tag-schimbari-stb","tag-traseu-n109-2"],"acf":[],"yoast_head":"<!-- This site is optimized with the Yoast SEO Premium plugin v25.3 (Yoast SEO v27.4) - https:\/\/yoast.com\/product\/yoast-seo-premium-wordpress\/ -->\n<title>STB prelunge\u0219te linia de noapte N109, de luni - Buletin de Bucure\u0219ti<\/title>\n<meta name=\"robots\" content=\"index, follow, max-snippet:-1, max-image-preview:large, max-video-preview:-1\" \/>\n<link rel=\"canonical\" href=\"https:\/\/buletin.de\/bucuresti\/stb-prelungeste-linia-de-noapte-n109-de-luni\/\" \/>\n<meta property=\"og:locale\" content=\"en_GB\" \/>\n<meta property=\"og:type\" content=\"article\" \/>\n<meta property=\"og:title\" content=\"STB prelunge\u0219te linia de noapte N109, de luni\" \/>\n<meta property=\"og:description\" content=\"STB modific\u0103 traseul liniei de noapte N109, \u00eencep\u00e2nd de luni, 27.05.2024. Autobuzele vor circula pe un traseu cuprins \u00eentre terminalele \u201ePia\u021ba Unirii 2\u201d \u0219i \u201eIsovolta\u201d. Ma\u0219inile vor circula dup\u0103 cum urmeaz\u0103: Pe traseul prelungit, autobuzele vor opri pe ambele sensuri de mers \u00een urm\u0103toarele 11 sta\u021bii: CITE\u0218TE \u0218I:\" \/>\n<meta property=\"og:url\" content=\"https:\/\/buletin.de\/bucuresti\/stb-prelungeste-linia-de-noapte-n109-de-luni\/\" \/>\n<meta property=\"og:site_name\" content=\"Buletin de Bucure\u0219ti\" \/>\n<meta property=\"article:publisher\" content=\"https:\/\/www.facebook.com\/buletin.de.buc\" \/>\n<meta property=\"article:published_time\" content=\"2024-05-26T10:00:00+00:00\" \/>\n<meta property=\"og:image\" content=\"https:\/\/buletin.de\/bucuresti\/wp-content\/uploads\/linia-N109.webp\" \/>\n\t<meta property=\"og:image:width\" content=\"1200\" \/>\n\t<meta property=\"og:image:height\" content=\"800\" \/>\n\t<meta property=\"og:image:type\" content=\"image\/webp\" \/>\n<meta name=\"author\" content=\"Diana Matei\" \/>\n<meta name=\"twitter:card\" content=\"summary_large_image\" \/>\n<meta name=\"twitter:label1\" content=\"Written by\" \/>\n\t<meta name=\"twitter:data1\" content=\"Diana Matei\" \/>\n\t<meta name=\"twitter:label2\" content=\"Estimated reading time\" \/>\n\t<meta name=\"twitter:data2\" content=\"1 minute\" \/>\n<script type=\"application\/ld+json\" class=\"yoast-schema-graph\">{\"@context\":\"https:\\\/\\\/schema.org\",\"@graph\":[{\"@type\":\"Article\",\"@id\":\"https:\\\/\\\/buletin.de\\\/bucuresti\\\/stb-prelungeste-linia-de-noapte-n109-de-luni\\\/#article\",\"isPartOf\":{\"@id\":\"https:\\\/\\\/buletin.de\\\/bucuresti\\\/stb-prelungeste-linia-de-noapte-n109-de-luni\\\/\"},\"author\":{\"name\":\"Diana Matei\",\"@id\":\"https:\\\/\\\/buletin.de\\\/bucuresti\\\/#\\\/schema\\\/person\\\/7e46040573290777280a0835d81ea4ea\"},\"headline\":\"STB prelunge\u0219te linia de noapte N109, de luni\",\"datePublished\":\"2024-05-26T10:00:00+00:00\",\"mainEntityOfPage\":{\"@id\":\"https:\\\/\\\/buletin.de\\\/bucuresti\\\/stb-prelungeste-linia-de-noapte-n109-de-luni\\\/\"},\"wordCount\":156,\"publisher\":{\"@id\":\"https:\\\/\\\/buletin.de\\\/bucuresti\\\/#organization\"},\"image\":{\"@id\":\"https:\\\/\\\/buletin.de\\\/bucuresti\\\/stb-prelungeste-linia-de-noapte-n109-de-luni\\\/#primaryimage\"},\"thumbnailUrl\":\"https:\\\/\\\/buletin.de\\\/bucuresti\\\/wp-content\\\/uploads\\\/linia-N109.webp\",\"keywords\":[\"isovolta - piata unirii\",\"schimbari STB\",\"traseu N109\"],\"articleSection\":[\"Articole\",\"\u0218tiri\",\"Transport\"],\"inLanguage\":\"en-GB\",\"copyrightYear\":\"2024\",\"copyrightHolder\":{\"@id\":\"https:\\\/\\\/buletin.de\\\/bucuresti\\\/#organization\"}},{\"@type\":\"WebPage\",\"@id\":\"https:\\\/\\\/buletin.de\\\/bucuresti\\\/stb-prelungeste-linia-de-noapte-n109-de-luni\\\/\",\"url\":\"https:\\\/\\\/buletin.de\\\/bucuresti\\\/stb-prelungeste-linia-de-noapte-n109-de-luni\\\/\",\"name\":\"STB prelunge\u0219te linia de noapte N109, de luni - Buletin de Bucure\u0219ti\",\"isPartOf\":{\"@id\":\"https:\\\/\\\/buletin.de\\\/bucuresti\\\/#website\"},\"primaryImageOfPage\":{\"@id\":\"https:\\\/\\\/buletin.de\\\/bucuresti\\\/stb-prelungeste-linia-de-noapte-n109-de-luni\\\/#primaryimage\"},\"image\":{\"@id\":\"https:\\\/\\\/buletin.de\\\/bucuresti\\\/stb-prelungeste-linia-de-noapte-n109-de-luni\\\/#primaryimage\"},\"thumbnailUrl\":\"https:\\\/\\\/buletin.de\\\/bucuresti\\\/wp-content\\\/uploads\\\/linia-N109.webp\",\"datePublished\":\"2024-05-26T10:00:00+00:00\",\"breadcrumb\":{\"@id\":\"https:\\\/\\\/buletin.de\\\/bucuresti\\\/stb-prelungeste-linia-de-noapte-n109-de-luni\\\/#breadcrumb\"},\"inLanguage\":\"en-GB\",\"potentialAction\":[{\"@type\":\"ReadAction\",\"target\":[\"https:\\\/\\\/buletin.de\\\/bucuresti\\\/stb-prelungeste-linia-de-noapte-n109-de-luni\\\/\"]}]},{\"@type\":\"ImageObject\",\"inLanguage\":\"en-GB\",\"@id\":\"https:\\\/\\\/buletin.de\\\/bucuresti\\\/stb-prelungeste-linia-de-noapte-n109-de-luni\\\/#primaryimage\",\"url\":\"https:\\\/\\\/buletin.de\\\/bucuresti\\\/wp-content\\\/uploads\\\/linia-N109.webp\",\"contentUrl\":\"https:\\\/\\\/buletin.de\\\/bucuresti\\\/wp-content\\\/uploads\\\/linia-N109.webp\",\"width\":1200,\"height\":800,\"caption\":\"FOTO: TPBI\"},{\"@type\":\"BreadcrumbList\",\"@id\":\"https:\\\/\\\/buletin.de\\\/bucuresti\\\/stb-prelungeste-linia-de-noapte-n109-de-luni\\\/#breadcrumb\",\"itemListElement\":[{\"@type\":\"ListItem\",\"position\":1,\"name\":\"Acas\u0103\",\"item\":\"https:\\\/\\\/buletin.de\\\/bucuresti\\\/\"},{\"@type\":\"ListItem\",\"position\":2,\"name\":\"STB prelunge\u0219te linia de noapte N109, de luni\"}]},{\"@type\":\"WebSite\",\"@id\":\"https:\\\/\\\/buletin.de\\\/bucuresti\\\/#website\",\"url\":\"https:\\\/\\\/buletin.de\\\/bucuresti\\\/\",\"name\":\"Buletin de Bucure\u0219ti\",\"description\":\"\u0218tiri \u0219i investiga\u021bii esen\u021biale din capital\u0103\",\"publisher\":{\"@id\":\"https:\\\/\\\/buletin.de\\\/bucuresti\\\/#organization\"},\"potentialAction\":[{\"@type\":\"SearchAction\",\"target\":{\"@type\":\"EntryPoint\",\"urlTemplate\":\"https:\\\/\\\/buletin.de\\\/bucuresti\\\/?s={search_term_string}\"},\"query-input\":{\"@type\":\"PropertyValueSpecification\",\"valueRequired\":true,\"valueName\":\"search_term_string\"}}],\"inLanguage\":\"en-GB\"},{\"@type\":\"Organization\",\"@id\":\"https:\\\/\\\/buletin.de\\\/bucuresti\\\/#organization\",\"name\":\"Buletin de Bucure\u0219ti\",\"url\":\"https:\\\/\\\/buletin.de\\\/bucuresti\\\/\",\"logo\":{\"@type\":\"ImageObject\",\"inLanguage\":\"en-GB\",\"@id\":\"https:\\\/\\\/buletin.de\\\/bucuresti\\\/#\\\/schema\\\/logo\\\/image\\\/\",\"url\":\"https:\\\/\\\/buletin.de\\\/bucuresti\\\/wp-content\\\/uploads\\\/logo-bdb-full-wide-vernil-transparent.png\",\"contentUrl\":\"https:\\\/\\\/buletin.de\\\/bucuresti\\\/wp-content\\\/uploads\\\/logo-bdb-full-wide-vernil-transparent.png\",\"width\":1782,\"height\":626,\"caption\":\"Buletin de Bucure\u0219ti\"},\"image\":{\"@id\":\"https:\\\/\\\/buletin.de\\\/bucuresti\\\/#\\\/schema\\\/logo\\\/image\\\/\"},\"sameAs\":[\"https:\\\/\\\/www.facebook.com\\\/buletin.de.buc\",\"https:\\\/\\\/www.instagram.com\\\/buletinde.bucuresti\\\/\"]},{\"@type\":\"Person\",\"@id\":\"https:\\\/\\\/buletin.de\\\/bucuresti\\\/#\\\/schema\\\/person\\\/7e46040573290777280a0835d81ea4ea\",\"name\":\"Diana Matei\",\"image\":{\"@type\":\"ImageObject\",\"inLanguage\":\"en-GB\",\"@id\":\"https:\\\/\\\/buletin.de\\\/bucuresti\\\/wp-content\\\/uploads\\\/9-2-96x96.jpg1e8590b30871d70e62ebcdaf2eff570c\",\"url\":\"https:\\\/\\\/buletin.de\\\/bucuresti\\\/wp-content\\\/uploads\\\/9-2-96x96.jpg\",\"contentUrl\":\"https:\\\/\\\/buletin.de\\\/bucuresti\\\/wp-content\\\/uploads\\\/9-2-96x96.jpg\",\"caption\":\"Diana Matei\"},\"url\":\"https:\\\/\\\/buletin.de\\\/bucuresti\\\/author\\\/dianamatei\\\/\"}]}<\/script>\n<!-- \/ Yoast SEO Premium plugin. -->","yoast_head_json":{"title":"STB prelunge\u0219te linia de noapte N109, de luni - Buletin de Bucure\u0219ti","robots":{"index":"index","follow":"follow","max-snippet":"max-snippet:-1","max-image-preview":"max-image-preview:large","max-video-preview":"max-video-preview:-1"},"canonical":"https:\/\/buletin.de\/bucuresti\/stb-prelungeste-linia-de-noapte-n109-de-luni\/","og_locale":"en_GB","og_type":"article","og_title":"STB prelunge\u0219te linia de noapte N109, de luni","og_description":"STB modific\u0103 traseul liniei de noapte N109, \u00eencep\u00e2nd de luni, 27.05.2024. Autobuzele vor circula pe un traseu cuprins \u00eentre terminalele \u201ePia\u021ba Unirii 2\u201d \u0219i \u201eIsovolta\u201d. Ma\u0219inile vor circula dup\u0103 cum urmeaz\u0103: Pe traseul prelungit, autobuzele vor opri pe ambele sensuri de mers \u00een urm\u0103toarele 11 sta\u021bii: CITE\u0218TE \u0218I:","og_url":"https:\/\/buletin.de\/bucuresti\/stb-prelungeste-linia-de-noapte-n109-de-luni\/","og_site_name":"Buletin de Bucure\u0219ti","article_publisher":"https:\/\/www.facebook.com\/buletin.de.buc","article_published_time":"2024-05-26T10:00:00+00:00","og_image":[{"width":1200,"height":800,"url":"https:\/\/buletin.de\/bucuresti\/wp-content\/uploads\/linia-N109.webp","type":"image\/webp"}],"author":"Diana Matei","twitter_card":"summary_large_image","twitter_misc":{"Written by":"Diana Matei","Estimated reading time":"1 minute"},"schema":{"@context":"https:\/\/schema.org","@graph":[{"@type":"Article","@id":"https:\/\/buletin.de\/bucuresti\/stb-prelungeste-linia-de-noapte-n109-de-luni\/#article","isPartOf":{"@id":"https:\/\/buletin.de\/bucuresti\/stb-prelungeste-linia-de-noapte-n109-de-luni\/"},"author":{"name":"Diana Matei","@id":"https:\/\/buletin.de\/bucuresti\/#\/schema\/person\/7e46040573290777280a0835d81ea4ea"},"headline":"STB prelunge\u0219te linia de noapte N109, de luni","datePublished":"2024-05-26T10:00:00+00:00","mainEntityOfPage":{"@id":"https:\/\/buletin.de\/bucuresti\/stb-prelungeste-linia-de-noapte-n109-de-luni\/"},"wordCount":156,"publisher":{"@id":"https:\/\/buletin.de\/bucuresti\/#organization"},"image":{"@id":"https:\/\/buletin.de\/bucuresti\/stb-prelungeste-linia-de-noapte-n109-de-luni\/#primaryimage"},"thumbnailUrl":"https:\/\/buletin.de\/bucuresti\/wp-content\/uploads\/linia-N109.webp","keywords":["isovolta - piata unirii","schimbari STB","traseu N109"],"articleSection":["Articole","\u0218tiri","Transport"],"inLanguage":"en-GB","copyrightYear":"2024","copyrightHolder":{"@id":"https:\/\/buletin.de\/bucuresti\/#organization"}},{"@type":"WebPage","@id":"https:\/\/buletin.de\/bucuresti\/stb-prelungeste-linia-de-noapte-n109-de-luni\/","url":"https:\/\/buletin.de\/bucuresti\/stb-prelungeste-linia-de-noapte-n109-de-luni\/","name":"STB prelunge\u0219te linia de noapte N109, de luni - Buletin de Bucure\u0219ti","isPartOf":{"@id":"https:\/\/buletin.de\/bucuresti\/#website"},"primaryImageOfPage":{"@id":"https:\/\/buletin.de\/bucuresti\/stb-prelungeste-linia-de-noapte-n109-de-luni\/#primaryimage"},"image":{"@id":"https:\/\/buletin.de\/bucuresti\/stb-prelungeste-linia-de-noapte-n109-de-luni\/#primaryimage"},"thumbnailUrl":"https:\/\/buletin.de\/bucuresti\/wp-content\/uploads\/linia-N109.webp","datePublished":"2024-05-26T10:00:00+00:00","breadcrumb":{"@id":"https:\/\/buletin.de\/bucuresti\/stb-prelungeste-linia-de-noapte-n109-de-luni\/#breadcrumb"},"inLanguage":"en-GB","potentialAction":[{"@type":"ReadAction","target":["https:\/\/buletin.de\/bucuresti\/stb-prelungeste-linia-de-noapte-n109-de-luni\/"]}]},{"@type":"ImageObject","inLanguage":"en-GB","@id":"https:\/\/buletin.de\/bucuresti\/stb-prelungeste-linia-de-noapte-n109-de-luni\/#primaryimage","url":"https:\/\/buletin.de\/bucuresti\/wp-content\/uploads\/linia-N109.webp","contentUrl":"https:\/\/buletin.de\/bucuresti\/wp-content\/uploads\/linia-N109.webp","width":1200,"height":800,"caption":"FOTO: TPBI"},{"@type":"BreadcrumbList","@id":"https:\/\/buletin.de\/bucuresti\/stb-prelungeste-linia-de-noapte-n109-de-luni\/#breadcrumb","itemListElement":[{"@type":"ListItem","position":1,"name":"Acas\u0103","item":"https:\/\/buletin.de\/bucuresti\/"},{"@type":"ListItem","position":2,"name":"STB prelunge\u0219te linia de noapte N109, de luni"}]},{"@type":"WebSite","@id":"https:\/\/buletin.de\/bucuresti\/#website","url":"https:\/\/buletin.de\/bucuresti\/","name":"Buletin de Bucure\u0219ti","description":"\u0218tiri \u0219i investiga\u021bii esen\u021biale din capital\u0103","publisher":{"@id":"https:\/\/buletin.de\/bucuresti\/#organization"},"potentialAction":[{"@type":"SearchAction","target":{"@type":"EntryPoint","urlTemplate":"https:\/\/buletin.de\/bucuresti\/?s={search_term_string}"},"query-input":{"@type":"PropertyValueSpecification","valueRequired":true,"valueName":"search_term_string"}}],"inLanguage":"en-GB"},{"@type":"Organization","@id":"https:\/\/buletin.de\/bucuresti\/#organization","name":"Buletin de Bucure\u0219ti","url":"https:\/\/buletin.de\/bucuresti\/","logo":{"@type":"ImageObject","inLanguage":"en-GB","@id":"https:\/\/buletin.de\/bucuresti\/#\/schema\/logo\/image\/","url":"https:\/\/buletin.de\/bucuresti\/wp-content\/uploads\/logo-bdb-full-wide-vernil-transparent.png","contentUrl":"https:\/\/buletin.de\/bucuresti\/wp-content\/uploads\/logo-bdb-full-wide-vernil-transparent.png","width":1782,"height":626,"caption":"Buletin de Bucure\u0219ti"},"image":{"@id":"https:\/\/buletin.de\/bucuresti\/#\/schema\/logo\/image\/"},"sameAs":["https:\/\/www.facebook.com\/buletin.de.buc","https:\/\/www.instagram.com\/buletinde.bucuresti\/"]},{"@type":"Person","@id":"https:\/\/buletin.de\/bucuresti\/#\/schema\/person\/7e46040573290777280a0835d81ea4ea","name":"Diana Matei","image":{"@type":"ImageObject","inLanguage":"en-GB","@id":"https:\/\/buletin.de\/bucuresti\/wp-content\/uploads\/9-2-96x96.jpg1e8590b30871d70e62ebcdaf2eff570c","url":"https:\/\/buletin.de\/bucuresti\/wp-content\/uploads\/9-2-96x96.jpg","contentUrl":"https:\/\/buletin.de\/bucuresti\/wp-content\/uploads\/9-2-96x96.jpg","caption":"Diana Matei"},"url":"https:\/\/buletin.de\/bucuresti\/author\/dianamatei\/"}]}},"authors":[{"term_id":22574,"user_id":49,"is_guest":0,"slug":"dianamatei","display_name":"Diana Matei","avatar_url":"https:\/\/buletin.de\/bucuresti\/wp-content\/uploads\/9-2-96x96.jpg","0":null,"1":"","2":"","3":"","4":"","5":"","6":"","7":"","8":""}],"_links":{"self":[{"href":"https:\/\/buletin.de\/bucuresti\/wp-json\/wp\/v2\/posts\/86264","targetHints":{"allow":["GET"]}}],"collection":[{"href":"https:\/\/buletin.de\/bucuresti\/wp-json\/wp\/v2\/posts"}],"about":[{"href":"https:\/\/buletin.de\/bucuresti\/wp-json\/wp\/v2\/types\/post"}],"author":[{"embeddable":true,"href":"https:\/\/buletin.de\/bucuresti\/wp-json\/wp\/v2\/users\/49"}],"replies":[{"embeddable":true,"href":"https:\/\/buletin.de\/bucuresti\/wp-json\/wp\/v2\/comments?post=86264"}],"version-history":[{"count":3,"href":"https:\/\/buletin.de\/bucuresti\/wp-json\/wp\/v2\/posts\/86264\/revisions"}],"predecessor-version":[{"id":86280,"href":"https:\/\/buletin.de\/bucuresti\/wp-json\/wp\/v2\/posts\/86264\/revisions\/86280"}],"wp:featuredmedia":[{"embeddable":true,"href":"https:\/\/buletin.de\/bucuresti\/wp-json\/wp\/v2\/media\/86268"}],"wp:attachment":[{"href":"https:\/\/buletin.de\/bucuresti\/wp-json\/wp\/v2\/media?parent=86264"}],"wp:term":[{"taxonomy":"category","embeddable":true,"href":"https:\/\/buletin.de\/bucuresti\/wp-json\/wp\/v2\/categories?post=86264"},{"taxonomy":"post_tag","embeddable":true,"href":"https:\/\/buletin.de\/bucuresti\/wp-json\/wp\/v2\/tags?post=86264"},{"taxonomy":"author","embeddable":true,"href":"https:\/\/buletin.de\/bucuresti\/wp-json\/wp\/v2\/ppma_author?post=86264"}],"curies":[{"name":"wp","href":"https:\/\/api.w.org\/{rel}","templated":true}]}}