{"id":86257,"date":"2024-05-25T11:00:00","date_gmt":"2024-05-25T08:00:00","guid":{"rendered":"https:\/\/buletin.de\/bucuresti\/?p=86257"},"modified":"2024-05-24T22:45:48","modified_gmt":"2024-05-24T19:45:48","slug":"ilfov-primaria-pantelimon-va-functiona-la-o-alta-adresa","status":"publish","type":"post","link":"https:\/\/buletin.de\/bucuresti\/ilfov-primaria-pantelimon-va-functiona-la-o-alta-adresa\/","title":{"rendered":"ILFOV | Prim\u0103ria Pantelimon va func\u0163iona la o alt\u0103 adres\u0103"},"content":{"rendered":"\n<p><strong>Prim\u0103ria ora\u0219ului Pantelimon \u00ee\u0219i mut\u0103 sediul. Decizia vine pentru ca autoritatea local\u0103 s\u0103 aib\u0103 mai mult spa\u021biu, pentru interac\u021biunile cu cet\u0103\u021benii.<\/strong><\/p>\n\n\n\n<p>Noul sediu al prim\u0103riei va fi cl\u0103direa Sover de pe Bd. Biruin\u021bei 48\u201150. Imobilul va fi reabilitat \u0219i recompartimentat, anun\u021b\u0103 autoritatea local\u0103. De asemenea, va cuprinde, pe l\u00e2ng\u0103 birourile personalului, un spa\u021biu pentru locuitorii ora\u0219ului \u0219i ascensor pentru deplasarea persoanelor cu dizabilit\u0103\u021bi.<\/p>\n\n\n\n<p>Proiectul se va realiza din fonduri externe, prin Programul Na\u021bional de Consolidare a Cl\u0103dirilor cu Risc Seismic Ridicat, finan\u021bat de Ministerul Dezvolt\u0103rii Lucr\u0103rilor Publice \u0219i Administra\u021biei.<\/p>\n\n\n\n<p>Durata lucr\u0103rilor va fi de 2 ani \u0219i 5 luni, de la emiterea ordinului de \u00eencepere.<\/p>\n\n\n\n<p><strong>CITE\u0218TE \u0218I:<\/strong><\/p>\n\n\n\n<figure class=\"wp-block-embed is-type-wp-embed is-provider-buletin-de-bucure-ti wp-block-embed-buletin-de-bucure-ti\"><div class=\"wp-block-embed__wrapper\">\n<blockquote class=\"wp-embedded-content\" data-secret=\"vMXxeiIJUU\"><a href=\"https:\/\/buletin.de\/bucuresti\/ilfov-politist-lovit-in-cap-cu-o-lada-de-bere-venise-la-o-sesizare-unde-mai-multe-persoane-dadusera-foc-la-gunoaie\/\">ILFOV | Poli\u0163ist lovit \u00een cap cu o lad\u0103 de bere. Venise la o sesizare unde mai multe persoane d\u0103duser\u0103 foc la gunoaie<\/a><\/blockquote><iframe class=\"wp-embedded-content\" sandbox=\"allow-scripts\" security=\"restricted\" style=\"position: absolute; clip: rect(1px, 1px, 1px, 1px);\" title=\"&#8220;ILFOV | Poli\u0163ist lovit \u00een cap cu o lad\u0103 de bere. Venise la o sesizare unde mai multe persoane d\u0103duser\u0103 foc la gunoaie&#8221; &#8212; Buletin de Bucure\u0219ti\" src=\"https:\/\/buletin.de\/bucuresti\/ilfov-politist-lovit-in-cap-cu-o-lada-de-bere-venise-la-o-sesizare-unde-mai-multe-persoane-dadusera-foc-la-gunoaie\/embed\/#?secret=3kFMJRWbis#?secret=vMXxeiIJUU\" data-secret=\"vMXxeiIJUU\" width=\"600\" height=\"338\" frameborder=\"0\" marginwidth=\"0\" marginheight=\"0\" scrolling=\"no\"><\/iframe>\n<\/div><\/figure>\n\n\n\n<p><\/p>\n","protected":false},"excerpt":{"rendered":"<p>Prim\u0103ria ora\u0219ului Pantelimon \u00ee\u0219i mut\u0103 sediul. Decizia vine pentru ca autoritatea local\u0103 s\u0103 aib\u0103 mai mult spa\u021biu, pentru interac\u021biunile cu cet\u0103\u021benii. Noul sediu al prim\u0103riei va fi cl\u0103direa Sover de pe Bd. Biruin\u021bei 48\u201150. Imobilul va fi reabilitat \u0219i recompartimentat, anun\u021b\u0103 autoritatea local\u0103. De asemenea, va cuprinde, pe l\u00e2ng\u0103 birourile personalului, un spa\u021biu pentru locuitorii [&hellip;]<\/p>\n","protected":false},"author":49,"featured_media":86258,"comment_status":"closed","ping_status":"open","sticky":false,"template":"","format":"standard","meta":{"_acf_changed":false,"inline_featured_image":false,"ngg_post_thumbnail":0,"footnotes":""},"categories":[6994,1432,62],"tags":[12194,12192,12193],"ppma_author":[22574],"class_list":["post-86257","post","type-post","status-publish","format-standard","has-post-thumbnail","hentry","category-stiri-2","category-buletin-de-ilfov","category-stiri","tag-bd-biruintei-48-50","tag-primaria-pantelimon-2","tag-sediu-primaria-pantelimon"],"acf":[],"yoast_head":"<!-- This site is optimized with the Yoast SEO Premium plugin v25.3 (Yoast SEO v27.4) - https:\/\/yoast.com\/product\/yoast-seo-premium-wordpress\/ -->\n<title>ILFOV | Prim\u0103ria Pantelimon va func\u0163iona la o alt\u0103 adres\u0103 - Buletin de Bucure\u0219ti<\/title>\n<meta name=\"robots\" content=\"index, follow, max-snippet:-1, max-image-preview:large, max-video-preview:-1\" \/>\n<link rel=\"canonical\" href=\"https:\/\/buletin.de\/bucuresti\/ilfov-primaria-pantelimon-va-functiona-la-o-alta-adresa\/\" \/>\n<meta property=\"og:locale\" content=\"en_GB\" \/>\n<meta property=\"og:type\" content=\"article\" \/>\n<meta property=\"og:title\" content=\"ILFOV | Prim\u0103ria Pantelimon va func\u0163iona la o alt\u0103 adres\u0103\" \/>\n<meta property=\"og:description\" content=\"Prim\u0103ria ora\u0219ului Pantelimon \u00ee\u0219i mut\u0103 sediul. Decizia vine pentru ca autoritatea local\u0103 s\u0103 aib\u0103 mai mult spa\u021biu, pentru interac\u021biunile cu cet\u0103\u021benii. Noul sediu al prim\u0103riei va fi cl\u0103direa Sover de pe Bd. Biruin\u021bei 48\u201150. Imobilul va fi reabilitat \u0219i recompartimentat, anun\u021b\u0103 autoritatea local\u0103. De asemenea, va cuprinde, pe l\u00e2ng\u0103 birourile personalului, un spa\u021biu pentru locuitorii [&hellip;]\" \/>\n<meta property=\"og:url\" content=\"https:\/\/buletin.de\/bucuresti\/ilfov-primaria-pantelimon-va-functiona-la-o-alta-adresa\/\" \/>\n<meta property=\"og:site_name\" content=\"Buletin de Bucure\u0219ti\" \/>\n<meta property=\"article:publisher\" content=\"https:\/\/www.facebook.com\/buletin.de.buc\" \/>\n<meta property=\"article:published_time\" content=\"2024-05-25T08:00:00+00:00\" \/>\n<meta property=\"og:image\" content=\"https:\/\/buletin.de\/bucuresti\/wp-content\/uploads\/primaria-pantelimon.jpeg\" \/>\n\t<meta property=\"og:image:width\" content=\"960\" \/>\n\t<meta property=\"og:image:height\" content=\"960\" \/>\n\t<meta property=\"og:image:type\" content=\"image\/jpeg\" \/>\n<meta name=\"author\" content=\"Diana Matei\" \/>\n<meta name=\"twitter:card\" content=\"summary_large_image\" \/>\n<meta name=\"twitter:label1\" content=\"Written by\" \/>\n\t<meta name=\"twitter:data1\" content=\"Diana Matei\" \/>\n\t<meta name=\"twitter:label2\" content=\"Estimated reading time\" \/>\n\t<meta name=\"twitter:data2\" content=\"1 minute\" \/>\n<script type=\"application\/ld+json\" class=\"yoast-schema-graph\">{\"@context\":\"https:\\\/\\\/schema.org\",\"@graph\":[{\"@type\":\"Article\",\"@id\":\"https:\\\/\\\/buletin.de\\\/bucuresti\\\/ilfov-primaria-pantelimon-va-functiona-la-o-alta-adresa\\\/#article\",\"isPartOf\":{\"@id\":\"https:\\\/\\\/buletin.de\\\/bucuresti\\\/ilfov-primaria-pantelimon-va-functiona-la-o-alta-adresa\\\/\"},\"author\":{\"name\":\"Diana Matei\",\"@id\":\"https:\\\/\\\/buletin.de\\\/bucuresti\\\/#\\\/schema\\\/person\\\/7e46040573290777280a0835d81ea4ea\"},\"headline\":\"ILFOV | Prim\u0103ria Pantelimon va func\u0163iona la o alt\u0103 adres\u0103\",\"datePublished\":\"2024-05-25T08:00:00+00:00\",\"mainEntityOfPage\":{\"@id\":\"https:\\\/\\\/buletin.de\\\/bucuresti\\\/ilfov-primaria-pantelimon-va-functiona-la-o-alta-adresa\\\/\"},\"wordCount\":140,\"publisher\":{\"@id\":\"https:\\\/\\\/buletin.de\\\/bucuresti\\\/#organization\"},\"image\":{\"@id\":\"https:\\\/\\\/buletin.de\\\/bucuresti\\\/ilfov-primaria-pantelimon-va-functiona-la-o-alta-adresa\\\/#primaryimage\"},\"thumbnailUrl\":\"https:\\\/\\\/buletin.de\\\/bucuresti\\\/wp-content\\\/uploads\\\/primaria-pantelimon.jpeg\",\"keywords\":[\"Bd. Biruin\u021bei 48-50\",\"Primaria Pantelimon\",\"sediu Primaria Pantelimon\"],\"articleSection\":[\"Articole\",\"Buletin de Ilfov\",\"\u0218tiri\"],\"inLanguage\":\"en-GB\",\"copyrightYear\":\"2024\",\"copyrightHolder\":{\"@id\":\"https:\\\/\\\/buletin.de\\\/bucuresti\\\/#organization\"}},{\"@type\":\"WebPage\",\"@id\":\"https:\\\/\\\/buletin.de\\\/bucuresti\\\/ilfov-primaria-pantelimon-va-functiona-la-o-alta-adresa\\\/\",\"url\":\"https:\\\/\\\/buletin.de\\\/bucuresti\\\/ilfov-primaria-pantelimon-va-functiona-la-o-alta-adresa\\\/\",\"name\":\"ILFOV | Prim\u0103ria Pantelimon va func\u0163iona la o alt\u0103 adres\u0103 - Buletin de Bucure\u0219ti\",\"isPartOf\":{\"@id\":\"https:\\\/\\\/buletin.de\\\/bucuresti\\\/#website\"},\"primaryImageOfPage\":{\"@id\":\"https:\\\/\\\/buletin.de\\\/bucuresti\\\/ilfov-primaria-pantelimon-va-functiona-la-o-alta-adresa\\\/#primaryimage\"},\"image\":{\"@id\":\"https:\\\/\\\/buletin.de\\\/bucuresti\\\/ilfov-primaria-pantelimon-va-functiona-la-o-alta-adresa\\\/#primaryimage\"},\"thumbnailUrl\":\"https:\\\/\\\/buletin.de\\\/bucuresti\\\/wp-content\\\/uploads\\\/primaria-pantelimon.jpeg\",\"datePublished\":\"2024-05-25T08:00:00+00:00\",\"breadcrumb\":{\"@id\":\"https:\\\/\\\/buletin.de\\\/bucuresti\\\/ilfov-primaria-pantelimon-va-functiona-la-o-alta-adresa\\\/#breadcrumb\"},\"inLanguage\":\"en-GB\",\"potentialAction\":[{\"@type\":\"ReadAction\",\"target\":[\"https:\\\/\\\/buletin.de\\\/bucuresti\\\/ilfov-primaria-pantelimon-va-functiona-la-o-alta-adresa\\\/\"]}]},{\"@type\":\"ImageObject\",\"inLanguage\":\"en-GB\",\"@id\":\"https:\\\/\\\/buletin.de\\\/bucuresti\\\/ilfov-primaria-pantelimon-va-functiona-la-o-alta-adresa\\\/#primaryimage\",\"url\":\"https:\\\/\\\/buletin.de\\\/bucuresti\\\/wp-content\\\/uploads\\\/primaria-pantelimon.jpeg\",\"contentUrl\":\"https:\\\/\\\/buletin.de\\\/bucuresti\\\/wp-content\\\/uploads\\\/primaria-pantelimon.jpeg\",\"width\":960,\"height\":960,\"caption\":\"FOTO: Facebook\\\/Primaria Pantelimon\"},{\"@type\":\"BreadcrumbList\",\"@id\":\"https:\\\/\\\/buletin.de\\\/bucuresti\\\/ilfov-primaria-pantelimon-va-functiona-la-o-alta-adresa\\\/#breadcrumb\",\"itemListElement\":[{\"@type\":\"ListItem\",\"position\":1,\"name\":\"Acas\u0103\",\"item\":\"https:\\\/\\\/buletin.de\\\/bucuresti\\\/\"},{\"@type\":\"ListItem\",\"position\":2,\"name\":\"ILFOV | Prim\u0103ria Pantelimon va func\u0163iona la o alt\u0103 adres\u0103\"}]},{\"@type\":\"WebSite\",\"@id\":\"https:\\\/\\\/buletin.de\\\/bucuresti\\\/#website\",\"url\":\"https:\\\/\\\/buletin.de\\\/bucuresti\\\/\",\"name\":\"Buletin de Bucure\u0219ti\",\"description\":\"\u0218tiri \u0219i investiga\u021bii esen\u021biale din capital\u0103\",\"publisher\":{\"@id\":\"https:\\\/\\\/buletin.de\\\/bucuresti\\\/#organization\"},\"potentialAction\":[{\"@type\":\"SearchAction\",\"target\":{\"@type\":\"EntryPoint\",\"urlTemplate\":\"https:\\\/\\\/buletin.de\\\/bucuresti\\\/?s={search_term_string}\"},\"query-input\":{\"@type\":\"PropertyValueSpecification\",\"valueRequired\":true,\"valueName\":\"search_term_string\"}}],\"inLanguage\":\"en-GB\"},{\"@type\":\"Organization\",\"@id\":\"https:\\\/\\\/buletin.de\\\/bucuresti\\\/#organization\",\"name\":\"Buletin de Bucure\u0219ti\",\"url\":\"https:\\\/\\\/buletin.de\\\/bucuresti\\\/\",\"logo\":{\"@type\":\"ImageObject\",\"inLanguage\":\"en-GB\",\"@id\":\"https:\\\/\\\/buletin.de\\\/bucuresti\\\/#\\\/schema\\\/logo\\\/image\\\/\",\"url\":\"https:\\\/\\\/buletin.de\\\/bucuresti\\\/wp-content\\\/uploads\\\/logo-bdb-full-wide-vernil-transparent.png\",\"contentUrl\":\"https:\\\/\\\/buletin.de\\\/bucuresti\\\/wp-content\\\/uploads\\\/logo-bdb-full-wide-vernil-transparent.png\",\"width\":1782,\"height\":626,\"caption\":\"Buletin de Bucure\u0219ti\"},\"image\":{\"@id\":\"https:\\\/\\\/buletin.de\\\/bucuresti\\\/#\\\/schema\\\/logo\\\/image\\\/\"},\"sameAs\":[\"https:\\\/\\\/www.facebook.com\\\/buletin.de.buc\",\"https:\\\/\\\/www.instagram.com\\\/buletinde.bucuresti\\\/\"]},{\"@type\":\"Person\",\"@id\":\"https:\\\/\\\/buletin.de\\\/bucuresti\\\/#\\\/schema\\\/person\\\/7e46040573290777280a0835d81ea4ea\",\"name\":\"Diana Matei\",\"image\":{\"@type\":\"ImageObject\",\"inLanguage\":\"en-GB\",\"@id\":\"https:\\\/\\\/buletin.de\\\/bucuresti\\\/wp-content\\\/uploads\\\/9-2-96x96.jpg1e8590b30871d70e62ebcdaf2eff570c\",\"url\":\"https:\\\/\\\/buletin.de\\\/bucuresti\\\/wp-content\\\/uploads\\\/9-2-96x96.jpg\",\"contentUrl\":\"https:\\\/\\\/buletin.de\\\/bucuresti\\\/wp-content\\\/uploads\\\/9-2-96x96.jpg\",\"caption\":\"Diana Matei\"},\"url\":\"https:\\\/\\\/buletin.de\\\/bucuresti\\\/author\\\/dianamatei\\\/\"}]}<\/script>\n<!-- \/ Yoast SEO Premium plugin. -->","yoast_head_json":{"title":"ILFOV | Prim\u0103ria Pantelimon va func\u0163iona la o alt\u0103 adres\u0103 - Buletin de Bucure\u0219ti","robots":{"index":"index","follow":"follow","max-snippet":"max-snippet:-1","max-image-preview":"max-image-preview:large","max-video-preview":"max-video-preview:-1"},"canonical":"https:\/\/buletin.de\/bucuresti\/ilfov-primaria-pantelimon-va-functiona-la-o-alta-adresa\/","og_locale":"en_GB","og_type":"article","og_title":"ILFOV | Prim\u0103ria Pantelimon va func\u0163iona la o alt\u0103 adres\u0103","og_description":"Prim\u0103ria ora\u0219ului Pantelimon \u00ee\u0219i mut\u0103 sediul. Decizia vine pentru ca autoritatea local\u0103 s\u0103 aib\u0103 mai mult spa\u021biu, pentru interac\u021biunile cu cet\u0103\u021benii. Noul sediu al prim\u0103riei va fi cl\u0103direa Sover de pe Bd. Biruin\u021bei 48\u201150. Imobilul va fi reabilitat \u0219i recompartimentat, anun\u021b\u0103 autoritatea local\u0103. De asemenea, va cuprinde, pe l\u00e2ng\u0103 birourile personalului, un spa\u021biu pentru locuitorii [&hellip;]","og_url":"https:\/\/buletin.de\/bucuresti\/ilfov-primaria-pantelimon-va-functiona-la-o-alta-adresa\/","og_site_name":"Buletin de Bucure\u0219ti","article_publisher":"https:\/\/www.facebook.com\/buletin.de.buc","article_published_time":"2024-05-25T08:00:00+00:00","og_image":[{"width":960,"height":960,"url":"https:\/\/buletin.de\/bucuresti\/wp-content\/uploads\/primaria-pantelimon.jpeg","type":"image\/jpeg"}],"author":"Diana Matei","twitter_card":"summary_large_image","twitter_misc":{"Written by":"Diana Matei","Estimated reading time":"1 minute"},"schema":{"@context":"https:\/\/schema.org","@graph":[{"@type":"Article","@id":"https:\/\/buletin.de\/bucuresti\/ilfov-primaria-pantelimon-va-functiona-la-o-alta-adresa\/#article","isPartOf":{"@id":"https:\/\/buletin.de\/bucuresti\/ilfov-primaria-pantelimon-va-functiona-la-o-alta-adresa\/"},"author":{"name":"Diana Matei","@id":"https:\/\/buletin.de\/bucuresti\/#\/schema\/person\/7e46040573290777280a0835d81ea4ea"},"headline":"ILFOV | Prim\u0103ria Pantelimon va func\u0163iona la o alt\u0103 adres\u0103","datePublished":"2024-05-25T08:00:00+00:00","mainEntityOfPage":{"@id":"https:\/\/buletin.de\/bucuresti\/ilfov-primaria-pantelimon-va-functiona-la-o-alta-adresa\/"},"wordCount":140,"publisher":{"@id":"https:\/\/buletin.de\/bucuresti\/#organization"},"image":{"@id":"https:\/\/buletin.de\/bucuresti\/ilfov-primaria-pantelimon-va-functiona-la-o-alta-adresa\/#primaryimage"},"thumbnailUrl":"https:\/\/buletin.de\/bucuresti\/wp-content\/uploads\/primaria-pantelimon.jpeg","keywords":["Bd. Biruin\u021bei 48-50","Primaria Pantelimon","sediu Primaria Pantelimon"],"articleSection":["Articole","Buletin de Ilfov","\u0218tiri"],"inLanguage":"en-GB","copyrightYear":"2024","copyrightHolder":{"@id":"https:\/\/buletin.de\/bucuresti\/#organization"}},{"@type":"WebPage","@id":"https:\/\/buletin.de\/bucuresti\/ilfov-primaria-pantelimon-va-functiona-la-o-alta-adresa\/","url":"https:\/\/buletin.de\/bucuresti\/ilfov-primaria-pantelimon-va-functiona-la-o-alta-adresa\/","name":"ILFOV | Prim\u0103ria Pantelimon va func\u0163iona la o alt\u0103 adres\u0103 - Buletin de Bucure\u0219ti","isPartOf":{"@id":"https:\/\/buletin.de\/bucuresti\/#website"},"primaryImageOfPage":{"@id":"https:\/\/buletin.de\/bucuresti\/ilfov-primaria-pantelimon-va-functiona-la-o-alta-adresa\/#primaryimage"},"image":{"@id":"https:\/\/buletin.de\/bucuresti\/ilfov-primaria-pantelimon-va-functiona-la-o-alta-adresa\/#primaryimage"},"thumbnailUrl":"https:\/\/buletin.de\/bucuresti\/wp-content\/uploads\/primaria-pantelimon.jpeg","datePublished":"2024-05-25T08:00:00+00:00","breadcrumb":{"@id":"https:\/\/buletin.de\/bucuresti\/ilfov-primaria-pantelimon-va-functiona-la-o-alta-adresa\/#breadcrumb"},"inLanguage":"en-GB","potentialAction":[{"@type":"ReadAction","target":["https:\/\/buletin.de\/bucuresti\/ilfov-primaria-pantelimon-va-functiona-la-o-alta-adresa\/"]}]},{"@type":"ImageObject","inLanguage":"en-GB","@id":"https:\/\/buletin.de\/bucuresti\/ilfov-primaria-pantelimon-va-functiona-la-o-alta-adresa\/#primaryimage","url":"https:\/\/buletin.de\/bucuresti\/wp-content\/uploads\/primaria-pantelimon.jpeg","contentUrl":"https:\/\/buletin.de\/bucuresti\/wp-content\/uploads\/primaria-pantelimon.jpeg","width":960,"height":960,"caption":"FOTO: Facebook\/Primaria Pantelimon"},{"@type":"BreadcrumbList","@id":"https:\/\/buletin.de\/bucuresti\/ilfov-primaria-pantelimon-va-functiona-la-o-alta-adresa\/#breadcrumb","itemListElement":[{"@type":"ListItem","position":1,"name":"Acas\u0103","item":"https:\/\/buletin.de\/bucuresti\/"},{"@type":"ListItem","position":2,"name":"ILFOV | Prim\u0103ria Pantelimon va func\u0163iona la o alt\u0103 adres\u0103"}]},{"@type":"WebSite","@id":"https:\/\/buletin.de\/bucuresti\/#website","url":"https:\/\/buletin.de\/bucuresti\/","name":"Buletin de Bucure\u0219ti","description":"\u0218tiri \u0219i investiga\u021bii esen\u021biale din capital\u0103","publisher":{"@id":"https:\/\/buletin.de\/bucuresti\/#organization"},"potentialAction":[{"@type":"SearchAction","target":{"@type":"EntryPoint","urlTemplate":"https:\/\/buletin.de\/bucuresti\/?s={search_term_string}"},"query-input":{"@type":"PropertyValueSpecification","valueRequired":true,"valueName":"search_term_string"}}],"inLanguage":"en-GB"},{"@type":"Organization","@id":"https:\/\/buletin.de\/bucuresti\/#organization","name":"Buletin de Bucure\u0219ti","url":"https:\/\/buletin.de\/bucuresti\/","logo":{"@type":"ImageObject","inLanguage":"en-GB","@id":"https:\/\/buletin.de\/bucuresti\/#\/schema\/logo\/image\/","url":"https:\/\/buletin.de\/bucuresti\/wp-content\/uploads\/logo-bdb-full-wide-vernil-transparent.png","contentUrl":"https:\/\/buletin.de\/bucuresti\/wp-content\/uploads\/logo-bdb-full-wide-vernil-transparent.png","width":1782,"height":626,"caption":"Buletin de Bucure\u0219ti"},"image":{"@id":"https:\/\/buletin.de\/bucuresti\/#\/schema\/logo\/image\/"},"sameAs":["https:\/\/www.facebook.com\/buletin.de.buc","https:\/\/www.instagram.com\/buletinde.bucuresti\/"]},{"@type":"Person","@id":"https:\/\/buletin.de\/bucuresti\/#\/schema\/person\/7e46040573290777280a0835d81ea4ea","name":"Diana Matei","image":{"@type":"ImageObject","inLanguage":"en-GB","@id":"https:\/\/buletin.de\/bucuresti\/wp-content\/uploads\/9-2-96x96.jpg1e8590b30871d70e62ebcdaf2eff570c","url":"https:\/\/buletin.de\/bucuresti\/wp-content\/uploads\/9-2-96x96.jpg","contentUrl":"https:\/\/buletin.de\/bucuresti\/wp-content\/uploads\/9-2-96x96.jpg","caption":"Diana Matei"},"url":"https:\/\/buletin.de\/bucuresti\/author\/dianamatei\/"}]}},"authors":[{"term_id":22574,"user_id":49,"is_guest":0,"slug":"dianamatei","display_name":"Diana Matei","avatar_url":"https:\/\/buletin.de\/bucuresti\/wp-content\/uploads\/9-2-96x96.jpg","0":null,"1":"","2":"","3":"","4":"","5":"","6":"","7":"","8":""}],"_links":{"self":[{"href":"https:\/\/buletin.de\/bucuresti\/wp-json\/wp\/v2\/posts\/86257","targetHints":{"allow":["GET"]}}],"collection":[{"href":"https:\/\/buletin.de\/bucuresti\/wp-json\/wp\/v2\/posts"}],"about":[{"href":"https:\/\/buletin.de\/bucuresti\/wp-json\/wp\/v2\/types\/post"}],"author":[{"embeddable":true,"href":"https:\/\/buletin.de\/bucuresti\/wp-json\/wp\/v2\/users\/49"}],"replies":[{"embeddable":true,"href":"https:\/\/buletin.de\/bucuresti\/wp-json\/wp\/v2\/comments?post=86257"}],"version-history":[{"count":3,"href":"https:\/\/buletin.de\/bucuresti\/wp-json\/wp\/v2\/posts\/86257\/revisions"}],"predecessor-version":[{"id":86272,"href":"https:\/\/buletin.de\/bucuresti\/wp-json\/wp\/v2\/posts\/86257\/revisions\/86272"}],"wp:featuredmedia":[{"embeddable":true,"href":"https:\/\/buletin.de\/bucuresti\/wp-json\/wp\/v2\/media\/86258"}],"wp:attachment":[{"href":"https:\/\/buletin.de\/bucuresti\/wp-json\/wp\/v2\/media?parent=86257"}],"wp:term":[{"taxonomy":"category","embeddable":true,"href":"https:\/\/buletin.de\/bucuresti\/wp-json\/wp\/v2\/categories?post=86257"},{"taxonomy":"post_tag","embeddable":true,"href":"https:\/\/buletin.de\/bucuresti\/wp-json\/wp\/v2\/tags?post=86257"},{"taxonomy":"author","embeddable":true,"href":"https:\/\/buletin.de\/bucuresti\/wp-json\/wp\/v2\/ppma_author?post=86257"}],"curies":[{"name":"wp","href":"https:\/\/api.w.org\/{rel}","templated":true}]}}