{"id":86254,"date":"2024-05-24T16:05:30","date_gmt":"2024-05-24T13:05:30","guid":{"rendered":"https:\/\/buletin.de\/bucuresti\/?p=86254"},"modified":"2024-05-24T16:05:30","modified_gmt":"2024-05-24T13:05:30","slug":"ilfov-politist-lovit-in-cap-cu-o-lada-de-bere-venise-la-o-sesizare-unde-mai-multe-persoane-dadusera-foc-la-gunoaie","status":"publish","type":"post","link":"https:\/\/buletin.de\/bucuresti\/ilfov-politist-lovit-in-cap-cu-o-lada-de-bere-venise-la-o-sesizare-unde-mai-multe-persoane-dadusera-foc-la-gunoaie\/","title":{"rendered":"ILFOV | Poli\u0163ist lovit \u00een cap cu o lad\u0103 de bere. Venise la o sesizare unde mai multe persoane d\u0103duser\u0103 foc la gunoaie"},"content":{"rendered":"\n<p><strong>Un poli\u0163ist a fost lovit \u00een cap de un t\u00e2n\u0103r de 16 ani \u00een timpul unei interven\u0163ii \u00een satul D\u00e2rvari, din comuna Ciorog\u00e2rla. Omul legii venise la fa\u0163a locului al\u0103turi de colegii s\u0103i, \u00een urma unei sesiz\u0103ri c\u0103 mai multe persoane au dat foc unor de\u015feuri.<\/strong><\/p>\n\n\n\n<p>La ora 22:24, pe 23 mai, poli\u0163i\u015ftii ora\u015fului Bragadiru au fost sesiza\u0163i prin 112 c\u0103 pe o strad\u0103 din D\u00e2rvari mai mul\u0163i b\u0103rba\u0163i dau foc unor gunoaie \u015fi e fum \u00eenec\u0103cios. Au ajuns la fa\u0163a locului \u015fi au g\u0103sit cinci persoane responsabile. Le-au spus s\u0103 sting\u0103 focul, \u00eens\u0103 unul dintre ei a devenit recalcitrant. A fost imobilizat, moment \u00een care un altul din grup, b\u0103iatul de 16 ani, a pus m\u00e2na pe o lad\u0103 de bere din plastic \u015fi l-a lovit \u00een t\u00e2mpl\u0103 pe unul dintre poli\u0163i\u015fti. <\/p>\n\n\n\n<p>Dup\u0103 ce l-a lovit, a \u00eencercat s\u0103 fug\u0103, dar a fost prins rapid de poli\u0163i\u015fti. Cum \u015fi ceilal\u0163i b\u0103rba\u0163i deveniser\u0103 agresivi, a fost nevoie ca un alt poli\u0163ist s\u0103 trag\u0103 trei focuri de arm\u0103 \u00een plan pertical, pentru a-i soma s\u0103 se \u00eendep\u0103rteze. <\/p>\n\n\n\n<p>Ulterior, la sec\u0163ia de poli\u0163ie, s-a deplasat un echipaj medical, care a acordat \u00eengrijiri poli\u021bistului r\u0103nit, dup\u0103 care l-a transportat la o unitate medical\u0103. Dup\u0103 acordarea \u00eengrijirilor de specialitate \u0219i efectuarea investiga\u021biilor suplimentare, poli\u021bistul nu a r\u0103mas internat.<\/p>\n\n\n\n<p>\u00cen cauz\u0103, procurorul de caz, din cadrul Parchetului de pe l\u00e2ng\u0103 Judec\u0103toria Cornetu s-a deplasat la sediul Poli\u021biei Ora\u0219ului Bragadiru pentru continuarea cercet\u0103rilor privind s\u0103v\u00e2r\u0219irea infrac\u021biunii de ultraj, iar \u00een urma probatoriului administrat, acesta a dispus re\u021binerea pentru 24 de ore fa\u021b\u0103, de t\u00e2n\u0103rul de 16 ani.<\/p>\n\n\n\n<p>De asemenea, \u00een cadrul activit\u0103\u021bilor procedurale, poli\u021bi\u0219tii din Bragadiru au aplicat 6 sanc\u021biuni contraven\u021bionale, conform Legii 61\/1991 pentru sanc\u021bionarea faptelor de \u00eenc\u0103lcare a unor norme de convie\u021buire social\u0103 a ordinii \u0219i lini\u0219tii publice \u0219i OUG 92\/2021 privind regimul de\u0219eurilor.<\/p>\n\n\n\n<p><\/p>\n\n\n\n<p><strong>CITE\u015eTE \u015eI:<\/strong><\/p>\n\n\n\n<figure class=\"wp-block-embed is-type-wp-embed is-provider-buletin-de-bucure-ti wp-block-embed-buletin-de-bucure-ti\"><div class=\"wp-block-embed__wrapper\">\n<blockquote class=\"wp-embedded-content\" data-secret=\"3CtXl0OOGT\"><a href=\"https:\/\/buletin.de\/bucuresti\/ministrul-mediului-fara-o-solutie-viabila-privind-mirosul-insuportabil-de-la-groapa-de-gunoi-vidra-nu-poti-lasa-un-oras-de-marimea-bucurestiului-care-genereaza-un-milion-de-tone-de-deseuri\/\">Ministrul Mediului, f\u0103r\u0103 o solu\u021bie viabil\u0103 privind mirosul insuportabil de la groapa de gunoi Vidra: \u201eNu po\u0163i l\u0103sa un ora\u015f de m\u0103rimea Bucure\u015ftiului care genereaz\u0103 un milion de tone de de\u015feuri pe an, f\u0103r\u0103 groap\u0103\u201d<\/a><\/blockquote><iframe class=\"wp-embedded-content\" sandbox=\"allow-scripts\" security=\"restricted\" style=\"position: absolute; clip: rect(1px, 1px, 1px, 1px);\" title=\"&#8220;Ministrul Mediului, f\u0103r\u0103 o solu\u021bie viabil\u0103 privind mirosul insuportabil de la groapa de gunoi Vidra: \u201eNu po\u0163i l\u0103sa un ora\u015f de m\u0103rimea Bucure\u015ftiului care genereaz\u0103 un milion de tone de de\u015feuri pe an, f\u0103r\u0103 groap\u0103\u201d&#8221; &#8212; Buletin de Bucure\u0219ti\" src=\"https:\/\/buletin.de\/bucuresti\/ministrul-mediului-fara-o-solutie-viabila-privind-mirosul-insuportabil-de-la-groapa-de-gunoi-vidra-nu-poti-lasa-un-oras-de-marimea-bucurestiului-care-genereaza-un-milion-de-tone-de-deseuri\/embed\/#?secret=XpflZrzRhq#?secret=3CtXl0OOGT\" data-secret=\"3CtXl0OOGT\" width=\"600\" height=\"338\" frameborder=\"0\" marginwidth=\"0\" marginheight=\"0\" scrolling=\"no\"><\/iframe>\n<\/div><\/figure>\n","protected":false},"excerpt":{"rendered":"<p>Un poli\u0163ist a fost lovit \u00een cap de un t\u00e2n\u0103r de 16 ani \u00een timpul unei interven\u0163ii \u00een satul D\u00e2rvari, din comuna Ciorog\u00e2rla. Omul legii venise la fa\u0163a locului al\u0103turi de colegii s\u0103i, \u00een urma unei sesiz\u0103ri c\u0103 mai multe persoane au dat foc unor de\u015feuri. La ora 22:24, pe 23 mai, poli\u0163i\u015ftii ora\u015fului Bragadiru [&hellip;]<\/p>\n","protected":false},"author":8,"featured_media":72064,"comment_status":"closed","ping_status":"open","sticky":false,"template":"","format":"standard","meta":{"_acf_changed":false,"inline_featured_image":false,"ngg_post_thumbnail":0,"footnotes":""},"categories":[6994,9026,62],"tags":[12196,12195,12197],"ppma_author":[22586],"class_list":["post-86254","post","type-post","status-publish","format-standard","has-post-thumbnail","hentry","category-stiri-2","category-eveniment","category-stiri","tag-focuri-de-arma-darvari","tag-politist-lovit","tag-scandal-ciorogarla"],"acf":[],"yoast_head":"<!-- This site is optimized with the Yoast SEO Premium plugin v25.3 (Yoast SEO v27.4) - https:\/\/yoast.com\/product\/yoast-seo-premium-wordpress\/ -->\n<title>ILFOV | Poli\u0163ist lovit \u00een cap cu o lad\u0103 de bere. Venise la o sesizare unde mai multe persoane d\u0103duser\u0103 foc la gunoaie - Buletin de Bucure\u0219ti<\/title>\n<meta name=\"robots\" content=\"index, follow, max-snippet:-1, max-image-preview:large, max-video-preview:-1\" \/>\n<link rel=\"canonical\" href=\"https:\/\/buletin.de\/bucuresti\/ilfov-politist-lovit-in-cap-cu-o-lada-de-bere-venise-la-o-sesizare-unde-mai-multe-persoane-dadusera-foc-la-gunoaie\/\" \/>\n<meta property=\"og:locale\" content=\"en_GB\" \/>\n<meta property=\"og:type\" content=\"article\" \/>\n<meta property=\"og:title\" content=\"ILFOV | Poli\u0163ist lovit \u00een cap cu o lad\u0103 de bere. Venise la o sesizare unde mai multe persoane d\u0103duser\u0103 foc la gunoaie\" \/>\n<meta property=\"og:description\" content=\"Un poli\u0163ist a fost lovit \u00een cap de un t\u00e2n\u0103r de 16 ani \u00een timpul unei interven\u0163ii \u00een satul D\u00e2rvari, din comuna Ciorog\u00e2rla. Omul legii venise la fa\u0163a locului al\u0103turi de colegii s\u0103i, \u00een urma unei sesiz\u0103ri c\u0103 mai multe persoane au dat foc unor de\u015feuri. La ora 22:24, pe 23 mai, poli\u0163i\u015ftii ora\u015fului Bragadiru [&hellip;]\" \/>\n<meta property=\"og:url\" content=\"https:\/\/buletin.de\/bucuresti\/ilfov-politist-lovit-in-cap-cu-o-lada-de-bere-venise-la-o-sesizare-unde-mai-multe-persoane-dadusera-foc-la-gunoaie\/\" \/>\n<meta property=\"og:site_name\" content=\"Buletin de Bucure\u0219ti\" \/>\n<meta property=\"article:publisher\" content=\"https:\/\/www.facebook.com\/buletin.de.buc\" \/>\n<meta property=\"article:published_time\" content=\"2024-05-24T13:05:30+00:00\" \/>\n<meta property=\"og:image\" content=\"https:\/\/buletin.de\/bucuresti\/wp-content\/uploads\/sofer-fara-permis-900x472.png\" \/>\n\t<meta property=\"og:image:width\" content=\"900\" \/>\n\t<meta property=\"og:image:height\" content=\"472\" \/>\n\t<meta property=\"og:image:type\" content=\"image\/png\" \/>\n<meta name=\"author\" content=\"Ionu\u021b Lepa\" \/>\n<meta name=\"twitter:card\" content=\"summary_large_image\" \/>\n<meta name=\"twitter:label1\" content=\"Written by\" \/>\n\t<meta name=\"twitter:data1\" content=\"Ionu\u021b Lepa\" \/>\n\t<meta name=\"twitter:label2\" content=\"Estimated reading time\" \/>\n\t<meta name=\"twitter:data2\" content=\"2 minutes\" \/>\n<script type=\"application\/ld+json\" class=\"yoast-schema-graph\">{\"@context\":\"https:\\\/\\\/schema.org\",\"@graph\":[{\"@type\":\"Article\",\"@id\":\"https:\\\/\\\/buletin.de\\\/bucuresti\\\/ilfov-politist-lovit-in-cap-cu-o-lada-de-bere-venise-la-o-sesizare-unde-mai-multe-persoane-dadusera-foc-la-gunoaie\\\/#article\",\"isPartOf\":{\"@id\":\"https:\\\/\\\/buletin.de\\\/bucuresti\\\/ilfov-politist-lovit-in-cap-cu-o-lada-de-bere-venise-la-o-sesizare-unde-mai-multe-persoane-dadusera-foc-la-gunoaie\\\/\"},\"author\":{\"name\":\"Ionu\u021b Lepa\",\"@id\":\"https:\\\/\\\/buletin.de\\\/bucuresti\\\/#\\\/schema\\\/person\\\/5272b8a057b33890940b57b837fc4ce6\"},\"headline\":\"ILFOV | Poli\u0163ist lovit \u00een cap cu o lad\u0103 de bere. Venise la o sesizare unde mai multe persoane d\u0103duser\u0103 foc la gunoaie\",\"datePublished\":\"2024-05-24T13:05:30+00:00\",\"mainEntityOfPage\":{\"@id\":\"https:\\\/\\\/buletin.de\\\/bucuresti\\\/ilfov-politist-lovit-in-cap-cu-o-lada-de-bere-venise-la-o-sesizare-unde-mai-multe-persoane-dadusera-foc-la-gunoaie\\\/\"},\"wordCount\":385,\"publisher\":{\"@id\":\"https:\\\/\\\/buletin.de\\\/bucuresti\\\/#organization\"},\"image\":{\"@id\":\"https:\\\/\\\/buletin.de\\\/bucuresti\\\/ilfov-politist-lovit-in-cap-cu-o-lada-de-bere-venise-la-o-sesizare-unde-mai-multe-persoane-dadusera-foc-la-gunoaie\\\/#primaryimage\"},\"thumbnailUrl\":\"https:\\\/\\\/buletin.de\\\/bucuresti\\\/wp-content\\\/uploads\\\/sofer-fara-permis.png\",\"keywords\":[\"focuri de arma darvari\",\"politist lovit\",\"scandal ciorogarla\"],\"articleSection\":[\"Articole\",\"Eveniment\",\"\u0218tiri\"],\"inLanguage\":\"en-GB\",\"copyrightYear\":\"2024\",\"copyrightHolder\":{\"@id\":\"https:\\\/\\\/buletin.de\\\/bucuresti\\\/#organization\"}},{\"@type\":\"WebPage\",\"@id\":\"https:\\\/\\\/buletin.de\\\/bucuresti\\\/ilfov-politist-lovit-in-cap-cu-o-lada-de-bere-venise-la-o-sesizare-unde-mai-multe-persoane-dadusera-foc-la-gunoaie\\\/\",\"url\":\"https:\\\/\\\/buletin.de\\\/bucuresti\\\/ilfov-politist-lovit-in-cap-cu-o-lada-de-bere-venise-la-o-sesizare-unde-mai-multe-persoane-dadusera-foc-la-gunoaie\\\/\",\"name\":\"ILFOV | Poli\u0163ist lovit \u00een cap cu o lad\u0103 de bere. Venise la o sesizare unde mai multe persoane d\u0103duser\u0103 foc la gunoaie - Buletin de Bucure\u0219ti\",\"isPartOf\":{\"@id\":\"https:\\\/\\\/buletin.de\\\/bucuresti\\\/#website\"},\"primaryImageOfPage\":{\"@id\":\"https:\\\/\\\/buletin.de\\\/bucuresti\\\/ilfov-politist-lovit-in-cap-cu-o-lada-de-bere-venise-la-o-sesizare-unde-mai-multe-persoane-dadusera-foc-la-gunoaie\\\/#primaryimage\"},\"image\":{\"@id\":\"https:\\\/\\\/buletin.de\\\/bucuresti\\\/ilfov-politist-lovit-in-cap-cu-o-lada-de-bere-venise-la-o-sesizare-unde-mai-multe-persoane-dadusera-foc-la-gunoaie\\\/#primaryimage\"},\"thumbnailUrl\":\"https:\\\/\\\/buletin.de\\\/bucuresti\\\/wp-content\\\/uploads\\\/sofer-fara-permis.png\",\"datePublished\":\"2024-05-24T13:05:30+00:00\",\"breadcrumb\":{\"@id\":\"https:\\\/\\\/buletin.de\\\/bucuresti\\\/ilfov-politist-lovit-in-cap-cu-o-lada-de-bere-venise-la-o-sesizare-unde-mai-multe-persoane-dadusera-foc-la-gunoaie\\\/#breadcrumb\"},\"inLanguage\":\"en-GB\",\"potentialAction\":[{\"@type\":\"ReadAction\",\"target\":[\"https:\\\/\\\/buletin.de\\\/bucuresti\\\/ilfov-politist-lovit-in-cap-cu-o-lada-de-bere-venise-la-o-sesizare-unde-mai-multe-persoane-dadusera-foc-la-gunoaie\\\/\"]}]},{\"@type\":\"ImageObject\",\"inLanguage\":\"en-GB\",\"@id\":\"https:\\\/\\\/buletin.de\\\/bucuresti\\\/ilfov-politist-lovit-in-cap-cu-o-lada-de-bere-venise-la-o-sesizare-unde-mai-multe-persoane-dadusera-foc-la-gunoaie\\\/#primaryimage\",\"url\":\"https:\\\/\\\/buletin.de\\\/bucuresti\\\/wp-content\\\/uploads\\\/sofer-fara-permis.png\",\"contentUrl\":\"https:\\\/\\\/buletin.de\\\/bucuresti\\\/wp-content\\\/uploads\\\/sofer-fara-permis.png\",\"width\":1791,\"height\":939,\"caption\":\"arhiv\u0103, foto cu caracter ilustrativ\"},{\"@type\":\"BreadcrumbList\",\"@id\":\"https:\\\/\\\/buletin.de\\\/bucuresti\\\/ilfov-politist-lovit-in-cap-cu-o-lada-de-bere-venise-la-o-sesizare-unde-mai-multe-persoane-dadusera-foc-la-gunoaie\\\/#breadcrumb\",\"itemListElement\":[{\"@type\":\"ListItem\",\"position\":1,\"name\":\"Acas\u0103\",\"item\":\"https:\\\/\\\/buletin.de\\\/bucuresti\\\/\"},{\"@type\":\"ListItem\",\"position\":2,\"name\":\"ILFOV | Poli\u0163ist lovit \u00een cap cu o lad\u0103 de bere. Venise la o sesizare unde mai multe persoane d\u0103duser\u0103 foc la gunoaie\"}]},{\"@type\":\"WebSite\",\"@id\":\"https:\\\/\\\/buletin.de\\\/bucuresti\\\/#website\",\"url\":\"https:\\\/\\\/buletin.de\\\/bucuresti\\\/\",\"name\":\"Buletin de Bucure\u0219ti\",\"description\":\"\u0218tiri \u0219i investiga\u021bii esen\u021biale din capital\u0103\",\"publisher\":{\"@id\":\"https:\\\/\\\/buletin.de\\\/bucuresti\\\/#organization\"},\"potentialAction\":[{\"@type\":\"SearchAction\",\"target\":{\"@type\":\"EntryPoint\",\"urlTemplate\":\"https:\\\/\\\/buletin.de\\\/bucuresti\\\/?s={search_term_string}\"},\"query-input\":{\"@type\":\"PropertyValueSpecification\",\"valueRequired\":true,\"valueName\":\"search_term_string\"}}],\"inLanguage\":\"en-GB\"},{\"@type\":\"Organization\",\"@id\":\"https:\\\/\\\/buletin.de\\\/bucuresti\\\/#organization\",\"name\":\"Buletin de Bucure\u0219ti\",\"url\":\"https:\\\/\\\/buletin.de\\\/bucuresti\\\/\",\"logo\":{\"@type\":\"ImageObject\",\"inLanguage\":\"en-GB\",\"@id\":\"https:\\\/\\\/buletin.de\\\/bucuresti\\\/#\\\/schema\\\/logo\\\/image\\\/\",\"url\":\"https:\\\/\\\/buletin.de\\\/bucuresti\\\/wp-content\\\/uploads\\\/logo-bdb-full-wide-vernil-transparent.png\",\"contentUrl\":\"https:\\\/\\\/buletin.de\\\/bucuresti\\\/wp-content\\\/uploads\\\/logo-bdb-full-wide-vernil-transparent.png\",\"width\":1782,\"height\":626,\"caption\":\"Buletin de Bucure\u0219ti\"},\"image\":{\"@id\":\"https:\\\/\\\/buletin.de\\\/bucuresti\\\/#\\\/schema\\\/logo\\\/image\\\/\"},\"sameAs\":[\"https:\\\/\\\/www.facebook.com\\\/buletin.de.buc\",\"https:\\\/\\\/www.instagram.com\\\/buletinde.bucuresti\\\/\"]},{\"@type\":\"Person\",\"@id\":\"https:\\\/\\\/buletin.de\\\/bucuresti\\\/#\\\/schema\\\/person\\\/5272b8a057b33890940b57b837fc4ce6\",\"name\":\"Ionu\u021b Lepa\",\"image\":{\"@type\":\"ImageObject\",\"inLanguage\":\"en-GB\",\"@id\":\"https:\\\/\\\/buletin.de\\\/bucuresti\\\/wp-content\\\/uploads\\\/Ionut-Lepa-96x96.jpg5c4e4d9e049808799a8821652d2410a4\",\"url\":\"https:\\\/\\\/buletin.de\\\/bucuresti\\\/wp-content\\\/uploads\\\/Ionut-Lepa-96x96.jpg\",\"contentUrl\":\"https:\\\/\\\/buletin.de\\\/bucuresti\\\/wp-content\\\/uploads\\\/Ionut-Lepa-96x96.jpg\",\"caption\":\"Ionu\u021b Lepa\"},\"url\":\"https:\\\/\\\/buletin.de\\\/bucuresti\\\/author\\\/ionutlepa\\\/\"}]}<\/script>\n<!-- \/ Yoast SEO Premium plugin. -->","yoast_head_json":{"title":"ILFOV | Poli\u0163ist lovit \u00een cap cu o lad\u0103 de bere. Venise la o sesizare unde mai multe persoane d\u0103duser\u0103 foc la gunoaie - Buletin de Bucure\u0219ti","robots":{"index":"index","follow":"follow","max-snippet":"max-snippet:-1","max-image-preview":"max-image-preview:large","max-video-preview":"max-video-preview:-1"},"canonical":"https:\/\/buletin.de\/bucuresti\/ilfov-politist-lovit-in-cap-cu-o-lada-de-bere-venise-la-o-sesizare-unde-mai-multe-persoane-dadusera-foc-la-gunoaie\/","og_locale":"en_GB","og_type":"article","og_title":"ILFOV | Poli\u0163ist lovit \u00een cap cu o lad\u0103 de bere. Venise la o sesizare unde mai multe persoane d\u0103duser\u0103 foc la gunoaie","og_description":"Un poli\u0163ist a fost lovit \u00een cap de un t\u00e2n\u0103r de 16 ani \u00een timpul unei interven\u0163ii \u00een satul D\u00e2rvari, din comuna Ciorog\u00e2rla. Omul legii venise la fa\u0163a locului al\u0103turi de colegii s\u0103i, \u00een urma unei sesiz\u0103ri c\u0103 mai multe persoane au dat foc unor de\u015feuri. La ora 22:24, pe 23 mai, poli\u0163i\u015ftii ora\u015fului Bragadiru [&hellip;]","og_url":"https:\/\/buletin.de\/bucuresti\/ilfov-politist-lovit-in-cap-cu-o-lada-de-bere-venise-la-o-sesizare-unde-mai-multe-persoane-dadusera-foc-la-gunoaie\/","og_site_name":"Buletin de Bucure\u0219ti","article_publisher":"https:\/\/www.facebook.com\/buletin.de.buc","article_published_time":"2024-05-24T13:05:30+00:00","og_image":[{"width":900,"height":472,"url":"https:\/\/buletin.de\/bucuresti\/wp-content\/uploads\/sofer-fara-permis-900x472.png","type":"image\/png"}],"author":"Ionu\u021b Lepa","twitter_card":"summary_large_image","twitter_misc":{"Written by":"Ionu\u021b Lepa","Estimated reading time":"2 minutes"},"schema":{"@context":"https:\/\/schema.org","@graph":[{"@type":"Article","@id":"https:\/\/buletin.de\/bucuresti\/ilfov-politist-lovit-in-cap-cu-o-lada-de-bere-venise-la-o-sesizare-unde-mai-multe-persoane-dadusera-foc-la-gunoaie\/#article","isPartOf":{"@id":"https:\/\/buletin.de\/bucuresti\/ilfov-politist-lovit-in-cap-cu-o-lada-de-bere-venise-la-o-sesizare-unde-mai-multe-persoane-dadusera-foc-la-gunoaie\/"},"author":{"name":"Ionu\u021b Lepa","@id":"https:\/\/buletin.de\/bucuresti\/#\/schema\/person\/5272b8a057b33890940b57b837fc4ce6"},"headline":"ILFOV | Poli\u0163ist lovit \u00een cap cu o lad\u0103 de bere. Venise la o sesizare unde mai multe persoane d\u0103duser\u0103 foc la gunoaie","datePublished":"2024-05-24T13:05:30+00:00","mainEntityOfPage":{"@id":"https:\/\/buletin.de\/bucuresti\/ilfov-politist-lovit-in-cap-cu-o-lada-de-bere-venise-la-o-sesizare-unde-mai-multe-persoane-dadusera-foc-la-gunoaie\/"},"wordCount":385,"publisher":{"@id":"https:\/\/buletin.de\/bucuresti\/#organization"},"image":{"@id":"https:\/\/buletin.de\/bucuresti\/ilfov-politist-lovit-in-cap-cu-o-lada-de-bere-venise-la-o-sesizare-unde-mai-multe-persoane-dadusera-foc-la-gunoaie\/#primaryimage"},"thumbnailUrl":"https:\/\/buletin.de\/bucuresti\/wp-content\/uploads\/sofer-fara-permis.png","keywords":["focuri de arma darvari","politist lovit","scandal ciorogarla"],"articleSection":["Articole","Eveniment","\u0218tiri"],"inLanguage":"en-GB","copyrightYear":"2024","copyrightHolder":{"@id":"https:\/\/buletin.de\/bucuresti\/#organization"}},{"@type":"WebPage","@id":"https:\/\/buletin.de\/bucuresti\/ilfov-politist-lovit-in-cap-cu-o-lada-de-bere-venise-la-o-sesizare-unde-mai-multe-persoane-dadusera-foc-la-gunoaie\/","url":"https:\/\/buletin.de\/bucuresti\/ilfov-politist-lovit-in-cap-cu-o-lada-de-bere-venise-la-o-sesizare-unde-mai-multe-persoane-dadusera-foc-la-gunoaie\/","name":"ILFOV | Poli\u0163ist lovit \u00een cap cu o lad\u0103 de bere. Venise la o sesizare unde mai multe persoane d\u0103duser\u0103 foc la gunoaie - Buletin de Bucure\u0219ti","isPartOf":{"@id":"https:\/\/buletin.de\/bucuresti\/#website"},"primaryImageOfPage":{"@id":"https:\/\/buletin.de\/bucuresti\/ilfov-politist-lovit-in-cap-cu-o-lada-de-bere-venise-la-o-sesizare-unde-mai-multe-persoane-dadusera-foc-la-gunoaie\/#primaryimage"},"image":{"@id":"https:\/\/buletin.de\/bucuresti\/ilfov-politist-lovit-in-cap-cu-o-lada-de-bere-venise-la-o-sesizare-unde-mai-multe-persoane-dadusera-foc-la-gunoaie\/#primaryimage"},"thumbnailUrl":"https:\/\/buletin.de\/bucuresti\/wp-content\/uploads\/sofer-fara-permis.png","datePublished":"2024-05-24T13:05:30+00:00","breadcrumb":{"@id":"https:\/\/buletin.de\/bucuresti\/ilfov-politist-lovit-in-cap-cu-o-lada-de-bere-venise-la-o-sesizare-unde-mai-multe-persoane-dadusera-foc-la-gunoaie\/#breadcrumb"},"inLanguage":"en-GB","potentialAction":[{"@type":"ReadAction","target":["https:\/\/buletin.de\/bucuresti\/ilfov-politist-lovit-in-cap-cu-o-lada-de-bere-venise-la-o-sesizare-unde-mai-multe-persoane-dadusera-foc-la-gunoaie\/"]}]},{"@type":"ImageObject","inLanguage":"en-GB","@id":"https:\/\/buletin.de\/bucuresti\/ilfov-politist-lovit-in-cap-cu-o-lada-de-bere-venise-la-o-sesizare-unde-mai-multe-persoane-dadusera-foc-la-gunoaie\/#primaryimage","url":"https:\/\/buletin.de\/bucuresti\/wp-content\/uploads\/sofer-fara-permis.png","contentUrl":"https:\/\/buletin.de\/bucuresti\/wp-content\/uploads\/sofer-fara-permis.png","width":1791,"height":939,"caption":"arhiv\u0103, foto cu caracter ilustrativ"},{"@type":"BreadcrumbList","@id":"https:\/\/buletin.de\/bucuresti\/ilfov-politist-lovit-in-cap-cu-o-lada-de-bere-venise-la-o-sesizare-unde-mai-multe-persoane-dadusera-foc-la-gunoaie\/#breadcrumb","itemListElement":[{"@type":"ListItem","position":1,"name":"Acas\u0103","item":"https:\/\/buletin.de\/bucuresti\/"},{"@type":"ListItem","position":2,"name":"ILFOV | Poli\u0163ist lovit \u00een cap cu o lad\u0103 de bere. Venise la o sesizare unde mai multe persoane d\u0103duser\u0103 foc la gunoaie"}]},{"@type":"WebSite","@id":"https:\/\/buletin.de\/bucuresti\/#website","url":"https:\/\/buletin.de\/bucuresti\/","name":"Buletin de Bucure\u0219ti","description":"\u0218tiri \u0219i investiga\u021bii esen\u021biale din capital\u0103","publisher":{"@id":"https:\/\/buletin.de\/bucuresti\/#organization"},"potentialAction":[{"@type":"SearchAction","target":{"@type":"EntryPoint","urlTemplate":"https:\/\/buletin.de\/bucuresti\/?s={search_term_string}"},"query-input":{"@type":"PropertyValueSpecification","valueRequired":true,"valueName":"search_term_string"}}],"inLanguage":"en-GB"},{"@type":"Organization","@id":"https:\/\/buletin.de\/bucuresti\/#organization","name":"Buletin de Bucure\u0219ti","url":"https:\/\/buletin.de\/bucuresti\/","logo":{"@type":"ImageObject","inLanguage":"en-GB","@id":"https:\/\/buletin.de\/bucuresti\/#\/schema\/logo\/image\/","url":"https:\/\/buletin.de\/bucuresti\/wp-content\/uploads\/logo-bdb-full-wide-vernil-transparent.png","contentUrl":"https:\/\/buletin.de\/bucuresti\/wp-content\/uploads\/logo-bdb-full-wide-vernil-transparent.png","width":1782,"height":626,"caption":"Buletin de Bucure\u0219ti"},"image":{"@id":"https:\/\/buletin.de\/bucuresti\/#\/schema\/logo\/image\/"},"sameAs":["https:\/\/www.facebook.com\/buletin.de.buc","https:\/\/www.instagram.com\/buletinde.bucuresti\/"]},{"@type":"Person","@id":"https:\/\/buletin.de\/bucuresti\/#\/schema\/person\/5272b8a057b33890940b57b837fc4ce6","name":"Ionu\u021b Lepa","image":{"@type":"ImageObject","inLanguage":"en-GB","@id":"https:\/\/buletin.de\/bucuresti\/wp-content\/uploads\/Ionut-Lepa-96x96.jpg5c4e4d9e049808799a8821652d2410a4","url":"https:\/\/buletin.de\/bucuresti\/wp-content\/uploads\/Ionut-Lepa-96x96.jpg","contentUrl":"https:\/\/buletin.de\/bucuresti\/wp-content\/uploads\/Ionut-Lepa-96x96.jpg","caption":"Ionu\u021b Lepa"},"url":"https:\/\/buletin.de\/bucuresti\/author\/ionutlepa\/"}]}},"authors":[{"term_id":22586,"user_id":8,"is_guest":0,"slug":"ionutlepa","display_name":"Ionu\u021b Lepa","avatar_url":"https:\/\/buletin.de\/bucuresti\/wp-content\/uploads\/Ionut-Lepa-96x96.jpg","0":null,"1":"","2":"","3":"","4":"","5":"","6":"","7":"","8":""}],"_links":{"self":[{"href":"https:\/\/buletin.de\/bucuresti\/wp-json\/wp\/v2\/posts\/86254","targetHints":{"allow":["GET"]}}],"collection":[{"href":"https:\/\/buletin.de\/bucuresti\/wp-json\/wp\/v2\/posts"}],"about":[{"href":"https:\/\/buletin.de\/bucuresti\/wp-json\/wp\/v2\/types\/post"}],"author":[{"embeddable":true,"href":"https:\/\/buletin.de\/bucuresti\/wp-json\/wp\/v2\/users\/8"}],"replies":[{"embeddable":true,"href":"https:\/\/buletin.de\/bucuresti\/wp-json\/wp\/v2\/comments?post=86254"}],"version-history":[{"count":1,"href":"https:\/\/buletin.de\/bucuresti\/wp-json\/wp\/v2\/posts\/86254\/revisions"}],"predecessor-version":[{"id":86259,"href":"https:\/\/buletin.de\/bucuresti\/wp-json\/wp\/v2\/posts\/86254\/revisions\/86259"}],"wp:featuredmedia":[{"embeddable":true,"href":"https:\/\/buletin.de\/bucuresti\/wp-json\/wp\/v2\/media\/72064"}],"wp:attachment":[{"href":"https:\/\/buletin.de\/bucuresti\/wp-json\/wp\/v2\/media?parent=86254"}],"wp:term":[{"taxonomy":"category","embeddable":true,"href":"https:\/\/buletin.de\/bucuresti\/wp-json\/wp\/v2\/categories?post=86254"},{"taxonomy":"post_tag","embeddable":true,"href":"https:\/\/buletin.de\/bucuresti\/wp-json\/wp\/v2\/tags?post=86254"},{"taxonomy":"author","embeddable":true,"href":"https:\/\/buletin.de\/bucuresti\/wp-json\/wp\/v2\/ppma_author?post=86254"}],"curies":[{"name":"wp","href":"https:\/\/api.w.org\/{rel}","templated":true}]}}