{"id":86215,"date":"2024-05-24T12:43:15","date_gmt":"2024-05-24T09:43:15","guid":{"rendered":"https:\/\/buletin.de\/bucuresti\/?p=86215"},"modified":"2024-05-25T09:52:17","modified_gmt":"2024-05-25T06:52:17","slug":"ministrul-mediului-a-semnat-memorandumul-pentru-centura-verde-bucuresti-ilfov","status":"publish","type":"post","link":"https:\/\/buletin.de\/bucuresti\/ministrul-mediului-a-semnat-memorandumul-pentru-centura-verde-bucuresti-ilfov\/","title":{"rendered":"Ministrul Mediului a semnat Memorandumul pentru Centura Verde Bucure\u0219ti-Ilfov"},"content":{"rendered":"\n<p><strong>Ministrul Mediului, Mircea Fechet, a semnat <a href=\"https:\/\/drive.google.com\/file\/d\/1YUIFIvJzeYko6PiWLL9BBumqkaaBVgE6\/view\">\u00a0\u201eMemorandumul pentru Aer Curat, S\u0103n\u0103tate \u0219i Viitor\u201d<\/a>, document \u00een \u0219apte puncte ce con\u021bine prevederile proiectului de lege al Centurii Verzi Bucure\u0219ti-Ilfov. <strong>Acestea presupun conservarea p\u0103durilor din jurul Capitalei \u0219i au fost adoptate de Senat la sf\u00e2r\u0219itul lunii trecute. \u00cen acest moment, transformarea proiectului \u00een realitate depinde de Camera Deputa\u021bilor.<\/strong><\/strong><\/p>\n\n\n\n<p>La momentul actual, m\u0103surile propuse sunt sus\u021binute de peste 12.000 de semnatari ai&nbsp;<a href=\"https:\/\/campaniamea.declic.ro\/petitions\/impreuna-pentru-centura-verde-bucuresti-ilfov\">peti\u021biei online<\/a>&nbsp;\u00een acest sens. PSD r\u0103m\u00e2ne singurul partid care nu a semnat \u00eenc\u0103 documentul.<\/p>\n\n\n\n<p>Prevederile<a href=\"https:\/\/drive.google.com\/file\/d\/1YUIFIvJzeYko6PiWLL9BBumqkaaBVgE6\/view\"> \u201eMemorandumului pentru Aer Curat, S\u0103n\u0103tate \u0219i Viitor<\/a><a href=\"https:\/\/bit.ly\/3LULwPK\">\u201d<\/a>:<\/p>\n\n\n\n<p><em>I. Adoptarea proiectului de lege pentru protejarea p\u0103durilor din Ilfov, propus de c\u0103tre platforma civic\u0103 \u201e\u00cempreun\u0103 pentru Centura Verde\u201d.<\/em> <\/p>\n\n\n\n<p><em>II. \u00cenfiin\u021barea unui grup de lucru \u00eentre p\u0103r\u021bile semnatare, pe tematica cre\u0103rii Centurii Verzi; realizarea \u0219i prezentarea public\u0103 a unui calendar asumat de ac\u021biuni \u0219i m\u0103suri concrete pentru implementarea Centurii Verzi Bucure\u0219ti-Ilfov.<\/em><\/p>\n\n\n\n<p><em>III. Realizarea \u0219i adoptarea unui plan integrat al Prim\u0103riei Municipiului Bucure\u0219ti \u0219i Consiliului Jude\u021bean Ilfov pentru combaterea polu\u0103rii, plan care s\u0103 includ\u0103 ca parte din solu\u021bie \u0219i crearea centurii verzi Bucure\u0219ti-Ilfov.<\/em><\/p>\n\n\n\n<p><em>IV. Includerea Centurii Verzi \u00een Planul de Ac\u021biune pentru un Ora\u0219 Verde (PAOV), aferent Municipiului Bucure\u0219ti.<\/em><\/p>\n\n\n\n<p><em>V. Includerea cre\u0103rii Centurii Verzi \u00een Planul de Dezvoltare Regional\u0103 Bucure\u0219ti-Ilfov 2021-2027.<\/em><\/p>\n\n\n\n<p><em>VI. Includerea subiectului legat de poluarea aerului din Bucure\u0219ti \u0219i alte ora\u0219e pe agenda Consiliului Suprem de Ap\u0103rare a \u021a\u0103rii.<\/em><\/p>\n\n\n\n<p><em>VII. Sprijinirea extinderii conceptului de Centuri Verzi \u0219i la restul \u021b\u0103rii.<\/em><\/p>\n\n\n\n<h2 class=\"wp-block-heading\">Parcursul proiectului \u0219i blocajul din Camera Deputa\u021bilor<\/h2>\n\n\n\n<p>\u00cenaintat\u0103 ini\u021bial c\u0103tre Parlament acum un an, sub forma unui proiect de lege, Centura Verde a avut mai \u00eent\u00e2i un parcurs pozitiv, reu\u0219ind s\u0103 atrag\u0103 co-ini\u021biatori de la toate partidele. Totu\u0219i, a r\u0103mas blocat\u0103 la ultima comisie din Camera Deputa\u021bilor, cea pentru \u201cagricultur\u0103, silvicultur\u0103, industrie alimentar\u0103 \u0219i servicii specifice\u201d.<\/p>\n\n\n\n<p>Drept urmare, pe 12 aprilie 2024, la aniversarea unui an de la startul demersului,&nbsp;<a href=\"https:\/\/centuraverde.ro\/\">Platforma Civic\u0103 \u201e\u00cempreun\u0103 pentru Centura Verde\u201d<\/a>&nbsp;a f\u0103cut pivotul \u0219i a depus textul ini\u021bial al proiectului de lege \u00een forma unor amendamente la noul Cod Silvic. <a href=\"https:\/\/buletin.de\/bucuresti\/centura-verde-ar-trebui-sa-fie-gata-in-vara-a-trecut-de-comisii-in-senat-ca-amendamente-la-codul-silvic-ce-presupune-proiectul\/\">Fiind jalon \u00een PNRR, noul Cod Silvic ar trebui adoptat p\u00e2n\u0103 la sf\u00e2r\u0219itul sesiunii parlamentare actuale, mai exact p\u00e2n\u0103 la finalul lunii iunie<\/a>.<a href=\"https:\/\/api.whatsapp.com\/send?text=https%3A%2F%2Fbuletin.de%2Fbucuresti%2Fcentura-verde-bucuresti-ilfov-cu-un-pas-mai-aproape-sa-devina-realitate%2F\"><\/a><\/p>\n\n\n\n<p>Ulterior, la finalul lunii, dup\u0103 patru runde de dezbateri, comisiile reunite pentru mediu \u015fi pentru p\u0103duri ale Senatului au votat aceste amendamente cu unanimitate, a\u0219a cum a scris Buletin de Bucure\u0219ti<a href=\"https:\/\/buletin.de\/bucuresti\/centura-verde-bucuresti-ilfov-cu-un-pas-mai-aproape-sa-devina-realitate\/\"><strong> aici<\/strong><\/a>. Decizia final\u0103 r\u0103m\u00e2ne, din nou, la Camera Deputa\u021bilor.<\/p>\n\n\n\n<p><strong>CITE\u0218TE \u0218I:<\/strong><\/p>\n\n\n\n<figure class=\"wp-block-embed is-type-wp-embed is-provider-buletin-de-bucure-ti wp-block-embed-buletin-de-bucure-ti\"><div class=\"wp-block-embed__wrapper\">\n<blockquote class=\"wp-embedded-content\" data-secret=\"q5lDmXdINm\"><a href=\"https:\/\/buletin.de\/bucuresti\/interviu-de-la-lemne-de-foc-la-centura-verde-pentru-sanatatea-bucurestenilor-cum-va-arata-o-padure-pentru-oameni\/\">INTERVIU | De la lemne de foc, la Centur\u0103 Verde pentru s\u0103n\u0103tatea bucure\u0219tenilor. Cum va ar\u0103ta \u201eo p\u0103dure pentru oameni\u201d?<\/a><\/blockquote><iframe class=\"wp-embedded-content\" sandbox=\"allow-scripts\" security=\"restricted\" style=\"position: absolute; clip: rect(1px, 1px, 1px, 1px);\" title=\"&#8220;INTERVIU | De la lemne de foc, la Centur\u0103 Verde pentru s\u0103n\u0103tatea bucure\u0219tenilor. Cum va ar\u0103ta \u201eo p\u0103dure pentru oameni\u201d?&#8221; &#8212; Buletin de Bucure\u0219ti\" src=\"https:\/\/buletin.de\/bucuresti\/interviu-de-la-lemne-de-foc-la-centura-verde-pentru-sanatatea-bucurestenilor-cum-va-arata-o-padure-pentru-oameni\/embed\/#?secret=DEOdNB2TjO#?secret=q5lDmXdINm\" data-secret=\"q5lDmXdINm\" width=\"600\" height=\"338\" frameborder=\"0\" marginwidth=\"0\" marginheight=\"0\" scrolling=\"no\"><\/iframe>\n<\/div><\/figure>\n","protected":false},"excerpt":{"rendered":"<p>Ministrul Mediului, Mircea Fechet, a semnat \u00a0\u201eMemorandumul pentru Aer Curat, S\u0103n\u0103tate \u0219i Viitor\u201d, document \u00een \u0219apte puncte ce con\u021bine prevederile proiectului de lege al Centurii Verzi Bucure\u0219ti-Ilfov. Acestea presupun conservarea p\u0103durilor din jurul Capitalei \u0219i au fost adoptate de Senat la sf\u00e2r\u0219itul lunii trecute. \u00cen acest moment, transformarea proiectului \u00een realitate depinde de Camera Deputa\u021bilor. [&hellip;]<\/p>\n","protected":false},"author":55,"featured_media":83911,"comment_status":"closed","ping_status":"open","sticky":false,"template":"","format":"standard","meta":{"_acf_changed":false,"inline_featured_image":false,"ngg_post_thumbnail":0,"footnotes":""},"categories":[6994,109,9025,62],"tags":[4765,12176,12175,11167,12178,12180,11170,65,1180,12177],"ppma_author":[22573],"class_list":["post-86215","post","type-post","status-publish","format-standard","has-post-thumbnail","hentry","category-stiri-2","category-mediu","category-politic","category-stiri","tag-camera-deputatilor","tag-centura-verde-bucuresti-ilfov","tag-ministrul-mediului","tag-noul-cod-silvic","tag-paduri-ilfov-2","tag-petitie-online","tag-platforma-civica-impreuna-pentru-centura-verde","tag-psd","tag-senat","tag-taieri-de-lemne"],"acf":[],"yoast_head":"<!-- This site is optimized with the Yoast SEO Premium plugin v25.3 (Yoast SEO v27.4) - https:\/\/yoast.com\/product\/yoast-seo-premium-wordpress\/ -->\n<title>Ministrul Mediului a semnat Memorandumul pentru Centura Verde Bucure\u0219ti-Ilfov - Buletin de Bucure\u0219ti<\/title>\n<meta name=\"robots\" content=\"index, follow, max-snippet:-1, max-image-preview:large, max-video-preview:-1\" \/>\n<link rel=\"canonical\" href=\"https:\/\/buletin.de\/bucuresti\/ministrul-mediului-a-semnat-memorandumul-pentru-centura-verde-bucuresti-ilfov\/\" \/>\n<meta property=\"og:locale\" content=\"en_GB\" \/>\n<meta property=\"og:type\" content=\"article\" \/>\n<meta property=\"og:title\" content=\"Ministrul Mediului a semnat Memorandumul pentru Centura Verde Bucure\u0219ti-Ilfov\" \/>\n<meta property=\"og:description\" content=\"Ministrul Mediului, Mircea Fechet, a semnat \u00a0\u201eMemorandumul pentru Aer Curat, S\u0103n\u0103tate \u0219i Viitor\u201d, document \u00een \u0219apte puncte ce con\u021bine prevederile proiectului de lege al Centurii Verzi Bucure\u0219ti-Ilfov. Acestea presupun conservarea p\u0103durilor din jurul Capitalei \u0219i au fost adoptate de Senat la sf\u00e2r\u0219itul lunii trecute. \u00cen acest moment, transformarea proiectului \u00een realitate depinde de Camera Deputa\u021bilor. [&hellip;]\" \/>\n<meta property=\"og:url\" content=\"https:\/\/buletin.de\/bucuresti\/ministrul-mediului-a-semnat-memorandumul-pentru-centura-verde-bucuresti-ilfov\/\" \/>\n<meta property=\"og:site_name\" content=\"Buletin de Bucure\u0219ti\" \/>\n<meta property=\"article:publisher\" content=\"https:\/\/www.facebook.com\/buletin.de.buc\" \/>\n<meta property=\"article:published_time\" content=\"2024-05-24T09:43:15+00:00\" \/>\n<meta property=\"article:modified_time\" content=\"2024-05-25T06:52:17+00:00\" \/>\n<meta property=\"og:image\" content=\"https:\/\/buletin.de\/bucuresti\/wp-content\/uploads\/26.-Padure-taiata-in-Centura-Verde_foto_-www.centuraverde.ro-.jpg\" \/>\n\t<meta property=\"og:image:width\" content=\"2000\" \/>\n\t<meta property=\"og:image:height\" content=\"1129\" \/>\n\t<meta property=\"og:image:type\" content=\"image\/jpeg\" \/>\n<meta name=\"author\" content=\"Andreea Tudor\" \/>\n<meta name=\"twitter:card\" content=\"summary_large_image\" \/>\n<meta name=\"twitter:label1\" content=\"Written by\" \/>\n\t<meta name=\"twitter:data1\" content=\"Andreea Tudor\" \/>\n\t<meta name=\"twitter:label2\" content=\"Estimated reading time\" \/>\n\t<meta name=\"twitter:data2\" content=\"2 minutes\" \/>\n<script type=\"application\/ld+json\" class=\"yoast-schema-graph\">{\"@context\":\"https:\\\/\\\/schema.org\",\"@graph\":[{\"@type\":\"Article\",\"@id\":\"https:\\\/\\\/buletin.de\\\/bucuresti\\\/ministrul-mediului-a-semnat-memorandumul-pentru-centura-verde-bucuresti-ilfov\\\/#article\",\"isPartOf\":{\"@id\":\"https:\\\/\\\/buletin.de\\\/bucuresti\\\/ministrul-mediului-a-semnat-memorandumul-pentru-centura-verde-bucuresti-ilfov\\\/\"},\"author\":{\"name\":\"Andreea Tudor\",\"@id\":\"https:\\\/\\\/buletin.de\\\/bucuresti\\\/#\\\/schema\\\/person\\\/150590659efde715459d159da012f501\"},\"headline\":\"Ministrul Mediului a semnat Memorandumul pentru Centura Verde Bucure\u0219ti-Ilfov\",\"datePublished\":\"2024-05-24T09:43:15+00:00\",\"dateModified\":\"2024-05-25T06:52:17+00:00\",\"mainEntityOfPage\":{\"@id\":\"https:\\\/\\\/buletin.de\\\/bucuresti\\\/ministrul-mediului-a-semnat-memorandumul-pentru-centura-verde-bucuresti-ilfov\\\/\"},\"wordCount\":468,\"publisher\":{\"@id\":\"https:\\\/\\\/buletin.de\\\/bucuresti\\\/#organization\"},\"image\":{\"@id\":\"https:\\\/\\\/buletin.de\\\/bucuresti\\\/ministrul-mediului-a-semnat-memorandumul-pentru-centura-verde-bucuresti-ilfov\\\/#primaryimage\"},\"thumbnailUrl\":\"https:\\\/\\\/buletin.de\\\/bucuresti\\\/wp-content\\\/uploads\\\/26.-Padure-taiata-in-Centura-Verde_foto_-www.centuraverde.ro-.jpg\",\"keywords\":[\"camera deputatilor\",\"Centura Verde Bucure\u0219ti-Ilfov\",\"Ministrul Mediului\",\"noul cod silvic\",\"p\u0103duri ilfov\",\"petitie online\",\"Platforma Civica Impreuna pentru Centura Verde\",\"psd\",\"senat\",\"t\u0103ieri de lemne\"],\"articleSection\":[\"Articole\",\"Mediu\",\"Politic\",\"\u0218tiri\"],\"inLanguage\":\"en-GB\",\"copyrightYear\":\"2024\",\"copyrightHolder\":{\"@id\":\"https:\\\/\\\/buletin.de\\\/bucuresti\\\/#organization\"}},{\"@type\":\"WebPage\",\"@id\":\"https:\\\/\\\/buletin.de\\\/bucuresti\\\/ministrul-mediului-a-semnat-memorandumul-pentru-centura-verde-bucuresti-ilfov\\\/\",\"url\":\"https:\\\/\\\/buletin.de\\\/bucuresti\\\/ministrul-mediului-a-semnat-memorandumul-pentru-centura-verde-bucuresti-ilfov\\\/\",\"name\":\"Ministrul Mediului a semnat Memorandumul pentru Centura Verde Bucure\u0219ti-Ilfov - Buletin de Bucure\u0219ti\",\"isPartOf\":{\"@id\":\"https:\\\/\\\/buletin.de\\\/bucuresti\\\/#website\"},\"primaryImageOfPage\":{\"@id\":\"https:\\\/\\\/buletin.de\\\/bucuresti\\\/ministrul-mediului-a-semnat-memorandumul-pentru-centura-verde-bucuresti-ilfov\\\/#primaryimage\"},\"image\":{\"@id\":\"https:\\\/\\\/buletin.de\\\/bucuresti\\\/ministrul-mediului-a-semnat-memorandumul-pentru-centura-verde-bucuresti-ilfov\\\/#primaryimage\"},\"thumbnailUrl\":\"https:\\\/\\\/buletin.de\\\/bucuresti\\\/wp-content\\\/uploads\\\/26.-Padure-taiata-in-Centura-Verde_foto_-www.centuraverde.ro-.jpg\",\"datePublished\":\"2024-05-24T09:43:15+00:00\",\"dateModified\":\"2024-05-25T06:52:17+00:00\",\"breadcrumb\":{\"@id\":\"https:\\\/\\\/buletin.de\\\/bucuresti\\\/ministrul-mediului-a-semnat-memorandumul-pentru-centura-verde-bucuresti-ilfov\\\/#breadcrumb\"},\"inLanguage\":\"en-GB\",\"potentialAction\":[{\"@type\":\"ReadAction\",\"target\":[\"https:\\\/\\\/buletin.de\\\/bucuresti\\\/ministrul-mediului-a-semnat-memorandumul-pentru-centura-verde-bucuresti-ilfov\\\/\"]}]},{\"@type\":\"ImageObject\",\"inLanguage\":\"en-GB\",\"@id\":\"https:\\\/\\\/buletin.de\\\/bucuresti\\\/ministrul-mediului-a-semnat-memorandumul-pentru-centura-verde-bucuresti-ilfov\\\/#primaryimage\",\"url\":\"https:\\\/\\\/buletin.de\\\/bucuresti\\\/wp-content\\\/uploads\\\/26.-Padure-taiata-in-Centura-Verde_foto_-www.centuraverde.ro-.jpg\",\"contentUrl\":\"https:\\\/\\\/buletin.de\\\/bucuresti\\\/wp-content\\\/uploads\\\/26.-Padure-taiata-in-Centura-Verde_foto_-www.centuraverde.ro-.jpg\",\"width\":2000,\"height\":1129,\"caption\":\"FOTO: www.centuraverde.ro\"},{\"@type\":\"BreadcrumbList\",\"@id\":\"https:\\\/\\\/buletin.de\\\/bucuresti\\\/ministrul-mediului-a-semnat-memorandumul-pentru-centura-verde-bucuresti-ilfov\\\/#breadcrumb\",\"itemListElement\":[{\"@type\":\"ListItem\",\"position\":1,\"name\":\"Acas\u0103\",\"item\":\"https:\\\/\\\/buletin.de\\\/bucuresti\\\/\"},{\"@type\":\"ListItem\",\"position\":2,\"name\":\"Ministrul Mediului a semnat Memorandumul pentru Centura Verde Bucure\u0219ti-Ilfov\"}]},{\"@type\":\"WebSite\",\"@id\":\"https:\\\/\\\/buletin.de\\\/bucuresti\\\/#website\",\"url\":\"https:\\\/\\\/buletin.de\\\/bucuresti\\\/\",\"name\":\"Buletin de Bucure\u0219ti\",\"description\":\"\u0218tiri \u0219i investiga\u021bii esen\u021biale din capital\u0103\",\"publisher\":{\"@id\":\"https:\\\/\\\/buletin.de\\\/bucuresti\\\/#organization\"},\"potentialAction\":[{\"@type\":\"SearchAction\",\"target\":{\"@type\":\"EntryPoint\",\"urlTemplate\":\"https:\\\/\\\/buletin.de\\\/bucuresti\\\/?s={search_term_string}\"},\"query-input\":{\"@type\":\"PropertyValueSpecification\",\"valueRequired\":true,\"valueName\":\"search_term_string\"}}],\"inLanguage\":\"en-GB\"},{\"@type\":\"Organization\",\"@id\":\"https:\\\/\\\/buletin.de\\\/bucuresti\\\/#organization\",\"name\":\"Buletin de Bucure\u0219ti\",\"url\":\"https:\\\/\\\/buletin.de\\\/bucuresti\\\/\",\"logo\":{\"@type\":\"ImageObject\",\"inLanguage\":\"en-GB\",\"@id\":\"https:\\\/\\\/buletin.de\\\/bucuresti\\\/#\\\/schema\\\/logo\\\/image\\\/\",\"url\":\"https:\\\/\\\/buletin.de\\\/bucuresti\\\/wp-content\\\/uploads\\\/logo-bdb-full-wide-vernil-transparent.png\",\"contentUrl\":\"https:\\\/\\\/buletin.de\\\/bucuresti\\\/wp-content\\\/uploads\\\/logo-bdb-full-wide-vernil-transparent.png\",\"width\":1782,\"height\":626,\"caption\":\"Buletin de Bucure\u0219ti\"},\"image\":{\"@id\":\"https:\\\/\\\/buletin.de\\\/bucuresti\\\/#\\\/schema\\\/logo\\\/image\\\/\"},\"sameAs\":[\"https:\\\/\\\/www.facebook.com\\\/buletin.de.buc\",\"https:\\\/\\\/www.instagram.com\\\/buletinde.bucuresti\\\/\"]},{\"@type\":\"Person\",\"@id\":\"https:\\\/\\\/buletin.de\\\/bucuresti\\\/#\\\/schema\\\/person\\\/150590659efde715459d159da012f501\",\"name\":\"Andreea Tudor\",\"image\":{\"@type\":\"ImageObject\",\"inLanguage\":\"en-GB\",\"@id\":\"https:\\\/\\\/secure.gravatar.com\\\/avatar\\\/a88705a186ab0b67f3349bcbced506c09e37256fbaad0e7f3bd1a79b4599f589?s=96&d=monsterid&r=g79290610aa1a65c2b86eebc2ca5aee8f\",\"url\":\"https:\\\/\\\/secure.gravatar.com\\\/avatar\\\/a88705a186ab0b67f3349bcbced506c09e37256fbaad0e7f3bd1a79b4599f589?s=96&d=monsterid&r=g\",\"contentUrl\":\"https:\\\/\\\/secure.gravatar.com\\\/avatar\\\/a88705a186ab0b67f3349bcbced506c09e37256fbaad0e7f3bd1a79b4599f589?s=96&d=monsterid&r=g\",\"caption\":\"Andreea Tudor\"},\"description\":\"N\u0103scut\u0103 \u0219i crescut\u0103 \u00een Bucure\u0219ti, sus\u021bin\u0103toare a presei independente. A\u0219a am ajuns redactor la Buletin de Bucure\u0219ti. Fiind eu, \u00eens\u0103mi, parte a sistemului de \u00eenv\u0103\u021b\u0103m\u00e2nt rom\u00e2nesc \u0219i pasionat\u0103 de domeniul social, pun sub lup\u0103 tot ceea ce se \u00eent\u00e2mpl\u0103 \u00een sfera educa\u021biei. Cred cu t\u0103rie c\u0103 presa \u201epentru cet\u0103\u021beni\u201d este presa independent\u0103. Oamenii au nevoie de o informare corect\u0103 pentru a \u00een\u021belege pe deplin ce se \u00eent\u00e2mpl\u0103 \u00een jurul lor \u0219i pentru a lua ac\u021biune \u00eempotriva nedrept\u0103\u021bilor.\",\"url\":\"https:\\\/\\\/buletin.de\\\/bucuresti\\\/author\\\/andreeatudor\\\/\"}]}<\/script>\n<!-- \/ Yoast SEO Premium plugin. -->","yoast_head_json":{"title":"Ministrul Mediului a semnat Memorandumul pentru Centura Verde Bucure\u0219ti-Ilfov - Buletin de Bucure\u0219ti","robots":{"index":"index","follow":"follow","max-snippet":"max-snippet:-1","max-image-preview":"max-image-preview:large","max-video-preview":"max-video-preview:-1"},"canonical":"https:\/\/buletin.de\/bucuresti\/ministrul-mediului-a-semnat-memorandumul-pentru-centura-verde-bucuresti-ilfov\/","og_locale":"en_GB","og_type":"article","og_title":"Ministrul Mediului a semnat Memorandumul pentru Centura Verde Bucure\u0219ti-Ilfov","og_description":"Ministrul Mediului, Mircea Fechet, a semnat \u00a0\u201eMemorandumul pentru Aer Curat, S\u0103n\u0103tate \u0219i Viitor\u201d, document \u00een \u0219apte puncte ce con\u021bine prevederile proiectului de lege al Centurii Verzi Bucure\u0219ti-Ilfov. Acestea presupun conservarea p\u0103durilor din jurul Capitalei \u0219i au fost adoptate de Senat la sf\u00e2r\u0219itul lunii trecute. \u00cen acest moment, transformarea proiectului \u00een realitate depinde de Camera Deputa\u021bilor. [&hellip;]","og_url":"https:\/\/buletin.de\/bucuresti\/ministrul-mediului-a-semnat-memorandumul-pentru-centura-verde-bucuresti-ilfov\/","og_site_name":"Buletin de Bucure\u0219ti","article_publisher":"https:\/\/www.facebook.com\/buletin.de.buc","article_published_time":"2024-05-24T09:43:15+00:00","article_modified_time":"2024-05-25T06:52:17+00:00","og_image":[{"width":2000,"height":1129,"url":"https:\/\/buletin.de\/bucuresti\/wp-content\/uploads\/26.-Padure-taiata-in-Centura-Verde_foto_-www.centuraverde.ro-.jpg","type":"image\/jpeg"}],"author":"Andreea Tudor","twitter_card":"summary_large_image","twitter_misc":{"Written by":"Andreea Tudor","Estimated reading time":"2 minutes"},"schema":{"@context":"https:\/\/schema.org","@graph":[{"@type":"Article","@id":"https:\/\/buletin.de\/bucuresti\/ministrul-mediului-a-semnat-memorandumul-pentru-centura-verde-bucuresti-ilfov\/#article","isPartOf":{"@id":"https:\/\/buletin.de\/bucuresti\/ministrul-mediului-a-semnat-memorandumul-pentru-centura-verde-bucuresti-ilfov\/"},"author":{"name":"Andreea Tudor","@id":"https:\/\/buletin.de\/bucuresti\/#\/schema\/person\/150590659efde715459d159da012f501"},"headline":"Ministrul Mediului a semnat Memorandumul pentru Centura Verde Bucure\u0219ti-Ilfov","datePublished":"2024-05-24T09:43:15+00:00","dateModified":"2024-05-25T06:52:17+00:00","mainEntityOfPage":{"@id":"https:\/\/buletin.de\/bucuresti\/ministrul-mediului-a-semnat-memorandumul-pentru-centura-verde-bucuresti-ilfov\/"},"wordCount":468,"publisher":{"@id":"https:\/\/buletin.de\/bucuresti\/#organization"},"image":{"@id":"https:\/\/buletin.de\/bucuresti\/ministrul-mediului-a-semnat-memorandumul-pentru-centura-verde-bucuresti-ilfov\/#primaryimage"},"thumbnailUrl":"https:\/\/buletin.de\/bucuresti\/wp-content\/uploads\/26.-Padure-taiata-in-Centura-Verde_foto_-www.centuraverde.ro-.jpg","keywords":["camera deputatilor","Centura Verde Bucure\u0219ti-Ilfov","Ministrul Mediului","noul cod silvic","p\u0103duri ilfov","petitie online","Platforma Civica Impreuna pentru Centura Verde","psd","senat","t\u0103ieri de lemne"],"articleSection":["Articole","Mediu","Politic","\u0218tiri"],"inLanguage":"en-GB","copyrightYear":"2024","copyrightHolder":{"@id":"https:\/\/buletin.de\/bucuresti\/#organization"}},{"@type":"WebPage","@id":"https:\/\/buletin.de\/bucuresti\/ministrul-mediului-a-semnat-memorandumul-pentru-centura-verde-bucuresti-ilfov\/","url":"https:\/\/buletin.de\/bucuresti\/ministrul-mediului-a-semnat-memorandumul-pentru-centura-verde-bucuresti-ilfov\/","name":"Ministrul Mediului a semnat Memorandumul pentru Centura Verde Bucure\u0219ti-Ilfov - Buletin de Bucure\u0219ti","isPartOf":{"@id":"https:\/\/buletin.de\/bucuresti\/#website"},"primaryImageOfPage":{"@id":"https:\/\/buletin.de\/bucuresti\/ministrul-mediului-a-semnat-memorandumul-pentru-centura-verde-bucuresti-ilfov\/#primaryimage"},"image":{"@id":"https:\/\/buletin.de\/bucuresti\/ministrul-mediului-a-semnat-memorandumul-pentru-centura-verde-bucuresti-ilfov\/#primaryimage"},"thumbnailUrl":"https:\/\/buletin.de\/bucuresti\/wp-content\/uploads\/26.-Padure-taiata-in-Centura-Verde_foto_-www.centuraverde.ro-.jpg","datePublished":"2024-05-24T09:43:15+00:00","dateModified":"2024-05-25T06:52:17+00:00","breadcrumb":{"@id":"https:\/\/buletin.de\/bucuresti\/ministrul-mediului-a-semnat-memorandumul-pentru-centura-verde-bucuresti-ilfov\/#breadcrumb"},"inLanguage":"en-GB","potentialAction":[{"@type":"ReadAction","target":["https:\/\/buletin.de\/bucuresti\/ministrul-mediului-a-semnat-memorandumul-pentru-centura-verde-bucuresti-ilfov\/"]}]},{"@type":"ImageObject","inLanguage":"en-GB","@id":"https:\/\/buletin.de\/bucuresti\/ministrul-mediului-a-semnat-memorandumul-pentru-centura-verde-bucuresti-ilfov\/#primaryimage","url":"https:\/\/buletin.de\/bucuresti\/wp-content\/uploads\/26.-Padure-taiata-in-Centura-Verde_foto_-www.centuraverde.ro-.jpg","contentUrl":"https:\/\/buletin.de\/bucuresti\/wp-content\/uploads\/26.-Padure-taiata-in-Centura-Verde_foto_-www.centuraverde.ro-.jpg","width":2000,"height":1129,"caption":"FOTO: www.centuraverde.ro"},{"@type":"BreadcrumbList","@id":"https:\/\/buletin.de\/bucuresti\/ministrul-mediului-a-semnat-memorandumul-pentru-centura-verde-bucuresti-ilfov\/#breadcrumb","itemListElement":[{"@type":"ListItem","position":1,"name":"Acas\u0103","item":"https:\/\/buletin.de\/bucuresti\/"},{"@type":"ListItem","position":2,"name":"Ministrul Mediului a semnat Memorandumul pentru Centura Verde Bucure\u0219ti-Ilfov"}]},{"@type":"WebSite","@id":"https:\/\/buletin.de\/bucuresti\/#website","url":"https:\/\/buletin.de\/bucuresti\/","name":"Buletin de Bucure\u0219ti","description":"\u0218tiri \u0219i investiga\u021bii esen\u021biale din capital\u0103","publisher":{"@id":"https:\/\/buletin.de\/bucuresti\/#organization"},"potentialAction":[{"@type":"SearchAction","target":{"@type":"EntryPoint","urlTemplate":"https:\/\/buletin.de\/bucuresti\/?s={search_term_string}"},"query-input":{"@type":"PropertyValueSpecification","valueRequired":true,"valueName":"search_term_string"}}],"inLanguage":"en-GB"},{"@type":"Organization","@id":"https:\/\/buletin.de\/bucuresti\/#organization","name":"Buletin de Bucure\u0219ti","url":"https:\/\/buletin.de\/bucuresti\/","logo":{"@type":"ImageObject","inLanguage":"en-GB","@id":"https:\/\/buletin.de\/bucuresti\/#\/schema\/logo\/image\/","url":"https:\/\/buletin.de\/bucuresti\/wp-content\/uploads\/logo-bdb-full-wide-vernil-transparent.png","contentUrl":"https:\/\/buletin.de\/bucuresti\/wp-content\/uploads\/logo-bdb-full-wide-vernil-transparent.png","width":1782,"height":626,"caption":"Buletin de Bucure\u0219ti"},"image":{"@id":"https:\/\/buletin.de\/bucuresti\/#\/schema\/logo\/image\/"},"sameAs":["https:\/\/www.facebook.com\/buletin.de.buc","https:\/\/www.instagram.com\/buletinde.bucuresti\/"]},{"@type":"Person","@id":"https:\/\/buletin.de\/bucuresti\/#\/schema\/person\/150590659efde715459d159da012f501","name":"Andreea Tudor","image":{"@type":"ImageObject","inLanguage":"en-GB","@id":"https:\/\/secure.gravatar.com\/avatar\/a88705a186ab0b67f3349bcbced506c09e37256fbaad0e7f3bd1a79b4599f589?s=96&d=monsterid&r=g79290610aa1a65c2b86eebc2ca5aee8f","url":"https:\/\/secure.gravatar.com\/avatar\/a88705a186ab0b67f3349bcbced506c09e37256fbaad0e7f3bd1a79b4599f589?s=96&d=monsterid&r=g","contentUrl":"https:\/\/secure.gravatar.com\/avatar\/a88705a186ab0b67f3349bcbced506c09e37256fbaad0e7f3bd1a79b4599f589?s=96&d=monsterid&r=g","caption":"Andreea Tudor"},"description":"N\u0103scut\u0103 \u0219i crescut\u0103 \u00een Bucure\u0219ti, sus\u021bin\u0103toare a presei independente. A\u0219a am ajuns redactor la Buletin de Bucure\u0219ti. Fiind eu, \u00eens\u0103mi, parte a sistemului de \u00eenv\u0103\u021b\u0103m\u00e2nt rom\u00e2nesc \u0219i pasionat\u0103 de domeniul social, pun sub lup\u0103 tot ceea ce se \u00eent\u00e2mpl\u0103 \u00een sfera educa\u021biei. Cred cu t\u0103rie c\u0103 presa \u201epentru cet\u0103\u021beni\u201d este presa independent\u0103. Oamenii au nevoie de o informare corect\u0103 pentru a \u00een\u021belege pe deplin ce se \u00eent\u00e2mpl\u0103 \u00een jurul lor \u0219i pentru a lua ac\u021biune \u00eempotriva nedrept\u0103\u021bilor.","url":"https:\/\/buletin.de\/bucuresti\/author\/andreeatudor\/"}]}},"authors":[{"term_id":22573,"user_id":55,"is_guest":0,"slug":"andreeatudor","display_name":"Andreea Tudor","avatar_url":"https:\/\/secure.gravatar.com\/avatar\/a88705a186ab0b67f3349bcbced506c09e37256fbaad0e7f3bd1a79b4599f589?s=96&d=monsterid&r=g","0":null,"1":"","2":"","3":"","4":"","5":"","6":"","7":"","8":""}],"_links":{"self":[{"href":"https:\/\/buletin.de\/bucuresti\/wp-json\/wp\/v2\/posts\/86215","targetHints":{"allow":["GET"]}}],"collection":[{"href":"https:\/\/buletin.de\/bucuresti\/wp-json\/wp\/v2\/posts"}],"about":[{"href":"https:\/\/buletin.de\/bucuresti\/wp-json\/wp\/v2\/types\/post"}],"author":[{"embeddable":true,"href":"https:\/\/buletin.de\/bucuresti\/wp-json\/wp\/v2\/users\/55"}],"replies":[{"embeddable":true,"href":"https:\/\/buletin.de\/bucuresti\/wp-json\/wp\/v2\/comments?post=86215"}],"version-history":[{"count":4,"href":"https:\/\/buletin.de\/bucuresti\/wp-json\/wp\/v2\/posts\/86215\/revisions"}],"predecessor-version":[{"id":86298,"href":"https:\/\/buletin.de\/bucuresti\/wp-json\/wp\/v2\/posts\/86215\/revisions\/86298"}],"wp:featuredmedia":[{"embeddable":true,"href":"https:\/\/buletin.de\/bucuresti\/wp-json\/wp\/v2\/media\/83911"}],"wp:attachment":[{"href":"https:\/\/buletin.de\/bucuresti\/wp-json\/wp\/v2\/media?parent=86215"}],"wp:term":[{"taxonomy":"category","embeddable":true,"href":"https:\/\/buletin.de\/bucuresti\/wp-json\/wp\/v2\/categories?post=86215"},{"taxonomy":"post_tag","embeddable":true,"href":"https:\/\/buletin.de\/bucuresti\/wp-json\/wp\/v2\/tags?post=86215"},{"taxonomy":"author","embeddable":true,"href":"https:\/\/buletin.de\/bucuresti\/wp-json\/wp\/v2\/ppma_author?post=86215"}],"curies":[{"name":"wp","href":"https:\/\/api.w.org\/{rel}","templated":true}]}}