{"id":86210,"date":"2024-05-24T10:58:46","date_gmt":"2024-05-24T07:58:46","guid":{"rendered":"https:\/\/buletin.de\/bucuresti\/?p=86210"},"modified":"2024-05-24T10:58:47","modified_gmt":"2024-05-24T07:58:47","slug":"dupa-atacul-la-firea-elcen-il-acuza-pe-nicusor-dan-de-minciuni-si-dezinformare-mesajul-companiei-din-subordinea-lui-burduja","status":"publish","type":"post","link":"https:\/\/buletin.de\/bucuresti\/dupa-atacul-la-firea-elcen-il-acuza-pe-nicusor-dan-de-minciuni-si-dezinformare-mesajul-companiei-din-subordinea-lui-burduja\/","title":{"rendered":"Dup\u0103 atacul la Firea, ELCEN \u00eel acuz\u0103 pe Nicu\u015for Dan de \u201eminciuni \u015fi dezinformare\u201d. Mesajul companiei din subordinea lui Burduja"},"content":{"rendered":"\n<p><strong>ELCEN a publicat ast\u0103zi, 24 mai, un comunicat dur \u00een care \u00eel acuz\u0103 pe primarul general Nicu\u015for Dan c\u0103 \u201eminte \u015fi dezinformeaz\u0103\u201d, dup\u0103 ce acesta a pus o parte din problemele din sistemul de termoficare pe seama faptului c\u0103 sunt func\u0163ionale doar dou\u0103 CET-uri. Cei de la ELCEN spun c\u0103 e o cutum\u0103 de dou\u0103 decenii ca pe timpul verii s\u0103 func\u0163ioneze doar dou\u0103 CET-uri, de ajuns pentru producerea agentului termic necesar.  <\/strong><\/p>\n\n\n\n<p>Conducerea ELCEN spune c\u0103 Nicu\u015for Dan face aceste acuze \u201e<em>cu scopul de a deturna aten\u021bia opiniei publice de la problema real\u0103: PMB\/Termoenergetica continu\u0103 s\u0103 nu pl\u0103teasc\u0103 datoriile curente. Ast\u0103zi datoria c\u0103tre ELCEN a ajuns la peste 1 miliard de lei.<\/em>\u201d Drept urmare, din perspectiva companiei aflate \u00een subordinea Ministerului Energiei \u015fi, implicit, a candidatului PNL la Prim\u0103ria Capitalei, Sebastian Burduja, problema CET-urilor este una fals\u0103.<\/p>\n\n\n\n<blockquote class=\"wp-block-quote is-layout-flow wp-block-quote-is-layout-flow\">\n<p class=\"has-medium-font-size\"><strong>Pe perioada verii, \u00een fiecare an, de aprox 20 de ani, energia termic\u0103 se produce din dou\u0103 CET-uri. Pe baza solicit\u0103rii Termoenergetica, \u00een func\u021bie de temperaturile exterioare, ELCEN trece de la regimul de func\u021bionare de iarn\u0103 la regimul de func\u021bionare de var\u0103, fapt ce presupune func\u021bionarea a dou\u0103 CET-uri din cele patru.<\/strong><\/p>\n\n\n\n<p class=\"has-medium-font-size\"><strong>Termoenergetica nu solicit\u0103 furnizarea de agent termic din toate cele 4 CET-uri, fiindc\u0103 necesarul de energie termic\u0103 doar pentru prepararea apei calde (nu \u0219i a c\u0103ldurii) este sc\u0103zut pe perioada verii. Primarul General cunoa\u0219te aceste detalii, \u00eentruc\u00e2t Termoenergetica se afl\u0103 \u00een subordinea PMB.<\/strong><\/p>\n\n\n\n<p class=\"has-medium-font-size\"><strong>Cele dou\u0103 CET-uri care se afl\u0103 \u00een func\u021biune \u00een acest moment \u2013 CET Bucure\u0219ti Vest \u0219i CET Bucure\u0219ti Sud \u2013 acoper\u0103 f\u0103r\u0103 probleme necesarul de energie termic\u0103 pentru asigurarea apei calde c\u0103tre locuitorii capitalei. ELCEN livreaz\u0103 agent termic \u00een conformitate cu parametrii solicita\u021bi de Termoenergetica.<\/strong><\/p>\n\n\n\n<p class=\"has-medium-font-size\"><strong>ELCEN are \u00een prezent disponibilitate de a livra agent termic din toate cele 4 CET-uri dac\u0103 PMB\/Termoenergetica solicit\u0103 acest lucru. Primarul General cunoa\u0219te foarte bine faptul c\u0103 dac\u0103 \u00een regim de var\u0103 ar func\u021biona toate cele 4 CET-uri simultan, s-ar produce mult mai mult dec\u00e2t necesarul de agent termic de care Termoenergetica are nevoie pentru termoficare.<\/strong><\/p>\n<cite>comunicat ELCEN<\/cite><\/blockquote>\n\n\n\n<p>Acest \u015fir lung de explica\u0163ii vine dup\u0103 ce, cu o zi \u00een urm\u0103, Nicu\u015for Dan a \u00eencercat s\u0103 explice situa\u0163ia termofic\u0103rii, \u00een care \u015fi acum sunt mii de blocuri f\u0103r\u0103 ap\u0103 cald\u0103. Dup\u0103 p\u0103rerea sa, o parte din situa\u0163ie e generat\u0103 de faptul c\u0103 sunt active doar dou\u0103 CET-uri, lucru care genereaz\u0103 probleme pe traseu:<\/p>\n\n\n\n<blockquote class=\"wp-block-quote is-layout-flow wp-block-quote-is-layout-flow\">\n<p class=\"has-medium-font-size\"><strong>Pentru sistemul de termoficare exist\u0103 doi actori: exist\u0103 ELCEN-ul, care produce energie termic\u0103 \u0219i exist\u0103 Prim\u0103ria Capitalei prin compania Termoenergetica, care transport\u0103 agentul termic. ELCEN-ul are mari probleme, de asemenea. Adic\u0103 folose\u0219te ni\u0219te instala\u021bii din anii &#8217;70, mai pu\u021bin CET Vest, care au nevoie de o lung\u0103 revizie \u00een perioada de var\u0103. \u00cen aceast\u0103 perioad\u0103, noi, \u00een loc s\u0103 folosim patru CET-uri, cele patru CET-uri mari \u0219i cele mici pe care le cunoa\u0219te\u021bi, folosim dou\u0103 CET-uri \u015fi atunci este evident c\u0103 distan\u021ba este mult mai lung\u0103 \u0219i sistemul care are g\u0103urile istorice nu rezist\u0103 la presiuni. \u00cen plus, tocmai pentru c\u0103 facem foarte multe lucr\u0103ri care s\u0103 \u00eembun\u0103t\u0103\u021beasc\u0103 sistemul de termoficare este nevoie de oprire de c\u00e2teva zile<\/strong>.<\/p>\n<cite>Nicu\u015for Dan<\/cite><\/blockquote>\n\n\n\n<blockquote class=\"wp-block-quote is-layout-flow wp-block-quote-is-layout-flow\">\n<p class=\"has-medium-font-size\"><strong>ELCEN nu poate fi f\u0103cut\u0103 responsabil\u0103 de starea avansat\u0103 de degradare a conductelor de termoficare aflate \u00een grija Prim\u0103riei Municipiului Bucure\u0219ti, de pierderile din re\u021bea, de avariile frecvente, de lipsa apei calde \u0219i neplata datoriilor curente. Incapacitatea Primarului General de a gestiona situa\u021bia grav\u0103 a termofic\u0103rii din Bucure\u0219ti nu poate fi pus\u0103 \u00een sarcina ELCEN. E nevoie de asumare, de respectare a angajamentelor PMB privind plata datoriilor \u0219i de implementarea unor solu\u021bii clare \u0219i eficiente.<\/strong><\/p>\n<cite>comunicat ELCEN<\/cite><\/blockquote>\n\n\n\n<p>Redac\u0163ia Buletin de Bucure\u015fti i-a solicitat un punct de vedere primarului general dup\u0103 apari\u0163ia \u00een spa\u0163iul public a pozi\u0163iei ELCEN \u015fi \u00eel vom publica imediat ce \u00eel vom primi.<\/p>\n\n\n\n<h2 class=\"wp-block-heading\">Firea, atacat\u0103 \u015fi ea de ELCEN<\/h2>\n\n\n\n<p>Un episod similar a fost \u00een urm\u0103 cu o s\u0103pt\u0103m\u00e2n\u0103, doar c\u0103 atunci protagoni\u015fti au fost ELCEN \u015fi Gabriela Firea. Fosta prim\u0103ri\u0163\u0103 a pus pe seama ELCEN falimentul RADET, \u00eentr-o declara\u0163ie \u00eentr-un studio de televiziune. Nu a durat mult p\u00e2n\u0103 la reac\u0163ia companiei controlate de ministerul Energiei, condus de Sebastian Burduja, candidatul liberal la PMB. <\/p>\n\n\n\n<p>ELCEN spunea c\u0103 \u201e<em>Prim\u0103ria Municipiului Bucure\u0219ti condus\u0103 de Gabriela Firea nu doar c\u0103 nu a avut solu\u021bii constructive pentru rezolvarea problemei termofic\u0103rii, \u00eens\u0103 a creat un \u0219ir lung de tergivers\u0103ri, incoeren\u021be, sfid\u0103ri ale legii insolven\u021bei, manipul\u0103ri ale opiniei publice, ceea ce a blocat sistematic procesul de reorganizare a celor dou\u0103 companii \u0219i, implicit, reabilitarea sistemului de termoficare.<\/em>\u201d<\/p>\n\n\n\n<blockquote class=\"wp-block-quote is-layout-flow wp-block-quote-is-layout-flow\">\n<p class=\"has-medium-font-size\"><strong>Prim\u0103ria Capitalei prin Primarul General, Gabriela Firea, a ales s\u0103 nu fac\u0103 nimic pentru termoficare, ci s\u0103 cheltuiasc\u0103 banii bucure\u0219tenilor pe festivaluri, concerte \u0219i ac\u021biuni de imagine, definitiv\u00e2nd distrugerea RADET \u0219i periclit\u00e2nd situa\u021bia economic\u0103 a ELCEN.<\/strong><\/p>\n<cite>comunicat eLCEN<\/cite><\/blockquote>\n\n\n\n<p><\/p>\n\n\n\n<p><strong>CITE\u015eTE \u015eI:<\/strong><\/p>\n\n\n\n<figure class=\"wp-block-embed is-type-wp-embed is-provider-buletin-de-bucure-ti wp-block-embed-buletin-de-bucure-ti\"><div class=\"wp-block-embed__wrapper\">\n<blockquote class=\"wp-embedded-content\" data-secret=\"5NE4r52kpC\"><a href=\"https:\/\/buletin.de\/bucuresti\/conducerea-elcen-atac-la-gabriela-firea-a-creat-un-sir-lung-de-tergiversari-sfidari-ale-legii-insolventei-manipulari-ale-opiniei-publice-ceea-ce-a-blocat-sistematic-reabilitarea-sistemul\/\">Conducerea ELCEN, atac la Gabriela Firea: \u201eA creat un \u0219ir lung de tergivers\u0103ri, manipul\u0103ri ale opiniei publice, ceea ce a blocat reabilitarea sistemului de termoficare\u201d<\/a><\/blockquote><iframe class=\"wp-embedded-content\" sandbox=\"allow-scripts\" security=\"restricted\" style=\"position: absolute; clip: rect(1px, 1px, 1px, 1px);\" title=\"&#8220;Conducerea ELCEN, atac la Gabriela Firea: \u201eA creat un \u0219ir lung de tergivers\u0103ri, manipul\u0103ri ale opiniei publice, ceea ce a blocat reabilitarea sistemului de termoficare\u201d&#8221; &#8212; Buletin de Bucure\u0219ti\" src=\"https:\/\/buletin.de\/bucuresti\/conducerea-elcen-atac-la-gabriela-firea-a-creat-un-sir-lung-de-tergiversari-sfidari-ale-legii-insolventei-manipulari-ale-opiniei-publice-ceea-ce-a-blocat-sistematic-reabilitarea-sistemul\/embed\/#?secret=CEG2Z7piRN#?secret=5NE4r52kpC\" data-secret=\"5NE4r52kpC\" width=\"600\" height=\"338\" frameborder=\"0\" marginwidth=\"0\" marginheight=\"0\" scrolling=\"no\"><\/iframe>\n<\/div><\/figure>\n\n\n\n<p><\/p>\n\n\n\n<p><\/p>\n\n\n\n<p><\/p>\n\n\n\n<p><\/p>\n\n\n\n<p><\/p>\n\n\n\n<p><\/p>\n","protected":false},"excerpt":{"rendered":"<p>ELCEN a publicat ast\u0103zi, 24 mai, un comunicat dur \u00een care \u00eel acuz\u0103 pe primarul general Nicu\u015for Dan c\u0103 \u201eminte \u015fi dezinformeaz\u0103\u201d, dup\u0103 ce acesta a pus o parte din problemele din sistemul de termoficare pe seama faptului c\u0103 sunt func\u0163ionale doar dou\u0103 CET-uri. Cei de la ELCEN spun c\u0103 e o cutum\u0103 de dou\u0103 [&hellip;]<\/p>\n","protected":false},"author":8,"featured_media":83867,"comment_status":"closed","ping_status":"open","sticky":false,"template":"","format":"standard","meta":{"_acf_changed":false,"inline_featured_image":false,"ngg_post_thumbnail":0,"footnotes":""},"categories":[6994,5762,9025,24,6214],"tags":[12174,12173,237,36,223,12172,12171,12170,2592],"ppma_author":[22586],"class_list":["post-86210","post","type-post","status-publish","format-standard","has-post-thumbnail","hentry","category-stiri-2","category-main","category-politic","category-primarie","category-termo","tag-arma-electorala-termoficarea","tag-bucuresti-termoficare-cet-uri","tag-elcen","tag-gabriela-firea","tag-nicusor-dan","tag-pmb-termoficare","tag-problema-termoficarii","tag-scandal-nicusor-dan-elcen","tag-sebastian-burduja"],"acf":[],"yoast_head":"<!-- This site is optimized with the Yoast SEO Premium plugin v25.3 (Yoast SEO v27.4) - https:\/\/yoast.com\/product\/yoast-seo-premium-wordpress\/ -->\n<title>Dup\u0103 atacul la Firea, ELCEN \u00eel acuz\u0103 pe Nicu\u015for Dan de \u201eminciuni \u015fi dezinformare\u201d. Mesajul companiei din subordinea lui Burduja - Buletin de Bucure\u0219ti<\/title>\n<meta name=\"robots\" content=\"index, follow, max-snippet:-1, max-image-preview:large, max-video-preview:-1\" \/>\n<link rel=\"canonical\" href=\"https:\/\/buletin.de\/bucuresti\/dupa-atacul-la-firea-elcen-il-acuza-pe-nicusor-dan-de-minciuni-si-dezinformare-mesajul-companiei-din-subordinea-lui-burduja\/\" \/>\n<meta property=\"og:locale\" content=\"en_GB\" \/>\n<meta property=\"og:type\" content=\"article\" \/>\n<meta property=\"og:title\" content=\"Dup\u0103 atacul la Firea, ELCEN \u00eel acuz\u0103 pe Nicu\u015for Dan de \u201eminciuni \u015fi dezinformare\u201d. Mesajul companiei din subordinea lui Burduja\" \/>\n<meta property=\"og:description\" content=\"ELCEN a publicat ast\u0103zi, 24 mai, un comunicat dur \u00een care \u00eel acuz\u0103 pe primarul general Nicu\u015for Dan c\u0103 \u201eminte \u015fi dezinformeaz\u0103\u201d, dup\u0103 ce acesta a pus o parte din problemele din sistemul de termoficare pe seama faptului c\u0103 sunt func\u0163ionale doar dou\u0103 CET-uri. Cei de la ELCEN spun c\u0103 e o cutum\u0103 de dou\u0103 [&hellip;]\" \/>\n<meta property=\"og:url\" content=\"https:\/\/buletin.de\/bucuresti\/dupa-atacul-la-firea-elcen-il-acuza-pe-nicusor-dan-de-minciuni-si-dezinformare-mesajul-companiei-din-subordinea-lui-burduja\/\" \/>\n<meta property=\"og:site_name\" content=\"Buletin de Bucure\u0219ti\" \/>\n<meta property=\"article:publisher\" content=\"https:\/\/www.facebook.com\/buletin.de.buc\" \/>\n<meta property=\"article:published_time\" content=\"2024-05-24T07:58:46+00:00\" \/>\n<meta property=\"article:modified_time\" content=\"2024-05-24T07:58:47+00:00\" \/>\n<meta name=\"author\" content=\"Ionu\u021b Lepa\" \/>\n<meta name=\"twitter:card\" content=\"summary_large_image\" \/>\n<meta name=\"twitter:label1\" content=\"Written by\" \/>\n\t<meta name=\"twitter:data1\" content=\"Ionu\u021b Lepa\" \/>\n\t<meta name=\"twitter:label2\" content=\"Estimated reading time\" \/>\n\t<meta name=\"twitter:data2\" content=\"4 minutes\" \/>\n<script type=\"application\/ld+json\" class=\"yoast-schema-graph\">{\"@context\":\"https:\\\/\\\/schema.org\",\"@graph\":[{\"@type\":\"Article\",\"@id\":\"https:\\\/\\\/buletin.de\\\/bucuresti\\\/dupa-atacul-la-firea-elcen-il-acuza-pe-nicusor-dan-de-minciuni-si-dezinformare-mesajul-companiei-din-subordinea-lui-burduja\\\/#article\",\"isPartOf\":{\"@id\":\"https:\\\/\\\/buletin.de\\\/bucuresti\\\/dupa-atacul-la-firea-elcen-il-acuza-pe-nicusor-dan-de-minciuni-si-dezinformare-mesajul-companiei-din-subordinea-lui-burduja\\\/\"},\"author\":{\"name\":\"Ionu\u021b Lepa\",\"@id\":\"https:\\\/\\\/buletin.de\\\/bucuresti\\\/#\\\/schema\\\/person\\\/5272b8a057b33890940b57b837fc4ce6\"},\"headline\":\"Dup\u0103 atacul la Firea, ELCEN \u00eel acuz\u0103 pe Nicu\u015for Dan de \u201eminciuni \u015fi dezinformare\u201d. Mesajul companiei din subordinea lui Burduja\",\"datePublished\":\"2024-05-24T07:58:46+00:00\",\"dateModified\":\"2024-05-24T07:58:47+00:00\",\"mainEntityOfPage\":{\"@id\":\"https:\\\/\\\/buletin.de\\\/bucuresti\\\/dupa-atacul-la-firea-elcen-il-acuza-pe-nicusor-dan-de-minciuni-si-dezinformare-mesajul-companiei-din-subordinea-lui-burduja\\\/\"},\"wordCount\":879,\"publisher\":{\"@id\":\"https:\\\/\\\/buletin.de\\\/bucuresti\\\/#organization\"},\"image\":{\"@id\":\"https:\\\/\\\/buletin.de\\\/bucuresti\\\/dupa-atacul-la-firea-elcen-il-acuza-pe-nicusor-dan-de-minciuni-si-dezinformare-mesajul-companiei-din-subordinea-lui-burduja\\\/#primaryimage\"},\"thumbnailUrl\":\"https:\\\/\\\/buletin.de\\\/bucuresti\\\/wp-content\\\/uploads\\\/439472728_923339792915902_5736137712490660858_n.jpg\",\"keywords\":[\"arma electorala termoficarea\",\"bucuresti termoficare cet-uri\",\"elcen\",\"gabriela firea\",\"nicusor dan\",\"pmb termoficare\",\"problema termoficarii\",\"scandal nicusor dan elcen\",\"Sebastian Burduja\"],\"articleSection\":[\"Articole\",\"Main\",\"Politic\",\"Prim\u0103rie\",\"Termoficare\"],\"inLanguage\":\"en-GB\",\"copyrightYear\":\"2024\",\"copyrightHolder\":{\"@id\":\"https:\\\/\\\/buletin.de\\\/bucuresti\\\/#organization\"}},{\"@type\":\"WebPage\",\"@id\":\"https:\\\/\\\/buletin.de\\\/bucuresti\\\/dupa-atacul-la-firea-elcen-il-acuza-pe-nicusor-dan-de-minciuni-si-dezinformare-mesajul-companiei-din-subordinea-lui-burduja\\\/\",\"url\":\"https:\\\/\\\/buletin.de\\\/bucuresti\\\/dupa-atacul-la-firea-elcen-il-acuza-pe-nicusor-dan-de-minciuni-si-dezinformare-mesajul-companiei-din-subordinea-lui-burduja\\\/\",\"name\":\"Dup\u0103 atacul la Firea, ELCEN \u00eel acuz\u0103 pe Nicu\u015for Dan de \u201eminciuni \u015fi dezinformare\u201d. Mesajul companiei din subordinea lui Burduja - Buletin de Bucure\u0219ti\",\"isPartOf\":{\"@id\":\"https:\\\/\\\/buletin.de\\\/bucuresti\\\/#website\"},\"primaryImageOfPage\":{\"@id\":\"https:\\\/\\\/buletin.de\\\/bucuresti\\\/dupa-atacul-la-firea-elcen-il-acuza-pe-nicusor-dan-de-minciuni-si-dezinformare-mesajul-companiei-din-subordinea-lui-burduja\\\/#primaryimage\"},\"image\":{\"@id\":\"https:\\\/\\\/buletin.de\\\/bucuresti\\\/dupa-atacul-la-firea-elcen-il-acuza-pe-nicusor-dan-de-minciuni-si-dezinformare-mesajul-companiei-din-subordinea-lui-burduja\\\/#primaryimage\"},\"thumbnailUrl\":\"https:\\\/\\\/buletin.de\\\/bucuresti\\\/wp-content\\\/uploads\\\/439472728_923339792915902_5736137712490660858_n.jpg\",\"datePublished\":\"2024-05-24T07:58:46+00:00\",\"dateModified\":\"2024-05-24T07:58:47+00:00\",\"breadcrumb\":{\"@id\":\"https:\\\/\\\/buletin.de\\\/bucuresti\\\/dupa-atacul-la-firea-elcen-il-acuza-pe-nicusor-dan-de-minciuni-si-dezinformare-mesajul-companiei-din-subordinea-lui-burduja\\\/#breadcrumb\"},\"inLanguage\":\"en-GB\",\"potentialAction\":[{\"@type\":\"ReadAction\",\"target\":[\"https:\\\/\\\/buletin.de\\\/bucuresti\\\/dupa-atacul-la-firea-elcen-il-acuza-pe-nicusor-dan-de-minciuni-si-dezinformare-mesajul-companiei-din-subordinea-lui-burduja\\\/\"]}]},{\"@type\":\"ImageObject\",\"inLanguage\":\"en-GB\",\"@id\":\"https:\\\/\\\/buletin.de\\\/bucuresti\\\/dupa-atacul-la-firea-elcen-il-acuza-pe-nicusor-dan-de-minciuni-si-dezinformare-mesajul-companiei-din-subordinea-lui-burduja\\\/#primaryimage\",\"url\":\"https:\\\/\\\/buletin.de\\\/bucuresti\\\/wp-content\\\/uploads\\\/439472728_923339792915902_5736137712490660858_n.jpg\",\"contentUrl\":\"https:\\\/\\\/buletin.de\\\/bucuresti\\\/wp-content\\\/uploads\\\/439472728_923339792915902_5736137712490660858_n.jpg\",\"width\":1200,\"height\":886,\"caption\":\"FOTO: Elcen\"},{\"@type\":\"BreadcrumbList\",\"@id\":\"https:\\\/\\\/buletin.de\\\/bucuresti\\\/dupa-atacul-la-firea-elcen-il-acuza-pe-nicusor-dan-de-minciuni-si-dezinformare-mesajul-companiei-din-subordinea-lui-burduja\\\/#breadcrumb\",\"itemListElement\":[{\"@type\":\"ListItem\",\"position\":1,\"name\":\"Acas\u0103\",\"item\":\"https:\\\/\\\/buletin.de\\\/bucuresti\\\/\"},{\"@type\":\"ListItem\",\"position\":2,\"name\":\"Dup\u0103 atacul la Firea, ELCEN \u00eel acuz\u0103 pe Nicu\u015for Dan de \u201eminciuni \u015fi dezinformare\u201d. Mesajul companiei din subordinea lui Burduja\"}]},{\"@type\":\"WebSite\",\"@id\":\"https:\\\/\\\/buletin.de\\\/bucuresti\\\/#website\",\"url\":\"https:\\\/\\\/buletin.de\\\/bucuresti\\\/\",\"name\":\"Buletin de Bucure\u0219ti\",\"description\":\"\u0218tiri \u0219i investiga\u021bii esen\u021biale din capital\u0103\",\"publisher\":{\"@id\":\"https:\\\/\\\/buletin.de\\\/bucuresti\\\/#organization\"},\"potentialAction\":[{\"@type\":\"SearchAction\",\"target\":{\"@type\":\"EntryPoint\",\"urlTemplate\":\"https:\\\/\\\/buletin.de\\\/bucuresti\\\/?s={search_term_string}\"},\"query-input\":{\"@type\":\"PropertyValueSpecification\",\"valueRequired\":true,\"valueName\":\"search_term_string\"}}],\"inLanguage\":\"en-GB\"},{\"@type\":\"Organization\",\"@id\":\"https:\\\/\\\/buletin.de\\\/bucuresti\\\/#organization\",\"name\":\"Buletin de Bucure\u0219ti\",\"url\":\"https:\\\/\\\/buletin.de\\\/bucuresti\\\/\",\"logo\":{\"@type\":\"ImageObject\",\"inLanguage\":\"en-GB\",\"@id\":\"https:\\\/\\\/buletin.de\\\/bucuresti\\\/#\\\/schema\\\/logo\\\/image\\\/\",\"url\":\"https:\\\/\\\/buletin.de\\\/bucuresti\\\/wp-content\\\/uploads\\\/logo-bdb-full-wide-vernil-transparent.png\",\"contentUrl\":\"https:\\\/\\\/buletin.de\\\/bucuresti\\\/wp-content\\\/uploads\\\/logo-bdb-full-wide-vernil-transparent.png\",\"width\":1782,\"height\":626,\"caption\":\"Buletin de Bucure\u0219ti\"},\"image\":{\"@id\":\"https:\\\/\\\/buletin.de\\\/bucuresti\\\/#\\\/schema\\\/logo\\\/image\\\/\"},\"sameAs\":[\"https:\\\/\\\/www.facebook.com\\\/buletin.de.buc\",\"https:\\\/\\\/www.instagram.com\\\/buletinde.bucuresti\\\/\"]},{\"@type\":\"Person\",\"@id\":\"https:\\\/\\\/buletin.de\\\/bucuresti\\\/#\\\/schema\\\/person\\\/5272b8a057b33890940b57b837fc4ce6\",\"name\":\"Ionu\u021b Lepa\",\"image\":{\"@type\":\"ImageObject\",\"inLanguage\":\"en-GB\",\"@id\":\"https:\\\/\\\/buletin.de\\\/bucuresti\\\/wp-content\\\/uploads\\\/Ionut-Lepa-96x96.jpg5c4e4d9e049808799a8821652d2410a4\",\"url\":\"https:\\\/\\\/buletin.de\\\/bucuresti\\\/wp-content\\\/uploads\\\/Ionut-Lepa-96x96.jpg\",\"contentUrl\":\"https:\\\/\\\/buletin.de\\\/bucuresti\\\/wp-content\\\/uploads\\\/Ionut-Lepa-96x96.jpg\",\"caption\":\"Ionu\u021b Lepa\"},\"url\":\"https:\\\/\\\/buletin.de\\\/bucuresti\\\/author\\\/ionutlepa\\\/\"}]}<\/script>\n<!-- \/ Yoast SEO Premium plugin. -->","yoast_head_json":{"title":"Dup\u0103 atacul la Firea, ELCEN \u00eel acuz\u0103 pe Nicu\u015for Dan de \u201eminciuni \u015fi dezinformare\u201d. Mesajul companiei din subordinea lui Burduja - Buletin de Bucure\u0219ti","robots":{"index":"index","follow":"follow","max-snippet":"max-snippet:-1","max-image-preview":"max-image-preview:large","max-video-preview":"max-video-preview:-1"},"canonical":"https:\/\/buletin.de\/bucuresti\/dupa-atacul-la-firea-elcen-il-acuza-pe-nicusor-dan-de-minciuni-si-dezinformare-mesajul-companiei-din-subordinea-lui-burduja\/","og_locale":"en_GB","og_type":"article","og_title":"Dup\u0103 atacul la Firea, ELCEN \u00eel acuz\u0103 pe Nicu\u015for Dan de \u201eminciuni \u015fi dezinformare\u201d. Mesajul companiei din subordinea lui Burduja","og_description":"ELCEN a publicat ast\u0103zi, 24 mai, un comunicat dur \u00een care \u00eel acuz\u0103 pe primarul general Nicu\u015for Dan c\u0103 \u201eminte \u015fi dezinformeaz\u0103\u201d, dup\u0103 ce acesta a pus o parte din problemele din sistemul de termoficare pe seama faptului c\u0103 sunt func\u0163ionale doar dou\u0103 CET-uri. Cei de la ELCEN spun c\u0103 e o cutum\u0103 de dou\u0103 [&hellip;]","og_url":"https:\/\/buletin.de\/bucuresti\/dupa-atacul-la-firea-elcen-il-acuza-pe-nicusor-dan-de-minciuni-si-dezinformare-mesajul-companiei-din-subordinea-lui-burduja\/","og_site_name":"Buletin de Bucure\u0219ti","article_publisher":"https:\/\/www.facebook.com\/buletin.de.buc","article_published_time":"2024-05-24T07:58:46+00:00","article_modified_time":"2024-05-24T07:58:47+00:00","author":"Ionu\u021b Lepa","twitter_card":"summary_large_image","twitter_misc":{"Written by":"Ionu\u021b Lepa","Estimated reading time":"4 minutes"},"schema":{"@context":"https:\/\/schema.org","@graph":[{"@type":"Article","@id":"https:\/\/buletin.de\/bucuresti\/dupa-atacul-la-firea-elcen-il-acuza-pe-nicusor-dan-de-minciuni-si-dezinformare-mesajul-companiei-din-subordinea-lui-burduja\/#article","isPartOf":{"@id":"https:\/\/buletin.de\/bucuresti\/dupa-atacul-la-firea-elcen-il-acuza-pe-nicusor-dan-de-minciuni-si-dezinformare-mesajul-companiei-din-subordinea-lui-burduja\/"},"author":{"name":"Ionu\u021b Lepa","@id":"https:\/\/buletin.de\/bucuresti\/#\/schema\/person\/5272b8a057b33890940b57b837fc4ce6"},"headline":"Dup\u0103 atacul la Firea, ELCEN \u00eel acuz\u0103 pe Nicu\u015for Dan de \u201eminciuni \u015fi dezinformare\u201d. Mesajul companiei din subordinea lui Burduja","datePublished":"2024-05-24T07:58:46+00:00","dateModified":"2024-05-24T07:58:47+00:00","mainEntityOfPage":{"@id":"https:\/\/buletin.de\/bucuresti\/dupa-atacul-la-firea-elcen-il-acuza-pe-nicusor-dan-de-minciuni-si-dezinformare-mesajul-companiei-din-subordinea-lui-burduja\/"},"wordCount":879,"publisher":{"@id":"https:\/\/buletin.de\/bucuresti\/#organization"},"image":{"@id":"https:\/\/buletin.de\/bucuresti\/dupa-atacul-la-firea-elcen-il-acuza-pe-nicusor-dan-de-minciuni-si-dezinformare-mesajul-companiei-din-subordinea-lui-burduja\/#primaryimage"},"thumbnailUrl":"https:\/\/buletin.de\/bucuresti\/wp-content\/uploads\/439472728_923339792915902_5736137712490660858_n.jpg","keywords":["arma electorala termoficarea","bucuresti termoficare cet-uri","elcen","gabriela firea","nicusor dan","pmb termoficare","problema termoficarii","scandal nicusor dan elcen","Sebastian Burduja"],"articleSection":["Articole","Main","Politic","Prim\u0103rie","Termoficare"],"inLanguage":"en-GB","copyrightYear":"2024","copyrightHolder":{"@id":"https:\/\/buletin.de\/bucuresti\/#organization"}},{"@type":"WebPage","@id":"https:\/\/buletin.de\/bucuresti\/dupa-atacul-la-firea-elcen-il-acuza-pe-nicusor-dan-de-minciuni-si-dezinformare-mesajul-companiei-din-subordinea-lui-burduja\/","url":"https:\/\/buletin.de\/bucuresti\/dupa-atacul-la-firea-elcen-il-acuza-pe-nicusor-dan-de-minciuni-si-dezinformare-mesajul-companiei-din-subordinea-lui-burduja\/","name":"Dup\u0103 atacul la Firea, ELCEN \u00eel acuz\u0103 pe Nicu\u015for Dan de \u201eminciuni \u015fi dezinformare\u201d. Mesajul companiei din subordinea lui Burduja - Buletin de Bucure\u0219ti","isPartOf":{"@id":"https:\/\/buletin.de\/bucuresti\/#website"},"primaryImageOfPage":{"@id":"https:\/\/buletin.de\/bucuresti\/dupa-atacul-la-firea-elcen-il-acuza-pe-nicusor-dan-de-minciuni-si-dezinformare-mesajul-companiei-din-subordinea-lui-burduja\/#primaryimage"},"image":{"@id":"https:\/\/buletin.de\/bucuresti\/dupa-atacul-la-firea-elcen-il-acuza-pe-nicusor-dan-de-minciuni-si-dezinformare-mesajul-companiei-din-subordinea-lui-burduja\/#primaryimage"},"thumbnailUrl":"https:\/\/buletin.de\/bucuresti\/wp-content\/uploads\/439472728_923339792915902_5736137712490660858_n.jpg","datePublished":"2024-05-24T07:58:46+00:00","dateModified":"2024-05-24T07:58:47+00:00","breadcrumb":{"@id":"https:\/\/buletin.de\/bucuresti\/dupa-atacul-la-firea-elcen-il-acuza-pe-nicusor-dan-de-minciuni-si-dezinformare-mesajul-companiei-din-subordinea-lui-burduja\/#breadcrumb"},"inLanguage":"en-GB","potentialAction":[{"@type":"ReadAction","target":["https:\/\/buletin.de\/bucuresti\/dupa-atacul-la-firea-elcen-il-acuza-pe-nicusor-dan-de-minciuni-si-dezinformare-mesajul-companiei-din-subordinea-lui-burduja\/"]}]},{"@type":"ImageObject","inLanguage":"en-GB","@id":"https:\/\/buletin.de\/bucuresti\/dupa-atacul-la-firea-elcen-il-acuza-pe-nicusor-dan-de-minciuni-si-dezinformare-mesajul-companiei-din-subordinea-lui-burduja\/#primaryimage","url":"https:\/\/buletin.de\/bucuresti\/wp-content\/uploads\/439472728_923339792915902_5736137712490660858_n.jpg","contentUrl":"https:\/\/buletin.de\/bucuresti\/wp-content\/uploads\/439472728_923339792915902_5736137712490660858_n.jpg","width":1200,"height":886,"caption":"FOTO: Elcen"},{"@type":"BreadcrumbList","@id":"https:\/\/buletin.de\/bucuresti\/dupa-atacul-la-firea-elcen-il-acuza-pe-nicusor-dan-de-minciuni-si-dezinformare-mesajul-companiei-din-subordinea-lui-burduja\/#breadcrumb","itemListElement":[{"@type":"ListItem","position":1,"name":"Acas\u0103","item":"https:\/\/buletin.de\/bucuresti\/"},{"@type":"ListItem","position":2,"name":"Dup\u0103 atacul la Firea, ELCEN \u00eel acuz\u0103 pe Nicu\u015for Dan de \u201eminciuni \u015fi dezinformare\u201d. Mesajul companiei din subordinea lui Burduja"}]},{"@type":"WebSite","@id":"https:\/\/buletin.de\/bucuresti\/#website","url":"https:\/\/buletin.de\/bucuresti\/","name":"Buletin de Bucure\u0219ti","description":"\u0218tiri \u0219i investiga\u021bii esen\u021biale din capital\u0103","publisher":{"@id":"https:\/\/buletin.de\/bucuresti\/#organization"},"potentialAction":[{"@type":"SearchAction","target":{"@type":"EntryPoint","urlTemplate":"https:\/\/buletin.de\/bucuresti\/?s={search_term_string}"},"query-input":{"@type":"PropertyValueSpecification","valueRequired":true,"valueName":"search_term_string"}}],"inLanguage":"en-GB"},{"@type":"Organization","@id":"https:\/\/buletin.de\/bucuresti\/#organization","name":"Buletin de Bucure\u0219ti","url":"https:\/\/buletin.de\/bucuresti\/","logo":{"@type":"ImageObject","inLanguage":"en-GB","@id":"https:\/\/buletin.de\/bucuresti\/#\/schema\/logo\/image\/","url":"https:\/\/buletin.de\/bucuresti\/wp-content\/uploads\/logo-bdb-full-wide-vernil-transparent.png","contentUrl":"https:\/\/buletin.de\/bucuresti\/wp-content\/uploads\/logo-bdb-full-wide-vernil-transparent.png","width":1782,"height":626,"caption":"Buletin de Bucure\u0219ti"},"image":{"@id":"https:\/\/buletin.de\/bucuresti\/#\/schema\/logo\/image\/"},"sameAs":["https:\/\/www.facebook.com\/buletin.de.buc","https:\/\/www.instagram.com\/buletinde.bucuresti\/"]},{"@type":"Person","@id":"https:\/\/buletin.de\/bucuresti\/#\/schema\/person\/5272b8a057b33890940b57b837fc4ce6","name":"Ionu\u021b Lepa","image":{"@type":"ImageObject","inLanguage":"en-GB","@id":"https:\/\/buletin.de\/bucuresti\/wp-content\/uploads\/Ionut-Lepa-96x96.jpg5c4e4d9e049808799a8821652d2410a4","url":"https:\/\/buletin.de\/bucuresti\/wp-content\/uploads\/Ionut-Lepa-96x96.jpg","contentUrl":"https:\/\/buletin.de\/bucuresti\/wp-content\/uploads\/Ionut-Lepa-96x96.jpg","caption":"Ionu\u021b Lepa"},"url":"https:\/\/buletin.de\/bucuresti\/author\/ionutlepa\/"}]}},"authors":[{"term_id":22586,"user_id":8,"is_guest":0,"slug":"ionutlepa","display_name":"Ionu\u021b Lepa","avatar_url":"https:\/\/buletin.de\/bucuresti\/wp-content\/uploads\/Ionut-Lepa-96x96.jpg","0":null,"1":"","2":"","3":"","4":"","5":"","6":"","7":"","8":""}],"_links":{"self":[{"href":"https:\/\/buletin.de\/bucuresti\/wp-json\/wp\/v2\/posts\/86210","targetHints":{"allow":["GET"]}}],"collection":[{"href":"https:\/\/buletin.de\/bucuresti\/wp-json\/wp\/v2\/posts"}],"about":[{"href":"https:\/\/buletin.de\/bucuresti\/wp-json\/wp\/v2\/types\/post"}],"author":[{"embeddable":true,"href":"https:\/\/buletin.de\/bucuresti\/wp-json\/wp\/v2\/users\/8"}],"replies":[{"embeddable":true,"href":"https:\/\/buletin.de\/bucuresti\/wp-json\/wp\/v2\/comments?post=86210"}],"version-history":[{"count":2,"href":"https:\/\/buletin.de\/bucuresti\/wp-json\/wp\/v2\/posts\/86210\/revisions"}],"predecessor-version":[{"id":86212,"href":"https:\/\/buletin.de\/bucuresti\/wp-json\/wp\/v2\/posts\/86210\/revisions\/86212"}],"wp:featuredmedia":[{"embeddable":true,"href":"https:\/\/buletin.de\/bucuresti\/wp-json\/wp\/v2\/media\/83867"}],"wp:attachment":[{"href":"https:\/\/buletin.de\/bucuresti\/wp-json\/wp\/v2\/media?parent=86210"}],"wp:term":[{"taxonomy":"category","embeddable":true,"href":"https:\/\/buletin.de\/bucuresti\/wp-json\/wp\/v2\/categories?post=86210"},{"taxonomy":"post_tag","embeddable":true,"href":"https:\/\/buletin.de\/bucuresti\/wp-json\/wp\/v2\/tags?post=86210"},{"taxonomy":"author","embeddable":true,"href":"https:\/\/buletin.de\/bucuresti\/wp-json\/wp\/v2\/ppma_author?post=86210"}],"curies":[{"name":"wp","href":"https:\/\/api.w.org\/{rel}","templated":true}]}}