{"id":8619,"date":"2020-06-26T11:17:42","date_gmt":"2020-06-26T08:17:42","guid":{"rendered":"https:\/\/buletin.de\/bucuresti\/?p=8619"},"modified":"2020-06-26T11:17:43","modified_gmt":"2020-06-26T08:17:43","slug":"grave-prejudicii-materiale-si-de-imagine-si-conducere-discretionara-dentistii-cer-demiterea-biroului-executiv-al-colegiului-medicilor-stomatologi-din-romania","status":"publish","type":"post","link":"https:\/\/buletin.de\/bucuresti\/grave-prejudicii-materiale-si-de-imagine-si-conducere-discretionara-dentistii-cer-demiterea-biroului-executiv-al-colegiului-medicilor-stomatologi-din-romania\/","title":{"rendered":"\u201eGrave prejudicii materiale si de imagine\u201d \u0219i \u201econducere discre\u021bionar\u0103\u201d. Denti\u0219tii cer demiterea biroului executiv al Colegiului Medicilor Stomatologi din Rom\u00e2nia"},"content":{"rendered":"\n<p><strong>Mai mul\u021bi stomatologi cer demisia conducerii Colegiului Medicilor Stomatologici din Rom\u00e2nia (CMSR) pentru modul \u00een care a gestionat activitatea de lucru \u00een timpul st\u0103rii de urgen\u021b\u0103. Ace\u0219tia doresc alegeri anticipate \u0219i \u201e<em>revenirea CMSR la menirea lui ini\u021bial\u0103.<\/em>\u201d<\/strong><\/p>\n\n\n\n<h2 class=\"wp-block-heading\"><strong>Condi\u021bii \u201eaberante\u201d\nimpuse de CMSR<\/strong><\/h2>\n\n\n\n<p>Pe 22 martie, cabinetele de medicin\u0103 dentar\u0103 din Rom\u00e2nia au fost obligate s\u0103 pun\u0103 lac\u0103tul pe u\u0219\u0103. \u201e<em>Prin excep\u021bie, sunt permise interven\u021biile stomatologice de urgen\u021b\u0103<\/em>\u201d. At\u00e2t scria \u00een Ordonan\u021ba Militar\u0103 nr. 2. Imediat dup\u0103, CMSR a publicat o serie de recomand\u0103ri pentru prevenirea r\u0103sp\u00e2ndirii COVID-19 \u00een activitatea stomatologic\u0103 de urgen\u021b\u0103. Printre aceste recomand\u0103ri ap\u0103rea nebulizarea, un proces scump \u0219i <a href=\"https:\/\/buletin.de\/bucuresti\/taxa-de-covid-19-un-tarif-suplimentar-de-pana-la-1000-de-lei-pentru-interventiile-stomatologice-in-starea-de-urgenta-problema-risca-sa-se-mentina-si-dupa-15-mai\/\">ineficient<\/a>. De la recomand\u0103ri la obligativitate s-a ajuns foarte rapid, astfel c\u0103 pentru a putea func\u021biona cabinetele stomatologice aveau nevoie de aviz temporar de la Direc\u021bia de S\u0103n\u0103tate Public\u0103. Din aceast\u0103 cauz\u0103, multe cabinete de mici dimensiuni nu au putut lucra nici m\u0103car urgen\u021bele. <\/p>\n\n\n\n<p>Acum medicii stomatologici \u00ee\u0219i exprim\u0103 public dezaprobarea fa\u021b\u0103 de ac\u021biunile \u0219i deciziile luate de conducerea Colegiului Medicilor Stomatologici din Rom\u00e2nia. Autodenumi\u021bi \u201eGrupul pentru Reinstaurarea Legii \u0219i pentru Revenirea la Menirea Ini\u021bial\u0103 a CMSR\u201d, doctorii au pornit o<a href=\"https:\/\/www.petitieonline.com\/demisia_imediata_biroului_ex_naional_al_colegiului_medicilor_stomatologi_din_romania_alegeri_anticipate_pentru_aceste_funcii_i_revenirea_cmsr_la_menirea_lui_iniiala?s=73355082\"> peti\u021bie <\/a>pentru a da jos reprezenta\u021bii CMSR. Printre altele, ei acuz\u0103 CMSR de faptul c\u0103 \u201ea<em>u adus grave prejudicii materiale si de imagine, medicilor stomatologi si pacien\u0163ilor, prin diminuarea drastica p\u00e2n\u0103 la blocarea total\u0103 a asisten\u0163ei stomatologice de urgen\u0163\u0103.<\/em>\u201d<\/p>\n\n\n\n<blockquote class=\"wp-block-quote is-layout-flow wp-block-quote-is-layout-flow\"><p>\u201eAu \u201crecomandat\u201d o \u201clist\u0103 de urgen\u0163e\u201d importat\u0103 si total neadecvat\u0103, condi\u0163ii aberante (vezi nebulizatorul), solicit\u00e2nd avize speciale din partea DSP, aceste condi\u0163ii nefiind prev\u0103zute \u00een nici o lege sau regulament. Chiar dup\u0103 preciz\u0103rile clare si f\u0103r\u0103 echivoc f\u0103cute de dr. Raed Arafat, au continuat s\u0103 emit\u0103 Decizii pe care a doua zi le-au abrogat, cree\u00e2nd si mai mult\u0103 confuzie, paraliz\u00e2nd practic asisten\u0163a stomatologic\u0103 de urgen\u0163\u0103 si \u00eenteleg\u00e2nd s\u0103 nu se supun\u0103 autorita\u0163ii Statului.\u201d<\/p><cite>Textul peti\u021biei<\/cite><\/blockquote>\n\n\n\n<p>Pe 11 aprilie,\ncoordonatorul COVID-19 Bucure\u0219ti-Ilfov C\u0103t\u0103lin Smarandache a \u00eenaintat o\nsolicitare c\u0103tre \u0218eful Departamentului pentru Situa\u021bii de Urgen\u021b\u0103 Raed Arafat\n\u00een care i-a cerut formularea unui Ordin prin care s\u0103 se stabileasc\u0103 temeiul\nlegal pentru func\u021bionarea cabinetelor stomatologice. Arafat i-a r\u0103spuns f\u0103c\u00e2nd\nreferire la cele dou\u0103 propozi\u021bii din Ordonan\u021ba nr. 2, f\u0103r\u0103 s\u0103 men\u021bioneze nimic\nde necesitatea unui aviz.<\/p>\n\n\n\n<figure class=\"wp-block-image size-large is-resized\"><img fetchpriority=\"high\" decoding=\"async\" src=\"data:image\/gif;base64,R0lGODlhAQABAAAAACH5BAEKAAEALAAAAAABAAEAAAICTAEAOw==\" data-src=\"https:\/\/buletin.de\/bucuresti\/wp-content\/uploads\/905840bb-0b33-4593-9016-44a6d2638c8b-1.jpg\" alt=\"\" class=\"wp-image-8620 lazyload\" width=\"720\" height=\"872\" data-sizes=\"auto\" data-srcset=\"https:\/\/buletin.de\/bucuresti\/wp-content\/uploads\/905840bb-0b33-4593-9016-44a6d2638c8b-1.jpg 720w, https:\/\/buletin.de\/bucuresti\/wp-content\/uploads\/905840bb-0b33-4593-9016-44a6d2638c8b-1-600x727.jpg 600w, https:\/\/buletin.de\/bucuresti\/wp-content\/uploads\/905840bb-0b33-4593-9016-44a6d2638c8b-1-248x300.jpg 248w, https:\/\/buletin.de\/bucuresti\/wp-content\/uploads\/905840bb-0b33-4593-9016-44a6d2638c8b-1-550x666.jpg 550w, https:\/\/buletin.de\/bucuresti\/wp-content\/uploads\/905840bb-0b33-4593-9016-44a6d2638c8b-1-413x500.jpg 413w\" sizes=\"(max-width: 720px) 100vw, 720px\" \/><\/figure>\n\n\n\n<p>Abia pe 11 mai,\ncu patru zile \u00eenainte ca Rom\u00e2nia s\u0103 ias\u0103 din starea de urgen\u021b\u0103, a fost emis un <a href=\"https:\/\/www.dsptimis.ro\/data_files\/content\/prima-pagina\/files\/ordinul-nr-767-2020-privind-aprobarea-conditiilor-de-functionare-a-cabinetelor-stomatologice-pentru-efectuarea-interventiilor-stomatologice-de-urgenta-precum-si-masurile-de-preventie-necesare-in-perio.pdf\">ordin<\/a>\nprivind aprobarea condi\u021biilor de func\u021bionare a cabinetelor stomatologice pentru\nefectuarea interven\u021biilor stomatologice de urgen\u021b\u0103, precum \u0219i m\u0103surile de\npreven\u021bie necesare \u00een perioada st\u0103rii de urgen\u021b\u0103 determinate de epidemia de\nCOVID-19. \u00cen acest ordin era specificat\u0103 obligativitatea de\u021binerii unui aviz de\nfunc\u021bionare. Am \u00eentrebat Ministerul S\u0103n\u0103t\u0103\u021bii dac\u0103 ordinul se aplic\u0103\nretroactiv, \u00eens\u0103 nu am primit un r\u0103spuns p\u00e2n\u0103 la momentul public\u0103rii\narticolului.<\/p>\n\n\n\n<h2 class=\"wp-block-heading\"><strong>Conducerea suspicioas\u0103\ncare \u201eh\u0103r\u021buie\u0219te \u0219i terorizeaz\u0103\u201d<\/strong><\/h2>\n\n\n\n<p>La \u00eenceputul lunii mai, <a href=\"https:\/\/buletin.de\/bucuresti\/taxa-de-covid-19-un-tarif-suplimentar-de-pana-la-1000-de-lei-pentru-interventiile-stomatologice-in-starea-de-urgenta-problema-risca-sa-se-mentina-si-dupa-15-mai\/\">reporterii Buletin de Bucure\u0219ti au discutat<\/a> cu doctori stomatologi care au declarat, sub anonimitate, c\u0103 reprezentan\u021bii de la conducerea CMSR ac\u021bioneaz\u0103 \u00een favoarea intereselor lor personale. Acum peti\u021bia cu peste 600 de semn\u0103turi acuz\u0103 conducerea de alegeri nedemocratice \u0219i de lips\u0103 de transparen\u021b\u0103 \u00een luarea deciziilor \u0219i \u00een privin\u021ba situa\u021biilor financiare. <\/p>\n\n\n\n<blockquote class=\"wp-block-quote is-layout-flow wp-block-quote-is-layout-flow\"><p>\u201eInstituirea unui\nsistem \u00een care, dac\u0103 indr\u0103znesti s\u0103 ceri socoteal\u0103 celui pe care l-ai mandatat,\nconform legii, si \u00eei ceri s\u0103 execute mandatul legal si \u00een interesul profesiei,\nesti marginalizat, h\u0103rtuit si terorizat ,desi legea incrimineaza aceste fapte\nca fiind penale.\u201d<\/p><cite>Textul peti\u021biei<\/cite><\/blockquote>\n\n\n\n<p>Totodat\u0103, medicii stomatologi care au ini\u021biat peti\u021bia sus\u021bin c\u0103 CMSR au modificat regulamentele \u201e<em>cu ignorarea \u0219i\/sau \u00eenc\u0103lcarea legilor \u00een vigoare, inclusiv a Constitu\u021biei<\/em>\u201d \u0219i au ajuns la o \u201e<em>conducere discre\u021bionar\u0103, stric \u00een interes propriu, al Pre\u0219edintelui CMS, dr. Ecaterina Ionescu \u0219i a celor din gruparea creat\u0103 \u00een jurul ei<\/em>\u201d.<\/p>\n","protected":false},"excerpt":{"rendered":"<p>Mai mul\u021bi stomatologi cer demisia conducerii Colegiului Medicilor Stomatologici din Rom\u00e2nia (CMSR) pentru modul \u00een care a gestionat activitatea de lucru \u00een timpul st\u0103rii de urgen\u021b\u0103. Ace\u0219tia doresc alegeri anticipate \u0219i \u201erevenirea CMSR la menirea lui ini\u021bial\u0103.\u201d Condi\u021bii \u201eaberante\u201d impuse de CMSR Pe 22 martie, cabinetele de medicin\u0103 dentar\u0103 din Rom\u00e2nia au fost obligate s\u0103 [&hellip;]<\/p>\n","protected":false},"author":6,"featured_media":8622,"comment_status":"closed","ping_status":"open","sticky":false,"template":"","format":"standard","meta":{"_acf_changed":false,"inline_featured_image":false,"ngg_post_thumbnail":0,"footnotes":""},"categories":[4,62],"tags":[640,1236,1235],"ppma_author":[22588],"class_list":["post-8619","post","type-post","status-publish","format-standard","has-post-thumbnail","hentry","category-sanatate","category-stiri","tag-covid","tag-petitie-stomatologi","tag-stomatologie"],"acf":[],"yoast_head":"<!-- This site is optimized with the Yoast SEO Premium plugin v25.3 (Yoast SEO v27.5) - https:\/\/yoast.com\/product\/yoast-seo-premium-wordpress\/ -->\n<title>\u201eGrave prejudicii materiale si de imagine\u201d \u0219i \u201econducere discre\u021bionar\u0103\u201d. Denti\u0219tii cer demiterea biroului executiv al Colegiului Medicilor Stomatologi din Rom\u00e2nia - Buletin de Bucure\u0219ti<\/title>\n<meta name=\"robots\" content=\"index, follow, max-snippet:-1, max-image-preview:large, max-video-preview:-1\" \/>\n<link rel=\"canonical\" href=\"https:\/\/buletin.de\/bucuresti\/grave-prejudicii-materiale-si-de-imagine-si-conducere-discretionara-dentistii-cer-demiterea-biroului-executiv-al-colegiului-medicilor-stomatologi-din-romania\/\" \/>\n<meta property=\"og:locale\" content=\"en_GB\" \/>\n<meta property=\"og:type\" content=\"article\" \/>\n<meta property=\"og:title\" content=\"\u201eGrave prejudicii materiale si de imagine\u201d \u0219i \u201econducere discre\u021bionar\u0103\u201d. Denti\u0219tii cer demiterea biroului executiv al Colegiului Medicilor Stomatologi din Rom\u00e2nia\" \/>\n<meta property=\"og:description\" content=\"Mai mul\u021bi stomatologi cer demisia conducerii Colegiului Medicilor Stomatologici din Rom\u00e2nia (CMSR) pentru modul \u00een care a gestionat activitatea de lucru \u00een timpul st\u0103rii de urgen\u021b\u0103. Ace\u0219tia doresc alegeri anticipate \u0219i \u201erevenirea CMSR la menirea lui ini\u021bial\u0103.\u201d Condi\u021bii \u201eaberante\u201d impuse de CMSR Pe 22 martie, cabinetele de medicin\u0103 dentar\u0103 din Rom\u00e2nia au fost obligate s\u0103 [&hellip;]\" \/>\n<meta property=\"og:url\" content=\"https:\/\/buletin.de\/bucuresti\/grave-prejudicii-materiale-si-de-imagine-si-conducere-discretionara-dentistii-cer-demiterea-biroului-executiv-al-colegiului-medicilor-stomatologi-din-romania\/\" \/>\n<meta property=\"og:site_name\" content=\"Buletin de Bucure\u0219ti\" \/>\n<meta property=\"article:publisher\" content=\"https:\/\/www.facebook.com\/buletin.de.buc\" \/>\n<meta property=\"article:published_time\" content=\"2020-06-26T08:17:42+00:00\" \/>\n<meta property=\"article:modified_time\" content=\"2020-06-26T08:17:43+00:00\" \/>\n<meta property=\"og:image\" content=\"https:\/\/buletin.de\/bucuresti\/wp-content\/uploads\/yusuf-belek-sZCuJI9es8k-unsplash-scaled.jpg\" \/>\n\t<meta property=\"og:image:width\" content=\"2560\" \/>\n\t<meta property=\"og:image:height\" content=\"1707\" \/>\n\t<meta property=\"og:image:type\" content=\"image\/jpeg\" \/>\n<meta name=\"author\" content=\"Bianca Albu\" \/>\n<meta name=\"twitter:card\" content=\"summary_large_image\" \/>\n<meta name=\"twitter:label1\" content=\"Written by\" \/>\n\t<meta name=\"twitter:data1\" content=\"Bianca Albu\" \/>\n\t<meta name=\"twitter:label2\" content=\"Estimated reading time\" \/>\n\t<meta name=\"twitter:data2\" content=\"3 minutes\" \/>\n<script type=\"application\/ld+json\" class=\"yoast-schema-graph\">{\"@context\":\"https:\\\/\\\/schema.org\",\"@graph\":[{\"@type\":\"Article\",\"@id\":\"https:\\\/\\\/buletin.de\\\/bucuresti\\\/grave-prejudicii-materiale-si-de-imagine-si-conducere-discretionara-dentistii-cer-demiterea-biroului-executiv-al-colegiului-medicilor-stomatologi-din-romania\\\/#article\",\"isPartOf\":{\"@id\":\"https:\\\/\\\/buletin.de\\\/bucuresti\\\/grave-prejudicii-materiale-si-de-imagine-si-conducere-discretionara-dentistii-cer-demiterea-biroului-executiv-al-colegiului-medicilor-stomatologi-din-romania\\\/\"},\"author\":{\"name\":\"Bianca Albu\",\"@id\":\"https:\\\/\\\/buletin.de\\\/bucuresti\\\/#\\\/schema\\\/person\\\/295dc2228d2dc79294d636619468dc7f\"},\"headline\":\"\u201eGrave prejudicii materiale si de imagine\u201d \u0219i \u201econducere discre\u021bionar\u0103\u201d. Denti\u0219tii cer demiterea biroului executiv al Colegiului Medicilor Stomatologi din Rom\u00e2nia\",\"datePublished\":\"2020-06-26T08:17:42+00:00\",\"dateModified\":\"2020-06-26T08:17:43+00:00\",\"mainEntityOfPage\":{\"@id\":\"https:\\\/\\\/buletin.de\\\/bucuresti\\\/grave-prejudicii-materiale-si-de-imagine-si-conducere-discretionara-dentistii-cer-demiterea-biroului-executiv-al-colegiului-medicilor-stomatologi-din-romania\\\/\"},\"wordCount\":704,\"publisher\":{\"@id\":\"https:\\\/\\\/buletin.de\\\/bucuresti\\\/#organization\"},\"image\":{\"@id\":\"https:\\\/\\\/buletin.de\\\/bucuresti\\\/grave-prejudicii-materiale-si-de-imagine-si-conducere-discretionara-dentistii-cer-demiterea-biroului-executiv-al-colegiului-medicilor-stomatologi-din-romania\\\/#primaryimage\"},\"thumbnailUrl\":\"https:\\\/\\\/buletin.de\\\/bucuresti\\\/wp-content\\\/uploads\\\/yusuf-belek-sZCuJI9es8k-unsplash-scaled.jpg\",\"keywords\":[\"covid\",\"petitie stomatologi\",\"stomatologie\"],\"articleSection\":[\"S\u0103n\u0103tate\",\"\u0218tiri\"],\"inLanguage\":\"en-GB\",\"copyrightYear\":\"2020\",\"copyrightHolder\":{\"@id\":\"https:\\\/\\\/buletin.de\\\/bucuresti\\\/#organization\"}},{\"@type\":\"WebPage\",\"@id\":\"https:\\\/\\\/buletin.de\\\/bucuresti\\\/grave-prejudicii-materiale-si-de-imagine-si-conducere-discretionara-dentistii-cer-demiterea-biroului-executiv-al-colegiului-medicilor-stomatologi-din-romania\\\/\",\"url\":\"https:\\\/\\\/buletin.de\\\/bucuresti\\\/grave-prejudicii-materiale-si-de-imagine-si-conducere-discretionara-dentistii-cer-demiterea-biroului-executiv-al-colegiului-medicilor-stomatologi-din-romania\\\/\",\"name\":\"\u201eGrave prejudicii materiale si de imagine\u201d \u0219i \u201econducere discre\u021bionar\u0103\u201d. Denti\u0219tii cer demiterea biroului executiv al Colegiului Medicilor Stomatologi din Rom\u00e2nia - Buletin de Bucure\u0219ti\",\"isPartOf\":{\"@id\":\"https:\\\/\\\/buletin.de\\\/bucuresti\\\/#website\"},\"primaryImageOfPage\":{\"@id\":\"https:\\\/\\\/buletin.de\\\/bucuresti\\\/grave-prejudicii-materiale-si-de-imagine-si-conducere-discretionara-dentistii-cer-demiterea-biroului-executiv-al-colegiului-medicilor-stomatologi-din-romania\\\/#primaryimage\"},\"image\":{\"@id\":\"https:\\\/\\\/buletin.de\\\/bucuresti\\\/grave-prejudicii-materiale-si-de-imagine-si-conducere-discretionara-dentistii-cer-demiterea-biroului-executiv-al-colegiului-medicilor-stomatologi-din-romania\\\/#primaryimage\"},\"thumbnailUrl\":\"https:\\\/\\\/buletin.de\\\/bucuresti\\\/wp-content\\\/uploads\\\/yusuf-belek-sZCuJI9es8k-unsplash-scaled.jpg\",\"datePublished\":\"2020-06-26T08:17:42+00:00\",\"dateModified\":\"2020-06-26T08:17:43+00:00\",\"breadcrumb\":{\"@id\":\"https:\\\/\\\/buletin.de\\\/bucuresti\\\/grave-prejudicii-materiale-si-de-imagine-si-conducere-discretionara-dentistii-cer-demiterea-biroului-executiv-al-colegiului-medicilor-stomatologi-din-romania\\\/#breadcrumb\"},\"inLanguage\":\"en-GB\",\"potentialAction\":[{\"@type\":\"ReadAction\",\"target\":[\"https:\\\/\\\/buletin.de\\\/bucuresti\\\/grave-prejudicii-materiale-si-de-imagine-si-conducere-discretionara-dentistii-cer-demiterea-biroului-executiv-al-colegiului-medicilor-stomatologi-din-romania\\\/\"]}]},{\"@type\":\"ImageObject\",\"inLanguage\":\"en-GB\",\"@id\":\"https:\\\/\\\/buletin.de\\\/bucuresti\\\/grave-prejudicii-materiale-si-de-imagine-si-conducere-discretionara-dentistii-cer-demiterea-biroului-executiv-al-colegiului-medicilor-stomatologi-din-romania\\\/#primaryimage\",\"url\":\"https:\\\/\\\/buletin.de\\\/bucuresti\\\/wp-content\\\/uploads\\\/yusuf-belek-sZCuJI9es8k-unsplash-scaled.jpg\",\"contentUrl\":\"https:\\\/\\\/buletin.de\\\/bucuresti\\\/wp-content\\\/uploads\\\/yusuf-belek-sZCuJI9es8k-unsplash-scaled.jpg\",\"width\":2560,\"height\":1707},{\"@type\":\"BreadcrumbList\",\"@id\":\"https:\\\/\\\/buletin.de\\\/bucuresti\\\/grave-prejudicii-materiale-si-de-imagine-si-conducere-discretionara-dentistii-cer-demiterea-biroului-executiv-al-colegiului-medicilor-stomatologi-din-romania\\\/#breadcrumb\",\"itemListElement\":[{\"@type\":\"ListItem\",\"position\":1,\"name\":\"Acas\u0103\",\"item\":\"https:\\\/\\\/buletin.de\\\/bucuresti\\\/\"},{\"@type\":\"ListItem\",\"position\":2,\"name\":\"\u201eGrave prejudicii materiale si de imagine\u201d \u0219i \u201econducere discre\u021bionar\u0103\u201d. Denti\u0219tii cer demiterea biroului executiv al Colegiului Medicilor Stomatologi din Rom\u00e2nia\"}]},{\"@type\":\"WebSite\",\"@id\":\"https:\\\/\\\/buletin.de\\\/bucuresti\\\/#website\",\"url\":\"https:\\\/\\\/buletin.de\\\/bucuresti\\\/\",\"name\":\"Buletin de Bucure\u0219ti\",\"description\":\"\u0218tiri \u0219i investiga\u021bii esen\u021biale din capital\u0103\",\"publisher\":{\"@id\":\"https:\\\/\\\/buletin.de\\\/bucuresti\\\/#organization\"},\"potentialAction\":[{\"@type\":\"SearchAction\",\"target\":{\"@type\":\"EntryPoint\",\"urlTemplate\":\"https:\\\/\\\/buletin.de\\\/bucuresti\\\/?s={search_term_string}\"},\"query-input\":{\"@type\":\"PropertyValueSpecification\",\"valueRequired\":true,\"valueName\":\"search_term_string\"}}],\"inLanguage\":\"en-GB\"},{\"@type\":\"Organization\",\"@id\":\"https:\\\/\\\/buletin.de\\\/bucuresti\\\/#organization\",\"name\":\"Buletin de Bucure\u0219ti\",\"url\":\"https:\\\/\\\/buletin.de\\\/bucuresti\\\/\",\"logo\":{\"@type\":\"ImageObject\",\"inLanguage\":\"en-GB\",\"@id\":\"https:\\\/\\\/buletin.de\\\/bucuresti\\\/#\\\/schema\\\/logo\\\/image\\\/\",\"url\":\"https:\\\/\\\/buletin.de\\\/bucuresti\\\/wp-content\\\/uploads\\\/logo-bdb-full-wide-vernil-transparent.png\",\"contentUrl\":\"https:\\\/\\\/buletin.de\\\/bucuresti\\\/wp-content\\\/uploads\\\/logo-bdb-full-wide-vernil-transparent.png\",\"width\":1782,\"height\":626,\"caption\":\"Buletin de Bucure\u0219ti\"},\"image\":{\"@id\":\"https:\\\/\\\/buletin.de\\\/bucuresti\\\/#\\\/schema\\\/logo\\\/image\\\/\"},\"sameAs\":[\"https:\\\/\\\/www.facebook.com\\\/buletin.de.buc\",\"https:\\\/\\\/www.instagram.com\\\/buletinde.bucuresti\\\/\"]},{\"@type\":\"Person\",\"@id\":\"https:\\\/\\\/buletin.de\\\/bucuresti\\\/#\\\/schema\\\/person\\\/295dc2228d2dc79294d636619468dc7f\",\"name\":\"Bianca Albu\",\"image\":{\"@type\":\"ImageObject\",\"inLanguage\":\"en-GB\",\"@id\":\"https:\\\/\\\/secure.gravatar.com\\\/avatar\\\/3df2e34e20f529e6fd7be4311ee1f7c4ec4aa886971590baf6fa214b15743516?s=96&d=monsterid&r=gf541c715eeec409ce8101252a3c0d8a7\",\"url\":\"https:\\\/\\\/secure.gravatar.com\\\/avatar\\\/3df2e34e20f529e6fd7be4311ee1f7c4ec4aa886971590baf6fa214b15743516?s=96&d=monsterid&r=g\",\"contentUrl\":\"https:\\\/\\\/secure.gravatar.com\\\/avatar\\\/3df2e34e20f529e6fd7be4311ee1f7c4ec4aa886971590baf6fa214b15743516?s=96&d=monsterid&r=g\",\"caption\":\"Bianca Albu\"},\"description\":\"Reporter\",\"url\":\"https:\\\/\\\/buletin.de\\\/bucuresti\\\/author\\\/biancaalbu\\\/\"}]}<\/script>\n<!-- \/ Yoast SEO Premium plugin. -->","yoast_head_json":{"title":"\u201eGrave prejudicii materiale si de imagine\u201d \u0219i \u201econducere discre\u021bionar\u0103\u201d. Denti\u0219tii cer demiterea biroului executiv al Colegiului Medicilor Stomatologi din Rom\u00e2nia - Buletin de Bucure\u0219ti","robots":{"index":"index","follow":"follow","max-snippet":"max-snippet:-1","max-image-preview":"max-image-preview:large","max-video-preview":"max-video-preview:-1"},"canonical":"https:\/\/buletin.de\/bucuresti\/grave-prejudicii-materiale-si-de-imagine-si-conducere-discretionara-dentistii-cer-demiterea-biroului-executiv-al-colegiului-medicilor-stomatologi-din-romania\/","og_locale":"en_GB","og_type":"article","og_title":"\u201eGrave prejudicii materiale si de imagine\u201d \u0219i \u201econducere discre\u021bionar\u0103\u201d. Denti\u0219tii cer demiterea biroului executiv al Colegiului Medicilor Stomatologi din Rom\u00e2nia","og_description":"Mai mul\u021bi stomatologi cer demisia conducerii Colegiului Medicilor Stomatologici din Rom\u00e2nia (CMSR) pentru modul \u00een care a gestionat activitatea de lucru \u00een timpul st\u0103rii de urgen\u021b\u0103. Ace\u0219tia doresc alegeri anticipate \u0219i \u201erevenirea CMSR la menirea lui ini\u021bial\u0103.\u201d Condi\u021bii \u201eaberante\u201d impuse de CMSR Pe 22 martie, cabinetele de medicin\u0103 dentar\u0103 din Rom\u00e2nia au fost obligate s\u0103 [&hellip;]","og_url":"https:\/\/buletin.de\/bucuresti\/grave-prejudicii-materiale-si-de-imagine-si-conducere-discretionara-dentistii-cer-demiterea-biroului-executiv-al-colegiului-medicilor-stomatologi-din-romania\/","og_site_name":"Buletin de Bucure\u0219ti","article_publisher":"https:\/\/www.facebook.com\/buletin.de.buc","article_published_time":"2020-06-26T08:17:42+00:00","article_modified_time":"2020-06-26T08:17:43+00:00","og_image":[{"width":2560,"height":1707,"url":"https:\/\/buletin.de\/bucuresti\/wp-content\/uploads\/yusuf-belek-sZCuJI9es8k-unsplash-scaled.jpg","type":"image\/jpeg"}],"author":"Bianca Albu","twitter_card":"summary_large_image","twitter_misc":{"Written by":"Bianca Albu","Estimated reading time":"3 minutes"},"schema":{"@context":"https:\/\/schema.org","@graph":[{"@type":"Article","@id":"https:\/\/buletin.de\/bucuresti\/grave-prejudicii-materiale-si-de-imagine-si-conducere-discretionara-dentistii-cer-demiterea-biroului-executiv-al-colegiului-medicilor-stomatologi-din-romania\/#article","isPartOf":{"@id":"https:\/\/buletin.de\/bucuresti\/grave-prejudicii-materiale-si-de-imagine-si-conducere-discretionara-dentistii-cer-demiterea-biroului-executiv-al-colegiului-medicilor-stomatologi-din-romania\/"},"author":{"name":"Bianca Albu","@id":"https:\/\/buletin.de\/bucuresti\/#\/schema\/person\/295dc2228d2dc79294d636619468dc7f"},"headline":"\u201eGrave prejudicii materiale si de imagine\u201d \u0219i \u201econducere discre\u021bionar\u0103\u201d. Denti\u0219tii cer demiterea biroului executiv al Colegiului Medicilor Stomatologi din Rom\u00e2nia","datePublished":"2020-06-26T08:17:42+00:00","dateModified":"2020-06-26T08:17:43+00:00","mainEntityOfPage":{"@id":"https:\/\/buletin.de\/bucuresti\/grave-prejudicii-materiale-si-de-imagine-si-conducere-discretionara-dentistii-cer-demiterea-biroului-executiv-al-colegiului-medicilor-stomatologi-din-romania\/"},"wordCount":704,"publisher":{"@id":"https:\/\/buletin.de\/bucuresti\/#organization"},"image":{"@id":"https:\/\/buletin.de\/bucuresti\/grave-prejudicii-materiale-si-de-imagine-si-conducere-discretionara-dentistii-cer-demiterea-biroului-executiv-al-colegiului-medicilor-stomatologi-din-romania\/#primaryimage"},"thumbnailUrl":"https:\/\/buletin.de\/bucuresti\/wp-content\/uploads\/yusuf-belek-sZCuJI9es8k-unsplash-scaled.jpg","keywords":["covid","petitie stomatologi","stomatologie"],"articleSection":["S\u0103n\u0103tate","\u0218tiri"],"inLanguage":"en-GB","copyrightYear":"2020","copyrightHolder":{"@id":"https:\/\/buletin.de\/bucuresti\/#organization"}},{"@type":"WebPage","@id":"https:\/\/buletin.de\/bucuresti\/grave-prejudicii-materiale-si-de-imagine-si-conducere-discretionara-dentistii-cer-demiterea-biroului-executiv-al-colegiului-medicilor-stomatologi-din-romania\/","url":"https:\/\/buletin.de\/bucuresti\/grave-prejudicii-materiale-si-de-imagine-si-conducere-discretionara-dentistii-cer-demiterea-biroului-executiv-al-colegiului-medicilor-stomatologi-din-romania\/","name":"\u201eGrave prejudicii materiale si de imagine\u201d \u0219i \u201econducere discre\u021bionar\u0103\u201d. Denti\u0219tii cer demiterea biroului executiv al Colegiului Medicilor Stomatologi din Rom\u00e2nia - Buletin de Bucure\u0219ti","isPartOf":{"@id":"https:\/\/buletin.de\/bucuresti\/#website"},"primaryImageOfPage":{"@id":"https:\/\/buletin.de\/bucuresti\/grave-prejudicii-materiale-si-de-imagine-si-conducere-discretionara-dentistii-cer-demiterea-biroului-executiv-al-colegiului-medicilor-stomatologi-din-romania\/#primaryimage"},"image":{"@id":"https:\/\/buletin.de\/bucuresti\/grave-prejudicii-materiale-si-de-imagine-si-conducere-discretionara-dentistii-cer-demiterea-biroului-executiv-al-colegiului-medicilor-stomatologi-din-romania\/#primaryimage"},"thumbnailUrl":"https:\/\/buletin.de\/bucuresti\/wp-content\/uploads\/yusuf-belek-sZCuJI9es8k-unsplash-scaled.jpg","datePublished":"2020-06-26T08:17:42+00:00","dateModified":"2020-06-26T08:17:43+00:00","breadcrumb":{"@id":"https:\/\/buletin.de\/bucuresti\/grave-prejudicii-materiale-si-de-imagine-si-conducere-discretionara-dentistii-cer-demiterea-biroului-executiv-al-colegiului-medicilor-stomatologi-din-romania\/#breadcrumb"},"inLanguage":"en-GB","potentialAction":[{"@type":"ReadAction","target":["https:\/\/buletin.de\/bucuresti\/grave-prejudicii-materiale-si-de-imagine-si-conducere-discretionara-dentistii-cer-demiterea-biroului-executiv-al-colegiului-medicilor-stomatologi-din-romania\/"]}]},{"@type":"ImageObject","inLanguage":"en-GB","@id":"https:\/\/buletin.de\/bucuresti\/grave-prejudicii-materiale-si-de-imagine-si-conducere-discretionara-dentistii-cer-demiterea-biroului-executiv-al-colegiului-medicilor-stomatologi-din-romania\/#primaryimage","url":"https:\/\/buletin.de\/bucuresti\/wp-content\/uploads\/yusuf-belek-sZCuJI9es8k-unsplash-scaled.jpg","contentUrl":"https:\/\/buletin.de\/bucuresti\/wp-content\/uploads\/yusuf-belek-sZCuJI9es8k-unsplash-scaled.jpg","width":2560,"height":1707},{"@type":"BreadcrumbList","@id":"https:\/\/buletin.de\/bucuresti\/grave-prejudicii-materiale-si-de-imagine-si-conducere-discretionara-dentistii-cer-demiterea-biroului-executiv-al-colegiului-medicilor-stomatologi-din-romania\/#breadcrumb","itemListElement":[{"@type":"ListItem","position":1,"name":"Acas\u0103","item":"https:\/\/buletin.de\/bucuresti\/"},{"@type":"ListItem","position":2,"name":"\u201eGrave prejudicii materiale si de imagine\u201d \u0219i \u201econducere discre\u021bionar\u0103\u201d. Denti\u0219tii cer demiterea biroului executiv al Colegiului Medicilor Stomatologi din Rom\u00e2nia"}]},{"@type":"WebSite","@id":"https:\/\/buletin.de\/bucuresti\/#website","url":"https:\/\/buletin.de\/bucuresti\/","name":"Buletin de Bucure\u0219ti","description":"\u0218tiri \u0219i investiga\u021bii esen\u021biale din capital\u0103","publisher":{"@id":"https:\/\/buletin.de\/bucuresti\/#organization"},"potentialAction":[{"@type":"SearchAction","target":{"@type":"EntryPoint","urlTemplate":"https:\/\/buletin.de\/bucuresti\/?s={search_term_string}"},"query-input":{"@type":"PropertyValueSpecification","valueRequired":true,"valueName":"search_term_string"}}],"inLanguage":"en-GB"},{"@type":"Organization","@id":"https:\/\/buletin.de\/bucuresti\/#organization","name":"Buletin de Bucure\u0219ti","url":"https:\/\/buletin.de\/bucuresti\/","logo":{"@type":"ImageObject","inLanguage":"en-GB","@id":"https:\/\/buletin.de\/bucuresti\/#\/schema\/logo\/image\/","url":"https:\/\/buletin.de\/bucuresti\/wp-content\/uploads\/logo-bdb-full-wide-vernil-transparent.png","contentUrl":"https:\/\/buletin.de\/bucuresti\/wp-content\/uploads\/logo-bdb-full-wide-vernil-transparent.png","width":1782,"height":626,"caption":"Buletin de Bucure\u0219ti"},"image":{"@id":"https:\/\/buletin.de\/bucuresti\/#\/schema\/logo\/image\/"},"sameAs":["https:\/\/www.facebook.com\/buletin.de.buc","https:\/\/www.instagram.com\/buletinde.bucuresti\/"]},{"@type":"Person","@id":"https:\/\/buletin.de\/bucuresti\/#\/schema\/person\/295dc2228d2dc79294d636619468dc7f","name":"Bianca Albu","image":{"@type":"ImageObject","inLanguage":"en-GB","@id":"https:\/\/secure.gravatar.com\/avatar\/3df2e34e20f529e6fd7be4311ee1f7c4ec4aa886971590baf6fa214b15743516?s=96&d=monsterid&r=gf541c715eeec409ce8101252a3c0d8a7","url":"https:\/\/secure.gravatar.com\/avatar\/3df2e34e20f529e6fd7be4311ee1f7c4ec4aa886971590baf6fa214b15743516?s=96&d=monsterid&r=g","contentUrl":"https:\/\/secure.gravatar.com\/avatar\/3df2e34e20f529e6fd7be4311ee1f7c4ec4aa886971590baf6fa214b15743516?s=96&d=monsterid&r=g","caption":"Bianca Albu"},"description":"Reporter","url":"https:\/\/buletin.de\/bucuresti\/author\/biancaalbu\/"}]}},"authors":[{"term_id":22588,"user_id":6,"is_guest":0,"slug":"biancaalbu","display_name":"Bianca Albu","avatar_url":"https:\/\/secure.gravatar.com\/avatar\/3df2e34e20f529e6fd7be4311ee1f7c4ec4aa886971590baf6fa214b15743516?s=96&d=monsterid&r=g","0":null,"1":"","2":"","3":"","4":"","5":"","6":"","7":"","8":""}],"_links":{"self":[{"href":"https:\/\/buletin.de\/bucuresti\/wp-json\/wp\/v2\/posts\/8619","targetHints":{"allow":["GET"]}}],"collection":[{"href":"https:\/\/buletin.de\/bucuresti\/wp-json\/wp\/v2\/posts"}],"about":[{"href":"https:\/\/buletin.de\/bucuresti\/wp-json\/wp\/v2\/types\/post"}],"author":[{"embeddable":true,"href":"https:\/\/buletin.de\/bucuresti\/wp-json\/wp\/v2\/users\/6"}],"replies":[{"embeddable":true,"href":"https:\/\/buletin.de\/bucuresti\/wp-json\/wp\/v2\/comments?post=8619"}],"version-history":[{"count":2,"href":"https:\/\/buletin.de\/bucuresti\/wp-json\/wp\/v2\/posts\/8619\/revisions"}],"predecessor-version":[{"id":8623,"href":"https:\/\/buletin.de\/bucuresti\/wp-json\/wp\/v2\/posts\/8619\/revisions\/8623"}],"wp:featuredmedia":[{"embeddable":true,"href":"https:\/\/buletin.de\/bucuresti\/wp-json\/wp\/v2\/media\/8622"}],"wp:attachment":[{"href":"https:\/\/buletin.de\/bucuresti\/wp-json\/wp\/v2\/media?parent=8619"}],"wp:term":[{"taxonomy":"category","embeddable":true,"href":"https:\/\/buletin.de\/bucuresti\/wp-json\/wp\/v2\/categories?post=8619"},{"taxonomy":"post_tag","embeddable":true,"href":"https:\/\/buletin.de\/bucuresti\/wp-json\/wp\/v2\/tags?post=8619"},{"taxonomy":"author","embeddable":true,"href":"https:\/\/buletin.de\/bucuresti\/wp-json\/wp\/v2\/ppma_author?post=8619"}],"curies":[{"name":"wp","href":"https:\/\/api.w.org\/{rel}","templated":true}]}}