{"id":86144,"date":"2024-05-23T14:17:55","date_gmt":"2024-05-23T11:17:55","guid":{"rendered":"https:\/\/buletin.de\/bucuresti\/?p=86144"},"modified":"2024-05-23T14:17:56","modified_gmt":"2024-05-23T11:17:56","slug":"stb-modifica-traseele-a-trei-linii-in-weekend","status":"publish","type":"post","link":"https:\/\/buletin.de\/bucuresti\/stb-modifica-traseele-a-trei-linii-in-weekend\/","title":{"rendered":"STB modific\u0103 traseele a trei linii, \u00een weekend"},"content":{"rendered":"\n<p><strong>STB modific\u0103 traseele liniilor 100, 203 \u0219i 205 \u00een perioada 24.05.2024, de la ora 22:00, p\u00e2n\u0103 pe 27.05.2024, la ora 00:06. M\u0103sura este luat\u0103 pentru desf\u0103\u0219urarea evenimentului \u201e<em>Festival du Bonheur &#8211; Pour les Gourmands<\/em>\u201d.<\/strong><\/p>\n\n\n\n<p>Circula\u021bia rutier\u0103 va fi restric\u021bionat\u0103 pe \u0218os.&nbsp;Kiseleff, pe tronsonul cuprins \u00eentre Str. Arh. Ion Mincu \u0219i Pia\u021ba Victoriei.<\/p>\n\n\n\n<p>Traseele autobuzelor\u00a0<strong>100, 203 \u0219i 205<\/strong>\u00a0 se vor modifica dup\u0103 cum urmeaz\u0103:<\/p>\n\n\n\n<p><strong>Linia 100<\/strong>&nbsp;va func\u0163iona (inclusiv \u00een nop\u021bile de 24\/25.05.2024, 25\/26.05.2024 \u0219i 26\/27.05.2024) pe traseul de baz\u0103 \u00eentre terminalul \u201eAeroportul Henri Coand\u0103 Sosiri\u201d \u015fi Pia\u021ba Arcul de Triumf, apoi pe un traseu modificat pe sensul spre \u201ePia\u021ba Unirii 2\u201d, pe Bd.&nbsp;Mare\u0219al Constantin Prezan, Bd. Aviatorilor, Pia\u021ba Victoriei, Bd. Lasc\u0103r Catargiu, Bd.&nbsp;Gheorghe Magheru, Bd. Nicolae B\u01celcescu, Bd. I.C. Br\u0103tianu, Pia\u021ba Unirii. Circula\u021bia autobuzelor pe sensul opus nu va fi modificat\u0103.<\/p>\n\n\n\n<p><strong>Linia 203<\/strong>&nbsp;va func\u0163iona pe traseul de baz\u0103 \u00eentre terminalul \u201eCartier Greenfield\u201d \u015fi Pia\u021ba Arcul de Triumf, apoi pe un traseu modificat pe sensul spre \u201ePia\u021ba Victoriei\u201d, pe Bd.&nbsp;Mare\u0219al Constantin Prezan, Bd. Aviatorilor, Pia\u021ba Victoriei. Circula\u021bia autobuzelor pe sensul opus nu va fi modificat\u0103.<\/p>\n\n\n\n<p><strong>Linia 205<\/strong>&nbsp;va func\u0163iona pe traseul de baz\u0103  \u00eentre terminalul \u201eStr\u0103ule\u0219ti\u201d \u015fi Pia\u021ba Arcul de Triumf, apoi pe un traseu modificat pe sensul spre Pia\u021ba Unirii 2, pe Bd.&nbsp;Mare\u0219al Constantin Prezan, Bd. Aviatorilor, Pia\u021ba Victoriei, Bd. Lasc\u0103r Catargiu, Bd.&nbsp;Gheorghe Magheru, Bd. Nicolae B\u0103lcescu, Bd. I.C. Br\u0103tianu, Str. Halelor, Aleea III, Aleea II, \u201ePia\u021ba Unirii&nbsp;2\u201d. Circula\u021bia autobuzelor pe sensul opus nu va fi modificat\u0103.<\/p>\n\n\n\n<p><strong>CITE\u0218TE \u0218I:<\/strong><\/p>\n\n\n\n<figure class=\"wp-block-embed is-type-wp-embed is-provider-buletin-de-bucure-ti wp-block-embed-buletin-de-bucure-ti\"><div class=\"wp-block-embed__wrapper\">\n<blockquote class=\"wp-embedded-content\" data-secret=\"avSafvOQzZ\"><a href=\"https:\/\/buletin.de\/bucuresti\/doua-linii-stb-isi-modifica-traseele-din-weekend\/\">Dou\u0103 linii STB \u00ee\u0219i modific\u0103 traseele, din weekend<\/a><\/blockquote><iframe class=\"wp-embedded-content\" sandbox=\"allow-scripts\" security=\"restricted\" style=\"position: absolute; clip: rect(1px, 1px, 1px, 1px);\" title=\"&#8220;Dou\u0103 linii STB \u00ee\u0219i modific\u0103 traseele, din weekend&#8221; &#8212; Buletin de Bucure\u0219ti\" src=\"https:\/\/buletin.de\/bucuresti\/doua-linii-stb-isi-modifica-traseele-din-weekend\/embed\/#?secret=lzuj7wzfLC#?secret=avSafvOQzZ\" data-secret=\"avSafvOQzZ\" width=\"600\" height=\"338\" frameborder=\"0\" marginwidth=\"0\" marginheight=\"0\" scrolling=\"no\"><\/iframe>\n<\/div><\/figure>\n","protected":false},"excerpt":{"rendered":"<p>STB modific\u0103 traseele liniilor 100, 203 \u0219i 205 \u00een perioada 24.05.2024, de la ora 22:00, p\u00e2n\u0103 pe 27.05.2024, la ora 00:06. M\u0103sura este luat\u0103 pentru desf\u0103\u0219urarea evenimentului \u201eFestival du Bonheur &#8211; Pour les Gourmands\u201d. Circula\u021bia rutier\u0103 va fi restric\u021bionat\u0103 pe \u0218os.&nbsp;Kiseleff, pe tronsonul cuprins \u00eentre Str. Arh. Ion Mincu \u0219i Pia\u021ba Victoriei. Traseele autobuzelor\u00a0100, 203 [&hellip;]<\/p>\n","protected":false},"author":49,"featured_media":84059,"comment_status":"closed","ping_status":"open","sticky":false,"template":"","format":"standard","meta":{"_acf_changed":false,"inline_featured_image":false,"ngg_post_thumbnail":0,"footnotes":""},"categories":[6994,62,650],"tags":[12148,8140,9996,6626,402],"ppma_author":[22574],"class_list":["post-86144","post","type-post","status-publish","format-standard","has-post-thumbnail","hentry","category-stiri-2","category-stiri","category-transport","tag-festival-du-bonheur-pour-les-gourmands","tag-linia-100","tag-linia-203","tag-linia-205","tag-stb"],"acf":[],"yoast_head":"<!-- This site is optimized with the Yoast SEO Premium plugin v25.3 (Yoast SEO v27.5) - https:\/\/yoast.com\/product\/yoast-seo-premium-wordpress\/ -->\n<title>STB modific\u0103 traseele a trei linii, \u00een weekend - Buletin de Bucure\u0219ti<\/title>\n<meta name=\"robots\" content=\"index, follow, max-snippet:-1, max-image-preview:large, max-video-preview:-1\" \/>\n<link rel=\"canonical\" href=\"https:\/\/buletin.de\/bucuresti\/stb-modifica-traseele-a-trei-linii-in-weekend\/\" \/>\n<meta property=\"og:locale\" content=\"en_GB\" \/>\n<meta property=\"og:type\" content=\"article\" \/>\n<meta property=\"og:title\" content=\"STB modific\u0103 traseele a trei linii, \u00een weekend\" \/>\n<meta property=\"og:description\" content=\"STB modific\u0103 traseele liniilor 100, 203 \u0219i 205 \u00een perioada 24.05.2024, de la ora 22:00, p\u00e2n\u0103 pe 27.05.2024, la ora 00:06. M\u0103sura este luat\u0103 pentru desf\u0103\u0219urarea evenimentului \u201eFestival du Bonheur &#8211; Pour les Gourmands\u201d. Circula\u021bia rutier\u0103 va fi restric\u021bionat\u0103 pe \u0218os.&nbsp;Kiseleff, pe tronsonul cuprins \u00eentre Str. Arh. Ion Mincu \u0219i Pia\u021ba Victoriei. Traseele autobuzelor\u00a0100, 203 [&hellip;]\" \/>\n<meta property=\"og:url\" content=\"https:\/\/buletin.de\/bucuresti\/stb-modifica-traseele-a-trei-linii-in-weekend\/\" \/>\n<meta property=\"og:site_name\" content=\"Buletin de Bucure\u0219ti\" \/>\n<meta property=\"article:publisher\" content=\"https:\/\/www.facebook.com\/buletin.de.buc\" \/>\n<meta property=\"article:published_time\" content=\"2024-05-23T11:17:55+00:00\" \/>\n<meta property=\"article:modified_time\" content=\"2024-05-23T11:17:56+00:00\" \/>\n<meta property=\"og:image\" content=\"https:\/\/buletin.de\/bucuresti\/wp-content\/uploads\/linia-205-900x754.png\" \/>\n\t<meta property=\"og:image:width\" content=\"900\" \/>\n\t<meta property=\"og:image:height\" content=\"754\" \/>\n\t<meta property=\"og:image:type\" content=\"image\/png\" \/>\n<meta name=\"author\" content=\"Diana Matei\" \/>\n<meta name=\"twitter:card\" content=\"summary_large_image\" \/>\n<meta name=\"twitter:label1\" content=\"Written by\" \/>\n\t<meta name=\"twitter:data1\" content=\"Diana Matei\" \/>\n\t<meta name=\"twitter:label2\" content=\"Estimated reading time\" \/>\n\t<meta name=\"twitter:data2\" content=\"2 minutes\" \/>\n<script type=\"application\/ld+json\" class=\"yoast-schema-graph\">{\"@context\":\"https:\\\/\\\/schema.org\",\"@graph\":[{\"@type\":\"Article\",\"@id\":\"https:\\\/\\\/buletin.de\\\/bucuresti\\\/stb-modifica-traseele-a-trei-linii-in-weekend\\\/#article\",\"isPartOf\":{\"@id\":\"https:\\\/\\\/buletin.de\\\/bucuresti\\\/stb-modifica-traseele-a-trei-linii-in-weekend\\\/\"},\"author\":{\"name\":\"Diana Matei\",\"@id\":\"https:\\\/\\\/buletin.de\\\/bucuresti\\\/#\\\/schema\\\/person\\\/7e46040573290777280a0835d81ea4ea\"},\"headline\":\"STB modific\u0103 traseele a trei linii, \u00een weekend\",\"datePublished\":\"2024-05-23T11:17:55+00:00\",\"dateModified\":\"2024-05-23T11:17:56+00:00\",\"mainEntityOfPage\":{\"@id\":\"https:\\\/\\\/buletin.de\\\/bucuresti\\\/stb-modifica-traseele-a-trei-linii-in-weekend\\\/\"},\"wordCount\":290,\"publisher\":{\"@id\":\"https:\\\/\\\/buletin.de\\\/bucuresti\\\/#organization\"},\"image\":{\"@id\":\"https:\\\/\\\/buletin.de\\\/bucuresti\\\/stb-modifica-traseele-a-trei-linii-in-weekend\\\/#primaryimage\"},\"thumbnailUrl\":\"https:\\\/\\\/buletin.de\\\/bucuresti\\\/wp-content\\\/uploads\\\/linia-205.png\",\"keywords\":[\"Festival du Bonheur - Pour les Gourmands\",\"Linia 100\",\"linia 203\",\"linia 205\",\"stb\"],\"articleSection\":[\"Articole\",\"\u0218tiri\",\"Transport\"],\"inLanguage\":\"en-GB\",\"copyrightYear\":\"2024\",\"copyrightHolder\":{\"@id\":\"https:\\\/\\\/buletin.de\\\/bucuresti\\\/#organization\"}},{\"@type\":\"WebPage\",\"@id\":\"https:\\\/\\\/buletin.de\\\/bucuresti\\\/stb-modifica-traseele-a-trei-linii-in-weekend\\\/\",\"url\":\"https:\\\/\\\/buletin.de\\\/bucuresti\\\/stb-modifica-traseele-a-trei-linii-in-weekend\\\/\",\"name\":\"STB modific\u0103 traseele a trei linii, \u00een weekend - Buletin de Bucure\u0219ti\",\"isPartOf\":{\"@id\":\"https:\\\/\\\/buletin.de\\\/bucuresti\\\/#website\"},\"primaryImageOfPage\":{\"@id\":\"https:\\\/\\\/buletin.de\\\/bucuresti\\\/stb-modifica-traseele-a-trei-linii-in-weekend\\\/#primaryimage\"},\"image\":{\"@id\":\"https:\\\/\\\/buletin.de\\\/bucuresti\\\/stb-modifica-traseele-a-trei-linii-in-weekend\\\/#primaryimage\"},\"thumbnailUrl\":\"https:\\\/\\\/buletin.de\\\/bucuresti\\\/wp-content\\\/uploads\\\/linia-205.png\",\"datePublished\":\"2024-05-23T11:17:55+00:00\",\"dateModified\":\"2024-05-23T11:17:56+00:00\",\"breadcrumb\":{\"@id\":\"https:\\\/\\\/buletin.de\\\/bucuresti\\\/stb-modifica-traseele-a-trei-linii-in-weekend\\\/#breadcrumb\"},\"inLanguage\":\"en-GB\",\"potentialAction\":[{\"@type\":\"ReadAction\",\"target\":[\"https:\\\/\\\/buletin.de\\\/bucuresti\\\/stb-modifica-traseele-a-trei-linii-in-weekend\\\/\"]}]},{\"@type\":\"ImageObject\",\"inLanguage\":\"en-GB\",\"@id\":\"https:\\\/\\\/buletin.de\\\/bucuresti\\\/stb-modifica-traseele-a-trei-linii-in-weekend\\\/#primaryimage\",\"url\":\"https:\\\/\\\/buletin.de\\\/bucuresti\\\/wp-content\\\/uploads\\\/linia-205.png\",\"contentUrl\":\"https:\\\/\\\/buletin.de\\\/bucuresti\\\/wp-content\\\/uploads\\\/linia-205.png\",\"width\":2000,\"height\":1676,\"caption\":\"FOTO:TPBI\"},{\"@type\":\"BreadcrumbList\",\"@id\":\"https:\\\/\\\/buletin.de\\\/bucuresti\\\/stb-modifica-traseele-a-trei-linii-in-weekend\\\/#breadcrumb\",\"itemListElement\":[{\"@type\":\"ListItem\",\"position\":1,\"name\":\"Acas\u0103\",\"item\":\"https:\\\/\\\/buletin.de\\\/bucuresti\\\/\"},{\"@type\":\"ListItem\",\"position\":2,\"name\":\"STB modific\u0103 traseele a trei linii, \u00een weekend\"}]},{\"@type\":\"WebSite\",\"@id\":\"https:\\\/\\\/buletin.de\\\/bucuresti\\\/#website\",\"url\":\"https:\\\/\\\/buletin.de\\\/bucuresti\\\/\",\"name\":\"Buletin de Bucure\u0219ti\",\"description\":\"\u0218tiri \u0219i investiga\u021bii esen\u021biale din capital\u0103\",\"publisher\":{\"@id\":\"https:\\\/\\\/buletin.de\\\/bucuresti\\\/#organization\"},\"potentialAction\":[{\"@type\":\"SearchAction\",\"target\":{\"@type\":\"EntryPoint\",\"urlTemplate\":\"https:\\\/\\\/buletin.de\\\/bucuresti\\\/?s={search_term_string}\"},\"query-input\":{\"@type\":\"PropertyValueSpecification\",\"valueRequired\":true,\"valueName\":\"search_term_string\"}}],\"inLanguage\":\"en-GB\"},{\"@type\":\"Organization\",\"@id\":\"https:\\\/\\\/buletin.de\\\/bucuresti\\\/#organization\",\"name\":\"Buletin de Bucure\u0219ti\",\"url\":\"https:\\\/\\\/buletin.de\\\/bucuresti\\\/\",\"logo\":{\"@type\":\"ImageObject\",\"inLanguage\":\"en-GB\",\"@id\":\"https:\\\/\\\/buletin.de\\\/bucuresti\\\/#\\\/schema\\\/logo\\\/image\\\/\",\"url\":\"https:\\\/\\\/buletin.de\\\/bucuresti\\\/wp-content\\\/uploads\\\/logo-bdb-full-wide-vernil-transparent.png\",\"contentUrl\":\"https:\\\/\\\/buletin.de\\\/bucuresti\\\/wp-content\\\/uploads\\\/logo-bdb-full-wide-vernil-transparent.png\",\"width\":1782,\"height\":626,\"caption\":\"Buletin de Bucure\u0219ti\"},\"image\":{\"@id\":\"https:\\\/\\\/buletin.de\\\/bucuresti\\\/#\\\/schema\\\/logo\\\/image\\\/\"},\"sameAs\":[\"https:\\\/\\\/www.facebook.com\\\/buletin.de.buc\",\"https:\\\/\\\/www.instagram.com\\\/buletinde.bucuresti\\\/\"]},{\"@type\":\"Person\",\"@id\":\"https:\\\/\\\/buletin.de\\\/bucuresti\\\/#\\\/schema\\\/person\\\/7e46040573290777280a0835d81ea4ea\",\"name\":\"Diana Matei\",\"image\":{\"@type\":\"ImageObject\",\"inLanguage\":\"en-GB\",\"@id\":\"https:\\\/\\\/buletin.de\\\/bucuresti\\\/wp-content\\\/uploads\\\/9-2-96x96.jpg1e8590b30871d70e62ebcdaf2eff570c\",\"url\":\"https:\\\/\\\/buletin.de\\\/bucuresti\\\/wp-content\\\/uploads\\\/9-2-96x96.jpg\",\"contentUrl\":\"https:\\\/\\\/buletin.de\\\/bucuresti\\\/wp-content\\\/uploads\\\/9-2-96x96.jpg\",\"caption\":\"Diana Matei\"},\"url\":\"https:\\\/\\\/buletin.de\\\/bucuresti\\\/author\\\/dianamatei\\\/\"}]}<\/script>\n<!-- \/ Yoast SEO Premium plugin. -->","yoast_head_json":{"title":"STB modific\u0103 traseele a trei linii, \u00een weekend - Buletin de Bucure\u0219ti","robots":{"index":"index","follow":"follow","max-snippet":"max-snippet:-1","max-image-preview":"max-image-preview:large","max-video-preview":"max-video-preview:-1"},"canonical":"https:\/\/buletin.de\/bucuresti\/stb-modifica-traseele-a-trei-linii-in-weekend\/","og_locale":"en_GB","og_type":"article","og_title":"STB modific\u0103 traseele a trei linii, \u00een weekend","og_description":"STB modific\u0103 traseele liniilor 100, 203 \u0219i 205 \u00een perioada 24.05.2024, de la ora 22:00, p\u00e2n\u0103 pe 27.05.2024, la ora 00:06. M\u0103sura este luat\u0103 pentru desf\u0103\u0219urarea evenimentului \u201eFestival du Bonheur &#8211; Pour les Gourmands\u201d. Circula\u021bia rutier\u0103 va fi restric\u021bionat\u0103 pe \u0218os.&nbsp;Kiseleff, pe tronsonul cuprins \u00eentre Str. Arh. Ion Mincu \u0219i Pia\u021ba Victoriei. Traseele autobuzelor\u00a0100, 203 [&hellip;]","og_url":"https:\/\/buletin.de\/bucuresti\/stb-modifica-traseele-a-trei-linii-in-weekend\/","og_site_name":"Buletin de Bucure\u0219ti","article_publisher":"https:\/\/www.facebook.com\/buletin.de.buc","article_published_time":"2024-05-23T11:17:55+00:00","article_modified_time":"2024-05-23T11:17:56+00:00","og_image":[{"width":900,"height":754,"url":"https:\/\/buletin.de\/bucuresti\/wp-content\/uploads\/linia-205-900x754.png","type":"image\/png"}],"author":"Diana Matei","twitter_card":"summary_large_image","twitter_misc":{"Written by":"Diana Matei","Estimated reading time":"2 minutes"},"schema":{"@context":"https:\/\/schema.org","@graph":[{"@type":"Article","@id":"https:\/\/buletin.de\/bucuresti\/stb-modifica-traseele-a-trei-linii-in-weekend\/#article","isPartOf":{"@id":"https:\/\/buletin.de\/bucuresti\/stb-modifica-traseele-a-trei-linii-in-weekend\/"},"author":{"name":"Diana Matei","@id":"https:\/\/buletin.de\/bucuresti\/#\/schema\/person\/7e46040573290777280a0835d81ea4ea"},"headline":"STB modific\u0103 traseele a trei linii, \u00een weekend","datePublished":"2024-05-23T11:17:55+00:00","dateModified":"2024-05-23T11:17:56+00:00","mainEntityOfPage":{"@id":"https:\/\/buletin.de\/bucuresti\/stb-modifica-traseele-a-trei-linii-in-weekend\/"},"wordCount":290,"publisher":{"@id":"https:\/\/buletin.de\/bucuresti\/#organization"},"image":{"@id":"https:\/\/buletin.de\/bucuresti\/stb-modifica-traseele-a-trei-linii-in-weekend\/#primaryimage"},"thumbnailUrl":"https:\/\/buletin.de\/bucuresti\/wp-content\/uploads\/linia-205.png","keywords":["Festival du Bonheur - Pour les Gourmands","Linia 100","linia 203","linia 205","stb"],"articleSection":["Articole","\u0218tiri","Transport"],"inLanguage":"en-GB","copyrightYear":"2024","copyrightHolder":{"@id":"https:\/\/buletin.de\/bucuresti\/#organization"}},{"@type":"WebPage","@id":"https:\/\/buletin.de\/bucuresti\/stb-modifica-traseele-a-trei-linii-in-weekend\/","url":"https:\/\/buletin.de\/bucuresti\/stb-modifica-traseele-a-trei-linii-in-weekend\/","name":"STB modific\u0103 traseele a trei linii, \u00een weekend - Buletin de Bucure\u0219ti","isPartOf":{"@id":"https:\/\/buletin.de\/bucuresti\/#website"},"primaryImageOfPage":{"@id":"https:\/\/buletin.de\/bucuresti\/stb-modifica-traseele-a-trei-linii-in-weekend\/#primaryimage"},"image":{"@id":"https:\/\/buletin.de\/bucuresti\/stb-modifica-traseele-a-trei-linii-in-weekend\/#primaryimage"},"thumbnailUrl":"https:\/\/buletin.de\/bucuresti\/wp-content\/uploads\/linia-205.png","datePublished":"2024-05-23T11:17:55+00:00","dateModified":"2024-05-23T11:17:56+00:00","breadcrumb":{"@id":"https:\/\/buletin.de\/bucuresti\/stb-modifica-traseele-a-trei-linii-in-weekend\/#breadcrumb"},"inLanguage":"en-GB","potentialAction":[{"@type":"ReadAction","target":["https:\/\/buletin.de\/bucuresti\/stb-modifica-traseele-a-trei-linii-in-weekend\/"]}]},{"@type":"ImageObject","inLanguage":"en-GB","@id":"https:\/\/buletin.de\/bucuresti\/stb-modifica-traseele-a-trei-linii-in-weekend\/#primaryimage","url":"https:\/\/buletin.de\/bucuresti\/wp-content\/uploads\/linia-205.png","contentUrl":"https:\/\/buletin.de\/bucuresti\/wp-content\/uploads\/linia-205.png","width":2000,"height":1676,"caption":"FOTO:TPBI"},{"@type":"BreadcrumbList","@id":"https:\/\/buletin.de\/bucuresti\/stb-modifica-traseele-a-trei-linii-in-weekend\/#breadcrumb","itemListElement":[{"@type":"ListItem","position":1,"name":"Acas\u0103","item":"https:\/\/buletin.de\/bucuresti\/"},{"@type":"ListItem","position":2,"name":"STB modific\u0103 traseele a trei linii, \u00een weekend"}]},{"@type":"WebSite","@id":"https:\/\/buletin.de\/bucuresti\/#website","url":"https:\/\/buletin.de\/bucuresti\/","name":"Buletin de Bucure\u0219ti","description":"\u0218tiri \u0219i investiga\u021bii esen\u021biale din capital\u0103","publisher":{"@id":"https:\/\/buletin.de\/bucuresti\/#organization"},"potentialAction":[{"@type":"SearchAction","target":{"@type":"EntryPoint","urlTemplate":"https:\/\/buletin.de\/bucuresti\/?s={search_term_string}"},"query-input":{"@type":"PropertyValueSpecification","valueRequired":true,"valueName":"search_term_string"}}],"inLanguage":"en-GB"},{"@type":"Organization","@id":"https:\/\/buletin.de\/bucuresti\/#organization","name":"Buletin de Bucure\u0219ti","url":"https:\/\/buletin.de\/bucuresti\/","logo":{"@type":"ImageObject","inLanguage":"en-GB","@id":"https:\/\/buletin.de\/bucuresti\/#\/schema\/logo\/image\/","url":"https:\/\/buletin.de\/bucuresti\/wp-content\/uploads\/logo-bdb-full-wide-vernil-transparent.png","contentUrl":"https:\/\/buletin.de\/bucuresti\/wp-content\/uploads\/logo-bdb-full-wide-vernil-transparent.png","width":1782,"height":626,"caption":"Buletin de Bucure\u0219ti"},"image":{"@id":"https:\/\/buletin.de\/bucuresti\/#\/schema\/logo\/image\/"},"sameAs":["https:\/\/www.facebook.com\/buletin.de.buc","https:\/\/www.instagram.com\/buletinde.bucuresti\/"]},{"@type":"Person","@id":"https:\/\/buletin.de\/bucuresti\/#\/schema\/person\/7e46040573290777280a0835d81ea4ea","name":"Diana Matei","image":{"@type":"ImageObject","inLanguage":"en-GB","@id":"https:\/\/buletin.de\/bucuresti\/wp-content\/uploads\/9-2-96x96.jpg1e8590b30871d70e62ebcdaf2eff570c","url":"https:\/\/buletin.de\/bucuresti\/wp-content\/uploads\/9-2-96x96.jpg","contentUrl":"https:\/\/buletin.de\/bucuresti\/wp-content\/uploads\/9-2-96x96.jpg","caption":"Diana Matei"},"url":"https:\/\/buletin.de\/bucuresti\/author\/dianamatei\/"}]}},"authors":[{"term_id":22574,"user_id":49,"is_guest":0,"slug":"dianamatei","display_name":"Diana Matei","avatar_url":"https:\/\/buletin.de\/bucuresti\/wp-content\/uploads\/9-2-96x96.jpg","0":null,"1":"","2":"","3":"","4":"","5":"","6":"","7":"","8":""}],"_links":{"self":[{"href":"https:\/\/buletin.de\/bucuresti\/wp-json\/wp\/v2\/posts\/86144","targetHints":{"allow":["GET"]}}],"collection":[{"href":"https:\/\/buletin.de\/bucuresti\/wp-json\/wp\/v2\/posts"}],"about":[{"href":"https:\/\/buletin.de\/bucuresti\/wp-json\/wp\/v2\/types\/post"}],"author":[{"embeddable":true,"href":"https:\/\/buletin.de\/bucuresti\/wp-json\/wp\/v2\/users\/49"}],"replies":[{"embeddable":true,"href":"https:\/\/buletin.de\/bucuresti\/wp-json\/wp\/v2\/comments?post=86144"}],"version-history":[{"count":2,"href":"https:\/\/buletin.de\/bucuresti\/wp-json\/wp\/v2\/posts\/86144\/revisions"}],"predecessor-version":[{"id":86154,"href":"https:\/\/buletin.de\/bucuresti\/wp-json\/wp\/v2\/posts\/86144\/revisions\/86154"}],"wp:featuredmedia":[{"embeddable":true,"href":"https:\/\/buletin.de\/bucuresti\/wp-json\/wp\/v2\/media\/84059"}],"wp:attachment":[{"href":"https:\/\/buletin.de\/bucuresti\/wp-json\/wp\/v2\/media?parent=86144"}],"wp:term":[{"taxonomy":"category","embeddable":true,"href":"https:\/\/buletin.de\/bucuresti\/wp-json\/wp\/v2\/categories?post=86144"},{"taxonomy":"post_tag","embeddable":true,"href":"https:\/\/buletin.de\/bucuresti\/wp-json\/wp\/v2\/tags?post=86144"},{"taxonomy":"author","embeddable":true,"href":"https:\/\/buletin.de\/bucuresti\/wp-json\/wp\/v2\/ppma_author?post=86144"}],"curies":[{"name":"wp","href":"https:\/\/api.w.org\/{rel}","templated":true}]}}