{"id":86143,"date":"2024-05-23T14:30:02","date_gmt":"2024-05-23T11:30:02","guid":{"rendered":"https:\/\/buletin.de\/bucuresti\/?p=86143"},"modified":"2024-05-23T14:30:02","modified_gmt":"2024-05-23T11:30:02","slug":"reportaj-occupy-psihologia-tabara-studentilor-care-s-au-alaturat-curentului-global-pro-palestinian","status":"publish","type":"post","link":"https:\/\/buletin.de\/bucuresti\/reportaj-occupy-psihologia-tabara-studentilor-care-s-au-alaturat-curentului-global-pro-palestinian\/","title":{"rendered":"REPORTAJ | \u201eOccupy Psihologia\u201d. Tab\u0103ra studen\u0163ilor care s-au al\u0103turat curentului global pro-palestinian"},"content":{"rendered":"\n<p><strong>Pe modelul protestelor din universit\u0103\u0163i din Europa ori de peste Ocean, c\u00e2teva zeci de studen\u0163i din Bucure\u015fti \u015fi-au organizat o veritabil\u0103 tab\u0103r\u0103 \u00een curtea Facult\u0103\u0163ii de Psihologie din cadrul Universit\u0103\u0163ii Bucure\u015fti. O mi\u015fcare antigenocid, spun ei, de solidarizare cu victimele nevinovate din F\u00e2\u015fia Gaza. <\/strong><\/p>\n\n\n\n<p>\u00cenc\u0103 de luni, cele c\u00e2teva zeci de tineri protestatari \u015fi-au ridicat primele corturi \u015fi \u015fi-au a\u015fternut p\u0103turi \u015fi izoprene pe iarba din curtea facult\u0103\u0163ii. Tab\u0103ra le e str\u0103juit\u0103 de pancarte, ei sunt solda\u0163i ai crezului lor, iar c\u0103r\u0163ile \u015fi telefoanele arme. Au \u015fi provizii &#8211; tot felul de m\u00e2ncare str\u00e2ns\u0103 laolalt\u0103, ca-n camera de c\u0103min. \u00cens\u0103, nimic violent, nimic agresiv, nici \u00een comportamentul, nici \u00een discursul lor. Dimpotriv\u0103 &#8211; au un mesaj pacifist, a\u015fa cum o spun chiar ei. <\/p>\n\n\n\n<blockquote class=\"wp-block-quote is-layout-flow wp-block-quote-is-layout-flow\">\n<p class=\"has-medium-font-size\"><strong>Mi\u0219carea noastr\u0103 este complet incluziv\u0103 \u0219i respinge discriminarea. Nu vom tolera antisemitismul, islamofobia, xenofobia, homofobia sau orice alt tip de discriminare! (&#8230;) Critica noastr\u0103 nu este \u00eendreptat\u0103 c\u0103tre poporul evreu, ci c\u0103tre statul israelian \u0219i c\u0103tre reprezentan\u021bii acestuia<\/strong>.<\/p>\n<cite>mesaj de pe grupul lor de telegram<\/cite><\/blockquote>\n\n\n\n<p>Bucure\u015ftiul p\u00e2lp\u00e2ie \u015fi el acum pe harta protestelor globale. Numai \u00een ultima lun\u0103 au fost astfel de ac\u0163iuni \u00een  Amsterdam, Seattle, New York, Los Angeles, Montreal, Sao Paolo, Londra, Madrid, Sydney \u0219i altele, conform Reuters.&nbsp;<\/p>\n\n\n\n<p>Protestatarii din Bucure\u0219ti \u0219i-au stabilit tab\u0103ra \u00een curtea Facult\u0103\u021bii de Psihologie, l\u00e2ng\u0103 gardul Administra\u021biei Preziden\u021biale, iar dup\u0103 trei zile de protest pa\u0219nic, num\u0103rul corturilor s-a triplat. Ei se organizeaz\u0103 pe un grup de Telegram, unde au comunicat \u0219i revendic\u0103rile lor. Cer o \u00eencetare imediat\u0103 \u015fi permanent\u0103 a conflictului din F\u00e2\u0219ia Gaza \u0219i ca universit\u0103\u021bile s\u0103 \u00eentrerup\u0103 orice parteneriat cu companiile israeliene.<\/p>\n\n\n\n<p>\u201eLegat de revendic\u0103ri, vom porni de la ruperea parteneriatului UNIBUC &#8211; TECHNION Israel\u201d, se arat\u0103 \u00een mesajul organizatorilor.&nbsp;&nbsp;<\/p>\n\n\n\n<p>\u201eCerem deplin\u0103 transparen\u021b\u0103 din partea universit\u0103\u021bii. Este voin\u021ba \u0219i datoria noastr\u0103 moral\u0103 ca, indiferent de parteneriatele bilaterale sau nu, s\u0103 fim solidari cu poporul palestinian \u0219i cu lupta studen\u021bilor din \u00eentreaga lume\u201d, au mai ad\u0103ugat ulterior pe canalul de Telegram.&nbsp;<\/p>\n\n\n\n<h2 class=\"wp-block-heading\"><strong>Cum arat\u0103 tab\u0103ra, din mijlocul oamenilor<\/strong><\/h2>\n\n\n\n<p>Reporterii Buletin de Bucure\u0219ti au vorbit cu organizatorii pentru a afla cum se organizeaz\u0103 grupul de studen\u021bi \u0219i ce activit\u0103\u021bi au pe parcursul \u0219ederii \u00een tab\u0103r\u0103.&nbsp;<\/p>\n\n\n\n<p>\u201eNe-am \u00eent\u00e2lnit pe canalul de Telegram, acolo am aflat mai multe informa\u021bii \u0219i ne-am unit. Ne-am \u00eemp\u0103r\u021bit <em>task-urile<\/em> \u00eentre noi \u0219i ne organiz\u0103m pur \u0219i simplu ca un grup informal. \u00cemp\u0103r\u021bim fiec\u0103ruia dintre ei c\u00e2te o nou\u0103 responsabilitate, astfel \u00eenc\u00e2t to\u021bi s\u0103 fim pe pozi\u021bii de egalitate \u0219i nimeni s\u0103 nu fac\u0103 mai multe dec\u00e2t cel\u0103lalt\u201d, ne-a comunicat unul dintre organizatori.&nbsp;&nbsp;<\/p>\n\n\n\n<p>Tinerii c\u00e2nt\u0103, r\u00e2d, citesc, au jocuri \u0219i confec\u021bioneaz\u0103 pancartele de protest. \u00cen cea mai mare parte a timpului, este lini\u0219te \u00een tab\u0103r\u0103. Din c\u00e2nd \u00een c\u00e2nd mai trec p\u00e2lcuri de studen\u0163i ori profesori, cu treab\u0103 sau ie\u015fi\u0163i la o scurt\u0103 plimbare.&nbsp;<\/p>\n\n\n\n<figure class=\"wp-block-image size-large\"><img fetchpriority=\"high\" decoding=\"async\" width=\"900\" height=\"675\" src=\"data:image\/gif;base64,R0lGODlhAQABAAAAACH5BAEKAAEALAAAAAABAAEAAAICTAEAOw==\" data-src=\"https:\/\/buletin.de\/bucuresti\/wp-content\/uploads\/image00001-2-900x675.jpeg\" alt=\"\" class=\"wp-image-86155 lazyload\" data-sizes=\"auto\" data-srcset=\"https:\/\/buletin.de\/bucuresti\/wp-content\/uploads\/image00001-2-900x675.jpeg 900w, https:\/\/buletin.de\/bucuresti\/wp-content\/uploads\/image00001-2-300x225.jpeg 300w, https:\/\/buletin.de\/bucuresti\/wp-content\/uploads\/image00001-2-768x576.jpeg 768w, https:\/\/buletin.de\/bucuresti\/wp-content\/uploads\/image00001-2-1536x1152.jpeg 1536w, https:\/\/buletin.de\/bucuresti\/wp-content\/uploads\/image00001-2-1600x1200.jpeg 1600w, https:\/\/buletin.de\/bucuresti\/wp-content\/uploads\/image00001-2-1100x825.jpeg 1100w, https:\/\/buletin.de\/bucuresti\/wp-content\/uploads\/image00001-2-600x450.jpeg 600w, https:\/\/buletin.de\/bucuresti\/wp-content\/uploads\/image00001-2-20x15.jpeg 20w, https:\/\/buletin.de\/bucuresti\/wp-content\/uploads\/image00001-2.jpeg 2000w\" sizes=\"(max-width: 900px) 100vw, 900px\" \/><figcaption class=\"wp-element-caption\">foto: Ana Anghel-Dimache<\/figcaption><\/figure>\n\n\n\n<p>\u201eAtmosfera e una destul de calm\u0103, lini\u0219tit\u0103. Urmeaz\u0103 s\u0103 avem o \u0219edin\u021b\u0103 comunitar\u0103. Lumea abia a m\u00e2ncat. Ne juc\u0103m, vorbim, socializ\u0103m, e ok, e relaxat\u201d, a spus persoana desemnat\u0103 s\u0103 comunice cu presa.&nbsp;<\/p>\n\n\n\n<p>Pe l\u00e2ng\u0103 corturi, \u0219i-au stabilit o zon\u0103 distinct\u0103 \u00een care s\u0103 depoziteze m\u00e2ncarea pe care o aduc ei, dar \u0219i al\u021bi oameni care au auzit despre cauz\u0103 \u0219i vin doar s\u0103 lase cele necesare. De asemenea, au o mic\u0103 bibliotec\u0103 la care contribuie to\u021bi cei interesa\u021bi, chiar \u0219i din exteriorul taberei.<\/p>\n\n\n\n<p>Evident, pe un a\u015fa subiect divizant, p\u0103rerile trec\u0103torilor sunt \u00eemp\u0103r\u0163ite. Unii se uit\u0103 refractar, al\u0163ii cu timidate, al\u0163ii vin \u015fi \u00eentreab\u0103 curio\u015fi ce se \u00eent\u00e2mpl\u0103 \u00een curtea facult\u0103\u0163ii lor.&nbsp;<\/p>\n\n\n\n<p>\u201eChiar au venit la noi \u0219i ast\u0103zi mai multe grupuri de studen\u021bi, au vrut s\u0103 dialogheze cu noi, le-am ar\u0103tat tab\u0103ra, am f\u0103cut un mic tur, le-am explicat ce se \u00eent\u00e2mpl\u0103, apoi i-am \u00eentrebat dac\u0103 vor s\u0103 participe la ceea ce facem noi \u0219i chiar au r\u0103mas\u201d, a mai spus organizatorul.<\/p>\n\n\n\n<figure class=\"wp-block-image size-large\"><img decoding=\"async\" width=\"900\" height=\"675\" src=\"data:image\/gif;base64,R0lGODlhAQABAAAAACH5BAEKAAEALAAAAAABAAEAAAICTAEAOw==\" data-src=\"https:\/\/buletin.de\/bucuresti\/wp-content\/uploads\/image00004-4-900x675.jpeg\" alt=\"\" class=\"wp-image-86158 lazyload\" data-sizes=\"auto\" data-srcset=\"https:\/\/buletin.de\/bucuresti\/wp-content\/uploads\/image00004-4-900x675.jpeg 900w, https:\/\/buletin.de\/bucuresti\/wp-content\/uploads\/image00004-4-300x225.jpeg 300w, https:\/\/buletin.de\/bucuresti\/wp-content\/uploads\/image00004-4-768x576.jpeg 768w, https:\/\/buletin.de\/bucuresti\/wp-content\/uploads\/image00004-4-1536x1152.jpeg 1536w, https:\/\/buletin.de\/bucuresti\/wp-content\/uploads\/image00004-4-1600x1200.jpeg 1600w, https:\/\/buletin.de\/bucuresti\/wp-content\/uploads\/image00004-4-1100x825.jpeg 1100w, https:\/\/buletin.de\/bucuresti\/wp-content\/uploads\/image00004-4-600x450.jpeg 600w, https:\/\/buletin.de\/bucuresti\/wp-content\/uploads\/image00004-4-20x15.jpeg 20w, https:\/\/buletin.de\/bucuresti\/wp-content\/uploads\/image00004-4.jpeg 2000w\" sizes=\"(max-width: 900px) 100vw, 900px\" \/><figcaption class=\"wp-element-caption\">foto: Ana Anghel-Dimache<\/figcaption><\/figure>\n\n\n\n<h2 class=\"wp-block-heading\"><strong>Prima noapte \u00een tab\u0103r\u0103<\/strong><\/h2>\n\n\n\n<p>Organizatorii au povestit cum a ar\u0103tat prima noapte pentru ei \u0219i restul studen\u021bilor care au dormit luni \u00een curtea rectoratului.&nbsp;<\/p>\n\n\n\n<p>\u201ePaznicii la un moment dat s-au culcat \u0219i a\u0219a c\u0103 intr\u0103rile nu erau p\u0103zite. Ne-am hot\u0103r\u00e2t s\u0103 avem ture de noapte \u0219i s\u0103 stea cel pu\u021bin dou\u0103-patru persoane pe tur\u0103 \u0219i s\u0103 fie responsabili, s\u0103 aib\u0103 grij\u0103 dac\u0103 vine cineva sau s\u0103 ne anun\u021be. Dar \u00een prima noapte toat\u0103 lumea a fost at\u00e2t de entuziasmat\u0103 \u00eenc\u00e2t din 20-30 cred c\u0103 10-15 persoane am stat treze pentru c\u0103 eram pur \u0219i simplu \u00eenc\u00e2nta\u021bi c\u0103 am reu\u0219it s\u0103 aducem chestia asta \u00een realitate \u0219i c\u0103 nu a r\u0103mas doar la planul de idee \u0219i chiar a luat na\u0219tere \u00eentr-un mod foarte frumos\u201d.<\/p>\n\n\n\n<p>Ei se arat\u0103 \u00eencrez\u0103tori c\u0103 restul zilelor vor decurge la fel de pa\u0219nic \u0219i f\u0103r\u0103 evenimente nepl\u0103cute sau care s\u0103 le pun\u0103 siguran\u021ba \u00een pericol.<\/p>\n\n\n\n<h2 class=\"wp-block-heading\"><strong>Vizitatorii din tab\u0103ra mi\u0219c\u0103rii pro-Palestina&nbsp;<\/strong><\/h2>\n\n\n\n<p>Studen\u021bii au fost anun\u021ba\u021bi c\u0103 rectorul Universit\u0103\u021bii, \u00eenso\u021bit de poli\u021bie, va veni s\u0103 discute \u0219i s\u0103 negocieze cu ei \u00een prima sear\u0103. Rectorul nu a mai venit, \u00een schimb au venit s\u0103 \u00eei ia la \u00eentreb\u0103ri Poli\u0163ia \u015fi Jandarmeria.&nbsp;<\/p>\n\n\n\n<p>De asemenea, candidatul la Prim\u0103ria Capitalei din partea AUR, Mihai Enache, a dat buzna \u00een tab\u0103ra studen\u021bilor, a f\u0103cut c\u00e2teva poze, le-a mutat bannerele \u0219i a f\u0103cut o filmare de pe statuia Anei Davila, conform unor protestatari care au asistat la scen\u0103. \u00centrebat de protestatarii care se temeau c\u0103 acesta le va confisca electoral protestul, a r\u0103spuns evaziv \u015fi, la scurt\u0103 vreme, s-a f\u0103cut nev\u0103zut. <\/p>\n\n\n\n<p>\u201eNe a\u0219tept\u0103m \u00een continuare la situa\u021bii din acestea, \u00een care persoane care pot s\u0103 vin\u0103 s\u0103 fac\u0103 contramanifesta\u021bii \u0219i suntem preg\u0103ti\u021bi pentru asta. Am discutat \u0219i discut\u0103m \u00een continuare cu persoanele noi care vin la noi \u00een tab\u0103r\u0103, astfel \u00eenc\u00e2t s\u0103 ne putem proteja \u0219i s\u0103 ne oferim o siguran\u021b\u0103 de care avem nevoie \u0219i s\u0103 ne baz\u0103m unul pe altul\u201d, a ad\u0103ugat organizatorul dup\u0103 vizita politicianului.<\/p>\n\n\n\n<p>Dup\u0103 acest episod, organizatorii au transmis c\u0103 se delimiteaz\u0103 de orice asociere cu candidatul AUR \u0219i ideologia partidului.&nbsp;<\/p>\n\n\n\n<h2 class=\"wp-block-heading\"><strong>Ploaia din Capital\u0103 nu a descurajat studen\u021bii<\/strong><\/h2>\n\n\n\n<p>Miercuri diminea\u021b\u0103, oamenii care dormeau \u00een corturile din curtea Rectoratului au fost lua\u021bi prin surprindere de ploaie.&nbsp;<\/p>\n\n\n\n<p>\u201eAbia ne-am trezit \u0219i erau toate lucrurile ude, flea\u0219c\u0103, flea\u0219c\u0103 \u0219i eram \u0219ase oameni afar\u0103 care alergam s\u0103 ne coco\u021b\u0103m \u00een copaci s\u0103 prindem prelat\u0103 (&#8230;) P\u00e2n\u0103 la urm\u0103 a fost ok, a fost un pic mai dificil, dar ploaia n-o s\u0103 ne \u00eempiedice sau s\u0103 ne opreasc\u0103 \u00een niciun caz\u201d, ne-a asigurat unul dintre organizatori.&nbsp;<\/p>\n\n\n\n<p>Studen\u021bii au f\u0103cut o postare pe Instagram \u00een care anun\u021b\u0103 c\u0103 au nevoie de materiale impermeabile, pelerine, umbrele \u0219i corturi. La scurt timp dup\u0103 anun\u021b, mai mul\u021bi oameni au venit s\u0103 doneze materialele necesare.&nbsp;<\/p>\n\n\n\n<p>\u201eAm fost foarte \u00eenc\u00e2nta\u021bi \u0219i nu ne a\u0219teptam c\u0103 oameni care pur \u0219i simplu ne urm\u0103resc pe pagina de Instagram au venit s\u0103 ne ofere aceast\u0103 sus\u021binere. Suntem foarte recunosc\u0103tori\u201d, ne-a spus persoana care a comunicat cu reporterii.&nbsp;&nbsp;<\/p>\n\n\n\n<h2 class=\"wp-block-heading\"><strong>\u00cent\u00e2lnirile comunitare \u0219i organizarea pe viitor<\/strong><\/h2>\n\n\n\n<p>\u00cen fiecare zi, protestatarii se str\u00e2ng to\u021bi pe p\u0103turi \u00een zona central\u0103 a taberei pentru a \u00eemp\u0103rt\u0103\u0219i impresii \u0219i pentru a pl\u0103nui activit\u0103\u021bi \u0219i alte aspecte organizatorice. To\u021bi din tab\u0103r\u0103 iau parte la \u00eent\u00e2lnire, propun sugestii pentru o structur\u0103 mai bun\u0103 a sistemului lor, apoi voteaz\u0103.&nbsp;<\/p>\n\n\n\n<figure class=\"wp-block-image size-large\"><img decoding=\"async\" width=\"900\" height=\"675\" src=\"data:image\/gif;base64,R0lGODlhAQABAAAAACH5BAEKAAEALAAAAAABAAEAAAICTAEAOw==\" data-src=\"https:\/\/buletin.de\/bucuresti\/wp-content\/uploads\/WhatsApp-Image-2024-05-23-at-14.25.42-900x675.jpeg\" alt=\"\" class=\"wp-image-86161 lazyload\" data-sizes=\"auto\" data-srcset=\"https:\/\/buletin.de\/bucuresti\/wp-content\/uploads\/WhatsApp-Image-2024-05-23-at-14.25.42-900x675.jpeg 900w, https:\/\/buletin.de\/bucuresti\/wp-content\/uploads\/WhatsApp-Image-2024-05-23-at-14.25.42-300x225.jpeg 300w, https:\/\/buletin.de\/bucuresti\/wp-content\/uploads\/WhatsApp-Image-2024-05-23-at-14.25.42-768x576.jpeg 768w, https:\/\/buletin.de\/bucuresti\/wp-content\/uploads\/WhatsApp-Image-2024-05-23-at-14.25.42-1536x1152.jpeg 1536w, https:\/\/buletin.de\/bucuresti\/wp-content\/uploads\/WhatsApp-Image-2024-05-23-at-14.25.42-1100x825.jpeg 1100w, https:\/\/buletin.de\/bucuresti\/wp-content\/uploads\/WhatsApp-Image-2024-05-23-at-14.25.42-600x450.jpeg 600w, https:\/\/buletin.de\/bucuresti\/wp-content\/uploads\/WhatsApp-Image-2024-05-23-at-14.25.42-20x15.jpeg 20w, https:\/\/buletin.de\/bucuresti\/wp-content\/uploads\/WhatsApp-Image-2024-05-23-at-14.25.42.jpeg 1600w\" sizes=\"(max-width: 900px) 100vw, 900px\" \/><figcaption class=\"wp-element-caption\">foto: Ana Anghel-Dimache<\/figcaption><\/figure>\n\n\n\n<p>\u00cen final, organizatorii aspir\u0103 ca tab\u0103ra s\u0103 fie din ce \u00een ce mai numeroas\u0103 pentru a face c\u00e2t mai vizibil mesajul lor.&nbsp;&nbsp;<\/p>\n\n\n\n<p>\u201eAbia a\u0219tept\u0103m s\u0103 ne m\u0103rim comunitatea. Suntem ni\u0219te persoane care sunt deschise c\u0103tre un dialog, c\u0103tre discu\u021bii, c\u0103tre a purta argumente. Dac\u0103 sunt \u00eentreb\u0103ri, vrem s\u0103 le r\u0103spundem. (&#8230;) Suntem o comunitate care vrea s\u0103 \u00ee\u0219i iubeasc\u0103 membrii, s\u0103 cre\u0103m o conexiune mai departe. (&#8230;) \u0218i vrem ceva de lung\u0103 durat\u0103, ceva pentru care s\u0103 lupt\u0103m \u00eempreun\u0103 p\u00e2n\u0103 revendic\u0103rile noastre sunt \u00eemplinite\u201d, a \u00eencheiat unul dintre organizatori.&nbsp;<\/p>\n\n\n\n<p><\/p>\n","protected":false},"excerpt":{"rendered":"<p>Pe modelul protestelor din universit\u0103\u0163i din Europa ori de peste Ocean, c\u00e2teva zeci de studen\u0163i din Bucure\u015fti \u015fi-au organizat o veritabil\u0103 tab\u0103r\u0103 \u00een curtea Facult\u0103\u0163ii de Psihologie din cadrul Universit\u0103\u0163ii Bucure\u015fti. O mi\u015fcare antigenocid, spun ei, de solidarizare cu victimele nevinovate din F\u00e2\u015fia Gaza. \u00cenc\u0103 de luni, cele c\u00e2teva zeci de tineri protestatari \u015fi-au ridicat [&hellip;]<\/p>\n","protected":false},"author":58,"featured_media":86157,"comment_status":"closed","ping_status":"open","sticky":false,"template":"","format":"standard","meta":{"_acf_changed":false,"inline_featured_image":false,"ngg_post_thumbnail":0,"footnotes":""},"categories":[6994,5762,169],"tags":[12155,12152,12153,12154],"ppma_author":[22581],"class_list":["post-86143","post","type-post","status-publish","format-standard","has-post-thumbnail","hentry","category-stiri-2","category-main","category-reportaj","tag-occupy-psihologia","tag-protest-pro-palestina","tag-studenti-curte-psihologie","tag-studenti-ub-protest"],"acf":[],"yoast_head":"<!-- This site is optimized with the Yoast SEO Premium plugin v25.3 (Yoast SEO v27.5) - https:\/\/yoast.com\/product\/yoast-seo-premium-wordpress\/ -->\n<title>REPORTAJ | \u201eOccupy Psihologia\u201d. Tab\u0103ra studen\u0163ilor care s-au al\u0103turat curentului global pro-palestinian - Buletin de Bucure\u0219ti<\/title>\n<meta name=\"robots\" content=\"index, follow, max-snippet:-1, max-image-preview:large, max-video-preview:-1\" \/>\n<link rel=\"canonical\" href=\"https:\/\/buletin.de\/bucuresti\/reportaj-occupy-psihologia-tabara-studentilor-care-s-au-alaturat-curentului-global-pro-palestinian\/\" \/>\n<meta property=\"og:locale\" content=\"en_GB\" \/>\n<meta property=\"og:type\" content=\"article\" \/>\n<meta property=\"og:title\" content=\"REPORTAJ | \u201eOccupy Psihologia\u201d. Tab\u0103ra studen\u0163ilor care s-au al\u0103turat curentului global pro-palestinian\" \/>\n<meta property=\"og:description\" content=\"Pe modelul protestelor din universit\u0103\u0163i din Europa ori de peste Ocean, c\u00e2teva zeci de studen\u0163i din Bucure\u015fti \u015fi-au organizat o veritabil\u0103 tab\u0103r\u0103 \u00een curtea Facult\u0103\u0163ii de Psihologie din cadrul Universit\u0103\u0163ii Bucure\u015fti. O mi\u015fcare antigenocid, spun ei, de solidarizare cu victimele nevinovate din F\u00e2\u015fia Gaza. \u00cenc\u0103 de luni, cele c\u00e2teva zeci de tineri protestatari \u015fi-au ridicat [&hellip;]\" \/>\n<meta property=\"og:url\" content=\"https:\/\/buletin.de\/bucuresti\/reportaj-occupy-psihologia-tabara-studentilor-care-s-au-alaturat-curentului-global-pro-palestinian\/\" \/>\n<meta property=\"og:site_name\" content=\"Buletin de Bucure\u0219ti\" \/>\n<meta property=\"article:publisher\" content=\"https:\/\/www.facebook.com\/buletin.de.buc\" \/>\n<meta property=\"article:published_time\" content=\"2024-05-23T11:30:02+00:00\" \/>\n<meta property=\"og:image\" content=\"https:\/\/buletin.de\/bucuresti\/wp-content\/uploads\/image00003-6.jpeg\" \/>\n\t<meta property=\"og:image:width\" content=\"2000\" \/>\n\t<meta property=\"og:image:height\" content=\"1500\" \/>\n\t<meta property=\"og:image:type\" content=\"image\/jpeg\" \/>\n<meta name=\"author\" content=\"Ana Anghel-Dimache\" \/>\n<meta name=\"twitter:card\" content=\"summary_large_image\" \/>\n<meta name=\"twitter:label1\" content=\"Written by\" \/>\n\t<meta name=\"twitter:data1\" content=\"Ana Anghel-Dimache\" \/>\n\t<meta name=\"twitter:label2\" content=\"Estimated reading time\" \/>\n\t<meta name=\"twitter:data2\" content=\"7 minutes\" \/>\n<script type=\"application\/ld+json\" class=\"yoast-schema-graph\">{\"@context\":\"https:\\\/\\\/schema.org\",\"@graph\":[{\"@type\":\"Article\",\"@id\":\"https:\\\/\\\/buletin.de\\\/bucuresti\\\/reportaj-occupy-psihologia-tabara-studentilor-care-s-au-alaturat-curentului-global-pro-palestinian\\\/#article\",\"isPartOf\":{\"@id\":\"https:\\\/\\\/buletin.de\\\/bucuresti\\\/reportaj-occupy-psihologia-tabara-studentilor-care-s-au-alaturat-curentului-global-pro-palestinian\\\/\"},\"author\":{\"name\":\"Ana Anghel-Dimache\",\"@id\":\"https:\\\/\\\/buletin.de\\\/bucuresti\\\/#\\\/schema\\\/person\\\/359459245996e200ed7c807f71f0551a\"},\"headline\":\"REPORTAJ | \u201eOccupy Psihologia\u201d. Tab\u0103ra studen\u0163ilor care s-au al\u0103turat curentului global pro-palestinian\",\"datePublished\":\"2024-05-23T11:30:02+00:00\",\"mainEntityOfPage\":{\"@id\":\"https:\\\/\\\/buletin.de\\\/bucuresti\\\/reportaj-occupy-psihologia-tabara-studentilor-care-s-au-alaturat-curentului-global-pro-palestinian\\\/\"},\"wordCount\":1498,\"publisher\":{\"@id\":\"https:\\\/\\\/buletin.de\\\/bucuresti\\\/#organization\"},\"image\":{\"@id\":\"https:\\\/\\\/buletin.de\\\/bucuresti\\\/reportaj-occupy-psihologia-tabara-studentilor-care-s-au-alaturat-curentului-global-pro-palestinian\\\/#primaryimage\"},\"thumbnailUrl\":\"https:\\\/\\\/buletin.de\\\/bucuresti\\\/wp-content\\\/uploads\\\/image00003-6.jpeg\",\"keywords\":[\"occupy psihologia\",\"protest pro-palestina\",\"studenti curte psihologie\",\"studenti ub protest\"],\"articleSection\":[\"Articole\",\"Main\",\"Reportaj\"],\"inLanguage\":\"en-GB\",\"copyrightYear\":\"2024\",\"copyrightHolder\":{\"@id\":\"https:\\\/\\\/buletin.de\\\/bucuresti\\\/#organization\"}},{\"@type\":\"WebPage\",\"@id\":\"https:\\\/\\\/buletin.de\\\/bucuresti\\\/reportaj-occupy-psihologia-tabara-studentilor-care-s-au-alaturat-curentului-global-pro-palestinian\\\/\",\"url\":\"https:\\\/\\\/buletin.de\\\/bucuresti\\\/reportaj-occupy-psihologia-tabara-studentilor-care-s-au-alaturat-curentului-global-pro-palestinian\\\/\",\"name\":\"REPORTAJ | \u201eOccupy Psihologia\u201d. Tab\u0103ra studen\u0163ilor care s-au al\u0103turat curentului global pro-palestinian - Buletin de Bucure\u0219ti\",\"isPartOf\":{\"@id\":\"https:\\\/\\\/buletin.de\\\/bucuresti\\\/#website\"},\"primaryImageOfPage\":{\"@id\":\"https:\\\/\\\/buletin.de\\\/bucuresti\\\/reportaj-occupy-psihologia-tabara-studentilor-care-s-au-alaturat-curentului-global-pro-palestinian\\\/#primaryimage\"},\"image\":{\"@id\":\"https:\\\/\\\/buletin.de\\\/bucuresti\\\/reportaj-occupy-psihologia-tabara-studentilor-care-s-au-alaturat-curentului-global-pro-palestinian\\\/#primaryimage\"},\"thumbnailUrl\":\"https:\\\/\\\/buletin.de\\\/bucuresti\\\/wp-content\\\/uploads\\\/image00003-6.jpeg\",\"datePublished\":\"2024-05-23T11:30:02+00:00\",\"breadcrumb\":{\"@id\":\"https:\\\/\\\/buletin.de\\\/bucuresti\\\/reportaj-occupy-psihologia-tabara-studentilor-care-s-au-alaturat-curentului-global-pro-palestinian\\\/#breadcrumb\"},\"inLanguage\":\"en-GB\",\"potentialAction\":[{\"@type\":\"ReadAction\",\"target\":[\"https:\\\/\\\/buletin.de\\\/bucuresti\\\/reportaj-occupy-psihologia-tabara-studentilor-care-s-au-alaturat-curentului-global-pro-palestinian\\\/\"]}]},{\"@type\":\"ImageObject\",\"inLanguage\":\"en-GB\",\"@id\":\"https:\\\/\\\/buletin.de\\\/bucuresti\\\/reportaj-occupy-psihologia-tabara-studentilor-care-s-au-alaturat-curentului-global-pro-palestinian\\\/#primaryimage\",\"url\":\"https:\\\/\\\/buletin.de\\\/bucuresti\\\/wp-content\\\/uploads\\\/image00003-6.jpeg\",\"contentUrl\":\"https:\\\/\\\/buletin.de\\\/bucuresti\\\/wp-content\\\/uploads\\\/image00003-6.jpeg\",\"width\":2000,\"height\":1500,\"caption\":\"FOTO: Ana Anghel-Dimache\"},{\"@type\":\"BreadcrumbList\",\"@id\":\"https:\\\/\\\/buletin.de\\\/bucuresti\\\/reportaj-occupy-psihologia-tabara-studentilor-care-s-au-alaturat-curentului-global-pro-palestinian\\\/#breadcrumb\",\"itemListElement\":[{\"@type\":\"ListItem\",\"position\":1,\"name\":\"Acas\u0103\",\"item\":\"https:\\\/\\\/buletin.de\\\/bucuresti\\\/\"},{\"@type\":\"ListItem\",\"position\":2,\"name\":\"REPORTAJ | \u201eOccupy Psihologia\u201d. Tab\u0103ra studen\u0163ilor care s-au al\u0103turat curentului global pro-palestinian\"}]},{\"@type\":\"WebSite\",\"@id\":\"https:\\\/\\\/buletin.de\\\/bucuresti\\\/#website\",\"url\":\"https:\\\/\\\/buletin.de\\\/bucuresti\\\/\",\"name\":\"Buletin de Bucure\u0219ti\",\"description\":\"\u0218tiri \u0219i investiga\u021bii esen\u021biale din capital\u0103\",\"publisher\":{\"@id\":\"https:\\\/\\\/buletin.de\\\/bucuresti\\\/#organization\"},\"potentialAction\":[{\"@type\":\"SearchAction\",\"target\":{\"@type\":\"EntryPoint\",\"urlTemplate\":\"https:\\\/\\\/buletin.de\\\/bucuresti\\\/?s={search_term_string}\"},\"query-input\":{\"@type\":\"PropertyValueSpecification\",\"valueRequired\":true,\"valueName\":\"search_term_string\"}}],\"inLanguage\":\"en-GB\"},{\"@type\":\"Organization\",\"@id\":\"https:\\\/\\\/buletin.de\\\/bucuresti\\\/#organization\",\"name\":\"Buletin de Bucure\u0219ti\",\"url\":\"https:\\\/\\\/buletin.de\\\/bucuresti\\\/\",\"logo\":{\"@type\":\"ImageObject\",\"inLanguage\":\"en-GB\",\"@id\":\"https:\\\/\\\/buletin.de\\\/bucuresti\\\/#\\\/schema\\\/logo\\\/image\\\/\",\"url\":\"https:\\\/\\\/buletin.de\\\/bucuresti\\\/wp-content\\\/uploads\\\/logo-bdb-full-wide-vernil-transparent.png\",\"contentUrl\":\"https:\\\/\\\/buletin.de\\\/bucuresti\\\/wp-content\\\/uploads\\\/logo-bdb-full-wide-vernil-transparent.png\",\"width\":1782,\"height\":626,\"caption\":\"Buletin de Bucure\u0219ti\"},\"image\":{\"@id\":\"https:\\\/\\\/buletin.de\\\/bucuresti\\\/#\\\/schema\\\/logo\\\/image\\\/\"},\"sameAs\":[\"https:\\\/\\\/www.facebook.com\\\/buletin.de.buc\",\"https:\\\/\\\/www.instagram.com\\\/buletinde.bucuresti\\\/\"]},{\"@type\":\"Person\",\"@id\":\"https:\\\/\\\/buletin.de\\\/bucuresti\\\/#\\\/schema\\\/person\\\/359459245996e200ed7c807f71f0551a\",\"name\":\"Ana Anghel-Dimache\",\"image\":{\"@type\":\"ImageObject\",\"inLanguage\":\"en-GB\",\"@id\":\"https:\\\/\\\/buletin.de\\\/bucuresti\\\/wp-content\\\/uploads\\\/Ana-Anghel-Dimache-96x96.jpg861145fc2c4f1fe57dc81b59a6cfb674\",\"url\":\"https:\\\/\\\/buletin.de\\\/bucuresti\\\/wp-content\\\/uploads\\\/Ana-Anghel-Dimache-96x96.jpg\",\"contentUrl\":\"https:\\\/\\\/buletin.de\\\/bucuresti\\\/wp-content\\\/uploads\\\/Ana-Anghel-Dimache-96x96.jpg\",\"caption\":\"Ana Anghel-Dimache\"},\"description\":\"Sunt student\u0103 la jurnalism \u0219i m-am n\u0103scut \u00een Bucure\u0219ti, ora\u0219 plin de pove\u0219ti care merit\u0103 explorate. \u00cemi place s\u0103 scriu despre subiecte politice, de mediu \u0219i legate de transportul din Capital\u0103. \u00cencerc s\u0103 pictez o imagine c\u00e2t mai sincer\u0103 a realit\u0103\u021bii \u0219i sus\u021bin presa independent\u0103 pentru c\u0103 este esen\u021bial s\u0103 pot reda faptele \u00een formele lor adev\u0103rate.\",\"url\":\"https:\\\/\\\/buletin.de\\\/bucuresti\\\/author\\\/ana-dimache\\\/\"}]}<\/script>\n<!-- \/ Yoast SEO Premium plugin. -->","yoast_head_json":{"title":"REPORTAJ | \u201eOccupy Psihologia\u201d. Tab\u0103ra studen\u0163ilor care s-au al\u0103turat curentului global pro-palestinian - Buletin de Bucure\u0219ti","robots":{"index":"index","follow":"follow","max-snippet":"max-snippet:-1","max-image-preview":"max-image-preview:large","max-video-preview":"max-video-preview:-1"},"canonical":"https:\/\/buletin.de\/bucuresti\/reportaj-occupy-psihologia-tabara-studentilor-care-s-au-alaturat-curentului-global-pro-palestinian\/","og_locale":"en_GB","og_type":"article","og_title":"REPORTAJ | \u201eOccupy Psihologia\u201d. Tab\u0103ra studen\u0163ilor care s-au al\u0103turat curentului global pro-palestinian","og_description":"Pe modelul protestelor din universit\u0103\u0163i din Europa ori de peste Ocean, c\u00e2teva zeci de studen\u0163i din Bucure\u015fti \u015fi-au organizat o veritabil\u0103 tab\u0103r\u0103 \u00een curtea Facult\u0103\u0163ii de Psihologie din cadrul Universit\u0103\u0163ii Bucure\u015fti. O mi\u015fcare antigenocid, spun ei, de solidarizare cu victimele nevinovate din F\u00e2\u015fia Gaza. \u00cenc\u0103 de luni, cele c\u00e2teva zeci de tineri protestatari \u015fi-au ridicat [&hellip;]","og_url":"https:\/\/buletin.de\/bucuresti\/reportaj-occupy-psihologia-tabara-studentilor-care-s-au-alaturat-curentului-global-pro-palestinian\/","og_site_name":"Buletin de Bucure\u0219ti","article_publisher":"https:\/\/www.facebook.com\/buletin.de.buc","article_published_time":"2024-05-23T11:30:02+00:00","og_image":[{"width":2000,"height":1500,"url":"https:\/\/buletin.de\/bucuresti\/wp-content\/uploads\/image00003-6.jpeg","type":"image\/jpeg"}],"author":"Ana Anghel-Dimache","twitter_card":"summary_large_image","twitter_misc":{"Written by":"Ana Anghel-Dimache","Estimated reading time":"7 minutes"},"schema":{"@context":"https:\/\/schema.org","@graph":[{"@type":"Article","@id":"https:\/\/buletin.de\/bucuresti\/reportaj-occupy-psihologia-tabara-studentilor-care-s-au-alaturat-curentului-global-pro-palestinian\/#article","isPartOf":{"@id":"https:\/\/buletin.de\/bucuresti\/reportaj-occupy-psihologia-tabara-studentilor-care-s-au-alaturat-curentului-global-pro-palestinian\/"},"author":{"name":"Ana Anghel-Dimache","@id":"https:\/\/buletin.de\/bucuresti\/#\/schema\/person\/359459245996e200ed7c807f71f0551a"},"headline":"REPORTAJ | \u201eOccupy Psihologia\u201d. Tab\u0103ra studen\u0163ilor care s-au al\u0103turat curentului global pro-palestinian","datePublished":"2024-05-23T11:30:02+00:00","mainEntityOfPage":{"@id":"https:\/\/buletin.de\/bucuresti\/reportaj-occupy-psihologia-tabara-studentilor-care-s-au-alaturat-curentului-global-pro-palestinian\/"},"wordCount":1498,"publisher":{"@id":"https:\/\/buletin.de\/bucuresti\/#organization"},"image":{"@id":"https:\/\/buletin.de\/bucuresti\/reportaj-occupy-psihologia-tabara-studentilor-care-s-au-alaturat-curentului-global-pro-palestinian\/#primaryimage"},"thumbnailUrl":"https:\/\/buletin.de\/bucuresti\/wp-content\/uploads\/image00003-6.jpeg","keywords":["occupy psihologia","protest pro-palestina","studenti curte psihologie","studenti ub protest"],"articleSection":["Articole","Main","Reportaj"],"inLanguage":"en-GB","copyrightYear":"2024","copyrightHolder":{"@id":"https:\/\/buletin.de\/bucuresti\/#organization"}},{"@type":"WebPage","@id":"https:\/\/buletin.de\/bucuresti\/reportaj-occupy-psihologia-tabara-studentilor-care-s-au-alaturat-curentului-global-pro-palestinian\/","url":"https:\/\/buletin.de\/bucuresti\/reportaj-occupy-psihologia-tabara-studentilor-care-s-au-alaturat-curentului-global-pro-palestinian\/","name":"REPORTAJ | \u201eOccupy Psihologia\u201d. Tab\u0103ra studen\u0163ilor care s-au al\u0103turat curentului global pro-palestinian - Buletin de Bucure\u0219ti","isPartOf":{"@id":"https:\/\/buletin.de\/bucuresti\/#website"},"primaryImageOfPage":{"@id":"https:\/\/buletin.de\/bucuresti\/reportaj-occupy-psihologia-tabara-studentilor-care-s-au-alaturat-curentului-global-pro-palestinian\/#primaryimage"},"image":{"@id":"https:\/\/buletin.de\/bucuresti\/reportaj-occupy-psihologia-tabara-studentilor-care-s-au-alaturat-curentului-global-pro-palestinian\/#primaryimage"},"thumbnailUrl":"https:\/\/buletin.de\/bucuresti\/wp-content\/uploads\/image00003-6.jpeg","datePublished":"2024-05-23T11:30:02+00:00","breadcrumb":{"@id":"https:\/\/buletin.de\/bucuresti\/reportaj-occupy-psihologia-tabara-studentilor-care-s-au-alaturat-curentului-global-pro-palestinian\/#breadcrumb"},"inLanguage":"en-GB","potentialAction":[{"@type":"ReadAction","target":["https:\/\/buletin.de\/bucuresti\/reportaj-occupy-psihologia-tabara-studentilor-care-s-au-alaturat-curentului-global-pro-palestinian\/"]}]},{"@type":"ImageObject","inLanguage":"en-GB","@id":"https:\/\/buletin.de\/bucuresti\/reportaj-occupy-psihologia-tabara-studentilor-care-s-au-alaturat-curentului-global-pro-palestinian\/#primaryimage","url":"https:\/\/buletin.de\/bucuresti\/wp-content\/uploads\/image00003-6.jpeg","contentUrl":"https:\/\/buletin.de\/bucuresti\/wp-content\/uploads\/image00003-6.jpeg","width":2000,"height":1500,"caption":"FOTO: Ana Anghel-Dimache"},{"@type":"BreadcrumbList","@id":"https:\/\/buletin.de\/bucuresti\/reportaj-occupy-psihologia-tabara-studentilor-care-s-au-alaturat-curentului-global-pro-palestinian\/#breadcrumb","itemListElement":[{"@type":"ListItem","position":1,"name":"Acas\u0103","item":"https:\/\/buletin.de\/bucuresti\/"},{"@type":"ListItem","position":2,"name":"REPORTAJ | \u201eOccupy Psihologia\u201d. Tab\u0103ra studen\u0163ilor care s-au al\u0103turat curentului global pro-palestinian"}]},{"@type":"WebSite","@id":"https:\/\/buletin.de\/bucuresti\/#website","url":"https:\/\/buletin.de\/bucuresti\/","name":"Buletin de Bucure\u0219ti","description":"\u0218tiri \u0219i investiga\u021bii esen\u021biale din capital\u0103","publisher":{"@id":"https:\/\/buletin.de\/bucuresti\/#organization"},"potentialAction":[{"@type":"SearchAction","target":{"@type":"EntryPoint","urlTemplate":"https:\/\/buletin.de\/bucuresti\/?s={search_term_string}"},"query-input":{"@type":"PropertyValueSpecification","valueRequired":true,"valueName":"search_term_string"}}],"inLanguage":"en-GB"},{"@type":"Organization","@id":"https:\/\/buletin.de\/bucuresti\/#organization","name":"Buletin de Bucure\u0219ti","url":"https:\/\/buletin.de\/bucuresti\/","logo":{"@type":"ImageObject","inLanguage":"en-GB","@id":"https:\/\/buletin.de\/bucuresti\/#\/schema\/logo\/image\/","url":"https:\/\/buletin.de\/bucuresti\/wp-content\/uploads\/logo-bdb-full-wide-vernil-transparent.png","contentUrl":"https:\/\/buletin.de\/bucuresti\/wp-content\/uploads\/logo-bdb-full-wide-vernil-transparent.png","width":1782,"height":626,"caption":"Buletin de Bucure\u0219ti"},"image":{"@id":"https:\/\/buletin.de\/bucuresti\/#\/schema\/logo\/image\/"},"sameAs":["https:\/\/www.facebook.com\/buletin.de.buc","https:\/\/www.instagram.com\/buletinde.bucuresti\/"]},{"@type":"Person","@id":"https:\/\/buletin.de\/bucuresti\/#\/schema\/person\/359459245996e200ed7c807f71f0551a","name":"Ana Anghel-Dimache","image":{"@type":"ImageObject","inLanguage":"en-GB","@id":"https:\/\/buletin.de\/bucuresti\/wp-content\/uploads\/Ana-Anghel-Dimache-96x96.jpg861145fc2c4f1fe57dc81b59a6cfb674","url":"https:\/\/buletin.de\/bucuresti\/wp-content\/uploads\/Ana-Anghel-Dimache-96x96.jpg","contentUrl":"https:\/\/buletin.de\/bucuresti\/wp-content\/uploads\/Ana-Anghel-Dimache-96x96.jpg","caption":"Ana Anghel-Dimache"},"description":"Sunt student\u0103 la jurnalism \u0219i m-am n\u0103scut \u00een Bucure\u0219ti, ora\u0219 plin de pove\u0219ti care merit\u0103 explorate. \u00cemi place s\u0103 scriu despre subiecte politice, de mediu \u0219i legate de transportul din Capital\u0103. \u00cencerc s\u0103 pictez o imagine c\u00e2t mai sincer\u0103 a realit\u0103\u021bii \u0219i sus\u021bin presa independent\u0103 pentru c\u0103 este esen\u021bial s\u0103 pot reda faptele \u00een formele lor adev\u0103rate.","url":"https:\/\/buletin.de\/bucuresti\/author\/ana-dimache\/"}]}},"authors":[{"term_id":22581,"user_id":58,"is_guest":0,"slug":"ana-dimache","display_name":"Ana Anghel-Dimache","avatar_url":"https:\/\/buletin.de\/bucuresti\/wp-content\/uploads\/Ana-Anghel-Dimache-96x96.jpg","0":null,"1":"","2":"","3":"","4":"","5":"","6":"","7":"","8":""}],"_links":{"self":[{"href":"https:\/\/buletin.de\/bucuresti\/wp-json\/wp\/v2\/posts\/86143","targetHints":{"allow":["GET"]}}],"collection":[{"href":"https:\/\/buletin.de\/bucuresti\/wp-json\/wp\/v2\/posts"}],"about":[{"href":"https:\/\/buletin.de\/bucuresti\/wp-json\/wp\/v2\/types\/post"}],"author":[{"embeddable":true,"href":"https:\/\/buletin.de\/bucuresti\/wp-json\/wp\/v2\/users\/58"}],"replies":[{"embeddable":true,"href":"https:\/\/buletin.de\/bucuresti\/wp-json\/wp\/v2\/comments?post=86143"}],"version-history":[{"count":4,"href":"https:\/\/buletin.de\/bucuresti\/wp-json\/wp\/v2\/posts\/86143\/revisions"}],"predecessor-version":[{"id":86164,"href":"https:\/\/buletin.de\/bucuresti\/wp-json\/wp\/v2\/posts\/86143\/revisions\/86164"}],"wp:featuredmedia":[{"embeddable":true,"href":"https:\/\/buletin.de\/bucuresti\/wp-json\/wp\/v2\/media\/86157"}],"wp:attachment":[{"href":"https:\/\/buletin.de\/bucuresti\/wp-json\/wp\/v2\/media?parent=86143"}],"wp:term":[{"taxonomy":"category","embeddable":true,"href":"https:\/\/buletin.de\/bucuresti\/wp-json\/wp\/v2\/categories?post=86143"},{"taxonomy":"post_tag","embeddable":true,"href":"https:\/\/buletin.de\/bucuresti\/wp-json\/wp\/v2\/tags?post=86143"},{"taxonomy":"author","embeddable":true,"href":"https:\/\/buletin.de\/bucuresti\/wp-json\/wp\/v2\/ppma_author?post=86143"}],"curies":[{"name":"wp","href":"https:\/\/api.w.org\/{rel}","templated":true}]}}