{"id":86140,"date":"2024-05-23T15:04:25","date_gmt":"2024-05-23T12:04:25","guid":{"rendered":"https:\/\/buletin.de\/bucuresti\/?p=86140"},"modified":"2024-05-23T15:04:26","modified_gmt":"2024-05-23T12:04:26","slug":"tanar-de-26-de-ani-cu-infectie-la-coloana-vertebrala-salvat-dupa-o-operatie-de-10-ore-la-spitalul-foisor","status":"publish","type":"post","link":"https:\/\/buletin.de\/bucuresti\/tanar-de-26-de-ani-cu-infectie-la-coloana-vertebrala-salvat-dupa-o-operatie-de-10-ore-la-spitalul-foisor\/","title":{"rendered":"T\u00e2n\u0103r de 26 de ani cu infec\u0163ie la coloana vertebral\u0103, salvat dup\u0103 o opera\u0163ie de 10 ore, la\u00a0Spitalul\u00a0Foi\u015for"},"content":{"rendered":"\n<p><strong>Un pacient cu tuberculoz\u0103 a fost salvat de medicii de la Spitalul Foi\u0219or, \u00een urma unei interven\u021bii chirurgicale  complexe, de aproape 10 ore. Infec\u021bia TBC se extinsese la coloana vertebral\u0103, motiv pentru care a fost necesar\u0103 \u00eendep\u0103rtarea a trei corpi vertebrali \u0219i reconstruirea acestora printr-un un implant specific, anun\u021b\u0103 Administra\u021bia Spitalelor \u0219i Serviciilor Medicale Bucure\u0219ti (ASSMB).<\/strong><\/p>\n\n\n\n<p>Infec\u021bia era \u00eenso\u021bit\u0103 de \u201emultiple abcese retroperitoneale\u201d, extinse at\u00e2t la nivelul pelvisului, c\u00e2t \u0219i al coapsei drepte. Opera\u021bia a fost realizat\u0103 sub anestezie general\u0103, cu ajutorul unei echipe multidisciplinare formate din doi chirurgi ortopezi, un chirurg generalist, un chirurg toracic \u0219i un medic ATI.<\/p>\n\n\n\n<p>Pe parcursul \u00eentregii interven\u021bii chirurgicale, starea pacientului a fost stabil\u0103, detubarea fiind realizat\u0103 cu succes: t\u00e2n\u0103rul era con\u0219tient, cooperant \u0219i avea func\u021biile motorii \u0219i senzitive intacte.<\/p>\n\n\n\n<p>\u00cen prezent, acesta se afl\u0103 sub supravegherea atent\u0103 a personalului medical din sec\u021bia de terapie intensiv\u0103  a Spitalului Foi\u0219or. \u00cen cel mai scurt timp, el va \u00eencepe procesul de recuperare medical\u0103.<\/p>\n\n\n\n<p><strong>CITE\u0218TE \u0218I:<\/strong><\/p>\n\n\n\n<figure class=\"wp-block-embed is-type-wp-embed is-provider-buletin-de-bucure-ti wp-block-embed-buletin-de-bucure-ti\"><div class=\"wp-block-embed__wrapper\">\n<blockquote class=\"wp-embedded-content\" data-secret=\"5KdPe1BdRx\"><a href=\"https:\/\/buletin.de\/bucuresti\/vieti-salvate-dupa-primul-transplant-de-organe-din-acest-an-trei-oameni-au-o-noua-sansa-dupa-prelevarile-de-la-elias\/\">Vie\u0163i salvate dup\u0103 primul transplant de organe din acest an. Trei oameni au o nou\u0103 \u015fans\u0103, dup\u0103 prelev\u0103rile de la Elias<\/a><\/blockquote><iframe class=\"wp-embedded-content\" sandbox=\"allow-scripts\" security=\"restricted\" style=\"position: absolute; clip: rect(1px, 1px, 1px, 1px);\" title=\"&#8220;Vie\u0163i salvate dup\u0103 primul transplant de organe din acest an. Trei oameni au o nou\u0103 \u015fans\u0103, dup\u0103 prelev\u0103rile de la Elias&#8221; &#8212; Buletin de Bucure\u0219ti\" src=\"https:\/\/buletin.de\/bucuresti\/vieti-salvate-dupa-primul-transplant-de-organe-din-acest-an-trei-oameni-au-o-noua-sansa-dupa-prelevarile-de-la-elias\/embed\/#?secret=8hPllOOHI3#?secret=5KdPe1BdRx\" data-secret=\"5KdPe1BdRx\" width=\"600\" height=\"338\" frameborder=\"0\" marginwidth=\"0\" marginheight=\"0\" scrolling=\"no\"><\/iframe>\n<\/div><\/figure>\n","protected":false},"excerpt":{"rendered":"<p>Un pacient cu tuberculoz\u0103 a fost salvat de medicii de la Spitalul Foi\u0219or, \u00een urma unei interven\u021bii chirurgicale complexe, de aproape 10 ore. Infec\u021bia TBC se extinsese la coloana vertebral\u0103, motiv pentru care a fost necesar\u0103 \u00eendep\u0103rtarea a trei corpi vertebrali \u0219i reconstruirea acestora printr-un un implant specific, anun\u021b\u0103 Administra\u021bia Spitalelor \u0219i Serviciilor Medicale Bucure\u0219ti [&hellip;]<\/p>\n","protected":false},"author":55,"featured_media":86166,"comment_status":"closed","ping_status":"open","sticky":false,"template":"","format":"standard","meta":{"_acf_changed":false,"inline_featured_image":false,"ngg_post_thumbnail":0,"footnotes":""},"categories":[6994,4,62],"tags":[474,12158,12157,12156,2554,12159],"ppma_author":[22573],"class_list":["post-86140","post","type-post","status-publish","format-standard","has-post-thumbnail","hentry","category-stiri-2","category-sanatate","category-stiri","tag-assmb","tag-infectie-tbc","tag-medici-spitalul-foisor","tag-operatie-de-10-ore","tag-spitalul-foisor","tag-tuberculoza"],"acf":[],"yoast_head":"<!-- This site is optimized with the Yoast SEO Premium plugin v25.3 (Yoast SEO v27.5) - https:\/\/yoast.com\/product\/yoast-seo-premium-wordpress\/ -->\n<title>T\u00e2n\u0103r de 26 de ani cu infec\u0163ie la coloana vertebral\u0103, salvat dup\u0103 o opera\u0163ie de 10 ore, la\u00a0Spitalul\u00a0Foi\u015for - Buletin de Bucure\u0219ti<\/title>\n<meta name=\"robots\" content=\"index, follow, max-snippet:-1, max-image-preview:large, max-video-preview:-1\" \/>\n<link rel=\"canonical\" href=\"https:\/\/buletin.de\/bucuresti\/tanar-de-26-de-ani-cu-infectie-la-coloana-vertebrala-salvat-dupa-o-operatie-de-10-ore-la-spitalul-foisor\/\" \/>\n<meta property=\"og:locale\" content=\"en_GB\" \/>\n<meta property=\"og:type\" content=\"article\" \/>\n<meta property=\"og:title\" content=\"T\u00e2n\u0103r de 26 de ani cu infec\u0163ie la coloana vertebral\u0103, salvat dup\u0103 o opera\u0163ie de 10 ore, la\u00a0Spitalul\u00a0Foi\u015for\" \/>\n<meta property=\"og:description\" content=\"Un pacient cu tuberculoz\u0103 a fost salvat de medicii de la Spitalul Foi\u0219or, \u00een urma unei interven\u021bii chirurgicale complexe, de aproape 10 ore. Infec\u021bia TBC se extinsese la coloana vertebral\u0103, motiv pentru care a fost necesar\u0103 \u00eendep\u0103rtarea a trei corpi vertebrali \u0219i reconstruirea acestora printr-un un implant specific, anun\u021b\u0103 Administra\u021bia Spitalelor \u0219i Serviciilor Medicale Bucure\u0219ti [&hellip;]\" \/>\n<meta property=\"og:url\" content=\"https:\/\/buletin.de\/bucuresti\/tanar-de-26-de-ani-cu-infectie-la-coloana-vertebrala-salvat-dupa-o-operatie-de-10-ore-la-spitalul-foisor\/\" \/>\n<meta property=\"og:site_name\" content=\"Buletin de Bucure\u0219ti\" \/>\n<meta property=\"article:publisher\" content=\"https:\/\/www.facebook.com\/buletin.de.buc\" \/>\n<meta property=\"article:published_time\" content=\"2024-05-23T12:04:25+00:00\" \/>\n<meta property=\"article:modified_time\" content=\"2024-05-23T12:04:26+00:00\" \/>\n<meta property=\"og:image\" content=\"https:\/\/buletin.de\/bucuresti\/wp-content\/uploads\/Ortopedie-Foisor.jpg\" \/>\n\t<meta property=\"og:image:width\" content=\"1601\" \/>\n\t<meta property=\"og:image:height\" content=\"610\" \/>\n\t<meta property=\"og:image:type\" content=\"image\/jpeg\" \/>\n<meta name=\"author\" content=\"Andreea Tudor\" \/>\n<meta name=\"twitter:card\" content=\"summary_large_image\" \/>\n<meta name=\"twitter:label1\" content=\"Written by\" \/>\n\t<meta name=\"twitter:data1\" content=\"Andreea Tudor\" \/>\n\t<meta name=\"twitter:label2\" content=\"Estimated reading time\" \/>\n\t<meta name=\"twitter:data2\" content=\"1 minute\" \/>\n<script type=\"application\/ld+json\" class=\"yoast-schema-graph\">{\"@context\":\"https:\\\/\\\/schema.org\",\"@graph\":[{\"@type\":\"Article\",\"@id\":\"https:\\\/\\\/buletin.de\\\/bucuresti\\\/tanar-de-26-de-ani-cu-infectie-la-coloana-vertebrala-salvat-dupa-o-operatie-de-10-ore-la-spitalul-foisor\\\/#article\",\"isPartOf\":{\"@id\":\"https:\\\/\\\/buletin.de\\\/bucuresti\\\/tanar-de-26-de-ani-cu-infectie-la-coloana-vertebrala-salvat-dupa-o-operatie-de-10-ore-la-spitalul-foisor\\\/\"},\"author\":{\"name\":\"Andreea Tudor\",\"@id\":\"https:\\\/\\\/buletin.de\\\/bucuresti\\\/#\\\/schema\\\/person\\\/150590659efde715459d159da012f501\"},\"headline\":\"T\u00e2n\u0103r de 26 de ani cu infec\u0163ie la coloana vertebral\u0103, salvat dup\u0103 o opera\u0163ie de 10 ore, la\u00a0Spitalul\u00a0Foi\u015for\",\"datePublished\":\"2024-05-23T12:04:25+00:00\",\"dateModified\":\"2024-05-23T12:04:26+00:00\",\"mainEntityOfPage\":{\"@id\":\"https:\\\/\\\/buletin.de\\\/bucuresti\\\/tanar-de-26-de-ani-cu-infectie-la-coloana-vertebrala-salvat-dupa-o-operatie-de-10-ore-la-spitalul-foisor\\\/\"},\"wordCount\":205,\"publisher\":{\"@id\":\"https:\\\/\\\/buletin.de\\\/bucuresti\\\/#organization\"},\"image\":{\"@id\":\"https:\\\/\\\/buletin.de\\\/bucuresti\\\/tanar-de-26-de-ani-cu-infectie-la-coloana-vertebrala-salvat-dupa-o-operatie-de-10-ore-la-spitalul-foisor\\\/#primaryimage\"},\"thumbnailUrl\":\"https:\\\/\\\/buletin.de\\\/bucuresti\\\/wp-content\\\/uploads\\\/Ortopedie-Foisor.jpg\",\"keywords\":[\"assmb\",\"infectie tbc\",\"medici Spitalul Foisor\",\"operatie de 10 ore\",\"spitalul foisor\",\"tuberculoza\"],\"articleSection\":[\"Articole\",\"S\u0103n\u0103tate\",\"\u0218tiri\"],\"inLanguage\":\"en-GB\",\"copyrightYear\":\"2024\",\"copyrightHolder\":{\"@id\":\"https:\\\/\\\/buletin.de\\\/bucuresti\\\/#organization\"}},{\"@type\":\"WebPage\",\"@id\":\"https:\\\/\\\/buletin.de\\\/bucuresti\\\/tanar-de-26-de-ani-cu-infectie-la-coloana-vertebrala-salvat-dupa-o-operatie-de-10-ore-la-spitalul-foisor\\\/\",\"url\":\"https:\\\/\\\/buletin.de\\\/bucuresti\\\/tanar-de-26-de-ani-cu-infectie-la-coloana-vertebrala-salvat-dupa-o-operatie-de-10-ore-la-spitalul-foisor\\\/\",\"name\":\"T\u00e2n\u0103r de 26 de ani cu infec\u0163ie la coloana vertebral\u0103, salvat dup\u0103 o opera\u0163ie de 10 ore, la\u00a0Spitalul\u00a0Foi\u015for - Buletin de Bucure\u0219ti\",\"isPartOf\":{\"@id\":\"https:\\\/\\\/buletin.de\\\/bucuresti\\\/#website\"},\"primaryImageOfPage\":{\"@id\":\"https:\\\/\\\/buletin.de\\\/bucuresti\\\/tanar-de-26-de-ani-cu-infectie-la-coloana-vertebrala-salvat-dupa-o-operatie-de-10-ore-la-spitalul-foisor\\\/#primaryimage\"},\"image\":{\"@id\":\"https:\\\/\\\/buletin.de\\\/bucuresti\\\/tanar-de-26-de-ani-cu-infectie-la-coloana-vertebrala-salvat-dupa-o-operatie-de-10-ore-la-spitalul-foisor\\\/#primaryimage\"},\"thumbnailUrl\":\"https:\\\/\\\/buletin.de\\\/bucuresti\\\/wp-content\\\/uploads\\\/Ortopedie-Foisor.jpg\",\"datePublished\":\"2024-05-23T12:04:25+00:00\",\"dateModified\":\"2024-05-23T12:04:26+00:00\",\"breadcrumb\":{\"@id\":\"https:\\\/\\\/buletin.de\\\/bucuresti\\\/tanar-de-26-de-ani-cu-infectie-la-coloana-vertebrala-salvat-dupa-o-operatie-de-10-ore-la-spitalul-foisor\\\/#breadcrumb\"},\"inLanguage\":\"en-GB\",\"potentialAction\":[{\"@type\":\"ReadAction\",\"target\":[\"https:\\\/\\\/buletin.de\\\/bucuresti\\\/tanar-de-26-de-ani-cu-infectie-la-coloana-vertebrala-salvat-dupa-o-operatie-de-10-ore-la-spitalul-foisor\\\/\"]}]},{\"@type\":\"ImageObject\",\"inLanguage\":\"en-GB\",\"@id\":\"https:\\\/\\\/buletin.de\\\/bucuresti\\\/tanar-de-26-de-ani-cu-infectie-la-coloana-vertebrala-salvat-dupa-o-operatie-de-10-ore-la-spitalul-foisor\\\/#primaryimage\",\"url\":\"https:\\\/\\\/buletin.de\\\/bucuresti\\\/wp-content\\\/uploads\\\/Ortopedie-Foisor.jpg\",\"contentUrl\":\"https:\\\/\\\/buletin.de\\\/bucuresti\\\/wp-content\\\/uploads\\\/Ortopedie-Foisor.jpg\",\"width\":1601,\"height\":610,\"caption\":\"FOTO: FB\\\/ ASSMB\"},{\"@type\":\"BreadcrumbList\",\"@id\":\"https:\\\/\\\/buletin.de\\\/bucuresti\\\/tanar-de-26-de-ani-cu-infectie-la-coloana-vertebrala-salvat-dupa-o-operatie-de-10-ore-la-spitalul-foisor\\\/#breadcrumb\",\"itemListElement\":[{\"@type\":\"ListItem\",\"position\":1,\"name\":\"Acas\u0103\",\"item\":\"https:\\\/\\\/buletin.de\\\/bucuresti\\\/\"},{\"@type\":\"ListItem\",\"position\":2,\"name\":\"T\u00e2n\u0103r de 26 de ani cu infec\u0163ie la coloana vertebral\u0103, salvat dup\u0103 o opera\u0163ie de 10 ore, la\u00a0Spitalul\u00a0Foi\u015for\"}]},{\"@type\":\"WebSite\",\"@id\":\"https:\\\/\\\/buletin.de\\\/bucuresti\\\/#website\",\"url\":\"https:\\\/\\\/buletin.de\\\/bucuresti\\\/\",\"name\":\"Buletin de Bucure\u0219ti\",\"description\":\"\u0218tiri \u0219i investiga\u021bii esen\u021biale din capital\u0103\",\"publisher\":{\"@id\":\"https:\\\/\\\/buletin.de\\\/bucuresti\\\/#organization\"},\"potentialAction\":[{\"@type\":\"SearchAction\",\"target\":{\"@type\":\"EntryPoint\",\"urlTemplate\":\"https:\\\/\\\/buletin.de\\\/bucuresti\\\/?s={search_term_string}\"},\"query-input\":{\"@type\":\"PropertyValueSpecification\",\"valueRequired\":true,\"valueName\":\"search_term_string\"}}],\"inLanguage\":\"en-GB\"},{\"@type\":\"Organization\",\"@id\":\"https:\\\/\\\/buletin.de\\\/bucuresti\\\/#organization\",\"name\":\"Buletin de Bucure\u0219ti\",\"url\":\"https:\\\/\\\/buletin.de\\\/bucuresti\\\/\",\"logo\":{\"@type\":\"ImageObject\",\"inLanguage\":\"en-GB\",\"@id\":\"https:\\\/\\\/buletin.de\\\/bucuresti\\\/#\\\/schema\\\/logo\\\/image\\\/\",\"url\":\"https:\\\/\\\/buletin.de\\\/bucuresti\\\/wp-content\\\/uploads\\\/logo-bdb-full-wide-vernil-transparent.png\",\"contentUrl\":\"https:\\\/\\\/buletin.de\\\/bucuresti\\\/wp-content\\\/uploads\\\/logo-bdb-full-wide-vernil-transparent.png\",\"width\":1782,\"height\":626,\"caption\":\"Buletin de Bucure\u0219ti\"},\"image\":{\"@id\":\"https:\\\/\\\/buletin.de\\\/bucuresti\\\/#\\\/schema\\\/logo\\\/image\\\/\"},\"sameAs\":[\"https:\\\/\\\/www.facebook.com\\\/buletin.de.buc\",\"https:\\\/\\\/www.instagram.com\\\/buletinde.bucuresti\\\/\"]},{\"@type\":\"Person\",\"@id\":\"https:\\\/\\\/buletin.de\\\/bucuresti\\\/#\\\/schema\\\/person\\\/150590659efde715459d159da012f501\",\"name\":\"Andreea Tudor\",\"image\":{\"@type\":\"ImageObject\",\"inLanguage\":\"en-GB\",\"@id\":\"https:\\\/\\\/secure.gravatar.com\\\/avatar\\\/a88705a186ab0b67f3349bcbced506c09e37256fbaad0e7f3bd1a79b4599f589?s=96&d=monsterid&r=g79290610aa1a65c2b86eebc2ca5aee8f\",\"url\":\"https:\\\/\\\/secure.gravatar.com\\\/avatar\\\/a88705a186ab0b67f3349bcbced506c09e37256fbaad0e7f3bd1a79b4599f589?s=96&d=monsterid&r=g\",\"contentUrl\":\"https:\\\/\\\/secure.gravatar.com\\\/avatar\\\/a88705a186ab0b67f3349bcbced506c09e37256fbaad0e7f3bd1a79b4599f589?s=96&d=monsterid&r=g\",\"caption\":\"Andreea Tudor\"},\"description\":\"N\u0103scut\u0103 \u0219i crescut\u0103 \u00een Bucure\u0219ti, sus\u021bin\u0103toare a presei independente. A\u0219a am ajuns redactor la Buletin de Bucure\u0219ti. Fiind eu, \u00eens\u0103mi, parte a sistemului de \u00eenv\u0103\u021b\u0103m\u00e2nt rom\u00e2nesc \u0219i pasionat\u0103 de domeniul social, pun sub lup\u0103 tot ceea ce se \u00eent\u00e2mpl\u0103 \u00een sfera educa\u021biei. Cred cu t\u0103rie c\u0103 presa \u201epentru cet\u0103\u021beni\u201d este presa independent\u0103. Oamenii au nevoie de o informare corect\u0103 pentru a \u00een\u021belege pe deplin ce se \u00eent\u00e2mpl\u0103 \u00een jurul lor \u0219i pentru a lua ac\u021biune \u00eempotriva nedrept\u0103\u021bilor.\",\"url\":\"https:\\\/\\\/buletin.de\\\/bucuresti\\\/author\\\/andreeatudor\\\/\"}]}<\/script>\n<!-- \/ Yoast SEO Premium plugin. -->","yoast_head_json":{"title":"T\u00e2n\u0103r de 26 de ani cu infec\u0163ie la coloana vertebral\u0103, salvat dup\u0103 o opera\u0163ie de 10 ore, la\u00a0Spitalul\u00a0Foi\u015for - Buletin de Bucure\u0219ti","robots":{"index":"index","follow":"follow","max-snippet":"max-snippet:-1","max-image-preview":"max-image-preview:large","max-video-preview":"max-video-preview:-1"},"canonical":"https:\/\/buletin.de\/bucuresti\/tanar-de-26-de-ani-cu-infectie-la-coloana-vertebrala-salvat-dupa-o-operatie-de-10-ore-la-spitalul-foisor\/","og_locale":"en_GB","og_type":"article","og_title":"T\u00e2n\u0103r de 26 de ani cu infec\u0163ie la coloana vertebral\u0103, salvat dup\u0103 o opera\u0163ie de 10 ore, la\u00a0Spitalul\u00a0Foi\u015for","og_description":"Un pacient cu tuberculoz\u0103 a fost salvat de medicii de la Spitalul Foi\u0219or, \u00een urma unei interven\u021bii chirurgicale complexe, de aproape 10 ore. Infec\u021bia TBC se extinsese la coloana vertebral\u0103, motiv pentru care a fost necesar\u0103 \u00eendep\u0103rtarea a trei corpi vertebrali \u0219i reconstruirea acestora printr-un un implant specific, anun\u021b\u0103 Administra\u021bia Spitalelor \u0219i Serviciilor Medicale Bucure\u0219ti [&hellip;]","og_url":"https:\/\/buletin.de\/bucuresti\/tanar-de-26-de-ani-cu-infectie-la-coloana-vertebrala-salvat-dupa-o-operatie-de-10-ore-la-spitalul-foisor\/","og_site_name":"Buletin de Bucure\u0219ti","article_publisher":"https:\/\/www.facebook.com\/buletin.de.buc","article_published_time":"2024-05-23T12:04:25+00:00","article_modified_time":"2024-05-23T12:04:26+00:00","og_image":[{"width":1601,"height":610,"url":"https:\/\/buletin.de\/bucuresti\/wp-content\/uploads\/Ortopedie-Foisor.jpg","type":"image\/jpeg"}],"author":"Andreea Tudor","twitter_card":"summary_large_image","twitter_misc":{"Written by":"Andreea Tudor","Estimated reading time":"1 minute"},"schema":{"@context":"https:\/\/schema.org","@graph":[{"@type":"Article","@id":"https:\/\/buletin.de\/bucuresti\/tanar-de-26-de-ani-cu-infectie-la-coloana-vertebrala-salvat-dupa-o-operatie-de-10-ore-la-spitalul-foisor\/#article","isPartOf":{"@id":"https:\/\/buletin.de\/bucuresti\/tanar-de-26-de-ani-cu-infectie-la-coloana-vertebrala-salvat-dupa-o-operatie-de-10-ore-la-spitalul-foisor\/"},"author":{"name":"Andreea Tudor","@id":"https:\/\/buletin.de\/bucuresti\/#\/schema\/person\/150590659efde715459d159da012f501"},"headline":"T\u00e2n\u0103r de 26 de ani cu infec\u0163ie la coloana vertebral\u0103, salvat dup\u0103 o opera\u0163ie de 10 ore, la\u00a0Spitalul\u00a0Foi\u015for","datePublished":"2024-05-23T12:04:25+00:00","dateModified":"2024-05-23T12:04:26+00:00","mainEntityOfPage":{"@id":"https:\/\/buletin.de\/bucuresti\/tanar-de-26-de-ani-cu-infectie-la-coloana-vertebrala-salvat-dupa-o-operatie-de-10-ore-la-spitalul-foisor\/"},"wordCount":205,"publisher":{"@id":"https:\/\/buletin.de\/bucuresti\/#organization"},"image":{"@id":"https:\/\/buletin.de\/bucuresti\/tanar-de-26-de-ani-cu-infectie-la-coloana-vertebrala-salvat-dupa-o-operatie-de-10-ore-la-spitalul-foisor\/#primaryimage"},"thumbnailUrl":"https:\/\/buletin.de\/bucuresti\/wp-content\/uploads\/Ortopedie-Foisor.jpg","keywords":["assmb","infectie tbc","medici Spitalul Foisor","operatie de 10 ore","spitalul foisor","tuberculoza"],"articleSection":["Articole","S\u0103n\u0103tate","\u0218tiri"],"inLanguage":"en-GB","copyrightYear":"2024","copyrightHolder":{"@id":"https:\/\/buletin.de\/bucuresti\/#organization"}},{"@type":"WebPage","@id":"https:\/\/buletin.de\/bucuresti\/tanar-de-26-de-ani-cu-infectie-la-coloana-vertebrala-salvat-dupa-o-operatie-de-10-ore-la-spitalul-foisor\/","url":"https:\/\/buletin.de\/bucuresti\/tanar-de-26-de-ani-cu-infectie-la-coloana-vertebrala-salvat-dupa-o-operatie-de-10-ore-la-spitalul-foisor\/","name":"T\u00e2n\u0103r de 26 de ani cu infec\u0163ie la coloana vertebral\u0103, salvat dup\u0103 o opera\u0163ie de 10 ore, la\u00a0Spitalul\u00a0Foi\u015for - Buletin de Bucure\u0219ti","isPartOf":{"@id":"https:\/\/buletin.de\/bucuresti\/#website"},"primaryImageOfPage":{"@id":"https:\/\/buletin.de\/bucuresti\/tanar-de-26-de-ani-cu-infectie-la-coloana-vertebrala-salvat-dupa-o-operatie-de-10-ore-la-spitalul-foisor\/#primaryimage"},"image":{"@id":"https:\/\/buletin.de\/bucuresti\/tanar-de-26-de-ani-cu-infectie-la-coloana-vertebrala-salvat-dupa-o-operatie-de-10-ore-la-spitalul-foisor\/#primaryimage"},"thumbnailUrl":"https:\/\/buletin.de\/bucuresti\/wp-content\/uploads\/Ortopedie-Foisor.jpg","datePublished":"2024-05-23T12:04:25+00:00","dateModified":"2024-05-23T12:04:26+00:00","breadcrumb":{"@id":"https:\/\/buletin.de\/bucuresti\/tanar-de-26-de-ani-cu-infectie-la-coloana-vertebrala-salvat-dupa-o-operatie-de-10-ore-la-spitalul-foisor\/#breadcrumb"},"inLanguage":"en-GB","potentialAction":[{"@type":"ReadAction","target":["https:\/\/buletin.de\/bucuresti\/tanar-de-26-de-ani-cu-infectie-la-coloana-vertebrala-salvat-dupa-o-operatie-de-10-ore-la-spitalul-foisor\/"]}]},{"@type":"ImageObject","inLanguage":"en-GB","@id":"https:\/\/buletin.de\/bucuresti\/tanar-de-26-de-ani-cu-infectie-la-coloana-vertebrala-salvat-dupa-o-operatie-de-10-ore-la-spitalul-foisor\/#primaryimage","url":"https:\/\/buletin.de\/bucuresti\/wp-content\/uploads\/Ortopedie-Foisor.jpg","contentUrl":"https:\/\/buletin.de\/bucuresti\/wp-content\/uploads\/Ortopedie-Foisor.jpg","width":1601,"height":610,"caption":"FOTO: FB\/ ASSMB"},{"@type":"BreadcrumbList","@id":"https:\/\/buletin.de\/bucuresti\/tanar-de-26-de-ani-cu-infectie-la-coloana-vertebrala-salvat-dupa-o-operatie-de-10-ore-la-spitalul-foisor\/#breadcrumb","itemListElement":[{"@type":"ListItem","position":1,"name":"Acas\u0103","item":"https:\/\/buletin.de\/bucuresti\/"},{"@type":"ListItem","position":2,"name":"T\u00e2n\u0103r de 26 de ani cu infec\u0163ie la coloana vertebral\u0103, salvat dup\u0103 o opera\u0163ie de 10 ore, la\u00a0Spitalul\u00a0Foi\u015for"}]},{"@type":"WebSite","@id":"https:\/\/buletin.de\/bucuresti\/#website","url":"https:\/\/buletin.de\/bucuresti\/","name":"Buletin de Bucure\u0219ti","description":"\u0218tiri \u0219i investiga\u021bii esen\u021biale din capital\u0103","publisher":{"@id":"https:\/\/buletin.de\/bucuresti\/#organization"},"potentialAction":[{"@type":"SearchAction","target":{"@type":"EntryPoint","urlTemplate":"https:\/\/buletin.de\/bucuresti\/?s={search_term_string}"},"query-input":{"@type":"PropertyValueSpecification","valueRequired":true,"valueName":"search_term_string"}}],"inLanguage":"en-GB"},{"@type":"Organization","@id":"https:\/\/buletin.de\/bucuresti\/#organization","name":"Buletin de Bucure\u0219ti","url":"https:\/\/buletin.de\/bucuresti\/","logo":{"@type":"ImageObject","inLanguage":"en-GB","@id":"https:\/\/buletin.de\/bucuresti\/#\/schema\/logo\/image\/","url":"https:\/\/buletin.de\/bucuresti\/wp-content\/uploads\/logo-bdb-full-wide-vernil-transparent.png","contentUrl":"https:\/\/buletin.de\/bucuresti\/wp-content\/uploads\/logo-bdb-full-wide-vernil-transparent.png","width":1782,"height":626,"caption":"Buletin de Bucure\u0219ti"},"image":{"@id":"https:\/\/buletin.de\/bucuresti\/#\/schema\/logo\/image\/"},"sameAs":["https:\/\/www.facebook.com\/buletin.de.buc","https:\/\/www.instagram.com\/buletinde.bucuresti\/"]},{"@type":"Person","@id":"https:\/\/buletin.de\/bucuresti\/#\/schema\/person\/150590659efde715459d159da012f501","name":"Andreea Tudor","image":{"@type":"ImageObject","inLanguage":"en-GB","@id":"https:\/\/secure.gravatar.com\/avatar\/a88705a186ab0b67f3349bcbced506c09e37256fbaad0e7f3bd1a79b4599f589?s=96&d=monsterid&r=g79290610aa1a65c2b86eebc2ca5aee8f","url":"https:\/\/secure.gravatar.com\/avatar\/a88705a186ab0b67f3349bcbced506c09e37256fbaad0e7f3bd1a79b4599f589?s=96&d=monsterid&r=g","contentUrl":"https:\/\/secure.gravatar.com\/avatar\/a88705a186ab0b67f3349bcbced506c09e37256fbaad0e7f3bd1a79b4599f589?s=96&d=monsterid&r=g","caption":"Andreea Tudor"},"description":"N\u0103scut\u0103 \u0219i crescut\u0103 \u00een Bucure\u0219ti, sus\u021bin\u0103toare a presei independente. A\u0219a am ajuns redactor la Buletin de Bucure\u0219ti. Fiind eu, \u00eens\u0103mi, parte a sistemului de \u00eenv\u0103\u021b\u0103m\u00e2nt rom\u00e2nesc \u0219i pasionat\u0103 de domeniul social, pun sub lup\u0103 tot ceea ce se \u00eent\u00e2mpl\u0103 \u00een sfera educa\u021biei. Cred cu t\u0103rie c\u0103 presa \u201epentru cet\u0103\u021beni\u201d este presa independent\u0103. Oamenii au nevoie de o informare corect\u0103 pentru a \u00een\u021belege pe deplin ce se \u00eent\u00e2mpl\u0103 \u00een jurul lor \u0219i pentru a lua ac\u021biune \u00eempotriva nedrept\u0103\u021bilor.","url":"https:\/\/buletin.de\/bucuresti\/author\/andreeatudor\/"}]}},"authors":[{"term_id":22573,"user_id":55,"is_guest":0,"slug":"andreeatudor","display_name":"Andreea Tudor","avatar_url":"https:\/\/secure.gravatar.com\/avatar\/a88705a186ab0b67f3349bcbced506c09e37256fbaad0e7f3bd1a79b4599f589?s=96&d=monsterid&r=g","0":null,"1":"","2":"","3":"","4":"","5":"","6":"","7":"","8":""}],"_links":{"self":[{"href":"https:\/\/buletin.de\/bucuresti\/wp-json\/wp\/v2\/posts\/86140","targetHints":{"allow":["GET"]}}],"collection":[{"href":"https:\/\/buletin.de\/bucuresti\/wp-json\/wp\/v2\/posts"}],"about":[{"href":"https:\/\/buletin.de\/bucuresti\/wp-json\/wp\/v2\/types\/post"}],"author":[{"embeddable":true,"href":"https:\/\/buletin.de\/bucuresti\/wp-json\/wp\/v2\/users\/55"}],"replies":[{"embeddable":true,"href":"https:\/\/buletin.de\/bucuresti\/wp-json\/wp\/v2\/comments?post=86140"}],"version-history":[{"count":3,"href":"https:\/\/buletin.de\/bucuresti\/wp-json\/wp\/v2\/posts\/86140\/revisions"}],"predecessor-version":[{"id":86171,"href":"https:\/\/buletin.de\/bucuresti\/wp-json\/wp\/v2\/posts\/86140\/revisions\/86171"}],"wp:featuredmedia":[{"embeddable":true,"href":"https:\/\/buletin.de\/bucuresti\/wp-json\/wp\/v2\/media\/86166"}],"wp:attachment":[{"href":"https:\/\/buletin.de\/bucuresti\/wp-json\/wp\/v2\/media?parent=86140"}],"wp:term":[{"taxonomy":"category","embeddable":true,"href":"https:\/\/buletin.de\/bucuresti\/wp-json\/wp\/v2\/categories?post=86140"},{"taxonomy":"post_tag","embeddable":true,"href":"https:\/\/buletin.de\/bucuresti\/wp-json\/wp\/v2\/tags?post=86140"},{"taxonomy":"author","embeddable":true,"href":"https:\/\/buletin.de\/bucuresti\/wp-json\/wp\/v2\/ppma_author?post=86140"}],"curies":[{"name":"wp","href":"https:\/\/api.w.org\/{rel}","templated":true}]}}