{"id":8611,"date":"2020-06-26T07:19:29","date_gmt":"2020-06-26T04:19:29","guid":{"rendered":"https:\/\/buletin.de\/bucuresti\/?p=8611"},"modified":"2020-06-29T14:44:30","modified_gmt":"2020-06-29T11:44:30","slug":"averile-primarilor-bucuresteni","status":"publish","type":"post","link":"https:\/\/buletin.de\/bucuresti\/averile-primarilor-bucuresteni\/","title":{"rendered":"Averile primarilor bucure\u0219teni"},"content":{"rendered":"\n<p><strong>S\u0103 fii primar \u00een Capital\u0103 este c\u00e2t se poate de profitabil. Pot depune m\u0103rturie actualii edili. \u00cen condi\u021biile \u00een care \u00een 2019 salariul mediu pe economie a crescut cu 13%, Mugur Mihai Toader, primarul sectorului 2, a avut venituri cu 26% mai mari comparativ cu 2018. A \u00eencasat anul trecut \u00een calitatea de ales local peste 164.000 lei, potrivit propriei declara\u021bii de avere. Func\u021bia de primar i-a adus \u0219i lui Robert Negoi\u021b\u0103, \u00een 2019, venituri cu 15% mai mari ca \u00een 2018. Banii ob\u021binu\u021bi \u00een plus nu au fost folosi\u021bi de edil ca s\u0103-\u0219i pl\u0103teasc\u0103 datoriile c\u0103tre FIsc \u0219i nici c\u0103tre prim\u0103ria pe care o conduce. Legea 176\/2010 \u00eei oblig\u0103 pe ale\u0219ii locali s\u0103 \u00ee\u0219i declare veniturile ob\u021binute \u00een anul precedent, precum \u0219i bunurile \u0219i datoriile pe care le au, at\u00e2t ei, c\u00e2t \u0219i familiile lor, p\u00e2n\u0103 pe data de 15 iunie. Cu toate acestea, Gabriel Mutu \u0219i Daniel Florea, primarii sectoarelor 6 \u0219i 5, nu \u0219i-au publicat \u00eenc\u0103 declara\u021biile de avere. <\/strong><\/p>\n\n\n\n<p>Datoria lui <strong>Robert Negoi\u021b\u0103<\/strong> la Fisc a s\u0103rit de un sfert de miliard de lei, potrivit propriei declara\u021bii de avere. Edilul de la sectorul 3 a contestat \u00een instan\u021b\u0103 aceast\u0103 datorie. Mai mul\u021bi bani ca \u00een 2018 are de dat Robert Negoi\u021b\u0103 \u0219i prim\u0103riei pe care o conduce. Datoria sa la prim\u0103ria sectorului 3 a crescut de la 75.000 lei la 115.000 lei. Edilul este pe lista datornicilor \u0219i la sectorului 4, prim\u0103ria Constan\u021ba, prim\u0103ria Voluntari, prim\u0103ria Pope\u0219ti-Leordeni \u0219i prim\u0103ria Afuma\u021bi, adic\u0103 datoreaz\u0103 bani c\u0103tre autorit\u0103\u021bile din localit\u0103\u021bile unde de\u021bine numeroase propriet\u0103\u021bi, precum terenuri, case, locuri de parcare \u0219i o hal\u0103 de produc\u021bie. Datoriile totale ale primarului sectorului 3 se ridic\u0103 la aproape 266 de milioane de lei. <\/p>\n\n\n\n<figure class=\"wp-block-image size-large\"><img fetchpriority=\"high\" decoding=\"async\" width=\"900\" height=\"600\" src=\"data:image\/gif;base64,R0lGODlhAQABAAAAACH5BAEKAAEALAAAAAABAAEAAAICTAEAOw==\" data-src=\"https:\/\/buletin.de\/bucuresti\/wp-content\/uploads\/Robert-Negoita-si-Gabriela-Firea-900x600.jpg\" alt=\"\" class=\"wp-image-8613 lazyload\" data-sizes=\"auto\" data-srcset=\"https:\/\/buletin.de\/bucuresti\/wp-content\/uploads\/Robert-Negoita-si-Gabriela-Firea-900x600.jpg 900w, https:\/\/buletin.de\/bucuresti\/wp-content\/uploads\/Robert-Negoita-si-Gabriela-Firea-600x400.jpg 600w, https:\/\/buletin.de\/bucuresti\/wp-content\/uploads\/Robert-Negoita-si-Gabriela-Firea-300x200.jpg 300w, https:\/\/buletin.de\/bucuresti\/wp-content\/uploads\/Robert-Negoita-si-Gabriela-Firea-768x512.jpg 768w, https:\/\/buletin.de\/bucuresti\/wp-content\/uploads\/Robert-Negoita-si-Gabriela-Firea-550x367.jpg 550w, https:\/\/buletin.de\/bucuresti\/wp-content\/uploads\/Robert-Negoita-si-Gabriela-Firea-750x500.jpg 750w, https:\/\/buletin.de\/bucuresti\/wp-content\/uploads\/Robert-Negoita-si-Gabriela-Firea.jpg 972w\" sizes=\"(max-width: 900px) 100vw, 900px\" \/><figcaption>Sursa: Pagina de Facebook a Prim\u0103riei Sectorului 3<\/figcaption><\/figure>\n\n\n\n<p>Cel mai \u00eendatorat primar al Capitalei, este, bine\u00een\u021beles, \u0219i cel c\u0103ruia \u00eei bat cel mai des la u\u0219\u0103 executorii judec\u0103tore\u0219ti. Anul trecut, Robert Negoi\u021b\u0103 a pierdut prin executare silit\u0103 un teren de 50.000 de mp \u00een Pope\u0219ti-Leordeni. <\/p>\n\n\n\n<p>Primarul sectorului 3 de\u021bine \u0219i participa\u021bii\nmajoritare \u00een dou\u0103 firme: Magic Water Park SRL (parcul acvatic din Otopeni) \u0219i Domus\nSteel Real Estate Solutions SRL. <\/p>\n\n\n\n<p>Robert Negoi\u021b\u0103 a \u00eencasat anul trecut \u00een calitate de\nprimar peste 164 de mii de lei, cu 15,2% mai mul\u021bi bani ca \u00een 2018. Asta\n\u00eenseamn\u0103 c\u0103 salariul s\u0103u lunar s-a ridicat la circa 13.700 de lei. <\/p>\n\n\n\n<p>Fiul primarului, Rafael Louis Negoi\u021b\u0103, lucreaz\u0103 \u0219i el\ntot \u00een administra\u021bia local\u0103, iar potrivit declara\u021biei de avere a tat\u0103lui s\u0103u, a\n\u00eencasat anul trecut 19.696 de lei de la &nbsp;o\nAdministra\u021bie a domeniului public din Bucure\u0219ti. Pe 14 mai, pe site-ul prim\u0103riei\nsectorului 3 a ap\u0103rut un document care atest\u0103 c\u0103 Louis Rafael Negoi\u021b\u0103 a fost\nadmis prin concurs cu 66 de puncte pe un post de referent grad 2 la Serviciul\nde Salubritate al Sectorului 3.<\/p>\n\n\n\n<p>Un venit similar cu cel al lui Robert Negoi\u021b\u0103 a avut \u0219i <strong>Mihai Mugur Toader<\/strong>, primarul sectorului 2. El este campionul cre\u0219terilor salariale din r\u00e2ndul edililor bucure\u0219teni. Venitul s\u0103u a fost \u00een 2019 cu 26,7% mai mare ca \u00een 2018. Chiar dac\u0103 a c\u00e2\u0219tigat mai bine Mugur Mihai Toader nu a reu\u0219it s\u0103 returneze nici m\u0103car un cent din \u00eemprumutul de 30.000 de euro luat de la o persoan\u0103 fizic\u0103. <\/p>\n\n\n\n<figure class=\"wp-block-image size-large is-resized\"><img decoding=\"async\" src=\"data:image\/gif;base64,R0lGODlhAQABAAAAACH5BAEKAAEALAAAAAABAAEAAAICTAEAOw==\" data-src=\"https:\/\/buletin.de\/bucuresti\/wp-content\/uploads\/Dan-Mugurel-Toader-900x600.jpg\" alt=\"\" class=\"wp-image-8614 lazyload\" width=\"585\" height=\"389\" data-sizes=\"auto\" data-srcset=\"https:\/\/buletin.de\/bucuresti\/wp-content\/uploads\/Dan-Mugurel-Toader-900x600.jpg 900w, https:\/\/buletin.de\/bucuresti\/wp-content\/uploads\/Dan-Mugurel-Toader-600x400.jpg 600w, https:\/\/buletin.de\/bucuresti\/wp-content\/uploads\/Dan-Mugurel-Toader-300x200.jpg 300w, https:\/\/buletin.de\/bucuresti\/wp-content\/uploads\/Dan-Mugurel-Toader-768x512.jpg 768w, https:\/\/buletin.de\/bucuresti\/wp-content\/uploads\/Dan-Mugurel-Toader-550x367.jpg 550w, https:\/\/buletin.de\/bucuresti\/wp-content\/uploads\/Dan-Mugurel-Toader-750x500.jpg 750w, https:\/\/buletin.de\/bucuresti\/wp-content\/uploads\/Dan-Mugurel-Toader.jpg 960w\" sizes=\"(max-width: 585px) 100vw, 585px\" \/><figcaption>Sursa: Pagina de Facebook a primarului sectorului 2<\/figcaption><\/figure>\n\n\n\n<p>Primarul sectorului 2 nu are doar datorii, ci \u0219i bani \u00een b\u0103nci, circa 164 de mii de lei. Acesta de\u021bine \u0219i dou\u0103 ma\u0219ini, printre care o Dacia din 1998, dar \u0219i bijuterii \u0219i tablouri \u00een valoare de 10.000 de euro. So\u021bia sa este consilier la Ministerul Fondurilor Europene. Anul trecut a \u00eencasat aproape 91.000 lei. <\/p>\n\n\n\n<p>Postul de primar i-a adus anul trecut lui <strong>Daniel B\u0103lu\u021b\u0103<\/strong>, de la Sectorul 4, venituri de peste 131 de mii de lei, \u00een cre\u0219tere cu 9,4% fa\u021b\u0103 de 2018. Stomatolog de profesie, acesta de\u021bine, \u00eempreun\u0103 cu so\u021bia un cabinet de specialitate \u00een Capital\u0103, care anul trecut le-a adus venituri de circa 120.000 de lei fiec\u0103ruia. So\u021bia primarului, Mihaela B\u0103lu\u021b\u0103, a mai primit bani \u0219i de la Universitatea de Medicin\u0103 \u0219i Farmacie din Bucure\u0219ti unde este \u0219i cadru didactic. <\/p>\n\n\n\n<figure class=\"wp-block-image size-large\"><img decoding=\"async\" width=\"900\" height=\"598\" src=\"data:image\/gif;base64,R0lGODlhAQABAAAAACH5BAEKAAEALAAAAAABAAEAAAICTAEAOw==\" data-src=\"https:\/\/buletin.de\/bucuresti\/wp-content\/uploads\/Daniel-Baluta-900x598.jpg\" alt=\"\" class=\"wp-image-8615 lazyload\" data-sizes=\"auto\" data-srcset=\"https:\/\/buletin.de\/bucuresti\/wp-content\/uploads\/Daniel-Baluta-900x598.jpg 900w, https:\/\/buletin.de\/bucuresti\/wp-content\/uploads\/Daniel-Baluta-600x398.jpg 600w, https:\/\/buletin.de\/bucuresti\/wp-content\/uploads\/Daniel-Baluta-300x199.jpg 300w, https:\/\/buletin.de\/bucuresti\/wp-content\/uploads\/Daniel-Baluta-768x510.jpg 768w, https:\/\/buletin.de\/bucuresti\/wp-content\/uploads\/Daniel-Baluta-1536x1020.jpg 1536w, https:\/\/buletin.de\/bucuresti\/wp-content\/uploads\/Daniel-Baluta-1060x704.jpg 1060w, https:\/\/buletin.de\/bucuresti\/wp-content\/uploads\/Daniel-Baluta-550x365.jpg 550w, https:\/\/buletin.de\/bucuresti\/wp-content\/uploads\/Daniel-Baluta-753x500.jpg 753w, https:\/\/buletin.de\/bucuresti\/wp-content\/uploads\/Daniel-Baluta-1920x1275.jpg 1920w, https:\/\/buletin.de\/bucuresti\/wp-content\/uploads\/Daniel-Baluta-1626x1080.jpg 1626w, https:\/\/buletin.de\/bucuresti\/wp-content\/uploads\/Daniel-Baluta.jpg 2048w\" sizes=\"(max-width: 900px) 100vw, 900px\" \/><figcaption>Sursa: Pagina de Facebook a lui Daniel B\u0103lu\u021b\u0103 <\/figcaption><\/figure>\n\n\n\n<p>Cei doi de\u021bin un teren de 294 mp \u00een\nSectorul 4 \u0219i o cot\u0103 parte dintr-un teren din comuna prahovean\u0103 \u0218otriile, un\napartament \u0219i o cas\u0103 \u00een Sectorul 4, precum \u0219i un autoturism Volkswagen Tiguan,\nbijuterii, ceasuri \u0219i tablouri mo\u0219teniri de familie evaluate la 10-15.000 de\neuro. Primarul sectorului 4 are \u0219i economii &#8211; circa 20.000 de dolari \u0219i 20.000\nde euro \u2013 dar \u0219i o datorie, un credit, de 80.155 lei. <\/p>\n\n\n\n<p><strong>Dan Tudorache <\/strong>\u0219i-a trecut \u00een declara\u021bia de avere doar venitul ob\u021binut \u00een calitatea de primar al sectorului 1. Acesta a \u00eencasat anul trecut 131.412 lei, adic\u0103 salariul s\u0103u lunar s-a ridicat la 10.951 de lei. <\/p>\n\n\n\n<figure class=\"wp-block-image size-large\"><img loading=\"lazy\" decoding=\"async\" width=\"800\" height=\"450\" src=\"data:image\/gif;base64,R0lGODlhAQABAAAAACH5BAEKAAEALAAAAAABAAEAAAICTAEAOw==\" data-src=\"https:\/\/buletin.de\/bucuresti\/wp-content\/uploads\/Dan-Tudorache.jpg\" alt=\"\" class=\"wp-image-8616 lazyload\" data-sizes=\"auto\" data-srcset=\"https:\/\/buletin.de\/bucuresti\/wp-content\/uploads\/Dan-Tudorache.jpg 800w, https:\/\/buletin.de\/bucuresti\/wp-content\/uploads\/Dan-Tudorache-600x338.jpg 600w, https:\/\/buletin.de\/bucuresti\/wp-content\/uploads\/Dan-Tudorache-300x169.jpg 300w, https:\/\/buletin.de\/bucuresti\/wp-content\/uploads\/Dan-Tudorache-768x432.jpg 768w, https:\/\/buletin.de\/bucuresti\/wp-content\/uploads\/Dan-Tudorache-550x309.jpg 550w\" sizes=\"(max-width: 800px) 100vw, 800px\" \/><figcaption>Sursa foto: Pagina de Facebook a primarului Dan Tudorache <\/figcaption><\/figure>\n\n\n\n<p><strong>Gabriela Firea<\/strong> a ob\u0163inut anul trecut venituri de 181.206 lei \u00een\ncalitate de primar general al Capitalei, conform declara\u0163iei de avere postate\npe site-ul PMB. Este vorba despre o cre\u015ftere a veniturilor cu 8,6%, respectiv 15.000\nde lei, comparativ cu anul 2018. <\/p>\n\n\n\n<p>Al\u0103turi de so\u0163ul ei, Florentin Pandele, edilul de\u0163ine un\nteren intravilan (1.500 mp) \u015fi unul extravilan (60.000 mp) \u00een Sine\u015fti (Ilfov),\nprecum \u015fi dou\u0103 terenuri intravilane \u00een Petr\u0103chioaia (2.240 mp). De asemenea,\ncei doi au o cas\u0103 cu o suprafa\u0163\u0103 de 240 mp \u00een Petr\u0103chioaia. Primarul general\nmai de\u0163ine un automobil cump\u0103rat \u00een 2010, bijuterii \u00een valoare de 130.000 de\neuro \u015fi tablouri de 110.000 de euro. Gabriela Firea are un cont de 63.169 de\nlei deschis \u00een anul 2003, unul de 1.015 dolari \u015fi unul de 1.013 euro, ambele\ndeschise \u00een 2005.<\/p>\n\n\n\n<p>Conform propriei declara\u021bii de avere, pe 19 mai Gabriela\nFirea a v\u00e2ndut cele dou\u0103 terenuri forestiere pe care le de\u0163inea \u00een ora\u015ful\nVoluntari, pentru 26.558 euro \u015fi, respectiv, 70.898 lei.<\/p>\n\n\n\n<p>\u00cen plus, Gabriela Firea are de recuperat 41.000 de euro de la trei persoane pe care le-a \u00eemprumutat. <\/p>\n\n\n\n<figure class=\"wp-block-image size-large\"><img loading=\"lazy\" decoding=\"async\" width=\"900\" height=\"598\" src=\"data:image\/gif;base64,R0lGODlhAQABAAAAACH5BAEKAAEALAAAAAABAAEAAAICTAEAOw==\" data-src=\"https:\/\/buletin.de\/bucuresti\/wp-content\/uploads\/firea-1-900x598.jpg\" alt=\"\" class=\"wp-image-3018 lazyload\" data-sizes=\"auto\" data-srcset=\"https:\/\/buletin.de\/bucuresti\/wp-content\/uploads\/firea-1-900x598.jpg 900w, https:\/\/buletin.de\/bucuresti\/wp-content\/uploads\/firea-1-600x399.jpg 600w, https:\/\/buletin.de\/bucuresti\/wp-content\/uploads\/firea-1-300x199.jpg 300w, https:\/\/buletin.de\/bucuresti\/wp-content\/uploads\/firea-1-768x510.jpg 768w, https:\/\/buletin.de\/bucuresti\/wp-content\/uploads\/firea-1-550x366.jpg 550w, https:\/\/buletin.de\/bucuresti\/wp-content\/uploads\/firea-1-752x500.jpg 752w, https:\/\/buletin.de\/bucuresti\/wp-content\/uploads\/firea-1.jpg 960w\" sizes=\"(max-width: 900px) 100vw, 900px\" \/><figcaption>Sursa: Pagina de Facebook a Gabrielei Firea<\/figcaption><\/figure>\n\n\n\n<p>Potrivit declara\u0163iei de interese, Gabriela Firea are calitatea de asociat la: Tudor Imob Media SRL \u015fi S\u0103pt\u0103m\u00e2na Financiar\u0103 SRL. <\/p>\n\n\n\n<p><em>Foto cover: Pagina de Facebook a Gabrielei Firea, primarul general al Capitalei.<\/em><\/p>\n","protected":false},"excerpt":{"rendered":"<p>S\u0103 fii primar \u00een Capital\u0103 este c\u00e2t se poate de profitabil. Pot depune m\u0103rturie actualii edili. \u00cen condi\u021biile \u00een care \u00een 2019 salariul mediu pe economie a crescut cu 13%, Mugur Mihai Toader, primarul sectorului 2, a avut venituri cu 26% mai mari comparativ cu 2018. A \u00eencasat anul trecut \u00een calitatea de ales local [&hellip;]<\/p>\n","protected":false},"author":11,"featured_media":8612,"comment_status":"closed","ping_status":"open","sticky":false,"template":"","format":"standard","meta":{"_acf_changed":false,"inline_featured_image":false,"ngg_post_thumbnail":0,"footnotes":""},"categories":[24],"tags":[1204,1233,1231,36,1234,220,1232],"ppma_author":[22590],"class_list":["post-8611","post","type-post","status-publish","format-standard","has-post-thumbnail","hentry","category-primarie","tag-daniel-baluta","tag-daniel-tudorache","tag-declaratii-de-avere","tag-gabriela-firea","tag-mihai-mugur-toader","tag-robert-negoita","tag-venituri-primari"],"acf":[],"yoast_head":"<!-- This site is optimized with the Yoast SEO Premium plugin v25.3 (Yoast SEO v27.5) - https:\/\/yoast.com\/product\/yoast-seo-premium-wordpress\/ -->\n<title>Averile primarilor bucure\u0219teni - Buletin de Bucure\u0219ti<\/title>\n<meta name=\"robots\" content=\"index, follow, max-snippet:-1, max-image-preview:large, max-video-preview:-1\" \/>\n<link rel=\"canonical\" href=\"https:\/\/buletin.de\/bucuresti\/averile-primarilor-bucuresteni\/\" \/>\n<meta property=\"og:locale\" content=\"en_GB\" \/>\n<meta property=\"og:type\" content=\"article\" \/>\n<meta property=\"og:title\" content=\"Averile primarilor bucure\u0219teni\" \/>\n<meta property=\"og:description\" content=\"S\u0103 fii primar \u00een Capital\u0103 este c\u00e2t se poate de profitabil. Pot depune m\u0103rturie actualii edili. \u00cen condi\u021biile \u00een care \u00een 2019 salariul mediu pe economie a crescut cu 13%, Mugur Mihai Toader, primarul sectorului 2, a avut venituri cu 26% mai mari comparativ cu 2018. A \u00eencasat anul trecut \u00een calitatea de ales local [&hellip;]\" \/>\n<meta property=\"og:url\" content=\"https:\/\/buletin.de\/bucuresti\/averile-primarilor-bucuresteni\/\" \/>\n<meta property=\"og:site_name\" content=\"Buletin de Bucure\u0219ti\" \/>\n<meta property=\"article:publisher\" content=\"https:\/\/www.facebook.com\/buletin.de.buc\" \/>\n<meta property=\"article:published_time\" content=\"2020-06-26T04:19:29+00:00\" \/>\n<meta property=\"article:modified_time\" content=\"2020-06-29T11:44:30+00:00\" \/>\n<meta property=\"og:image\" content=\"https:\/\/buletin.de\/bucuresti\/wp-content\/uploads\/Primarii-Bucurestiului.jpg\" \/>\n\t<meta property=\"og:image:width\" content=\"1440\" \/>\n\t<meta property=\"og:image:height\" content=\"958\" \/>\n\t<meta property=\"og:image:type\" content=\"image\/jpeg\" \/>\n<meta name=\"author\" content=\"Cristina Sb\u00eern\" \/>\n<meta name=\"twitter:card\" content=\"summary_large_image\" \/>\n<meta name=\"twitter:label1\" content=\"Written by\" \/>\n\t<meta name=\"twitter:data1\" content=\"Cristina Sb\u00eern\" \/>\n\t<meta name=\"twitter:label2\" content=\"Estimated reading time\" \/>\n\t<meta name=\"twitter:data2\" content=\"5 minutes\" \/>\n<script type=\"application\/ld+json\" class=\"yoast-schema-graph\">{\"@context\":\"https:\\\/\\\/schema.org\",\"@graph\":[{\"@type\":\"Article\",\"@id\":\"https:\\\/\\\/buletin.de\\\/bucuresti\\\/averile-primarilor-bucuresteni\\\/#article\",\"isPartOf\":{\"@id\":\"https:\\\/\\\/buletin.de\\\/bucuresti\\\/averile-primarilor-bucuresteni\\\/\"},\"author\":{\"name\":\"Cristina Sb\u00eern\",\"@id\":\"https:\\\/\\\/buletin.de\\\/bucuresti\\\/#\\\/schema\\\/person\\\/491b46d206898645bf48e42ec8d16a4e\"},\"headline\":\"Averile primarilor bucure\u0219teni\",\"datePublished\":\"2020-06-26T04:19:29+00:00\",\"dateModified\":\"2020-06-29T11:44:30+00:00\",\"mainEntityOfPage\":{\"@id\":\"https:\\\/\\\/buletin.de\\\/bucuresti\\\/averile-primarilor-bucuresteni\\\/\"},\"wordCount\":1045,\"publisher\":{\"@id\":\"https:\\\/\\\/buletin.de\\\/bucuresti\\\/#organization\"},\"image\":{\"@id\":\"https:\\\/\\\/buletin.de\\\/bucuresti\\\/averile-primarilor-bucuresteni\\\/#primaryimage\"},\"thumbnailUrl\":\"https:\\\/\\\/buletin.de\\\/bucuresti\\\/wp-content\\\/uploads\\\/Primarii-Bucurestiului.jpg\",\"keywords\":[\"daniel baluta\",\"daniel tudorache\",\"declaratii de avere\",\"gabriela firea\",\"mihai mugur toader\",\"robert negoita\",\"venituri primari\"],\"articleSection\":[\"Prim\u0103rie\"],\"inLanguage\":\"en-GB\",\"copyrightYear\":\"2020\",\"copyrightHolder\":{\"@id\":\"https:\\\/\\\/buletin.de\\\/bucuresti\\\/#organization\"}},{\"@type\":\"WebPage\",\"@id\":\"https:\\\/\\\/buletin.de\\\/bucuresti\\\/averile-primarilor-bucuresteni\\\/\",\"url\":\"https:\\\/\\\/buletin.de\\\/bucuresti\\\/averile-primarilor-bucuresteni\\\/\",\"name\":\"Averile primarilor bucure\u0219teni - Buletin de Bucure\u0219ti\",\"isPartOf\":{\"@id\":\"https:\\\/\\\/buletin.de\\\/bucuresti\\\/#website\"},\"primaryImageOfPage\":{\"@id\":\"https:\\\/\\\/buletin.de\\\/bucuresti\\\/averile-primarilor-bucuresteni\\\/#primaryimage\"},\"image\":{\"@id\":\"https:\\\/\\\/buletin.de\\\/bucuresti\\\/averile-primarilor-bucuresteni\\\/#primaryimage\"},\"thumbnailUrl\":\"https:\\\/\\\/buletin.de\\\/bucuresti\\\/wp-content\\\/uploads\\\/Primarii-Bucurestiului.jpg\",\"datePublished\":\"2020-06-26T04:19:29+00:00\",\"dateModified\":\"2020-06-29T11:44:30+00:00\",\"breadcrumb\":{\"@id\":\"https:\\\/\\\/buletin.de\\\/bucuresti\\\/averile-primarilor-bucuresteni\\\/#breadcrumb\"},\"inLanguage\":\"en-GB\",\"potentialAction\":[{\"@type\":\"ReadAction\",\"target\":[\"https:\\\/\\\/buletin.de\\\/bucuresti\\\/averile-primarilor-bucuresteni\\\/\"]}]},{\"@type\":\"ImageObject\",\"inLanguage\":\"en-GB\",\"@id\":\"https:\\\/\\\/buletin.de\\\/bucuresti\\\/averile-primarilor-bucuresteni\\\/#primaryimage\",\"url\":\"https:\\\/\\\/buletin.de\\\/bucuresti\\\/wp-content\\\/uploads\\\/Primarii-Bucurestiului.jpg\",\"contentUrl\":\"https:\\\/\\\/buletin.de\\\/bucuresti\\\/wp-content\\\/uploads\\\/Primarii-Bucurestiului.jpg\",\"width\":1440,\"height\":958},{\"@type\":\"BreadcrumbList\",\"@id\":\"https:\\\/\\\/buletin.de\\\/bucuresti\\\/averile-primarilor-bucuresteni\\\/#breadcrumb\",\"itemListElement\":[{\"@type\":\"ListItem\",\"position\":1,\"name\":\"Acas\u0103\",\"item\":\"https:\\\/\\\/buletin.de\\\/bucuresti\\\/\"},{\"@type\":\"ListItem\",\"position\":2,\"name\":\"Averile primarilor bucure\u0219teni\"}]},{\"@type\":\"WebSite\",\"@id\":\"https:\\\/\\\/buletin.de\\\/bucuresti\\\/#website\",\"url\":\"https:\\\/\\\/buletin.de\\\/bucuresti\\\/\",\"name\":\"Buletin de Bucure\u0219ti\",\"description\":\"\u0218tiri \u0219i investiga\u021bii esen\u021biale din capital\u0103\",\"publisher\":{\"@id\":\"https:\\\/\\\/buletin.de\\\/bucuresti\\\/#organization\"},\"potentialAction\":[{\"@type\":\"SearchAction\",\"target\":{\"@type\":\"EntryPoint\",\"urlTemplate\":\"https:\\\/\\\/buletin.de\\\/bucuresti\\\/?s={search_term_string}\"},\"query-input\":{\"@type\":\"PropertyValueSpecification\",\"valueRequired\":true,\"valueName\":\"search_term_string\"}}],\"inLanguage\":\"en-GB\"},{\"@type\":\"Organization\",\"@id\":\"https:\\\/\\\/buletin.de\\\/bucuresti\\\/#organization\",\"name\":\"Buletin de Bucure\u0219ti\",\"url\":\"https:\\\/\\\/buletin.de\\\/bucuresti\\\/\",\"logo\":{\"@type\":\"ImageObject\",\"inLanguage\":\"en-GB\",\"@id\":\"https:\\\/\\\/buletin.de\\\/bucuresti\\\/#\\\/schema\\\/logo\\\/image\\\/\",\"url\":\"https:\\\/\\\/buletin.de\\\/bucuresti\\\/wp-content\\\/uploads\\\/logo-bdb-full-wide-vernil-transparent.png\",\"contentUrl\":\"https:\\\/\\\/buletin.de\\\/bucuresti\\\/wp-content\\\/uploads\\\/logo-bdb-full-wide-vernil-transparent.png\",\"width\":1782,\"height\":626,\"caption\":\"Buletin de Bucure\u0219ti\"},\"image\":{\"@id\":\"https:\\\/\\\/buletin.de\\\/bucuresti\\\/#\\\/schema\\\/logo\\\/image\\\/\"},\"sameAs\":[\"https:\\\/\\\/www.facebook.com\\\/buletin.de.buc\",\"https:\\\/\\\/www.instagram.com\\\/buletinde.bucuresti\\\/\"]},{\"@type\":\"Person\",\"@id\":\"https:\\\/\\\/buletin.de\\\/bucuresti\\\/#\\\/schema\\\/person\\\/491b46d206898645bf48e42ec8d16a4e\",\"name\":\"Cristina Sb\u00eern\",\"image\":{\"@type\":\"ImageObject\",\"inLanguage\":\"en-GB\",\"@id\":\"https:\\\/\\\/secure.gravatar.com\\\/avatar\\\/37e16dbd00976eec8a6ce30eadedf4377f2cf2504eadbf5ef401b703947010b3?s=96&d=monsterid&r=g1bf283f4b400adaebc79de5a891c6b20\",\"url\":\"https:\\\/\\\/secure.gravatar.com\\\/avatar\\\/37e16dbd00976eec8a6ce30eadedf4377f2cf2504eadbf5ef401b703947010b3?s=96&d=monsterid&r=g\",\"contentUrl\":\"https:\\\/\\\/secure.gravatar.com\\\/avatar\\\/37e16dbd00976eec8a6ce30eadedf4377f2cf2504eadbf5ef401b703947010b3?s=96&d=monsterid&r=g\",\"caption\":\"Cristina Sb\u00eern\"},\"description\":\"Reporter\",\"url\":\"https:\\\/\\\/buletin.de\\\/bucuresti\\\/author\\\/cristinasbirn\\\/\"}]}<\/script>\n<!-- \/ Yoast SEO Premium plugin. -->","yoast_head_json":{"title":"Averile primarilor bucure\u0219teni - Buletin de Bucure\u0219ti","robots":{"index":"index","follow":"follow","max-snippet":"max-snippet:-1","max-image-preview":"max-image-preview:large","max-video-preview":"max-video-preview:-1"},"canonical":"https:\/\/buletin.de\/bucuresti\/averile-primarilor-bucuresteni\/","og_locale":"en_GB","og_type":"article","og_title":"Averile primarilor bucure\u0219teni","og_description":"S\u0103 fii primar \u00een Capital\u0103 este c\u00e2t se poate de profitabil. Pot depune m\u0103rturie actualii edili. \u00cen condi\u021biile \u00een care \u00een 2019 salariul mediu pe economie a crescut cu 13%, Mugur Mihai Toader, primarul sectorului 2, a avut venituri cu 26% mai mari comparativ cu 2018. A \u00eencasat anul trecut \u00een calitatea de ales local [&hellip;]","og_url":"https:\/\/buletin.de\/bucuresti\/averile-primarilor-bucuresteni\/","og_site_name":"Buletin de Bucure\u0219ti","article_publisher":"https:\/\/www.facebook.com\/buletin.de.buc","article_published_time":"2020-06-26T04:19:29+00:00","article_modified_time":"2020-06-29T11:44:30+00:00","og_image":[{"width":1440,"height":958,"url":"https:\/\/buletin.de\/bucuresti\/wp-content\/uploads\/Primarii-Bucurestiului.jpg","type":"image\/jpeg"}],"author":"Cristina Sb\u00eern","twitter_card":"summary_large_image","twitter_misc":{"Written by":"Cristina Sb\u00eern","Estimated reading time":"5 minutes"},"schema":{"@context":"https:\/\/schema.org","@graph":[{"@type":"Article","@id":"https:\/\/buletin.de\/bucuresti\/averile-primarilor-bucuresteni\/#article","isPartOf":{"@id":"https:\/\/buletin.de\/bucuresti\/averile-primarilor-bucuresteni\/"},"author":{"name":"Cristina Sb\u00eern","@id":"https:\/\/buletin.de\/bucuresti\/#\/schema\/person\/491b46d206898645bf48e42ec8d16a4e"},"headline":"Averile primarilor bucure\u0219teni","datePublished":"2020-06-26T04:19:29+00:00","dateModified":"2020-06-29T11:44:30+00:00","mainEntityOfPage":{"@id":"https:\/\/buletin.de\/bucuresti\/averile-primarilor-bucuresteni\/"},"wordCount":1045,"publisher":{"@id":"https:\/\/buletin.de\/bucuresti\/#organization"},"image":{"@id":"https:\/\/buletin.de\/bucuresti\/averile-primarilor-bucuresteni\/#primaryimage"},"thumbnailUrl":"https:\/\/buletin.de\/bucuresti\/wp-content\/uploads\/Primarii-Bucurestiului.jpg","keywords":["daniel baluta","daniel tudorache","declaratii de avere","gabriela firea","mihai mugur toader","robert negoita","venituri primari"],"articleSection":["Prim\u0103rie"],"inLanguage":"en-GB","copyrightYear":"2020","copyrightHolder":{"@id":"https:\/\/buletin.de\/bucuresti\/#organization"}},{"@type":"WebPage","@id":"https:\/\/buletin.de\/bucuresti\/averile-primarilor-bucuresteni\/","url":"https:\/\/buletin.de\/bucuresti\/averile-primarilor-bucuresteni\/","name":"Averile primarilor bucure\u0219teni - Buletin de Bucure\u0219ti","isPartOf":{"@id":"https:\/\/buletin.de\/bucuresti\/#website"},"primaryImageOfPage":{"@id":"https:\/\/buletin.de\/bucuresti\/averile-primarilor-bucuresteni\/#primaryimage"},"image":{"@id":"https:\/\/buletin.de\/bucuresti\/averile-primarilor-bucuresteni\/#primaryimage"},"thumbnailUrl":"https:\/\/buletin.de\/bucuresti\/wp-content\/uploads\/Primarii-Bucurestiului.jpg","datePublished":"2020-06-26T04:19:29+00:00","dateModified":"2020-06-29T11:44:30+00:00","breadcrumb":{"@id":"https:\/\/buletin.de\/bucuresti\/averile-primarilor-bucuresteni\/#breadcrumb"},"inLanguage":"en-GB","potentialAction":[{"@type":"ReadAction","target":["https:\/\/buletin.de\/bucuresti\/averile-primarilor-bucuresteni\/"]}]},{"@type":"ImageObject","inLanguage":"en-GB","@id":"https:\/\/buletin.de\/bucuresti\/averile-primarilor-bucuresteni\/#primaryimage","url":"https:\/\/buletin.de\/bucuresti\/wp-content\/uploads\/Primarii-Bucurestiului.jpg","contentUrl":"https:\/\/buletin.de\/bucuresti\/wp-content\/uploads\/Primarii-Bucurestiului.jpg","width":1440,"height":958},{"@type":"BreadcrumbList","@id":"https:\/\/buletin.de\/bucuresti\/averile-primarilor-bucuresteni\/#breadcrumb","itemListElement":[{"@type":"ListItem","position":1,"name":"Acas\u0103","item":"https:\/\/buletin.de\/bucuresti\/"},{"@type":"ListItem","position":2,"name":"Averile primarilor bucure\u0219teni"}]},{"@type":"WebSite","@id":"https:\/\/buletin.de\/bucuresti\/#website","url":"https:\/\/buletin.de\/bucuresti\/","name":"Buletin de Bucure\u0219ti","description":"\u0218tiri \u0219i investiga\u021bii esen\u021biale din capital\u0103","publisher":{"@id":"https:\/\/buletin.de\/bucuresti\/#organization"},"potentialAction":[{"@type":"SearchAction","target":{"@type":"EntryPoint","urlTemplate":"https:\/\/buletin.de\/bucuresti\/?s={search_term_string}"},"query-input":{"@type":"PropertyValueSpecification","valueRequired":true,"valueName":"search_term_string"}}],"inLanguage":"en-GB"},{"@type":"Organization","@id":"https:\/\/buletin.de\/bucuresti\/#organization","name":"Buletin de Bucure\u0219ti","url":"https:\/\/buletin.de\/bucuresti\/","logo":{"@type":"ImageObject","inLanguage":"en-GB","@id":"https:\/\/buletin.de\/bucuresti\/#\/schema\/logo\/image\/","url":"https:\/\/buletin.de\/bucuresti\/wp-content\/uploads\/logo-bdb-full-wide-vernil-transparent.png","contentUrl":"https:\/\/buletin.de\/bucuresti\/wp-content\/uploads\/logo-bdb-full-wide-vernil-transparent.png","width":1782,"height":626,"caption":"Buletin de Bucure\u0219ti"},"image":{"@id":"https:\/\/buletin.de\/bucuresti\/#\/schema\/logo\/image\/"},"sameAs":["https:\/\/www.facebook.com\/buletin.de.buc","https:\/\/www.instagram.com\/buletinde.bucuresti\/"]},{"@type":"Person","@id":"https:\/\/buletin.de\/bucuresti\/#\/schema\/person\/491b46d206898645bf48e42ec8d16a4e","name":"Cristina Sb\u00eern","image":{"@type":"ImageObject","inLanguage":"en-GB","@id":"https:\/\/secure.gravatar.com\/avatar\/37e16dbd00976eec8a6ce30eadedf4377f2cf2504eadbf5ef401b703947010b3?s=96&d=monsterid&r=g1bf283f4b400adaebc79de5a891c6b20","url":"https:\/\/secure.gravatar.com\/avatar\/37e16dbd00976eec8a6ce30eadedf4377f2cf2504eadbf5ef401b703947010b3?s=96&d=monsterid&r=g","contentUrl":"https:\/\/secure.gravatar.com\/avatar\/37e16dbd00976eec8a6ce30eadedf4377f2cf2504eadbf5ef401b703947010b3?s=96&d=monsterid&r=g","caption":"Cristina Sb\u00eern"},"description":"Reporter","url":"https:\/\/buletin.de\/bucuresti\/author\/cristinasbirn\/"}]}},"authors":[{"term_id":22590,"user_id":11,"is_guest":0,"slug":"cristinasbirn","display_name":"Cristina Sb\u00eern","avatar_url":"https:\/\/secure.gravatar.com\/avatar\/37e16dbd00976eec8a6ce30eadedf4377f2cf2504eadbf5ef401b703947010b3?s=96&d=monsterid&r=g","0":null,"1":"","2":"","3":"","4":"","5":"","6":"","7":"","8":""}],"_links":{"self":[{"href":"https:\/\/buletin.de\/bucuresti\/wp-json\/wp\/v2\/posts\/8611","targetHints":{"allow":["GET"]}}],"collection":[{"href":"https:\/\/buletin.de\/bucuresti\/wp-json\/wp\/v2\/posts"}],"about":[{"href":"https:\/\/buletin.de\/bucuresti\/wp-json\/wp\/v2\/types\/post"}],"author":[{"embeddable":true,"href":"https:\/\/buletin.de\/bucuresti\/wp-json\/wp\/v2\/users\/11"}],"replies":[{"embeddable":true,"href":"https:\/\/buletin.de\/bucuresti\/wp-json\/wp\/v2\/comments?post=8611"}],"version-history":[{"count":2,"href":"https:\/\/buletin.de\/bucuresti\/wp-json\/wp\/v2\/posts\/8611\/revisions"}],"predecessor-version":[{"id":8618,"href":"https:\/\/buletin.de\/bucuresti\/wp-json\/wp\/v2\/posts\/8611\/revisions\/8618"}],"wp:featuredmedia":[{"embeddable":true,"href":"https:\/\/buletin.de\/bucuresti\/wp-json\/wp\/v2\/media\/8612"}],"wp:attachment":[{"href":"https:\/\/buletin.de\/bucuresti\/wp-json\/wp\/v2\/media?parent=8611"}],"wp:term":[{"taxonomy":"category","embeddable":true,"href":"https:\/\/buletin.de\/bucuresti\/wp-json\/wp\/v2\/categories?post=8611"},{"taxonomy":"post_tag","embeddable":true,"href":"https:\/\/buletin.de\/bucuresti\/wp-json\/wp\/v2\/tags?post=8611"},{"taxonomy":"author","embeddable":true,"href":"https:\/\/buletin.de\/bucuresti\/wp-json\/wp\/v2\/ppma_author?post=8611"}],"curies":[{"name":"wp","href":"https:\/\/api.w.org\/{rel}","templated":true}]}}