{"id":85990,"date":"2024-05-21T15:18:39","date_gmt":"2024-05-21T12:18:39","guid":{"rendered":"https:\/\/buletin.de\/bucuresti\/?p=85990"},"modified":"2024-05-21T15:18:40","modified_gmt":"2024-05-21T12:18:40","slug":"sector-5-scheme-electorale-episodul-ii-dupa-vaca-scoasa-la-pascut-a-venit-randul-picnicului-pe-sina-de-tramvai","status":"publish","type":"post","link":"https:\/\/buletin.de\/bucuresti\/sector-5-scheme-electorale-episodul-ii-dupa-vaca-scoasa-la-pascut-a-venit-randul-picnicului-pe-sina-de-tramvai\/","title":{"rendered":"Sector 5 | Scheme electorale, episodul II. Dup\u0103 vaca scoas\u0103 la p\u0103scut, a venit r\u00e2ndul picnicului pe \u015fina de tramvai"},"content":{"rendered":"\n<p><strong>Candidatul Alian\u0163ei Dreapta Unit\u0103 la Prim\u0103ria Sectorului 5, Alexandru Dimitriu, a f\u0103cut un clip electoral \u00een care depl\u00e2nge lipsa locurilor de picnic din sector \u015fi promite c\u0103 va face parcuri \u00een care astfel de locuri s\u0103 fie amenajate. \u00cens\u0103 n-a f\u0103cut-o \u00eentr-o simpl\u0103 cuv\u00e2ntare, ci a pus cap la cap un \u00eentreg scenariu: el \u015fi \u00eentreaga sa echip\u0103 de consilieri <a href=\"https:\/\/www.facebook.com\/share\/r\/p6SYtUiei3srPCZE\">au a\u015fternut un picnic<\/a> cu mici, pe \u015fina de tramvai \u00eenierbat\u0103. <\/strong><\/p>\n\n\n\n<blockquote class=\"wp-block-quote is-layout-flow wp-block-quote-is-layout-flow\">\n<p class=\"has-medium-font-size\"><strong>Aoleu, vine tramvaiul! \u00cen sectorul 5, dac\u0103 vrei s\u0103 faci un picnic, nu prea ai unde. Singurul loc este \u015fina de tramvai. Ne-am str\u00e2ns \u015fi noi aici s\u0103 m\u00e2nc\u0103m un mic, pentru c\u0103 noi, \u00een sectorul 5, din p\u0103cate, parcuri nu avem.<\/strong><\/p>\n<cite>alexandru dimitriu<\/cite><\/blockquote>\n\n\n\n<p>\u00centre mici, c\u00e2rna\u0163i \u015fi un scurt badminton, candidatul a avut timp \u015fi s\u0103 promit\u0103 c\u0103 va schimba aceast\u0103 situa\u0163ie dac\u0103 va ajunge primar. <\/p>\n\n\n\n<blockquote class=\"wp-block-quote is-layout-flow wp-block-quote-is-layout-flow\">\n<p class=\"has-medium-font-size\"><strong>Avem parcul din Antiaerian\u0103 pe care vrem s\u0103-l facem, acolo o s\u0103 facem zone largi de picnic \u015fi, bine\u00een\u0163eles, trebuie \u015fi restul spa\u0163iilor verzi s\u0103 le facem, poate reu\u0219im \u015fi la ROCAR \u015f\u0103 facem un astfel de spa\u0163iu<\/strong>.<\/p>\n<cite>alexandru dimitriu<\/cite><\/blockquote>\n\n\n\n<p>N-a detaliat cum ar reu\u015fi s\u0103 fac\u0103 parcul de la ROCAR, acolo unde dezvoltatorul One Properties e decis s\u0103 construiasc\u0103 un \u00eentreg cartier, pe terenul fostei fabrici, a\u015fa cum Buletin de Bucure\u015fti a scris <a href=\"https:\/\/buletin.de\/bucuresti\/one-properties-construieste-locuinte-premium-accesibile-pe-terenul-fostei-fabrici-rocar-din-ferentari\/\">AICI<\/a>. <\/p>\n\n\n\n<p>Dimitriu nu e primul candidat la Prim\u0103ria Sectorului 5 care \u00eencearc\u0103 s\u0103 \u00ee\u015fi conving\u0103 electoratul cu un clip de acest gen, f\u0103cut pentru social media. Recent, candidatul PSD-PNL, social-democrat Adrian Vigheciu, s-a filmat la intersec\u0163ia cartierelor Cotroceni \u015fi Panduri, unde a g\u0103sit iarba crescut\u0103 ca pe islaz, semn, las\u0103 el de \u00een\u0163eles, c\u0103 sectorul nu este \u00eengrijit. Ca s\u0103 scoat\u0103 \u00een eviden\u0163\u0103 acest fapt, a venit cu o vac\u0103, pe care a m\u00e2nat-o \u015fi a l\u0103sat-o la p\u0103scut. <\/p>\n\n\n\n<p><\/p>\n\n\n\n<p><strong>CITE\u015eTE \u015eI:<\/strong><\/p>\n\n\n\n<figure class=\"wp-block-embed is-type-wp-embed is-provider-buletin-de-bucure-ti wp-block-embed-buletin-de-bucure-ti\"><div class=\"wp-block-embed__wrapper\">\n<blockquote class=\"wp-embedded-content\" data-secret=\"FLkSO99rsb\"><a href=\"https:\/\/buletin.de\/bucuresti\/editorial-scheme-electorale-vigheciu-a-scos-vaca-la-pascut-burduja-a-facut-cantare-in-centrul-vechi\/\">EDITORIAL | Scheme electorale: Vigheciu a scos vaca la p\u0103scut, Burduja a f\u0103cut c\u00e2ntare \u00een Centrul Vechi<\/a><\/blockquote><iframe class=\"wp-embedded-content\" sandbox=\"allow-scripts\" security=\"restricted\" style=\"position: absolute; clip: rect(1px, 1px, 1px, 1px);\" title=\"&#8220;EDITORIAL | Scheme electorale: Vigheciu a scos vaca la p\u0103scut, Burduja a f\u0103cut c\u00e2ntare \u00een Centrul Vechi&#8221; &#8212; Buletin de Bucure\u0219ti\" src=\"https:\/\/buletin.de\/bucuresti\/editorial-scheme-electorale-vigheciu-a-scos-vaca-la-pascut-burduja-a-facut-cantare-in-centrul-vechi\/embed\/#?secret=vIJgtFuekc#?secret=FLkSO99rsb\" data-secret=\"FLkSO99rsb\" width=\"600\" height=\"338\" frameborder=\"0\" marginwidth=\"0\" marginheight=\"0\" scrolling=\"no\"><\/iframe>\n<\/div><\/figure>\n","protected":false},"excerpt":{"rendered":"<p>Candidatul Alian\u0163ei Dreapta Unit\u0103 la Prim\u0103ria Sectorului 5, Alexandru Dimitriu, a f\u0103cut un clip electoral \u00een care depl\u00e2nge lipsa locurilor de picnic din sector \u015fi promite c\u0103 va face parcuri \u00een care astfel de locuri s\u0103 fie amenajate. \u00cens\u0103 n-a f\u0103cut-o \u00eentr-o simpl\u0103 cuv\u00e2ntare, ci a pus cap la cap un \u00eentreg scenariu: el \u015fi [&hellip;]<\/p>\n","protected":false},"author":8,"featured_media":85996,"comment_status":"closed","ping_status":"open","sticky":false,"template":"","format":"standard","meta":{"_acf_changed":false,"inline_featured_image":false,"ngg_post_thumbnail":0,"footnotes":""},"categories":[6994,5762,9025],"tags":[7741,3759,12088,12089,12091,12090],"ppma_author":[22586],"class_list":["post-85990","post","type-post","status-publish","format-standard","has-post-thumbnail","hentry","category-stiri-2","category-main","category-politic","tag-adrian-vigheciu","tag-alexandru-dimitriu","tag-candidati-sector-5-primaria-capitalei-2024","tag-clipuri-social-media-electorale","tag-cu-vaca-prin-sectorul-5","tag-picnic-sina-de-tramvai"],"acf":[],"yoast_head":"<!-- This site is optimized with the Yoast SEO Premium plugin v25.3 (Yoast SEO v27.4) - https:\/\/yoast.com\/product\/yoast-seo-premium-wordpress\/ -->\n<title>Sector 5 | Scheme electorale, episodul II. Dup\u0103 vaca scoas\u0103 la p\u0103scut, a venit r\u00e2ndul picnicului pe \u015fina de tramvai - Buletin de Bucure\u0219ti<\/title>\n<meta name=\"robots\" content=\"index, follow, max-snippet:-1, max-image-preview:large, max-video-preview:-1\" \/>\n<link rel=\"canonical\" href=\"https:\/\/buletin.de\/bucuresti\/sector-5-scheme-electorale-episodul-ii-dupa-vaca-scoasa-la-pascut-a-venit-randul-picnicului-pe-sina-de-tramvai\/\" \/>\n<meta property=\"og:locale\" content=\"en_GB\" \/>\n<meta property=\"og:type\" content=\"article\" \/>\n<meta property=\"og:title\" content=\"Sector 5 | Scheme electorale, episodul II. Dup\u0103 vaca scoas\u0103 la p\u0103scut, a venit r\u00e2ndul picnicului pe \u015fina de tramvai\" \/>\n<meta property=\"og:description\" content=\"Candidatul Alian\u0163ei Dreapta Unit\u0103 la Prim\u0103ria Sectorului 5, Alexandru Dimitriu, a f\u0103cut un clip electoral \u00een care depl\u00e2nge lipsa locurilor de picnic din sector \u015fi promite c\u0103 va face parcuri \u00een care astfel de locuri s\u0103 fie amenajate. \u00cens\u0103 n-a f\u0103cut-o \u00eentr-o simpl\u0103 cuv\u00e2ntare, ci a pus cap la cap un \u00eentreg scenariu: el \u015fi [&hellip;]\" \/>\n<meta property=\"og:url\" content=\"https:\/\/buletin.de\/bucuresti\/sector-5-scheme-electorale-episodul-ii-dupa-vaca-scoasa-la-pascut-a-venit-randul-picnicului-pe-sina-de-tramvai\/\" \/>\n<meta property=\"og:site_name\" content=\"Buletin de Bucure\u0219ti\" \/>\n<meta property=\"article:publisher\" content=\"https:\/\/www.facebook.com\/buletin.de.buc\" \/>\n<meta property=\"article:published_time\" content=\"2024-05-21T12:18:39+00:00\" \/>\n<meta property=\"article:modified_time\" content=\"2024-05-21T12:18:40+00:00\" \/>\n<meta property=\"og:image\" content=\"https:\/\/buletin.de\/bucuresti\/wp-content\/uploads\/MixCollage-21-May-2024-03-17-PM-7681.jpg\" \/>\n\t<meta property=\"og:image:width\" content=\"2000\" \/>\n\t<meta property=\"og:image:height\" content=\"2000\" \/>\n\t<meta property=\"og:image:type\" content=\"image\/jpeg\" \/>\n<meta name=\"author\" content=\"Ionu\u021b Lepa\" \/>\n<meta name=\"twitter:card\" content=\"summary_large_image\" \/>\n<meta name=\"twitter:label1\" content=\"Written by\" \/>\n\t<meta name=\"twitter:data1\" content=\"Ionu\u021b Lepa\" \/>\n\t<meta name=\"twitter:label2\" content=\"Estimated reading time\" \/>\n\t<meta name=\"twitter:data2\" content=\"2 minutes\" \/>\n<script type=\"application\/ld+json\" class=\"yoast-schema-graph\">{\"@context\":\"https:\\\/\\\/schema.org\",\"@graph\":[{\"@type\":\"Article\",\"@id\":\"https:\\\/\\\/buletin.de\\\/bucuresti\\\/sector-5-scheme-electorale-episodul-ii-dupa-vaca-scoasa-la-pascut-a-venit-randul-picnicului-pe-sina-de-tramvai\\\/#article\",\"isPartOf\":{\"@id\":\"https:\\\/\\\/buletin.de\\\/bucuresti\\\/sector-5-scheme-electorale-episodul-ii-dupa-vaca-scoasa-la-pascut-a-venit-randul-picnicului-pe-sina-de-tramvai\\\/\"},\"author\":{\"name\":\"Ionu\u021b Lepa\",\"@id\":\"https:\\\/\\\/buletin.de\\\/bucuresti\\\/#\\\/schema\\\/person\\\/5272b8a057b33890940b57b837fc4ce6\"},\"headline\":\"Sector 5 | Scheme electorale, episodul II. Dup\u0103 vaca scoas\u0103 la p\u0103scut, a venit r\u00e2ndul picnicului pe \u015fina de tramvai\",\"datePublished\":\"2024-05-21T12:18:39+00:00\",\"dateModified\":\"2024-05-21T12:18:40+00:00\",\"mainEntityOfPage\":{\"@id\":\"https:\\\/\\\/buletin.de\\\/bucuresti\\\/sector-5-scheme-electorale-episodul-ii-dupa-vaca-scoasa-la-pascut-a-venit-randul-picnicului-pe-sina-de-tramvai\\\/\"},\"wordCount\":345,\"publisher\":{\"@id\":\"https:\\\/\\\/buletin.de\\\/bucuresti\\\/#organization\"},\"image\":{\"@id\":\"https:\\\/\\\/buletin.de\\\/bucuresti\\\/sector-5-scheme-electorale-episodul-ii-dupa-vaca-scoasa-la-pascut-a-venit-randul-picnicului-pe-sina-de-tramvai\\\/#primaryimage\"},\"thumbnailUrl\":\"https:\\\/\\\/buletin.de\\\/bucuresti\\\/wp-content\\\/uploads\\\/MixCollage-21-May-2024-03-17-PM-7681.jpg\",\"keywords\":[\"adrian vigheciu\",\"alexandru dimitriu\",\"candidati sector 5 primaria capitalei 2024\",\"clipuri social media electorale\",\"cu vaca prin sectorul 5\",\"picnic sina de tramvai\"],\"articleSection\":[\"Articole\",\"Main\",\"Politic\"],\"inLanguage\":\"en-GB\",\"copyrightYear\":\"2024\",\"copyrightHolder\":{\"@id\":\"https:\\\/\\\/buletin.de\\\/bucuresti\\\/#organization\"}},{\"@type\":\"WebPage\",\"@id\":\"https:\\\/\\\/buletin.de\\\/bucuresti\\\/sector-5-scheme-electorale-episodul-ii-dupa-vaca-scoasa-la-pascut-a-venit-randul-picnicului-pe-sina-de-tramvai\\\/\",\"url\":\"https:\\\/\\\/buletin.de\\\/bucuresti\\\/sector-5-scheme-electorale-episodul-ii-dupa-vaca-scoasa-la-pascut-a-venit-randul-picnicului-pe-sina-de-tramvai\\\/\",\"name\":\"Sector 5 | Scheme electorale, episodul II. Dup\u0103 vaca scoas\u0103 la p\u0103scut, a venit r\u00e2ndul picnicului pe \u015fina de tramvai - Buletin de Bucure\u0219ti\",\"isPartOf\":{\"@id\":\"https:\\\/\\\/buletin.de\\\/bucuresti\\\/#website\"},\"primaryImageOfPage\":{\"@id\":\"https:\\\/\\\/buletin.de\\\/bucuresti\\\/sector-5-scheme-electorale-episodul-ii-dupa-vaca-scoasa-la-pascut-a-venit-randul-picnicului-pe-sina-de-tramvai\\\/#primaryimage\"},\"image\":{\"@id\":\"https:\\\/\\\/buletin.de\\\/bucuresti\\\/sector-5-scheme-electorale-episodul-ii-dupa-vaca-scoasa-la-pascut-a-venit-randul-picnicului-pe-sina-de-tramvai\\\/#primaryimage\"},\"thumbnailUrl\":\"https:\\\/\\\/buletin.de\\\/bucuresti\\\/wp-content\\\/uploads\\\/MixCollage-21-May-2024-03-17-PM-7681.jpg\",\"datePublished\":\"2024-05-21T12:18:39+00:00\",\"dateModified\":\"2024-05-21T12:18:40+00:00\",\"breadcrumb\":{\"@id\":\"https:\\\/\\\/buletin.de\\\/bucuresti\\\/sector-5-scheme-electorale-episodul-ii-dupa-vaca-scoasa-la-pascut-a-venit-randul-picnicului-pe-sina-de-tramvai\\\/#breadcrumb\"},\"inLanguage\":\"en-GB\",\"potentialAction\":[{\"@type\":\"ReadAction\",\"target\":[\"https:\\\/\\\/buletin.de\\\/bucuresti\\\/sector-5-scheme-electorale-episodul-ii-dupa-vaca-scoasa-la-pascut-a-venit-randul-picnicului-pe-sina-de-tramvai\\\/\"]}]},{\"@type\":\"ImageObject\",\"inLanguage\":\"en-GB\",\"@id\":\"https:\\\/\\\/buletin.de\\\/bucuresti\\\/sector-5-scheme-electorale-episodul-ii-dupa-vaca-scoasa-la-pascut-a-venit-randul-picnicului-pe-sina-de-tramvai\\\/#primaryimage\",\"url\":\"https:\\\/\\\/buletin.de\\\/bucuresti\\\/wp-content\\\/uploads\\\/MixCollage-21-May-2024-03-17-PM-7681.jpg\",\"contentUrl\":\"https:\\\/\\\/buletin.de\\\/bucuresti\\\/wp-content\\\/uploads\\\/MixCollage-21-May-2024-03-17-PM-7681.jpg\",\"width\":2000,\"height\":2000,\"caption\":\"FOTO: capturi din clipul electoral al lui Alexandru Dimitriu\"},{\"@type\":\"BreadcrumbList\",\"@id\":\"https:\\\/\\\/buletin.de\\\/bucuresti\\\/sector-5-scheme-electorale-episodul-ii-dupa-vaca-scoasa-la-pascut-a-venit-randul-picnicului-pe-sina-de-tramvai\\\/#breadcrumb\",\"itemListElement\":[{\"@type\":\"ListItem\",\"position\":1,\"name\":\"Acas\u0103\",\"item\":\"https:\\\/\\\/buletin.de\\\/bucuresti\\\/\"},{\"@type\":\"ListItem\",\"position\":2,\"name\":\"Sector 5 | Scheme electorale, episodul II. Dup\u0103 vaca scoas\u0103 la p\u0103scut, a venit r\u00e2ndul picnicului pe \u015fina de tramvai\"}]},{\"@type\":\"WebSite\",\"@id\":\"https:\\\/\\\/buletin.de\\\/bucuresti\\\/#website\",\"url\":\"https:\\\/\\\/buletin.de\\\/bucuresti\\\/\",\"name\":\"Buletin de Bucure\u0219ti\",\"description\":\"\u0218tiri \u0219i investiga\u021bii esen\u021biale din capital\u0103\",\"publisher\":{\"@id\":\"https:\\\/\\\/buletin.de\\\/bucuresti\\\/#organization\"},\"potentialAction\":[{\"@type\":\"SearchAction\",\"target\":{\"@type\":\"EntryPoint\",\"urlTemplate\":\"https:\\\/\\\/buletin.de\\\/bucuresti\\\/?s={search_term_string}\"},\"query-input\":{\"@type\":\"PropertyValueSpecification\",\"valueRequired\":true,\"valueName\":\"search_term_string\"}}],\"inLanguage\":\"en-GB\"},{\"@type\":\"Organization\",\"@id\":\"https:\\\/\\\/buletin.de\\\/bucuresti\\\/#organization\",\"name\":\"Buletin de Bucure\u0219ti\",\"url\":\"https:\\\/\\\/buletin.de\\\/bucuresti\\\/\",\"logo\":{\"@type\":\"ImageObject\",\"inLanguage\":\"en-GB\",\"@id\":\"https:\\\/\\\/buletin.de\\\/bucuresti\\\/#\\\/schema\\\/logo\\\/image\\\/\",\"url\":\"https:\\\/\\\/buletin.de\\\/bucuresti\\\/wp-content\\\/uploads\\\/logo-bdb-full-wide-vernil-transparent.png\",\"contentUrl\":\"https:\\\/\\\/buletin.de\\\/bucuresti\\\/wp-content\\\/uploads\\\/logo-bdb-full-wide-vernil-transparent.png\",\"width\":1782,\"height\":626,\"caption\":\"Buletin de Bucure\u0219ti\"},\"image\":{\"@id\":\"https:\\\/\\\/buletin.de\\\/bucuresti\\\/#\\\/schema\\\/logo\\\/image\\\/\"},\"sameAs\":[\"https:\\\/\\\/www.facebook.com\\\/buletin.de.buc\",\"https:\\\/\\\/www.instagram.com\\\/buletinde.bucuresti\\\/\"]},{\"@type\":\"Person\",\"@id\":\"https:\\\/\\\/buletin.de\\\/bucuresti\\\/#\\\/schema\\\/person\\\/5272b8a057b33890940b57b837fc4ce6\",\"name\":\"Ionu\u021b Lepa\",\"image\":{\"@type\":\"ImageObject\",\"inLanguage\":\"en-GB\",\"@id\":\"https:\\\/\\\/buletin.de\\\/bucuresti\\\/wp-content\\\/uploads\\\/Ionut-Lepa-96x96.jpg5c4e4d9e049808799a8821652d2410a4\",\"url\":\"https:\\\/\\\/buletin.de\\\/bucuresti\\\/wp-content\\\/uploads\\\/Ionut-Lepa-96x96.jpg\",\"contentUrl\":\"https:\\\/\\\/buletin.de\\\/bucuresti\\\/wp-content\\\/uploads\\\/Ionut-Lepa-96x96.jpg\",\"caption\":\"Ionu\u021b Lepa\"},\"url\":\"https:\\\/\\\/buletin.de\\\/bucuresti\\\/author\\\/ionutlepa\\\/\"}]}<\/script>\n<!-- \/ Yoast SEO Premium plugin. -->","yoast_head_json":{"title":"Sector 5 | Scheme electorale, episodul II. Dup\u0103 vaca scoas\u0103 la p\u0103scut, a venit r\u00e2ndul picnicului pe \u015fina de tramvai - Buletin de Bucure\u0219ti","robots":{"index":"index","follow":"follow","max-snippet":"max-snippet:-1","max-image-preview":"max-image-preview:large","max-video-preview":"max-video-preview:-1"},"canonical":"https:\/\/buletin.de\/bucuresti\/sector-5-scheme-electorale-episodul-ii-dupa-vaca-scoasa-la-pascut-a-venit-randul-picnicului-pe-sina-de-tramvai\/","og_locale":"en_GB","og_type":"article","og_title":"Sector 5 | Scheme electorale, episodul II. Dup\u0103 vaca scoas\u0103 la p\u0103scut, a venit r\u00e2ndul picnicului pe \u015fina de tramvai","og_description":"Candidatul Alian\u0163ei Dreapta Unit\u0103 la Prim\u0103ria Sectorului 5, Alexandru Dimitriu, a f\u0103cut un clip electoral \u00een care depl\u00e2nge lipsa locurilor de picnic din sector \u015fi promite c\u0103 va face parcuri \u00een care astfel de locuri s\u0103 fie amenajate. \u00cens\u0103 n-a f\u0103cut-o \u00eentr-o simpl\u0103 cuv\u00e2ntare, ci a pus cap la cap un \u00eentreg scenariu: el \u015fi [&hellip;]","og_url":"https:\/\/buletin.de\/bucuresti\/sector-5-scheme-electorale-episodul-ii-dupa-vaca-scoasa-la-pascut-a-venit-randul-picnicului-pe-sina-de-tramvai\/","og_site_name":"Buletin de Bucure\u0219ti","article_publisher":"https:\/\/www.facebook.com\/buletin.de.buc","article_published_time":"2024-05-21T12:18:39+00:00","article_modified_time":"2024-05-21T12:18:40+00:00","og_image":[{"width":2000,"height":2000,"url":"https:\/\/buletin.de\/bucuresti\/wp-content\/uploads\/MixCollage-21-May-2024-03-17-PM-7681.jpg","type":"image\/jpeg"}],"author":"Ionu\u021b Lepa","twitter_card":"summary_large_image","twitter_misc":{"Written by":"Ionu\u021b Lepa","Estimated reading time":"2 minutes"},"schema":{"@context":"https:\/\/schema.org","@graph":[{"@type":"Article","@id":"https:\/\/buletin.de\/bucuresti\/sector-5-scheme-electorale-episodul-ii-dupa-vaca-scoasa-la-pascut-a-venit-randul-picnicului-pe-sina-de-tramvai\/#article","isPartOf":{"@id":"https:\/\/buletin.de\/bucuresti\/sector-5-scheme-electorale-episodul-ii-dupa-vaca-scoasa-la-pascut-a-venit-randul-picnicului-pe-sina-de-tramvai\/"},"author":{"name":"Ionu\u021b Lepa","@id":"https:\/\/buletin.de\/bucuresti\/#\/schema\/person\/5272b8a057b33890940b57b837fc4ce6"},"headline":"Sector 5 | Scheme electorale, episodul II. Dup\u0103 vaca scoas\u0103 la p\u0103scut, a venit r\u00e2ndul picnicului pe \u015fina de tramvai","datePublished":"2024-05-21T12:18:39+00:00","dateModified":"2024-05-21T12:18:40+00:00","mainEntityOfPage":{"@id":"https:\/\/buletin.de\/bucuresti\/sector-5-scheme-electorale-episodul-ii-dupa-vaca-scoasa-la-pascut-a-venit-randul-picnicului-pe-sina-de-tramvai\/"},"wordCount":345,"publisher":{"@id":"https:\/\/buletin.de\/bucuresti\/#organization"},"image":{"@id":"https:\/\/buletin.de\/bucuresti\/sector-5-scheme-electorale-episodul-ii-dupa-vaca-scoasa-la-pascut-a-venit-randul-picnicului-pe-sina-de-tramvai\/#primaryimage"},"thumbnailUrl":"https:\/\/buletin.de\/bucuresti\/wp-content\/uploads\/MixCollage-21-May-2024-03-17-PM-7681.jpg","keywords":["adrian vigheciu","alexandru dimitriu","candidati sector 5 primaria capitalei 2024","clipuri social media electorale","cu vaca prin sectorul 5","picnic sina de tramvai"],"articleSection":["Articole","Main","Politic"],"inLanguage":"en-GB","copyrightYear":"2024","copyrightHolder":{"@id":"https:\/\/buletin.de\/bucuresti\/#organization"}},{"@type":"WebPage","@id":"https:\/\/buletin.de\/bucuresti\/sector-5-scheme-electorale-episodul-ii-dupa-vaca-scoasa-la-pascut-a-venit-randul-picnicului-pe-sina-de-tramvai\/","url":"https:\/\/buletin.de\/bucuresti\/sector-5-scheme-electorale-episodul-ii-dupa-vaca-scoasa-la-pascut-a-venit-randul-picnicului-pe-sina-de-tramvai\/","name":"Sector 5 | Scheme electorale, episodul II. Dup\u0103 vaca scoas\u0103 la p\u0103scut, a venit r\u00e2ndul picnicului pe \u015fina de tramvai - Buletin de Bucure\u0219ti","isPartOf":{"@id":"https:\/\/buletin.de\/bucuresti\/#website"},"primaryImageOfPage":{"@id":"https:\/\/buletin.de\/bucuresti\/sector-5-scheme-electorale-episodul-ii-dupa-vaca-scoasa-la-pascut-a-venit-randul-picnicului-pe-sina-de-tramvai\/#primaryimage"},"image":{"@id":"https:\/\/buletin.de\/bucuresti\/sector-5-scheme-electorale-episodul-ii-dupa-vaca-scoasa-la-pascut-a-venit-randul-picnicului-pe-sina-de-tramvai\/#primaryimage"},"thumbnailUrl":"https:\/\/buletin.de\/bucuresti\/wp-content\/uploads\/MixCollage-21-May-2024-03-17-PM-7681.jpg","datePublished":"2024-05-21T12:18:39+00:00","dateModified":"2024-05-21T12:18:40+00:00","breadcrumb":{"@id":"https:\/\/buletin.de\/bucuresti\/sector-5-scheme-electorale-episodul-ii-dupa-vaca-scoasa-la-pascut-a-venit-randul-picnicului-pe-sina-de-tramvai\/#breadcrumb"},"inLanguage":"en-GB","potentialAction":[{"@type":"ReadAction","target":["https:\/\/buletin.de\/bucuresti\/sector-5-scheme-electorale-episodul-ii-dupa-vaca-scoasa-la-pascut-a-venit-randul-picnicului-pe-sina-de-tramvai\/"]}]},{"@type":"ImageObject","inLanguage":"en-GB","@id":"https:\/\/buletin.de\/bucuresti\/sector-5-scheme-electorale-episodul-ii-dupa-vaca-scoasa-la-pascut-a-venit-randul-picnicului-pe-sina-de-tramvai\/#primaryimage","url":"https:\/\/buletin.de\/bucuresti\/wp-content\/uploads\/MixCollage-21-May-2024-03-17-PM-7681.jpg","contentUrl":"https:\/\/buletin.de\/bucuresti\/wp-content\/uploads\/MixCollage-21-May-2024-03-17-PM-7681.jpg","width":2000,"height":2000,"caption":"FOTO: capturi din clipul electoral al lui Alexandru Dimitriu"},{"@type":"BreadcrumbList","@id":"https:\/\/buletin.de\/bucuresti\/sector-5-scheme-electorale-episodul-ii-dupa-vaca-scoasa-la-pascut-a-venit-randul-picnicului-pe-sina-de-tramvai\/#breadcrumb","itemListElement":[{"@type":"ListItem","position":1,"name":"Acas\u0103","item":"https:\/\/buletin.de\/bucuresti\/"},{"@type":"ListItem","position":2,"name":"Sector 5 | Scheme electorale, episodul II. Dup\u0103 vaca scoas\u0103 la p\u0103scut, a venit r\u00e2ndul picnicului pe \u015fina de tramvai"}]},{"@type":"WebSite","@id":"https:\/\/buletin.de\/bucuresti\/#website","url":"https:\/\/buletin.de\/bucuresti\/","name":"Buletin de Bucure\u0219ti","description":"\u0218tiri \u0219i investiga\u021bii esen\u021biale din capital\u0103","publisher":{"@id":"https:\/\/buletin.de\/bucuresti\/#organization"},"potentialAction":[{"@type":"SearchAction","target":{"@type":"EntryPoint","urlTemplate":"https:\/\/buletin.de\/bucuresti\/?s={search_term_string}"},"query-input":{"@type":"PropertyValueSpecification","valueRequired":true,"valueName":"search_term_string"}}],"inLanguage":"en-GB"},{"@type":"Organization","@id":"https:\/\/buletin.de\/bucuresti\/#organization","name":"Buletin de Bucure\u0219ti","url":"https:\/\/buletin.de\/bucuresti\/","logo":{"@type":"ImageObject","inLanguage":"en-GB","@id":"https:\/\/buletin.de\/bucuresti\/#\/schema\/logo\/image\/","url":"https:\/\/buletin.de\/bucuresti\/wp-content\/uploads\/logo-bdb-full-wide-vernil-transparent.png","contentUrl":"https:\/\/buletin.de\/bucuresti\/wp-content\/uploads\/logo-bdb-full-wide-vernil-transparent.png","width":1782,"height":626,"caption":"Buletin de Bucure\u0219ti"},"image":{"@id":"https:\/\/buletin.de\/bucuresti\/#\/schema\/logo\/image\/"},"sameAs":["https:\/\/www.facebook.com\/buletin.de.buc","https:\/\/www.instagram.com\/buletinde.bucuresti\/"]},{"@type":"Person","@id":"https:\/\/buletin.de\/bucuresti\/#\/schema\/person\/5272b8a057b33890940b57b837fc4ce6","name":"Ionu\u021b Lepa","image":{"@type":"ImageObject","inLanguage":"en-GB","@id":"https:\/\/buletin.de\/bucuresti\/wp-content\/uploads\/Ionut-Lepa-96x96.jpg5c4e4d9e049808799a8821652d2410a4","url":"https:\/\/buletin.de\/bucuresti\/wp-content\/uploads\/Ionut-Lepa-96x96.jpg","contentUrl":"https:\/\/buletin.de\/bucuresti\/wp-content\/uploads\/Ionut-Lepa-96x96.jpg","caption":"Ionu\u021b Lepa"},"url":"https:\/\/buletin.de\/bucuresti\/author\/ionutlepa\/"}]}},"authors":[{"term_id":22586,"user_id":8,"is_guest":0,"slug":"ionutlepa","display_name":"Ionu\u021b Lepa","avatar_url":"https:\/\/buletin.de\/bucuresti\/wp-content\/uploads\/Ionut-Lepa-96x96.jpg","0":null,"1":"","2":"","3":"","4":"","5":"","6":"","7":"","8":""}],"_links":{"self":[{"href":"https:\/\/buletin.de\/bucuresti\/wp-json\/wp\/v2\/posts\/85990","targetHints":{"allow":["GET"]}}],"collection":[{"href":"https:\/\/buletin.de\/bucuresti\/wp-json\/wp\/v2\/posts"}],"about":[{"href":"https:\/\/buletin.de\/bucuresti\/wp-json\/wp\/v2\/types\/post"}],"author":[{"embeddable":true,"href":"https:\/\/buletin.de\/bucuresti\/wp-json\/wp\/v2\/users\/8"}],"replies":[{"embeddable":true,"href":"https:\/\/buletin.de\/bucuresti\/wp-json\/wp\/v2\/comments?post=85990"}],"version-history":[{"count":1,"href":"https:\/\/buletin.de\/bucuresti\/wp-json\/wp\/v2\/posts\/85990\/revisions"}],"predecessor-version":[{"id":85997,"href":"https:\/\/buletin.de\/bucuresti\/wp-json\/wp\/v2\/posts\/85990\/revisions\/85997"}],"wp:featuredmedia":[{"embeddable":true,"href":"https:\/\/buletin.de\/bucuresti\/wp-json\/wp\/v2\/media\/85996"}],"wp:attachment":[{"href":"https:\/\/buletin.de\/bucuresti\/wp-json\/wp\/v2\/media?parent=85990"}],"wp:term":[{"taxonomy":"category","embeddable":true,"href":"https:\/\/buletin.de\/bucuresti\/wp-json\/wp\/v2\/categories?post=85990"},{"taxonomy":"post_tag","embeddable":true,"href":"https:\/\/buletin.de\/bucuresti\/wp-json\/wp\/v2\/tags?post=85990"},{"taxonomy":"author","embeddable":true,"href":"https:\/\/buletin.de\/bucuresti\/wp-json\/wp\/v2\/ppma_author?post=85990"}],"curies":[{"name":"wp","href":"https:\/\/api.w.org\/{rel}","templated":true}]}}