{"id":85983,"date":"2024-05-21T14:25:26","date_gmt":"2024-05-21T11:25:26","guid":{"rendered":"https:\/\/buletin.de\/bucuresti\/?p=85983"},"modified":"2024-05-21T14:25:27","modified_gmt":"2024-05-21T11:25:27","slug":"video-pasajul-pietonal-de-la-obor-a-intrat-in-santier-stadiul-lucrarilor","status":"publish","type":"post","link":"https:\/\/buletin.de\/bucuresti\/video-pasajul-pietonal-de-la-obor-a-intrat-in-santier-stadiul-lucrarilor\/","title":{"rendered":"VIDEO | Pasajul pietonal de la Obor a intrat \u00een \u015fantier. Stadiul\u00a0lucr\u0103rilor"},"content":{"rendered":"\n<p><strong>Prim\u0103ria Sectorului 2 a anun\u021bat stadiul lucr\u0103rilor la pasajul pietonal din zona Pie\u021bei Obor. \u00cen acest moment, se execut\u0103 lucr\u0103ri pentru decopertarea unui plan\u0219eu de la suprafa\u021b\u0103, de unde provin infiltra\u021biile. Ulterior, se vor \u00eenlocui instala\u021biile electrice din subteran, iar tavanul, pere\u0163ii \u015fi pardoseala vor fi ref\u0103cute. Investi\u021bia a fost anun\u021bat\u0103 \u00eenc\u0103 de la finalul anului 2022<\/strong>.<\/p>\n\n\n\n<iframe src=\"https:\/\/www.facebook.com\/plugins\/video.php?height=314&#038;href=https%3A%2F%2Fwww.facebook.com%2FPrimariaSector2%2Fvideos%2F747862820848864%2F&#038;show_text=false&#038;width=560&#038;t=0\" width=\"560\" height=\"314\" style=\"border:none;overflow:hidden\" scrolling=\"no\" frameborder=\"0\" allowfullscreen=\"true\" allow=\"autoplay; clipboard-write; encrypted-media; picture-in-picture; web-share\" allowFullScreen=\"true\"><\/iframe>\n\n\n\n<p><a href=\"https:\/\/buletin.de\/bucuresti\/sector-2-stadiul-lucrarilor-la-pasajul-pietonal-obor\/\">\u00cen urm\u0103 cu dou\u0103 luni, cupolele vechi au fost demontate \u0219i \u00eenlocuite de unele noi din sticl\u0103.<\/a> \u00cen acest moment, \u0219i cele noi au fost demontate, at\u00e2t pentru a putea fi executate lucr\u0103ri de refacere a hidroizola\u021biei, c\u00e2t \u0219i pentru montarea unui sistem de drenaj care s\u0103 direc\u021bioneze apa spre canal. Ulterior, lucr\u0103rile se vor muta \u00een subteran, anun\u021b\u0103 institu\u021bia.<\/p>\n\n\n\n<figure class=\"wp-block-gallery has-nested-images columns-default is-cropped wp-block-gallery-1 is-layout-flex wp-block-gallery-is-layout-flex\">\n<figure class=\"wp-block-image size-large\"><img fetchpriority=\"high\" decoding=\"async\" width=\"900\" height=\"675\" data-id=\"80350\" src=\"data:image\/gif;base64,R0lGODlhAQABAAAAACH5BAEKAAEALAAAAAABAAEAAAICTAEAOw==\" data-src=\"https:\/\/buletin.de\/bucuresti\/wp-content\/uploads\/Pasaj-Obor-inainte-900x675.jpeg\" alt=\"\" class=\"wp-image-80350 lazyload\" data-sizes=\"auto\" data-srcset=\"https:\/\/buletin.de\/bucuresti\/wp-content\/uploads\/Pasaj-Obor-inainte-900x675.jpeg 900w, https:\/\/buletin.de\/bucuresti\/wp-content\/uploads\/Pasaj-Obor-inainte-300x225.jpeg 300w, https:\/\/buletin.de\/bucuresti\/wp-content\/uploads\/Pasaj-Obor-inainte-768x576.jpeg 768w, https:\/\/buletin.de\/bucuresti\/wp-content\/uploads\/Pasaj-Obor-inainte-1536x1152.jpeg 1536w, https:\/\/buletin.de\/bucuresti\/wp-content\/uploads\/Pasaj-Obor-inainte-1600x1200.jpeg 1600w, https:\/\/buletin.de\/bucuresti\/wp-content\/uploads\/Pasaj-Obor-inainte-1100x825.jpeg 1100w, https:\/\/buletin.de\/bucuresti\/wp-content\/uploads\/Pasaj-Obor-inainte-600x450.jpeg 600w, https:\/\/buletin.de\/bucuresti\/wp-content\/uploads\/Pasaj-Obor-inainte-20x15.jpeg 20w, https:\/\/buletin.de\/bucuresti\/wp-content\/uploads\/Pasaj-Obor-inainte.jpeg 2048w\" sizes=\"(max-width: 900px) 100vw, 900px\" \/><\/figure>\n\n\n\n<figure class=\"wp-block-image size-large\"><img decoding=\"async\" width=\"900\" height=\"496\" data-id=\"80355\" src=\"data:image\/gif;base64,R0lGODlhAQABAAAAACH5BAEKAAEALAAAAAABAAEAAAICTAEAOw==\" data-src=\"https:\/\/buletin.de\/bucuresti\/wp-content\/uploads\/Cupole-S2-900x496.png\" alt=\"\" class=\"wp-image-80355 lazyload\" data-sizes=\"auto\" data-srcset=\"https:\/\/buletin.de\/bucuresti\/wp-content\/uploads\/Cupole-S2-900x496.png 900w, https:\/\/buletin.de\/bucuresti\/wp-content\/uploads\/Cupole-S2-300x165.png 300w, https:\/\/buletin.de\/bucuresti\/wp-content\/uploads\/Cupole-S2-768x423.png 768w, https:\/\/buletin.de\/bucuresti\/wp-content\/uploads\/Cupole-S2-1536x846.png 1536w, https:\/\/buletin.de\/bucuresti\/wp-content\/uploads\/Cupole-S2-1100x606.png 1100w, https:\/\/buletin.de\/bucuresti\/wp-content\/uploads\/Cupole-S2-600x331.png 600w, https:\/\/buletin.de\/bucuresti\/wp-content\/uploads\/Cupole-S2-20x11.png 20w, https:\/\/buletin.de\/bucuresti\/wp-content\/uploads\/Cupole-S2.png 1557w\" sizes=\"(max-width: 900px) 100vw, 900px\" \/><\/figure>\n\n\n\n<figure class=\"wp-block-image size-large\"><img decoding=\"async\" width=\"900\" height=\"498\" data-id=\"80349\" src=\"data:image\/gif;base64,R0lGODlhAQABAAAAACH5BAEKAAEALAAAAAABAAEAAAICTAEAOw==\" data-src=\"https:\/\/buletin.de\/bucuresti\/wp-content\/uploads\/Pasaj-Obor-900x498.png\" alt=\"\" class=\"wp-image-80349 lazyload\" data-sizes=\"auto\" data-srcset=\"https:\/\/buletin.de\/bucuresti\/wp-content\/uploads\/Pasaj-Obor-900x498.png 900w, https:\/\/buletin.de\/bucuresti\/wp-content\/uploads\/Pasaj-Obor-300x166.png 300w, https:\/\/buletin.de\/bucuresti\/wp-content\/uploads\/Pasaj-Obor-768x425.png 768w, https:\/\/buletin.de\/bucuresti\/wp-content\/uploads\/Pasaj-Obor-1536x850.png 1536w, https:\/\/buletin.de\/bucuresti\/wp-content\/uploads\/Pasaj-Obor-1100x608.png 1100w, https:\/\/buletin.de\/bucuresti\/wp-content\/uploads\/Pasaj-Obor-600x332.png 600w, https:\/\/buletin.de\/bucuresti\/wp-content\/uploads\/Pasaj-Obor-20x11.png 20w, https:\/\/buletin.de\/bucuresti\/wp-content\/uploads\/Pasaj-Obor.png 1544w\" sizes=\"(max-width: 900px) 100vw, 900px\" \/><\/figure>\n\n\n\n<figure class=\"wp-block-image size-large\"><img loading=\"lazy\" decoding=\"async\" width=\"900\" height=\"500\" data-id=\"80360\" src=\"data:image\/gif;base64,R0lGODlhAQABAAAAACH5BAEKAAEALAAAAAABAAEAAAICTAEAOw==\" data-src=\"https:\/\/buletin.de\/bucuresti\/wp-content\/uploads\/Cupole-Mosilor-900x500.png\" alt=\"\" class=\"wp-image-80360 lazyload\" data-sizes=\"auto\" data-srcset=\"https:\/\/buletin.de\/bucuresti\/wp-content\/uploads\/Cupole-Mosilor-900x500.png 900w, https:\/\/buletin.de\/bucuresti\/wp-content\/uploads\/Cupole-Mosilor-300x167.png 300w, https:\/\/buletin.de\/bucuresti\/wp-content\/uploads\/Cupole-Mosilor-768x427.png 768w, https:\/\/buletin.de\/bucuresti\/wp-content\/uploads\/Cupole-Mosilor-1100x612.png 1100w, https:\/\/buletin.de\/bucuresti\/wp-content\/uploads\/Cupole-Mosilor-600x334.png 600w, https:\/\/buletin.de\/bucuresti\/wp-content\/uploads\/Cupole-Mosilor-20x11.png 20w, https:\/\/buletin.de\/bucuresti\/wp-content\/uploads\/Cupole-Mosilor.png 1518w\" sizes=\"(max-width: 900px) 100vw, 900px\" \/><\/figure>\n<figcaption class=\"blocks-gallery-caption wp-element-caption\">FOTO: FB\/ Radu Mihaiu\/ Prim\u0103ria Sectorului 2<\/figcaption><\/figure>\n\n\n\n<p><a href=\"https:\/\/buletin.de\/bucuresti\/pasajul-pietonal-din-zona-pietei-obor-va-fi-refacut-lucrarile-vor-dura-12-luni\/\">Investi\u021bia a fost anun\u021bat\u0103 de la finalul anului 2022<\/a>. Lucr\u0103rile implic\u0103 desfiin\u0163area copertinelor existente, construirea unor noi copertine (cu p\u0103strarea funda\u0163iilor), precum \u015fi \u00eenlocuirea finisajelor pardoselii pasajului pietonal. Potrivit hot\u0103r\u00e2rii Consiliului Local din decembrie 2022, costurile s-ar fi ridicat la 6,6 milioane de lei, \u00eens\u0103 ulterior, au fost majorate la 15 milioane de lei. Durata de execu\u021bie ar fi trebuit s\u0103 fie un an de la \u00eenceperea lucr\u0103rilor.<\/p>\n\n\n\n<blockquote class=\"wp-block-quote is-layout-flow wp-block-quote-is-layout-flow\">\n<p class=\"has-medium-font-size\"><strong>Prin aceast\u0103 investi\u0163ie ne dorim ca pietonii s\u0103 fie \u00een siguran\u0163\u0103 atunci c\u00e2nd trec prin pasajul pietonal. Vrem s\u0103 diminu\u0103m degrad\u0103rile cauzate de infiltra\u0163ii, dar \u015fi s\u0103 refacem aspectul estetic \u015fi func\u0163ional al construc\u0163iei.<\/strong><\/p>\n<cite> Comunicat De Pres\u0103 PS2, Decembrie 2022<\/cite><\/blockquote>\n\n\n\n<p>Din punct de vedere tehnic, pasajul are dou\u0103 guri de acces (construc\u0163ii tip copertin\u0103) care urmeaz\u0103 s\u0103 fie reparate, fiecare av\u00e2nd o suprafa\u0163\u0103 de 110 metri p\u0103tra\u0163i \u015fi o \u00een\u0103l\u0163ime de 4,25 metri.<\/p>\n\n\n\n<p>O gur\u0103 de acces este situat\u0103 \u00een zona cuprins\u0103 \u00eentre \u015eos. Mihai Bravu \u2013 Calea Mo\u015filor (adresa: \u015eoseaua Mihai Bravu nr. 2, \u00een proximitatea blocului 60 B), iar cealalt\u0103 gur\u0103 de acces se afl\u0103 la intersec\u0163ia dintre \u015eoseaua \u015etefan cel Mare \u015fi Calea Mo\u015filor (adresa: \u015eoseaua \u015etefan cel Mare nr. 240, \u00een proximitatea blocului 59).<\/p>\n\n\n\n<p><strong>CITE\u0218TE \u0218I:<\/strong><\/p>\n\n\n\n<figure class=\"wp-block-embed is-type-wp-embed is-provider-buletin-de-bucure-ti wp-block-embed-buletin-de-bucure-ti\"><div class=\"wp-block-embed__wrapper\">\n<blockquote class=\"wp-embedded-content\" data-secret=\"fD3N0zEOf6\"><a href=\"https:\/\/buletin.de\/bucuresti\/sectorul-2-peste-13-milioane-de-lei-pentru-remedierea-infiltratiilor-din-pasajele-pietonale-obor-si-colentina\/\">Sectorul 2. Peste 13 milioane de lei pentru remedierea infiltra\u021biilor din pasajele pietonale Obor \u0219i Colentina<\/a><\/blockquote><iframe class=\"wp-embedded-content\" sandbox=\"allow-scripts\" security=\"restricted\" style=\"position: absolute; clip: rect(1px, 1px, 1px, 1px);\" title=\"&#8220;Sectorul 2. Peste 13 milioane de lei pentru remedierea infiltra\u021biilor din pasajele pietonale Obor \u0219i Colentina&#8221; &#8212; Buletin de Bucure\u0219ti\" src=\"https:\/\/buletin.de\/bucuresti\/sectorul-2-peste-13-milioane-de-lei-pentru-remedierea-infiltratiilor-din-pasajele-pietonale-obor-si-colentina\/embed\/#?secret=AQUB92jobp#?secret=fD3N0zEOf6\" data-secret=\"fD3N0zEOf6\" width=\"600\" height=\"338\" frameborder=\"0\" marginwidth=\"0\" marginheight=\"0\" scrolling=\"no\"><\/iframe>\n<\/div><\/figure>\n","protected":false},"excerpt":{"rendered":"<p>Prim\u0103ria Sectorului 2 a anun\u021bat stadiul lucr\u0103rilor la pasajul pietonal din zona Pie\u021bei Obor. \u00cen acest moment, se execut\u0103 lucr\u0103ri pentru decopertarea unui plan\u0219eu de la suprafa\u021b\u0103, de unde provin infiltra\u021biile. Ulterior, se vor \u00eenlocui instala\u021biile electrice din subteran, iar tavanul, pere\u0163ii \u015fi pardoseala vor fi ref\u0103cute. Investi\u021bia a fost anun\u021bat\u0103 \u00eenc\u0103 de la finalul [&hellip;]<\/p>\n","protected":false},"author":55,"featured_media":85985,"comment_status":"closed","ping_status":"open","sticky":false,"template":"","format":"standard","meta":{"_acf_changed":false,"inline_featured_image":false,"ngg_post_thumbnail":0,"footnotes":""},"categories":[6994,24,62,650],"tags":[12087,12086,10581,7081,228],"ppma_author":[22573],"class_list":["post-85983","post","type-post","status-publish","format-standard","has-post-thumbnail","hentry","category-stiri-2","category-primarie","category-stiri","category-transport","tag-infilitratii-apa-pasaj-obor","tag-lucrari-de-modernizare-pasaje-pietonale","tag-pasaj-obor","tag-piata-obor-2","tag-primaria-sectorului-2"],"acf":[],"yoast_head":"<!-- This site is optimized with the Yoast SEO Premium plugin v25.3 (Yoast SEO v27.5) - https:\/\/yoast.com\/product\/yoast-seo-premium-wordpress\/ -->\n<title>VIDEO | Pasajul pietonal de la Obor a intrat \u00een \u015fantier. Stadiul\u00a0lucr\u0103rilor - Buletin de Bucure\u0219ti<\/title>\n<meta name=\"robots\" content=\"index, follow, max-snippet:-1, max-image-preview:large, max-video-preview:-1\" \/>\n<link rel=\"canonical\" href=\"https:\/\/buletin.de\/bucuresti\/video-pasajul-pietonal-de-la-obor-a-intrat-in-santier-stadiul-lucrarilor\/\" \/>\n<meta property=\"og:locale\" content=\"en_GB\" \/>\n<meta property=\"og:type\" content=\"article\" \/>\n<meta property=\"og:title\" content=\"VIDEO | Pasajul pietonal de la Obor a intrat \u00een \u015fantier. Stadiul\u00a0lucr\u0103rilor\" \/>\n<meta property=\"og:description\" content=\"Prim\u0103ria Sectorului 2 a anun\u021bat stadiul lucr\u0103rilor la pasajul pietonal din zona Pie\u021bei Obor. \u00cen acest moment, se execut\u0103 lucr\u0103ri pentru decopertarea unui plan\u0219eu de la suprafa\u021b\u0103, de unde provin infiltra\u021biile. Ulterior, se vor \u00eenlocui instala\u021biile electrice din subteran, iar tavanul, pere\u0163ii \u015fi pardoseala vor fi ref\u0103cute. Investi\u021bia a fost anun\u021bat\u0103 \u00eenc\u0103 de la finalul [&hellip;]\" \/>\n<meta property=\"og:url\" content=\"https:\/\/buletin.de\/bucuresti\/video-pasajul-pietonal-de-la-obor-a-intrat-in-santier-stadiul-lucrarilor\/\" \/>\n<meta property=\"og:site_name\" content=\"Buletin de Bucure\u0219ti\" \/>\n<meta property=\"article:publisher\" content=\"https:\/\/www.facebook.com\/buletin.de.buc\" \/>\n<meta property=\"article:published_time\" content=\"2024-05-21T11:25:26+00:00\" \/>\n<meta property=\"article:modified_time\" content=\"2024-05-21T11:25:27+00:00\" \/>\n<meta property=\"og:image\" content=\"https:\/\/buletin.de\/bucuresti\/wp-content\/uploads\/Refacere-planseu-Obor.jpg\" \/>\n\t<meta property=\"og:image:width\" content=\"1600\" \/>\n\t<meta property=\"og:image:height\" content=\"900\" \/>\n\t<meta property=\"og:image:type\" content=\"image\/jpeg\" \/>\n<meta name=\"author\" content=\"Andreea Tudor\" \/>\n<meta name=\"twitter:card\" content=\"summary_large_image\" \/>\n<meta name=\"twitter:label1\" content=\"Written by\" \/>\n\t<meta name=\"twitter:data1\" content=\"Andreea Tudor\" \/>\n\t<meta name=\"twitter:label2\" content=\"Estimated reading time\" \/>\n\t<meta name=\"twitter:data2\" content=\"3 minutes\" \/>\n<script type=\"application\/ld+json\" class=\"yoast-schema-graph\">{\"@context\":\"https:\\\/\\\/schema.org\",\"@graph\":[{\"@type\":\"Article\",\"@id\":\"https:\\\/\\\/buletin.de\\\/bucuresti\\\/video-pasajul-pietonal-de-la-obor-a-intrat-in-santier-stadiul-lucrarilor\\\/#article\",\"isPartOf\":{\"@id\":\"https:\\\/\\\/buletin.de\\\/bucuresti\\\/video-pasajul-pietonal-de-la-obor-a-intrat-in-santier-stadiul-lucrarilor\\\/\"},\"author\":{\"name\":\"Andreea Tudor\",\"@id\":\"https:\\\/\\\/buletin.de\\\/bucuresti\\\/#\\\/schema\\\/person\\\/150590659efde715459d159da012f501\"},\"headline\":\"VIDEO | Pasajul pietonal de la Obor a intrat \u00een \u015fantier. Stadiul\u00a0lucr\u0103rilor\",\"datePublished\":\"2024-05-21T11:25:26+00:00\",\"dateModified\":\"2024-05-21T11:25:27+00:00\",\"mainEntityOfPage\":{\"@id\":\"https:\\\/\\\/buletin.de\\\/bucuresti\\\/video-pasajul-pietonal-de-la-obor-a-intrat-in-santier-stadiul-lucrarilor\\\/\"},\"wordCount\":374,\"publisher\":{\"@id\":\"https:\\\/\\\/buletin.de\\\/bucuresti\\\/#organization\"},\"image\":{\"@id\":\"https:\\\/\\\/buletin.de\\\/bucuresti\\\/video-pasajul-pietonal-de-la-obor-a-intrat-in-santier-stadiul-lucrarilor\\\/#primaryimage\"},\"thumbnailUrl\":\"https:\\\/\\\/buletin.de\\\/bucuresti\\\/wp-content\\\/uploads\\\/Refacere-planseu-Obor.jpg\",\"keywords\":[\"infilitra\u021bii apa pasaj Obor\",\"Lucrari de modernizare pasaje pietonale\",\"Pasaj Obor\",\"piata obor\",\"primaria sectorului 2\"],\"articleSection\":[\"Articole\",\"Prim\u0103rie\",\"\u0218tiri\",\"Transport\"],\"inLanguage\":\"en-GB\",\"copyrightYear\":\"2024\",\"copyrightHolder\":{\"@id\":\"https:\\\/\\\/buletin.de\\\/bucuresti\\\/#organization\"}},{\"@type\":\"WebPage\",\"@id\":\"https:\\\/\\\/buletin.de\\\/bucuresti\\\/video-pasajul-pietonal-de-la-obor-a-intrat-in-santier-stadiul-lucrarilor\\\/\",\"url\":\"https:\\\/\\\/buletin.de\\\/bucuresti\\\/video-pasajul-pietonal-de-la-obor-a-intrat-in-santier-stadiul-lucrarilor\\\/\",\"name\":\"VIDEO | Pasajul pietonal de la Obor a intrat \u00een \u015fantier. Stadiul\u00a0lucr\u0103rilor - Buletin de Bucure\u0219ti\",\"isPartOf\":{\"@id\":\"https:\\\/\\\/buletin.de\\\/bucuresti\\\/#website\"},\"primaryImageOfPage\":{\"@id\":\"https:\\\/\\\/buletin.de\\\/bucuresti\\\/video-pasajul-pietonal-de-la-obor-a-intrat-in-santier-stadiul-lucrarilor\\\/#primaryimage\"},\"image\":{\"@id\":\"https:\\\/\\\/buletin.de\\\/bucuresti\\\/video-pasajul-pietonal-de-la-obor-a-intrat-in-santier-stadiul-lucrarilor\\\/#primaryimage\"},\"thumbnailUrl\":\"https:\\\/\\\/buletin.de\\\/bucuresti\\\/wp-content\\\/uploads\\\/Refacere-planseu-Obor.jpg\",\"datePublished\":\"2024-05-21T11:25:26+00:00\",\"dateModified\":\"2024-05-21T11:25:27+00:00\",\"breadcrumb\":{\"@id\":\"https:\\\/\\\/buletin.de\\\/bucuresti\\\/video-pasajul-pietonal-de-la-obor-a-intrat-in-santier-stadiul-lucrarilor\\\/#breadcrumb\"},\"inLanguage\":\"en-GB\",\"potentialAction\":[{\"@type\":\"ReadAction\",\"target\":[\"https:\\\/\\\/buletin.de\\\/bucuresti\\\/video-pasajul-pietonal-de-la-obor-a-intrat-in-santier-stadiul-lucrarilor\\\/\"]}]},{\"@type\":\"ImageObject\",\"inLanguage\":\"en-GB\",\"@id\":\"https:\\\/\\\/buletin.de\\\/bucuresti\\\/video-pasajul-pietonal-de-la-obor-a-intrat-in-santier-stadiul-lucrarilor\\\/#primaryimage\",\"url\":\"https:\\\/\\\/buletin.de\\\/bucuresti\\\/wp-content\\\/uploads\\\/Refacere-planseu-Obor.jpg\",\"contentUrl\":\"https:\\\/\\\/buletin.de\\\/bucuresti\\\/wp-content\\\/uploads\\\/Refacere-planseu-Obor.jpg\",\"width\":1600,\"height\":900,\"caption\":\"FOTO: Primaria Sectorului 2\"},{\"@type\":\"BreadcrumbList\",\"@id\":\"https:\\\/\\\/buletin.de\\\/bucuresti\\\/video-pasajul-pietonal-de-la-obor-a-intrat-in-santier-stadiul-lucrarilor\\\/#breadcrumb\",\"itemListElement\":[{\"@type\":\"ListItem\",\"position\":1,\"name\":\"Acas\u0103\",\"item\":\"https:\\\/\\\/buletin.de\\\/bucuresti\\\/\"},{\"@type\":\"ListItem\",\"position\":2,\"name\":\"VIDEO | Pasajul pietonal de la Obor a intrat \u00een \u015fantier. Stadiul\u00a0lucr\u0103rilor\"}]},{\"@type\":\"WebSite\",\"@id\":\"https:\\\/\\\/buletin.de\\\/bucuresti\\\/#website\",\"url\":\"https:\\\/\\\/buletin.de\\\/bucuresti\\\/\",\"name\":\"Buletin de Bucure\u0219ti\",\"description\":\"\u0218tiri \u0219i investiga\u021bii esen\u021biale din capital\u0103\",\"publisher\":{\"@id\":\"https:\\\/\\\/buletin.de\\\/bucuresti\\\/#organization\"},\"potentialAction\":[{\"@type\":\"SearchAction\",\"target\":{\"@type\":\"EntryPoint\",\"urlTemplate\":\"https:\\\/\\\/buletin.de\\\/bucuresti\\\/?s={search_term_string}\"},\"query-input\":{\"@type\":\"PropertyValueSpecification\",\"valueRequired\":true,\"valueName\":\"search_term_string\"}}],\"inLanguage\":\"en-GB\"},{\"@type\":\"Organization\",\"@id\":\"https:\\\/\\\/buletin.de\\\/bucuresti\\\/#organization\",\"name\":\"Buletin de Bucure\u0219ti\",\"url\":\"https:\\\/\\\/buletin.de\\\/bucuresti\\\/\",\"logo\":{\"@type\":\"ImageObject\",\"inLanguage\":\"en-GB\",\"@id\":\"https:\\\/\\\/buletin.de\\\/bucuresti\\\/#\\\/schema\\\/logo\\\/image\\\/\",\"url\":\"https:\\\/\\\/buletin.de\\\/bucuresti\\\/wp-content\\\/uploads\\\/logo-bdb-full-wide-vernil-transparent.png\",\"contentUrl\":\"https:\\\/\\\/buletin.de\\\/bucuresti\\\/wp-content\\\/uploads\\\/logo-bdb-full-wide-vernil-transparent.png\",\"width\":1782,\"height\":626,\"caption\":\"Buletin de Bucure\u0219ti\"},\"image\":{\"@id\":\"https:\\\/\\\/buletin.de\\\/bucuresti\\\/#\\\/schema\\\/logo\\\/image\\\/\"},\"sameAs\":[\"https:\\\/\\\/www.facebook.com\\\/buletin.de.buc\",\"https:\\\/\\\/www.instagram.com\\\/buletinde.bucuresti\\\/\"]},{\"@type\":\"Person\",\"@id\":\"https:\\\/\\\/buletin.de\\\/bucuresti\\\/#\\\/schema\\\/person\\\/150590659efde715459d159da012f501\",\"name\":\"Andreea Tudor\",\"image\":{\"@type\":\"ImageObject\",\"inLanguage\":\"en-GB\",\"@id\":\"https:\\\/\\\/secure.gravatar.com\\\/avatar\\\/a88705a186ab0b67f3349bcbced506c09e37256fbaad0e7f3bd1a79b4599f589?s=96&d=monsterid&r=g79290610aa1a65c2b86eebc2ca5aee8f\",\"url\":\"https:\\\/\\\/secure.gravatar.com\\\/avatar\\\/a88705a186ab0b67f3349bcbced506c09e37256fbaad0e7f3bd1a79b4599f589?s=96&d=monsterid&r=g\",\"contentUrl\":\"https:\\\/\\\/secure.gravatar.com\\\/avatar\\\/a88705a186ab0b67f3349bcbced506c09e37256fbaad0e7f3bd1a79b4599f589?s=96&d=monsterid&r=g\",\"caption\":\"Andreea Tudor\"},\"description\":\"N\u0103scut\u0103 \u0219i crescut\u0103 \u00een Bucure\u0219ti, sus\u021bin\u0103toare a presei independente. A\u0219a am ajuns redactor la Buletin de Bucure\u0219ti. Fiind eu, \u00eens\u0103mi, parte a sistemului de \u00eenv\u0103\u021b\u0103m\u00e2nt rom\u00e2nesc \u0219i pasionat\u0103 de domeniul social, pun sub lup\u0103 tot ceea ce se \u00eent\u00e2mpl\u0103 \u00een sfera educa\u021biei. Cred cu t\u0103rie c\u0103 presa \u201epentru cet\u0103\u021beni\u201d este presa independent\u0103. Oamenii au nevoie de o informare corect\u0103 pentru a \u00een\u021belege pe deplin ce se \u00eent\u00e2mpl\u0103 \u00een jurul lor \u0219i pentru a lua ac\u021biune \u00eempotriva nedrept\u0103\u021bilor.\",\"url\":\"https:\\\/\\\/buletin.de\\\/bucuresti\\\/author\\\/andreeatudor\\\/\"}]}<\/script>\n<!-- \/ Yoast SEO Premium plugin. -->","yoast_head_json":{"title":"VIDEO | Pasajul pietonal de la Obor a intrat \u00een \u015fantier. Stadiul\u00a0lucr\u0103rilor - Buletin de Bucure\u0219ti","robots":{"index":"index","follow":"follow","max-snippet":"max-snippet:-1","max-image-preview":"max-image-preview:large","max-video-preview":"max-video-preview:-1"},"canonical":"https:\/\/buletin.de\/bucuresti\/video-pasajul-pietonal-de-la-obor-a-intrat-in-santier-stadiul-lucrarilor\/","og_locale":"en_GB","og_type":"article","og_title":"VIDEO | Pasajul pietonal de la Obor a intrat \u00een \u015fantier. Stadiul\u00a0lucr\u0103rilor","og_description":"Prim\u0103ria Sectorului 2 a anun\u021bat stadiul lucr\u0103rilor la pasajul pietonal din zona Pie\u021bei Obor. \u00cen acest moment, se execut\u0103 lucr\u0103ri pentru decopertarea unui plan\u0219eu de la suprafa\u021b\u0103, de unde provin infiltra\u021biile. Ulterior, se vor \u00eenlocui instala\u021biile electrice din subteran, iar tavanul, pere\u0163ii \u015fi pardoseala vor fi ref\u0103cute. Investi\u021bia a fost anun\u021bat\u0103 \u00eenc\u0103 de la finalul [&hellip;]","og_url":"https:\/\/buletin.de\/bucuresti\/video-pasajul-pietonal-de-la-obor-a-intrat-in-santier-stadiul-lucrarilor\/","og_site_name":"Buletin de Bucure\u0219ti","article_publisher":"https:\/\/www.facebook.com\/buletin.de.buc","article_published_time":"2024-05-21T11:25:26+00:00","article_modified_time":"2024-05-21T11:25:27+00:00","og_image":[{"width":1600,"height":900,"url":"https:\/\/buletin.de\/bucuresti\/wp-content\/uploads\/Refacere-planseu-Obor.jpg","type":"image\/jpeg"}],"author":"Andreea Tudor","twitter_card":"summary_large_image","twitter_misc":{"Written by":"Andreea Tudor","Estimated reading time":"3 minutes"},"schema":{"@context":"https:\/\/schema.org","@graph":[{"@type":"Article","@id":"https:\/\/buletin.de\/bucuresti\/video-pasajul-pietonal-de-la-obor-a-intrat-in-santier-stadiul-lucrarilor\/#article","isPartOf":{"@id":"https:\/\/buletin.de\/bucuresti\/video-pasajul-pietonal-de-la-obor-a-intrat-in-santier-stadiul-lucrarilor\/"},"author":{"name":"Andreea Tudor","@id":"https:\/\/buletin.de\/bucuresti\/#\/schema\/person\/150590659efde715459d159da012f501"},"headline":"VIDEO | Pasajul pietonal de la Obor a intrat \u00een \u015fantier. Stadiul\u00a0lucr\u0103rilor","datePublished":"2024-05-21T11:25:26+00:00","dateModified":"2024-05-21T11:25:27+00:00","mainEntityOfPage":{"@id":"https:\/\/buletin.de\/bucuresti\/video-pasajul-pietonal-de-la-obor-a-intrat-in-santier-stadiul-lucrarilor\/"},"wordCount":374,"publisher":{"@id":"https:\/\/buletin.de\/bucuresti\/#organization"},"image":{"@id":"https:\/\/buletin.de\/bucuresti\/video-pasajul-pietonal-de-la-obor-a-intrat-in-santier-stadiul-lucrarilor\/#primaryimage"},"thumbnailUrl":"https:\/\/buletin.de\/bucuresti\/wp-content\/uploads\/Refacere-planseu-Obor.jpg","keywords":["infilitra\u021bii apa pasaj Obor","Lucrari de modernizare pasaje pietonale","Pasaj Obor","piata obor","primaria sectorului 2"],"articleSection":["Articole","Prim\u0103rie","\u0218tiri","Transport"],"inLanguage":"en-GB","copyrightYear":"2024","copyrightHolder":{"@id":"https:\/\/buletin.de\/bucuresti\/#organization"}},{"@type":"WebPage","@id":"https:\/\/buletin.de\/bucuresti\/video-pasajul-pietonal-de-la-obor-a-intrat-in-santier-stadiul-lucrarilor\/","url":"https:\/\/buletin.de\/bucuresti\/video-pasajul-pietonal-de-la-obor-a-intrat-in-santier-stadiul-lucrarilor\/","name":"VIDEO | Pasajul pietonal de la Obor a intrat \u00een \u015fantier. Stadiul\u00a0lucr\u0103rilor - Buletin de Bucure\u0219ti","isPartOf":{"@id":"https:\/\/buletin.de\/bucuresti\/#website"},"primaryImageOfPage":{"@id":"https:\/\/buletin.de\/bucuresti\/video-pasajul-pietonal-de-la-obor-a-intrat-in-santier-stadiul-lucrarilor\/#primaryimage"},"image":{"@id":"https:\/\/buletin.de\/bucuresti\/video-pasajul-pietonal-de-la-obor-a-intrat-in-santier-stadiul-lucrarilor\/#primaryimage"},"thumbnailUrl":"https:\/\/buletin.de\/bucuresti\/wp-content\/uploads\/Refacere-planseu-Obor.jpg","datePublished":"2024-05-21T11:25:26+00:00","dateModified":"2024-05-21T11:25:27+00:00","breadcrumb":{"@id":"https:\/\/buletin.de\/bucuresti\/video-pasajul-pietonal-de-la-obor-a-intrat-in-santier-stadiul-lucrarilor\/#breadcrumb"},"inLanguage":"en-GB","potentialAction":[{"@type":"ReadAction","target":["https:\/\/buletin.de\/bucuresti\/video-pasajul-pietonal-de-la-obor-a-intrat-in-santier-stadiul-lucrarilor\/"]}]},{"@type":"ImageObject","inLanguage":"en-GB","@id":"https:\/\/buletin.de\/bucuresti\/video-pasajul-pietonal-de-la-obor-a-intrat-in-santier-stadiul-lucrarilor\/#primaryimage","url":"https:\/\/buletin.de\/bucuresti\/wp-content\/uploads\/Refacere-planseu-Obor.jpg","contentUrl":"https:\/\/buletin.de\/bucuresti\/wp-content\/uploads\/Refacere-planseu-Obor.jpg","width":1600,"height":900,"caption":"FOTO: Primaria Sectorului 2"},{"@type":"BreadcrumbList","@id":"https:\/\/buletin.de\/bucuresti\/video-pasajul-pietonal-de-la-obor-a-intrat-in-santier-stadiul-lucrarilor\/#breadcrumb","itemListElement":[{"@type":"ListItem","position":1,"name":"Acas\u0103","item":"https:\/\/buletin.de\/bucuresti\/"},{"@type":"ListItem","position":2,"name":"VIDEO | Pasajul pietonal de la Obor a intrat \u00een \u015fantier. Stadiul\u00a0lucr\u0103rilor"}]},{"@type":"WebSite","@id":"https:\/\/buletin.de\/bucuresti\/#website","url":"https:\/\/buletin.de\/bucuresti\/","name":"Buletin de Bucure\u0219ti","description":"\u0218tiri \u0219i investiga\u021bii esen\u021biale din capital\u0103","publisher":{"@id":"https:\/\/buletin.de\/bucuresti\/#organization"},"potentialAction":[{"@type":"SearchAction","target":{"@type":"EntryPoint","urlTemplate":"https:\/\/buletin.de\/bucuresti\/?s={search_term_string}"},"query-input":{"@type":"PropertyValueSpecification","valueRequired":true,"valueName":"search_term_string"}}],"inLanguage":"en-GB"},{"@type":"Organization","@id":"https:\/\/buletin.de\/bucuresti\/#organization","name":"Buletin de Bucure\u0219ti","url":"https:\/\/buletin.de\/bucuresti\/","logo":{"@type":"ImageObject","inLanguage":"en-GB","@id":"https:\/\/buletin.de\/bucuresti\/#\/schema\/logo\/image\/","url":"https:\/\/buletin.de\/bucuresti\/wp-content\/uploads\/logo-bdb-full-wide-vernil-transparent.png","contentUrl":"https:\/\/buletin.de\/bucuresti\/wp-content\/uploads\/logo-bdb-full-wide-vernil-transparent.png","width":1782,"height":626,"caption":"Buletin de Bucure\u0219ti"},"image":{"@id":"https:\/\/buletin.de\/bucuresti\/#\/schema\/logo\/image\/"},"sameAs":["https:\/\/www.facebook.com\/buletin.de.buc","https:\/\/www.instagram.com\/buletinde.bucuresti\/"]},{"@type":"Person","@id":"https:\/\/buletin.de\/bucuresti\/#\/schema\/person\/150590659efde715459d159da012f501","name":"Andreea Tudor","image":{"@type":"ImageObject","inLanguage":"en-GB","@id":"https:\/\/secure.gravatar.com\/avatar\/a88705a186ab0b67f3349bcbced506c09e37256fbaad0e7f3bd1a79b4599f589?s=96&d=monsterid&r=g79290610aa1a65c2b86eebc2ca5aee8f","url":"https:\/\/secure.gravatar.com\/avatar\/a88705a186ab0b67f3349bcbced506c09e37256fbaad0e7f3bd1a79b4599f589?s=96&d=monsterid&r=g","contentUrl":"https:\/\/secure.gravatar.com\/avatar\/a88705a186ab0b67f3349bcbced506c09e37256fbaad0e7f3bd1a79b4599f589?s=96&d=monsterid&r=g","caption":"Andreea Tudor"},"description":"N\u0103scut\u0103 \u0219i crescut\u0103 \u00een Bucure\u0219ti, sus\u021bin\u0103toare a presei independente. A\u0219a am ajuns redactor la Buletin de Bucure\u0219ti. Fiind eu, \u00eens\u0103mi, parte a sistemului de \u00eenv\u0103\u021b\u0103m\u00e2nt rom\u00e2nesc \u0219i pasionat\u0103 de domeniul social, pun sub lup\u0103 tot ceea ce se \u00eent\u00e2mpl\u0103 \u00een sfera educa\u021biei. Cred cu t\u0103rie c\u0103 presa \u201epentru cet\u0103\u021beni\u201d este presa independent\u0103. Oamenii au nevoie de o informare corect\u0103 pentru a \u00een\u021belege pe deplin ce se \u00eent\u00e2mpl\u0103 \u00een jurul lor \u0219i pentru a lua ac\u021biune \u00eempotriva nedrept\u0103\u021bilor.","url":"https:\/\/buletin.de\/bucuresti\/author\/andreeatudor\/"}]}},"authors":[{"term_id":22573,"user_id":55,"is_guest":0,"slug":"andreeatudor","display_name":"Andreea Tudor","avatar_url":"https:\/\/secure.gravatar.com\/avatar\/a88705a186ab0b67f3349bcbced506c09e37256fbaad0e7f3bd1a79b4599f589?s=96&d=monsterid&r=g","0":null,"1":"","2":"","3":"","4":"","5":"","6":"","7":"","8":""}],"_links":{"self":[{"href":"https:\/\/buletin.de\/bucuresti\/wp-json\/wp\/v2\/posts\/85983","targetHints":{"allow":["GET"]}}],"collection":[{"href":"https:\/\/buletin.de\/bucuresti\/wp-json\/wp\/v2\/posts"}],"about":[{"href":"https:\/\/buletin.de\/bucuresti\/wp-json\/wp\/v2\/types\/post"}],"author":[{"embeddable":true,"href":"https:\/\/buletin.de\/bucuresti\/wp-json\/wp\/v2\/users\/55"}],"replies":[{"embeddable":true,"href":"https:\/\/buletin.de\/bucuresti\/wp-json\/wp\/v2\/comments?post=85983"}],"version-history":[{"count":3,"href":"https:\/\/buletin.de\/bucuresti\/wp-json\/wp\/v2\/posts\/85983\/revisions"}],"predecessor-version":[{"id":85989,"href":"https:\/\/buletin.de\/bucuresti\/wp-json\/wp\/v2\/posts\/85983\/revisions\/85989"}],"wp:featuredmedia":[{"embeddable":true,"href":"https:\/\/buletin.de\/bucuresti\/wp-json\/wp\/v2\/media\/85985"}],"wp:attachment":[{"href":"https:\/\/buletin.de\/bucuresti\/wp-json\/wp\/v2\/media?parent=85983"}],"wp:term":[{"taxonomy":"category","embeddable":true,"href":"https:\/\/buletin.de\/bucuresti\/wp-json\/wp\/v2\/categories?post=85983"},{"taxonomy":"post_tag","embeddable":true,"href":"https:\/\/buletin.de\/bucuresti\/wp-json\/wp\/v2\/tags?post=85983"},{"taxonomy":"author","embeddable":true,"href":"https:\/\/buletin.de\/bucuresti\/wp-json\/wp\/v2\/ppma_author?post=85983"}],"curies":[{"name":"wp","href":"https:\/\/api.w.org\/{rel}","templated":true}]}}