{"id":85957,"date":"2024-05-21T12:25:36","date_gmt":"2024-05-21T09:25:36","guid":{"rendered":"https:\/\/buletin.de\/bucuresti\/?p=85957"},"modified":"2024-05-21T12:25:36","modified_gmt":"2024-05-21T09:25:36","slug":"generatia-de-aur-omagiata-la-art-safari","status":"publish","type":"post","link":"https:\/\/buletin.de\/bucuresti\/generatia-de-aur-omagiata-la-art-safari\/","title":{"rendered":"\u00a0\u201eGenera\u021bia de Aur\u201d, omagiat\u0103 la Art Safari"},"content":{"rendered":"\n<p><strong>Fotbali\u0219tii \u201eGenera\u021biei de Aur\u201d<\/strong> <strong>vor fi omagia\u021bi la Art Safari printr-o expozi\u021bie temporar\u0103, \u00een perioada 23 mai-2 iunie. Evenimentul are loc \u00een contextul finalei de adio, care se va juca pe 25 mai, pe Arena Na\u021bional\u0103 &#8211; un meci demonstrativ la care vor participa c\u00e2\u0163iva dintre exponen\u0163ii de top ai Genera\u0163iei de Aur.<\/strong><\/p>\n\n\n\n<p>Expozi\u021bia va readuce \u00een memoria rom\u00e2nilor performan\u021bele deosebite ale echipei na\u021bionale la<br>Campionatul Mondial din 1994. \u00cen acea competi\u021bie, juc\u0103torii no\u0219tri au ajuns p\u00e2n\u0103 \u00een sferturile de final\u0103, dup\u0103 ce au \u00eenvins Argentina.&nbsp;<\/p>\n\n\n\n<p>\u00cen cadrul expozi\u021biei, vor fi expuse echipamente sportive din colec\u021bii private, articole \u0219i fotografii rare de la acel meci.<\/p>\n\n\n\n<figure class=\"wp-block-gallery has-nested-images columns-default is-cropped wp-block-gallery-1 is-layout-flex wp-block-gallery-is-layout-flex\">\n<figure class=\"wp-block-image size-large\"><img fetchpriority=\"high\" decoding=\"async\" width=\"900\" height=\"741\" data-id=\"85966\" src=\"data:image\/gif;base64,R0lGODlhAQABAAAAACH5BAEKAAEALAAAAAABAAEAAAICTAEAOw==\" data-src=\"https:\/\/buletin.de\/bucuresti\/wp-content\/uploads\/Foto-Agerpres-1-900x741.jpeg\" alt=\"\" class=\"wp-image-85966 lazyload\" data-sizes=\"auto\" data-srcset=\"https:\/\/buletin.de\/bucuresti\/wp-content\/uploads\/Foto-Agerpres-1-900x741.jpeg 900w, https:\/\/buletin.de\/bucuresti\/wp-content\/uploads\/Foto-Agerpres-1-300x247.jpeg 300w, https:\/\/buletin.de\/bucuresti\/wp-content\/uploads\/Foto-Agerpres-1-768x632.jpeg 768w, https:\/\/buletin.de\/bucuresti\/wp-content\/uploads\/Foto-Agerpres-1-600x494.jpeg 600w, https:\/\/buletin.de\/bucuresti\/wp-content\/uploads\/Foto-Agerpres-1-20x16.jpeg 20w, https:\/\/buletin.de\/bucuresti\/wp-content\/uploads\/Foto-Agerpres-1.jpeg 1035w\" sizes=\"(max-width: 900px) 100vw, 900px\" \/><figcaption class=\"wp-element-caption\">Campionatul mondial de fotbal &#8211; World Cup &#8217;94 din SUA &#8211; echipa nationala de fotbal a Romaniei.\n-iulie 1994.<\/figcaption><\/figure>\n\n\n\n<figure class=\"wp-block-image size-large\"><img decoding=\"async\" width=\"900\" height=\"718\" data-id=\"85967\" src=\"data:image\/gif;base64,R0lGODlhAQABAAAAACH5BAEKAAEALAAAAAABAAEAAAICTAEAOw==\" data-src=\"https:\/\/buletin.de\/bucuresti\/wp-content\/uploads\/Foto-Agerpres-2-900x718.jpeg\" alt=\"\" class=\"wp-image-85967 lazyload\" data-sizes=\"auto\" data-srcset=\"https:\/\/buletin.de\/bucuresti\/wp-content\/uploads\/Foto-Agerpres-2-900x718.jpeg 900w, https:\/\/buletin.de\/bucuresti\/wp-content\/uploads\/Foto-Agerpres-2-300x239.jpeg 300w, https:\/\/buletin.de\/bucuresti\/wp-content\/uploads\/Foto-Agerpres-2-768x612.jpeg 768w, https:\/\/buletin.de\/bucuresti\/wp-content\/uploads\/Foto-Agerpres-2-1100x877.jpeg 1100w, https:\/\/buletin.de\/bucuresti\/wp-content\/uploads\/Foto-Agerpres-2-600x478.jpeg 600w, https:\/\/buletin.de\/bucuresti\/wp-content\/uploads\/Foto-Agerpres-2-20x16.jpeg 20w, https:\/\/buletin.de\/bucuresti\/wp-content\/uploads\/Foto-Agerpres-2.jpeg 1358w\" sizes=\"(max-width: 900px) 100vw, 900px\" \/><figcaption class=\"wp-element-caption\">Campionatul mondial de fotbal &#8211; World Cup &#8217;94 din SUA &#8211; echipa nationala de fotbal a Romaniei.<\/figcaption><\/figure>\n<\/figure>\n\n\n\n<blockquote class=\"wp-block-quote is-layout-flow wp-block-quote-is-layout-flow\">\n<p class=\"has-medium-font-size\"><strong>Art Safari devine destina\u021bia perfect\u0103 \u00een perioada urm\u0103toare \u0219i pentru iubitorii de sport, \u00een special de fotbal. Indiferent dac\u0103 suntem sau nu \u201emicrobi\u0219ti\u201d, aceast\u0103 expozi\u021bie se adreseaz\u0103 tuturor rom\u00e2nilor \u0219i tuturor genera\u021biilor. V\u0103 invit\u0103m s\u0103 retr\u0103i\u021bi amintirea acelui meci formidabil al\u0103turi de al\u021bi fani ai fotbalului, de copii, de nepo\u021bi \u0219i s\u0103 descoperi\u021bi simboluri ale acelui moment, pe care le scoatem \u00een premier\u0103 din arhive \u0219i din colec\u021bii private<\/strong><\/p>\n<cite>Ioana Ciocan, CEO Art Safari<\/cite><\/blockquote>\n\n\n\n<p>Cea mai important\u0103 pies\u0103 a colec\u021biei va fi tricoul oficial, cu semn\u0103tura olograf\u0103 a lui Gheorghe Hagi, ce provine dintr-o colec\u021bie privat\u0103. Gheorghe Hagi este evocat \u0219i \u00een expozi\u021bia \u201eIstoria Rom\u00e2niei \u00een 100 de portrete\u201d, ce poate fi v\u0103zut\u0103 la Art Safari p\u00e2n\u0103 pe 28 iulie.<\/p>\n\n\n\n<p>\u0218i echipamentele altor mari nume ale fotbalului rom\u00e2nesc, precum Gic\u0103 Popescu, Ilie Dumitrescu, Marius L\u0103c\u0103tu\u0219, Florin Prunea, Ionu\u021b Lupescu, Dorinel Munteanu \u0219i Dan Petrescu, vor putea fi v\u0103zute la Art Safari.<\/p>\n\n\n\n<p><strong>CITE\u0218TE \u0218I:<\/strong><\/p>\n\n\n\n<figure class=\"wp-block-embed is-type-wp-embed is-provider-buletin-de-bucure-ti wp-block-embed-buletin-de-bucure-ti\"><div class=\"wp-block-embed__wrapper\">\n<blockquote class=\"wp-embedded-content\" data-secret=\"0RRSNuv0B4\"><a href=\"https:\/\/buletin.de\/bucuresti\/jurnalistii-buletin-de-bucuresti-premiati-la-gala-superscrieri-seria-de-investigatii-azilele-groazei-a-luat-marele-premiu\/\">Jurnali\u015ftii Buletin de Bucure\u015fti, premia\u0163i la Gala Superscrieri. Seria de investiga\u0163ii \u201eAzilele Groazei\u201d a luat marele premiu<\/a><\/blockquote><iframe class=\"wp-embedded-content\" sandbox=\"allow-scripts\" security=\"restricted\" style=\"position: absolute; clip: rect(1px, 1px, 1px, 1px);\" title=\"&#8220;Jurnali\u015ftii Buletin de Bucure\u015fti, premia\u0163i la Gala Superscrieri. Seria de investiga\u0163ii \u201eAzilele Groazei\u201d a luat marele premiu&#8221; &#8212; Buletin de Bucure\u0219ti\" src=\"https:\/\/buletin.de\/bucuresti\/jurnalistii-buletin-de-bucuresti-premiati-la-gala-superscrieri-seria-de-investigatii-azilele-groazei-a-luat-marele-premiu\/embed\/#?secret=ptwWw28Eyf#?secret=0RRSNuv0B4\" data-secret=\"0RRSNuv0B4\" width=\"600\" height=\"338\" frameborder=\"0\" marginwidth=\"0\" marginheight=\"0\" scrolling=\"no\"><\/iframe>\n<\/div><\/figure>\n\n\n\n<p><\/p>\n\n\n\n<p><\/p>\n","protected":false},"excerpt":{"rendered":"<p>Fotbali\u0219tii \u201eGenera\u021biei de Aur\u201d vor fi omagia\u021bi la Art Safari printr-o expozi\u021bie temporar\u0103, \u00een perioada 23 mai-2 iunie. Evenimentul are loc \u00een contextul finalei de adio, care se va juca pe 25 mai, pe Arena Na\u021bional\u0103 &#8211; un meci demonstrativ la care vor participa c\u00e2\u0163iva dintre exponen\u0163ii de top ai Genera\u0163iei de Aur. Expozi\u021bia va [&hellip;]<\/p>\n","protected":false},"author":49,"featured_media":85965,"comment_status":"closed","ping_status":"open","sticky":false,"template":"","format":"standard","meta":{"_acf_changed":false,"inline_featured_image":false,"ngg_post_thumbnail":0,"footnotes":""},"categories":[6994,62],"tags":[2864,12080,12079],"ppma_author":[22574],"class_list":["post-85957","post","type-post","status-publish","format-standard","has-post-thumbnail","hentry","category-stiri-2","category-stiri","tag-art-safari","tag-generatia-de-aur-2","tag-gheorghe-hagi"],"acf":[],"yoast_head":"<!-- This site is optimized with the Yoast SEO Premium plugin v25.3 (Yoast SEO v27.5) - https:\/\/yoast.com\/product\/yoast-seo-premium-wordpress\/ -->\n<title>\u00a0\u201eGenera\u021bia de Aur\u201d, omagiat\u0103 la Art Safari - Buletin de Bucure\u0219ti<\/title>\n<meta name=\"robots\" content=\"index, follow, max-snippet:-1, max-image-preview:large, max-video-preview:-1\" \/>\n<link rel=\"canonical\" href=\"https:\/\/buletin.de\/bucuresti\/generatia-de-aur-omagiata-la-art-safari\/\" \/>\n<meta property=\"og:locale\" content=\"en_GB\" \/>\n<meta property=\"og:type\" content=\"article\" \/>\n<meta property=\"og:title\" content=\"\u00a0\u201eGenera\u021bia de Aur\u201d, omagiat\u0103 la Art Safari\" \/>\n<meta property=\"og:description\" content=\"Fotbali\u0219tii \u201eGenera\u021biei de Aur\u201d vor fi omagia\u021bi la Art Safari printr-o expozi\u021bie temporar\u0103, \u00een perioada 23 mai-2 iunie. Evenimentul are loc \u00een contextul finalei de adio, care se va juca pe 25 mai, pe Arena Na\u021bional\u0103 &#8211; un meci demonstrativ la care vor participa c\u00e2\u0163iva dintre exponen\u0163ii de top ai Genera\u0163iei de Aur. Expozi\u021bia va [&hellip;]\" \/>\n<meta property=\"og:url\" content=\"https:\/\/buletin.de\/bucuresti\/generatia-de-aur-omagiata-la-art-safari\/\" \/>\n<meta property=\"og:site_name\" content=\"Buletin de Bucure\u0219ti\" \/>\n<meta property=\"article:publisher\" content=\"https:\/\/www.facebook.com\/buletin.de.buc\" \/>\n<meta property=\"article:published_time\" content=\"2024-05-21T09:25:36+00:00\" \/>\n<meta property=\"og:image\" content=\"https:\/\/buletin.de\/bucuresti\/wp-content\/uploads\/Foto-Agerpres-4.jpeg\" \/>\n\t<meta property=\"og:image:width\" content=\"1401\" \/>\n\t<meta property=\"og:image:height\" content=\"995\" \/>\n\t<meta property=\"og:image:type\" content=\"image\/jpeg\" \/>\n<meta name=\"author\" content=\"Diana Matei\" \/>\n<meta name=\"twitter:card\" content=\"summary_large_image\" \/>\n<meta name=\"twitter:label1\" content=\"Written by\" \/>\n\t<meta name=\"twitter:data1\" content=\"Diana Matei\" \/>\n\t<meta name=\"twitter:label2\" content=\"Estimated reading time\" \/>\n\t<meta name=\"twitter:data2\" content=\"2 minutes\" \/>\n<script type=\"application\/ld+json\" class=\"yoast-schema-graph\">{\"@context\":\"https:\\\/\\\/schema.org\",\"@graph\":[{\"@type\":\"Article\",\"@id\":\"https:\\\/\\\/buletin.de\\\/bucuresti\\\/generatia-de-aur-omagiata-la-art-safari\\\/#article\",\"isPartOf\":{\"@id\":\"https:\\\/\\\/buletin.de\\\/bucuresti\\\/generatia-de-aur-omagiata-la-art-safari\\\/\"},\"author\":{\"name\":\"Diana Matei\",\"@id\":\"https:\\\/\\\/buletin.de\\\/bucuresti\\\/#\\\/schema\\\/person\\\/7e46040573290777280a0835d81ea4ea\"},\"headline\":\"\u00a0\u201eGenera\u021bia de Aur\u201d, omagiat\u0103 la Art Safari\",\"datePublished\":\"2024-05-21T09:25:36+00:00\",\"mainEntityOfPage\":{\"@id\":\"https:\\\/\\\/buletin.de\\\/bucuresti\\\/generatia-de-aur-omagiata-la-art-safari\\\/\"},\"wordCount\":343,\"publisher\":{\"@id\":\"https:\\\/\\\/buletin.de\\\/bucuresti\\\/#organization\"},\"image\":{\"@id\":\"https:\\\/\\\/buletin.de\\\/bucuresti\\\/generatia-de-aur-omagiata-la-art-safari\\\/#primaryimage\"},\"thumbnailUrl\":\"https:\\\/\\\/buletin.de\\\/bucuresti\\\/wp-content\\\/uploads\\\/Foto-Agerpres-4.jpeg\",\"keywords\":[\"art safari\",\"Generatia de Aur\",\"Gheorghe Hagi\"],\"articleSection\":[\"Articole\",\"\u0218tiri\"],\"inLanguage\":\"en-GB\",\"copyrightYear\":\"2024\",\"copyrightHolder\":{\"@id\":\"https:\\\/\\\/buletin.de\\\/bucuresti\\\/#organization\"}},{\"@type\":\"WebPage\",\"@id\":\"https:\\\/\\\/buletin.de\\\/bucuresti\\\/generatia-de-aur-omagiata-la-art-safari\\\/\",\"url\":\"https:\\\/\\\/buletin.de\\\/bucuresti\\\/generatia-de-aur-omagiata-la-art-safari\\\/\",\"name\":\"\u00a0\u201eGenera\u021bia de Aur\u201d, omagiat\u0103 la Art Safari - Buletin de Bucure\u0219ti\",\"isPartOf\":{\"@id\":\"https:\\\/\\\/buletin.de\\\/bucuresti\\\/#website\"},\"primaryImageOfPage\":{\"@id\":\"https:\\\/\\\/buletin.de\\\/bucuresti\\\/generatia-de-aur-omagiata-la-art-safari\\\/#primaryimage\"},\"image\":{\"@id\":\"https:\\\/\\\/buletin.de\\\/bucuresti\\\/generatia-de-aur-omagiata-la-art-safari\\\/#primaryimage\"},\"thumbnailUrl\":\"https:\\\/\\\/buletin.de\\\/bucuresti\\\/wp-content\\\/uploads\\\/Foto-Agerpres-4.jpeg\",\"datePublished\":\"2024-05-21T09:25:36+00:00\",\"breadcrumb\":{\"@id\":\"https:\\\/\\\/buletin.de\\\/bucuresti\\\/generatia-de-aur-omagiata-la-art-safari\\\/#breadcrumb\"},\"inLanguage\":\"en-GB\",\"potentialAction\":[{\"@type\":\"ReadAction\",\"target\":[\"https:\\\/\\\/buletin.de\\\/bucuresti\\\/generatia-de-aur-omagiata-la-art-safari\\\/\"]}]},{\"@type\":\"ImageObject\",\"inLanguage\":\"en-GB\",\"@id\":\"https:\\\/\\\/buletin.de\\\/bucuresti\\\/generatia-de-aur-omagiata-la-art-safari\\\/#primaryimage\",\"url\":\"https:\\\/\\\/buletin.de\\\/bucuresti\\\/wp-content\\\/uploads\\\/Foto-Agerpres-4.jpeg\",\"contentUrl\":\"https:\\\/\\\/buletin.de\\\/bucuresti\\\/wp-content\\\/uploads\\\/Foto-Agerpres-4.jpeg\",\"width\":1401,\"height\":995,\"caption\":\"Campionatul mondial de fotbal - World Cup '94 din SUA - meciul de fotbal dintre reprezentantele Romaniei si SUA.\"},{\"@type\":\"BreadcrumbList\",\"@id\":\"https:\\\/\\\/buletin.de\\\/bucuresti\\\/generatia-de-aur-omagiata-la-art-safari\\\/#breadcrumb\",\"itemListElement\":[{\"@type\":\"ListItem\",\"position\":1,\"name\":\"Acas\u0103\",\"item\":\"https:\\\/\\\/buletin.de\\\/bucuresti\\\/\"},{\"@type\":\"ListItem\",\"position\":2,\"name\":\"\u00a0\u201eGenera\u021bia de Aur\u201d, omagiat\u0103 la Art Safari\"}]},{\"@type\":\"WebSite\",\"@id\":\"https:\\\/\\\/buletin.de\\\/bucuresti\\\/#website\",\"url\":\"https:\\\/\\\/buletin.de\\\/bucuresti\\\/\",\"name\":\"Buletin de Bucure\u0219ti\",\"description\":\"\u0218tiri \u0219i investiga\u021bii esen\u021biale din capital\u0103\",\"publisher\":{\"@id\":\"https:\\\/\\\/buletin.de\\\/bucuresti\\\/#organization\"},\"potentialAction\":[{\"@type\":\"SearchAction\",\"target\":{\"@type\":\"EntryPoint\",\"urlTemplate\":\"https:\\\/\\\/buletin.de\\\/bucuresti\\\/?s={search_term_string}\"},\"query-input\":{\"@type\":\"PropertyValueSpecification\",\"valueRequired\":true,\"valueName\":\"search_term_string\"}}],\"inLanguage\":\"en-GB\"},{\"@type\":\"Organization\",\"@id\":\"https:\\\/\\\/buletin.de\\\/bucuresti\\\/#organization\",\"name\":\"Buletin de Bucure\u0219ti\",\"url\":\"https:\\\/\\\/buletin.de\\\/bucuresti\\\/\",\"logo\":{\"@type\":\"ImageObject\",\"inLanguage\":\"en-GB\",\"@id\":\"https:\\\/\\\/buletin.de\\\/bucuresti\\\/#\\\/schema\\\/logo\\\/image\\\/\",\"url\":\"https:\\\/\\\/buletin.de\\\/bucuresti\\\/wp-content\\\/uploads\\\/logo-bdb-full-wide-vernil-transparent.png\",\"contentUrl\":\"https:\\\/\\\/buletin.de\\\/bucuresti\\\/wp-content\\\/uploads\\\/logo-bdb-full-wide-vernil-transparent.png\",\"width\":1782,\"height\":626,\"caption\":\"Buletin de Bucure\u0219ti\"},\"image\":{\"@id\":\"https:\\\/\\\/buletin.de\\\/bucuresti\\\/#\\\/schema\\\/logo\\\/image\\\/\"},\"sameAs\":[\"https:\\\/\\\/www.facebook.com\\\/buletin.de.buc\",\"https:\\\/\\\/www.instagram.com\\\/buletinde.bucuresti\\\/\"]},{\"@type\":\"Person\",\"@id\":\"https:\\\/\\\/buletin.de\\\/bucuresti\\\/#\\\/schema\\\/person\\\/7e46040573290777280a0835d81ea4ea\",\"name\":\"Diana Matei\",\"image\":{\"@type\":\"ImageObject\",\"inLanguage\":\"en-GB\",\"@id\":\"https:\\\/\\\/buletin.de\\\/bucuresti\\\/wp-content\\\/uploads\\\/9-2-96x96.jpg1e8590b30871d70e62ebcdaf2eff570c\",\"url\":\"https:\\\/\\\/buletin.de\\\/bucuresti\\\/wp-content\\\/uploads\\\/9-2-96x96.jpg\",\"contentUrl\":\"https:\\\/\\\/buletin.de\\\/bucuresti\\\/wp-content\\\/uploads\\\/9-2-96x96.jpg\",\"caption\":\"Diana Matei\"},\"url\":\"https:\\\/\\\/buletin.de\\\/bucuresti\\\/author\\\/dianamatei\\\/\"}]}<\/script>\n<!-- \/ Yoast SEO Premium plugin. -->","yoast_head_json":{"title":"\u00a0\u201eGenera\u021bia de Aur\u201d, omagiat\u0103 la Art Safari - Buletin de Bucure\u0219ti","robots":{"index":"index","follow":"follow","max-snippet":"max-snippet:-1","max-image-preview":"max-image-preview:large","max-video-preview":"max-video-preview:-1"},"canonical":"https:\/\/buletin.de\/bucuresti\/generatia-de-aur-omagiata-la-art-safari\/","og_locale":"en_GB","og_type":"article","og_title":"\u00a0\u201eGenera\u021bia de Aur\u201d, omagiat\u0103 la Art Safari","og_description":"Fotbali\u0219tii \u201eGenera\u021biei de Aur\u201d vor fi omagia\u021bi la Art Safari printr-o expozi\u021bie temporar\u0103, \u00een perioada 23 mai-2 iunie. Evenimentul are loc \u00een contextul finalei de adio, care se va juca pe 25 mai, pe Arena Na\u021bional\u0103 &#8211; un meci demonstrativ la care vor participa c\u00e2\u0163iva dintre exponen\u0163ii de top ai Genera\u0163iei de Aur. Expozi\u021bia va [&hellip;]","og_url":"https:\/\/buletin.de\/bucuresti\/generatia-de-aur-omagiata-la-art-safari\/","og_site_name":"Buletin de Bucure\u0219ti","article_publisher":"https:\/\/www.facebook.com\/buletin.de.buc","article_published_time":"2024-05-21T09:25:36+00:00","og_image":[{"width":1401,"height":995,"url":"https:\/\/buletin.de\/bucuresti\/wp-content\/uploads\/Foto-Agerpres-4.jpeg","type":"image\/jpeg"}],"author":"Diana Matei","twitter_card":"summary_large_image","twitter_misc":{"Written by":"Diana Matei","Estimated reading time":"2 minutes"},"schema":{"@context":"https:\/\/schema.org","@graph":[{"@type":"Article","@id":"https:\/\/buletin.de\/bucuresti\/generatia-de-aur-omagiata-la-art-safari\/#article","isPartOf":{"@id":"https:\/\/buletin.de\/bucuresti\/generatia-de-aur-omagiata-la-art-safari\/"},"author":{"name":"Diana Matei","@id":"https:\/\/buletin.de\/bucuresti\/#\/schema\/person\/7e46040573290777280a0835d81ea4ea"},"headline":"\u00a0\u201eGenera\u021bia de Aur\u201d, omagiat\u0103 la Art Safari","datePublished":"2024-05-21T09:25:36+00:00","mainEntityOfPage":{"@id":"https:\/\/buletin.de\/bucuresti\/generatia-de-aur-omagiata-la-art-safari\/"},"wordCount":343,"publisher":{"@id":"https:\/\/buletin.de\/bucuresti\/#organization"},"image":{"@id":"https:\/\/buletin.de\/bucuresti\/generatia-de-aur-omagiata-la-art-safari\/#primaryimage"},"thumbnailUrl":"https:\/\/buletin.de\/bucuresti\/wp-content\/uploads\/Foto-Agerpres-4.jpeg","keywords":["art safari","Generatia de Aur","Gheorghe Hagi"],"articleSection":["Articole","\u0218tiri"],"inLanguage":"en-GB","copyrightYear":"2024","copyrightHolder":{"@id":"https:\/\/buletin.de\/bucuresti\/#organization"}},{"@type":"WebPage","@id":"https:\/\/buletin.de\/bucuresti\/generatia-de-aur-omagiata-la-art-safari\/","url":"https:\/\/buletin.de\/bucuresti\/generatia-de-aur-omagiata-la-art-safari\/","name":"\u00a0\u201eGenera\u021bia de Aur\u201d, omagiat\u0103 la Art Safari - Buletin de Bucure\u0219ti","isPartOf":{"@id":"https:\/\/buletin.de\/bucuresti\/#website"},"primaryImageOfPage":{"@id":"https:\/\/buletin.de\/bucuresti\/generatia-de-aur-omagiata-la-art-safari\/#primaryimage"},"image":{"@id":"https:\/\/buletin.de\/bucuresti\/generatia-de-aur-omagiata-la-art-safari\/#primaryimage"},"thumbnailUrl":"https:\/\/buletin.de\/bucuresti\/wp-content\/uploads\/Foto-Agerpres-4.jpeg","datePublished":"2024-05-21T09:25:36+00:00","breadcrumb":{"@id":"https:\/\/buletin.de\/bucuresti\/generatia-de-aur-omagiata-la-art-safari\/#breadcrumb"},"inLanguage":"en-GB","potentialAction":[{"@type":"ReadAction","target":["https:\/\/buletin.de\/bucuresti\/generatia-de-aur-omagiata-la-art-safari\/"]}]},{"@type":"ImageObject","inLanguage":"en-GB","@id":"https:\/\/buletin.de\/bucuresti\/generatia-de-aur-omagiata-la-art-safari\/#primaryimage","url":"https:\/\/buletin.de\/bucuresti\/wp-content\/uploads\/Foto-Agerpres-4.jpeg","contentUrl":"https:\/\/buletin.de\/bucuresti\/wp-content\/uploads\/Foto-Agerpres-4.jpeg","width":1401,"height":995,"caption":"Campionatul mondial de fotbal - World Cup '94 din SUA - meciul de fotbal dintre reprezentantele Romaniei si SUA."},{"@type":"BreadcrumbList","@id":"https:\/\/buletin.de\/bucuresti\/generatia-de-aur-omagiata-la-art-safari\/#breadcrumb","itemListElement":[{"@type":"ListItem","position":1,"name":"Acas\u0103","item":"https:\/\/buletin.de\/bucuresti\/"},{"@type":"ListItem","position":2,"name":"\u00a0\u201eGenera\u021bia de Aur\u201d, omagiat\u0103 la Art Safari"}]},{"@type":"WebSite","@id":"https:\/\/buletin.de\/bucuresti\/#website","url":"https:\/\/buletin.de\/bucuresti\/","name":"Buletin de Bucure\u0219ti","description":"\u0218tiri \u0219i investiga\u021bii esen\u021biale din capital\u0103","publisher":{"@id":"https:\/\/buletin.de\/bucuresti\/#organization"},"potentialAction":[{"@type":"SearchAction","target":{"@type":"EntryPoint","urlTemplate":"https:\/\/buletin.de\/bucuresti\/?s={search_term_string}"},"query-input":{"@type":"PropertyValueSpecification","valueRequired":true,"valueName":"search_term_string"}}],"inLanguage":"en-GB"},{"@type":"Organization","@id":"https:\/\/buletin.de\/bucuresti\/#organization","name":"Buletin de Bucure\u0219ti","url":"https:\/\/buletin.de\/bucuresti\/","logo":{"@type":"ImageObject","inLanguage":"en-GB","@id":"https:\/\/buletin.de\/bucuresti\/#\/schema\/logo\/image\/","url":"https:\/\/buletin.de\/bucuresti\/wp-content\/uploads\/logo-bdb-full-wide-vernil-transparent.png","contentUrl":"https:\/\/buletin.de\/bucuresti\/wp-content\/uploads\/logo-bdb-full-wide-vernil-transparent.png","width":1782,"height":626,"caption":"Buletin de Bucure\u0219ti"},"image":{"@id":"https:\/\/buletin.de\/bucuresti\/#\/schema\/logo\/image\/"},"sameAs":["https:\/\/www.facebook.com\/buletin.de.buc","https:\/\/www.instagram.com\/buletinde.bucuresti\/"]},{"@type":"Person","@id":"https:\/\/buletin.de\/bucuresti\/#\/schema\/person\/7e46040573290777280a0835d81ea4ea","name":"Diana Matei","image":{"@type":"ImageObject","inLanguage":"en-GB","@id":"https:\/\/buletin.de\/bucuresti\/wp-content\/uploads\/9-2-96x96.jpg1e8590b30871d70e62ebcdaf2eff570c","url":"https:\/\/buletin.de\/bucuresti\/wp-content\/uploads\/9-2-96x96.jpg","contentUrl":"https:\/\/buletin.de\/bucuresti\/wp-content\/uploads\/9-2-96x96.jpg","caption":"Diana Matei"},"url":"https:\/\/buletin.de\/bucuresti\/author\/dianamatei\/"}]}},"authors":[{"term_id":22574,"user_id":49,"is_guest":0,"slug":"dianamatei","display_name":"Diana Matei","avatar_url":"https:\/\/buletin.de\/bucuresti\/wp-content\/uploads\/9-2-96x96.jpg","0":null,"1":"","2":"","3":"","4":"","5":"","6":"","7":"","8":""}],"_links":{"self":[{"href":"https:\/\/buletin.de\/bucuresti\/wp-json\/wp\/v2\/posts\/85957","targetHints":{"allow":["GET"]}}],"collection":[{"href":"https:\/\/buletin.de\/bucuresti\/wp-json\/wp\/v2\/posts"}],"about":[{"href":"https:\/\/buletin.de\/bucuresti\/wp-json\/wp\/v2\/types\/post"}],"author":[{"embeddable":true,"href":"https:\/\/buletin.de\/bucuresti\/wp-json\/wp\/v2\/users\/49"}],"replies":[{"embeddable":true,"href":"https:\/\/buletin.de\/bucuresti\/wp-json\/wp\/v2\/comments?post=85957"}],"version-history":[{"count":2,"href":"https:\/\/buletin.de\/bucuresti\/wp-json\/wp\/v2\/posts\/85957\/revisions"}],"predecessor-version":[{"id":85974,"href":"https:\/\/buletin.de\/bucuresti\/wp-json\/wp\/v2\/posts\/85957\/revisions\/85974"}],"wp:featuredmedia":[{"embeddable":true,"href":"https:\/\/buletin.de\/bucuresti\/wp-json\/wp\/v2\/media\/85965"}],"wp:attachment":[{"href":"https:\/\/buletin.de\/bucuresti\/wp-json\/wp\/v2\/media?parent=85957"}],"wp:term":[{"taxonomy":"category","embeddable":true,"href":"https:\/\/buletin.de\/bucuresti\/wp-json\/wp\/v2\/categories?post=85957"},{"taxonomy":"post_tag","embeddable":true,"href":"https:\/\/buletin.de\/bucuresti\/wp-json\/wp\/v2\/tags?post=85957"},{"taxonomy":"author","embeddable":true,"href":"https:\/\/buletin.de\/bucuresti\/wp-json\/wp\/v2\/ppma_author?post=85957"}],"curies":[{"name":"wp","href":"https:\/\/api.w.org\/{rel}","templated":true}]}}