{"id":85954,"date":"2024-05-21T12:44:09","date_gmt":"2024-05-21T09:44:09","guid":{"rendered":"https:\/\/buletin.de\/bucuresti\/?p=85954"},"modified":"2024-05-21T12:57:15","modified_gmt":"2024-05-21T09:57:15","slug":"peste-25-milioane-de-euro-pentru-transformarea-urbana-a-pietei-eroii-revolutiei-o-cincime-pentru-decor","status":"publish","type":"post","link":"https:\/\/buletin.de\/bucuresti\/peste-25-milioane-de-euro-pentru-transformarea-urbana-a-pietei-eroii-revolutiei-o-cincime-pentru-decor\/","title":{"rendered":"Peste 25 milioane de euro pentru \u201etransformarea urban\u0103\u201d a pie\u021bei Eroii Revolu\u021biei. O cincime, pentru decor"},"content":{"rendered":"\n<p><strong>Prim\u0103ria Sectorului 4 a pl\u0103tit 25,2 milioane de euro pentru \u201etransformarea urban\u0103 a zonei de la Eroii Revolu\u021biei\u201d, dintre care 5,3 milioane pentru o uria\u0219\u0103 structur\u0103 metalic\u0103 de decor, vopsit\u0103 \u00een alb, potrivit <a href=\"https:\/\/www.hotnews.ro\/stiri-administratie_locala-27148356-5-3-milioane-euro-dat-primarul-daniel-baluta-pentru-structura-metalica-decorativa-care-imita-munca-arhitectului-calatrava-piata-eroii-revolutiei.htm\">HotNews.ro<\/a>.<\/strong><\/p>\n\n\n\n<p>\u201ePoarta Eroilor\u201d, a\u0219a cum o nume\u0219te Daniel B\u0103lu\u021b\u0103, edilul Sectorului 4, a fost montat\u0103 \u00een cadrul lucr\u0103rilor de modernizare a Pie\u021bei Eroii Revolu\u021biei. Rolul structurii de 5,3 milioane de euro este, \u00een principal, de decor. Aceasta a preluat func\u021bia unor st\u00e2lpi normali: sus\u021bine linia de contact de la re\u021beaua de tramvai \u0219i delimiteaz\u0103 sta\u021bia.<\/p>\n\n\n\n<figure class=\"wp-block-image size-large\"><img fetchpriority=\"high\" decoding=\"async\" width=\"900\" height=\"506\" src=\"data:image\/gif;base64,R0lGODlhAQABAAAAACH5BAEKAAEALAAAAAABAAEAAAICTAEAOw==\" data-src=\"https:\/\/buletin.de\/bucuresti\/wp-content\/uploads\/Poarta-Eroilor-1-900x506.jpg\" alt=\"\" class=\"wp-image-85968 lazyload\" data-sizes=\"auto\" data-srcset=\"https:\/\/buletin.de\/bucuresti\/wp-content\/uploads\/Poarta-Eroilor-1-900x506.jpg 900w, https:\/\/buletin.de\/bucuresti\/wp-content\/uploads\/Poarta-Eroilor-1-300x169.jpg 300w, https:\/\/buletin.de\/bucuresti\/wp-content\/uploads\/Poarta-Eroilor-1-768x432.jpg 768w, https:\/\/buletin.de\/bucuresti\/wp-content\/uploads\/Poarta-Eroilor-1-1536x864.jpg 1536w, https:\/\/buletin.de\/bucuresti\/wp-content\/uploads\/Poarta-Eroilor-1-1600x900.jpg 1600w, https:\/\/buletin.de\/bucuresti\/wp-content\/uploads\/Poarta-Eroilor-1-1100x619.jpg 1100w, https:\/\/buletin.de\/bucuresti\/wp-content\/uploads\/Poarta-Eroilor-1-600x338.jpg 600w, https:\/\/buletin.de\/bucuresti\/wp-content\/uploads\/Poarta-Eroilor-1-20x11.jpg 20w, https:\/\/buletin.de\/bucuresti\/wp-content\/uploads\/Poarta-Eroilor-1.jpg 2016w\" sizes=\"(max-width: 900px) 100vw, 900px\" \/><figcaption class=\"wp-element-caption\">FOTO: HotNews.ro<\/figcaption><\/figure>\n\n\n\n<p>Construc\u021bia a fost inspirat\u0103 din lucr\u0103rile lui Santiago Calatrava Valls, un arhitect, sculptor \u0219i inginer structurist spaniol, recunoscut \u0219i premiat pe plan interna\u021bional. Aceasta este renumit mai ales pentru podurile construite, transmite <a href=\"https:\/\/www.hotnews.ro\/stiri-administratie_locala-27148356-5-3-milioane-euro-dat-primarul-daniel-baluta-pentru-structura-metalica-decorativa-care-imita-munca-arhitectului-calatrava-piata-eroii-revolutiei.htm\">HotNews.ro<\/a>.<\/p>\n\n\n\n<blockquote class=\"wp-block-quote is-layout-flow wp-block-quote-is-layout-flow\">\n<p class=\"has-medium-font-size\"><strong>Inspirat din lucr\u0103rile renumitului Santiago Calatrava, despre care se spune c\u0103 a dat aripi arhitecturii, la propriu, operele sale din \u00eentreaga lume av\u00e2nd \u00een centru ideea de \u201ezbor\u201d, proiectul construc\u021biei de la Eroii Revolu\u021biei este unul naturalizat \u0219i avizat \u00een comisiile de cultur\u0103, pentru a se integra al\u0103turi de monumentele istorice din zon\u0103, unul dintre acestea fiind Cimitirul Eroilor.&nbsp;<\/strong><\/p>\n<cite>Daniel B\u0103lu\u021b\u0103, FB<\/cite><\/blockquote>\n\n\n\n<figure class=\"wp-block-gallery has-nested-images columns-default is-cropped wp-block-gallery-1 is-layout-flex wp-block-gallery-is-layout-flex\">\n<figure class=\"wp-block-image size-large\"><img decoding=\"async\" width=\"900\" height=\"675\" data-id=\"85978\" src=\"data:image\/gif;base64,R0lGODlhAQABAAAAACH5BAEKAAEALAAAAAABAAEAAAICTAEAOw==\" data-src=\"https:\/\/buletin.de\/bucuresti\/wp-content\/uploads\/Poarta-Eroilor-3-900x675.jpg\" alt=\"\" class=\"wp-image-85978 lazyload\" data-sizes=\"auto\" data-srcset=\"https:\/\/buletin.de\/bucuresti\/wp-content\/uploads\/Poarta-Eroilor-3-900x675.jpg 900w, https:\/\/buletin.de\/bucuresti\/wp-content\/uploads\/Poarta-Eroilor-3-300x225.jpg 300w, https:\/\/buletin.de\/bucuresti\/wp-content\/uploads\/Poarta-Eroilor-3-768x576.jpg 768w, https:\/\/buletin.de\/bucuresti\/wp-content\/uploads\/Poarta-Eroilor-3-1536x1152.jpg 1536w, https:\/\/buletin.de\/bucuresti\/wp-content\/uploads\/Poarta-Eroilor-3-1100x825.jpg 1100w, https:\/\/buletin.de\/bucuresti\/wp-content\/uploads\/Poarta-Eroilor-3-600x450.jpg 600w, https:\/\/buletin.de\/bucuresti\/wp-content\/uploads\/Poarta-Eroilor-3-20x15.jpg 20w, https:\/\/buletin.de\/bucuresti\/wp-content\/uploads\/Poarta-Eroilor-3.jpg 1600w\" sizes=\"(max-width: 900px) 100vw, 900px\" \/><\/figure>\n\n\n\n<figure class=\"wp-block-image size-large\"><img decoding=\"async\" width=\"900\" height=\"675\" data-id=\"85977\" src=\"data:image\/gif;base64,R0lGODlhAQABAAAAACH5BAEKAAEALAAAAAABAAEAAAICTAEAOw==\" data-src=\"https:\/\/buletin.de\/bucuresti\/wp-content\/uploads\/Aripile-1-900x675.jpg\" alt=\"\" class=\"wp-image-85977 lazyload\" data-sizes=\"auto\" data-srcset=\"https:\/\/buletin.de\/bucuresti\/wp-content\/uploads\/Aripile-1-900x675.jpg 900w, https:\/\/buletin.de\/bucuresti\/wp-content\/uploads\/Aripile-1-300x225.jpg 300w, https:\/\/buletin.de\/bucuresti\/wp-content\/uploads\/Aripile-1-768x576.jpg 768w, https:\/\/buletin.de\/bucuresti\/wp-content\/uploads\/Aripile-1-1536x1152.jpg 1536w, https:\/\/buletin.de\/bucuresti\/wp-content\/uploads\/Aripile-1-1100x825.jpg 1100w, https:\/\/buletin.de\/bucuresti\/wp-content\/uploads\/Aripile-1-600x450.jpg 600w, https:\/\/buletin.de\/bucuresti\/wp-content\/uploads\/Aripile-1-20x15.jpg 20w, https:\/\/buletin.de\/bucuresti\/wp-content\/uploads\/Aripile-1.jpg 1600w\" sizes=\"(max-width: 900px) 100vw, 900px\" \/><\/figure>\n<figcaption class=\"blocks-gallery-caption wp-element-caption\">FOTO: FB\/ Daniel Baluta<\/figcaption><\/figure>\n\n\n\n<p>Lucr\u0103rile de \u201etransformare urban\u0103\u201d \u00een valoare de 25.2 milioane de euro au presupus: \u201e\u00eenlocuirea anumitor re\u021bele de utilit\u0103\u021bi, st\u00e2lpii, linia de contact \u0219i catenarele (n.r. linia de curent) pentru liniile de tramvai, finalizarea lucr\u0103rilor la pasajul pietonal subteran, resistematizarea circula\u021biei auto, modernizarea \u0219i reabilitarea carosabilului \u0219i a trotuarelor, inclusiv unele adiacente zonei (Mitropolit Dosoftei, Mitropolit Iosif, Mitropolit Grigore), refacerea \u0219i \u00eenfiin\u021barea de noi spa\u021bii verzi, pe ambele trotuare, precum \u0219i gazonarea liniei de tramvai \u00een zona noii sta\u021bii STB\u201d, se arat\u0103 \u00een r\u0103spunsul primit la solicitarea <a href=\"https:\/\/www.hotnews.ro\/stiri-administratie_locala-27148356-5-3-milioane-euro-dat-primarul-daniel-baluta-pentru-structura-metalica-decorativa-care-imita-munca-arhitectului-calatrava-piata-eroii-revolutiei.htm\">HotNews.ro<\/a>.<\/p>\n\n\n\n<figure class=\"wp-block-image size-large\"><img loading=\"lazy\" decoding=\"async\" width=\"900\" height=\"507\" src=\"data:image\/gif;base64,R0lGODlhAQABAAAAACH5BAEKAAEALAAAAAABAAEAAAICTAEAOw==\" data-src=\"https:\/\/buletin.de\/bucuresti\/wp-content\/uploads\/Amenajare-900x507.jpg\" alt=\"\" class=\"wp-image-85975 lazyload\" data-sizes=\"auto\" data-srcset=\"https:\/\/buletin.de\/bucuresti\/wp-content\/uploads\/Amenajare-900x507.jpg 900w, https:\/\/buletin.de\/bucuresti\/wp-content\/uploads\/Amenajare-300x169.jpg 300w, https:\/\/buletin.de\/bucuresti\/wp-content\/uploads\/Amenajare-768x433.jpg 768w, https:\/\/buletin.de\/bucuresti\/wp-content\/uploads\/Amenajare-1100x620.jpg 1100w, https:\/\/buletin.de\/bucuresti\/wp-content\/uploads\/Amenajare-600x338.jpg 600w, https:\/\/buletin.de\/bucuresti\/wp-content\/uploads\/Amenajare-20x11.jpg 20w, https:\/\/buletin.de\/bucuresti\/wp-content\/uploads\/Amenajare.jpg 1280w\" sizes=\"(max-width: 900px) 100vw, 900px\" \/><figcaption class=\"wp-element-caption\">FOTO: HotNews.ro<\/figcaption><\/figure>\n\n\n\n<p>O parte din cet\u0103\u021beni se arat\u0103 nemul\u021bumi\u021bi de schimb\u0103rile din zon\u0103. Mai exact, Grupul de Ini\u021biativ\u0103 civic\u0103 Eroii Revolu\u021biei a organizat luni, 20 mai, un protest fa\u021b\u0103 de decizia de desfiin\u021bare a sta\u021biilor de tramvai \u0219i a trecerii de pietoni de pe \u0219oseaua Viilor, f\u0103r\u0103 s\u0103 existe, \u00een acest moment, o alt\u0103 posibilitate ca cet\u0103\u021benii din zon\u0103 s\u0103 poat\u0103 lua tramvaiul.<\/p>\n\n\n\n<p>Totodat\u0103, viitoarea amplasare a sta\u021biilor \u00een mijlocul intersec\u021biei Eroii Revolu\u021biei va presupune trecerea printr-un tunel subteran de acces, o problem\u0103 pentru persoanele cu mobilitate redus\u0103, au transmis participan\u021bii protestului.<\/p>\n\n\n\n<iframe src=\"https:\/\/www.facebook.com\/plugins\/video.php?height=476&#038;href=https%3A%2F%2Fwww.facebook.com%2Fdoina.serban.18%2Fvideos%2F290105484194539%2F&#038;show_text=false&#038;width=267&#038;t=0\" width=\"267\" height=\"476\" style=\"border:none;overflow:hidden\" scrolling=\"no\" frameborder=\"0\" allowfullscreen=\"true\" allow=\"autoplay; clipboard-write; encrypted-media; picture-in-picture; web-share\" allowFullScreen=\"true\"><\/iframe>\n\n\n\n<p>Mai multe detalii pe  <a href=\"https:\/\/www.hotnews.ro\/stiri-administratie_locala-27148356-5-3-milioane-euro-dat-primarul-daniel-baluta-pentru-structura-metalica-decorativa-care-imita-munca-arhitectului-calatrava-piata-eroii-revolutiei.htm\">HotNews.ro<\/a>.<\/p>\n\n\n\n<p><strong>CITE\u0218TE \u0218I:<\/strong><\/p>\n\n\n\n<figure class=\"wp-block-embed is-type-wp-embed is-provider-buletin-de-bucure-ti wp-block-embed-buletin-de-bucure-ti\"><div class=\"wp-block-embed__wrapper\">\n<blockquote class=\"wp-embedded-content\" data-secret=\"v9SPfULBvN\"><a href=\"https:\/\/buletin.de\/bucuresti\/statiile-de-tramvai-piata-eroii-revolutiei-de-pe-sos-viilor-suspendate-pe-o-perioada-nedeterminata\/\">Sta\u021biile de tramvai \u201ePia\u021ba Eroii Revolu\u021biei\u201d, de pe \u0218os. Viilor, suspendate pe o perioad\u0103 nedeterminat\u0103<\/a><\/blockquote><iframe class=\"wp-embedded-content\" sandbox=\"allow-scripts\" security=\"restricted\" style=\"position: absolute; clip: rect(1px, 1px, 1px, 1px);\" title=\"&#8220;Sta\u021biile de tramvai \u201ePia\u021ba Eroii Revolu\u021biei\u201d, de pe \u0218os. Viilor, suspendate pe o perioad\u0103 nedeterminat\u0103&#8221; &#8212; Buletin de Bucure\u0219ti\" src=\"https:\/\/buletin.de\/bucuresti\/statiile-de-tramvai-piata-eroii-revolutiei-de-pe-sos-viilor-suspendate-pe-o-perioada-nedeterminata\/embed\/#?secret=sBnCxJYgFo#?secret=v9SPfULBvN\" data-secret=\"v9SPfULBvN\" width=\"600\" height=\"338\" frameborder=\"0\" marginwidth=\"0\" marginheight=\"0\" scrolling=\"no\"><\/iframe>\n<\/div><\/figure>\n","protected":false},"excerpt":{"rendered":"<p>Prim\u0103ria Sectorului 4 a pl\u0103tit 25,2 milioane de euro pentru \u201etransformarea urban\u0103 a zonei de la Eroii Revolu\u021biei\u201d, dintre care 5,3 milioane pentru o uria\u0219\u0103 structur\u0103 metalic\u0103 de decor, vopsit\u0103 \u00een alb, potrivit HotNews.ro. \u201ePoarta Eroilor\u201d, a\u0219a cum o nume\u0219te Daniel B\u0103lu\u021b\u0103, edilul Sectorului 4, a fost montat\u0103 \u00een cadrul lucr\u0103rilor de modernizare a Pie\u021bei [&hellip;]<\/p>\n","protected":false},"author":55,"featured_media":85978,"comment_status":"closed","ping_status":"open","sticky":false,"template":"","format":"standard","meta":{"_acf_changed":false,"inline_featured_image":false,"ngg_post_thumbnail":0,"footnotes":""},"categories":[6994,5762,24],"tags":[12084,1204,9277,12082,7187,12081,765,12083,12085],"ppma_author":[22573],"class_list":["post-85954","post","type-post","status-publish","format-standard","has-post-thumbnail","hentry","category-stiri-2","category-main","category-primarie","tag-acces-tramvai","tag-daniel-baluta","tag-daniel-baluta-regenerare-urbana","tag-lucrari-de-modernizare-piata-eroii-revolutiei","tag-piata-eroii-revolutiei","tag-poarta-eroilor","tag-sector-4","tag-statii-stb-suspendate","tag-tunel-subteran-eroii-revolutiei"],"acf":[],"yoast_head":"<!-- This site is optimized with the Yoast SEO Premium plugin v25.3 (Yoast SEO v27.5) - https:\/\/yoast.com\/product\/yoast-seo-premium-wordpress\/ -->\n<title>Peste 25 milioane de euro pentru \u201etransformarea urban\u0103\u201d a pie\u021bei Eroii Revolu\u021biei. O cincime, pentru decor - Buletin de Bucure\u0219ti<\/title>\n<meta name=\"robots\" content=\"index, follow, max-snippet:-1, max-image-preview:large, max-video-preview:-1\" \/>\n<link rel=\"canonical\" href=\"https:\/\/buletin.de\/bucuresti\/peste-25-milioane-de-euro-pentru-transformarea-urbana-a-pietei-eroii-revolutiei-o-cincime-pentru-decor\/\" \/>\n<meta property=\"og:locale\" content=\"en_GB\" \/>\n<meta property=\"og:type\" content=\"article\" \/>\n<meta property=\"og:title\" content=\"Peste 25 milioane de euro pentru \u201etransformarea urban\u0103\u201d a pie\u021bei Eroii Revolu\u021biei. O cincime, pentru decor\" \/>\n<meta property=\"og:description\" content=\"Prim\u0103ria Sectorului 4 a pl\u0103tit 25,2 milioane de euro pentru \u201etransformarea urban\u0103 a zonei de la Eroii Revolu\u021biei\u201d, dintre care 5,3 milioane pentru o uria\u0219\u0103 structur\u0103 metalic\u0103 de decor, vopsit\u0103 \u00een alb, potrivit HotNews.ro. \u201ePoarta Eroilor\u201d, a\u0219a cum o nume\u0219te Daniel B\u0103lu\u021b\u0103, edilul Sectorului 4, a fost montat\u0103 \u00een cadrul lucr\u0103rilor de modernizare a Pie\u021bei [&hellip;]\" \/>\n<meta property=\"og:url\" content=\"https:\/\/buletin.de\/bucuresti\/peste-25-milioane-de-euro-pentru-transformarea-urbana-a-pietei-eroii-revolutiei-o-cincime-pentru-decor\/\" \/>\n<meta property=\"og:site_name\" content=\"Buletin de Bucure\u0219ti\" \/>\n<meta property=\"article:publisher\" content=\"https:\/\/www.facebook.com\/buletin.de.buc\" \/>\n<meta property=\"article:published_time\" content=\"2024-05-21T09:44:09+00:00\" \/>\n<meta property=\"article:modified_time\" content=\"2024-05-21T09:57:15+00:00\" \/>\n<meta property=\"og:image\" content=\"https:\/\/buletin.de\/bucuresti\/wp-content\/uploads\/Poarta-Eroilor-3.jpg\" \/>\n\t<meta property=\"og:image:width\" content=\"1600\" \/>\n\t<meta property=\"og:image:height\" content=\"1200\" \/>\n\t<meta property=\"og:image:type\" content=\"image\/jpeg\" \/>\n<meta name=\"author\" content=\"Andreea Tudor\" \/>\n<meta name=\"twitter:card\" content=\"summary_large_image\" \/>\n<meta name=\"twitter:label1\" content=\"Written by\" \/>\n\t<meta name=\"twitter:data1\" content=\"Andreea Tudor\" \/>\n\t<meta name=\"twitter:label2\" content=\"Estimated reading time\" \/>\n\t<meta name=\"twitter:data2\" content=\"3 minutes\" \/>\n<script type=\"application\/ld+json\" class=\"yoast-schema-graph\">{\"@context\":\"https:\\\/\\\/schema.org\",\"@graph\":[{\"@type\":\"Article\",\"@id\":\"https:\\\/\\\/buletin.de\\\/bucuresti\\\/peste-25-milioane-de-euro-pentru-transformarea-urbana-a-pietei-eroii-revolutiei-o-cincime-pentru-decor\\\/#article\",\"isPartOf\":{\"@id\":\"https:\\\/\\\/buletin.de\\\/bucuresti\\\/peste-25-milioane-de-euro-pentru-transformarea-urbana-a-pietei-eroii-revolutiei-o-cincime-pentru-decor\\\/\"},\"author\":{\"name\":\"Andreea Tudor\",\"@id\":\"https:\\\/\\\/buletin.de\\\/bucuresti\\\/#\\\/schema\\\/person\\\/150590659efde715459d159da012f501\"},\"headline\":\"Peste 25 milioane de euro pentru \u201etransformarea urban\u0103\u201d a pie\u021bei Eroii Revolu\u021biei. O cincime, pentru decor\",\"datePublished\":\"2024-05-21T09:44:09+00:00\",\"dateModified\":\"2024-05-21T09:57:15+00:00\",\"mainEntityOfPage\":{\"@id\":\"https:\\\/\\\/buletin.de\\\/bucuresti\\\/peste-25-milioane-de-euro-pentru-transformarea-urbana-a-pietei-eroii-revolutiei-o-cincime-pentru-decor\\\/\"},\"wordCount\":446,\"publisher\":{\"@id\":\"https:\\\/\\\/buletin.de\\\/bucuresti\\\/#organization\"},\"image\":{\"@id\":\"https:\\\/\\\/buletin.de\\\/bucuresti\\\/peste-25-milioane-de-euro-pentru-transformarea-urbana-a-pietei-eroii-revolutiei-o-cincime-pentru-decor\\\/#primaryimage\"},\"thumbnailUrl\":\"https:\\\/\\\/buletin.de\\\/bucuresti\\\/wp-content\\\/uploads\\\/Poarta-Eroilor-3.jpg\",\"keywords\":[\"acces tramvai\",\"daniel baluta\",\"daniel baluta regenerare urbana\",\"lucrari de modernizare piata eroii revolutiei\",\"piata eroii revolutiei\",\"Poarta Eroilor\",\"Sector 4\",\"statii stb suspendate\",\"tunel subteran eroii revolutiei\"],\"articleSection\":[\"Articole\",\"Main\",\"Prim\u0103rie\"],\"inLanguage\":\"en-GB\",\"copyrightYear\":\"2024\",\"copyrightHolder\":{\"@id\":\"https:\\\/\\\/buletin.de\\\/bucuresti\\\/#organization\"}},{\"@type\":\"WebPage\",\"@id\":\"https:\\\/\\\/buletin.de\\\/bucuresti\\\/peste-25-milioane-de-euro-pentru-transformarea-urbana-a-pietei-eroii-revolutiei-o-cincime-pentru-decor\\\/\",\"url\":\"https:\\\/\\\/buletin.de\\\/bucuresti\\\/peste-25-milioane-de-euro-pentru-transformarea-urbana-a-pietei-eroii-revolutiei-o-cincime-pentru-decor\\\/\",\"name\":\"Peste 25 milioane de euro pentru \u201etransformarea urban\u0103\u201d a pie\u021bei Eroii Revolu\u021biei. O cincime, pentru decor - Buletin de Bucure\u0219ti\",\"isPartOf\":{\"@id\":\"https:\\\/\\\/buletin.de\\\/bucuresti\\\/#website\"},\"primaryImageOfPage\":{\"@id\":\"https:\\\/\\\/buletin.de\\\/bucuresti\\\/peste-25-milioane-de-euro-pentru-transformarea-urbana-a-pietei-eroii-revolutiei-o-cincime-pentru-decor\\\/#primaryimage\"},\"image\":{\"@id\":\"https:\\\/\\\/buletin.de\\\/bucuresti\\\/peste-25-milioane-de-euro-pentru-transformarea-urbana-a-pietei-eroii-revolutiei-o-cincime-pentru-decor\\\/#primaryimage\"},\"thumbnailUrl\":\"https:\\\/\\\/buletin.de\\\/bucuresti\\\/wp-content\\\/uploads\\\/Poarta-Eroilor-3.jpg\",\"datePublished\":\"2024-05-21T09:44:09+00:00\",\"dateModified\":\"2024-05-21T09:57:15+00:00\",\"breadcrumb\":{\"@id\":\"https:\\\/\\\/buletin.de\\\/bucuresti\\\/peste-25-milioane-de-euro-pentru-transformarea-urbana-a-pietei-eroii-revolutiei-o-cincime-pentru-decor\\\/#breadcrumb\"},\"inLanguage\":\"en-GB\",\"potentialAction\":[{\"@type\":\"ReadAction\",\"target\":[\"https:\\\/\\\/buletin.de\\\/bucuresti\\\/peste-25-milioane-de-euro-pentru-transformarea-urbana-a-pietei-eroii-revolutiei-o-cincime-pentru-decor\\\/\"]}]},{\"@type\":\"ImageObject\",\"inLanguage\":\"en-GB\",\"@id\":\"https:\\\/\\\/buletin.de\\\/bucuresti\\\/peste-25-milioane-de-euro-pentru-transformarea-urbana-a-pietei-eroii-revolutiei-o-cincime-pentru-decor\\\/#primaryimage\",\"url\":\"https:\\\/\\\/buletin.de\\\/bucuresti\\\/wp-content\\\/uploads\\\/Poarta-Eroilor-3.jpg\",\"contentUrl\":\"https:\\\/\\\/buletin.de\\\/bucuresti\\\/wp-content\\\/uploads\\\/Poarta-Eroilor-3.jpg\",\"width\":1600,\"height\":1200,\"caption\":\"FOTO: FB\\\/ Daniel Baluta\"},{\"@type\":\"BreadcrumbList\",\"@id\":\"https:\\\/\\\/buletin.de\\\/bucuresti\\\/peste-25-milioane-de-euro-pentru-transformarea-urbana-a-pietei-eroii-revolutiei-o-cincime-pentru-decor\\\/#breadcrumb\",\"itemListElement\":[{\"@type\":\"ListItem\",\"position\":1,\"name\":\"Acas\u0103\",\"item\":\"https:\\\/\\\/buletin.de\\\/bucuresti\\\/\"},{\"@type\":\"ListItem\",\"position\":2,\"name\":\"Peste 25 milioane de euro pentru \u201etransformarea urban\u0103\u201d a pie\u021bei Eroii Revolu\u021biei. O cincime, pentru decor\"}]},{\"@type\":\"WebSite\",\"@id\":\"https:\\\/\\\/buletin.de\\\/bucuresti\\\/#website\",\"url\":\"https:\\\/\\\/buletin.de\\\/bucuresti\\\/\",\"name\":\"Buletin de Bucure\u0219ti\",\"description\":\"\u0218tiri \u0219i investiga\u021bii esen\u021biale din capital\u0103\",\"publisher\":{\"@id\":\"https:\\\/\\\/buletin.de\\\/bucuresti\\\/#organization\"},\"potentialAction\":[{\"@type\":\"SearchAction\",\"target\":{\"@type\":\"EntryPoint\",\"urlTemplate\":\"https:\\\/\\\/buletin.de\\\/bucuresti\\\/?s={search_term_string}\"},\"query-input\":{\"@type\":\"PropertyValueSpecification\",\"valueRequired\":true,\"valueName\":\"search_term_string\"}}],\"inLanguage\":\"en-GB\"},{\"@type\":\"Organization\",\"@id\":\"https:\\\/\\\/buletin.de\\\/bucuresti\\\/#organization\",\"name\":\"Buletin de Bucure\u0219ti\",\"url\":\"https:\\\/\\\/buletin.de\\\/bucuresti\\\/\",\"logo\":{\"@type\":\"ImageObject\",\"inLanguage\":\"en-GB\",\"@id\":\"https:\\\/\\\/buletin.de\\\/bucuresti\\\/#\\\/schema\\\/logo\\\/image\\\/\",\"url\":\"https:\\\/\\\/buletin.de\\\/bucuresti\\\/wp-content\\\/uploads\\\/logo-bdb-full-wide-vernil-transparent.png\",\"contentUrl\":\"https:\\\/\\\/buletin.de\\\/bucuresti\\\/wp-content\\\/uploads\\\/logo-bdb-full-wide-vernil-transparent.png\",\"width\":1782,\"height\":626,\"caption\":\"Buletin de Bucure\u0219ti\"},\"image\":{\"@id\":\"https:\\\/\\\/buletin.de\\\/bucuresti\\\/#\\\/schema\\\/logo\\\/image\\\/\"},\"sameAs\":[\"https:\\\/\\\/www.facebook.com\\\/buletin.de.buc\",\"https:\\\/\\\/www.instagram.com\\\/buletinde.bucuresti\\\/\"]},{\"@type\":\"Person\",\"@id\":\"https:\\\/\\\/buletin.de\\\/bucuresti\\\/#\\\/schema\\\/person\\\/150590659efde715459d159da012f501\",\"name\":\"Andreea Tudor\",\"image\":{\"@type\":\"ImageObject\",\"inLanguage\":\"en-GB\",\"@id\":\"https:\\\/\\\/secure.gravatar.com\\\/avatar\\\/a88705a186ab0b67f3349bcbced506c09e37256fbaad0e7f3bd1a79b4599f589?s=96&d=monsterid&r=g79290610aa1a65c2b86eebc2ca5aee8f\",\"url\":\"https:\\\/\\\/secure.gravatar.com\\\/avatar\\\/a88705a186ab0b67f3349bcbced506c09e37256fbaad0e7f3bd1a79b4599f589?s=96&d=monsterid&r=g\",\"contentUrl\":\"https:\\\/\\\/secure.gravatar.com\\\/avatar\\\/a88705a186ab0b67f3349bcbced506c09e37256fbaad0e7f3bd1a79b4599f589?s=96&d=monsterid&r=g\",\"caption\":\"Andreea Tudor\"},\"description\":\"N\u0103scut\u0103 \u0219i crescut\u0103 \u00een Bucure\u0219ti, sus\u021bin\u0103toare a presei independente. A\u0219a am ajuns redactor la Buletin de Bucure\u0219ti. Fiind eu, \u00eens\u0103mi, parte a sistemului de \u00eenv\u0103\u021b\u0103m\u00e2nt rom\u00e2nesc \u0219i pasionat\u0103 de domeniul social, pun sub lup\u0103 tot ceea ce se \u00eent\u00e2mpl\u0103 \u00een sfera educa\u021biei. Cred cu t\u0103rie c\u0103 presa \u201epentru cet\u0103\u021beni\u201d este presa independent\u0103. Oamenii au nevoie de o informare corect\u0103 pentru a \u00een\u021belege pe deplin ce se \u00eent\u00e2mpl\u0103 \u00een jurul lor \u0219i pentru a lua ac\u021biune \u00eempotriva nedrept\u0103\u021bilor.\",\"url\":\"https:\\\/\\\/buletin.de\\\/bucuresti\\\/author\\\/andreeatudor\\\/\"}]}<\/script>\n<!-- \/ Yoast SEO Premium plugin. -->","yoast_head_json":{"title":"Peste 25 milioane de euro pentru \u201etransformarea urban\u0103\u201d a pie\u021bei Eroii Revolu\u021biei. O cincime, pentru decor - Buletin de Bucure\u0219ti","robots":{"index":"index","follow":"follow","max-snippet":"max-snippet:-1","max-image-preview":"max-image-preview:large","max-video-preview":"max-video-preview:-1"},"canonical":"https:\/\/buletin.de\/bucuresti\/peste-25-milioane-de-euro-pentru-transformarea-urbana-a-pietei-eroii-revolutiei-o-cincime-pentru-decor\/","og_locale":"en_GB","og_type":"article","og_title":"Peste 25 milioane de euro pentru \u201etransformarea urban\u0103\u201d a pie\u021bei Eroii Revolu\u021biei. O cincime, pentru decor","og_description":"Prim\u0103ria Sectorului 4 a pl\u0103tit 25,2 milioane de euro pentru \u201etransformarea urban\u0103 a zonei de la Eroii Revolu\u021biei\u201d, dintre care 5,3 milioane pentru o uria\u0219\u0103 structur\u0103 metalic\u0103 de decor, vopsit\u0103 \u00een alb, potrivit HotNews.ro. \u201ePoarta Eroilor\u201d, a\u0219a cum o nume\u0219te Daniel B\u0103lu\u021b\u0103, edilul Sectorului 4, a fost montat\u0103 \u00een cadrul lucr\u0103rilor de modernizare a Pie\u021bei [&hellip;]","og_url":"https:\/\/buletin.de\/bucuresti\/peste-25-milioane-de-euro-pentru-transformarea-urbana-a-pietei-eroii-revolutiei-o-cincime-pentru-decor\/","og_site_name":"Buletin de Bucure\u0219ti","article_publisher":"https:\/\/www.facebook.com\/buletin.de.buc","article_published_time":"2024-05-21T09:44:09+00:00","article_modified_time":"2024-05-21T09:57:15+00:00","og_image":[{"width":1600,"height":1200,"url":"https:\/\/buletin.de\/bucuresti\/wp-content\/uploads\/Poarta-Eroilor-3.jpg","type":"image\/jpeg"}],"author":"Andreea Tudor","twitter_card":"summary_large_image","twitter_misc":{"Written by":"Andreea Tudor","Estimated reading time":"3 minutes"},"schema":{"@context":"https:\/\/schema.org","@graph":[{"@type":"Article","@id":"https:\/\/buletin.de\/bucuresti\/peste-25-milioane-de-euro-pentru-transformarea-urbana-a-pietei-eroii-revolutiei-o-cincime-pentru-decor\/#article","isPartOf":{"@id":"https:\/\/buletin.de\/bucuresti\/peste-25-milioane-de-euro-pentru-transformarea-urbana-a-pietei-eroii-revolutiei-o-cincime-pentru-decor\/"},"author":{"name":"Andreea Tudor","@id":"https:\/\/buletin.de\/bucuresti\/#\/schema\/person\/150590659efde715459d159da012f501"},"headline":"Peste 25 milioane de euro pentru \u201etransformarea urban\u0103\u201d a pie\u021bei Eroii Revolu\u021biei. O cincime, pentru decor","datePublished":"2024-05-21T09:44:09+00:00","dateModified":"2024-05-21T09:57:15+00:00","mainEntityOfPage":{"@id":"https:\/\/buletin.de\/bucuresti\/peste-25-milioane-de-euro-pentru-transformarea-urbana-a-pietei-eroii-revolutiei-o-cincime-pentru-decor\/"},"wordCount":446,"publisher":{"@id":"https:\/\/buletin.de\/bucuresti\/#organization"},"image":{"@id":"https:\/\/buletin.de\/bucuresti\/peste-25-milioane-de-euro-pentru-transformarea-urbana-a-pietei-eroii-revolutiei-o-cincime-pentru-decor\/#primaryimage"},"thumbnailUrl":"https:\/\/buletin.de\/bucuresti\/wp-content\/uploads\/Poarta-Eroilor-3.jpg","keywords":["acces tramvai","daniel baluta","daniel baluta regenerare urbana","lucrari de modernizare piata eroii revolutiei","piata eroii revolutiei","Poarta Eroilor","Sector 4","statii stb suspendate","tunel subteran eroii revolutiei"],"articleSection":["Articole","Main","Prim\u0103rie"],"inLanguage":"en-GB","copyrightYear":"2024","copyrightHolder":{"@id":"https:\/\/buletin.de\/bucuresti\/#organization"}},{"@type":"WebPage","@id":"https:\/\/buletin.de\/bucuresti\/peste-25-milioane-de-euro-pentru-transformarea-urbana-a-pietei-eroii-revolutiei-o-cincime-pentru-decor\/","url":"https:\/\/buletin.de\/bucuresti\/peste-25-milioane-de-euro-pentru-transformarea-urbana-a-pietei-eroii-revolutiei-o-cincime-pentru-decor\/","name":"Peste 25 milioane de euro pentru \u201etransformarea urban\u0103\u201d a pie\u021bei Eroii Revolu\u021biei. O cincime, pentru decor - Buletin de Bucure\u0219ti","isPartOf":{"@id":"https:\/\/buletin.de\/bucuresti\/#website"},"primaryImageOfPage":{"@id":"https:\/\/buletin.de\/bucuresti\/peste-25-milioane-de-euro-pentru-transformarea-urbana-a-pietei-eroii-revolutiei-o-cincime-pentru-decor\/#primaryimage"},"image":{"@id":"https:\/\/buletin.de\/bucuresti\/peste-25-milioane-de-euro-pentru-transformarea-urbana-a-pietei-eroii-revolutiei-o-cincime-pentru-decor\/#primaryimage"},"thumbnailUrl":"https:\/\/buletin.de\/bucuresti\/wp-content\/uploads\/Poarta-Eroilor-3.jpg","datePublished":"2024-05-21T09:44:09+00:00","dateModified":"2024-05-21T09:57:15+00:00","breadcrumb":{"@id":"https:\/\/buletin.de\/bucuresti\/peste-25-milioane-de-euro-pentru-transformarea-urbana-a-pietei-eroii-revolutiei-o-cincime-pentru-decor\/#breadcrumb"},"inLanguage":"en-GB","potentialAction":[{"@type":"ReadAction","target":["https:\/\/buletin.de\/bucuresti\/peste-25-milioane-de-euro-pentru-transformarea-urbana-a-pietei-eroii-revolutiei-o-cincime-pentru-decor\/"]}]},{"@type":"ImageObject","inLanguage":"en-GB","@id":"https:\/\/buletin.de\/bucuresti\/peste-25-milioane-de-euro-pentru-transformarea-urbana-a-pietei-eroii-revolutiei-o-cincime-pentru-decor\/#primaryimage","url":"https:\/\/buletin.de\/bucuresti\/wp-content\/uploads\/Poarta-Eroilor-3.jpg","contentUrl":"https:\/\/buletin.de\/bucuresti\/wp-content\/uploads\/Poarta-Eroilor-3.jpg","width":1600,"height":1200,"caption":"FOTO: FB\/ Daniel Baluta"},{"@type":"BreadcrumbList","@id":"https:\/\/buletin.de\/bucuresti\/peste-25-milioane-de-euro-pentru-transformarea-urbana-a-pietei-eroii-revolutiei-o-cincime-pentru-decor\/#breadcrumb","itemListElement":[{"@type":"ListItem","position":1,"name":"Acas\u0103","item":"https:\/\/buletin.de\/bucuresti\/"},{"@type":"ListItem","position":2,"name":"Peste 25 milioane de euro pentru \u201etransformarea urban\u0103\u201d a pie\u021bei Eroii Revolu\u021biei. O cincime, pentru decor"}]},{"@type":"WebSite","@id":"https:\/\/buletin.de\/bucuresti\/#website","url":"https:\/\/buletin.de\/bucuresti\/","name":"Buletin de Bucure\u0219ti","description":"\u0218tiri \u0219i investiga\u021bii esen\u021biale din capital\u0103","publisher":{"@id":"https:\/\/buletin.de\/bucuresti\/#organization"},"potentialAction":[{"@type":"SearchAction","target":{"@type":"EntryPoint","urlTemplate":"https:\/\/buletin.de\/bucuresti\/?s={search_term_string}"},"query-input":{"@type":"PropertyValueSpecification","valueRequired":true,"valueName":"search_term_string"}}],"inLanguage":"en-GB"},{"@type":"Organization","@id":"https:\/\/buletin.de\/bucuresti\/#organization","name":"Buletin de Bucure\u0219ti","url":"https:\/\/buletin.de\/bucuresti\/","logo":{"@type":"ImageObject","inLanguage":"en-GB","@id":"https:\/\/buletin.de\/bucuresti\/#\/schema\/logo\/image\/","url":"https:\/\/buletin.de\/bucuresti\/wp-content\/uploads\/logo-bdb-full-wide-vernil-transparent.png","contentUrl":"https:\/\/buletin.de\/bucuresti\/wp-content\/uploads\/logo-bdb-full-wide-vernil-transparent.png","width":1782,"height":626,"caption":"Buletin de Bucure\u0219ti"},"image":{"@id":"https:\/\/buletin.de\/bucuresti\/#\/schema\/logo\/image\/"},"sameAs":["https:\/\/www.facebook.com\/buletin.de.buc","https:\/\/www.instagram.com\/buletinde.bucuresti\/"]},{"@type":"Person","@id":"https:\/\/buletin.de\/bucuresti\/#\/schema\/person\/150590659efde715459d159da012f501","name":"Andreea Tudor","image":{"@type":"ImageObject","inLanguage":"en-GB","@id":"https:\/\/secure.gravatar.com\/avatar\/a88705a186ab0b67f3349bcbced506c09e37256fbaad0e7f3bd1a79b4599f589?s=96&d=monsterid&r=g79290610aa1a65c2b86eebc2ca5aee8f","url":"https:\/\/secure.gravatar.com\/avatar\/a88705a186ab0b67f3349bcbced506c09e37256fbaad0e7f3bd1a79b4599f589?s=96&d=monsterid&r=g","contentUrl":"https:\/\/secure.gravatar.com\/avatar\/a88705a186ab0b67f3349bcbced506c09e37256fbaad0e7f3bd1a79b4599f589?s=96&d=monsterid&r=g","caption":"Andreea Tudor"},"description":"N\u0103scut\u0103 \u0219i crescut\u0103 \u00een Bucure\u0219ti, sus\u021bin\u0103toare a presei independente. A\u0219a am ajuns redactor la Buletin de Bucure\u0219ti. Fiind eu, \u00eens\u0103mi, parte a sistemului de \u00eenv\u0103\u021b\u0103m\u00e2nt rom\u00e2nesc \u0219i pasionat\u0103 de domeniul social, pun sub lup\u0103 tot ceea ce se \u00eent\u00e2mpl\u0103 \u00een sfera educa\u021biei. Cred cu t\u0103rie c\u0103 presa \u201epentru cet\u0103\u021beni\u201d este presa independent\u0103. Oamenii au nevoie de o informare corect\u0103 pentru a \u00een\u021belege pe deplin ce se \u00eent\u00e2mpl\u0103 \u00een jurul lor \u0219i pentru a lua ac\u021biune \u00eempotriva nedrept\u0103\u021bilor.","url":"https:\/\/buletin.de\/bucuresti\/author\/andreeatudor\/"}]}},"authors":[{"term_id":22573,"user_id":55,"is_guest":0,"slug":"andreeatudor","display_name":"Andreea Tudor","avatar_url":"https:\/\/secure.gravatar.com\/avatar\/a88705a186ab0b67f3349bcbced506c09e37256fbaad0e7f3bd1a79b4599f589?s=96&d=monsterid&r=g","0":null,"1":"","2":"","3":"","4":"","5":"","6":"","7":"","8":""}],"_links":{"self":[{"href":"https:\/\/buletin.de\/bucuresti\/wp-json\/wp\/v2\/posts\/85954","targetHints":{"allow":["GET"]}}],"collection":[{"href":"https:\/\/buletin.de\/bucuresti\/wp-json\/wp\/v2\/posts"}],"about":[{"href":"https:\/\/buletin.de\/bucuresti\/wp-json\/wp\/v2\/types\/post"}],"author":[{"embeddable":true,"href":"https:\/\/buletin.de\/bucuresti\/wp-json\/wp\/v2\/users\/55"}],"replies":[{"embeddable":true,"href":"https:\/\/buletin.de\/bucuresti\/wp-json\/wp\/v2\/comments?post=85954"}],"version-history":[{"count":8,"href":"https:\/\/buletin.de\/bucuresti\/wp-json\/wp\/v2\/posts\/85954\/revisions"}],"predecessor-version":[{"id":85982,"href":"https:\/\/buletin.de\/bucuresti\/wp-json\/wp\/v2\/posts\/85954\/revisions\/85982"}],"wp:featuredmedia":[{"embeddable":true,"href":"https:\/\/buletin.de\/bucuresti\/wp-json\/wp\/v2\/media\/85978"}],"wp:attachment":[{"href":"https:\/\/buletin.de\/bucuresti\/wp-json\/wp\/v2\/media?parent=85954"}],"wp:term":[{"taxonomy":"category","embeddable":true,"href":"https:\/\/buletin.de\/bucuresti\/wp-json\/wp\/v2\/categories?post=85954"},{"taxonomy":"post_tag","embeddable":true,"href":"https:\/\/buletin.de\/bucuresti\/wp-json\/wp\/v2\/tags?post=85954"},{"taxonomy":"author","embeddable":true,"href":"https:\/\/buletin.de\/bucuresti\/wp-json\/wp\/v2\/ppma_author?post=85954"}],"curies":[{"name":"wp","href":"https:\/\/api.w.org\/{rel}","templated":true}]}}