{"id":85910,"date":"2024-05-21T10:29:02","date_gmt":"2024-05-21T07:29:02","guid":{"rendered":"https:\/\/buletin.de\/bucuresti\/?p=85910"},"modified":"2024-05-24T15:12:04","modified_gmt":"2024-05-24T12:12:04","slug":"cine-sunt-si-ce-avere-au-candidatii-la-primariile-capitalei-lista-pentru-sectorul-1","status":"publish","type":"post","link":"https:\/\/buletin.de\/bucuresti\/cine-sunt-si-ce-avere-au-candidatii-la-primariile-capitalei-lista-pentru-sectorul-1\/","title":{"rendered":"Cine sunt \u0219i ce avere au candida\u021bii la prim\u0103riile Capitalei | Lista pentru Sectorul 1"},"content":{"rendered":"\n<p class=\"has-small-font-size\"><strong>Buletin de Bucure\u0219ti v\u0103 prezint\u0103 o radiografie limpede a candida\u021bilor pentru prim\u0103riile Capitalei. Datele prezentate sunt colectate din surse publice iar aspiran\u021bii la func\u021bia de primar sunt prezenta\u021bi \u00een ordinea stabilit\u0103 pe buletinele de vot de Birourile Electorale de Circumscrip\u0163ie, prin tragere la sor\u021bi.<\/strong><\/p>\n\n\n\n<h2 class=\"wp-block-heading\"><strong>Ramona Ioana Bruynseels&nbsp; &#8211; Alian\u0163a pentru Unirea Rom\u00e2nilor AUR&nbsp;<\/strong><\/h2>\n\n\n\n<figure class=\"wp-block-image size-large\"><img fetchpriority=\"high\" decoding=\"async\" width=\"900\" height=\"619\" src=\"data:image\/gif;base64,R0lGODlhAQABAAAAACH5BAEKAAEALAAAAAABAAEAAAICTAEAOw==\" data-src=\"https:\/\/buletin.de\/bucuresti\/wp-content\/uploads\/ramona-bruynseels-900x619.jpg\" alt=\"\" class=\"wp-image-85911 lazyload\" data-sizes=\"auto\" data-srcset=\"https:\/\/buletin.de\/bucuresti\/wp-content\/uploads\/ramona-bruynseels-900x619.jpg 900w, https:\/\/buletin.de\/bucuresti\/wp-content\/uploads\/ramona-bruynseels-300x206.jpg 300w, https:\/\/buletin.de\/bucuresti\/wp-content\/uploads\/ramona-bruynseels-768x528.jpg 768w, https:\/\/buletin.de\/bucuresti\/wp-content\/uploads\/ramona-bruynseels-600x413.jpg 600w, https:\/\/buletin.de\/bucuresti\/wp-content\/uploads\/ramona-bruynseels-20x14.jpg 20w, https:\/\/buletin.de\/bucuresti\/wp-content\/uploads\/ramona-bruynseels.jpg 1000w\" sizes=\"(max-width: 900px) 100vw, 900px\" \/><figcaption class=\"wp-element-caption\">Surs\u0103 foto: Facebook \/ Ramona Ioana Bruynseels&nbsp;<\/figcaption><\/figure>\n\n\n\n<p>S-a n\u0103scut la Cluj-Napoca, are 44 de ani, este c\u0103s\u0103torit\u0103 cu Dominic Bruynseels, un cet\u0103\u021bean de origine britanic\u0103, \u0219i are doi copii, conform <a href=\"https:\/\/www.gov.ro\/fisiere\/echipa-pm\/ramona_ioana_bruynseels.pdf\">CV-ului<\/a> publicat pe site-ul Guvernului \u0219i pe <a href=\"https:\/\/www.facebook.com\/RamonaIoanaBruynseels\/about_details\">pagina de Facebook<\/a> a politicienei.<\/p>\n\n\n\n<p>Slogan electoral\/Motto : \u201eReaducem bunul sim\u021b \u00een Sectorul 1\u201d.<\/p>\n\n\n\n<p>Ramona Bruynseels a studiat, dup\u0103 cum urmeaz\u0103:<\/p>\n\n\n\n<ul class=\"wp-block-list\">\n<li>A terminat Facultatea de Drept la Universitatea Cre\u0219tin\u0103 Dimitrie Cantemir din Cluj-Napoca \u00een 2002.<\/li>\n\n\n\n<li>\u0218i-a luat Masterul \u00een cadrul aceleia\u0219i facult\u0103\u021bi \u00een 2005.<\/li>\n\n\n\n<li>A studiat la Colegiul Na\u021bional de Ap\u0103rare \u00een cadrul Academiei de \u00cenalte Studii Militare \u00een 2005.&nbsp;<\/li>\n\n\n\n<li>A urmat cursurile Universit\u0103\u021bii din Montreal \u0219i ale Universit\u0103\u021bii BCR \u00eentre 2007 \u0219i 2008.<\/li>\n\n\n\n<li>A studiat la \u0218coala de Guvern John F. Kennedy a Universit\u0103\u021bii Harvard \u00eentre 2014 \u0219i 2015. I-au fost acordate \u0219i dou\u0103 premii pe parcursul studiilor de la Harvard (Raymond Vernon \u0219i Lucius Littauer).<\/li>\n<\/ul>\n\n\n\n<p>\u00cen plan politic \u0219i profesional, Ramona Bruynseels a ocupat urm\u0103toarele pozi\u021bii:<\/p>\n\n\n\n<ul class=\"wp-block-list\">\n<li>Consilier de stat al Prim-ministrului din decembrie 2018 p\u00e2n\u0103 \u00een prezent.<\/li>\n\n\n\n<li>Secretar de stat al Secretariatului General al Guvernului, din noiembrie 2017 p\u00e2n\u0103 \u00een februarie 2018. Pe acela\u0219i post, a mai avut un mandat \u00eentre iulie 2017 \u0219i noiembrie 2017.<\/li>\n\n\n\n<li>Pe parcursul lunii iulie al anului 2017, a fost Vicepre\u0219edinte al Asocia\u021biei Rom\u00e2ne pentru Smart City \u0219i Mobilitate.<\/li>\n\n\n\n<li>A fondat Boston Business Consult \u00een 2016.&nbsp;<\/li>\n\n\n\n<li>A fost directorul executiv al Repatriot \u00een 2016, proiect care \u00ee\u0219i propune s\u0103 atrag\u0103 oamenii pleca\u021bi \u00een str\u0103in\u0103tate pentru a deschide o afacere \u00een \u021bar\u0103.&nbsp;<\/li>\n\n\n\n<li>Diverse posturi \u00een cadrul BCR, printre care \u0218ef al Departamentului de Afaceri Comunitare \u0219i Pre\u0219edinte executiv al b\u0103ncii.<\/li>\n<\/ul>\n\n\n\n<p>Conform <a href=\"https:\/\/acrobat.adobe.com\/id\/urn:aaid:sc:EU:0d8463e6-db98-4155-87e7-78ed0c1f129c\">declara\u021biei de avere<\/a> completate \u00een octombrie 2020, Ramona Bruynseels de\u021bine:<\/p>\n\n\n\n<ul class=\"wp-block-list\">\n<li>Dou\u0103 terenuri intravilane cu suprafe\u021be de 999 de m2 \u0219i 1.680 de m2, pe care le de\u021bine \u00eempreun\u0103 cu so\u021bul ei, Dominic.<\/li>\n\n\n\n<li>Un apartament de 195 de m2.<\/li>\n\n\n\n<li>Un apartament de 56 de m2, \u00eempreun\u0103 cu so\u021bul acesteia.<\/li>\n\n\n\n<li>Patru apartamente cu suprafe\u021be sub 40 de m2, de\u021binute \u00eempreun\u0103 cu so\u021bul ei. Dup\u0103 num\u0103rul de metri p\u0103tra\u0163i, ele ar putea fi garsoniere \u0219i sunt achizi\u021bionate \u00een scop de investi\u021bie.<\/li>\n\n\n\n<li>Un Land Rover din 2010.<\/li>\n\n\n\n<li>Obiecte aflate \u00een cutie de valori la banc\u0103 \u00een valoare de aproximativ 70.000 de euro.<\/li>\n\n\n\n<li>Obiecte de art\u0103 estimate la aproximativ 30.000 de euro.<\/li>\n\n\n\n<li>Conturi bancare<\/li>\n<\/ul>\n\n\n\n<figure class=\"wp-block-image size-full\"><img decoding=\"async\" width=\"681\" height=\"820\" src=\"data:image\/gif;base64,R0lGODlhAQABAAAAACH5BAEKAAEALAAAAAABAAEAAAICTAEAOw==\" data-src=\"https:\/\/buletin.de\/bucuresti\/wp-content\/uploads\/bani-bruynseels.png\" alt=\"\" class=\"wp-image-85922 lazyload\" data-sizes=\"auto\" data-srcset=\"https:\/\/buletin.de\/bucuresti\/wp-content\/uploads\/bani-bruynseels.png 681w, https:\/\/buletin.de\/bucuresti\/wp-content\/uploads\/bani-bruynseels-249x300.png 249w, https:\/\/buletin.de\/bucuresti\/wp-content\/uploads\/bani-bruynseels-600x722.png 600w, https:\/\/buletin.de\/bucuresti\/wp-content\/uploads\/bani-bruynseels-20x24.png 20w\" sizes=\"(max-width: 681px) 100vw, 681px\" \/><\/figure>\n\n\n\n<ul class=\"wp-block-list\">\n<li>Investi\u021bii&nbsp;<\/li>\n<\/ul>\n\n\n\n<figure class=\"wp-block-image size-full\"><img decoding=\"async\" width=\"789\" height=\"677\" src=\"data:image\/gif;base64,R0lGODlhAQABAAAAACH5BAEKAAEALAAAAAABAAEAAAICTAEAOw==\" data-src=\"https:\/\/buletin.de\/bucuresti\/wp-content\/uploads\/investitii-bruynseels.png\" alt=\"\" class=\"wp-image-85923 lazyload\" data-sizes=\"auto\" data-srcset=\"https:\/\/buletin.de\/bucuresti\/wp-content\/uploads\/investitii-bruynseels.png 789w, https:\/\/buletin.de\/bucuresti\/wp-content\/uploads\/investitii-bruynseels-300x257.png 300w, https:\/\/buletin.de\/bucuresti\/wp-content\/uploads\/investitii-bruynseels-768x659.png 768w, https:\/\/buletin.de\/bucuresti\/wp-content\/uploads\/investitii-bruynseels-600x515.png 600w, https:\/\/buletin.de\/bucuresti\/wp-content\/uploads\/investitii-bruynseels-20x17.png 20w\" sizes=\"(max-width: 789px) 100vw, 789px\" \/><\/figure>\n\n\n\n<ul class=\"wp-block-list\">\n<li>Un salariu de 48.670 de lei din postul de Consilier de stat \u00eentre lunile ianuarie \u0219i mai ale anului 2019.<\/li>\n\n\n\n<li>So\u021bul ei, Dominic Bruynseels, are un salariu anual \u00een valoare de 460.000 de euro din postul de CEO al First Bank.&nbsp;<\/li>\n<\/ul>\n\n\n\n<p>Din <a href=\"https:\/\/declaratii.integritate.eu\/DownloadServlet?fileName=9322072_354360%20VOL9IA_011.pdf&amp;uniqueIdentifier=NTNTARTLNE_9322072\">declara\u021bia de interese<\/a> completat\u0103 \u00een 2020 reies urm\u0103toarele ac\u021biuni ale politicianei \u0219i ale so\u021bului acesteia:<\/p>\n\n\n\n<ul class=\"wp-block-list\">\n<li>Ramona Bruynseels este ac\u021bionar unic al SC BOSTON BUSINESS CONSULT SRL, iar valoare total\u0103 a ac\u021biunilor este de 200 de lei. Societatea a fost suspendat\u0103.&nbsp;<\/li>\n\n\n\n<li>So\u021bul Ramoei Bruynseels, Dominic Bruynseels este ac\u021bionar unic al ANDORA ENTERPRISE SRL, iar ac\u021biunile lui se ridic\u0103 la 416.000 de euro. El mai de\u021bine \u0219i 2,439% din SC DVI SRL, iar ac\u021biunile sunt \u00een valoare de 4.100 de lei.<\/li>\n<\/ul>\n\n\n\n<h2 class=\"wp-block-heading\"><strong>George Cristian Tu\u0163\u0103 &#8211; Alian\u0163a Electoral\u0103 PSD PNL<\/strong><\/h2>\n\n\n\n<figure class=\"wp-block-image size-large\"><img loading=\"lazy\" decoding=\"async\" width=\"600\" height=\"900\" src=\"data:image\/gif;base64,R0lGODlhAQABAAAAACH5BAEKAAEALAAAAAABAAEAAAICTAEAOw==\" data-src=\"https:\/\/buletin.de\/bucuresti\/wp-content\/uploads\/george-tuta-1-600x900.jpg\" alt=\"\" class=\"wp-image-85912 lazyload\" data-sizes=\"auto\" data-srcset=\"https:\/\/buletin.de\/bucuresti\/wp-content\/uploads\/george-tuta-1-600x901.jpg 600w, https:\/\/buletin.de\/bucuresti\/wp-content\/uploads\/george-tuta-1-200x300.jpg 200w, https:\/\/buletin.de\/bucuresti\/wp-content\/uploads\/george-tuta-1-768x1153.jpg 768w, https:\/\/buletin.de\/bucuresti\/wp-content\/uploads\/george-tuta-1-1023x1536.jpg 1023w, https:\/\/buletin.de\/bucuresti\/wp-content\/uploads\/george-tuta-1-20x30.jpg 20w, https:\/\/buletin.de\/bucuresti\/wp-content\/uploads\/george-tuta-1.jpg 1066w\" sizes=\"(max-width: 600px) 100vw, 600px\" \/><figcaption class=\"wp-element-caption\">Surs\u0103 foto: Facebook \/ George Tu\u021b\u0103<br><\/figcaption><\/figure>\n\n\n\n<p>S-a n\u0103scut \u00een Drobeta Turnu Severin pe 8 august 1984. Este c\u0103s\u0103torit \u0219i are doi copii.<\/p>\n\n\n\n<p>Motto: \u201eThe only easy day was yesterday\u201d.&nbsp;<\/p>\n\n\n\n<p>Conform <a href=\"https:\/\/www.cdep.ro\/camera_deputatilor\/deputati\/cv\/7343.pdf\">CV-ului<\/a> publicat pe site-ul Camerei Deputa\u021bilor, pe plan profesional, George Tu\u021b\u0103 a ocupat urm\u0103toarele posturi:<\/p>\n\n\n\n<ul class=\"wp-block-list\">\n<li>A fost ofi\u021ber \u00een cadrul Unit\u0103\u021bii Militare (UM) 0102 \u00eentre 2016 \u0219i 2018. Aceast\u0103 pozi\u021bie militar\u0103 a constat, de fapt, \u00een activit\u0103\u021bi pentru Serviciul Rom\u00e2n de Informa\u021bii.&nbsp;<\/li>\n\n\n\n<li>\u00centre 2010-2012 \u0219i 2014-2015 a ocupat postul de asistent europarlamentar.&nbsp;<\/li>\n\n\n\n<li>A fost consilierul vicepre\u0219edintelui Camerei Deputa\u021bilor \u00eentre 2013 \u0219i 2014.&nbsp;<\/li>\n\n\n\n<li>A servit drept consilier de ministru<\/li>\n<\/ul>\n\n\n\n<p>Educa\u021bia candidatului Tu\u021b\u0103:<\/p>\n\n\n\n<ul class=\"wp-block-list\">\n<li>A absolvit liceul \u00een 2003, la Colegiul Na\u021bional Traian din Drobeta Turnu-Severin pe profilul matematic\u0103-informatic\u0103.<\/li>\n\n\n\n<li>A studiat la SNSPA, la Facultatea de comunicare \u0219i Rela\u021bii Publice, dar a urmat cursurile la distan\u021b\u0103, \u00een perioada 2004-2009.<\/li>\n\n\n\n<li>Este licen\u021biat \u00een management economic, dup\u0103 ce a urmat Academia de Studii Economice \u00eentre 2003 \u0219i 2008.&nbsp;<\/li>\n\n\n\n<li>\u00cen 2009, a urmat un curs postuniversitar \u00een cadrul Institutului Diplomatic Rom\u00e2n.&nbsp;<\/li>\n<\/ul>\n\n\n\n<p>\u00cen plan politic, a ocupat urm\u0103toarele pozi\u021bii:<\/p>\n\n\n\n<ul class=\"wp-block-list\">\n<li>Secretar General Adjunct al Partidului Na\u021bional Liberal (2011-2014)<\/li>\n\n\n\n<li>Membru \u00een Biroul Politic al PNL Sector 1 (2006-2011)<\/li>\n<\/ul>\n\n\n\n<p>Conform <a href=\"https:\/\/acrobat.adobe.com\/id\/urn:aaid:sc:EU:1d7c2e28-84fa-4065-8d42-0dca38896573\">declara\u021biei de avere<\/a>, completat\u0103 \u0219i depus\u0103 \u00een iunie 2023, George Tu\u021b\u0103 de\u021bine:<\/p>\n\n\n\n<ul class=\"wp-block-list\">\n<li>Dou\u0103 terenuri intravilane \u00een Otopeni cu suprafe\u021be de 700 de m2 \u0219i 120 de m2, \u00eempreun\u0103 cu so\u021bia lui.&nbsp;<\/li>\n\n\n\n<li>O cas\u0103 de locuit \u00een Otopeni de 170 de m2, proprietate pe care o de\u021bine \u00eempreun\u0103 cu so\u021bia sa.<\/li>\n\n\n\n<li>Un apartament \u00een Otopeni de 40 de m2, \u00eempreun\u0103 cu so\u021bia lui.<\/li>\n\n\n\n<li>Un BMW din 2014.<\/li>\n\n\n\n<li>Bijuterii \u0219i metale pre\u021bioase \u00een valoare de 26.500 de lei.<\/li>\n\n\n\n<li>I-a fost \u00eemprumutat\u0103 suma de 25.000 de euro \u00een anul 2018.<\/li>\n\n\n\n<li>Are un salariu anual de 153.312 de lei din partea Camerei Deputa\u021bilor, iar so\u021bia lui c\u00e2\u0219tig\u0103 anual 55.833 de lei de la Casa Asigur\u0103rilor de S\u0103n\u0103tate a Ap\u0103r\u0103rii, Ordinii Publice, Siguran\u021bei Na\u021bionale \u0219i Autorit\u0103\u021bii.&nbsp;<\/li>\n<\/ul>\n\n\n\n<p><a href=\"https:\/\/declaratii.integritate.eu\/DownloadServlet?fileName=13625464_2413412_a.pdf&amp;uniqueIdentifier=NTNTARTLNE_13625464\">Declara\u021bia de interese<\/a> indic\u0103 doar calitatea de membru a lui George Tu\u021b\u0103 din cadrul Institutului de Studii Populare, care organizeaz\u0103 evenimente \u0219i dezbateri care promoveaz\u0103 \u201edoctrina \u0219i identitatea politic\u0103 a Partidului Na\u021bional Liberal\u201d, conform <a href=\"https:\/\/www.ispromania.ro\/\">site-ului oficial al institutului<\/a>.&nbsp;<\/p>\n\n\n\n<h2 class=\"wp-block-heading\"><strong>Iulian Hatmanu &#8211; Partidul Re\u00eennoim Proiectul European al Rom\u00e2niei REPER<\/strong><\/h2>\n\n\n\n<figure class=\"wp-block-image size-large\"><img loading=\"lazy\" decoding=\"async\" width=\"900\" height=\"900\" src=\"data:image\/gif;base64,R0lGODlhAQABAAAAACH5BAEKAAEALAAAAAABAAEAAAICTAEAOw==\" data-src=\"https:\/\/buletin.de\/bucuresti\/wp-content\/uploads\/iulian-hatmanu-900x900.jpg\" alt=\"\" class=\"wp-image-85924 lazyload\" data-sizes=\"auto\" data-srcset=\"https:\/\/buletin.de\/bucuresti\/wp-content\/uploads\/iulian-hatmanu-900x900.jpg 900w, https:\/\/buletin.de\/bucuresti\/wp-content\/uploads\/iulian-hatmanu-300x300.jpg 300w, https:\/\/buletin.de\/bucuresti\/wp-content\/uploads\/iulian-hatmanu-150x150.jpg 150w, https:\/\/buletin.de\/bucuresti\/wp-content\/uploads\/iulian-hatmanu-768x768.jpg 768w, https:\/\/buletin.de\/bucuresti\/wp-content\/uploads\/iulian-hatmanu-600x600.jpg 600w, https:\/\/buletin.de\/bucuresti\/wp-content\/uploads\/iulian-hatmanu-20x20.jpg 20w, https:\/\/buletin.de\/bucuresti\/wp-content\/uploads\/iulian-hatmanu.jpg 1034w\" sizes=\"(max-width: 900px) 100vw, 900px\" \/><figcaption class=\"wp-element-caption\">Surs\u0103 foto: Facebook \/ Iulian Hatmanu<br><\/figcaption><\/figure>\n\n\n\n<p>S-a n\u0103scut pe 14 noiembrie 1972, este c\u0103s\u0103torit \u0219i are un copil.&nbsp;<\/p>\n\n\n\n<p>Slogan electoral: \u201eFerm. Integru. Munictor.\u201d&nbsp;<\/p>\n\n\n\n<p>Educa\u021bia candidatului Hatmanu:<\/p>\n\n\n\n<ul class=\"wp-block-list\">\n<li>\u0218i-a luat diploma de inginer mecanic \u00een 1997, la Facultatea de Mecanic\u0103 a Universit\u0103\u021bii Gheorghe Asachi din Ia\u0219i, conform <a href=\"https:\/\/partidulreper.ro\/wp-content\/uploads\/2023\/11\/CV-Iulian-Hatmanu.pdf\">CV-ului<\/a>.&nbsp;<\/li>\n\n\n\n<li>\u00cen 2014, a terminat un master \u00een Administrarea Afacerilor la Academia de Studii Economice (ASE) din Bucure\u0219ti.<\/li>\n\n\n\n<li>\u00cen acela\u0219i an a terminat \u0219i un program de studii postuniversitare axat pe managementul afacerilor (MBA) la Conservatorul Na\u021bional de Arte \u0219i Meserii (CNAM) din Paris.<\/li>\n<\/ul>\n\n\n\n<p>Iulian Hatmanu a ocupat urm\u0103toarele posturi:<\/p>\n\n\n\n<ul class=\"wp-block-list\">\n<li>A lucrat ca Property and Development Manager la Winmarkt SA Bucure\u0219ti din 2009 p\u00e2n\u0103 \u00een prezent. \u00centre 2007 \u0219i 2009, a fost Property Manager la aceea\u0219i companie.&nbsp;<\/li>\n\n\n\n<li>\u00cen perioada 2006-2007, a ocupat func\u021bia de Project Manager, gestion\u00e2nd refacerea centrelor comerciale Winmarkt Turda \u0219i Winmarkt Vaslui.&nbsp;<\/li>\n\n\n\n<li>A fost Project Manager la Climaterm Centre SRL Ia\u0219i, unde a coordonat produc\u021bia \u0219i proiectarea instala\u021biilor HVAC pentru Iulius Mall Timi\u0219oara, Moldova Mall Ia\u0219i \u0219i Tehnopolis Ia\u0219i, \u00eentre 2002 \u0219i 2006<\/li>\n\n\n\n<li>\u00centre 2000 \u0219i 2002, a lucrat ca Inginer Produc\u021bie la Etnis SRL Ia\u0219i, unde a proiectat \u0219i executat instala\u021bii GPL. \u00cen perioada 1997-2000, a fost Inginer Produc\u021bie la Toramat SRL Cluj, unde a executat camere frigorifice \u201ede frig ad\u00e2nc\u201d.<\/li>\n<\/ul>\n\n\n\n<p>Conform <a href=\"https:\/\/depozitar-down.integritate.eu\/declaratiiavere\/16.05.2024\/AINN010743%2007\/700179_039.pdf?X-Amz-Algorithm=AWS4-HMAC-SHA256&amp;X-Amz-Credential=pO62qiodxwfMEO9tJM7v%2F20240516%2Feu-west-1%2Fs3%2Faws4_request&amp;X-Amz-Date=20240516T185052Z&amp;X-Amz-Expires=60&amp;X-Amz-SignedHeaders=host&amp;X-Amz-Signature=a31d9153bc879b6584df55a41e4f20259d39d086f4afa6122ebcf3bbe8ec729e\">declara\u021biei de avere<\/a> din anul curent, candidatul din partea REPER de\u021bine:<\/p>\n\n\n\n<ul class=\"wp-block-list\">\n<li>&nbsp;un teren intravilan de 500 de metri p\u0103tra\u021bi \u0219i o cas\u0103 cu o suprafa\u021b\u0103 de peste 280 de metri p\u0103tra\u021bi, \u00eempreun\u0103 cu so\u021bia sa.<\/li>\n\n\n\n<li>Un Hyundai Ioniq din 2022.<\/li>\n\n\n\n<li>Bijuteriile pe care le de\u021bine, unele dintre ele cu pietre pre\u021bioase, valoreaz\u0103 13.000 de euro.<\/li>\n\n\n\n<li>\u00cen 2015, s-a \u00eemprumutat de la cineva cu peste 20.000 de euro, iar un an mai t\u00e2rziu a mai f\u0103cut o datorie, la Banca Transilvania, \u00een valoare de peste 345.000 de lei. Ambele credite sunt scadente \u00een 2040.<\/li>\n\n\n\n<li>Din pozi\u021bia de Manager Proiect, Hatmanu a declarat c\u0103 are un venit de aproape 120.000 de lei pe an.<\/li>\n<\/ul>\n\n\n\n<p>Conform <a href=\"https:\/\/depozitar-down.integritate.eu\/declaratiiinteres\/16.05.2024\/AINN010743%2007\/700179_050.pdf?X-Amz-Algorithm=AWS4-HMAC-SHA256&amp;X-Amz-Credential=pO62qiodxwfMEO9tJM7v%2F20240517%2Feu-west-1%2Fs3%2Faws4_request&amp;X-Amz-Date=20240517T084907Z&amp;X-Amz-Expires=60&amp;X-Amz-SignedHeaders=host&amp;X-Amz-Signature=78170e42dfeb934393726a74570726e5970b2907d43a1d485a33fd6f314e6e04\">declara\u021biei de interese<\/a> din anul curent, Iulian Hatmanu de\u021bine 50% din ac\u021biunile Acnili Consulting SRL, iar suma investit\u0103 este 100 de lei.<\/p>\n\n\n\n<h2 class=\"wp-block-heading\"><strong>Florin Ghid\u0103nac &#8211; Blocul Suveranist Rom\u00e2n<\/strong><\/h2>\n\n\n\n<figure class=\"wp-block-image size-large\"><img loading=\"lazy\" decoding=\"async\" width=\"894\" height=\"900\" src=\"data:image\/gif;base64,R0lGODlhAQABAAAAACH5BAEKAAEALAAAAAABAAEAAAICTAEAOw==\" data-src=\"https:\/\/buletin.de\/bucuresti\/wp-content\/uploads\/florin-ghidanac-894x900.jpg\" alt=\"\" class=\"wp-image-85925 lazyload\" data-sizes=\"auto\" data-srcset=\"https:\/\/buletin.de\/bucuresti\/wp-content\/uploads\/florin-ghidanac-894x900.jpg 894w, https:\/\/buletin.de\/bucuresti\/wp-content\/uploads\/florin-ghidanac-298x300.jpg 298w, https:\/\/buletin.de\/bucuresti\/wp-content\/uploads\/florin-ghidanac-150x150.jpg 150w, https:\/\/buletin.de\/bucuresti\/wp-content\/uploads\/florin-ghidanac-768x773.jpg 768w, https:\/\/buletin.de\/bucuresti\/wp-content\/uploads\/florin-ghidanac-600x604.jpg 600w, https:\/\/buletin.de\/bucuresti\/wp-content\/uploads\/florin-ghidanac-20x20.jpg 20w, https:\/\/buletin.de\/bucuresti\/wp-content\/uploads\/florin-ghidanac.jpg 954w\" sizes=\"(max-width: 894px) 100vw, 894px\" \/><figcaption class=\"wp-element-caption\">Surs\u0103 foto: Facebook \/ Florin Ghidanac<br><\/figcaption><\/figure>\n\n\n\n<p>Contactat de reporterii Buletin de Bucure\u0219ti, candidatul din partea Blocului Suveranist Rom\u00e2n a f\u0103cut publice declara\u021biile de avere \u0219i interes \u0219i CV-ul.<\/p>\n\n\n\n<p>Florin Ghid\u0103nac a studiat, conform CV-ului, dup\u0103 cum urmeaz\u0103:<\/p>\n\n\n\n<ul class=\"wp-block-list\">\n<li>A urmat cursurile Facult\u0103\u021bii de Antreprenoriat, Ingineria \u0219i Managementul Afacerilor din cadrul Universit\u0103\u021bii Politehnica \u00eentre 2012 \u0219i 2016.<\/li>\n\n\n\n<li>\u0218i-a luat masterul la aceea\u0219i universitate \u00een Inginerie \u0219i Managementul Afacerilor \u00een 2018.<\/li>\n<\/ul>\n\n\n\n<p>Experien\u021ba profesional\u0103 a candidatului Ghid\u0103nac a urmat parcursul:<\/p>\n\n\n\n<ul class=\"wp-block-list\">\n<li>Din 2022 p\u00e2n\u0103 \u00een prezent a lucrat ca Quality Assurance software engineer &#8211; Test Specialist la IBM Rom\u00e2nia.&nbsp;<\/li>\n\n\n\n<li>A ocupat postul de Quality Assurance Software Engineer la Inter Data ABS SRL \u00een perioada mai 2017 &#8211; iunie 2021.<\/li>\n\n\n\n<li>A fost consultant de implementare la Teamnet International \u00eentre 2016 \u0219i 2017.<\/li>\n<\/ul>\n\n\n\n<p>Conform declara\u021biei de avere din anul curent, Florin Ghid\u0103nac de\u021bine:<\/p>\n\n\n\n<ul class=\"wp-block-list\">\n<li>Un teren intravilan de 12 m2 \u00een Chiajna.<\/li>\n\n\n\n<li>Un apartament \u00een Chiajna de 36 de m2.<\/li>\n\n\n\n<li>Un cont bancar deschis la BCR \u00een valoare de peste 200.000 de lei.<\/li>\n\n\n\n<li>Are un credit scadent \u00een 2054 \u00een valoare de peste 200.000 de lei.<\/li>\n\n\n\n<li>Salariul anual din func\u021bia de programator la IBM Rom\u00e2nia este \u00een valoare de 117.160 de lei.<\/li>\n<\/ul>\n\n\n\n<p>\u00cen urma consult\u0103rii declara\u021biei de interese, reies urm\u0103toarele:<\/p>\n\n\n\n<ul class=\"wp-block-list\">\n<li>Este asociat unic al SC MAPARE 360 SRL, iar valoarea ac\u021biunilor \u00eensumeaz\u0103 200 de lei.<\/li>\n\n\n\n<li>Este asociat al SC ATELIERUL FRA\u021aILOR SRL, iar ac\u021biunile sunt \u00een valoare de 40 de lei.<\/li>\n\n\n\n<li>Este pre\u0219edintele Organiza\u021biei Sector 1 Bucure\u0219ti a Partidului Blocul Suveranist Rom\u00e2n.<\/li>\n<\/ul>\n\n\n\n<h2 class=\"wp-block-heading\"><strong>Clotilde Armand &#8211; Alian\u0163a Dreapta Unit\u0103 USR \u2013 PMP \u2013 For\u0163a Dreptei<\/strong><\/h2>\n\n\n\n<figure class=\"wp-block-image size-large\"><img loading=\"lazy\" decoding=\"async\" width=\"900\" height=\"600\" src=\"data:image\/gif;base64,R0lGODlhAQABAAAAACH5BAEKAAEALAAAAAABAAEAAAICTAEAOw==\" data-src=\"https:\/\/buletin.de\/bucuresti\/wp-content\/uploads\/clotilde-armand-3-900x600.jpg\" alt=\"\" class=\"wp-image-85926 lazyload\" data-sizes=\"auto\" data-srcset=\"https:\/\/buletin.de\/bucuresti\/wp-content\/uploads\/clotilde-armand-3-900x600.jpg 900w, https:\/\/buletin.de\/bucuresti\/wp-content\/uploads\/clotilde-armand-3-300x200.jpg 300w, https:\/\/buletin.de\/bucuresti\/wp-content\/uploads\/clotilde-armand-3-768x512.jpg 768w, https:\/\/buletin.de\/bucuresti\/wp-content\/uploads\/clotilde-armand-3-1536x1025.jpg 1536w, https:\/\/buletin.de\/bucuresti\/wp-content\/uploads\/clotilde-armand-3-1600x1067.jpg 1600w, https:\/\/buletin.de\/bucuresti\/wp-content\/uploads\/clotilde-armand-3-1100x734.jpg 1100w, https:\/\/buletin.de\/bucuresti\/wp-content\/uploads\/clotilde-armand-3-600x400.jpg 600w, https:\/\/buletin.de\/bucuresti\/wp-content\/uploads\/clotilde-armand-3-20x13.jpg 20w, https:\/\/buletin.de\/bucuresti\/wp-content\/uploads\/clotilde-armand-3.jpg 2048w\" sizes=\"(max-width: 900px) 100vw, 900px\" \/><figcaption class=\"wp-element-caption\">Surs\u0103 foto: Facebook \/ Clotilde Armand<br><\/figcaption><\/figure>\n\n\n\n<p>S-a n\u0103scut \u00een ora\u0219ul Pointe-\u00e0-Pitre din Fran\u021ba pe 28 iunie 1973. Este c\u0103s\u0103torit\u0103 cu matematicianul Sergiu Moroianu din 1997 \u0219i \u00eempreun\u0103 au un b\u0103iat \u0219i trei fete.<\/p>\n\n\n\n<p>Parcursul educa\u0163ional al prim\u0103ri\u021bei, conform <a href=\"https:\/\/primariasector1.ro\/primar-clotilde-armand\/biografie-clotilde-armand\/\">site-ului Prim\u0103riei Sector 1<\/a>, este:<\/p>\n\n\n\n<ul class=\"wp-block-list\">\n<li>A ob\u021binut diploma de inginer \u00een 1996 la Ecole Centrale Paris&nbsp;<\/li>\n\n\n\n<li>A f\u0103cut un master \u00een \u0218tiin\u021b\u0103 la Institutul de Tehnologie din Massachusetts (MIT), pe care l-a terminat \u00een 1997.<\/li>\n<\/ul>\n\n\n\n<p>Activitatea politic\u0103 a lui Clotilde Armand:<\/p>\n\n\n\n<ul class=\"wp-block-list\">\n<li>Este membru fondator al Uniunii Salva\u021bi Bucure\u0219tiul (USB) \u015fi Uniunea Salva\u021bi Rom\u00e2nia (USR).&nbsp;<\/li>\n\n\n\n<li>A candidat la alegerile locale din 2016 pentru a deveni Primar al Sectorului 1, din partea USB. De\u0219i sondajele indicau c\u0103 ea ar fi c\u00e2\u0219tigat alegerile, Armand a pierdut \u00een acel an \u00een fa\u021ba social-democratului Daniel Tudorache.<\/li>\n\n\n\n<li>A fost consilier local la Sectorul 1 \u00een perioada 2016-2019, iar din 2019 a devenit eurodeputat ales pe listele USR PLUS.<\/li>\n\n\n\n<li>Din 2020 este primar al Sectorului 1, iar printre realiz\u0103rile cu care se m\u00e2ndre\u0219te, dup\u0103 patru ani de mandat, se num\u0103r\u0103: modernizarea masiv\u0103 a infrastructurii rutiere \u0219i investi\u021bii record \u00een spitale \u0219i \u0219coli, redefinirea urbanismului \u0219i protejarea domeniului public, reforma Poli\u021biei Locale, \u00eembun\u0103t\u0103\u021birea spa\u021biilor verzi \u0219i reducerea polu\u0103rii, inovarea \u00een producerea de energie, promovarea culturii \u0219i \u00eengrijirea copiilor \u0219i b\u0103tr\u00e2nilor.<\/li>\n<\/ul>\n\n\n\n<p>Pe plan profesional, politiciana a ocupat urm\u0103toarele posturi:<\/p>\n\n\n\n<ul class=\"wp-block-list\">\n<li>Din 2017 p\u00e2n\u0103 \u00een 2019 a fost director pe dezvoltare pentru Europa la Egis, companie francez\u0103 de inginerie civil\u0103 cu 1 miliard euro cifr\u0103 anual\u0103 de afaceri.<\/li>\n\n\n\n<li>Iar din 2013 a fost director general pentru filialele Egis Rom\u00e2nia, Bulgaria \u0219i Moldova.<\/li>\n\n\n\n<li>A fost director pentru inova\u021bie, la GDF SUEZ (Engie), din Paris \u00eentre 2010 \u0219i 2013.<\/li>\n\n\n\n<li>\u00cen perioada 2007-2010 a fost director al Distrigaz Distribu\u021bie pe Bucure\u0219ti.<\/li>\n\n\n\n<li>\u00centre 2002 \u0219i 2004 a fost manager al domeniului de dezvoltare \u201cSisteme\u201d al Airbus A380, coordon\u00e2nd ingineri \u00een Fran\u021ba \u0219i Germania.<\/li>\n\n\n\n<li>Director al departamentului de consultan\u021b\u0103 la KPMG Rom\u00e2nia \u00een perioada 1999 \u2013 2001.<\/li>\n\n\n\n<li>A fost consultant la The Sabre Group (American Airlines), din Boston \u00eentre 1997 \u0219i 1999.<\/li>\n\n\n\n<li>\u00cen 1996 a ocupat postul de asistent universitar la MIT.<\/li>\n<\/ul>\n\n\n\n<p>Conform <a href=\"https:\/\/acrobat.adobe.com\/id\/urn:aaid:sc:EU:a98adf52-1594-4a1d-8a98-8981fb6ce2d5\">declara\u021biei de avere<\/a> din 2023, Clotilde Armand de\u021bine:<\/p>\n\n\n\n<ul class=\"wp-block-list\">\n<li>Un teren intravilan de 285 de m2 \u00een Bucure\u0219ti&nbsp;&nbsp;<\/li>\n\n\n\n<li>O cas\u0103 de 300 de m2 \u00een Bucure\u0219ti&nbsp;<\/li>\n\n\n\n<li>So\u021bul ei, matematicianul Sergiu Moroianu, de\u021bine un apartament, cinci terenuri intravilane, patru agricole \u0219i dou\u0103 forestiere \u00een mai multe localit\u0103\u021bi din \u021bar\u0103.<\/li>\n\n\n\n<li>Cei doi so\u021bi de\u021bin \u00eempreun\u0103 o cas\u0103 de locuit de 242 de m2 \u00een Bucure\u0219ti.<\/li>\n\n\n\n<li>Prim\u0103ri\u021ba are \u0219i dou\u0103 ma\u0219ini, un Nissan Pathfinder din 2005 \u0219i un BMW din 2010.<\/li>\n\n\n\n<li>De\u021bine \u0219i o colec\u021bie de art\u0103 a pictorului Stoica Dumitrescu \u0219i una a pictorului Ion B\u0103rbulescu, \u00een valoare de 15.000 de euro, dar \u0219i bijuterii de familie \u0219i obiecte de aur care \u00eensumeaz\u0103 3.000 de euro.<\/li>\n\n\n\n<li>Conturi bancare \u0219i investi\u021bii<\/li>\n<\/ul>\n\n\n\n<figure class=\"wp-block-image size-full\"><img loading=\"lazy\" decoding=\"async\" width=\"455\" height=\"728\" src=\"data:image\/gif;base64,R0lGODlhAQABAAAAACH5BAEKAAEALAAAAAABAAEAAAICTAEAOw==\" data-src=\"https:\/\/buletin.de\/bucuresti\/wp-content\/uploads\/bani-clotilde-2.png\" alt=\"\" class=\"wp-image-85936 lazyload\" data-sizes=\"auto\" data-srcset=\"https:\/\/buletin.de\/bucuresti\/wp-content\/uploads\/bani-clotilde-2.png 455w, https:\/\/buletin.de\/bucuresti\/wp-content\/uploads\/bani-clotilde-2-188x300.png 188w, https:\/\/buletin.de\/bucuresti\/wp-content\/uploads\/bani-clotilde-2-20x32.png 20w\" sizes=\"(max-width: 455px) 100vw, 455px\" \/><\/figure>\n\n\n\n<figure class=\"wp-block-image size-full\"><img loading=\"lazy\" decoding=\"async\" width=\"455\" height=\"398\" src=\"data:image\/gif;base64,R0lGODlhAQABAAAAACH5BAEKAAEALAAAAAABAAEAAAICTAEAOw==\" data-src=\"https:\/\/buletin.de\/bucuresti\/wp-content\/uploads\/investitii-clotilde-2.png\" alt=\"\" class=\"wp-image-85934 lazyload\" data-sizes=\"auto\" data-srcset=\"https:\/\/buletin.de\/bucuresti\/wp-content\/uploads\/investitii-clotilde-2.png 455w, https:\/\/buletin.de\/bucuresti\/wp-content\/uploads\/investitii-clotilde-2-300x262.png 300w, https:\/\/buletin.de\/bucuresti\/wp-content\/uploads\/investitii-clotilde-2-20x17.png 20w\" sizes=\"(max-width: 455px) 100vw, 455px\" \/><\/figure>\n\n\n\n<ul class=\"wp-block-list\">\n<li>Din salariul de primar al Sectorului 1, Clotilde Armand a declarat c\u0103 ob\u021bine peste 170.000 de lei pe an, iar so\u021bul ei, cercet\u0103tor \u0219tiin\u021bific, peste 130.000 de lei anual de la Institutul de Matematic\u0103 Simion Stoilow al Academiei Rom\u00e2ne. Din \u00eenchirierea \u0219i arendarea unor bunurilor, Sergiu Moroianu c\u00e2\u0219tig\u0103 \u00een jur de 50.000 de euro anual.&nbsp;<\/li>\n<\/ul>\n\n\n\n<p>\u00cen urma consult\u0103rii <a href=\"https:\/\/declaratii.integritate.eu\/DownloadServlet?fileName=13940233_2502768_a.pdf&amp;uniqueIdentifier=NTNTARTLNE_13940233\">declara\u021biei de interese<\/a> completate \u00een 2023, reiese c\u0103 actuala prim\u0103ri\u0163\u0103 a Sectorului 1 este ac\u021bionar la Fondul de pensii Egepargne Natixis din Fran\u021ba. Valoarea total\u0103 a ac\u021biunilor este de 110.514 euro. De asemenea, este pre\u0219edintele Asocia\u021biei Clotilde Armand, iar valoarea beneficiilor nu este men\u021bionat\u0103. Este membr\u0103 a Biroului Local \u0219i pre\u0219edinta Filialei Locale Sector 1 Bucure\u0219ti a partidului Uniunea Salva\u021bi Rom\u00e2nia.&nbsp;<\/p>\n\n\n\n<h2 class=\"wp-block-heading\"><strong>Liviu Negoi\u0163\u0103 &#8211; Partidul Umanist Social Liberal \u2013 PUSL<\/strong><\/h2>\n\n\n\n<figure class=\"wp-block-image size-large\"><img loading=\"lazy\" decoding=\"async\" width=\"900\" height=\"600\" src=\"data:image\/gif;base64,R0lGODlhAQABAAAAACH5BAEKAAEALAAAAAABAAEAAAICTAEAOw==\" data-src=\"https:\/\/buletin.de\/bucuresti\/wp-content\/uploads\/liviu-negoita-900x600.jpg\" alt=\"\" class=\"wp-image-85927 lazyload\" data-sizes=\"auto\" data-srcset=\"https:\/\/buletin.de\/bucuresti\/wp-content\/uploads\/liviu-negoita-900x600.jpg 900w, https:\/\/buletin.de\/bucuresti\/wp-content\/uploads\/liviu-negoita-300x200.jpg 300w, https:\/\/buletin.de\/bucuresti\/wp-content\/uploads\/liviu-negoita-768x512.jpg 768w, https:\/\/buletin.de\/bucuresti\/wp-content\/uploads\/liviu-negoita-1100x733.jpg 1100w, https:\/\/buletin.de\/bucuresti\/wp-content\/uploads\/liviu-negoita-600x400.jpg 600w, https:\/\/buletin.de\/bucuresti\/wp-content\/uploads\/liviu-negoita-20x13.jpg 20w, https:\/\/buletin.de\/bucuresti\/wp-content\/uploads\/liviu-negoita.jpg 1440w\" sizes=\"(max-width: 900px) 100vw, 900px\" \/><figcaption class=\"wp-element-caption\">Surs\u0103 foto: Facebook \/ Liviu Negoi\u021b\u0103<br><\/figcaption><\/figure>\n\n\n\n<p>S-a n\u0103scut la Br\u0103ila pe 22 martie 1962, iar \u00een 2012 ie\u0219ise din politic\u0103, p\u00e2n\u0103 \u00een 2020 c\u00e2nd s-a \u00eenscris \u00een Partidul Mi\u0219carea Popular\u0103 (PMP).<\/p>\n\n\n\n<p>Slogan electoral: \u201eExperien\u021b\u0103, nu experimente!\u201d<\/p>\n\n\n\n<p>Pe plan politic, activitatea lui Liviu Negoi\u021b\u0103 s-a desf\u0103\u0219urat astfel:<\/p>\n\n\n\n<ul class=\"wp-block-list\">\n<li>Liviu Negoi\u021b\u0103 a avut dou\u0103 mandate de primar la Sectorul 3, \u00een perioada 2004 &#8211; 2012, conform HotNews.ro. La alegerile locale din 2008, Liviu Negoi\u021b\u0103 a ob\u021binut un procent de 79,05%.&nbsp;<\/li>\n\n\n\n<li>\u00cen 2009, el a fost desemnat pentru func\u021bia de premier de pre\u0219edintele de atunci, Traian B\u0103sescu, \u00eens\u0103 nu a \u00eentrunit voturile Parlamentului pentru a fi \u00eenvestit \u00een func\u021bie.<\/li>\n\n\n\n<li>A fost coordonator al campaniei electorale a candidatului la Prim\u0103ria Capitalei Vasile Blaga, dar \u0219i a lui Traian B\u0103sescu pentru c\u00e2\u0219tigarea func\u021biei de Primar General al Municipiului Bucure\u0219ti.<\/li>\n\n\n\n<li>\u00cen 1997 s-a \u00eenscris \u00een Partidul Democrat, iar \u00een 2004 a c\u00e2\u0219tigat un nou mandat de deputat pe listele PD, demision\u00e2nd din func\u021bie pe 28 iunie 2004 pentru a deveni primar al Sectorului 3.<\/li>\n<\/ul>\n\n\n\n<p>Educa\u021bia fostului primar al Sectorului 3 este:<\/p>\n\n\n\n<ul class=\"wp-block-list\">\n<li>El a absolvit Facultatea de Drept a Universit\u0103\u021bii din Bucure\u0219ti \u00een 1990 \u0219i a devenit avocat \u00een Baroul Bucure\u0219ti, fiind ales deputat \u00een Parlamentul Rom\u00e2niei pe listele partidului PNL-CD \u00een municipiul Bucure\u0219ti \u00een 1996.<\/li>\n<\/ul>\n\n\n\n<p>Conform declara\u021biei de avere completat\u0103 \u00een 2020, Liviu Negoi\u021b\u0103:<\/p>\n\n\n\n<ul class=\"wp-block-list\">\n<li>nu de\u021bine nicio proprietate sau imobil, doar un Volkswagen din 2015.&nbsp;<\/li>\n\n\n\n<li>\u00cen schimb so\u021bia sa de\u021bine dou\u0103 terenuri intravilane cu suprafe\u021be de 3.000 \u0219i 4.000 de m2, o cas\u0103 de locuit de 650 de m2 \u00een Balote\u0219ti, o cas\u0103 de vacan\u021b\u0103 de 90 de m2 \u00een Suceava \u0219i un apartament \u00een Bucure\u0219ti de 84 de m2.&nbsp;<\/li>\n\n\n\n<li>Negoi\u021b\u0103 colec\u021bioneaz\u0103 obiecte de art\u0103 \u00een valoare de 10.000 de euro \u0219i bijuterii de 20.000 de euro.&nbsp;<\/li>\n\n\n\n<li>A \u00eemprumutat unei persoane fizice suma de 20.000.&nbsp;<\/li>\n\n\n\n<li>Salariul lui Liviu Negoi\u021b\u0103 nu este men\u021bionat \u00een documentele citate.<\/li>\n\n\n\n<li>So\u021bia fostului primar prime\u0219te anual un salariu din partea ASF, printr-un contract individual de munc\u0103, dar suma nu este indicat\u0103 \u00een declara\u021bie. Totu\u0219i, din \u00eenchirierea unui imobil din Balote\u0219ti, ea c\u00e2\u0219tig\u0103 anual 78.000 de euro.<\/li>\n<\/ul>\n\n\n\n<p>Din <a href=\"https:\/\/declaratii.integritate.eu\/DownloadServlet?fileName=9320024_347568%20vol%2001IA_044.pdf&amp;uniqueIdentifier=NTNTARTLNE_9320024\">declara\u021bia de interese<\/a> din 2020 reiese:<\/p>\n\n\n\n<ul class=\"wp-block-list\">\n<li>Este asociat \u0219i administrator la SOFIOLI SRL.<\/li>\n\n\n\n<li>Este unicul asociat al Cabinetului Individual de Avocatur\u0103 &#8211; Liviu Negoi\u021b\u0103.<\/li>\n<\/ul>\n\n\n\n<h2 class=\"wp-block-heading\"><strong>Dan Nicolae Podaru <\/strong>&#8211; Partidul Ecologist Rom\u00e2n (PER)<\/h2>\n\n\n\n<figure class=\"wp-block-image size-full\"><img loading=\"lazy\" decoding=\"async\" width=\"500\" height=\"500\" src=\"data:image\/gif;base64,R0lGODlhAQABAAAAACH5BAEKAAEALAAAAAABAAEAAAICTAEAOw==\" data-src=\"https:\/\/buletin.de\/bucuresti\/wp-content\/uploads\/dan-podaru.jpg\" alt=\"\" class=\"wp-image-85928 lazyload\" data-sizes=\"auto\" data-srcset=\"https:\/\/buletin.de\/bucuresti\/wp-content\/uploads\/dan-podaru.jpg 500w, https:\/\/buletin.de\/bucuresti\/wp-content\/uploads\/dan-podaru-300x300.jpg 300w, https:\/\/buletin.de\/bucuresti\/wp-content\/uploads\/dan-podaru-150x150.jpg 150w, https:\/\/buletin.de\/bucuresti\/wp-content\/uploads\/dan-podaru-20x20.jpg 20w\" sizes=\"(max-width: 500px) 100vw, 500px\" \/><figcaption class=\"wp-element-caption\"><strong>Sursa foto: unibuc.ro<\/strong><br><\/figcaption><\/figure>\n\n\n\n<p>S-a n\u0103scut \u00een 1972, \u00een Bucure\u0219ti, iar \u00een 1995 a terminat cursurile facult\u0103\u0163ii &#8220;\u015ecoala Superioar\u0103 de Jurnalistic\u0103\u201d, conform propriului s\u0103u site, <a href=\"http:\/\/danpodaru.ro\">danpodaru.ro<\/a>.<\/p>\n\n\n\n<p>Educa\u021bie:<\/p>\n\n\n\n<ul class=\"wp-block-list\">\n<li>Doctor \u00een \u0218tiin\u021bele Comunic\u0103rii din 2015, la Universitatea din Bucure\u0219ti.<\/li>\n\n\n\n<li>Este licen\u0163iat \u00een Jurnalistic\u0103 la Universitatea din Bucure\u015fti din 2007.<\/li>\n<\/ul>\n\n\n\n<p>Parcursul profesional al lui Dan Podaru a urmat traseul:<\/p>\n\n\n\n<ul class=\"wp-block-list\">\n<li>A fost prodecan al Facult\u0103\u021bii de Jurnalism \u0219i \u0218tiin\u021bele Comunic\u0103rii (FJSC) a Universit\u0103\u021bii din Bucure\u0219ti (UniBuc), p\u00e2n\u0103 s\u0103 fie demis \u00een urma unei investiga\u021bii a Centrului de Investiga\u021bii Media (CIM), \u00een care era dezv\u0103luit faptul c\u0103 a coordonat o strategie prin care facultatea a fost transformat\u0103 \u00eentr-o anex\u0103 a filialei PNL pe care acesta o reprezenta. De asemenea, a fost acuzat c\u0103 a intervenit pe l\u00e2ng\u0103 conducerea facult\u0103\u021bii pentru a angaja un coleg de partid. Podaru ocupa \u00een acela\u0219i timp \u0219i func\u021bia de Consilier PNL \u00een Consiliul Local al Sectorului 1.<\/li>\n\n\n\n<li>El a condus o comisie menit\u0103 s\u0103 medieze conflictul dintre Romprest \u015fi Prim\u0103ria Sectorului 1, care a pornit dup\u0103 ce primarul Sectorului 1 <a href=\"https:\/\/buletin.de\/bucuresti\/clotilde-armand-cere-rezilierea-contractului-cu-romprest-in-instanta-compania-a-notificat-primaria-ca-va-scadea-frecventa-serviciilor-stradale\/\">a cerut \u00een instan\u021b\u0103 rezilierea contractului <\/a>cu firma de salubritate, contract care a adus un prejudiciu de 200 de milioane de euro locuitorilor Sectorului 1, <a href=\"https:\/\/buletin.de\/bucuresti\/daniel-tudorache-si-patru-fosti-directori-din-sectorul-1-anchetati-de-dna-in-dosarul-romprest-prejudiciu-de-aproape-un-miliard-de-lei\/\">conform DNA.<\/a> Clotilde Armand l-a acuzat pe consilierul Podaru c\u0103 reprezint\u0103 interesele firmei de salubritate.<\/li>\n\n\n\n<li>La sf\u00e2r\u0219itul lunii ianuarie 2024 \u0219i-a dat demisia din func\u021bia de membru al PNL Sector 1 \u0219i a acuzat actuala conducere a filialei c\u0103 \u00eei face jocurile actulualui primar de sector, Clotilde Armand. La acel moment, el spunea c\u0103 va crea o nou\u0103 forma\u021biune politic\u0103 al\u0103turi de un alt consilier local, designerul Adrian Oianu, \u00eens\u0103 \u00een luna aprilie a acestui an a anun\u021bat c\u0103 a intrat \u00een Partidul Ecologist Rom\u00e2n (PER).<\/li>\n<\/ul>\n\n\n\n<p>Conform <a href=\"https:\/\/acrobat.adobe.com\/id\/urn:aaid:sc:EU:e3eb4539-b5a9-46d7-832c-d8ad3a23668c\">declara\u021biei de avere<\/a> din anul precedent, Podaru de\u0163ine:<\/p>\n\n\n\n<ul class=\"wp-block-list\">\n<li>Cinci imobile listate ca \u201eapartament\u201d \u00een Sectoarele 1 \u0219i 3 ale Capitalei, \u00eens\u0103 dup\u0103 num\u0103rul de metri p\u0103tra\u0163i, dou\u0103 dintre ele ar putea fi garsoniere.&nbsp;<\/li>\n\n\n\n<li>Un imobil de 17 metri p\u0103tra\u021bi, pe care l-a cump\u0103rat \u00een 2021 \u0219i este listat ca \u201eAlte categorii de bunuri imobile\u201d.<\/li>\n\n\n\n<li>Are ceasuri, tablouri \u015fi bijuterii de 31.000 de euro \u015fi a \u00eemprumutat pe cineva cu suma de 10.200 de euro.&nbsp;<\/li>\n\n\n\n<li>\u015ei-a declarat un venit anual de peste 120.000 de lei, \u00een calitate de lector universitar doctor la Facultatea de Jurnalism \u015fi \u015etiin\u0163ele Comunic\u0103rii (FJSC). Pentru treaba de consilier local \u00eencasa, anual, 13.140 de lei. Are chiria\u0219i \u00een trei din cele cinci apartamente pe care le de\u021bine, de la care prime\u0219te aproape 40.000 de lei anual.<\/li>\n<\/ul>\n\n\n\n<p>Din <a href=\"https:\/\/declaratii.integritate.eu\/DownloadServlet?fileName=14441640_2755431_a.pdf&amp;uniqueIdentifier=NTNTARTLNE_14441640\">declara\u021bia de interese<\/a> reiese c\u0103 Dan Podaru este membru al Sindicatului Personalului Didactic din Universitatea din Bucure\u0219ti, Alma Mater.&nbsp;&nbsp;<\/p>\n\n\n\n<h2 class=\"wp-block-heading\"><strong>Mircea Florin Andrei &#8211; Partidul Alternativa Dreapt\u0103 <\/strong><\/h2>\n\n\n\n<figure class=\"wp-block-image size-large\"><img loading=\"lazy\" decoding=\"async\" width=\"900\" height=\"600\" src=\"data:image\/gif;base64,R0lGODlhAQABAAAAACH5BAEKAAEALAAAAAABAAEAAAICTAEAOw==\" data-src=\"https:\/\/buletin.de\/bucuresti\/wp-content\/uploads\/mircea-florin-andrei-900x600.jpg\" alt=\"\" class=\"wp-image-85929 lazyload\" data-sizes=\"auto\" data-srcset=\"https:\/\/buletin.de\/bucuresti\/wp-content\/uploads\/mircea-florin-andrei-900x600.jpg 900w, https:\/\/buletin.de\/bucuresti\/wp-content\/uploads\/mircea-florin-andrei-300x200.jpg 300w, https:\/\/buletin.de\/bucuresti\/wp-content\/uploads\/mircea-florin-andrei-768x512.jpg 768w, https:\/\/buletin.de\/bucuresti\/wp-content\/uploads\/mircea-florin-andrei-600x400.jpg 600w, https:\/\/buletin.de\/bucuresti\/wp-content\/uploads\/mircea-florin-andrei-20x13.jpg 20w, https:\/\/buletin.de\/bucuresti\/wp-content\/uploads\/mircea-florin-andrei.jpg 960w\" sizes=\"(max-width: 900px) 100vw, 900px\" \/><figcaption class=\"wp-element-caption\">Sursa foto: Facebook \/ Andrei Florin Mircea<br><\/figcaption><\/figure>\n\n\n\n<p>Candidatul Mircea Florin Andrei s-a n\u0103scut pe 19 februarie 1964 \u00een Mioreni, D\u00e2mbovi\u021ba.&nbsp;<\/p>\n\n\n\n<p>Slogan electoral: \u201eSuntem to\u021bi Sectorul 1\u201d.<\/p>\n\n\n\n<p>Studiile avocatului:<\/p>\n\n\n\n<ul class=\"wp-block-list\">\n<li>Mircea Florin Andrei este licen\u021biat \u00een drept la Universitatea din Bucure\u0219ti (UniBuc), iar dup\u0103 facultate a lucrat la Procuratura Municipiului Bucure\u0219ti, conform propriului s\u0103u site, <a href=\"http:\/\/andreiflorinmircea.ro\">andreiflorinmircea.ro<\/a>.<\/li>\n<\/ul>\n\n\n\n<p>Activitatea sa politic\u0103 \u0219i profesional\u0103 arat\u0103 astfel:<\/p>\n\n\n\n<ul class=\"wp-block-list\">\n<li>A fost avocat \u00een cadrul Baroului Bucure\u0219ti \u00een perioada 1996 &#8211; 2001, iar \u00eentre 2003 \u0219i 2008 a fost arbitru \u0219i pre\u0219edinte al Cur\u021bii de Arbitraj de pe l\u00e2ng\u0103 Camera de Comer\u021b \u0219i Industrie Ilfov.<\/li>\n\n\n\n<li>\u00cen 2008 a fost ales <a href=\"https:\/\/www.senat.ro\/FisaSenator.aspx?ParlamentarID=eb674d90-ee5d-4983-a718-96b258691315\">senator <\/a>\u00een circumscrip\u021bia D\u00e2mbovi\u021ba pe listele Partidului Democrat Liberal (PDL).<\/li>\n<\/ul>\n\n\n\n<p>Fostul parlamentar de\u021bine conform <a href=\"https:\/\/depozitar-down.integritate.eu\/declaratiiavere\/14.05.2024\/AINN010743%2008\/700179_037.pdf?X-Amz-Algorithm=AWS4-HMAC-SHA256&amp;X-Amz-Credential=pO62qiodxwfMEO9tJM7v%2F20240516%2Feu-west-1%2Fs3%2Faws4_request&amp;X-Amz-Date=20240516T190211Z&amp;X-Amz-Expires=60&amp;X-Amz-SignedHeaders=host&amp;X-Amz-Signature=053978553f2449da3e6afa1ffe133f6a926c4f45b3c949a0b70eda503b0e56e1\">declara\u021biei de avere<\/a> din 2024:<\/p>\n\n\n\n<ul class=\"wp-block-list\">\n<li>Dou\u0103 terenuri intravilane, unul \u00een Bucure\u0219ti cu o suprafa\u021b\u0103 de peste 470 de metri p\u0103tra\u021bi \u0219i unul \u00een jude\u021bul Olt, cu o suprafa\u021b\u0103 de aproape 3.000 de metri p\u0103tra\u021bi.&nbsp;<\/li>\n\n\n\n<li>\u00cempreun\u0103 cu so\u021bia sa de\u021bine un teren de peste 240 de metri p\u0103tra\u021bi \u0219i un apartament de 274 de metri p\u0103tra\u021bi.<\/li>\n\n\n\n<li>De asemenea, el are dou\u0103 case de locuit care \u00eempreun\u0103 ajung la peste 1.600 de m2. Are trei ma\u0219ini, un Volkswagen din 1968, un Mercedes Benz S500 fabricat \u00een 2008 \u0219i un Mercedes Benz ML350 din 2012.<\/li>\n\n\n\n<li>Bijuteriile \u0219i ceasurile pe care le de\u021bine valoreaz\u0103 12.000 de euro, \u201epietrele de m\u00e2n\u0103\u201d pe care le are ajung la suma de 25.000 de euro, dar \u0219i o colec\u021bie de timbre \u00een valoare de 50.000 de euro.<\/li>\n\n\n\n<li>Candidatul la Prim\u0103ria Sectorului 1 l-a \u00eemprumutat pe \u0218tefan L\u0103z\u0103roiu cu peste 2 milioane de euro.<\/li>\n\n\n\n<li>Din activitatea lui de avocat, candidatul a declarat c\u0103 \u00eencaseaz\u0103 anual aproape 140.000 de lei.<\/li>\n<\/ul>\n\n\n\n<p>Din declara\u021bia de interese reiese c\u0103 Mircea Florin Andrei a investit aproximativ 20.000 de euro \u00een patru societ\u0103\u021bi comerciale din Rom\u00e2nia \u0219i Austria.<\/p>\n\n\n\n<h2 class=\"wp-block-heading\"><strong>Daniel Tudorache<\/strong> &#8211; (candidat independent)<\/h2>\n\n\n\n<figure class=\"wp-block-image size-full\"><img loading=\"lazy\" decoding=\"async\" width=\"820\" height=\"360\" src=\"data:image\/gif;base64,R0lGODlhAQABAAAAACH5BAEKAAEALAAAAAABAAEAAAICTAEAOw==\" data-src=\"https:\/\/buletin.de\/bucuresti\/wp-content\/uploads\/daniel-tudorache.jpg\" alt=\"\" class=\"wp-image-85930 lazyload\" data-sizes=\"auto\" data-srcset=\"https:\/\/buletin.de\/bucuresti\/wp-content\/uploads\/daniel-tudorache.jpg 820w, https:\/\/buletin.de\/bucuresti\/wp-content\/uploads\/daniel-tudorache-300x132.jpg 300w, https:\/\/buletin.de\/bucuresti\/wp-content\/uploads\/daniel-tudorache-768x337.jpg 768w, https:\/\/buletin.de\/bucuresti\/wp-content\/uploads\/daniel-tudorache-600x263.jpg 600w, https:\/\/buletin.de\/bucuresti\/wp-content\/uploads\/daniel-tudorache-20x9.jpg 20w\" sizes=\"(max-width: 820px) 100vw, 820px\" \/><figcaption class=\"wp-element-caption\">Surs\u0103 foto: Facebook \/ Dan Tudorache&nbsp;<br><\/figcaption><\/figure>\n\n\n\n<p>Fostul primar al Sectorului 1 \u00een perioada 2016 &#8211; 2020, Daniel Tudorache, s-a n\u0103scut pe 27 februarie 1964 \u00een Bucure\u0219ti. A fost trimis \u00een judecat\u0103 \u00een 2022 pentru trafic de influen\u021b\u0103 \u0219i sp\u0103lare de bani \u00een dosarul Diamantelor, scrie HotNews.ro.<\/p>\n\n\n\n<p>Pe plan educa\u021bional, a urmat cursurile Institutului Politehnic Bucure\u0219ti \u00eentre 1983 \u0219i 1988.&nbsp;<\/p>\n\n\n\n<p>Pe parcursul profesional al fostului primar, el a ocupat urm\u0103toarele func\u021bii:<\/p>\n\n\n\n<ul class=\"wp-block-list\">\n<li>Daniel Tudorache este de profesie inginer \u0219i a debutat \u00een administra\u021bia public\u0103 \u00een 2000, c\u00e2nd a ocupat func\u021bia de consilier al primarului Sectorului 1 de la acea vreme, Vasile Gherasim.<\/li>\n\n\n\n<li>\u00cen 2001, conform <a href=\"https:\/\/www.cdep.ro\/pls\/parlam\/structura2015.mp?idm=381&amp;cam=2&amp;leg=2012&amp;pag=0\">CV-ului s\u0103u<\/a> de pe site-ul Camerei Deputa\u021bilor, a fost numit director general \u00een Ministerul Transporturilor, dar a fost demis din aceast\u0103 func\u021bie \u00een urma unui raport al Corpului de control al ministrului transporturilor care a eviden\u021biat nereguli grave \u00een procesul de aprobare \u0219i distribuire a unor autorizatii.<\/li>\n\n\n\n<li>S-a \u00eentors ulterior \u00een func\u021bia de consilier al primarului sectorului 1 \u00een 2002.<\/li>\n\n\n\n<li>\u00centre 2004 \u0219i 2008, a fost consilier general \u00een Consiliul General al Municipiului Bucure\u0219ti (CGMB), pe listele PSD, \u0219i a de\u021binut \u0219i func\u021bia de \u0219ef al filialei Sector 1 a PSD.<\/li>\n\n\n\n<li>\u00cen perioada 2008\u20132011, a fost viceprimar al Sectorului 1, dar a fost demis din aceast\u0103 func\u021bie, din cauza unor \u201edisfunc\u021bii administrative\u201d.<\/li>\n\n\n\n<li>\u00cen 2012, Daniel Tudorache a fost ales deputat pe listele PSD, iar \u00een 2016 a devenit primarul Sectorului 1. A candidat \u0219i la alegerile pentru aceea\u0219i func\u021bie din 2020, \u00eens\u0103 a pierdut \u00een fa\u021ba lui Clotilde Armand. Din decembrie 2020 este deputat.<\/li>\n<\/ul>\n\n\n\n<p>Conform <a href=\"https:\/\/depozitar-down.integritate.eu\/declaratiiavere\/14.05.2024\/AINN010743%2008\/700179_036.pdf?X-Amz-Algorithm=AWS4-HMAC-SHA256&amp;X-Amz-Credential=pO62qiodxwfMEO9tJM7v%2F20240516%2Feu-west-1%2Fs3%2Faws4_request&amp;X-Amz-Date=20240516T185816Z&amp;X-Amz-Expires=60&amp;X-Amz-SignedHeaders=host&amp;X-Amz-Signature=35e473796cc0e8bbc722d808b8934fb9b53837517504e3ee8e4c3612eca60d0e\">declara\u021biei de avere din acest an<\/a>, candidatul independent Daniel Tudorache nu de\u021bine terenuri, case sau ma\u0219ini. Nu are nici bani \u00een conturi bancare \u0219i nici datorii.<\/p>\n\n\n\n<ul class=\"wp-block-list\">\n<li>Din scaunul de parlamentar prime\u0219te un salariu anual de peste 200.000 de lei.<\/li>\n<\/ul>\n\n\n\n<p>Candidatul este prim vicepre\u0219edinte al Asocia\u021biei Omenia, dar \u0219i membru \u00een Marea Loj\u0103 Na\u021bional\u0103 a Rom\u00e2niei (MLNR), denumirea oficial\u0103 a masoneriei rom\u00e2ne.<\/p>\n\n\n\n<p><\/p>\n","protected":false},"excerpt":{"rendered":"<p>Buletin de Bucure\u0219ti v\u0103 prezint\u0103 o radiografie limpede a candida\u021bilor pentru prim\u0103riile Capitalei. Datele prezentate sunt colectate din surse publice iar aspiran\u021bii la func\u021bia de primar sunt prezenta\u021bi \u00een ordinea stabilit\u0103 pe buletinele de vot de Birourile Electorale de Circumscrip\u0163ie, prin tragere la sor\u021bi. Ramona Ioana Bruynseels&nbsp; &#8211; Alian\u0163a pentru Unirea Rom\u00e2nilor AUR&nbsp; S-a n\u0103scut [&hellip;]<\/p>\n","protected":false},"author":58,"featured_media":22741,"comment_status":"closed","ping_status":"open","sticky":false,"template":"","format":"standard","meta":{"_acf_changed":false,"inline_featured_image":false,"ngg_post_thumbnail":0,"footnotes":""},"categories":[6994,5762,9025],"tags":[12066,1487,3863,663,12067,9325,12070,10562,12068,12071],"ppma_author":[22581],"class_list":["post-85910","post","type-post","status-publish","format-standard","has-post-thumbnail","hentry","category-stiri-2","category-main","category-politic","tag-candidati-sector-1-alegeri-locale-2024","tag-clotilde-armand","tag-dan-podaru","tag-dan-tudorache","tag-florin-ghidanac","tag-george-tuta","tag-iulian-hatmanu","tag-liviu-negoita","tag-mircea-florin-andrei","tag-ramona-bruynseels"],"acf":[],"yoast_head":"<!-- This site is optimized with the Yoast SEO Premium plugin v25.3 (Yoast SEO v27.4) - https:\/\/yoast.com\/product\/yoast-seo-premium-wordpress\/ -->\n<title>Cine sunt \u0219i ce avere au candida\u021bii la prim\u0103riile Capitalei | Lista pentru Sectorul 1 - Buletin de Bucure\u0219ti<\/title>\n<meta name=\"robots\" content=\"index, follow, max-snippet:-1, max-image-preview:large, max-video-preview:-1\" \/>\n<link rel=\"canonical\" href=\"https:\/\/buletin.de\/bucuresti\/cine-sunt-si-ce-avere-au-candidatii-la-primariile-capitalei-lista-pentru-sectorul-1\/\" \/>\n<meta property=\"og:locale\" content=\"en_GB\" \/>\n<meta property=\"og:type\" content=\"article\" \/>\n<meta property=\"og:title\" content=\"Cine sunt \u0219i ce avere au candida\u021bii la prim\u0103riile Capitalei | Lista pentru Sectorul 1\" \/>\n<meta property=\"og:description\" content=\"Buletin de Bucure\u0219ti v\u0103 prezint\u0103 o radiografie limpede a candida\u021bilor pentru prim\u0103riile Capitalei. Datele prezentate sunt colectate din surse publice iar aspiran\u021bii la func\u021bia de primar sunt prezenta\u021bi \u00een ordinea stabilit\u0103 pe buletinele de vot de Birourile Electorale de Circumscrip\u0163ie, prin tragere la sor\u021bi. Ramona Ioana Bruynseels&nbsp; &#8211; Alian\u0163a pentru Unirea Rom\u00e2nilor AUR&nbsp; S-a n\u0103scut [&hellip;]\" \/>\n<meta property=\"og:url\" content=\"https:\/\/buletin.de\/bucuresti\/cine-sunt-si-ce-avere-au-candidatii-la-primariile-capitalei-lista-pentru-sectorul-1\/\" \/>\n<meta property=\"og:site_name\" content=\"Buletin de Bucure\u0219ti\" \/>\n<meta property=\"article:publisher\" content=\"https:\/\/www.facebook.com\/buletin.de.buc\" \/>\n<meta property=\"article:published_time\" content=\"2024-05-21T07:29:02+00:00\" \/>\n<meta property=\"article:modified_time\" content=\"2024-05-24T12:12:04+00:00\" \/>\n<meta property=\"og:image\" content=\"https:\/\/buletin.de\/bucuresti\/wp-content\/uploads\/sediu-ps1-banu-manta.jpeg\" \/>\n\t<meta property=\"og:image:width\" content=\"1600\" \/>\n\t<meta property=\"og:image:height\" content=\"1066\" \/>\n\t<meta property=\"og:image:type\" content=\"image\/jpeg\" \/>\n<meta name=\"author\" content=\"Ana Anghel-Dimache\" \/>\n<meta name=\"twitter:card\" content=\"summary_large_image\" \/>\n<meta name=\"twitter:label1\" content=\"Written by\" \/>\n\t<meta name=\"twitter:data1\" content=\"Ana Anghel-Dimache\" \/>\n\t<meta name=\"twitter:label2\" content=\"Estimated reading time\" \/>\n\t<meta name=\"twitter:data2\" content=\"19 minutes\" \/>\n<script type=\"application\/ld+json\" class=\"yoast-schema-graph\">{\"@context\":\"https:\\\/\\\/schema.org\",\"@graph\":[{\"@type\":\"Article\",\"@id\":\"https:\\\/\\\/buletin.de\\\/bucuresti\\\/cine-sunt-si-ce-avere-au-candidatii-la-primariile-capitalei-lista-pentru-sectorul-1\\\/#article\",\"isPartOf\":{\"@id\":\"https:\\\/\\\/buletin.de\\\/bucuresti\\\/cine-sunt-si-ce-avere-au-candidatii-la-primariile-capitalei-lista-pentru-sectorul-1\\\/\"},\"author\":{\"name\":\"Ana Anghel-Dimache\",\"@id\":\"https:\\\/\\\/buletin.de\\\/bucuresti\\\/#\\\/schema\\\/person\\\/359459245996e200ed7c807f71f0551a\"},\"headline\":\"Cine sunt \u0219i ce avere au candida\u021bii la prim\u0103riile Capitalei | Lista pentru Sectorul 1\",\"datePublished\":\"2024-05-21T07:29:02+00:00\",\"dateModified\":\"2024-05-24T12:12:04+00:00\",\"mainEntityOfPage\":{\"@id\":\"https:\\\/\\\/buletin.de\\\/bucuresti\\\/cine-sunt-si-ce-avere-au-candidatii-la-primariile-capitalei-lista-pentru-sectorul-1\\\/\"},\"wordCount\":3782,\"publisher\":{\"@id\":\"https:\\\/\\\/buletin.de\\\/bucuresti\\\/#organization\"},\"image\":{\"@id\":\"https:\\\/\\\/buletin.de\\\/bucuresti\\\/cine-sunt-si-ce-avere-au-candidatii-la-primariile-capitalei-lista-pentru-sectorul-1\\\/#primaryimage\"},\"thumbnailUrl\":\"https:\\\/\\\/buletin.de\\\/bucuresti\\\/wp-content\\\/uploads\\\/sediu-ps1-banu-manta.jpeg\",\"keywords\":[\"candidati sector 1 alegeri locale 2024\",\"clotilde armand\",\"dan podaru\",\"dan tudorache\",\"florin ghidanac\",\"george tuta\",\"iulian hatmanu\",\"liviu negoita\",\"mircea florin andrei\",\"ramona bruynseels\"],\"articleSection\":[\"Articole\",\"Main\",\"Politic\"],\"inLanguage\":\"en-GB\",\"copyrightYear\":\"2024\",\"copyrightHolder\":{\"@id\":\"https:\\\/\\\/buletin.de\\\/bucuresti\\\/#organization\"}},{\"@type\":\"WebPage\",\"@id\":\"https:\\\/\\\/buletin.de\\\/bucuresti\\\/cine-sunt-si-ce-avere-au-candidatii-la-primariile-capitalei-lista-pentru-sectorul-1\\\/\",\"url\":\"https:\\\/\\\/buletin.de\\\/bucuresti\\\/cine-sunt-si-ce-avere-au-candidatii-la-primariile-capitalei-lista-pentru-sectorul-1\\\/\",\"name\":\"Cine sunt \u0219i ce avere au candida\u021bii la prim\u0103riile Capitalei | Lista pentru Sectorul 1 - Buletin de Bucure\u0219ti\",\"isPartOf\":{\"@id\":\"https:\\\/\\\/buletin.de\\\/bucuresti\\\/#website\"},\"primaryImageOfPage\":{\"@id\":\"https:\\\/\\\/buletin.de\\\/bucuresti\\\/cine-sunt-si-ce-avere-au-candidatii-la-primariile-capitalei-lista-pentru-sectorul-1\\\/#primaryimage\"},\"image\":{\"@id\":\"https:\\\/\\\/buletin.de\\\/bucuresti\\\/cine-sunt-si-ce-avere-au-candidatii-la-primariile-capitalei-lista-pentru-sectorul-1\\\/#primaryimage\"},\"thumbnailUrl\":\"https:\\\/\\\/buletin.de\\\/bucuresti\\\/wp-content\\\/uploads\\\/sediu-ps1-banu-manta.jpeg\",\"datePublished\":\"2024-05-21T07:29:02+00:00\",\"dateModified\":\"2024-05-24T12:12:04+00:00\",\"breadcrumb\":{\"@id\":\"https:\\\/\\\/buletin.de\\\/bucuresti\\\/cine-sunt-si-ce-avere-au-candidatii-la-primariile-capitalei-lista-pentru-sectorul-1\\\/#breadcrumb\"},\"inLanguage\":\"en-GB\",\"potentialAction\":[{\"@type\":\"ReadAction\",\"target\":[\"https:\\\/\\\/buletin.de\\\/bucuresti\\\/cine-sunt-si-ce-avere-au-candidatii-la-primariile-capitalei-lista-pentru-sectorul-1\\\/\"]}]},{\"@type\":\"ImageObject\",\"inLanguage\":\"en-GB\",\"@id\":\"https:\\\/\\\/buletin.de\\\/bucuresti\\\/cine-sunt-si-ce-avere-au-candidatii-la-primariile-capitalei-lista-pentru-sectorul-1\\\/#primaryimage\",\"url\":\"https:\\\/\\\/buletin.de\\\/bucuresti\\\/wp-content\\\/uploads\\\/sediu-ps1-banu-manta.jpeg\",\"contentUrl\":\"https:\\\/\\\/buletin.de\\\/bucuresti\\\/wp-content\\\/uploads\\\/sediu-ps1-banu-manta.jpeg\",\"width\":1600,\"height\":1066,\"caption\":\"FOTO: Arhiva\"},{\"@type\":\"BreadcrumbList\",\"@id\":\"https:\\\/\\\/buletin.de\\\/bucuresti\\\/cine-sunt-si-ce-avere-au-candidatii-la-primariile-capitalei-lista-pentru-sectorul-1\\\/#breadcrumb\",\"itemListElement\":[{\"@type\":\"ListItem\",\"position\":1,\"name\":\"Acas\u0103\",\"item\":\"https:\\\/\\\/buletin.de\\\/bucuresti\\\/\"},{\"@type\":\"ListItem\",\"position\":2,\"name\":\"Cine sunt \u0219i ce avere au candida\u021bii la prim\u0103riile Capitalei | Lista pentru Sectorul 1\"}]},{\"@type\":\"WebSite\",\"@id\":\"https:\\\/\\\/buletin.de\\\/bucuresti\\\/#website\",\"url\":\"https:\\\/\\\/buletin.de\\\/bucuresti\\\/\",\"name\":\"Buletin de Bucure\u0219ti\",\"description\":\"\u0218tiri \u0219i investiga\u021bii esen\u021biale din capital\u0103\",\"publisher\":{\"@id\":\"https:\\\/\\\/buletin.de\\\/bucuresti\\\/#organization\"},\"potentialAction\":[{\"@type\":\"SearchAction\",\"target\":{\"@type\":\"EntryPoint\",\"urlTemplate\":\"https:\\\/\\\/buletin.de\\\/bucuresti\\\/?s={search_term_string}\"},\"query-input\":{\"@type\":\"PropertyValueSpecification\",\"valueRequired\":true,\"valueName\":\"search_term_string\"}}],\"inLanguage\":\"en-GB\"},{\"@type\":\"Organization\",\"@id\":\"https:\\\/\\\/buletin.de\\\/bucuresti\\\/#organization\",\"name\":\"Buletin de Bucure\u0219ti\",\"url\":\"https:\\\/\\\/buletin.de\\\/bucuresti\\\/\",\"logo\":{\"@type\":\"ImageObject\",\"inLanguage\":\"en-GB\",\"@id\":\"https:\\\/\\\/buletin.de\\\/bucuresti\\\/#\\\/schema\\\/logo\\\/image\\\/\",\"url\":\"https:\\\/\\\/buletin.de\\\/bucuresti\\\/wp-content\\\/uploads\\\/logo-bdb-full-wide-vernil-transparent.png\",\"contentUrl\":\"https:\\\/\\\/buletin.de\\\/bucuresti\\\/wp-content\\\/uploads\\\/logo-bdb-full-wide-vernil-transparent.png\",\"width\":1782,\"height\":626,\"caption\":\"Buletin de Bucure\u0219ti\"},\"image\":{\"@id\":\"https:\\\/\\\/buletin.de\\\/bucuresti\\\/#\\\/schema\\\/logo\\\/image\\\/\"},\"sameAs\":[\"https:\\\/\\\/www.facebook.com\\\/buletin.de.buc\",\"https:\\\/\\\/www.instagram.com\\\/buletinde.bucuresti\\\/\"]},{\"@type\":\"Person\",\"@id\":\"https:\\\/\\\/buletin.de\\\/bucuresti\\\/#\\\/schema\\\/person\\\/359459245996e200ed7c807f71f0551a\",\"name\":\"Ana Anghel-Dimache\",\"image\":{\"@type\":\"ImageObject\",\"inLanguage\":\"en-GB\",\"@id\":\"https:\\\/\\\/buletin.de\\\/bucuresti\\\/wp-content\\\/uploads\\\/Ana-Anghel-Dimache-96x96.jpg861145fc2c4f1fe57dc81b59a6cfb674\",\"url\":\"https:\\\/\\\/buletin.de\\\/bucuresti\\\/wp-content\\\/uploads\\\/Ana-Anghel-Dimache-96x96.jpg\",\"contentUrl\":\"https:\\\/\\\/buletin.de\\\/bucuresti\\\/wp-content\\\/uploads\\\/Ana-Anghel-Dimache-96x96.jpg\",\"caption\":\"Ana Anghel-Dimache\"},\"description\":\"Sunt student\u0103 la jurnalism \u0219i m-am n\u0103scut \u00een Bucure\u0219ti, ora\u0219 plin de pove\u0219ti care merit\u0103 explorate. \u00cemi place s\u0103 scriu despre subiecte politice, de mediu \u0219i legate de transportul din Capital\u0103. \u00cencerc s\u0103 pictez o imagine c\u00e2t mai sincer\u0103 a realit\u0103\u021bii \u0219i sus\u021bin presa independent\u0103 pentru c\u0103 este esen\u021bial s\u0103 pot reda faptele \u00een formele lor adev\u0103rate.\",\"url\":\"https:\\\/\\\/buletin.de\\\/bucuresti\\\/author\\\/ana-dimache\\\/\"}]}<\/script>\n<!-- \/ Yoast SEO Premium plugin. -->","yoast_head_json":{"title":"Cine sunt \u0219i ce avere au candida\u021bii la prim\u0103riile Capitalei | Lista pentru Sectorul 1 - Buletin de Bucure\u0219ti","robots":{"index":"index","follow":"follow","max-snippet":"max-snippet:-1","max-image-preview":"max-image-preview:large","max-video-preview":"max-video-preview:-1"},"canonical":"https:\/\/buletin.de\/bucuresti\/cine-sunt-si-ce-avere-au-candidatii-la-primariile-capitalei-lista-pentru-sectorul-1\/","og_locale":"en_GB","og_type":"article","og_title":"Cine sunt \u0219i ce avere au candida\u021bii la prim\u0103riile Capitalei | Lista pentru Sectorul 1","og_description":"Buletin de Bucure\u0219ti v\u0103 prezint\u0103 o radiografie limpede a candida\u021bilor pentru prim\u0103riile Capitalei. Datele prezentate sunt colectate din surse publice iar aspiran\u021bii la func\u021bia de primar sunt prezenta\u021bi \u00een ordinea stabilit\u0103 pe buletinele de vot de Birourile Electorale de Circumscrip\u0163ie, prin tragere la sor\u021bi. Ramona Ioana Bruynseels&nbsp; &#8211; Alian\u0163a pentru Unirea Rom\u00e2nilor AUR&nbsp; S-a n\u0103scut [&hellip;]","og_url":"https:\/\/buletin.de\/bucuresti\/cine-sunt-si-ce-avere-au-candidatii-la-primariile-capitalei-lista-pentru-sectorul-1\/","og_site_name":"Buletin de Bucure\u0219ti","article_publisher":"https:\/\/www.facebook.com\/buletin.de.buc","article_published_time":"2024-05-21T07:29:02+00:00","article_modified_time":"2024-05-24T12:12:04+00:00","og_image":[{"width":1600,"height":1066,"url":"https:\/\/buletin.de\/bucuresti\/wp-content\/uploads\/sediu-ps1-banu-manta.jpeg","type":"image\/jpeg"}],"author":"Ana Anghel-Dimache","twitter_card":"summary_large_image","twitter_misc":{"Written by":"Ana Anghel-Dimache","Estimated reading time":"19 minutes"},"schema":{"@context":"https:\/\/schema.org","@graph":[{"@type":"Article","@id":"https:\/\/buletin.de\/bucuresti\/cine-sunt-si-ce-avere-au-candidatii-la-primariile-capitalei-lista-pentru-sectorul-1\/#article","isPartOf":{"@id":"https:\/\/buletin.de\/bucuresti\/cine-sunt-si-ce-avere-au-candidatii-la-primariile-capitalei-lista-pentru-sectorul-1\/"},"author":{"name":"Ana Anghel-Dimache","@id":"https:\/\/buletin.de\/bucuresti\/#\/schema\/person\/359459245996e200ed7c807f71f0551a"},"headline":"Cine sunt \u0219i ce avere au candida\u021bii la prim\u0103riile Capitalei | Lista pentru Sectorul 1","datePublished":"2024-05-21T07:29:02+00:00","dateModified":"2024-05-24T12:12:04+00:00","mainEntityOfPage":{"@id":"https:\/\/buletin.de\/bucuresti\/cine-sunt-si-ce-avere-au-candidatii-la-primariile-capitalei-lista-pentru-sectorul-1\/"},"wordCount":3782,"publisher":{"@id":"https:\/\/buletin.de\/bucuresti\/#organization"},"image":{"@id":"https:\/\/buletin.de\/bucuresti\/cine-sunt-si-ce-avere-au-candidatii-la-primariile-capitalei-lista-pentru-sectorul-1\/#primaryimage"},"thumbnailUrl":"https:\/\/buletin.de\/bucuresti\/wp-content\/uploads\/sediu-ps1-banu-manta.jpeg","keywords":["candidati sector 1 alegeri locale 2024","clotilde armand","dan podaru","dan tudorache","florin ghidanac","george tuta","iulian hatmanu","liviu negoita","mircea florin andrei","ramona bruynseels"],"articleSection":["Articole","Main","Politic"],"inLanguage":"en-GB","copyrightYear":"2024","copyrightHolder":{"@id":"https:\/\/buletin.de\/bucuresti\/#organization"}},{"@type":"WebPage","@id":"https:\/\/buletin.de\/bucuresti\/cine-sunt-si-ce-avere-au-candidatii-la-primariile-capitalei-lista-pentru-sectorul-1\/","url":"https:\/\/buletin.de\/bucuresti\/cine-sunt-si-ce-avere-au-candidatii-la-primariile-capitalei-lista-pentru-sectorul-1\/","name":"Cine sunt \u0219i ce avere au candida\u021bii la prim\u0103riile Capitalei | Lista pentru Sectorul 1 - Buletin de Bucure\u0219ti","isPartOf":{"@id":"https:\/\/buletin.de\/bucuresti\/#website"},"primaryImageOfPage":{"@id":"https:\/\/buletin.de\/bucuresti\/cine-sunt-si-ce-avere-au-candidatii-la-primariile-capitalei-lista-pentru-sectorul-1\/#primaryimage"},"image":{"@id":"https:\/\/buletin.de\/bucuresti\/cine-sunt-si-ce-avere-au-candidatii-la-primariile-capitalei-lista-pentru-sectorul-1\/#primaryimage"},"thumbnailUrl":"https:\/\/buletin.de\/bucuresti\/wp-content\/uploads\/sediu-ps1-banu-manta.jpeg","datePublished":"2024-05-21T07:29:02+00:00","dateModified":"2024-05-24T12:12:04+00:00","breadcrumb":{"@id":"https:\/\/buletin.de\/bucuresti\/cine-sunt-si-ce-avere-au-candidatii-la-primariile-capitalei-lista-pentru-sectorul-1\/#breadcrumb"},"inLanguage":"en-GB","potentialAction":[{"@type":"ReadAction","target":["https:\/\/buletin.de\/bucuresti\/cine-sunt-si-ce-avere-au-candidatii-la-primariile-capitalei-lista-pentru-sectorul-1\/"]}]},{"@type":"ImageObject","inLanguage":"en-GB","@id":"https:\/\/buletin.de\/bucuresti\/cine-sunt-si-ce-avere-au-candidatii-la-primariile-capitalei-lista-pentru-sectorul-1\/#primaryimage","url":"https:\/\/buletin.de\/bucuresti\/wp-content\/uploads\/sediu-ps1-banu-manta.jpeg","contentUrl":"https:\/\/buletin.de\/bucuresti\/wp-content\/uploads\/sediu-ps1-banu-manta.jpeg","width":1600,"height":1066,"caption":"FOTO: Arhiva"},{"@type":"BreadcrumbList","@id":"https:\/\/buletin.de\/bucuresti\/cine-sunt-si-ce-avere-au-candidatii-la-primariile-capitalei-lista-pentru-sectorul-1\/#breadcrumb","itemListElement":[{"@type":"ListItem","position":1,"name":"Acas\u0103","item":"https:\/\/buletin.de\/bucuresti\/"},{"@type":"ListItem","position":2,"name":"Cine sunt \u0219i ce avere au candida\u021bii la prim\u0103riile Capitalei | Lista pentru Sectorul 1"}]},{"@type":"WebSite","@id":"https:\/\/buletin.de\/bucuresti\/#website","url":"https:\/\/buletin.de\/bucuresti\/","name":"Buletin de Bucure\u0219ti","description":"\u0218tiri \u0219i investiga\u021bii esen\u021biale din capital\u0103","publisher":{"@id":"https:\/\/buletin.de\/bucuresti\/#organization"},"potentialAction":[{"@type":"SearchAction","target":{"@type":"EntryPoint","urlTemplate":"https:\/\/buletin.de\/bucuresti\/?s={search_term_string}"},"query-input":{"@type":"PropertyValueSpecification","valueRequired":true,"valueName":"search_term_string"}}],"inLanguage":"en-GB"},{"@type":"Organization","@id":"https:\/\/buletin.de\/bucuresti\/#organization","name":"Buletin de Bucure\u0219ti","url":"https:\/\/buletin.de\/bucuresti\/","logo":{"@type":"ImageObject","inLanguage":"en-GB","@id":"https:\/\/buletin.de\/bucuresti\/#\/schema\/logo\/image\/","url":"https:\/\/buletin.de\/bucuresti\/wp-content\/uploads\/logo-bdb-full-wide-vernil-transparent.png","contentUrl":"https:\/\/buletin.de\/bucuresti\/wp-content\/uploads\/logo-bdb-full-wide-vernil-transparent.png","width":1782,"height":626,"caption":"Buletin de Bucure\u0219ti"},"image":{"@id":"https:\/\/buletin.de\/bucuresti\/#\/schema\/logo\/image\/"},"sameAs":["https:\/\/www.facebook.com\/buletin.de.buc","https:\/\/www.instagram.com\/buletinde.bucuresti\/"]},{"@type":"Person","@id":"https:\/\/buletin.de\/bucuresti\/#\/schema\/person\/359459245996e200ed7c807f71f0551a","name":"Ana Anghel-Dimache","image":{"@type":"ImageObject","inLanguage":"en-GB","@id":"https:\/\/buletin.de\/bucuresti\/wp-content\/uploads\/Ana-Anghel-Dimache-96x96.jpg861145fc2c4f1fe57dc81b59a6cfb674","url":"https:\/\/buletin.de\/bucuresti\/wp-content\/uploads\/Ana-Anghel-Dimache-96x96.jpg","contentUrl":"https:\/\/buletin.de\/bucuresti\/wp-content\/uploads\/Ana-Anghel-Dimache-96x96.jpg","caption":"Ana Anghel-Dimache"},"description":"Sunt student\u0103 la jurnalism \u0219i m-am n\u0103scut \u00een Bucure\u0219ti, ora\u0219 plin de pove\u0219ti care merit\u0103 explorate. \u00cemi place s\u0103 scriu despre subiecte politice, de mediu \u0219i legate de transportul din Capital\u0103. \u00cencerc s\u0103 pictez o imagine c\u00e2t mai sincer\u0103 a realit\u0103\u021bii \u0219i sus\u021bin presa independent\u0103 pentru c\u0103 este esen\u021bial s\u0103 pot reda faptele \u00een formele lor adev\u0103rate.","url":"https:\/\/buletin.de\/bucuresti\/author\/ana-dimache\/"}]}},"authors":[{"term_id":22581,"user_id":58,"is_guest":0,"slug":"ana-dimache","display_name":"Ana Anghel-Dimache","avatar_url":"https:\/\/buletin.de\/bucuresti\/wp-content\/uploads\/Ana-Anghel-Dimache-96x96.jpg","0":null,"1":"","2":"","3":"","4":"","5":"","6":"","7":"","8":""}],"_links":{"self":[{"href":"https:\/\/buletin.de\/bucuresti\/wp-json\/wp\/v2\/posts\/85910","targetHints":{"allow":["GET"]}}],"collection":[{"href":"https:\/\/buletin.de\/bucuresti\/wp-json\/wp\/v2\/posts"}],"about":[{"href":"https:\/\/buletin.de\/bucuresti\/wp-json\/wp\/v2\/types\/post"}],"author":[{"embeddable":true,"href":"https:\/\/buletin.de\/bucuresti\/wp-json\/wp\/v2\/users\/58"}],"replies":[{"embeddable":true,"href":"https:\/\/buletin.de\/bucuresti\/wp-json\/wp\/v2\/comments?post=85910"}],"version-history":[{"count":7,"href":"https:\/\/buletin.de\/bucuresti\/wp-json\/wp\/v2\/posts\/85910\/revisions"}],"predecessor-version":[{"id":86249,"href":"https:\/\/buletin.de\/bucuresti\/wp-json\/wp\/v2\/posts\/85910\/revisions\/86249"}],"wp:featuredmedia":[{"embeddable":true,"href":"https:\/\/buletin.de\/bucuresti\/wp-json\/wp\/v2\/media\/22741"}],"wp:attachment":[{"href":"https:\/\/buletin.de\/bucuresti\/wp-json\/wp\/v2\/media?parent=85910"}],"wp:term":[{"taxonomy":"category","embeddable":true,"href":"https:\/\/buletin.de\/bucuresti\/wp-json\/wp\/v2\/categories?post=85910"},{"taxonomy":"post_tag","embeddable":true,"href":"https:\/\/buletin.de\/bucuresti\/wp-json\/wp\/v2\/tags?post=85910"},{"taxonomy":"author","embeddable":true,"href":"https:\/\/buletin.de\/bucuresti\/wp-json\/wp\/v2\/ppma_author?post=85910"}],"curies":[{"name":"wp","href":"https:\/\/api.w.org\/{rel}","templated":true}]}}