{"id":85880,"date":"2024-05-20T12:20:13","date_gmt":"2024-05-20T09:20:13","guid":{"rendered":"https:\/\/buletin.de\/bucuresti\/?p=85880"},"modified":"2024-05-20T13:02:31","modified_gmt":"2024-05-20T10:02:31","slug":"amenzi-de-peste-32-de-mii-de-lei-dupa-meciul-rapid-fcsb","status":"publish","type":"post","link":"https:\/\/buletin.de\/bucuresti\/amenzi-de-peste-32-de-mii-de-lei-dupa-meciul-rapid-fcsb\/","title":{"rendered":"Amenzi de peste 32 de mii de lei, dup\u0103 meciul Rapid &#8211; FCSB"},"content":{"rendered":"\n<p><strong>Nou\u0103 sanc\u021biuni au fost aplicate dup\u0103 partida Rapid Bucure\u0219ti &#8211; FCSB, anun\u021b\u0103 Jandarmeria. Valoarea total\u0103 se ridic\u0103 la 32.250 de lei.<\/strong><\/p>\n\n\n\n<p>Potrivit Jandarmeriei, dintre acestea, o sanc\u021biune contraven\u021bional\u0103, \u00een valoare de 10.000 de lei, a fost aplicat\u0103 organizatorului evenimentului sportiv, iar trei sanc\u021biuni contraven\u021bionale, \u00een valoare total\u0103 de 20.400 de lei, au fost aplicate societ\u0103\u021bii specializate de paz\u0103 \u0219i protec\u021bie, pentru nerespectarea obliga\u021biilor.<\/p>\n\n\n\n<p>Totodat\u0103, au fost aplicate trei sanc\u021biuni complementare care interzic accesul la competi\u021biile sportive pe o perioad\u0103 de \u0219ase luni.<\/p>\n\n\n\n<p>\u00cen continuare, se fac verific\u0103ri pentru identificarea \u0219i sanc\u021bionarea altor persoane care au \u00eenc\u0103lcat legisla\u021bia \u00een vigoare.<\/p>\n\n\n\n<blockquote class=\"wp-block-quote is-layout-flow wp-block-quote-is-layout-flow\">\n<p>Av\u00e2nd \u00een vedere faptul c\u0103, \u00een minutul 6 al partidei, galeria echipei oaspete a folosit materiale pirotehnice, au fost efectuate demersuri de verificare \u0219i identificare a f\u0103ptuitorilor, urm\u00e2nd a fi stabilite m\u0103suri legale \u00een consecin\u021b\u0103.<\/p>\n<cite>Jandarmeria Capitalei<\/cite><\/blockquote>\n\n\n\n<p>Rapid Bucure\u015fti a \u00eenvins-o, pe teren propriu, pe campioana Rom\u00e2niei, FCSB, \u00een ultimul meci al Superligii din acest sezon. Partida, disputat\u0103 pe Stadionul Giule\u0219ti, s-a \u00eencheiat cu scorul de 2-0.<\/p>\n\n\n\n<p>Meciul nu a schimbat \u00eens\u0103 clasamentul. FCSB este campioana, locul doi revine echipei CFR Cluj, iar Universitatea Craiova incheie sezonul pe locul 3.<\/p>\n\n\n\n<p>FCSB va participa in Liga Campionilor iar CFR in Conference League.<\/p>\n\n\n\n<p><strong>CITE\u0218TE \u0218I:<\/strong><\/p>\n\n\n\n<figure class=\"wp-block-embed is-type-wp-embed is-provider-buletin-de-bucure-ti wp-block-embed-buletin-de-bucure-ti\"><div class=\"wp-block-embed__wrapper\">\n<blockquote class=\"wp-embedded-content\" data-secret=\"4yx6ZqaJjs\"><a href=\"https:\/\/buletin.de\/bucuresti\/bona-de-69-de-ani-angajata-de-pe-facebook-retinuta-pentru-violente-asupra-unui-bebelus\/\">Bona de 69 de ani angajat\u0103 de pe Facebook, re\u021binut\u0103 pentru violen\u021be asupra unui bebelu\u0219\u00a0<\/a><\/blockquote><iframe class=\"wp-embedded-content\" sandbox=\"allow-scripts\" security=\"restricted\" style=\"position: absolute; clip: rect(1px, 1px, 1px, 1px);\" title=\"&#8220;Bona de 69 de ani angajat\u0103 de pe Facebook, re\u021binut\u0103 pentru violen\u021be asupra unui bebelu\u0219\u00a0&#8221; &#8212; Buletin de Bucure\u0219ti\" src=\"https:\/\/buletin.de\/bucuresti\/bona-de-69-de-ani-angajata-de-pe-facebook-retinuta-pentru-violente-asupra-unui-bebelus\/embed\/#?secret=oIaO6XRPwr#?secret=4yx6ZqaJjs\" data-secret=\"4yx6ZqaJjs\" width=\"600\" height=\"338\" frameborder=\"0\" marginwidth=\"0\" marginheight=\"0\" scrolling=\"no\"><\/iframe>\n<\/div><\/figure>\n\n\n\n<p><\/p>\n","protected":false},"excerpt":{"rendered":"<p>Nou\u0103 sanc\u021biuni au fost aplicate dup\u0103 partida Rapid Bucure\u0219ti &#8211; FCSB, anun\u021b\u0103 Jandarmeria. Valoarea total\u0103 se ridic\u0103 la 32.250 de lei. Potrivit Jandarmeriei, dintre acestea, o sanc\u021biune contraven\u021bional\u0103, \u00een valoare de 10.000 de lei, a fost aplicat\u0103 organizatorului evenimentului sportiv, iar trei sanc\u021biuni contraven\u021bionale, \u00een valoare total\u0103 de 20.400 de lei, au fost aplicate societ\u0103\u021bii [&hellip;]<\/p>\n","protected":false},"author":49,"featured_media":85881,"comment_status":"closed","ping_status":"open","sticky":false,"template":"","format":"standard","meta":{"_acf_changed":false,"inline_featured_image":false,"ngg_post_thumbnail":0,"footnotes":""},"categories":[6994,62],"tags":[12040,12041,10404],"ppma_author":[22574],"class_list":["post-85880","post","type-post","status-publish","format-standard","has-post-thumbnail","hentry","category-stiri-2","category-stiri","tag-fc-rapid-bucuresti-fc-fcsb","tag-jandarmeria-bucuresti","tag-sanctiuni-meci"],"acf":[],"yoast_head":"<!-- This site is optimized with the Yoast SEO Premium plugin v25.3 (Yoast SEO v27.4) - https:\/\/yoast.com\/product\/yoast-seo-premium-wordpress\/ -->\n<title>Amenzi de peste 32 de mii de lei, dup\u0103 meciul Rapid - FCSB - Buletin de Bucure\u0219ti<\/title>\n<meta name=\"robots\" content=\"index, follow, max-snippet:-1, max-image-preview:large, max-video-preview:-1\" \/>\n<link rel=\"canonical\" href=\"https:\/\/buletin.de\/bucuresti\/amenzi-de-peste-32-de-mii-de-lei-dupa-meciul-rapid-fcsb\/\" \/>\n<meta property=\"og:locale\" content=\"en_GB\" \/>\n<meta property=\"og:type\" content=\"article\" \/>\n<meta property=\"og:title\" content=\"Amenzi de peste 32 de mii de lei, dup\u0103 meciul Rapid - FCSB\" \/>\n<meta property=\"og:description\" content=\"Nou\u0103 sanc\u021biuni au fost aplicate dup\u0103 partida Rapid Bucure\u0219ti &#8211; FCSB, anun\u021b\u0103 Jandarmeria. Valoarea total\u0103 se ridic\u0103 la 32.250 de lei. Potrivit Jandarmeriei, dintre acestea, o sanc\u021biune contraven\u021bional\u0103, \u00een valoare de 10.000 de lei, a fost aplicat\u0103 organizatorului evenimentului sportiv, iar trei sanc\u021biuni contraven\u021bionale, \u00een valoare total\u0103 de 20.400 de lei, au fost aplicate societ\u0103\u021bii [&hellip;]\" \/>\n<meta property=\"og:url\" content=\"https:\/\/buletin.de\/bucuresti\/amenzi-de-peste-32-de-mii-de-lei-dupa-meciul-rapid-fcsb\/\" \/>\n<meta property=\"og:site_name\" content=\"Buletin de Bucure\u0219ti\" \/>\n<meta property=\"article:publisher\" content=\"https:\/\/www.facebook.com\/buletin.de.buc\" \/>\n<meta property=\"article:published_time\" content=\"2024-05-20T09:20:13+00:00\" \/>\n<meta property=\"article:modified_time\" content=\"2024-05-20T10:02:31+00:00\" \/>\n<meta property=\"og:image\" content=\"https:\/\/buletin.de\/bucuresti\/wp-content\/uploads\/stadionul-giulesti.jpg\" \/>\n\t<meta property=\"og:image:width\" content=\"848\" \/>\n\t<meta property=\"og:image:height\" content=\"565\" \/>\n\t<meta property=\"og:image:type\" content=\"image\/jpeg\" \/>\n<meta name=\"author\" content=\"Diana Matei\" \/>\n<meta name=\"twitter:card\" content=\"summary_large_image\" \/>\n<meta name=\"twitter:label1\" content=\"Written by\" \/>\n\t<meta name=\"twitter:data1\" content=\"Diana Matei\" \/>\n\t<meta name=\"twitter:label2\" content=\"Estimated reading time\" \/>\n\t<meta name=\"twitter:data2\" content=\"1 minute\" \/>\n<script type=\"application\/ld+json\" class=\"yoast-schema-graph\">{\"@context\":\"https:\\\/\\\/schema.org\",\"@graph\":[{\"@type\":\"Article\",\"@id\":\"https:\\\/\\\/buletin.de\\\/bucuresti\\\/amenzi-de-peste-32-de-mii-de-lei-dupa-meciul-rapid-fcsb\\\/#article\",\"isPartOf\":{\"@id\":\"https:\\\/\\\/buletin.de\\\/bucuresti\\\/amenzi-de-peste-32-de-mii-de-lei-dupa-meciul-rapid-fcsb\\\/\"},\"author\":{\"name\":\"Diana Matei\",\"@id\":\"https:\\\/\\\/buletin.de\\\/bucuresti\\\/#\\\/schema\\\/person\\\/7e46040573290777280a0835d81ea4ea\"},\"headline\":\"Amenzi de peste 32 de mii de lei, dup\u0103 meciul Rapid &#8211; FCSB\",\"datePublished\":\"2024-05-20T09:20:13+00:00\",\"dateModified\":\"2024-05-20T10:02:31+00:00\",\"mainEntityOfPage\":{\"@id\":\"https:\\\/\\\/buletin.de\\\/bucuresti\\\/amenzi-de-peste-32-de-mii-de-lei-dupa-meciul-rapid-fcsb\\\/\"},\"wordCount\":238,\"publisher\":{\"@id\":\"https:\\\/\\\/buletin.de\\\/bucuresti\\\/#organization\"},\"image\":{\"@id\":\"https:\\\/\\\/buletin.de\\\/bucuresti\\\/amenzi-de-peste-32-de-mii-de-lei-dupa-meciul-rapid-fcsb\\\/#primaryimage\"},\"thumbnailUrl\":\"https:\\\/\\\/buletin.de\\\/bucuresti\\\/wp-content\\\/uploads\\\/stadionul-giulesti.jpg\",\"keywords\":[\"FC Rapid Bucure\u0219ti - FC FCSB\",\"Jandarmeria Bucuresti\",\"sanctiuni meci\"],\"articleSection\":[\"Articole\",\"\u0218tiri\"],\"inLanguage\":\"en-GB\",\"copyrightYear\":\"2024\",\"copyrightHolder\":{\"@id\":\"https:\\\/\\\/buletin.de\\\/bucuresti\\\/#organization\"}},{\"@type\":\"WebPage\",\"@id\":\"https:\\\/\\\/buletin.de\\\/bucuresti\\\/amenzi-de-peste-32-de-mii-de-lei-dupa-meciul-rapid-fcsb\\\/\",\"url\":\"https:\\\/\\\/buletin.de\\\/bucuresti\\\/amenzi-de-peste-32-de-mii-de-lei-dupa-meciul-rapid-fcsb\\\/\",\"name\":\"Amenzi de peste 32 de mii de lei, dup\u0103 meciul Rapid - FCSB - Buletin de Bucure\u0219ti\",\"isPartOf\":{\"@id\":\"https:\\\/\\\/buletin.de\\\/bucuresti\\\/#website\"},\"primaryImageOfPage\":{\"@id\":\"https:\\\/\\\/buletin.de\\\/bucuresti\\\/amenzi-de-peste-32-de-mii-de-lei-dupa-meciul-rapid-fcsb\\\/#primaryimage\"},\"image\":{\"@id\":\"https:\\\/\\\/buletin.de\\\/bucuresti\\\/amenzi-de-peste-32-de-mii-de-lei-dupa-meciul-rapid-fcsb\\\/#primaryimage\"},\"thumbnailUrl\":\"https:\\\/\\\/buletin.de\\\/bucuresti\\\/wp-content\\\/uploads\\\/stadionul-giulesti.jpg\",\"datePublished\":\"2024-05-20T09:20:13+00:00\",\"dateModified\":\"2024-05-20T10:02:31+00:00\",\"breadcrumb\":{\"@id\":\"https:\\\/\\\/buletin.de\\\/bucuresti\\\/amenzi-de-peste-32-de-mii-de-lei-dupa-meciul-rapid-fcsb\\\/#breadcrumb\"},\"inLanguage\":\"en-GB\",\"potentialAction\":[{\"@type\":\"ReadAction\",\"target\":[\"https:\\\/\\\/buletin.de\\\/bucuresti\\\/amenzi-de-peste-32-de-mii-de-lei-dupa-meciul-rapid-fcsb\\\/\"]}]},{\"@type\":\"ImageObject\",\"inLanguage\":\"en-GB\",\"@id\":\"https:\\\/\\\/buletin.de\\\/bucuresti\\\/amenzi-de-peste-32-de-mii-de-lei-dupa-meciul-rapid-fcsb\\\/#primaryimage\",\"url\":\"https:\\\/\\\/buletin.de\\\/bucuresti\\\/wp-content\\\/uploads\\\/stadionul-giulesti.jpg\",\"contentUrl\":\"https:\\\/\\\/buletin.de\\\/bucuresti\\\/wp-content\\\/uploads\\\/stadionul-giulesti.jpg\",\"width\":848,\"height\":565,\"caption\":\"FOTO: GSP\"},{\"@type\":\"BreadcrumbList\",\"@id\":\"https:\\\/\\\/buletin.de\\\/bucuresti\\\/amenzi-de-peste-32-de-mii-de-lei-dupa-meciul-rapid-fcsb\\\/#breadcrumb\",\"itemListElement\":[{\"@type\":\"ListItem\",\"position\":1,\"name\":\"Acas\u0103\",\"item\":\"https:\\\/\\\/buletin.de\\\/bucuresti\\\/\"},{\"@type\":\"ListItem\",\"position\":2,\"name\":\"Amenzi de peste 32 de mii de lei, dup\u0103 meciul Rapid &#8211; FCSB\"}]},{\"@type\":\"WebSite\",\"@id\":\"https:\\\/\\\/buletin.de\\\/bucuresti\\\/#website\",\"url\":\"https:\\\/\\\/buletin.de\\\/bucuresti\\\/\",\"name\":\"Buletin de Bucure\u0219ti\",\"description\":\"\u0218tiri \u0219i investiga\u021bii esen\u021biale din capital\u0103\",\"publisher\":{\"@id\":\"https:\\\/\\\/buletin.de\\\/bucuresti\\\/#organization\"},\"potentialAction\":[{\"@type\":\"SearchAction\",\"target\":{\"@type\":\"EntryPoint\",\"urlTemplate\":\"https:\\\/\\\/buletin.de\\\/bucuresti\\\/?s={search_term_string}\"},\"query-input\":{\"@type\":\"PropertyValueSpecification\",\"valueRequired\":true,\"valueName\":\"search_term_string\"}}],\"inLanguage\":\"en-GB\"},{\"@type\":\"Organization\",\"@id\":\"https:\\\/\\\/buletin.de\\\/bucuresti\\\/#organization\",\"name\":\"Buletin de Bucure\u0219ti\",\"url\":\"https:\\\/\\\/buletin.de\\\/bucuresti\\\/\",\"logo\":{\"@type\":\"ImageObject\",\"inLanguage\":\"en-GB\",\"@id\":\"https:\\\/\\\/buletin.de\\\/bucuresti\\\/#\\\/schema\\\/logo\\\/image\\\/\",\"url\":\"https:\\\/\\\/buletin.de\\\/bucuresti\\\/wp-content\\\/uploads\\\/logo-bdb-full-wide-vernil-transparent.png\",\"contentUrl\":\"https:\\\/\\\/buletin.de\\\/bucuresti\\\/wp-content\\\/uploads\\\/logo-bdb-full-wide-vernil-transparent.png\",\"width\":1782,\"height\":626,\"caption\":\"Buletin de Bucure\u0219ti\"},\"image\":{\"@id\":\"https:\\\/\\\/buletin.de\\\/bucuresti\\\/#\\\/schema\\\/logo\\\/image\\\/\"},\"sameAs\":[\"https:\\\/\\\/www.facebook.com\\\/buletin.de.buc\",\"https:\\\/\\\/www.instagram.com\\\/buletinde.bucuresti\\\/\"]},{\"@type\":\"Person\",\"@id\":\"https:\\\/\\\/buletin.de\\\/bucuresti\\\/#\\\/schema\\\/person\\\/7e46040573290777280a0835d81ea4ea\",\"name\":\"Diana Matei\",\"image\":{\"@type\":\"ImageObject\",\"inLanguage\":\"en-GB\",\"@id\":\"https:\\\/\\\/buletin.de\\\/bucuresti\\\/wp-content\\\/uploads\\\/9-2-96x96.jpg1e8590b30871d70e62ebcdaf2eff570c\",\"url\":\"https:\\\/\\\/buletin.de\\\/bucuresti\\\/wp-content\\\/uploads\\\/9-2-96x96.jpg\",\"contentUrl\":\"https:\\\/\\\/buletin.de\\\/bucuresti\\\/wp-content\\\/uploads\\\/9-2-96x96.jpg\",\"caption\":\"Diana Matei\"},\"url\":\"https:\\\/\\\/buletin.de\\\/bucuresti\\\/author\\\/dianamatei\\\/\"}]}<\/script>\n<!-- \/ Yoast SEO Premium plugin. -->","yoast_head_json":{"title":"Amenzi de peste 32 de mii de lei, dup\u0103 meciul Rapid - FCSB - Buletin de Bucure\u0219ti","robots":{"index":"index","follow":"follow","max-snippet":"max-snippet:-1","max-image-preview":"max-image-preview:large","max-video-preview":"max-video-preview:-1"},"canonical":"https:\/\/buletin.de\/bucuresti\/amenzi-de-peste-32-de-mii-de-lei-dupa-meciul-rapid-fcsb\/","og_locale":"en_GB","og_type":"article","og_title":"Amenzi de peste 32 de mii de lei, dup\u0103 meciul Rapid - FCSB","og_description":"Nou\u0103 sanc\u021biuni au fost aplicate dup\u0103 partida Rapid Bucure\u0219ti &#8211; FCSB, anun\u021b\u0103 Jandarmeria. Valoarea total\u0103 se ridic\u0103 la 32.250 de lei. Potrivit Jandarmeriei, dintre acestea, o sanc\u021biune contraven\u021bional\u0103, \u00een valoare de 10.000 de lei, a fost aplicat\u0103 organizatorului evenimentului sportiv, iar trei sanc\u021biuni contraven\u021bionale, \u00een valoare total\u0103 de 20.400 de lei, au fost aplicate societ\u0103\u021bii [&hellip;]","og_url":"https:\/\/buletin.de\/bucuresti\/amenzi-de-peste-32-de-mii-de-lei-dupa-meciul-rapid-fcsb\/","og_site_name":"Buletin de Bucure\u0219ti","article_publisher":"https:\/\/www.facebook.com\/buletin.de.buc","article_published_time":"2024-05-20T09:20:13+00:00","article_modified_time":"2024-05-20T10:02:31+00:00","og_image":[{"width":848,"height":565,"url":"https:\/\/buletin.de\/bucuresti\/wp-content\/uploads\/stadionul-giulesti.jpg","type":"image\/jpeg"}],"author":"Diana Matei","twitter_card":"summary_large_image","twitter_misc":{"Written by":"Diana Matei","Estimated reading time":"1 minute"},"schema":{"@context":"https:\/\/schema.org","@graph":[{"@type":"Article","@id":"https:\/\/buletin.de\/bucuresti\/amenzi-de-peste-32-de-mii-de-lei-dupa-meciul-rapid-fcsb\/#article","isPartOf":{"@id":"https:\/\/buletin.de\/bucuresti\/amenzi-de-peste-32-de-mii-de-lei-dupa-meciul-rapid-fcsb\/"},"author":{"name":"Diana Matei","@id":"https:\/\/buletin.de\/bucuresti\/#\/schema\/person\/7e46040573290777280a0835d81ea4ea"},"headline":"Amenzi de peste 32 de mii de lei, dup\u0103 meciul Rapid &#8211; FCSB","datePublished":"2024-05-20T09:20:13+00:00","dateModified":"2024-05-20T10:02:31+00:00","mainEntityOfPage":{"@id":"https:\/\/buletin.de\/bucuresti\/amenzi-de-peste-32-de-mii-de-lei-dupa-meciul-rapid-fcsb\/"},"wordCount":238,"publisher":{"@id":"https:\/\/buletin.de\/bucuresti\/#organization"},"image":{"@id":"https:\/\/buletin.de\/bucuresti\/amenzi-de-peste-32-de-mii-de-lei-dupa-meciul-rapid-fcsb\/#primaryimage"},"thumbnailUrl":"https:\/\/buletin.de\/bucuresti\/wp-content\/uploads\/stadionul-giulesti.jpg","keywords":["FC Rapid Bucure\u0219ti - FC FCSB","Jandarmeria Bucuresti","sanctiuni meci"],"articleSection":["Articole","\u0218tiri"],"inLanguage":"en-GB","copyrightYear":"2024","copyrightHolder":{"@id":"https:\/\/buletin.de\/bucuresti\/#organization"}},{"@type":"WebPage","@id":"https:\/\/buletin.de\/bucuresti\/amenzi-de-peste-32-de-mii-de-lei-dupa-meciul-rapid-fcsb\/","url":"https:\/\/buletin.de\/bucuresti\/amenzi-de-peste-32-de-mii-de-lei-dupa-meciul-rapid-fcsb\/","name":"Amenzi de peste 32 de mii de lei, dup\u0103 meciul Rapid - FCSB - Buletin de Bucure\u0219ti","isPartOf":{"@id":"https:\/\/buletin.de\/bucuresti\/#website"},"primaryImageOfPage":{"@id":"https:\/\/buletin.de\/bucuresti\/amenzi-de-peste-32-de-mii-de-lei-dupa-meciul-rapid-fcsb\/#primaryimage"},"image":{"@id":"https:\/\/buletin.de\/bucuresti\/amenzi-de-peste-32-de-mii-de-lei-dupa-meciul-rapid-fcsb\/#primaryimage"},"thumbnailUrl":"https:\/\/buletin.de\/bucuresti\/wp-content\/uploads\/stadionul-giulesti.jpg","datePublished":"2024-05-20T09:20:13+00:00","dateModified":"2024-05-20T10:02:31+00:00","breadcrumb":{"@id":"https:\/\/buletin.de\/bucuresti\/amenzi-de-peste-32-de-mii-de-lei-dupa-meciul-rapid-fcsb\/#breadcrumb"},"inLanguage":"en-GB","potentialAction":[{"@type":"ReadAction","target":["https:\/\/buletin.de\/bucuresti\/amenzi-de-peste-32-de-mii-de-lei-dupa-meciul-rapid-fcsb\/"]}]},{"@type":"ImageObject","inLanguage":"en-GB","@id":"https:\/\/buletin.de\/bucuresti\/amenzi-de-peste-32-de-mii-de-lei-dupa-meciul-rapid-fcsb\/#primaryimage","url":"https:\/\/buletin.de\/bucuresti\/wp-content\/uploads\/stadionul-giulesti.jpg","contentUrl":"https:\/\/buletin.de\/bucuresti\/wp-content\/uploads\/stadionul-giulesti.jpg","width":848,"height":565,"caption":"FOTO: GSP"},{"@type":"BreadcrumbList","@id":"https:\/\/buletin.de\/bucuresti\/amenzi-de-peste-32-de-mii-de-lei-dupa-meciul-rapid-fcsb\/#breadcrumb","itemListElement":[{"@type":"ListItem","position":1,"name":"Acas\u0103","item":"https:\/\/buletin.de\/bucuresti\/"},{"@type":"ListItem","position":2,"name":"Amenzi de peste 32 de mii de lei, dup\u0103 meciul Rapid &#8211; FCSB"}]},{"@type":"WebSite","@id":"https:\/\/buletin.de\/bucuresti\/#website","url":"https:\/\/buletin.de\/bucuresti\/","name":"Buletin de Bucure\u0219ti","description":"\u0218tiri \u0219i investiga\u021bii esen\u021biale din capital\u0103","publisher":{"@id":"https:\/\/buletin.de\/bucuresti\/#organization"},"potentialAction":[{"@type":"SearchAction","target":{"@type":"EntryPoint","urlTemplate":"https:\/\/buletin.de\/bucuresti\/?s={search_term_string}"},"query-input":{"@type":"PropertyValueSpecification","valueRequired":true,"valueName":"search_term_string"}}],"inLanguage":"en-GB"},{"@type":"Organization","@id":"https:\/\/buletin.de\/bucuresti\/#organization","name":"Buletin de Bucure\u0219ti","url":"https:\/\/buletin.de\/bucuresti\/","logo":{"@type":"ImageObject","inLanguage":"en-GB","@id":"https:\/\/buletin.de\/bucuresti\/#\/schema\/logo\/image\/","url":"https:\/\/buletin.de\/bucuresti\/wp-content\/uploads\/logo-bdb-full-wide-vernil-transparent.png","contentUrl":"https:\/\/buletin.de\/bucuresti\/wp-content\/uploads\/logo-bdb-full-wide-vernil-transparent.png","width":1782,"height":626,"caption":"Buletin de Bucure\u0219ti"},"image":{"@id":"https:\/\/buletin.de\/bucuresti\/#\/schema\/logo\/image\/"},"sameAs":["https:\/\/www.facebook.com\/buletin.de.buc","https:\/\/www.instagram.com\/buletinde.bucuresti\/"]},{"@type":"Person","@id":"https:\/\/buletin.de\/bucuresti\/#\/schema\/person\/7e46040573290777280a0835d81ea4ea","name":"Diana Matei","image":{"@type":"ImageObject","inLanguage":"en-GB","@id":"https:\/\/buletin.de\/bucuresti\/wp-content\/uploads\/9-2-96x96.jpg1e8590b30871d70e62ebcdaf2eff570c","url":"https:\/\/buletin.de\/bucuresti\/wp-content\/uploads\/9-2-96x96.jpg","contentUrl":"https:\/\/buletin.de\/bucuresti\/wp-content\/uploads\/9-2-96x96.jpg","caption":"Diana Matei"},"url":"https:\/\/buletin.de\/bucuresti\/author\/dianamatei\/"}]}},"authors":[{"term_id":22574,"user_id":49,"is_guest":0,"slug":"dianamatei","display_name":"Diana Matei","avatar_url":"https:\/\/buletin.de\/bucuresti\/wp-content\/uploads\/9-2-96x96.jpg","0":null,"1":"","2":"","3":"","4":"","5":"","6":"","7":"","8":""}],"_links":{"self":[{"href":"https:\/\/buletin.de\/bucuresti\/wp-json\/wp\/v2\/posts\/85880","targetHints":{"allow":["GET"]}}],"collection":[{"href":"https:\/\/buletin.de\/bucuresti\/wp-json\/wp\/v2\/posts"}],"about":[{"href":"https:\/\/buletin.de\/bucuresti\/wp-json\/wp\/v2\/types\/post"}],"author":[{"embeddable":true,"href":"https:\/\/buletin.de\/bucuresti\/wp-json\/wp\/v2\/users\/49"}],"replies":[{"embeddable":true,"href":"https:\/\/buletin.de\/bucuresti\/wp-json\/wp\/v2\/comments?post=85880"}],"version-history":[{"count":4,"href":"https:\/\/buletin.de\/bucuresti\/wp-json\/wp\/v2\/posts\/85880\/revisions"}],"predecessor-version":[{"id":85889,"href":"https:\/\/buletin.de\/bucuresti\/wp-json\/wp\/v2\/posts\/85880\/revisions\/85889"}],"wp:featuredmedia":[{"embeddable":true,"href":"https:\/\/buletin.de\/bucuresti\/wp-json\/wp\/v2\/media\/85881"}],"wp:attachment":[{"href":"https:\/\/buletin.de\/bucuresti\/wp-json\/wp\/v2\/media?parent=85880"}],"wp:term":[{"taxonomy":"category","embeddable":true,"href":"https:\/\/buletin.de\/bucuresti\/wp-json\/wp\/v2\/categories?post=85880"},{"taxonomy":"post_tag","embeddable":true,"href":"https:\/\/buletin.de\/bucuresti\/wp-json\/wp\/v2\/tags?post=85880"},{"taxonomy":"author","embeddable":true,"href":"https:\/\/buletin.de\/bucuresti\/wp-json\/wp\/v2\/ppma_author?post=85880"}],"curies":[{"name":"wp","href":"https:\/\/api.w.org\/{rel}","templated":true}]}}