{"id":85794,"date":"2024-05-19T16:01:42","date_gmt":"2024-05-19T13:01:42","guid":{"rendered":"https:\/\/buletin.de\/bucuresti\/?p=85794"},"modified":"2024-05-19T16:01:43","modified_gmt":"2024-05-19T13:01:43","slug":"meteo-vreme-instabila-in-capitala-la-inceput-de-saptamana","status":"publish","type":"post","link":"https:\/\/buletin.de\/bucuresti\/meteo-vreme-instabila-in-capitala-la-inceput-de-saptamana\/","title":{"rendered":"METEO | Vreme instabil\u0103 \u00een Capital\u0103, la \u00eenceput de s\u0103pt\u0103m\u00e2n\u0103"},"content":{"rendered":"\n<p><strong>S\u0103pt\u0103m\u00e2n\u0103 debuteaz\u0103 cu vreme instabil\u0103 la Bucure\u0219ti, anun\u021b\u0103 meteorologii. Temperaturile maxime nu trec de 23 de grade. <\/strong><\/p>\n\n\n\n<p><strong>Luni, 20 mai,<\/strong> va fi cer variabil \u00een Capital\u0103. Temperatura minim\u0103 va fi de 12 grade iar cea maxim\u0103 ajunge la 22\u201123 de grade. V\u00e2ntul bate cu 11 km\/h.<\/p>\n\n\n\n<p><strong>Mar\u021bi, 21 mai<\/strong>, condi\u021biile de precipita\u021bii sunt slabe iar temperatura minim\u0103 se va situa \u00een jurul valorii de 13 grade. Maxima termic\u0103 urc\u0103 p\u00e2n\u0103 la 25 de grade iar v\u00e2ntul sufla cu 15 km\/h. <\/p>\n\n\n\n<p><strong>Miercuri, 22 mai<\/strong>, revin precipita\u021biile iar vantul bate cu 11 km\/h. Temperatura minim\u0103 urc\u0103 la 14 grade iar cea maxim\u0103 r\u0103m\u00e2ne la 25 de grade. <\/p>\n\n\n\n<p><strong>Joi, 23 mai,<\/strong> mai sunt c\u00e2teva averse dar v\u00e2ntul sufla slab, cu 9 km\/h. Temperaturile variaz\u0103 de la 14 la 25 de grade.<\/p>\n\n\n\n<p>La sf\u00e2r\u0219it de s\u0103pt\u0103m\u00e2n\u0103 mai sunt c\u00e2teva averse dar temperaturile maxime urc\u0103 p\u00e2n\u0103 la 26 de grade.<\/p>\n","protected":false},"excerpt":{"rendered":"<p>S\u0103pt\u0103m\u00e2n\u0103 debuteaz\u0103 cu vreme instabil\u0103 la Bucure\u0219ti, anun\u021b\u0103 meteorologii. Temperaturile maxime nu trec de 23 de grade. Luni, 20 mai, va fi cer variabil \u00een Capital\u0103. Temperatura minim\u0103 va fi de 12 grade iar cea maxim\u0103 ajunge la 22\u201123 de grade. V\u00e2ntul bate cu 11 km\/h. Mar\u021bi, 21 mai, condi\u021biile de precipita\u021bii sunt slabe iar [&hellip;]<\/p>\n","protected":false},"author":49,"featured_media":83437,"comment_status":"closed","ping_status":"open","sticky":false,"template":"","format":"standard","meta":{"_acf_changed":false,"inline_featured_image":false,"ngg_post_thumbnail":0,"footnotes":""},"categories":[6994,62],"tags":[4314,5928,10452],"ppma_author":[22574],"class_list":["post-85794","post","type-post","status-publish","format-standard","has-post-thumbnail","hentry","category-stiri-2","category-stiri","tag-anm","tag-anm-prognoza-meteo","tag-temperaturi-bucuresti"],"acf":[],"yoast_head":"<!-- This site is optimized with the Yoast SEO Premium plugin v25.3 (Yoast SEO v27.5) - https:\/\/yoast.com\/product\/yoast-seo-premium-wordpress\/ -->\n<title>METEO | Vreme instabil\u0103 \u00een Capital\u0103, la \u00eenceput de s\u0103pt\u0103m\u00e2n\u0103 - Buletin de Bucure\u0219ti<\/title>\n<meta name=\"robots\" content=\"index, follow, max-snippet:-1, max-image-preview:large, max-video-preview:-1\" \/>\n<link rel=\"canonical\" href=\"https:\/\/buletin.de\/bucuresti\/meteo-vreme-instabila-in-capitala-la-inceput-de-saptamana\/\" \/>\n<meta property=\"og:locale\" content=\"en_GB\" \/>\n<meta property=\"og:type\" content=\"article\" \/>\n<meta property=\"og:title\" content=\"METEO | Vreme instabil\u0103 \u00een Capital\u0103, la \u00eenceput de s\u0103pt\u0103m\u00e2n\u0103\" \/>\n<meta property=\"og:description\" content=\"S\u0103pt\u0103m\u00e2n\u0103 debuteaz\u0103 cu vreme instabil\u0103 la Bucure\u0219ti, anun\u021b\u0103 meteorologii. Temperaturile maxime nu trec de 23 de grade. Luni, 20 mai, va fi cer variabil \u00een Capital\u0103. Temperatura minim\u0103 va fi de 12 grade iar cea maxim\u0103 ajunge la 22\u201123 de grade. V\u00e2ntul bate cu 11 km\/h. Mar\u021bi, 21 mai, condi\u021biile de precipita\u021bii sunt slabe iar [&hellip;]\" \/>\n<meta property=\"og:url\" content=\"https:\/\/buletin.de\/bucuresti\/meteo-vreme-instabila-in-capitala-la-inceput-de-saptamana\/\" \/>\n<meta property=\"og:site_name\" content=\"Buletin de Bucure\u0219ti\" \/>\n<meta property=\"article:publisher\" content=\"https:\/\/www.facebook.com\/buletin.de.buc\" \/>\n<meta property=\"article:published_time\" content=\"2024-05-19T13:01:42+00:00\" \/>\n<meta property=\"article:modified_time\" content=\"2024-05-19T13:01:43+00:00\" \/>\n<meta property=\"og:image\" content=\"https:\/\/buletin.de\/bucuresti\/wp-content\/uploads\/Jmg9NDQwJmhhc2g9ZDM1OGIxMjYyNDdlNGRkOGFmYWQ4OGQyMGRhNGQ0OTU.thumb_.jpg\" \/>\n\t<meta property=\"og:image:width\" content=\"780\" \/>\n\t<meta property=\"og:image:height\" content=\"440\" \/>\n\t<meta property=\"og:image:type\" content=\"image\/jpeg\" \/>\n<meta name=\"author\" content=\"Diana Matei\" \/>\n<meta name=\"twitter:card\" content=\"summary_large_image\" \/>\n<meta name=\"twitter:label1\" content=\"Written by\" \/>\n\t<meta name=\"twitter:data1\" content=\"Diana Matei\" \/>\n\t<meta name=\"twitter:label2\" content=\"Estimated reading time\" \/>\n\t<meta name=\"twitter:data2\" content=\"1 minute\" \/>\n<script type=\"application\/ld+json\" class=\"yoast-schema-graph\">{\"@context\":\"https:\\\/\\\/schema.org\",\"@graph\":[{\"@type\":\"Article\",\"@id\":\"https:\\\/\\\/buletin.de\\\/bucuresti\\\/meteo-vreme-instabila-in-capitala-la-inceput-de-saptamana\\\/#article\",\"isPartOf\":{\"@id\":\"https:\\\/\\\/buletin.de\\\/bucuresti\\\/meteo-vreme-instabila-in-capitala-la-inceput-de-saptamana\\\/\"},\"author\":{\"name\":\"Diana Matei\",\"@id\":\"https:\\\/\\\/buletin.de\\\/bucuresti\\\/#\\\/schema\\\/person\\\/7e46040573290777280a0835d81ea4ea\"},\"headline\":\"METEO | Vreme instabil\u0103 \u00een Capital\u0103, la \u00eenceput de s\u0103pt\u0103m\u00e2n\u0103\",\"datePublished\":\"2024-05-19T13:01:42+00:00\",\"dateModified\":\"2024-05-19T13:01:43+00:00\",\"mainEntityOfPage\":{\"@id\":\"https:\\\/\\\/buletin.de\\\/bucuresti\\\/meteo-vreme-instabila-in-capitala-la-inceput-de-saptamana\\\/\"},\"wordCount\":165,\"publisher\":{\"@id\":\"https:\\\/\\\/buletin.de\\\/bucuresti\\\/#organization\"},\"image\":{\"@id\":\"https:\\\/\\\/buletin.de\\\/bucuresti\\\/meteo-vreme-instabila-in-capitala-la-inceput-de-saptamana\\\/#primaryimage\"},\"thumbnailUrl\":\"https:\\\/\\\/buletin.de\\\/bucuresti\\\/wp-content\\\/uploads\\\/Jmg9NDQwJmhhc2g9ZDM1OGIxMjYyNDdlNGRkOGFmYWQ4OGQyMGRhNGQ0OTU.thumb_.jpg\",\"keywords\":[\"anm\",\"anm prognoza meteo\",\"temperaturi Bucuresti\"],\"articleSection\":[\"Articole\",\"\u0218tiri\"],\"inLanguage\":\"en-GB\",\"copyrightYear\":\"2024\",\"copyrightHolder\":{\"@id\":\"https:\\\/\\\/buletin.de\\\/bucuresti\\\/#organization\"}},{\"@type\":\"WebPage\",\"@id\":\"https:\\\/\\\/buletin.de\\\/bucuresti\\\/meteo-vreme-instabila-in-capitala-la-inceput-de-saptamana\\\/\",\"url\":\"https:\\\/\\\/buletin.de\\\/bucuresti\\\/meteo-vreme-instabila-in-capitala-la-inceput-de-saptamana\\\/\",\"name\":\"METEO | Vreme instabil\u0103 \u00een Capital\u0103, la \u00eenceput de s\u0103pt\u0103m\u00e2n\u0103 - Buletin de Bucure\u0219ti\",\"isPartOf\":{\"@id\":\"https:\\\/\\\/buletin.de\\\/bucuresti\\\/#website\"},\"primaryImageOfPage\":{\"@id\":\"https:\\\/\\\/buletin.de\\\/bucuresti\\\/meteo-vreme-instabila-in-capitala-la-inceput-de-saptamana\\\/#primaryimage\"},\"image\":{\"@id\":\"https:\\\/\\\/buletin.de\\\/bucuresti\\\/meteo-vreme-instabila-in-capitala-la-inceput-de-saptamana\\\/#primaryimage\"},\"thumbnailUrl\":\"https:\\\/\\\/buletin.de\\\/bucuresti\\\/wp-content\\\/uploads\\\/Jmg9NDQwJmhhc2g9ZDM1OGIxMjYyNDdlNGRkOGFmYWQ4OGQyMGRhNGQ0OTU.thumb_.jpg\",\"datePublished\":\"2024-05-19T13:01:42+00:00\",\"dateModified\":\"2024-05-19T13:01:43+00:00\",\"breadcrumb\":{\"@id\":\"https:\\\/\\\/buletin.de\\\/bucuresti\\\/meteo-vreme-instabila-in-capitala-la-inceput-de-saptamana\\\/#breadcrumb\"},\"inLanguage\":\"en-GB\",\"potentialAction\":[{\"@type\":\"ReadAction\",\"target\":[\"https:\\\/\\\/buletin.de\\\/bucuresti\\\/meteo-vreme-instabila-in-capitala-la-inceput-de-saptamana\\\/\"]}]},{\"@type\":\"ImageObject\",\"inLanguage\":\"en-GB\",\"@id\":\"https:\\\/\\\/buletin.de\\\/bucuresti\\\/meteo-vreme-instabila-in-capitala-la-inceput-de-saptamana\\\/#primaryimage\",\"url\":\"https:\\\/\\\/buletin.de\\\/bucuresti\\\/wp-content\\\/uploads\\\/Jmg9NDQwJmhhc2g9ZDM1OGIxMjYyNDdlNGRkOGFmYWQ4OGQyMGRhNGQ0OTU.thumb_.jpg\",\"contentUrl\":\"https:\\\/\\\/buletin.de\\\/bucuresti\\\/wp-content\\\/uploads\\\/Jmg9NDQwJmhhc2g9ZDM1OGIxMjYyNDdlNGRkOGFmYWQ4OGQyMGRhNGQ0OTU.thumb_.jpg\",\"width\":780,\"height\":440,\"caption\":\"METEO | Cod galben de ploaie, \u00een Capital\u0103. FOTO: Arhiva\"},{\"@type\":\"BreadcrumbList\",\"@id\":\"https:\\\/\\\/buletin.de\\\/bucuresti\\\/meteo-vreme-instabila-in-capitala-la-inceput-de-saptamana\\\/#breadcrumb\",\"itemListElement\":[{\"@type\":\"ListItem\",\"position\":1,\"name\":\"Acas\u0103\",\"item\":\"https:\\\/\\\/buletin.de\\\/bucuresti\\\/\"},{\"@type\":\"ListItem\",\"position\":2,\"name\":\"METEO | Vreme instabil\u0103 \u00een Capital\u0103, la \u00eenceput de s\u0103pt\u0103m\u00e2n\u0103\"}]},{\"@type\":\"WebSite\",\"@id\":\"https:\\\/\\\/buletin.de\\\/bucuresti\\\/#website\",\"url\":\"https:\\\/\\\/buletin.de\\\/bucuresti\\\/\",\"name\":\"Buletin de Bucure\u0219ti\",\"description\":\"\u0218tiri \u0219i investiga\u021bii esen\u021biale din capital\u0103\",\"publisher\":{\"@id\":\"https:\\\/\\\/buletin.de\\\/bucuresti\\\/#organization\"},\"potentialAction\":[{\"@type\":\"SearchAction\",\"target\":{\"@type\":\"EntryPoint\",\"urlTemplate\":\"https:\\\/\\\/buletin.de\\\/bucuresti\\\/?s={search_term_string}\"},\"query-input\":{\"@type\":\"PropertyValueSpecification\",\"valueRequired\":true,\"valueName\":\"search_term_string\"}}],\"inLanguage\":\"en-GB\"},{\"@type\":\"Organization\",\"@id\":\"https:\\\/\\\/buletin.de\\\/bucuresti\\\/#organization\",\"name\":\"Buletin de Bucure\u0219ti\",\"url\":\"https:\\\/\\\/buletin.de\\\/bucuresti\\\/\",\"logo\":{\"@type\":\"ImageObject\",\"inLanguage\":\"en-GB\",\"@id\":\"https:\\\/\\\/buletin.de\\\/bucuresti\\\/#\\\/schema\\\/logo\\\/image\\\/\",\"url\":\"https:\\\/\\\/buletin.de\\\/bucuresti\\\/wp-content\\\/uploads\\\/logo-bdb-full-wide-vernil-transparent.png\",\"contentUrl\":\"https:\\\/\\\/buletin.de\\\/bucuresti\\\/wp-content\\\/uploads\\\/logo-bdb-full-wide-vernil-transparent.png\",\"width\":1782,\"height\":626,\"caption\":\"Buletin de Bucure\u0219ti\"},\"image\":{\"@id\":\"https:\\\/\\\/buletin.de\\\/bucuresti\\\/#\\\/schema\\\/logo\\\/image\\\/\"},\"sameAs\":[\"https:\\\/\\\/www.facebook.com\\\/buletin.de.buc\",\"https:\\\/\\\/www.instagram.com\\\/buletinde.bucuresti\\\/\"]},{\"@type\":\"Person\",\"@id\":\"https:\\\/\\\/buletin.de\\\/bucuresti\\\/#\\\/schema\\\/person\\\/7e46040573290777280a0835d81ea4ea\",\"name\":\"Diana Matei\",\"image\":{\"@type\":\"ImageObject\",\"inLanguage\":\"en-GB\",\"@id\":\"https:\\\/\\\/buletin.de\\\/bucuresti\\\/wp-content\\\/uploads\\\/9-2-96x96.jpg1e8590b30871d70e62ebcdaf2eff570c\",\"url\":\"https:\\\/\\\/buletin.de\\\/bucuresti\\\/wp-content\\\/uploads\\\/9-2-96x96.jpg\",\"contentUrl\":\"https:\\\/\\\/buletin.de\\\/bucuresti\\\/wp-content\\\/uploads\\\/9-2-96x96.jpg\",\"caption\":\"Diana Matei\"},\"url\":\"https:\\\/\\\/buletin.de\\\/bucuresti\\\/author\\\/dianamatei\\\/\"}]}<\/script>\n<!-- \/ Yoast SEO Premium plugin. -->","yoast_head_json":{"title":"METEO | Vreme instabil\u0103 \u00een Capital\u0103, la \u00eenceput de s\u0103pt\u0103m\u00e2n\u0103 - Buletin de Bucure\u0219ti","robots":{"index":"index","follow":"follow","max-snippet":"max-snippet:-1","max-image-preview":"max-image-preview:large","max-video-preview":"max-video-preview:-1"},"canonical":"https:\/\/buletin.de\/bucuresti\/meteo-vreme-instabila-in-capitala-la-inceput-de-saptamana\/","og_locale":"en_GB","og_type":"article","og_title":"METEO | Vreme instabil\u0103 \u00een Capital\u0103, la \u00eenceput de s\u0103pt\u0103m\u00e2n\u0103","og_description":"S\u0103pt\u0103m\u00e2n\u0103 debuteaz\u0103 cu vreme instabil\u0103 la Bucure\u0219ti, anun\u021b\u0103 meteorologii. Temperaturile maxime nu trec de 23 de grade. Luni, 20 mai, va fi cer variabil \u00een Capital\u0103. Temperatura minim\u0103 va fi de 12 grade iar cea maxim\u0103 ajunge la 22\u201123 de grade. V\u00e2ntul bate cu 11 km\/h. Mar\u021bi, 21 mai, condi\u021biile de precipita\u021bii sunt slabe iar [&hellip;]","og_url":"https:\/\/buletin.de\/bucuresti\/meteo-vreme-instabila-in-capitala-la-inceput-de-saptamana\/","og_site_name":"Buletin de Bucure\u0219ti","article_publisher":"https:\/\/www.facebook.com\/buletin.de.buc","article_published_time":"2024-05-19T13:01:42+00:00","article_modified_time":"2024-05-19T13:01:43+00:00","og_image":[{"width":780,"height":440,"url":"https:\/\/buletin.de\/bucuresti\/wp-content\/uploads\/Jmg9NDQwJmhhc2g9ZDM1OGIxMjYyNDdlNGRkOGFmYWQ4OGQyMGRhNGQ0OTU.thumb_.jpg","type":"image\/jpeg"}],"author":"Diana Matei","twitter_card":"summary_large_image","twitter_misc":{"Written by":"Diana Matei","Estimated reading time":"1 minute"},"schema":{"@context":"https:\/\/schema.org","@graph":[{"@type":"Article","@id":"https:\/\/buletin.de\/bucuresti\/meteo-vreme-instabila-in-capitala-la-inceput-de-saptamana\/#article","isPartOf":{"@id":"https:\/\/buletin.de\/bucuresti\/meteo-vreme-instabila-in-capitala-la-inceput-de-saptamana\/"},"author":{"name":"Diana Matei","@id":"https:\/\/buletin.de\/bucuresti\/#\/schema\/person\/7e46040573290777280a0835d81ea4ea"},"headline":"METEO | Vreme instabil\u0103 \u00een Capital\u0103, la \u00eenceput de s\u0103pt\u0103m\u00e2n\u0103","datePublished":"2024-05-19T13:01:42+00:00","dateModified":"2024-05-19T13:01:43+00:00","mainEntityOfPage":{"@id":"https:\/\/buletin.de\/bucuresti\/meteo-vreme-instabila-in-capitala-la-inceput-de-saptamana\/"},"wordCount":165,"publisher":{"@id":"https:\/\/buletin.de\/bucuresti\/#organization"},"image":{"@id":"https:\/\/buletin.de\/bucuresti\/meteo-vreme-instabila-in-capitala-la-inceput-de-saptamana\/#primaryimage"},"thumbnailUrl":"https:\/\/buletin.de\/bucuresti\/wp-content\/uploads\/Jmg9NDQwJmhhc2g9ZDM1OGIxMjYyNDdlNGRkOGFmYWQ4OGQyMGRhNGQ0OTU.thumb_.jpg","keywords":["anm","anm prognoza meteo","temperaturi Bucuresti"],"articleSection":["Articole","\u0218tiri"],"inLanguage":"en-GB","copyrightYear":"2024","copyrightHolder":{"@id":"https:\/\/buletin.de\/bucuresti\/#organization"}},{"@type":"WebPage","@id":"https:\/\/buletin.de\/bucuresti\/meteo-vreme-instabila-in-capitala-la-inceput-de-saptamana\/","url":"https:\/\/buletin.de\/bucuresti\/meteo-vreme-instabila-in-capitala-la-inceput-de-saptamana\/","name":"METEO | Vreme instabil\u0103 \u00een Capital\u0103, la \u00eenceput de s\u0103pt\u0103m\u00e2n\u0103 - Buletin de Bucure\u0219ti","isPartOf":{"@id":"https:\/\/buletin.de\/bucuresti\/#website"},"primaryImageOfPage":{"@id":"https:\/\/buletin.de\/bucuresti\/meteo-vreme-instabila-in-capitala-la-inceput-de-saptamana\/#primaryimage"},"image":{"@id":"https:\/\/buletin.de\/bucuresti\/meteo-vreme-instabila-in-capitala-la-inceput-de-saptamana\/#primaryimage"},"thumbnailUrl":"https:\/\/buletin.de\/bucuresti\/wp-content\/uploads\/Jmg9NDQwJmhhc2g9ZDM1OGIxMjYyNDdlNGRkOGFmYWQ4OGQyMGRhNGQ0OTU.thumb_.jpg","datePublished":"2024-05-19T13:01:42+00:00","dateModified":"2024-05-19T13:01:43+00:00","breadcrumb":{"@id":"https:\/\/buletin.de\/bucuresti\/meteo-vreme-instabila-in-capitala-la-inceput-de-saptamana\/#breadcrumb"},"inLanguage":"en-GB","potentialAction":[{"@type":"ReadAction","target":["https:\/\/buletin.de\/bucuresti\/meteo-vreme-instabila-in-capitala-la-inceput-de-saptamana\/"]}]},{"@type":"ImageObject","inLanguage":"en-GB","@id":"https:\/\/buletin.de\/bucuresti\/meteo-vreme-instabila-in-capitala-la-inceput-de-saptamana\/#primaryimage","url":"https:\/\/buletin.de\/bucuresti\/wp-content\/uploads\/Jmg9NDQwJmhhc2g9ZDM1OGIxMjYyNDdlNGRkOGFmYWQ4OGQyMGRhNGQ0OTU.thumb_.jpg","contentUrl":"https:\/\/buletin.de\/bucuresti\/wp-content\/uploads\/Jmg9NDQwJmhhc2g9ZDM1OGIxMjYyNDdlNGRkOGFmYWQ4OGQyMGRhNGQ0OTU.thumb_.jpg","width":780,"height":440,"caption":"METEO | Cod galben de ploaie, \u00een Capital\u0103. FOTO: Arhiva"},{"@type":"BreadcrumbList","@id":"https:\/\/buletin.de\/bucuresti\/meteo-vreme-instabila-in-capitala-la-inceput-de-saptamana\/#breadcrumb","itemListElement":[{"@type":"ListItem","position":1,"name":"Acas\u0103","item":"https:\/\/buletin.de\/bucuresti\/"},{"@type":"ListItem","position":2,"name":"METEO | Vreme instabil\u0103 \u00een Capital\u0103, la \u00eenceput de s\u0103pt\u0103m\u00e2n\u0103"}]},{"@type":"WebSite","@id":"https:\/\/buletin.de\/bucuresti\/#website","url":"https:\/\/buletin.de\/bucuresti\/","name":"Buletin de Bucure\u0219ti","description":"\u0218tiri \u0219i investiga\u021bii esen\u021biale din capital\u0103","publisher":{"@id":"https:\/\/buletin.de\/bucuresti\/#organization"},"potentialAction":[{"@type":"SearchAction","target":{"@type":"EntryPoint","urlTemplate":"https:\/\/buletin.de\/bucuresti\/?s={search_term_string}"},"query-input":{"@type":"PropertyValueSpecification","valueRequired":true,"valueName":"search_term_string"}}],"inLanguage":"en-GB"},{"@type":"Organization","@id":"https:\/\/buletin.de\/bucuresti\/#organization","name":"Buletin de Bucure\u0219ti","url":"https:\/\/buletin.de\/bucuresti\/","logo":{"@type":"ImageObject","inLanguage":"en-GB","@id":"https:\/\/buletin.de\/bucuresti\/#\/schema\/logo\/image\/","url":"https:\/\/buletin.de\/bucuresti\/wp-content\/uploads\/logo-bdb-full-wide-vernil-transparent.png","contentUrl":"https:\/\/buletin.de\/bucuresti\/wp-content\/uploads\/logo-bdb-full-wide-vernil-transparent.png","width":1782,"height":626,"caption":"Buletin de Bucure\u0219ti"},"image":{"@id":"https:\/\/buletin.de\/bucuresti\/#\/schema\/logo\/image\/"},"sameAs":["https:\/\/www.facebook.com\/buletin.de.buc","https:\/\/www.instagram.com\/buletinde.bucuresti\/"]},{"@type":"Person","@id":"https:\/\/buletin.de\/bucuresti\/#\/schema\/person\/7e46040573290777280a0835d81ea4ea","name":"Diana Matei","image":{"@type":"ImageObject","inLanguage":"en-GB","@id":"https:\/\/buletin.de\/bucuresti\/wp-content\/uploads\/9-2-96x96.jpg1e8590b30871d70e62ebcdaf2eff570c","url":"https:\/\/buletin.de\/bucuresti\/wp-content\/uploads\/9-2-96x96.jpg","contentUrl":"https:\/\/buletin.de\/bucuresti\/wp-content\/uploads\/9-2-96x96.jpg","caption":"Diana Matei"},"url":"https:\/\/buletin.de\/bucuresti\/author\/dianamatei\/"}]}},"authors":[{"term_id":22574,"user_id":49,"is_guest":0,"slug":"dianamatei","display_name":"Diana Matei","avatar_url":"https:\/\/buletin.de\/bucuresti\/wp-content\/uploads\/9-2-96x96.jpg","0":null,"1":"","2":"","3":"","4":"","5":"","6":"","7":"","8":""}],"_links":{"self":[{"href":"https:\/\/buletin.de\/bucuresti\/wp-json\/wp\/v2\/posts\/85794","targetHints":{"allow":["GET"]}}],"collection":[{"href":"https:\/\/buletin.de\/bucuresti\/wp-json\/wp\/v2\/posts"}],"about":[{"href":"https:\/\/buletin.de\/bucuresti\/wp-json\/wp\/v2\/types\/post"}],"author":[{"embeddable":true,"href":"https:\/\/buletin.de\/bucuresti\/wp-json\/wp\/v2\/users\/49"}],"replies":[{"embeddable":true,"href":"https:\/\/buletin.de\/bucuresti\/wp-json\/wp\/v2\/comments?post=85794"}],"version-history":[{"count":2,"href":"https:\/\/buletin.de\/bucuresti\/wp-json\/wp\/v2\/posts\/85794\/revisions"}],"predecessor-version":[{"id":85796,"href":"https:\/\/buletin.de\/bucuresti\/wp-json\/wp\/v2\/posts\/85794\/revisions\/85796"}],"wp:featuredmedia":[{"embeddable":true,"href":"https:\/\/buletin.de\/bucuresti\/wp-json\/wp\/v2\/media\/83437"}],"wp:attachment":[{"href":"https:\/\/buletin.de\/bucuresti\/wp-json\/wp\/v2\/media?parent=85794"}],"wp:term":[{"taxonomy":"category","embeddable":true,"href":"https:\/\/buletin.de\/bucuresti\/wp-json\/wp\/v2\/categories?post=85794"},{"taxonomy":"post_tag","embeddable":true,"href":"https:\/\/buletin.de\/bucuresti\/wp-json\/wp\/v2\/tags?post=85794"},{"taxonomy":"author","embeddable":true,"href":"https:\/\/buletin.de\/bucuresti\/wp-json\/wp\/v2\/ppma_author?post=85794"}],"curies":[{"name":"wp","href":"https:\/\/api.w.org\/{rel}","templated":true}]}}