{"id":85663,"date":"2024-05-17T14:44:29","date_gmt":"2024-05-17T11:44:29","guid":{"rendered":"https:\/\/buletin.de\/bucuresti\/?p=85663"},"modified":"2024-05-18T08:14:08","modified_gmt":"2024-05-18T05:14:08","slug":"conducerea-elcen-atac-la-gabriela-firea-a-creat-un-sir-lung-de-tergiversari-sfidari-ale-legii-insolventei-manipulari-ale-opiniei-publice-ceea-ce-a-blocat-sistematic-reabilitarea-sistemul","status":"publish","type":"post","link":"https:\/\/buletin.de\/bucuresti\/conducerea-elcen-atac-la-gabriela-firea-a-creat-un-sir-lung-de-tergiversari-sfidari-ale-legii-insolventei-manipulari-ale-opiniei-publice-ceea-ce-a-blocat-sistematic-reabilitarea-sistemul\/","title":{"rendered":"Conducerea ELCEN, atac la Gabriela Firea: \u201eA creat un \u0219ir lung de tergivers\u0103ri, manipul\u0103ri ale opiniei publice, ceea ce a blocat reabilitarea sistemului de termoficare\u201d"},"content":{"rendered":"\n<p><strong>Conducerea ELCEN reac\u021bioneaz\u0103 \u00een urma unei emisiuni televizate \u00een cadrul c\u0103reia Gabriela Firea ar fi pus falimentul RADET pe seama principalului produc\u0103tor de energie termic\u0103 \u0219i electric\u0103 din Capital\u0103. \u201eSe \u00eencearc\u0103 din nou inducerea \u00een eroare a opiniei publice \u00een sensul \u00een care ELCEN este considerat\u0103 cauza falimentului RADET\u201d, se arat\u0103 \u00een comunicatul de pres\u0103 remis redac\u021biei. Compania este controlat\u0103 de ministerul Energiei, condus de candidatul PNL la Prim\u0103ria General\u0103, Sebastian Burduja.<\/strong><\/p>\n\n\n\n<p>Comunicatul de pres\u0103 a fost transmis ca \u201c<em>urmare a informa\u021biilor transmise cu inten\u021bie clar\u0103 de manipulare a opiniei publice de c\u0103tre Gabriela Firea \u00een cadrul emisiunii \u201eCulisele Statului Paralel\u201d difuzat\u0103 \u00een data de 16.05.2024 cu privire la faptul c\u0103 ELCEN a cerut falimentul RADET<\/em>\u201d.<\/p>\n\n\n\n<p>\u00cen cadrul documentului se face referire la faptul c\u0103 \u201c<em>Prim\u0103ria Municipiului Bucure\u0219ti condus\u0103 de Gabriela Firea nu doar c\u0103 nu a avut solu\u021bii constructive pentru rezolvarea problemei termofic\u0103rii, \u00eens\u0103 a creat un \u0219ir lung de tergivers\u0103ri, incoeren\u021be, sfid\u0103ri ale legii insolven\u021bei, manipul\u0103ri ale opiniei publice, ceea ce a blocat sistematic procesul de reorganizare a celor dou\u0103 companii \u0219i, implicit, reabilitarea sistemului de termoficare.<\/em>\u201d<\/p>\n\n\n\n<p>Electrocentrale Bucure\u0219ti SA este controlat\u0103 de ministerul Energiei, condus de candidatul PNL la Prim\u0103ria General\u0103, Sebastian Burduja. Buletin de Bucure\u0219ti a cerut un punct de vedere fostului primar general Gabriela Firea, \u00eens\u0103 p\u00e2n\u0103 la ora public\u0103rii acestui articol nu am primit niciun r\u0103spuns. Vom reveni de \u00eendat\u0103 ce \u00eel vom primi. &nbsp;<\/p>\n\n\n\n<p>\u00a0\u00a0\u00a0\u00a0\u00a0\u00a0\u00a0\u00a0\u00a0\u00a0\u00a0\u00a0\u00a0 Red\u0103m, mai jos, comunicatul integral:<\/p>\n\n\n\n<p><em>\u201e\u00cen 2016, RADET \u0219i ELCEN se aflau \u00eentr-o situa\u021bie financiar\u0103 foarte dificil\u0103 din cauza unei datorii de 3,9 miliarde de lei, sum\u0103 datorat\u0103 de RADET c\u0103tre ELCEN \u0219i provenit\u0103 dintr-o sub-bugetare cronic\u0103 a RADET de c\u0103tre Prim\u0103ria Municipiului Bucure\u0219ti. Situa\u021bia dezastruoas\u0103 \u00een care se aflau cele dou\u0103 companii a fost cauzat\u0103 de neplata sau plata cu \u00eent\u00e2rziere a subven\u021biilor la care s-a angajat Prim\u0103ria General\u0103, ceea ce a condus la acumularea de penalit\u0103\u021bi \u0219i intrarea \u00een insolven\u021b\u0103 a celor dou\u0103 companii \u00een octombrie 2016. Lan\u021bul cauzal s-a derulat firesc \u00een contextul \u00een care Municipiul Bucure\u0219ti nu a achitat subven\u021biile c\u0103tre RADET; aceasta lipsit\u0103 fiind de resursele financiare necesare, nu \u0219i-a a achitat, la r\u00e2ndul s\u0103u obliga\u021biile financiare c\u0103tre ELCEN \u0219i a intrat \u00een insolven\u021b\u0103, iar ELCEN a acumulat datorii la furnizorul de gaze \u0219i a intrat \u0219i ea \u00een insolven\u021b\u0103.<\/em><\/p>\n\n\n\n<p><em>RADET avea la finalul anului 2015 datorii de cca 3,6 miliarde de lei fa\u021b\u0103 de ELCEN, iar la finalul lunii iunie 2016, datoriile au ajuns la aprox. 3,9 miliarde lei, potrivit Raportului asupra cauzelor \u0219i \u00eemprejur\u0103rilor care au dus la apari\u021bia insolven\u021bei RADET Bucure\u0219ti, document \u00eentocmit de ROMINSOLV, Administratorul Judiciar al RADET (numit de instan\u021b\u0103 \u00een aceast\u0103 calitate \u00een data de 7 octombrie 2016).<\/em><\/p>\n\n\n\n<p><em>Din cauza acestei subfinan\u021b\u0103ri cronice, \u00eentreg sistemul de termoficare a fost periclitat. RADET nu a avut bani s\u0103 repare sau s\u0103 \u00eenlocuiasc\u0103 re\u021beaua, ceea ce a condus la \u00eentreruperi \u00een furnizare \u0219i pierderi imense. ELCEN, la r\u00e2ndul s\u0103u, nu a mai putut accesa finan\u021b\u0103ri pentru investi\u021bii noi \u0219i a fost nevoit\u0103 s\u0103 reziste \u00een condi\u021bii de subfinan\u021bare \u0219i s\u0103 fac\u0103 eforturi deosebite pentru a asigura continuitatea furniz\u0103rii c\u0103ldurii \u0219i a apei calde c\u0103tre bucure\u0219teni.<\/em><\/p>\n\n\n\n<p><strong><em>\u00cen perioada 2016-2019, Prim\u0103ria Municipiului Bucure\u0219ti condus\u0103 de Gabriela Firea nu doar c\u0103 nu a avut solu\u021bii constructive pentru rezolvarea problemei termofic\u0103rii, \u00eens\u0103 a creat un \u0219ir lung de tergivers\u0103ri, incoeren\u021be, sfid\u0103ri ale legii insolven\u021bei, manipul\u0103ri ale opiniei publice, ceea ce a blocat sistematic procesul de reorganizare a celor dou\u0103 companii \u0219i, implicit, reabilitarea sistemului de termoficare.<\/em><\/strong><\/p>\n\n\n\n<p><strong><em>Reamintim c\u0103 \u00een 2019, RADET a intrat \u00een faliment din cauza incompeten\u021bei, indolen\u021bei \u0219i a nep\u0103s\u0103rii Prim\u0103riei Generale conduse de Gabriela Firea. \u00cen conjunctura descris\u0103 mai sus, dublat\u0103 de acumularea datoriilor RADET c\u0103tre ELCEN, de accentuarea deterior\u0103rii st\u0103rii re\u021belei de termoficare, amplificarea pierderilor de agent termic din sistem, precum \u0219i de neaccesarea finan\u021b\u0103rii europene pentru reabilitarea acestuia, judec\u0103torii Tribunalului Bucure\u0219ti au decis intrarea \u00een faliment a RADET.<\/em><\/strong><\/p>\n\n\n\n<p>Av\u00e2nd \u00een vedere contextul precizat, afirma\u021bia dnei. Gabriela Firea conform c\u0103reia ELCEN a cerut falimentul RADET nu are nicio leg\u0103tur\u0103 cu realitatea, ci reprezint\u0103 mai degrab\u0103, a\u0219a cum dna Firea ne-a obi\u0219nuit deja, o deviere inten\u021bionat\u0103 de la cauza real\u0103 a problemelor.<\/p>\n\n\n\n<p><em>\u00cenc\u0103 de la intrarea \u00een insolven\u021b\u0103 \u00een 2016 \u0219i p\u00e2n\u0103 la intrarea \u00een faliment \u00een 2019, RADET a fost subfinan\u021bat\u0103 constant de c\u0103tre PMB, a\u015fa cum reiese chiar din Addendum-ul la Planul de Reorganizare al RADET publicat \u00een B.P.I. la 21.12.2018, unde ROMINSOLV (Administratorul Judiciar al RADET numit \u00een instan\u021b\u0103 \u00een aceast\u0103 calitate \u00een 7 octombrie 2016) eviden\u0163iaz\u0103 clar lipsa resurselor financiare pentru sus\u0163inerea planului de reorganizare al RADET: \u00abPrim\u0103ria Municipiului Bucure\u015fti nu a aprobat componenta de finan\u0163are, astfel c\u0103 Planul de reorganizare r\u0103m\u00e2ne cu acela\u015fi program de pl\u0103\u0163i generat doar de activitatea curent\u0103\u00bb.<\/em><\/p>\n\n\n\n<p><strong><em>Prim\u0103ria Capitalei prin Primarul General, Gabriela Firea, a ales s\u0103 nu fac\u0103 nimic pentru termoficare, ci s\u0103 cheltuiasc\u0103 banii bucure\u0219tenilor pe festivaluri, concerte \u0219i ac\u021biuni de imagine, definitiv\u00e2nd distrugerea RADET \u0219i periclit\u00e2nd situa\u021bia economic\u0103 a ELCEN.<\/em><\/strong><\/p>\n\n\n\n<p><em>ELCEN nu a urm\u0103rit niciodat\u0103 falimentul RADET, ci salvarea sistemului centralizat de termoficare. \u00cenc\u0103 de la intrarea \u00een insolven\u021b\u0103, ELCEN a depus toate eforturile de a g\u0103si, \u00eempreun\u0103 cu to\u021bi factorii decizionali (Ministerul Energiei, RADET, Prim\u0103ria Municipiului Bucure\u0219ti \u0219i celelalte institu\u021bii implicate) o cale constructiv\u0103 de a crea contextul favorabil atragerii de fonduri pentru realizarea investi\u021biilor \u00een vederea respect\u0103rii criteriilor de eficien\u021b\u0103 energetic\u0103 \u0219i asigur\u0103rii unui serviciu public durabil \u0219i de calitate c\u0103tre locuitorii capitalei, urm\u0103rind \u00een permanen\u021b\u0103 evitarea falimentului cu consecin\u021be dezastruoase asupra sistemului de termoficare.<\/em><\/p>\n\n\n\n<p><em>Ca urmare a faptului c\u0103 a efectuat toate demersurile prev\u0103zute de legea insolven\u021bei, av\u00e2nd planul de reorganizare aprobat, ELCEN a urmat to\u021bi pa\u0219ii necesari pentru concretizarea obiectivului men\u021bionat \u0219i \u00een planul s\u0103u de reorganizare, \u0219i anume: \u201drealizarea serviciului public de alimentare cu energie termic\u0103 a Municipiului Bucure\u0219ti&nbsp; &#8211;&nbsp; producere, transport, distribu\u021bie \u0219i furnizare prin intermediul unui Sistem de alimentare centralizat cu energie termic\u0103 (\u201dSACET,,) integrat, fiind urm\u0103rit\u0103 cre\u0219terea performantei serviciului public \u00een condi\u021bii de eficien\u021b\u0103 energetic\u0103 \u0219i economic\u0103.\u201d<\/em><\/p>\n\n\n\n<p><em>\u00cen oglind\u0103, \u00een ceea ce prive\u0219te planul de reorganizare a RADET, depus \u00een februarie 2018, aceast\u0103 propunere de plan nu a fost niciodat\u0103 supus\u0103 dezbaterii \u00een cadrul Consiliului General al Municipiului Bucure\u0219ti, cre\u00e2nd astfel incertitudine \u00een ceea ce prive\u0219te transparen\u021ba \u0219i legalitatea unei astfel de ac\u021biuni.<\/em><\/p>\n\n\n\n<p><em>\u00cen acest context, reamintim faptul ca PMB-Firea a avut posibilitatea de a achita doar 1,1 miliarde de lei (sum\u0103 rezultat\u0103 in urma raportului de reevaluare a crean\u021bei, \u00eentocmit de un evaluator independent), adic\u0103 la valoarea de pia\u021ba a crean\u021bei estimata in cazul v\u00e2nz\u0103rii for\u021bate c\u0103tre un poten\u021bial comparator. \u00cen 2019, PMB a refuzat s\u0103 recunoasc\u0103 crean\u021ba de 1,1 miliarde lei, bloc\u00e2nd procesul de reorganizare \u00een condi\u021biile \u00een care s\u0103n\u0103tatea \u0219i bun\u0103starea a milioane de oameni \u0219i agen\u021bi economici, precum \u0219i \u0219coli, spitale, gr\u0103dini\u021be, depindeau de sistemul de termoficare.&nbsp; Daca ar fi avut cel mai mic interes pentru cet\u0103\u021beni si pentru Capitala, Gabriela Firea putea rezolva problema termofic\u0103rii in Bucure\u0219ti. A avut la dispozi\u021bie multiple variante, \u00eensa a ales sa nu fac\u0103 nimic. Astfel, la 11 noiembrie 2019, Magistra\u021bii Cur\u021bii de Apel Bucure\u0219ti au pronun\u021bat definitiv falimentul RADET.<\/em><\/p>\n\n\n\n<p><em>Falimentul RADET este rezultatul exclusiv al deciziilor gre\u0219ite luate de Gabriela Firea \u00een timpul mandatului s\u0103u de primar general. Era obliga\u021bia Primarului s\u0103 gestioneze un plan de reorganizare viabil \u0219i agreat cu creditorii RADET. Era obliga\u021bia Primarului s\u0103 se asigure c\u0103 acest plan este agreat \u00een Consiliu, c\u0103 este votat \u0219i c\u0103 are surs\u0103 de finan\u021bare (fapt confirmat \u0219i de Rominsolv). Gabriela Firea nu a f\u0103cut nimic din toate acestea. Trebuie acum s\u0103-\u0219i asume responsabilitatea pentru rezultatul catastrofal pe care l-a ob\u021binut.<\/em><\/p>\n\n\n\n<p><em>Falimentul RADET \u0219i colapsul sistemului de termoficare din Bucure\u0219ti este dezastrul care s-a definitivat \u00een timpul mandatului Gabrielei Firea \u0219i este rezultatul neputin\u021bei de a gestiona termoficarea din Bucure\u0219ti.<\/em><\/p>\n\n\n\n<p><em>\u00cencep\u00e2nd cu anul 2017, degradarea sistemului de termoficare s-a accentuat, astfel c\u0103 pierderile \u00een re\u021bea s-au dublat ajung\u00e2nd de la 1000 la peste 2000 de tone de ap\u0103 fierbinte pe or\u0103.<\/em><\/p>\n\n\n\n<p><em>Furnizarea agentului termic \u015fi a apei calde c\u0103tre bucure\u015fteni a fost asigurat\u0103 nu de grija PMB-Gabriela Firea pentru infrastructura critic\u0103 a Bucure\u015ftiului, ci din preocuparea ELCEN\/Ministerul Energiei de a continua furnizarea pentru confortul locuitorilor capitalei \u00een ciuda faptului c\u0103 nu a \u00eencasat banii pentru energia termic\u0103 livrat\u0103.<\/em><\/p>\n\n\n\n<p><em>Termoficarea din Bucure\u0219ti r\u0103m\u00e2ne, din p\u0103cate, una din problemele grave ale Bucure\u0219tiului, nici \u00een perioada 2020-2024 nu s-a realizat nimic notabil: avariile sunt tot frecvente, \u00een continuare zeci de blocuri r\u0103m\u00e2n f\u0103r\u0103 ap\u0103 cald\u0103, pierderi mari de energie termic\u0103 prin conducte, fuziunea Elcen-Termoenergetica nerealizat\u0103, datoriile c\u0103tre ELCEN au continuat s\u0103 creasc\u0103 de la 250 milioane lei \u00een 2020 la 1 miliard de lei \u00een 2024. ELCEN se afl\u0103 \u00een punctul \u00een care depune proiecte pentru finan\u021bare implement\u0103rii de CET-uri noi, moderne \u0219i eficiente. PMB trebuie s\u0103-\u0219i asume responsabilitatea asumat\u0103 \u0219i s\u0103 pl\u0103teasc\u0103 pentru energia termic\u0103 livrat\u0103 de ELCEN\u201d.<\/em><\/p>\n\n\n\n<p>CITE\u0218TE \u0218I<\/p>\n\n\n\n<figure class=\"wp-block-embed is-type-wp-embed is-provider-buletin-de-bucure-ti wp-block-embed-buletin-de-bucure-ti\"><div class=\"wp-block-embed__wrapper\">\n<blockquote class=\"wp-embedded-content\" data-secret=\"vwDPOTsS67\"><a href=\"https:\/\/buletin.de\/bucuresti\/parchetul-capitalei-suspiciuni-de-coruptie-in-primaria-condusa-de-florentin-pandele-doua-persoane-retinute-ca-au-luat-spaga-8-000-de-euro\/\">Parchetul Capitalei | Suspiciuni de corup\u021bie \u00een Prim\u0103ria condus\u0103 de Florentin Pandele. Dou\u0103 persoane, re\u021binute c\u0103 au luat \u0219pag\u0103 8.000 de euro<\/a><\/blockquote><iframe class=\"wp-embedded-content\" sandbox=\"allow-scripts\" security=\"restricted\" style=\"position: absolute; clip: rect(1px, 1px, 1px, 1px);\" title=\"&#8220;Parchetul Capitalei | Suspiciuni de corup\u021bie \u00een Prim\u0103ria condus\u0103 de Florentin Pandele. Dou\u0103 persoane, re\u021binute c\u0103 au luat \u0219pag\u0103 8.000 de euro&#8221; &#8212; Buletin de Bucure\u0219ti\" src=\"https:\/\/buletin.de\/bucuresti\/parchetul-capitalei-suspiciuni-de-coruptie-in-primaria-condusa-de-florentin-pandele-doua-persoane-retinute-ca-au-luat-spaga-8-000-de-euro\/embed\/#?secret=S898L2gaZ2#?secret=vwDPOTsS67\" data-secret=\"vwDPOTsS67\" width=\"600\" height=\"338\" frameborder=\"0\" marginwidth=\"0\" marginheight=\"0\" scrolling=\"no\"><\/iframe>\n<\/div><\/figure>\n\n\n\n<figure class=\"wp-block-embed is-type-wp-embed is-provider-buletin-de-bucure-ti wp-block-embed-buletin-de-bucure-ti\"><div class=\"wp-block-embed__wrapper\">\n<blockquote class=\"wp-embedded-content\" data-secret=\"V1eSVqqn2R\"><a href=\"https:\/\/buletin.de\/bucuresti\/termoficare-curba-de-retea-de-pe-soseaua-colentina-inlocuita-dupa-55-de-ani\/\">TERMOFICARE | \u201eCurb\u0103 de re\u021bea\u201d de pe \u0218oseaua Colentina, \u00eenlocuit\u0103 dup\u0103 55 de ani<\/a><\/blockquote><iframe class=\"wp-embedded-content\" sandbox=\"allow-scripts\" security=\"restricted\" style=\"position: absolute; clip: rect(1px, 1px, 1px, 1px);\" title=\"&#8220;TERMOFICARE | \u201eCurb\u0103 de re\u021bea\u201d de pe \u0218oseaua Colentina, \u00eenlocuit\u0103 dup\u0103 55 de ani&#8221; &#8212; Buletin de Bucure\u0219ti\" src=\"https:\/\/buletin.de\/bucuresti\/termoficare-curba-de-retea-de-pe-soseaua-colentina-inlocuita-dupa-55-de-ani\/embed\/#?secret=WLsvDbZWbK#?secret=V1eSVqqn2R\" data-secret=\"V1eSVqqn2R\" width=\"600\" height=\"338\" frameborder=\"0\" marginwidth=\"0\" marginheight=\"0\" scrolling=\"no\"><\/iframe>\n<\/div><\/figure>\n","protected":false},"excerpt":{"rendered":"<p>Conducerea ELCEN reac\u021bioneaz\u0103 \u00een urma unei emisiuni televizate \u00een cadrul c\u0103reia Gabriela Firea ar fi pus falimentul RADET pe seama principalului produc\u0103tor de energie termic\u0103 \u0219i electric\u0103 din Capital\u0103. \u201eSe \u00eencearc\u0103 din nou inducerea \u00een eroare a opiniei publice \u00een sensul \u00een care ELCEN este considerat\u0103 cauza falimentului RADET\u201d, se arat\u0103 \u00een comunicatul de pres\u0103 [&hellip;]<\/p>\n","protected":false},"author":10,"featured_media":76200,"comment_status":"closed","ping_status":"open","sticky":false,"template":"","format":"standard","meta":{"_acf_changed":false,"inline_featured_image":false,"ngg_post_thumbnail":0,"footnotes":""},"categories":[6994,5762,6214],"tags":[4452,4456,11980,237,28],"ppma_author":[22575],"class_list":["post-85663","post","type-post","status-publish","format-standard","has-post-thumbnail","hentry","category-stiri-2","category-main","category-termo","tag-atac","tag-burduja","tag-cretu","tag-elcen","tag-firea"],"acf":[],"yoast_head":"<!-- This site is optimized with the Yoast SEO Premium plugin v25.3 (Yoast SEO v27.4) - https:\/\/yoast.com\/product\/yoast-seo-premium-wordpress\/ -->\n<title>Conducerea ELCEN, atac la Gabriela Firea: \u201eA creat un \u0219ir lung de tergivers\u0103ri, manipul\u0103ri ale opiniei publice, ceea ce a blocat reabilitarea sistemului de termoficare\u201d - Buletin de Bucure\u0219ti<\/title>\n<meta name=\"robots\" content=\"index, follow, max-snippet:-1, max-image-preview:large, max-video-preview:-1\" \/>\n<link rel=\"canonical\" href=\"https:\/\/buletin.de\/bucuresti\/conducerea-elcen-atac-la-gabriela-firea-a-creat-un-sir-lung-de-tergiversari-sfidari-ale-legii-insolventei-manipulari-ale-opiniei-publice-ceea-ce-a-blocat-sistematic-reabilitarea-sistemul\/\" \/>\n<meta property=\"og:locale\" content=\"en_GB\" \/>\n<meta property=\"og:type\" content=\"article\" \/>\n<meta property=\"og:title\" content=\"Conducerea ELCEN, atac la Gabriela Firea: \u201eA creat un \u0219ir lung de tergivers\u0103ri, manipul\u0103ri ale opiniei publice, ceea ce a blocat reabilitarea sistemului de termoficare\u201d\" \/>\n<meta property=\"og:description\" content=\"Conducerea ELCEN reac\u021bioneaz\u0103 \u00een urma unei emisiuni televizate \u00een cadrul c\u0103reia Gabriela Firea ar fi pus falimentul RADET pe seama principalului produc\u0103tor de energie termic\u0103 \u0219i electric\u0103 din Capital\u0103. \u201eSe \u00eencearc\u0103 din nou inducerea \u00een eroare a opiniei publice \u00een sensul \u00een care ELCEN este considerat\u0103 cauza falimentului RADET\u201d, se arat\u0103 \u00een comunicatul de pres\u0103 [&hellip;]\" \/>\n<meta property=\"og:url\" content=\"https:\/\/buletin.de\/bucuresti\/conducerea-elcen-atac-la-gabriela-firea-a-creat-un-sir-lung-de-tergiversari-sfidari-ale-legii-insolventei-manipulari-ale-opiniei-publice-ceea-ce-a-blocat-sistematic-reabilitarea-sistemul\/\" \/>\n<meta property=\"og:site_name\" content=\"Buletin de Bucure\u0219ti\" \/>\n<meta property=\"article:publisher\" content=\"https:\/\/www.facebook.com\/buletin.de.buc\" \/>\n<meta property=\"article:published_time\" content=\"2024-05-17T11:44:29+00:00\" \/>\n<meta property=\"article:modified_time\" content=\"2024-05-18T05:14:08+00:00\" \/>\n<meta property=\"og:image\" content=\"https:\/\/buletin.de\/bucuresti\/wp-content\/uploads\/20240113_182111.jpg\" \/>\n\t<meta property=\"og:image:width\" content=\"2000\" \/>\n\t<meta property=\"og:image:height\" content=\"1376\" \/>\n\t<meta property=\"og:image:type\" content=\"image\/jpeg\" \/>\n<meta name=\"author\" content=\"C\u0103t\u0103lin Dosca\u0219\" \/>\n<meta name=\"twitter:card\" content=\"summary_large_image\" \/>\n<meta name=\"twitter:label1\" content=\"Written by\" \/>\n\t<meta name=\"twitter:data1\" content=\"C\u0103t\u0103lin Dosca\u0219\" \/>\n\t<meta name=\"twitter:label2\" content=\"Estimated reading time\" \/>\n\t<meta name=\"twitter:data2\" content=\"7 minutes\" \/>\n<script type=\"application\/ld+json\" class=\"yoast-schema-graph\">{\"@context\":\"https:\\\/\\\/schema.org\",\"@graph\":[{\"@type\":\"Article\",\"@id\":\"https:\\\/\\\/buletin.de\\\/bucuresti\\\/conducerea-elcen-atac-la-gabriela-firea-a-creat-un-sir-lung-de-tergiversari-sfidari-ale-legii-insolventei-manipulari-ale-opiniei-publice-ceea-ce-a-blocat-sistematic-reabilitarea-sistemul\\\/#article\",\"isPartOf\":{\"@id\":\"https:\\\/\\\/buletin.de\\\/bucuresti\\\/conducerea-elcen-atac-la-gabriela-firea-a-creat-un-sir-lung-de-tergiversari-sfidari-ale-legii-insolventei-manipulari-ale-opiniei-publice-ceea-ce-a-blocat-sistematic-reabilitarea-sistemul\\\/\"},\"author\":{\"name\":\"C\u0103t\u0103lin Dosca\u0219\",\"@id\":\"https:\\\/\\\/buletin.de\\\/bucuresti\\\/#\\\/schema\\\/person\\\/31117187ed4d0bdb0a4c7d6acc79d0f8\"},\"headline\":\"Conducerea ELCEN, atac la Gabriela Firea: \u201eA creat un \u0219ir lung de tergivers\u0103ri, manipul\u0103ri ale opiniei publice, ceea ce a blocat reabilitarea sistemului de termoficare\u201d\",\"datePublished\":\"2024-05-17T11:44:29+00:00\",\"dateModified\":\"2024-05-18T05:14:08+00:00\",\"mainEntityOfPage\":{\"@id\":\"https:\\\/\\\/buletin.de\\\/bucuresti\\\/conducerea-elcen-atac-la-gabriela-firea-a-creat-un-sir-lung-de-tergiversari-sfidari-ale-legii-insolventei-manipulari-ale-opiniei-publice-ceea-ce-a-blocat-sistematic-reabilitarea-sistemul\\\/\"},\"wordCount\":1657,\"publisher\":{\"@id\":\"https:\\\/\\\/buletin.de\\\/bucuresti\\\/#organization\"},\"image\":{\"@id\":\"https:\\\/\\\/buletin.de\\\/bucuresti\\\/conducerea-elcen-atac-la-gabriela-firea-a-creat-un-sir-lung-de-tergiversari-sfidari-ale-legii-insolventei-manipulari-ale-opiniei-publice-ceea-ce-a-blocat-sistematic-reabilitarea-sistemul\\\/#primaryimage\"},\"thumbnailUrl\":\"https:\\\/\\\/buletin.de\\\/bucuresti\\\/wp-content\\\/uploads\\\/20240113_182111.jpg\",\"keywords\":[\"atac\",\"burduja\",\"cretu\",\"elcen\",\"firea\"],\"articleSection\":[\"Articole\",\"Main\",\"Termoficare\"],\"inLanguage\":\"en-GB\",\"copyrightYear\":\"2024\",\"copyrightHolder\":{\"@id\":\"https:\\\/\\\/buletin.de\\\/bucuresti\\\/#organization\"}},{\"@type\":\"WebPage\",\"@id\":\"https:\\\/\\\/buletin.de\\\/bucuresti\\\/conducerea-elcen-atac-la-gabriela-firea-a-creat-un-sir-lung-de-tergiversari-sfidari-ale-legii-insolventei-manipulari-ale-opiniei-publice-ceea-ce-a-blocat-sistematic-reabilitarea-sistemul\\\/\",\"url\":\"https:\\\/\\\/buletin.de\\\/bucuresti\\\/conducerea-elcen-atac-la-gabriela-firea-a-creat-un-sir-lung-de-tergiversari-sfidari-ale-legii-insolventei-manipulari-ale-opiniei-publice-ceea-ce-a-blocat-sistematic-reabilitarea-sistemul\\\/\",\"name\":\"Conducerea ELCEN, atac la Gabriela Firea: \u201eA creat un \u0219ir lung de tergivers\u0103ri, manipul\u0103ri ale opiniei publice, ceea ce a blocat reabilitarea sistemului de termoficare\u201d - Buletin de Bucure\u0219ti\",\"isPartOf\":{\"@id\":\"https:\\\/\\\/buletin.de\\\/bucuresti\\\/#website\"},\"primaryImageOfPage\":{\"@id\":\"https:\\\/\\\/buletin.de\\\/bucuresti\\\/conducerea-elcen-atac-la-gabriela-firea-a-creat-un-sir-lung-de-tergiversari-sfidari-ale-legii-insolventei-manipulari-ale-opiniei-publice-ceea-ce-a-blocat-sistematic-reabilitarea-sistemul\\\/#primaryimage\"},\"image\":{\"@id\":\"https:\\\/\\\/buletin.de\\\/bucuresti\\\/conducerea-elcen-atac-la-gabriela-firea-a-creat-un-sir-lung-de-tergiversari-sfidari-ale-legii-insolventei-manipulari-ale-opiniei-publice-ceea-ce-a-blocat-sistematic-reabilitarea-sistemul\\\/#primaryimage\"},\"thumbnailUrl\":\"https:\\\/\\\/buletin.de\\\/bucuresti\\\/wp-content\\\/uploads\\\/20240113_182111.jpg\",\"datePublished\":\"2024-05-17T11:44:29+00:00\",\"dateModified\":\"2024-05-18T05:14:08+00:00\",\"breadcrumb\":{\"@id\":\"https:\\\/\\\/buletin.de\\\/bucuresti\\\/conducerea-elcen-atac-la-gabriela-firea-a-creat-un-sir-lung-de-tergiversari-sfidari-ale-legii-insolventei-manipulari-ale-opiniei-publice-ceea-ce-a-blocat-sistematic-reabilitarea-sistemul\\\/#breadcrumb\"},\"inLanguage\":\"en-GB\",\"potentialAction\":[{\"@type\":\"ReadAction\",\"target\":[\"https:\\\/\\\/buletin.de\\\/bucuresti\\\/conducerea-elcen-atac-la-gabriela-firea-a-creat-un-sir-lung-de-tergiversari-sfidari-ale-legii-insolventei-manipulari-ale-opiniei-publice-ceea-ce-a-blocat-sistematic-reabilitarea-sistemul\\\/\"]}]},{\"@type\":\"ImageObject\",\"inLanguage\":\"en-GB\",\"@id\":\"https:\\\/\\\/buletin.de\\\/bucuresti\\\/conducerea-elcen-atac-la-gabriela-firea-a-creat-un-sir-lung-de-tergiversari-sfidari-ale-legii-insolventei-manipulari-ale-opiniei-publice-ceea-ce-a-blocat-sistematic-reabilitarea-sistemul\\\/#primaryimage\",\"url\":\"https:\\\/\\\/buletin.de\\\/bucuresti\\\/wp-content\\\/uploads\\\/20240113_182111.jpg\",\"contentUrl\":\"https:\\\/\\\/buletin.de\\\/bucuresti\\\/wp-content\\\/uploads\\\/20240113_182111.jpg\",\"width\":2000,\"height\":1376,\"caption\":\"FOTO: C\u0103t\u0103lin Dosca\u0219\"},{\"@type\":\"BreadcrumbList\",\"@id\":\"https:\\\/\\\/buletin.de\\\/bucuresti\\\/conducerea-elcen-atac-la-gabriela-firea-a-creat-un-sir-lung-de-tergiversari-sfidari-ale-legii-insolventei-manipulari-ale-opiniei-publice-ceea-ce-a-blocat-sistematic-reabilitarea-sistemul\\\/#breadcrumb\",\"itemListElement\":[{\"@type\":\"ListItem\",\"position\":1,\"name\":\"Acas\u0103\",\"item\":\"https:\\\/\\\/buletin.de\\\/bucuresti\\\/\"},{\"@type\":\"ListItem\",\"position\":2,\"name\":\"Conducerea ELCEN, atac la Gabriela Firea: \u201eA creat un \u0219ir lung de tergivers\u0103ri, manipul\u0103ri ale opiniei publice, ceea ce a blocat reabilitarea sistemului de termoficare\u201d\"}]},{\"@type\":\"WebSite\",\"@id\":\"https:\\\/\\\/buletin.de\\\/bucuresti\\\/#website\",\"url\":\"https:\\\/\\\/buletin.de\\\/bucuresti\\\/\",\"name\":\"Buletin de Bucure\u0219ti\",\"description\":\"\u0218tiri \u0219i investiga\u021bii esen\u021biale din capital\u0103\",\"publisher\":{\"@id\":\"https:\\\/\\\/buletin.de\\\/bucuresti\\\/#organization\"},\"potentialAction\":[{\"@type\":\"SearchAction\",\"target\":{\"@type\":\"EntryPoint\",\"urlTemplate\":\"https:\\\/\\\/buletin.de\\\/bucuresti\\\/?s={search_term_string}\"},\"query-input\":{\"@type\":\"PropertyValueSpecification\",\"valueRequired\":true,\"valueName\":\"search_term_string\"}}],\"inLanguage\":\"en-GB\"},{\"@type\":\"Organization\",\"@id\":\"https:\\\/\\\/buletin.de\\\/bucuresti\\\/#organization\",\"name\":\"Buletin de Bucure\u0219ti\",\"url\":\"https:\\\/\\\/buletin.de\\\/bucuresti\\\/\",\"logo\":{\"@type\":\"ImageObject\",\"inLanguage\":\"en-GB\",\"@id\":\"https:\\\/\\\/buletin.de\\\/bucuresti\\\/#\\\/schema\\\/logo\\\/image\\\/\",\"url\":\"https:\\\/\\\/buletin.de\\\/bucuresti\\\/wp-content\\\/uploads\\\/logo-bdb-full-wide-vernil-transparent.png\",\"contentUrl\":\"https:\\\/\\\/buletin.de\\\/bucuresti\\\/wp-content\\\/uploads\\\/logo-bdb-full-wide-vernil-transparent.png\",\"width\":1782,\"height\":626,\"caption\":\"Buletin de Bucure\u0219ti\"},\"image\":{\"@id\":\"https:\\\/\\\/buletin.de\\\/bucuresti\\\/#\\\/schema\\\/logo\\\/image\\\/\"},\"sameAs\":[\"https:\\\/\\\/www.facebook.com\\\/buletin.de.buc\",\"https:\\\/\\\/www.instagram.com\\\/buletinde.bucuresti\\\/\"]},{\"@type\":\"Person\",\"@id\":\"https:\\\/\\\/buletin.de\\\/bucuresti\\\/#\\\/schema\\\/person\\\/31117187ed4d0bdb0a4c7d6acc79d0f8\",\"name\":\"C\u0103t\u0103lin Dosca\u0219\",\"image\":{\"@type\":\"ImageObject\",\"inLanguage\":\"en-GB\",\"@id\":\"https:\\\/\\\/buletin.de\\\/bucuresti\\\/wp-content\\\/uploads\\\/Catalin-Doscas-e1732731064764-96x96.jpga93e2943bb3b1c1f9ead823df6e6317a\",\"url\":\"https:\\\/\\\/buletin.de\\\/bucuresti\\\/wp-content\\\/uploads\\\/Catalin-Doscas-e1732731064764-96x96.jpg\",\"contentUrl\":\"https:\\\/\\\/buletin.de\\\/bucuresti\\\/wp-content\\\/uploads\\\/Catalin-Doscas-e1732731064764-96x96.jpg\",\"caption\":\"C\u0103t\u0103lin Dosca\u0219\"},\"description\":\"Reporter \u0219i redactor-\u0219ef Buletin de Bucure\u0219ti. Lucreaz\u0103 \u00een mass-media de la v\u00e2rsta de 15 ani, c\u00e2nd a publicat primele articole \u00een presa local\u0103 din Tecuci. \u00cen Bucure\u0219ti a lucrat \u00een redac\u021bii radio ca reporter, redactor \u0219i prezentator (StudentFM, Na\u021bionalFM, Radio Total, Smart FM), unde a acoperit domeniile politic, economic, social \u0219i externe. Ulterior, a fost editor-coordonator al postului Realitatea FM. Experien\u021ba \u00een jurnalismul online a dob\u00e2ndit-o la portalul B365.ro, unde a fost editor. \u00cen 2012 s-a angajat \u00een televiziune. La Realitatea TV a fost, pe r\u00e2nd, reporter la sec\u021bia Social, reporter special la emisiunea de reportaje \u0219i anchete \u201eReporterii Realit\u0103\u021bii\u201d, dar \u0219i editor al jurnalelor de \u0219tiri. Ulterior, a f\u0103cut parte din sec\u021bia de Investiga\u021bii de la Digi24 \u0219i a lucrat la campania \u201eRom\u00e2nia furat\u0103\u201d. A revenit \u00een presa scris\u0103 \u00een 2017, ca reporter special, \u00een cadrul unui proiect de repozi\u021bionare a tabloidului Libertatea \u00een cotidian generalist. Este jurnalist Buletin de Bucure\u0219ti din 2019.\",\"url\":\"https:\\\/\\\/buletin.de\\\/bucuresti\\\/author\\\/catalin\\\/\"}]}<\/script>\n<!-- \/ Yoast SEO Premium plugin. -->","yoast_head_json":{"title":"Conducerea ELCEN, atac la Gabriela Firea: \u201eA creat un \u0219ir lung de tergivers\u0103ri, manipul\u0103ri ale opiniei publice, ceea ce a blocat reabilitarea sistemului de termoficare\u201d - Buletin de Bucure\u0219ti","robots":{"index":"index","follow":"follow","max-snippet":"max-snippet:-1","max-image-preview":"max-image-preview:large","max-video-preview":"max-video-preview:-1"},"canonical":"https:\/\/buletin.de\/bucuresti\/conducerea-elcen-atac-la-gabriela-firea-a-creat-un-sir-lung-de-tergiversari-sfidari-ale-legii-insolventei-manipulari-ale-opiniei-publice-ceea-ce-a-blocat-sistematic-reabilitarea-sistemul\/","og_locale":"en_GB","og_type":"article","og_title":"Conducerea ELCEN, atac la Gabriela Firea: \u201eA creat un \u0219ir lung de tergivers\u0103ri, manipul\u0103ri ale opiniei publice, ceea ce a blocat reabilitarea sistemului de termoficare\u201d","og_description":"Conducerea ELCEN reac\u021bioneaz\u0103 \u00een urma unei emisiuni televizate \u00een cadrul c\u0103reia Gabriela Firea ar fi pus falimentul RADET pe seama principalului produc\u0103tor de energie termic\u0103 \u0219i electric\u0103 din Capital\u0103. \u201eSe \u00eencearc\u0103 din nou inducerea \u00een eroare a opiniei publice \u00een sensul \u00een care ELCEN este considerat\u0103 cauza falimentului RADET\u201d, se arat\u0103 \u00een comunicatul de pres\u0103 [&hellip;]","og_url":"https:\/\/buletin.de\/bucuresti\/conducerea-elcen-atac-la-gabriela-firea-a-creat-un-sir-lung-de-tergiversari-sfidari-ale-legii-insolventei-manipulari-ale-opiniei-publice-ceea-ce-a-blocat-sistematic-reabilitarea-sistemul\/","og_site_name":"Buletin de Bucure\u0219ti","article_publisher":"https:\/\/www.facebook.com\/buletin.de.buc","article_published_time":"2024-05-17T11:44:29+00:00","article_modified_time":"2024-05-18T05:14:08+00:00","og_image":[{"width":2000,"height":1376,"url":"https:\/\/buletin.de\/bucuresti\/wp-content\/uploads\/20240113_182111.jpg","type":"image\/jpeg"}],"author":"C\u0103t\u0103lin Dosca\u0219","twitter_card":"summary_large_image","twitter_misc":{"Written by":"C\u0103t\u0103lin Dosca\u0219","Estimated reading time":"7 minutes"},"schema":{"@context":"https:\/\/schema.org","@graph":[{"@type":"Article","@id":"https:\/\/buletin.de\/bucuresti\/conducerea-elcen-atac-la-gabriela-firea-a-creat-un-sir-lung-de-tergiversari-sfidari-ale-legii-insolventei-manipulari-ale-opiniei-publice-ceea-ce-a-blocat-sistematic-reabilitarea-sistemul\/#article","isPartOf":{"@id":"https:\/\/buletin.de\/bucuresti\/conducerea-elcen-atac-la-gabriela-firea-a-creat-un-sir-lung-de-tergiversari-sfidari-ale-legii-insolventei-manipulari-ale-opiniei-publice-ceea-ce-a-blocat-sistematic-reabilitarea-sistemul\/"},"author":{"name":"C\u0103t\u0103lin Dosca\u0219","@id":"https:\/\/buletin.de\/bucuresti\/#\/schema\/person\/31117187ed4d0bdb0a4c7d6acc79d0f8"},"headline":"Conducerea ELCEN, atac la Gabriela Firea: \u201eA creat un \u0219ir lung de tergivers\u0103ri, manipul\u0103ri ale opiniei publice, ceea ce a blocat reabilitarea sistemului de termoficare\u201d","datePublished":"2024-05-17T11:44:29+00:00","dateModified":"2024-05-18T05:14:08+00:00","mainEntityOfPage":{"@id":"https:\/\/buletin.de\/bucuresti\/conducerea-elcen-atac-la-gabriela-firea-a-creat-un-sir-lung-de-tergiversari-sfidari-ale-legii-insolventei-manipulari-ale-opiniei-publice-ceea-ce-a-blocat-sistematic-reabilitarea-sistemul\/"},"wordCount":1657,"publisher":{"@id":"https:\/\/buletin.de\/bucuresti\/#organization"},"image":{"@id":"https:\/\/buletin.de\/bucuresti\/conducerea-elcen-atac-la-gabriela-firea-a-creat-un-sir-lung-de-tergiversari-sfidari-ale-legii-insolventei-manipulari-ale-opiniei-publice-ceea-ce-a-blocat-sistematic-reabilitarea-sistemul\/#primaryimage"},"thumbnailUrl":"https:\/\/buletin.de\/bucuresti\/wp-content\/uploads\/20240113_182111.jpg","keywords":["atac","burduja","cretu","elcen","firea"],"articleSection":["Articole","Main","Termoficare"],"inLanguage":"en-GB","copyrightYear":"2024","copyrightHolder":{"@id":"https:\/\/buletin.de\/bucuresti\/#organization"}},{"@type":"WebPage","@id":"https:\/\/buletin.de\/bucuresti\/conducerea-elcen-atac-la-gabriela-firea-a-creat-un-sir-lung-de-tergiversari-sfidari-ale-legii-insolventei-manipulari-ale-opiniei-publice-ceea-ce-a-blocat-sistematic-reabilitarea-sistemul\/","url":"https:\/\/buletin.de\/bucuresti\/conducerea-elcen-atac-la-gabriela-firea-a-creat-un-sir-lung-de-tergiversari-sfidari-ale-legii-insolventei-manipulari-ale-opiniei-publice-ceea-ce-a-blocat-sistematic-reabilitarea-sistemul\/","name":"Conducerea ELCEN, atac la Gabriela Firea: \u201eA creat un \u0219ir lung de tergivers\u0103ri, manipul\u0103ri ale opiniei publice, ceea ce a blocat reabilitarea sistemului de termoficare\u201d - Buletin de Bucure\u0219ti","isPartOf":{"@id":"https:\/\/buletin.de\/bucuresti\/#website"},"primaryImageOfPage":{"@id":"https:\/\/buletin.de\/bucuresti\/conducerea-elcen-atac-la-gabriela-firea-a-creat-un-sir-lung-de-tergiversari-sfidari-ale-legii-insolventei-manipulari-ale-opiniei-publice-ceea-ce-a-blocat-sistematic-reabilitarea-sistemul\/#primaryimage"},"image":{"@id":"https:\/\/buletin.de\/bucuresti\/conducerea-elcen-atac-la-gabriela-firea-a-creat-un-sir-lung-de-tergiversari-sfidari-ale-legii-insolventei-manipulari-ale-opiniei-publice-ceea-ce-a-blocat-sistematic-reabilitarea-sistemul\/#primaryimage"},"thumbnailUrl":"https:\/\/buletin.de\/bucuresti\/wp-content\/uploads\/20240113_182111.jpg","datePublished":"2024-05-17T11:44:29+00:00","dateModified":"2024-05-18T05:14:08+00:00","breadcrumb":{"@id":"https:\/\/buletin.de\/bucuresti\/conducerea-elcen-atac-la-gabriela-firea-a-creat-un-sir-lung-de-tergiversari-sfidari-ale-legii-insolventei-manipulari-ale-opiniei-publice-ceea-ce-a-blocat-sistematic-reabilitarea-sistemul\/#breadcrumb"},"inLanguage":"en-GB","potentialAction":[{"@type":"ReadAction","target":["https:\/\/buletin.de\/bucuresti\/conducerea-elcen-atac-la-gabriela-firea-a-creat-un-sir-lung-de-tergiversari-sfidari-ale-legii-insolventei-manipulari-ale-opiniei-publice-ceea-ce-a-blocat-sistematic-reabilitarea-sistemul\/"]}]},{"@type":"ImageObject","inLanguage":"en-GB","@id":"https:\/\/buletin.de\/bucuresti\/conducerea-elcen-atac-la-gabriela-firea-a-creat-un-sir-lung-de-tergiversari-sfidari-ale-legii-insolventei-manipulari-ale-opiniei-publice-ceea-ce-a-blocat-sistematic-reabilitarea-sistemul\/#primaryimage","url":"https:\/\/buletin.de\/bucuresti\/wp-content\/uploads\/20240113_182111.jpg","contentUrl":"https:\/\/buletin.de\/bucuresti\/wp-content\/uploads\/20240113_182111.jpg","width":2000,"height":1376,"caption":"FOTO: C\u0103t\u0103lin Dosca\u0219"},{"@type":"BreadcrumbList","@id":"https:\/\/buletin.de\/bucuresti\/conducerea-elcen-atac-la-gabriela-firea-a-creat-un-sir-lung-de-tergiversari-sfidari-ale-legii-insolventei-manipulari-ale-opiniei-publice-ceea-ce-a-blocat-sistematic-reabilitarea-sistemul\/#breadcrumb","itemListElement":[{"@type":"ListItem","position":1,"name":"Acas\u0103","item":"https:\/\/buletin.de\/bucuresti\/"},{"@type":"ListItem","position":2,"name":"Conducerea ELCEN, atac la Gabriela Firea: \u201eA creat un \u0219ir lung de tergivers\u0103ri, manipul\u0103ri ale opiniei publice, ceea ce a blocat reabilitarea sistemului de termoficare\u201d"}]},{"@type":"WebSite","@id":"https:\/\/buletin.de\/bucuresti\/#website","url":"https:\/\/buletin.de\/bucuresti\/","name":"Buletin de Bucure\u0219ti","description":"\u0218tiri \u0219i investiga\u021bii esen\u021biale din capital\u0103","publisher":{"@id":"https:\/\/buletin.de\/bucuresti\/#organization"},"potentialAction":[{"@type":"SearchAction","target":{"@type":"EntryPoint","urlTemplate":"https:\/\/buletin.de\/bucuresti\/?s={search_term_string}"},"query-input":{"@type":"PropertyValueSpecification","valueRequired":true,"valueName":"search_term_string"}}],"inLanguage":"en-GB"},{"@type":"Organization","@id":"https:\/\/buletin.de\/bucuresti\/#organization","name":"Buletin de Bucure\u0219ti","url":"https:\/\/buletin.de\/bucuresti\/","logo":{"@type":"ImageObject","inLanguage":"en-GB","@id":"https:\/\/buletin.de\/bucuresti\/#\/schema\/logo\/image\/","url":"https:\/\/buletin.de\/bucuresti\/wp-content\/uploads\/logo-bdb-full-wide-vernil-transparent.png","contentUrl":"https:\/\/buletin.de\/bucuresti\/wp-content\/uploads\/logo-bdb-full-wide-vernil-transparent.png","width":1782,"height":626,"caption":"Buletin de Bucure\u0219ti"},"image":{"@id":"https:\/\/buletin.de\/bucuresti\/#\/schema\/logo\/image\/"},"sameAs":["https:\/\/www.facebook.com\/buletin.de.buc","https:\/\/www.instagram.com\/buletinde.bucuresti\/"]},{"@type":"Person","@id":"https:\/\/buletin.de\/bucuresti\/#\/schema\/person\/31117187ed4d0bdb0a4c7d6acc79d0f8","name":"C\u0103t\u0103lin Dosca\u0219","image":{"@type":"ImageObject","inLanguage":"en-GB","@id":"https:\/\/buletin.de\/bucuresti\/wp-content\/uploads\/Catalin-Doscas-e1732731064764-96x96.jpga93e2943bb3b1c1f9ead823df6e6317a","url":"https:\/\/buletin.de\/bucuresti\/wp-content\/uploads\/Catalin-Doscas-e1732731064764-96x96.jpg","contentUrl":"https:\/\/buletin.de\/bucuresti\/wp-content\/uploads\/Catalin-Doscas-e1732731064764-96x96.jpg","caption":"C\u0103t\u0103lin Dosca\u0219"},"description":"Reporter \u0219i redactor-\u0219ef Buletin de Bucure\u0219ti. Lucreaz\u0103 \u00een mass-media de la v\u00e2rsta de 15 ani, c\u00e2nd a publicat primele articole \u00een presa local\u0103 din Tecuci. \u00cen Bucure\u0219ti a lucrat \u00een redac\u021bii radio ca reporter, redactor \u0219i prezentator (StudentFM, Na\u021bionalFM, Radio Total, Smart FM), unde a acoperit domeniile politic, economic, social \u0219i externe. Ulterior, a fost editor-coordonator al postului Realitatea FM. Experien\u021ba \u00een jurnalismul online a dob\u00e2ndit-o la portalul B365.ro, unde a fost editor. \u00cen 2012 s-a angajat \u00een televiziune. La Realitatea TV a fost, pe r\u00e2nd, reporter la sec\u021bia Social, reporter special la emisiunea de reportaje \u0219i anchete \u201eReporterii Realit\u0103\u021bii\u201d, dar \u0219i editor al jurnalelor de \u0219tiri. Ulterior, a f\u0103cut parte din sec\u021bia de Investiga\u021bii de la Digi24 \u0219i a lucrat la campania \u201eRom\u00e2nia furat\u0103\u201d. A revenit \u00een presa scris\u0103 \u00een 2017, ca reporter special, \u00een cadrul unui proiect de repozi\u021bionare a tabloidului Libertatea \u00een cotidian generalist. Este jurnalist Buletin de Bucure\u0219ti din 2019.","url":"https:\/\/buletin.de\/bucuresti\/author\/catalin\/"}]}},"authors":[{"term_id":22575,"user_id":10,"is_guest":0,"slug":"catalin","display_name":"C\u0103t\u0103lin Dosca\u0219","avatar_url":"https:\/\/buletin.de\/bucuresti\/wp-content\/uploads\/Catalin-Doscas-e1732731064764-96x96.jpg","0":null,"1":"","2":"","3":"","4":"","5":"","6":"","7":"","8":""}],"_links":{"self":[{"href":"https:\/\/buletin.de\/bucuresti\/wp-json\/wp\/v2\/posts\/85663","targetHints":{"allow":["GET"]}}],"collection":[{"href":"https:\/\/buletin.de\/bucuresti\/wp-json\/wp\/v2\/posts"}],"about":[{"href":"https:\/\/buletin.de\/bucuresti\/wp-json\/wp\/v2\/types\/post"}],"author":[{"embeddable":true,"href":"https:\/\/buletin.de\/bucuresti\/wp-json\/wp\/v2\/users\/10"}],"replies":[{"embeddable":true,"href":"https:\/\/buletin.de\/bucuresti\/wp-json\/wp\/v2\/comments?post=85663"}],"version-history":[{"count":6,"href":"https:\/\/buletin.de\/bucuresti\/wp-json\/wp\/v2\/posts\/85663\/revisions"}],"predecessor-version":[{"id":85711,"href":"https:\/\/buletin.de\/bucuresti\/wp-json\/wp\/v2\/posts\/85663\/revisions\/85711"}],"wp:featuredmedia":[{"embeddable":true,"href":"https:\/\/buletin.de\/bucuresti\/wp-json\/wp\/v2\/media\/76200"}],"wp:attachment":[{"href":"https:\/\/buletin.de\/bucuresti\/wp-json\/wp\/v2\/media?parent=85663"}],"wp:term":[{"taxonomy":"category","embeddable":true,"href":"https:\/\/buletin.de\/bucuresti\/wp-json\/wp\/v2\/categories?post=85663"},{"taxonomy":"post_tag","embeddable":true,"href":"https:\/\/buletin.de\/bucuresti\/wp-json\/wp\/v2\/tags?post=85663"},{"taxonomy":"author","embeddable":true,"href":"https:\/\/buletin.de\/bucuresti\/wp-json\/wp\/v2\/ppma_author?post=85663"}],"curies":[{"name":"wp","href":"https:\/\/api.w.org\/{rel}","templated":true}]}}