{"id":85548,"date":"2024-05-17T12:39:01","date_gmt":"2024-05-17T09:39:01","guid":{"rendered":"https:\/\/buletin.de\/bucuresti\/?p=85548"},"modified":"2024-05-17T12:39:02","modified_gmt":"2024-05-17T09:39:02","slug":"simfonia-apei-restrictioneaza-traficul-in-zona-piata-unirii-in-fiecare-weekend-pana-in-septembrie","status":"publish","type":"post","link":"https:\/\/buletin.de\/bucuresti\/simfonia-apei-restrictioneaza-traficul-in-zona-piata-unirii-in-fiecare-weekend-pana-in-septembrie\/","title":{"rendered":"\u201eSimfonia Apei&#8221; restric\u021bioneaz\u0103 traficul \u00een zona Pia\u021ba Unirii, \u00een fiecare weekend, p\u00e2n\u0103 \u00een septembrie"},"content":{"rendered":"\n<p><strong>Brigada Rutier\u0103 anun\u021b\u0103  restric\u021bii  de circula\u021bie pentru desf\u0103\u0219urarea evenimentului \u201eSimfonia Apei\u201d. M\u0103sura va fi men\u021binut\u0103 p\u00e2n\u0103 \u00een luna septembrie.<\/strong><\/p>\n\n\n\n<p><strong>\u201eSimfonia Apei\u201d<\/strong> se desf\u0103\u0219oar\u0103 \u00een perioada <strong>17 mai \u2013 29 septembrie<\/strong>, \u00een zilele de <strong>vineri, s\u00e2mb\u0103t\u0103 \u0219i duminic\u0103<\/strong>, cu <strong>excep\u021bia <\/strong>zilelor de 28-29 iunie  \u0219i 14-15 septembrie, \u00een zona <strong>Pia\u021ba Unirii \u2013 zona f\u00e2nt\u00e2ni, <\/strong>dup\u0103 cum urmeaz\u0103:<\/p>\n\n\n\n<ul class=\"wp-block-list\">\n<li>\u00eentre <strong>orele 20.30 \u2013 22.30 <\/strong>\u00een <strong>lunile mai \u0219i august;<\/strong><\/li>\n\n\n\n<li>\u00eentre <strong>orele 21.00 \u2013 23.00 <\/strong>\u00een <strong>lunile iunie \u0219i iulie;<\/strong><\/li>\n\n\n\n<li>\u00eentre <strong>orele 19.30 \u2013 21.30 <\/strong>\u00een <strong>luna septembrie.<\/strong><\/li>\n<\/ul>\n\n\n\n<p>\u00cen aceste perioade, se va restric\u021biona traficul rutier, gradual, \u00een func\u021bie de num\u0103rul de persoane, pe <strong>Bd. Unirii, <\/strong>segmentul cuprins \u00eentre Bd. Dimitrie Cantemir \u0219i Splaiul Independen\u021bei (zona f\u00e2nt\u00e2ni), f\u0103r\u0103 afectarea intersec\u021biilor.<\/p>\n\n\n\n<p>Poli\u021bia rutier\u0103 recomand\u0103 rute ocolitoare:<\/p>\n\n\n\n<ul class=\"wp-block-list\">\n<li>Spl. Independen\u021bei;<\/li>\n\n\n\n<li>Pia\u021ba Unirii;<\/li>\n\n\n\n<li>Bd. Corneliu Coposu;<\/li>\n\n\n\n<li>Bd. Regina Maria \u2013 Pia\u021ba Unirii \u2013 Spl. Unirii;<br>Bd. Dimitrie Cantemir \u2013 Pasaj Unirii \u2013 Pia\u021ba Universit\u0103\u021bii.<\/li>\n<\/ul>\n\n\n\n<p>Brigada Rutier\u0103 solicit\u0103 conduc\u0103torilor de autovehicule s\u0103 circule cu pruden\u021b\u0103, s\u0103 p\u0103streze o distan\u021b\u0103 suficient\u0103 pentru a putea fr\u00e2na \u00een condi\u021bii de siguran\u021b\u0103, s\u0103 nu opreasc\u0103 ori s\u0103 sta\u021bioneze dec\u00e2t \u00een locurile special amenajate \u0219i s\u0103 respecte semnalele \u0219i indica\u021biile poli\u021bi\u0219tilor rutieri.<\/p>\n\n\n\n<p><strong>CITE\u0218TE \u0218I:<\/strong><\/p>\n\n\n\n<figure class=\"wp-block-embed is-type-wp-embed is-provider-buletin-de-bucure-ti wp-block-embed-buletin-de-bucure-ti\"><div class=\"wp-block-embed__wrapper\">\n<blockquote class=\"wp-embedded-content\" data-secret=\"5VAqoBOqVk\"><a href=\"https:\/\/buletin.de\/bucuresti\/linie-speciala-stb-pentru-noaptea-muzeelor\/\">Linie special\u0103 STB pentru \u201eNoaptea Muzeelor\u201d<\/a><\/blockquote><iframe class=\"wp-embedded-content\" sandbox=\"allow-scripts\" security=\"restricted\" style=\"position: absolute; clip: rect(1px, 1px, 1px, 1px);\" title=\"&#8220;Linie special\u0103 STB pentru \u201eNoaptea Muzeelor\u201d&#8221; &#8212; Buletin de Bucure\u0219ti\" src=\"https:\/\/buletin.de\/bucuresti\/linie-speciala-stb-pentru-noaptea-muzeelor\/embed\/#?secret=6uvHnMVtGX#?secret=5VAqoBOqVk\" data-secret=\"5VAqoBOqVk\" width=\"600\" height=\"338\" frameborder=\"0\" marginwidth=\"0\" marginheight=\"0\" scrolling=\"no\"><\/iframe>\n<\/div><\/figure>\n","protected":false},"excerpt":{"rendered":"<p>Brigada Rutier\u0103 anun\u021b\u0103 restric\u021bii de circula\u021bie pentru desf\u0103\u0219urarea evenimentului \u201eSimfonia Apei\u201d. M\u0103sura va fi men\u021binut\u0103 p\u00e2n\u0103 \u00een luna septembrie. \u201eSimfonia Apei\u201d se desf\u0103\u0219oar\u0103 \u00een perioada 17 mai \u2013 29 septembrie, \u00een zilele de vineri, s\u00e2mb\u0103t\u0103 \u0219i duminic\u0103, cu excep\u021bia zilelor de 28-29 iunie \u0219i 14-15 septembrie, \u00een zona Pia\u021ba Unirii \u2013 zona f\u00e2nt\u00e2ni, dup\u0103 cum [&hellip;]<\/p>\n","protected":false},"author":49,"featured_media":85550,"comment_status":"closed","ping_status":"open","sticky":false,"template":"","format":"standard","meta":{"_acf_changed":false,"inline_featured_image":false,"ngg_post_thumbnail":0,"footnotes":""},"categories":[6994,5762,650],"tags":[11953,6932,11952],"ppma_author":[22574],"class_list":["post-85548","post","type-post","status-publish","format-standard","has-post-thumbnail","hentry","category-stiri-2","category-main","category-transport","tag-piata-unirii-zona-fantani","tag-simfonia-apei","tag-trafic-restrictionat-piata-unirii"],"acf":[],"yoast_head":"<!-- This site is optimized with the Yoast SEO Premium plugin v25.3 (Yoast SEO v27.4) - https:\/\/yoast.com\/product\/yoast-seo-premium-wordpress\/ -->\n<title>\u201eSimfonia Apei&quot; restric\u021bioneaz\u0103 traficul \u00een zona Pia\u021ba Unirii, \u00een fiecare weekend, p\u00e2n\u0103 \u00een septembrie - Buletin de Bucure\u0219ti<\/title>\n<meta name=\"robots\" content=\"index, follow, max-snippet:-1, max-image-preview:large, max-video-preview:-1\" \/>\n<link rel=\"canonical\" href=\"https:\/\/buletin.de\/bucuresti\/simfonia-apei-restrictioneaza-traficul-in-zona-piata-unirii-in-fiecare-weekend-pana-in-septembrie\/\" \/>\n<meta property=\"og:locale\" content=\"en_GB\" \/>\n<meta property=\"og:type\" content=\"article\" \/>\n<meta property=\"og:title\" content=\"\u201eSimfonia Apei&quot; restric\u021bioneaz\u0103 traficul \u00een zona Pia\u021ba Unirii, \u00een fiecare weekend, p\u00e2n\u0103 \u00een septembrie\" \/>\n<meta property=\"og:description\" content=\"Brigada Rutier\u0103 anun\u021b\u0103 restric\u021bii de circula\u021bie pentru desf\u0103\u0219urarea evenimentului \u201eSimfonia Apei\u201d. M\u0103sura va fi men\u021binut\u0103 p\u00e2n\u0103 \u00een luna septembrie. \u201eSimfonia Apei\u201d se desf\u0103\u0219oar\u0103 \u00een perioada 17 mai \u2013 29 septembrie, \u00een zilele de vineri, s\u00e2mb\u0103t\u0103 \u0219i duminic\u0103, cu excep\u021bia zilelor de 28-29 iunie \u0219i 14-15 septembrie, \u00een zona Pia\u021ba Unirii \u2013 zona f\u00e2nt\u00e2ni, dup\u0103 cum [&hellip;]\" \/>\n<meta property=\"og:url\" content=\"https:\/\/buletin.de\/bucuresti\/simfonia-apei-restrictioneaza-traficul-in-zona-piata-unirii-in-fiecare-weekend-pana-in-septembrie\/\" \/>\n<meta property=\"og:site_name\" content=\"Buletin de Bucure\u0219ti\" \/>\n<meta property=\"article:publisher\" content=\"https:\/\/www.facebook.com\/buletin.de.buc\" \/>\n<meta property=\"article:published_time\" content=\"2024-05-17T09:39:01+00:00\" \/>\n<meta property=\"article:modified_time\" content=\"2024-05-17T09:39:02+00:00\" \/>\n<meta property=\"og:image\" content=\"https:\/\/buletin.de\/bucuresti\/wp-content\/uploads\/simfonia-apei-revine-19-mai-2023-centru-bucuresti-program-spectacole-834405.jpg\" \/>\n\t<meta property=\"og:image:width\" content=\"970\" \/>\n\t<meta property=\"og:image:height\" content=\"565\" \/>\n\t<meta property=\"og:image:type\" content=\"image\/jpeg\" \/>\n<meta name=\"author\" content=\"Diana Matei\" \/>\n<meta name=\"twitter:card\" content=\"summary_large_image\" \/>\n<meta name=\"twitter:label1\" content=\"Written by\" \/>\n\t<meta name=\"twitter:data1\" content=\"Diana Matei\" \/>\n\t<meta name=\"twitter:label2\" content=\"Estimated reading time\" \/>\n\t<meta name=\"twitter:data2\" content=\"1 minute\" \/>\n<script type=\"application\/ld+json\" class=\"yoast-schema-graph\">{\"@context\":\"https:\\\/\\\/schema.org\",\"@graph\":[{\"@type\":\"Article\",\"@id\":\"https:\\\/\\\/buletin.de\\\/bucuresti\\\/simfonia-apei-restrictioneaza-traficul-in-zona-piata-unirii-in-fiecare-weekend-pana-in-septembrie\\\/#article\",\"isPartOf\":{\"@id\":\"https:\\\/\\\/buletin.de\\\/bucuresti\\\/simfonia-apei-restrictioneaza-traficul-in-zona-piata-unirii-in-fiecare-weekend-pana-in-septembrie\\\/\"},\"author\":{\"name\":\"Diana Matei\",\"@id\":\"https:\\\/\\\/buletin.de\\\/bucuresti\\\/#\\\/schema\\\/person\\\/7e46040573290777280a0835d81ea4ea\"},\"headline\":\"\u201eSimfonia Apei&#8221; restric\u021bioneaz\u0103 traficul \u00een zona Pia\u021ba Unirii, \u00een fiecare weekend, p\u00e2n\u0103 \u00een septembrie\",\"datePublished\":\"2024-05-17T09:39:01+00:00\",\"dateModified\":\"2024-05-17T09:39:02+00:00\",\"mainEntityOfPage\":{\"@id\":\"https:\\\/\\\/buletin.de\\\/bucuresti\\\/simfonia-apei-restrictioneaza-traficul-in-zona-piata-unirii-in-fiecare-weekend-pana-in-septembrie\\\/\"},\"wordCount\":232,\"publisher\":{\"@id\":\"https:\\\/\\\/buletin.de\\\/bucuresti\\\/#organization\"},\"image\":{\"@id\":\"https:\\\/\\\/buletin.de\\\/bucuresti\\\/simfonia-apei-restrictioneaza-traficul-in-zona-piata-unirii-in-fiecare-weekend-pana-in-septembrie\\\/#primaryimage\"},\"thumbnailUrl\":\"https:\\\/\\\/buletin.de\\\/bucuresti\\\/wp-content\\\/uploads\\\/simfonia-apei-revine-19-mai-2023-centru-bucuresti-program-spectacole-834405.jpg\",\"keywords\":[\"Pia\u021ba Unirii \u2013 zona f\u00e2nt\u00e2ni\",\"simfonia apei\",\"trafic restrictionat Piata Unirii\"],\"articleSection\":[\"Articole\",\"Main\",\"Transport\"],\"inLanguage\":\"en-GB\",\"copyrightYear\":\"2024\",\"copyrightHolder\":{\"@id\":\"https:\\\/\\\/buletin.de\\\/bucuresti\\\/#organization\"}},{\"@type\":\"WebPage\",\"@id\":\"https:\\\/\\\/buletin.de\\\/bucuresti\\\/simfonia-apei-restrictioneaza-traficul-in-zona-piata-unirii-in-fiecare-weekend-pana-in-septembrie\\\/\",\"url\":\"https:\\\/\\\/buletin.de\\\/bucuresti\\\/simfonia-apei-restrictioneaza-traficul-in-zona-piata-unirii-in-fiecare-weekend-pana-in-septembrie\\\/\",\"name\":\"\u201eSimfonia Apei\\\" restric\u021bioneaz\u0103 traficul \u00een zona Pia\u021ba Unirii, \u00een fiecare weekend, p\u00e2n\u0103 \u00een septembrie - Buletin de Bucure\u0219ti\",\"isPartOf\":{\"@id\":\"https:\\\/\\\/buletin.de\\\/bucuresti\\\/#website\"},\"primaryImageOfPage\":{\"@id\":\"https:\\\/\\\/buletin.de\\\/bucuresti\\\/simfonia-apei-restrictioneaza-traficul-in-zona-piata-unirii-in-fiecare-weekend-pana-in-septembrie\\\/#primaryimage\"},\"image\":{\"@id\":\"https:\\\/\\\/buletin.de\\\/bucuresti\\\/simfonia-apei-restrictioneaza-traficul-in-zona-piata-unirii-in-fiecare-weekend-pana-in-septembrie\\\/#primaryimage\"},\"thumbnailUrl\":\"https:\\\/\\\/buletin.de\\\/bucuresti\\\/wp-content\\\/uploads\\\/simfonia-apei-revine-19-mai-2023-centru-bucuresti-program-spectacole-834405.jpg\",\"datePublished\":\"2024-05-17T09:39:01+00:00\",\"dateModified\":\"2024-05-17T09:39:02+00:00\",\"breadcrumb\":{\"@id\":\"https:\\\/\\\/buletin.de\\\/bucuresti\\\/simfonia-apei-restrictioneaza-traficul-in-zona-piata-unirii-in-fiecare-weekend-pana-in-septembrie\\\/#breadcrumb\"},\"inLanguage\":\"en-GB\",\"potentialAction\":[{\"@type\":\"ReadAction\",\"target\":[\"https:\\\/\\\/buletin.de\\\/bucuresti\\\/simfonia-apei-restrictioneaza-traficul-in-zona-piata-unirii-in-fiecare-weekend-pana-in-septembrie\\\/\"]}]},{\"@type\":\"ImageObject\",\"inLanguage\":\"en-GB\",\"@id\":\"https:\\\/\\\/buletin.de\\\/bucuresti\\\/simfonia-apei-restrictioneaza-traficul-in-zona-piata-unirii-in-fiecare-weekend-pana-in-septembrie\\\/#primaryimage\",\"url\":\"https:\\\/\\\/buletin.de\\\/bucuresti\\\/wp-content\\\/uploads\\\/simfonia-apei-revine-19-mai-2023-centru-bucuresti-program-spectacole-834405.jpg\",\"contentUrl\":\"https:\\\/\\\/buletin.de\\\/bucuresti\\\/wp-content\\\/uploads\\\/simfonia-apei-revine-19-mai-2023-centru-bucuresti-program-spectacole-834405.jpg\",\"width\":970,\"height\":565,\"caption\":\"Simfonia Apei, ultima lun\u0103 de show-uri de ap\u0103, muzic\u0103 \u0219i lumin\u0103. FOTO: Arhiva\"},{\"@type\":\"BreadcrumbList\",\"@id\":\"https:\\\/\\\/buletin.de\\\/bucuresti\\\/simfonia-apei-restrictioneaza-traficul-in-zona-piata-unirii-in-fiecare-weekend-pana-in-septembrie\\\/#breadcrumb\",\"itemListElement\":[{\"@type\":\"ListItem\",\"position\":1,\"name\":\"Acas\u0103\",\"item\":\"https:\\\/\\\/buletin.de\\\/bucuresti\\\/\"},{\"@type\":\"ListItem\",\"position\":2,\"name\":\"\u201eSimfonia Apei&#8221; restric\u021bioneaz\u0103 traficul \u00een zona Pia\u021ba Unirii, \u00een fiecare weekend, p\u00e2n\u0103 \u00een septembrie\"}]},{\"@type\":\"WebSite\",\"@id\":\"https:\\\/\\\/buletin.de\\\/bucuresti\\\/#website\",\"url\":\"https:\\\/\\\/buletin.de\\\/bucuresti\\\/\",\"name\":\"Buletin de Bucure\u0219ti\",\"description\":\"\u0218tiri \u0219i investiga\u021bii esen\u021biale din capital\u0103\",\"publisher\":{\"@id\":\"https:\\\/\\\/buletin.de\\\/bucuresti\\\/#organization\"},\"potentialAction\":[{\"@type\":\"SearchAction\",\"target\":{\"@type\":\"EntryPoint\",\"urlTemplate\":\"https:\\\/\\\/buletin.de\\\/bucuresti\\\/?s={search_term_string}\"},\"query-input\":{\"@type\":\"PropertyValueSpecification\",\"valueRequired\":true,\"valueName\":\"search_term_string\"}}],\"inLanguage\":\"en-GB\"},{\"@type\":\"Organization\",\"@id\":\"https:\\\/\\\/buletin.de\\\/bucuresti\\\/#organization\",\"name\":\"Buletin de Bucure\u0219ti\",\"url\":\"https:\\\/\\\/buletin.de\\\/bucuresti\\\/\",\"logo\":{\"@type\":\"ImageObject\",\"inLanguage\":\"en-GB\",\"@id\":\"https:\\\/\\\/buletin.de\\\/bucuresti\\\/#\\\/schema\\\/logo\\\/image\\\/\",\"url\":\"https:\\\/\\\/buletin.de\\\/bucuresti\\\/wp-content\\\/uploads\\\/logo-bdb-full-wide-vernil-transparent.png\",\"contentUrl\":\"https:\\\/\\\/buletin.de\\\/bucuresti\\\/wp-content\\\/uploads\\\/logo-bdb-full-wide-vernil-transparent.png\",\"width\":1782,\"height\":626,\"caption\":\"Buletin de Bucure\u0219ti\"},\"image\":{\"@id\":\"https:\\\/\\\/buletin.de\\\/bucuresti\\\/#\\\/schema\\\/logo\\\/image\\\/\"},\"sameAs\":[\"https:\\\/\\\/www.facebook.com\\\/buletin.de.buc\",\"https:\\\/\\\/www.instagram.com\\\/buletinde.bucuresti\\\/\"]},{\"@type\":\"Person\",\"@id\":\"https:\\\/\\\/buletin.de\\\/bucuresti\\\/#\\\/schema\\\/person\\\/7e46040573290777280a0835d81ea4ea\",\"name\":\"Diana Matei\",\"image\":{\"@type\":\"ImageObject\",\"inLanguage\":\"en-GB\",\"@id\":\"https:\\\/\\\/buletin.de\\\/bucuresti\\\/wp-content\\\/uploads\\\/9-2-96x96.jpg1e8590b30871d70e62ebcdaf2eff570c\",\"url\":\"https:\\\/\\\/buletin.de\\\/bucuresti\\\/wp-content\\\/uploads\\\/9-2-96x96.jpg\",\"contentUrl\":\"https:\\\/\\\/buletin.de\\\/bucuresti\\\/wp-content\\\/uploads\\\/9-2-96x96.jpg\",\"caption\":\"Diana Matei\"},\"url\":\"https:\\\/\\\/buletin.de\\\/bucuresti\\\/author\\\/dianamatei\\\/\"}]}<\/script>\n<!-- \/ Yoast SEO Premium plugin. -->","yoast_head_json":{"title":"\u201eSimfonia Apei\" restric\u021bioneaz\u0103 traficul \u00een zona Pia\u021ba Unirii, \u00een fiecare weekend, p\u00e2n\u0103 \u00een septembrie - Buletin de Bucure\u0219ti","robots":{"index":"index","follow":"follow","max-snippet":"max-snippet:-1","max-image-preview":"max-image-preview:large","max-video-preview":"max-video-preview:-1"},"canonical":"https:\/\/buletin.de\/bucuresti\/simfonia-apei-restrictioneaza-traficul-in-zona-piata-unirii-in-fiecare-weekend-pana-in-septembrie\/","og_locale":"en_GB","og_type":"article","og_title":"\u201eSimfonia Apei\" restric\u021bioneaz\u0103 traficul \u00een zona Pia\u021ba Unirii, \u00een fiecare weekend, p\u00e2n\u0103 \u00een septembrie","og_description":"Brigada Rutier\u0103 anun\u021b\u0103 restric\u021bii de circula\u021bie pentru desf\u0103\u0219urarea evenimentului \u201eSimfonia Apei\u201d. M\u0103sura va fi men\u021binut\u0103 p\u00e2n\u0103 \u00een luna septembrie. \u201eSimfonia Apei\u201d se desf\u0103\u0219oar\u0103 \u00een perioada 17 mai \u2013 29 septembrie, \u00een zilele de vineri, s\u00e2mb\u0103t\u0103 \u0219i duminic\u0103, cu excep\u021bia zilelor de 28-29 iunie \u0219i 14-15 septembrie, \u00een zona Pia\u021ba Unirii \u2013 zona f\u00e2nt\u00e2ni, dup\u0103 cum [&hellip;]","og_url":"https:\/\/buletin.de\/bucuresti\/simfonia-apei-restrictioneaza-traficul-in-zona-piata-unirii-in-fiecare-weekend-pana-in-septembrie\/","og_site_name":"Buletin de Bucure\u0219ti","article_publisher":"https:\/\/www.facebook.com\/buletin.de.buc","article_published_time":"2024-05-17T09:39:01+00:00","article_modified_time":"2024-05-17T09:39:02+00:00","og_image":[{"width":970,"height":565,"url":"https:\/\/buletin.de\/bucuresti\/wp-content\/uploads\/simfonia-apei-revine-19-mai-2023-centru-bucuresti-program-spectacole-834405.jpg","type":"image\/jpeg"}],"author":"Diana Matei","twitter_card":"summary_large_image","twitter_misc":{"Written by":"Diana Matei","Estimated reading time":"1 minute"},"schema":{"@context":"https:\/\/schema.org","@graph":[{"@type":"Article","@id":"https:\/\/buletin.de\/bucuresti\/simfonia-apei-restrictioneaza-traficul-in-zona-piata-unirii-in-fiecare-weekend-pana-in-septembrie\/#article","isPartOf":{"@id":"https:\/\/buletin.de\/bucuresti\/simfonia-apei-restrictioneaza-traficul-in-zona-piata-unirii-in-fiecare-weekend-pana-in-septembrie\/"},"author":{"name":"Diana Matei","@id":"https:\/\/buletin.de\/bucuresti\/#\/schema\/person\/7e46040573290777280a0835d81ea4ea"},"headline":"\u201eSimfonia Apei&#8221; restric\u021bioneaz\u0103 traficul \u00een zona Pia\u021ba Unirii, \u00een fiecare weekend, p\u00e2n\u0103 \u00een septembrie","datePublished":"2024-05-17T09:39:01+00:00","dateModified":"2024-05-17T09:39:02+00:00","mainEntityOfPage":{"@id":"https:\/\/buletin.de\/bucuresti\/simfonia-apei-restrictioneaza-traficul-in-zona-piata-unirii-in-fiecare-weekend-pana-in-septembrie\/"},"wordCount":232,"publisher":{"@id":"https:\/\/buletin.de\/bucuresti\/#organization"},"image":{"@id":"https:\/\/buletin.de\/bucuresti\/simfonia-apei-restrictioneaza-traficul-in-zona-piata-unirii-in-fiecare-weekend-pana-in-septembrie\/#primaryimage"},"thumbnailUrl":"https:\/\/buletin.de\/bucuresti\/wp-content\/uploads\/simfonia-apei-revine-19-mai-2023-centru-bucuresti-program-spectacole-834405.jpg","keywords":["Pia\u021ba Unirii \u2013 zona f\u00e2nt\u00e2ni","simfonia apei","trafic restrictionat Piata Unirii"],"articleSection":["Articole","Main","Transport"],"inLanguage":"en-GB","copyrightYear":"2024","copyrightHolder":{"@id":"https:\/\/buletin.de\/bucuresti\/#organization"}},{"@type":"WebPage","@id":"https:\/\/buletin.de\/bucuresti\/simfonia-apei-restrictioneaza-traficul-in-zona-piata-unirii-in-fiecare-weekend-pana-in-septembrie\/","url":"https:\/\/buletin.de\/bucuresti\/simfonia-apei-restrictioneaza-traficul-in-zona-piata-unirii-in-fiecare-weekend-pana-in-septembrie\/","name":"\u201eSimfonia Apei\" restric\u021bioneaz\u0103 traficul \u00een zona Pia\u021ba Unirii, \u00een fiecare weekend, p\u00e2n\u0103 \u00een septembrie - Buletin de Bucure\u0219ti","isPartOf":{"@id":"https:\/\/buletin.de\/bucuresti\/#website"},"primaryImageOfPage":{"@id":"https:\/\/buletin.de\/bucuresti\/simfonia-apei-restrictioneaza-traficul-in-zona-piata-unirii-in-fiecare-weekend-pana-in-septembrie\/#primaryimage"},"image":{"@id":"https:\/\/buletin.de\/bucuresti\/simfonia-apei-restrictioneaza-traficul-in-zona-piata-unirii-in-fiecare-weekend-pana-in-septembrie\/#primaryimage"},"thumbnailUrl":"https:\/\/buletin.de\/bucuresti\/wp-content\/uploads\/simfonia-apei-revine-19-mai-2023-centru-bucuresti-program-spectacole-834405.jpg","datePublished":"2024-05-17T09:39:01+00:00","dateModified":"2024-05-17T09:39:02+00:00","breadcrumb":{"@id":"https:\/\/buletin.de\/bucuresti\/simfonia-apei-restrictioneaza-traficul-in-zona-piata-unirii-in-fiecare-weekend-pana-in-septembrie\/#breadcrumb"},"inLanguage":"en-GB","potentialAction":[{"@type":"ReadAction","target":["https:\/\/buletin.de\/bucuresti\/simfonia-apei-restrictioneaza-traficul-in-zona-piata-unirii-in-fiecare-weekend-pana-in-septembrie\/"]}]},{"@type":"ImageObject","inLanguage":"en-GB","@id":"https:\/\/buletin.de\/bucuresti\/simfonia-apei-restrictioneaza-traficul-in-zona-piata-unirii-in-fiecare-weekend-pana-in-septembrie\/#primaryimage","url":"https:\/\/buletin.de\/bucuresti\/wp-content\/uploads\/simfonia-apei-revine-19-mai-2023-centru-bucuresti-program-spectacole-834405.jpg","contentUrl":"https:\/\/buletin.de\/bucuresti\/wp-content\/uploads\/simfonia-apei-revine-19-mai-2023-centru-bucuresti-program-spectacole-834405.jpg","width":970,"height":565,"caption":"Simfonia Apei, ultima lun\u0103 de show-uri de ap\u0103, muzic\u0103 \u0219i lumin\u0103. FOTO: Arhiva"},{"@type":"BreadcrumbList","@id":"https:\/\/buletin.de\/bucuresti\/simfonia-apei-restrictioneaza-traficul-in-zona-piata-unirii-in-fiecare-weekend-pana-in-septembrie\/#breadcrumb","itemListElement":[{"@type":"ListItem","position":1,"name":"Acas\u0103","item":"https:\/\/buletin.de\/bucuresti\/"},{"@type":"ListItem","position":2,"name":"\u201eSimfonia Apei&#8221; restric\u021bioneaz\u0103 traficul \u00een zona Pia\u021ba Unirii, \u00een fiecare weekend, p\u00e2n\u0103 \u00een septembrie"}]},{"@type":"WebSite","@id":"https:\/\/buletin.de\/bucuresti\/#website","url":"https:\/\/buletin.de\/bucuresti\/","name":"Buletin de Bucure\u0219ti","description":"\u0218tiri \u0219i investiga\u021bii esen\u021biale din capital\u0103","publisher":{"@id":"https:\/\/buletin.de\/bucuresti\/#organization"},"potentialAction":[{"@type":"SearchAction","target":{"@type":"EntryPoint","urlTemplate":"https:\/\/buletin.de\/bucuresti\/?s={search_term_string}"},"query-input":{"@type":"PropertyValueSpecification","valueRequired":true,"valueName":"search_term_string"}}],"inLanguage":"en-GB"},{"@type":"Organization","@id":"https:\/\/buletin.de\/bucuresti\/#organization","name":"Buletin de Bucure\u0219ti","url":"https:\/\/buletin.de\/bucuresti\/","logo":{"@type":"ImageObject","inLanguage":"en-GB","@id":"https:\/\/buletin.de\/bucuresti\/#\/schema\/logo\/image\/","url":"https:\/\/buletin.de\/bucuresti\/wp-content\/uploads\/logo-bdb-full-wide-vernil-transparent.png","contentUrl":"https:\/\/buletin.de\/bucuresti\/wp-content\/uploads\/logo-bdb-full-wide-vernil-transparent.png","width":1782,"height":626,"caption":"Buletin de Bucure\u0219ti"},"image":{"@id":"https:\/\/buletin.de\/bucuresti\/#\/schema\/logo\/image\/"},"sameAs":["https:\/\/www.facebook.com\/buletin.de.buc","https:\/\/www.instagram.com\/buletinde.bucuresti\/"]},{"@type":"Person","@id":"https:\/\/buletin.de\/bucuresti\/#\/schema\/person\/7e46040573290777280a0835d81ea4ea","name":"Diana Matei","image":{"@type":"ImageObject","inLanguage":"en-GB","@id":"https:\/\/buletin.de\/bucuresti\/wp-content\/uploads\/9-2-96x96.jpg1e8590b30871d70e62ebcdaf2eff570c","url":"https:\/\/buletin.de\/bucuresti\/wp-content\/uploads\/9-2-96x96.jpg","contentUrl":"https:\/\/buletin.de\/bucuresti\/wp-content\/uploads\/9-2-96x96.jpg","caption":"Diana Matei"},"url":"https:\/\/buletin.de\/bucuresti\/author\/dianamatei\/"}]}},"authors":[{"term_id":22574,"user_id":49,"is_guest":0,"slug":"dianamatei","display_name":"Diana Matei","avatar_url":"https:\/\/buletin.de\/bucuresti\/wp-content\/uploads\/9-2-96x96.jpg","0":null,"1":"","2":"","3":"","4":"","5":"","6":"","7":"","8":""}],"_links":{"self":[{"href":"https:\/\/buletin.de\/bucuresti\/wp-json\/wp\/v2\/posts\/85548","targetHints":{"allow":["GET"]}}],"collection":[{"href":"https:\/\/buletin.de\/bucuresti\/wp-json\/wp\/v2\/posts"}],"about":[{"href":"https:\/\/buletin.de\/bucuresti\/wp-json\/wp\/v2\/types\/post"}],"author":[{"embeddable":true,"href":"https:\/\/buletin.de\/bucuresti\/wp-json\/wp\/v2\/users\/49"}],"replies":[{"embeddable":true,"href":"https:\/\/buletin.de\/bucuresti\/wp-json\/wp\/v2\/comments?post=85548"}],"version-history":[{"count":1,"href":"https:\/\/buletin.de\/bucuresti\/wp-json\/wp\/v2\/posts\/85548\/revisions"}],"predecessor-version":[{"id":85549,"href":"https:\/\/buletin.de\/bucuresti\/wp-json\/wp\/v2\/posts\/85548\/revisions\/85549"}],"wp:featuredmedia":[{"embeddable":true,"href":"https:\/\/buletin.de\/bucuresti\/wp-json\/wp\/v2\/media\/85550"}],"wp:attachment":[{"href":"https:\/\/buletin.de\/bucuresti\/wp-json\/wp\/v2\/media?parent=85548"}],"wp:term":[{"taxonomy":"category","embeddable":true,"href":"https:\/\/buletin.de\/bucuresti\/wp-json\/wp\/v2\/categories?post=85548"},{"taxonomy":"post_tag","embeddable":true,"href":"https:\/\/buletin.de\/bucuresti\/wp-json\/wp\/v2\/tags?post=85548"},{"taxonomy":"author","embeddable":true,"href":"https:\/\/buletin.de\/bucuresti\/wp-json\/wp\/v2\/ppma_author?post=85548"}],"curies":[{"name":"wp","href":"https:\/\/api.w.org\/{rel}","templated":true}]}}